{"id":982,"date":"2024-07-16T01:59:48","date_gmt":"2024-07-16T01:59:48","guid":{"rendered":"https:\/\/garageblogec.com\/?p=982"},"modified":"2024-07-16T02:01:15","modified_gmt":"2024-07-16T02:01:15","slug":"autoshow-2024-renault-presento-su-portafolio-de-vehiculos","status":"publish","type":"post","link":"https:\/\/garageblogec.com\/?p=982","title":{"rendered":"AutoShow 2024: Renault presento su portafolio de veh\u00edculos"},"content":{"rendered":"\n<p>Renault, con 25 a\u00f1os de presencia en Ecuador, sorprendi\u00f3 a los asistentes de la inauguraci\u00f3n del Autoshow 2024 en el Centro de Exposiciones Sim\u00f3n Bol\u00edvar de Guayaquil con su portafolio completo. El evento, que se llev\u00f3 a cabo el 9 de julio, estuvo abierto al p\u00fablico hasta el 14 de julio. La marca francesa, conocida por su participaci\u00f3n en la F\u00f3rmula 1, comunic\u00f3 sobre su crecimiento sostenido en el mercado ecuatoriano y present\u00f3 el Duster Iconic, la nueva versi\u00f3n del SUV m\u00e1s vendido en el pa\u00eds.<\/p>\n\n\n\n<p>Fue as\u00ed que, Pablo Ubidia, director comercial de Renault, anunci\u00f3 en la inauguraci\u00f3n de la feria que la marca se ubica en la s\u00e9ptima posici\u00f3n en la competitiva industria automotriz del pa\u00eds. <strong><em>\u00abLos 125 a\u00f1os de experiencia global y nuestra presencia en Ecuador, nos mantiene en el top 10 de las marcas preferidas por los ecuatorianos\u00bb.<\/em><\/strong><\/p>\n\n\n\n<p>La expectativa cautiv\u00f3 a los presentes cuando Pablo Ubidia revel\u00f3: <strong><em>\u00abHoy les presentamos al Duster Iconic, con una serie de emocionantes mejoras que prometen llevar la experiencia de conducci\u00f3n a un nivel superior\u201d.<\/em><\/strong> Esta opci\u00f3n de movilidad tiene una trayectoria de 12 a\u00f1os en Ecuador y est\u00e1 disponible en las versiones <strong>Iconic 1.3 Turbo 4X2 AT y el Iconic 1.3 Turbo 4X4 TM<\/strong>, con caracter\u00edsticas avanzadas que seguramente emocionar\u00e1n a los conductores m\u00e1s aventureros.<\/p>\n\n\n\n<figure class=\"wp-block-image\"><img decoding=\"async\" src=\"https:\/\/lh7-us.googleusercontent.com\/docsz\/AD_4nXeiz05ZDNJDP3BETttMAlbYV81mssQdDGBIB_NFzkOSIZzBVGiqmm16qSZKylXFupXW8jZjwYhHN4F21FDvo4KtukF7OAzmC2oKh2if_EsYq2EKPDD2HA-JbKPBi368SaWrzI7ZYaNDVnqymzdGfX9AzxhsIfH-gP_2mc--Sp_hj5-ReO_jnA?key=8MKkaUJ8UXFFJP0Pj1YG2Q\" alt=\"\"\/><\/figure>\n\n\n\n<p><strong>Duster Iconic<\/strong><\/p>\n\n\n\n<p>Adem\u00e1s, se comunic\u00f3 que <strong>la provincia de Guayas se ha convertido en el segundo mercado m\u00e1s importante a nivel nacional para la marca<\/strong>. Y que el \u00e9xito se debe a que los veh\u00edculos Renault son: <strong>veh\u00edculos dise\u00f1ados espec\u00edficamente para los desaf\u00edos del terreno ecuatoriano, con caracter\u00edsticas \u00fanicas como protectores de c\u00e1rter reforzados, 6 air bags, amplio espacio interior y una altura al piso superior.<\/strong><\/p>\n\n\n\n<figure class=\"wp-block-image\"><img decoding=\"async\" src=\"https:\/\/lh7-us.googleusercontent.com\/docsz\/AD_4nXdbiuWOhC8rVYQ9fcACSMfYl0mrvqqU_7FyyPq6XwesXeYeSWJ0dzBq_Ef85mPVSyZcxnsobSpyoUHryuzIvtXVVMkWnp_2qh3JdYLrmaHDdaGMcrz3OCBuRETqRC7ZRtAqZ8tup1PyPGfXGamO-wdhAwfVdl5y2125AtJAsAjxAxh3pGDhck0?key=8MKkaUJ8UXFFJP0Pj1YG2Q\" alt=\"\"\/><\/figure>\n\n\n\n<p>En cuanto al servicio posventa, se mencion\u00f3 que han alcanzado un resultado en<strong> satisfacci\u00f3n del cliente<\/strong>, gracias a la constante <strong>inversi\u00f3n en infraestructura, herramientas y equipos tecnol\u00f3gicos, adem\u00e1s de disponer de un ampllio stock de repuestos en el pa\u00eds, estandarizar procesos a nivel regional y por supuesto, en hacer especial enf\u00e1sis en la formaci\u00f3n de t\u00e9cnicos en la exclusiva Renault Academy (RAC).<\/strong><\/p>\n\n\n\n<p>Como parte de las novedades de Renault en el Autoshow, se exhibi\u00f3 en exclusiva la actualizada colecci\u00f3n de <strong><em>Boutique Alpine F1 Team 2024<\/em><\/strong>, una l\u00ednea de productos que incluye <strong>camisetas, chalecos, chaquetas y mochilas<\/strong>, prometiendo convertirse en los favoritos de los fan\u00e1ticos de la F\u00f3rmula 1. Adem\u00e1s, como s\u00edmbolo de su pasi\u00f3n por la velocidad, estuvieron presentes el <strong>equipo Altaturis Rally y el emblem\u00e1tico Clio Rally 4.<\/strong><\/p>\n\n\n\n<figure class=\"wp-block-image\"><img decoding=\"async\" src=\"https:\/\/lh7-us.googleusercontent.com\/docsz\/AD_4nXdIlr1tRxS_4FtZqG4hU9KAYq0pi6vIVTr18bsBXbt2Mn5YeZ1nFSkDlXorZifwqsCqW1jLvkPmCSCQkuQh_vGydJoVN9PvRP6ZE6lb0UXJLJPeQFDQ1uI6F-ZoQROvZrXQrC4oKQqSlKMCp-0FzxVwOSyNGjJoOrcBdDi2frCWe0M_Yfde_0A?key=8MKkaUJ8UXFFJP0Pj1YG2Q\" alt=\"\"\/><\/figure>\n\n\n\n<p><strong>Boutique Alpine F1 Team 2024<\/strong><\/p>\n\n\n\n<figure class=\"wp-block-image\"><img decoding=\"async\" src=\"https:\/\/lh7-us.googleusercontent.com\/docsz\/AD_4nXdEqSVesa4yy3fdCJGP0jQ5hGrD0P99gA9kY0YwBUiboytti8F-4JwVO8UEbM2DV-29RnY-IAsz_ZZ2pVDdd9zCHsWl4SMN5Yd9DuA56HquDAcaq9GosZ2bGTsqF2Dp2GDNMvpWon8tDYvVytZVmKwlRm8-ciQ5PLj2keh36137TPuzc5fWX-Y?key=8MKkaUJ8UXFFJP0Pj1YG2Q\" alt=\"\"\/><\/figure>\n\n\n\n<p><strong>Equipo Altaturis &#8211; Renault Clio Rally 4<\/strong><\/p>\n\n\n\n<p>La Perla del Pac\u00edfico ser\u00e1 la ventana para presentar el portafolio de veh\u00edculos de la marca Renault para el 2025 y aprovechar de ofertas especiales y opciones de cr\u00e9dito directo. Los autos de Renault tienen <strong>garant\u00eda y el acompa\u00f1amiento del mejor servicio postventa del pa\u00eds<\/strong>; han sido dise\u00f1ados para satisfacer a cada miembro de la familia coraz\u00f3n de rombo.<\/p>\n\n\n\n<figure class=\"wp-block-image size-large\"><a href=\"https:\/\/www.kia.com\/ec\/showroom\/soluto-ab-19my\/features.html\"><img fetchpriority=\"high\" decoding=\"async\" width=\"1024\" height=\"284\" src=\"https:\/\/garageblogec.com\/wp-content\/uploads\/2024\/06\/1080X300-7-1024x284.jpg\" alt=\"\" class=\"wp-image-894\" srcset=\"https:\/\/garageblogec.com\/wp-content\/uploads\/2024\/06\/1080X300-7-1024x284.jpg 1024w, https:\/\/garageblogec.com\/wp-content\/uploads\/2024\/06\/1080X300-7-300x83.jpg 300w, https:\/\/garageblogec.com\/wp-content\/uploads\/2024\/06\/1080X300-7-768x213.jpg 768w, https:\/\/garageblogec.com\/wp-content\/uploads\/2024\/06\/1080X300-7.jpg 1080w\" sizes=\"(max-width: 1024px) 100vw, 1024px\" \/><\/a><\/figure>\n","protected":false},"excerpt":{"rendered":"<p>El evento, que se llev\u00f3 a cabo el 9 de julio, estuvo abierto al p\u00fablico hasta el 14 de julio. La marca francesa, conocida por su participaci\u00f3n en la F\u00f3rmula 1<\/p>\n","protected":false},"author":1,"featured_media":983,"comment_status":"open","ping_status":"open","sticky":false,"template":"","format":"standard","meta":{"_jetpack_memberships_contains_paid_content":false,"footnotes":""},"categories":[27],"tags":[85,68,143,30,159],"class_list":["post-982","post","type-post","status-publish","format-standard","has-post-thumbnail","hentry","category-industria-nacional","tag-85","tag-autos","tag-autoshow-guayaquil","tag-ecuador","tag-renault"],"yoast_head":"<!-- This site is optimized with the Yoast SEO plugin v27.4 - https:\/\/yoast.com\/product\/yoast-seo-wordpress\/ -->\n<title>AutoShow 2024: Renault presento su portafolio de veh\u00edculos - Garage Blog Ecuador<\/title>\n<meta name=\"description\" content=\"El evento, que se llev\u00f3 a cabo el 9 de julio, estuvo abierto al p\u00fablico hasta el 14 de julio. La marca francesa, conocida por su participaci\u00f3n en la F\u00f3rmula 1\" \/>\n<meta name=\"robots\" content=\"index, follow, max-snippet:-1, max-image-preview:large, max-video-preview:-1\" \/>\n<link rel=\"canonical\" href=\"https:\/\/garageblogec.com\/?p=982\" \/>\n<meta property=\"og:locale\" content=\"es_ES\" \/>\n<meta property=\"og:type\" content=\"article\" \/>\n<meta property=\"og:title\" content=\"AutoShow 2024: Renault presento su portafolio de veh\u00edculos - Garage Blog Ecuador\" \/>\n<meta property=\"og:description\" content=\"El evento, que se llev\u00f3 a cabo el 9 de julio, estuvo abierto al p\u00fablico hasta el 14 de julio. La marca francesa, conocida por su participaci\u00f3n en la F\u00f3rmula 1\" \/>\n<meta property=\"og:url\" content=\"https:\/\/garageblogec.com\/?p=982\" \/>\n<meta property=\"og:site_name\" content=\"Garage Blog Ecuador\" \/>\n<meta property=\"article:published_time\" content=\"2024-07-16T01:59:48+00:00\" \/>\n<meta property=\"article:modified_time\" content=\"2024-07-16T02:01:15+00:00\" \/>\n<meta property=\"og:image\" content=\"https:\/\/garageblogec.com\/wp-content\/uploads\/2024\/07\/IMG_3560-1.jpg\" \/>\n\t<meta property=\"og:image:width\" content=\"2048\" \/>\n\t<meta property=\"og:image:height\" content=\"1365\" \/>\n\t<meta property=\"og:image:type\" content=\"image\/jpeg\" \/>\n<meta name=\"author\" content=\"admin\" \/>\n<meta name=\"twitter:card\" content=\"summary_large_image\" \/>\n<meta name=\"twitter:label1\" content=\"Escrito por\" \/>\n\t<meta name=\"twitter:data1\" content=\"admin\" \/>\n\t<meta name=\"twitter:label2\" content=\"Tiempo de lectura\" \/>\n\t<meta name=\"twitter:data2\" content=\"4 minutos\" \/>\n<script type=\"application\/ld+json\" class=\"yoast-schema-graph\">{\"@context\":\"https:\\\/\\\/schema.org\",\"@graph\":[{\"@type\":\"Article\",\"@id\":\"https:\\\/\\\/garageblogec.com\\\/?p=982#article\",\"isPartOf\":{\"@id\":\"https:\\\/\\\/garageblogec.com\\\/?p=982\"},\"author\":{\"name\":\"admin\",\"@id\":\"https:\\\/\\\/garageblogec.com\\\/#\\\/schema\\\/person\\\/9e42946a1c059998e1dcd2e9c0b14f7b\"},\"headline\":\"AutoShow 2024: Renault presento su portafolio de veh\u00edculos\",\"datePublished\":\"2024-07-16T01:59:48+00:00\",\"dateModified\":\"2024-07-16T02:01:15+00:00\",\"mainEntityOfPage\":{\"@id\":\"https:\\\/\\\/garageblogec.com\\\/?p=982\"},\"wordCount\":527,\"commentCount\":0,\"publisher\":{\"@id\":\"https:\\\/\\\/garageblogec.com\\\/#organization\"},\"image\":{\"@id\":\"https:\\\/\\\/garageblogec.com\\\/?p=982#primaryimage\"},\"thumbnailUrl\":\"https:\\\/\\\/garageblogec.com\\\/wp-content\\\/uploads\\\/2024\\\/07\\\/IMG_3560-1.jpg\",\"keywords\":[\"2024\",\"autos\",\"autoshow guayaquil\",\"Ecuador\",\"renault\"],\"articleSection\":[\"Industria Nacional\"],\"inLanguage\":\"es\",\"potentialAction\":[{\"@type\":\"CommentAction\",\"name\":\"Comment\",\"target\":[\"https:\\\/\\\/garageblogec.com\\\/?p=982#respond\"]}]},{\"@type\":\"WebPage\",\"@id\":\"https:\\\/\\\/garageblogec.com\\\/?p=982\",\"url\":\"https:\\\/\\\/garageblogec.com\\\/?p=982\",\"name\":\"AutoShow 2024: Renault presento su portafolio de veh\u00edculos - Garage Blog Ecuador\",\"isPartOf\":{\"@id\":\"https:\\\/\\\/garageblogec.com\\\/#website\"},\"primaryImageOfPage\":{\"@id\":\"https:\\\/\\\/garageblogec.com\\\/?p=982#primaryimage\"},\"image\":{\"@id\":\"https:\\\/\\\/garageblogec.com\\\/?p=982#primaryimage\"},\"thumbnailUrl\":\"https:\\\/\\\/garageblogec.com\\\/wp-content\\\/uploads\\\/2024\\\/07\\\/IMG_3560-1.jpg\",\"datePublished\":\"2024-07-16T01:59:48+00:00\",\"dateModified\":\"2024-07-16T02:01:15+00:00\",\"description\":\"El evento, que se llev\u00f3 a cabo el 9 de julio, estuvo abierto al p\u00fablico hasta el 14 de julio. La marca francesa, conocida por su participaci\u00f3n en la F\u00f3rmula 1\",\"breadcrumb\":{\"@id\":\"https:\\\/\\\/garageblogec.com\\\/?p=982#breadcrumb\"},\"inLanguage\":\"es\",\"potentialAction\":[{\"@type\":\"ReadAction\",\"target\":[\"https:\\\/\\\/garageblogec.com\\\/?p=982\"]}]},{\"@type\":\"ImageObject\",\"inLanguage\":\"es\",\"@id\":\"https:\\\/\\\/garageblogec.com\\\/?p=982#primaryimage\",\"url\":\"https:\\\/\\\/garageblogec.com\\\/wp-content\\\/uploads\\\/2024\\\/07\\\/IMG_3560-1.jpg\",\"contentUrl\":\"https:\\\/\\\/garageblogec.com\\\/wp-content\\\/uploads\\\/2024\\\/07\\\/IMG_3560-1.jpg\",\"width\":2048,\"height\":1365},{\"@type\":\"BreadcrumbList\",\"@id\":\"https:\\\/\\\/garageblogec.com\\\/?p=982#breadcrumb\",\"itemListElement\":[{\"@type\":\"ListItem\",\"position\":1,\"name\":\"Portada\",\"item\":\"https:\\\/\\\/garageblogec.com\\\/\"},{\"@type\":\"ListItem\",\"position\":2,\"name\":\"AutoShow 2024: Renault presento su portafolio de veh\u00edculos\"}]},{\"@type\":\"WebSite\",\"@id\":\"https:\\\/\\\/garageblogec.com\\\/#website\",\"url\":\"https:\\\/\\\/garageblogec.com\\\/\",\"name\":\"Garage Blog Ecuador\",\"description\":\"Alucinamos por los autos \",\"publisher\":{\"@id\":\"https:\\\/\\\/garageblogec.com\\\/#organization\"},\"potentialAction\":[{\"@type\":\"SearchAction\",\"target\":{\"@type\":\"EntryPoint\",\"urlTemplate\":\"https:\\\/\\\/garageblogec.com\\\/?s={search_term_string}\"},\"query-input\":{\"@type\":\"PropertyValueSpecification\",\"valueRequired\":true,\"valueName\":\"search_term_string\"}}],\"inLanguage\":\"es\"},{\"@type\":\"Organization\",\"@id\":\"https:\\\/\\\/garageblogec.com\\\/#organization\",\"name\":\"Garage Blog Ecuador\",\"url\":\"https:\\\/\\\/garageblogec.com\\\/\",\"logo\":{\"@type\":\"ImageObject\",\"inLanguage\":\"es\",\"@id\":\"https:\\\/\\\/garageblogec.com\\\/#\\\/schema\\\/logo\\\/image\\\/\",\"url\":\"https:\\\/\\\/garageblogec.com\\\/wp-content\\\/uploads\\\/2024\\\/02\\\/cropped-logo-png-para-blog.webp\",\"contentUrl\":\"https:\\\/\\\/garageblogec.com\\\/wp-content\\\/uploads\\\/2024\\\/02\\\/cropped-logo-png-para-blog.webp\",\"width\":840,\"height\":556,\"caption\":\"Garage Blog Ecuador \"},\"image\":{\"@id\":\"https:\\\/\\\/garageblogec.com\\\/#\\\/schema\\\/logo\\\/image\\\/\"}},{\"@type\":\"Person\",\"@id\":\"https:\\\/\\\/garageblogec.com\\\/#\\\/schema\\\/person\\\/9e42946a1c059998e1dcd2e9c0b14f7b\",\"name\":\"admin\",\"image\":{\"@type\":\"ImageObject\",\"inLanguage\":\"es\",\"@id\":\"https:\\\/\\\/secure.gravatar.com\\\/avatar\\\/3612d5dfd364004c4d91ec427ebfe980a13c66be055df17156d99287f7c39228?s=96&d=mm&r=g\",\"url\":\"https:\\\/\\\/secure.gravatar.com\\\/avatar\\\/3612d5dfd364004c4d91ec427ebfe980a13c66be055df17156d99287f7c39228?s=96&d=mm&r=g\",\"contentUrl\":\"https:\\\/\\\/secure.gravatar.com\\\/avatar\\\/3612d5dfd364004c4d91ec427ebfe980a13c66be055df17156d99287f7c39228?s=96&d=mm&r=g\",\"caption\":\"admin\"},\"sameAs\":[\"https:\\\/\\\/garageblogec.com\"],\"url\":\"https:\\\/\\\/garageblogec.com\\\/?author=1\"}]}<\/script>\n<!-- \/ Yoast SEO plugin. -->","yoast_head_json":{"title":"AutoShow 2024: Renault presento su portafolio de veh\u00edculos - Garage Blog Ecuador","description":"El evento, que se llev\u00f3 a cabo el 9 de julio, estuvo abierto al p\u00fablico hasta el 14 de julio. La marca francesa, conocida por su participaci\u00f3n en la F\u00f3rmula 1","robots":{"index":"index","follow":"follow","max-snippet":"max-snippet:-1","max-image-preview":"max-image-preview:large","max-video-preview":"max-video-preview:-1"},"canonical":"https:\/\/garageblogec.com\/?p=982","og_locale":"es_ES","og_type":"article","og_title":"AutoShow 2024: Renault presento su portafolio de veh\u00edculos - Garage Blog Ecuador","og_description":"El evento, que se llev\u00f3 a cabo el 9 de julio, estuvo abierto al p\u00fablico hasta el 14 de julio. La marca francesa, conocida por su participaci\u00f3n en la F\u00f3rmula 1","og_url":"https:\/\/garageblogec.com\/?p=982","og_site_name":"Garage Blog Ecuador","article_published_time":"2024-07-16T01:59:48+00:00","article_modified_time":"2024-07-16T02:01:15+00:00","og_image":[{"width":2048,"height":1365,"url":"https:\/\/garageblogec.com\/wp-content\/uploads\/2024\/07\/IMG_3560-1.jpg","type":"image\/jpeg"}],"author":"admin","twitter_card":"summary_large_image","twitter_misc":{"Escrito por":"admin","Tiempo de lectura":"4 minutos"},"schema":{"@context":"https:\/\/schema.org","@graph":[{"@type":"Article","@id":"https:\/\/garageblogec.com\/?p=982#article","isPartOf":{"@id":"https:\/\/garageblogec.com\/?p=982"},"author":{"name":"admin","@id":"https:\/\/garageblogec.com\/#\/schema\/person\/9e42946a1c059998e1dcd2e9c0b14f7b"},"headline":"AutoShow 2024: Renault presento su portafolio de veh\u00edculos","datePublished":"2024-07-16T01:59:48+00:00","dateModified":"2024-07-16T02:01:15+00:00","mainEntityOfPage":{"@id":"https:\/\/garageblogec.com\/?p=982"},"wordCount":527,"commentCount":0,"publisher":{"@id":"https:\/\/garageblogec.com\/#organization"},"image":{"@id":"https:\/\/garageblogec.com\/?p=982#primaryimage"},"thumbnailUrl":"https:\/\/garageblogec.com\/wp-content\/uploads\/2024\/07\/IMG_3560-1.jpg","keywords":["2024","autos","autoshow guayaquil","Ecuador","renault"],"articleSection":["Industria Nacional"],"inLanguage":"es","potentialAction":[{"@type":"CommentAction","name":"Comment","target":["https:\/\/garageblogec.com\/?p=982#respond"]}]},{"@type":"WebPage","@id":"https:\/\/garageblogec.com\/?p=982","url":"https:\/\/garageblogec.com\/?p=982","name":"AutoShow 2024: Renault presento su portafolio de veh\u00edculos - Garage Blog Ecuador","isPartOf":{"@id":"https:\/\/garageblogec.com\/#website"},"primaryImageOfPage":{"@id":"https:\/\/garageblogec.com\/?p=982#primaryimage"},"image":{"@id":"https:\/\/garageblogec.com\/?p=982#primaryimage"},"thumbnailUrl":"https:\/\/garageblogec.com\/wp-content\/uploads\/2024\/07\/IMG_3560-1.jpg","datePublished":"2024-07-16T01:59:48+00:00","dateModified":"2024-07-16T02:01:15+00:00","description":"El evento, que se llev\u00f3 a cabo el 9 de julio, estuvo abierto al p\u00fablico hasta el 14 de julio. La marca francesa, conocida por su participaci\u00f3n en la F\u00f3rmula 1","breadcrumb":{"@id":"https:\/\/garageblogec.com\/?p=982#breadcrumb"},"inLanguage":"es","potentialAction":[{"@type":"ReadAction","target":["https:\/\/garageblogec.com\/?p=982"]}]},{"@type":"ImageObject","inLanguage":"es","@id":"https:\/\/garageblogec.com\/?p=982#primaryimage","url":"https:\/\/garageblogec.com\/wp-content\/uploads\/2024\/07\/IMG_3560-1.jpg","contentUrl":"https:\/\/garageblogec.com\/wp-content\/uploads\/2024\/07\/IMG_3560-1.jpg","width":2048,"height":1365},{"@type":"BreadcrumbList","@id":"https:\/\/garageblogec.com\/?p=982#breadcrumb","itemListElement":[{"@type":"ListItem","position":1,"name":"Portada","item":"https:\/\/garageblogec.com\/"},{"@type":"ListItem","position":2,"name":"AutoShow 2024: Renault presento su portafolio de veh\u00edculos"}]},{"@type":"WebSite","@id":"https:\/\/garageblogec.com\/#website","url":"https:\/\/garageblogec.com\/","name":"Garage Blog Ecuador","description":"Alucinamos por los autos ","publisher":{"@id":"https:\/\/garageblogec.com\/#organization"},"potentialAction":[{"@type":"SearchAction","target":{"@type":"EntryPoint","urlTemplate":"https:\/\/garageblogec.com\/?s={search_term_string}"},"query-input":{"@type":"PropertyValueSpecification","valueRequired":true,"valueName":"search_term_string"}}],"inLanguage":"es"},{"@type":"Organization","@id":"https:\/\/garageblogec.com\/#organization","name":"Garage Blog Ecuador","url":"https:\/\/garageblogec.com\/","logo":{"@type":"ImageObject","inLanguage":"es","@id":"https:\/\/garageblogec.com\/#\/schema\/logo\/image\/","url":"https:\/\/garageblogec.com\/wp-content\/uploads\/2024\/02\/cropped-logo-png-para-blog.webp","contentUrl":"https:\/\/garageblogec.com\/wp-content\/uploads\/2024\/02\/cropped-logo-png-para-blog.webp","width":840,"height":556,"caption":"Garage Blog Ecuador "},"image":{"@id":"https:\/\/garageblogec.com\/#\/schema\/logo\/image\/"}},{"@type":"Person","@id":"https:\/\/garageblogec.com\/#\/schema\/person\/9e42946a1c059998e1dcd2e9c0b14f7b","name":"admin","image":{"@type":"ImageObject","inLanguage":"es","@id":"https:\/\/secure.gravatar.com\/avatar\/3612d5dfd364004c4d91ec427ebfe980a13c66be055df17156d99287f7c39228?s=96&d=mm&r=g","url":"https:\/\/secure.gravatar.com\/avatar\/3612d5dfd364004c4d91ec427ebfe980a13c66be055df17156d99287f7c39228?s=96&d=mm&r=g","contentUrl":"https:\/\/secure.gravatar.com\/avatar\/3612d5dfd364004c4d91ec427ebfe980a13c66be055df17156d99287f7c39228?s=96&d=mm&r=g","caption":"admin"},"sameAs":["https:\/\/garageblogec.com"],"url":"https:\/\/garageblogec.com\/?author=1"}]}},"jetpack_featured_media_url":"https:\/\/garageblogec.com\/wp-content\/uploads\/2024\/07\/IMG_3560-1.jpg","jetpack_sharing_enabled":true,"_links":{"self":[{"href":"https:\/\/garageblogec.com\/index.php?rest_route=\/wp\/v2\/posts\/982","targetHints":{"allow":["GET"]}}],"collection":[{"href":"https:\/\/garageblogec.com\/index.php?rest_route=\/wp\/v2\/posts"}],"about":[{"href":"https:\/\/garageblogec.com\/index.php?rest_route=\/wp\/v2\/types\/post"}],"author":[{"embeddable":true,"href":"https:\/\/garageblogec.com\/index.php?rest_route=\/wp\/v2\/users\/1"}],"replies":[{"embeddable":true,"href":"https:\/\/garageblogec.com\/index.php?rest_route=%2Fwp%2Fv2%2Fcomments&post=982"}],"version-history":[{"count":2,"href":"https:\/\/garageblogec.com\/index.php?rest_route=\/wp\/v2\/posts\/982\/revisions"}],"predecessor-version":[{"id":985,"href":"https:\/\/garageblogec.com\/index.php?rest_route=\/wp\/v2\/posts\/982\/revisions\/985"}],"wp:featuredmedia":[{"embeddable":true,"href":"https:\/\/garageblogec.com\/index.php?rest_route=\/wp\/v2\/media\/983"}],"wp:attachment":[{"href":"https:\/\/garageblogec.com\/index.php?rest_route=%2Fwp%2Fv2%2Fmedia&parent=982"}],"wp:term":[{"taxonomy":"category","embeddable":true,"href":"https:\/\/garageblogec.com\/index.php?rest_route=%2Fwp%2Fv2%2Fcategories&post=982"},{"taxonomy":"post_tag","embeddable":true,"href":"https:\/\/garageblogec.com\/index.php?rest_route=%2Fwp%2Fv2%2Ftags&post=982"}],"curies":[{"name":"wp","href":"https:\/\/api.w.org\/{rel}","templated":true}]}}