{"id":966,"date":"2024-07-13T01:48:26","date_gmt":"2024-07-13T01:48:26","guid":{"rendered":"https:\/\/garageblogec.com\/?p=966"},"modified":"2024-07-13T01:48:30","modified_gmt":"2024-07-13T01:48:30","slug":"estas-son-las-novedades-de-volkswagen-en-el-autoshow-2024","status":"publish","type":"post","link":"https:\/\/garageblogec.com\/?p=966","title":{"rendered":"Estas son las novedades de Volkswagen en el Autoshow 2024"},"content":{"rendered":"\n<p>Volkswagen, la marca alemana con una trayectoria de m\u00e1s de 86 a\u00f1os de excelencia y una presencia global en 120 pa\u00edses, particip\u00f3 en el Autoshow 2024 con tres novedades relacionadas con nuevos lanzamientos e innovaciones de la marca. Adem\u00e1s, exhibi\u00f3 su portafolio, conformado por Nivus, Amarok, Polo, Virtus, T-Cross y Tiguan.&nbsp;<\/p>\n\n\n\n<p>La feria automotriz Autoshow es uno de los eventos m\u00e1s representativos a nivel nacional. Por ello, Volkswagen present\u00f3 dos nuevos veh\u00edculos que se comercializar\u00e1n en Ecuador: Amarok y Nivus. Adem\u00e1s, se cont\u00f3 con la presentaci\u00f3n ID. Buzz, un \u00edcono de la marca ahora 100% el\u00e9ctrico, con tecnolog\u00eda de \u00faltima generaci\u00f3n. Los asistentes disfrutaron de bebidas de DrinkCombi, helados Topsy y m\u00e1s sorpresas durante seis d\u00edas en la ciudad de Guayaquil.<em>&nbsp;<\/em><\/p>\n\n\n\n<p><em>\u201cVolkswagen es una de las marcas m\u00e1s queridas entre los ecuatorianos. Queremos que cada uno de nuestros clientes tenga una experiencia de movilidad completa y segura. Por este motivo, sumamos esfuerzos a diario para que nuestros productos y servicios sean completos, ofreciendo asesor\u00eda personalizada durante la compra y en postventa. Sin duda, esto nos ha permitido mantener un v\u00ednculo estrecho con los usuarios, posicion\u00e1ndonos como una marca confiable para toda la familia\u201d,<\/em> mencion\u00f3 Jos\u00e9 Luis Sevilla, Gerente General de Volkswagen Ecuador.&nbsp;&nbsp;<\/p>\n\n\n\n<p>La compa\u00f1\u00eda present\u00f3 su portafolio bajo la premisa de que m\u00e1s ecuatorianos encuentren el #AutoDeTuVida. Adem\u00e1s, brinda un servicio completo de posventa, con una red calificada de 15 puntos de venta y 14 talleres autorizados Volkswagen a nivel nacional. Los veh\u00edculos que se comercializan en Ecuador cuentan con la calificaci\u00f3n m\u00e1xima de LATIN NCAP, que responde al compromiso y a los altos est\u00e1ndares de calidad en el ensamblaje.<\/p>\n\n\n\n<p>Te presentamos las novedades de Volkswagen en Autoshow 2024:<\/p>\n\n\n\n<p>\u2022 <strong>Nivus <em>\u2013 nuevo modelo de lanzamiento en Ecuador<\/em><\/strong><\/p>\n\n\n\n<p><\/p>\n\n\n\n<figure class=\"wp-block-image size-large\"><img decoding=\"async\" src=\"https:\/\/autosdeprimera.com\/wp-content\/uploads\/2022\/01\/volkswagen-nivus-highline-frente.jpg\" alt=\"\"\/><\/figure>\n\n\n\n<p>Nivus lleg\u00f3 para ampliar el portafolio de Volkswagen a nivel nacional. Este veh\u00edculo combina un dise\u00f1o espectacular, atractivo, elegante, potente y seguro, con un amplio espacio interior que fascinar\u00e1 al mercado ecuatoriano. Este lanzamiento forma parte de una estrategia de la marca para introducir nuevos modelos al mercado local atendiendo las necesidades de los consumidores actuales.&nbsp;<\/p>\n\n\n\n<p>Nivus est\u00e1 pensado para la nueva generaci\u00f3n, con nuevos formatos de familias y adultos j\u00f3venes, que buscan un veh\u00edculo que redefine los est\u00e1ndares del segmento SUV A0.&nbsp;<\/p>\n\n\n\n<p>Nivus estar\u00e1 disponible en la siguiente gama de colores: blanco, plomo, azul rojo y negro; desde $26.490 bajo la red de concesionarios de la marca ubicados en Quito, Guayaquil, Cuenca, Manta, Ambato, Ibarra, Riobamba, Loja y Machala.&nbsp;<\/p>\n\n\n\n<p><strong>Dise\u00f1o<\/strong><\/p>\n\n\n\n<p>Volkswagen Nivus se destaca por sus caracter\u00edsticas exteriores; tiene un perfil aerodin\u00e1mico y estilizado. Su frente prominente con l\u00edneas muy bien definidas le dan un aspecto deportivo. Su mascarilla frontal con detalles cromados y faros con luces diurnas LED complementan su estilo. En la parte lateral cuenta con varias l\u00edneas que forman el dise\u00f1o de un SUVW con aros de aluminio R16. En la parte posterior, las luces LED est\u00e1n conectadas entre s\u00ed por una banda negra brillante, creando una firma moderna e inconfundible que le otorga una est\u00e9tica \u00fanica.<\/p>\n\n\n\n<p>Nivus es un SUV con un habit\u00e1culo amplio para mayor confort tanto para el conductor como para sus pasajeros. Cuenta con un volante de cuero multifunci\u00f3n con controles de audio, paletas de cambio, tapicer\u00eda de tela, asientos traseros plegables y un asiento principal con control de altura. Su reposabrazos central delantero garantiza una experiencia c\u00f3moda durante todo el viaje y ofrece aire acondicionado para la segunda fila.<\/p>\n\n\n\n<p><strong>Performance<\/strong><\/p>\n\n\n\n<p>Nivus llega con un motor de \u00faltima generaci\u00f3n turbo, con 200 Nm de torque y 114 HP, acompa\u00f1ado de un excelente rendimiento de combustible que en pruebas internacionales ofrece un consumo promedio de hasta 60 kil\u00f3metros por gal\u00f3n y en carretera de hasta 80 kil\u00f3metros por gal\u00f3n. Su motor ofrece todo su torque desde muy bajas revoluciones, lo que permite una conducci\u00f3n m\u00e1s deportiva. Los usuarios tendr\u00e1n un rendimiento excepcional con menor consumo de combustible.<\/p>\n\n\n\n<p>Llega en las versiones: manual de 5 velocidades y autom\u00e1tica de 6 velocidades.<\/p>\n\n\n\n<p><strong>Seguridad<\/strong><\/p>\n\n\n\n<p>Para Volkswagen, la seguridad es una prioridad, por ello, cada modelo ha sido probado y certificado por Latin NCAP, obteniendo 5 estrellas de seguridad. VW Nivus es fabricado bajo la plataforma Modular Transversal (MQB), con una estructura optimizada de absorci\u00f3n de impacto y tecnolog\u00eda de estampado de acero cuatro veces m\u00e1s resistente. Esto contribuye a un manejo m\u00e1s ligero y estable en todas las situaciones. Est\u00e1 equipado con sistemas de frenado ABS, EBD, ESC, EDS, HSA, asistente de arranque en pendiente, c\u00e1mara de reversa, sensores de parqueo delanteros y posteriores. Su configuraci\u00f3n de seis airbags (frontales, laterales y de cortina para conductor y pasajero) junto con el sistema de frenado y control de estabilidad, asegura una experiencia de conducci\u00f3n segura y confiable.<\/p>\n\n\n\n<p><strong>Tecnolog\u00eda<\/strong><\/p>\n\n\n\n<p>La experiencia de entretenimiento y conectividad est\u00e1 en su m\u00e1xima expresi\u00f3n ya que cuenta con el sistema VW Play de 10,1&#8243;, compatible con Apple CarPlay y Android Auto \u2013 Wireless. VW Play est\u00e1 conectado a la computadora del veh\u00edculo y nos permite configurar funciones del mismo en la pantalla del radio.&nbsp;&nbsp;<\/p>\n\n\n\n<p>Nivus cuenta con el innovador Digital Cockpit el cual es personalizable, bot\u00f3n de encendido, cargador wireless, palanca de cambios en cuero, funci\u00f3n \u201cComming and Leaving home\u201d y vidrios el\u00e9ctricos \u00abOne Touch\u00bb.<\/p>\n\n\n\n<ul class=\"wp-block-list\">\n<li><strong>Amarok <em>\u2013 Vuelve a Ecuador en una Edici\u00f3n Limitada 3.0 V6 di\u00e9sel<\/em><\/strong><\/li>\n<\/ul>\n\n\n\n<figure class=\"wp-block-image size-large\"><img fetchpriority=\"high\" decoding=\"async\" width=\"1024\" height=\"683\" src=\"https:\/\/garageblogec.com\/wp-content\/uploads\/2024\/07\/DSC_3529-1-1024x683.jpg\" alt=\"\" class=\"wp-image-968\" srcset=\"https:\/\/garageblogec.com\/wp-content\/uploads\/2024\/07\/DSC_3529-1-1024x683.jpg 1024w, https:\/\/garageblogec.com\/wp-content\/uploads\/2024\/07\/DSC_3529-1-300x200.jpg 300w, https:\/\/garageblogec.com\/wp-content\/uploads\/2024\/07\/DSC_3529-1-768x512.jpg 768w, https:\/\/garageblogec.com\/wp-content\/uploads\/2024\/07\/DSC_3529-1-1536x1024.jpg 1536w, https:\/\/garageblogec.com\/wp-content\/uploads\/2024\/07\/DSC_3529-1-2048x1365.jpg 2048w, https:\/\/garageblogec.com\/wp-content\/uploads\/2024\/07\/DSC_3529-1-1320x880.jpg 1320w\" sizes=\"(max-width: 1024px) 100vw, 1024px\" \/><\/figure>\n\n\n\n<p>Regresa Amarok a Ecuador, con un motor 3.0 V6 Turbo Di\u00e9sel en una edici\u00f3n limitada, que se destaca en la categor\u00eda por su versatilidad, <strong>alto rendimiento en carretera y grandes capacidades offroad<\/strong> en cualquier situaci\u00f3n como: tierra, grava, lodo y m\u00e1s. Su gran altura al suelo, estabilidad de carrocer\u00eda y su tracci\u00f3n total 4&#215;4 Heavy Duty dan como resultado una <strong>camioneta potente en todas las situaciones, incluso con cargas de alta resistencia.<\/strong><\/p>\n\n\n\n<p>Amarok 3.0 V6 Turbo Di\u00e9sel Edici\u00f3n Limitada llega en&nbsp; dos versiones: Comfortline y Highline. Estar\u00e1 disponible desde $59.990 a nivel nacional desde la segunda quincena del mes de julio, en los 15 puntos de venta ubicados en Quito, Guayaquil, Cuenca, Manta, Ambato, Ibarra, Riobamba, Loja y Machala.<\/p>\n\n\n\n<p>El dise\u00f1o es \u00fanico, combina elegancia y robustez. En la parte exterior frontal, cuenta con una rejilla cromada y faros Bi-xen\u00f3n con luz diurna en tecnolog\u00eda LED, que permite conducir con m\u00e1s seguridad en cualquier momento de la noche. En la versi\u00f3n Comfortline V6 AT, cuenta con aros de aluminio R17\u201d, y en la versi\u00f3n Highline V6 AT tiene aros de aluminio R19\u201d<\/p>\n\n\n\n<p>La camioneta puede superar velocidades de 200 km\/h y pendientes de hasta 45 grados con una tonelada de carga sin sacrificar confort y acelerar de 0 a 100 km por hora en tan solo 7.5 segundos. Es la m\u00e1s potente del segmento, con <strong>258 Hp de potencia y 580 Nm de torque, combinado a una caja autom\u00e1tica ZF de 8 velocidades y el sistema 4&#215;4 Real Time Heavy Duty con bloqueo de diferencial posterior mec\u00e1nico,<\/strong> <em>que<\/em> <em>desaf\u00eda cualquier terreno y condici\u00f3n.<\/em><\/p>\n\n\n\n<p>Adicional a sus grandes capacidades de desempe\u00f1o, Amarok obtiene un excelente rendimiento de combustible di\u00e9sel de 45 km por gal\u00f3n* lo que le permite con una sola tanqueada recorrer hasta 945 km*.&nbsp;<\/p>\n\n\n\n<p>Amarok&nbsp;V6 di\u00e9sel 4&#215;4 cuenta con una caja autom\u00e1tica de 8 velocidades. Su primera marcha ha sido especialmente optimizada para arrancar cuando se jala un remolque mientras que la octava marcha reduce el consumo a trav\u00e9s de la conducci\u00f3n a velocidad constante en viajes largos.<\/p>\n\n\n\n<p>Los ocupantes de Amarok sentir\u00e1n el confort de estar en un SUV y no en una camioneta caracter\u00edstica que es muy dif\u00edcil conseguir debido a las prestaciones que tiene la misma. Cuenta con volante multifunci\u00f3n, palanca de cambios y freno en cuero. Los asientos delanteros en su versi\u00f3n Highline vienen con asientos \u00abergoComfort\u00bb en cuero Vienna original de f\u00e1brica, con 12 posiciones regulables el\u00e9ctricamente, apoyo lumbar y calefactables.&nbsp;<\/p>\n\n\n\n<p>Cuenta con un sistema de tracci\u00f3n permanente en las cuatro ruedas que ofrece m\u00e1s estabilidad en curvas y caminos resbalosos, aspecto \u00fanico en su segmento. Tambi\u00e9n incluye sistemas electr\u00f3nicos de control como ABS, ABS off road, EBD, BAS, ASR, ESP, HAS, HDC, EDL, BDM, 2 airbags para el conductor y pasajero, y 2 airbags laterales, as\u00ed como el sistema de ascenso y descenso en pendientes, estabilizador de remolque, sensor de lluvia y funci\u00f3n coming home &amp; leaving home.<\/p>\n\n\n\n<p>En cuanto a conectividad, tiene una radio touch multicolor original de f\u00e1brica con un sistema de audio que tiene 6 parlantes y un sistema de supresi\u00f3n de sonido de cabina. Adem\u00e1s, su radio cuenta con perillas de control que permiten un f\u00e1cil e intuitivo manejo. La radio cuenta con conectividad Apple CarPlay y Android Auto. Adem\u00e1s, para una experiencia m\u00e1s completa, el modelo incorpora control crucero, sensores de estacionamiento, c\u00e1mara de retro, mandos al volante y paletas de cambio.<\/p>\n\n\n\n<ul class=\"wp-block-list\">\n<li><strong>ID. Buzz \u2013 <em>Compromiso de la marca con la electromovilidad<\/em><\/strong><\/li>\n<\/ul>\n\n\n\n<figure class=\"wp-block-image size-large\"><img decoding=\"async\" width=\"1024\" height=\"683\" src=\"https:\/\/garageblogec.com\/wp-content\/uploads\/2024\/07\/DSC_3346-1024x683.jpg\" alt=\"\" class=\"wp-image-969\" srcset=\"https:\/\/garageblogec.com\/wp-content\/uploads\/2024\/07\/DSC_3346-1024x683.jpg 1024w, https:\/\/garageblogec.com\/wp-content\/uploads\/2024\/07\/DSC_3346-300x200.jpg 300w, https:\/\/garageblogec.com\/wp-content\/uploads\/2024\/07\/DSC_3346-768x512.jpg 768w, https:\/\/garageblogec.com\/wp-content\/uploads\/2024\/07\/DSC_3346-1536x1024.jpg 1536w, https:\/\/garageblogec.com\/wp-content\/uploads\/2024\/07\/DSC_3346-2048x1365.jpg 2048w, https:\/\/garageblogec.com\/wp-content\/uploads\/2024\/07\/DSC_3346-1320x880.jpg 1320w\" sizes=\"(max-width: 1024px) 100vw, 1024px\" \/><\/figure>\n\n\n\n<p>Por primera vez, Volkswagen Ecuador tiene el privilegio de exhibir el ID. Buzz en el pa\u00eds. Los seguidores de la marca y el p\u00fablico en general podr\u00e1n conocerlo y ver de primera mano el futuro que la marca alemana impulsa a nivel global. El ID. Buzz est\u00e1 realizando una gira nacional con exhibiciones especiales en los puntos de venta autorizados por la marca y estar\u00e1 presente en el Autoshow 2024, en la ciudad de Guayaquil, del 9 al 14 de julio de 2024.<\/p>\n\n\n\n<p>Despu\u00e9s de diez a\u00f1os del fin de la producci\u00f3n de la emblem\u00e1tica Kombi, Volkswagen trae de vuelta un \u00edcono que marc\u00f3 la historia de la marca, ahora en su versi\u00f3n electrificada. El ID.Buzz se lanz\u00f3 en Europa en 2022 y debut\u00f3 oficialmente en Brasil en 2023, siendo m\u00e1s vers\u00e1til y espacioso que nunca. Mantiene la tradici\u00f3n de la marca en confort y seguridad, pero con una clara tendencia hacia la reducci\u00f3n de emisiones de CO2.<\/p>\n\n\n\n<p>El ID.Buzz est\u00e1 equipado con un motor de 150 kW (204 hp) y 31,6 kgfm de torque montado en el eje trasero. Gracias a esta configuraci\u00f3n, el ID.Buzz puede acelerar de 0 a 100 km\/h en solo 10,2 segundos, alcanzando una velocidad m\u00e1xima de aproximadamente 145 km\/h. Su bater\u00eda, con una capacidad de 77 kWh (82 kWh brutos), proporciona una autonom\u00eda de 337 km seg\u00fan el INMETRO (Instituto Nacional de Metrolog\u00eda, Normalizaci\u00f3n y Calidad Industrial).<\/p>\n\n\n\n<p>La autonom\u00eda del ID. Buzz puede variar seg\u00fan el estilo de conducci\u00f3n, la velocidad, el uso de equipos auxiliares, el peso total del veh\u00edculo y las condiciones externas. Sin embargo, una de las grandes ventajas de los veh\u00edculos el\u00e9ctricos es la flexibilidad en la recarga. Es posible cargar el ID. Buzz del 5% al 80% en solo 30 minutos en una estaci\u00f3n de carga r\u00e1pida.<\/p>\n\n\n\n<p>El dise\u00f1o del ID. Buzz fue creado para una nueva era, con detalles en tecnolog\u00eda LED en la parrilla delantera, aros de aluminio de 20&#8243; y espejos retrovisores exteriores con luces intermitentes integradas. Los espejos son regulables el\u00e9ctricamente, plegables, calefactables y tienen funci\u00f3n \u00abTilt down\u00bb y memoria. Al apagar el veh\u00edculo, las manijas de las puertas delanteras se iluminan, mientras que las ventanas traseras vienen tinturadas de f\u00e1brica.<\/p>\n\n\n\n<p>Su interior no se queda atr\u00e1s en cuanto a modernidad y comodidad. Los asientos est\u00e1n tapizados en cuero, y entre los asientos delanteros se encuentra el Buzz Box, una caja extra\u00edble con un compartimento para guardar una laptop, libretas o portapapeles, adem\u00e1s de botellas y otros objetos. El ID. Buzz incluye bandejas en los respaldos de los asientos delanteros, puertos USB-C (uno en cada puerta) e incluso un compartimento para mascotas en el asiento trasero.<\/p>\n\n\n\n<p>La era el\u00e9ctrica ya est\u00e1 aqu\u00ed, y el modelo ID. Buzz est\u00e1 preparado para inaugurar un nuevo cap\u00edtulo en la historia de Volkswagen. El enfoque integral de Volkswagen hacia una movilidad sostenible busca reducir a la mitad las emisiones de CO2 en todas sus plantas de producci\u00f3n para 2025, utilizando energ\u00eda renovable.<\/p>\n\n\n\n<figure class=\"wp-block-image size-large\"><a href=\"https:\/\/www.kia.com\/ec\/showroom\/soluto-ab-19my\/features.html\"><img decoding=\"async\" width=\"1024\" height=\"284\" src=\"https:\/\/garageblogec.com\/wp-content\/uploads\/2024\/06\/1080X300-7-1024x284.jpg\" alt=\"\" class=\"wp-image-894\" srcset=\"https:\/\/garageblogec.com\/wp-content\/uploads\/2024\/06\/1080X300-7-1024x284.jpg 1024w, https:\/\/garageblogec.com\/wp-content\/uploads\/2024\/06\/1080X300-7-300x83.jpg 300w, https:\/\/garageblogec.com\/wp-content\/uploads\/2024\/06\/1080X300-7-768x213.jpg 768w, https:\/\/garageblogec.com\/wp-content\/uploads\/2024\/06\/1080X300-7.jpg 1080w\" sizes=\"(max-width: 1024px) 100vw, 1024px\" \/><\/a><\/figure>\n\n\n\n<ul class=\"wp-block-list\">\n<li><strong>Experiencia \u00fanica al conocer #ElAutoDeTuVida<\/strong><\/li>\n<\/ul>\n\n\n\n<p>Los visitantes del Autoshow conocieron la transformaci\u00f3n de una tradicional kombi, en un formato diferente. Junto a DrinkCombi, el stand de la marca alemana ofreci\u00f3 a todos sus clientes bebidas refrescantes, helados Topsy y bocaditos en su cl\u00e1sico veh\u00edculo.<\/p>\n\n\n\n<p>La exhibici\u00f3n del portafolio contempl\u00f3 12 veh\u00edculos en escena y se acercaron y disfrutaron del stand miles de guayaquile\u00f1os.<\/p>\n\n\n\n<p>Con esta iniciativa, Volkswagen Ecuador demuestra su compromiso con el sector automotriz, ofreciendo un amplio portafolio que se adapta a las necesidades de los consumidores sin dejar de lado su sello caracter\u00edstico: la m\u00e1xima seguridad.<\/p>\n\n\n\n<p><\/p>\n","protected":false},"excerpt":{"rendered":"<p>Descubre el Volkswagen ID. Buzz en Ecuador: motor el\u00e9ctrico de 204 hp, bater\u00eda de 77 kWh con autonom\u00eda de 337 km, dise\u00f1o moderno y sostenible, y gran comodidad interior. Disponible en el Autoshow 2024 en Guayaquil.<\/p>\n","protected":false},"author":1,"featured_media":967,"comment_status":"open","ping_status":"open","sticky":false,"template":"","format":"standard","meta":{"_jetpack_memberships_contains_paid_content":false,"footnotes":""},"categories":[27],"tags":[143,30],"class_list":["post-966","post","type-post","status-publish","format-standard","has-post-thumbnail","hentry","category-industria-nacional","tag-autoshow-guayaquil","tag-ecuador"],"yoast_head":"<!-- This site is optimized with the Yoast SEO plugin v27.4 - https:\/\/yoast.com\/product\/yoast-seo-wordpress\/ -->\n<title>Estas son las novedades de Volkswagen en el Autoshow 2024 - Garage Blog Ecuador<\/title>\n<meta name=\"description\" content=\"Descubre el Volkswagen ID. Buzz en Ecuador: motor el\u00e9ctrico de 204 hp, bater\u00eda de 77 kWh con autonom\u00eda de 337 km, dise\u00f1o moderno y sostenible, y gran comodidad interior. Disponible en el Autoshow 2024 en Guayaquil.\" \/>\n<meta name=\"robots\" content=\"index, follow, max-snippet:-1, max-image-preview:large, max-video-preview:-1\" \/>\n<link rel=\"canonical\" href=\"https:\/\/garageblogec.com\/?p=966\" \/>\n<meta property=\"og:locale\" content=\"es_ES\" \/>\n<meta property=\"og:type\" content=\"article\" \/>\n<meta property=\"og:title\" content=\"Estas son las novedades de Volkswagen en el Autoshow 2024 - Garage Blog Ecuador\" \/>\n<meta property=\"og:description\" content=\"Descubre el Volkswagen ID. Buzz en Ecuador: motor el\u00e9ctrico de 204 hp, bater\u00eda de 77 kWh con autonom\u00eda de 337 km, dise\u00f1o moderno y sostenible, y gran comodidad interior. Disponible en el Autoshow 2024 en Guayaquil.\" \/>\n<meta property=\"og:url\" content=\"https:\/\/garageblogec.com\/?p=966\" \/>\n<meta property=\"og:site_name\" content=\"Garage Blog Ecuador\" \/>\n<meta property=\"article:published_time\" content=\"2024-07-13T01:48:26+00:00\" \/>\n<meta property=\"article:modified_time\" content=\"2024-07-13T01:48:30+00:00\" \/>\n<meta property=\"og:image\" content=\"https:\/\/garageblogec.com\/wp-content\/uploads\/2024\/07\/DSC_3529-scaled.jpg\" \/>\n\t<meta property=\"og:image:width\" content=\"2560\" \/>\n\t<meta property=\"og:image:height\" content=\"1707\" \/>\n\t<meta property=\"og:image:type\" content=\"image\/jpeg\" \/>\n<meta name=\"author\" content=\"admin\" \/>\n<meta name=\"twitter:card\" content=\"summary_large_image\" \/>\n<meta name=\"twitter:label1\" content=\"Escrito por\" \/>\n\t<meta name=\"twitter:data1\" content=\"admin\" \/>\n\t<meta name=\"twitter:label2\" content=\"Tiempo de lectura\" \/>\n\t<meta name=\"twitter:data2\" content=\"11 minutos\" \/>\n<script type=\"application\/ld+json\" class=\"yoast-schema-graph\">{\"@context\":\"https:\\\/\\\/schema.org\",\"@graph\":[{\"@type\":\"Article\",\"@id\":\"https:\\\/\\\/garageblogec.com\\\/?p=966#article\",\"isPartOf\":{\"@id\":\"https:\\\/\\\/garageblogec.com\\\/?p=966\"},\"author\":{\"name\":\"admin\",\"@id\":\"https:\\\/\\\/garageblogec.com\\\/#\\\/schema\\\/person\\\/9e42946a1c059998e1dcd2e9c0b14f7b\"},\"headline\":\"Estas son las novedades de Volkswagen en el Autoshow 2024\",\"datePublished\":\"2024-07-13T01:48:26+00:00\",\"dateModified\":\"2024-07-13T01:48:30+00:00\",\"mainEntityOfPage\":{\"@id\":\"https:\\\/\\\/garageblogec.com\\\/?p=966\"},\"wordCount\":2168,\"commentCount\":0,\"publisher\":{\"@id\":\"https:\\\/\\\/garageblogec.com\\\/#organization\"},\"image\":{\"@id\":\"https:\\\/\\\/garageblogec.com\\\/?p=966#primaryimage\"},\"thumbnailUrl\":\"https:\\\/\\\/garageblogec.com\\\/wp-content\\\/uploads\\\/2024\\\/07\\\/DSC_3529-scaled.jpg\",\"keywords\":[\"autoshow guayaquil\",\"Ecuador\"],\"articleSection\":[\"Industria Nacional\"],\"inLanguage\":\"es\",\"potentialAction\":[{\"@type\":\"CommentAction\",\"name\":\"Comment\",\"target\":[\"https:\\\/\\\/garageblogec.com\\\/?p=966#respond\"]}]},{\"@type\":\"WebPage\",\"@id\":\"https:\\\/\\\/garageblogec.com\\\/?p=966\",\"url\":\"https:\\\/\\\/garageblogec.com\\\/?p=966\",\"name\":\"Estas son las novedades de Volkswagen en el Autoshow 2024 - Garage Blog Ecuador\",\"isPartOf\":{\"@id\":\"https:\\\/\\\/garageblogec.com\\\/#website\"},\"primaryImageOfPage\":{\"@id\":\"https:\\\/\\\/garageblogec.com\\\/?p=966#primaryimage\"},\"image\":{\"@id\":\"https:\\\/\\\/garageblogec.com\\\/?p=966#primaryimage\"},\"thumbnailUrl\":\"https:\\\/\\\/garageblogec.com\\\/wp-content\\\/uploads\\\/2024\\\/07\\\/DSC_3529-scaled.jpg\",\"datePublished\":\"2024-07-13T01:48:26+00:00\",\"dateModified\":\"2024-07-13T01:48:30+00:00\",\"description\":\"Descubre el Volkswagen ID. Buzz en Ecuador: motor el\u00e9ctrico de 204 hp, bater\u00eda de 77 kWh con autonom\u00eda de 337 km, dise\u00f1o moderno y sostenible, y gran comodidad interior. Disponible en el Autoshow 2024 en Guayaquil.\",\"breadcrumb\":{\"@id\":\"https:\\\/\\\/garageblogec.com\\\/?p=966#breadcrumb\"},\"inLanguage\":\"es\",\"potentialAction\":[{\"@type\":\"ReadAction\",\"target\":[\"https:\\\/\\\/garageblogec.com\\\/?p=966\"]}]},{\"@type\":\"ImageObject\",\"inLanguage\":\"es\",\"@id\":\"https:\\\/\\\/garageblogec.com\\\/?p=966#primaryimage\",\"url\":\"https:\\\/\\\/garageblogec.com\\\/wp-content\\\/uploads\\\/2024\\\/07\\\/DSC_3529-scaled.jpg\",\"contentUrl\":\"https:\\\/\\\/garageblogec.com\\\/wp-content\\\/uploads\\\/2024\\\/07\\\/DSC_3529-scaled.jpg\",\"width\":2560,\"height\":1707},{\"@type\":\"BreadcrumbList\",\"@id\":\"https:\\\/\\\/garageblogec.com\\\/?p=966#breadcrumb\",\"itemListElement\":[{\"@type\":\"ListItem\",\"position\":1,\"name\":\"Portada\",\"item\":\"https:\\\/\\\/garageblogec.com\\\/\"},{\"@type\":\"ListItem\",\"position\":2,\"name\":\"Estas son las novedades de Volkswagen en el Autoshow 2024\"}]},{\"@type\":\"WebSite\",\"@id\":\"https:\\\/\\\/garageblogec.com\\\/#website\",\"url\":\"https:\\\/\\\/garageblogec.com\\\/\",\"name\":\"Garage Blog Ecuador\",\"description\":\"Alucinamos por los autos \",\"publisher\":{\"@id\":\"https:\\\/\\\/garageblogec.com\\\/#organization\"},\"potentialAction\":[{\"@type\":\"SearchAction\",\"target\":{\"@type\":\"EntryPoint\",\"urlTemplate\":\"https:\\\/\\\/garageblogec.com\\\/?s={search_term_string}\"},\"query-input\":{\"@type\":\"PropertyValueSpecification\",\"valueRequired\":true,\"valueName\":\"search_term_string\"}}],\"inLanguage\":\"es\"},{\"@type\":\"Organization\",\"@id\":\"https:\\\/\\\/garageblogec.com\\\/#organization\",\"name\":\"Garage Blog Ecuador\",\"url\":\"https:\\\/\\\/garageblogec.com\\\/\",\"logo\":{\"@type\":\"ImageObject\",\"inLanguage\":\"es\",\"@id\":\"https:\\\/\\\/garageblogec.com\\\/#\\\/schema\\\/logo\\\/image\\\/\",\"url\":\"https:\\\/\\\/garageblogec.com\\\/wp-content\\\/uploads\\\/2024\\\/02\\\/cropped-logo-png-para-blog.webp\",\"contentUrl\":\"https:\\\/\\\/garageblogec.com\\\/wp-content\\\/uploads\\\/2024\\\/02\\\/cropped-logo-png-para-blog.webp\",\"width\":840,\"height\":556,\"caption\":\"Garage Blog Ecuador \"},\"image\":{\"@id\":\"https:\\\/\\\/garageblogec.com\\\/#\\\/schema\\\/logo\\\/image\\\/\"}},{\"@type\":\"Person\",\"@id\":\"https:\\\/\\\/garageblogec.com\\\/#\\\/schema\\\/person\\\/9e42946a1c059998e1dcd2e9c0b14f7b\",\"name\":\"admin\",\"image\":{\"@type\":\"ImageObject\",\"inLanguage\":\"es\",\"@id\":\"https:\\\/\\\/secure.gravatar.com\\\/avatar\\\/3612d5dfd364004c4d91ec427ebfe980a13c66be055df17156d99287f7c39228?s=96&d=mm&r=g\",\"url\":\"https:\\\/\\\/secure.gravatar.com\\\/avatar\\\/3612d5dfd364004c4d91ec427ebfe980a13c66be055df17156d99287f7c39228?s=96&d=mm&r=g\",\"contentUrl\":\"https:\\\/\\\/secure.gravatar.com\\\/avatar\\\/3612d5dfd364004c4d91ec427ebfe980a13c66be055df17156d99287f7c39228?s=96&d=mm&r=g\",\"caption\":\"admin\"},\"sameAs\":[\"https:\\\/\\\/garageblogec.com\"],\"url\":\"https:\\\/\\\/garageblogec.com\\\/?author=1\"}]}<\/script>\n<!-- \/ Yoast SEO plugin. -->","yoast_head_json":{"title":"Estas son las novedades de Volkswagen en el Autoshow 2024 - Garage Blog Ecuador","description":"Descubre el Volkswagen ID. Buzz en Ecuador: motor el\u00e9ctrico de 204 hp, bater\u00eda de 77 kWh con autonom\u00eda de 337 km, dise\u00f1o moderno y sostenible, y gran comodidad interior. Disponible en el Autoshow 2024 en Guayaquil.","robots":{"index":"index","follow":"follow","max-snippet":"max-snippet:-1","max-image-preview":"max-image-preview:large","max-video-preview":"max-video-preview:-1"},"canonical":"https:\/\/garageblogec.com\/?p=966","og_locale":"es_ES","og_type":"article","og_title":"Estas son las novedades de Volkswagen en el Autoshow 2024 - Garage Blog Ecuador","og_description":"Descubre el Volkswagen ID. Buzz en Ecuador: motor el\u00e9ctrico de 204 hp, bater\u00eda de 77 kWh con autonom\u00eda de 337 km, dise\u00f1o moderno y sostenible, y gran comodidad interior. Disponible en el Autoshow 2024 en Guayaquil.","og_url":"https:\/\/garageblogec.com\/?p=966","og_site_name":"Garage Blog Ecuador","article_published_time":"2024-07-13T01:48:26+00:00","article_modified_time":"2024-07-13T01:48:30+00:00","og_image":[{"width":2560,"height":1707,"url":"https:\/\/garageblogec.com\/wp-content\/uploads\/2024\/07\/DSC_3529-scaled.jpg","type":"image\/jpeg"}],"author":"admin","twitter_card":"summary_large_image","twitter_misc":{"Escrito por":"admin","Tiempo de lectura":"11 minutos"},"schema":{"@context":"https:\/\/schema.org","@graph":[{"@type":"Article","@id":"https:\/\/garageblogec.com\/?p=966#article","isPartOf":{"@id":"https:\/\/garageblogec.com\/?p=966"},"author":{"name":"admin","@id":"https:\/\/garageblogec.com\/#\/schema\/person\/9e42946a1c059998e1dcd2e9c0b14f7b"},"headline":"Estas son las novedades de Volkswagen en el Autoshow 2024","datePublished":"2024-07-13T01:48:26+00:00","dateModified":"2024-07-13T01:48:30+00:00","mainEntityOfPage":{"@id":"https:\/\/garageblogec.com\/?p=966"},"wordCount":2168,"commentCount":0,"publisher":{"@id":"https:\/\/garageblogec.com\/#organization"},"image":{"@id":"https:\/\/garageblogec.com\/?p=966#primaryimage"},"thumbnailUrl":"https:\/\/garageblogec.com\/wp-content\/uploads\/2024\/07\/DSC_3529-scaled.jpg","keywords":["autoshow guayaquil","Ecuador"],"articleSection":["Industria Nacional"],"inLanguage":"es","potentialAction":[{"@type":"CommentAction","name":"Comment","target":["https:\/\/garageblogec.com\/?p=966#respond"]}]},{"@type":"WebPage","@id":"https:\/\/garageblogec.com\/?p=966","url":"https:\/\/garageblogec.com\/?p=966","name":"Estas son las novedades de Volkswagen en el Autoshow 2024 - Garage Blog Ecuador","isPartOf":{"@id":"https:\/\/garageblogec.com\/#website"},"primaryImageOfPage":{"@id":"https:\/\/garageblogec.com\/?p=966#primaryimage"},"image":{"@id":"https:\/\/garageblogec.com\/?p=966#primaryimage"},"thumbnailUrl":"https:\/\/garageblogec.com\/wp-content\/uploads\/2024\/07\/DSC_3529-scaled.jpg","datePublished":"2024-07-13T01:48:26+00:00","dateModified":"2024-07-13T01:48:30+00:00","description":"Descubre el Volkswagen ID. Buzz en Ecuador: motor el\u00e9ctrico de 204 hp, bater\u00eda de 77 kWh con autonom\u00eda de 337 km, dise\u00f1o moderno y sostenible, y gran comodidad interior. Disponible en el Autoshow 2024 en Guayaquil.","breadcrumb":{"@id":"https:\/\/garageblogec.com\/?p=966#breadcrumb"},"inLanguage":"es","potentialAction":[{"@type":"ReadAction","target":["https:\/\/garageblogec.com\/?p=966"]}]},{"@type":"ImageObject","inLanguage":"es","@id":"https:\/\/garageblogec.com\/?p=966#primaryimage","url":"https:\/\/garageblogec.com\/wp-content\/uploads\/2024\/07\/DSC_3529-scaled.jpg","contentUrl":"https:\/\/garageblogec.com\/wp-content\/uploads\/2024\/07\/DSC_3529-scaled.jpg","width":2560,"height":1707},{"@type":"BreadcrumbList","@id":"https:\/\/garageblogec.com\/?p=966#breadcrumb","itemListElement":[{"@type":"ListItem","position":1,"name":"Portada","item":"https:\/\/garageblogec.com\/"},{"@type":"ListItem","position":2,"name":"Estas son las novedades de Volkswagen en el Autoshow 2024"}]},{"@type":"WebSite","@id":"https:\/\/garageblogec.com\/#website","url":"https:\/\/garageblogec.com\/","name":"Garage Blog Ecuador","description":"Alucinamos por los autos ","publisher":{"@id":"https:\/\/garageblogec.com\/#organization"},"potentialAction":[{"@type":"SearchAction","target":{"@type":"EntryPoint","urlTemplate":"https:\/\/garageblogec.com\/?s={search_term_string}"},"query-input":{"@type":"PropertyValueSpecification","valueRequired":true,"valueName":"search_term_string"}}],"inLanguage":"es"},{"@type":"Organization","@id":"https:\/\/garageblogec.com\/#organization","name":"Garage Blog Ecuador","url":"https:\/\/garageblogec.com\/","logo":{"@type":"ImageObject","inLanguage":"es","@id":"https:\/\/garageblogec.com\/#\/schema\/logo\/image\/","url":"https:\/\/garageblogec.com\/wp-content\/uploads\/2024\/02\/cropped-logo-png-para-blog.webp","contentUrl":"https:\/\/garageblogec.com\/wp-content\/uploads\/2024\/02\/cropped-logo-png-para-blog.webp","width":840,"height":556,"caption":"Garage Blog Ecuador "},"image":{"@id":"https:\/\/garageblogec.com\/#\/schema\/logo\/image\/"}},{"@type":"Person","@id":"https:\/\/garageblogec.com\/#\/schema\/person\/9e42946a1c059998e1dcd2e9c0b14f7b","name":"admin","image":{"@type":"ImageObject","inLanguage":"es","@id":"https:\/\/secure.gravatar.com\/avatar\/3612d5dfd364004c4d91ec427ebfe980a13c66be055df17156d99287f7c39228?s=96&d=mm&r=g","url":"https:\/\/secure.gravatar.com\/avatar\/3612d5dfd364004c4d91ec427ebfe980a13c66be055df17156d99287f7c39228?s=96&d=mm&r=g","contentUrl":"https:\/\/secure.gravatar.com\/avatar\/3612d5dfd364004c4d91ec427ebfe980a13c66be055df17156d99287f7c39228?s=96&d=mm&r=g","caption":"admin"},"sameAs":["https:\/\/garageblogec.com"],"url":"https:\/\/garageblogec.com\/?author=1"}]}},"jetpack_featured_media_url":"https:\/\/garageblogec.com\/wp-content\/uploads\/2024\/07\/DSC_3529-scaled.jpg","jetpack_sharing_enabled":true,"_links":{"self":[{"href":"https:\/\/garageblogec.com\/index.php?rest_route=\/wp\/v2\/posts\/966","targetHints":{"allow":["GET"]}}],"collection":[{"href":"https:\/\/garageblogec.com\/index.php?rest_route=\/wp\/v2\/posts"}],"about":[{"href":"https:\/\/garageblogec.com\/index.php?rest_route=\/wp\/v2\/types\/post"}],"author":[{"embeddable":true,"href":"https:\/\/garageblogec.com\/index.php?rest_route=\/wp\/v2\/users\/1"}],"replies":[{"embeddable":true,"href":"https:\/\/garageblogec.com\/index.php?rest_route=%2Fwp%2Fv2%2Fcomments&post=966"}],"version-history":[{"count":1,"href":"https:\/\/garageblogec.com\/index.php?rest_route=\/wp\/v2\/posts\/966\/revisions"}],"predecessor-version":[{"id":970,"href":"https:\/\/garageblogec.com\/index.php?rest_route=\/wp\/v2\/posts\/966\/revisions\/970"}],"wp:featuredmedia":[{"embeddable":true,"href":"https:\/\/garageblogec.com\/index.php?rest_route=\/wp\/v2\/media\/967"}],"wp:attachment":[{"href":"https:\/\/garageblogec.com\/index.php?rest_route=%2Fwp%2Fv2%2Fmedia&parent=966"}],"wp:term":[{"taxonomy":"category","embeddable":true,"href":"https:\/\/garageblogec.com\/index.php?rest_route=%2Fwp%2Fv2%2Fcategories&post=966"},{"taxonomy":"post_tag","embeddable":true,"href":"https:\/\/garageblogec.com\/index.php?rest_route=%2Fwp%2Fv2%2Ftags&post=966"}],"curies":[{"name":"wp","href":"https:\/\/api.w.org\/{rel}","templated":true}]}}