{"id":952,"date":"2024-07-12T00:52:11","date_gmt":"2024-07-12T00:52:11","guid":{"rendered":"https:\/\/garageblogec.com\/?p=952"},"modified":"2024-07-12T00:52:15","modified_gmt":"2024-07-12T00:52:15","slug":"helmut-marko-pone-en-duda-el-futuro-de-sergio-perez","status":"publish","type":"post","link":"https:\/\/garageblogec.com\/?p=952","title":{"rendered":"Helmut Marko pone en duda el futuro de Sergio P\u00e9rez"},"content":{"rendered":"\n<p>La situaci\u00f3n y el futuro de\u00a0Sergio P\u00e9rez\u00a0en Red Bull peligran cada vez m\u00e1s. Las actuaciones del mexicano est\u00e1n dejando bastante que desear:\u00a0<strong>acumula tan solo 15 puntos en las seis \u00faltimas carreras. P<\/strong>ara ponerlo en perspectiva,\u00a0Nico H\u00fclkenberg, con el Haas, ha sumado 16 en las \u00faltimas dos.<\/p>\n\n\n\n<p>La escuder\u00eda de las bebidas energ\u00e9ticas\u00a0decidi\u00f3 renovarle hasta 2026\u00a0para dar estabilidad al equipo y ofrecerle confianza al piloto despu\u00e9s de los malos resultados que cosech\u00f3 en\u00a0Imola\u00a0y\u00a0M\u00f3naco. Confiaron en que Checo pudiese recuperar el rendimiento que ofreci\u00f3 al principio de temporada. Pero est\u00e1 siendo todo lo contrario.\u00a0<strong>La din\u00e1mica del de Guadalajara tan solo va a peor.<\/strong><\/p>\n\n\n\n<figure class=\"wp-block-image size-large\"><img decoding=\"async\" src=\"https:\/\/hips.hearstapps.com\/hmg-prod\/images\/sergio-perez-of-mexico-driving-the-oracle-red-bull-racing-news-photo-1698625653.jpg?crop=1xw:0.84363xh;center,top\" alt=\"\"\/><\/figure>\n\n\n\n<p>Debido a esto,\u00a0<strong>en Red Bull han saltado las alarmas<\/strong>, ya que ven que la cosecha de puntos lograda por\u00a0Max Verstappen\u00a0no les ser\u00e1 suficiente para ganar el mundial de constructores.\u00a0<strong>Necesitan un segundo piloto que tambi\u00e9n sume buenos puntos regularmente<\/strong>, y por el momento, P\u00e9rez no lo est\u00e1 consiguiendo.<\/p>\n\n\n\n<figure class=\"wp-block-image size-large\"><a href=\"https:\/\/www.kia.com\/ec\/showroom\/soluto-ab-19my\/features.html\"><img fetchpriority=\"high\" decoding=\"async\" width=\"1024\" height=\"284\" src=\"https:\/\/garageblogec.com\/wp-content\/uploads\/2024\/06\/1080X300-7-1024x284.jpg\" alt=\"\" class=\"wp-image-894\" srcset=\"https:\/\/garageblogec.com\/wp-content\/uploads\/2024\/06\/1080X300-7-1024x284.jpg 1024w, https:\/\/garageblogec.com\/wp-content\/uploads\/2024\/06\/1080X300-7-300x83.jpg 300w, https:\/\/garageblogec.com\/wp-content\/uploads\/2024\/06\/1080X300-7-768x213.jpg 768w, https:\/\/garageblogec.com\/wp-content\/uploads\/2024\/06\/1080X300-7.jpg 1080w\" sizes=\"(max-width: 1024px) 100vw, 1024px\" \/><\/a><\/figure>\n","protected":false},"excerpt":{"rendered":"<p>La situaci\u00f3n y el futuro de\u00a0Sergio P\u00e9rez\u00a0en Red Bull peligran cada vez m\u00e1s. Las actuaciones del mexicano est\u00e1n dejando bastante que desear<\/p>\n","protected":false},"author":1,"featured_media":953,"comment_status":"open","ping_status":"open","sticky":false,"template":"","format":"standard","meta":{"_jetpack_memberships_contains_paid_content":false,"footnotes":""},"categories":[1],"tags":[85,149,148],"class_list":["post-952","post","type-post","status-publish","format-standard","has-post-thumbnail","hentry","category-uncategorized","tag-85","tag-futuro-f1","tag-sergio-perez"],"yoast_head":"<!-- This site is optimized with the Yoast SEO plugin v27.4 - https:\/\/yoast.com\/product\/yoast-seo-wordpress\/ -->\n<title>Helmut Marko pone en duda el futuro de Sergio P\u00e9rez - Garage Blog Ecuador<\/title>\n<meta name=\"description\" content=\"La situaci\u00f3n y el futuro de\u00a0Sergio P\u00e9rez\u00a0en Red Bull peligran cada vez m\u00e1s. Las actuaciones del mexicano est\u00e1n dejando bastante que desear\" \/>\n<meta name=\"robots\" content=\"index, follow, max-snippet:-1, max-image-preview:large, max-video-preview:-1\" \/>\n<link rel=\"canonical\" href=\"https:\/\/garageblogec.com\/?p=952\" \/>\n<meta property=\"og:locale\" content=\"es_ES\" \/>\n<meta property=\"og:type\" content=\"article\" \/>\n<meta property=\"og:title\" content=\"Helmut Marko pone en duda el futuro de Sergio P\u00e9rez - Garage Blog Ecuador\" \/>\n<meta property=\"og:description\" content=\"La situaci\u00f3n y el futuro de\u00a0Sergio P\u00e9rez\u00a0en Red Bull peligran cada vez m\u00e1s. Las actuaciones del mexicano est\u00e1n dejando bastante que desear\" \/>\n<meta property=\"og:url\" content=\"https:\/\/garageblogec.com\/?p=952\" \/>\n<meta property=\"og:site_name\" content=\"Garage Blog Ecuador\" \/>\n<meta property=\"article:published_time\" content=\"2024-07-12T00:52:11+00:00\" \/>\n<meta property=\"article:modified_time\" content=\"2024-07-12T00:52:15+00:00\" \/>\n<meta property=\"og:image\" content=\"https:\/\/garageblogec.com\/wp-content\/uploads\/2024\/07\/ChecoTriste.jpg\" \/>\n\t<meta property=\"og:image:width\" content=\"1280\" \/>\n\t<meta property=\"og:image:height\" content=\"853\" \/>\n\t<meta property=\"og:image:type\" content=\"image\/jpeg\" \/>\n<meta name=\"author\" content=\"admin\" \/>\n<meta name=\"twitter:card\" content=\"summary_large_image\" \/>\n<meta name=\"twitter:label1\" content=\"Escrito por\" \/>\n\t<meta name=\"twitter:data1\" content=\"admin\" \/>\n\t<meta name=\"twitter:label2\" content=\"Tiempo de lectura\" \/>\n\t<meta name=\"twitter:data2\" content=\"2 minutos\" \/>\n<script type=\"application\/ld+json\" class=\"yoast-schema-graph\">{\"@context\":\"https:\\\/\\\/schema.org\",\"@graph\":[{\"@type\":\"Article\",\"@id\":\"https:\\\/\\\/garageblogec.com\\\/?p=952#article\",\"isPartOf\":{\"@id\":\"https:\\\/\\\/garageblogec.com\\\/?p=952\"},\"author\":{\"name\":\"admin\",\"@id\":\"https:\\\/\\\/garageblogec.com\\\/#\\\/schema\\\/person\\\/9e42946a1c059998e1dcd2e9c0b14f7b\"},\"headline\":\"Helmut Marko pone en duda el futuro de Sergio P\u00e9rez\",\"datePublished\":\"2024-07-12T00:52:11+00:00\",\"dateModified\":\"2024-07-12T00:52:15+00:00\",\"mainEntityOfPage\":{\"@id\":\"https:\\\/\\\/garageblogec.com\\\/?p=952\"},\"wordCount\":182,\"commentCount\":0,\"publisher\":{\"@id\":\"https:\\\/\\\/garageblogec.com\\\/#organization\"},\"image\":{\"@id\":\"https:\\\/\\\/garageblogec.com\\\/?p=952#primaryimage\"},\"thumbnailUrl\":\"https:\\\/\\\/garageblogec.com\\\/wp-content\\\/uploads\\\/2024\\\/07\\\/ChecoTriste.jpg\",\"keywords\":[\"2024\",\"futuro f1\",\"sergio perez\"],\"articleSection\":[\"Uncategorized\"],\"inLanguage\":\"es\",\"potentialAction\":[{\"@type\":\"CommentAction\",\"name\":\"Comment\",\"target\":[\"https:\\\/\\\/garageblogec.com\\\/?p=952#respond\"]}]},{\"@type\":\"WebPage\",\"@id\":\"https:\\\/\\\/garageblogec.com\\\/?p=952\",\"url\":\"https:\\\/\\\/garageblogec.com\\\/?p=952\",\"name\":\"Helmut Marko pone en duda el futuro de Sergio P\u00e9rez - Garage Blog Ecuador\",\"isPartOf\":{\"@id\":\"https:\\\/\\\/garageblogec.com\\\/#website\"},\"primaryImageOfPage\":{\"@id\":\"https:\\\/\\\/garageblogec.com\\\/?p=952#primaryimage\"},\"image\":{\"@id\":\"https:\\\/\\\/garageblogec.com\\\/?p=952#primaryimage\"},\"thumbnailUrl\":\"https:\\\/\\\/garageblogec.com\\\/wp-content\\\/uploads\\\/2024\\\/07\\\/ChecoTriste.jpg\",\"datePublished\":\"2024-07-12T00:52:11+00:00\",\"dateModified\":\"2024-07-12T00:52:15+00:00\",\"description\":\"La situaci\u00f3n y el futuro de\u00a0Sergio P\u00e9rez\u00a0en Red Bull peligran cada vez m\u00e1s. Las actuaciones del mexicano est\u00e1n dejando bastante que desear\",\"breadcrumb\":{\"@id\":\"https:\\\/\\\/garageblogec.com\\\/?p=952#breadcrumb\"},\"inLanguage\":\"es\",\"potentialAction\":[{\"@type\":\"ReadAction\",\"target\":[\"https:\\\/\\\/garageblogec.com\\\/?p=952\"]}]},{\"@type\":\"ImageObject\",\"inLanguage\":\"es\",\"@id\":\"https:\\\/\\\/garageblogec.com\\\/?p=952#primaryimage\",\"url\":\"https:\\\/\\\/garageblogec.com\\\/wp-content\\\/uploads\\\/2024\\\/07\\\/ChecoTriste.jpg\",\"contentUrl\":\"https:\\\/\\\/garageblogec.com\\\/wp-content\\\/uploads\\\/2024\\\/07\\\/ChecoTriste.jpg\",\"width\":1280,\"height\":853},{\"@type\":\"BreadcrumbList\",\"@id\":\"https:\\\/\\\/garageblogec.com\\\/?p=952#breadcrumb\",\"itemListElement\":[{\"@type\":\"ListItem\",\"position\":1,\"name\":\"Portada\",\"item\":\"https:\\\/\\\/garageblogec.com\\\/\"},{\"@type\":\"ListItem\",\"position\":2,\"name\":\"Helmut Marko pone en duda el futuro de Sergio P\u00e9rez\"}]},{\"@type\":\"WebSite\",\"@id\":\"https:\\\/\\\/garageblogec.com\\\/#website\",\"url\":\"https:\\\/\\\/garageblogec.com\\\/\",\"name\":\"Garage Blog Ecuador\",\"description\":\"Alucinamos por los autos \",\"publisher\":{\"@id\":\"https:\\\/\\\/garageblogec.com\\\/#organization\"},\"potentialAction\":[{\"@type\":\"SearchAction\",\"target\":{\"@type\":\"EntryPoint\",\"urlTemplate\":\"https:\\\/\\\/garageblogec.com\\\/?s={search_term_string}\"},\"query-input\":{\"@type\":\"PropertyValueSpecification\",\"valueRequired\":true,\"valueName\":\"search_term_string\"}}],\"inLanguage\":\"es\"},{\"@type\":\"Organization\",\"@id\":\"https:\\\/\\\/garageblogec.com\\\/#organization\",\"name\":\"Garage Blog Ecuador\",\"url\":\"https:\\\/\\\/garageblogec.com\\\/\",\"logo\":{\"@type\":\"ImageObject\",\"inLanguage\":\"es\",\"@id\":\"https:\\\/\\\/garageblogec.com\\\/#\\\/schema\\\/logo\\\/image\\\/\",\"url\":\"https:\\\/\\\/garageblogec.com\\\/wp-content\\\/uploads\\\/2024\\\/02\\\/cropped-logo-png-para-blog.webp\",\"contentUrl\":\"https:\\\/\\\/garageblogec.com\\\/wp-content\\\/uploads\\\/2024\\\/02\\\/cropped-logo-png-para-blog.webp\",\"width\":840,\"height\":556,\"caption\":\"Garage Blog Ecuador \"},\"image\":{\"@id\":\"https:\\\/\\\/garageblogec.com\\\/#\\\/schema\\\/logo\\\/image\\\/\"}},{\"@type\":\"Person\",\"@id\":\"https:\\\/\\\/garageblogec.com\\\/#\\\/schema\\\/person\\\/9e42946a1c059998e1dcd2e9c0b14f7b\",\"name\":\"admin\",\"image\":{\"@type\":\"ImageObject\",\"inLanguage\":\"es\",\"@id\":\"https:\\\/\\\/secure.gravatar.com\\\/avatar\\\/3612d5dfd364004c4d91ec427ebfe980a13c66be055df17156d99287f7c39228?s=96&d=mm&r=g\",\"url\":\"https:\\\/\\\/secure.gravatar.com\\\/avatar\\\/3612d5dfd364004c4d91ec427ebfe980a13c66be055df17156d99287f7c39228?s=96&d=mm&r=g\",\"contentUrl\":\"https:\\\/\\\/secure.gravatar.com\\\/avatar\\\/3612d5dfd364004c4d91ec427ebfe980a13c66be055df17156d99287f7c39228?s=96&d=mm&r=g\",\"caption\":\"admin\"},\"sameAs\":[\"https:\\\/\\\/garageblogec.com\"],\"url\":\"https:\\\/\\\/garageblogec.com\\\/?author=1\"}]}<\/script>\n<!-- \/ Yoast SEO plugin. -->","yoast_head_json":{"title":"Helmut Marko pone en duda el futuro de Sergio P\u00e9rez - Garage Blog Ecuador","description":"La situaci\u00f3n y el futuro de\u00a0Sergio P\u00e9rez\u00a0en Red Bull peligran cada vez m\u00e1s. Las actuaciones del mexicano est\u00e1n dejando bastante que desear","robots":{"index":"index","follow":"follow","max-snippet":"max-snippet:-1","max-image-preview":"max-image-preview:large","max-video-preview":"max-video-preview:-1"},"canonical":"https:\/\/garageblogec.com\/?p=952","og_locale":"es_ES","og_type":"article","og_title":"Helmut Marko pone en duda el futuro de Sergio P\u00e9rez - Garage Blog Ecuador","og_description":"La situaci\u00f3n y el futuro de\u00a0Sergio P\u00e9rez\u00a0en Red Bull peligran cada vez m\u00e1s. Las actuaciones del mexicano est\u00e1n dejando bastante que desear","og_url":"https:\/\/garageblogec.com\/?p=952","og_site_name":"Garage Blog Ecuador","article_published_time":"2024-07-12T00:52:11+00:00","article_modified_time":"2024-07-12T00:52:15+00:00","og_image":[{"width":1280,"height":853,"url":"https:\/\/garageblogec.com\/wp-content\/uploads\/2024\/07\/ChecoTriste.jpg","type":"image\/jpeg"}],"author":"admin","twitter_card":"summary_large_image","twitter_misc":{"Escrito por":"admin","Tiempo de lectura":"2 minutos"},"schema":{"@context":"https:\/\/schema.org","@graph":[{"@type":"Article","@id":"https:\/\/garageblogec.com\/?p=952#article","isPartOf":{"@id":"https:\/\/garageblogec.com\/?p=952"},"author":{"name":"admin","@id":"https:\/\/garageblogec.com\/#\/schema\/person\/9e42946a1c059998e1dcd2e9c0b14f7b"},"headline":"Helmut Marko pone en duda el futuro de Sergio P\u00e9rez","datePublished":"2024-07-12T00:52:11+00:00","dateModified":"2024-07-12T00:52:15+00:00","mainEntityOfPage":{"@id":"https:\/\/garageblogec.com\/?p=952"},"wordCount":182,"commentCount":0,"publisher":{"@id":"https:\/\/garageblogec.com\/#organization"},"image":{"@id":"https:\/\/garageblogec.com\/?p=952#primaryimage"},"thumbnailUrl":"https:\/\/garageblogec.com\/wp-content\/uploads\/2024\/07\/ChecoTriste.jpg","keywords":["2024","futuro f1","sergio perez"],"articleSection":["Uncategorized"],"inLanguage":"es","potentialAction":[{"@type":"CommentAction","name":"Comment","target":["https:\/\/garageblogec.com\/?p=952#respond"]}]},{"@type":"WebPage","@id":"https:\/\/garageblogec.com\/?p=952","url":"https:\/\/garageblogec.com\/?p=952","name":"Helmut Marko pone en duda el futuro de Sergio P\u00e9rez - Garage Blog Ecuador","isPartOf":{"@id":"https:\/\/garageblogec.com\/#website"},"primaryImageOfPage":{"@id":"https:\/\/garageblogec.com\/?p=952#primaryimage"},"image":{"@id":"https:\/\/garageblogec.com\/?p=952#primaryimage"},"thumbnailUrl":"https:\/\/garageblogec.com\/wp-content\/uploads\/2024\/07\/ChecoTriste.jpg","datePublished":"2024-07-12T00:52:11+00:00","dateModified":"2024-07-12T00:52:15+00:00","description":"La situaci\u00f3n y el futuro de\u00a0Sergio P\u00e9rez\u00a0en Red Bull peligran cada vez m\u00e1s. Las actuaciones del mexicano est\u00e1n dejando bastante que desear","breadcrumb":{"@id":"https:\/\/garageblogec.com\/?p=952#breadcrumb"},"inLanguage":"es","potentialAction":[{"@type":"ReadAction","target":["https:\/\/garageblogec.com\/?p=952"]}]},{"@type":"ImageObject","inLanguage":"es","@id":"https:\/\/garageblogec.com\/?p=952#primaryimage","url":"https:\/\/garageblogec.com\/wp-content\/uploads\/2024\/07\/ChecoTriste.jpg","contentUrl":"https:\/\/garageblogec.com\/wp-content\/uploads\/2024\/07\/ChecoTriste.jpg","width":1280,"height":853},{"@type":"BreadcrumbList","@id":"https:\/\/garageblogec.com\/?p=952#breadcrumb","itemListElement":[{"@type":"ListItem","position":1,"name":"Portada","item":"https:\/\/garageblogec.com\/"},{"@type":"ListItem","position":2,"name":"Helmut Marko pone en duda el futuro de Sergio P\u00e9rez"}]},{"@type":"WebSite","@id":"https:\/\/garageblogec.com\/#website","url":"https:\/\/garageblogec.com\/","name":"Garage Blog Ecuador","description":"Alucinamos por los autos ","publisher":{"@id":"https:\/\/garageblogec.com\/#organization"},"potentialAction":[{"@type":"SearchAction","target":{"@type":"EntryPoint","urlTemplate":"https:\/\/garageblogec.com\/?s={search_term_string}"},"query-input":{"@type":"PropertyValueSpecification","valueRequired":true,"valueName":"search_term_string"}}],"inLanguage":"es"},{"@type":"Organization","@id":"https:\/\/garageblogec.com\/#organization","name":"Garage Blog Ecuador","url":"https:\/\/garageblogec.com\/","logo":{"@type":"ImageObject","inLanguage":"es","@id":"https:\/\/garageblogec.com\/#\/schema\/logo\/image\/","url":"https:\/\/garageblogec.com\/wp-content\/uploads\/2024\/02\/cropped-logo-png-para-blog.webp","contentUrl":"https:\/\/garageblogec.com\/wp-content\/uploads\/2024\/02\/cropped-logo-png-para-blog.webp","width":840,"height":556,"caption":"Garage Blog Ecuador "},"image":{"@id":"https:\/\/garageblogec.com\/#\/schema\/logo\/image\/"}},{"@type":"Person","@id":"https:\/\/garageblogec.com\/#\/schema\/person\/9e42946a1c059998e1dcd2e9c0b14f7b","name":"admin","image":{"@type":"ImageObject","inLanguage":"es","@id":"https:\/\/secure.gravatar.com\/avatar\/3612d5dfd364004c4d91ec427ebfe980a13c66be055df17156d99287f7c39228?s=96&d=mm&r=g","url":"https:\/\/secure.gravatar.com\/avatar\/3612d5dfd364004c4d91ec427ebfe980a13c66be055df17156d99287f7c39228?s=96&d=mm&r=g","contentUrl":"https:\/\/secure.gravatar.com\/avatar\/3612d5dfd364004c4d91ec427ebfe980a13c66be055df17156d99287f7c39228?s=96&d=mm&r=g","caption":"admin"},"sameAs":["https:\/\/garageblogec.com"],"url":"https:\/\/garageblogec.com\/?author=1"}]}},"jetpack_featured_media_url":"https:\/\/garageblogec.com\/wp-content\/uploads\/2024\/07\/ChecoTriste.jpg","jetpack_sharing_enabled":true,"_links":{"self":[{"href":"https:\/\/garageblogec.com\/index.php?rest_route=\/wp\/v2\/posts\/952","targetHints":{"allow":["GET"]}}],"collection":[{"href":"https:\/\/garageblogec.com\/index.php?rest_route=\/wp\/v2\/posts"}],"about":[{"href":"https:\/\/garageblogec.com\/index.php?rest_route=\/wp\/v2\/types\/post"}],"author":[{"embeddable":true,"href":"https:\/\/garageblogec.com\/index.php?rest_route=\/wp\/v2\/users\/1"}],"replies":[{"embeddable":true,"href":"https:\/\/garageblogec.com\/index.php?rest_route=%2Fwp%2Fv2%2Fcomments&post=952"}],"version-history":[{"count":1,"href":"https:\/\/garageblogec.com\/index.php?rest_route=\/wp\/v2\/posts\/952\/revisions"}],"predecessor-version":[{"id":954,"href":"https:\/\/garageblogec.com\/index.php?rest_route=\/wp\/v2\/posts\/952\/revisions\/954"}],"wp:featuredmedia":[{"embeddable":true,"href":"https:\/\/garageblogec.com\/index.php?rest_route=\/wp\/v2\/media\/953"}],"wp:attachment":[{"href":"https:\/\/garageblogec.com\/index.php?rest_route=%2Fwp%2Fv2%2Fmedia&parent=952"}],"wp:term":[{"taxonomy":"category","embeddable":true,"href":"https:\/\/garageblogec.com\/index.php?rest_route=%2Fwp%2Fv2%2Fcategories&post=952"},{"taxonomy":"post_tag","embeddable":true,"href":"https:\/\/garageblogec.com\/index.php?rest_route=%2Fwp%2Fv2%2Ftags&post=952"}],"curies":[{"name":"wp","href":"https:\/\/api.w.org\/{rel}","templated":true}]}}