{"id":944,"date":"2024-07-11T00:31:50","date_gmt":"2024-07-11T00:31:50","guid":{"rendered":"https:\/\/garageblogec.com\/?p=944"},"modified":"2024-07-11T00:31:58","modified_gmt":"2024-07-11T00:31:58","slug":"chevrolet-estara-presente-en-el-autoshow-de-guayaquil-del-9-al-14-de-julio","status":"publish","type":"post","link":"https:\/\/garageblogec.com\/?p=944","title":{"rendered":"Chevrolet estar\u00e1 presente en el Autoshow de Guayaquil del 9 al 14 de julio"},"content":{"rendered":"\n<p>Del 9 al 14 de julio, Chevrolet ser\u00e1 parte del evento que re\u00fane a las mejores marcas del sector automotor, el Autoshow de Guayaquil que se realiza desde hace 32 a\u00f1os. En esta oportunidad Chevrolet presentar\u00e1 todo su portafolio, el m\u00e1s completo del mercado, compuesto por veh\u00edculos de pasajeros, SUVS, camionetas y camiones; adem\u00e1s, realizar\u00e1 el sorteo de una impresionante camioneta Chevrolet Silverado Trailboss Z71, actividad que forma parte de su actual campa\u00f1a de marca y que inici\u00f3 hace un mes en todas sus plataformas digitales para as\u00ed premiar la fidelidad de sus clientes.<\/p>\n\n\n\n<p>Con el eslogan de su actual campa\u00f1a \u201cEstamos aqu\u00ed, porque somos de aqu\u00ed\u201d, Chevrolet reafirma su compromiso con los clientes, las mejores promociones de feria. En el stand de la marca, los clientes encontrar\u00e1n autom\u00f3viles como Chevrolet Joy Black y Onix; SUVS como Groove, Tracker y Captiva; las ic\u00f3nicas camionetas D-MAX y Montana, as\u00ed como modelos premium como Silverado, Tahoe, Trailblazer, Colorado y el modelo el\u00e9ctrico Bolt EUV.<\/p>\n\n\n\n<figure class=\"wp-block-image size-large\"><img fetchpriority=\"high\" decoding=\"async\" width=\"769\" height=\"1024\" src=\"https:\/\/garageblogec.com\/wp-content\/uploads\/2024\/07\/AUTOSHOW-2024-769x1024.jpeg\" alt=\"\" class=\"wp-image-945\" srcset=\"https:\/\/garageblogec.com\/wp-content\/uploads\/2024\/07\/AUTOSHOW-2024-769x1024.jpeg 769w, https:\/\/garageblogec.com\/wp-content\/uploads\/2024\/07\/AUTOSHOW-2024-225x300.jpeg 225w, https:\/\/garageblogec.com\/wp-content\/uploads\/2024\/07\/AUTOSHOW-2024-768x1023.jpeg 768w, https:\/\/garageblogec.com\/wp-content\/uploads\/2024\/07\/AUTOSHOW-2024-1153x1536.jpeg 1153w, https:\/\/garageblogec.com\/wp-content\/uploads\/2024\/07\/AUTOSHOW-2024.jpeg 1201w\" sizes=\"(max-width: 769px) 100vw, 769px\" \/><\/figure>\n\n\n\n<p>Para Renato Silva, director comercial de Chevrolet<em>, \u201ccada uno de los modelos que presentamos en el Autoshow de Guayaquil reflejan el legado de la marca que ha estado presente en el pa\u00eds por casi un siglo y refuerzan nuestra presencia a trav\u00e9s del portafolio m\u00e1s completo del mercado con tecnolog\u00eda y servicios avanzados\u201d.<\/em><\/p>\n\n\n\n<p><strong><span style=\"text-decoration: underline;\">ENLACES RELACIONADOS <\/span><\/strong><\/p>\n\n\n\n<figure class=\"wp-block-embed is-type-video is-provider-youtube wp-block-embed-youtube wp-embed-aspect-16-9 wp-has-aspect-ratio\"><div class=\"wp-block-embed__wrapper\">\n<iframe title=\"CHEVROLET MONTANA RS 2024 UNA CAMIONETA CON ESPIRTU DE SUV | REVIEW Y CARACTER\u00cdSTICAS | GARAGE BLOG\" width=\"500\" height=\"281\" src=\"https:\/\/www.youtube.com\/embed\/BrogWiuumA4?feature=oembed\" frameborder=\"0\" allow=\"accelerometer; autoplay; clipboard-write; encrypted-media; gyroscope; picture-in-picture; web-share\" referrerpolicy=\"strict-origin-when-cross-origin\" allowfullscreen><\/iframe>\n<\/div><\/figure>\n\n\n\n<p>Chevrolet, la marca m\u00e1s influyente del sector automotor, contin\u00faa presente en los momentos m\u00e1s importantes de cada ecuatoriano. Su oferta de valor le ha permitido consolidar su posicionamiento en el pa\u00eds, con un enfoque de futuro apalancado en la trayectoria centenaria, que le ha valido el respaldo y la preferencia de los clientes.<\/p>\n\n\n\n<p><\/p>\n\n\n\n<p><\/p>\n\n\n\n<figure class=\"wp-block-image size-large\"><a href=\"https:\/\/www.kia.com\/ec\/showroom\/soluto-ab-19my\/features.html\"><img decoding=\"async\" width=\"1024\" height=\"284\" src=\"https:\/\/garageblogec.com\/wp-content\/uploads\/2024\/06\/1080X300-7-1024x284.jpg\" alt=\"\" class=\"wp-image-894\" srcset=\"https:\/\/garageblogec.com\/wp-content\/uploads\/2024\/06\/1080X300-7-1024x284.jpg 1024w, https:\/\/garageblogec.com\/wp-content\/uploads\/2024\/06\/1080X300-7-300x83.jpg 300w, https:\/\/garageblogec.com\/wp-content\/uploads\/2024\/06\/1080X300-7-768x213.jpg 768w, https:\/\/garageblogec.com\/wp-content\/uploads\/2024\/06\/1080X300-7.jpg 1080w\" sizes=\"(max-width: 1024px) 100vw, 1024px\" \/><\/a><\/figure>\n","protected":false},"excerpt":{"rendered":"<p>Del 9 al 14 de julio, Chevrolet ser\u00e1 parte del evento que re\u00fane a las mejores marcas del sector automotor, el Autoshow de Guayaquil que se realiza desde hace 32 a\u00f1os. En esta oportunidad Chevrolet presentar\u00e1 todo su portafolio, el m\u00e1s completo del mercado, compuesto por veh\u00edculos de pasajeros, SUVS, camionetas y camiones; adem\u00e1s, realizar\u00e1 [&hellip;]<\/p>\n","protected":false},"author":1,"featured_media":946,"comment_status":"open","ping_status":"open","sticky":false,"template":"","format":"standard","meta":{"_jetpack_memberships_contains_paid_content":false,"footnotes":""},"categories":[27],"tags":[145,30],"class_list":["post-944","post","type-post","status-publish","format-standard","has-post-thumbnail","hentry","category-industria-nacional","tag-cheverolet-autoshow-2024","tag-ecuador"],"yoast_head":"<!-- This site is optimized with the Yoast SEO plugin v27.4 - https:\/\/yoast.com\/product\/yoast-seo-wordpress\/ -->\n<title>Chevrolet estar\u00e1 presente en el Autoshow de Guayaquil del 9 al 14 de julio - Garage Blog Ecuador<\/title>\n<meta name=\"description\" content=\"Del 9 al 14 de julio, Chevrolet ser\u00e1 parte del evento que re\u00fane a las mejores marcas del sector automotor, el Autoshow de Guayaquil\" \/>\n<meta name=\"robots\" content=\"index, follow, max-snippet:-1, max-image-preview:large, max-video-preview:-1\" \/>\n<link rel=\"canonical\" href=\"https:\/\/garageblogec.com\/?p=944\" \/>\n<meta property=\"og:locale\" content=\"es_ES\" \/>\n<meta property=\"og:type\" content=\"article\" \/>\n<meta property=\"og:title\" content=\"Chevrolet estar\u00e1 presente en el Autoshow de Guayaquil del 9 al 14 de julio - Garage Blog Ecuador\" \/>\n<meta property=\"og:description\" content=\"Del 9 al 14 de julio, Chevrolet ser\u00e1 parte del evento que re\u00fane a las mejores marcas del sector automotor, el Autoshow de Guayaquil\" \/>\n<meta property=\"og:url\" content=\"https:\/\/garageblogec.com\/?p=944\" \/>\n<meta property=\"og:site_name\" content=\"Garage Blog Ecuador\" \/>\n<meta property=\"article:published_time\" content=\"2024-07-11T00:31:50+00:00\" \/>\n<meta property=\"article:modified_time\" content=\"2024-07-11T00:31:58+00:00\" \/>\n<meta property=\"og:image\" content=\"https:\/\/garageblogec.com\/wp-content\/uploads\/2024\/07\/AUTOSHOW-2024-02.jpeg\" \/>\n\t<meta property=\"og:image:width\" content=\"1600\" \/>\n\t<meta property=\"og:image:height\" content=\"1201\" \/>\n\t<meta property=\"og:image:type\" content=\"image\/jpeg\" \/>\n<meta name=\"author\" content=\"admin\" \/>\n<meta name=\"twitter:card\" content=\"summary_large_image\" \/>\n<meta name=\"twitter:label1\" content=\"Escrito por\" \/>\n\t<meta name=\"twitter:data1\" content=\"admin\" \/>\n\t<meta name=\"twitter:label2\" content=\"Tiempo de lectura\" \/>\n\t<meta name=\"twitter:data2\" content=\"2 minutos\" \/>\n<script type=\"application\/ld+json\" class=\"yoast-schema-graph\">{\"@context\":\"https:\\\/\\\/schema.org\",\"@graph\":[{\"@type\":\"Article\",\"@id\":\"https:\\\/\\\/garageblogec.com\\\/?p=944#article\",\"isPartOf\":{\"@id\":\"https:\\\/\\\/garageblogec.com\\\/?p=944\"},\"author\":{\"name\":\"admin\",\"@id\":\"https:\\\/\\\/garageblogec.com\\\/#\\\/schema\\\/person\\\/9e42946a1c059998e1dcd2e9c0b14f7b\"},\"headline\":\"Chevrolet estar\u00e1 presente en el Autoshow de Guayaquil del 9 al 14 de julio\",\"datePublished\":\"2024-07-11T00:31:50+00:00\",\"dateModified\":\"2024-07-11T00:31:58+00:00\",\"mainEntityOfPage\":{\"@id\":\"https:\\\/\\\/garageblogec.com\\\/?p=944\"},\"wordCount\":302,\"commentCount\":0,\"publisher\":{\"@id\":\"https:\\\/\\\/garageblogec.com\\\/#organization\"},\"image\":{\"@id\":\"https:\\\/\\\/garageblogec.com\\\/?p=944#primaryimage\"},\"thumbnailUrl\":\"https:\\\/\\\/garageblogec.com\\\/wp-content\\\/uploads\\\/2024\\\/07\\\/AUTOSHOW-2024-02.jpeg\",\"keywords\":[\"CHEVEROLET AUTOSHOW 2024\",\"Ecuador\"],\"articleSection\":[\"Industria Nacional\"],\"inLanguage\":\"es\",\"potentialAction\":[{\"@type\":\"CommentAction\",\"name\":\"Comment\",\"target\":[\"https:\\\/\\\/garageblogec.com\\\/?p=944#respond\"]}]},{\"@type\":\"WebPage\",\"@id\":\"https:\\\/\\\/garageblogec.com\\\/?p=944\",\"url\":\"https:\\\/\\\/garageblogec.com\\\/?p=944\",\"name\":\"Chevrolet estar\u00e1 presente en el Autoshow de Guayaquil del 9 al 14 de julio - Garage Blog Ecuador\",\"isPartOf\":{\"@id\":\"https:\\\/\\\/garageblogec.com\\\/#website\"},\"primaryImageOfPage\":{\"@id\":\"https:\\\/\\\/garageblogec.com\\\/?p=944#primaryimage\"},\"image\":{\"@id\":\"https:\\\/\\\/garageblogec.com\\\/?p=944#primaryimage\"},\"thumbnailUrl\":\"https:\\\/\\\/garageblogec.com\\\/wp-content\\\/uploads\\\/2024\\\/07\\\/AUTOSHOW-2024-02.jpeg\",\"datePublished\":\"2024-07-11T00:31:50+00:00\",\"dateModified\":\"2024-07-11T00:31:58+00:00\",\"description\":\"Del 9 al 14 de julio, Chevrolet ser\u00e1 parte del evento que re\u00fane a las mejores marcas del sector automotor, el Autoshow de Guayaquil\",\"breadcrumb\":{\"@id\":\"https:\\\/\\\/garageblogec.com\\\/?p=944#breadcrumb\"},\"inLanguage\":\"es\",\"potentialAction\":[{\"@type\":\"ReadAction\",\"target\":[\"https:\\\/\\\/garageblogec.com\\\/?p=944\"]}]},{\"@type\":\"ImageObject\",\"inLanguage\":\"es\",\"@id\":\"https:\\\/\\\/garageblogec.com\\\/?p=944#primaryimage\",\"url\":\"https:\\\/\\\/garageblogec.com\\\/wp-content\\\/uploads\\\/2024\\\/07\\\/AUTOSHOW-2024-02.jpeg\",\"contentUrl\":\"https:\\\/\\\/garageblogec.com\\\/wp-content\\\/uploads\\\/2024\\\/07\\\/AUTOSHOW-2024-02.jpeg\",\"width\":1600,\"height\":1201},{\"@type\":\"BreadcrumbList\",\"@id\":\"https:\\\/\\\/garageblogec.com\\\/?p=944#breadcrumb\",\"itemListElement\":[{\"@type\":\"ListItem\",\"position\":1,\"name\":\"Portada\",\"item\":\"https:\\\/\\\/garageblogec.com\\\/\"},{\"@type\":\"ListItem\",\"position\":2,\"name\":\"Chevrolet estar\u00e1 presente en el Autoshow de Guayaquil del 9 al 14 de julio\"}]},{\"@type\":\"WebSite\",\"@id\":\"https:\\\/\\\/garageblogec.com\\\/#website\",\"url\":\"https:\\\/\\\/garageblogec.com\\\/\",\"name\":\"Garage Blog Ecuador\",\"description\":\"Alucinamos por los autos \",\"publisher\":{\"@id\":\"https:\\\/\\\/garageblogec.com\\\/#organization\"},\"potentialAction\":[{\"@type\":\"SearchAction\",\"target\":{\"@type\":\"EntryPoint\",\"urlTemplate\":\"https:\\\/\\\/garageblogec.com\\\/?s={search_term_string}\"},\"query-input\":{\"@type\":\"PropertyValueSpecification\",\"valueRequired\":true,\"valueName\":\"search_term_string\"}}],\"inLanguage\":\"es\"},{\"@type\":\"Organization\",\"@id\":\"https:\\\/\\\/garageblogec.com\\\/#organization\",\"name\":\"Garage Blog Ecuador\",\"url\":\"https:\\\/\\\/garageblogec.com\\\/\",\"logo\":{\"@type\":\"ImageObject\",\"inLanguage\":\"es\",\"@id\":\"https:\\\/\\\/garageblogec.com\\\/#\\\/schema\\\/logo\\\/image\\\/\",\"url\":\"https:\\\/\\\/garageblogec.com\\\/wp-content\\\/uploads\\\/2024\\\/02\\\/cropped-logo-png-para-blog.webp\",\"contentUrl\":\"https:\\\/\\\/garageblogec.com\\\/wp-content\\\/uploads\\\/2024\\\/02\\\/cropped-logo-png-para-blog.webp\",\"width\":840,\"height\":556,\"caption\":\"Garage Blog Ecuador \"},\"image\":{\"@id\":\"https:\\\/\\\/garageblogec.com\\\/#\\\/schema\\\/logo\\\/image\\\/\"}},{\"@type\":\"Person\",\"@id\":\"https:\\\/\\\/garageblogec.com\\\/#\\\/schema\\\/person\\\/9e42946a1c059998e1dcd2e9c0b14f7b\",\"name\":\"admin\",\"image\":{\"@type\":\"ImageObject\",\"inLanguage\":\"es\",\"@id\":\"https:\\\/\\\/secure.gravatar.com\\\/avatar\\\/3612d5dfd364004c4d91ec427ebfe980a13c66be055df17156d99287f7c39228?s=96&d=mm&r=g\",\"url\":\"https:\\\/\\\/secure.gravatar.com\\\/avatar\\\/3612d5dfd364004c4d91ec427ebfe980a13c66be055df17156d99287f7c39228?s=96&d=mm&r=g\",\"contentUrl\":\"https:\\\/\\\/secure.gravatar.com\\\/avatar\\\/3612d5dfd364004c4d91ec427ebfe980a13c66be055df17156d99287f7c39228?s=96&d=mm&r=g\",\"caption\":\"admin\"},\"sameAs\":[\"https:\\\/\\\/garageblogec.com\"],\"url\":\"https:\\\/\\\/garageblogec.com\\\/?author=1\"}]}<\/script>\n<!-- \/ Yoast SEO plugin. -->","yoast_head_json":{"title":"Chevrolet estar\u00e1 presente en el Autoshow de Guayaquil del 9 al 14 de julio - Garage Blog Ecuador","description":"Del 9 al 14 de julio, Chevrolet ser\u00e1 parte del evento que re\u00fane a las mejores marcas del sector automotor, el Autoshow de Guayaquil","robots":{"index":"index","follow":"follow","max-snippet":"max-snippet:-1","max-image-preview":"max-image-preview:large","max-video-preview":"max-video-preview:-1"},"canonical":"https:\/\/garageblogec.com\/?p=944","og_locale":"es_ES","og_type":"article","og_title":"Chevrolet estar\u00e1 presente en el Autoshow de Guayaquil del 9 al 14 de julio - Garage Blog Ecuador","og_description":"Del 9 al 14 de julio, Chevrolet ser\u00e1 parte del evento que re\u00fane a las mejores marcas del sector automotor, el Autoshow de Guayaquil","og_url":"https:\/\/garageblogec.com\/?p=944","og_site_name":"Garage Blog Ecuador","article_published_time":"2024-07-11T00:31:50+00:00","article_modified_time":"2024-07-11T00:31:58+00:00","og_image":[{"width":1600,"height":1201,"url":"https:\/\/garageblogec.com\/wp-content\/uploads\/2024\/07\/AUTOSHOW-2024-02.jpeg","type":"image\/jpeg"}],"author":"admin","twitter_card":"summary_large_image","twitter_misc":{"Escrito por":"admin","Tiempo de lectura":"2 minutos"},"schema":{"@context":"https:\/\/schema.org","@graph":[{"@type":"Article","@id":"https:\/\/garageblogec.com\/?p=944#article","isPartOf":{"@id":"https:\/\/garageblogec.com\/?p=944"},"author":{"name":"admin","@id":"https:\/\/garageblogec.com\/#\/schema\/person\/9e42946a1c059998e1dcd2e9c0b14f7b"},"headline":"Chevrolet estar\u00e1 presente en el Autoshow de Guayaquil del 9 al 14 de julio","datePublished":"2024-07-11T00:31:50+00:00","dateModified":"2024-07-11T00:31:58+00:00","mainEntityOfPage":{"@id":"https:\/\/garageblogec.com\/?p=944"},"wordCount":302,"commentCount":0,"publisher":{"@id":"https:\/\/garageblogec.com\/#organization"},"image":{"@id":"https:\/\/garageblogec.com\/?p=944#primaryimage"},"thumbnailUrl":"https:\/\/garageblogec.com\/wp-content\/uploads\/2024\/07\/AUTOSHOW-2024-02.jpeg","keywords":["CHEVEROLET AUTOSHOW 2024","Ecuador"],"articleSection":["Industria Nacional"],"inLanguage":"es","potentialAction":[{"@type":"CommentAction","name":"Comment","target":["https:\/\/garageblogec.com\/?p=944#respond"]}]},{"@type":"WebPage","@id":"https:\/\/garageblogec.com\/?p=944","url":"https:\/\/garageblogec.com\/?p=944","name":"Chevrolet estar\u00e1 presente en el Autoshow de Guayaquil del 9 al 14 de julio - Garage Blog Ecuador","isPartOf":{"@id":"https:\/\/garageblogec.com\/#website"},"primaryImageOfPage":{"@id":"https:\/\/garageblogec.com\/?p=944#primaryimage"},"image":{"@id":"https:\/\/garageblogec.com\/?p=944#primaryimage"},"thumbnailUrl":"https:\/\/garageblogec.com\/wp-content\/uploads\/2024\/07\/AUTOSHOW-2024-02.jpeg","datePublished":"2024-07-11T00:31:50+00:00","dateModified":"2024-07-11T00:31:58+00:00","description":"Del 9 al 14 de julio, Chevrolet ser\u00e1 parte del evento que re\u00fane a las mejores marcas del sector automotor, el Autoshow de Guayaquil","breadcrumb":{"@id":"https:\/\/garageblogec.com\/?p=944#breadcrumb"},"inLanguage":"es","potentialAction":[{"@type":"ReadAction","target":["https:\/\/garageblogec.com\/?p=944"]}]},{"@type":"ImageObject","inLanguage":"es","@id":"https:\/\/garageblogec.com\/?p=944#primaryimage","url":"https:\/\/garageblogec.com\/wp-content\/uploads\/2024\/07\/AUTOSHOW-2024-02.jpeg","contentUrl":"https:\/\/garageblogec.com\/wp-content\/uploads\/2024\/07\/AUTOSHOW-2024-02.jpeg","width":1600,"height":1201},{"@type":"BreadcrumbList","@id":"https:\/\/garageblogec.com\/?p=944#breadcrumb","itemListElement":[{"@type":"ListItem","position":1,"name":"Portada","item":"https:\/\/garageblogec.com\/"},{"@type":"ListItem","position":2,"name":"Chevrolet estar\u00e1 presente en el Autoshow de Guayaquil del 9 al 14 de julio"}]},{"@type":"WebSite","@id":"https:\/\/garageblogec.com\/#website","url":"https:\/\/garageblogec.com\/","name":"Garage Blog Ecuador","description":"Alucinamos por los autos ","publisher":{"@id":"https:\/\/garageblogec.com\/#organization"},"potentialAction":[{"@type":"SearchAction","target":{"@type":"EntryPoint","urlTemplate":"https:\/\/garageblogec.com\/?s={search_term_string}"},"query-input":{"@type":"PropertyValueSpecification","valueRequired":true,"valueName":"search_term_string"}}],"inLanguage":"es"},{"@type":"Organization","@id":"https:\/\/garageblogec.com\/#organization","name":"Garage Blog Ecuador","url":"https:\/\/garageblogec.com\/","logo":{"@type":"ImageObject","inLanguage":"es","@id":"https:\/\/garageblogec.com\/#\/schema\/logo\/image\/","url":"https:\/\/garageblogec.com\/wp-content\/uploads\/2024\/02\/cropped-logo-png-para-blog.webp","contentUrl":"https:\/\/garageblogec.com\/wp-content\/uploads\/2024\/02\/cropped-logo-png-para-blog.webp","width":840,"height":556,"caption":"Garage Blog Ecuador "},"image":{"@id":"https:\/\/garageblogec.com\/#\/schema\/logo\/image\/"}},{"@type":"Person","@id":"https:\/\/garageblogec.com\/#\/schema\/person\/9e42946a1c059998e1dcd2e9c0b14f7b","name":"admin","image":{"@type":"ImageObject","inLanguage":"es","@id":"https:\/\/secure.gravatar.com\/avatar\/3612d5dfd364004c4d91ec427ebfe980a13c66be055df17156d99287f7c39228?s=96&d=mm&r=g","url":"https:\/\/secure.gravatar.com\/avatar\/3612d5dfd364004c4d91ec427ebfe980a13c66be055df17156d99287f7c39228?s=96&d=mm&r=g","contentUrl":"https:\/\/secure.gravatar.com\/avatar\/3612d5dfd364004c4d91ec427ebfe980a13c66be055df17156d99287f7c39228?s=96&d=mm&r=g","caption":"admin"},"sameAs":["https:\/\/garageblogec.com"],"url":"https:\/\/garageblogec.com\/?author=1"}]}},"jetpack_featured_media_url":"https:\/\/garageblogec.com\/wp-content\/uploads\/2024\/07\/AUTOSHOW-2024-02.jpeg","jetpack_sharing_enabled":true,"_links":{"self":[{"href":"https:\/\/garageblogec.com\/index.php?rest_route=\/wp\/v2\/posts\/944","targetHints":{"allow":["GET"]}}],"collection":[{"href":"https:\/\/garageblogec.com\/index.php?rest_route=\/wp\/v2\/posts"}],"about":[{"href":"https:\/\/garageblogec.com\/index.php?rest_route=\/wp\/v2\/types\/post"}],"author":[{"embeddable":true,"href":"https:\/\/garageblogec.com\/index.php?rest_route=\/wp\/v2\/users\/1"}],"replies":[{"embeddable":true,"href":"https:\/\/garageblogec.com\/index.php?rest_route=%2Fwp%2Fv2%2Fcomments&post=944"}],"version-history":[{"count":1,"href":"https:\/\/garageblogec.com\/index.php?rest_route=\/wp\/v2\/posts\/944\/revisions"}],"predecessor-version":[{"id":947,"href":"https:\/\/garageblogec.com\/index.php?rest_route=\/wp\/v2\/posts\/944\/revisions\/947"}],"wp:featuredmedia":[{"embeddable":true,"href":"https:\/\/garageblogec.com\/index.php?rest_route=\/wp\/v2\/media\/946"}],"wp:attachment":[{"href":"https:\/\/garageblogec.com\/index.php?rest_route=%2Fwp%2Fv2%2Fmedia&parent=944"}],"wp:term":[{"taxonomy":"category","embeddable":true,"href":"https:\/\/garageblogec.com\/index.php?rest_route=%2Fwp%2Fv2%2Fcategories&post=944"},{"taxonomy":"post_tag","embeddable":true,"href":"https:\/\/garageblogec.com\/index.php?rest_route=%2Fwp%2Fv2%2Ftags&post=944"}],"curies":[{"name":"wp","href":"https:\/\/api.w.org\/{rel}","templated":true}]}}