{"id":929,"date":"2024-07-10T00:46:29","date_gmt":"2024-07-10T00:46:29","guid":{"rendered":"https:\/\/garageblogec.com\/?p=929"},"modified":"2024-07-10T00:46:33","modified_gmt":"2024-07-10T00:46:33","slug":"descubre-la-revolucion-electrica-de-kia-en-el-autoshow-de-guayaquil-2024","status":"publish","type":"post","link":"https:\/\/garageblogec.com\/?p=929","title":{"rendered":"Descubre la Revoluci\u00f3n El\u00e9ctrica de Kia en el Autoshow de Guayaquil 2024\u00a0"},"content":{"rendered":"\n<p>Kia, presenta su nuevo modelo <strong>EV5 <\/strong>100% el\u00e9ctrico, este nuevo SUV compacto es la atracci\u00f3n principal en la exhibici\u00f3n de veh\u00edculos m\u00e1s grande del Ecuador el Autoshow, que se lleva a cabo en el Centro de Convenciones de Guayaquil, del 9 al 14 de julio.<\/p>\n\n\n\n<p>El All New EV5 destaca por su dise\u00f1o robusto, original y moderno, ofreciendo soluciones amigables con el ambiente. Equipado con tecnolog\u00eda de \u00faltima generaci\u00f3n, este SUV 100% el\u00e9ctrico incluye el sistema V2G (vehicle to grid), que permite suministrar electricidad a la red de energ\u00eda.&nbsp;<\/p>\n\n\n\n<p>El nuevo modelo brinda al usuario sistemas avanzados de asistencia a la conducci\u00f3n (ADAS), asistencia de colisiones frontales, sensores de parqueo delanteros, posteriores y laterales, c\u00e1mara de visi\u00f3n 360\u00b0, asistente de seguimiento y mantenimiento de carril, control crucero inteligente, limitador de velocidad adaptativo, entre otras caracter\u00edsticas de seguridad de conducci\u00f3n activa.<\/p>\n\n\n\n<p>A esta propuesta se suman elementos para mayor confort y disfrute del usuario, como una pantalla panor\u00e1mica multifunci\u00f3n que se integra con el tablero digital ofreciendo una \u00f3ptima conectividad inal\u00e1mbrica con <em>Android Auto<\/em> y <em>Apple CarPlay<\/em> wireless, tambi\u00e9n se agregan elementos como los cargadores USB tipo A y tipo C en la parte delantera y posterior del veh\u00edculo.<\/p>\n\n\n\n<figure class=\"wp-block-image size-large\"><a href=\"https:\/\/www.kia.com\/ec\/showroom\/soluto-ab-19my\/features.html\"><img fetchpriority=\"high\" decoding=\"async\" width=\"1024\" height=\"284\" src=\"https:\/\/garageblogec.com\/wp-content\/uploads\/2024\/06\/1080X300-7-1024x284.jpg\" alt=\"\" class=\"wp-image-894\" srcset=\"https:\/\/garageblogec.com\/wp-content\/uploads\/2024\/06\/1080X300-7-1024x284.jpg 1024w, https:\/\/garageblogec.com\/wp-content\/uploads\/2024\/06\/1080X300-7-300x83.jpg 300w, https:\/\/garageblogec.com\/wp-content\/uploads\/2024\/06\/1080X300-7-768x213.jpg 768w, https:\/\/garageblogec.com\/wp-content\/uploads\/2024\/06\/1080X300-7.jpg 1080w\" sizes=\"(max-width: 1024px) 100vw, 1024px\" \/><\/a><\/figure>\n\n\n\n<p>Adem\u00e1s del EV5, Kia exhibe otros 7 modelos: Kia K3 Sedan, K3 Cross, Seltos, Sonet, Sportage, EV6 y EV9.&nbsp;<\/p>\n\n\n\n<p>Como ya es costumbre, Kia cuenta con un stand cargado de innovaci\u00f3n y tecnolog\u00eda; adem\u00e1s, ofrece un sin n\u00famero de beneficios exclusivos para sus visitantes de Autoshow, entre ellos:<\/p>\n\n\n\n<ul class=\"wp-block-list\">\n<li>Entrada del 10% en todos los modelos<\/li>\n\n\n\n<li>Hasta 84 meses de plazo<\/li>\n<\/ul>\n\n\n\n<ul class=\"wp-block-list\">\n<li>Pago a partir del mes de octubre<\/li>\n\n\n\n<li>Tasa de inter\u00e9s preferencial del 14.5%<\/li>\n\n\n\n<li>Primera cuota gratis<\/li>\n\n\n\n<li>Y muchas sorpresas m\u00e1s<\/li>\n<\/ul>\n\n\n\n<p><\/p>\n\n\n\n<figure class=\"wp-block-gallery has-nested-images columns-default is-cropped wp-block-gallery-1 is-layout-flex wp-block-gallery-is-layout-flex\">\n<figure class=\"wp-block-image size-large\"><img decoding=\"async\" width=\"1024\" height=\"683\" data-id=\"931\" src=\"https:\/\/garageblogec.com\/wp-content\/uploads\/2024\/07\/Image-1024x683.jpeg\" alt=\"\" class=\"wp-image-931\" srcset=\"https:\/\/garageblogec.com\/wp-content\/uploads\/2024\/07\/Image-1024x683.jpeg 1024w, https:\/\/garageblogec.com\/wp-content\/uploads\/2024\/07\/Image-300x200.jpeg 300w, https:\/\/garageblogec.com\/wp-content\/uploads\/2024\/07\/Image-768x512.jpeg 768w, https:\/\/garageblogec.com\/wp-content\/uploads\/2024\/07\/Image-1536x1024.jpeg 1536w, https:\/\/garageblogec.com\/wp-content\/uploads\/2024\/07\/Image-2048x1365.jpeg 2048w, https:\/\/garageblogec.com\/wp-content\/uploads\/2024\/07\/Image-1320x880.jpeg 1320w\" sizes=\"(max-width: 1024px) 100vw, 1024px\" \/><\/figure>\n\n\n\n<figure class=\"wp-block-image size-large\"><img decoding=\"async\" width=\"1024\" height=\"682\" data-id=\"932\" src=\"https:\/\/garageblogec.com\/wp-content\/uploads\/2024\/07\/Image_3-1024x682.jpeg\" alt=\"\" class=\"wp-image-932\" srcset=\"https:\/\/garageblogec.com\/wp-content\/uploads\/2024\/07\/Image_3-1024x682.jpeg 1024w, https:\/\/garageblogec.com\/wp-content\/uploads\/2024\/07\/Image_3-300x200.jpeg 300w, https:\/\/garageblogec.com\/wp-content\/uploads\/2024\/07\/Image_3-768x512.jpeg 768w, https:\/\/garageblogec.com\/wp-content\/uploads\/2024\/07\/Image_3-1536x1024.jpeg 1536w, https:\/\/garageblogec.com\/wp-content\/uploads\/2024\/07\/Image_3-2048x1365.jpeg 2048w, https:\/\/garageblogec.com\/wp-content\/uploads\/2024\/07\/Image_3-1320x880.jpeg 1320w\" sizes=\"(max-width: 1024px) 100vw, 1024px\" \/><\/figure>\n\n\n\n<figure class=\"wp-block-image size-large\"><img loading=\"lazy\" decoding=\"async\" width=\"1024\" height=\"683\" data-id=\"933\" src=\"https:\/\/garageblogec.com\/wp-content\/uploads\/2024\/07\/Image_4-1024x683.jpeg\" alt=\"\" class=\"wp-image-933\" srcset=\"https:\/\/garageblogec.com\/wp-content\/uploads\/2024\/07\/Image_4-1024x683.jpeg 1024w, https:\/\/garageblogec.com\/wp-content\/uploads\/2024\/07\/Image_4-300x200.jpeg 300w, https:\/\/garageblogec.com\/wp-content\/uploads\/2024\/07\/Image_4-768x512.jpeg 768w, https:\/\/garageblogec.com\/wp-content\/uploads\/2024\/07\/Image_4-1536x1024.jpeg 1536w, https:\/\/garageblogec.com\/wp-content\/uploads\/2024\/07\/Image_4-2048x1365.jpeg 2048w, https:\/\/garageblogec.com\/wp-content\/uploads\/2024\/07\/Image_4-1320x880.jpeg 1320w\" sizes=\"(max-width: 1024px) 100vw, 1024px\" \/><\/figure>\n\n\n\n<figure class=\"wp-block-image size-large\"><img loading=\"lazy\" decoding=\"async\" width=\"1024\" height=\"683\" data-id=\"934\" src=\"https:\/\/garageblogec.com\/wp-content\/uploads\/2024\/07\/Image_1-1024x683.jpeg\" alt=\"\" class=\"wp-image-934\" srcset=\"https:\/\/garageblogec.com\/wp-content\/uploads\/2024\/07\/Image_1-1024x683.jpeg 1024w, https:\/\/garageblogec.com\/wp-content\/uploads\/2024\/07\/Image_1-300x200.jpeg 300w, https:\/\/garageblogec.com\/wp-content\/uploads\/2024\/07\/Image_1-768x512.jpeg 768w, https:\/\/garageblogec.com\/wp-content\/uploads\/2024\/07\/Image_1-1536x1024.jpeg 1536w, https:\/\/garageblogec.com\/wp-content\/uploads\/2024\/07\/Image_1-2048x1365.jpeg 2048w, https:\/\/garageblogec.com\/wp-content\/uploads\/2024\/07\/Image_1-1320x880.jpeg 1320w\" sizes=\"(max-width: 1024px) 100vw, 1024px\" \/><\/figure>\n\n\n\n<figure class=\"wp-block-image size-large\"><img loading=\"lazy\" decoding=\"async\" width=\"1024\" height=\"683\" data-id=\"935\" src=\"https:\/\/garageblogec.com\/wp-content\/uploads\/2024\/07\/Image_2-1-1024x683.jpeg\" alt=\"\" class=\"wp-image-935\" srcset=\"https:\/\/garageblogec.com\/wp-content\/uploads\/2024\/07\/Image_2-1-1024x683.jpeg 1024w, https:\/\/garageblogec.com\/wp-content\/uploads\/2024\/07\/Image_2-1-300x200.jpeg 300w, https:\/\/garageblogec.com\/wp-content\/uploads\/2024\/07\/Image_2-1-768x512.jpeg 768w, https:\/\/garageblogec.com\/wp-content\/uploads\/2024\/07\/Image_2-1-1536x1024.jpeg 1536w, https:\/\/garageblogec.com\/wp-content\/uploads\/2024\/07\/Image_2-1-2048x1365.jpeg 2048w, https:\/\/garageblogec.com\/wp-content\/uploads\/2024\/07\/Image_2-1-1320x880.jpeg 1320w\" sizes=\"(max-width: 1024px) 100vw, 1024px\" \/><\/figure>\n<\/figure>\n\n\n\n<p>Kia respalda a sus clientes con una garant\u00eda de 10 a\u00f1os o 160,000 Km, mantenimientos cada 10.000 km, todos los modelos est\u00e1n calibrados para uso de gasolina extra o eco-pa\u00eds, garantizando el mejor precio de recompra. Adem\u00e1s, Kia ofrece servicios especializados y acompa\u00f1amiento personalizado en cada momento de la compra del nuevo veh\u00edculo, asegurando que la experiencia del usuario sea lo m\u00e1s importante.<\/p>\n","protected":false},"excerpt":{"rendered":"<p>Kia presenta el nuevo EV5, un SUV compacto 100% el\u00e9ctrico, en el Autoshow de Guayaquil del 9 al 14 de julio. Destaca por su dise\u00f1o moderno, tecnolog\u00eda V2G, avanzados sistemas de asistencia a la conducci\u00f3n y \u00f3ptima conectividad inal\u00e1mbrica.<\/p>\n","protected":false},"author":1,"featured_media":930,"comment_status":"open","ping_status":"open","sticky":false,"template":"","format":"standard","meta":{"_jetpack_memberships_contains_paid_content":false,"footnotes":""},"categories":[27],"tags":[143,144,88],"class_list":["post-929","post","type-post","status-publish","format-standard","has-post-thumbnail","hentry","category-industria-nacional","tag-autoshow-guayaquil","tag-k5","tag-kia"],"yoast_head":"<!-- This site is optimized with the Yoast SEO plugin v27.4 - https:\/\/yoast.com\/product\/yoast-seo-wordpress\/ -->\n<title>Descubre la Revoluci\u00f3n El\u00e9ctrica de Kia en el Autoshow de Guayaquil 2024\u00a0 - Garage Blog Ecuador<\/title>\n<meta name=\"description\" content=\"Kia presenta el nuevo EV5, un SUV compacto 100% el\u00e9ctrico, en el Autoshow de Guayaquil del 9 al 14 de julio. Destaca por su dise\u00f1o moderno, tecnolog\u00eda V2G, avanzados sistemas de asistencia a la conducci\u00f3n y \u00f3ptima conectividad inal\u00e1mbrica.\" \/>\n<meta name=\"robots\" content=\"index, follow, max-snippet:-1, max-image-preview:large, max-video-preview:-1\" \/>\n<link rel=\"canonical\" href=\"https:\/\/garageblogec.com\/?p=929\" \/>\n<meta property=\"og:locale\" content=\"es_ES\" \/>\n<meta property=\"og:type\" content=\"article\" \/>\n<meta property=\"og:title\" content=\"Descubre la Revoluci\u00f3n El\u00e9ctrica de Kia en el Autoshow de Guayaquil 2024\u00a0 - Garage Blog Ecuador\" \/>\n<meta property=\"og:description\" content=\"Kia presenta el nuevo EV5, un SUV compacto 100% el\u00e9ctrico, en el Autoshow de Guayaquil del 9 al 14 de julio. Destaca por su dise\u00f1o moderno, tecnolog\u00eda V2G, avanzados sistemas de asistencia a la conducci\u00f3n y \u00f3ptima conectividad inal\u00e1mbrica.\" \/>\n<meta property=\"og:url\" content=\"https:\/\/garageblogec.com\/?p=929\" \/>\n<meta property=\"og:site_name\" content=\"Garage Blog Ecuador\" \/>\n<meta property=\"article:published_time\" content=\"2024-07-10T00:46:29+00:00\" \/>\n<meta property=\"article:modified_time\" content=\"2024-07-10T00:46:33+00:00\" \/>\n<meta property=\"og:image\" content=\"https:\/\/garageblogec.com\/wp-content\/uploads\/2024\/07\/Image_2-scaled.jpeg\" \/>\n\t<meta property=\"og:image:width\" content=\"2560\" \/>\n\t<meta property=\"og:image:height\" content=\"1707\" \/>\n\t<meta property=\"og:image:type\" content=\"image\/jpeg\" \/>\n<meta name=\"author\" content=\"admin\" \/>\n<meta name=\"twitter:card\" content=\"summary_large_image\" \/>\n<meta name=\"twitter:label1\" content=\"Escrito por\" \/>\n\t<meta name=\"twitter:data1\" content=\"admin\" \/>\n\t<meta name=\"twitter:label2\" content=\"Tiempo de lectura\" \/>\n\t<meta name=\"twitter:data2\" content=\"3 minutos\" \/>\n<script type=\"application\/ld+json\" class=\"yoast-schema-graph\">{\"@context\":\"https:\\\/\\\/schema.org\",\"@graph\":[{\"@type\":\"Article\",\"@id\":\"https:\\\/\\\/garageblogec.com\\\/?p=929#article\",\"isPartOf\":{\"@id\":\"https:\\\/\\\/garageblogec.com\\\/?p=929\"},\"author\":{\"name\":\"admin\",\"@id\":\"https:\\\/\\\/garageblogec.com\\\/#\\\/schema\\\/person\\\/9e42946a1c059998e1dcd2e9c0b14f7b\"},\"headline\":\"Descubre la Revoluci\u00f3n El\u00e9ctrica de Kia en el Autoshow de Guayaquil 2024\u00a0\",\"datePublished\":\"2024-07-10T00:46:29+00:00\",\"dateModified\":\"2024-07-10T00:46:33+00:00\",\"mainEntityOfPage\":{\"@id\":\"https:\\\/\\\/garageblogec.com\\\/?p=929\"},\"wordCount\":380,\"commentCount\":0,\"publisher\":{\"@id\":\"https:\\\/\\\/garageblogec.com\\\/#organization\"},\"image\":{\"@id\":\"https:\\\/\\\/garageblogec.com\\\/?p=929#primaryimage\"},\"thumbnailUrl\":\"https:\\\/\\\/garageblogec.com\\\/wp-content\\\/uploads\\\/2024\\\/07\\\/Image_2-scaled.jpeg\",\"keywords\":[\"autoshow guayaquil\",\"k5\",\"kia\"],\"articleSection\":[\"Industria Nacional\"],\"inLanguage\":\"es\",\"potentialAction\":[{\"@type\":\"CommentAction\",\"name\":\"Comment\",\"target\":[\"https:\\\/\\\/garageblogec.com\\\/?p=929#respond\"]}]},{\"@type\":\"WebPage\",\"@id\":\"https:\\\/\\\/garageblogec.com\\\/?p=929\",\"url\":\"https:\\\/\\\/garageblogec.com\\\/?p=929\",\"name\":\"Descubre la Revoluci\u00f3n El\u00e9ctrica de Kia en el Autoshow de Guayaquil 2024\u00a0 - Garage Blog Ecuador\",\"isPartOf\":{\"@id\":\"https:\\\/\\\/garageblogec.com\\\/#website\"},\"primaryImageOfPage\":{\"@id\":\"https:\\\/\\\/garageblogec.com\\\/?p=929#primaryimage\"},\"image\":{\"@id\":\"https:\\\/\\\/garageblogec.com\\\/?p=929#primaryimage\"},\"thumbnailUrl\":\"https:\\\/\\\/garageblogec.com\\\/wp-content\\\/uploads\\\/2024\\\/07\\\/Image_2-scaled.jpeg\",\"datePublished\":\"2024-07-10T00:46:29+00:00\",\"dateModified\":\"2024-07-10T00:46:33+00:00\",\"description\":\"Kia presenta el nuevo EV5, un SUV compacto 100% el\u00e9ctrico, en el Autoshow de Guayaquil del 9 al 14 de julio. Destaca por su dise\u00f1o moderno, tecnolog\u00eda V2G, avanzados sistemas de asistencia a la conducci\u00f3n y \u00f3ptima conectividad inal\u00e1mbrica.\",\"breadcrumb\":{\"@id\":\"https:\\\/\\\/garageblogec.com\\\/?p=929#breadcrumb\"},\"inLanguage\":\"es\",\"potentialAction\":[{\"@type\":\"ReadAction\",\"target\":[\"https:\\\/\\\/garageblogec.com\\\/?p=929\"]}]},{\"@type\":\"ImageObject\",\"inLanguage\":\"es\",\"@id\":\"https:\\\/\\\/garageblogec.com\\\/?p=929#primaryimage\",\"url\":\"https:\\\/\\\/garageblogec.com\\\/wp-content\\\/uploads\\\/2024\\\/07\\\/Image_2-scaled.jpeg\",\"contentUrl\":\"https:\\\/\\\/garageblogec.com\\\/wp-content\\\/uploads\\\/2024\\\/07\\\/Image_2-scaled.jpeg\",\"width\":2560,\"height\":1707},{\"@type\":\"BreadcrumbList\",\"@id\":\"https:\\\/\\\/garageblogec.com\\\/?p=929#breadcrumb\",\"itemListElement\":[{\"@type\":\"ListItem\",\"position\":1,\"name\":\"Portada\",\"item\":\"https:\\\/\\\/garageblogec.com\\\/\"},{\"@type\":\"ListItem\",\"position\":2,\"name\":\"Descubre la Revoluci\u00f3n El\u00e9ctrica de Kia en el Autoshow de Guayaquil 2024\u00a0\"}]},{\"@type\":\"WebSite\",\"@id\":\"https:\\\/\\\/garageblogec.com\\\/#website\",\"url\":\"https:\\\/\\\/garageblogec.com\\\/\",\"name\":\"Garage Blog Ecuador\",\"description\":\"Alucinamos por los autos \",\"publisher\":{\"@id\":\"https:\\\/\\\/garageblogec.com\\\/#organization\"},\"potentialAction\":[{\"@type\":\"SearchAction\",\"target\":{\"@type\":\"EntryPoint\",\"urlTemplate\":\"https:\\\/\\\/garageblogec.com\\\/?s={search_term_string}\"},\"query-input\":{\"@type\":\"PropertyValueSpecification\",\"valueRequired\":true,\"valueName\":\"search_term_string\"}}],\"inLanguage\":\"es\"},{\"@type\":\"Organization\",\"@id\":\"https:\\\/\\\/garageblogec.com\\\/#organization\",\"name\":\"Garage Blog Ecuador\",\"url\":\"https:\\\/\\\/garageblogec.com\\\/\",\"logo\":{\"@type\":\"ImageObject\",\"inLanguage\":\"es\",\"@id\":\"https:\\\/\\\/garageblogec.com\\\/#\\\/schema\\\/logo\\\/image\\\/\",\"url\":\"https:\\\/\\\/garageblogec.com\\\/wp-content\\\/uploads\\\/2024\\\/02\\\/cropped-logo-png-para-blog.webp\",\"contentUrl\":\"https:\\\/\\\/garageblogec.com\\\/wp-content\\\/uploads\\\/2024\\\/02\\\/cropped-logo-png-para-blog.webp\",\"width\":840,\"height\":556,\"caption\":\"Garage Blog Ecuador \"},\"image\":{\"@id\":\"https:\\\/\\\/garageblogec.com\\\/#\\\/schema\\\/logo\\\/image\\\/\"}},{\"@type\":\"Person\",\"@id\":\"https:\\\/\\\/garageblogec.com\\\/#\\\/schema\\\/person\\\/9e42946a1c059998e1dcd2e9c0b14f7b\",\"name\":\"admin\",\"image\":{\"@type\":\"ImageObject\",\"inLanguage\":\"es\",\"@id\":\"https:\\\/\\\/secure.gravatar.com\\\/avatar\\\/3612d5dfd364004c4d91ec427ebfe980a13c66be055df17156d99287f7c39228?s=96&d=mm&r=g\",\"url\":\"https:\\\/\\\/secure.gravatar.com\\\/avatar\\\/3612d5dfd364004c4d91ec427ebfe980a13c66be055df17156d99287f7c39228?s=96&d=mm&r=g\",\"contentUrl\":\"https:\\\/\\\/secure.gravatar.com\\\/avatar\\\/3612d5dfd364004c4d91ec427ebfe980a13c66be055df17156d99287f7c39228?s=96&d=mm&r=g\",\"caption\":\"admin\"},\"sameAs\":[\"https:\\\/\\\/garageblogec.com\"],\"url\":\"https:\\\/\\\/garageblogec.com\\\/?author=1\"}]}<\/script>\n<!-- \/ Yoast SEO plugin. -->","yoast_head_json":{"title":"Descubre la Revoluci\u00f3n El\u00e9ctrica de Kia en el Autoshow de Guayaquil 2024\u00a0 - Garage Blog Ecuador","description":"Kia presenta el nuevo EV5, un SUV compacto 100% el\u00e9ctrico, en el Autoshow de Guayaquil del 9 al 14 de julio. Destaca por su dise\u00f1o moderno, tecnolog\u00eda V2G, avanzados sistemas de asistencia a la conducci\u00f3n y \u00f3ptima conectividad inal\u00e1mbrica.","robots":{"index":"index","follow":"follow","max-snippet":"max-snippet:-1","max-image-preview":"max-image-preview:large","max-video-preview":"max-video-preview:-1"},"canonical":"https:\/\/garageblogec.com\/?p=929","og_locale":"es_ES","og_type":"article","og_title":"Descubre la Revoluci\u00f3n El\u00e9ctrica de Kia en el Autoshow de Guayaquil 2024\u00a0 - Garage Blog Ecuador","og_description":"Kia presenta el nuevo EV5, un SUV compacto 100% el\u00e9ctrico, en el Autoshow de Guayaquil del 9 al 14 de julio. Destaca por su dise\u00f1o moderno, tecnolog\u00eda V2G, avanzados sistemas de asistencia a la conducci\u00f3n y \u00f3ptima conectividad inal\u00e1mbrica.","og_url":"https:\/\/garageblogec.com\/?p=929","og_site_name":"Garage Blog Ecuador","article_published_time":"2024-07-10T00:46:29+00:00","article_modified_time":"2024-07-10T00:46:33+00:00","og_image":[{"width":2560,"height":1707,"url":"https:\/\/garageblogec.com\/wp-content\/uploads\/2024\/07\/Image_2-scaled.jpeg","type":"image\/jpeg"}],"author":"admin","twitter_card":"summary_large_image","twitter_misc":{"Escrito por":"admin","Tiempo de lectura":"3 minutos"},"schema":{"@context":"https:\/\/schema.org","@graph":[{"@type":"Article","@id":"https:\/\/garageblogec.com\/?p=929#article","isPartOf":{"@id":"https:\/\/garageblogec.com\/?p=929"},"author":{"name":"admin","@id":"https:\/\/garageblogec.com\/#\/schema\/person\/9e42946a1c059998e1dcd2e9c0b14f7b"},"headline":"Descubre la Revoluci\u00f3n El\u00e9ctrica de Kia en el Autoshow de Guayaquil 2024\u00a0","datePublished":"2024-07-10T00:46:29+00:00","dateModified":"2024-07-10T00:46:33+00:00","mainEntityOfPage":{"@id":"https:\/\/garageblogec.com\/?p=929"},"wordCount":380,"commentCount":0,"publisher":{"@id":"https:\/\/garageblogec.com\/#organization"},"image":{"@id":"https:\/\/garageblogec.com\/?p=929#primaryimage"},"thumbnailUrl":"https:\/\/garageblogec.com\/wp-content\/uploads\/2024\/07\/Image_2-scaled.jpeg","keywords":["autoshow guayaquil","k5","kia"],"articleSection":["Industria Nacional"],"inLanguage":"es","potentialAction":[{"@type":"CommentAction","name":"Comment","target":["https:\/\/garageblogec.com\/?p=929#respond"]}]},{"@type":"WebPage","@id":"https:\/\/garageblogec.com\/?p=929","url":"https:\/\/garageblogec.com\/?p=929","name":"Descubre la Revoluci\u00f3n El\u00e9ctrica de Kia en el Autoshow de Guayaquil 2024\u00a0 - Garage Blog Ecuador","isPartOf":{"@id":"https:\/\/garageblogec.com\/#website"},"primaryImageOfPage":{"@id":"https:\/\/garageblogec.com\/?p=929#primaryimage"},"image":{"@id":"https:\/\/garageblogec.com\/?p=929#primaryimage"},"thumbnailUrl":"https:\/\/garageblogec.com\/wp-content\/uploads\/2024\/07\/Image_2-scaled.jpeg","datePublished":"2024-07-10T00:46:29+00:00","dateModified":"2024-07-10T00:46:33+00:00","description":"Kia presenta el nuevo EV5, un SUV compacto 100% el\u00e9ctrico, en el Autoshow de Guayaquil del 9 al 14 de julio. Destaca por su dise\u00f1o moderno, tecnolog\u00eda V2G, avanzados sistemas de asistencia a la conducci\u00f3n y \u00f3ptima conectividad inal\u00e1mbrica.","breadcrumb":{"@id":"https:\/\/garageblogec.com\/?p=929#breadcrumb"},"inLanguage":"es","potentialAction":[{"@type":"ReadAction","target":["https:\/\/garageblogec.com\/?p=929"]}]},{"@type":"ImageObject","inLanguage":"es","@id":"https:\/\/garageblogec.com\/?p=929#primaryimage","url":"https:\/\/garageblogec.com\/wp-content\/uploads\/2024\/07\/Image_2-scaled.jpeg","contentUrl":"https:\/\/garageblogec.com\/wp-content\/uploads\/2024\/07\/Image_2-scaled.jpeg","width":2560,"height":1707},{"@type":"BreadcrumbList","@id":"https:\/\/garageblogec.com\/?p=929#breadcrumb","itemListElement":[{"@type":"ListItem","position":1,"name":"Portada","item":"https:\/\/garageblogec.com\/"},{"@type":"ListItem","position":2,"name":"Descubre la Revoluci\u00f3n El\u00e9ctrica de Kia en el Autoshow de Guayaquil 2024\u00a0"}]},{"@type":"WebSite","@id":"https:\/\/garageblogec.com\/#website","url":"https:\/\/garageblogec.com\/","name":"Garage Blog Ecuador","description":"Alucinamos por los autos ","publisher":{"@id":"https:\/\/garageblogec.com\/#organization"},"potentialAction":[{"@type":"SearchAction","target":{"@type":"EntryPoint","urlTemplate":"https:\/\/garageblogec.com\/?s={search_term_string}"},"query-input":{"@type":"PropertyValueSpecification","valueRequired":true,"valueName":"search_term_string"}}],"inLanguage":"es"},{"@type":"Organization","@id":"https:\/\/garageblogec.com\/#organization","name":"Garage Blog Ecuador","url":"https:\/\/garageblogec.com\/","logo":{"@type":"ImageObject","inLanguage":"es","@id":"https:\/\/garageblogec.com\/#\/schema\/logo\/image\/","url":"https:\/\/garageblogec.com\/wp-content\/uploads\/2024\/02\/cropped-logo-png-para-blog.webp","contentUrl":"https:\/\/garageblogec.com\/wp-content\/uploads\/2024\/02\/cropped-logo-png-para-blog.webp","width":840,"height":556,"caption":"Garage Blog Ecuador "},"image":{"@id":"https:\/\/garageblogec.com\/#\/schema\/logo\/image\/"}},{"@type":"Person","@id":"https:\/\/garageblogec.com\/#\/schema\/person\/9e42946a1c059998e1dcd2e9c0b14f7b","name":"admin","image":{"@type":"ImageObject","inLanguage":"es","@id":"https:\/\/secure.gravatar.com\/avatar\/3612d5dfd364004c4d91ec427ebfe980a13c66be055df17156d99287f7c39228?s=96&d=mm&r=g","url":"https:\/\/secure.gravatar.com\/avatar\/3612d5dfd364004c4d91ec427ebfe980a13c66be055df17156d99287f7c39228?s=96&d=mm&r=g","contentUrl":"https:\/\/secure.gravatar.com\/avatar\/3612d5dfd364004c4d91ec427ebfe980a13c66be055df17156d99287f7c39228?s=96&d=mm&r=g","caption":"admin"},"sameAs":["https:\/\/garageblogec.com"],"url":"https:\/\/garageblogec.com\/?author=1"}]}},"jetpack_featured_media_url":"https:\/\/garageblogec.com\/wp-content\/uploads\/2024\/07\/Image_2-scaled.jpeg","jetpack_sharing_enabled":true,"_links":{"self":[{"href":"https:\/\/garageblogec.com\/index.php?rest_route=\/wp\/v2\/posts\/929","targetHints":{"allow":["GET"]}}],"collection":[{"href":"https:\/\/garageblogec.com\/index.php?rest_route=\/wp\/v2\/posts"}],"about":[{"href":"https:\/\/garageblogec.com\/index.php?rest_route=\/wp\/v2\/types\/post"}],"author":[{"embeddable":true,"href":"https:\/\/garageblogec.com\/index.php?rest_route=\/wp\/v2\/users\/1"}],"replies":[{"embeddable":true,"href":"https:\/\/garageblogec.com\/index.php?rest_route=%2Fwp%2Fv2%2Fcomments&post=929"}],"version-history":[{"count":1,"href":"https:\/\/garageblogec.com\/index.php?rest_route=\/wp\/v2\/posts\/929\/revisions"}],"predecessor-version":[{"id":936,"href":"https:\/\/garageblogec.com\/index.php?rest_route=\/wp\/v2\/posts\/929\/revisions\/936"}],"wp:featuredmedia":[{"embeddable":true,"href":"https:\/\/garageblogec.com\/index.php?rest_route=\/wp\/v2\/media\/930"}],"wp:attachment":[{"href":"https:\/\/garageblogec.com\/index.php?rest_route=%2Fwp%2Fv2%2Fmedia&parent=929"}],"wp:term":[{"taxonomy":"category","embeddable":true,"href":"https:\/\/garageblogec.com\/index.php?rest_route=%2Fwp%2Fv2%2Fcategories&post=929"},{"taxonomy":"post_tag","embeddable":true,"href":"https:\/\/garageblogec.com\/index.php?rest_route=%2Fwp%2Fv2%2Ftags&post=929"}],"curies":[{"name":"wp","href":"https:\/\/api.w.org\/{rel}","templated":true}]}}