{"id":897,"date":"2024-06-25T00:24:51","date_gmt":"2024-06-25T00:24:51","guid":{"rendered":"https:\/\/garageblogec.com\/?p=897"},"modified":"2024-06-25T00:25:26","modified_gmt":"2024-06-25T00:25:26","slug":"automotores-y-anexos-presento-su-linea-de-vehiculos-homologados-para-taxis","status":"publish","type":"post","link":"https:\/\/garageblogec.com\/?p=897","title":{"rendered":"Automotores y Anexos present\u00f3 su l\u00ednea de veh\u00edculos homologados para taxis"},"content":{"rendered":"\n<p>Por primera ocasi\u00f3n, Automotores y Anexos S.A. present\u00f3 la Feria <strong>TAXIMAX,<\/strong> un evento en conjunto con la <strong>Cooperativa de Servicios Colombo Ecuatoriana<\/strong> que tuvo como objetivo mostrar la gama de veh\u00edculos homologados para el servicio de taxi en Ecuador de las prestigiosas marcas que representa esta firma: <strong>Renault, Nissan, Foton y Baic.<\/strong><\/p>\n\n\n\n<p>Estas marcas de renombre mundial se enorgullecen de participar y apoyar el trabajo de diversas cooperativas, present\u00e1ndoles la exclusiva l\u00ednea de productos que ha cumplido con la normativa y requisitos legales de la Agencia Nacional de Tr\u00e1nsito (ANT), a trav\u00e9s de la Direcci\u00f3n de Regulaci\u00f3n del Transporte Terrestre, Tr\u00e1nsito y Seguridad Vial para su uso p\u00fablico.<\/p>\n\n\n\n<p>Los gremios del taxismo juegan un papel importante\u00a0 en la movilidad urbana y en el desarrollo econ\u00f3mico local, proporcionando empleo y servicios esenciales a la comunidad. Durante la Feria de Ayasa, los asistentes pudieron interactuar con los asesores comerciales y representantes\u00a0 de cada marca, conocer sus ofertas y consultar sobre las oportunidades de colaboraci\u00f3n y apoyo que Automotores y Anexos S.A. ofrece para fortalecer su labor.<\/p>\n\n\n\n<figure class=\"wp-block-image size-large\"><a href=\"https:\/\/www.kia.com\/ec\/showroom\/soluto-ab-19my\/features.html\"><img fetchpriority=\"high\" decoding=\"async\" width=\"1024\" height=\"284\" src=\"https:\/\/garageblogec.com\/wp-content\/uploads\/2024\/06\/1080X300-7-1024x284.jpg\" alt=\"\" class=\"wp-image-894\" srcset=\"https:\/\/garageblogec.com\/wp-content\/uploads\/2024\/06\/1080X300-7-1024x284.jpg 1024w, https:\/\/garageblogec.com\/wp-content\/uploads\/2024\/06\/1080X300-7-300x83.jpg 300w, https:\/\/garageblogec.com\/wp-content\/uploads\/2024\/06\/1080X300-7-768x213.jpg 768w, https:\/\/garageblogec.com\/wp-content\/uploads\/2024\/06\/1080X300-7.jpg 1080w\" sizes=\"(max-width: 1024px) 100vw, 1024px\" \/><\/a><\/figure>\n\n\n\n<p>Este encuentro se realiz\u00f3 en la matriz de Renault ubicada en la Av. Eloy Alfaro, el s\u00e1bado 15 de junio, donde diversas cooperativas se unieron para conocer de cerca la eficiencia, seguridad y confort de ocho modelos exclusivos, entre sedanes, hatchbacks, SUVs y pick-ups, para el transporte de usuarios en el pa\u00eds. Los veh\u00edculos presentes en la feria fueron:<\/p>\n\n\n\n<p><strong>\u2022 Renault:<\/strong> Logan, Sandero y Duster<\/p>\n\n\n\n<p><strong>\u2022 Nissan:<\/strong> Versa y Frontier<\/p>\n\n\n\n<p><strong>\u2022 Baic:<\/strong> X35 y U5<\/p>\n\n\n\n<p><strong>\u2022 Foton:<\/strong> Tunland G7<\/p>\n\n\n\n<figure class=\"wp-block-image size-large\"><img decoding=\"async\" width=\"1024\" height=\"768\" src=\"https:\/\/garageblogec.com\/wp-content\/uploads\/2024\/06\/f72c42e2-172d-4d6a-97a1-bffafc9f8e2c-1024x768.jpg\" alt=\"\" class=\"wp-image-899\" srcset=\"https:\/\/garageblogec.com\/wp-content\/uploads\/2024\/06\/f72c42e2-172d-4d6a-97a1-bffafc9f8e2c-1024x768.jpg 1024w, https:\/\/garageblogec.com\/wp-content\/uploads\/2024\/06\/f72c42e2-172d-4d6a-97a1-bffafc9f8e2c-300x225.jpg 300w, https:\/\/garageblogec.com\/wp-content\/uploads\/2024\/06\/f72c42e2-172d-4d6a-97a1-bffafc9f8e2c-768x576.jpg 768w, https:\/\/garageblogec.com\/wp-content\/uploads\/2024\/06\/f72c42e2-172d-4d6a-97a1-bffafc9f8e2c-1536x1152.jpg 1536w, https:\/\/garageblogec.com\/wp-content\/uploads\/2024\/06\/f72c42e2-172d-4d6a-97a1-bffafc9f8e2c-1320x990.jpg 1320w, https:\/\/garageblogec.com\/wp-content\/uploads\/2024\/06\/f72c42e2-172d-4d6a-97a1-bffafc9f8e2c.jpg 1600w\" sizes=\"(max-width: 1024px) 100vw, 1024px\" \/><\/figure>\n\n\n\n<p>Automotores y Anexos S.A., junto a sus marcas representadas, recibieron a empresarios del sector del transporte y a conductores de taxi. A trav\u00e9s de diversas actividades, como exposiciones, visitas a talleres y pruebas de manejo, los asistentes pudieron vivir una experiencia completa para decidirse por la opci\u00f3n que mejor se ajuste a sus necesidades.<\/p>\n","protected":false},"excerpt":{"rendered":"<p>Automotores y Anexos S.A. present\u00f3 la Feria TAXIMAX, mostrando veh\u00edculos homologados de Renault, Nissan, Foton y Baic para el servicio de taxi en Ecuador. El evento, realizado en la matriz de Renault, reuni\u00f3 a cooperativas y gremios del taxismo para explorar opciones de transporte seguras y eficientes.<\/p>\n","protected":false},"author":1,"featured_media":898,"comment_status":"open","ping_status":"open","sticky":false,"template":"","format":"standard","meta":{"_jetpack_memberships_contains_paid_content":false,"footnotes":""},"categories":[27],"tags":[30,130,129],"class_list":["post-897","post","type-post","status-publish","format-standard","has-post-thumbnail","hentry","category-industria-nacional","tag-ecuador","tag-homologados","tag-taxismo"],"yoast_head":"<!-- This site is optimized with the Yoast SEO plugin v27.4 - https:\/\/yoast.com\/product\/yoast-seo-wordpress\/ -->\n<title>Automotores y Anexos present\u00f3 su l\u00ednea de veh\u00edculos homologados para taxis - Garage Blog Ecuador<\/title>\n<meta name=\"description\" content=\"Automotores y Anexos S.A. present\u00f3 la Feria TAXIMAX, mostrando veh\u00edculos homologados de Renault, Nissan, Foton y Baic para el servicio de taxi en Ecuador. El evento, realizado en la matriz de Renault, reuni\u00f3 a cooperativas y gremios del taxismo para explorar opciones de transporte seguras y eficientes.\" \/>\n<meta name=\"robots\" content=\"index, follow, max-snippet:-1, max-image-preview:large, max-video-preview:-1\" \/>\n<link rel=\"canonical\" href=\"https:\/\/garageblogec.com\/?p=897\" \/>\n<meta property=\"og:locale\" content=\"es_ES\" \/>\n<meta property=\"og:type\" content=\"article\" \/>\n<meta property=\"og:title\" content=\"Automotores y Anexos present\u00f3 su l\u00ednea de veh\u00edculos homologados para taxis - Garage Blog Ecuador\" \/>\n<meta property=\"og:description\" content=\"Automotores y Anexos S.A. present\u00f3 la Feria TAXIMAX, mostrando veh\u00edculos homologados de Renault, Nissan, Foton y Baic para el servicio de taxi en Ecuador. El evento, realizado en la matriz de Renault, reuni\u00f3 a cooperativas y gremios del taxismo para explorar opciones de transporte seguras y eficientes.\" \/>\n<meta property=\"og:url\" content=\"https:\/\/garageblogec.com\/?p=897\" \/>\n<meta property=\"og:site_name\" content=\"Garage Blog Ecuador\" \/>\n<meta property=\"article:published_time\" content=\"2024-06-25T00:24:51+00:00\" \/>\n<meta property=\"article:modified_time\" content=\"2024-06-25T00:25:26+00:00\" \/>\n<meta property=\"og:image\" content=\"https:\/\/garageblogec.com\/wp-content\/uploads\/2024\/06\/taxis.jpg\" \/>\n\t<meta property=\"og:image:width\" content=\"1920\" \/>\n\t<meta property=\"og:image:height\" content=\"1084\" \/>\n\t<meta property=\"og:image:type\" content=\"image\/jpeg\" \/>\n<meta name=\"author\" content=\"admin\" \/>\n<meta name=\"twitter:card\" content=\"summary_large_image\" \/>\n<meta name=\"twitter:label1\" content=\"Escrito por\" \/>\n\t<meta name=\"twitter:data1\" content=\"admin\" \/>\n\t<meta name=\"twitter:label2\" content=\"Tiempo de lectura\" \/>\n\t<meta name=\"twitter:data2\" content=\"3 minutos\" \/>\n<script type=\"application\/ld+json\" class=\"yoast-schema-graph\">{\"@context\":\"https:\\\/\\\/schema.org\",\"@graph\":[{\"@type\":\"Article\",\"@id\":\"https:\\\/\\\/garageblogec.com\\\/?p=897#article\",\"isPartOf\":{\"@id\":\"https:\\\/\\\/garageblogec.com\\\/?p=897\"},\"author\":{\"name\":\"admin\",\"@id\":\"https:\\\/\\\/garageblogec.com\\\/#\\\/schema\\\/person\\\/9e42946a1c059998e1dcd2e9c0b14f7b\"},\"headline\":\"Automotores y Anexos present\u00f3 su l\u00ednea de veh\u00edculos homologados para taxis\",\"datePublished\":\"2024-06-25T00:24:51+00:00\",\"dateModified\":\"2024-06-25T00:25:26+00:00\",\"mainEntityOfPage\":{\"@id\":\"https:\\\/\\\/garageblogec.com\\\/?p=897\"},\"wordCount\":335,\"commentCount\":0,\"publisher\":{\"@id\":\"https:\\\/\\\/garageblogec.com\\\/#organization\"},\"image\":{\"@id\":\"https:\\\/\\\/garageblogec.com\\\/?p=897#primaryimage\"},\"thumbnailUrl\":\"https:\\\/\\\/garageblogec.com\\\/wp-content\\\/uploads\\\/2024\\\/06\\\/taxis.jpg\",\"keywords\":[\"Ecuador\",\"homologados\",\"taxismo\"],\"articleSection\":[\"Industria Nacional\"],\"inLanguage\":\"es\",\"potentialAction\":[{\"@type\":\"CommentAction\",\"name\":\"Comment\",\"target\":[\"https:\\\/\\\/garageblogec.com\\\/?p=897#respond\"]}]},{\"@type\":\"WebPage\",\"@id\":\"https:\\\/\\\/garageblogec.com\\\/?p=897\",\"url\":\"https:\\\/\\\/garageblogec.com\\\/?p=897\",\"name\":\"Automotores y Anexos present\u00f3 su l\u00ednea de veh\u00edculos homologados para taxis - Garage Blog Ecuador\",\"isPartOf\":{\"@id\":\"https:\\\/\\\/garageblogec.com\\\/#website\"},\"primaryImageOfPage\":{\"@id\":\"https:\\\/\\\/garageblogec.com\\\/?p=897#primaryimage\"},\"image\":{\"@id\":\"https:\\\/\\\/garageblogec.com\\\/?p=897#primaryimage\"},\"thumbnailUrl\":\"https:\\\/\\\/garageblogec.com\\\/wp-content\\\/uploads\\\/2024\\\/06\\\/taxis.jpg\",\"datePublished\":\"2024-06-25T00:24:51+00:00\",\"dateModified\":\"2024-06-25T00:25:26+00:00\",\"description\":\"Automotores y Anexos S.A. present\u00f3 la Feria TAXIMAX, mostrando veh\u00edculos homologados de Renault, Nissan, Foton y Baic para el servicio de taxi en Ecuador. El evento, realizado en la matriz de Renault, reuni\u00f3 a cooperativas y gremios del taxismo para explorar opciones de transporte seguras y eficientes.\",\"breadcrumb\":{\"@id\":\"https:\\\/\\\/garageblogec.com\\\/?p=897#breadcrumb\"},\"inLanguage\":\"es\",\"potentialAction\":[{\"@type\":\"ReadAction\",\"target\":[\"https:\\\/\\\/garageblogec.com\\\/?p=897\"]}]},{\"@type\":\"ImageObject\",\"inLanguage\":\"es\",\"@id\":\"https:\\\/\\\/garageblogec.com\\\/?p=897#primaryimage\",\"url\":\"https:\\\/\\\/garageblogec.com\\\/wp-content\\\/uploads\\\/2024\\\/06\\\/taxis.jpg\",\"contentUrl\":\"https:\\\/\\\/garageblogec.com\\\/wp-content\\\/uploads\\\/2024\\\/06\\\/taxis.jpg\",\"width\":1920,\"height\":1084},{\"@type\":\"BreadcrumbList\",\"@id\":\"https:\\\/\\\/garageblogec.com\\\/?p=897#breadcrumb\",\"itemListElement\":[{\"@type\":\"ListItem\",\"position\":1,\"name\":\"Portada\",\"item\":\"https:\\\/\\\/garageblogec.com\\\/\"},{\"@type\":\"ListItem\",\"position\":2,\"name\":\"Automotores y Anexos present\u00f3 su l\u00ednea de veh\u00edculos homologados para taxis\"}]},{\"@type\":\"WebSite\",\"@id\":\"https:\\\/\\\/garageblogec.com\\\/#website\",\"url\":\"https:\\\/\\\/garageblogec.com\\\/\",\"name\":\"Garage Blog Ecuador\",\"description\":\"Alucinamos por los autos \",\"publisher\":{\"@id\":\"https:\\\/\\\/garageblogec.com\\\/#organization\"},\"potentialAction\":[{\"@type\":\"SearchAction\",\"target\":{\"@type\":\"EntryPoint\",\"urlTemplate\":\"https:\\\/\\\/garageblogec.com\\\/?s={search_term_string}\"},\"query-input\":{\"@type\":\"PropertyValueSpecification\",\"valueRequired\":true,\"valueName\":\"search_term_string\"}}],\"inLanguage\":\"es\"},{\"@type\":\"Organization\",\"@id\":\"https:\\\/\\\/garageblogec.com\\\/#organization\",\"name\":\"Garage Blog Ecuador\",\"url\":\"https:\\\/\\\/garageblogec.com\\\/\",\"logo\":{\"@type\":\"ImageObject\",\"inLanguage\":\"es\",\"@id\":\"https:\\\/\\\/garageblogec.com\\\/#\\\/schema\\\/logo\\\/image\\\/\",\"url\":\"https:\\\/\\\/garageblogec.com\\\/wp-content\\\/uploads\\\/2024\\\/02\\\/cropped-logo-png-para-blog.webp\",\"contentUrl\":\"https:\\\/\\\/garageblogec.com\\\/wp-content\\\/uploads\\\/2024\\\/02\\\/cropped-logo-png-para-blog.webp\",\"width\":840,\"height\":556,\"caption\":\"Garage Blog Ecuador \"},\"image\":{\"@id\":\"https:\\\/\\\/garageblogec.com\\\/#\\\/schema\\\/logo\\\/image\\\/\"}},{\"@type\":\"Person\",\"@id\":\"https:\\\/\\\/garageblogec.com\\\/#\\\/schema\\\/person\\\/9e42946a1c059998e1dcd2e9c0b14f7b\",\"name\":\"admin\",\"image\":{\"@type\":\"ImageObject\",\"inLanguage\":\"es\",\"@id\":\"https:\\\/\\\/secure.gravatar.com\\\/avatar\\\/3612d5dfd364004c4d91ec427ebfe980a13c66be055df17156d99287f7c39228?s=96&d=mm&r=g\",\"url\":\"https:\\\/\\\/secure.gravatar.com\\\/avatar\\\/3612d5dfd364004c4d91ec427ebfe980a13c66be055df17156d99287f7c39228?s=96&d=mm&r=g\",\"contentUrl\":\"https:\\\/\\\/secure.gravatar.com\\\/avatar\\\/3612d5dfd364004c4d91ec427ebfe980a13c66be055df17156d99287f7c39228?s=96&d=mm&r=g\",\"caption\":\"admin\"},\"sameAs\":[\"https:\\\/\\\/garageblogec.com\"],\"url\":\"https:\\\/\\\/garageblogec.com\\\/?author=1\"}]}<\/script>\n<!-- \/ Yoast SEO plugin. -->","yoast_head_json":{"title":"Automotores y Anexos present\u00f3 su l\u00ednea de veh\u00edculos homologados para taxis - Garage Blog Ecuador","description":"Automotores y Anexos S.A. present\u00f3 la Feria TAXIMAX, mostrando veh\u00edculos homologados de Renault, Nissan, Foton y Baic para el servicio de taxi en Ecuador. El evento, realizado en la matriz de Renault, reuni\u00f3 a cooperativas y gremios del taxismo para explorar opciones de transporte seguras y eficientes.","robots":{"index":"index","follow":"follow","max-snippet":"max-snippet:-1","max-image-preview":"max-image-preview:large","max-video-preview":"max-video-preview:-1"},"canonical":"https:\/\/garageblogec.com\/?p=897","og_locale":"es_ES","og_type":"article","og_title":"Automotores y Anexos present\u00f3 su l\u00ednea de veh\u00edculos homologados para taxis - Garage Blog Ecuador","og_description":"Automotores y Anexos S.A. present\u00f3 la Feria TAXIMAX, mostrando veh\u00edculos homologados de Renault, Nissan, Foton y Baic para el servicio de taxi en Ecuador. El evento, realizado en la matriz de Renault, reuni\u00f3 a cooperativas y gremios del taxismo para explorar opciones de transporte seguras y eficientes.","og_url":"https:\/\/garageblogec.com\/?p=897","og_site_name":"Garage Blog Ecuador","article_published_time":"2024-06-25T00:24:51+00:00","article_modified_time":"2024-06-25T00:25:26+00:00","og_image":[{"width":1920,"height":1084,"url":"https:\/\/garageblogec.com\/wp-content\/uploads\/2024\/06\/taxis.jpg","type":"image\/jpeg"}],"author":"admin","twitter_card":"summary_large_image","twitter_misc":{"Escrito por":"admin","Tiempo de lectura":"3 minutos"},"schema":{"@context":"https:\/\/schema.org","@graph":[{"@type":"Article","@id":"https:\/\/garageblogec.com\/?p=897#article","isPartOf":{"@id":"https:\/\/garageblogec.com\/?p=897"},"author":{"name":"admin","@id":"https:\/\/garageblogec.com\/#\/schema\/person\/9e42946a1c059998e1dcd2e9c0b14f7b"},"headline":"Automotores y Anexos present\u00f3 su l\u00ednea de veh\u00edculos homologados para taxis","datePublished":"2024-06-25T00:24:51+00:00","dateModified":"2024-06-25T00:25:26+00:00","mainEntityOfPage":{"@id":"https:\/\/garageblogec.com\/?p=897"},"wordCount":335,"commentCount":0,"publisher":{"@id":"https:\/\/garageblogec.com\/#organization"},"image":{"@id":"https:\/\/garageblogec.com\/?p=897#primaryimage"},"thumbnailUrl":"https:\/\/garageblogec.com\/wp-content\/uploads\/2024\/06\/taxis.jpg","keywords":["Ecuador","homologados","taxismo"],"articleSection":["Industria Nacional"],"inLanguage":"es","potentialAction":[{"@type":"CommentAction","name":"Comment","target":["https:\/\/garageblogec.com\/?p=897#respond"]}]},{"@type":"WebPage","@id":"https:\/\/garageblogec.com\/?p=897","url":"https:\/\/garageblogec.com\/?p=897","name":"Automotores y Anexos present\u00f3 su l\u00ednea de veh\u00edculos homologados para taxis - Garage Blog Ecuador","isPartOf":{"@id":"https:\/\/garageblogec.com\/#website"},"primaryImageOfPage":{"@id":"https:\/\/garageblogec.com\/?p=897#primaryimage"},"image":{"@id":"https:\/\/garageblogec.com\/?p=897#primaryimage"},"thumbnailUrl":"https:\/\/garageblogec.com\/wp-content\/uploads\/2024\/06\/taxis.jpg","datePublished":"2024-06-25T00:24:51+00:00","dateModified":"2024-06-25T00:25:26+00:00","description":"Automotores y Anexos S.A. present\u00f3 la Feria TAXIMAX, mostrando veh\u00edculos homologados de Renault, Nissan, Foton y Baic para el servicio de taxi en Ecuador. El evento, realizado en la matriz de Renault, reuni\u00f3 a cooperativas y gremios del taxismo para explorar opciones de transporte seguras y eficientes.","breadcrumb":{"@id":"https:\/\/garageblogec.com\/?p=897#breadcrumb"},"inLanguage":"es","potentialAction":[{"@type":"ReadAction","target":["https:\/\/garageblogec.com\/?p=897"]}]},{"@type":"ImageObject","inLanguage":"es","@id":"https:\/\/garageblogec.com\/?p=897#primaryimage","url":"https:\/\/garageblogec.com\/wp-content\/uploads\/2024\/06\/taxis.jpg","contentUrl":"https:\/\/garageblogec.com\/wp-content\/uploads\/2024\/06\/taxis.jpg","width":1920,"height":1084},{"@type":"BreadcrumbList","@id":"https:\/\/garageblogec.com\/?p=897#breadcrumb","itemListElement":[{"@type":"ListItem","position":1,"name":"Portada","item":"https:\/\/garageblogec.com\/"},{"@type":"ListItem","position":2,"name":"Automotores y Anexos present\u00f3 su l\u00ednea de veh\u00edculos homologados para taxis"}]},{"@type":"WebSite","@id":"https:\/\/garageblogec.com\/#website","url":"https:\/\/garageblogec.com\/","name":"Garage Blog Ecuador","description":"Alucinamos por los autos ","publisher":{"@id":"https:\/\/garageblogec.com\/#organization"},"potentialAction":[{"@type":"SearchAction","target":{"@type":"EntryPoint","urlTemplate":"https:\/\/garageblogec.com\/?s={search_term_string}"},"query-input":{"@type":"PropertyValueSpecification","valueRequired":true,"valueName":"search_term_string"}}],"inLanguage":"es"},{"@type":"Organization","@id":"https:\/\/garageblogec.com\/#organization","name":"Garage Blog Ecuador","url":"https:\/\/garageblogec.com\/","logo":{"@type":"ImageObject","inLanguage":"es","@id":"https:\/\/garageblogec.com\/#\/schema\/logo\/image\/","url":"https:\/\/garageblogec.com\/wp-content\/uploads\/2024\/02\/cropped-logo-png-para-blog.webp","contentUrl":"https:\/\/garageblogec.com\/wp-content\/uploads\/2024\/02\/cropped-logo-png-para-blog.webp","width":840,"height":556,"caption":"Garage Blog Ecuador "},"image":{"@id":"https:\/\/garageblogec.com\/#\/schema\/logo\/image\/"}},{"@type":"Person","@id":"https:\/\/garageblogec.com\/#\/schema\/person\/9e42946a1c059998e1dcd2e9c0b14f7b","name":"admin","image":{"@type":"ImageObject","inLanguage":"es","@id":"https:\/\/secure.gravatar.com\/avatar\/3612d5dfd364004c4d91ec427ebfe980a13c66be055df17156d99287f7c39228?s=96&d=mm&r=g","url":"https:\/\/secure.gravatar.com\/avatar\/3612d5dfd364004c4d91ec427ebfe980a13c66be055df17156d99287f7c39228?s=96&d=mm&r=g","contentUrl":"https:\/\/secure.gravatar.com\/avatar\/3612d5dfd364004c4d91ec427ebfe980a13c66be055df17156d99287f7c39228?s=96&d=mm&r=g","caption":"admin"},"sameAs":["https:\/\/garageblogec.com"],"url":"https:\/\/garageblogec.com\/?author=1"}]}},"jetpack_featured_media_url":"https:\/\/garageblogec.com\/wp-content\/uploads\/2024\/06\/taxis.jpg","jetpack_sharing_enabled":true,"_links":{"self":[{"href":"https:\/\/garageblogec.com\/index.php?rest_route=\/wp\/v2\/posts\/897","targetHints":{"allow":["GET"]}}],"collection":[{"href":"https:\/\/garageblogec.com\/index.php?rest_route=\/wp\/v2\/posts"}],"about":[{"href":"https:\/\/garageblogec.com\/index.php?rest_route=\/wp\/v2\/types\/post"}],"author":[{"embeddable":true,"href":"https:\/\/garageblogec.com\/index.php?rest_route=\/wp\/v2\/users\/1"}],"replies":[{"embeddable":true,"href":"https:\/\/garageblogec.com\/index.php?rest_route=%2Fwp%2Fv2%2Fcomments&post=897"}],"version-history":[{"count":1,"href":"https:\/\/garageblogec.com\/index.php?rest_route=\/wp\/v2\/posts\/897\/revisions"}],"predecessor-version":[{"id":900,"href":"https:\/\/garageblogec.com\/index.php?rest_route=\/wp\/v2\/posts\/897\/revisions\/900"}],"wp:featuredmedia":[{"embeddable":true,"href":"https:\/\/garageblogec.com\/index.php?rest_route=\/wp\/v2\/media\/898"}],"wp:attachment":[{"href":"https:\/\/garageblogec.com\/index.php?rest_route=%2Fwp%2Fv2%2Fmedia&parent=897"}],"wp:term":[{"taxonomy":"category","embeddable":true,"href":"https:\/\/garageblogec.com\/index.php?rest_route=%2Fwp%2Fv2%2Fcategories&post=897"},{"taxonomy":"post_tag","embeddable":true,"href":"https:\/\/garageblogec.com\/index.php?rest_route=%2Fwp%2Fv2%2Ftags&post=897"}],"curies":[{"name":"wp","href":"https:\/\/api.w.org\/{rel}","templated":true}]}}