{"id":848,"date":"2024-06-12T11:52:29","date_gmt":"2024-06-12T11:52:29","guid":{"rendered":"https:\/\/garageblogec.com\/?p=848"},"modified":"2024-06-12T11:52:32","modified_gmt":"2024-06-12T11:52:32","slug":"gm-el-fonag-y-la-usfq-abren-la-convocatoria-para-la-beca-agua-de-los-andes-para-la-maestria-de-recursos-hidricos","status":"publish","type":"post","link":"https:\/\/garageblogec.com\/?p=848","title":{"rendered":"GM, el FONAG y la USFQ abren la convocatoria para la beca \u201cAgua de los Andes\u201d para la Maestr\u00eda de Recursos H\u00eddricos"},"content":{"rendered":"\n<p>En el marco del \u201cD\u00eda Mundial del Medio Ambiente\u201d, General Motors del Ecuador, el Fondo para la Protecci\u00f3n del Agua de Quito (FONAG) y la Universidad San Francisco de Quito (USFQ) anunciaron la convocatoria para la entrega de la beca \u201cAgua de los Andes\u201d para la Maestr\u00eda de Recursos H\u00eddricos de la USFQ. Esta iniciativa forma parte del programa \u201cAgua de los Andes\u201d de General Motors, que tiene el prop\u00f3sito de proteger las fuentes h\u00eddricas que abastecen al norte de Quito y los ecosistemas h\u00eddricos vulnerables.<\/p>\n\n\n\n<p>El programa se ejecuta desde el 2019, en conjunto con el FONAG, para preservar 877 hect\u00e1reas de la zona de conservaci\u00f3n Ponce Paluguillo, ubicada en los p\u00e1ramos de Papallacta al este de Quito, as\u00ed como el almacenamiento de carbono en suelo del p\u00e1ramo para la compensaci\u00f3n de la huella de carbono de la operaci\u00f3n industrial de GM. As\u00ed, la marca aporta a la conservaci\u00f3n de ecosistemas vulnerables de pa\u00eds, protegiendo las fuentes de agua para mitigar el impacto ambiental.<\/p>\n\n\n\n<p>Juan Fernando Reinoso, L\u00edder de comunicaciones y Relaciones P\u00fablicas de General Motors Ecuador mencion\u00f3 que, \u201c<em>la compa\u00f1\u00eda tiene como visi\u00f3n global lograr un mundo con cero accidentes, cero emisiones y cero congesti\u00f3n, por lo que el aporte desde la academia es clave para contribuir a la creaci\u00f3n de un mundo m\u00e1s sostenible\u201d. <\/em>Reinoso agradeci\u00f3 la participaci\u00f3n de sus aliados estrat\u00e9gicos y de los estudiantes por ser parte de la construcci\u00f3n de un futuro sin emisiones.\u00a0<\/p>\n\n\n\n<figure class=\"wp-block-image size-large\"><a href=\"https:\/\/www.kia.com\/ec\/showroom\/K3\/features.html\"><img fetchpriority=\"high\" decoding=\"async\" width=\"1024\" height=\"284\" src=\"https:\/\/garageblogec.com\/wp-content\/uploads\/2024\/06\/1080x300-5-1024x284.jpg\" alt=\"\" class=\"wp-image-850\" srcset=\"https:\/\/garageblogec.com\/wp-content\/uploads\/2024\/06\/1080x300-5-1024x284.jpg 1024w, https:\/\/garageblogec.com\/wp-content\/uploads\/2024\/06\/1080x300-5-300x83.jpg 300w, https:\/\/garageblogec.com\/wp-content\/uploads\/2024\/06\/1080x300-5-768x213.jpg 768w, https:\/\/garageblogec.com\/wp-content\/uploads\/2024\/06\/1080x300-5.jpg 1080w\" sizes=\"(max-width: 1024px) 100vw, 1024px\" \/><\/a><\/figure>\n\n\n\n<p>En el evento tambi\u00e9n se proyectaron dos cortometrajes que resaltan la responsabilidad ambiental en el cine y se present\u00f3 un ejemplo de Modelos de Producci\u00f3n de Huella Cero Carbono. A trav\u00e9s de charlas y proyecciones invitaron a todos los asistentes a ser parte activa del cambio con un cine ambientalmente responsable. &nbsp;<\/p>\n\n\n\n<p>Esteban Su\u00e1rez, Director del Instituto de Bi\u00f3sfera de la USFQ, destac\u00f3 la participaci\u00f3n de General Motors en estas iniciativas. Agradeci\u00f3 la contribuci\u00f3n de la empresa privada en beneficio del cuidado del recurso h\u00edbrido del pa\u00eds a trav\u00e9s de la presentaci\u00f3n de la beca que ser\u00e1 entregada formalmente en el mes de agosto.<\/p>\n\n\n\n<p>Por su parte, Bert de Bievre, Secretario T\u00e9cnico del FONAG sostuvo que el recurso h\u00eddrico es vital para el mundo, por lo tanto, debe ser tratado con la misma relevancia.<em> \u201cEsta beca potenciar\u00e1 las aptitudes profesionales del participante y su conocimiento t\u00e9cnico para beneficiar a la comunidad\u201d<\/em>.<\/p>\n\n\n\n<p><\/p>\n\n\n\n<figure class=\"wp-block-image size-large\"><img decoding=\"async\" src=\"https:\/\/www.quitoinforma.gob.ec\/wp-content\/uploads\/2022\/03\/IMG-20220322-WA0018-800x445.jpg\" alt=\"\"\/><\/figure>\n\n\n\n<p>La estrategia de Responsabilidad Social de General Motors Ecuador cubre distintos ejes como: ambiente, recuperaci\u00f3n de comunidades, movilidad sostenible, programas de econom\u00eda circular y calidad educativa. Su participaci\u00f3n en estas iniciativas fortalece su compromiso con el desarrollo del pa\u00eds y el apoyo a las comunidades en donde opera.<\/p>\n","protected":false},"excerpt":{"rendered":"<p>El programa se ejecuta desde el 2019, en conjunto con el FONAG, para preservar 877 hect\u00e1reas de la zona de conservaci\u00f3n Ponce Paluguillo<\/p>\n","protected":false},"author":1,"featured_media":849,"comment_status":"open","ping_status":"open","sticky":false,"template":"","format":"standard","meta":{"_jetpack_memberships_contains_paid_content":false,"footnotes":""},"categories":[100],"tags":[],"class_list":["post-848","post","type-post","status-publish","format-standard","has-post-thumbnail","hentry","category-tendencias"],"yoast_head":"<!-- This site is optimized with the Yoast SEO plugin v27.4 - https:\/\/yoast.com\/product\/yoast-seo-wordpress\/ -->\n<title>GM, el FONAG y la USFQ abren la convocatoria para la beca \u201cAgua de los Andes\u201d para la Maestr\u00eda de Recursos H\u00eddricos - Garage Blog Ecuador<\/title>\n<meta name=\"description\" content=\"El programa se ejecuta desde el 2019, en conjunto con el FONAG, para preservar 877 hect\u00e1reas de la zona de conservaci\u00f3n Ponce Paluguillo\" \/>\n<meta name=\"robots\" content=\"index, follow, max-snippet:-1, max-image-preview:large, max-video-preview:-1\" \/>\n<link rel=\"canonical\" href=\"https:\/\/garageblogec.com\/?p=848\" \/>\n<meta property=\"og:locale\" content=\"es_ES\" \/>\n<meta property=\"og:type\" content=\"article\" \/>\n<meta property=\"og:title\" content=\"GM, el FONAG y la USFQ abren la convocatoria para la beca \u201cAgua de los Andes\u201d para la Maestr\u00eda de Recursos H\u00eddricos - Garage Blog Ecuador\" \/>\n<meta property=\"og:description\" content=\"El programa se ejecuta desde el 2019, en conjunto con el FONAG, para preservar 877 hect\u00e1reas de la zona de conservaci\u00f3n Ponce Paluguillo\" \/>\n<meta property=\"og:url\" content=\"https:\/\/garageblogec.com\/?p=848\" \/>\n<meta property=\"og:site_name\" content=\"Garage Blog Ecuador\" \/>\n<meta property=\"article:published_time\" content=\"2024-06-12T11:52:29+00:00\" \/>\n<meta property=\"article:modified_time\" content=\"2024-06-12T11:52:32+00:00\" \/>\n<meta property=\"og:image\" content=\"https:\/\/garageblogec.com\/wp-content\/uploads\/2024\/06\/IMG_5451-1-scaled.jpg\" \/>\n\t<meta property=\"og:image:width\" content=\"2560\" \/>\n\t<meta property=\"og:image:height\" content=\"1533\" \/>\n\t<meta property=\"og:image:type\" content=\"image\/jpeg\" \/>\n<meta name=\"author\" content=\"admin\" \/>\n<meta name=\"twitter:card\" content=\"summary_large_image\" \/>\n<meta name=\"twitter:label1\" content=\"Escrito por\" \/>\n\t<meta name=\"twitter:data1\" content=\"admin\" \/>\n\t<meta name=\"twitter:label2\" content=\"Tiempo de lectura\" \/>\n\t<meta name=\"twitter:data2\" content=\"3 minutos\" \/>\n<script type=\"application\/ld+json\" class=\"yoast-schema-graph\">{\"@context\":\"https:\\\/\\\/schema.org\",\"@graph\":[{\"@type\":\"Article\",\"@id\":\"https:\\\/\\\/garageblogec.com\\\/?p=848#article\",\"isPartOf\":{\"@id\":\"https:\\\/\\\/garageblogec.com\\\/?p=848\"},\"author\":{\"name\":\"admin\",\"@id\":\"https:\\\/\\\/garageblogec.com\\\/#\\\/schema\\\/person\\\/9e42946a1c059998e1dcd2e9c0b14f7b\"},\"headline\":\"GM, el FONAG y la USFQ abren la convocatoria para la beca \u201cAgua de los Andes\u201d para la Maestr\u00eda de Recursos H\u00eddricos\",\"datePublished\":\"2024-06-12T11:52:29+00:00\",\"dateModified\":\"2024-06-12T11:52:32+00:00\",\"mainEntityOfPage\":{\"@id\":\"https:\\\/\\\/garageblogec.com\\\/?p=848\"},\"wordCount\":504,\"commentCount\":0,\"publisher\":{\"@id\":\"https:\\\/\\\/garageblogec.com\\\/#organization\"},\"image\":{\"@id\":\"https:\\\/\\\/garageblogec.com\\\/?p=848#primaryimage\"},\"thumbnailUrl\":\"https:\\\/\\\/garageblogec.com\\\/wp-content\\\/uploads\\\/2024\\\/06\\\/IMG_5451-1-scaled.jpg\",\"articleSection\":[\"Tendencias\"],\"inLanguage\":\"es\",\"potentialAction\":[{\"@type\":\"CommentAction\",\"name\":\"Comment\",\"target\":[\"https:\\\/\\\/garageblogec.com\\\/?p=848#respond\"]}]},{\"@type\":\"WebPage\",\"@id\":\"https:\\\/\\\/garageblogec.com\\\/?p=848\",\"url\":\"https:\\\/\\\/garageblogec.com\\\/?p=848\",\"name\":\"GM, el FONAG y la USFQ abren la convocatoria para la beca \u201cAgua de los Andes\u201d para la Maestr\u00eda de Recursos H\u00eddricos - Garage Blog Ecuador\",\"isPartOf\":{\"@id\":\"https:\\\/\\\/garageblogec.com\\\/#website\"},\"primaryImageOfPage\":{\"@id\":\"https:\\\/\\\/garageblogec.com\\\/?p=848#primaryimage\"},\"image\":{\"@id\":\"https:\\\/\\\/garageblogec.com\\\/?p=848#primaryimage\"},\"thumbnailUrl\":\"https:\\\/\\\/garageblogec.com\\\/wp-content\\\/uploads\\\/2024\\\/06\\\/IMG_5451-1-scaled.jpg\",\"datePublished\":\"2024-06-12T11:52:29+00:00\",\"dateModified\":\"2024-06-12T11:52:32+00:00\",\"description\":\"El programa se ejecuta desde el 2019, en conjunto con el FONAG, para preservar 877 hect\u00e1reas de la zona de conservaci\u00f3n Ponce Paluguillo\",\"breadcrumb\":{\"@id\":\"https:\\\/\\\/garageblogec.com\\\/?p=848#breadcrumb\"},\"inLanguage\":\"es\",\"potentialAction\":[{\"@type\":\"ReadAction\",\"target\":[\"https:\\\/\\\/garageblogec.com\\\/?p=848\"]}]},{\"@type\":\"ImageObject\",\"inLanguage\":\"es\",\"@id\":\"https:\\\/\\\/garageblogec.com\\\/?p=848#primaryimage\",\"url\":\"https:\\\/\\\/garageblogec.com\\\/wp-content\\\/uploads\\\/2024\\\/06\\\/IMG_5451-1-scaled.jpg\",\"contentUrl\":\"https:\\\/\\\/garageblogec.com\\\/wp-content\\\/uploads\\\/2024\\\/06\\\/IMG_5451-1-scaled.jpg\",\"width\":2560,\"height\":1533},{\"@type\":\"BreadcrumbList\",\"@id\":\"https:\\\/\\\/garageblogec.com\\\/?p=848#breadcrumb\",\"itemListElement\":[{\"@type\":\"ListItem\",\"position\":1,\"name\":\"Portada\",\"item\":\"https:\\\/\\\/garageblogec.com\\\/\"},{\"@type\":\"ListItem\",\"position\":2,\"name\":\"GM, el FONAG y la USFQ abren la convocatoria para la beca \u201cAgua de los Andes\u201d para la Maestr\u00eda de Recursos H\u00eddricos\"}]},{\"@type\":\"WebSite\",\"@id\":\"https:\\\/\\\/garageblogec.com\\\/#website\",\"url\":\"https:\\\/\\\/garageblogec.com\\\/\",\"name\":\"Garage Blog Ecuador\",\"description\":\"Alucinamos por los autos \",\"publisher\":{\"@id\":\"https:\\\/\\\/garageblogec.com\\\/#organization\"},\"potentialAction\":[{\"@type\":\"SearchAction\",\"target\":{\"@type\":\"EntryPoint\",\"urlTemplate\":\"https:\\\/\\\/garageblogec.com\\\/?s={search_term_string}\"},\"query-input\":{\"@type\":\"PropertyValueSpecification\",\"valueRequired\":true,\"valueName\":\"search_term_string\"}}],\"inLanguage\":\"es\"},{\"@type\":\"Organization\",\"@id\":\"https:\\\/\\\/garageblogec.com\\\/#organization\",\"name\":\"Garage Blog Ecuador\",\"url\":\"https:\\\/\\\/garageblogec.com\\\/\",\"logo\":{\"@type\":\"ImageObject\",\"inLanguage\":\"es\",\"@id\":\"https:\\\/\\\/garageblogec.com\\\/#\\\/schema\\\/logo\\\/image\\\/\",\"url\":\"https:\\\/\\\/garageblogec.com\\\/wp-content\\\/uploads\\\/2024\\\/02\\\/cropped-logo-png-para-blog.webp\",\"contentUrl\":\"https:\\\/\\\/garageblogec.com\\\/wp-content\\\/uploads\\\/2024\\\/02\\\/cropped-logo-png-para-blog.webp\",\"width\":840,\"height\":556,\"caption\":\"Garage Blog Ecuador \"},\"image\":{\"@id\":\"https:\\\/\\\/garageblogec.com\\\/#\\\/schema\\\/logo\\\/image\\\/\"}},{\"@type\":\"Person\",\"@id\":\"https:\\\/\\\/garageblogec.com\\\/#\\\/schema\\\/person\\\/9e42946a1c059998e1dcd2e9c0b14f7b\",\"name\":\"admin\",\"image\":{\"@type\":\"ImageObject\",\"inLanguage\":\"es\",\"@id\":\"https:\\\/\\\/secure.gravatar.com\\\/avatar\\\/3612d5dfd364004c4d91ec427ebfe980a13c66be055df17156d99287f7c39228?s=96&d=mm&r=g\",\"url\":\"https:\\\/\\\/secure.gravatar.com\\\/avatar\\\/3612d5dfd364004c4d91ec427ebfe980a13c66be055df17156d99287f7c39228?s=96&d=mm&r=g\",\"contentUrl\":\"https:\\\/\\\/secure.gravatar.com\\\/avatar\\\/3612d5dfd364004c4d91ec427ebfe980a13c66be055df17156d99287f7c39228?s=96&d=mm&r=g\",\"caption\":\"admin\"},\"sameAs\":[\"https:\\\/\\\/garageblogec.com\"],\"url\":\"https:\\\/\\\/garageblogec.com\\\/?author=1\"}]}<\/script>\n<!-- \/ Yoast SEO plugin. -->","yoast_head_json":{"title":"GM, el FONAG y la USFQ abren la convocatoria para la beca \u201cAgua de los Andes\u201d para la Maestr\u00eda de Recursos H\u00eddricos - Garage Blog Ecuador","description":"El programa se ejecuta desde el 2019, en conjunto con el FONAG, para preservar 877 hect\u00e1reas de la zona de conservaci\u00f3n Ponce Paluguillo","robots":{"index":"index","follow":"follow","max-snippet":"max-snippet:-1","max-image-preview":"max-image-preview:large","max-video-preview":"max-video-preview:-1"},"canonical":"https:\/\/garageblogec.com\/?p=848","og_locale":"es_ES","og_type":"article","og_title":"GM, el FONAG y la USFQ abren la convocatoria para la beca \u201cAgua de los Andes\u201d para la Maestr\u00eda de Recursos H\u00eddricos - Garage Blog Ecuador","og_description":"El programa se ejecuta desde el 2019, en conjunto con el FONAG, para preservar 877 hect\u00e1reas de la zona de conservaci\u00f3n Ponce Paluguillo","og_url":"https:\/\/garageblogec.com\/?p=848","og_site_name":"Garage Blog Ecuador","article_published_time":"2024-06-12T11:52:29+00:00","article_modified_time":"2024-06-12T11:52:32+00:00","og_image":[{"width":2560,"height":1533,"url":"https:\/\/garageblogec.com\/wp-content\/uploads\/2024\/06\/IMG_5451-1-scaled.jpg","type":"image\/jpeg"}],"author":"admin","twitter_card":"summary_large_image","twitter_misc":{"Escrito por":"admin","Tiempo de lectura":"3 minutos"},"schema":{"@context":"https:\/\/schema.org","@graph":[{"@type":"Article","@id":"https:\/\/garageblogec.com\/?p=848#article","isPartOf":{"@id":"https:\/\/garageblogec.com\/?p=848"},"author":{"name":"admin","@id":"https:\/\/garageblogec.com\/#\/schema\/person\/9e42946a1c059998e1dcd2e9c0b14f7b"},"headline":"GM, el FONAG y la USFQ abren la convocatoria para la beca \u201cAgua de los Andes\u201d para la Maestr\u00eda de Recursos H\u00eddricos","datePublished":"2024-06-12T11:52:29+00:00","dateModified":"2024-06-12T11:52:32+00:00","mainEntityOfPage":{"@id":"https:\/\/garageblogec.com\/?p=848"},"wordCount":504,"commentCount":0,"publisher":{"@id":"https:\/\/garageblogec.com\/#organization"},"image":{"@id":"https:\/\/garageblogec.com\/?p=848#primaryimage"},"thumbnailUrl":"https:\/\/garageblogec.com\/wp-content\/uploads\/2024\/06\/IMG_5451-1-scaled.jpg","articleSection":["Tendencias"],"inLanguage":"es","potentialAction":[{"@type":"CommentAction","name":"Comment","target":["https:\/\/garageblogec.com\/?p=848#respond"]}]},{"@type":"WebPage","@id":"https:\/\/garageblogec.com\/?p=848","url":"https:\/\/garageblogec.com\/?p=848","name":"GM, el FONAG y la USFQ abren la convocatoria para la beca \u201cAgua de los Andes\u201d para la Maestr\u00eda de Recursos H\u00eddricos - Garage Blog Ecuador","isPartOf":{"@id":"https:\/\/garageblogec.com\/#website"},"primaryImageOfPage":{"@id":"https:\/\/garageblogec.com\/?p=848#primaryimage"},"image":{"@id":"https:\/\/garageblogec.com\/?p=848#primaryimage"},"thumbnailUrl":"https:\/\/garageblogec.com\/wp-content\/uploads\/2024\/06\/IMG_5451-1-scaled.jpg","datePublished":"2024-06-12T11:52:29+00:00","dateModified":"2024-06-12T11:52:32+00:00","description":"El programa se ejecuta desde el 2019, en conjunto con el FONAG, para preservar 877 hect\u00e1reas de la zona de conservaci\u00f3n Ponce Paluguillo","breadcrumb":{"@id":"https:\/\/garageblogec.com\/?p=848#breadcrumb"},"inLanguage":"es","potentialAction":[{"@type":"ReadAction","target":["https:\/\/garageblogec.com\/?p=848"]}]},{"@type":"ImageObject","inLanguage":"es","@id":"https:\/\/garageblogec.com\/?p=848#primaryimage","url":"https:\/\/garageblogec.com\/wp-content\/uploads\/2024\/06\/IMG_5451-1-scaled.jpg","contentUrl":"https:\/\/garageblogec.com\/wp-content\/uploads\/2024\/06\/IMG_5451-1-scaled.jpg","width":2560,"height":1533},{"@type":"BreadcrumbList","@id":"https:\/\/garageblogec.com\/?p=848#breadcrumb","itemListElement":[{"@type":"ListItem","position":1,"name":"Portada","item":"https:\/\/garageblogec.com\/"},{"@type":"ListItem","position":2,"name":"GM, el FONAG y la USFQ abren la convocatoria para la beca \u201cAgua de los Andes\u201d para la Maestr\u00eda de Recursos H\u00eddricos"}]},{"@type":"WebSite","@id":"https:\/\/garageblogec.com\/#website","url":"https:\/\/garageblogec.com\/","name":"Garage Blog Ecuador","description":"Alucinamos por los autos ","publisher":{"@id":"https:\/\/garageblogec.com\/#organization"},"potentialAction":[{"@type":"SearchAction","target":{"@type":"EntryPoint","urlTemplate":"https:\/\/garageblogec.com\/?s={search_term_string}"},"query-input":{"@type":"PropertyValueSpecification","valueRequired":true,"valueName":"search_term_string"}}],"inLanguage":"es"},{"@type":"Organization","@id":"https:\/\/garageblogec.com\/#organization","name":"Garage Blog Ecuador","url":"https:\/\/garageblogec.com\/","logo":{"@type":"ImageObject","inLanguage":"es","@id":"https:\/\/garageblogec.com\/#\/schema\/logo\/image\/","url":"https:\/\/garageblogec.com\/wp-content\/uploads\/2024\/02\/cropped-logo-png-para-blog.webp","contentUrl":"https:\/\/garageblogec.com\/wp-content\/uploads\/2024\/02\/cropped-logo-png-para-blog.webp","width":840,"height":556,"caption":"Garage Blog Ecuador "},"image":{"@id":"https:\/\/garageblogec.com\/#\/schema\/logo\/image\/"}},{"@type":"Person","@id":"https:\/\/garageblogec.com\/#\/schema\/person\/9e42946a1c059998e1dcd2e9c0b14f7b","name":"admin","image":{"@type":"ImageObject","inLanguage":"es","@id":"https:\/\/secure.gravatar.com\/avatar\/3612d5dfd364004c4d91ec427ebfe980a13c66be055df17156d99287f7c39228?s=96&d=mm&r=g","url":"https:\/\/secure.gravatar.com\/avatar\/3612d5dfd364004c4d91ec427ebfe980a13c66be055df17156d99287f7c39228?s=96&d=mm&r=g","contentUrl":"https:\/\/secure.gravatar.com\/avatar\/3612d5dfd364004c4d91ec427ebfe980a13c66be055df17156d99287f7c39228?s=96&d=mm&r=g","caption":"admin"},"sameAs":["https:\/\/garageblogec.com"],"url":"https:\/\/garageblogec.com\/?author=1"}]}},"jetpack_featured_media_url":"https:\/\/garageblogec.com\/wp-content\/uploads\/2024\/06\/IMG_5451-1-scaled.jpg","jetpack_sharing_enabled":true,"_links":{"self":[{"href":"https:\/\/garageblogec.com\/index.php?rest_route=\/wp\/v2\/posts\/848","targetHints":{"allow":["GET"]}}],"collection":[{"href":"https:\/\/garageblogec.com\/index.php?rest_route=\/wp\/v2\/posts"}],"about":[{"href":"https:\/\/garageblogec.com\/index.php?rest_route=\/wp\/v2\/types\/post"}],"author":[{"embeddable":true,"href":"https:\/\/garageblogec.com\/index.php?rest_route=\/wp\/v2\/users\/1"}],"replies":[{"embeddable":true,"href":"https:\/\/garageblogec.com\/index.php?rest_route=%2Fwp%2Fv2%2Fcomments&post=848"}],"version-history":[{"count":1,"href":"https:\/\/garageblogec.com\/index.php?rest_route=\/wp\/v2\/posts\/848\/revisions"}],"predecessor-version":[{"id":851,"href":"https:\/\/garageblogec.com\/index.php?rest_route=\/wp\/v2\/posts\/848\/revisions\/851"}],"wp:featuredmedia":[{"embeddable":true,"href":"https:\/\/garageblogec.com\/index.php?rest_route=\/wp\/v2\/media\/849"}],"wp:attachment":[{"href":"https:\/\/garageblogec.com\/index.php?rest_route=%2Fwp%2Fv2%2Fmedia&parent=848"}],"wp:term":[{"taxonomy":"category","embeddable":true,"href":"https:\/\/garageblogec.com\/index.php?rest_route=%2Fwp%2Fv2%2Fcategories&post=848"},{"taxonomy":"post_tag","embeddable":true,"href":"https:\/\/garageblogec.com\/index.php?rest_route=%2Fwp%2Fv2%2Ftags&post=848"}],"curies":[{"name":"wp","href":"https:\/\/api.w.org\/{rel}","templated":true}]}}