{"id":829,"date":"2024-06-04T04:41:48","date_gmt":"2024-06-04T04:41:48","guid":{"rendered":"https:\/\/garageblogec.com\/?p=829"},"modified":"2024-06-04T04:41:50","modified_gmt":"2024-06-04T04:41:50","slug":"max-vertsappen","status":"publish","type":"post","link":"https:\/\/garageblogec.com\/?p=829","title":{"rendered":"\u00bfPodr\u00e1n Max Verstappen y Red Bull ser fuertes  en el GP de Canad\u00e1 despu\u00e9s del desastre de M\u00f3naco?"},"content":{"rendered":"\n<p>Max Verstappen gan\u00f3 el GP de Bahrein y el GP de Arabia Saudita, terminando un c\u00f3digo postal por delante del auto en P2. Los flashbacks del dominio de 2023 eran inminentes para la comunidad de la F1. El Red Bull RB20 parec\u00eda estar funcionando mal en el GP de Australia, pero con Max Verstappen retir\u00e1ndose temprano, nadie sab\u00eda lo que el Red Bull podr\u00eda haber hecho en carrera. A este rev\u00e9s le siguieron victorias consecutivas en China y Jap\u00f3n. Red Bull y Verstappen parec\u00edan encaminarse hacia otro campeonato.<\/p>\n\n\n\n<p>Pero luego lleg\u00f3 el GP de Miami. Adrian Newey anunci\u00f3 su salida cuando McLaren introdujo importantes mejoras. El holand\u00e9s tuvo problemas de agarre en Florida y Lando Norris gan\u00f3 su primera carrera. Aunque Verstappen gan\u00f3 en Imola, estuvo a s\u00f3lo d\u00e9cimas de perder la victoria ante Norris una vez m\u00e1s, ya que tuvo problemas en la \u00faltima parte con neum\u00e1ticos duros. M\u00f3naco fue, con diferencia, el peor fin de semana, lleno de quejas del l\u00edder del campeonato sobre el auto.<\/p>\n\n\n\n<p>Con el GP de Canad\u00e1 a continuaci\u00f3n, \u00bfpodr\u00e1n Red Bull y Max Verstappen recuperarse de los recientes reveses? \u00bfRed Bull sabe qu\u00e9 le pasa al RB20? \u00bfEs un problema espec\u00edfico del circuito o un problema con el RB20? Vamos a averiguar.<\/p>\n\n\n\n<figure class=\"wp-block-image size-large\"><a href=\"https:\/\/www.kia.com\/ec\/showroom\/K3_Cross\/specification.html\"><img fetchpriority=\"high\" decoding=\"async\" width=\"1024\" height=\"284\" src=\"https:\/\/garageblogec.com\/wp-content\/uploads\/2024\/06\/1080x300-1-1024x284.jpg\" alt=\"\" class=\"wp-image-830\" srcset=\"https:\/\/garageblogec.com\/wp-content\/uploads\/2024\/06\/1080x300-1-1024x284.jpg 1024w, https:\/\/garageblogec.com\/wp-content\/uploads\/2024\/06\/1080x300-1-300x83.jpg 300w, https:\/\/garageblogec.com\/wp-content\/uploads\/2024\/06\/1080x300-1-768x213.jpg 768w, https:\/\/garageblogec.com\/wp-content\/uploads\/2024\/06\/1080x300-1.jpg 1080w\" sizes=\"(max-width: 1024px) 100vw, 1024px\" \/><\/a><\/figure>\n\n\n\n<h2 class=\"wp-block-heading\"><strong>Las luchas recientes de Max Verstappen y Red Bull<\/strong><\/h2>\n\n\n\n<p>Todo empez\u00f3 en el GP de Miami. Max Verstappen consigui\u00f3 la Sprint Pole y gan\u00f3 la Sprint Race. La vida parec\u00eda buena para el holand\u00e9s, un d\u00eda normal de trabajo. Sin embargo, Verstappen no estaba contento con el comportamiento del coche. A Verstappen no le gust\u00f3 c\u00f3mo se comport\u00f3 el coche debajo de \u00e9l a pesar de conseguir la pole. Durante la carrera del domingo, los problemas con el RB20 finalmente salieron a la luz cuando Max Verstappen no pudo alcanzar a Lando Norris despu\u00e9s del reinicio del coche de seguridad.&nbsp;<\/p>\n\n\n\n<p>El coche simplemente dej\u00f3 de hablar con el l\u00edder del campeonato como sol\u00eda hacerlo. Norris acort\u00f3 distancias con Verstappen y gan\u00f3 c\u00f3modamente. Imola volvi\u00f3 a ser un fin de semana bastante normal para Verstappen, consiguiendo la pole, pero luego casi se desmoron\u00f3 cuando el RB20 tuvo problemas con los neum\u00e1ticos duros, pero no logr\u00f3 meterlos en la ventana de trabajo. Los neum\u00e1ticos se cayeron por completo en las \u00faltimas 15 vueltas, lo que permiti\u00f3 a Norris alcanzarlo. Verstappen se quej\u00f3 de la falta de agarre de los neum\u00e1ticos al perder temperatura. La experiencia fue descrita como conducir sobre hielo.<\/p>\n\n\n\n<figure class=\"wp-block-image size-large\"><img decoding=\"async\" src=\"https:\/\/image-cdn.essentiallysports.com\/wp-content\/uploads\/2024-03-23T032925Z_462901377_UP1EK3N09OZKT_RTRMADP_3_MOTOR-F1-AUSTRALIA.jpg\" alt=\"\"\/><\/figure>\n\n\n\n<p>M\u00f3naco planteaba el reto de una pista llena de baches y Max Verstappen ten\u00eda otro problema a\u00f1adido para la carrera en el Principado. El holand\u00e9s volvi\u00f3 a sufrir problemas con el equilibrio del coche y el agarre, adem\u00e1s de que el coche estaba demasiado r\u00edgido. Verstappen se quej\u00f3 de saltar como un mono y de tener dolor de cabeza por todos los golpes. Comenz\u00f3 P6 y termin\u00f3 P6. Y en realidad no es un problema de configuraci\u00f3n de Verstappen, ya que incluso Sergio P\u00e9rez ha tenido problemas en estas \u00faltimas tres carreras.<\/p>\n\n\n\n<p>Red Bull actualiz\u00f3 el RB20 en Imola. Muchos los culparon por empeorar el auto. Sin embargo, en realidad el problema es mucho m\u00e1s complejo y varios factores afectan los resultados.<\/p>\n\n\n\n<h2 class=\"wp-block-heading\"><strong>\u00bfCu\u00e1l es la raz\u00f3n detr\u00e1s de los problemas de Max Verstappen y Red Bull?&nbsp;<\/strong><\/h2>\n\n\n\n<p>El GP de Singapur fue la \u00fanica carrera ganada por un piloto que no era de Red Bull en 2023, ya que el equipo de Milton Keynes tuvo problemas en el GP de Singapur. Algunos sugirieron que el Red Bull no se maneja bien en los bordillos. Tanto Miami como M\u00f3naco son pistas en las que subirse a los bordillos es esencial para ganar tiempo por vuelta. Parece haber un problema con el coche, ya que Red Bull perdi\u00f3 ambas carreras. Helmut Marko sugiri\u00f3 recientemente que en realidad se trata de un problema del simulador y no del coche.<\/p>\n\n\n\n<p>Seg\u00fan Speedweek, Helmut Marko escribi\u00f3:\u00a0<em>\u201cEl problema comienza en el simulador, que ha indicado que el coche pasa muy por encima de los bordillos. En pocas palabras, esto significa que el simulador y la realidad no se correlacionan. Y M\u00f3naco no fue el primer circuito en el que tuvimos este problema, que fue relativamente fuerte en Singapur por primera vez. El simulador escupi\u00f3 algo que no se correspond\u00eda con la realidad. Este es el primer punto por el que comenzaremos\u201d.<\/em><\/p>\n\n\n\n<figure class=\"wp-block-image size-large\"><img decoding=\"async\" src=\"https:\/\/cdn2.mediotiempo.com\/uploads\/media\/2023\/03\/19\/verstappen-fue-muy-criticado-por.jpg\" alt=\"\"\/><\/figure>\n\n\n\n<p>El simulador es clave para que un equipo se adecue a la configuraci\u00f3n b\u00e1sica y al conocimiento de lo que har\u00e1 el coche en un circuito espec\u00edfico. Si, como en M\u00f3naco, las simulaciones est\u00e1n muy equivocadas, el equipo tiene que hacer una gran cantidad de cambios de la noche a la ma\u00f1ana, que pueden funcionar o no. Un coche suele tener una debilidad u otra, y la kriptonita del RB20 mejorado parece estar encontrando el equilibrio y el agarre adecuados con los neum\u00e1ticos. Las imprecisiones del simulador tambi\u00e9n parecen ser un problema.<\/p>\n\n\n\n<p>Red Bull no estuvo ni cerca del ritmo de carrera delantero en Imola, pero las largas sesiones de Sebastien Buemi el viernes ayudaron al equipo a encontrar una manera de solucionar la puesta a punto. Adem\u00e1s, el hecho de que otros equipos como McLaren y Ferrari hayan mejorado enormemente y hayan logrado grandes mejoras de rendimiento hizo que los problemas de Red Bull fueran a\u00fan m\u00e1s evidentes, ya que de repente ya no son la clase de la parrilla.&nbsp;<\/p>\n\n\n\n<p>Algunas pistas se adaptar\u00e1n al RB20 y otras no. \u00bfQu\u00e9 pasa entonces con el GP de Canad\u00e1? \u00bfEs una de las pistas dif\u00edciles de acertar para los equipos de Milton Keynes?<\/p>\n\n\n\n<h2 class=\"wp-block-heading\"><strong>Las luchas pueden continuar para Max Verstappen y Red Bull en el GP de Canad\u00e1<\/strong><\/h2>\n\n\n\n<p><em>\u201cSomos optimistas y podremos descubrir al menos una vez por qu\u00e9 el simulador produce datos que no corresponden a la realidad. Pero Montreal tambi\u00e9n podr\u00eda ser un fin de semana dif\u00edcil para nosotros\u201d,<\/em>\u00a0escribi\u00f3 Helmut Marko, advirtiendo a Red Bull sobre el pr\u00f3ximo fin de semana de carreras en Canad\u00e1. El Circuito Gilles Villeneuve es un circuito urbano con muchas chicanes y largas rectas. Si bien el Red Bull es excelente en las rectas, no se puede decir lo mismo de los bordillos de las Chicanes debido a sus recientes dificultades.\u00a0<\/p>\n\n\n\n<figure class=\"wp-block-image size-large\"><img decoding=\"async\" src=\"https:\/\/image-cdn.essentiallysports.com\/wp-content\/uploads\/2023-10-22T194859Z_2006231484_UP1EJAM1J1KPG_RTRMADP_3_MOTOR-F1-USA.jpg\" alt=\"\"\/><\/figure>\n\n\n\n<p>Los coches que tienen una gran tracci\u00f3n trasera y una suspensi\u00f3n flexible suelen ser los que destacan en el circuito del GP de Canad\u00e1. Red Bull parece estar luchando con ambos problemas, mientras que Ferrari es fuerte en ambas \u00e1reas. Parece poco probable que Verstappen gane el GP de Canad\u00e1.<\/p>\n","protected":false},"excerpt":{"rendered":"<p>Max Verstappen Y Red Bull buscan reivindicarse en el GP de Canad\u00e1<\/p>\n","protected":false},"author":1,"featured_media":831,"comment_status":"open","ping_status":"open","sticky":false,"template":"","format":"standard","meta":{"_jetpack_memberships_contains_paid_content":false,"footnotes":""},"categories":[99,27],"tags":[101,104,103],"class_list":["post-829","post","type-post","status-publish","format-standard","has-post-thumbnail","hentry","category-formula-uno","category-industria-nacional","tag-formula-uno","tag-max-vertsappen","tag-red-bull"],"yoast_head":"<!-- This site is optimized with the Yoast SEO plugin v27.4 - https:\/\/yoast.com\/product\/yoast-seo-wordpress\/ -->\n<title>\u00bfPodr\u00e1n Max Verstappen y Red Bull ser fuertes en el GP de Canad\u00e1 despu\u00e9s del desastre de M\u00f3naco? - Garage Blog Ecuador<\/title>\n<meta name=\"description\" content=\"Max Verstappen Y Red Bull buscan reivindicarse en el GP de Canad\u00e1\" \/>\n<meta name=\"robots\" content=\"index, follow, max-snippet:-1, max-image-preview:large, max-video-preview:-1\" \/>\n<link rel=\"canonical\" href=\"https:\/\/garageblogec.com\/?p=829\" \/>\n<meta property=\"og:locale\" content=\"es_ES\" \/>\n<meta property=\"og:type\" content=\"article\" \/>\n<meta property=\"og:title\" content=\"\u00bfPodr\u00e1n Max Verstappen y Red Bull ser fuertes en el GP de Canad\u00e1 despu\u00e9s del desastre de M\u00f3naco? - Garage Blog Ecuador\" \/>\n<meta property=\"og:description\" content=\"Max Verstappen Y Red Bull buscan reivindicarse en el GP de Canad\u00e1\" \/>\n<meta property=\"og:url\" content=\"https:\/\/garageblogec.com\/?p=829\" \/>\n<meta property=\"og:site_name\" content=\"Garage Blog Ecuador\" \/>\n<meta property=\"article:published_time\" content=\"2024-06-04T04:41:48+00:00\" \/>\n<meta property=\"article:modified_time\" content=\"2024-06-04T04:41:50+00:00\" \/>\n<meta property=\"og:image\" content=\"https:\/\/garageblogec.com\/wp-content\/uploads\/2024\/06\/max-verstappen-red-bull-racing.jpg\" \/>\n\t<meta property=\"og:image:width\" content=\"1000\" \/>\n\t<meta property=\"og:image:height\" content=\"667\" \/>\n\t<meta property=\"og:image:type\" content=\"image\/jpeg\" \/>\n<meta name=\"author\" content=\"admin\" \/>\n<meta name=\"twitter:card\" content=\"summary_large_image\" \/>\n<meta name=\"twitter:label1\" content=\"Escrito por\" \/>\n\t<meta name=\"twitter:data1\" content=\"admin\" \/>\n\t<meta name=\"twitter:label2\" content=\"Tiempo de lectura\" \/>\n\t<meta name=\"twitter:data2\" content=\"6 minutos\" \/>\n<script type=\"application\/ld+json\" class=\"yoast-schema-graph\">{\"@context\":\"https:\\\/\\\/schema.org\",\"@graph\":[{\"@type\":\"Article\",\"@id\":\"https:\\\/\\\/garageblogec.com\\\/?p=829#article\",\"isPartOf\":{\"@id\":\"https:\\\/\\\/garageblogec.com\\\/?p=829\"},\"author\":{\"name\":\"admin\",\"@id\":\"https:\\\/\\\/garageblogec.com\\\/#\\\/schema\\\/person\\\/9e42946a1c059998e1dcd2e9c0b14f7b\"},\"headline\":\"\u00bfPodr\u00e1n Max Verstappen y Red Bull ser fuertes en el GP de Canad\u00e1 despu\u00e9s del desastre de M\u00f3naco?\",\"datePublished\":\"2024-06-04T04:41:48+00:00\",\"dateModified\":\"2024-06-04T04:41:50+00:00\",\"mainEntityOfPage\":{\"@id\":\"https:\\\/\\\/garageblogec.com\\\/?p=829\"},\"wordCount\":1166,\"commentCount\":0,\"publisher\":{\"@id\":\"https:\\\/\\\/garageblogec.com\\\/#organization\"},\"image\":{\"@id\":\"https:\\\/\\\/garageblogec.com\\\/?p=829#primaryimage\"},\"thumbnailUrl\":\"https:\\\/\\\/garageblogec.com\\\/wp-content\\\/uploads\\\/2024\\\/06\\\/max-verstappen-red-bull-racing.jpg\",\"keywords\":[\"Formula Uno\",\"Max vertsappen\",\"rED bULL\"],\"articleSection\":[\"F\u00f3rmula Uno\",\"Industria Nacional\"],\"inLanguage\":\"es\",\"potentialAction\":[{\"@type\":\"CommentAction\",\"name\":\"Comment\",\"target\":[\"https:\\\/\\\/garageblogec.com\\\/?p=829#respond\"]}]},{\"@type\":\"WebPage\",\"@id\":\"https:\\\/\\\/garageblogec.com\\\/?p=829\",\"url\":\"https:\\\/\\\/garageblogec.com\\\/?p=829\",\"name\":\"\u00bfPodr\u00e1n Max Verstappen y Red Bull ser fuertes en el GP de Canad\u00e1 despu\u00e9s del desastre de M\u00f3naco? - Garage Blog Ecuador\",\"isPartOf\":{\"@id\":\"https:\\\/\\\/garageblogec.com\\\/#website\"},\"primaryImageOfPage\":{\"@id\":\"https:\\\/\\\/garageblogec.com\\\/?p=829#primaryimage\"},\"image\":{\"@id\":\"https:\\\/\\\/garageblogec.com\\\/?p=829#primaryimage\"},\"thumbnailUrl\":\"https:\\\/\\\/garageblogec.com\\\/wp-content\\\/uploads\\\/2024\\\/06\\\/max-verstappen-red-bull-racing.jpg\",\"datePublished\":\"2024-06-04T04:41:48+00:00\",\"dateModified\":\"2024-06-04T04:41:50+00:00\",\"description\":\"Max Verstappen Y Red Bull buscan reivindicarse en el GP de Canad\u00e1\",\"breadcrumb\":{\"@id\":\"https:\\\/\\\/garageblogec.com\\\/?p=829#breadcrumb\"},\"inLanguage\":\"es\",\"potentialAction\":[{\"@type\":\"ReadAction\",\"target\":[\"https:\\\/\\\/garageblogec.com\\\/?p=829\"]}]},{\"@type\":\"ImageObject\",\"inLanguage\":\"es\",\"@id\":\"https:\\\/\\\/garageblogec.com\\\/?p=829#primaryimage\",\"url\":\"https:\\\/\\\/garageblogec.com\\\/wp-content\\\/uploads\\\/2024\\\/06\\\/max-verstappen-red-bull-racing.jpg\",\"contentUrl\":\"https:\\\/\\\/garageblogec.com\\\/wp-content\\\/uploads\\\/2024\\\/06\\\/max-verstappen-red-bull-racing.jpg\",\"width\":1000,\"height\":667},{\"@type\":\"BreadcrumbList\",\"@id\":\"https:\\\/\\\/garageblogec.com\\\/?p=829#breadcrumb\",\"itemListElement\":[{\"@type\":\"ListItem\",\"position\":1,\"name\":\"Portada\",\"item\":\"https:\\\/\\\/garageblogec.com\\\/\"},{\"@type\":\"ListItem\",\"position\":2,\"name\":\"\u00bfPodr\u00e1n Max Verstappen y Red Bull ser fuertes en el GP de Canad\u00e1 despu\u00e9s del desastre de M\u00f3naco?\"}]},{\"@type\":\"WebSite\",\"@id\":\"https:\\\/\\\/garageblogec.com\\\/#website\",\"url\":\"https:\\\/\\\/garageblogec.com\\\/\",\"name\":\"Garage Blog Ecuador\",\"description\":\"Alucinamos por los autos \",\"publisher\":{\"@id\":\"https:\\\/\\\/garageblogec.com\\\/#organization\"},\"potentialAction\":[{\"@type\":\"SearchAction\",\"target\":{\"@type\":\"EntryPoint\",\"urlTemplate\":\"https:\\\/\\\/garageblogec.com\\\/?s={search_term_string}\"},\"query-input\":{\"@type\":\"PropertyValueSpecification\",\"valueRequired\":true,\"valueName\":\"search_term_string\"}}],\"inLanguage\":\"es\"},{\"@type\":\"Organization\",\"@id\":\"https:\\\/\\\/garageblogec.com\\\/#organization\",\"name\":\"Garage Blog Ecuador\",\"url\":\"https:\\\/\\\/garageblogec.com\\\/\",\"logo\":{\"@type\":\"ImageObject\",\"inLanguage\":\"es\",\"@id\":\"https:\\\/\\\/garageblogec.com\\\/#\\\/schema\\\/logo\\\/image\\\/\",\"url\":\"https:\\\/\\\/garageblogec.com\\\/wp-content\\\/uploads\\\/2024\\\/02\\\/cropped-logo-png-para-blog.webp\",\"contentUrl\":\"https:\\\/\\\/garageblogec.com\\\/wp-content\\\/uploads\\\/2024\\\/02\\\/cropped-logo-png-para-blog.webp\",\"width\":840,\"height\":556,\"caption\":\"Garage Blog Ecuador \"},\"image\":{\"@id\":\"https:\\\/\\\/garageblogec.com\\\/#\\\/schema\\\/logo\\\/image\\\/\"}},{\"@type\":\"Person\",\"@id\":\"https:\\\/\\\/garageblogec.com\\\/#\\\/schema\\\/person\\\/9e42946a1c059998e1dcd2e9c0b14f7b\",\"name\":\"admin\",\"image\":{\"@type\":\"ImageObject\",\"inLanguage\":\"es\",\"@id\":\"https:\\\/\\\/secure.gravatar.com\\\/avatar\\\/3612d5dfd364004c4d91ec427ebfe980a13c66be055df17156d99287f7c39228?s=96&d=mm&r=g\",\"url\":\"https:\\\/\\\/secure.gravatar.com\\\/avatar\\\/3612d5dfd364004c4d91ec427ebfe980a13c66be055df17156d99287f7c39228?s=96&d=mm&r=g\",\"contentUrl\":\"https:\\\/\\\/secure.gravatar.com\\\/avatar\\\/3612d5dfd364004c4d91ec427ebfe980a13c66be055df17156d99287f7c39228?s=96&d=mm&r=g\",\"caption\":\"admin\"},\"sameAs\":[\"https:\\\/\\\/garageblogec.com\"],\"url\":\"https:\\\/\\\/garageblogec.com\\\/?author=1\"}]}<\/script>\n<!-- \/ Yoast SEO plugin. -->","yoast_head_json":{"title":"\u00bfPodr\u00e1n Max Verstappen y Red Bull ser fuertes en el GP de Canad\u00e1 despu\u00e9s del desastre de M\u00f3naco? - Garage Blog Ecuador","description":"Max Verstappen Y Red Bull buscan reivindicarse en el GP de Canad\u00e1","robots":{"index":"index","follow":"follow","max-snippet":"max-snippet:-1","max-image-preview":"max-image-preview:large","max-video-preview":"max-video-preview:-1"},"canonical":"https:\/\/garageblogec.com\/?p=829","og_locale":"es_ES","og_type":"article","og_title":"\u00bfPodr\u00e1n Max Verstappen y Red Bull ser fuertes en el GP de Canad\u00e1 despu\u00e9s del desastre de M\u00f3naco? - Garage Blog Ecuador","og_description":"Max Verstappen Y Red Bull buscan reivindicarse en el GP de Canad\u00e1","og_url":"https:\/\/garageblogec.com\/?p=829","og_site_name":"Garage Blog Ecuador","article_published_time":"2024-06-04T04:41:48+00:00","article_modified_time":"2024-06-04T04:41:50+00:00","og_image":[{"width":1000,"height":667,"url":"https:\/\/garageblogec.com\/wp-content\/uploads\/2024\/06\/max-verstappen-red-bull-racing.jpg","type":"image\/jpeg"}],"author":"admin","twitter_card":"summary_large_image","twitter_misc":{"Escrito por":"admin","Tiempo de lectura":"6 minutos"},"schema":{"@context":"https:\/\/schema.org","@graph":[{"@type":"Article","@id":"https:\/\/garageblogec.com\/?p=829#article","isPartOf":{"@id":"https:\/\/garageblogec.com\/?p=829"},"author":{"name":"admin","@id":"https:\/\/garageblogec.com\/#\/schema\/person\/9e42946a1c059998e1dcd2e9c0b14f7b"},"headline":"\u00bfPodr\u00e1n Max Verstappen y Red Bull ser fuertes en el GP de Canad\u00e1 despu\u00e9s del desastre de M\u00f3naco?","datePublished":"2024-06-04T04:41:48+00:00","dateModified":"2024-06-04T04:41:50+00:00","mainEntityOfPage":{"@id":"https:\/\/garageblogec.com\/?p=829"},"wordCount":1166,"commentCount":0,"publisher":{"@id":"https:\/\/garageblogec.com\/#organization"},"image":{"@id":"https:\/\/garageblogec.com\/?p=829#primaryimage"},"thumbnailUrl":"https:\/\/garageblogec.com\/wp-content\/uploads\/2024\/06\/max-verstappen-red-bull-racing.jpg","keywords":["Formula Uno","Max vertsappen","rED bULL"],"articleSection":["F\u00f3rmula Uno","Industria Nacional"],"inLanguage":"es","potentialAction":[{"@type":"CommentAction","name":"Comment","target":["https:\/\/garageblogec.com\/?p=829#respond"]}]},{"@type":"WebPage","@id":"https:\/\/garageblogec.com\/?p=829","url":"https:\/\/garageblogec.com\/?p=829","name":"\u00bfPodr\u00e1n Max Verstappen y Red Bull ser fuertes en el GP de Canad\u00e1 despu\u00e9s del desastre de M\u00f3naco? - Garage Blog Ecuador","isPartOf":{"@id":"https:\/\/garageblogec.com\/#website"},"primaryImageOfPage":{"@id":"https:\/\/garageblogec.com\/?p=829#primaryimage"},"image":{"@id":"https:\/\/garageblogec.com\/?p=829#primaryimage"},"thumbnailUrl":"https:\/\/garageblogec.com\/wp-content\/uploads\/2024\/06\/max-verstappen-red-bull-racing.jpg","datePublished":"2024-06-04T04:41:48+00:00","dateModified":"2024-06-04T04:41:50+00:00","description":"Max Verstappen Y Red Bull buscan reivindicarse en el GP de Canad\u00e1","breadcrumb":{"@id":"https:\/\/garageblogec.com\/?p=829#breadcrumb"},"inLanguage":"es","potentialAction":[{"@type":"ReadAction","target":["https:\/\/garageblogec.com\/?p=829"]}]},{"@type":"ImageObject","inLanguage":"es","@id":"https:\/\/garageblogec.com\/?p=829#primaryimage","url":"https:\/\/garageblogec.com\/wp-content\/uploads\/2024\/06\/max-verstappen-red-bull-racing.jpg","contentUrl":"https:\/\/garageblogec.com\/wp-content\/uploads\/2024\/06\/max-verstappen-red-bull-racing.jpg","width":1000,"height":667},{"@type":"BreadcrumbList","@id":"https:\/\/garageblogec.com\/?p=829#breadcrumb","itemListElement":[{"@type":"ListItem","position":1,"name":"Portada","item":"https:\/\/garageblogec.com\/"},{"@type":"ListItem","position":2,"name":"\u00bfPodr\u00e1n Max Verstappen y Red Bull ser fuertes en el GP de Canad\u00e1 despu\u00e9s del desastre de M\u00f3naco?"}]},{"@type":"WebSite","@id":"https:\/\/garageblogec.com\/#website","url":"https:\/\/garageblogec.com\/","name":"Garage Blog Ecuador","description":"Alucinamos por los autos ","publisher":{"@id":"https:\/\/garageblogec.com\/#organization"},"potentialAction":[{"@type":"SearchAction","target":{"@type":"EntryPoint","urlTemplate":"https:\/\/garageblogec.com\/?s={search_term_string}"},"query-input":{"@type":"PropertyValueSpecification","valueRequired":true,"valueName":"search_term_string"}}],"inLanguage":"es"},{"@type":"Organization","@id":"https:\/\/garageblogec.com\/#organization","name":"Garage Blog Ecuador","url":"https:\/\/garageblogec.com\/","logo":{"@type":"ImageObject","inLanguage":"es","@id":"https:\/\/garageblogec.com\/#\/schema\/logo\/image\/","url":"https:\/\/garageblogec.com\/wp-content\/uploads\/2024\/02\/cropped-logo-png-para-blog.webp","contentUrl":"https:\/\/garageblogec.com\/wp-content\/uploads\/2024\/02\/cropped-logo-png-para-blog.webp","width":840,"height":556,"caption":"Garage Blog Ecuador "},"image":{"@id":"https:\/\/garageblogec.com\/#\/schema\/logo\/image\/"}},{"@type":"Person","@id":"https:\/\/garageblogec.com\/#\/schema\/person\/9e42946a1c059998e1dcd2e9c0b14f7b","name":"admin","image":{"@type":"ImageObject","inLanguage":"es","@id":"https:\/\/secure.gravatar.com\/avatar\/3612d5dfd364004c4d91ec427ebfe980a13c66be055df17156d99287f7c39228?s=96&d=mm&r=g","url":"https:\/\/secure.gravatar.com\/avatar\/3612d5dfd364004c4d91ec427ebfe980a13c66be055df17156d99287f7c39228?s=96&d=mm&r=g","contentUrl":"https:\/\/secure.gravatar.com\/avatar\/3612d5dfd364004c4d91ec427ebfe980a13c66be055df17156d99287f7c39228?s=96&d=mm&r=g","caption":"admin"},"sameAs":["https:\/\/garageblogec.com"],"url":"https:\/\/garageblogec.com\/?author=1"}]}},"jetpack_featured_media_url":"https:\/\/garageblogec.com\/wp-content\/uploads\/2024\/06\/max-verstappen-red-bull-racing.jpg","jetpack_sharing_enabled":true,"_links":{"self":[{"href":"https:\/\/garageblogec.com\/index.php?rest_route=\/wp\/v2\/posts\/829","targetHints":{"allow":["GET"]}}],"collection":[{"href":"https:\/\/garageblogec.com\/index.php?rest_route=\/wp\/v2\/posts"}],"about":[{"href":"https:\/\/garageblogec.com\/index.php?rest_route=\/wp\/v2\/types\/post"}],"author":[{"embeddable":true,"href":"https:\/\/garageblogec.com\/index.php?rest_route=\/wp\/v2\/users\/1"}],"replies":[{"embeddable":true,"href":"https:\/\/garageblogec.com\/index.php?rest_route=%2Fwp%2Fv2%2Fcomments&post=829"}],"version-history":[{"count":1,"href":"https:\/\/garageblogec.com\/index.php?rest_route=\/wp\/v2\/posts\/829\/revisions"}],"predecessor-version":[{"id":832,"href":"https:\/\/garageblogec.com\/index.php?rest_route=\/wp\/v2\/posts\/829\/revisions\/832"}],"wp:featuredmedia":[{"embeddable":true,"href":"https:\/\/garageblogec.com\/index.php?rest_route=\/wp\/v2\/media\/831"}],"wp:attachment":[{"href":"https:\/\/garageblogec.com\/index.php?rest_route=%2Fwp%2Fv2%2Fmedia&parent=829"}],"wp:term":[{"taxonomy":"category","embeddable":true,"href":"https:\/\/garageblogec.com\/index.php?rest_route=%2Fwp%2Fv2%2Fcategories&post=829"},{"taxonomy":"post_tag","embeddable":true,"href":"https:\/\/garageblogec.com\/index.php?rest_route=%2Fwp%2Fv2%2Ftags&post=829"}],"curies":[{"name":"wp","href":"https:\/\/api.w.org\/{rel}","templated":true}]}}