{"id":797,"date":"2024-05-13T12:37:11","date_gmt":"2024-05-13T12:37:11","guid":{"rendered":"https:\/\/garageblogec.com\/?p=797"},"modified":"2024-05-13T12:37:15","modified_gmt":"2024-05-13T12:37:15","slug":"alivo-renting-impulsa-la-reactivacion-del-sector-de-la-construccion-en-2024","status":"publish","type":"post","link":"https:\/\/garageblogec.com\/?p=797","title":{"rendered":"Alivo Renting impulsa la reactivaci\u00f3n del sector de la construcci\u00f3n en 2024"},"content":{"rendered":"\n<p>La industria de la construcci\u00f3n desempe\u00f1a un papel crucial en la econom\u00eda nacional, generando empleo y promoviendo el crecimiento en diversos sectores. En este contexto, Alivo Renting anuncia su contribuci\u00f3n al impulso de la reactivaci\u00f3n del sector de la construcci\u00f3n en 2024, mediante su innovador enfoque en el renting de maquinaria amarilla, proporcionando a las empresas constructoras acceso a equipos especializados sin comprometer su liquidez ni capacidad operativa.<\/p>\n\n\n\n<p>En un entorno empresarial marcado por la b\u00fasqueda de eficiencia y rentabilidad, el renting de maquinaria amarilla emerge como una tendencia clave en la industria de la construcci\u00f3n. Alivo Renting se posiciona como un socio estrat\u00e9gico, impulsando la innovaci\u00f3n y la productividad en el sector.<\/p>\n\n\n\n<p>Seg\u00fan fuente del Banco Central del Ecuador, el sector de la construcci\u00f3n ha venido decreciendo durante los \u00faltimos a\u00f1os, lo que significa que en 2015 la participaci\u00f3n respecto al PIB alcanz\u00f3 el 9.7% y en el a\u00f1o 2022 lleg\u00f3 al 6.1%. No obstante, en los \u00faltimos a\u00f1os se han implementado varios proyectos inmobiliarios tanto por parte del gobierno como del sector privado, as\u00ed como inversi\u00f3n del gobierno en obra p\u00fablica, lo que se espera que contribuya a la recuperaci\u00f3n de este sector en los pr\u00f3ximos a\u00f1os.<\/p>\n\n\n\n<p>El renting de activos productivos elimina la necesidad de realizar una gran inversi\u00f3n inicial. En la construcci\u00f3n, donde la maquinaria y los veh\u00edculos representan un coste bastante significativo, la posibilidad de acceder a estos recursos sin desembolsar grandes sumas de capital es una gran ventaja. De esta forma, las empresas de este sector pueden destinar sus recursos financieros a otras \u00e1reas, como la adquisici\u00f3n de materiales, la contrataci\u00f3n de mano de obra especializada o la inversi\u00f3n en nuevas tecnolog\u00edas.<\/p>\n\n\n\n<figure class=\"wp-block-image size-large\"><a href=\"https:\/\/www.kia.com\/ec\/showroom\/sonet\/features.html\"><img fetchpriority=\"high\" decoding=\"async\" width=\"1024\" height=\"284\" src=\"https:\/\/garageblogec.com\/wp-content\/uploads\/2024\/05\/1080x300-4-1024x284.jpg\" alt=\"\" class=\"wp-image-799\" srcset=\"https:\/\/garageblogec.com\/wp-content\/uploads\/2024\/05\/1080x300-4-1024x284.jpg 1024w, https:\/\/garageblogec.com\/wp-content\/uploads\/2024\/05\/1080x300-4-300x83.jpg 300w, https:\/\/garageblogec.com\/wp-content\/uploads\/2024\/05\/1080x300-4-768x213.jpg 768w, https:\/\/garageblogec.com\/wp-content\/uploads\/2024\/05\/1080x300-4.jpg 1080w\" sizes=\"(max-width: 1024px) 100vw, 1024px\" \/><\/a><\/figure>\n\n\n\n<p>Para Marcelo Morales, Gerente Comercial de Alivo Renting Ecuador, <em>\u201cAl optar por el renting de maquinaria amarilla, las empresas constructoras pueden disfrutar de beneficios operativos, financieros y medioambientales significativos. Desde la entrega de equipos nuevos hasta la gesti\u00f3n integral de tr\u00e1mites. Somos un aliado estrat\u00e9gico para el \u00e9xito empresarial\u201d. <\/em>&nbsp;<\/p>\n\n\n\n<p>El renting de maquinaria amarilla contribuye a la reducci\u00f3n de la huella ambiental promoviendo la renovaci\u00f3n frecuente de equipos y el uso de tecnolog\u00edas ecoamigables. Esta soluci\u00f3n sostenible permite a las empresas cumplir con sus objetivos medioambientales sin comprometer su eficacia operativa. \u201c<em>Al seleccionar un proveedor de renting de maquinaria amarilla, es crucial considerar la experiencia, cobertura de servicio, variedad de equipos, herramientas tecnol\u00f3gicas y soporte experto ofrecido por el proveedor. Estos aspectos clave garantizan el \u00e9xito y la eficiencia de los proyectos<\/em>\u201d, coment\u00f3 Morales.<\/p>\n\n\n\n<p>A nivel regional este producto ha tenido una gran aceptaci\u00f3n en varios sectores que utilizan maquinaria amarilla, especialmente en empresas del sector minero, construcci\u00f3n y agr\u00edcola.&nbsp; <em>\u201cExisten m\u00e1s de 200 activos colocados en diferentes empresas con un gran porcentaje de ellos en maquinaria amarilla\u201d<\/em>. Por otra parte, los pagos mensuales fijos facilitan la planificaci\u00f3n financiera y la gesti\u00f3n del flujo de caja. A diferencia de la compra de maquinaria, donde los costos de mantenimiento y reparaci\u00f3n var\u00edan y son impredecibles, el renting, al incluir estos servicios, asegura un gasto constante f\u00e1cil de gestionar.<\/p>\n\n\n\n<p>El renting de maquinaria amarilla de Alivo ofrece m\u00faltiples ventajas sobre la compra directa, permitiendo a las empresas acceder a equipos de \u00faltima generaci\u00f3n sin costos iniciales elevados ni compromisos a largo plazo. Esta soluci\u00f3n flexible y eficiente optimiza la gesti\u00f3n de activos y promueve la actualizaci\u00f3n tecnol\u00f3gica constante. Con presencia en Per\u00fa, Colombia y Ecuador, la marca ha demostrado su capacidad para generar desarrollo y rentabilidad en proyectos de gran amplitud.<\/p>\n\n\n\n<figure class=\"wp-block-image size-full\"><img decoding=\"async\" width=\"1024\" height=\"530\" src=\"https:\/\/garageblogec.com\/wp-content\/uploads\/2024\/05\/61b41c5b986a5.jpeg\" alt=\"\" class=\"wp-image-800\" srcset=\"https:\/\/garageblogec.com\/wp-content\/uploads\/2024\/05\/61b41c5b986a5.jpeg 1024w, https:\/\/garageblogec.com\/wp-content\/uploads\/2024\/05\/61b41c5b986a5-300x155.jpeg 300w, https:\/\/garageblogec.com\/wp-content\/uploads\/2024\/05\/61b41c5b986a5-768x398.jpeg 768w\" sizes=\"(max-width: 1024px) 100vw, 1024px\" \/><\/figure>\n\n\n\n<p>Al elegir el renting de maquinaria amarilla de Alivo, se pueden mencionar algunos beneficios:<\/p>\n\n\n\n<ul class=\"wp-block-list\">\n<li>Entrega de equipos nuevos para los proyectos seg\u00fan las necesidades del cliente, promoviendo operaciones y propuestas comerciales personalizadas.<\/li>\n\n\n\n<li>Supervisi\u00f3n constante por parte de gestores especializados en activos productivos y un equipo de contact center disponible las 24 horas del d\u00eda, los 7 d\u00edas de la semana.<\/li>\n\n\n\n<li>Gesti\u00f3n integral de tr\u00e1mites en caso de siniestros, incluyendo la provisi\u00f3n de activos de reemplazo para garantizar la continuidad operativa.<\/li>\n\n\n\n<li>Flexibilidad en la duraci\u00f3n de los arrendamientos, evitando costos adicionales asociados con equipos inactivos. Al tener acceso a maquinaria durante un plazo espec\u00edfico, se reduce el riesgo de inutilizar activos a largo plazo.<\/li>\n\n\n\n<li>Fortalecimiento de la imagen corporativa al contar con activos siempre actualizados y en l\u00ednea con las \u00faltimas tendencias tecnol\u00f3gicas del mercado.<\/li>\n<\/ul>\n\n\n\n<p>En este sentido, el renting de maquinaria amarilla de Alivo maximiza la productividad de las empresas constructoras al ofrecer acceso a equipos de calidad sin comprometer su liquidez ni capacidad financiera. Esta soluci\u00f3n contribuye al crecimiento econ\u00f3mico del sector al promover la eficiencia operativa y la inversi\u00f3n en proyectos de infraestructura.<\/p>\n","protected":false},"excerpt":{"rendered":"<p>el renting de maquinaria amarilla emerge como una tendencia clave en la industria de la construcci\u00f3n<\/p>\n","protected":false},"author":1,"featured_media":798,"comment_status":"open","ping_status":"open","sticky":false,"template":"","format":"standard","meta":{"_jetpack_memberships_contains_paid_content":false,"footnotes":""},"categories":[27],"tags":[30,86],"class_list":["post-797","post","type-post","status-publish","format-standard","has-post-thumbnail","hentry","category-industria-nacional","tag-ecuador","tag-renting"],"yoast_head":"<!-- This site is optimized with the Yoast SEO plugin v27.4 - https:\/\/yoast.com\/product\/yoast-seo-wordpress\/ -->\n<title>Alivo Renting impulsa la reactivaci\u00f3n del sector de la construcci\u00f3n en 2024 - Garage Blog Ecuador<\/title>\n<meta name=\"description\" content=\"el renting de maquinaria amarilla emerge como una tendencia clave en la industria de la construcci\u00f3n\" \/>\n<meta name=\"robots\" content=\"index, follow, max-snippet:-1, max-image-preview:large, max-video-preview:-1\" \/>\n<link rel=\"canonical\" href=\"https:\/\/garageblogec.com\/?p=797\" \/>\n<meta property=\"og:locale\" content=\"es_ES\" \/>\n<meta property=\"og:type\" content=\"article\" \/>\n<meta property=\"og:title\" content=\"Alivo Renting impulsa la reactivaci\u00f3n del sector de la construcci\u00f3n en 2024 - Garage Blog Ecuador\" \/>\n<meta property=\"og:description\" content=\"el renting de maquinaria amarilla emerge como una tendencia clave en la industria de la construcci\u00f3n\" \/>\n<meta property=\"og:url\" content=\"https:\/\/garageblogec.com\/?p=797\" \/>\n<meta property=\"og:site_name\" content=\"Garage Blog Ecuador\" \/>\n<meta property=\"article:published_time\" content=\"2024-05-13T12:37:11+00:00\" \/>\n<meta property=\"article:modified_time\" content=\"2024-05-13T12:37:15+00:00\" \/>\n<meta property=\"og:image\" content=\"https:\/\/garageblogec.com\/wp-content\/uploads\/2024\/05\/shutterstock_2164656897.jpg\" \/>\n\t<meta property=\"og:image:width\" content=\"1000\" \/>\n\t<meta property=\"og:image:height\" content=\"666\" \/>\n\t<meta property=\"og:image:type\" content=\"image\/jpeg\" \/>\n<meta name=\"author\" content=\"admin\" \/>\n<meta name=\"twitter:card\" content=\"summary_large_image\" \/>\n<meta name=\"twitter:label1\" content=\"Escrito por\" \/>\n\t<meta name=\"twitter:data1\" content=\"admin\" \/>\n\t<meta name=\"twitter:label2\" content=\"Tiempo de lectura\" \/>\n\t<meta name=\"twitter:data2\" content=\"5 minutos\" \/>\n<script type=\"application\/ld+json\" class=\"yoast-schema-graph\">{\"@context\":\"https:\\\/\\\/schema.org\",\"@graph\":[{\"@type\":\"Article\",\"@id\":\"https:\\\/\\\/garageblogec.com\\\/?p=797#article\",\"isPartOf\":{\"@id\":\"https:\\\/\\\/garageblogec.com\\\/?p=797\"},\"author\":{\"name\":\"admin\",\"@id\":\"https:\\\/\\\/garageblogec.com\\\/#\\\/schema\\\/person\\\/9e42946a1c059998e1dcd2e9c0b14f7b\"},\"headline\":\"Alivo Renting impulsa la reactivaci\u00f3n del sector de la construcci\u00f3n en 2024\",\"datePublished\":\"2024-05-13T12:37:11+00:00\",\"dateModified\":\"2024-05-13T12:37:15+00:00\",\"mainEntityOfPage\":{\"@id\":\"https:\\\/\\\/garageblogec.com\\\/?p=797\"},\"wordCount\":834,\"commentCount\":0,\"publisher\":{\"@id\":\"https:\\\/\\\/garageblogec.com\\\/#organization\"},\"image\":{\"@id\":\"https:\\\/\\\/garageblogec.com\\\/?p=797#primaryimage\"},\"thumbnailUrl\":\"https:\\\/\\\/garageblogec.com\\\/wp-content\\\/uploads\\\/2024\\\/05\\\/shutterstock_2164656897.jpg\",\"keywords\":[\"Ecuador\",\"renting\"],\"articleSection\":[\"Industria Nacional\"],\"inLanguage\":\"es\",\"potentialAction\":[{\"@type\":\"CommentAction\",\"name\":\"Comment\",\"target\":[\"https:\\\/\\\/garageblogec.com\\\/?p=797#respond\"]}]},{\"@type\":\"WebPage\",\"@id\":\"https:\\\/\\\/garageblogec.com\\\/?p=797\",\"url\":\"https:\\\/\\\/garageblogec.com\\\/?p=797\",\"name\":\"Alivo Renting impulsa la reactivaci\u00f3n del sector de la construcci\u00f3n en 2024 - Garage Blog Ecuador\",\"isPartOf\":{\"@id\":\"https:\\\/\\\/garageblogec.com\\\/#website\"},\"primaryImageOfPage\":{\"@id\":\"https:\\\/\\\/garageblogec.com\\\/?p=797#primaryimage\"},\"image\":{\"@id\":\"https:\\\/\\\/garageblogec.com\\\/?p=797#primaryimage\"},\"thumbnailUrl\":\"https:\\\/\\\/garageblogec.com\\\/wp-content\\\/uploads\\\/2024\\\/05\\\/shutterstock_2164656897.jpg\",\"datePublished\":\"2024-05-13T12:37:11+00:00\",\"dateModified\":\"2024-05-13T12:37:15+00:00\",\"description\":\"el renting de maquinaria amarilla emerge como una tendencia clave en la industria de la construcci\u00f3n\",\"breadcrumb\":{\"@id\":\"https:\\\/\\\/garageblogec.com\\\/?p=797#breadcrumb\"},\"inLanguage\":\"es\",\"potentialAction\":[{\"@type\":\"ReadAction\",\"target\":[\"https:\\\/\\\/garageblogec.com\\\/?p=797\"]}]},{\"@type\":\"ImageObject\",\"inLanguage\":\"es\",\"@id\":\"https:\\\/\\\/garageblogec.com\\\/?p=797#primaryimage\",\"url\":\"https:\\\/\\\/garageblogec.com\\\/wp-content\\\/uploads\\\/2024\\\/05\\\/shutterstock_2164656897.jpg\",\"contentUrl\":\"https:\\\/\\\/garageblogec.com\\\/wp-content\\\/uploads\\\/2024\\\/05\\\/shutterstock_2164656897.jpg\",\"width\":1000,\"height\":666},{\"@type\":\"BreadcrumbList\",\"@id\":\"https:\\\/\\\/garageblogec.com\\\/?p=797#breadcrumb\",\"itemListElement\":[{\"@type\":\"ListItem\",\"position\":1,\"name\":\"Portada\",\"item\":\"https:\\\/\\\/garageblogec.com\\\/\"},{\"@type\":\"ListItem\",\"position\":2,\"name\":\"Alivo Renting impulsa la reactivaci\u00f3n del sector de la construcci\u00f3n en 2024\"}]},{\"@type\":\"WebSite\",\"@id\":\"https:\\\/\\\/garageblogec.com\\\/#website\",\"url\":\"https:\\\/\\\/garageblogec.com\\\/\",\"name\":\"Garage Blog Ecuador\",\"description\":\"Alucinamos por los autos \",\"publisher\":{\"@id\":\"https:\\\/\\\/garageblogec.com\\\/#organization\"},\"potentialAction\":[{\"@type\":\"SearchAction\",\"target\":{\"@type\":\"EntryPoint\",\"urlTemplate\":\"https:\\\/\\\/garageblogec.com\\\/?s={search_term_string}\"},\"query-input\":{\"@type\":\"PropertyValueSpecification\",\"valueRequired\":true,\"valueName\":\"search_term_string\"}}],\"inLanguage\":\"es\"},{\"@type\":\"Organization\",\"@id\":\"https:\\\/\\\/garageblogec.com\\\/#organization\",\"name\":\"Garage Blog Ecuador\",\"url\":\"https:\\\/\\\/garageblogec.com\\\/\",\"logo\":{\"@type\":\"ImageObject\",\"inLanguage\":\"es\",\"@id\":\"https:\\\/\\\/garageblogec.com\\\/#\\\/schema\\\/logo\\\/image\\\/\",\"url\":\"https:\\\/\\\/garageblogec.com\\\/wp-content\\\/uploads\\\/2024\\\/02\\\/cropped-logo-png-para-blog.webp\",\"contentUrl\":\"https:\\\/\\\/garageblogec.com\\\/wp-content\\\/uploads\\\/2024\\\/02\\\/cropped-logo-png-para-blog.webp\",\"width\":840,\"height\":556,\"caption\":\"Garage Blog Ecuador \"},\"image\":{\"@id\":\"https:\\\/\\\/garageblogec.com\\\/#\\\/schema\\\/logo\\\/image\\\/\"}},{\"@type\":\"Person\",\"@id\":\"https:\\\/\\\/garageblogec.com\\\/#\\\/schema\\\/person\\\/9e42946a1c059998e1dcd2e9c0b14f7b\",\"name\":\"admin\",\"image\":{\"@type\":\"ImageObject\",\"inLanguage\":\"es\",\"@id\":\"https:\\\/\\\/secure.gravatar.com\\\/avatar\\\/3612d5dfd364004c4d91ec427ebfe980a13c66be055df17156d99287f7c39228?s=96&d=mm&r=g\",\"url\":\"https:\\\/\\\/secure.gravatar.com\\\/avatar\\\/3612d5dfd364004c4d91ec427ebfe980a13c66be055df17156d99287f7c39228?s=96&d=mm&r=g\",\"contentUrl\":\"https:\\\/\\\/secure.gravatar.com\\\/avatar\\\/3612d5dfd364004c4d91ec427ebfe980a13c66be055df17156d99287f7c39228?s=96&d=mm&r=g\",\"caption\":\"admin\"},\"sameAs\":[\"https:\\\/\\\/garageblogec.com\"],\"url\":\"https:\\\/\\\/garageblogec.com\\\/?author=1\"}]}<\/script>\n<!-- \/ Yoast SEO plugin. -->","yoast_head_json":{"title":"Alivo Renting impulsa la reactivaci\u00f3n del sector de la construcci\u00f3n en 2024 - Garage Blog Ecuador","description":"el renting de maquinaria amarilla emerge como una tendencia clave en la industria de la construcci\u00f3n","robots":{"index":"index","follow":"follow","max-snippet":"max-snippet:-1","max-image-preview":"max-image-preview:large","max-video-preview":"max-video-preview:-1"},"canonical":"https:\/\/garageblogec.com\/?p=797","og_locale":"es_ES","og_type":"article","og_title":"Alivo Renting impulsa la reactivaci\u00f3n del sector de la construcci\u00f3n en 2024 - Garage Blog Ecuador","og_description":"el renting de maquinaria amarilla emerge como una tendencia clave en la industria de la construcci\u00f3n","og_url":"https:\/\/garageblogec.com\/?p=797","og_site_name":"Garage Blog Ecuador","article_published_time":"2024-05-13T12:37:11+00:00","article_modified_time":"2024-05-13T12:37:15+00:00","og_image":[{"width":1000,"height":666,"url":"https:\/\/garageblogec.com\/wp-content\/uploads\/2024\/05\/shutterstock_2164656897.jpg","type":"image\/jpeg"}],"author":"admin","twitter_card":"summary_large_image","twitter_misc":{"Escrito por":"admin","Tiempo de lectura":"5 minutos"},"schema":{"@context":"https:\/\/schema.org","@graph":[{"@type":"Article","@id":"https:\/\/garageblogec.com\/?p=797#article","isPartOf":{"@id":"https:\/\/garageblogec.com\/?p=797"},"author":{"name":"admin","@id":"https:\/\/garageblogec.com\/#\/schema\/person\/9e42946a1c059998e1dcd2e9c0b14f7b"},"headline":"Alivo Renting impulsa la reactivaci\u00f3n del sector de la construcci\u00f3n en 2024","datePublished":"2024-05-13T12:37:11+00:00","dateModified":"2024-05-13T12:37:15+00:00","mainEntityOfPage":{"@id":"https:\/\/garageblogec.com\/?p=797"},"wordCount":834,"commentCount":0,"publisher":{"@id":"https:\/\/garageblogec.com\/#organization"},"image":{"@id":"https:\/\/garageblogec.com\/?p=797#primaryimage"},"thumbnailUrl":"https:\/\/garageblogec.com\/wp-content\/uploads\/2024\/05\/shutterstock_2164656897.jpg","keywords":["Ecuador","renting"],"articleSection":["Industria Nacional"],"inLanguage":"es","potentialAction":[{"@type":"CommentAction","name":"Comment","target":["https:\/\/garageblogec.com\/?p=797#respond"]}]},{"@type":"WebPage","@id":"https:\/\/garageblogec.com\/?p=797","url":"https:\/\/garageblogec.com\/?p=797","name":"Alivo Renting impulsa la reactivaci\u00f3n del sector de la construcci\u00f3n en 2024 - Garage Blog Ecuador","isPartOf":{"@id":"https:\/\/garageblogec.com\/#website"},"primaryImageOfPage":{"@id":"https:\/\/garageblogec.com\/?p=797#primaryimage"},"image":{"@id":"https:\/\/garageblogec.com\/?p=797#primaryimage"},"thumbnailUrl":"https:\/\/garageblogec.com\/wp-content\/uploads\/2024\/05\/shutterstock_2164656897.jpg","datePublished":"2024-05-13T12:37:11+00:00","dateModified":"2024-05-13T12:37:15+00:00","description":"el renting de maquinaria amarilla emerge como una tendencia clave en la industria de la construcci\u00f3n","breadcrumb":{"@id":"https:\/\/garageblogec.com\/?p=797#breadcrumb"},"inLanguage":"es","potentialAction":[{"@type":"ReadAction","target":["https:\/\/garageblogec.com\/?p=797"]}]},{"@type":"ImageObject","inLanguage":"es","@id":"https:\/\/garageblogec.com\/?p=797#primaryimage","url":"https:\/\/garageblogec.com\/wp-content\/uploads\/2024\/05\/shutterstock_2164656897.jpg","contentUrl":"https:\/\/garageblogec.com\/wp-content\/uploads\/2024\/05\/shutterstock_2164656897.jpg","width":1000,"height":666},{"@type":"BreadcrumbList","@id":"https:\/\/garageblogec.com\/?p=797#breadcrumb","itemListElement":[{"@type":"ListItem","position":1,"name":"Portada","item":"https:\/\/garageblogec.com\/"},{"@type":"ListItem","position":2,"name":"Alivo Renting impulsa la reactivaci\u00f3n del sector de la construcci\u00f3n en 2024"}]},{"@type":"WebSite","@id":"https:\/\/garageblogec.com\/#website","url":"https:\/\/garageblogec.com\/","name":"Garage Blog Ecuador","description":"Alucinamos por los autos ","publisher":{"@id":"https:\/\/garageblogec.com\/#organization"},"potentialAction":[{"@type":"SearchAction","target":{"@type":"EntryPoint","urlTemplate":"https:\/\/garageblogec.com\/?s={search_term_string}"},"query-input":{"@type":"PropertyValueSpecification","valueRequired":true,"valueName":"search_term_string"}}],"inLanguage":"es"},{"@type":"Organization","@id":"https:\/\/garageblogec.com\/#organization","name":"Garage Blog Ecuador","url":"https:\/\/garageblogec.com\/","logo":{"@type":"ImageObject","inLanguage":"es","@id":"https:\/\/garageblogec.com\/#\/schema\/logo\/image\/","url":"https:\/\/garageblogec.com\/wp-content\/uploads\/2024\/02\/cropped-logo-png-para-blog.webp","contentUrl":"https:\/\/garageblogec.com\/wp-content\/uploads\/2024\/02\/cropped-logo-png-para-blog.webp","width":840,"height":556,"caption":"Garage Blog Ecuador "},"image":{"@id":"https:\/\/garageblogec.com\/#\/schema\/logo\/image\/"}},{"@type":"Person","@id":"https:\/\/garageblogec.com\/#\/schema\/person\/9e42946a1c059998e1dcd2e9c0b14f7b","name":"admin","image":{"@type":"ImageObject","inLanguage":"es","@id":"https:\/\/secure.gravatar.com\/avatar\/3612d5dfd364004c4d91ec427ebfe980a13c66be055df17156d99287f7c39228?s=96&d=mm&r=g","url":"https:\/\/secure.gravatar.com\/avatar\/3612d5dfd364004c4d91ec427ebfe980a13c66be055df17156d99287f7c39228?s=96&d=mm&r=g","contentUrl":"https:\/\/secure.gravatar.com\/avatar\/3612d5dfd364004c4d91ec427ebfe980a13c66be055df17156d99287f7c39228?s=96&d=mm&r=g","caption":"admin"},"sameAs":["https:\/\/garageblogec.com"],"url":"https:\/\/garageblogec.com\/?author=1"}]}},"jetpack_featured_media_url":"https:\/\/garageblogec.com\/wp-content\/uploads\/2024\/05\/shutterstock_2164656897.jpg","jetpack_sharing_enabled":true,"_links":{"self":[{"href":"https:\/\/garageblogec.com\/index.php?rest_route=\/wp\/v2\/posts\/797","targetHints":{"allow":["GET"]}}],"collection":[{"href":"https:\/\/garageblogec.com\/index.php?rest_route=\/wp\/v2\/posts"}],"about":[{"href":"https:\/\/garageblogec.com\/index.php?rest_route=\/wp\/v2\/types\/post"}],"author":[{"embeddable":true,"href":"https:\/\/garageblogec.com\/index.php?rest_route=\/wp\/v2\/users\/1"}],"replies":[{"embeddable":true,"href":"https:\/\/garageblogec.com\/index.php?rest_route=%2Fwp%2Fv2%2Fcomments&post=797"}],"version-history":[{"count":1,"href":"https:\/\/garageblogec.com\/index.php?rest_route=\/wp\/v2\/posts\/797\/revisions"}],"predecessor-version":[{"id":801,"href":"https:\/\/garageblogec.com\/index.php?rest_route=\/wp\/v2\/posts\/797\/revisions\/801"}],"wp:featuredmedia":[{"embeddable":true,"href":"https:\/\/garageblogec.com\/index.php?rest_route=\/wp\/v2\/media\/798"}],"wp:attachment":[{"href":"https:\/\/garageblogec.com\/index.php?rest_route=%2Fwp%2Fv2%2Fmedia&parent=797"}],"wp:term":[{"taxonomy":"category","embeddable":true,"href":"https:\/\/garageblogec.com\/index.php?rest_route=%2Fwp%2Fv2%2Fcategories&post=797"},{"taxonomy":"post_tag","embeddable":true,"href":"https:\/\/garageblogec.com\/index.php?rest_route=%2Fwp%2Fv2%2Ftags&post=797"}],"curies":[{"name":"wp","href":"https:\/\/api.w.org\/{rel}","templated":true}]}}