{"id":792,"date":"2024-05-13T12:28:10","date_gmt":"2024-05-13T12:28:10","guid":{"rendered":"https:\/\/garageblogec.com\/?p=792"},"modified":"2024-05-13T12:28:14","modified_gmt":"2024-05-13T12:28:14","slug":"una-marca-alemana-ente-las-mas-influyentes-del-sector","status":"publish","type":"post","link":"https:\/\/garageblogec.com\/?p=792","title":{"rendered":"Una marca alemana ente las mas influyentes del sector"},"content":{"rendered":"\n<p>Volkswagen fue reconocida como una de las marcas m\u00e1s influyentes en Ecuador en 2024, seg\u00fan un estudio realizado por Am\u00e9rica Econom\u00eda e Ipsos. Este reconocimiento posiciona a la marca en el puesto n\u00famero cinco.<\/p>\n\n\n\n<p>El estudio de Ipsos eval\u00faa la evoluci\u00f3n de las marcas y sus avances para permanecer con un status relevante en el mercado. De igual manera, uno de los factores principales que toma en cuenta este estudio es la adaptaci\u00f3n al cambio para posicionarse como la primera opci\u00f3n de los consumidores.<\/p>\n\n\n<div class=\"wp-block-image\">\n<figure class=\"aligncenter size-large is-resized\"><a href=\"https:\/\/www.kia.com\/ec\/showroom\/sportage-nq5\/features.html\"><img fetchpriority=\"high\" decoding=\"async\" width=\"1024\" height=\"284\" src=\"https:\/\/garageblogec.com\/wp-content\/uploads\/2024\/05\/1080x300-3-1024x284.jpg\" alt=\"\" class=\"wp-image-794\" style=\"width:667px;height:auto\" srcset=\"https:\/\/garageblogec.com\/wp-content\/uploads\/2024\/05\/1080x300-3-1024x284.jpg 1024w, https:\/\/garageblogec.com\/wp-content\/uploads\/2024\/05\/1080x300-3-300x83.jpg 300w, https:\/\/garageblogec.com\/wp-content\/uploads\/2024\/05\/1080x300-3-768x213.jpg 768w, https:\/\/garageblogec.com\/wp-content\/uploads\/2024\/05\/1080x300-3.jpg 1080w\" sizes=\"(max-width: 1024px) 100vw, 1024px\" \/><\/a><\/figure>\n<\/div>\n\n\n<p>\u00abEste reconocimiento es un testimonio de la dedicaci\u00f3n, pasi\u00f3n y esfuerzo constante de todo el equipo de Impoventura (Importador Oficial de Volkswagen en Ecuador) y de nuestra red de concesionarios para hacer de Volkswagen una de las marcas m\u00e1s amadas de Ecuador. De esta manera, continuamos reconquistando el coraz\u00f3n de nuestros clientes. Seguiremos trabajando para mantener nuestra posici\u00f3n como una de las marcas m\u00e1s influyentes en el pa\u00eds, ofreciendo un portafolio de veh\u00edculos de alta calidad con el mejor servicio y experiencia para nuestros clientes, adapt\u00e1ndonos a las cambiantes necesidades del mercado\u00bb, afirm\u00f3 Vanessa Prados, Gerente de Marketing de Volkswagen Ecuador.<\/p>\n\n\n\n<p>En este sentido, Volkswagen ha demostrado una notable capacidad para adaptarse a las necesidades cambiantes del mercado, lo que ha permitido que la marca ascienda una posici\u00f3n en el ranking de marcas m\u00e1s influyentes, ubic\u00e1ndose en el puesto n\u00famero 5 en 2024.<\/p>\n\n\n<div class=\"wp-block-image\">\n<figure class=\"aligncenter size-large is-resized\"><img decoding=\"async\" width=\"1024\" height=\"649\" src=\"https:\/\/garageblogec.com\/wp-content\/uploads\/2024\/05\/WhatsApp-Image-2024-05-09-at-8.09.05-PM-1024x649.jpeg\" alt=\"\" class=\"wp-image-795\" style=\"width:694px;height:auto\" srcset=\"https:\/\/garageblogec.com\/wp-content\/uploads\/2024\/05\/WhatsApp-Image-2024-05-09-at-8.09.05-PM-1024x649.jpeg 1024w, https:\/\/garageblogec.com\/wp-content\/uploads\/2024\/05\/WhatsApp-Image-2024-05-09-at-8.09.05-PM-300x190.jpeg 300w, https:\/\/garageblogec.com\/wp-content\/uploads\/2024\/05\/WhatsApp-Image-2024-05-09-at-8.09.05-PM-768x487.jpeg 768w, https:\/\/garageblogec.com\/wp-content\/uploads\/2024\/05\/WhatsApp-Image-2024-05-09-at-8.09.05-PM-1536x973.jpeg 1536w, https:\/\/garageblogec.com\/wp-content\/uploads\/2024\/05\/WhatsApp-Image-2024-05-09-at-8.09.05-PM-1320x837.jpeg 1320w, https:\/\/garageblogec.com\/wp-content\/uploads\/2024\/05\/WhatsApp-Image-2024-05-09-at-8.09.05-PM.jpeg 1600w\" sizes=\"(max-width: 1024px) 100vw, 1024px\" \/><\/figure>\n<\/div>\n\n\n<p>La innovaci\u00f3n y \u00e9xito de estos a\u00f1os en el pa\u00eds refleja el compromiso de generar historias y momentos inolvidables. Por ello, ratificamos nuestro prop\u00f3sito de seguir liderando el camino hacia el futuro de la movilidad y entregar veh\u00edculos que sean el compa\u00f1ero de los ecuatorianos.<\/p>\n","protected":false},"excerpt":{"rendered":"<p>Volkswagen fue reconocida como una de las marcas m\u00e1s influyentes en Ecuador en 2024,<\/p>\n","protected":false},"author":1,"featured_media":793,"comment_status":"open","ping_status":"open","sticky":false,"template":"","format":"standard","meta":{"_jetpack_memberships_contains_paid_content":false,"footnotes":""},"categories":[27],"tags":[85,30,84,83],"class_list":["post-792","post","type-post","status-publish","format-standard","has-post-thumbnail","hentry","category-industria-nacional","tag-85","tag-ecuador","tag-influyente","tag-volkswagen"],"yoast_head":"<!-- This site is optimized with the Yoast SEO plugin v27.4 - https:\/\/yoast.com\/product\/yoast-seo-wordpress\/ -->\n<title>Una marca alemana ente las mas influyentes del sector - Garage Blog Ecuador<\/title>\n<meta name=\"description\" content=\"Volkswagen fue reconocida como una de las marcas m\u00e1s influyentes en Ecuador en 2024,\" \/>\n<meta name=\"robots\" content=\"index, follow, max-snippet:-1, max-image-preview:large, max-video-preview:-1\" \/>\n<link rel=\"canonical\" href=\"https:\/\/garageblogec.com\/?p=792\" \/>\n<meta property=\"og:locale\" content=\"es_ES\" \/>\n<meta property=\"og:type\" content=\"article\" \/>\n<meta property=\"og:title\" content=\"Una marca alemana ente las mas influyentes del sector - Garage Blog Ecuador\" \/>\n<meta property=\"og:description\" content=\"Volkswagen fue reconocida como una de las marcas m\u00e1s influyentes en Ecuador en 2024,\" \/>\n<meta property=\"og:url\" content=\"https:\/\/garageblogec.com\/?p=792\" \/>\n<meta property=\"og:site_name\" content=\"Garage Blog Ecuador\" \/>\n<meta property=\"article:published_time\" content=\"2024-05-13T12:28:10+00:00\" \/>\n<meta property=\"article:modified_time\" content=\"2024-05-13T12:28:14+00:00\" \/>\n<meta property=\"og:image\" content=\"https:\/\/garageblogec.com\/wp-content\/uploads\/2024\/05\/pJlT9VcDyDHBwWroJwLc.jpg\" \/>\n\t<meta property=\"og:image:width\" content=\"1200\" \/>\n\t<meta property=\"og:image:height\" content=\"805\" \/>\n\t<meta property=\"og:image:type\" content=\"image\/jpeg\" \/>\n<meta name=\"author\" content=\"admin\" \/>\n<meta name=\"twitter:card\" content=\"summary_large_image\" \/>\n<meta name=\"twitter:label1\" content=\"Escrito por\" \/>\n\t<meta name=\"twitter:data1\" content=\"admin\" \/>\n\t<meta name=\"twitter:label2\" content=\"Tiempo de lectura\" \/>\n\t<meta name=\"twitter:data2\" content=\"2 minutos\" \/>\n<script type=\"application\/ld+json\" class=\"yoast-schema-graph\">{\"@context\":\"https:\\\/\\\/schema.org\",\"@graph\":[{\"@type\":\"Article\",\"@id\":\"https:\\\/\\\/garageblogec.com\\\/?p=792#article\",\"isPartOf\":{\"@id\":\"https:\\\/\\\/garageblogec.com\\\/?p=792\"},\"author\":{\"name\":\"admin\",\"@id\":\"https:\\\/\\\/garageblogec.com\\\/#\\\/schema\\\/person\\\/9e42946a1c059998e1dcd2e9c0b14f7b\"},\"headline\":\"Una marca alemana ente las mas influyentes del sector\",\"datePublished\":\"2024-05-13T12:28:10+00:00\",\"dateModified\":\"2024-05-13T12:28:14+00:00\",\"mainEntityOfPage\":{\"@id\":\"https:\\\/\\\/garageblogec.com\\\/?p=792\"},\"wordCount\":306,\"commentCount\":0,\"publisher\":{\"@id\":\"https:\\\/\\\/garageblogec.com\\\/#organization\"},\"image\":{\"@id\":\"https:\\\/\\\/garageblogec.com\\\/?p=792#primaryimage\"},\"thumbnailUrl\":\"https:\\\/\\\/garageblogec.com\\\/wp-content\\\/uploads\\\/2024\\\/05\\\/pJlT9VcDyDHBwWroJwLc.jpg\",\"keywords\":[\"2024\",\"Ecuador\",\"influyente\",\"volkswagen\"],\"articleSection\":[\"Industria Nacional\"],\"inLanguage\":\"es\",\"potentialAction\":[{\"@type\":\"CommentAction\",\"name\":\"Comment\",\"target\":[\"https:\\\/\\\/garageblogec.com\\\/?p=792#respond\"]}]},{\"@type\":\"WebPage\",\"@id\":\"https:\\\/\\\/garageblogec.com\\\/?p=792\",\"url\":\"https:\\\/\\\/garageblogec.com\\\/?p=792\",\"name\":\"Una marca alemana ente las mas influyentes del sector - Garage Blog Ecuador\",\"isPartOf\":{\"@id\":\"https:\\\/\\\/garageblogec.com\\\/#website\"},\"primaryImageOfPage\":{\"@id\":\"https:\\\/\\\/garageblogec.com\\\/?p=792#primaryimage\"},\"image\":{\"@id\":\"https:\\\/\\\/garageblogec.com\\\/?p=792#primaryimage\"},\"thumbnailUrl\":\"https:\\\/\\\/garageblogec.com\\\/wp-content\\\/uploads\\\/2024\\\/05\\\/pJlT9VcDyDHBwWroJwLc.jpg\",\"datePublished\":\"2024-05-13T12:28:10+00:00\",\"dateModified\":\"2024-05-13T12:28:14+00:00\",\"description\":\"Volkswagen fue reconocida como una de las marcas m\u00e1s influyentes en Ecuador en 2024,\",\"breadcrumb\":{\"@id\":\"https:\\\/\\\/garageblogec.com\\\/?p=792#breadcrumb\"},\"inLanguage\":\"es\",\"potentialAction\":[{\"@type\":\"ReadAction\",\"target\":[\"https:\\\/\\\/garageblogec.com\\\/?p=792\"]}]},{\"@type\":\"ImageObject\",\"inLanguage\":\"es\",\"@id\":\"https:\\\/\\\/garageblogec.com\\\/?p=792#primaryimage\",\"url\":\"https:\\\/\\\/garageblogec.com\\\/wp-content\\\/uploads\\\/2024\\\/05\\\/pJlT9VcDyDHBwWroJwLc.jpg\",\"contentUrl\":\"https:\\\/\\\/garageblogec.com\\\/wp-content\\\/uploads\\\/2024\\\/05\\\/pJlT9VcDyDHBwWroJwLc.jpg\",\"width\":1200,\"height\":805},{\"@type\":\"BreadcrumbList\",\"@id\":\"https:\\\/\\\/garageblogec.com\\\/?p=792#breadcrumb\",\"itemListElement\":[{\"@type\":\"ListItem\",\"position\":1,\"name\":\"Portada\",\"item\":\"https:\\\/\\\/garageblogec.com\\\/\"},{\"@type\":\"ListItem\",\"position\":2,\"name\":\"Una marca alemana ente las mas influyentes del sector\"}]},{\"@type\":\"WebSite\",\"@id\":\"https:\\\/\\\/garageblogec.com\\\/#website\",\"url\":\"https:\\\/\\\/garageblogec.com\\\/\",\"name\":\"Garage Blog Ecuador\",\"description\":\"Alucinamos por los autos \",\"publisher\":{\"@id\":\"https:\\\/\\\/garageblogec.com\\\/#organization\"},\"potentialAction\":[{\"@type\":\"SearchAction\",\"target\":{\"@type\":\"EntryPoint\",\"urlTemplate\":\"https:\\\/\\\/garageblogec.com\\\/?s={search_term_string}\"},\"query-input\":{\"@type\":\"PropertyValueSpecification\",\"valueRequired\":true,\"valueName\":\"search_term_string\"}}],\"inLanguage\":\"es\"},{\"@type\":\"Organization\",\"@id\":\"https:\\\/\\\/garageblogec.com\\\/#organization\",\"name\":\"Garage Blog Ecuador\",\"url\":\"https:\\\/\\\/garageblogec.com\\\/\",\"logo\":{\"@type\":\"ImageObject\",\"inLanguage\":\"es\",\"@id\":\"https:\\\/\\\/garageblogec.com\\\/#\\\/schema\\\/logo\\\/image\\\/\",\"url\":\"https:\\\/\\\/garageblogec.com\\\/wp-content\\\/uploads\\\/2024\\\/02\\\/cropped-logo-png-para-blog.webp\",\"contentUrl\":\"https:\\\/\\\/garageblogec.com\\\/wp-content\\\/uploads\\\/2024\\\/02\\\/cropped-logo-png-para-blog.webp\",\"width\":840,\"height\":556,\"caption\":\"Garage Blog Ecuador \"},\"image\":{\"@id\":\"https:\\\/\\\/garageblogec.com\\\/#\\\/schema\\\/logo\\\/image\\\/\"}},{\"@type\":\"Person\",\"@id\":\"https:\\\/\\\/garageblogec.com\\\/#\\\/schema\\\/person\\\/9e42946a1c059998e1dcd2e9c0b14f7b\",\"name\":\"admin\",\"image\":{\"@type\":\"ImageObject\",\"inLanguage\":\"es\",\"@id\":\"https:\\\/\\\/secure.gravatar.com\\\/avatar\\\/3612d5dfd364004c4d91ec427ebfe980a13c66be055df17156d99287f7c39228?s=96&d=mm&r=g\",\"url\":\"https:\\\/\\\/secure.gravatar.com\\\/avatar\\\/3612d5dfd364004c4d91ec427ebfe980a13c66be055df17156d99287f7c39228?s=96&d=mm&r=g\",\"contentUrl\":\"https:\\\/\\\/secure.gravatar.com\\\/avatar\\\/3612d5dfd364004c4d91ec427ebfe980a13c66be055df17156d99287f7c39228?s=96&d=mm&r=g\",\"caption\":\"admin\"},\"sameAs\":[\"https:\\\/\\\/garageblogec.com\"],\"url\":\"https:\\\/\\\/garageblogec.com\\\/?author=1\"}]}<\/script>\n<!-- \/ Yoast SEO plugin. -->","yoast_head_json":{"title":"Una marca alemana ente las mas influyentes del sector - Garage Blog Ecuador","description":"Volkswagen fue reconocida como una de las marcas m\u00e1s influyentes en Ecuador en 2024,","robots":{"index":"index","follow":"follow","max-snippet":"max-snippet:-1","max-image-preview":"max-image-preview:large","max-video-preview":"max-video-preview:-1"},"canonical":"https:\/\/garageblogec.com\/?p=792","og_locale":"es_ES","og_type":"article","og_title":"Una marca alemana ente las mas influyentes del sector - Garage Blog Ecuador","og_description":"Volkswagen fue reconocida como una de las marcas m\u00e1s influyentes en Ecuador en 2024,","og_url":"https:\/\/garageblogec.com\/?p=792","og_site_name":"Garage Blog Ecuador","article_published_time":"2024-05-13T12:28:10+00:00","article_modified_time":"2024-05-13T12:28:14+00:00","og_image":[{"width":1200,"height":805,"url":"https:\/\/garageblogec.com\/wp-content\/uploads\/2024\/05\/pJlT9VcDyDHBwWroJwLc.jpg","type":"image\/jpeg"}],"author":"admin","twitter_card":"summary_large_image","twitter_misc":{"Escrito por":"admin","Tiempo de lectura":"2 minutos"},"schema":{"@context":"https:\/\/schema.org","@graph":[{"@type":"Article","@id":"https:\/\/garageblogec.com\/?p=792#article","isPartOf":{"@id":"https:\/\/garageblogec.com\/?p=792"},"author":{"name":"admin","@id":"https:\/\/garageblogec.com\/#\/schema\/person\/9e42946a1c059998e1dcd2e9c0b14f7b"},"headline":"Una marca alemana ente las mas influyentes del sector","datePublished":"2024-05-13T12:28:10+00:00","dateModified":"2024-05-13T12:28:14+00:00","mainEntityOfPage":{"@id":"https:\/\/garageblogec.com\/?p=792"},"wordCount":306,"commentCount":0,"publisher":{"@id":"https:\/\/garageblogec.com\/#organization"},"image":{"@id":"https:\/\/garageblogec.com\/?p=792#primaryimage"},"thumbnailUrl":"https:\/\/garageblogec.com\/wp-content\/uploads\/2024\/05\/pJlT9VcDyDHBwWroJwLc.jpg","keywords":["2024","Ecuador","influyente","volkswagen"],"articleSection":["Industria Nacional"],"inLanguage":"es","potentialAction":[{"@type":"CommentAction","name":"Comment","target":["https:\/\/garageblogec.com\/?p=792#respond"]}]},{"@type":"WebPage","@id":"https:\/\/garageblogec.com\/?p=792","url":"https:\/\/garageblogec.com\/?p=792","name":"Una marca alemana ente las mas influyentes del sector - Garage Blog Ecuador","isPartOf":{"@id":"https:\/\/garageblogec.com\/#website"},"primaryImageOfPage":{"@id":"https:\/\/garageblogec.com\/?p=792#primaryimage"},"image":{"@id":"https:\/\/garageblogec.com\/?p=792#primaryimage"},"thumbnailUrl":"https:\/\/garageblogec.com\/wp-content\/uploads\/2024\/05\/pJlT9VcDyDHBwWroJwLc.jpg","datePublished":"2024-05-13T12:28:10+00:00","dateModified":"2024-05-13T12:28:14+00:00","description":"Volkswagen fue reconocida como una de las marcas m\u00e1s influyentes en Ecuador en 2024,","breadcrumb":{"@id":"https:\/\/garageblogec.com\/?p=792#breadcrumb"},"inLanguage":"es","potentialAction":[{"@type":"ReadAction","target":["https:\/\/garageblogec.com\/?p=792"]}]},{"@type":"ImageObject","inLanguage":"es","@id":"https:\/\/garageblogec.com\/?p=792#primaryimage","url":"https:\/\/garageblogec.com\/wp-content\/uploads\/2024\/05\/pJlT9VcDyDHBwWroJwLc.jpg","contentUrl":"https:\/\/garageblogec.com\/wp-content\/uploads\/2024\/05\/pJlT9VcDyDHBwWroJwLc.jpg","width":1200,"height":805},{"@type":"BreadcrumbList","@id":"https:\/\/garageblogec.com\/?p=792#breadcrumb","itemListElement":[{"@type":"ListItem","position":1,"name":"Portada","item":"https:\/\/garageblogec.com\/"},{"@type":"ListItem","position":2,"name":"Una marca alemana ente las mas influyentes del sector"}]},{"@type":"WebSite","@id":"https:\/\/garageblogec.com\/#website","url":"https:\/\/garageblogec.com\/","name":"Garage Blog Ecuador","description":"Alucinamos por los autos ","publisher":{"@id":"https:\/\/garageblogec.com\/#organization"},"potentialAction":[{"@type":"SearchAction","target":{"@type":"EntryPoint","urlTemplate":"https:\/\/garageblogec.com\/?s={search_term_string}"},"query-input":{"@type":"PropertyValueSpecification","valueRequired":true,"valueName":"search_term_string"}}],"inLanguage":"es"},{"@type":"Organization","@id":"https:\/\/garageblogec.com\/#organization","name":"Garage Blog Ecuador","url":"https:\/\/garageblogec.com\/","logo":{"@type":"ImageObject","inLanguage":"es","@id":"https:\/\/garageblogec.com\/#\/schema\/logo\/image\/","url":"https:\/\/garageblogec.com\/wp-content\/uploads\/2024\/02\/cropped-logo-png-para-blog.webp","contentUrl":"https:\/\/garageblogec.com\/wp-content\/uploads\/2024\/02\/cropped-logo-png-para-blog.webp","width":840,"height":556,"caption":"Garage Blog Ecuador "},"image":{"@id":"https:\/\/garageblogec.com\/#\/schema\/logo\/image\/"}},{"@type":"Person","@id":"https:\/\/garageblogec.com\/#\/schema\/person\/9e42946a1c059998e1dcd2e9c0b14f7b","name":"admin","image":{"@type":"ImageObject","inLanguage":"es","@id":"https:\/\/secure.gravatar.com\/avatar\/3612d5dfd364004c4d91ec427ebfe980a13c66be055df17156d99287f7c39228?s=96&d=mm&r=g","url":"https:\/\/secure.gravatar.com\/avatar\/3612d5dfd364004c4d91ec427ebfe980a13c66be055df17156d99287f7c39228?s=96&d=mm&r=g","contentUrl":"https:\/\/secure.gravatar.com\/avatar\/3612d5dfd364004c4d91ec427ebfe980a13c66be055df17156d99287f7c39228?s=96&d=mm&r=g","caption":"admin"},"sameAs":["https:\/\/garageblogec.com"],"url":"https:\/\/garageblogec.com\/?author=1"}]}},"jetpack_featured_media_url":"https:\/\/garageblogec.com\/wp-content\/uploads\/2024\/05\/pJlT9VcDyDHBwWroJwLc.jpg","jetpack_sharing_enabled":true,"_links":{"self":[{"href":"https:\/\/garageblogec.com\/index.php?rest_route=\/wp\/v2\/posts\/792","targetHints":{"allow":["GET"]}}],"collection":[{"href":"https:\/\/garageblogec.com\/index.php?rest_route=\/wp\/v2\/posts"}],"about":[{"href":"https:\/\/garageblogec.com\/index.php?rest_route=\/wp\/v2\/types\/post"}],"author":[{"embeddable":true,"href":"https:\/\/garageblogec.com\/index.php?rest_route=\/wp\/v2\/users\/1"}],"replies":[{"embeddable":true,"href":"https:\/\/garageblogec.com\/index.php?rest_route=%2Fwp%2Fv2%2Fcomments&post=792"}],"version-history":[{"count":1,"href":"https:\/\/garageblogec.com\/index.php?rest_route=\/wp\/v2\/posts\/792\/revisions"}],"predecessor-version":[{"id":796,"href":"https:\/\/garageblogec.com\/index.php?rest_route=\/wp\/v2\/posts\/792\/revisions\/796"}],"wp:featuredmedia":[{"embeddable":true,"href":"https:\/\/garageblogec.com\/index.php?rest_route=\/wp\/v2\/media\/793"}],"wp:attachment":[{"href":"https:\/\/garageblogec.com\/index.php?rest_route=%2Fwp%2Fv2%2Fmedia&parent=792"}],"wp:term":[{"taxonomy":"category","embeddable":true,"href":"https:\/\/garageblogec.com\/index.php?rest_route=%2Fwp%2Fv2%2Fcategories&post=792"},{"taxonomy":"post_tag","embeddable":true,"href":"https:\/\/garageblogec.com\/index.php?rest_route=%2Fwp%2Fv2%2Ftags&post=792"}],"curies":[{"name":"wp","href":"https:\/\/api.w.org\/{rel}","templated":true}]}}