{"id":782,"date":"2024-05-01T22:46:29","date_gmt":"2024-05-01T22:46:29","guid":{"rendered":"https:\/\/garageblogec.com\/?p=782"},"modified":"2024-05-01T22:46:32","modified_gmt":"2024-05-01T22:46:32","slug":"max-verstappen-a-mercedes-toto-wolff-rompe-el-silencio-sobre-el-contrato-de-160-millones-de-dolares","status":"publish","type":"post","link":"https:\/\/garageblogec.com\/?p=782","title":{"rendered":"Max Verstappen a Mercedes: Toto Wolff rompe el silencio sobre el contrato de 160 millones de d\u00f3lares"},"content":{"rendered":"\n<p>Con el anuncio de la mudanza de Lewis Hamilton a Ferrari, se deja un asiento vacante en Mercedes AMG F1. George Russell ya est\u00e1 decidido, pero ha comenzado la b\u00fasqueda de ser su compa\u00f1ero de equipo. Max Verstappen a Mercedes: Toto Wolff rompe el silencio sobre el rumoreado contrato de 160 millones de d\u00f3lares para el holand\u00e9s Desde entonces, esas conversaciones no han hecho m\u00e1s que fortalecerse cada d\u00eda que pasa. Ahora, el director del equipo, Toto Wolff, finalmente ha abordado estas especulaciones.<\/p>\n\n\n\n<p>Seg\u00fan algunos informes, Jos Verstappen y el manager de Max, Raymond Vermeulen, se dirig\u00edan a Alemania. El objetivo era buscar una reuni\u00f3n con Wolff, el jefe de Ineos, Jim Ratcliffe, y el director ejecutivo, Ola Kallenius, sobre un contrato que se rumoreaba de 160 millones de d\u00f3lares. Francamente, \u00bfqui\u00e9n mejor para suceder a un piloto del calibre de Hamilton que un joven como Max Verstappen? No es ning\u00fan secreto que Toto Wolff expres\u00f3 su deseo de fichar a Verstappen en el pasado.<\/p>\n\n\n\n<figure class=\"wp-block-image size-large\"><a href=\"https:\/\/www.kia.com\/ec\/showroom\/sonet\/features.html\"><img fetchpriority=\"high\" decoding=\"async\" width=\"1024\" height=\"284\" src=\"https:\/\/garageblogec.com\/wp-content\/uploads\/2024\/05\/1080x300-1-1024x284.jpg\" alt=\"\" class=\"wp-image-785\" srcset=\"https:\/\/garageblogec.com\/wp-content\/uploads\/2024\/05\/1080x300-1-1024x284.jpg 1024w, https:\/\/garageblogec.com\/wp-content\/uploads\/2024\/05\/1080x300-1-300x83.jpg 300w, https:\/\/garageblogec.com\/wp-content\/uploads\/2024\/05\/1080x300-1-768x213.jpg 768w, https:\/\/garageblogec.com\/wp-content\/uploads\/2024\/05\/1080x300-1.jpg 1080w\" sizes=\"(max-width: 1024px) 100vw, 1024px\" \/><\/a><\/figure>\n\n\n\n<p>Hablando sobre la posibilidad de una reuni\u00f3n, Wolff afirm\u00f3 firmemente a\u00a0<a href=\"https:\/\/www.reuters.com\/sports\/formula1\/wolff-knocks-back-speculation-about-verstappen-talks-2024-04-30\/\" target=\"_blank\" rel=\"noreferrer noopener\">Reuters<\/a>\u00a0:\u00a0<em>\u201cNo, ese es uno de los rumores. La gente inventa las reuniones, inventa lo que est\u00e1 pasando con los conductores, pero estas cosas deber\u00edan hacerse a puerta cerrada, y todo lo que ha sucedido no fue realmente lo correcto\u201d.<\/em><\/p>\n\n\n\n<p>Es interesante notar que Wolff conoc\u00eda a Jos Verstappen desde hac\u00eda un tiempo. Por ello, tiene sentido que haga un movimiento por el joven holand\u00e9s. Es cierto que Max Verstappen tiene contrato con Red Bull hasta 2028, pero existe la posibilidad de que se rompa en cualquier momento. Hoy en d\u00eda, ning\u00fan contrato entre dos partes es irrefutable. Si no, preg\u00fantenle a la divisi\u00f3n IndyCar de McLaren, que rescindi\u00f3 el contrato de su recluta lesionado, David Malukas, debido a una cl\u00e1usula.<\/p>\n\n\n\n<figure class=\"wp-block-image size-large\"><img decoding=\"async\" width=\"1024\" height=\"682\" src=\"https:\/\/garageblogec.com\/wp-content\/uploads\/2024\/05\/3534736.0064_0-1024x682.jpg\" alt=\"\" class=\"wp-image-784\" srcset=\"https:\/\/garageblogec.com\/wp-content\/uploads\/2024\/05\/3534736.0064_0-1024x682.jpg 1024w, https:\/\/garageblogec.com\/wp-content\/uploads\/2024\/05\/3534736.0064_0-300x200.jpg 300w, https:\/\/garageblogec.com\/wp-content\/uploads\/2024\/05\/3534736.0064_0-768x512.jpg 768w, https:\/\/garageblogec.com\/wp-content\/uploads\/2024\/05\/3534736.0064_0.jpg 1280w\" sizes=\"(max-width: 1024px) 100vw, 1024px\" \/><\/figure>\n\n\n\n<p>Aunque Horner ha sido absuelto, la situaci\u00f3n amenaza con fracturar al equipo. Jos Verstappen cre\u00eda que el asunto corr\u00eda el riesgo de que el equipo se destrozara si Horner se quedaba. Otra consecuencia de la pol\u00e9mica es el&nbsp;<a href=\"https:\/\/www.essentiallysports.com\/f1-news-f1-rumor-toto-wolff-makes-an-attempt-for-adrian-newey-after-million-offer-for-max-verstappen\/\">turbio futuro<\/a>&nbsp;del gur\u00fa t\u00e9cnico de Red Bull, Adrian Newey. Algunos podr\u00edan considerarlo el Colin Chapman actual, pero los rumores sugieren que podr\u00eda dejar Red Bull. Ahora la pregunta es: \u00bfVerstappen se ver\u00e1 tentado a abandonar el equipo austriaco o seguir\u00e1 siendo leal?<\/p>\n","protected":false},"excerpt":{"rendered":"<p>Max Verstappen a Mercedes: Toto Wolff rompe el silencio sobre el rumoreado contrato de 160 millones de d\u00f3lares para el holand\u00e9s<\/p>\n","protected":false},"author":1,"featured_media":783,"comment_status":"open","ping_status":"open","sticky":false,"template":"","format":"standard","meta":{"_jetpack_memberships_contains_paid_content":false,"footnotes":""},"categories":[25],"tags":[30,77,79],"class_list":["post-782","post","type-post","status-publish","format-standard","has-post-thumbnail","hentry","category-autos","tag-ecuador","tag-max-vertstappen","tag-mercedes"],"yoast_head":"<!-- This site is optimized with the Yoast SEO plugin v27.4 - https:\/\/yoast.com\/product\/yoast-seo-wordpress\/ -->\n<title>Max Verstappen a Mercedes: Toto Wolff rompe el silencio sobre el contrato de 160 millones de d\u00f3lares - Garage Blog Ecuador<\/title>\n<meta name=\"description\" content=\"Max Verstappen a Mercedes: Toto Wolff rompe el silencio sobre el rumoreado contrato de 160 millones de d\u00f3lares para el holand\u00e9s\" \/>\n<meta name=\"robots\" content=\"index, follow, max-snippet:-1, max-image-preview:large, max-video-preview:-1\" \/>\n<link rel=\"canonical\" href=\"https:\/\/garageblogec.com\/?p=782\" \/>\n<meta property=\"og:locale\" content=\"es_ES\" \/>\n<meta property=\"og:type\" content=\"article\" \/>\n<meta property=\"og:title\" content=\"Max Verstappen a Mercedes: Toto Wolff rompe el silencio sobre el contrato de 160 millones de d\u00f3lares - Garage Blog Ecuador\" \/>\n<meta property=\"og:description\" content=\"Max Verstappen a Mercedes: Toto Wolff rompe el silencio sobre el rumoreado contrato de 160 millones de d\u00f3lares para el holand\u00e9s\" \/>\n<meta property=\"og:url\" content=\"https:\/\/garageblogec.com\/?p=782\" \/>\n<meta property=\"og:site_name\" content=\"Garage Blog Ecuador\" \/>\n<meta property=\"article:published_time\" content=\"2024-05-01T22:46:29+00:00\" \/>\n<meta property=\"article:modified_time\" content=\"2024-05-01T22:46:32+00:00\" \/>\n<meta property=\"og:image\" content=\"https:\/\/garageblogec.com\/wp-content\/uploads\/2024\/05\/toto-wolff-max-verstappen-planetf1-1-scaled.jpg\" \/>\n\t<meta property=\"og:image:width\" content=\"2560\" \/>\n\t<meta property=\"og:image:height\" content=\"1440\" \/>\n\t<meta property=\"og:image:type\" content=\"image\/jpeg\" \/>\n<meta name=\"author\" content=\"admin\" \/>\n<meta name=\"twitter:card\" content=\"summary_large_image\" \/>\n<meta name=\"twitter:label1\" content=\"Escrito por\" \/>\n\t<meta name=\"twitter:data1\" content=\"admin\" \/>\n\t<meta name=\"twitter:label2\" content=\"Tiempo de lectura\" \/>\n\t<meta name=\"twitter:data2\" content=\"3 minutos\" \/>\n<script type=\"application\/ld+json\" class=\"yoast-schema-graph\">{\"@context\":\"https:\\\/\\\/schema.org\",\"@graph\":[{\"@type\":\"Article\",\"@id\":\"https:\\\/\\\/garageblogec.com\\\/?p=782#article\",\"isPartOf\":{\"@id\":\"https:\\\/\\\/garageblogec.com\\\/?p=782\"},\"author\":{\"name\":\"admin\",\"@id\":\"https:\\\/\\\/garageblogec.com\\\/#\\\/schema\\\/person\\\/9e42946a1c059998e1dcd2e9c0b14f7b\"},\"headline\":\"Max Verstappen a Mercedes: Toto Wolff rompe el silencio sobre el contrato de 160 millones de d\u00f3lares\",\"datePublished\":\"2024-05-01T22:46:29+00:00\",\"dateModified\":\"2024-05-01T22:46:32+00:00\",\"mainEntityOfPage\":{\"@id\":\"https:\\\/\\\/garageblogec.com\\\/?p=782\"},\"wordCount\":423,\"commentCount\":0,\"publisher\":{\"@id\":\"https:\\\/\\\/garageblogec.com\\\/#organization\"},\"image\":{\"@id\":\"https:\\\/\\\/garageblogec.com\\\/?p=782#primaryimage\"},\"thumbnailUrl\":\"https:\\\/\\\/garageblogec.com\\\/wp-content\\\/uploads\\\/2024\\\/05\\\/toto-wolff-max-verstappen-planetf1-1-scaled.jpg\",\"keywords\":[\"Ecuador\",\"max vertstappen\",\"mercedes\"],\"articleSection\":[\"Autos\"],\"inLanguage\":\"es\",\"potentialAction\":[{\"@type\":\"CommentAction\",\"name\":\"Comment\",\"target\":[\"https:\\\/\\\/garageblogec.com\\\/?p=782#respond\"]}]},{\"@type\":\"WebPage\",\"@id\":\"https:\\\/\\\/garageblogec.com\\\/?p=782\",\"url\":\"https:\\\/\\\/garageblogec.com\\\/?p=782\",\"name\":\"Max Verstappen a Mercedes: Toto Wolff rompe el silencio sobre el contrato de 160 millones de d\u00f3lares - Garage Blog Ecuador\",\"isPartOf\":{\"@id\":\"https:\\\/\\\/garageblogec.com\\\/#website\"},\"primaryImageOfPage\":{\"@id\":\"https:\\\/\\\/garageblogec.com\\\/?p=782#primaryimage\"},\"image\":{\"@id\":\"https:\\\/\\\/garageblogec.com\\\/?p=782#primaryimage\"},\"thumbnailUrl\":\"https:\\\/\\\/garageblogec.com\\\/wp-content\\\/uploads\\\/2024\\\/05\\\/toto-wolff-max-verstappen-planetf1-1-scaled.jpg\",\"datePublished\":\"2024-05-01T22:46:29+00:00\",\"dateModified\":\"2024-05-01T22:46:32+00:00\",\"description\":\"Max Verstappen a Mercedes: Toto Wolff rompe el silencio sobre el rumoreado contrato de 160 millones de d\u00f3lares para el holand\u00e9s\",\"breadcrumb\":{\"@id\":\"https:\\\/\\\/garageblogec.com\\\/?p=782#breadcrumb\"},\"inLanguage\":\"es\",\"potentialAction\":[{\"@type\":\"ReadAction\",\"target\":[\"https:\\\/\\\/garageblogec.com\\\/?p=782\"]}]},{\"@type\":\"ImageObject\",\"inLanguage\":\"es\",\"@id\":\"https:\\\/\\\/garageblogec.com\\\/?p=782#primaryimage\",\"url\":\"https:\\\/\\\/garageblogec.com\\\/wp-content\\\/uploads\\\/2024\\\/05\\\/toto-wolff-max-verstappen-planetf1-1-scaled.jpg\",\"contentUrl\":\"https:\\\/\\\/garageblogec.com\\\/wp-content\\\/uploads\\\/2024\\\/05\\\/toto-wolff-max-verstappen-planetf1-1-scaled.jpg\",\"width\":2560,\"height\":1440},{\"@type\":\"BreadcrumbList\",\"@id\":\"https:\\\/\\\/garageblogec.com\\\/?p=782#breadcrumb\",\"itemListElement\":[{\"@type\":\"ListItem\",\"position\":1,\"name\":\"Portada\",\"item\":\"https:\\\/\\\/garageblogec.com\\\/\"},{\"@type\":\"ListItem\",\"position\":2,\"name\":\"Max Verstappen a Mercedes: Toto Wolff rompe el silencio sobre el contrato de 160 millones de d\u00f3lares\"}]},{\"@type\":\"WebSite\",\"@id\":\"https:\\\/\\\/garageblogec.com\\\/#website\",\"url\":\"https:\\\/\\\/garageblogec.com\\\/\",\"name\":\"Garage Blog Ecuador\",\"description\":\"Alucinamos por los autos \",\"publisher\":{\"@id\":\"https:\\\/\\\/garageblogec.com\\\/#organization\"},\"potentialAction\":[{\"@type\":\"SearchAction\",\"target\":{\"@type\":\"EntryPoint\",\"urlTemplate\":\"https:\\\/\\\/garageblogec.com\\\/?s={search_term_string}\"},\"query-input\":{\"@type\":\"PropertyValueSpecification\",\"valueRequired\":true,\"valueName\":\"search_term_string\"}}],\"inLanguage\":\"es\"},{\"@type\":\"Organization\",\"@id\":\"https:\\\/\\\/garageblogec.com\\\/#organization\",\"name\":\"Garage Blog Ecuador\",\"url\":\"https:\\\/\\\/garageblogec.com\\\/\",\"logo\":{\"@type\":\"ImageObject\",\"inLanguage\":\"es\",\"@id\":\"https:\\\/\\\/garageblogec.com\\\/#\\\/schema\\\/logo\\\/image\\\/\",\"url\":\"https:\\\/\\\/garageblogec.com\\\/wp-content\\\/uploads\\\/2024\\\/02\\\/cropped-logo-png-para-blog.webp\",\"contentUrl\":\"https:\\\/\\\/garageblogec.com\\\/wp-content\\\/uploads\\\/2024\\\/02\\\/cropped-logo-png-para-blog.webp\",\"width\":840,\"height\":556,\"caption\":\"Garage Blog Ecuador \"},\"image\":{\"@id\":\"https:\\\/\\\/garageblogec.com\\\/#\\\/schema\\\/logo\\\/image\\\/\"}},{\"@type\":\"Person\",\"@id\":\"https:\\\/\\\/garageblogec.com\\\/#\\\/schema\\\/person\\\/9e42946a1c059998e1dcd2e9c0b14f7b\",\"name\":\"admin\",\"image\":{\"@type\":\"ImageObject\",\"inLanguage\":\"es\",\"@id\":\"https:\\\/\\\/secure.gravatar.com\\\/avatar\\\/3612d5dfd364004c4d91ec427ebfe980a13c66be055df17156d99287f7c39228?s=96&d=mm&r=g\",\"url\":\"https:\\\/\\\/secure.gravatar.com\\\/avatar\\\/3612d5dfd364004c4d91ec427ebfe980a13c66be055df17156d99287f7c39228?s=96&d=mm&r=g\",\"contentUrl\":\"https:\\\/\\\/secure.gravatar.com\\\/avatar\\\/3612d5dfd364004c4d91ec427ebfe980a13c66be055df17156d99287f7c39228?s=96&d=mm&r=g\",\"caption\":\"admin\"},\"sameAs\":[\"https:\\\/\\\/garageblogec.com\"],\"url\":\"https:\\\/\\\/garageblogec.com\\\/?author=1\"}]}<\/script>\n<!-- \/ Yoast SEO plugin. -->","yoast_head_json":{"title":"Max Verstappen a Mercedes: Toto Wolff rompe el silencio sobre el contrato de 160 millones de d\u00f3lares - Garage Blog Ecuador","description":"Max Verstappen a Mercedes: Toto Wolff rompe el silencio sobre el rumoreado contrato de 160 millones de d\u00f3lares para el holand\u00e9s","robots":{"index":"index","follow":"follow","max-snippet":"max-snippet:-1","max-image-preview":"max-image-preview:large","max-video-preview":"max-video-preview:-1"},"canonical":"https:\/\/garageblogec.com\/?p=782","og_locale":"es_ES","og_type":"article","og_title":"Max Verstappen a Mercedes: Toto Wolff rompe el silencio sobre el contrato de 160 millones de d\u00f3lares - Garage Blog Ecuador","og_description":"Max Verstappen a Mercedes: Toto Wolff rompe el silencio sobre el rumoreado contrato de 160 millones de d\u00f3lares para el holand\u00e9s","og_url":"https:\/\/garageblogec.com\/?p=782","og_site_name":"Garage Blog Ecuador","article_published_time":"2024-05-01T22:46:29+00:00","article_modified_time":"2024-05-01T22:46:32+00:00","og_image":[{"width":2560,"height":1440,"url":"https:\/\/garageblogec.com\/wp-content\/uploads\/2024\/05\/toto-wolff-max-verstappen-planetf1-1-scaled.jpg","type":"image\/jpeg"}],"author":"admin","twitter_card":"summary_large_image","twitter_misc":{"Escrito por":"admin","Tiempo de lectura":"3 minutos"},"schema":{"@context":"https:\/\/schema.org","@graph":[{"@type":"Article","@id":"https:\/\/garageblogec.com\/?p=782#article","isPartOf":{"@id":"https:\/\/garageblogec.com\/?p=782"},"author":{"name":"admin","@id":"https:\/\/garageblogec.com\/#\/schema\/person\/9e42946a1c059998e1dcd2e9c0b14f7b"},"headline":"Max Verstappen a Mercedes: Toto Wolff rompe el silencio sobre el contrato de 160 millones de d\u00f3lares","datePublished":"2024-05-01T22:46:29+00:00","dateModified":"2024-05-01T22:46:32+00:00","mainEntityOfPage":{"@id":"https:\/\/garageblogec.com\/?p=782"},"wordCount":423,"commentCount":0,"publisher":{"@id":"https:\/\/garageblogec.com\/#organization"},"image":{"@id":"https:\/\/garageblogec.com\/?p=782#primaryimage"},"thumbnailUrl":"https:\/\/garageblogec.com\/wp-content\/uploads\/2024\/05\/toto-wolff-max-verstappen-planetf1-1-scaled.jpg","keywords":["Ecuador","max vertstappen","mercedes"],"articleSection":["Autos"],"inLanguage":"es","potentialAction":[{"@type":"CommentAction","name":"Comment","target":["https:\/\/garageblogec.com\/?p=782#respond"]}]},{"@type":"WebPage","@id":"https:\/\/garageblogec.com\/?p=782","url":"https:\/\/garageblogec.com\/?p=782","name":"Max Verstappen a Mercedes: Toto Wolff rompe el silencio sobre el contrato de 160 millones de d\u00f3lares - Garage Blog Ecuador","isPartOf":{"@id":"https:\/\/garageblogec.com\/#website"},"primaryImageOfPage":{"@id":"https:\/\/garageblogec.com\/?p=782#primaryimage"},"image":{"@id":"https:\/\/garageblogec.com\/?p=782#primaryimage"},"thumbnailUrl":"https:\/\/garageblogec.com\/wp-content\/uploads\/2024\/05\/toto-wolff-max-verstappen-planetf1-1-scaled.jpg","datePublished":"2024-05-01T22:46:29+00:00","dateModified":"2024-05-01T22:46:32+00:00","description":"Max Verstappen a Mercedes: Toto Wolff rompe el silencio sobre el rumoreado contrato de 160 millones de d\u00f3lares para el holand\u00e9s","breadcrumb":{"@id":"https:\/\/garageblogec.com\/?p=782#breadcrumb"},"inLanguage":"es","potentialAction":[{"@type":"ReadAction","target":["https:\/\/garageblogec.com\/?p=782"]}]},{"@type":"ImageObject","inLanguage":"es","@id":"https:\/\/garageblogec.com\/?p=782#primaryimage","url":"https:\/\/garageblogec.com\/wp-content\/uploads\/2024\/05\/toto-wolff-max-verstappen-planetf1-1-scaled.jpg","contentUrl":"https:\/\/garageblogec.com\/wp-content\/uploads\/2024\/05\/toto-wolff-max-verstappen-planetf1-1-scaled.jpg","width":2560,"height":1440},{"@type":"BreadcrumbList","@id":"https:\/\/garageblogec.com\/?p=782#breadcrumb","itemListElement":[{"@type":"ListItem","position":1,"name":"Portada","item":"https:\/\/garageblogec.com\/"},{"@type":"ListItem","position":2,"name":"Max Verstappen a Mercedes: Toto Wolff rompe el silencio sobre el contrato de 160 millones de d\u00f3lares"}]},{"@type":"WebSite","@id":"https:\/\/garageblogec.com\/#website","url":"https:\/\/garageblogec.com\/","name":"Garage Blog Ecuador","description":"Alucinamos por los autos ","publisher":{"@id":"https:\/\/garageblogec.com\/#organization"},"potentialAction":[{"@type":"SearchAction","target":{"@type":"EntryPoint","urlTemplate":"https:\/\/garageblogec.com\/?s={search_term_string}"},"query-input":{"@type":"PropertyValueSpecification","valueRequired":true,"valueName":"search_term_string"}}],"inLanguage":"es"},{"@type":"Organization","@id":"https:\/\/garageblogec.com\/#organization","name":"Garage Blog Ecuador","url":"https:\/\/garageblogec.com\/","logo":{"@type":"ImageObject","inLanguage":"es","@id":"https:\/\/garageblogec.com\/#\/schema\/logo\/image\/","url":"https:\/\/garageblogec.com\/wp-content\/uploads\/2024\/02\/cropped-logo-png-para-blog.webp","contentUrl":"https:\/\/garageblogec.com\/wp-content\/uploads\/2024\/02\/cropped-logo-png-para-blog.webp","width":840,"height":556,"caption":"Garage Blog Ecuador "},"image":{"@id":"https:\/\/garageblogec.com\/#\/schema\/logo\/image\/"}},{"@type":"Person","@id":"https:\/\/garageblogec.com\/#\/schema\/person\/9e42946a1c059998e1dcd2e9c0b14f7b","name":"admin","image":{"@type":"ImageObject","inLanguage":"es","@id":"https:\/\/secure.gravatar.com\/avatar\/3612d5dfd364004c4d91ec427ebfe980a13c66be055df17156d99287f7c39228?s=96&d=mm&r=g","url":"https:\/\/secure.gravatar.com\/avatar\/3612d5dfd364004c4d91ec427ebfe980a13c66be055df17156d99287f7c39228?s=96&d=mm&r=g","contentUrl":"https:\/\/secure.gravatar.com\/avatar\/3612d5dfd364004c4d91ec427ebfe980a13c66be055df17156d99287f7c39228?s=96&d=mm&r=g","caption":"admin"},"sameAs":["https:\/\/garageblogec.com"],"url":"https:\/\/garageblogec.com\/?author=1"}]}},"jetpack_featured_media_url":"https:\/\/garageblogec.com\/wp-content\/uploads\/2024\/05\/toto-wolff-max-verstappen-planetf1-1-scaled.jpg","jetpack_sharing_enabled":true,"_links":{"self":[{"href":"https:\/\/garageblogec.com\/index.php?rest_route=\/wp\/v2\/posts\/782","targetHints":{"allow":["GET"]}}],"collection":[{"href":"https:\/\/garageblogec.com\/index.php?rest_route=\/wp\/v2\/posts"}],"about":[{"href":"https:\/\/garageblogec.com\/index.php?rest_route=\/wp\/v2\/types\/post"}],"author":[{"embeddable":true,"href":"https:\/\/garageblogec.com\/index.php?rest_route=\/wp\/v2\/users\/1"}],"replies":[{"embeddable":true,"href":"https:\/\/garageblogec.com\/index.php?rest_route=%2Fwp%2Fv2%2Fcomments&post=782"}],"version-history":[{"count":1,"href":"https:\/\/garageblogec.com\/index.php?rest_route=\/wp\/v2\/posts\/782\/revisions"}],"predecessor-version":[{"id":786,"href":"https:\/\/garageblogec.com\/index.php?rest_route=\/wp\/v2\/posts\/782\/revisions\/786"}],"wp:featuredmedia":[{"embeddable":true,"href":"https:\/\/garageblogec.com\/index.php?rest_route=\/wp\/v2\/media\/783"}],"wp:attachment":[{"href":"https:\/\/garageblogec.com\/index.php?rest_route=%2Fwp%2Fv2%2Fmedia&parent=782"}],"wp:term":[{"taxonomy":"category","embeddable":true,"href":"https:\/\/garageblogec.com\/index.php?rest_route=%2Fwp%2Fv2%2Fcategories&post=782"},{"taxonomy":"post_tag","embeddable":true,"href":"https:\/\/garageblogec.com\/index.php?rest_route=%2Fwp%2Fv2%2Ftags&post=782"}],"curies":[{"name":"wp","href":"https:\/\/api.w.org\/{rel}","templated":true}]}}