{"id":535,"date":"2024-04-23T12:45:55","date_gmt":"2024-04-23T12:45:55","guid":{"rendered":"https:\/\/garageblogec.com\/?p=535"},"modified":"2024-04-23T12:46:05","modified_gmt":"2024-04-23T12:46:05","slug":"desafios-para-los-autos-electricos-en-ecuador-como-sobreviven-en-tiempos-de-racionamiento-energetico","status":"publish","type":"post","link":"https:\/\/garageblogec.com\/?p=535","title":{"rendered":"Desaf\u00edos para los autos el\u00e9ctricos en Ecuador: \u00bfC\u00f3mo sobreviven en tiempos de racionamiento energ\u00e9tico?"},"content":{"rendered":"\n<p>Ecuador, un pa\u00eds conocido por su biodiversidad y paisajes impresionantes, se enfrenta a un problema que est\u00e1 afectando no solo a sus habitantes, sino tambi\u00e9n a s<strong>u creciente flota de veh\u00edculos el\u00e9ctricos<\/strong>. Los recientes racionamientos de energ\u00eda el\u00e9ctrica han puesto de manifiesto los desaf\u00edos que enfrentan los propietarios de autos el\u00e9ctricos en un momento en que la dependencia de la electricidad se ha vuelto m\u00e1s cr\u00edtica que nunca.<\/p>\n\n\n\n<p>Una de las principales preocupaciones para los conductores de autos el\u00e9ctricos en Ecuador es la falta de infraestructura de carga. <strong>Aunque el pa\u00eds ha estado avanzando gradualmente en la instalaci\u00f3n de puntos de carga<\/strong>, la demanda supera con creces la oferta, dejando a muchos propietarios con pocas opciones para recargar sus veh\u00edculos de manera conveniente y r\u00e1pida.<\/p>\n\n\n\n<figure class=\"wp-block-image size-large\"><a href=\"https:\/\/www.kia.com\/ec\/showroom\/sonet\/features.html\"><img fetchpriority=\"high\" decoding=\"async\" width=\"1024\" height=\"284\" src=\"https:\/\/garageblogec.com\/wp-content\/uploads\/2024\/04\/1080x300-2-1024x284.jpg\" alt=\"\" class=\"wp-image-539\" srcset=\"https:\/\/garageblogec.com\/wp-content\/uploads\/2024\/04\/1080x300-2-1024x284.jpg 1024w, https:\/\/garageblogec.com\/wp-content\/uploads\/2024\/04\/1080x300-2-300x83.jpg 300w, https:\/\/garageblogec.com\/wp-content\/uploads\/2024\/04\/1080x300-2-768x213.jpg 768w, https:\/\/garageblogec.com\/wp-content\/uploads\/2024\/04\/1080x300-2-600x167.jpg 600w, https:\/\/garageblogec.com\/wp-content\/uploads\/2024\/04\/1080x300-2.jpg 1080w\" sizes=\"(max-width: 1024px) 100vw, 1024px\" \/><\/a><\/figure>\n\n\n\n<p>Adem\u00e1s de la escasez de puntos de carga, los racionamientos de energ\u00eda han llevado a la implementaci\u00f3n de horarios espec\u00edficos para la carga, lo que dificulta a\u00fan m\u00e1s la vida de los propietarios de autos el\u00e9ctricos. <strong><a href=\"https:\/\/youtu.be\/3ycBgvAKFYA\">En un momento en el que la movilidad sostenible deber\u00eda ser una prioridad<\/a><\/strong>, las restricciones de tiempo para la recarga pueden limitar severamente la flexibilidad y la conveniencia que estos veh\u00edculos prometen.<\/p>\n\n\n\n<p>Otro desaf\u00edo significativo es el rendimiento reducido de la autonom\u00eda de los autos el\u00e9ctricos durante los periodos de racionamiento energ\u00e9tico. <strong>Con la disponibilidad intermitente de electricidad, los conductores se ven obligados a gestionar cuidadosamente su consumo de energ\u00eda <\/strong>para evitar quedarse sin carga en momentos cr\u00edticos. Esta incertidumbre puede disuadir a muchos potenciales compradores de optar por un veh\u00edculo el\u00e9ctrico en un momento en que la fiabilidad es m\u00e1s importante que nunca.<\/p>\n\n\n\n<p>Aunque los racionamientos de energ\u00eda plantean desaf\u00edos significativos para los propietarios de autos el\u00e9ctricos en Ecuador, tambi\u00e9n ofrecen una oportunidad para reflexionar sobre la necesidad de una infraestructura de carga m\u00e1s robusta y una mayor diversificaci\u00f3n en las fuentes de energ\u00eda. <strong>Es imperativo que el gobierno y las empresas trabajen en conjunto<\/strong> para desarrollar soluciones que permitan a los conductores de autos el\u00e9ctricos superar estos obst\u00e1culos y contribuir a la transici\u00f3n hacia un futuro m\u00e1s sostenible y resiliente.<\/p>\n\n\n\n<h2 class=\"wp-block-heading\">La Resilencia de los Conductores de Autos El\u00e9ctricos en Tiempos de Crisis Energ\u00e9tica<\/h2>\n\n\n\n<figure class=\"wp-block-image size-full\"><img decoding=\"async\" width=\"865\" height=\"649\" src=\"https:\/\/garageblogec.com\/wp-content\/uploads\/2024\/04\/75664939-0891-4B59-8A2A-10D6516D4226.png\" alt=\"\" class=\"wp-image-538\" srcset=\"https:\/\/garageblogec.com\/wp-content\/uploads\/2024\/04\/75664939-0891-4B59-8A2A-10D6516D4226.png 865w, https:\/\/garageblogec.com\/wp-content\/uploads\/2024\/04\/75664939-0891-4B59-8A2A-10D6516D4226-300x225.png 300w, https:\/\/garageblogec.com\/wp-content\/uploads\/2024\/04\/75664939-0891-4B59-8A2A-10D6516D4226-768x576.png 768w, https:\/\/garageblogec.com\/wp-content\/uploads\/2024\/04\/75664939-0891-4B59-8A2A-10D6516D4226-600x450.png 600w\" sizes=\"(max-width: 865px) 100vw, 865px\" \/><\/figure>\n\n\n\n<p>En medio de estos desaf\u00edos, algunos propietarios de autos el\u00e9ctricos est\u00e1n buscando alternativas creativas para mantenerse en movimiento. Desde <strong>la instalaci\u00f3n de sistemas de almacenamiento de energ\u00eda en el hogar<\/strong> hasta la b\u00fasqueda de rutas de carga alternativas, la comunidad de conductores de autos el\u00e9ctricos est\u00e1 demostrando una notable capacidad de adaptaci\u00f3n en tiempos dif\u00edciles.<\/p>\n\n\n\n<p>A pesar de los desaf\u00edos actuales,<strong> el futuro de la movilidad el\u00e9ctrica en Ecuador sigue siendo prometedor<\/strong>. Con una mayor inversi\u00f3n en infraestructura de carga, pol\u00edticas de apoyo y tecnolog\u00edas innovadoras, es posible superar los obst\u00e1culos actuales y construir un futuro donde los autos el\u00e9ctricos sean una parte integral de la vida cotidiana en Ecuador.<\/p>\n","protected":false},"excerpt":{"rendered":"<p>Adem\u00e1s de la escasez de puntos de carga, los racionamientos de energ\u00eda han llevado a la implementaci\u00f3n de horarios espec\u00edficos para la carga, lo que dificulta a\u00fan m\u00e1s la vida de los propietarios de autos el\u00e9ctricos.<\/p>\n","protected":false},"author":1,"featured_media":537,"comment_status":"open","ping_status":"open","sticky":false,"template":"","format":"standard","meta":{"_jetpack_memberships_contains_paid_content":false,"footnotes":""},"categories":[25,27],"tags":[70,68,67,30,69],"class_list":["post-535","post","type-post","status-publish","format-standard","has-post-thumbnail","hentry","category-autos","category-industria-nacional","tag-apagones","tag-autos","tag-autos-electricos-ecuador","tag-ecuador","tag-electricos"],"yoast_head":"<!-- This site is optimized with the Yoast SEO plugin v27.4 - https:\/\/yoast.com\/product\/yoast-seo-wordpress\/ -->\n<title>Desaf\u00edos para los autos el\u00e9ctricos en Ecuador: \u00bfC\u00f3mo sobreviven en tiempos de racionamiento energ\u00e9tico? - Garage Blog Ecuador<\/title>\n<meta name=\"description\" content=\"Desaf\u00edos para los Autos El\u00e9ctricos en Ecuador: \u00bfC\u00f3mo Sobreviven en Tiempos de Racionamiento Energ\u00e9tico?\" \/>\n<meta name=\"robots\" content=\"index, follow, max-snippet:-1, max-image-preview:large, max-video-preview:-1\" \/>\n<link rel=\"canonical\" href=\"https:\/\/garageblogec.com\/?p=535\" \/>\n<meta property=\"og:locale\" content=\"es_ES\" \/>\n<meta property=\"og:type\" content=\"article\" \/>\n<meta property=\"og:title\" content=\"Desaf\u00edos para los autos el\u00e9ctricos en Ecuador: \u00bfC\u00f3mo sobreviven en tiempos de racionamiento energ\u00e9tico? - Garage Blog Ecuador\" \/>\n<meta property=\"og:description\" content=\"Desaf\u00edos para los Autos El\u00e9ctricos en Ecuador: \u00bfC\u00f3mo Sobreviven en Tiempos de Racionamiento Energ\u00e9tico?\" \/>\n<meta property=\"og:url\" content=\"https:\/\/garageblogec.com\/?p=535\" \/>\n<meta property=\"og:site_name\" content=\"Garage Blog Ecuador\" \/>\n<meta property=\"article:published_time\" content=\"2024-04-23T12:45:55+00:00\" \/>\n<meta property=\"article:modified_time\" content=\"2024-04-23T12:46:05+00:00\" \/>\n<meta property=\"og:image\" content=\"https:\/\/garageblogec.com\/wp-content\/uploads\/2024\/04\/Kia-EC-incrementa-Electrolineras.png\" \/>\n\t<meta property=\"og:image:width\" content=\"800\" \/>\n\t<meta property=\"og:image:height\" content=\"445\" \/>\n\t<meta property=\"og:image:type\" content=\"image\/png\" \/>\n<meta name=\"author\" content=\"admin\" \/>\n<meta name=\"twitter:card\" content=\"summary_large_image\" \/>\n<meta name=\"twitter:label1\" content=\"Escrito por\" \/>\n\t<meta name=\"twitter:data1\" content=\"admin\" \/>\n\t<meta name=\"twitter:label2\" content=\"Tiempo de lectura\" \/>\n\t<meta name=\"twitter:data2\" content=\"3 minutos\" \/>\n<script type=\"application\/ld+json\" class=\"yoast-schema-graph\">{\"@context\":\"https:\\\/\\\/schema.org\",\"@graph\":[{\"@type\":\"Article\",\"@id\":\"https:\\\/\\\/garageblogec.com\\\/?p=535#article\",\"isPartOf\":{\"@id\":\"https:\\\/\\\/garageblogec.com\\\/?p=535\"},\"author\":{\"name\":\"admin\",\"@id\":\"https:\\\/\\\/garageblogec.com\\\/#\\\/schema\\\/person\\\/9e42946a1c059998e1dcd2e9c0b14f7b\"},\"headline\":\"Desaf\u00edos para los autos el\u00e9ctricos en Ecuador: \u00bfC\u00f3mo sobreviven en tiempos de racionamiento energ\u00e9tico?\",\"datePublished\":\"2024-04-23T12:45:55+00:00\",\"dateModified\":\"2024-04-23T12:46:05+00:00\",\"mainEntityOfPage\":{\"@id\":\"https:\\\/\\\/garageblogec.com\\\/?p=535\"},\"wordCount\":546,\"commentCount\":0,\"publisher\":{\"@id\":\"https:\\\/\\\/garageblogec.com\\\/#organization\"},\"image\":{\"@id\":\"https:\\\/\\\/garageblogec.com\\\/?p=535#primaryimage\"},\"thumbnailUrl\":\"https:\\\/\\\/garageblogec.com\\\/wp-content\\\/uploads\\\/2024\\\/04\\\/Kia-EC-incrementa-Electrolineras.png\",\"keywords\":[\"apagones\",\"autos\",\"autos electricos Ecuador\",\"Ecuador\",\"electricos\"],\"articleSection\":[\"Autos\",\"Industria Nacional\"],\"inLanguage\":\"es\",\"potentialAction\":[{\"@type\":\"CommentAction\",\"name\":\"Comment\",\"target\":[\"https:\\\/\\\/garageblogec.com\\\/?p=535#respond\"]}]},{\"@type\":\"WebPage\",\"@id\":\"https:\\\/\\\/garageblogec.com\\\/?p=535\",\"url\":\"https:\\\/\\\/garageblogec.com\\\/?p=535\",\"name\":\"Desaf\u00edos para los autos el\u00e9ctricos en Ecuador: \u00bfC\u00f3mo sobreviven en tiempos de racionamiento energ\u00e9tico? - Garage Blog Ecuador\",\"isPartOf\":{\"@id\":\"https:\\\/\\\/garageblogec.com\\\/#website\"},\"primaryImageOfPage\":{\"@id\":\"https:\\\/\\\/garageblogec.com\\\/?p=535#primaryimage\"},\"image\":{\"@id\":\"https:\\\/\\\/garageblogec.com\\\/?p=535#primaryimage\"},\"thumbnailUrl\":\"https:\\\/\\\/garageblogec.com\\\/wp-content\\\/uploads\\\/2024\\\/04\\\/Kia-EC-incrementa-Electrolineras.png\",\"datePublished\":\"2024-04-23T12:45:55+00:00\",\"dateModified\":\"2024-04-23T12:46:05+00:00\",\"description\":\"Desaf\u00edos para los Autos El\u00e9ctricos en Ecuador: \u00bfC\u00f3mo Sobreviven en Tiempos de Racionamiento Energ\u00e9tico?\",\"breadcrumb\":{\"@id\":\"https:\\\/\\\/garageblogec.com\\\/?p=535#breadcrumb\"},\"inLanguage\":\"es\",\"potentialAction\":[{\"@type\":\"ReadAction\",\"target\":[\"https:\\\/\\\/garageblogec.com\\\/?p=535\"]}]},{\"@type\":\"ImageObject\",\"inLanguage\":\"es\",\"@id\":\"https:\\\/\\\/garageblogec.com\\\/?p=535#primaryimage\",\"url\":\"https:\\\/\\\/garageblogec.com\\\/wp-content\\\/uploads\\\/2024\\\/04\\\/Kia-EC-incrementa-Electrolineras.png\",\"contentUrl\":\"https:\\\/\\\/garageblogec.com\\\/wp-content\\\/uploads\\\/2024\\\/04\\\/Kia-EC-incrementa-Electrolineras.png\",\"width\":800,\"height\":445},{\"@type\":\"BreadcrumbList\",\"@id\":\"https:\\\/\\\/garageblogec.com\\\/?p=535#breadcrumb\",\"itemListElement\":[{\"@type\":\"ListItem\",\"position\":1,\"name\":\"Portada\",\"item\":\"https:\\\/\\\/garageblogec.com\\\/\"},{\"@type\":\"ListItem\",\"position\":2,\"name\":\"Desaf\u00edos para los autos el\u00e9ctricos en Ecuador: \u00bfC\u00f3mo sobreviven en tiempos de racionamiento energ\u00e9tico?\"}]},{\"@type\":\"WebSite\",\"@id\":\"https:\\\/\\\/garageblogec.com\\\/#website\",\"url\":\"https:\\\/\\\/garageblogec.com\\\/\",\"name\":\"Garage Blog Ecuador\",\"description\":\"Alucinamos por los autos \",\"publisher\":{\"@id\":\"https:\\\/\\\/garageblogec.com\\\/#organization\"},\"potentialAction\":[{\"@type\":\"SearchAction\",\"target\":{\"@type\":\"EntryPoint\",\"urlTemplate\":\"https:\\\/\\\/garageblogec.com\\\/?s={search_term_string}\"},\"query-input\":{\"@type\":\"PropertyValueSpecification\",\"valueRequired\":true,\"valueName\":\"search_term_string\"}}],\"inLanguage\":\"es\"},{\"@type\":\"Organization\",\"@id\":\"https:\\\/\\\/garageblogec.com\\\/#organization\",\"name\":\"Garage Blog Ecuador\",\"url\":\"https:\\\/\\\/garageblogec.com\\\/\",\"logo\":{\"@type\":\"ImageObject\",\"inLanguage\":\"es\",\"@id\":\"https:\\\/\\\/garageblogec.com\\\/#\\\/schema\\\/logo\\\/image\\\/\",\"url\":\"https:\\\/\\\/garageblogec.com\\\/wp-content\\\/uploads\\\/2024\\\/02\\\/cropped-logo-png-para-blog.webp\",\"contentUrl\":\"https:\\\/\\\/garageblogec.com\\\/wp-content\\\/uploads\\\/2024\\\/02\\\/cropped-logo-png-para-blog.webp\",\"width\":840,\"height\":556,\"caption\":\"Garage Blog Ecuador \"},\"image\":{\"@id\":\"https:\\\/\\\/garageblogec.com\\\/#\\\/schema\\\/logo\\\/image\\\/\"}},{\"@type\":\"Person\",\"@id\":\"https:\\\/\\\/garageblogec.com\\\/#\\\/schema\\\/person\\\/9e42946a1c059998e1dcd2e9c0b14f7b\",\"name\":\"admin\",\"image\":{\"@type\":\"ImageObject\",\"inLanguage\":\"es\",\"@id\":\"https:\\\/\\\/secure.gravatar.com\\\/avatar\\\/3612d5dfd364004c4d91ec427ebfe980a13c66be055df17156d99287f7c39228?s=96&d=mm&r=g\",\"url\":\"https:\\\/\\\/secure.gravatar.com\\\/avatar\\\/3612d5dfd364004c4d91ec427ebfe980a13c66be055df17156d99287f7c39228?s=96&d=mm&r=g\",\"contentUrl\":\"https:\\\/\\\/secure.gravatar.com\\\/avatar\\\/3612d5dfd364004c4d91ec427ebfe980a13c66be055df17156d99287f7c39228?s=96&d=mm&r=g\",\"caption\":\"admin\"},\"sameAs\":[\"https:\\\/\\\/garageblogec.com\"],\"url\":\"https:\\\/\\\/garageblogec.com\\\/?author=1\"}]}<\/script>\n<!-- \/ Yoast SEO plugin. -->","yoast_head_json":{"title":"Desaf\u00edos para los autos el\u00e9ctricos en Ecuador: \u00bfC\u00f3mo sobreviven en tiempos de racionamiento energ\u00e9tico? - Garage Blog Ecuador","description":"Desaf\u00edos para los Autos El\u00e9ctricos en Ecuador: \u00bfC\u00f3mo Sobreviven en Tiempos de Racionamiento Energ\u00e9tico?","robots":{"index":"index","follow":"follow","max-snippet":"max-snippet:-1","max-image-preview":"max-image-preview:large","max-video-preview":"max-video-preview:-1"},"canonical":"https:\/\/garageblogec.com\/?p=535","og_locale":"es_ES","og_type":"article","og_title":"Desaf\u00edos para los autos el\u00e9ctricos en Ecuador: \u00bfC\u00f3mo sobreviven en tiempos de racionamiento energ\u00e9tico? - Garage Blog Ecuador","og_description":"Desaf\u00edos para los Autos El\u00e9ctricos en Ecuador: \u00bfC\u00f3mo Sobreviven en Tiempos de Racionamiento Energ\u00e9tico?","og_url":"https:\/\/garageblogec.com\/?p=535","og_site_name":"Garage Blog Ecuador","article_published_time":"2024-04-23T12:45:55+00:00","article_modified_time":"2024-04-23T12:46:05+00:00","og_image":[{"width":800,"height":445,"url":"https:\/\/garageblogec.com\/wp-content\/uploads\/2024\/04\/Kia-EC-incrementa-Electrolineras.png","type":"image\/png"}],"author":"admin","twitter_card":"summary_large_image","twitter_misc":{"Escrito por":"admin","Tiempo de lectura":"3 minutos"},"schema":{"@context":"https:\/\/schema.org","@graph":[{"@type":"Article","@id":"https:\/\/garageblogec.com\/?p=535#article","isPartOf":{"@id":"https:\/\/garageblogec.com\/?p=535"},"author":{"name":"admin","@id":"https:\/\/garageblogec.com\/#\/schema\/person\/9e42946a1c059998e1dcd2e9c0b14f7b"},"headline":"Desaf\u00edos para los autos el\u00e9ctricos en Ecuador: \u00bfC\u00f3mo sobreviven en tiempos de racionamiento energ\u00e9tico?","datePublished":"2024-04-23T12:45:55+00:00","dateModified":"2024-04-23T12:46:05+00:00","mainEntityOfPage":{"@id":"https:\/\/garageblogec.com\/?p=535"},"wordCount":546,"commentCount":0,"publisher":{"@id":"https:\/\/garageblogec.com\/#organization"},"image":{"@id":"https:\/\/garageblogec.com\/?p=535#primaryimage"},"thumbnailUrl":"https:\/\/garageblogec.com\/wp-content\/uploads\/2024\/04\/Kia-EC-incrementa-Electrolineras.png","keywords":["apagones","autos","autos electricos Ecuador","Ecuador","electricos"],"articleSection":["Autos","Industria Nacional"],"inLanguage":"es","potentialAction":[{"@type":"CommentAction","name":"Comment","target":["https:\/\/garageblogec.com\/?p=535#respond"]}]},{"@type":"WebPage","@id":"https:\/\/garageblogec.com\/?p=535","url":"https:\/\/garageblogec.com\/?p=535","name":"Desaf\u00edos para los autos el\u00e9ctricos en Ecuador: \u00bfC\u00f3mo sobreviven en tiempos de racionamiento energ\u00e9tico? - Garage Blog Ecuador","isPartOf":{"@id":"https:\/\/garageblogec.com\/#website"},"primaryImageOfPage":{"@id":"https:\/\/garageblogec.com\/?p=535#primaryimage"},"image":{"@id":"https:\/\/garageblogec.com\/?p=535#primaryimage"},"thumbnailUrl":"https:\/\/garageblogec.com\/wp-content\/uploads\/2024\/04\/Kia-EC-incrementa-Electrolineras.png","datePublished":"2024-04-23T12:45:55+00:00","dateModified":"2024-04-23T12:46:05+00:00","description":"Desaf\u00edos para los Autos El\u00e9ctricos en Ecuador: \u00bfC\u00f3mo Sobreviven en Tiempos de Racionamiento Energ\u00e9tico?","breadcrumb":{"@id":"https:\/\/garageblogec.com\/?p=535#breadcrumb"},"inLanguage":"es","potentialAction":[{"@type":"ReadAction","target":["https:\/\/garageblogec.com\/?p=535"]}]},{"@type":"ImageObject","inLanguage":"es","@id":"https:\/\/garageblogec.com\/?p=535#primaryimage","url":"https:\/\/garageblogec.com\/wp-content\/uploads\/2024\/04\/Kia-EC-incrementa-Electrolineras.png","contentUrl":"https:\/\/garageblogec.com\/wp-content\/uploads\/2024\/04\/Kia-EC-incrementa-Electrolineras.png","width":800,"height":445},{"@type":"BreadcrumbList","@id":"https:\/\/garageblogec.com\/?p=535#breadcrumb","itemListElement":[{"@type":"ListItem","position":1,"name":"Portada","item":"https:\/\/garageblogec.com\/"},{"@type":"ListItem","position":2,"name":"Desaf\u00edos para los autos el\u00e9ctricos en Ecuador: \u00bfC\u00f3mo sobreviven en tiempos de racionamiento energ\u00e9tico?"}]},{"@type":"WebSite","@id":"https:\/\/garageblogec.com\/#website","url":"https:\/\/garageblogec.com\/","name":"Garage Blog Ecuador","description":"Alucinamos por los autos ","publisher":{"@id":"https:\/\/garageblogec.com\/#organization"},"potentialAction":[{"@type":"SearchAction","target":{"@type":"EntryPoint","urlTemplate":"https:\/\/garageblogec.com\/?s={search_term_string}"},"query-input":{"@type":"PropertyValueSpecification","valueRequired":true,"valueName":"search_term_string"}}],"inLanguage":"es"},{"@type":"Organization","@id":"https:\/\/garageblogec.com\/#organization","name":"Garage Blog Ecuador","url":"https:\/\/garageblogec.com\/","logo":{"@type":"ImageObject","inLanguage":"es","@id":"https:\/\/garageblogec.com\/#\/schema\/logo\/image\/","url":"https:\/\/garageblogec.com\/wp-content\/uploads\/2024\/02\/cropped-logo-png-para-blog.webp","contentUrl":"https:\/\/garageblogec.com\/wp-content\/uploads\/2024\/02\/cropped-logo-png-para-blog.webp","width":840,"height":556,"caption":"Garage Blog Ecuador "},"image":{"@id":"https:\/\/garageblogec.com\/#\/schema\/logo\/image\/"}},{"@type":"Person","@id":"https:\/\/garageblogec.com\/#\/schema\/person\/9e42946a1c059998e1dcd2e9c0b14f7b","name":"admin","image":{"@type":"ImageObject","inLanguage":"es","@id":"https:\/\/secure.gravatar.com\/avatar\/3612d5dfd364004c4d91ec427ebfe980a13c66be055df17156d99287f7c39228?s=96&d=mm&r=g","url":"https:\/\/secure.gravatar.com\/avatar\/3612d5dfd364004c4d91ec427ebfe980a13c66be055df17156d99287f7c39228?s=96&d=mm&r=g","contentUrl":"https:\/\/secure.gravatar.com\/avatar\/3612d5dfd364004c4d91ec427ebfe980a13c66be055df17156d99287f7c39228?s=96&d=mm&r=g","caption":"admin"},"sameAs":["https:\/\/garageblogec.com"],"url":"https:\/\/garageblogec.com\/?author=1"}]}},"jetpack_featured_media_url":"https:\/\/garageblogec.com\/wp-content\/uploads\/2024\/04\/Kia-EC-incrementa-Electrolineras.png","jetpack_sharing_enabled":true,"_links":{"self":[{"href":"https:\/\/garageblogec.com\/index.php?rest_route=\/wp\/v2\/posts\/535","targetHints":{"allow":["GET"]}}],"collection":[{"href":"https:\/\/garageblogec.com\/index.php?rest_route=\/wp\/v2\/posts"}],"about":[{"href":"https:\/\/garageblogec.com\/index.php?rest_route=\/wp\/v2\/types\/post"}],"author":[{"embeddable":true,"href":"https:\/\/garageblogec.com\/index.php?rest_route=\/wp\/v2\/users\/1"}],"replies":[{"embeddable":true,"href":"https:\/\/garageblogec.com\/index.php?rest_route=%2Fwp%2Fv2%2Fcomments&post=535"}],"version-history":[{"count":1,"href":"https:\/\/garageblogec.com\/index.php?rest_route=\/wp\/v2\/posts\/535\/revisions"}],"predecessor-version":[{"id":540,"href":"https:\/\/garageblogec.com\/index.php?rest_route=\/wp\/v2\/posts\/535\/revisions\/540"}],"wp:featuredmedia":[{"embeddable":true,"href":"https:\/\/garageblogec.com\/index.php?rest_route=\/wp\/v2\/media\/537"}],"wp:attachment":[{"href":"https:\/\/garageblogec.com\/index.php?rest_route=%2Fwp%2Fv2%2Fmedia&parent=535"}],"wp:term":[{"taxonomy":"category","embeddable":true,"href":"https:\/\/garageblogec.com\/index.php?rest_route=%2Fwp%2Fv2%2Fcategories&post=535"},{"taxonomy":"post_tag","embeddable":true,"href":"https:\/\/garageblogec.com\/index.php?rest_route=%2Fwp%2Fv2%2Ftags&post=535"}],"curies":[{"name":"wp","href":"https:\/\/api.w.org\/{rel}","templated":true}]}}