{"id":327,"date":"2024-03-08T02:58:01","date_gmt":"2024-03-08T02:58:01","guid":{"rendered":"https:\/\/garageblogec.com\/?p=327"},"modified":"2024-03-08T02:58:08","modified_gmt":"2024-03-08T02:58:08","slug":"conecta-tu-futuro-el-nuevo-proyecto-de-gm-en-ecuador","status":"publish","type":"post","link":"https:\/\/garageblogec.com\/?p=327","title":{"rendered":"Conecta Tu Futuro: El nuevo proyecto de GM en Ecuador"},"content":{"rendered":"\n<p>Como parte de su compromiso con el desarrollo del pa\u00eds y las comunidades donde opera, General Motors del Ecuador y su marca Chevrolet present\u00f3 el programa \u201cConecta tu Futuro\u201d, una iniciativa regional que se ejecutar\u00e1 en Ecuador, Colombia y Brasil, para formar a j\u00f3venes estudiantes en diferentes tem\u00e1ticas de <a href=\"https:\/\/youtu.be\/E4BS0Hp-U3w\">electromovilidad<\/a>.<\/p>\n\n\n\n<p>El programa se ejecuta en alianza con entidades t\u00e9cnicas y organizaciones no gubernamentales como Fundaci\u00f3n de las Am\u00e9ricas (Fudela), el Instituto Superior Tecnol\u00f3gico Tecnoecuatoriano, Plan Internacional, y las compa\u00f1\u00edas de desarrollo de infraestructura de carga para veh\u00edculos el\u00e9ctricos Legus, Condor Energy y Enel. Este programa tambi\u00e9n cuenta con el apoyo de la Fundaci\u00f3n Conrad N. Hilton y la Organizaci\u00f3n Internacional de Migraciones (OIM).<\/p>\n\n\n\n<figure class=\"wp-block-image size-large\"><img fetchpriority=\"high\" decoding=\"async\" width=\"1024\" height=\"683\" src=\"https:\/\/garageblogec.com\/wp-content\/uploads\/2024\/03\/DSC06462-1024x683.jpg\" alt=\"\" class=\"wp-image-330\" srcset=\"https:\/\/garageblogec.com\/wp-content\/uploads\/2024\/03\/DSC06462-1024x683.jpg 1024w, https:\/\/garageblogec.com\/wp-content\/uploads\/2024\/03\/DSC06462-300x200.jpg 300w, https:\/\/garageblogec.com\/wp-content\/uploads\/2024\/03\/DSC06462-768x512.jpg 768w, https:\/\/garageblogec.com\/wp-content\/uploads\/2024\/03\/DSC06462-1536x1024.jpg 1536w, https:\/\/garageblogec.com\/wp-content\/uploads\/2024\/03\/DSC06462-2048x1365.jpg 2048w, https:\/\/garageblogec.com\/wp-content\/uploads\/2024\/03\/DSC06462-1320x880.jpg 1320w, https:\/\/garageblogec.com\/wp-content\/uploads\/2024\/03\/DSC06462-600x400.jpg 600w\" sizes=\"(max-width: 1024px) 100vw, 1024px\" \/><\/figure>\n\n\n\n<p>El pensum acad\u00e9mico del programa comprende tres fases de estudio; inicia con una formaci\u00f3n t\u00e9cnica vinculada a la instalaci\u00f3n y mantenimiento de cargadores para veh\u00edculos el\u00e9ctricos, como parte del esfuerzo para promover el desarrollo de la movilidad sostenible. Tambi\u00e9n considera el fortalecimiento de habilidades blandas y oportunidades para la empleabilidad de los estudiantes como preparaci\u00f3n para entrevistas, trabajo en equipo, capacidades para hablar en p\u00fablico, plan de vida, entre otros. Incluye adem\u00e1s visitas de formaci\u00f3n pr\u00e1ctica a las instalaciones de General Motors y sus concesionarios Chevrolet. Automotores Continental es el primer concesionario en formar parte de este programa.<\/p>\n\n\n\n<p>Para Renato Silva, director comercial de General Motors Ecuador, \u201cConecta tu futuro\u201d es una oportunidad para mejorar la calidad educativa del Ecuador y la regi\u00f3n.&nbsp;<em>\u201cEsta iniciativa brindar\u00e1 conocimientos integrales sobre movilidad sostenible y preparar\u00e1 a los estudiantes para el futuro de la industria automotriz, contribuyendo en la productividad y din\u00e1mica econ\u00f3mica del Ecuador\u201d.<\/em><\/p>\n\n\n\n<p>Cada estudiante recibir\u00e1 una formaci\u00f3n de seis meses a trav\u00e9s de nueve m\u00f3dulos, para potenciar sus habilidades t\u00e9cnicas y generar un mayor desenvolvimiento en cada \u00e1rea de capacitaci\u00f3n para que puedan integrarse con mayor facilidad a un mercado laboral m\u00e1s competitivo.<\/p>\n\n\n\n<p>Durante el encuentro de presentaci\u00f3n, Ver\u00f3nica Escobar, presidenta de Fudela, precis\u00f3 que el programa incluye a j\u00f3venes de minor\u00edas, en situaci\u00f3n de movilidad humana, as\u00ed como mujeres. El objetivo es abrir m\u00e1s puertas al talento femenino en un momento de evoluci\u00f3n del sector automotriz, como lo es la electrificaci\u00f3n. Escobar a\u00f1adi\u00f3 que los estudiantes cuentan con la gu\u00eda y apoyo de tutores permanente.<\/p>\n\n\n\n<p>La primera edici\u00f3n del programa \u201cConecta tu futuro\u201d en Ecuador cuenta con una inversi\u00f3n inicial de alrededor de $60 mil que incluye la participaci\u00f3n, cooperaci\u00f3n local y global de la marca, as\u00ed como la de sus aliados estrat\u00e9gicos para el otorgamiento de 30 becas de estudio.<\/p>\n\n\n\n<p>Con esta iniciativa de impacto social, General Motors fortalece su compromiso con el desarrollo de las nuevas generaciones de nuestro pa\u00eds y ratifica su aporte con el crecimiento de la industria automotriz.<\/p>\n","protected":false},"excerpt":{"rendered":"<p>La iniciativa de General Motors Sudam\u00e9rica aporta a la formaci\u00f3n tecnol\u00f3gica vinculada a la movilidad el\u00e9ctrica mediante capacitaci\u00f3n t\u00e9cnica y desarrollo de habilidades blandas.<\/p>\n","protected":false},"author":6,"featured_media":328,"comment_status":"open","ping_status":"open","sticky":false,"template":"","format":"standard","meta":{"_jetpack_memberships_contains_paid_content":false,"footnotes":""},"categories":[27],"tags":[28,29,30],"class_list":["post-327","post","type-post","status-publish","format-standard","has-post-thumbnail","hentry","category-industria-nacional","tag-chevrolet","tag-conecta-tu-futuro","tag-ecuador"],"yoast_head":"<!-- This site is optimized with the Yoast SEO plugin v27.4 - https:\/\/yoast.com\/product\/yoast-seo-wordpress\/ -->\n<title>Conecta Tu Futuro: El nuevo proyecto de GM en Ecuador - Garage Blog Ecuador<\/title>\n<meta name=\"description\" content=\"Como parte de su compromiso con el desarrollo del pa\u00eds y las comunidades donde opera, General Motors del Ecuador y su marca Chevrolet present\u00f3 el programa \u201cConecta tu Futuro\u201d\" \/>\n<meta name=\"robots\" content=\"index, follow, max-snippet:-1, max-image-preview:large, max-video-preview:-1\" \/>\n<link rel=\"canonical\" href=\"https:\/\/garageblogec.com\/?p=327\" \/>\n<meta property=\"og:locale\" content=\"es_ES\" \/>\n<meta property=\"og:type\" content=\"article\" \/>\n<meta property=\"og:title\" content=\"Conecta Tu Futuro: El nuevo proyecto de GM en Ecuador - Garage Blog Ecuador\" \/>\n<meta property=\"og:description\" content=\"Como parte de su compromiso con el desarrollo del pa\u00eds y las comunidades donde opera, General Motors del Ecuador y su marca Chevrolet present\u00f3 el programa \u201cConecta tu Futuro\u201d\" \/>\n<meta property=\"og:url\" content=\"https:\/\/garageblogec.com\/?p=327\" \/>\n<meta property=\"og:site_name\" content=\"Garage Blog Ecuador\" \/>\n<meta property=\"article:published_time\" content=\"2024-03-08T02:58:01+00:00\" \/>\n<meta property=\"article:modified_time\" content=\"2024-03-08T02:58:08+00:00\" \/>\n<meta property=\"og:image\" content=\"https:\/\/garageblogec.com\/wp-content\/uploads\/2024\/03\/IMG_1082-scaled.jpg\" \/>\n\t<meta property=\"og:image:width\" content=\"2560\" \/>\n\t<meta property=\"og:image:height\" content=\"1460\" \/>\n\t<meta property=\"og:image:type\" content=\"image\/jpeg\" \/>\n<meta name=\"author\" content=\"gabi1212\" \/>\n<meta name=\"twitter:card\" content=\"summary_large_image\" \/>\n<meta name=\"twitter:label1\" content=\"Escrito por\" \/>\n\t<meta name=\"twitter:data1\" content=\"gabi1212\" \/>\n\t<meta name=\"twitter:label2\" content=\"Tiempo de lectura\" \/>\n\t<meta name=\"twitter:data2\" content=\"3 minutos\" \/>\n<script type=\"application\/ld+json\" class=\"yoast-schema-graph\">{\"@context\":\"https:\\\/\\\/schema.org\",\"@graph\":[{\"@type\":\"Article\",\"@id\":\"https:\\\/\\\/garageblogec.com\\\/?p=327#article\",\"isPartOf\":{\"@id\":\"https:\\\/\\\/garageblogec.com\\\/?p=327\"},\"author\":{\"name\":\"gabi1212\",\"@id\":\"https:\\\/\\\/garageblogec.com\\\/#\\\/schema\\\/person\\\/635f4b76c0cb3e43b82fe6f7d8bcceea\"},\"headline\":\"Conecta Tu Futuro: El nuevo proyecto de GM en Ecuador\",\"datePublished\":\"2024-03-08T02:58:01+00:00\",\"dateModified\":\"2024-03-08T02:58:08+00:00\",\"mainEntityOfPage\":{\"@id\":\"https:\\\/\\\/garageblogec.com\\\/?p=327\"},\"wordCount\":506,\"commentCount\":0,\"publisher\":{\"@id\":\"https:\\\/\\\/garageblogec.com\\\/#organization\"},\"image\":{\"@id\":\"https:\\\/\\\/garageblogec.com\\\/?p=327#primaryimage\"},\"thumbnailUrl\":\"https:\\\/\\\/garageblogec.com\\\/wp-content\\\/uploads\\\/2024\\\/03\\\/IMG_1082-scaled.jpg\",\"keywords\":[\"Chevrolet\",\"Conecta tu futuro\",\"Ecuador\"],\"articleSection\":[\"Industria Nacional\"],\"inLanguage\":\"es\",\"potentialAction\":[{\"@type\":\"CommentAction\",\"name\":\"Comment\",\"target\":[\"https:\\\/\\\/garageblogec.com\\\/?p=327#respond\"]}]},{\"@type\":\"WebPage\",\"@id\":\"https:\\\/\\\/garageblogec.com\\\/?p=327\",\"url\":\"https:\\\/\\\/garageblogec.com\\\/?p=327\",\"name\":\"Conecta Tu Futuro: El nuevo proyecto de GM en Ecuador - Garage Blog Ecuador\",\"isPartOf\":{\"@id\":\"https:\\\/\\\/garageblogec.com\\\/#website\"},\"primaryImageOfPage\":{\"@id\":\"https:\\\/\\\/garageblogec.com\\\/?p=327#primaryimage\"},\"image\":{\"@id\":\"https:\\\/\\\/garageblogec.com\\\/?p=327#primaryimage\"},\"thumbnailUrl\":\"https:\\\/\\\/garageblogec.com\\\/wp-content\\\/uploads\\\/2024\\\/03\\\/IMG_1082-scaled.jpg\",\"datePublished\":\"2024-03-08T02:58:01+00:00\",\"dateModified\":\"2024-03-08T02:58:08+00:00\",\"description\":\"Como parte de su compromiso con el desarrollo del pa\u00eds y las comunidades donde opera, General Motors del Ecuador y su marca Chevrolet present\u00f3 el programa \u201cConecta tu Futuro\u201d\",\"breadcrumb\":{\"@id\":\"https:\\\/\\\/garageblogec.com\\\/?p=327#breadcrumb\"},\"inLanguage\":\"es\",\"potentialAction\":[{\"@type\":\"ReadAction\",\"target\":[\"https:\\\/\\\/garageblogec.com\\\/?p=327\"]}]},{\"@type\":\"ImageObject\",\"inLanguage\":\"es\",\"@id\":\"https:\\\/\\\/garageblogec.com\\\/?p=327#primaryimage\",\"url\":\"https:\\\/\\\/garageblogec.com\\\/wp-content\\\/uploads\\\/2024\\\/03\\\/IMG_1082-scaled.jpg\",\"contentUrl\":\"https:\\\/\\\/garageblogec.com\\\/wp-content\\\/uploads\\\/2024\\\/03\\\/IMG_1082-scaled.jpg\",\"width\":2560,\"height\":1460},{\"@type\":\"BreadcrumbList\",\"@id\":\"https:\\\/\\\/garageblogec.com\\\/?p=327#breadcrumb\",\"itemListElement\":[{\"@type\":\"ListItem\",\"position\":1,\"name\":\"Portada\",\"item\":\"https:\\\/\\\/garageblogec.com\\\/\"},{\"@type\":\"ListItem\",\"position\":2,\"name\":\"Conecta Tu Futuro: El nuevo proyecto de GM en Ecuador\"}]},{\"@type\":\"WebSite\",\"@id\":\"https:\\\/\\\/garageblogec.com\\\/#website\",\"url\":\"https:\\\/\\\/garageblogec.com\\\/\",\"name\":\"Garage Blog Ecuador\",\"description\":\"Alucinamos por los autos \",\"publisher\":{\"@id\":\"https:\\\/\\\/garageblogec.com\\\/#organization\"},\"potentialAction\":[{\"@type\":\"SearchAction\",\"target\":{\"@type\":\"EntryPoint\",\"urlTemplate\":\"https:\\\/\\\/garageblogec.com\\\/?s={search_term_string}\"},\"query-input\":{\"@type\":\"PropertyValueSpecification\",\"valueRequired\":true,\"valueName\":\"search_term_string\"}}],\"inLanguage\":\"es\"},{\"@type\":\"Organization\",\"@id\":\"https:\\\/\\\/garageblogec.com\\\/#organization\",\"name\":\"Garage Blog Ecuador\",\"url\":\"https:\\\/\\\/garageblogec.com\\\/\",\"logo\":{\"@type\":\"ImageObject\",\"inLanguage\":\"es\",\"@id\":\"https:\\\/\\\/garageblogec.com\\\/#\\\/schema\\\/logo\\\/image\\\/\",\"url\":\"https:\\\/\\\/garageblogec.com\\\/wp-content\\\/uploads\\\/2024\\\/02\\\/cropped-logo-png-para-blog.webp\",\"contentUrl\":\"https:\\\/\\\/garageblogec.com\\\/wp-content\\\/uploads\\\/2024\\\/02\\\/cropped-logo-png-para-blog.webp\",\"width\":840,\"height\":556,\"caption\":\"Garage Blog Ecuador \"},\"image\":{\"@id\":\"https:\\\/\\\/garageblogec.com\\\/#\\\/schema\\\/logo\\\/image\\\/\"}},{\"@type\":\"Person\",\"@id\":\"https:\\\/\\\/garageblogec.com\\\/#\\\/schema\\\/person\\\/635f4b76c0cb3e43b82fe6f7d8bcceea\",\"name\":\"gabi1212\",\"image\":{\"@type\":\"ImageObject\",\"inLanguage\":\"es\",\"@id\":\"https:\\\/\\\/secure.gravatar.com\\\/avatar\\\/6aa491f45cb359d4d6dd8c430e83f78899c80569c27d21156e19bbdcd31d1811?s=96&d=mm&r=g\",\"url\":\"https:\\\/\\\/secure.gravatar.com\\\/avatar\\\/6aa491f45cb359d4d6dd8c430e83f78899c80569c27d21156e19bbdcd31d1811?s=96&d=mm&r=g\",\"contentUrl\":\"https:\\\/\\\/secure.gravatar.com\\\/avatar\\\/6aa491f45cb359d4d6dd8c430e83f78899c80569c27d21156e19bbdcd31d1811?s=96&d=mm&r=g\",\"caption\":\"gabi1212\"},\"url\":\"https:\\\/\\\/garageblogec.com\\\/?author=6\"}]}<\/script>\n<!-- \/ Yoast SEO plugin. -->","yoast_head_json":{"title":"Conecta Tu Futuro: El nuevo proyecto de GM en Ecuador - Garage Blog Ecuador","description":"Como parte de su compromiso con el desarrollo del pa\u00eds y las comunidades donde opera, General Motors del Ecuador y su marca Chevrolet present\u00f3 el programa \u201cConecta tu Futuro\u201d","robots":{"index":"index","follow":"follow","max-snippet":"max-snippet:-1","max-image-preview":"max-image-preview:large","max-video-preview":"max-video-preview:-1"},"canonical":"https:\/\/garageblogec.com\/?p=327","og_locale":"es_ES","og_type":"article","og_title":"Conecta Tu Futuro: El nuevo proyecto de GM en Ecuador - Garage Blog Ecuador","og_description":"Como parte de su compromiso con el desarrollo del pa\u00eds y las comunidades donde opera, General Motors del Ecuador y su marca Chevrolet present\u00f3 el programa \u201cConecta tu Futuro\u201d","og_url":"https:\/\/garageblogec.com\/?p=327","og_site_name":"Garage Blog Ecuador","article_published_time":"2024-03-08T02:58:01+00:00","article_modified_time":"2024-03-08T02:58:08+00:00","og_image":[{"width":2560,"height":1460,"url":"https:\/\/garageblogec.com\/wp-content\/uploads\/2024\/03\/IMG_1082-scaled.jpg","type":"image\/jpeg"}],"author":"gabi1212","twitter_card":"summary_large_image","twitter_misc":{"Escrito por":"gabi1212","Tiempo de lectura":"3 minutos"},"schema":{"@context":"https:\/\/schema.org","@graph":[{"@type":"Article","@id":"https:\/\/garageblogec.com\/?p=327#article","isPartOf":{"@id":"https:\/\/garageblogec.com\/?p=327"},"author":{"name":"gabi1212","@id":"https:\/\/garageblogec.com\/#\/schema\/person\/635f4b76c0cb3e43b82fe6f7d8bcceea"},"headline":"Conecta Tu Futuro: El nuevo proyecto de GM en Ecuador","datePublished":"2024-03-08T02:58:01+00:00","dateModified":"2024-03-08T02:58:08+00:00","mainEntityOfPage":{"@id":"https:\/\/garageblogec.com\/?p=327"},"wordCount":506,"commentCount":0,"publisher":{"@id":"https:\/\/garageblogec.com\/#organization"},"image":{"@id":"https:\/\/garageblogec.com\/?p=327#primaryimage"},"thumbnailUrl":"https:\/\/garageblogec.com\/wp-content\/uploads\/2024\/03\/IMG_1082-scaled.jpg","keywords":["Chevrolet","Conecta tu futuro","Ecuador"],"articleSection":["Industria Nacional"],"inLanguage":"es","potentialAction":[{"@type":"CommentAction","name":"Comment","target":["https:\/\/garageblogec.com\/?p=327#respond"]}]},{"@type":"WebPage","@id":"https:\/\/garageblogec.com\/?p=327","url":"https:\/\/garageblogec.com\/?p=327","name":"Conecta Tu Futuro: El nuevo proyecto de GM en Ecuador - Garage Blog Ecuador","isPartOf":{"@id":"https:\/\/garageblogec.com\/#website"},"primaryImageOfPage":{"@id":"https:\/\/garageblogec.com\/?p=327#primaryimage"},"image":{"@id":"https:\/\/garageblogec.com\/?p=327#primaryimage"},"thumbnailUrl":"https:\/\/garageblogec.com\/wp-content\/uploads\/2024\/03\/IMG_1082-scaled.jpg","datePublished":"2024-03-08T02:58:01+00:00","dateModified":"2024-03-08T02:58:08+00:00","description":"Como parte de su compromiso con el desarrollo del pa\u00eds y las comunidades donde opera, General Motors del Ecuador y su marca Chevrolet present\u00f3 el programa \u201cConecta tu Futuro\u201d","breadcrumb":{"@id":"https:\/\/garageblogec.com\/?p=327#breadcrumb"},"inLanguage":"es","potentialAction":[{"@type":"ReadAction","target":["https:\/\/garageblogec.com\/?p=327"]}]},{"@type":"ImageObject","inLanguage":"es","@id":"https:\/\/garageblogec.com\/?p=327#primaryimage","url":"https:\/\/garageblogec.com\/wp-content\/uploads\/2024\/03\/IMG_1082-scaled.jpg","contentUrl":"https:\/\/garageblogec.com\/wp-content\/uploads\/2024\/03\/IMG_1082-scaled.jpg","width":2560,"height":1460},{"@type":"BreadcrumbList","@id":"https:\/\/garageblogec.com\/?p=327#breadcrumb","itemListElement":[{"@type":"ListItem","position":1,"name":"Portada","item":"https:\/\/garageblogec.com\/"},{"@type":"ListItem","position":2,"name":"Conecta Tu Futuro: El nuevo proyecto de GM en Ecuador"}]},{"@type":"WebSite","@id":"https:\/\/garageblogec.com\/#website","url":"https:\/\/garageblogec.com\/","name":"Garage Blog Ecuador","description":"Alucinamos por los autos ","publisher":{"@id":"https:\/\/garageblogec.com\/#organization"},"potentialAction":[{"@type":"SearchAction","target":{"@type":"EntryPoint","urlTemplate":"https:\/\/garageblogec.com\/?s={search_term_string}"},"query-input":{"@type":"PropertyValueSpecification","valueRequired":true,"valueName":"search_term_string"}}],"inLanguage":"es"},{"@type":"Organization","@id":"https:\/\/garageblogec.com\/#organization","name":"Garage Blog Ecuador","url":"https:\/\/garageblogec.com\/","logo":{"@type":"ImageObject","inLanguage":"es","@id":"https:\/\/garageblogec.com\/#\/schema\/logo\/image\/","url":"https:\/\/garageblogec.com\/wp-content\/uploads\/2024\/02\/cropped-logo-png-para-blog.webp","contentUrl":"https:\/\/garageblogec.com\/wp-content\/uploads\/2024\/02\/cropped-logo-png-para-blog.webp","width":840,"height":556,"caption":"Garage Blog Ecuador "},"image":{"@id":"https:\/\/garageblogec.com\/#\/schema\/logo\/image\/"}},{"@type":"Person","@id":"https:\/\/garageblogec.com\/#\/schema\/person\/635f4b76c0cb3e43b82fe6f7d8bcceea","name":"gabi1212","image":{"@type":"ImageObject","inLanguage":"es","@id":"https:\/\/secure.gravatar.com\/avatar\/6aa491f45cb359d4d6dd8c430e83f78899c80569c27d21156e19bbdcd31d1811?s=96&d=mm&r=g","url":"https:\/\/secure.gravatar.com\/avatar\/6aa491f45cb359d4d6dd8c430e83f78899c80569c27d21156e19bbdcd31d1811?s=96&d=mm&r=g","contentUrl":"https:\/\/secure.gravatar.com\/avatar\/6aa491f45cb359d4d6dd8c430e83f78899c80569c27d21156e19bbdcd31d1811?s=96&d=mm&r=g","caption":"gabi1212"},"url":"https:\/\/garageblogec.com\/?author=6"}]}},"jetpack_featured_media_url":"https:\/\/garageblogec.com\/wp-content\/uploads\/2024\/03\/IMG_1082-scaled.jpg","jetpack_sharing_enabled":true,"_links":{"self":[{"href":"https:\/\/garageblogec.com\/index.php?rest_route=\/wp\/v2\/posts\/327","targetHints":{"allow":["GET"]}}],"collection":[{"href":"https:\/\/garageblogec.com\/index.php?rest_route=\/wp\/v2\/posts"}],"about":[{"href":"https:\/\/garageblogec.com\/index.php?rest_route=\/wp\/v2\/types\/post"}],"author":[{"embeddable":true,"href":"https:\/\/garageblogec.com\/index.php?rest_route=\/wp\/v2\/users\/6"}],"replies":[{"embeddable":true,"href":"https:\/\/garageblogec.com\/index.php?rest_route=%2Fwp%2Fv2%2Fcomments&post=327"}],"version-history":[{"count":1,"href":"https:\/\/garageblogec.com\/index.php?rest_route=\/wp\/v2\/posts\/327\/revisions"}],"predecessor-version":[{"id":331,"href":"https:\/\/garageblogec.com\/index.php?rest_route=\/wp\/v2\/posts\/327\/revisions\/331"}],"wp:featuredmedia":[{"embeddable":true,"href":"https:\/\/garageblogec.com\/index.php?rest_route=\/wp\/v2\/media\/328"}],"wp:attachment":[{"href":"https:\/\/garageblogec.com\/index.php?rest_route=%2Fwp%2Fv2%2Fmedia&parent=327"}],"wp:term":[{"taxonomy":"category","embeddable":true,"href":"https:\/\/garageblogec.com\/index.php?rest_route=%2Fwp%2Fv2%2Fcategories&post=327"},{"taxonomy":"post_tag","embeddable":true,"href":"https:\/\/garageblogec.com\/index.php?rest_route=%2Fwp%2Fv2%2Ftags&post=327"}],"curies":[{"name":"wp","href":"https:\/\/api.w.org\/{rel}","templated":true}]}}