{"id":3242,"date":"2026-03-25T17:23:59","date_gmt":"2026-03-25T17:23:59","guid":{"rendered":"https:\/\/garageblogec.com\/?p=3242"},"modified":"2026-03-25T17:24:06","modified_gmt":"2026-03-25T17:24:06","slug":"chevrolet-tracker-ltz-el-suv-tecnologico-que-se-renueva","status":"publish","type":"post","link":"https:\/\/garageblogec.com\/?p=3242","title":{"rendered":"Chevrolet Tracker LTZ: el SUV tecnol\u00f3gico que se renueva"},"content":{"rendered":"\n<p>Como parte de su ciclo de renovaci\u00f3n del portafolio, Chevrolet anunci\u00f3 la llegada al mercado ecuatoriano de la nueva Tracker LTZ, una versi\u00f3n que evoluciona donde realmente importa: seguridad, tecnolog\u00eda, conectividad y confort. Este SUV equipa el reconocido motor 1.2L Turbo que ofrece un equilibrio ideal entre desempe\u00f1o, eficiencia y agilidad para la movilidad diaria.<\/p>\n\n\n\n<figure class=\"wp-block-image size-large\"><img fetchpriority=\"high\" decoding=\"async\" width=\"1024\" height=\"682\" src=\"https:\/\/garageblogec.com\/wp-content\/uploads\/2026\/03\/WhatsApp-Image-2026-03-25-at-11.08.45-AM-1024x682.jpeg\" alt=\"\" class=\"wp-image-3244\" srcset=\"https:\/\/garageblogec.com\/wp-content\/uploads\/2026\/03\/WhatsApp-Image-2026-03-25-at-11.08.45-AM-1024x682.jpeg 1024w, https:\/\/garageblogec.com\/wp-content\/uploads\/2026\/03\/WhatsApp-Image-2026-03-25-at-11.08.45-AM-300x200.jpeg 300w, https:\/\/garageblogec.com\/wp-content\/uploads\/2026\/03\/WhatsApp-Image-2026-03-25-at-11.08.45-AM-768x512.jpeg 768w, https:\/\/garageblogec.com\/wp-content\/uploads\/2026\/03\/WhatsApp-Image-2026-03-25-at-11.08.45-AM-1536x1023.jpeg 1536w, https:\/\/garageblogec.com\/wp-content\/uploads\/2026\/03\/WhatsApp-Image-2026-03-25-at-11.08.45-AM-1320x879.jpeg 1320w, https:\/\/garageblogec.com\/wp-content\/uploads\/2026\/03\/WhatsApp-Image-2026-03-25-at-11.08.45-AM.jpeg 1600w\" sizes=\"(max-width: 1024px) 100vw, 1024px\" \/><\/figure>\n\n\n\n<p><em>\u201cLa nueva Tracker LTZ es la evoluci\u00f3n de un SUV pensado para acompa\u00f1ar el ritmo de todos los d\u00edas, combinando confort, tecnolog\u00eda y seguridad. Estamos seguros de que, gracias a sus innovaciones, continuar\u00e1 siendo un referente en su segmento y acompa\u00f1ar\u00e1 a miles de familias ecuatorianas\u201d<\/em>, se\u00f1al\u00f3 Juan Fernando Mu\u00f1oz, Gerente de Producto de Chevrolet.<\/p>\n\n\n\n<figure class=\"wp-block-image size-full\"><img decoding=\"async\" src=\"https:\/\/garageblogec.com\/wp-content\/uploads\/2026\/03\/26CHTR45009.jpg\" alt=\"\" class=\"wp-image-3243\"\/><\/figure>\n\n\n\n<p><strong>Desempe\u00f1o que responde<\/strong><\/p>\n\n\n\n<p>La nueva Tracker LTZ ofrece un balance entre potencia y eficiencia. Su motor 1.2L Turbo eroga 130 caballos de potencia y 190 Nm de torque, entrega respuestas \u00e1giles y un desempe\u00f1o eficiente, que lo convierten en un modelo ideal tanto para la ciudad como para trayectos fuera de ella.<\/p>\n\n\n\n<p>Su transmisi\u00f3n autom\u00e1tica de 6 velocidades y direcci\u00f3n el\u00e9ctrica progresiva permiten cambios suaves y una conducci\u00f3n m\u00e1s estable y confortable, optimizando la experiencia al volante.<\/p>\n\n\n\n<p><strong>Un SUV sofisticado por fuera y por dentro<\/strong><\/p>\n\n\n\n<p>Las principales innovaciones de la nueva Tracker LTZ 2026 se aprecian tanto en el exterior como en su dise\u00f1o exterior. En su dise\u00f1o moderno y robusto destaca su nueva identidad frontal con luces en dos niveles, una nueva parrilla frontal trapezoidal, faros delanteros y direccionales LED, luces diurnas autom\u00e1ticas (DRL), adem\u00e1s de nuevos rines de aluminio de 17 pulgadas con dise\u00f1o exclusivo, que refuerzan su presencia y car\u00e1cter urbano.<\/p>\n\n\n\n<figure class=\"wp-block-image size-large\"><img decoding=\"async\" width=\"1024\" height=\"683\" src=\"https:\/\/garageblogec.com\/wp-content\/uploads\/2026\/03\/26CHTR45007-1024x683.jpg\" alt=\"\" class=\"wp-image-3247\" srcset=\"https:\/\/garageblogec.com\/wp-content\/uploads\/2026\/03\/26CHTR45007-1024x683.jpg 1024w, https:\/\/garageblogec.com\/wp-content\/uploads\/2026\/03\/26CHTR45007-300x200.jpg 300w, https:\/\/garageblogec.com\/wp-content\/uploads\/2026\/03\/26CHTR45007-768x512.jpg 768w, https:\/\/garageblogec.com\/wp-content\/uploads\/2026\/03\/26CHTR45007-1536x1024.jpg 1536w, https:\/\/garageblogec.com\/wp-content\/uploads\/2026\/03\/26CHTR45007-2048x1365.jpg 2048w, https:\/\/garageblogec.com\/wp-content\/uploads\/2026\/03\/26CHTR45007-1320x880.jpg 1320w\" sizes=\"(max-width: 1024px) 100vw, 1024px\" \/><\/figure>\n\n\n\n<p>En su interior, el veh\u00edculo ofrece un ambiente moderno y funcional m\u00e1s sofisticado, con volante de estilo deportivo, asientos con espumas de distintas densidades recubierto en ecocuero, superficies acolchadas y materiales agradables al tacto para maximizar la comodidad de sus ocupantes.<\/p>\n\n\n\n<p>En cuanto a sus dimensiones, la Tracker presenta 4,27 metros de largo, 1,79 metros de ancho sin espejos (2,05 metros con espejos) y 1,62 metros de altura, proporciones que ofrecen un equilibrio ideal entre estabilidad, espacio interior y maniobrabilidad, en este modelo ideal para cinco ocupantes.<\/p>\n\n\n\n<p><strong>Tecnolog\u00eda y conectividad inteligente<\/strong><\/p>\n\n\n\n<p>La nueva Tracker LTZ incorpora un cockpit digital integrado, conformado por una pantalla t\u00e1ctil Chevrolet MyLink de 11 pulgadas y un cl\u00faster digital de informaci\u00f3n de 8 pulgadas, que ofrecen una experiencia tecnol\u00f3gica m\u00e1s intuitiva y moderna.<\/p>\n\n\n\n<p>El sistema incluye conectividad a Android Auto y Apple CarPlay inal\u00e1mbricos, funcionalidades y comandos remotos a trav\u00e9s de MyChevrolet App, adem\u00e1s de Wi-Fi nativo con capacidad para conectar hasta siete dispositivos simult\u00e1neamente, facilitando la conectividad dentro del veh\u00edculo.<\/p>\n\n\n\n<figure class=\"wp-block-image size-large\"><img decoding=\"async\" width=\"1024\" height=\"654\" src=\"https:\/\/garageblogec.com\/wp-content\/uploads\/2026\/03\/26CHTR45008-1024x654.jpg\" alt=\"\" class=\"wp-image-3246\" srcset=\"https:\/\/garageblogec.com\/wp-content\/uploads\/2026\/03\/26CHTR45008-1024x654.jpg 1024w, https:\/\/garageblogec.com\/wp-content\/uploads\/2026\/03\/26CHTR45008-300x192.jpg 300w, https:\/\/garageblogec.com\/wp-content\/uploads\/2026\/03\/26CHTR45008-768x490.jpg 768w, https:\/\/garageblogec.com\/wp-content\/uploads\/2026\/03\/26CHTR45008-1536x981.jpg 1536w, https:\/\/garageblogec.com\/wp-content\/uploads\/2026\/03\/26CHTR45008-2048x1307.jpg 2048w, https:\/\/garageblogec.com\/wp-content\/uploads\/2026\/03\/26CHTR45008-1320x843.jpg 1320w\" sizes=\"(max-width: 1024px) 100vw, 1024px\" \/><\/figure>\n\n\n\n<p>Tambi\u00e9n integra OnStar, el sistema exclusivo de Chevrolet que brinda servicios de seguridad y conectividad avanzada como asistencia en ruta, respuesta autom\u00e1tica ante colisiones, recuperaci\u00f3n vehicular en caso de robo, acompa\u00f1amiento seguro, entre otros servicios que elevan la experiencia de conducci\u00f3n a bordo.<\/p>\n\n\n\n<p><strong>Seguridad Inteligente<\/strong><\/p>\n\n\n\n<p>A bordo de la Chevrolet Tracker LTZ 2026, manejar no solo es m\u00e1s confortable sino tambi\u00e9n m\u00e1s seguro. Su tecnolog\u00eda act\u00faa para evitar riesgos en cualquier situaci\u00f3n. Cuenta con 6 airbags e integra el sistema Chevrolet Intelligent Driving, que incluye asistencias avanzadas como: &nbsp;<\/p>\n\n\n\n<ul class=\"wp-block-list\">\n<li>Frenado autom\u00e1tico de emergencia (AEB)<\/li>\n\n\n\n<li>Alerta de colisi\u00f3n frontal con asistente de frenado<\/li>\n\n\n\n<li>Frenos ABS con distribuci\u00f3n electr\u00f3nica de frenado (EBD)<\/li>\n\n\n\n<li>Control de tracci\u00f3n<\/li>\n\n\n\n<li>Asistente de arranque en pendiente<\/li>\n\n\n\n<li>Asistente de frenado inteligente (HBA)<\/li>\n\n\n\n<li>Detecci\u00f3n de obst\u00e1culos y peatones delanteros y posteriores<\/li>\n\n\n\n<li>Sensor de seguimiento de distancia frontal<\/li>\n\n\n\n<li>Alerta de punto ciego en espejos<\/li>\n<\/ul>\n\n\n\n<p><strong>Confort y funcionalidad<\/strong><\/p>\n\n\n\n<p>El confort evolucion\u00f3 en todos los aspectos de un SUV que se siente superior en cada detalle. Con mejoras en la suspensi\u00f3n, direcci\u00f3n el\u00e9ctrica, nuevos amortiguadores, neum\u00e1ticos que responden en cada giro y un volante que combina suavidad y estabilidad; conducir se vuelve m\u00e1s placentero, estable, y emocionante.<\/p>\n\n\n\n<p>A esto se suman elementos como acceso inteligente sin llave, bot\u00f3n de encendido y encendido remoto (Easy Start), c\u00e1mara de reversa Full HD, sensor de presi\u00f3n de neum\u00e1ticos (TPMS) y sensores de parqueo posteriores, que facilitan la maniobrabilidad y mejoran la experiencia del conductor en el uso diario.<\/p>\n\n\n\n<p>Esta nueva versi\u00f3n de Tracker LTZ ya est\u00e1 disponible en la red de concesionarios Chevrolet a nivel nacional desde $ 28.990, en colores, blanco, rojo, negro metalizado, plateado, azul y plomo azulado, respaldada por una garant\u00eda de hasta 7 a\u00f1os o 150.000 km con mantenimientos cada 10.000 km.<\/p>\n\n\n<div class='pt-cv-wrapper'> <h3 class='pt-cv-heading-container heading1' data-blockid='h94qfqbj'><span class='pt-cv-heading'> Overlay1 <\/span><\/h3><div class=\"pt-cv-view pt-cv-overlaygrid iscvblock iscvreal overlay1 layout1\" id=\"pt-cv-view-h94qfqbj\"><div data-id=\"pt-cv-page-1\" class=\"pt-cv-page\" data-cvc=\"3\"><div class=\" pt-cv-content-item pt-cv-1-col\" ><div class=\"pt-cv-thumb-wrapper  \"><a href=\"https:\/\/garageblogec.com\/?p=3303\" class=\"_self pt-cv-href-thumbnail pt-cv-thumb-default\" target=\"_self\" ><img loading=\"lazy\" decoding=\"async\" width=\"768\" height=\"432\" src=\"https:\/\/garageblogec.com\/wp-content\/uploads\/2026\/04\/WhatsApp-Image-2026-04-21-at-1.52.53-PM-768x432.jpeg\" class=\"pt-cv-thumbnail\" alt=\"\" \/><\/a><\/div>\n<div class=\"pt-cv-overlay-wrapper\"><div class=\"pt-cv-taxoterm above_title\"><a href='https:\/\/garageblogec.com\/?cat=27' title='Industria Nacional' class='pt-cv-tax-industria-nacional'>Industria Nacional<\/a><\/div><h4 class=\"pt-cv-title\"><a href=\"https:\/\/garageblogec.com\/?p=3303\" class=\"_self\" target=\"_self\" >Grupo Ambacar presenta en Guayaquil KGM, su nueva marca de SUV h\u00edbridos con respaldo global<\/a><\/h4><div class=\"pt-cv-meta-fields\"><span class=\"entry-date\"> <time datetime=\"2026-04-21T21:37:24+00:00\">abril 21, 2026<\/time><\/span><span> \/ <\/span><span class=\"author\"> <a href=\"https:\/\/garageblogec.com\/?author=6\" rel=\"author\">gabi1212<\/a><\/span><\/div><\/div><\/div>\n<div class=\" pt-cv-content-item pt-cv-1-col\" ><div class=\"pt-cv-thumb-wrapper  \"><a href=\"https:\/\/garageblogec.com\/?p=3296\" class=\"_self pt-cv-href-thumbnail pt-cv-thumb-default\" target=\"_self\" ><img loading=\"lazy\" decoding=\"async\" width=\"768\" height=\"432\" src=\"https:\/\/garageblogec.com\/wp-content\/uploads\/2026\/04\/WhatsApp-Image-2026-04-14-at-3.15.09-PM-768x432.jpeg\" class=\"pt-cv-thumbnail\" alt=\"\" \/><\/a><\/div>\n<div class=\"pt-cv-overlay-wrapper\"><div class=\"pt-cv-taxoterm above_title\"><a href='https:\/\/garageblogec.com\/?cat=27' title='Industria Nacional' class='pt-cv-tax-industria-nacional'>Industria Nacional<\/a><\/div><h4 class=\"pt-cv-title\"><a href=\"https:\/\/garageblogec.com\/?p=3296\" class=\"_self\" target=\"_self\" >El tablero desapareci\u00f3, ahora el auto es una pantalla inteligente<\/a><\/h4><div class=\"pt-cv-meta-fields\"><span class=\"entry-date\"> <time datetime=\"2026-04-14T20:21:20+00:00\">abril 14, 2026<\/time><\/span><span> \/ <\/span><span class=\"author\"> <a href=\"https:\/\/garageblogec.com\/?author=6\" rel=\"author\">gabi1212<\/a><\/span><\/div><\/div><\/div>\n<div class=\" pt-cv-content-item pt-cv-1-col\" ><div class=\"pt-cv-thumb-wrapper  \"><a href=\"https:\/\/garageblogec.com\/?p=3291\" class=\"_self pt-cv-href-thumbnail pt-cv-thumb-default\" target=\"_self\" ><img loading=\"lazy\" decoding=\"async\" width=\"768\" height=\"432\" src=\"https:\/\/garageblogec.com\/wp-content\/uploads\/2026\/04\/WhatsApp-Image-2026-04-14-at-2.21.27-PM-768x432.jpeg\" class=\"pt-cv-thumbnail\" alt=\"\" \/><\/a><\/div>\n<div class=\"pt-cv-overlay-wrapper\"><div class=\"pt-cv-taxoterm above_title\"><a href='https:\/\/garageblogec.com\/?cat=27' title='Industria Nacional' class='pt-cv-tax-industria-nacional'>Industria Nacional<\/a><\/div><h4 class=\"pt-cv-title\"><a href=\"https:\/\/garageblogec.com\/?p=3291\" class=\"_self\" target=\"_self\" >Seguridad al volante en Ecuador: los errores m\u00e1s comunes que cometen los conductores<\/a><\/h4><div class=\"pt-cv-meta-fields\"><span class=\"entry-date\"> <time datetime=\"2026-04-14T20:08:54+00:00\">abril 14, 2026<\/time><\/span><span> \/ <\/span><span class=\"author\"> <a href=\"https:\/\/garageblogec.com\/?author=6\" rel=\"author\">gabi1212<\/a><\/span><\/div><\/div><\/div>\n<div class=\" pt-cv-content-item pt-cv-1-col\" ><div class=\"pt-cv-thumb-wrapper  \"><a href=\"https:\/\/garageblogec.com\/?p=3286\" class=\"_self pt-cv-href-thumbnail pt-cv-thumb-default\" target=\"_self\" ><img loading=\"lazy\" decoding=\"async\" width=\"768\" height=\"492\" src=\"https:\/\/garageblogec.com\/wp-content\/uploads\/2026\/04\/Posventa.jpg-768x492.jpeg\" class=\"pt-cv-thumbnail\" alt=\"\" \/><\/a><\/div>\n<div class=\"pt-cv-overlay-wrapper\"><div class=\"pt-cv-taxoterm above_title\"><a href='https:\/\/garageblogec.com\/?cat=27' title='Industria Nacional' class='pt-cv-tax-industria-nacional'>Industria Nacional<\/a><\/div><h4 class=\"pt-cv-title\"><a href=\"https:\/\/garageblogec.com\/?p=3286\" class=\"_self\" target=\"_self\" >Clientes Nissan reciben cambios de aceite infinitos<\/a><\/h4><div class=\"pt-cv-meta-fields\"><span class=\"entry-date\"> <time datetime=\"2026-04-14T20:04:08+00:00\">abril 14, 2026<\/time><\/span><span> \/ <\/span><span class=\"author\"> <a href=\"https:\/\/garageblogec.com\/?author=6\" rel=\"author\">gabi1212<\/a><\/span><\/div><\/div><\/div>\n<div class=\" pt-cv-content-item pt-cv-1-col\" ><div class=\"pt-cv-thumb-wrapper  \"><a href=\"https:\/\/garageblogec.com\/?p=3280\" class=\"_self pt-cv-href-thumbnail pt-cv-thumb-default\" target=\"_self\" ><img loading=\"lazy\" decoding=\"async\" width=\"768\" height=\"512\" src=\"https:\/\/garageblogec.com\/wp-content\/uploads\/2026\/04\/foto1-768x512.jpeg\" class=\"pt-cv-thumbnail\" alt=\"\" \/><\/a><\/div>\n<div class=\"pt-cv-overlay-wrapper\"><div class=\"pt-cv-taxoterm above_title\"><a href='https:\/\/garageblogec.com\/?cat=27' title='Industria Nacional' class='pt-cv-tax-industria-nacional'>Industria Nacional<\/a><\/div><h4 class=\"pt-cv-title\"><a href=\"https:\/\/garageblogec.com\/?p=3280\" class=\"_self\" target=\"_self\" >Movilidad como inversi\u00f3n: el uso de utilidades que crece en Ecuador<\/a><\/h4><div class=\"pt-cv-meta-fields\"><span class=\"entry-date\"> <time datetime=\"2026-04-07T19:55:36+00:00\">abril 7, 2026<\/time><\/span><span> \/ <\/span><span class=\"author\"> <a href=\"https:\/\/garageblogec.com\/?author=6\" rel=\"author\">gabi1212<\/a><\/span><\/div><\/div><\/div>\n<div class=\" pt-cv-content-item pt-cv-1-col\" ><div class=\"pt-cv-thumb-wrapper  \"><a href=\"https:\/\/garageblogec.com\/?p=3276\" class=\"_self pt-cv-href-thumbnail pt-cv-thumb-default\" target=\"_self\" ><img loading=\"lazy\" decoding=\"async\" width=\"745\" height=\"491\" src=\"https:\/\/garageblogec.com\/wp-content\/uploads\/2026\/04\/TT.png\" class=\"pt-cv-thumbnail\" alt=\"\" \/><\/a><\/div>\n<div class=\"pt-cv-overlay-wrapper\"><div class=\"pt-cv-taxoterm above_title\"><a href='https:\/\/garageblogec.com\/?cat=27' title='Industria Nacional' class='pt-cv-tax-industria-nacional'>Industria Nacional<\/a><\/div><h4 class=\"pt-cv-title\"><a href=\"https:\/\/garageblogec.com\/?p=3276\" class=\"_self\" target=\"_self\" >Lluvias en Ecuador: C\u00f3mo reducir riesgos en carretera y prevenir accidentes en calzada mojada<\/a><\/h4><div class=\"pt-cv-meta-fields\"><span class=\"entry-date\"> <time datetime=\"2026-04-07T19:46:52+00:00\">abril 7, 2026<\/time><\/span><span> \/ <\/span><span class=\"author\"> <a href=\"https:\/\/garageblogec.com\/?author=6\" rel=\"author\">gabi1212<\/a><\/span><\/div><\/div><\/div><\/div><\/div> <\/div> <style>\n#pt-cv-view-h94qfqbj .pt-cv-thumb-wrapper::before {background: rgba(0,0,0,.4); opacity: 0.8;}#pt-cv-view-h94qfqbj .pt-cv-overlay-wrapper {justify-content: center;}\n#pt-cv-view-h94qfqbj .pt-cv-meta-fields {  }#pt-cv-view-h94qfqbj .pt-cv-meta-fields * { font-size: 13px; }#pt-cv-view-h94qfqbj .pt-cv-title a { display: block; }#pt-cv-view-h94qfqbj .pt-cv-title:not(.pt-cv-titlesm) a { font-weight: 600;text-decoration: none;font-size: 20px; }#pt-cv-view-h94qfqbj .pt-cv-titlesm a { font-weight: 600;font-size: 18px; }#pt-cv-view-h94qfqbj .pt-cv-content { font-size: 15px; }#pt-cv-view-h94qfqbj .pt-cv-rmwrap {  }#pt-cv-view-h94qfqbj .pt-cv-readmore { color: #fff;background-color: #0075ff;font-size: 14px; }#pt-cv-view-h94qfqbj .pt-cv-taxoterm { margin: 0px 0px 20px 0px; }#pt-cv-view-h94qfqbj .pt-cv-taxoterm * { color: #222;background-color: #fff6f6;font-size: 14px; }#pt-cv-view-h94qfqbj + .pt-cv-pagination-wrapper {  }#pt-cv-view-h94qfqbj + .pt-cv-pagination-wrapper a { font-size: 14px; }#pt-cv-view-h94qfqbj > .pt-cv-page {grid-template-columns: repeat(3, 1fr);grid-auto-rows: 250px;grid-gap: 10px;}\n@media all and (max-width: 1024px) { \n#pt-cv-view-h94qfqbj > .pt-cv-page {}\n} \n@media all and (max-width: 767px) { \n#pt-cv-view-h94qfqbj > .pt-cv-page {grid-template-columns: repeat(1, 1fr);}\n} <\/style>","protected":false},"excerpt":{"rendered":"<p>Como parte de su ciclo de renovaci\u00f3n del portafolio, Chevrolet anunci\u00f3 la llegada al mercado ecuatoriano de la nueva Tracker LTZ, una versi\u00f3n que evoluciona donde realmente importa: seguridad, tecnolog\u00eda, conectividad y confort. Este SUV equipa el reconocido motor 1.2L Turbo que ofrece un equilibrio ideal entre desempe\u00f1o, eficiencia y agilidad para la movilidad diaria. [&hellip;]<\/p>\n","protected":false},"author":6,"featured_media":3244,"comment_status":"open","ping_status":"open","sticky":false,"template":"","format":"standard","meta":{"_jetpack_memberships_contains_paid_content":false,"footnotes":""},"categories":[27],"tags":[],"class_list":["post-3242","post","type-post","status-publish","format-standard","has-post-thumbnail","hentry","category-industria-nacional"],"yoast_head":"<!-- This site is optimized with the Yoast SEO plugin v27.5 - https:\/\/yoast.com\/product\/yoast-seo-wordpress\/ -->\n<title>Chevrolet Tracker LTZ: el SUV tecnol\u00f3gico que se renueva - Garage Blog Ecuador<\/title>\n<meta name=\"robots\" content=\"index, follow, max-snippet:-1, max-image-preview:large, max-video-preview:-1\" \/>\n<link rel=\"canonical\" href=\"https:\/\/garageblogec.com\/?p=3242\" \/>\n<meta property=\"og:locale\" content=\"es_ES\" \/>\n<meta property=\"og:type\" content=\"article\" \/>\n<meta property=\"og:title\" content=\"Chevrolet Tracker LTZ: el SUV tecnol\u00f3gico que se renueva - Garage Blog Ecuador\" \/>\n<meta property=\"og:description\" content=\"Como parte de su ciclo de renovaci\u00f3n del portafolio, Chevrolet anunci\u00f3 la llegada al mercado ecuatoriano de la nueva Tracker LTZ, una versi\u00f3n que evoluciona donde realmente importa: seguridad, tecnolog\u00eda, conectividad y confort. Este SUV equipa el reconocido motor 1.2L Turbo que ofrece un equilibrio ideal entre desempe\u00f1o, eficiencia y agilidad para la movilidad diaria. [&hellip;]\" \/>\n<meta property=\"og:url\" content=\"https:\/\/garageblogec.com\/?p=3242\" \/>\n<meta property=\"og:site_name\" content=\"Garage Blog Ecuador\" \/>\n<meta property=\"article:published_time\" content=\"2026-03-25T17:23:59+00:00\" \/>\n<meta property=\"article:modified_time\" content=\"2026-03-25T17:24:06+00:00\" \/>\n<meta property=\"og:image\" content=\"https:\/\/garageblogec.com\/wp-content\/uploads\/2026\/03\/WhatsApp-Image-2026-03-25-at-11.08.45-AM.jpeg\" \/>\n\t<meta property=\"og:image:width\" content=\"1600\" \/>\n\t<meta property=\"og:image:height\" content=\"1066\" \/>\n\t<meta property=\"og:image:type\" content=\"image\/jpeg\" \/>\n<meta name=\"author\" content=\"gabi1212\" \/>\n<meta name=\"twitter:card\" content=\"summary_large_image\" \/>\n<meta name=\"twitter:label1\" content=\"Escrito por\" \/>\n\t<meta name=\"twitter:data1\" content=\"gabi1212\" \/>\n\t<meta name=\"twitter:label2\" content=\"Tiempo de lectura\" \/>\n\t<meta name=\"twitter:data2\" content=\"5 minutos\" \/>\n<script type=\"application\/ld+json\" class=\"yoast-schema-graph\">{\"@context\":\"https:\\\/\\\/schema.org\",\"@graph\":[{\"@type\":\"Article\",\"@id\":\"https:\\\/\\\/garageblogec.com\\\/?p=3242#article\",\"isPartOf\":{\"@id\":\"https:\\\/\\\/garageblogec.com\\\/?p=3242\"},\"author\":{\"name\":\"gabi1212\",\"@id\":\"https:\\\/\\\/garageblogec.com\\\/#\\\/schema\\\/person\\\/635f4b76c0cb3e43b82fe6f7d8bcceea\"},\"headline\":\"Chevrolet Tracker LTZ: el SUV tecnol\u00f3gico que se renueva\",\"datePublished\":\"2026-03-25T17:23:59+00:00\",\"dateModified\":\"2026-03-25T17:24:06+00:00\",\"mainEntityOfPage\":{\"@id\":\"https:\\\/\\\/garageblogec.com\\\/?p=3242\"},\"wordCount\":780,\"commentCount\":0,\"publisher\":{\"@id\":\"https:\\\/\\\/garageblogec.com\\\/#organization\"},\"image\":{\"@id\":\"https:\\\/\\\/garageblogec.com\\\/?p=3242#primaryimage\"},\"thumbnailUrl\":\"https:\\\/\\\/garageblogec.com\\\/wp-content\\\/uploads\\\/2026\\\/03\\\/WhatsApp-Image-2026-03-25-at-11.08.45-AM.jpeg\",\"articleSection\":[\"Industria Nacional\"],\"inLanguage\":\"es\",\"potentialAction\":[{\"@type\":\"CommentAction\",\"name\":\"Comment\",\"target\":[\"https:\\\/\\\/garageblogec.com\\\/?p=3242#respond\"]}]},{\"@type\":\"WebPage\",\"@id\":\"https:\\\/\\\/garageblogec.com\\\/?p=3242\",\"url\":\"https:\\\/\\\/garageblogec.com\\\/?p=3242\",\"name\":\"Chevrolet Tracker LTZ: el SUV tecnol\u00f3gico que se renueva - Garage Blog Ecuador\",\"isPartOf\":{\"@id\":\"https:\\\/\\\/garageblogec.com\\\/#website\"},\"primaryImageOfPage\":{\"@id\":\"https:\\\/\\\/garageblogec.com\\\/?p=3242#primaryimage\"},\"image\":{\"@id\":\"https:\\\/\\\/garageblogec.com\\\/?p=3242#primaryimage\"},\"thumbnailUrl\":\"https:\\\/\\\/garageblogec.com\\\/wp-content\\\/uploads\\\/2026\\\/03\\\/WhatsApp-Image-2026-03-25-at-11.08.45-AM.jpeg\",\"datePublished\":\"2026-03-25T17:23:59+00:00\",\"dateModified\":\"2026-03-25T17:24:06+00:00\",\"breadcrumb\":{\"@id\":\"https:\\\/\\\/garageblogec.com\\\/?p=3242#breadcrumb\"},\"inLanguage\":\"es\",\"potentialAction\":[{\"@type\":\"ReadAction\",\"target\":[\"https:\\\/\\\/garageblogec.com\\\/?p=3242\"]}]},{\"@type\":\"ImageObject\",\"inLanguage\":\"es\",\"@id\":\"https:\\\/\\\/garageblogec.com\\\/?p=3242#primaryimage\",\"url\":\"https:\\\/\\\/garageblogec.com\\\/wp-content\\\/uploads\\\/2026\\\/03\\\/WhatsApp-Image-2026-03-25-at-11.08.45-AM.jpeg\",\"contentUrl\":\"https:\\\/\\\/garageblogec.com\\\/wp-content\\\/uploads\\\/2026\\\/03\\\/WhatsApp-Image-2026-03-25-at-11.08.45-AM.jpeg\",\"width\":1600,\"height\":1066},{\"@type\":\"BreadcrumbList\",\"@id\":\"https:\\\/\\\/garageblogec.com\\\/?p=3242#breadcrumb\",\"itemListElement\":[{\"@type\":\"ListItem\",\"position\":1,\"name\":\"Portada\",\"item\":\"https:\\\/\\\/garageblogec.com\\\/\"},{\"@type\":\"ListItem\",\"position\":2,\"name\":\"Chevrolet Tracker LTZ: el SUV tecnol\u00f3gico que se renueva\"}]},{\"@type\":\"WebSite\",\"@id\":\"https:\\\/\\\/garageblogec.com\\\/#website\",\"url\":\"https:\\\/\\\/garageblogec.com\\\/\",\"name\":\"Garage Blog Ecuador\",\"description\":\"Alucinamos por los autos \",\"publisher\":{\"@id\":\"https:\\\/\\\/garageblogec.com\\\/#organization\"},\"potentialAction\":[{\"@type\":\"SearchAction\",\"target\":{\"@type\":\"EntryPoint\",\"urlTemplate\":\"https:\\\/\\\/garageblogec.com\\\/?s={search_term_string}\"},\"query-input\":{\"@type\":\"PropertyValueSpecification\",\"valueRequired\":true,\"valueName\":\"search_term_string\"}}],\"inLanguage\":\"es\"},{\"@type\":\"Organization\",\"@id\":\"https:\\\/\\\/garageblogec.com\\\/#organization\",\"name\":\"Garage Blog Ecuador\",\"url\":\"https:\\\/\\\/garageblogec.com\\\/\",\"logo\":{\"@type\":\"ImageObject\",\"inLanguage\":\"es\",\"@id\":\"https:\\\/\\\/garageblogec.com\\\/#\\\/schema\\\/logo\\\/image\\\/\",\"url\":\"https:\\\/\\\/garageblogec.com\\\/wp-content\\\/uploads\\\/2024\\\/02\\\/cropped-logo-png-para-blog.webp\",\"contentUrl\":\"https:\\\/\\\/garageblogec.com\\\/wp-content\\\/uploads\\\/2024\\\/02\\\/cropped-logo-png-para-blog.webp\",\"width\":840,\"height\":556,\"caption\":\"Garage Blog Ecuador \"},\"image\":{\"@id\":\"https:\\\/\\\/garageblogec.com\\\/#\\\/schema\\\/logo\\\/image\\\/\"}},{\"@type\":\"Person\",\"@id\":\"https:\\\/\\\/garageblogec.com\\\/#\\\/schema\\\/person\\\/635f4b76c0cb3e43b82fe6f7d8bcceea\",\"name\":\"gabi1212\",\"image\":{\"@type\":\"ImageObject\",\"inLanguage\":\"es\",\"@id\":\"https:\\\/\\\/secure.gravatar.com\\\/avatar\\\/6aa491f45cb359d4d6dd8c430e83f78899c80569c27d21156e19bbdcd31d1811?s=96&d=mm&r=g\",\"url\":\"https:\\\/\\\/secure.gravatar.com\\\/avatar\\\/6aa491f45cb359d4d6dd8c430e83f78899c80569c27d21156e19bbdcd31d1811?s=96&d=mm&r=g\",\"contentUrl\":\"https:\\\/\\\/secure.gravatar.com\\\/avatar\\\/6aa491f45cb359d4d6dd8c430e83f78899c80569c27d21156e19bbdcd31d1811?s=96&d=mm&r=g\",\"caption\":\"gabi1212\"},\"url\":\"https:\\\/\\\/garageblogec.com\\\/?author=6\"}]}<\/script>\n<!-- \/ Yoast SEO plugin. -->","yoast_head_json":{"title":"Chevrolet Tracker LTZ: el SUV tecnol\u00f3gico que se renueva - Garage Blog Ecuador","robots":{"index":"index","follow":"follow","max-snippet":"max-snippet:-1","max-image-preview":"max-image-preview:large","max-video-preview":"max-video-preview:-1"},"canonical":"https:\/\/garageblogec.com\/?p=3242","og_locale":"es_ES","og_type":"article","og_title":"Chevrolet Tracker LTZ: el SUV tecnol\u00f3gico que se renueva - Garage Blog Ecuador","og_description":"Como parte de su ciclo de renovaci\u00f3n del portafolio, Chevrolet anunci\u00f3 la llegada al mercado ecuatoriano de la nueva Tracker LTZ, una versi\u00f3n que evoluciona donde realmente importa: seguridad, tecnolog\u00eda, conectividad y confort. Este SUV equipa el reconocido motor 1.2L Turbo que ofrece un equilibrio ideal entre desempe\u00f1o, eficiencia y agilidad para la movilidad diaria. [&hellip;]","og_url":"https:\/\/garageblogec.com\/?p=3242","og_site_name":"Garage Blog Ecuador","article_published_time":"2026-03-25T17:23:59+00:00","article_modified_time":"2026-03-25T17:24:06+00:00","og_image":[{"width":1600,"height":1066,"url":"https:\/\/garageblogec.com\/wp-content\/uploads\/2026\/03\/WhatsApp-Image-2026-03-25-at-11.08.45-AM.jpeg","type":"image\/jpeg"}],"author":"gabi1212","twitter_card":"summary_large_image","twitter_misc":{"Escrito por":"gabi1212","Tiempo de lectura":"5 minutos"},"schema":{"@context":"https:\/\/schema.org","@graph":[{"@type":"Article","@id":"https:\/\/garageblogec.com\/?p=3242#article","isPartOf":{"@id":"https:\/\/garageblogec.com\/?p=3242"},"author":{"name":"gabi1212","@id":"https:\/\/garageblogec.com\/#\/schema\/person\/635f4b76c0cb3e43b82fe6f7d8bcceea"},"headline":"Chevrolet Tracker LTZ: el SUV tecnol\u00f3gico que se renueva","datePublished":"2026-03-25T17:23:59+00:00","dateModified":"2026-03-25T17:24:06+00:00","mainEntityOfPage":{"@id":"https:\/\/garageblogec.com\/?p=3242"},"wordCount":780,"commentCount":0,"publisher":{"@id":"https:\/\/garageblogec.com\/#organization"},"image":{"@id":"https:\/\/garageblogec.com\/?p=3242#primaryimage"},"thumbnailUrl":"https:\/\/garageblogec.com\/wp-content\/uploads\/2026\/03\/WhatsApp-Image-2026-03-25-at-11.08.45-AM.jpeg","articleSection":["Industria Nacional"],"inLanguage":"es","potentialAction":[{"@type":"CommentAction","name":"Comment","target":["https:\/\/garageblogec.com\/?p=3242#respond"]}]},{"@type":"WebPage","@id":"https:\/\/garageblogec.com\/?p=3242","url":"https:\/\/garageblogec.com\/?p=3242","name":"Chevrolet Tracker LTZ: el SUV tecnol\u00f3gico que se renueva - Garage Blog Ecuador","isPartOf":{"@id":"https:\/\/garageblogec.com\/#website"},"primaryImageOfPage":{"@id":"https:\/\/garageblogec.com\/?p=3242#primaryimage"},"image":{"@id":"https:\/\/garageblogec.com\/?p=3242#primaryimage"},"thumbnailUrl":"https:\/\/garageblogec.com\/wp-content\/uploads\/2026\/03\/WhatsApp-Image-2026-03-25-at-11.08.45-AM.jpeg","datePublished":"2026-03-25T17:23:59+00:00","dateModified":"2026-03-25T17:24:06+00:00","breadcrumb":{"@id":"https:\/\/garageblogec.com\/?p=3242#breadcrumb"},"inLanguage":"es","potentialAction":[{"@type":"ReadAction","target":["https:\/\/garageblogec.com\/?p=3242"]}]},{"@type":"ImageObject","inLanguage":"es","@id":"https:\/\/garageblogec.com\/?p=3242#primaryimage","url":"https:\/\/garageblogec.com\/wp-content\/uploads\/2026\/03\/WhatsApp-Image-2026-03-25-at-11.08.45-AM.jpeg","contentUrl":"https:\/\/garageblogec.com\/wp-content\/uploads\/2026\/03\/WhatsApp-Image-2026-03-25-at-11.08.45-AM.jpeg","width":1600,"height":1066},{"@type":"BreadcrumbList","@id":"https:\/\/garageblogec.com\/?p=3242#breadcrumb","itemListElement":[{"@type":"ListItem","position":1,"name":"Portada","item":"https:\/\/garageblogec.com\/"},{"@type":"ListItem","position":2,"name":"Chevrolet Tracker LTZ: el SUV tecnol\u00f3gico que se renueva"}]},{"@type":"WebSite","@id":"https:\/\/garageblogec.com\/#website","url":"https:\/\/garageblogec.com\/","name":"Garage Blog Ecuador","description":"Alucinamos por los autos ","publisher":{"@id":"https:\/\/garageblogec.com\/#organization"},"potentialAction":[{"@type":"SearchAction","target":{"@type":"EntryPoint","urlTemplate":"https:\/\/garageblogec.com\/?s={search_term_string}"},"query-input":{"@type":"PropertyValueSpecification","valueRequired":true,"valueName":"search_term_string"}}],"inLanguage":"es"},{"@type":"Organization","@id":"https:\/\/garageblogec.com\/#organization","name":"Garage Blog Ecuador","url":"https:\/\/garageblogec.com\/","logo":{"@type":"ImageObject","inLanguage":"es","@id":"https:\/\/garageblogec.com\/#\/schema\/logo\/image\/","url":"https:\/\/garageblogec.com\/wp-content\/uploads\/2024\/02\/cropped-logo-png-para-blog.webp","contentUrl":"https:\/\/garageblogec.com\/wp-content\/uploads\/2024\/02\/cropped-logo-png-para-blog.webp","width":840,"height":556,"caption":"Garage Blog Ecuador "},"image":{"@id":"https:\/\/garageblogec.com\/#\/schema\/logo\/image\/"}},{"@type":"Person","@id":"https:\/\/garageblogec.com\/#\/schema\/person\/635f4b76c0cb3e43b82fe6f7d8bcceea","name":"gabi1212","image":{"@type":"ImageObject","inLanguage":"es","@id":"https:\/\/secure.gravatar.com\/avatar\/6aa491f45cb359d4d6dd8c430e83f78899c80569c27d21156e19bbdcd31d1811?s=96&d=mm&r=g","url":"https:\/\/secure.gravatar.com\/avatar\/6aa491f45cb359d4d6dd8c430e83f78899c80569c27d21156e19bbdcd31d1811?s=96&d=mm&r=g","contentUrl":"https:\/\/secure.gravatar.com\/avatar\/6aa491f45cb359d4d6dd8c430e83f78899c80569c27d21156e19bbdcd31d1811?s=96&d=mm&r=g","caption":"gabi1212"},"url":"https:\/\/garageblogec.com\/?author=6"}]}},"jetpack_featured_media_url":"https:\/\/garageblogec.com\/wp-content\/uploads\/2026\/03\/WhatsApp-Image-2026-03-25-at-11.08.45-AM.jpeg","jetpack_sharing_enabled":true,"_links":{"self":[{"href":"https:\/\/garageblogec.com\/index.php?rest_route=\/wp\/v2\/posts\/3242","targetHints":{"allow":["GET"]}}],"collection":[{"href":"https:\/\/garageblogec.com\/index.php?rest_route=\/wp\/v2\/posts"}],"about":[{"href":"https:\/\/garageblogec.com\/index.php?rest_route=\/wp\/v2\/types\/post"}],"author":[{"embeddable":true,"href":"https:\/\/garageblogec.com\/index.php?rest_route=\/wp\/v2\/users\/6"}],"replies":[{"embeddable":true,"href":"https:\/\/garageblogec.com\/index.php?rest_route=%2Fwp%2Fv2%2Fcomments&post=3242"}],"version-history":[{"count":1,"href":"https:\/\/garageblogec.com\/index.php?rest_route=\/wp\/v2\/posts\/3242\/revisions"}],"predecessor-version":[{"id":3248,"href":"https:\/\/garageblogec.com\/index.php?rest_route=\/wp\/v2\/posts\/3242\/revisions\/3248"}],"wp:featuredmedia":[{"embeddable":true,"href":"https:\/\/garageblogec.com\/index.php?rest_route=\/wp\/v2\/media\/3244"}],"wp:attachment":[{"href":"https:\/\/garageblogec.com\/index.php?rest_route=%2Fwp%2Fv2%2Fmedia&parent=3242"}],"wp:term":[{"taxonomy":"category","embeddable":true,"href":"https:\/\/garageblogec.com\/index.php?rest_route=%2Fwp%2Fv2%2Fcategories&post=3242"},{"taxonomy":"post_tag","embeddable":true,"href":"https:\/\/garageblogec.com\/index.php?rest_route=%2Fwp%2Fv2%2Ftags&post=3242"}],"curies":[{"name":"wp","href":"https:\/\/api.w.org\/{rel}","templated":true}]}}