{"id":2935,"date":"2025-12-29T19:17:13","date_gmt":"2025-12-29T19:17:13","guid":{"rendered":"https:\/\/garageblogec.com\/?p=2935"},"modified":"2025-12-29T19:17:19","modified_gmt":"2025-12-29T19:17:19","slug":"nuevo-equipo-hyundai-msa-para-competir-en-el-tcr-sudamerica-2026","status":"publish","type":"post","link":"https:\/\/garageblogec.com\/?p=2935","title":{"rendered":"Nuevo equipo Hyundai MSA para competir en el TCR Sudam\u00e9rica 2026"},"content":{"rendered":"\n<p>TCR Sudam\u00e9rica tendr\u00e1 un nuevo y altamente competitivo equipo de carreras en la pr\u00f3xima temporada. Hyundai MSA fue anunciado p\u00fablicamente en la \u00faltima carrera de 2025 y contar\u00e1 con cuatro nuevos autos Hyundai Elantra N TCR en la competencia de 2026, siendo uno de los equipos m\u00e1s grandes de la parrilla. El primer piloto confirmado es el argentino Diego Ciantini, con historiales muy positivos en el automovilismo en Europa y Sudam\u00e9rica. Los tres pilotos restantes ser\u00e1n anunciados pronto.<\/p>\n\n\n\n<figure class=\"wp-block-image size-large\"><img fetchpriority=\"high\" decoding=\"async\" width=\"1024\" height=\"682\" src=\"https:\/\/garageblogec.com\/wp-content\/uploads\/2025\/12\/WhatsApp-Image-2025-12-29-at-10.51.38-AM-1024x682.jpeg\" alt=\"\" class=\"wp-image-2936\" srcset=\"https:\/\/garageblogec.com\/wp-content\/uploads\/2025\/12\/WhatsApp-Image-2025-12-29-at-10.51.38-AM-1024x682.jpeg 1024w, https:\/\/garageblogec.com\/wp-content\/uploads\/2025\/12\/WhatsApp-Image-2025-12-29-at-10.51.38-AM-300x200.jpeg 300w, https:\/\/garageblogec.com\/wp-content\/uploads\/2025\/12\/WhatsApp-Image-2025-12-29-at-10.51.38-AM-768x511.jpeg 768w, https:\/\/garageblogec.com\/wp-content\/uploads\/2025\/12\/WhatsApp-Image-2025-12-29-at-10.51.38-AM-1536x1022.jpeg 1536w, https:\/\/garageblogec.com\/wp-content\/uploads\/2025\/12\/WhatsApp-Image-2025-12-29-at-10.51.38-AM-1320x879.jpeg 1320w, https:\/\/garageblogec.com\/wp-content\/uploads\/2025\/12\/WhatsApp-Image-2025-12-29-at-10.51.38-AM.jpeg 1600w\" sizes=\"(max-width: 1024px) 100vw, 1024px\" \/><\/figure>\n\n\n\n<p>Hyundai MSA se crea heredando la experiencia del ex equipo argentino PMO, quien ha construido un exitoso historial de victorias y t\u00edtulos en la historia de TCR Sudam\u00e9rica, siendo Campe\u00f3n de Equipos 2024. Competir\u00e1n en asociaci\u00f3n con Hyundai Motorsport, luciendo la denominaci\u00f3n y los colores de la marca Hyundai N, por primera vez en una temporada completa de TCR Sudam\u00e9rica.<\/p>\n\n\n\n<p>Hyundai N es el fabricante l\u00edder en la categor\u00eda de autos de turismo. Comenzando desde la era del i30 N TCR antes del Elantra N TCR, Hyundai N logr\u00f3 un \u00e9xito notable en FIA WTCR asegurando t\u00edtulos de Campe\u00f3n en 2018 y 2019, y sumando tres campeonatos m\u00e1s en 2022, 2023 y 2024 en FIA TCR World Tour \u2014 un total de cinco grandes victorias. Adem\u00e1s, Hyundai N ha dominado las 24 Horas de N\u00fcrburgring, ganando la clase TCR durante cinco a\u00f1os consecutivos desde 2021 hasta 2025, demostrando un rendimiento y durabilidad de clase mundial.<\/p>\n\n\n\n<p><em>\u201cEstamos muy felices de anunciar la presencia fuerte y activa sin precedentes de Hyundai en TCR <\/em>Sudam\u00e9rica<em>. Estar en esta competencia es clave para promover los atributos globales de Hyundai en el automovilismo, bien probados, en toda la regi\u00f3n. TCR <\/em>Sudam\u00e9rica <em>es una competencia apasionante de rendimiento y estamos muy confiados en que los productos Hyundai y los talentosos pilotos del equipo confirmar\u00e1n aqu\u00ed el reciente e impresionante legado de nuestra marca en el automovilismo\u201d, <\/em>dice Gerardo Carmona, vicepresidente de Ventas, Producto y Marketing de Hyundai Motor Central &amp; South America.<\/p>\n\n\n\n<p>Para Hyundai, TCR Sudam\u00e9rica es la plataforma perfecta para reunir a los fan\u00e1ticos del automovilismo en toda la regi\u00f3n, conectando la marca con los clientes y la audiencia apasionada. Con carreras en Brasil, Argentina y Uruguay, el nuevo equipo de automovilismo de Hyundai permitir\u00e1 acciones dedicadas con distribuidores en los tres mercados donde Hyundai tiene fuerte presencia, as\u00ed como una poderosa demostraci\u00f3n de los atributos competitivos de los veh\u00edculos Hyundai N.<\/p>\n\n\n\n<p>El Hyundai Elantra N TCR es desarrollado por la divisi\u00f3n Hyundai Motorsport y cuenta con un motor turboalimentado de 2.0 litros que produce 350 hp y 45 kgfm de torque, ofreciendo una relaci\u00f3n de 3.6kg\/hp. Tambi\u00e9n viene con un aler\u00f3n trasero de fibra de carbono ajustable dise\u00f1ado por Hyundai, llamado Carbon Swan Neck Spoiler, discos de freno ventilados de 380mm con pinzas de seis pistones con la marca Hyundai Motorsport en la parte delantera y llantas aerodin\u00e1micas de 10&#215;18 pulgadas, tambi\u00e9n dise\u00f1adas por Hyundai Motorsport.<\/p>\n\n\n\n<figure class=\"wp-block-image size-large\"><img decoding=\"async\" width=\"1024\" height=\"682\" src=\"https:\/\/garageblogec.com\/wp-content\/uploads\/2025\/12\/WhatsApp-Image-2025-12-29-at-10.51.38-AM-1-1024x682.jpeg\" alt=\"\" class=\"wp-image-2937\" srcset=\"https:\/\/garageblogec.com\/wp-content\/uploads\/2025\/12\/WhatsApp-Image-2025-12-29-at-10.51.38-AM-1-1024x682.jpeg 1024w, https:\/\/garageblogec.com\/wp-content\/uploads\/2025\/12\/WhatsApp-Image-2025-12-29-at-10.51.38-AM-1-300x200.jpeg 300w, https:\/\/garageblogec.com\/wp-content\/uploads\/2025\/12\/WhatsApp-Image-2025-12-29-at-10.51.38-AM-1-768x512.jpeg 768w, https:\/\/garageblogec.com\/wp-content\/uploads\/2025\/12\/WhatsApp-Image-2025-12-29-at-10.51.38-AM-1-1536x1023.jpeg 1536w, https:\/\/garageblogec.com\/wp-content\/uploads\/2025\/12\/WhatsApp-Image-2025-12-29-at-10.51.38-AM-1-1320x879.jpeg 1320w, https:\/\/garageblogec.com\/wp-content\/uploads\/2025\/12\/WhatsApp-Image-2025-12-29-at-10.51.38-AM-1.jpeg 1600w\" sizes=\"(max-width: 1024px) 100vw, 1024px\" \/><\/figure>\n\n\n\n<p><em>\u201cEs un privilegio ser parte de un proyecto de esta magnitud, trabajando junto a una marca como Hyundai, cuyo compromiso global con el automovilismo es incuestionable. Dondequiera que compiten, son protagonistas y, naturalmente, ese es tambi\u00e9n nuestro principal objetivo como equipo. Despu\u00e9s de ganar dos campeonatos en los \u00faltimos cuatro a\u00f1os, la temporada 2026 una vez m\u00e1s nos exige excelencia\u201d,<\/em> comenta Dami\u00e1n Fineschi, director de Hyundai MSA.<\/p>\n\n\n\n<p><em>\u201cPara m\u00ed, es un verdadero placer representar a Hyundai en TCR <\/em>Sudam\u00e9rica<em>, un fabricante con gran importancia en el automovilismo global. Ser\u00e1 un gran desaf\u00edo ser parte de una serie que cuenta con un nivel tan alto de pilotos. Junto con Hyundai MSA, espero tener una temporada fuerte, y ser\u00e1 un gran honor para m\u00ed representar a Hyundai y trabajar junto a Dami\u00e1n Fineschi y todo el equipo\u201d, <\/em>dice Diego Ciantini, el primer piloto confirmado para competir para Hyundai MSA en 2026.<\/p>\n\n\n\n<p>El nuevo equipo Hyundai MSA tendr\u00e1 su base en Argentina y dedicar\u00e1 los pr\u00f3ximos meses a tener todo listo para el inicio de la temporada 2026, que est\u00e1 programado para marzo. Los cuatro nuevos autos Elantra N TCR est\u00e1n siendo producidos en Italia y se espera que lleguen a la sede del equipo a principios del pr\u00f3ximo a\u00f1o. Un per\u00edodo de entrenamiento seguir\u00e1, justo despu\u00e9s de la confirmaci\u00f3n de los otros tres pilotos.<\/p>\n\n\n\n<p><em>\u201cEs un honor y un placer dar la bienvenida a Hyundai a nuestra categor\u00eda, una marca que est\u00e1 involucrada en el automovilismo en todo el mundo. Para nosotros, tener la presencia oficial de fabricantes es esencial, ya que nos compromete a seguir trabajando por el crecimiento y desarrollo de TCR <\/em>Sudam\u00e9rica <em>en toda la regi\u00f3n\u201d<\/em>, dijo Federico Punteri, Presidente de TCR Sudam\u00e9rica.<\/p>\n\n\n\n<p>El concepto TCR fue introducido en 2015 y revolucion\u00f3 las carreras de autos de turismo en la escena internacional, siendo aprobado por varios Campeonatos y Series alrededor del mundo y convirti\u00e9ndose en la plataforma perfecta para programas de carreras para clientes. En Sudam\u00e9rica, la competencia fue lanzada en 2021 y presenta un calendario de 10 rondas en la regi\u00f3n: 4 en Argentina, 4 en Brasil y 2 en Uruguay.<\/p>\n\n\n<div class='pt-cv-wrapper'> <h3 class='pt-cv-heading-container heading1' data-blockid='gue7phpt'><span class='pt-cv-heading'> Overlay1 <\/span><\/h3><div class=\"pt-cv-view pt-cv-overlaygrid iscvblock iscvreal overlay1 layout1\" id=\"pt-cv-view-gue7phpt\"><div data-id=\"pt-cv-page-1\" class=\"pt-cv-page\" data-cvc=\"3\"><div class=\" pt-cv-content-item pt-cv-1-col\" ><div class=\"pt-cv-thumb-wrapper  \"><a href=\"https:\/\/garageblogec.com\/?p=3303\" class=\"_self pt-cv-href-thumbnail pt-cv-thumb-default\" target=\"_self\" ><img decoding=\"async\" width=\"768\" height=\"432\" src=\"https:\/\/garageblogec.com\/wp-content\/uploads\/2026\/04\/WhatsApp-Image-2026-04-21-at-1.52.53-PM-768x432.jpeg\" class=\"pt-cv-thumbnail\" alt=\"\" \/><\/a><\/div>\n<div class=\"pt-cv-overlay-wrapper\"><div class=\"pt-cv-taxoterm above_title\"><a href='https:\/\/garageblogec.com\/?cat=27' title='Industria Nacional' class='pt-cv-tax-industria-nacional'>Industria Nacional<\/a><\/div><h4 class=\"pt-cv-title\"><a href=\"https:\/\/garageblogec.com\/?p=3303\" class=\"_self\" target=\"_self\" >Grupo Ambacar presenta en Guayaquil KGM, su nueva marca de SUV h\u00edbridos con respaldo global<\/a><\/h4><div class=\"pt-cv-meta-fields\"><span class=\"entry-date\"> <time datetime=\"2026-04-21T21:37:24+00:00\">abril 21, 2026<\/time><\/span><span> \/ <\/span><span class=\"author\"> <a href=\"https:\/\/garageblogec.com\/?author=6\" rel=\"author\">gabi1212<\/a><\/span><\/div><\/div><\/div>\n<div class=\" pt-cv-content-item pt-cv-1-col\" ><div class=\"pt-cv-thumb-wrapper  \"><a href=\"https:\/\/garageblogec.com\/?p=3296\" class=\"_self pt-cv-href-thumbnail pt-cv-thumb-default\" target=\"_self\" ><img loading=\"lazy\" decoding=\"async\" width=\"768\" height=\"432\" src=\"https:\/\/garageblogec.com\/wp-content\/uploads\/2026\/04\/WhatsApp-Image-2026-04-14-at-3.15.09-PM-768x432.jpeg\" class=\"pt-cv-thumbnail\" alt=\"\" \/><\/a><\/div>\n<div class=\"pt-cv-overlay-wrapper\"><div class=\"pt-cv-taxoterm above_title\"><a href='https:\/\/garageblogec.com\/?cat=27' title='Industria Nacional' class='pt-cv-tax-industria-nacional'>Industria Nacional<\/a><\/div><h4 class=\"pt-cv-title\"><a href=\"https:\/\/garageblogec.com\/?p=3296\" class=\"_self\" target=\"_self\" >El tablero desapareci\u00f3, ahora el auto es una pantalla inteligente<\/a><\/h4><div class=\"pt-cv-meta-fields\"><span class=\"entry-date\"> <time datetime=\"2026-04-14T20:21:20+00:00\">abril 14, 2026<\/time><\/span><span> \/ <\/span><span class=\"author\"> <a href=\"https:\/\/garageblogec.com\/?author=6\" rel=\"author\">gabi1212<\/a><\/span><\/div><\/div><\/div>\n<div class=\" pt-cv-content-item pt-cv-1-col\" ><div class=\"pt-cv-thumb-wrapper  \"><a href=\"https:\/\/garageblogec.com\/?p=3291\" class=\"_self pt-cv-href-thumbnail pt-cv-thumb-default\" target=\"_self\" ><img loading=\"lazy\" decoding=\"async\" width=\"768\" height=\"432\" src=\"https:\/\/garageblogec.com\/wp-content\/uploads\/2026\/04\/WhatsApp-Image-2026-04-14-at-2.21.27-PM-768x432.jpeg\" class=\"pt-cv-thumbnail\" alt=\"\" \/><\/a><\/div>\n<div class=\"pt-cv-overlay-wrapper\"><div class=\"pt-cv-taxoterm above_title\"><a href='https:\/\/garageblogec.com\/?cat=27' title='Industria Nacional' class='pt-cv-tax-industria-nacional'>Industria Nacional<\/a><\/div><h4 class=\"pt-cv-title\"><a href=\"https:\/\/garageblogec.com\/?p=3291\" class=\"_self\" target=\"_self\" >Seguridad al volante en Ecuador: los errores m\u00e1s comunes que cometen los conductores<\/a><\/h4><div class=\"pt-cv-meta-fields\"><span class=\"entry-date\"> <time datetime=\"2026-04-14T20:08:54+00:00\">abril 14, 2026<\/time><\/span><span> \/ <\/span><span class=\"author\"> <a href=\"https:\/\/garageblogec.com\/?author=6\" rel=\"author\">gabi1212<\/a><\/span><\/div><\/div><\/div>\n<div class=\" pt-cv-content-item pt-cv-1-col\" ><div class=\"pt-cv-thumb-wrapper  \"><a href=\"https:\/\/garageblogec.com\/?p=3286\" class=\"_self pt-cv-href-thumbnail pt-cv-thumb-default\" target=\"_self\" ><img loading=\"lazy\" decoding=\"async\" width=\"768\" height=\"492\" src=\"https:\/\/garageblogec.com\/wp-content\/uploads\/2026\/04\/Posventa.jpg-768x492.jpeg\" class=\"pt-cv-thumbnail\" alt=\"\" \/><\/a><\/div>\n<div class=\"pt-cv-overlay-wrapper\"><div class=\"pt-cv-taxoterm above_title\"><a href='https:\/\/garageblogec.com\/?cat=27' title='Industria Nacional' class='pt-cv-tax-industria-nacional'>Industria Nacional<\/a><\/div><h4 class=\"pt-cv-title\"><a href=\"https:\/\/garageblogec.com\/?p=3286\" class=\"_self\" target=\"_self\" >Clientes Nissan reciben cambios de aceite infinitos<\/a><\/h4><div class=\"pt-cv-meta-fields\"><span class=\"entry-date\"> <time datetime=\"2026-04-14T20:04:08+00:00\">abril 14, 2026<\/time><\/span><span> \/ <\/span><span class=\"author\"> <a href=\"https:\/\/garageblogec.com\/?author=6\" rel=\"author\">gabi1212<\/a><\/span><\/div><\/div><\/div>\n<div class=\" pt-cv-content-item pt-cv-1-col\" ><div class=\"pt-cv-thumb-wrapper  \"><a href=\"https:\/\/garageblogec.com\/?p=3280\" class=\"_self pt-cv-href-thumbnail pt-cv-thumb-default\" target=\"_self\" ><img loading=\"lazy\" decoding=\"async\" width=\"768\" height=\"512\" src=\"https:\/\/garageblogec.com\/wp-content\/uploads\/2026\/04\/foto1-768x512.jpeg\" class=\"pt-cv-thumbnail\" alt=\"\" \/><\/a><\/div>\n<div class=\"pt-cv-overlay-wrapper\"><div class=\"pt-cv-taxoterm above_title\"><a href='https:\/\/garageblogec.com\/?cat=27' title='Industria Nacional' class='pt-cv-tax-industria-nacional'>Industria Nacional<\/a><\/div><h4 class=\"pt-cv-title\"><a href=\"https:\/\/garageblogec.com\/?p=3280\" class=\"_self\" target=\"_self\" >Movilidad como inversi\u00f3n: el uso de utilidades que crece en Ecuador<\/a><\/h4><div class=\"pt-cv-meta-fields\"><span class=\"entry-date\"> <time datetime=\"2026-04-07T19:55:36+00:00\">abril 7, 2026<\/time><\/span><span> \/ <\/span><span class=\"author\"> <a href=\"https:\/\/garageblogec.com\/?author=6\" rel=\"author\">gabi1212<\/a><\/span><\/div><\/div><\/div>\n<div class=\" pt-cv-content-item pt-cv-1-col\" ><div class=\"pt-cv-thumb-wrapper  \"><a href=\"https:\/\/garageblogec.com\/?p=3276\" class=\"_self pt-cv-href-thumbnail pt-cv-thumb-default\" target=\"_self\" ><img loading=\"lazy\" decoding=\"async\" width=\"745\" height=\"491\" src=\"https:\/\/garageblogec.com\/wp-content\/uploads\/2026\/04\/TT.png\" class=\"pt-cv-thumbnail\" alt=\"\" \/><\/a><\/div>\n<div class=\"pt-cv-overlay-wrapper\"><div class=\"pt-cv-taxoterm above_title\"><a href='https:\/\/garageblogec.com\/?cat=27' title='Industria Nacional' class='pt-cv-tax-industria-nacional'>Industria Nacional<\/a><\/div><h4 class=\"pt-cv-title\"><a href=\"https:\/\/garageblogec.com\/?p=3276\" class=\"_self\" target=\"_self\" >Lluvias en Ecuador: C\u00f3mo reducir riesgos en carretera y prevenir accidentes en calzada mojada<\/a><\/h4><div class=\"pt-cv-meta-fields\"><span class=\"entry-date\"> <time datetime=\"2026-04-07T19:46:52+00:00\">abril 7, 2026<\/time><\/span><span> \/ <\/span><span class=\"author\"> <a href=\"https:\/\/garageblogec.com\/?author=6\" rel=\"author\">gabi1212<\/a><\/span><\/div><\/div><\/div><\/div><\/div> <\/div> <style>\n#pt-cv-view-gue7phpt .pt-cv-thumb-wrapper::before {background: rgba(0,0,0,.4); opacity: 0.8;}#pt-cv-view-gue7phpt .pt-cv-overlay-wrapper {justify-content: center;}\n#pt-cv-view-gue7phpt .pt-cv-meta-fields {  }#pt-cv-view-gue7phpt .pt-cv-meta-fields * { font-size: 13px; }#pt-cv-view-gue7phpt .pt-cv-title a { display: block; }#pt-cv-view-gue7phpt .pt-cv-title:not(.pt-cv-titlesm) a { font-weight: 600;text-decoration: none;font-size: 20px; }#pt-cv-view-gue7phpt .pt-cv-titlesm a { font-weight: 600;font-size: 18px; }#pt-cv-view-gue7phpt .pt-cv-content { font-size: 15px; }#pt-cv-view-gue7phpt .pt-cv-rmwrap {  }#pt-cv-view-gue7phpt .pt-cv-readmore { color: #fff;background-color: #0075ff;font-size: 14px; }#pt-cv-view-gue7phpt .pt-cv-taxoterm { margin: 0px 0px 20px 0px; }#pt-cv-view-gue7phpt .pt-cv-taxoterm * { color: #222;background-color: #fff6f6;font-size: 14px; }#pt-cv-view-gue7phpt + .pt-cv-pagination-wrapper {  }#pt-cv-view-gue7phpt + .pt-cv-pagination-wrapper a { font-size: 14px; }#pt-cv-view-gue7phpt > .pt-cv-page {grid-template-columns: repeat(3, 1fr);grid-auto-rows: 250px;grid-gap: 10px;}\n@media all and (max-width: 1024px) { \n#pt-cv-view-gue7phpt > .pt-cv-page {}\n} \n@media all and (max-width: 767px) { \n#pt-cv-view-gue7phpt > .pt-cv-page {grid-template-columns: repeat(1, 1fr);}\n} <\/style>","protected":false},"excerpt":{"rendered":"<p>TCR Sudam\u00e9rica tendr\u00e1 un nuevo y altamente competitivo equipo de carreras en la pr\u00f3xima temporada. Hyundai MSA fue anunciado p\u00fablicamente en la \u00faltima carrera de 2025 y contar\u00e1 con cuatro nuevos autos Hyundai Elantra N TCR en la competencia de 2026, siendo uno de los equipos m\u00e1s grandes de la parrilla. El primer piloto confirmado [&hellip;]<\/p>\n","protected":false},"author":6,"featured_media":2937,"comment_status":"open","ping_status":"open","sticky":false,"template":"","format":"standard","meta":{"_jetpack_memberships_contains_paid_content":false,"footnotes":""},"categories":[27],"tags":[],"class_list":["post-2935","post","type-post","status-publish","format-standard","has-post-thumbnail","hentry","category-industria-nacional"],"yoast_head":"<!-- This site is optimized with the Yoast SEO plugin v27.5 - https:\/\/yoast.com\/product\/yoast-seo-wordpress\/ -->\n<title>Nuevo equipo Hyundai MSA para competir en el TCR Sudam\u00e9rica 2026 - Garage Blog Ecuador<\/title>\n<meta name=\"robots\" content=\"index, follow, max-snippet:-1, max-image-preview:large, max-video-preview:-1\" \/>\n<link rel=\"canonical\" href=\"https:\/\/garageblogec.com\/?p=2935\" \/>\n<meta property=\"og:locale\" content=\"es_ES\" \/>\n<meta property=\"og:type\" content=\"article\" \/>\n<meta property=\"og:title\" content=\"Nuevo equipo Hyundai MSA para competir en el TCR Sudam\u00e9rica 2026 - Garage Blog Ecuador\" \/>\n<meta property=\"og:description\" content=\"TCR Sudam\u00e9rica tendr\u00e1 un nuevo y altamente competitivo equipo de carreras en la pr\u00f3xima temporada. Hyundai MSA fue anunciado p\u00fablicamente en la \u00faltima carrera de 2025 y contar\u00e1 con cuatro nuevos autos Hyundai Elantra N TCR en la competencia de 2026, siendo uno de los equipos m\u00e1s grandes de la parrilla. El primer piloto confirmado [&hellip;]\" \/>\n<meta property=\"og:url\" content=\"https:\/\/garageblogec.com\/?p=2935\" \/>\n<meta property=\"og:site_name\" content=\"Garage Blog Ecuador\" \/>\n<meta property=\"article:published_time\" content=\"2025-12-29T19:17:13+00:00\" \/>\n<meta property=\"article:modified_time\" content=\"2025-12-29T19:17:19+00:00\" \/>\n<meta property=\"og:image\" content=\"https:\/\/garageblogec.com\/wp-content\/uploads\/2025\/12\/WhatsApp-Image-2025-12-29-at-10.51.38-AM-1.jpeg\" \/>\n\t<meta property=\"og:image:width\" content=\"1600\" \/>\n\t<meta property=\"og:image:height\" content=\"1066\" \/>\n\t<meta property=\"og:image:type\" content=\"image\/jpeg\" \/>\n<meta name=\"author\" content=\"gabi1212\" \/>\n<meta name=\"twitter:card\" content=\"summary_large_image\" \/>\n<meta name=\"twitter:label1\" content=\"Escrito por\" \/>\n\t<meta name=\"twitter:data1\" content=\"gabi1212\" \/>\n\t<meta name=\"twitter:label2\" content=\"Tiempo de lectura\" \/>\n\t<meta name=\"twitter:data2\" content=\"5 minutos\" \/>\n<script type=\"application\/ld+json\" class=\"yoast-schema-graph\">{\"@context\":\"https:\\\/\\\/schema.org\",\"@graph\":[{\"@type\":\"Article\",\"@id\":\"https:\\\/\\\/garageblogec.com\\\/?p=2935#article\",\"isPartOf\":{\"@id\":\"https:\\\/\\\/garageblogec.com\\\/?p=2935\"},\"author\":{\"name\":\"gabi1212\",\"@id\":\"https:\\\/\\\/garageblogec.com\\\/#\\\/schema\\\/person\\\/635f4b76c0cb3e43b82fe6f7d8bcceea\"},\"headline\":\"Nuevo equipo Hyundai MSA para competir en el TCR Sudam\u00e9rica 2026\",\"datePublished\":\"2025-12-29T19:17:13+00:00\",\"dateModified\":\"2025-12-29T19:17:19+00:00\",\"mainEntityOfPage\":{\"@id\":\"https:\\\/\\\/garageblogec.com\\\/?p=2935\"},\"wordCount\":881,\"commentCount\":0,\"publisher\":{\"@id\":\"https:\\\/\\\/garageblogec.com\\\/#organization\"},\"image\":{\"@id\":\"https:\\\/\\\/garageblogec.com\\\/?p=2935#primaryimage\"},\"thumbnailUrl\":\"https:\\\/\\\/garageblogec.com\\\/wp-content\\\/uploads\\\/2025\\\/12\\\/WhatsApp-Image-2025-12-29-at-10.51.38-AM-1.jpeg\",\"articleSection\":[\"Industria Nacional\"],\"inLanguage\":\"es\",\"potentialAction\":[{\"@type\":\"CommentAction\",\"name\":\"Comment\",\"target\":[\"https:\\\/\\\/garageblogec.com\\\/?p=2935#respond\"]}]},{\"@type\":\"WebPage\",\"@id\":\"https:\\\/\\\/garageblogec.com\\\/?p=2935\",\"url\":\"https:\\\/\\\/garageblogec.com\\\/?p=2935\",\"name\":\"Nuevo equipo Hyundai MSA para competir en el TCR Sudam\u00e9rica 2026 - Garage Blog Ecuador\",\"isPartOf\":{\"@id\":\"https:\\\/\\\/garageblogec.com\\\/#website\"},\"primaryImageOfPage\":{\"@id\":\"https:\\\/\\\/garageblogec.com\\\/?p=2935#primaryimage\"},\"image\":{\"@id\":\"https:\\\/\\\/garageblogec.com\\\/?p=2935#primaryimage\"},\"thumbnailUrl\":\"https:\\\/\\\/garageblogec.com\\\/wp-content\\\/uploads\\\/2025\\\/12\\\/WhatsApp-Image-2025-12-29-at-10.51.38-AM-1.jpeg\",\"datePublished\":\"2025-12-29T19:17:13+00:00\",\"dateModified\":\"2025-12-29T19:17:19+00:00\",\"breadcrumb\":{\"@id\":\"https:\\\/\\\/garageblogec.com\\\/?p=2935#breadcrumb\"},\"inLanguage\":\"es\",\"potentialAction\":[{\"@type\":\"ReadAction\",\"target\":[\"https:\\\/\\\/garageblogec.com\\\/?p=2935\"]}]},{\"@type\":\"ImageObject\",\"inLanguage\":\"es\",\"@id\":\"https:\\\/\\\/garageblogec.com\\\/?p=2935#primaryimage\",\"url\":\"https:\\\/\\\/garageblogec.com\\\/wp-content\\\/uploads\\\/2025\\\/12\\\/WhatsApp-Image-2025-12-29-at-10.51.38-AM-1.jpeg\",\"contentUrl\":\"https:\\\/\\\/garageblogec.com\\\/wp-content\\\/uploads\\\/2025\\\/12\\\/WhatsApp-Image-2025-12-29-at-10.51.38-AM-1.jpeg\",\"width\":1600,\"height\":1066},{\"@type\":\"BreadcrumbList\",\"@id\":\"https:\\\/\\\/garageblogec.com\\\/?p=2935#breadcrumb\",\"itemListElement\":[{\"@type\":\"ListItem\",\"position\":1,\"name\":\"Portada\",\"item\":\"https:\\\/\\\/garageblogec.com\\\/\"},{\"@type\":\"ListItem\",\"position\":2,\"name\":\"Nuevo equipo Hyundai MSA para competir en el TCR Sudam\u00e9rica 2026\"}]},{\"@type\":\"WebSite\",\"@id\":\"https:\\\/\\\/garageblogec.com\\\/#website\",\"url\":\"https:\\\/\\\/garageblogec.com\\\/\",\"name\":\"Garage Blog Ecuador\",\"description\":\"Alucinamos por los autos \",\"publisher\":{\"@id\":\"https:\\\/\\\/garageblogec.com\\\/#organization\"},\"potentialAction\":[{\"@type\":\"SearchAction\",\"target\":{\"@type\":\"EntryPoint\",\"urlTemplate\":\"https:\\\/\\\/garageblogec.com\\\/?s={search_term_string}\"},\"query-input\":{\"@type\":\"PropertyValueSpecification\",\"valueRequired\":true,\"valueName\":\"search_term_string\"}}],\"inLanguage\":\"es\"},{\"@type\":\"Organization\",\"@id\":\"https:\\\/\\\/garageblogec.com\\\/#organization\",\"name\":\"Garage Blog Ecuador\",\"url\":\"https:\\\/\\\/garageblogec.com\\\/\",\"logo\":{\"@type\":\"ImageObject\",\"inLanguage\":\"es\",\"@id\":\"https:\\\/\\\/garageblogec.com\\\/#\\\/schema\\\/logo\\\/image\\\/\",\"url\":\"https:\\\/\\\/garageblogec.com\\\/wp-content\\\/uploads\\\/2024\\\/02\\\/cropped-logo-png-para-blog.webp\",\"contentUrl\":\"https:\\\/\\\/garageblogec.com\\\/wp-content\\\/uploads\\\/2024\\\/02\\\/cropped-logo-png-para-blog.webp\",\"width\":840,\"height\":556,\"caption\":\"Garage Blog Ecuador \"},\"image\":{\"@id\":\"https:\\\/\\\/garageblogec.com\\\/#\\\/schema\\\/logo\\\/image\\\/\"}},{\"@type\":\"Person\",\"@id\":\"https:\\\/\\\/garageblogec.com\\\/#\\\/schema\\\/person\\\/635f4b76c0cb3e43b82fe6f7d8bcceea\",\"name\":\"gabi1212\",\"image\":{\"@type\":\"ImageObject\",\"inLanguage\":\"es\",\"@id\":\"https:\\\/\\\/secure.gravatar.com\\\/avatar\\\/6aa491f45cb359d4d6dd8c430e83f78899c80569c27d21156e19bbdcd31d1811?s=96&d=mm&r=g\",\"url\":\"https:\\\/\\\/secure.gravatar.com\\\/avatar\\\/6aa491f45cb359d4d6dd8c430e83f78899c80569c27d21156e19bbdcd31d1811?s=96&d=mm&r=g\",\"contentUrl\":\"https:\\\/\\\/secure.gravatar.com\\\/avatar\\\/6aa491f45cb359d4d6dd8c430e83f78899c80569c27d21156e19bbdcd31d1811?s=96&d=mm&r=g\",\"caption\":\"gabi1212\"},\"url\":\"https:\\\/\\\/garageblogec.com\\\/?author=6\"}]}<\/script>\n<!-- \/ Yoast SEO plugin. -->","yoast_head_json":{"title":"Nuevo equipo Hyundai MSA para competir en el TCR Sudam\u00e9rica 2026 - Garage Blog Ecuador","robots":{"index":"index","follow":"follow","max-snippet":"max-snippet:-1","max-image-preview":"max-image-preview:large","max-video-preview":"max-video-preview:-1"},"canonical":"https:\/\/garageblogec.com\/?p=2935","og_locale":"es_ES","og_type":"article","og_title":"Nuevo equipo Hyundai MSA para competir en el TCR Sudam\u00e9rica 2026 - Garage Blog Ecuador","og_description":"TCR Sudam\u00e9rica tendr\u00e1 un nuevo y altamente competitivo equipo de carreras en la pr\u00f3xima temporada. Hyundai MSA fue anunciado p\u00fablicamente en la \u00faltima carrera de 2025 y contar\u00e1 con cuatro nuevos autos Hyundai Elantra N TCR en la competencia de 2026, siendo uno de los equipos m\u00e1s grandes de la parrilla. El primer piloto confirmado [&hellip;]","og_url":"https:\/\/garageblogec.com\/?p=2935","og_site_name":"Garage Blog Ecuador","article_published_time":"2025-12-29T19:17:13+00:00","article_modified_time":"2025-12-29T19:17:19+00:00","og_image":[{"width":1600,"height":1066,"url":"https:\/\/garageblogec.com\/wp-content\/uploads\/2025\/12\/WhatsApp-Image-2025-12-29-at-10.51.38-AM-1.jpeg","type":"image\/jpeg"}],"author":"gabi1212","twitter_card":"summary_large_image","twitter_misc":{"Escrito por":"gabi1212","Tiempo de lectura":"5 minutos"},"schema":{"@context":"https:\/\/schema.org","@graph":[{"@type":"Article","@id":"https:\/\/garageblogec.com\/?p=2935#article","isPartOf":{"@id":"https:\/\/garageblogec.com\/?p=2935"},"author":{"name":"gabi1212","@id":"https:\/\/garageblogec.com\/#\/schema\/person\/635f4b76c0cb3e43b82fe6f7d8bcceea"},"headline":"Nuevo equipo Hyundai MSA para competir en el TCR Sudam\u00e9rica 2026","datePublished":"2025-12-29T19:17:13+00:00","dateModified":"2025-12-29T19:17:19+00:00","mainEntityOfPage":{"@id":"https:\/\/garageblogec.com\/?p=2935"},"wordCount":881,"commentCount":0,"publisher":{"@id":"https:\/\/garageblogec.com\/#organization"},"image":{"@id":"https:\/\/garageblogec.com\/?p=2935#primaryimage"},"thumbnailUrl":"https:\/\/garageblogec.com\/wp-content\/uploads\/2025\/12\/WhatsApp-Image-2025-12-29-at-10.51.38-AM-1.jpeg","articleSection":["Industria Nacional"],"inLanguage":"es","potentialAction":[{"@type":"CommentAction","name":"Comment","target":["https:\/\/garageblogec.com\/?p=2935#respond"]}]},{"@type":"WebPage","@id":"https:\/\/garageblogec.com\/?p=2935","url":"https:\/\/garageblogec.com\/?p=2935","name":"Nuevo equipo Hyundai MSA para competir en el TCR Sudam\u00e9rica 2026 - Garage Blog Ecuador","isPartOf":{"@id":"https:\/\/garageblogec.com\/#website"},"primaryImageOfPage":{"@id":"https:\/\/garageblogec.com\/?p=2935#primaryimage"},"image":{"@id":"https:\/\/garageblogec.com\/?p=2935#primaryimage"},"thumbnailUrl":"https:\/\/garageblogec.com\/wp-content\/uploads\/2025\/12\/WhatsApp-Image-2025-12-29-at-10.51.38-AM-1.jpeg","datePublished":"2025-12-29T19:17:13+00:00","dateModified":"2025-12-29T19:17:19+00:00","breadcrumb":{"@id":"https:\/\/garageblogec.com\/?p=2935#breadcrumb"},"inLanguage":"es","potentialAction":[{"@type":"ReadAction","target":["https:\/\/garageblogec.com\/?p=2935"]}]},{"@type":"ImageObject","inLanguage":"es","@id":"https:\/\/garageblogec.com\/?p=2935#primaryimage","url":"https:\/\/garageblogec.com\/wp-content\/uploads\/2025\/12\/WhatsApp-Image-2025-12-29-at-10.51.38-AM-1.jpeg","contentUrl":"https:\/\/garageblogec.com\/wp-content\/uploads\/2025\/12\/WhatsApp-Image-2025-12-29-at-10.51.38-AM-1.jpeg","width":1600,"height":1066},{"@type":"BreadcrumbList","@id":"https:\/\/garageblogec.com\/?p=2935#breadcrumb","itemListElement":[{"@type":"ListItem","position":1,"name":"Portada","item":"https:\/\/garageblogec.com\/"},{"@type":"ListItem","position":2,"name":"Nuevo equipo Hyundai MSA para competir en el TCR Sudam\u00e9rica 2026"}]},{"@type":"WebSite","@id":"https:\/\/garageblogec.com\/#website","url":"https:\/\/garageblogec.com\/","name":"Garage Blog Ecuador","description":"Alucinamos por los autos ","publisher":{"@id":"https:\/\/garageblogec.com\/#organization"},"potentialAction":[{"@type":"SearchAction","target":{"@type":"EntryPoint","urlTemplate":"https:\/\/garageblogec.com\/?s={search_term_string}"},"query-input":{"@type":"PropertyValueSpecification","valueRequired":true,"valueName":"search_term_string"}}],"inLanguage":"es"},{"@type":"Organization","@id":"https:\/\/garageblogec.com\/#organization","name":"Garage Blog Ecuador","url":"https:\/\/garageblogec.com\/","logo":{"@type":"ImageObject","inLanguage":"es","@id":"https:\/\/garageblogec.com\/#\/schema\/logo\/image\/","url":"https:\/\/garageblogec.com\/wp-content\/uploads\/2024\/02\/cropped-logo-png-para-blog.webp","contentUrl":"https:\/\/garageblogec.com\/wp-content\/uploads\/2024\/02\/cropped-logo-png-para-blog.webp","width":840,"height":556,"caption":"Garage Blog Ecuador "},"image":{"@id":"https:\/\/garageblogec.com\/#\/schema\/logo\/image\/"}},{"@type":"Person","@id":"https:\/\/garageblogec.com\/#\/schema\/person\/635f4b76c0cb3e43b82fe6f7d8bcceea","name":"gabi1212","image":{"@type":"ImageObject","inLanguage":"es","@id":"https:\/\/secure.gravatar.com\/avatar\/6aa491f45cb359d4d6dd8c430e83f78899c80569c27d21156e19bbdcd31d1811?s=96&d=mm&r=g","url":"https:\/\/secure.gravatar.com\/avatar\/6aa491f45cb359d4d6dd8c430e83f78899c80569c27d21156e19bbdcd31d1811?s=96&d=mm&r=g","contentUrl":"https:\/\/secure.gravatar.com\/avatar\/6aa491f45cb359d4d6dd8c430e83f78899c80569c27d21156e19bbdcd31d1811?s=96&d=mm&r=g","caption":"gabi1212"},"url":"https:\/\/garageblogec.com\/?author=6"}]}},"jetpack_featured_media_url":"https:\/\/garageblogec.com\/wp-content\/uploads\/2025\/12\/WhatsApp-Image-2025-12-29-at-10.51.38-AM-1.jpeg","jetpack_sharing_enabled":true,"_links":{"self":[{"href":"https:\/\/garageblogec.com\/index.php?rest_route=\/wp\/v2\/posts\/2935","targetHints":{"allow":["GET"]}}],"collection":[{"href":"https:\/\/garageblogec.com\/index.php?rest_route=\/wp\/v2\/posts"}],"about":[{"href":"https:\/\/garageblogec.com\/index.php?rest_route=\/wp\/v2\/types\/post"}],"author":[{"embeddable":true,"href":"https:\/\/garageblogec.com\/index.php?rest_route=\/wp\/v2\/users\/6"}],"replies":[{"embeddable":true,"href":"https:\/\/garageblogec.com\/index.php?rest_route=%2Fwp%2Fv2%2Fcomments&post=2935"}],"version-history":[{"count":1,"href":"https:\/\/garageblogec.com\/index.php?rest_route=\/wp\/v2\/posts\/2935\/revisions"}],"predecessor-version":[{"id":2938,"href":"https:\/\/garageblogec.com\/index.php?rest_route=\/wp\/v2\/posts\/2935\/revisions\/2938"}],"wp:featuredmedia":[{"embeddable":true,"href":"https:\/\/garageblogec.com\/index.php?rest_route=\/wp\/v2\/media\/2937"}],"wp:attachment":[{"href":"https:\/\/garageblogec.com\/index.php?rest_route=%2Fwp%2Fv2%2Fmedia&parent=2935"}],"wp:term":[{"taxonomy":"category","embeddable":true,"href":"https:\/\/garageblogec.com\/index.php?rest_route=%2Fwp%2Fv2%2Fcategories&post=2935"},{"taxonomy":"post_tag","embeddable":true,"href":"https:\/\/garageblogec.com\/index.php?rest_route=%2Fwp%2Fv2%2Ftags&post=2935"}],"curies":[{"name":"wp","href":"https:\/\/api.w.org\/{rel}","templated":true}]}}