{"id":2919,"date":"2025-12-19T19:05:53","date_gmt":"2025-12-19T19:05:53","guid":{"rendered":"https:\/\/garageblogec.com\/?p=2919"},"modified":"2025-12-19T19:05:59","modified_gmt":"2025-12-19T19:05:59","slug":"nissan-invita-a-vivir-su-adn-con-una-experiencia-unica-junto-al-legendario-z","status":"publish","type":"post","link":"https:\/\/garageblogec.com\/?p=2919","title":{"rendered":"Nissan invita a vivir su ADN con una experiencia \u00fanica junto al legendario \u201cZ\u201d"},"content":{"rendered":"\n<p>Automotores y Anexos, representante de la marca Nissan en el pa\u00eds, llev\u00f3 a cabo un encuentro exclusivo que busc\u00f3 acercar a invitados especiales, medios de comunicaci\u00f3n y entusiastas del motor a la esencia que ha definido a la marca durante m\u00e1s de ocho d\u00e9cadas, innovaci\u00f3n japonesa, deportividad, precisi\u00f3n e ingenier\u00eda al servicio de la emoci\u00f3n de conducir.<\/p>\n\n\n\n<figure class=\"wp-block-image size-large\"><img fetchpriority=\"high\" decoding=\"async\" width=\"1024\" height=\"682\" src=\"https:\/\/garageblogec.com\/wp-content\/uploads\/2025\/12\/DSC01452-1024x682.jpg\" alt=\"\" class=\"wp-image-2921\" srcset=\"https:\/\/garageblogec.com\/wp-content\/uploads\/2025\/12\/DSC01452-1024x682.jpg 1024w, https:\/\/garageblogec.com\/wp-content\/uploads\/2025\/12\/DSC01452-300x200.jpg 300w, https:\/\/garageblogec.com\/wp-content\/uploads\/2025\/12\/DSC01452-768x512.jpg 768w, https:\/\/garageblogec.com\/wp-content\/uploads\/2025\/12\/DSC01452-1536x1024.jpg 1536w, https:\/\/garageblogec.com\/wp-content\/uploads\/2025\/12\/DSC01452-1320x880.jpg 1320w, https:\/\/garageblogec.com\/wp-content\/uploads\/2025\/12\/DSC01452.jpg 2000w\" sizes=\"(max-width: 1024px) 100vw, 1024px\" \/><\/figure>\n\n\n\n<p>El protagonista indiscutible de la jornada fue el Nissan Z, un \u00edcono global que simboliza la herencia deportiva de la marca. Aunque este modelo no se comercializa en Ecuador, su presencia permiti\u00f3 a los asistentes conectarse con los valores que han marcado la historia de Nissan. La unidad exhibida, pertenece a la m\u00e1s reciente generaci\u00f3n, retoma elementos emblem\u00e1ticos del 240Z como sus proporciones cl\u00e1sicas, los faros inspirados en el dise\u00f1o original y el caracter\u00edstico perfil lateral tipo katana, detalles que reafirman su ADN japon\u00e9s.<\/p>\n\n\n\n<figure class=\"wp-block-image size-large\"><img decoding=\"async\" width=\"1024\" height=\"680\" src=\"https:\/\/garageblogec.com\/wp-content\/uploads\/2025\/12\/DSC001-1024x680.png\" alt=\"\" class=\"wp-image-2922\" srcset=\"https:\/\/garageblogec.com\/wp-content\/uploads\/2025\/12\/DSC001-1024x680.png 1024w, https:\/\/garageblogec.com\/wp-content\/uploads\/2025\/12\/DSC001-300x199.png 300w, https:\/\/garageblogec.com\/wp-content\/uploads\/2025\/12\/DSC001-768x510.png 768w, https:\/\/garageblogec.com\/wp-content\/uploads\/2025\/12\/DSC001-1536x1021.png 1536w, https:\/\/garageblogec.com\/wp-content\/uploads\/2025\/12\/DSC001-1320x877.png 1320w, https:\/\/garageblogec.com\/wp-content\/uploads\/2025\/12\/DSC001.png 2000w\" sizes=\"(max-width: 1024px) 100vw, 1024px\" \/><\/figure>\n\n\n\n<p>M\u00e1s all\u00e1 de contemplar al legendario Z, la experiencia fue dise\u00f1ada como un recorrido inmersivo por la filosof\u00eda de Nissan. Los asistentes disfrutaron de pruebas de manejo con modelos como el Nissan X-Trail e-POWER, sesiones de simulaci\u00f3n de conducci\u00f3n que pusieron a prueba la precisi\u00f3n al volante, din\u00e1micas de reflejos inspiradas en los sistemas de asistencia del Nissan y espacios interactivos para conocer de cerca la visi\u00f3n de la marca hacia una movilidad m\u00e1s inteligente, conectada y emocionante.<\/p>\n\n\n\n<p>Cada momento estuvo concebido para demostrar c\u00f3mo Nissan integra tecnolog\u00eda, seguridad y desempe\u00f1o en cada veh\u00edculo, respaldado por un legado japon\u00e9s de artesan\u00eda, ingenier\u00eda y atenci\u00f3n al detalle.<\/p>\n\n\n\n<figure class=\"wp-block-image size-large\"><img decoding=\"async\" width=\"1024\" height=\"682\" src=\"https:\/\/garageblogec.com\/wp-content\/uploads\/2025\/12\/DSC07763-1024x682.jpg\" alt=\"\" class=\"wp-image-2920\" srcset=\"https:\/\/garageblogec.com\/wp-content\/uploads\/2025\/12\/DSC07763-1024x682.jpg 1024w, https:\/\/garageblogec.com\/wp-content\/uploads\/2025\/12\/DSC07763-300x200.jpg 300w, https:\/\/garageblogec.com\/wp-content\/uploads\/2025\/12\/DSC07763-768x512.jpg 768w, https:\/\/garageblogec.com\/wp-content\/uploads\/2025\/12\/DSC07763-1536x1024.jpg 1536w, https:\/\/garageblogec.com\/wp-content\/uploads\/2025\/12\/DSC07763-1320x880.jpg 1320w, https:\/\/garageblogec.com\/wp-content\/uploads\/2025\/12\/DSC07763.jpg 2000w\" sizes=\"(max-width: 1024px) 100vw, 1024px\" \/><\/figure>\n\n\n\n<p>\u201cQueremos que cada persona que viva la experiencia Nissan, entienda que detr\u00e1s de cada detalle, desde el dise\u00f1o hasta la ingenier\u00eda, hay una filosof\u00eda japonesa que combina precisi\u00f3n, emoci\u00f3n y una b\u00fasqueda constante de excelencia. El Nissan Z es un recordatorio de ese legado y de hacia d\u00f3nde queremos seguir llevando a la marca en Ecuador\u201d, se\u00f1al\u00f3 Ver\u00f3nica Lasso, Gerente de Marketing Nissan.<\/p>\n\n\n\n<p>Con este evento, Nissan reafirm\u00f3 su compromiso de seguir creando experiencias que conectan su legado japon\u00e9s con la innovaci\u00f3n del futuro, acercando a sus invitados a la esencia que impulsa cada uno de sus veh\u00edculos.<\/p>\n\n\n<div class='pt-cv-wrapper'> <h3 class='pt-cv-heading-container heading1' data-blockid='3j2btcih'><span class='pt-cv-heading'> Overlay1 <\/span><\/h3><div class=\"pt-cv-view pt-cv-overlaygrid iscvblock iscvreal overlay1 layout1\" id=\"pt-cv-view-3j2btcih\"><div data-id=\"pt-cv-page-1\" class=\"pt-cv-page\" data-cvc=\"3\"><div class=\" pt-cv-content-item pt-cv-1-col\" ><div class=\"pt-cv-thumb-wrapper  \"><a href=\"https:\/\/garageblogec.com\/?p=3303\" class=\"_self pt-cv-href-thumbnail pt-cv-thumb-default\" target=\"_self\" ><img loading=\"lazy\" decoding=\"async\" width=\"768\" height=\"432\" src=\"https:\/\/garageblogec.com\/wp-content\/uploads\/2026\/04\/WhatsApp-Image-2026-04-21-at-1.52.53-PM-768x432.jpeg\" class=\"pt-cv-thumbnail\" alt=\"\" \/><\/a><\/div>\n<div class=\"pt-cv-overlay-wrapper\"><div class=\"pt-cv-taxoterm above_title\"><a href='https:\/\/garageblogec.com\/?cat=27' title='Industria Nacional' class='pt-cv-tax-industria-nacional'>Industria Nacional<\/a><\/div><h4 class=\"pt-cv-title\"><a href=\"https:\/\/garageblogec.com\/?p=3303\" class=\"_self\" target=\"_self\" >Grupo Ambacar presenta en Guayaquil KGM, su nueva marca de SUV h\u00edbridos con respaldo global<\/a><\/h4><div class=\"pt-cv-meta-fields\"><span class=\"entry-date\"> <time datetime=\"2026-04-21T21:37:24+00:00\">abril 21, 2026<\/time><\/span><span> \/ <\/span><span class=\"author\"> <a href=\"https:\/\/garageblogec.com\/?author=6\" rel=\"author\">gabi1212<\/a><\/span><\/div><\/div><\/div>\n<div class=\" pt-cv-content-item pt-cv-1-col\" ><div class=\"pt-cv-thumb-wrapper  \"><a href=\"https:\/\/garageblogec.com\/?p=3296\" class=\"_self pt-cv-href-thumbnail pt-cv-thumb-default\" target=\"_self\" ><img loading=\"lazy\" decoding=\"async\" width=\"768\" height=\"432\" src=\"https:\/\/garageblogec.com\/wp-content\/uploads\/2026\/04\/WhatsApp-Image-2026-04-14-at-3.15.09-PM-768x432.jpeg\" class=\"pt-cv-thumbnail\" alt=\"\" \/><\/a><\/div>\n<div class=\"pt-cv-overlay-wrapper\"><div class=\"pt-cv-taxoterm above_title\"><a href='https:\/\/garageblogec.com\/?cat=27' title='Industria Nacional' class='pt-cv-tax-industria-nacional'>Industria Nacional<\/a><\/div><h4 class=\"pt-cv-title\"><a href=\"https:\/\/garageblogec.com\/?p=3296\" class=\"_self\" target=\"_self\" >El tablero desapareci\u00f3, ahora el auto es una pantalla inteligente<\/a><\/h4><div class=\"pt-cv-meta-fields\"><span class=\"entry-date\"> <time datetime=\"2026-04-14T20:21:20+00:00\">abril 14, 2026<\/time><\/span><span> \/ <\/span><span class=\"author\"> <a href=\"https:\/\/garageblogec.com\/?author=6\" rel=\"author\">gabi1212<\/a><\/span><\/div><\/div><\/div>\n<div class=\" pt-cv-content-item pt-cv-1-col\" ><div class=\"pt-cv-thumb-wrapper  \"><a href=\"https:\/\/garageblogec.com\/?p=3291\" class=\"_self pt-cv-href-thumbnail pt-cv-thumb-default\" target=\"_self\" ><img loading=\"lazy\" decoding=\"async\" width=\"768\" height=\"432\" src=\"https:\/\/garageblogec.com\/wp-content\/uploads\/2026\/04\/WhatsApp-Image-2026-04-14-at-2.21.27-PM-768x432.jpeg\" class=\"pt-cv-thumbnail\" alt=\"\" \/><\/a><\/div>\n<div class=\"pt-cv-overlay-wrapper\"><div class=\"pt-cv-taxoterm above_title\"><a href='https:\/\/garageblogec.com\/?cat=27' title='Industria Nacional' class='pt-cv-tax-industria-nacional'>Industria Nacional<\/a><\/div><h4 class=\"pt-cv-title\"><a href=\"https:\/\/garageblogec.com\/?p=3291\" class=\"_self\" target=\"_self\" >Seguridad al volante en Ecuador: los errores m\u00e1s comunes que cometen los conductores<\/a><\/h4><div class=\"pt-cv-meta-fields\"><span class=\"entry-date\"> <time datetime=\"2026-04-14T20:08:54+00:00\">abril 14, 2026<\/time><\/span><span> \/ <\/span><span class=\"author\"> <a href=\"https:\/\/garageblogec.com\/?author=6\" rel=\"author\">gabi1212<\/a><\/span><\/div><\/div><\/div>\n<div class=\" pt-cv-content-item pt-cv-1-col\" ><div class=\"pt-cv-thumb-wrapper  \"><a href=\"https:\/\/garageblogec.com\/?p=3286\" class=\"_self pt-cv-href-thumbnail pt-cv-thumb-default\" target=\"_self\" ><img loading=\"lazy\" decoding=\"async\" width=\"768\" height=\"492\" src=\"https:\/\/garageblogec.com\/wp-content\/uploads\/2026\/04\/Posventa.jpg-768x492.jpeg\" class=\"pt-cv-thumbnail\" alt=\"\" \/><\/a><\/div>\n<div class=\"pt-cv-overlay-wrapper\"><div class=\"pt-cv-taxoterm above_title\"><a href='https:\/\/garageblogec.com\/?cat=27' title='Industria Nacional' class='pt-cv-tax-industria-nacional'>Industria Nacional<\/a><\/div><h4 class=\"pt-cv-title\"><a href=\"https:\/\/garageblogec.com\/?p=3286\" class=\"_self\" target=\"_self\" >Clientes Nissan reciben cambios de aceite infinitos<\/a><\/h4><div class=\"pt-cv-meta-fields\"><span class=\"entry-date\"> <time datetime=\"2026-04-14T20:04:08+00:00\">abril 14, 2026<\/time><\/span><span> \/ <\/span><span class=\"author\"> <a href=\"https:\/\/garageblogec.com\/?author=6\" rel=\"author\">gabi1212<\/a><\/span><\/div><\/div><\/div>\n<div class=\" pt-cv-content-item pt-cv-1-col\" ><div class=\"pt-cv-thumb-wrapper  \"><a href=\"https:\/\/garageblogec.com\/?p=3280\" class=\"_self pt-cv-href-thumbnail pt-cv-thumb-default\" target=\"_self\" ><img loading=\"lazy\" decoding=\"async\" width=\"768\" height=\"512\" src=\"https:\/\/garageblogec.com\/wp-content\/uploads\/2026\/04\/foto1-768x512.jpeg\" class=\"pt-cv-thumbnail\" alt=\"\" \/><\/a><\/div>\n<div class=\"pt-cv-overlay-wrapper\"><div class=\"pt-cv-taxoterm above_title\"><a href='https:\/\/garageblogec.com\/?cat=27' title='Industria Nacional' class='pt-cv-tax-industria-nacional'>Industria Nacional<\/a><\/div><h4 class=\"pt-cv-title\"><a href=\"https:\/\/garageblogec.com\/?p=3280\" class=\"_self\" target=\"_self\" >Movilidad como inversi\u00f3n: el uso de utilidades que crece en Ecuador<\/a><\/h4><div class=\"pt-cv-meta-fields\"><span class=\"entry-date\"> <time datetime=\"2026-04-07T19:55:36+00:00\">abril 7, 2026<\/time><\/span><span> \/ <\/span><span class=\"author\"> <a href=\"https:\/\/garageblogec.com\/?author=6\" rel=\"author\">gabi1212<\/a><\/span><\/div><\/div><\/div>\n<div class=\" pt-cv-content-item pt-cv-1-col\" ><div class=\"pt-cv-thumb-wrapper  \"><a href=\"https:\/\/garageblogec.com\/?p=3276\" class=\"_self pt-cv-href-thumbnail pt-cv-thumb-default\" target=\"_self\" ><img loading=\"lazy\" decoding=\"async\" width=\"745\" height=\"491\" src=\"https:\/\/garageblogec.com\/wp-content\/uploads\/2026\/04\/TT.png\" class=\"pt-cv-thumbnail\" alt=\"\" \/><\/a><\/div>\n<div class=\"pt-cv-overlay-wrapper\"><div class=\"pt-cv-taxoterm above_title\"><a href='https:\/\/garageblogec.com\/?cat=27' title='Industria Nacional' class='pt-cv-tax-industria-nacional'>Industria Nacional<\/a><\/div><h4 class=\"pt-cv-title\"><a href=\"https:\/\/garageblogec.com\/?p=3276\" class=\"_self\" target=\"_self\" >Lluvias en Ecuador: C\u00f3mo reducir riesgos en carretera y prevenir accidentes en calzada mojada<\/a><\/h4><div class=\"pt-cv-meta-fields\"><span class=\"entry-date\"> <time datetime=\"2026-04-07T19:46:52+00:00\">abril 7, 2026<\/time><\/span><span> \/ <\/span><span class=\"author\"> <a href=\"https:\/\/garageblogec.com\/?author=6\" rel=\"author\">gabi1212<\/a><\/span><\/div><\/div><\/div><\/div><\/div> <\/div> <style>\n#pt-cv-view-3j2btcih .pt-cv-thumb-wrapper::before {background: rgba(0,0,0,.4); opacity: 0.8;}#pt-cv-view-3j2btcih .pt-cv-overlay-wrapper {justify-content: center;}\n#pt-cv-view-3j2btcih .pt-cv-meta-fields {  }#pt-cv-view-3j2btcih .pt-cv-meta-fields * { font-size: 13px; }#pt-cv-view-3j2btcih .pt-cv-title a { display: block; }#pt-cv-view-3j2btcih .pt-cv-title:not(.pt-cv-titlesm) a { font-weight: 600;text-decoration: none;font-size: 20px; }#pt-cv-view-3j2btcih .pt-cv-titlesm a { font-weight: 600;font-size: 18px; }#pt-cv-view-3j2btcih .pt-cv-content { font-size: 15px; }#pt-cv-view-3j2btcih .pt-cv-rmwrap {  }#pt-cv-view-3j2btcih .pt-cv-readmore { color: #fff;background-color: #0075ff;font-size: 14px; }#pt-cv-view-3j2btcih .pt-cv-taxoterm { margin: 0px 0px 20px 0px; }#pt-cv-view-3j2btcih .pt-cv-taxoterm * { color: #222;background-color: #fff6f6;font-size: 14px; }#pt-cv-view-3j2btcih + .pt-cv-pagination-wrapper {  }#pt-cv-view-3j2btcih + .pt-cv-pagination-wrapper a { font-size: 14px; }#pt-cv-view-3j2btcih > .pt-cv-page {grid-template-columns: repeat(3, 1fr);grid-auto-rows: 250px;grid-gap: 10px;}\n@media all and (max-width: 1024px) { \n#pt-cv-view-3j2btcih > .pt-cv-page {}\n} \n@media all and (max-width: 767px) { \n#pt-cv-view-3j2btcih > .pt-cv-page {grid-template-columns: repeat(1, 1fr);}\n} <\/style>","protected":false},"excerpt":{"rendered":"<p>Automotores y Anexos, representante de la marca Nissan en el pa\u00eds, llev\u00f3 a cabo un encuentro exclusivo que busc\u00f3 acercar a invitados especiales, medios de comunicaci\u00f3n y entusiastas del motor a la esencia que ha definido a la marca durante m\u00e1s de ocho d\u00e9cadas, innovaci\u00f3n japonesa, deportividad, precisi\u00f3n e ingenier\u00eda al servicio de la emoci\u00f3n [&hellip;]<\/p>\n","protected":false},"author":6,"featured_media":2921,"comment_status":"open","ping_status":"open","sticky":false,"template":"","format":"standard","meta":{"_jetpack_memberships_contains_paid_content":false,"footnotes":""},"categories":[27],"tags":[],"class_list":["post-2919","post","type-post","status-publish","format-standard","has-post-thumbnail","hentry","category-industria-nacional"],"yoast_head":"<!-- This site is optimized with the Yoast SEO plugin v27.5 - https:\/\/yoast.com\/product\/yoast-seo-wordpress\/ -->\n<title>Nissan invita a vivir su ADN con una experiencia \u00fanica junto al legendario \u201cZ\u201d - Garage Blog Ecuador<\/title>\n<meta name=\"robots\" content=\"index, follow, max-snippet:-1, max-image-preview:large, max-video-preview:-1\" \/>\n<link rel=\"canonical\" href=\"https:\/\/garageblogec.com\/?p=2919\" \/>\n<meta property=\"og:locale\" content=\"es_ES\" \/>\n<meta property=\"og:type\" content=\"article\" \/>\n<meta property=\"og:title\" content=\"Nissan invita a vivir su ADN con una experiencia \u00fanica junto al legendario \u201cZ\u201d - Garage Blog Ecuador\" \/>\n<meta property=\"og:description\" content=\"Automotores y Anexos, representante de la marca Nissan en el pa\u00eds, llev\u00f3 a cabo un encuentro exclusivo que busc\u00f3 acercar a invitados especiales, medios de comunicaci\u00f3n y entusiastas del motor a la esencia que ha definido a la marca durante m\u00e1s de ocho d\u00e9cadas, innovaci\u00f3n japonesa, deportividad, precisi\u00f3n e ingenier\u00eda al servicio de la emoci\u00f3n [&hellip;]\" \/>\n<meta property=\"og:url\" content=\"https:\/\/garageblogec.com\/?p=2919\" \/>\n<meta property=\"og:site_name\" content=\"Garage Blog Ecuador\" \/>\n<meta property=\"article:published_time\" content=\"2025-12-19T19:05:53+00:00\" \/>\n<meta property=\"article:modified_time\" content=\"2025-12-19T19:05:59+00:00\" \/>\n<meta property=\"og:image\" content=\"https:\/\/garageblogec.com\/wp-content\/uploads\/2025\/12\/DSC01452.jpg\" \/>\n\t<meta property=\"og:image:width\" content=\"2000\" \/>\n\t<meta property=\"og:image:height\" content=\"1333\" \/>\n\t<meta property=\"og:image:type\" content=\"image\/jpeg\" \/>\n<meta name=\"author\" content=\"gabi1212\" \/>\n<meta name=\"twitter:card\" content=\"summary_large_image\" \/>\n<meta name=\"twitter:label1\" content=\"Escrito por\" \/>\n\t<meta name=\"twitter:data1\" content=\"gabi1212\" \/>\n\t<meta name=\"twitter:label2\" content=\"Tiempo de lectura\" \/>\n\t<meta name=\"twitter:data2\" content=\"3 minutos\" \/>\n<script type=\"application\/ld+json\" class=\"yoast-schema-graph\">{\"@context\":\"https:\\\/\\\/schema.org\",\"@graph\":[{\"@type\":\"Article\",\"@id\":\"https:\\\/\\\/garageblogec.com\\\/?p=2919#article\",\"isPartOf\":{\"@id\":\"https:\\\/\\\/garageblogec.com\\\/?p=2919\"},\"author\":{\"name\":\"gabi1212\",\"@id\":\"https:\\\/\\\/garageblogec.com\\\/#\\\/schema\\\/person\\\/635f4b76c0cb3e43b82fe6f7d8bcceea\"},\"headline\":\"Nissan invita a vivir su ADN con una experiencia \u00fanica junto al legendario \u201cZ\u201d\",\"datePublished\":\"2025-12-19T19:05:53+00:00\",\"dateModified\":\"2025-12-19T19:05:59+00:00\",\"mainEntityOfPage\":{\"@id\":\"https:\\\/\\\/garageblogec.com\\\/?p=2919\"},\"wordCount\":404,\"commentCount\":0,\"publisher\":{\"@id\":\"https:\\\/\\\/garageblogec.com\\\/#organization\"},\"image\":{\"@id\":\"https:\\\/\\\/garageblogec.com\\\/?p=2919#primaryimage\"},\"thumbnailUrl\":\"https:\\\/\\\/garageblogec.com\\\/wp-content\\\/uploads\\\/2025\\\/12\\\/DSC01452.jpg\",\"articleSection\":[\"Industria Nacional\"],\"inLanguage\":\"es\",\"potentialAction\":[{\"@type\":\"CommentAction\",\"name\":\"Comment\",\"target\":[\"https:\\\/\\\/garageblogec.com\\\/?p=2919#respond\"]}]},{\"@type\":\"WebPage\",\"@id\":\"https:\\\/\\\/garageblogec.com\\\/?p=2919\",\"url\":\"https:\\\/\\\/garageblogec.com\\\/?p=2919\",\"name\":\"Nissan invita a vivir su ADN con una experiencia \u00fanica junto al legendario \u201cZ\u201d - Garage Blog Ecuador\",\"isPartOf\":{\"@id\":\"https:\\\/\\\/garageblogec.com\\\/#website\"},\"primaryImageOfPage\":{\"@id\":\"https:\\\/\\\/garageblogec.com\\\/?p=2919#primaryimage\"},\"image\":{\"@id\":\"https:\\\/\\\/garageblogec.com\\\/?p=2919#primaryimage\"},\"thumbnailUrl\":\"https:\\\/\\\/garageblogec.com\\\/wp-content\\\/uploads\\\/2025\\\/12\\\/DSC01452.jpg\",\"datePublished\":\"2025-12-19T19:05:53+00:00\",\"dateModified\":\"2025-12-19T19:05:59+00:00\",\"breadcrumb\":{\"@id\":\"https:\\\/\\\/garageblogec.com\\\/?p=2919#breadcrumb\"},\"inLanguage\":\"es\",\"potentialAction\":[{\"@type\":\"ReadAction\",\"target\":[\"https:\\\/\\\/garageblogec.com\\\/?p=2919\"]}]},{\"@type\":\"ImageObject\",\"inLanguage\":\"es\",\"@id\":\"https:\\\/\\\/garageblogec.com\\\/?p=2919#primaryimage\",\"url\":\"https:\\\/\\\/garageblogec.com\\\/wp-content\\\/uploads\\\/2025\\\/12\\\/DSC01452.jpg\",\"contentUrl\":\"https:\\\/\\\/garageblogec.com\\\/wp-content\\\/uploads\\\/2025\\\/12\\\/DSC01452.jpg\",\"width\":2000,\"height\":1333},{\"@type\":\"BreadcrumbList\",\"@id\":\"https:\\\/\\\/garageblogec.com\\\/?p=2919#breadcrumb\",\"itemListElement\":[{\"@type\":\"ListItem\",\"position\":1,\"name\":\"Portada\",\"item\":\"https:\\\/\\\/garageblogec.com\\\/\"},{\"@type\":\"ListItem\",\"position\":2,\"name\":\"Nissan invita a vivir su ADN con una experiencia \u00fanica junto al legendario \u201cZ\u201d\"}]},{\"@type\":\"WebSite\",\"@id\":\"https:\\\/\\\/garageblogec.com\\\/#website\",\"url\":\"https:\\\/\\\/garageblogec.com\\\/\",\"name\":\"Garage Blog Ecuador\",\"description\":\"Alucinamos por los autos \",\"publisher\":{\"@id\":\"https:\\\/\\\/garageblogec.com\\\/#organization\"},\"potentialAction\":[{\"@type\":\"SearchAction\",\"target\":{\"@type\":\"EntryPoint\",\"urlTemplate\":\"https:\\\/\\\/garageblogec.com\\\/?s={search_term_string}\"},\"query-input\":{\"@type\":\"PropertyValueSpecification\",\"valueRequired\":true,\"valueName\":\"search_term_string\"}}],\"inLanguage\":\"es\"},{\"@type\":\"Organization\",\"@id\":\"https:\\\/\\\/garageblogec.com\\\/#organization\",\"name\":\"Garage Blog Ecuador\",\"url\":\"https:\\\/\\\/garageblogec.com\\\/\",\"logo\":{\"@type\":\"ImageObject\",\"inLanguage\":\"es\",\"@id\":\"https:\\\/\\\/garageblogec.com\\\/#\\\/schema\\\/logo\\\/image\\\/\",\"url\":\"https:\\\/\\\/garageblogec.com\\\/wp-content\\\/uploads\\\/2024\\\/02\\\/cropped-logo-png-para-blog.webp\",\"contentUrl\":\"https:\\\/\\\/garageblogec.com\\\/wp-content\\\/uploads\\\/2024\\\/02\\\/cropped-logo-png-para-blog.webp\",\"width\":840,\"height\":556,\"caption\":\"Garage Blog Ecuador \"},\"image\":{\"@id\":\"https:\\\/\\\/garageblogec.com\\\/#\\\/schema\\\/logo\\\/image\\\/\"}},{\"@type\":\"Person\",\"@id\":\"https:\\\/\\\/garageblogec.com\\\/#\\\/schema\\\/person\\\/635f4b76c0cb3e43b82fe6f7d8bcceea\",\"name\":\"gabi1212\",\"image\":{\"@type\":\"ImageObject\",\"inLanguage\":\"es\",\"@id\":\"https:\\\/\\\/secure.gravatar.com\\\/avatar\\\/6aa491f45cb359d4d6dd8c430e83f78899c80569c27d21156e19bbdcd31d1811?s=96&d=mm&r=g\",\"url\":\"https:\\\/\\\/secure.gravatar.com\\\/avatar\\\/6aa491f45cb359d4d6dd8c430e83f78899c80569c27d21156e19bbdcd31d1811?s=96&d=mm&r=g\",\"contentUrl\":\"https:\\\/\\\/secure.gravatar.com\\\/avatar\\\/6aa491f45cb359d4d6dd8c430e83f78899c80569c27d21156e19bbdcd31d1811?s=96&d=mm&r=g\",\"caption\":\"gabi1212\"},\"url\":\"https:\\\/\\\/garageblogec.com\\\/?author=6\"}]}<\/script>\n<!-- \/ Yoast SEO plugin. -->","yoast_head_json":{"title":"Nissan invita a vivir su ADN con una experiencia \u00fanica junto al legendario \u201cZ\u201d - Garage Blog Ecuador","robots":{"index":"index","follow":"follow","max-snippet":"max-snippet:-1","max-image-preview":"max-image-preview:large","max-video-preview":"max-video-preview:-1"},"canonical":"https:\/\/garageblogec.com\/?p=2919","og_locale":"es_ES","og_type":"article","og_title":"Nissan invita a vivir su ADN con una experiencia \u00fanica junto al legendario \u201cZ\u201d - Garage Blog Ecuador","og_description":"Automotores y Anexos, representante de la marca Nissan en el pa\u00eds, llev\u00f3 a cabo un encuentro exclusivo que busc\u00f3 acercar a invitados especiales, medios de comunicaci\u00f3n y entusiastas del motor a la esencia que ha definido a la marca durante m\u00e1s de ocho d\u00e9cadas, innovaci\u00f3n japonesa, deportividad, precisi\u00f3n e ingenier\u00eda al servicio de la emoci\u00f3n [&hellip;]","og_url":"https:\/\/garageblogec.com\/?p=2919","og_site_name":"Garage Blog Ecuador","article_published_time":"2025-12-19T19:05:53+00:00","article_modified_time":"2025-12-19T19:05:59+00:00","og_image":[{"width":2000,"height":1333,"url":"https:\/\/garageblogec.com\/wp-content\/uploads\/2025\/12\/DSC01452.jpg","type":"image\/jpeg"}],"author":"gabi1212","twitter_card":"summary_large_image","twitter_misc":{"Escrito por":"gabi1212","Tiempo de lectura":"3 minutos"},"schema":{"@context":"https:\/\/schema.org","@graph":[{"@type":"Article","@id":"https:\/\/garageblogec.com\/?p=2919#article","isPartOf":{"@id":"https:\/\/garageblogec.com\/?p=2919"},"author":{"name":"gabi1212","@id":"https:\/\/garageblogec.com\/#\/schema\/person\/635f4b76c0cb3e43b82fe6f7d8bcceea"},"headline":"Nissan invita a vivir su ADN con una experiencia \u00fanica junto al legendario \u201cZ\u201d","datePublished":"2025-12-19T19:05:53+00:00","dateModified":"2025-12-19T19:05:59+00:00","mainEntityOfPage":{"@id":"https:\/\/garageblogec.com\/?p=2919"},"wordCount":404,"commentCount":0,"publisher":{"@id":"https:\/\/garageblogec.com\/#organization"},"image":{"@id":"https:\/\/garageblogec.com\/?p=2919#primaryimage"},"thumbnailUrl":"https:\/\/garageblogec.com\/wp-content\/uploads\/2025\/12\/DSC01452.jpg","articleSection":["Industria Nacional"],"inLanguage":"es","potentialAction":[{"@type":"CommentAction","name":"Comment","target":["https:\/\/garageblogec.com\/?p=2919#respond"]}]},{"@type":"WebPage","@id":"https:\/\/garageblogec.com\/?p=2919","url":"https:\/\/garageblogec.com\/?p=2919","name":"Nissan invita a vivir su ADN con una experiencia \u00fanica junto al legendario \u201cZ\u201d - Garage Blog Ecuador","isPartOf":{"@id":"https:\/\/garageblogec.com\/#website"},"primaryImageOfPage":{"@id":"https:\/\/garageblogec.com\/?p=2919#primaryimage"},"image":{"@id":"https:\/\/garageblogec.com\/?p=2919#primaryimage"},"thumbnailUrl":"https:\/\/garageblogec.com\/wp-content\/uploads\/2025\/12\/DSC01452.jpg","datePublished":"2025-12-19T19:05:53+00:00","dateModified":"2025-12-19T19:05:59+00:00","breadcrumb":{"@id":"https:\/\/garageblogec.com\/?p=2919#breadcrumb"},"inLanguage":"es","potentialAction":[{"@type":"ReadAction","target":["https:\/\/garageblogec.com\/?p=2919"]}]},{"@type":"ImageObject","inLanguage":"es","@id":"https:\/\/garageblogec.com\/?p=2919#primaryimage","url":"https:\/\/garageblogec.com\/wp-content\/uploads\/2025\/12\/DSC01452.jpg","contentUrl":"https:\/\/garageblogec.com\/wp-content\/uploads\/2025\/12\/DSC01452.jpg","width":2000,"height":1333},{"@type":"BreadcrumbList","@id":"https:\/\/garageblogec.com\/?p=2919#breadcrumb","itemListElement":[{"@type":"ListItem","position":1,"name":"Portada","item":"https:\/\/garageblogec.com\/"},{"@type":"ListItem","position":2,"name":"Nissan invita a vivir su ADN con una experiencia \u00fanica junto al legendario \u201cZ\u201d"}]},{"@type":"WebSite","@id":"https:\/\/garageblogec.com\/#website","url":"https:\/\/garageblogec.com\/","name":"Garage Blog Ecuador","description":"Alucinamos por los autos ","publisher":{"@id":"https:\/\/garageblogec.com\/#organization"},"potentialAction":[{"@type":"SearchAction","target":{"@type":"EntryPoint","urlTemplate":"https:\/\/garageblogec.com\/?s={search_term_string}"},"query-input":{"@type":"PropertyValueSpecification","valueRequired":true,"valueName":"search_term_string"}}],"inLanguage":"es"},{"@type":"Organization","@id":"https:\/\/garageblogec.com\/#organization","name":"Garage Blog Ecuador","url":"https:\/\/garageblogec.com\/","logo":{"@type":"ImageObject","inLanguage":"es","@id":"https:\/\/garageblogec.com\/#\/schema\/logo\/image\/","url":"https:\/\/garageblogec.com\/wp-content\/uploads\/2024\/02\/cropped-logo-png-para-blog.webp","contentUrl":"https:\/\/garageblogec.com\/wp-content\/uploads\/2024\/02\/cropped-logo-png-para-blog.webp","width":840,"height":556,"caption":"Garage Blog Ecuador "},"image":{"@id":"https:\/\/garageblogec.com\/#\/schema\/logo\/image\/"}},{"@type":"Person","@id":"https:\/\/garageblogec.com\/#\/schema\/person\/635f4b76c0cb3e43b82fe6f7d8bcceea","name":"gabi1212","image":{"@type":"ImageObject","inLanguage":"es","@id":"https:\/\/secure.gravatar.com\/avatar\/6aa491f45cb359d4d6dd8c430e83f78899c80569c27d21156e19bbdcd31d1811?s=96&d=mm&r=g","url":"https:\/\/secure.gravatar.com\/avatar\/6aa491f45cb359d4d6dd8c430e83f78899c80569c27d21156e19bbdcd31d1811?s=96&d=mm&r=g","contentUrl":"https:\/\/secure.gravatar.com\/avatar\/6aa491f45cb359d4d6dd8c430e83f78899c80569c27d21156e19bbdcd31d1811?s=96&d=mm&r=g","caption":"gabi1212"},"url":"https:\/\/garageblogec.com\/?author=6"}]}},"jetpack_featured_media_url":"https:\/\/garageblogec.com\/wp-content\/uploads\/2025\/12\/DSC01452.jpg","jetpack_sharing_enabled":true,"_links":{"self":[{"href":"https:\/\/garageblogec.com\/index.php?rest_route=\/wp\/v2\/posts\/2919","targetHints":{"allow":["GET"]}}],"collection":[{"href":"https:\/\/garageblogec.com\/index.php?rest_route=\/wp\/v2\/posts"}],"about":[{"href":"https:\/\/garageblogec.com\/index.php?rest_route=\/wp\/v2\/types\/post"}],"author":[{"embeddable":true,"href":"https:\/\/garageblogec.com\/index.php?rest_route=\/wp\/v2\/users\/6"}],"replies":[{"embeddable":true,"href":"https:\/\/garageblogec.com\/index.php?rest_route=%2Fwp%2Fv2%2Fcomments&post=2919"}],"version-history":[{"count":1,"href":"https:\/\/garageblogec.com\/index.php?rest_route=\/wp\/v2\/posts\/2919\/revisions"}],"predecessor-version":[{"id":2923,"href":"https:\/\/garageblogec.com\/index.php?rest_route=\/wp\/v2\/posts\/2919\/revisions\/2923"}],"wp:featuredmedia":[{"embeddable":true,"href":"https:\/\/garageblogec.com\/index.php?rest_route=\/wp\/v2\/media\/2921"}],"wp:attachment":[{"href":"https:\/\/garageblogec.com\/index.php?rest_route=%2Fwp%2Fv2%2Fmedia&parent=2919"}],"wp:term":[{"taxonomy":"category","embeddable":true,"href":"https:\/\/garageblogec.com\/index.php?rest_route=%2Fwp%2Fv2%2Fcategories&post=2919"},{"taxonomy":"post_tag","embeddable":true,"href":"https:\/\/garageblogec.com\/index.php?rest_route=%2Fwp%2Fv2%2Ftags&post=2919"}],"curies":[{"name":"wp","href":"https:\/\/api.w.org\/{rel}","templated":true}]}}