{"id":2908,"date":"2025-12-17T20:49:24","date_gmt":"2025-12-17T20:49:24","guid":{"rendered":"https:\/\/garageblogec.com\/?p=2908"},"modified":"2025-12-17T20:49:29","modified_gmt":"2025-12-17T20:49:29","slug":"explora-el-nuevo-volkswagen-tera-a-traves-de-una-experiencia-3d-inmersiva","status":"publish","type":"post","link":"https:\/\/garageblogec.com\/?p=2908","title":{"rendered":"Explora el nuevo Volkswagen Tera a trav\u00e9s de una experiencia 3D inmersiva"},"content":{"rendered":"\n<p>Volkswagen ampl\u00eda su ecosistema digital en Ecuador con la llegada del Tera 3D Experience, una plataforma inmersiva creada para que las personas puedan descubrir a fondo el nuevo SUV de la marca desde la comodidad de su hogar. Esta herramienta, ya disponible en varios pa\u00edses de Am\u00e9rica Latina, ofrece un recorrido interactivo de 360 grados que permite conocer con detalle el dise\u00f1o exterior e interior del modelo.<\/p>\n\n\n\n<figure class=\"wp-block-image size-large\"><img fetchpriority=\"high\" decoding=\"async\" width=\"1024\" height=\"1024\" src=\"https:\/\/garageblogec.com\/wp-content\/uploads\/2025\/12\/WhatsApp-Image-2025-12-17-at-3.42.11-PM-1-1024x1024.jpeg\" alt=\"\" class=\"wp-image-2909\" srcset=\"https:\/\/garageblogec.com\/wp-content\/uploads\/2025\/12\/WhatsApp-Image-2025-12-17-at-3.42.11-PM-1-1024x1024.jpeg 1024w, https:\/\/garageblogec.com\/wp-content\/uploads\/2025\/12\/WhatsApp-Image-2025-12-17-at-3.42.11-PM-1-300x300.jpeg 300w, https:\/\/garageblogec.com\/wp-content\/uploads\/2025\/12\/WhatsApp-Image-2025-12-17-at-3.42.11-PM-1-150x150.jpeg 150w, https:\/\/garageblogec.com\/wp-content\/uploads\/2025\/12\/WhatsApp-Image-2025-12-17-at-3.42.11-PM-1-768x768.jpeg 768w, https:\/\/garageblogec.com\/wp-content\/uploads\/2025\/12\/WhatsApp-Image-2025-12-17-at-3.42.11-PM-1.jpeg 1080w\" sizes=\"(max-width: 1024px) 100vw, 1024px\" \/><\/figure>\n\n\n\n<p>La experiencia permite abrir puertas, activar luces, cambiar colores y visualizar distintos ambientes en tiempo real. Est\u00e1 disponible en celular, tableta y computadora, y fue desarrollada con im\u00e1genes 3D producidas en la regi\u00f3n, considerando las caracter\u00edsticas t\u00e9cnicas y comerciales del mercado latinoamericano, incluido Ecuador.<\/p>\n\n\n\n<p><strong>Un puente digital entre las personas y el modelo<\/strong><\/p>\n\n\n\n<p>El enlace puede compartirse por WhatsApp u otros canales digitales para que los usuarios revisen todas las versiones y configuraciones a su ritmo. Al finalizar el recorrido, la plataforma dirige al usuario al configurador de Volkswagen para continuar el proceso de cotizaci\u00f3n.<\/p>\n\n\n\n<p>A escala regional, la plataforma ya suma decenas de miles de visitas, con miles de usuarios completando la experiencia inmersiva. Estas cifras reflejan c\u00f3mo la innovaci\u00f3n digital est\u00e1 transformando las etapas iniciales del proceso de decisi\u00f3n y reforzando la conexi\u00f3n entre la marca y quienes buscan su veh\u00edculo ideal.<\/p>\n\n\n\n<figure class=\"wp-block-image size-large\"><img decoding=\"async\" width=\"1024\" height=\"1024\" src=\"https:\/\/garageblogec.com\/wp-content\/uploads\/2025\/12\/WhatsApp-Image-2025-12-17-at-3.42.11-PM-1024x1024.jpeg\" alt=\"\" class=\"wp-image-2910\" srcset=\"https:\/\/garageblogec.com\/wp-content\/uploads\/2025\/12\/WhatsApp-Image-2025-12-17-at-3.42.11-PM-1024x1024.jpeg 1024w, https:\/\/garageblogec.com\/wp-content\/uploads\/2025\/12\/WhatsApp-Image-2025-12-17-at-3.42.11-PM-300x300.jpeg 300w, https:\/\/garageblogec.com\/wp-content\/uploads\/2025\/12\/WhatsApp-Image-2025-12-17-at-3.42.11-PM-150x150.jpeg 150w, https:\/\/garageblogec.com\/wp-content\/uploads\/2025\/12\/WhatsApp-Image-2025-12-17-at-3.42.11-PM-768x768.jpeg 768w, https:\/\/garageblogec.com\/wp-content\/uploads\/2025\/12\/WhatsApp-Image-2025-12-17-at-3.42.11-PM.jpeg 1080w\" sizes=\"(max-width: 1024px) 100vw, 1024px\" \/><\/figure>\n\n\n\n<p><strong>Dise\u00f1ado para una nueva generaci\u00f3n de conductores<\/strong><\/p>\n\n\n\n<p>Como uno de los modelos m\u00e1s esperados dentro del plan de lanzamientos de Volkswagen, el Tera llega a Am\u00e9rica Latina con una propuesta centrada en la tecnolog\u00eda, la seguridad y el dise\u00f1o contempor\u00e1neo. El veh\u00edculo incorpora asistencias avanzadas \u2014seis airbags, frenado aut\u00f3nomo de emergencia y controles de estabilidad y tracci\u00f3n\u2014 y obtuvo cinco estrellas en las evaluaciones de Latin NCAP.<\/p>\n\n\n\n<p><strong>Una nueva forma de acercarse a Volkswagen desde Ecuador<\/strong><\/p>\n\n\n\n<figure class=\"wp-block-image size-large\"><img decoding=\"async\" width=\"1024\" height=\"533\" src=\"https:\/\/garageblogec.com\/wp-content\/uploads\/2025\/12\/WhatsApp-Image-2025-12-17-at-3.42.11-PM-2-1024x533.jpeg\" alt=\"\" class=\"wp-image-2911\" srcset=\"https:\/\/garageblogec.com\/wp-content\/uploads\/2025\/12\/WhatsApp-Image-2025-12-17-at-3.42.11-PM-2-1024x533.jpeg 1024w, https:\/\/garageblogec.com\/wp-content\/uploads\/2025\/12\/WhatsApp-Image-2025-12-17-at-3.42.11-PM-2-300x156.jpeg 300w, https:\/\/garageblogec.com\/wp-content\/uploads\/2025\/12\/WhatsApp-Image-2025-12-17-at-3.42.11-PM-2-768x400.jpeg 768w, https:\/\/garageblogec.com\/wp-content\/uploads\/2025\/12\/WhatsApp-Image-2025-12-17-at-3.42.11-PM-2-1536x800.jpeg 1536w, https:\/\/garageblogec.com\/wp-content\/uploads\/2025\/12\/WhatsApp-Image-2025-12-17-at-3.42.11-PM-2-1320x687.jpeg 1320w, https:\/\/garageblogec.com\/wp-content\/uploads\/2025\/12\/WhatsApp-Image-2025-12-17-at-3.42.11-PM-2.jpeg 1600w\" sizes=\"(max-width: 1024px) 100vw, 1024px\" \/><\/figure>\n\n\n\n<p>Al permitir que los usuarios exploren el modelo a trav\u00e9s de esta herramienta digital, Volkswagen reafirma su voluntad de ofrecer interacciones m\u00e1s intuitivas y modernas al p\u00fablico ecuatoriano. La experiencia 3D aporta claridad y contexto al momento de evaluar un veh\u00edculo, facilitando un acercamiento m\u00e1s informado y atractivo desde el primer contacto.<\/p>\n\n\n\n<p>El Tera 3D Experience ya est\u00e1 disponible para todos los usuarios en Ecuador.<\/p>\n\n\n\n<p><strong>Accede a la experiencia aqu\u00ed: <\/strong><a href=\"https:\/\/ec.vw3dset.app\/tera\"><strong>https:\/\/ec.vw3dset.app\/tera<\/strong><\/a><\/p>\n\n\n<div class='pt-cv-wrapper'> <h3 class='pt-cv-heading-container heading1' data-blockid='ckkhhs9i'><span class='pt-cv-heading'> Overlay1 <\/span><\/h3><div class=\"pt-cv-view pt-cv-overlaygrid iscvblock iscvreal overlay1 layout1\" id=\"pt-cv-view-ckkhhs9i\"><div data-id=\"pt-cv-page-1\" class=\"pt-cv-page\" data-cvc=\"3\"><div class=\" pt-cv-content-item pt-cv-1-col\" ><div class=\"pt-cv-thumb-wrapper  \"><a href=\"https:\/\/garageblogec.com\/?p=3303\" class=\"_self pt-cv-href-thumbnail pt-cv-thumb-default\" target=\"_self\" ><img loading=\"lazy\" decoding=\"async\" width=\"768\" height=\"432\" src=\"https:\/\/garageblogec.com\/wp-content\/uploads\/2026\/04\/WhatsApp-Image-2026-04-21-at-1.52.53-PM-768x432.jpeg\" class=\"pt-cv-thumbnail\" alt=\"\" \/><\/a><\/div>\n<div class=\"pt-cv-overlay-wrapper\"><div class=\"pt-cv-taxoterm above_title\"><a href='https:\/\/garageblogec.com\/?cat=27' title='Industria Nacional' class='pt-cv-tax-industria-nacional'>Industria Nacional<\/a><\/div><h4 class=\"pt-cv-title\"><a href=\"https:\/\/garageblogec.com\/?p=3303\" class=\"_self\" target=\"_self\" >Grupo Ambacar presenta en Guayaquil KGM, su nueva marca de SUV h\u00edbridos con respaldo global<\/a><\/h4><div class=\"pt-cv-meta-fields\"><span class=\"entry-date\"> <time datetime=\"2026-04-21T21:37:24+00:00\">abril 21, 2026<\/time><\/span><span> \/ <\/span><span class=\"author\"> <a href=\"https:\/\/garageblogec.com\/?author=6\" rel=\"author\">gabi1212<\/a><\/span><\/div><\/div><\/div>\n<div class=\" pt-cv-content-item pt-cv-1-col\" ><div class=\"pt-cv-thumb-wrapper  \"><a href=\"https:\/\/garageblogec.com\/?p=3296\" class=\"_self pt-cv-href-thumbnail pt-cv-thumb-default\" target=\"_self\" ><img loading=\"lazy\" decoding=\"async\" width=\"768\" height=\"432\" src=\"https:\/\/garageblogec.com\/wp-content\/uploads\/2026\/04\/WhatsApp-Image-2026-04-14-at-3.15.09-PM-768x432.jpeg\" class=\"pt-cv-thumbnail\" alt=\"\" \/><\/a><\/div>\n<div class=\"pt-cv-overlay-wrapper\"><div class=\"pt-cv-taxoterm above_title\"><a href='https:\/\/garageblogec.com\/?cat=27' title='Industria Nacional' class='pt-cv-tax-industria-nacional'>Industria Nacional<\/a><\/div><h4 class=\"pt-cv-title\"><a href=\"https:\/\/garageblogec.com\/?p=3296\" class=\"_self\" target=\"_self\" >El tablero desapareci\u00f3, ahora el auto es una pantalla inteligente<\/a><\/h4><div class=\"pt-cv-meta-fields\"><span class=\"entry-date\"> <time datetime=\"2026-04-14T20:21:20+00:00\">abril 14, 2026<\/time><\/span><span> \/ <\/span><span class=\"author\"> <a href=\"https:\/\/garageblogec.com\/?author=6\" rel=\"author\">gabi1212<\/a><\/span><\/div><\/div><\/div>\n<div class=\" pt-cv-content-item pt-cv-1-col\" ><div class=\"pt-cv-thumb-wrapper  \"><a href=\"https:\/\/garageblogec.com\/?p=3291\" class=\"_self pt-cv-href-thumbnail pt-cv-thumb-default\" target=\"_self\" ><img loading=\"lazy\" decoding=\"async\" width=\"768\" height=\"432\" src=\"https:\/\/garageblogec.com\/wp-content\/uploads\/2026\/04\/WhatsApp-Image-2026-04-14-at-2.21.27-PM-768x432.jpeg\" class=\"pt-cv-thumbnail\" alt=\"\" \/><\/a><\/div>\n<div class=\"pt-cv-overlay-wrapper\"><div class=\"pt-cv-taxoterm above_title\"><a href='https:\/\/garageblogec.com\/?cat=27' title='Industria Nacional' class='pt-cv-tax-industria-nacional'>Industria Nacional<\/a><\/div><h4 class=\"pt-cv-title\"><a href=\"https:\/\/garageblogec.com\/?p=3291\" class=\"_self\" target=\"_self\" >Seguridad al volante en Ecuador: los errores m\u00e1s comunes que cometen los conductores<\/a><\/h4><div class=\"pt-cv-meta-fields\"><span class=\"entry-date\"> <time datetime=\"2026-04-14T20:08:54+00:00\">abril 14, 2026<\/time><\/span><span> \/ <\/span><span class=\"author\"> <a href=\"https:\/\/garageblogec.com\/?author=6\" rel=\"author\">gabi1212<\/a><\/span><\/div><\/div><\/div>\n<div class=\" pt-cv-content-item pt-cv-1-col\" ><div class=\"pt-cv-thumb-wrapper  \"><a href=\"https:\/\/garageblogec.com\/?p=3286\" class=\"_self pt-cv-href-thumbnail pt-cv-thumb-default\" target=\"_self\" ><img loading=\"lazy\" decoding=\"async\" width=\"768\" height=\"492\" src=\"https:\/\/garageblogec.com\/wp-content\/uploads\/2026\/04\/Posventa.jpg-768x492.jpeg\" class=\"pt-cv-thumbnail\" alt=\"\" \/><\/a><\/div>\n<div class=\"pt-cv-overlay-wrapper\"><div class=\"pt-cv-taxoterm above_title\"><a href='https:\/\/garageblogec.com\/?cat=27' title='Industria Nacional' class='pt-cv-tax-industria-nacional'>Industria Nacional<\/a><\/div><h4 class=\"pt-cv-title\"><a href=\"https:\/\/garageblogec.com\/?p=3286\" class=\"_self\" target=\"_self\" >Clientes Nissan reciben cambios de aceite infinitos<\/a><\/h4><div class=\"pt-cv-meta-fields\"><span class=\"entry-date\"> <time datetime=\"2026-04-14T20:04:08+00:00\">abril 14, 2026<\/time><\/span><span> \/ <\/span><span class=\"author\"> <a href=\"https:\/\/garageblogec.com\/?author=6\" rel=\"author\">gabi1212<\/a><\/span><\/div><\/div><\/div>\n<div class=\" pt-cv-content-item pt-cv-1-col\" ><div class=\"pt-cv-thumb-wrapper  \"><a href=\"https:\/\/garageblogec.com\/?p=3280\" class=\"_self pt-cv-href-thumbnail pt-cv-thumb-default\" target=\"_self\" ><img loading=\"lazy\" decoding=\"async\" width=\"768\" height=\"512\" src=\"https:\/\/garageblogec.com\/wp-content\/uploads\/2026\/04\/foto1-768x512.jpeg\" class=\"pt-cv-thumbnail\" alt=\"\" \/><\/a><\/div>\n<div class=\"pt-cv-overlay-wrapper\"><div class=\"pt-cv-taxoterm above_title\"><a href='https:\/\/garageblogec.com\/?cat=27' title='Industria Nacional' class='pt-cv-tax-industria-nacional'>Industria Nacional<\/a><\/div><h4 class=\"pt-cv-title\"><a href=\"https:\/\/garageblogec.com\/?p=3280\" class=\"_self\" target=\"_self\" >Movilidad como inversi\u00f3n: el uso de utilidades que crece en Ecuador<\/a><\/h4><div class=\"pt-cv-meta-fields\"><span class=\"entry-date\"> <time datetime=\"2026-04-07T19:55:36+00:00\">abril 7, 2026<\/time><\/span><span> \/ <\/span><span class=\"author\"> <a href=\"https:\/\/garageblogec.com\/?author=6\" rel=\"author\">gabi1212<\/a><\/span><\/div><\/div><\/div>\n<div class=\" pt-cv-content-item pt-cv-1-col\" ><div class=\"pt-cv-thumb-wrapper  \"><a href=\"https:\/\/garageblogec.com\/?p=3276\" class=\"_self pt-cv-href-thumbnail pt-cv-thumb-default\" target=\"_self\" ><img loading=\"lazy\" decoding=\"async\" width=\"745\" height=\"491\" src=\"https:\/\/garageblogec.com\/wp-content\/uploads\/2026\/04\/TT.png\" class=\"pt-cv-thumbnail\" alt=\"\" \/><\/a><\/div>\n<div class=\"pt-cv-overlay-wrapper\"><div class=\"pt-cv-taxoterm above_title\"><a href='https:\/\/garageblogec.com\/?cat=27' title='Industria Nacional' class='pt-cv-tax-industria-nacional'>Industria Nacional<\/a><\/div><h4 class=\"pt-cv-title\"><a href=\"https:\/\/garageblogec.com\/?p=3276\" class=\"_self\" target=\"_self\" >Lluvias en Ecuador: C\u00f3mo reducir riesgos en carretera y prevenir accidentes en calzada mojada<\/a><\/h4><div class=\"pt-cv-meta-fields\"><span class=\"entry-date\"> <time datetime=\"2026-04-07T19:46:52+00:00\">abril 7, 2026<\/time><\/span><span> \/ <\/span><span class=\"author\"> <a href=\"https:\/\/garageblogec.com\/?author=6\" rel=\"author\">gabi1212<\/a><\/span><\/div><\/div><\/div><\/div><\/div> <\/div> <style>\n#pt-cv-view-ckkhhs9i .pt-cv-thumb-wrapper::before {background: rgba(0,0,0,.4); opacity: 0.8;}#pt-cv-view-ckkhhs9i .pt-cv-overlay-wrapper {justify-content: center;}\n#pt-cv-view-ckkhhs9i .pt-cv-meta-fields {  }#pt-cv-view-ckkhhs9i .pt-cv-meta-fields * { font-size: 13px; }#pt-cv-view-ckkhhs9i .pt-cv-title a { display: block; }#pt-cv-view-ckkhhs9i .pt-cv-title:not(.pt-cv-titlesm) a { font-weight: 600;text-decoration: none;font-size: 20px; }#pt-cv-view-ckkhhs9i .pt-cv-titlesm a { font-weight: 600;font-size: 18px; }#pt-cv-view-ckkhhs9i .pt-cv-content { font-size: 15px; }#pt-cv-view-ckkhhs9i .pt-cv-rmwrap {  }#pt-cv-view-ckkhhs9i .pt-cv-readmore { color: #fff;background-color: #0075ff;font-size: 14px; }#pt-cv-view-ckkhhs9i .pt-cv-taxoterm { margin: 0px 0px 20px 0px; }#pt-cv-view-ckkhhs9i .pt-cv-taxoterm * { color: #222;background-color: #fff6f6;font-size: 14px; }#pt-cv-view-ckkhhs9i + .pt-cv-pagination-wrapper {  }#pt-cv-view-ckkhhs9i + .pt-cv-pagination-wrapper a { font-size: 14px; }#pt-cv-view-ckkhhs9i > .pt-cv-page {grid-template-columns: repeat(3, 1fr);grid-auto-rows: 250px;grid-gap: 10px;}\n@media all and (max-width: 1024px) { \n#pt-cv-view-ckkhhs9i > .pt-cv-page {}\n} \n@media all and (max-width: 767px) { \n#pt-cv-view-ckkhhs9i > .pt-cv-page {grid-template-columns: repeat(1, 1fr);}\n} <\/style>","protected":false},"excerpt":{"rendered":"<p>Volkswagen ampl\u00eda su ecosistema digital en Ecuador con la llegada del Tera 3D Experience, una plataforma inmersiva creada para que las personas puedan descubrir a fondo el nuevo SUV de la marca desde la comodidad de su hogar. Esta herramienta, ya disponible en varios pa\u00edses de Am\u00e9rica Latina, ofrece un recorrido interactivo de 360 grados [&hellip;]<\/p>\n","protected":false},"author":6,"featured_media":2910,"comment_status":"open","ping_status":"open","sticky":false,"template":"","format":"standard","meta":{"_jetpack_memberships_contains_paid_content":false,"footnotes":""},"categories":[27],"tags":[],"class_list":["post-2908","post","type-post","status-publish","format-standard","has-post-thumbnail","hentry","category-industria-nacional"],"yoast_head":"<!-- This site is optimized with the Yoast SEO plugin v27.5 - https:\/\/yoast.com\/product\/yoast-seo-wordpress\/ -->\n<title>Explora el nuevo Volkswagen Tera a trav\u00e9s de una experiencia 3D inmersiva - Garage Blog Ecuador<\/title>\n<meta name=\"robots\" content=\"index, follow, max-snippet:-1, max-image-preview:large, max-video-preview:-1\" \/>\n<link rel=\"canonical\" href=\"https:\/\/garageblogec.com\/?p=2908\" \/>\n<meta property=\"og:locale\" content=\"es_ES\" \/>\n<meta property=\"og:type\" content=\"article\" \/>\n<meta property=\"og:title\" content=\"Explora el nuevo Volkswagen Tera a trav\u00e9s de una experiencia 3D inmersiva - Garage Blog Ecuador\" \/>\n<meta property=\"og:description\" content=\"Volkswagen ampl\u00eda su ecosistema digital en Ecuador con la llegada del Tera 3D Experience, una plataforma inmersiva creada para que las personas puedan descubrir a fondo el nuevo SUV de la marca desde la comodidad de su hogar. Esta herramienta, ya disponible en varios pa\u00edses de Am\u00e9rica Latina, ofrece un recorrido interactivo de 360 grados [&hellip;]\" \/>\n<meta property=\"og:url\" content=\"https:\/\/garageblogec.com\/?p=2908\" \/>\n<meta property=\"og:site_name\" content=\"Garage Blog Ecuador\" \/>\n<meta property=\"article:published_time\" content=\"2025-12-17T20:49:24+00:00\" \/>\n<meta property=\"article:modified_time\" content=\"2025-12-17T20:49:29+00:00\" \/>\n<meta property=\"og:image\" content=\"https:\/\/garageblogec.com\/wp-content\/uploads\/2025\/12\/WhatsApp-Image-2025-12-17-at-3.42.11-PM.jpeg\" \/>\n\t<meta property=\"og:image:width\" content=\"1080\" \/>\n\t<meta property=\"og:image:height\" content=\"1080\" \/>\n\t<meta property=\"og:image:type\" content=\"image\/jpeg\" \/>\n<meta name=\"author\" content=\"gabi1212\" \/>\n<meta name=\"twitter:card\" content=\"summary_large_image\" \/>\n<meta name=\"twitter:label1\" content=\"Escrito por\" \/>\n\t<meta name=\"twitter:data1\" content=\"gabi1212\" \/>\n\t<meta name=\"twitter:label2\" content=\"Tiempo de lectura\" \/>\n\t<meta name=\"twitter:data2\" content=\"3 minutos\" \/>\n<script type=\"application\/ld+json\" class=\"yoast-schema-graph\">{\"@context\":\"https:\\\/\\\/schema.org\",\"@graph\":[{\"@type\":\"Article\",\"@id\":\"https:\\\/\\\/garageblogec.com\\\/?p=2908#article\",\"isPartOf\":{\"@id\":\"https:\\\/\\\/garageblogec.com\\\/?p=2908\"},\"author\":{\"name\":\"gabi1212\",\"@id\":\"https:\\\/\\\/garageblogec.com\\\/#\\\/schema\\\/person\\\/635f4b76c0cb3e43b82fe6f7d8bcceea\"},\"headline\":\"Explora el nuevo Volkswagen Tera a trav\u00e9s de una experiencia 3D inmersiva\",\"datePublished\":\"2025-12-17T20:49:24+00:00\",\"dateModified\":\"2025-12-17T20:49:29+00:00\",\"mainEntityOfPage\":{\"@id\":\"https:\\\/\\\/garageblogec.com\\\/?p=2908\"},\"wordCount\":404,\"commentCount\":0,\"publisher\":{\"@id\":\"https:\\\/\\\/garageblogec.com\\\/#organization\"},\"image\":{\"@id\":\"https:\\\/\\\/garageblogec.com\\\/?p=2908#primaryimage\"},\"thumbnailUrl\":\"https:\\\/\\\/garageblogec.com\\\/wp-content\\\/uploads\\\/2025\\\/12\\\/WhatsApp-Image-2025-12-17-at-3.42.11-PM.jpeg\",\"articleSection\":[\"Industria Nacional\"],\"inLanguage\":\"es\",\"potentialAction\":[{\"@type\":\"CommentAction\",\"name\":\"Comment\",\"target\":[\"https:\\\/\\\/garageblogec.com\\\/?p=2908#respond\"]}]},{\"@type\":\"WebPage\",\"@id\":\"https:\\\/\\\/garageblogec.com\\\/?p=2908\",\"url\":\"https:\\\/\\\/garageblogec.com\\\/?p=2908\",\"name\":\"Explora el nuevo Volkswagen Tera a trav\u00e9s de una experiencia 3D inmersiva - Garage Blog Ecuador\",\"isPartOf\":{\"@id\":\"https:\\\/\\\/garageblogec.com\\\/#website\"},\"primaryImageOfPage\":{\"@id\":\"https:\\\/\\\/garageblogec.com\\\/?p=2908#primaryimage\"},\"image\":{\"@id\":\"https:\\\/\\\/garageblogec.com\\\/?p=2908#primaryimage\"},\"thumbnailUrl\":\"https:\\\/\\\/garageblogec.com\\\/wp-content\\\/uploads\\\/2025\\\/12\\\/WhatsApp-Image-2025-12-17-at-3.42.11-PM.jpeg\",\"datePublished\":\"2025-12-17T20:49:24+00:00\",\"dateModified\":\"2025-12-17T20:49:29+00:00\",\"breadcrumb\":{\"@id\":\"https:\\\/\\\/garageblogec.com\\\/?p=2908#breadcrumb\"},\"inLanguage\":\"es\",\"potentialAction\":[{\"@type\":\"ReadAction\",\"target\":[\"https:\\\/\\\/garageblogec.com\\\/?p=2908\"]}]},{\"@type\":\"ImageObject\",\"inLanguage\":\"es\",\"@id\":\"https:\\\/\\\/garageblogec.com\\\/?p=2908#primaryimage\",\"url\":\"https:\\\/\\\/garageblogec.com\\\/wp-content\\\/uploads\\\/2025\\\/12\\\/WhatsApp-Image-2025-12-17-at-3.42.11-PM.jpeg\",\"contentUrl\":\"https:\\\/\\\/garageblogec.com\\\/wp-content\\\/uploads\\\/2025\\\/12\\\/WhatsApp-Image-2025-12-17-at-3.42.11-PM.jpeg\",\"width\":1080,\"height\":1080},{\"@type\":\"BreadcrumbList\",\"@id\":\"https:\\\/\\\/garageblogec.com\\\/?p=2908#breadcrumb\",\"itemListElement\":[{\"@type\":\"ListItem\",\"position\":1,\"name\":\"Portada\",\"item\":\"https:\\\/\\\/garageblogec.com\\\/\"},{\"@type\":\"ListItem\",\"position\":2,\"name\":\"Explora el nuevo Volkswagen Tera a trav\u00e9s de una experiencia 3D inmersiva\"}]},{\"@type\":\"WebSite\",\"@id\":\"https:\\\/\\\/garageblogec.com\\\/#website\",\"url\":\"https:\\\/\\\/garageblogec.com\\\/\",\"name\":\"Garage Blog Ecuador\",\"description\":\"Alucinamos por los autos \",\"publisher\":{\"@id\":\"https:\\\/\\\/garageblogec.com\\\/#organization\"},\"potentialAction\":[{\"@type\":\"SearchAction\",\"target\":{\"@type\":\"EntryPoint\",\"urlTemplate\":\"https:\\\/\\\/garageblogec.com\\\/?s={search_term_string}\"},\"query-input\":{\"@type\":\"PropertyValueSpecification\",\"valueRequired\":true,\"valueName\":\"search_term_string\"}}],\"inLanguage\":\"es\"},{\"@type\":\"Organization\",\"@id\":\"https:\\\/\\\/garageblogec.com\\\/#organization\",\"name\":\"Garage Blog Ecuador\",\"url\":\"https:\\\/\\\/garageblogec.com\\\/\",\"logo\":{\"@type\":\"ImageObject\",\"inLanguage\":\"es\",\"@id\":\"https:\\\/\\\/garageblogec.com\\\/#\\\/schema\\\/logo\\\/image\\\/\",\"url\":\"https:\\\/\\\/garageblogec.com\\\/wp-content\\\/uploads\\\/2024\\\/02\\\/cropped-logo-png-para-blog.webp\",\"contentUrl\":\"https:\\\/\\\/garageblogec.com\\\/wp-content\\\/uploads\\\/2024\\\/02\\\/cropped-logo-png-para-blog.webp\",\"width\":840,\"height\":556,\"caption\":\"Garage Blog Ecuador \"},\"image\":{\"@id\":\"https:\\\/\\\/garageblogec.com\\\/#\\\/schema\\\/logo\\\/image\\\/\"}},{\"@type\":\"Person\",\"@id\":\"https:\\\/\\\/garageblogec.com\\\/#\\\/schema\\\/person\\\/635f4b76c0cb3e43b82fe6f7d8bcceea\",\"name\":\"gabi1212\",\"image\":{\"@type\":\"ImageObject\",\"inLanguage\":\"es\",\"@id\":\"https:\\\/\\\/secure.gravatar.com\\\/avatar\\\/6aa491f45cb359d4d6dd8c430e83f78899c80569c27d21156e19bbdcd31d1811?s=96&d=mm&r=g\",\"url\":\"https:\\\/\\\/secure.gravatar.com\\\/avatar\\\/6aa491f45cb359d4d6dd8c430e83f78899c80569c27d21156e19bbdcd31d1811?s=96&d=mm&r=g\",\"contentUrl\":\"https:\\\/\\\/secure.gravatar.com\\\/avatar\\\/6aa491f45cb359d4d6dd8c430e83f78899c80569c27d21156e19bbdcd31d1811?s=96&d=mm&r=g\",\"caption\":\"gabi1212\"},\"url\":\"https:\\\/\\\/garageblogec.com\\\/?author=6\"}]}<\/script>\n<!-- \/ Yoast SEO plugin. -->","yoast_head_json":{"title":"Explora el nuevo Volkswagen Tera a trav\u00e9s de una experiencia 3D inmersiva - Garage Blog Ecuador","robots":{"index":"index","follow":"follow","max-snippet":"max-snippet:-1","max-image-preview":"max-image-preview:large","max-video-preview":"max-video-preview:-1"},"canonical":"https:\/\/garageblogec.com\/?p=2908","og_locale":"es_ES","og_type":"article","og_title":"Explora el nuevo Volkswagen Tera a trav\u00e9s de una experiencia 3D inmersiva - Garage Blog Ecuador","og_description":"Volkswagen ampl\u00eda su ecosistema digital en Ecuador con la llegada del Tera 3D Experience, una plataforma inmersiva creada para que las personas puedan descubrir a fondo el nuevo SUV de la marca desde la comodidad de su hogar. Esta herramienta, ya disponible en varios pa\u00edses de Am\u00e9rica Latina, ofrece un recorrido interactivo de 360 grados [&hellip;]","og_url":"https:\/\/garageblogec.com\/?p=2908","og_site_name":"Garage Blog Ecuador","article_published_time":"2025-12-17T20:49:24+00:00","article_modified_time":"2025-12-17T20:49:29+00:00","og_image":[{"width":1080,"height":1080,"url":"https:\/\/garageblogec.com\/wp-content\/uploads\/2025\/12\/WhatsApp-Image-2025-12-17-at-3.42.11-PM.jpeg","type":"image\/jpeg"}],"author":"gabi1212","twitter_card":"summary_large_image","twitter_misc":{"Escrito por":"gabi1212","Tiempo de lectura":"3 minutos"},"schema":{"@context":"https:\/\/schema.org","@graph":[{"@type":"Article","@id":"https:\/\/garageblogec.com\/?p=2908#article","isPartOf":{"@id":"https:\/\/garageblogec.com\/?p=2908"},"author":{"name":"gabi1212","@id":"https:\/\/garageblogec.com\/#\/schema\/person\/635f4b76c0cb3e43b82fe6f7d8bcceea"},"headline":"Explora el nuevo Volkswagen Tera a trav\u00e9s de una experiencia 3D inmersiva","datePublished":"2025-12-17T20:49:24+00:00","dateModified":"2025-12-17T20:49:29+00:00","mainEntityOfPage":{"@id":"https:\/\/garageblogec.com\/?p=2908"},"wordCount":404,"commentCount":0,"publisher":{"@id":"https:\/\/garageblogec.com\/#organization"},"image":{"@id":"https:\/\/garageblogec.com\/?p=2908#primaryimage"},"thumbnailUrl":"https:\/\/garageblogec.com\/wp-content\/uploads\/2025\/12\/WhatsApp-Image-2025-12-17-at-3.42.11-PM.jpeg","articleSection":["Industria Nacional"],"inLanguage":"es","potentialAction":[{"@type":"CommentAction","name":"Comment","target":["https:\/\/garageblogec.com\/?p=2908#respond"]}]},{"@type":"WebPage","@id":"https:\/\/garageblogec.com\/?p=2908","url":"https:\/\/garageblogec.com\/?p=2908","name":"Explora el nuevo Volkswagen Tera a trav\u00e9s de una experiencia 3D inmersiva - Garage Blog Ecuador","isPartOf":{"@id":"https:\/\/garageblogec.com\/#website"},"primaryImageOfPage":{"@id":"https:\/\/garageblogec.com\/?p=2908#primaryimage"},"image":{"@id":"https:\/\/garageblogec.com\/?p=2908#primaryimage"},"thumbnailUrl":"https:\/\/garageblogec.com\/wp-content\/uploads\/2025\/12\/WhatsApp-Image-2025-12-17-at-3.42.11-PM.jpeg","datePublished":"2025-12-17T20:49:24+00:00","dateModified":"2025-12-17T20:49:29+00:00","breadcrumb":{"@id":"https:\/\/garageblogec.com\/?p=2908#breadcrumb"},"inLanguage":"es","potentialAction":[{"@type":"ReadAction","target":["https:\/\/garageblogec.com\/?p=2908"]}]},{"@type":"ImageObject","inLanguage":"es","@id":"https:\/\/garageblogec.com\/?p=2908#primaryimage","url":"https:\/\/garageblogec.com\/wp-content\/uploads\/2025\/12\/WhatsApp-Image-2025-12-17-at-3.42.11-PM.jpeg","contentUrl":"https:\/\/garageblogec.com\/wp-content\/uploads\/2025\/12\/WhatsApp-Image-2025-12-17-at-3.42.11-PM.jpeg","width":1080,"height":1080},{"@type":"BreadcrumbList","@id":"https:\/\/garageblogec.com\/?p=2908#breadcrumb","itemListElement":[{"@type":"ListItem","position":1,"name":"Portada","item":"https:\/\/garageblogec.com\/"},{"@type":"ListItem","position":2,"name":"Explora el nuevo Volkswagen Tera a trav\u00e9s de una experiencia 3D inmersiva"}]},{"@type":"WebSite","@id":"https:\/\/garageblogec.com\/#website","url":"https:\/\/garageblogec.com\/","name":"Garage Blog Ecuador","description":"Alucinamos por los autos ","publisher":{"@id":"https:\/\/garageblogec.com\/#organization"},"potentialAction":[{"@type":"SearchAction","target":{"@type":"EntryPoint","urlTemplate":"https:\/\/garageblogec.com\/?s={search_term_string}"},"query-input":{"@type":"PropertyValueSpecification","valueRequired":true,"valueName":"search_term_string"}}],"inLanguage":"es"},{"@type":"Organization","@id":"https:\/\/garageblogec.com\/#organization","name":"Garage Blog Ecuador","url":"https:\/\/garageblogec.com\/","logo":{"@type":"ImageObject","inLanguage":"es","@id":"https:\/\/garageblogec.com\/#\/schema\/logo\/image\/","url":"https:\/\/garageblogec.com\/wp-content\/uploads\/2024\/02\/cropped-logo-png-para-blog.webp","contentUrl":"https:\/\/garageblogec.com\/wp-content\/uploads\/2024\/02\/cropped-logo-png-para-blog.webp","width":840,"height":556,"caption":"Garage Blog Ecuador "},"image":{"@id":"https:\/\/garageblogec.com\/#\/schema\/logo\/image\/"}},{"@type":"Person","@id":"https:\/\/garageblogec.com\/#\/schema\/person\/635f4b76c0cb3e43b82fe6f7d8bcceea","name":"gabi1212","image":{"@type":"ImageObject","inLanguage":"es","@id":"https:\/\/secure.gravatar.com\/avatar\/6aa491f45cb359d4d6dd8c430e83f78899c80569c27d21156e19bbdcd31d1811?s=96&d=mm&r=g","url":"https:\/\/secure.gravatar.com\/avatar\/6aa491f45cb359d4d6dd8c430e83f78899c80569c27d21156e19bbdcd31d1811?s=96&d=mm&r=g","contentUrl":"https:\/\/secure.gravatar.com\/avatar\/6aa491f45cb359d4d6dd8c430e83f78899c80569c27d21156e19bbdcd31d1811?s=96&d=mm&r=g","caption":"gabi1212"},"url":"https:\/\/garageblogec.com\/?author=6"}]}},"jetpack_featured_media_url":"https:\/\/garageblogec.com\/wp-content\/uploads\/2025\/12\/WhatsApp-Image-2025-12-17-at-3.42.11-PM.jpeg","jetpack_sharing_enabled":true,"_links":{"self":[{"href":"https:\/\/garageblogec.com\/index.php?rest_route=\/wp\/v2\/posts\/2908","targetHints":{"allow":["GET"]}}],"collection":[{"href":"https:\/\/garageblogec.com\/index.php?rest_route=\/wp\/v2\/posts"}],"about":[{"href":"https:\/\/garageblogec.com\/index.php?rest_route=\/wp\/v2\/types\/post"}],"author":[{"embeddable":true,"href":"https:\/\/garageblogec.com\/index.php?rest_route=\/wp\/v2\/users\/6"}],"replies":[{"embeddable":true,"href":"https:\/\/garageblogec.com\/index.php?rest_route=%2Fwp%2Fv2%2Fcomments&post=2908"}],"version-history":[{"count":1,"href":"https:\/\/garageblogec.com\/index.php?rest_route=\/wp\/v2\/posts\/2908\/revisions"}],"predecessor-version":[{"id":2912,"href":"https:\/\/garageblogec.com\/index.php?rest_route=\/wp\/v2\/posts\/2908\/revisions\/2912"}],"wp:featuredmedia":[{"embeddable":true,"href":"https:\/\/garageblogec.com\/index.php?rest_route=\/wp\/v2\/media\/2910"}],"wp:attachment":[{"href":"https:\/\/garageblogec.com\/index.php?rest_route=%2Fwp%2Fv2%2Fmedia&parent=2908"}],"wp:term":[{"taxonomy":"category","embeddable":true,"href":"https:\/\/garageblogec.com\/index.php?rest_route=%2Fwp%2Fv2%2Fcategories&post=2908"},{"taxonomy":"post_tag","embeddable":true,"href":"https:\/\/garageblogec.com\/index.php?rest_route=%2Fwp%2Fv2%2Ftags&post=2908"}],"curies":[{"name":"wp","href":"https:\/\/api.w.org\/{rel}","templated":true}]}}