{"id":2905,"date":"2025-12-17T20:45:34","date_gmt":"2025-12-17T20:45:34","guid":{"rendered":"https:\/\/garageblogec.com\/?p=2905"},"modified":"2025-12-17T20:45:39","modified_gmt":"2025-12-17T20:45:39","slug":"restriccion-regulatoria-para-el-renting-afecta-la-competitividad-del-pais","status":"publish","type":"post","link":"https:\/\/garageblogec.com\/?p=2905","title":{"rendered":"RESTRICCI\u00d3N REGULATORIA PARA EL RENTING AFECTA LA COMPETITIVIDAD DEL PA\u00cdS"},"content":{"rendered":"\n<p>La competitividad de las comunidades productivas, las empresas y las econom\u00edas modernas se sustenta en diversos factores, entre los que la eficiencia log\u00edstica constituye un pilar prioritario. Sin ella, es imposible alcanzar adecuados niveles de desarrollo productivo, econ\u00f3mico y social.<\/p>\n\n\n\n<p>De acuerdo con las cifras de las Cuentas Nacionales, el almacenamiento y la log\u00edstica representan en promedio el 5,7% del Valor Agregado Bruto Total del pa\u00eds. En este componente, el transporte incide entre el 40% y 60% de los costos log\u00edsticos, lo que significa una participaci\u00f3n de entre 2,28% y 3,34% del Valor Agregado Bruto Total. En sectores clave, como el alimenticio, la gesti\u00f3n log\u00edstica alcanza el 24% del valor agregado, de los cuales entre 9,6% y 14,4% corresponden al transporte.<\/p>\n\n\n\n<figure class=\"wp-block-image size-large\"><img fetchpriority=\"high\" decoding=\"async\" width=\"1024\" height=\"558\" src=\"https:\/\/garageblogec.com\/wp-content\/uploads\/2025\/12\/WhatsApp-Image-2025-12-17-at-2.54.26-PM-1024x558.jpeg\" alt=\"\" class=\"wp-image-2906\" srcset=\"https:\/\/garageblogec.com\/wp-content\/uploads\/2025\/12\/WhatsApp-Image-2025-12-17-at-2.54.26-PM-1024x558.jpeg 1024w, https:\/\/garageblogec.com\/wp-content\/uploads\/2025\/12\/WhatsApp-Image-2025-12-17-at-2.54.26-PM-300x164.jpeg 300w, https:\/\/garageblogec.com\/wp-content\/uploads\/2025\/12\/WhatsApp-Image-2025-12-17-at-2.54.26-PM-768x419.jpeg 768w, https:\/\/garageblogec.com\/wp-content\/uploads\/2025\/12\/WhatsApp-Image-2025-12-17-at-2.54.26-PM.jpeg 1280w\" sizes=\"(max-width: 1024px) 100vw, 1024px\" \/><\/figure>\n\n\n\n<p>Estudios adicionales se\u00f1alan que la log\u00edstica puede concentrar entre el 60% y el 80% del costo total de las ventas de una empresa, y que actualmente estos costos pueden superar el 30% del valor final del producto, principalmente debido al incremento de los gastos de transporte y almacenamiento.<\/p>\n\n\n\n<p><strong><u>El renting como herramienta para la productividad y el desarrollo<\/u><\/strong><\/p>\n\n\n\n<p>En este contexto, el renting (arrendamiento de activos) surge como una alternativa de enorme valor, especialmente para las peque\u00f1as y medianas empresas (PYMES). Este modelo funciona como un catalizador de productividad y motor de desarrollo, al ofrecer soluciones que reducen los costos, optimizan recursos y permiten mayor flexibilidad frente a las limitaciones de capital.<\/p>\n\n\n\n<p>A nivel mundial, tanto personas naturales como jur\u00eddicas muestran una creciente preferencia por el arriendo de activos frente a su compra, ya que este modelo libera recursos financieros que pueden destinarse a inversiones estrat\u00e9gicas directamente ligadas al giro del negocio.<\/p>\n\n\n\n<p>Adem\u00e1s, el renting contribuye a mantener un parque automotor joven, lo que reduce la contaminaci\u00f3n, mejora la seguridad vial y eleva los est\u00e1ndares de eficiencia.<\/p>\n\n\n\n<p>Entre los principales factores de valor que el renting aporta a las empresas destacan:<\/p>\n\n\n\n<ul class=\"wp-block-list\">\n<li>Control de costos y econom\u00eda de escala.<\/li>\n\n\n\n<li>Renovaci\u00f3n permanente de los equipos.<\/li>\n\n\n\n<li>Reducci\u00f3n de la carga administrativa interna.<\/li>\n\n\n\n<li>Mantenimiento programado y previsible.<\/li>\n\n\n\n<li>Mejor comportamiento de los indicadores de endeudamiento y rentabilidad.<\/li>\n\n\n\n<li>Mayor confiabilidad operativa y cumplimiento normativo.<\/li>\n\n\n\n<li>R\u00e1pida adaptaci\u00f3n a restricciones ambientales o de movilidad.<\/li>\n\n\n\n<li>Planificaci\u00f3n de largo plazo con ahorro sostenido.<\/li>\n<\/ul>\n\n\n\n<p>El renting permite generar ahorros importantes en transporte, mejora la eficiencia operativa \u2014impactando directamente en los costos de inventario\u2014 y aporta valor agregado a la cadena log\u00edstica y productiva.<\/p>\n\n\n\n<p><strong><u>Estudio de CorpoRent: renting vs. compra de veh\u00edculos<\/u><\/strong><\/p>\n\n\n\n<p>En Ecuador, un estudio desarrollado por CorpoRent, gremio que agrupa a las principales empresas del sector, concluye que tanto en veh\u00edculos de transporte pesado como en SUV, el costo final de compra y mantenimiento es significativamente mayor que el canon de arrendamiento.<br>Esto demuestra que el renting es m\u00e1s eficiente y sostenible, generando ahorros constantes en la econom\u00eda de las empresas y consumidores.<\/p>\n\n\n\n<figure class=\"wp-block-image size-large\"><img decoding=\"async\" src=\"https:\/\/corporent.com.ec\/wp-content\/uploads\/2023\/03\/renta-vs-compra-1110x624.jpg\" alt=\"\"\/><\/figure>\n\n\n\n<p><strong><u>Restricci\u00f3n que limita la competitividad nacional<\/u><\/strong><\/p>\n\n\n\n<p>Pese a estos beneficios, una regulaci\u00f3n de la Agencia Nacional de Tr\u00e1nsito (ANT) proh\u00edbe actualmente la renta de veh\u00edculos con peso superior a 3.5 toneladas, lo que impide que personas y empresas accedan a una alternativa eficiente y moderna para la gesti\u00f3n de flotas.<\/p>\n\n\n\n<p>Esta restricci\u00f3n regulatoria, contrapuesta con la Ley, tiene consecuencias directas para la econom\u00eda ecuatoriana:<\/p>\n\n\n\n<ul class=\"wp-block-list\">\n<li>Impide la generaci\u00f3n de 30.643 plazas de empleo.<\/li>\n\n\n\n<li>Reduce la recaudaci\u00f3n fiscal en USD 21,1 millones.<\/li>\n\n\n\n<li>Aumenta la inflaci\u00f3n nacional en 0,44%.<\/li>\n<\/ul>\n\n\n\n<p>Ante esta situaci\u00f3n, CorpoRent ha gestionado ante las autoridades competentes la eliminaci\u00f3n urgente de la restricci\u00f3n regulatoria, con el fin de permitir que las empresas puedan acceder a modelos de renting en igualdad de condiciones.<\/p>\n\n\n\n<p><em>\u201cEl renting no es un lujo, es una herramienta para la eficiencia. Su restricci\u00f3n afecta la productividad, la sostenibilidad y la competitividad del pa\u00eds\u201d<\/em>, se\u00f1al\u00f3 Mauricio Pe\u00f1a, secretario general de CorpoRent.<\/p>\n\n\n\n<p>El gremio reafirma su compromiso con el desarrollo log\u00edstico, productivo y sostenible del Ecuador, en l\u00ednea con las tendencias internacionales de movilidad corporativa y optimizaci\u00f3n de recursos.<\/p>\n\n\n<div class='pt-cv-wrapper'> <h3 class='pt-cv-heading-container heading1' data-blockid='snzej65b'><span class='pt-cv-heading'> Overlay1 <\/span><\/h3><div class=\"pt-cv-view pt-cv-overlaygrid iscvblock iscvreal overlay1 layout1\" id=\"pt-cv-view-snzej65b\"><div data-id=\"pt-cv-page-1\" class=\"pt-cv-page\" data-cvc=\"3\"><div class=\" pt-cv-content-item pt-cv-1-col\" ><div class=\"pt-cv-thumb-wrapper  \"><a href=\"https:\/\/garageblogec.com\/?p=3303\" class=\"_self pt-cv-href-thumbnail pt-cv-thumb-default\" target=\"_self\" ><img decoding=\"async\" width=\"768\" height=\"432\" src=\"https:\/\/garageblogec.com\/wp-content\/uploads\/2026\/04\/WhatsApp-Image-2026-04-21-at-1.52.53-PM-768x432.jpeg\" class=\"pt-cv-thumbnail\" alt=\"\" \/><\/a><\/div>\n<div class=\"pt-cv-overlay-wrapper\"><div class=\"pt-cv-taxoterm above_title\"><a href='https:\/\/garageblogec.com\/?cat=27' title='Industria Nacional' class='pt-cv-tax-industria-nacional'>Industria Nacional<\/a><\/div><h4 class=\"pt-cv-title\"><a href=\"https:\/\/garageblogec.com\/?p=3303\" class=\"_self\" target=\"_self\" >Grupo Ambacar presenta en Guayaquil KGM, su nueva marca de SUV h\u00edbridos con respaldo global<\/a><\/h4><div class=\"pt-cv-meta-fields\"><span class=\"entry-date\"> <time datetime=\"2026-04-21T21:37:24+00:00\">abril 21, 2026<\/time><\/span><span> \/ <\/span><span class=\"author\"> <a href=\"https:\/\/garageblogec.com\/?author=6\" rel=\"author\">gabi1212<\/a><\/span><\/div><\/div><\/div>\n<div class=\" pt-cv-content-item pt-cv-1-col\" ><div class=\"pt-cv-thumb-wrapper  \"><a href=\"https:\/\/garageblogec.com\/?p=3296\" class=\"_self pt-cv-href-thumbnail pt-cv-thumb-default\" target=\"_self\" ><img decoding=\"async\" width=\"768\" height=\"432\" src=\"https:\/\/garageblogec.com\/wp-content\/uploads\/2026\/04\/WhatsApp-Image-2026-04-14-at-3.15.09-PM-768x432.jpeg\" class=\"pt-cv-thumbnail\" alt=\"\" \/><\/a><\/div>\n<div class=\"pt-cv-overlay-wrapper\"><div class=\"pt-cv-taxoterm above_title\"><a href='https:\/\/garageblogec.com\/?cat=27' title='Industria Nacional' class='pt-cv-tax-industria-nacional'>Industria Nacional<\/a><\/div><h4 class=\"pt-cv-title\"><a href=\"https:\/\/garageblogec.com\/?p=3296\" class=\"_self\" target=\"_self\" >El tablero desapareci\u00f3, ahora el auto es una pantalla inteligente<\/a><\/h4><div class=\"pt-cv-meta-fields\"><span class=\"entry-date\"> <time datetime=\"2026-04-14T20:21:20+00:00\">abril 14, 2026<\/time><\/span><span> \/ <\/span><span class=\"author\"> <a href=\"https:\/\/garageblogec.com\/?author=6\" rel=\"author\">gabi1212<\/a><\/span><\/div><\/div><\/div>\n<div class=\" pt-cv-content-item pt-cv-1-col\" ><div class=\"pt-cv-thumb-wrapper  \"><a href=\"https:\/\/garageblogec.com\/?p=3291\" class=\"_self pt-cv-href-thumbnail pt-cv-thumb-default\" target=\"_self\" ><img loading=\"lazy\" decoding=\"async\" width=\"768\" height=\"432\" src=\"https:\/\/garageblogec.com\/wp-content\/uploads\/2026\/04\/WhatsApp-Image-2026-04-14-at-2.21.27-PM-768x432.jpeg\" class=\"pt-cv-thumbnail\" alt=\"\" \/><\/a><\/div>\n<div class=\"pt-cv-overlay-wrapper\"><div class=\"pt-cv-taxoterm above_title\"><a href='https:\/\/garageblogec.com\/?cat=27' title='Industria Nacional' class='pt-cv-tax-industria-nacional'>Industria Nacional<\/a><\/div><h4 class=\"pt-cv-title\"><a href=\"https:\/\/garageblogec.com\/?p=3291\" class=\"_self\" target=\"_self\" >Seguridad al volante en Ecuador: los errores m\u00e1s comunes que cometen los conductores<\/a><\/h4><div class=\"pt-cv-meta-fields\"><span class=\"entry-date\"> <time datetime=\"2026-04-14T20:08:54+00:00\">abril 14, 2026<\/time><\/span><span> \/ <\/span><span class=\"author\"> <a href=\"https:\/\/garageblogec.com\/?author=6\" rel=\"author\">gabi1212<\/a><\/span><\/div><\/div><\/div>\n<div class=\" pt-cv-content-item pt-cv-1-col\" ><div class=\"pt-cv-thumb-wrapper  \"><a href=\"https:\/\/garageblogec.com\/?p=3286\" class=\"_self pt-cv-href-thumbnail pt-cv-thumb-default\" target=\"_self\" ><img loading=\"lazy\" decoding=\"async\" width=\"768\" height=\"492\" src=\"https:\/\/garageblogec.com\/wp-content\/uploads\/2026\/04\/Posventa.jpg-768x492.jpeg\" class=\"pt-cv-thumbnail\" alt=\"\" \/><\/a><\/div>\n<div class=\"pt-cv-overlay-wrapper\"><div class=\"pt-cv-taxoterm above_title\"><a href='https:\/\/garageblogec.com\/?cat=27' title='Industria Nacional' class='pt-cv-tax-industria-nacional'>Industria Nacional<\/a><\/div><h4 class=\"pt-cv-title\"><a href=\"https:\/\/garageblogec.com\/?p=3286\" class=\"_self\" target=\"_self\" >Clientes Nissan reciben cambios de aceite infinitos<\/a><\/h4><div class=\"pt-cv-meta-fields\"><span class=\"entry-date\"> <time datetime=\"2026-04-14T20:04:08+00:00\">abril 14, 2026<\/time><\/span><span> \/ <\/span><span class=\"author\"> <a href=\"https:\/\/garageblogec.com\/?author=6\" rel=\"author\">gabi1212<\/a><\/span><\/div><\/div><\/div>\n<div class=\" pt-cv-content-item pt-cv-1-col\" ><div class=\"pt-cv-thumb-wrapper  \"><a href=\"https:\/\/garageblogec.com\/?p=3280\" class=\"_self pt-cv-href-thumbnail pt-cv-thumb-default\" target=\"_self\" ><img loading=\"lazy\" decoding=\"async\" width=\"768\" height=\"512\" src=\"https:\/\/garageblogec.com\/wp-content\/uploads\/2026\/04\/foto1-768x512.jpeg\" class=\"pt-cv-thumbnail\" alt=\"\" \/><\/a><\/div>\n<div class=\"pt-cv-overlay-wrapper\"><div class=\"pt-cv-taxoterm above_title\"><a href='https:\/\/garageblogec.com\/?cat=27' title='Industria Nacional' class='pt-cv-tax-industria-nacional'>Industria Nacional<\/a><\/div><h4 class=\"pt-cv-title\"><a href=\"https:\/\/garageblogec.com\/?p=3280\" class=\"_self\" target=\"_self\" >Movilidad como inversi\u00f3n: el uso de utilidades que crece en Ecuador<\/a><\/h4><div class=\"pt-cv-meta-fields\"><span class=\"entry-date\"> <time datetime=\"2026-04-07T19:55:36+00:00\">abril 7, 2026<\/time><\/span><span> \/ <\/span><span class=\"author\"> <a href=\"https:\/\/garageblogec.com\/?author=6\" rel=\"author\">gabi1212<\/a><\/span><\/div><\/div><\/div>\n<div class=\" pt-cv-content-item pt-cv-1-col\" ><div class=\"pt-cv-thumb-wrapper  \"><a href=\"https:\/\/garageblogec.com\/?p=3276\" class=\"_self pt-cv-href-thumbnail pt-cv-thumb-default\" target=\"_self\" ><img loading=\"lazy\" decoding=\"async\" width=\"745\" height=\"491\" src=\"https:\/\/garageblogec.com\/wp-content\/uploads\/2026\/04\/TT.png\" class=\"pt-cv-thumbnail\" alt=\"\" \/><\/a><\/div>\n<div class=\"pt-cv-overlay-wrapper\"><div class=\"pt-cv-taxoterm above_title\"><a href='https:\/\/garageblogec.com\/?cat=27' title='Industria Nacional' class='pt-cv-tax-industria-nacional'>Industria Nacional<\/a><\/div><h4 class=\"pt-cv-title\"><a href=\"https:\/\/garageblogec.com\/?p=3276\" class=\"_self\" target=\"_self\" >Lluvias en Ecuador: C\u00f3mo reducir riesgos en carretera y prevenir accidentes en calzada mojada<\/a><\/h4><div class=\"pt-cv-meta-fields\"><span class=\"entry-date\"> <time datetime=\"2026-04-07T19:46:52+00:00\">abril 7, 2026<\/time><\/span><span> \/ <\/span><span class=\"author\"> <a href=\"https:\/\/garageblogec.com\/?author=6\" rel=\"author\">gabi1212<\/a><\/span><\/div><\/div><\/div><\/div><\/div> <\/div> <style>\n#pt-cv-view-snzej65b .pt-cv-thumb-wrapper::before {background: rgba(0,0,0,.4); opacity: 0.8;}#pt-cv-view-snzej65b .pt-cv-overlay-wrapper {justify-content: center;}\n#pt-cv-view-snzej65b .pt-cv-meta-fields {  }#pt-cv-view-snzej65b .pt-cv-meta-fields * { font-size: 13px; }#pt-cv-view-snzej65b .pt-cv-title a { display: block; }#pt-cv-view-snzej65b .pt-cv-title:not(.pt-cv-titlesm) a { font-weight: 600;text-decoration: none;font-size: 20px; }#pt-cv-view-snzej65b .pt-cv-titlesm a { font-weight: 600;font-size: 18px; }#pt-cv-view-snzej65b .pt-cv-content { font-size: 15px; }#pt-cv-view-snzej65b .pt-cv-rmwrap {  }#pt-cv-view-snzej65b .pt-cv-readmore { color: #fff;background-color: #0075ff;font-size: 14px; }#pt-cv-view-snzej65b .pt-cv-taxoterm { margin: 0px 0px 20px 0px; }#pt-cv-view-snzej65b .pt-cv-taxoterm * { color: #222;background-color: #fff6f6;font-size: 14px; }#pt-cv-view-snzej65b + .pt-cv-pagination-wrapper {  }#pt-cv-view-snzej65b + .pt-cv-pagination-wrapper a { font-size: 14px; }#pt-cv-view-snzej65b > .pt-cv-page {grid-template-columns: repeat(3, 1fr);grid-auto-rows: 250px;grid-gap: 10px;}\n@media all and (max-width: 1024px) { \n#pt-cv-view-snzej65b > .pt-cv-page {}\n} \n@media all and (max-width: 767px) { \n#pt-cv-view-snzej65b > .pt-cv-page {grid-template-columns: repeat(1, 1fr);}\n} <\/style>","protected":false},"excerpt":{"rendered":"<p>La competitividad de las comunidades productivas, las empresas y las econom\u00edas modernas se sustenta en diversos factores, entre los que la eficiencia log\u00edstica constituye un pilar prioritario. Sin ella, es imposible alcanzar adecuados niveles de desarrollo productivo, econ\u00f3mico y social. De acuerdo con las cifras de las Cuentas Nacionales, el almacenamiento y la log\u00edstica representan [&hellip;]<\/p>\n","protected":false},"author":6,"featured_media":2906,"comment_status":"open","ping_status":"open","sticky":false,"template":"","format":"standard","meta":{"_jetpack_memberships_contains_paid_content":false,"footnotes":""},"categories":[27],"tags":[],"class_list":["post-2905","post","type-post","status-publish","format-standard","has-post-thumbnail","hentry","category-industria-nacional"],"yoast_head":"<!-- This site is optimized with the Yoast SEO plugin v27.5 - https:\/\/yoast.com\/product\/yoast-seo-wordpress\/ -->\n<title>RESTRICCI\u00d3N REGULATORIA PARA EL RENTING AFECTA LA COMPETITIVIDAD DEL PA\u00cdS - Garage Blog Ecuador<\/title>\n<meta name=\"robots\" content=\"index, follow, max-snippet:-1, max-image-preview:large, max-video-preview:-1\" \/>\n<link rel=\"canonical\" href=\"https:\/\/garageblogec.com\/?p=2905\" \/>\n<meta property=\"og:locale\" content=\"es_ES\" \/>\n<meta property=\"og:type\" content=\"article\" \/>\n<meta property=\"og:title\" content=\"RESTRICCI\u00d3N REGULATORIA PARA EL RENTING AFECTA LA COMPETITIVIDAD DEL PA\u00cdS - Garage Blog Ecuador\" \/>\n<meta property=\"og:description\" content=\"La competitividad de las comunidades productivas, las empresas y las econom\u00edas modernas se sustenta en diversos factores, entre los que la eficiencia log\u00edstica constituye un pilar prioritario. Sin ella, es imposible alcanzar adecuados niveles de desarrollo productivo, econ\u00f3mico y social. De acuerdo con las cifras de las Cuentas Nacionales, el almacenamiento y la log\u00edstica representan [&hellip;]\" \/>\n<meta property=\"og:url\" content=\"https:\/\/garageblogec.com\/?p=2905\" \/>\n<meta property=\"og:site_name\" content=\"Garage Blog Ecuador\" \/>\n<meta property=\"article:published_time\" content=\"2025-12-17T20:45:34+00:00\" \/>\n<meta property=\"article:modified_time\" content=\"2025-12-17T20:45:39+00:00\" \/>\n<meta property=\"og:image\" content=\"https:\/\/garageblogec.com\/wp-content\/uploads\/2025\/12\/WhatsApp-Image-2025-12-17-at-2.54.26-PM.jpeg\" \/>\n\t<meta property=\"og:image:width\" content=\"1280\" \/>\n\t<meta property=\"og:image:height\" content=\"698\" \/>\n\t<meta property=\"og:image:type\" content=\"image\/jpeg\" \/>\n<meta name=\"author\" content=\"gabi1212\" \/>\n<meta name=\"twitter:card\" content=\"summary_large_image\" \/>\n<meta name=\"twitter:label1\" content=\"Escrito por\" \/>\n\t<meta name=\"twitter:data1\" content=\"gabi1212\" \/>\n\t<meta name=\"twitter:label2\" content=\"Tiempo de lectura\" \/>\n\t<meta name=\"twitter:data2\" content=\"4 minutos\" \/>\n<script type=\"application\/ld+json\" class=\"yoast-schema-graph\">{\"@context\":\"https:\\\/\\\/schema.org\",\"@graph\":[{\"@type\":\"Article\",\"@id\":\"https:\\\/\\\/garageblogec.com\\\/?p=2905#article\",\"isPartOf\":{\"@id\":\"https:\\\/\\\/garageblogec.com\\\/?p=2905\"},\"author\":{\"name\":\"gabi1212\",\"@id\":\"https:\\\/\\\/garageblogec.com\\\/#\\\/schema\\\/person\\\/635f4b76c0cb3e43b82fe6f7d8bcceea\"},\"headline\":\"RESTRICCI\u00d3N REGULATORIA PARA EL RENTING AFECTA LA COMPETITIVIDAD DEL PA\u00cdS\",\"datePublished\":\"2025-12-17T20:45:34+00:00\",\"dateModified\":\"2025-12-17T20:45:39+00:00\",\"mainEntityOfPage\":{\"@id\":\"https:\\\/\\\/garageblogec.com\\\/?p=2905\"},\"wordCount\":689,\"commentCount\":0,\"publisher\":{\"@id\":\"https:\\\/\\\/garageblogec.com\\\/#organization\"},\"image\":{\"@id\":\"https:\\\/\\\/garageblogec.com\\\/?p=2905#primaryimage\"},\"thumbnailUrl\":\"https:\\\/\\\/garageblogec.com\\\/wp-content\\\/uploads\\\/2025\\\/12\\\/WhatsApp-Image-2025-12-17-at-2.54.26-PM.jpeg\",\"articleSection\":[\"Industria Nacional\"],\"inLanguage\":\"es\",\"potentialAction\":[{\"@type\":\"CommentAction\",\"name\":\"Comment\",\"target\":[\"https:\\\/\\\/garageblogec.com\\\/?p=2905#respond\"]}]},{\"@type\":\"WebPage\",\"@id\":\"https:\\\/\\\/garageblogec.com\\\/?p=2905\",\"url\":\"https:\\\/\\\/garageblogec.com\\\/?p=2905\",\"name\":\"RESTRICCI\u00d3N REGULATORIA PARA EL RENTING AFECTA LA COMPETITIVIDAD DEL PA\u00cdS - Garage Blog Ecuador\",\"isPartOf\":{\"@id\":\"https:\\\/\\\/garageblogec.com\\\/#website\"},\"primaryImageOfPage\":{\"@id\":\"https:\\\/\\\/garageblogec.com\\\/?p=2905#primaryimage\"},\"image\":{\"@id\":\"https:\\\/\\\/garageblogec.com\\\/?p=2905#primaryimage\"},\"thumbnailUrl\":\"https:\\\/\\\/garageblogec.com\\\/wp-content\\\/uploads\\\/2025\\\/12\\\/WhatsApp-Image-2025-12-17-at-2.54.26-PM.jpeg\",\"datePublished\":\"2025-12-17T20:45:34+00:00\",\"dateModified\":\"2025-12-17T20:45:39+00:00\",\"breadcrumb\":{\"@id\":\"https:\\\/\\\/garageblogec.com\\\/?p=2905#breadcrumb\"},\"inLanguage\":\"es\",\"potentialAction\":[{\"@type\":\"ReadAction\",\"target\":[\"https:\\\/\\\/garageblogec.com\\\/?p=2905\"]}]},{\"@type\":\"ImageObject\",\"inLanguage\":\"es\",\"@id\":\"https:\\\/\\\/garageblogec.com\\\/?p=2905#primaryimage\",\"url\":\"https:\\\/\\\/garageblogec.com\\\/wp-content\\\/uploads\\\/2025\\\/12\\\/WhatsApp-Image-2025-12-17-at-2.54.26-PM.jpeg\",\"contentUrl\":\"https:\\\/\\\/garageblogec.com\\\/wp-content\\\/uploads\\\/2025\\\/12\\\/WhatsApp-Image-2025-12-17-at-2.54.26-PM.jpeg\",\"width\":1280,\"height\":698},{\"@type\":\"BreadcrumbList\",\"@id\":\"https:\\\/\\\/garageblogec.com\\\/?p=2905#breadcrumb\",\"itemListElement\":[{\"@type\":\"ListItem\",\"position\":1,\"name\":\"Portada\",\"item\":\"https:\\\/\\\/garageblogec.com\\\/\"},{\"@type\":\"ListItem\",\"position\":2,\"name\":\"RESTRICCI\u00d3N REGULATORIA PARA EL RENTING AFECTA LA COMPETITIVIDAD DEL PA\u00cdS\"}]},{\"@type\":\"WebSite\",\"@id\":\"https:\\\/\\\/garageblogec.com\\\/#website\",\"url\":\"https:\\\/\\\/garageblogec.com\\\/\",\"name\":\"Garage Blog Ecuador\",\"description\":\"Alucinamos por los autos \",\"publisher\":{\"@id\":\"https:\\\/\\\/garageblogec.com\\\/#organization\"},\"potentialAction\":[{\"@type\":\"SearchAction\",\"target\":{\"@type\":\"EntryPoint\",\"urlTemplate\":\"https:\\\/\\\/garageblogec.com\\\/?s={search_term_string}\"},\"query-input\":{\"@type\":\"PropertyValueSpecification\",\"valueRequired\":true,\"valueName\":\"search_term_string\"}}],\"inLanguage\":\"es\"},{\"@type\":\"Organization\",\"@id\":\"https:\\\/\\\/garageblogec.com\\\/#organization\",\"name\":\"Garage Blog Ecuador\",\"url\":\"https:\\\/\\\/garageblogec.com\\\/\",\"logo\":{\"@type\":\"ImageObject\",\"inLanguage\":\"es\",\"@id\":\"https:\\\/\\\/garageblogec.com\\\/#\\\/schema\\\/logo\\\/image\\\/\",\"url\":\"https:\\\/\\\/garageblogec.com\\\/wp-content\\\/uploads\\\/2024\\\/02\\\/cropped-logo-png-para-blog.webp\",\"contentUrl\":\"https:\\\/\\\/garageblogec.com\\\/wp-content\\\/uploads\\\/2024\\\/02\\\/cropped-logo-png-para-blog.webp\",\"width\":840,\"height\":556,\"caption\":\"Garage Blog Ecuador \"},\"image\":{\"@id\":\"https:\\\/\\\/garageblogec.com\\\/#\\\/schema\\\/logo\\\/image\\\/\"}},{\"@type\":\"Person\",\"@id\":\"https:\\\/\\\/garageblogec.com\\\/#\\\/schema\\\/person\\\/635f4b76c0cb3e43b82fe6f7d8bcceea\",\"name\":\"gabi1212\",\"image\":{\"@type\":\"ImageObject\",\"inLanguage\":\"es\",\"@id\":\"https:\\\/\\\/secure.gravatar.com\\\/avatar\\\/6aa491f45cb359d4d6dd8c430e83f78899c80569c27d21156e19bbdcd31d1811?s=96&d=mm&r=g\",\"url\":\"https:\\\/\\\/secure.gravatar.com\\\/avatar\\\/6aa491f45cb359d4d6dd8c430e83f78899c80569c27d21156e19bbdcd31d1811?s=96&d=mm&r=g\",\"contentUrl\":\"https:\\\/\\\/secure.gravatar.com\\\/avatar\\\/6aa491f45cb359d4d6dd8c430e83f78899c80569c27d21156e19bbdcd31d1811?s=96&d=mm&r=g\",\"caption\":\"gabi1212\"},\"url\":\"https:\\\/\\\/garageblogec.com\\\/?author=6\"}]}<\/script>\n<!-- \/ Yoast SEO plugin. -->","yoast_head_json":{"title":"RESTRICCI\u00d3N REGULATORIA PARA EL RENTING AFECTA LA COMPETITIVIDAD DEL PA\u00cdS - Garage Blog Ecuador","robots":{"index":"index","follow":"follow","max-snippet":"max-snippet:-1","max-image-preview":"max-image-preview:large","max-video-preview":"max-video-preview:-1"},"canonical":"https:\/\/garageblogec.com\/?p=2905","og_locale":"es_ES","og_type":"article","og_title":"RESTRICCI\u00d3N REGULATORIA PARA EL RENTING AFECTA LA COMPETITIVIDAD DEL PA\u00cdS - Garage Blog Ecuador","og_description":"La competitividad de las comunidades productivas, las empresas y las econom\u00edas modernas se sustenta en diversos factores, entre los que la eficiencia log\u00edstica constituye un pilar prioritario. Sin ella, es imposible alcanzar adecuados niveles de desarrollo productivo, econ\u00f3mico y social. De acuerdo con las cifras de las Cuentas Nacionales, el almacenamiento y la log\u00edstica representan [&hellip;]","og_url":"https:\/\/garageblogec.com\/?p=2905","og_site_name":"Garage Blog Ecuador","article_published_time":"2025-12-17T20:45:34+00:00","article_modified_time":"2025-12-17T20:45:39+00:00","og_image":[{"width":1280,"height":698,"url":"https:\/\/garageblogec.com\/wp-content\/uploads\/2025\/12\/WhatsApp-Image-2025-12-17-at-2.54.26-PM.jpeg","type":"image\/jpeg"}],"author":"gabi1212","twitter_card":"summary_large_image","twitter_misc":{"Escrito por":"gabi1212","Tiempo de lectura":"4 minutos"},"schema":{"@context":"https:\/\/schema.org","@graph":[{"@type":"Article","@id":"https:\/\/garageblogec.com\/?p=2905#article","isPartOf":{"@id":"https:\/\/garageblogec.com\/?p=2905"},"author":{"name":"gabi1212","@id":"https:\/\/garageblogec.com\/#\/schema\/person\/635f4b76c0cb3e43b82fe6f7d8bcceea"},"headline":"RESTRICCI\u00d3N REGULATORIA PARA EL RENTING AFECTA LA COMPETITIVIDAD DEL PA\u00cdS","datePublished":"2025-12-17T20:45:34+00:00","dateModified":"2025-12-17T20:45:39+00:00","mainEntityOfPage":{"@id":"https:\/\/garageblogec.com\/?p=2905"},"wordCount":689,"commentCount":0,"publisher":{"@id":"https:\/\/garageblogec.com\/#organization"},"image":{"@id":"https:\/\/garageblogec.com\/?p=2905#primaryimage"},"thumbnailUrl":"https:\/\/garageblogec.com\/wp-content\/uploads\/2025\/12\/WhatsApp-Image-2025-12-17-at-2.54.26-PM.jpeg","articleSection":["Industria Nacional"],"inLanguage":"es","potentialAction":[{"@type":"CommentAction","name":"Comment","target":["https:\/\/garageblogec.com\/?p=2905#respond"]}]},{"@type":"WebPage","@id":"https:\/\/garageblogec.com\/?p=2905","url":"https:\/\/garageblogec.com\/?p=2905","name":"RESTRICCI\u00d3N REGULATORIA PARA EL RENTING AFECTA LA COMPETITIVIDAD DEL PA\u00cdS - Garage Blog Ecuador","isPartOf":{"@id":"https:\/\/garageblogec.com\/#website"},"primaryImageOfPage":{"@id":"https:\/\/garageblogec.com\/?p=2905#primaryimage"},"image":{"@id":"https:\/\/garageblogec.com\/?p=2905#primaryimage"},"thumbnailUrl":"https:\/\/garageblogec.com\/wp-content\/uploads\/2025\/12\/WhatsApp-Image-2025-12-17-at-2.54.26-PM.jpeg","datePublished":"2025-12-17T20:45:34+00:00","dateModified":"2025-12-17T20:45:39+00:00","breadcrumb":{"@id":"https:\/\/garageblogec.com\/?p=2905#breadcrumb"},"inLanguage":"es","potentialAction":[{"@type":"ReadAction","target":["https:\/\/garageblogec.com\/?p=2905"]}]},{"@type":"ImageObject","inLanguage":"es","@id":"https:\/\/garageblogec.com\/?p=2905#primaryimage","url":"https:\/\/garageblogec.com\/wp-content\/uploads\/2025\/12\/WhatsApp-Image-2025-12-17-at-2.54.26-PM.jpeg","contentUrl":"https:\/\/garageblogec.com\/wp-content\/uploads\/2025\/12\/WhatsApp-Image-2025-12-17-at-2.54.26-PM.jpeg","width":1280,"height":698},{"@type":"BreadcrumbList","@id":"https:\/\/garageblogec.com\/?p=2905#breadcrumb","itemListElement":[{"@type":"ListItem","position":1,"name":"Portada","item":"https:\/\/garageblogec.com\/"},{"@type":"ListItem","position":2,"name":"RESTRICCI\u00d3N REGULATORIA PARA EL RENTING AFECTA LA COMPETITIVIDAD DEL PA\u00cdS"}]},{"@type":"WebSite","@id":"https:\/\/garageblogec.com\/#website","url":"https:\/\/garageblogec.com\/","name":"Garage Blog Ecuador","description":"Alucinamos por los autos ","publisher":{"@id":"https:\/\/garageblogec.com\/#organization"},"potentialAction":[{"@type":"SearchAction","target":{"@type":"EntryPoint","urlTemplate":"https:\/\/garageblogec.com\/?s={search_term_string}"},"query-input":{"@type":"PropertyValueSpecification","valueRequired":true,"valueName":"search_term_string"}}],"inLanguage":"es"},{"@type":"Organization","@id":"https:\/\/garageblogec.com\/#organization","name":"Garage Blog Ecuador","url":"https:\/\/garageblogec.com\/","logo":{"@type":"ImageObject","inLanguage":"es","@id":"https:\/\/garageblogec.com\/#\/schema\/logo\/image\/","url":"https:\/\/garageblogec.com\/wp-content\/uploads\/2024\/02\/cropped-logo-png-para-blog.webp","contentUrl":"https:\/\/garageblogec.com\/wp-content\/uploads\/2024\/02\/cropped-logo-png-para-blog.webp","width":840,"height":556,"caption":"Garage Blog Ecuador "},"image":{"@id":"https:\/\/garageblogec.com\/#\/schema\/logo\/image\/"}},{"@type":"Person","@id":"https:\/\/garageblogec.com\/#\/schema\/person\/635f4b76c0cb3e43b82fe6f7d8bcceea","name":"gabi1212","image":{"@type":"ImageObject","inLanguage":"es","@id":"https:\/\/secure.gravatar.com\/avatar\/6aa491f45cb359d4d6dd8c430e83f78899c80569c27d21156e19bbdcd31d1811?s=96&d=mm&r=g","url":"https:\/\/secure.gravatar.com\/avatar\/6aa491f45cb359d4d6dd8c430e83f78899c80569c27d21156e19bbdcd31d1811?s=96&d=mm&r=g","contentUrl":"https:\/\/secure.gravatar.com\/avatar\/6aa491f45cb359d4d6dd8c430e83f78899c80569c27d21156e19bbdcd31d1811?s=96&d=mm&r=g","caption":"gabi1212"},"url":"https:\/\/garageblogec.com\/?author=6"}]}},"jetpack_featured_media_url":"https:\/\/garageblogec.com\/wp-content\/uploads\/2025\/12\/WhatsApp-Image-2025-12-17-at-2.54.26-PM.jpeg","jetpack_sharing_enabled":true,"_links":{"self":[{"href":"https:\/\/garageblogec.com\/index.php?rest_route=\/wp\/v2\/posts\/2905","targetHints":{"allow":["GET"]}}],"collection":[{"href":"https:\/\/garageblogec.com\/index.php?rest_route=\/wp\/v2\/posts"}],"about":[{"href":"https:\/\/garageblogec.com\/index.php?rest_route=\/wp\/v2\/types\/post"}],"author":[{"embeddable":true,"href":"https:\/\/garageblogec.com\/index.php?rest_route=\/wp\/v2\/users\/6"}],"replies":[{"embeddable":true,"href":"https:\/\/garageblogec.com\/index.php?rest_route=%2Fwp%2Fv2%2Fcomments&post=2905"}],"version-history":[{"count":1,"href":"https:\/\/garageblogec.com\/index.php?rest_route=\/wp\/v2\/posts\/2905\/revisions"}],"predecessor-version":[{"id":2907,"href":"https:\/\/garageblogec.com\/index.php?rest_route=\/wp\/v2\/posts\/2905\/revisions\/2907"}],"wp:featuredmedia":[{"embeddable":true,"href":"https:\/\/garageblogec.com\/index.php?rest_route=\/wp\/v2\/media\/2906"}],"wp:attachment":[{"href":"https:\/\/garageblogec.com\/index.php?rest_route=%2Fwp%2Fv2%2Fmedia&parent=2905"}],"wp:term":[{"taxonomy":"category","embeddable":true,"href":"https:\/\/garageblogec.com\/index.php?rest_route=%2Fwp%2Fv2%2Fcategories&post=2905"},{"taxonomy":"post_tag","embeddable":true,"href":"https:\/\/garageblogec.com\/index.php?rest_route=%2Fwp%2Fv2%2Ftags&post=2905"}],"curies":[{"name":"wp","href":"https:\/\/api.w.org\/{rel}","templated":true}]}}