{"id":2893,"date":"2025-12-11T19:47:05","date_gmt":"2025-12-11T19:47:05","guid":{"rendered":"https:\/\/garageblogec.com\/?p=2893"},"modified":"2025-12-11T19:47:11","modified_gmt":"2025-12-11T19:47:11","slug":"chevrolet-presenta-la-captiva-ev-su-nueva-suv-totalmente-electrica","status":"publish","type":"post","link":"https:\/\/garageblogec.com\/?p=2893","title":{"rendered":"Chevrolet presenta la Captiva EV, su nueva SUV totalmente el\u00e9ctrica"},"content":{"rendered":"\n<p>La nueva Chevrolet Captiva EV ya est\u00e1 disponible en Ecuador como una alternativa 100% el\u00e9ctrica que combina autonom\u00eda, dise\u00f1o premium y tecnolog\u00eda avanzada. Con hasta 510 km de autonom\u00eda (CLTC) y un motor de 201 HP, esta SUV ofrece un desempe\u00f1o eficiente y silencioso pensado para familias y conductores que buscan dar el salto hacia una movilidad m\u00e1s sostenible, siempre con el respaldo de Corporaci\u00f3n Proauto, la red de concesionarios Chevrolet con mayor presencia en el pa\u00eds, la Captiva EV se incorpora al portafolio como una opci\u00f3n moderna, confiable y dise\u00f1ada para acompa\u00f1ar los retos del d\u00eda a d\u00eda.<\/p>\n\n\n\n<figure class=\"wp-block-image size-large\"><img fetchpriority=\"high\" decoding=\"async\" width=\"1024\" height=\"576\" src=\"https:\/\/garageblogec.com\/wp-content\/uploads\/2025\/12\/WhatsApp-Image-2025-12-11-at-2.22.17-PM-1024x576.jpeg\" alt=\"\" class=\"wp-image-2894\" srcset=\"https:\/\/garageblogec.com\/wp-content\/uploads\/2025\/12\/WhatsApp-Image-2025-12-11-at-2.22.17-PM-1024x576.jpeg 1024w, https:\/\/garageblogec.com\/wp-content\/uploads\/2025\/12\/WhatsApp-Image-2025-12-11-at-2.22.17-PM-300x169.jpeg 300w, https:\/\/garageblogec.com\/wp-content\/uploads\/2025\/12\/WhatsApp-Image-2025-12-11-at-2.22.17-PM-768x432.jpeg 768w, https:\/\/garageblogec.com\/wp-content\/uploads\/2025\/12\/WhatsApp-Image-2025-12-11-at-2.22.17-PM-1536x864.jpeg 1536w, https:\/\/garageblogec.com\/wp-content\/uploads\/2025\/12\/WhatsApp-Image-2025-12-11-at-2.22.17-PM-1320x743.jpeg 1320w, https:\/\/garageblogec.com\/wp-content\/uploads\/2025\/12\/WhatsApp-Image-2025-12-11-at-2.22.17-PM.jpeg 1600w\" sizes=\"(max-width: 1024px) 100vw, 1024px\" \/><\/figure>\n\n\n\n<p><strong>Autonom\u00eda, eficiencia y carga r\u00e1pida<\/strong><\/p>\n\n\n\n<p>Equipada con un motor el\u00e9ctrico Permanent Magnet Bar Wound y una bater\u00eda de 60 kWh, la Captiva EV puede alcanzar hasta 510 km de autonom\u00eda seg\u00fan ciclo WLTP, NEDC o CLTC. Adem\u00e1s, permite carga r\u00e1pida en corriente directa de hasta 120 kW, reduciendo tiempos y facilitando viajes largos.<\/p>\n\n\n\n<figure class=\"wp-block-image size-full\"><img decoding=\"async\" width=\"960\" height=\"480\" src=\"https:\/\/garageblogec.com\/wp-content\/uploads\/2025\/12\/WhatsApp-Image-2025-12-11-at-2.41.25-PM.jpeg\" alt=\"\" class=\"wp-image-2895\" srcset=\"https:\/\/garageblogec.com\/wp-content\/uploads\/2025\/12\/WhatsApp-Image-2025-12-11-at-2.41.25-PM.jpeg 960w, https:\/\/garageblogec.com\/wp-content\/uploads\/2025\/12\/WhatsApp-Image-2025-12-11-at-2.41.25-PM-300x150.jpeg 300w, https:\/\/garageblogec.com\/wp-content\/uploads\/2025\/12\/WhatsApp-Image-2025-12-11-at-2.41.25-PM-768x384.jpeg 768w\" sizes=\"(max-width: 960px) 100vw, 960px\" \/><\/figure>\n\n\n\n<p><strong>Confort y espacio para cinco pasajeros<\/strong><\/p>\n\n\n\n<p>Pensada para familias y usuarios que requieren comodidad, la Captiva EV ofrece un interior con tapizado en ecocuero, asiento del conductor con ajuste el\u00e9ctrico de seis posiciones y acabados soft-touch premium, disponibles en tonalidades All Custom Black y Sandy Beige.<\/p>\n\n\n\n<p>El climatizador digital, el amplio espacio en cabina y la distribuci\u00f3n intuitiva de mandos brindan una conducci\u00f3n confortable incluso en trayectos prolongados.<\/p>\n\n\n\n<p><strong>Tecnolog\u00eda de \u00faltima generaci\u00f3n<\/strong><\/p>\n\n\n\n<p>Incorpora una de las pantallas m\u00e1s grandes del segmento, con 15.6\u201d Full HD, c\u00e1mara 360\u00b0, compatibilidad con Apple CarPlay\u2122 y Android Auto\u2122, acceso inteligente (PEPS) y sistema de audio de 6 parlantes<\/p>\n\n\n\n<p><strong>Seguridad avanzada con Chevrolet Intelligent Driving<\/strong><\/p>\n\n\n\n<p>Incluye seis airbags, control de estabilidad, control de tracci\u00f3n, EBD, sensores delanteros y traseros, ISOFIX y una suite de asistencias como frenado aut\u00f3nomo de emergencia, control crucero adaptativo, mantenimiento de carril y AFL (luces adaptativas autom\u00e1ticas)<\/p>\n\n\n\n<figure class=\"wp-block-image size-large\"><img decoding=\"async\" width=\"1024\" height=\"512\" src=\"https:\/\/garageblogec.com\/wp-content\/uploads\/2025\/12\/WhatsApp-Image-2025-12-11-at-2.41.25-PM-1-1024x512.jpeg\" alt=\"\" class=\"wp-image-2896\" srcset=\"https:\/\/garageblogec.com\/wp-content\/uploads\/2025\/12\/WhatsApp-Image-2025-12-11-at-2.41.25-PM-1-1024x512.jpeg 1024w, https:\/\/garageblogec.com\/wp-content\/uploads\/2025\/12\/WhatsApp-Image-2025-12-11-at-2.41.25-PM-1-300x150.jpeg 300w, https:\/\/garageblogec.com\/wp-content\/uploads\/2025\/12\/WhatsApp-Image-2025-12-11-at-2.41.25-PM-1-768x384.jpeg 768w, https:\/\/garageblogec.com\/wp-content\/uploads\/2025\/12\/WhatsApp-Image-2025-12-11-at-2.41.25-PM-1-1536x768.jpeg 1536w, https:\/\/garageblogec.com\/wp-content\/uploads\/2025\/12\/WhatsApp-Image-2025-12-11-at-2.41.25-PM-1-1320x660.jpeg 1320w, https:\/\/garageblogec.com\/wp-content\/uploads\/2025\/12\/WhatsApp-Image-2025-12-11-at-2.41.25-PM-1.jpeg 1600w\" sizes=\"(max-width: 1024px) 100vw, 1024px\" \/><\/figure>\n\n\n\n<p><strong>Respaldada por Corporaci\u00f3n Proauto<\/strong><\/p>\n\n\n\n<p>La Captiva EV cuenta con 8 a\u00f1os o 160.000 km de garant\u00eda en bater\u00eda y mantenimientos cada 10.000 km. Adquirir la Captiva EV en Corporaci\u00f3n Proauto garantiza una experiencia completa y confiable, desde la elecci\u00f3n del modelo hasta su mantenimiento. Adem\u00e1s, su posventa certificada asegura que la Captiva EV reciba el cuidado t\u00e9cnico adecuado para su bater\u00eda y sistemas avanzados.<\/p>\n\n\n\n<p>Corporaci\u00f3n Proauto busca brindar soluciones de movilidad confiables y modernas. La Captiva EV refleja esta visi\u00f3n, uniendo eficiencia el\u00e9ctrica, seguridad y tecnolog\u00eda en un solo veh\u00edculo.<\/p>\n\n\n<div class='pt-cv-wrapper'> <h3 class='pt-cv-heading-container heading1' data-blockid='z8w2jgb9'><span class='pt-cv-heading'> Overlay1 <\/span><\/h3><div class=\"pt-cv-view pt-cv-overlaygrid iscvblock iscvreal overlay1 layout1\" id=\"pt-cv-view-z8w2jgb9\"><div data-id=\"pt-cv-page-1\" class=\"pt-cv-page\" data-cvc=\"3\"><div class=\" pt-cv-content-item pt-cv-1-col\" ><div class=\"pt-cv-thumb-wrapper  \"><a href=\"https:\/\/garageblogec.com\/?p=3303\" class=\"_self pt-cv-href-thumbnail pt-cv-thumb-default\" target=\"_self\" ><img loading=\"lazy\" decoding=\"async\" width=\"768\" height=\"432\" src=\"https:\/\/garageblogec.com\/wp-content\/uploads\/2026\/04\/WhatsApp-Image-2026-04-21-at-1.52.53-PM-768x432.jpeg\" class=\"pt-cv-thumbnail\" alt=\"\" \/><\/a><\/div>\n<div class=\"pt-cv-overlay-wrapper\"><div class=\"pt-cv-taxoterm above_title\"><a href='https:\/\/garageblogec.com\/?cat=27' title='Industria Nacional' class='pt-cv-tax-industria-nacional'>Industria Nacional<\/a><\/div><h4 class=\"pt-cv-title\"><a href=\"https:\/\/garageblogec.com\/?p=3303\" class=\"_self\" target=\"_self\" >Grupo Ambacar presenta en Guayaquil KGM, su nueva marca de SUV h\u00edbridos con respaldo global<\/a><\/h4><div class=\"pt-cv-meta-fields\"><span class=\"entry-date\"> <time datetime=\"2026-04-21T21:37:24+00:00\">abril 21, 2026<\/time><\/span><span> \/ <\/span><span class=\"author\"> <a href=\"https:\/\/garageblogec.com\/?author=6\" rel=\"author\">gabi1212<\/a><\/span><\/div><\/div><\/div>\n<div class=\" pt-cv-content-item pt-cv-1-col\" ><div class=\"pt-cv-thumb-wrapper  \"><a href=\"https:\/\/garageblogec.com\/?p=3296\" class=\"_self pt-cv-href-thumbnail pt-cv-thumb-default\" target=\"_self\" ><img loading=\"lazy\" decoding=\"async\" width=\"768\" height=\"432\" src=\"https:\/\/garageblogec.com\/wp-content\/uploads\/2026\/04\/WhatsApp-Image-2026-04-14-at-3.15.09-PM-768x432.jpeg\" class=\"pt-cv-thumbnail\" alt=\"\" \/><\/a><\/div>\n<div class=\"pt-cv-overlay-wrapper\"><div class=\"pt-cv-taxoterm above_title\"><a href='https:\/\/garageblogec.com\/?cat=27' title='Industria Nacional' class='pt-cv-tax-industria-nacional'>Industria Nacional<\/a><\/div><h4 class=\"pt-cv-title\"><a href=\"https:\/\/garageblogec.com\/?p=3296\" class=\"_self\" target=\"_self\" >El tablero desapareci\u00f3, ahora el auto es una pantalla inteligente<\/a><\/h4><div class=\"pt-cv-meta-fields\"><span class=\"entry-date\"> <time datetime=\"2026-04-14T20:21:20+00:00\">abril 14, 2026<\/time><\/span><span> \/ <\/span><span class=\"author\"> <a href=\"https:\/\/garageblogec.com\/?author=6\" rel=\"author\">gabi1212<\/a><\/span><\/div><\/div><\/div>\n<div class=\" pt-cv-content-item pt-cv-1-col\" ><div class=\"pt-cv-thumb-wrapper  \"><a href=\"https:\/\/garageblogec.com\/?p=3291\" class=\"_self pt-cv-href-thumbnail pt-cv-thumb-default\" target=\"_self\" ><img loading=\"lazy\" decoding=\"async\" width=\"768\" height=\"432\" src=\"https:\/\/garageblogec.com\/wp-content\/uploads\/2026\/04\/WhatsApp-Image-2026-04-14-at-2.21.27-PM-768x432.jpeg\" class=\"pt-cv-thumbnail\" alt=\"\" \/><\/a><\/div>\n<div class=\"pt-cv-overlay-wrapper\"><div class=\"pt-cv-taxoterm above_title\"><a href='https:\/\/garageblogec.com\/?cat=27' title='Industria Nacional' class='pt-cv-tax-industria-nacional'>Industria Nacional<\/a><\/div><h4 class=\"pt-cv-title\"><a href=\"https:\/\/garageblogec.com\/?p=3291\" class=\"_self\" target=\"_self\" >Seguridad al volante en Ecuador: los errores m\u00e1s comunes que cometen los conductores<\/a><\/h4><div class=\"pt-cv-meta-fields\"><span class=\"entry-date\"> <time datetime=\"2026-04-14T20:08:54+00:00\">abril 14, 2026<\/time><\/span><span> \/ <\/span><span class=\"author\"> <a href=\"https:\/\/garageblogec.com\/?author=6\" rel=\"author\">gabi1212<\/a><\/span><\/div><\/div><\/div>\n<div class=\" pt-cv-content-item pt-cv-1-col\" ><div class=\"pt-cv-thumb-wrapper  \"><a href=\"https:\/\/garageblogec.com\/?p=3286\" class=\"_self pt-cv-href-thumbnail pt-cv-thumb-default\" target=\"_self\" ><img loading=\"lazy\" decoding=\"async\" width=\"768\" height=\"492\" src=\"https:\/\/garageblogec.com\/wp-content\/uploads\/2026\/04\/Posventa.jpg-768x492.jpeg\" class=\"pt-cv-thumbnail\" alt=\"\" \/><\/a><\/div>\n<div class=\"pt-cv-overlay-wrapper\"><div class=\"pt-cv-taxoterm above_title\"><a href='https:\/\/garageblogec.com\/?cat=27' title='Industria Nacional' class='pt-cv-tax-industria-nacional'>Industria Nacional<\/a><\/div><h4 class=\"pt-cv-title\"><a href=\"https:\/\/garageblogec.com\/?p=3286\" class=\"_self\" target=\"_self\" >Clientes Nissan reciben cambios de aceite infinitos<\/a><\/h4><div class=\"pt-cv-meta-fields\"><span class=\"entry-date\"> <time datetime=\"2026-04-14T20:04:08+00:00\">abril 14, 2026<\/time><\/span><span> \/ <\/span><span class=\"author\"> <a href=\"https:\/\/garageblogec.com\/?author=6\" rel=\"author\">gabi1212<\/a><\/span><\/div><\/div><\/div>\n<div class=\" pt-cv-content-item pt-cv-1-col\" ><div class=\"pt-cv-thumb-wrapper  \"><a href=\"https:\/\/garageblogec.com\/?p=3280\" class=\"_self pt-cv-href-thumbnail pt-cv-thumb-default\" target=\"_self\" ><img loading=\"lazy\" decoding=\"async\" width=\"768\" height=\"512\" src=\"https:\/\/garageblogec.com\/wp-content\/uploads\/2026\/04\/foto1-768x512.jpeg\" class=\"pt-cv-thumbnail\" alt=\"\" \/><\/a><\/div>\n<div class=\"pt-cv-overlay-wrapper\"><div class=\"pt-cv-taxoterm above_title\"><a href='https:\/\/garageblogec.com\/?cat=27' title='Industria Nacional' class='pt-cv-tax-industria-nacional'>Industria Nacional<\/a><\/div><h4 class=\"pt-cv-title\"><a href=\"https:\/\/garageblogec.com\/?p=3280\" class=\"_self\" target=\"_self\" >Movilidad como inversi\u00f3n: el uso de utilidades que crece en Ecuador<\/a><\/h4><div class=\"pt-cv-meta-fields\"><span class=\"entry-date\"> <time datetime=\"2026-04-07T19:55:36+00:00\">abril 7, 2026<\/time><\/span><span> \/ <\/span><span class=\"author\"> <a href=\"https:\/\/garageblogec.com\/?author=6\" rel=\"author\">gabi1212<\/a><\/span><\/div><\/div><\/div>\n<div class=\" pt-cv-content-item pt-cv-1-col\" ><div class=\"pt-cv-thumb-wrapper  \"><a href=\"https:\/\/garageblogec.com\/?p=3276\" class=\"_self pt-cv-href-thumbnail pt-cv-thumb-default\" target=\"_self\" ><img loading=\"lazy\" decoding=\"async\" width=\"745\" height=\"491\" src=\"https:\/\/garageblogec.com\/wp-content\/uploads\/2026\/04\/TT.png\" class=\"pt-cv-thumbnail\" alt=\"\" \/><\/a><\/div>\n<div class=\"pt-cv-overlay-wrapper\"><div class=\"pt-cv-taxoterm above_title\"><a href='https:\/\/garageblogec.com\/?cat=27' title='Industria Nacional' class='pt-cv-tax-industria-nacional'>Industria Nacional<\/a><\/div><h4 class=\"pt-cv-title\"><a href=\"https:\/\/garageblogec.com\/?p=3276\" class=\"_self\" target=\"_self\" >Lluvias en Ecuador: C\u00f3mo reducir riesgos en carretera y prevenir accidentes en calzada mojada<\/a><\/h4><div class=\"pt-cv-meta-fields\"><span class=\"entry-date\"> <time datetime=\"2026-04-07T19:46:52+00:00\">abril 7, 2026<\/time><\/span><span> \/ <\/span><span class=\"author\"> <a href=\"https:\/\/garageblogec.com\/?author=6\" rel=\"author\">gabi1212<\/a><\/span><\/div><\/div><\/div><\/div><\/div> <\/div> <style>\n#pt-cv-view-z8w2jgb9 .pt-cv-thumb-wrapper::before {background: rgba(0,0,0,.4); opacity: 0.8;}#pt-cv-view-z8w2jgb9 .pt-cv-overlay-wrapper {justify-content: center;}\n#pt-cv-view-z8w2jgb9 .pt-cv-meta-fields {  }#pt-cv-view-z8w2jgb9 .pt-cv-meta-fields * { font-size: 13px; }#pt-cv-view-z8w2jgb9 .pt-cv-title a { display: block; }#pt-cv-view-z8w2jgb9 .pt-cv-title:not(.pt-cv-titlesm) a { font-weight: 600;text-decoration: none;font-size: 20px; }#pt-cv-view-z8w2jgb9 .pt-cv-titlesm a { font-weight: 600;font-size: 18px; }#pt-cv-view-z8w2jgb9 .pt-cv-content { font-size: 15px; }#pt-cv-view-z8w2jgb9 .pt-cv-rmwrap {  }#pt-cv-view-z8w2jgb9 .pt-cv-readmore { color: #fff;background-color: #0075ff;font-size: 14px; }#pt-cv-view-z8w2jgb9 .pt-cv-taxoterm { margin: 0px 0px 20px 0px; }#pt-cv-view-z8w2jgb9 .pt-cv-taxoterm * { color: #222;background-color: #fff6f6;font-size: 14px; }#pt-cv-view-z8w2jgb9 + .pt-cv-pagination-wrapper {  }#pt-cv-view-z8w2jgb9 + .pt-cv-pagination-wrapper a { font-size: 14px; }#pt-cv-view-z8w2jgb9 > .pt-cv-page {grid-template-columns: repeat(3, 1fr);grid-auto-rows: 250px;grid-gap: 10px;}\n@media all and (max-width: 1024px) { \n#pt-cv-view-z8w2jgb9 > .pt-cv-page {}\n} \n@media all and (max-width: 767px) { \n#pt-cv-view-z8w2jgb9 > .pt-cv-page {grid-template-columns: repeat(1, 1fr);}\n} <\/style>","protected":false},"excerpt":{"rendered":"<p>La nueva Chevrolet Captiva EV ya est\u00e1 disponible en Ecuador como una alternativa 100% el\u00e9ctrica que combina autonom\u00eda, dise\u00f1o premium y tecnolog\u00eda avanzada. Con hasta 510 km de autonom\u00eda (CLTC) y un motor de 201 HP, esta SUV ofrece un desempe\u00f1o eficiente y silencioso pensado para familias y conductores que buscan dar el salto hacia [&hellip;]<\/p>\n","protected":false},"author":6,"featured_media":2895,"comment_status":"open","ping_status":"open","sticky":false,"template":"","format":"standard","meta":{"_jetpack_memberships_contains_paid_content":false,"footnotes":""},"categories":[27],"tags":[],"class_list":["post-2893","post","type-post","status-publish","format-standard","has-post-thumbnail","hentry","category-industria-nacional"],"yoast_head":"<!-- This site is optimized with the Yoast SEO plugin v27.5 - https:\/\/yoast.com\/product\/yoast-seo-wordpress\/ -->\n<title>Chevrolet presenta la Captiva EV, su nueva SUV totalmente el\u00e9ctrica - Garage Blog Ecuador<\/title>\n<meta name=\"robots\" content=\"index, follow, max-snippet:-1, max-image-preview:large, max-video-preview:-1\" \/>\n<link rel=\"canonical\" href=\"https:\/\/garageblogec.com\/?p=2893\" \/>\n<meta property=\"og:locale\" content=\"es_ES\" \/>\n<meta property=\"og:type\" content=\"article\" \/>\n<meta property=\"og:title\" content=\"Chevrolet presenta la Captiva EV, su nueva SUV totalmente el\u00e9ctrica - Garage Blog Ecuador\" \/>\n<meta property=\"og:description\" content=\"La nueva Chevrolet Captiva EV ya est\u00e1 disponible en Ecuador como una alternativa 100% el\u00e9ctrica que combina autonom\u00eda, dise\u00f1o premium y tecnolog\u00eda avanzada. Con hasta 510 km de autonom\u00eda (CLTC) y un motor de 201 HP, esta SUV ofrece un desempe\u00f1o eficiente y silencioso pensado para familias y conductores que buscan dar el salto hacia [&hellip;]\" \/>\n<meta property=\"og:url\" content=\"https:\/\/garageblogec.com\/?p=2893\" \/>\n<meta property=\"og:site_name\" content=\"Garage Blog Ecuador\" \/>\n<meta property=\"article:published_time\" content=\"2025-12-11T19:47:05+00:00\" \/>\n<meta property=\"article:modified_time\" content=\"2025-12-11T19:47:11+00:00\" \/>\n<meta property=\"og:image\" content=\"https:\/\/garageblogec.com\/wp-content\/uploads\/2025\/12\/WhatsApp-Image-2025-12-11-at-2.41.25-PM.jpeg\" \/>\n\t<meta property=\"og:image:width\" content=\"960\" \/>\n\t<meta property=\"og:image:height\" content=\"480\" \/>\n\t<meta property=\"og:image:type\" content=\"image\/jpeg\" \/>\n<meta name=\"author\" content=\"gabi1212\" \/>\n<meta name=\"twitter:card\" content=\"summary_large_image\" \/>\n<meta name=\"twitter:label1\" content=\"Escrito por\" \/>\n\t<meta name=\"twitter:data1\" content=\"gabi1212\" \/>\n\t<meta name=\"twitter:label2\" content=\"Tiempo de lectura\" \/>\n\t<meta name=\"twitter:data2\" content=\"3 minutos\" \/>\n<script type=\"application\/ld+json\" class=\"yoast-schema-graph\">{\"@context\":\"https:\\\/\\\/schema.org\",\"@graph\":[{\"@type\":\"Article\",\"@id\":\"https:\\\/\\\/garageblogec.com\\\/?p=2893#article\",\"isPartOf\":{\"@id\":\"https:\\\/\\\/garageblogec.com\\\/?p=2893\"},\"author\":{\"name\":\"gabi1212\",\"@id\":\"https:\\\/\\\/garageblogec.com\\\/#\\\/schema\\\/person\\\/635f4b76c0cb3e43b82fe6f7d8bcceea\"},\"headline\":\"Chevrolet presenta la Captiva EV, su nueva SUV totalmente el\u00e9ctrica\",\"datePublished\":\"2025-12-11T19:47:05+00:00\",\"dateModified\":\"2025-12-11T19:47:11+00:00\",\"mainEntityOfPage\":{\"@id\":\"https:\\\/\\\/garageblogec.com\\\/?p=2893\"},\"wordCount\":433,\"commentCount\":0,\"publisher\":{\"@id\":\"https:\\\/\\\/garageblogec.com\\\/#organization\"},\"image\":{\"@id\":\"https:\\\/\\\/garageblogec.com\\\/?p=2893#primaryimage\"},\"thumbnailUrl\":\"https:\\\/\\\/garageblogec.com\\\/wp-content\\\/uploads\\\/2025\\\/12\\\/WhatsApp-Image-2025-12-11-at-2.41.25-PM.jpeg\",\"articleSection\":[\"Industria Nacional\"],\"inLanguage\":\"es\",\"potentialAction\":[{\"@type\":\"CommentAction\",\"name\":\"Comment\",\"target\":[\"https:\\\/\\\/garageblogec.com\\\/?p=2893#respond\"]}]},{\"@type\":\"WebPage\",\"@id\":\"https:\\\/\\\/garageblogec.com\\\/?p=2893\",\"url\":\"https:\\\/\\\/garageblogec.com\\\/?p=2893\",\"name\":\"Chevrolet presenta la Captiva EV, su nueva SUV totalmente el\u00e9ctrica - Garage Blog Ecuador\",\"isPartOf\":{\"@id\":\"https:\\\/\\\/garageblogec.com\\\/#website\"},\"primaryImageOfPage\":{\"@id\":\"https:\\\/\\\/garageblogec.com\\\/?p=2893#primaryimage\"},\"image\":{\"@id\":\"https:\\\/\\\/garageblogec.com\\\/?p=2893#primaryimage\"},\"thumbnailUrl\":\"https:\\\/\\\/garageblogec.com\\\/wp-content\\\/uploads\\\/2025\\\/12\\\/WhatsApp-Image-2025-12-11-at-2.41.25-PM.jpeg\",\"datePublished\":\"2025-12-11T19:47:05+00:00\",\"dateModified\":\"2025-12-11T19:47:11+00:00\",\"breadcrumb\":{\"@id\":\"https:\\\/\\\/garageblogec.com\\\/?p=2893#breadcrumb\"},\"inLanguage\":\"es\",\"potentialAction\":[{\"@type\":\"ReadAction\",\"target\":[\"https:\\\/\\\/garageblogec.com\\\/?p=2893\"]}]},{\"@type\":\"ImageObject\",\"inLanguage\":\"es\",\"@id\":\"https:\\\/\\\/garageblogec.com\\\/?p=2893#primaryimage\",\"url\":\"https:\\\/\\\/garageblogec.com\\\/wp-content\\\/uploads\\\/2025\\\/12\\\/WhatsApp-Image-2025-12-11-at-2.41.25-PM.jpeg\",\"contentUrl\":\"https:\\\/\\\/garageblogec.com\\\/wp-content\\\/uploads\\\/2025\\\/12\\\/WhatsApp-Image-2025-12-11-at-2.41.25-PM.jpeg\",\"width\":960,\"height\":480},{\"@type\":\"BreadcrumbList\",\"@id\":\"https:\\\/\\\/garageblogec.com\\\/?p=2893#breadcrumb\",\"itemListElement\":[{\"@type\":\"ListItem\",\"position\":1,\"name\":\"Portada\",\"item\":\"https:\\\/\\\/garageblogec.com\\\/\"},{\"@type\":\"ListItem\",\"position\":2,\"name\":\"Chevrolet presenta la Captiva EV, su nueva SUV totalmente el\u00e9ctrica\"}]},{\"@type\":\"WebSite\",\"@id\":\"https:\\\/\\\/garageblogec.com\\\/#website\",\"url\":\"https:\\\/\\\/garageblogec.com\\\/\",\"name\":\"Garage Blog Ecuador\",\"description\":\"Alucinamos por los autos \",\"publisher\":{\"@id\":\"https:\\\/\\\/garageblogec.com\\\/#organization\"},\"potentialAction\":[{\"@type\":\"SearchAction\",\"target\":{\"@type\":\"EntryPoint\",\"urlTemplate\":\"https:\\\/\\\/garageblogec.com\\\/?s={search_term_string}\"},\"query-input\":{\"@type\":\"PropertyValueSpecification\",\"valueRequired\":true,\"valueName\":\"search_term_string\"}}],\"inLanguage\":\"es\"},{\"@type\":\"Organization\",\"@id\":\"https:\\\/\\\/garageblogec.com\\\/#organization\",\"name\":\"Garage Blog Ecuador\",\"url\":\"https:\\\/\\\/garageblogec.com\\\/\",\"logo\":{\"@type\":\"ImageObject\",\"inLanguage\":\"es\",\"@id\":\"https:\\\/\\\/garageblogec.com\\\/#\\\/schema\\\/logo\\\/image\\\/\",\"url\":\"https:\\\/\\\/garageblogec.com\\\/wp-content\\\/uploads\\\/2024\\\/02\\\/cropped-logo-png-para-blog.webp\",\"contentUrl\":\"https:\\\/\\\/garageblogec.com\\\/wp-content\\\/uploads\\\/2024\\\/02\\\/cropped-logo-png-para-blog.webp\",\"width\":840,\"height\":556,\"caption\":\"Garage Blog Ecuador \"},\"image\":{\"@id\":\"https:\\\/\\\/garageblogec.com\\\/#\\\/schema\\\/logo\\\/image\\\/\"}},{\"@type\":\"Person\",\"@id\":\"https:\\\/\\\/garageblogec.com\\\/#\\\/schema\\\/person\\\/635f4b76c0cb3e43b82fe6f7d8bcceea\",\"name\":\"gabi1212\",\"image\":{\"@type\":\"ImageObject\",\"inLanguage\":\"es\",\"@id\":\"https:\\\/\\\/secure.gravatar.com\\\/avatar\\\/6aa491f45cb359d4d6dd8c430e83f78899c80569c27d21156e19bbdcd31d1811?s=96&d=mm&r=g\",\"url\":\"https:\\\/\\\/secure.gravatar.com\\\/avatar\\\/6aa491f45cb359d4d6dd8c430e83f78899c80569c27d21156e19bbdcd31d1811?s=96&d=mm&r=g\",\"contentUrl\":\"https:\\\/\\\/secure.gravatar.com\\\/avatar\\\/6aa491f45cb359d4d6dd8c430e83f78899c80569c27d21156e19bbdcd31d1811?s=96&d=mm&r=g\",\"caption\":\"gabi1212\"},\"url\":\"https:\\\/\\\/garageblogec.com\\\/?author=6\"}]}<\/script>\n<!-- \/ Yoast SEO plugin. -->","yoast_head_json":{"title":"Chevrolet presenta la Captiva EV, su nueva SUV totalmente el\u00e9ctrica - Garage Blog Ecuador","robots":{"index":"index","follow":"follow","max-snippet":"max-snippet:-1","max-image-preview":"max-image-preview:large","max-video-preview":"max-video-preview:-1"},"canonical":"https:\/\/garageblogec.com\/?p=2893","og_locale":"es_ES","og_type":"article","og_title":"Chevrolet presenta la Captiva EV, su nueva SUV totalmente el\u00e9ctrica - Garage Blog Ecuador","og_description":"La nueva Chevrolet Captiva EV ya est\u00e1 disponible en Ecuador como una alternativa 100% el\u00e9ctrica que combina autonom\u00eda, dise\u00f1o premium y tecnolog\u00eda avanzada. Con hasta 510 km de autonom\u00eda (CLTC) y un motor de 201 HP, esta SUV ofrece un desempe\u00f1o eficiente y silencioso pensado para familias y conductores que buscan dar el salto hacia [&hellip;]","og_url":"https:\/\/garageblogec.com\/?p=2893","og_site_name":"Garage Blog Ecuador","article_published_time":"2025-12-11T19:47:05+00:00","article_modified_time":"2025-12-11T19:47:11+00:00","og_image":[{"width":960,"height":480,"url":"https:\/\/garageblogec.com\/wp-content\/uploads\/2025\/12\/WhatsApp-Image-2025-12-11-at-2.41.25-PM.jpeg","type":"image\/jpeg"}],"author":"gabi1212","twitter_card":"summary_large_image","twitter_misc":{"Escrito por":"gabi1212","Tiempo de lectura":"3 minutos"},"schema":{"@context":"https:\/\/schema.org","@graph":[{"@type":"Article","@id":"https:\/\/garageblogec.com\/?p=2893#article","isPartOf":{"@id":"https:\/\/garageblogec.com\/?p=2893"},"author":{"name":"gabi1212","@id":"https:\/\/garageblogec.com\/#\/schema\/person\/635f4b76c0cb3e43b82fe6f7d8bcceea"},"headline":"Chevrolet presenta la Captiva EV, su nueva SUV totalmente el\u00e9ctrica","datePublished":"2025-12-11T19:47:05+00:00","dateModified":"2025-12-11T19:47:11+00:00","mainEntityOfPage":{"@id":"https:\/\/garageblogec.com\/?p=2893"},"wordCount":433,"commentCount":0,"publisher":{"@id":"https:\/\/garageblogec.com\/#organization"},"image":{"@id":"https:\/\/garageblogec.com\/?p=2893#primaryimage"},"thumbnailUrl":"https:\/\/garageblogec.com\/wp-content\/uploads\/2025\/12\/WhatsApp-Image-2025-12-11-at-2.41.25-PM.jpeg","articleSection":["Industria Nacional"],"inLanguage":"es","potentialAction":[{"@type":"CommentAction","name":"Comment","target":["https:\/\/garageblogec.com\/?p=2893#respond"]}]},{"@type":"WebPage","@id":"https:\/\/garageblogec.com\/?p=2893","url":"https:\/\/garageblogec.com\/?p=2893","name":"Chevrolet presenta la Captiva EV, su nueva SUV totalmente el\u00e9ctrica - Garage Blog Ecuador","isPartOf":{"@id":"https:\/\/garageblogec.com\/#website"},"primaryImageOfPage":{"@id":"https:\/\/garageblogec.com\/?p=2893#primaryimage"},"image":{"@id":"https:\/\/garageblogec.com\/?p=2893#primaryimage"},"thumbnailUrl":"https:\/\/garageblogec.com\/wp-content\/uploads\/2025\/12\/WhatsApp-Image-2025-12-11-at-2.41.25-PM.jpeg","datePublished":"2025-12-11T19:47:05+00:00","dateModified":"2025-12-11T19:47:11+00:00","breadcrumb":{"@id":"https:\/\/garageblogec.com\/?p=2893#breadcrumb"},"inLanguage":"es","potentialAction":[{"@type":"ReadAction","target":["https:\/\/garageblogec.com\/?p=2893"]}]},{"@type":"ImageObject","inLanguage":"es","@id":"https:\/\/garageblogec.com\/?p=2893#primaryimage","url":"https:\/\/garageblogec.com\/wp-content\/uploads\/2025\/12\/WhatsApp-Image-2025-12-11-at-2.41.25-PM.jpeg","contentUrl":"https:\/\/garageblogec.com\/wp-content\/uploads\/2025\/12\/WhatsApp-Image-2025-12-11-at-2.41.25-PM.jpeg","width":960,"height":480},{"@type":"BreadcrumbList","@id":"https:\/\/garageblogec.com\/?p=2893#breadcrumb","itemListElement":[{"@type":"ListItem","position":1,"name":"Portada","item":"https:\/\/garageblogec.com\/"},{"@type":"ListItem","position":2,"name":"Chevrolet presenta la Captiva EV, su nueva SUV totalmente el\u00e9ctrica"}]},{"@type":"WebSite","@id":"https:\/\/garageblogec.com\/#website","url":"https:\/\/garageblogec.com\/","name":"Garage Blog Ecuador","description":"Alucinamos por los autos ","publisher":{"@id":"https:\/\/garageblogec.com\/#organization"},"potentialAction":[{"@type":"SearchAction","target":{"@type":"EntryPoint","urlTemplate":"https:\/\/garageblogec.com\/?s={search_term_string}"},"query-input":{"@type":"PropertyValueSpecification","valueRequired":true,"valueName":"search_term_string"}}],"inLanguage":"es"},{"@type":"Organization","@id":"https:\/\/garageblogec.com\/#organization","name":"Garage Blog Ecuador","url":"https:\/\/garageblogec.com\/","logo":{"@type":"ImageObject","inLanguage":"es","@id":"https:\/\/garageblogec.com\/#\/schema\/logo\/image\/","url":"https:\/\/garageblogec.com\/wp-content\/uploads\/2024\/02\/cropped-logo-png-para-blog.webp","contentUrl":"https:\/\/garageblogec.com\/wp-content\/uploads\/2024\/02\/cropped-logo-png-para-blog.webp","width":840,"height":556,"caption":"Garage Blog Ecuador "},"image":{"@id":"https:\/\/garageblogec.com\/#\/schema\/logo\/image\/"}},{"@type":"Person","@id":"https:\/\/garageblogec.com\/#\/schema\/person\/635f4b76c0cb3e43b82fe6f7d8bcceea","name":"gabi1212","image":{"@type":"ImageObject","inLanguage":"es","@id":"https:\/\/secure.gravatar.com\/avatar\/6aa491f45cb359d4d6dd8c430e83f78899c80569c27d21156e19bbdcd31d1811?s=96&d=mm&r=g","url":"https:\/\/secure.gravatar.com\/avatar\/6aa491f45cb359d4d6dd8c430e83f78899c80569c27d21156e19bbdcd31d1811?s=96&d=mm&r=g","contentUrl":"https:\/\/secure.gravatar.com\/avatar\/6aa491f45cb359d4d6dd8c430e83f78899c80569c27d21156e19bbdcd31d1811?s=96&d=mm&r=g","caption":"gabi1212"},"url":"https:\/\/garageblogec.com\/?author=6"}]}},"jetpack_featured_media_url":"https:\/\/garageblogec.com\/wp-content\/uploads\/2025\/12\/WhatsApp-Image-2025-12-11-at-2.41.25-PM.jpeg","jetpack_sharing_enabled":true,"_links":{"self":[{"href":"https:\/\/garageblogec.com\/index.php?rest_route=\/wp\/v2\/posts\/2893","targetHints":{"allow":["GET"]}}],"collection":[{"href":"https:\/\/garageblogec.com\/index.php?rest_route=\/wp\/v2\/posts"}],"about":[{"href":"https:\/\/garageblogec.com\/index.php?rest_route=\/wp\/v2\/types\/post"}],"author":[{"embeddable":true,"href":"https:\/\/garageblogec.com\/index.php?rest_route=\/wp\/v2\/users\/6"}],"replies":[{"embeddable":true,"href":"https:\/\/garageblogec.com\/index.php?rest_route=%2Fwp%2Fv2%2Fcomments&post=2893"}],"version-history":[{"count":1,"href":"https:\/\/garageblogec.com\/index.php?rest_route=\/wp\/v2\/posts\/2893\/revisions"}],"predecessor-version":[{"id":2897,"href":"https:\/\/garageblogec.com\/index.php?rest_route=\/wp\/v2\/posts\/2893\/revisions\/2897"}],"wp:featuredmedia":[{"embeddable":true,"href":"https:\/\/garageblogec.com\/index.php?rest_route=\/wp\/v2\/media\/2895"}],"wp:attachment":[{"href":"https:\/\/garageblogec.com\/index.php?rest_route=%2Fwp%2Fv2%2Fmedia&parent=2893"}],"wp:term":[{"taxonomy":"category","embeddable":true,"href":"https:\/\/garageblogec.com\/index.php?rest_route=%2Fwp%2Fv2%2Fcategories&post=2893"},{"taxonomy":"post_tag","embeddable":true,"href":"https:\/\/garageblogec.com\/index.php?rest_route=%2Fwp%2Fv2%2Ftags&post=2893"}],"curies":[{"name":"wp","href":"https:\/\/api.w.org\/{rel}","templated":true}]}}