{"id":2852,"date":"2025-12-02T15:27:28","date_gmt":"2025-12-02T15:27:28","guid":{"rendered":"https:\/\/garageblogec.com\/?p=2852"},"modified":"2025-12-02T15:27:35","modified_gmt":"2025-12-02T15:27:35","slug":"isuzu-fortalece-su-operacion-en-ecuador-con-la-consolidacion-de-su-red-nacional-de-venta-y-posventa","status":"publish","type":"post","link":"https:\/\/garageblogec.com\/?p=2852","title":{"rendered":"Isuzu fortalece su operaci\u00f3n en Ecuador con la consolidaci\u00f3n de su red nacional de venta y posventa"},"content":{"rendered":"\n<p>Isuzu, una de las marcas japonesas m\u00e1s reconocidas a nivel global por su durabilidad y tecnolog\u00eda, consolida oficialmente su presencia en Ecuador con la apertura de una red nacional de puntos de venta y posventa.<br>Con esta expansi\u00f3n, la compa\u00f1\u00eda reafirma su apuesta estrat\u00e9gica por el mercado ecuatoriano, impulsando inversi\u00f3n, empleo y disponibilidad de veh\u00edculos dise\u00f1ados para las exigencias de los distintos sectores productivos del pa\u00eds.<\/p>\n\n\n\n<figure class=\"wp-block-image size-large\"><img fetchpriority=\"high\" decoding=\"async\" width=\"1024\" height=\"576\" src=\"https:\/\/garageblogec.com\/wp-content\/uploads\/2025\/12\/WhatsApp-Image-2025-12-02-at-9.56.28-AM-1024x576.jpeg\" alt=\"\" class=\"wp-image-2853\" srcset=\"https:\/\/garageblogec.com\/wp-content\/uploads\/2025\/12\/WhatsApp-Image-2025-12-02-at-9.56.28-AM-1024x576.jpeg 1024w, https:\/\/garageblogec.com\/wp-content\/uploads\/2025\/12\/WhatsApp-Image-2025-12-02-at-9.56.28-AM-300x169.jpeg 300w, https:\/\/garageblogec.com\/wp-content\/uploads\/2025\/12\/WhatsApp-Image-2025-12-02-at-9.56.28-AM-768x432.jpeg 768w, https:\/\/garageblogec.com\/wp-content\/uploads\/2025\/12\/WhatsApp-Image-2025-12-02-at-9.56.28-AM-1536x864.jpeg 1536w, https:\/\/garageblogec.com\/wp-content\/uploads\/2025\/12\/WhatsApp-Image-2025-12-02-at-9.56.28-AM-1320x743.jpeg 1320w, https:\/\/garageblogec.com\/wp-content\/uploads\/2025\/12\/WhatsApp-Image-2025-12-02-at-9.56.28-AM.jpeg 1600w\" sizes=\"(max-width: 1024px) 100vw, 1024px\" \/><\/figure>\n\n\n\n<p>La llegada de Isuzu al mercado nacional marca un hito para la industria automotriz. Tras un exitoso lanzamiento, la Isuzu Pickup Truck ya se encuentra disponible para venta inmediata desde USD 36.990, convirti\u00e9ndose en una alternativa de alto rendimiento para actividades personales, comerciales e industriales.<\/p>\n\n\n\n<p>Con ingenier\u00eda japonesa, alta capacidad de carga y eficiencia comprobada, la marca busca posicionarse como un aliado clave para el transporte, log\u00edstica, construcci\u00f3n, agricultura y emprendimientos.<\/p>\n\n\n\n<p>Esta operaci\u00f3n se desarrolla con el respaldo de Impoventura C.A., empresa ecuatoriana con una s\u00f3lida trayectoria en el sector automotriz y una red comercial ampliamente consolidada. Su experiencia permite garantizar est\u00e1ndares internacionales de servicio, disponibilidad de repuestos y soporte t\u00e9cnico especializado.<\/p>\n\n\n\n<p><strong>Red de puntos de venta<\/strong><\/p>\n\n\n\n<figure class=\"wp-block-image size-large\"><img decoding=\"async\" width=\"1024\" height=\"407\" src=\"https:\/\/garageblogec.com\/wp-content\/uploads\/2025\/12\/WhatsApp-Image-2025-12-02-at-10.21.20-AM-1024x407.jpeg\" alt=\"\" class=\"wp-image-2854\" srcset=\"https:\/\/garageblogec.com\/wp-content\/uploads\/2025\/12\/WhatsApp-Image-2025-12-02-at-10.21.20-AM-1024x407.jpeg 1024w, https:\/\/garageblogec.com\/wp-content\/uploads\/2025\/12\/WhatsApp-Image-2025-12-02-at-10.21.20-AM-300x119.jpeg 300w, https:\/\/garageblogec.com\/wp-content\/uploads\/2025\/12\/WhatsApp-Image-2025-12-02-at-10.21.20-AM-768x305.jpeg 768w, https:\/\/garageblogec.com\/wp-content\/uploads\/2025\/12\/WhatsApp-Image-2025-12-02-at-10.21.20-AM.jpeg 1280w\" sizes=\"(max-width: 1024px) 100vw, 1024px\" \/><\/figure>\n\n\n\n<p>Isuzu ya cuenta con presencia en las principales ciudades del pa\u00eds, asegurando cobertura, cercan\u00eda y atenci\u00f3n especializada para los usuarios.<br>&nbsp;<\/p>\n\n\n\n<ul class=\"wp-block-list\">\n<li><strong>Quito<\/strong><\/li>\n<\/ul>\n\n\n\n<p><br>Isuzu &#8211; Autofenix: Av. Interoce\u00e1nica OE8-213 y Pasaje Leonidas Plaza, frente a Home Design<\/p>\n\n\n\n<p>Isuzu &#8211; Ecuawagen: Av. de los Granados E14-70 e Isla Marchena<\/p>\n\n\n\n<p>Isuzu &#8211; Eloy Alfaro: Av. Eloy Alfaro 40-153 y Gaspar de Villarroel (Pr\u00f3ximamente)<\/p>\n\n\n\n<p>Isuzu &#8211; San Rafael: Calle Isla Isabela y Av. Gral. Rumi\u00f1ahui (Sector San Luis Shopping San Rafael)<\/p>\n\n\n\n<ul class=\"wp-block-list\">\n<li><strong>Guayaquil<\/strong><\/li>\n<\/ul>\n\n\n\n<p>Isuzu &#8211; Carlos Julio: Carlos Julio Arosemena Km 1.5 (junto a Vallejo Araujo)<\/p>\n\n\n\n<p>Isuzu &#8211; Av. Am\u00e9ricas: Av. de las Am\u00e9ricas y Eleodoro Arboleda (Centro Empresarial)<\/p>\n\n\n\n<ul class=\"wp-block-list\">\n<li><strong>Cuenca<\/strong><\/li>\n<\/ul>\n\n\n\n<p>Isuzu &#8211; Av. Espa\u00f1a: Av. Espa\u00f1a y N\u00fa\u00f1ez de Bonilla<\/p>\n\n\n\n<ul class=\"wp-block-list\">\n<li><strong>Ambato<\/strong><\/li>\n<\/ul>\n\n\n\n<p>Isuzu &#8211; ASSA &#8211; M. S\u00e1enz: Av. Manuelita S\u00e1enz y P\u00edo Baroja<\/p>\n\n\n\n<ul class=\"wp-block-list\">\n<li><strong>Ibarra<\/strong><\/li>\n<\/ul>\n\n\n\n<p>Isuzu &#8211; Av. Mariano Acosta: Av. Mariano Acosta y V\u00edctor G\u00f3mez Jurado (junto a Banco Pichincha)<\/p>\n\n\n\n<ul class=\"wp-block-list\">\n<li><strong>Manta<\/strong><\/li>\n<\/ul>\n\n\n\n<p>Isuzu &#8211; Moracosta: Ciudadela Universitaria, v\u00eda a Barbasquillo<\/p>\n\n\n\n<ul class=\"wp-block-list\">\n<li><strong>Riobamba<\/strong><\/li>\n<\/ul>\n\n\n\n<p>Isuzu &#8211; ASSA: Av. De La Prensa 45-86 y Av. Manuel Elicio Flor<\/p>\n\n\n\n<p><strong>Red de posventa<\/strong><\/p>\n\n\n\n<p>Los centros de servicio oficial Isuzu garantizan mantenimiento especializado, repuestos genuinos y procesos operativos con est\u00e1ndares japoneses.<\/p>\n\n\n\n<ul class=\"wp-block-list\">\n<li><strong>Quito<\/strong><\/li>\n<\/ul>\n\n\n\n<p>ASSA San Rafael: Calle Isla Isabela y Av. Gral. Rumi\u00f1ahui (Sector San Luis Shopping San Rafael)<\/p>\n\n\n\n<p>Isuzu &#8211; Ecuawagen: Av. de los Granados E14-70 e Isla Marchena<\/p>\n\n\n\n<p>Isuzu &#8211; Eloy Alfaro: Av. Eloy Alfaro 40-153 y Gaspar de Villarroel (Pr\u00f3ximamente)<\/p>\n\n\n\n<ul class=\"wp-block-list\">\n<li><strong>Tumbaco<\/strong><\/li>\n<\/ul>\n\n\n\n<p>Autofenix: Av. Oswaldo Guayasam\u00edn E6-269<\/p>\n\n\n\n<ul class=\"wp-block-list\">\n<li><strong>Guayaquil<\/strong><\/li>\n<\/ul>\n\n\n\n<p>VW Am\u00e9ricas: Av de las Am\u00e9ricas 601 y calle sexta<\/p>\n\n\n\n<ul class=\"wp-block-list\">\n<li><strong>Cuenca<\/strong><\/li>\n<\/ul>\n\n\n\n<p>Isuzu &#8211; Av. Espa\u00f1a: Av. Espa\u00f1a y N\u00fa\u00f1ez de Bonilla<\/p>\n\n\n\n<ul class=\"wp-block-list\">\n<li><strong>Ambato<\/strong><\/li>\n<\/ul>\n\n\n\n<p>Isuzu &#8211; ASSA &#8211; Miraflores: Francisco Flor y Bol\u00edvar<\/p>\n\n\n\n<ul class=\"wp-block-list\">\n<li><strong>Ibarra<\/strong><\/li>\n<\/ul>\n\n\n\n<p>Isuzu &#8211; Av. Mariano Acosta: Av. Mariano Acosta y V\u00edctor G\u00f3mez Jurado (junto a Banco Pichincha)<\/p>\n\n\n\n<ul class=\"wp-block-list\">\n<li><strong>Manta<\/strong><\/li>\n<\/ul>\n\n\n\n<p>Moracosta: Av. 4 de noviembre, diagonal a Solca<\/p>\n\n\n\n<ul class=\"wp-block-list\">\n<li><strong>Riobamba<\/strong><\/li>\n<\/ul>\n\n\n\n<p>Isuzu &#8211; ASSA: Av. De La Prensa 45-86 y Av. Manuel Elicio Flor<\/p>\n\n\n\n<figure class=\"wp-block-image size-large\"><img decoding=\"async\" width=\"1024\" height=\"429\" src=\"https:\/\/garageblogec.com\/wp-content\/uploads\/2025\/12\/WhatsApp-Image-2025-12-02-at-10.21.20-AM-1-1024x429.jpeg\" alt=\"\" class=\"wp-image-2855\" srcset=\"https:\/\/garageblogec.com\/wp-content\/uploads\/2025\/12\/WhatsApp-Image-2025-12-02-at-10.21.20-AM-1-1024x429.jpeg 1024w, https:\/\/garageblogec.com\/wp-content\/uploads\/2025\/12\/WhatsApp-Image-2025-12-02-at-10.21.20-AM-1-300x126.jpeg 300w, https:\/\/garageblogec.com\/wp-content\/uploads\/2025\/12\/WhatsApp-Image-2025-12-02-at-10.21.20-AM-1-768x322.jpeg 768w, https:\/\/garageblogec.com\/wp-content\/uploads\/2025\/12\/WhatsApp-Image-2025-12-02-at-10.21.20-AM-1.jpeg 1280w\" sizes=\"(max-width: 1024px) 100vw, 1024px\" \/><\/figure>\n\n\n\n<p>Cada centro ha sido equipado para ofrecer servicios integrales de mantenimiento, repuestos genuinos, diagn\u00f3sticos especializados y atenci\u00f3n t\u00e9cnica estandarizada. Como parte de su compromiso con Ecuador, la marca prev\u00e9 una ampliaci\u00f3n de su red comercial. \u00a0\u00a0Para 2026, Isuzu planea abrir nuevos concesionarios en Loja, Santo Domingo, Machala y Coca \u2013 Lago Agrio. Todos los modelos de Isuzu cuentan con garant\u00eda de 7 a\u00f1os o 150.000 km, una de las m\u00e1s competitivas del mercado con 100 a\u00f1os de trayectoria mundial.<\/p>\n\n\n<div class='pt-cv-wrapper'> <h3 class='pt-cv-heading-container heading1' data-blockid='okw9ru34'><span class='pt-cv-heading'> Overlay1 <\/span><\/h3><div class=\"pt-cv-view pt-cv-overlaygrid iscvblock iscvreal overlay1 layout1\" id=\"pt-cv-view-okw9ru34\"><div data-id=\"pt-cv-page-1\" class=\"pt-cv-page\" data-cvc=\"3\"><div class=\" pt-cv-content-item pt-cv-1-col\" ><div class=\"pt-cv-thumb-wrapper  \"><a href=\"https:\/\/garageblogec.com\/?p=3303\" class=\"_self pt-cv-href-thumbnail pt-cv-thumb-default\" target=\"_self\" ><img loading=\"lazy\" decoding=\"async\" width=\"768\" height=\"432\" src=\"https:\/\/garageblogec.com\/wp-content\/uploads\/2026\/04\/WhatsApp-Image-2026-04-21-at-1.52.53-PM-768x432.jpeg\" class=\"pt-cv-thumbnail\" alt=\"\" \/><\/a><\/div>\n<div class=\"pt-cv-overlay-wrapper\"><div class=\"pt-cv-taxoterm above_title\"><a href='https:\/\/garageblogec.com\/?cat=27' title='Industria Nacional' class='pt-cv-tax-industria-nacional'>Industria Nacional<\/a><\/div><h4 class=\"pt-cv-title\"><a href=\"https:\/\/garageblogec.com\/?p=3303\" class=\"_self\" target=\"_self\" >Grupo Ambacar presenta en Guayaquil KGM, su nueva marca de SUV h\u00edbridos con respaldo global<\/a><\/h4><div class=\"pt-cv-meta-fields\"><span class=\"entry-date\"> <time datetime=\"2026-04-21T21:37:24+00:00\">abril 21, 2026<\/time><\/span><span> \/ <\/span><span class=\"author\"> <a href=\"https:\/\/garageblogec.com\/?author=6\" rel=\"author\">gabi1212<\/a><\/span><\/div><\/div><\/div>\n<div class=\" pt-cv-content-item pt-cv-1-col\" ><div class=\"pt-cv-thumb-wrapper  \"><a href=\"https:\/\/garageblogec.com\/?p=3296\" class=\"_self pt-cv-href-thumbnail pt-cv-thumb-default\" target=\"_self\" ><img loading=\"lazy\" decoding=\"async\" width=\"768\" height=\"432\" src=\"https:\/\/garageblogec.com\/wp-content\/uploads\/2026\/04\/WhatsApp-Image-2026-04-14-at-3.15.09-PM-768x432.jpeg\" class=\"pt-cv-thumbnail\" alt=\"\" \/><\/a><\/div>\n<div class=\"pt-cv-overlay-wrapper\"><div class=\"pt-cv-taxoterm above_title\"><a href='https:\/\/garageblogec.com\/?cat=27' title='Industria Nacional' class='pt-cv-tax-industria-nacional'>Industria Nacional<\/a><\/div><h4 class=\"pt-cv-title\"><a href=\"https:\/\/garageblogec.com\/?p=3296\" class=\"_self\" target=\"_self\" >El tablero desapareci\u00f3, ahora el auto es una pantalla inteligente<\/a><\/h4><div class=\"pt-cv-meta-fields\"><span class=\"entry-date\"> <time datetime=\"2026-04-14T20:21:20+00:00\">abril 14, 2026<\/time><\/span><span> \/ <\/span><span class=\"author\"> <a href=\"https:\/\/garageblogec.com\/?author=6\" rel=\"author\">gabi1212<\/a><\/span><\/div><\/div><\/div>\n<div class=\" pt-cv-content-item pt-cv-1-col\" ><div class=\"pt-cv-thumb-wrapper  \"><a href=\"https:\/\/garageblogec.com\/?p=3291\" class=\"_self pt-cv-href-thumbnail pt-cv-thumb-default\" target=\"_self\" ><img loading=\"lazy\" decoding=\"async\" width=\"768\" height=\"432\" src=\"https:\/\/garageblogec.com\/wp-content\/uploads\/2026\/04\/WhatsApp-Image-2026-04-14-at-2.21.27-PM-768x432.jpeg\" class=\"pt-cv-thumbnail\" alt=\"\" \/><\/a><\/div>\n<div class=\"pt-cv-overlay-wrapper\"><div class=\"pt-cv-taxoterm above_title\"><a href='https:\/\/garageblogec.com\/?cat=27' title='Industria Nacional' class='pt-cv-tax-industria-nacional'>Industria Nacional<\/a><\/div><h4 class=\"pt-cv-title\"><a href=\"https:\/\/garageblogec.com\/?p=3291\" class=\"_self\" target=\"_self\" >Seguridad al volante en Ecuador: los errores m\u00e1s comunes que cometen los conductores<\/a><\/h4><div class=\"pt-cv-meta-fields\"><span class=\"entry-date\"> <time datetime=\"2026-04-14T20:08:54+00:00\">abril 14, 2026<\/time><\/span><span> \/ <\/span><span class=\"author\"> <a href=\"https:\/\/garageblogec.com\/?author=6\" rel=\"author\">gabi1212<\/a><\/span><\/div><\/div><\/div>\n<div class=\" pt-cv-content-item pt-cv-1-col\" ><div class=\"pt-cv-thumb-wrapper  \"><a href=\"https:\/\/garageblogec.com\/?p=3286\" class=\"_self pt-cv-href-thumbnail pt-cv-thumb-default\" target=\"_self\" ><img loading=\"lazy\" decoding=\"async\" width=\"768\" height=\"492\" src=\"https:\/\/garageblogec.com\/wp-content\/uploads\/2026\/04\/Posventa.jpg-768x492.jpeg\" class=\"pt-cv-thumbnail\" alt=\"\" \/><\/a><\/div>\n<div class=\"pt-cv-overlay-wrapper\"><div class=\"pt-cv-taxoterm above_title\"><a href='https:\/\/garageblogec.com\/?cat=27' title='Industria Nacional' class='pt-cv-tax-industria-nacional'>Industria Nacional<\/a><\/div><h4 class=\"pt-cv-title\"><a href=\"https:\/\/garageblogec.com\/?p=3286\" class=\"_self\" target=\"_self\" >Clientes Nissan reciben cambios de aceite infinitos<\/a><\/h4><div class=\"pt-cv-meta-fields\"><span class=\"entry-date\"> <time datetime=\"2026-04-14T20:04:08+00:00\">abril 14, 2026<\/time><\/span><span> \/ <\/span><span class=\"author\"> <a href=\"https:\/\/garageblogec.com\/?author=6\" rel=\"author\">gabi1212<\/a><\/span><\/div><\/div><\/div>\n<div class=\" pt-cv-content-item pt-cv-1-col\" ><div class=\"pt-cv-thumb-wrapper  \"><a href=\"https:\/\/garageblogec.com\/?p=3280\" class=\"_self pt-cv-href-thumbnail pt-cv-thumb-default\" target=\"_self\" ><img loading=\"lazy\" decoding=\"async\" width=\"768\" height=\"512\" src=\"https:\/\/garageblogec.com\/wp-content\/uploads\/2026\/04\/foto1-768x512.jpeg\" class=\"pt-cv-thumbnail\" alt=\"\" \/><\/a><\/div>\n<div class=\"pt-cv-overlay-wrapper\"><div class=\"pt-cv-taxoterm above_title\"><a href='https:\/\/garageblogec.com\/?cat=27' title='Industria Nacional' class='pt-cv-tax-industria-nacional'>Industria Nacional<\/a><\/div><h4 class=\"pt-cv-title\"><a href=\"https:\/\/garageblogec.com\/?p=3280\" class=\"_self\" target=\"_self\" >Movilidad como inversi\u00f3n: el uso de utilidades que crece en Ecuador<\/a><\/h4><div class=\"pt-cv-meta-fields\"><span class=\"entry-date\"> <time datetime=\"2026-04-07T19:55:36+00:00\">abril 7, 2026<\/time><\/span><span> \/ <\/span><span class=\"author\"> <a href=\"https:\/\/garageblogec.com\/?author=6\" rel=\"author\">gabi1212<\/a><\/span><\/div><\/div><\/div>\n<div class=\" pt-cv-content-item pt-cv-1-col\" ><div class=\"pt-cv-thumb-wrapper  \"><a href=\"https:\/\/garageblogec.com\/?p=3276\" class=\"_self pt-cv-href-thumbnail pt-cv-thumb-default\" target=\"_self\" ><img loading=\"lazy\" decoding=\"async\" width=\"745\" height=\"491\" src=\"https:\/\/garageblogec.com\/wp-content\/uploads\/2026\/04\/TT.png\" class=\"pt-cv-thumbnail\" alt=\"\" \/><\/a><\/div>\n<div class=\"pt-cv-overlay-wrapper\"><div class=\"pt-cv-taxoterm above_title\"><a href='https:\/\/garageblogec.com\/?cat=27' title='Industria Nacional' class='pt-cv-tax-industria-nacional'>Industria Nacional<\/a><\/div><h4 class=\"pt-cv-title\"><a href=\"https:\/\/garageblogec.com\/?p=3276\" class=\"_self\" target=\"_self\" >Lluvias en Ecuador: C\u00f3mo reducir riesgos en carretera y prevenir accidentes en calzada mojada<\/a><\/h4><div class=\"pt-cv-meta-fields\"><span class=\"entry-date\"> <time datetime=\"2026-04-07T19:46:52+00:00\">abril 7, 2026<\/time><\/span><span> \/ <\/span><span class=\"author\"> <a href=\"https:\/\/garageblogec.com\/?author=6\" rel=\"author\">gabi1212<\/a><\/span><\/div><\/div><\/div><\/div><\/div> <\/div> <style>\n#pt-cv-view-okw9ru34 .pt-cv-thumb-wrapper::before {background: rgba(0,0,0,.4); opacity: 0.8;}#pt-cv-view-okw9ru34 .pt-cv-overlay-wrapper {justify-content: center;}\n#pt-cv-view-okw9ru34 .pt-cv-meta-fields {  }#pt-cv-view-okw9ru34 .pt-cv-meta-fields * { font-size: 13px; }#pt-cv-view-okw9ru34 .pt-cv-title a { display: block; }#pt-cv-view-okw9ru34 .pt-cv-title:not(.pt-cv-titlesm) a { font-weight: 600;text-decoration: none;font-size: 20px; }#pt-cv-view-okw9ru34 .pt-cv-titlesm a { font-weight: 600;font-size: 18px; }#pt-cv-view-okw9ru34 .pt-cv-content { font-size: 15px; }#pt-cv-view-okw9ru34 .pt-cv-rmwrap {  }#pt-cv-view-okw9ru34 .pt-cv-readmore { color: #fff;background-color: #0075ff;font-size: 14px; }#pt-cv-view-okw9ru34 .pt-cv-taxoterm { margin: 0px 0px 20px 0px; }#pt-cv-view-okw9ru34 .pt-cv-taxoterm * { color: #222;background-color: #fff6f6;font-size: 14px; }#pt-cv-view-okw9ru34 + .pt-cv-pagination-wrapper {  }#pt-cv-view-okw9ru34 + .pt-cv-pagination-wrapper a { font-size: 14px; }#pt-cv-view-okw9ru34 > .pt-cv-page {grid-template-columns: repeat(3, 1fr);grid-auto-rows: 250px;grid-gap: 10px;}\n@media all and (max-width: 1024px) { \n#pt-cv-view-okw9ru34 > .pt-cv-page {}\n} \n@media all and (max-width: 767px) { \n#pt-cv-view-okw9ru34 > .pt-cv-page {grid-template-columns: repeat(1, 1fr);}\n} <\/style>","protected":false},"excerpt":{"rendered":"<p>Isuzu, una de las marcas japonesas m\u00e1s reconocidas a nivel global por su durabilidad y tecnolog\u00eda, consolida oficialmente su presencia en Ecuador con la apertura de una red nacional de puntos de venta y posventa.Con esta expansi\u00f3n, la compa\u00f1\u00eda reafirma su apuesta estrat\u00e9gica por el mercado ecuatoriano, impulsando inversi\u00f3n, empleo y disponibilidad de veh\u00edculos dise\u00f1ados [&hellip;]<\/p>\n","protected":false},"author":6,"featured_media":2855,"comment_status":"open","ping_status":"open","sticky":false,"template":"","format":"standard","meta":{"_jetpack_memberships_contains_paid_content":false,"footnotes":""},"categories":[27],"tags":[],"class_list":["post-2852","post","type-post","status-publish","format-standard","has-post-thumbnail","hentry","category-industria-nacional"],"yoast_head":"<!-- This site is optimized with the Yoast SEO plugin v27.5 - https:\/\/yoast.com\/product\/yoast-seo-wordpress\/ -->\n<title>Isuzu fortalece su operaci\u00f3n en Ecuador con la consolidaci\u00f3n de su red nacional de venta y posventa - Garage Blog Ecuador<\/title>\n<meta name=\"robots\" content=\"index, follow, max-snippet:-1, max-image-preview:large, max-video-preview:-1\" \/>\n<link rel=\"canonical\" href=\"https:\/\/garageblogec.com\/?p=2852\" \/>\n<meta property=\"og:locale\" content=\"es_ES\" \/>\n<meta property=\"og:type\" content=\"article\" \/>\n<meta property=\"og:title\" content=\"Isuzu fortalece su operaci\u00f3n en Ecuador con la consolidaci\u00f3n de su red nacional de venta y posventa - Garage Blog Ecuador\" \/>\n<meta property=\"og:description\" content=\"Isuzu, una de las marcas japonesas m\u00e1s reconocidas a nivel global por su durabilidad y tecnolog\u00eda, consolida oficialmente su presencia en Ecuador con la apertura de una red nacional de puntos de venta y posventa.Con esta expansi\u00f3n, la compa\u00f1\u00eda reafirma su apuesta estrat\u00e9gica por el mercado ecuatoriano, impulsando inversi\u00f3n, empleo y disponibilidad de veh\u00edculos dise\u00f1ados [&hellip;]\" \/>\n<meta property=\"og:url\" content=\"https:\/\/garageblogec.com\/?p=2852\" \/>\n<meta property=\"og:site_name\" content=\"Garage Blog Ecuador\" \/>\n<meta property=\"article:published_time\" content=\"2025-12-02T15:27:28+00:00\" \/>\n<meta property=\"article:modified_time\" content=\"2025-12-02T15:27:35+00:00\" \/>\n<meta property=\"og:image\" content=\"https:\/\/garageblogec.com\/wp-content\/uploads\/2025\/12\/WhatsApp-Image-2025-12-02-at-10.21.20-AM-1.jpeg\" \/>\n\t<meta property=\"og:image:width\" content=\"1280\" \/>\n\t<meta property=\"og:image:height\" content=\"536\" \/>\n\t<meta property=\"og:image:type\" content=\"image\/jpeg\" \/>\n<meta name=\"author\" content=\"gabi1212\" \/>\n<meta name=\"twitter:card\" content=\"summary_large_image\" \/>\n<meta name=\"twitter:label1\" content=\"Escrito por\" \/>\n\t<meta name=\"twitter:data1\" content=\"gabi1212\" \/>\n\t<meta name=\"twitter:label2\" content=\"Tiempo de lectura\" \/>\n\t<meta name=\"twitter:data2\" content=\"4 minutos\" \/>\n<script type=\"application\/ld+json\" class=\"yoast-schema-graph\">{\"@context\":\"https:\\\/\\\/schema.org\",\"@graph\":[{\"@type\":\"Article\",\"@id\":\"https:\\\/\\\/garageblogec.com\\\/?p=2852#article\",\"isPartOf\":{\"@id\":\"https:\\\/\\\/garageblogec.com\\\/?p=2852\"},\"author\":{\"name\":\"gabi1212\",\"@id\":\"https:\\\/\\\/garageblogec.com\\\/#\\\/schema\\\/person\\\/635f4b76c0cb3e43b82fe6f7d8bcceea\"},\"headline\":\"Isuzu fortalece su operaci\u00f3n en Ecuador con la consolidaci\u00f3n de su red nacional de venta y posventa\",\"datePublished\":\"2025-12-02T15:27:28+00:00\",\"dateModified\":\"2025-12-02T15:27:35+00:00\",\"mainEntityOfPage\":{\"@id\":\"https:\\\/\\\/garageblogec.com\\\/?p=2852\"},\"wordCount\":638,\"commentCount\":0,\"publisher\":{\"@id\":\"https:\\\/\\\/garageblogec.com\\\/#organization\"},\"image\":{\"@id\":\"https:\\\/\\\/garageblogec.com\\\/?p=2852#primaryimage\"},\"thumbnailUrl\":\"https:\\\/\\\/garageblogec.com\\\/wp-content\\\/uploads\\\/2025\\\/12\\\/WhatsApp-Image-2025-12-02-at-10.21.20-AM-1.jpeg\",\"articleSection\":[\"Industria Nacional\"],\"inLanguage\":\"es\",\"potentialAction\":[{\"@type\":\"CommentAction\",\"name\":\"Comment\",\"target\":[\"https:\\\/\\\/garageblogec.com\\\/?p=2852#respond\"]}]},{\"@type\":\"WebPage\",\"@id\":\"https:\\\/\\\/garageblogec.com\\\/?p=2852\",\"url\":\"https:\\\/\\\/garageblogec.com\\\/?p=2852\",\"name\":\"Isuzu fortalece su operaci\u00f3n en Ecuador con la consolidaci\u00f3n de su red nacional de venta y posventa - Garage Blog Ecuador\",\"isPartOf\":{\"@id\":\"https:\\\/\\\/garageblogec.com\\\/#website\"},\"primaryImageOfPage\":{\"@id\":\"https:\\\/\\\/garageblogec.com\\\/?p=2852#primaryimage\"},\"image\":{\"@id\":\"https:\\\/\\\/garageblogec.com\\\/?p=2852#primaryimage\"},\"thumbnailUrl\":\"https:\\\/\\\/garageblogec.com\\\/wp-content\\\/uploads\\\/2025\\\/12\\\/WhatsApp-Image-2025-12-02-at-10.21.20-AM-1.jpeg\",\"datePublished\":\"2025-12-02T15:27:28+00:00\",\"dateModified\":\"2025-12-02T15:27:35+00:00\",\"breadcrumb\":{\"@id\":\"https:\\\/\\\/garageblogec.com\\\/?p=2852#breadcrumb\"},\"inLanguage\":\"es\",\"potentialAction\":[{\"@type\":\"ReadAction\",\"target\":[\"https:\\\/\\\/garageblogec.com\\\/?p=2852\"]}]},{\"@type\":\"ImageObject\",\"inLanguage\":\"es\",\"@id\":\"https:\\\/\\\/garageblogec.com\\\/?p=2852#primaryimage\",\"url\":\"https:\\\/\\\/garageblogec.com\\\/wp-content\\\/uploads\\\/2025\\\/12\\\/WhatsApp-Image-2025-12-02-at-10.21.20-AM-1.jpeg\",\"contentUrl\":\"https:\\\/\\\/garageblogec.com\\\/wp-content\\\/uploads\\\/2025\\\/12\\\/WhatsApp-Image-2025-12-02-at-10.21.20-AM-1.jpeg\",\"width\":1280,\"height\":536},{\"@type\":\"BreadcrumbList\",\"@id\":\"https:\\\/\\\/garageblogec.com\\\/?p=2852#breadcrumb\",\"itemListElement\":[{\"@type\":\"ListItem\",\"position\":1,\"name\":\"Portada\",\"item\":\"https:\\\/\\\/garageblogec.com\\\/\"},{\"@type\":\"ListItem\",\"position\":2,\"name\":\"Isuzu fortalece su operaci\u00f3n en Ecuador con la consolidaci\u00f3n de su red nacional de venta y posventa\"}]},{\"@type\":\"WebSite\",\"@id\":\"https:\\\/\\\/garageblogec.com\\\/#website\",\"url\":\"https:\\\/\\\/garageblogec.com\\\/\",\"name\":\"Garage Blog Ecuador\",\"description\":\"Alucinamos por los autos \",\"publisher\":{\"@id\":\"https:\\\/\\\/garageblogec.com\\\/#organization\"},\"potentialAction\":[{\"@type\":\"SearchAction\",\"target\":{\"@type\":\"EntryPoint\",\"urlTemplate\":\"https:\\\/\\\/garageblogec.com\\\/?s={search_term_string}\"},\"query-input\":{\"@type\":\"PropertyValueSpecification\",\"valueRequired\":true,\"valueName\":\"search_term_string\"}}],\"inLanguage\":\"es\"},{\"@type\":\"Organization\",\"@id\":\"https:\\\/\\\/garageblogec.com\\\/#organization\",\"name\":\"Garage Blog Ecuador\",\"url\":\"https:\\\/\\\/garageblogec.com\\\/\",\"logo\":{\"@type\":\"ImageObject\",\"inLanguage\":\"es\",\"@id\":\"https:\\\/\\\/garageblogec.com\\\/#\\\/schema\\\/logo\\\/image\\\/\",\"url\":\"https:\\\/\\\/garageblogec.com\\\/wp-content\\\/uploads\\\/2024\\\/02\\\/cropped-logo-png-para-blog.webp\",\"contentUrl\":\"https:\\\/\\\/garageblogec.com\\\/wp-content\\\/uploads\\\/2024\\\/02\\\/cropped-logo-png-para-blog.webp\",\"width\":840,\"height\":556,\"caption\":\"Garage Blog Ecuador \"},\"image\":{\"@id\":\"https:\\\/\\\/garageblogec.com\\\/#\\\/schema\\\/logo\\\/image\\\/\"}},{\"@type\":\"Person\",\"@id\":\"https:\\\/\\\/garageblogec.com\\\/#\\\/schema\\\/person\\\/635f4b76c0cb3e43b82fe6f7d8bcceea\",\"name\":\"gabi1212\",\"image\":{\"@type\":\"ImageObject\",\"inLanguage\":\"es\",\"@id\":\"https:\\\/\\\/secure.gravatar.com\\\/avatar\\\/6aa491f45cb359d4d6dd8c430e83f78899c80569c27d21156e19bbdcd31d1811?s=96&d=mm&r=g\",\"url\":\"https:\\\/\\\/secure.gravatar.com\\\/avatar\\\/6aa491f45cb359d4d6dd8c430e83f78899c80569c27d21156e19bbdcd31d1811?s=96&d=mm&r=g\",\"contentUrl\":\"https:\\\/\\\/secure.gravatar.com\\\/avatar\\\/6aa491f45cb359d4d6dd8c430e83f78899c80569c27d21156e19bbdcd31d1811?s=96&d=mm&r=g\",\"caption\":\"gabi1212\"},\"url\":\"https:\\\/\\\/garageblogec.com\\\/?author=6\"}]}<\/script>\n<!-- \/ Yoast SEO plugin. -->","yoast_head_json":{"title":"Isuzu fortalece su operaci\u00f3n en Ecuador con la consolidaci\u00f3n de su red nacional de venta y posventa - Garage Blog Ecuador","robots":{"index":"index","follow":"follow","max-snippet":"max-snippet:-1","max-image-preview":"max-image-preview:large","max-video-preview":"max-video-preview:-1"},"canonical":"https:\/\/garageblogec.com\/?p=2852","og_locale":"es_ES","og_type":"article","og_title":"Isuzu fortalece su operaci\u00f3n en Ecuador con la consolidaci\u00f3n de su red nacional de venta y posventa - Garage Blog Ecuador","og_description":"Isuzu, una de las marcas japonesas m\u00e1s reconocidas a nivel global por su durabilidad y tecnolog\u00eda, consolida oficialmente su presencia en Ecuador con la apertura de una red nacional de puntos de venta y posventa.Con esta expansi\u00f3n, la compa\u00f1\u00eda reafirma su apuesta estrat\u00e9gica por el mercado ecuatoriano, impulsando inversi\u00f3n, empleo y disponibilidad de veh\u00edculos dise\u00f1ados [&hellip;]","og_url":"https:\/\/garageblogec.com\/?p=2852","og_site_name":"Garage Blog Ecuador","article_published_time":"2025-12-02T15:27:28+00:00","article_modified_time":"2025-12-02T15:27:35+00:00","og_image":[{"width":1280,"height":536,"url":"https:\/\/garageblogec.com\/wp-content\/uploads\/2025\/12\/WhatsApp-Image-2025-12-02-at-10.21.20-AM-1.jpeg","type":"image\/jpeg"}],"author":"gabi1212","twitter_card":"summary_large_image","twitter_misc":{"Escrito por":"gabi1212","Tiempo de lectura":"4 minutos"},"schema":{"@context":"https:\/\/schema.org","@graph":[{"@type":"Article","@id":"https:\/\/garageblogec.com\/?p=2852#article","isPartOf":{"@id":"https:\/\/garageblogec.com\/?p=2852"},"author":{"name":"gabi1212","@id":"https:\/\/garageblogec.com\/#\/schema\/person\/635f4b76c0cb3e43b82fe6f7d8bcceea"},"headline":"Isuzu fortalece su operaci\u00f3n en Ecuador con la consolidaci\u00f3n de su red nacional de venta y posventa","datePublished":"2025-12-02T15:27:28+00:00","dateModified":"2025-12-02T15:27:35+00:00","mainEntityOfPage":{"@id":"https:\/\/garageblogec.com\/?p=2852"},"wordCount":638,"commentCount":0,"publisher":{"@id":"https:\/\/garageblogec.com\/#organization"},"image":{"@id":"https:\/\/garageblogec.com\/?p=2852#primaryimage"},"thumbnailUrl":"https:\/\/garageblogec.com\/wp-content\/uploads\/2025\/12\/WhatsApp-Image-2025-12-02-at-10.21.20-AM-1.jpeg","articleSection":["Industria Nacional"],"inLanguage":"es","potentialAction":[{"@type":"CommentAction","name":"Comment","target":["https:\/\/garageblogec.com\/?p=2852#respond"]}]},{"@type":"WebPage","@id":"https:\/\/garageblogec.com\/?p=2852","url":"https:\/\/garageblogec.com\/?p=2852","name":"Isuzu fortalece su operaci\u00f3n en Ecuador con la consolidaci\u00f3n de su red nacional de venta y posventa - Garage Blog Ecuador","isPartOf":{"@id":"https:\/\/garageblogec.com\/#website"},"primaryImageOfPage":{"@id":"https:\/\/garageblogec.com\/?p=2852#primaryimage"},"image":{"@id":"https:\/\/garageblogec.com\/?p=2852#primaryimage"},"thumbnailUrl":"https:\/\/garageblogec.com\/wp-content\/uploads\/2025\/12\/WhatsApp-Image-2025-12-02-at-10.21.20-AM-1.jpeg","datePublished":"2025-12-02T15:27:28+00:00","dateModified":"2025-12-02T15:27:35+00:00","breadcrumb":{"@id":"https:\/\/garageblogec.com\/?p=2852#breadcrumb"},"inLanguage":"es","potentialAction":[{"@type":"ReadAction","target":["https:\/\/garageblogec.com\/?p=2852"]}]},{"@type":"ImageObject","inLanguage":"es","@id":"https:\/\/garageblogec.com\/?p=2852#primaryimage","url":"https:\/\/garageblogec.com\/wp-content\/uploads\/2025\/12\/WhatsApp-Image-2025-12-02-at-10.21.20-AM-1.jpeg","contentUrl":"https:\/\/garageblogec.com\/wp-content\/uploads\/2025\/12\/WhatsApp-Image-2025-12-02-at-10.21.20-AM-1.jpeg","width":1280,"height":536},{"@type":"BreadcrumbList","@id":"https:\/\/garageblogec.com\/?p=2852#breadcrumb","itemListElement":[{"@type":"ListItem","position":1,"name":"Portada","item":"https:\/\/garageblogec.com\/"},{"@type":"ListItem","position":2,"name":"Isuzu fortalece su operaci\u00f3n en Ecuador con la consolidaci\u00f3n de su red nacional de venta y posventa"}]},{"@type":"WebSite","@id":"https:\/\/garageblogec.com\/#website","url":"https:\/\/garageblogec.com\/","name":"Garage Blog Ecuador","description":"Alucinamos por los autos ","publisher":{"@id":"https:\/\/garageblogec.com\/#organization"},"potentialAction":[{"@type":"SearchAction","target":{"@type":"EntryPoint","urlTemplate":"https:\/\/garageblogec.com\/?s={search_term_string}"},"query-input":{"@type":"PropertyValueSpecification","valueRequired":true,"valueName":"search_term_string"}}],"inLanguage":"es"},{"@type":"Organization","@id":"https:\/\/garageblogec.com\/#organization","name":"Garage Blog Ecuador","url":"https:\/\/garageblogec.com\/","logo":{"@type":"ImageObject","inLanguage":"es","@id":"https:\/\/garageblogec.com\/#\/schema\/logo\/image\/","url":"https:\/\/garageblogec.com\/wp-content\/uploads\/2024\/02\/cropped-logo-png-para-blog.webp","contentUrl":"https:\/\/garageblogec.com\/wp-content\/uploads\/2024\/02\/cropped-logo-png-para-blog.webp","width":840,"height":556,"caption":"Garage Blog Ecuador "},"image":{"@id":"https:\/\/garageblogec.com\/#\/schema\/logo\/image\/"}},{"@type":"Person","@id":"https:\/\/garageblogec.com\/#\/schema\/person\/635f4b76c0cb3e43b82fe6f7d8bcceea","name":"gabi1212","image":{"@type":"ImageObject","inLanguage":"es","@id":"https:\/\/secure.gravatar.com\/avatar\/6aa491f45cb359d4d6dd8c430e83f78899c80569c27d21156e19bbdcd31d1811?s=96&d=mm&r=g","url":"https:\/\/secure.gravatar.com\/avatar\/6aa491f45cb359d4d6dd8c430e83f78899c80569c27d21156e19bbdcd31d1811?s=96&d=mm&r=g","contentUrl":"https:\/\/secure.gravatar.com\/avatar\/6aa491f45cb359d4d6dd8c430e83f78899c80569c27d21156e19bbdcd31d1811?s=96&d=mm&r=g","caption":"gabi1212"},"url":"https:\/\/garageblogec.com\/?author=6"}]}},"jetpack_featured_media_url":"https:\/\/garageblogec.com\/wp-content\/uploads\/2025\/12\/WhatsApp-Image-2025-12-02-at-10.21.20-AM-1.jpeg","jetpack_sharing_enabled":true,"_links":{"self":[{"href":"https:\/\/garageblogec.com\/index.php?rest_route=\/wp\/v2\/posts\/2852","targetHints":{"allow":["GET"]}}],"collection":[{"href":"https:\/\/garageblogec.com\/index.php?rest_route=\/wp\/v2\/posts"}],"about":[{"href":"https:\/\/garageblogec.com\/index.php?rest_route=\/wp\/v2\/types\/post"}],"author":[{"embeddable":true,"href":"https:\/\/garageblogec.com\/index.php?rest_route=\/wp\/v2\/users\/6"}],"replies":[{"embeddable":true,"href":"https:\/\/garageblogec.com\/index.php?rest_route=%2Fwp%2Fv2%2Fcomments&post=2852"}],"version-history":[{"count":1,"href":"https:\/\/garageblogec.com\/index.php?rest_route=\/wp\/v2\/posts\/2852\/revisions"}],"predecessor-version":[{"id":2856,"href":"https:\/\/garageblogec.com\/index.php?rest_route=\/wp\/v2\/posts\/2852\/revisions\/2856"}],"wp:featuredmedia":[{"embeddable":true,"href":"https:\/\/garageblogec.com\/index.php?rest_route=\/wp\/v2\/media\/2855"}],"wp:attachment":[{"href":"https:\/\/garageblogec.com\/index.php?rest_route=%2Fwp%2Fv2%2Fmedia&parent=2852"}],"wp:term":[{"taxonomy":"category","embeddable":true,"href":"https:\/\/garageblogec.com\/index.php?rest_route=%2Fwp%2Fv2%2Fcategories&post=2852"},{"taxonomy":"post_tag","embeddable":true,"href":"https:\/\/garageblogec.com\/index.php?rest_route=%2Fwp%2Fv2%2Ftags&post=2852"}],"curies":[{"name":"wp","href":"https:\/\/api.w.org\/{rel}","templated":true}]}}