{"id":2845,"date":"2025-11-28T21:07:48","date_gmt":"2025-11-28T21:07:48","guid":{"rendered":"https:\/\/garageblogec.com\/?p=2845"},"modified":"2025-11-28T21:07:55","modified_gmt":"2025-11-28T21:07:55","slug":"armacar-y-fenacotrali-consolidan-alianza-estrategica-en-beneficio-del-transporte-liviano-del-ecuador","status":"publish","type":"post","link":"https:\/\/garageblogec.com\/?p=2845","title":{"rendered":"ARMACAR y FENACOTRALI consolidan alianza estrat\u00e9gica en beneficio del transporte liviano del Ecuador"},"content":{"rendered":"\n<p>Armacar formaliz\u00f3 una alianza estrat\u00e9gica de alcance nacional con la Federaci\u00f3n Nacional de Transporte de Carga Liviana, Mixto y Mediano del Ecuador (Fenacotrali), organizaci\u00f3n que agrupa a miles de transportistas que impulsan el desarrollo productivo del pa\u00eds. El convenio fue suscrito hoy entre el gerente de Armacar, Santiago Guevara, y el presidente de Fenacotrali, Napole\u00f3n Cabrera.<\/p>\n\n\n\n<figure class=\"wp-block-image size-large\"><img fetchpriority=\"high\" decoding=\"async\" width=\"1024\" height=\"681\" src=\"https:\/\/garageblogec.com\/wp-content\/uploads\/2025\/11\/JOR_9176-1024x681.jpg\" alt=\"\" class=\"wp-image-2846\" srcset=\"https:\/\/garageblogec.com\/wp-content\/uploads\/2025\/11\/JOR_9176-1024x681.jpg 1024w, https:\/\/garageblogec.com\/wp-content\/uploads\/2025\/11\/JOR_9176-300x200.jpg 300w, https:\/\/garageblogec.com\/wp-content\/uploads\/2025\/11\/JOR_9176-768x511.jpg 768w, https:\/\/garageblogec.com\/wp-content\/uploads\/2025\/11\/JOR_9176-1536x1022.jpg 1536w, https:\/\/garageblogec.com\/wp-content\/uploads\/2025\/11\/JOR_9176-2048x1363.jpg 2048w, https:\/\/garageblogec.com\/wp-content\/uploads\/2025\/11\/JOR_9176-1320x878.jpg 1320w\" sizes=\"(max-width: 1024px) 100vw, 1024px\" \/><\/figure>\n\n\n\n<p> A trav\u00e9s de este acuerdo, los miembros de la Federaci\u00f3n acceder\u00e1n a la Camioneta de Ecuador, modelos Pac\u00edfico y P\u00e1ramo, con beneficios exclusivos que incluyen descuentos especiales en la compra, ventajas en mantenimiento vehicular, as\u00ed como en accesorios y repuestos, contribuyendo directamente al desempe\u00f1o \u00f3ptimo y la eficiencia operativa de cada unidad. Para garantizar una atenci\u00f3n \u00e1gil y efectiva, Armacar ha habilitado un canal directo exclusivo para los beneficiarios, facilitando procesos de compra, coordinaci\u00f3n de mantenimientos, acceso a informaci\u00f3n t\u00e9cnica y soporte postventa. <\/p>\n\n\n\n<p>La Camioneta de Ecuador ser\u00e1 de ahora en adelante la socia perfecta de trabajo de los miembros de Fenacotrali, un \u00edcono nacional, ensamblado con manos ecuatorianas, que ofrece garant\u00eda, respaldo y la confianza que necesita el transporte del pa\u00eds. El gerente de Armacar, Santiago Guevara, enfatiz\u00f3 \u201cnuestra visi\u00f3n es consolidar una relaci\u00f3n de largo plazo basada en confianza, servicio responsable y un trabajo conjunto orientado al fortalecimiento del transporte liviano en el Ecuador\u201d. Como parte de esta alianza, se present\u00f3 tambi\u00e9n la nueva imagen institucional de Fenacotrali, que incorpora a la camioneta P\u00e1ramo como s\u00edmbolo de uni\u00f3n y proyecci\u00f3n hacia el futuro del sector.<\/p>\n\n\n\n<figure class=\"wp-block-image size-large\"><img decoding=\"async\" width=\"1024\" height=\"681\" src=\"https:\/\/garageblogec.com\/wp-content\/uploads\/2025\/11\/JOR_9208-1024x681.jpg\" alt=\"\" class=\"wp-image-2847\" srcset=\"https:\/\/garageblogec.com\/wp-content\/uploads\/2025\/11\/JOR_9208-1024x681.jpg 1024w, https:\/\/garageblogec.com\/wp-content\/uploads\/2025\/11\/JOR_9208-300x200.jpg 300w, https:\/\/garageblogec.com\/wp-content\/uploads\/2025\/11\/JOR_9208-768x511.jpg 768w, https:\/\/garageblogec.com\/wp-content\/uploads\/2025\/11\/JOR_9208-1536x1022.jpg 1536w, https:\/\/garageblogec.com\/wp-content\/uploads\/2025\/11\/JOR_9208-2048x1363.jpg 2048w, https:\/\/garageblogec.com\/wp-content\/uploads\/2025\/11\/JOR_9208-1320x878.jpg 1320w\" sizes=\"(max-width: 1024px) 100vw, 1024px\" \/><\/figure>\n\n\n\n<p> Armacar reiter\u00f3 su compromiso con los integrantes de la Federaci\u00f3n, destacando que la empresa estar\u00e1 presente para acompa\u00f1arlos en cada etapa: desde la compra hasta la postventa y el soporte permanente. \u201cLa Fenacotrali tiene un rol fundamental en la econom\u00eda nacional, y su trabajo garantiza que la producci\u00f3n llegue a los comercios, que las familias ecuatorianas reciban los bienes que necesitan y que las actividades econ\u00f3micas se mantengan activas en cada rinc\u00f3n del pa\u00eds\u201d, agreg\u00f3 Guevara.<\/p>\n\n\n\n<p> Por su parte, el presidente de Fenacotrali, Napole\u00f3n Cabrera, expres\u00f3: \u201cCon suprema alegr\u00eda, en nombre de nuestros agremiados ecuatorianos firmamos este convenio. Bienvenido Armacar a nuestro proyecto de mantener flotas vehiculares excelentes y nuevas dentro del parque automotor ecuatoriano. En mi calidad de representante legal de los transportistas ecuatorianos, doy la confianza de que estamos proponi\u00e9ndoles una marca que ser\u00e1 garant\u00eda, seguridad y desarrollo para sus familias\u201d, dijo.<\/p>\n\n\n\n<figure class=\"wp-block-image size-large\"><img decoding=\"async\" width=\"1024\" height=\"700\" src=\"https:\/\/garageblogec.com\/wp-content\/uploads\/2025\/11\/JOR_9200-1024x700.jpg\" alt=\"\" class=\"wp-image-2848\" srcset=\"https:\/\/garageblogec.com\/wp-content\/uploads\/2025\/11\/JOR_9200-1024x700.jpg 1024w, https:\/\/garageblogec.com\/wp-content\/uploads\/2025\/11\/JOR_9200-300x205.jpg 300w, https:\/\/garageblogec.com\/wp-content\/uploads\/2025\/11\/JOR_9200-768x525.jpg 768w, https:\/\/garageblogec.com\/wp-content\/uploads\/2025\/11\/JOR_9200-1536x1050.jpg 1536w, https:\/\/garageblogec.com\/wp-content\/uploads\/2025\/11\/JOR_9200-2048x1400.jpg 2048w, https:\/\/garageblogec.com\/wp-content\/uploads\/2025\/11\/JOR_9200-1320x902.jpg 1320w\" sizes=\"(max-width: 1024px) 100vw, 1024px\" \/><\/figure>\n\n\n\n<p> Cabrera resalt\u00f3 que la Camioneta de Ecuador brinda confianza al gremio gracias a su calidad, precio accesible, respaldo y disponibilidad de repuestos originales y accesorios, elementos que permiten al transportista renovar su veh\u00edculo y continuar trabajando con sostenibilidad. <\/p>\n\n\n\n<p>Explic\u00f3 adem\u00e1s que, gracias a los programas nacionales de renovaci\u00f3n vehicular y al nuevo plan de chatarrizaci\u00f3n del Gobierno Nacional, los transportistas tendr\u00e1n mayores alternativas para acceder a unidades nuevas, posicionando a ARMACAR como una opci\u00f3n s\u00f3lida dentro de ese proceso. <\/p>\n\n\n\n<p>\u201cFirmar este convenio con Armacar responde a nuestro compromiso con quienes mantienen al pa\u00eds en movimiento, ofreciendo una marca que garantiza seguridad, respaldo y desarrollo para las familias transportistas. Como Fenacotrali, apostamos al trabajo conjunto y permanente con el gremio, convencidos de que esta alianza permitir\u00e1 fortalecer al transporte mixto y contribuir al crecimiento del sector en todo el pa\u00eds\u201d, enfatiz\u00f3.<\/p>\n\n\n\n<figure class=\"wp-block-image size-large\"><img loading=\"lazy\" decoding=\"async\" width=\"1024\" height=\"681\" src=\"https:\/\/garageblogec.com\/wp-content\/uploads\/2025\/11\/JOR_9221-1024x681.jpg\" alt=\"\" class=\"wp-image-2849\" srcset=\"https:\/\/garageblogec.com\/wp-content\/uploads\/2025\/11\/JOR_9221-1024x681.jpg 1024w, https:\/\/garageblogec.com\/wp-content\/uploads\/2025\/11\/JOR_9221-300x200.jpg 300w, https:\/\/garageblogec.com\/wp-content\/uploads\/2025\/11\/JOR_9221-768x511.jpg 768w, https:\/\/garageblogec.com\/wp-content\/uploads\/2025\/11\/JOR_9221-1536x1022.jpg 1536w, https:\/\/garageblogec.com\/wp-content\/uploads\/2025\/11\/JOR_9221-2048x1363.jpg 2048w, https:\/\/garageblogec.com\/wp-content\/uploads\/2025\/11\/JOR_9221-1320x878.jpg 1320w\" sizes=\"(max-width: 1024px) 100vw, 1024px\" \/><\/figure>\n\n\n\n<p> De esta manera, la Camioneta de Ecuador se posiciona como la opci\u00f3n m\u00e1s competitiva del segmento al ofrecer el mejor equilibrio entre precio y contenido, convirti\u00e9ndose en la alternativa m\u00e1s accesible del mercado. Adem\u00e1s, cuenta con el mejor costo de tenencia del pa\u00eds, permitiendo mantenimientos preventivos desde 2 centavos por Km, un beneficio que aporta a la sostenibilidad y econom\u00eda de quienes viven del transporte, as\u00ed como el respaldo de m\u00e1s de 65 puntos de servicio a nivel nacional y un abastecimiento de repuestos que garantiza tranquilidad y confianza a sus clientes.<\/p>\n\n\n<div class='pt-cv-wrapper'> <h3 class='pt-cv-heading-container heading1' data-blockid='dm4tf8a3'><span class='pt-cv-heading'> Overlay1 <\/span><\/h3><div class=\"pt-cv-view pt-cv-overlaygrid iscvblock iscvreal overlay1 layout1\" id=\"pt-cv-view-dm4tf8a3\"><div data-id=\"pt-cv-page-1\" class=\"pt-cv-page\" data-cvc=\"3\"><div class=\" pt-cv-content-item pt-cv-1-col\" ><div class=\"pt-cv-thumb-wrapper  \"><a href=\"https:\/\/garageblogec.com\/?p=3303\" class=\"_self pt-cv-href-thumbnail pt-cv-thumb-default\" target=\"_self\" ><img loading=\"lazy\" decoding=\"async\" width=\"768\" height=\"432\" src=\"https:\/\/garageblogec.com\/wp-content\/uploads\/2026\/04\/WhatsApp-Image-2026-04-21-at-1.52.53-PM-768x432.jpeg\" class=\"pt-cv-thumbnail\" alt=\"\" \/><\/a><\/div>\n<div class=\"pt-cv-overlay-wrapper\"><div class=\"pt-cv-taxoterm above_title\"><a href='https:\/\/garageblogec.com\/?cat=27' title='Industria Nacional' class='pt-cv-tax-industria-nacional'>Industria Nacional<\/a><\/div><h4 class=\"pt-cv-title\"><a href=\"https:\/\/garageblogec.com\/?p=3303\" class=\"_self\" target=\"_self\" >Grupo Ambacar presenta en Guayaquil KGM, su nueva marca de SUV h\u00edbridos con respaldo global<\/a><\/h4><div class=\"pt-cv-meta-fields\"><span class=\"entry-date\"> <time datetime=\"2026-04-21T21:37:24+00:00\">abril 21, 2026<\/time><\/span><span> \/ <\/span><span class=\"author\"> <a href=\"https:\/\/garageblogec.com\/?author=6\" rel=\"author\">gabi1212<\/a><\/span><\/div><\/div><\/div>\n<div class=\" pt-cv-content-item pt-cv-1-col\" ><div class=\"pt-cv-thumb-wrapper  \"><a href=\"https:\/\/garageblogec.com\/?p=3296\" class=\"_self pt-cv-href-thumbnail pt-cv-thumb-default\" target=\"_self\" ><img loading=\"lazy\" decoding=\"async\" width=\"768\" height=\"432\" src=\"https:\/\/garageblogec.com\/wp-content\/uploads\/2026\/04\/WhatsApp-Image-2026-04-14-at-3.15.09-PM-768x432.jpeg\" class=\"pt-cv-thumbnail\" alt=\"\" \/><\/a><\/div>\n<div class=\"pt-cv-overlay-wrapper\"><div class=\"pt-cv-taxoterm above_title\"><a href='https:\/\/garageblogec.com\/?cat=27' title='Industria Nacional' class='pt-cv-tax-industria-nacional'>Industria Nacional<\/a><\/div><h4 class=\"pt-cv-title\"><a href=\"https:\/\/garageblogec.com\/?p=3296\" class=\"_self\" target=\"_self\" >El tablero desapareci\u00f3, ahora el auto es una pantalla inteligente<\/a><\/h4><div class=\"pt-cv-meta-fields\"><span class=\"entry-date\"> <time datetime=\"2026-04-14T20:21:20+00:00\">abril 14, 2026<\/time><\/span><span> \/ <\/span><span class=\"author\"> <a href=\"https:\/\/garageblogec.com\/?author=6\" rel=\"author\">gabi1212<\/a><\/span><\/div><\/div><\/div>\n<div class=\" pt-cv-content-item pt-cv-1-col\" ><div class=\"pt-cv-thumb-wrapper  \"><a href=\"https:\/\/garageblogec.com\/?p=3291\" class=\"_self pt-cv-href-thumbnail pt-cv-thumb-default\" target=\"_self\" ><img loading=\"lazy\" decoding=\"async\" width=\"768\" height=\"432\" src=\"https:\/\/garageblogec.com\/wp-content\/uploads\/2026\/04\/WhatsApp-Image-2026-04-14-at-2.21.27-PM-768x432.jpeg\" class=\"pt-cv-thumbnail\" alt=\"\" \/><\/a><\/div>\n<div class=\"pt-cv-overlay-wrapper\"><div class=\"pt-cv-taxoterm above_title\"><a href='https:\/\/garageblogec.com\/?cat=27' title='Industria Nacional' class='pt-cv-tax-industria-nacional'>Industria Nacional<\/a><\/div><h4 class=\"pt-cv-title\"><a href=\"https:\/\/garageblogec.com\/?p=3291\" class=\"_self\" target=\"_self\" >Seguridad al volante en Ecuador: los errores m\u00e1s comunes que cometen los conductores<\/a><\/h4><div class=\"pt-cv-meta-fields\"><span class=\"entry-date\"> <time datetime=\"2026-04-14T20:08:54+00:00\">abril 14, 2026<\/time><\/span><span> \/ <\/span><span class=\"author\"> <a href=\"https:\/\/garageblogec.com\/?author=6\" rel=\"author\">gabi1212<\/a><\/span><\/div><\/div><\/div>\n<div class=\" pt-cv-content-item pt-cv-1-col\" ><div class=\"pt-cv-thumb-wrapper  \"><a href=\"https:\/\/garageblogec.com\/?p=3286\" class=\"_self pt-cv-href-thumbnail pt-cv-thumb-default\" target=\"_self\" ><img loading=\"lazy\" decoding=\"async\" width=\"768\" height=\"492\" src=\"https:\/\/garageblogec.com\/wp-content\/uploads\/2026\/04\/Posventa.jpg-768x492.jpeg\" class=\"pt-cv-thumbnail\" alt=\"\" \/><\/a><\/div>\n<div class=\"pt-cv-overlay-wrapper\"><div class=\"pt-cv-taxoterm above_title\"><a href='https:\/\/garageblogec.com\/?cat=27' title='Industria Nacional' class='pt-cv-tax-industria-nacional'>Industria Nacional<\/a><\/div><h4 class=\"pt-cv-title\"><a href=\"https:\/\/garageblogec.com\/?p=3286\" class=\"_self\" target=\"_self\" >Clientes Nissan reciben cambios de aceite infinitos<\/a><\/h4><div class=\"pt-cv-meta-fields\"><span class=\"entry-date\"> <time datetime=\"2026-04-14T20:04:08+00:00\">abril 14, 2026<\/time><\/span><span> \/ <\/span><span class=\"author\"> <a href=\"https:\/\/garageblogec.com\/?author=6\" rel=\"author\">gabi1212<\/a><\/span><\/div><\/div><\/div>\n<div class=\" pt-cv-content-item pt-cv-1-col\" ><div class=\"pt-cv-thumb-wrapper  \"><a href=\"https:\/\/garageblogec.com\/?p=3280\" class=\"_self pt-cv-href-thumbnail pt-cv-thumb-default\" target=\"_self\" ><img loading=\"lazy\" decoding=\"async\" width=\"768\" height=\"512\" src=\"https:\/\/garageblogec.com\/wp-content\/uploads\/2026\/04\/foto1-768x512.jpeg\" class=\"pt-cv-thumbnail\" alt=\"\" \/><\/a><\/div>\n<div class=\"pt-cv-overlay-wrapper\"><div class=\"pt-cv-taxoterm above_title\"><a href='https:\/\/garageblogec.com\/?cat=27' title='Industria Nacional' class='pt-cv-tax-industria-nacional'>Industria Nacional<\/a><\/div><h4 class=\"pt-cv-title\"><a href=\"https:\/\/garageblogec.com\/?p=3280\" class=\"_self\" target=\"_self\" >Movilidad como inversi\u00f3n: el uso de utilidades que crece en Ecuador<\/a><\/h4><div class=\"pt-cv-meta-fields\"><span class=\"entry-date\"> <time datetime=\"2026-04-07T19:55:36+00:00\">abril 7, 2026<\/time><\/span><span> \/ <\/span><span class=\"author\"> <a href=\"https:\/\/garageblogec.com\/?author=6\" rel=\"author\">gabi1212<\/a><\/span><\/div><\/div><\/div>\n<div class=\" pt-cv-content-item pt-cv-1-col\" ><div class=\"pt-cv-thumb-wrapper  \"><a href=\"https:\/\/garageblogec.com\/?p=3276\" class=\"_self pt-cv-href-thumbnail pt-cv-thumb-default\" target=\"_self\" ><img loading=\"lazy\" decoding=\"async\" width=\"745\" height=\"491\" src=\"https:\/\/garageblogec.com\/wp-content\/uploads\/2026\/04\/TT.png\" class=\"pt-cv-thumbnail\" alt=\"\" \/><\/a><\/div>\n<div class=\"pt-cv-overlay-wrapper\"><div class=\"pt-cv-taxoterm above_title\"><a href='https:\/\/garageblogec.com\/?cat=27' title='Industria Nacional' class='pt-cv-tax-industria-nacional'>Industria Nacional<\/a><\/div><h4 class=\"pt-cv-title\"><a href=\"https:\/\/garageblogec.com\/?p=3276\" class=\"_self\" target=\"_self\" >Lluvias en Ecuador: C\u00f3mo reducir riesgos en carretera y prevenir accidentes en calzada mojada<\/a><\/h4><div class=\"pt-cv-meta-fields\"><span class=\"entry-date\"> <time datetime=\"2026-04-07T19:46:52+00:00\">abril 7, 2026<\/time><\/span><span> \/ <\/span><span class=\"author\"> <a href=\"https:\/\/garageblogec.com\/?author=6\" rel=\"author\">gabi1212<\/a><\/span><\/div><\/div><\/div><\/div><\/div> <\/div> <style>\n#pt-cv-view-dm4tf8a3 .pt-cv-thumb-wrapper::before {background: rgba(0,0,0,.4); opacity: 0.8;}#pt-cv-view-dm4tf8a3 .pt-cv-overlay-wrapper {justify-content: center;}\n#pt-cv-view-dm4tf8a3 .pt-cv-meta-fields {  }#pt-cv-view-dm4tf8a3 .pt-cv-meta-fields * { font-size: 13px; }#pt-cv-view-dm4tf8a3 .pt-cv-title a { display: block; }#pt-cv-view-dm4tf8a3 .pt-cv-title:not(.pt-cv-titlesm) a { font-weight: 600;text-decoration: none;font-size: 20px; }#pt-cv-view-dm4tf8a3 .pt-cv-titlesm a { font-weight: 600;font-size: 18px; }#pt-cv-view-dm4tf8a3 .pt-cv-content { font-size: 15px; }#pt-cv-view-dm4tf8a3 .pt-cv-rmwrap {  }#pt-cv-view-dm4tf8a3 .pt-cv-readmore { color: #fff;background-color: #0075ff;font-size: 14px; }#pt-cv-view-dm4tf8a3 .pt-cv-taxoterm { margin: 0px 0px 20px 0px; }#pt-cv-view-dm4tf8a3 .pt-cv-taxoterm * { color: #222;background-color: #fff6f6;font-size: 14px; }#pt-cv-view-dm4tf8a3 + .pt-cv-pagination-wrapper {  }#pt-cv-view-dm4tf8a3 + .pt-cv-pagination-wrapper a { font-size: 14px; }#pt-cv-view-dm4tf8a3 > .pt-cv-page {grid-template-columns: repeat(3, 1fr);grid-auto-rows: 250px;grid-gap: 10px;}\n@media all and (max-width: 1024px) { \n#pt-cv-view-dm4tf8a3 > .pt-cv-page {}\n} \n@media all and (max-width: 767px) { \n#pt-cv-view-dm4tf8a3 > .pt-cv-page {grid-template-columns: repeat(1, 1fr);}\n} <\/style>\n\n\n<p><\/p>\n","protected":false},"excerpt":{"rendered":"<p>Armacar formaliz\u00f3 una alianza estrat\u00e9gica de alcance nacional con la Federaci\u00f3n Nacional de Transporte de Carga Liviana, Mixto y Mediano del Ecuador (Fenacotrali), organizaci\u00f3n que agrupa a miles de transportistas que impulsan el desarrollo productivo del pa\u00eds. El convenio fue suscrito hoy entre el gerente de Armacar, Santiago Guevara, y el presidente de Fenacotrali, Napole\u00f3n [&hellip;]<\/p>\n","protected":false},"author":6,"featured_media":2849,"comment_status":"open","ping_status":"open","sticky":false,"template":"","format":"standard","meta":{"_jetpack_memberships_contains_paid_content":false,"footnotes":""},"categories":[27],"tags":[],"class_list":["post-2845","post","type-post","status-publish","format-standard","has-post-thumbnail","hentry","category-industria-nacional"],"yoast_head":"<!-- This site is optimized with the Yoast SEO plugin v27.5 - https:\/\/yoast.com\/product\/yoast-seo-wordpress\/ -->\n<title>ARMACAR y FENACOTRALI consolidan alianza estrat\u00e9gica en beneficio del transporte liviano del Ecuador - Garage Blog Ecuador<\/title>\n<meta name=\"robots\" content=\"index, follow, max-snippet:-1, max-image-preview:large, max-video-preview:-1\" \/>\n<link rel=\"canonical\" href=\"https:\/\/garageblogec.com\/?p=2845\" \/>\n<meta property=\"og:locale\" content=\"es_ES\" \/>\n<meta property=\"og:type\" content=\"article\" \/>\n<meta property=\"og:title\" content=\"ARMACAR y FENACOTRALI consolidan alianza estrat\u00e9gica en beneficio del transporte liviano del Ecuador - Garage Blog Ecuador\" \/>\n<meta property=\"og:description\" content=\"Armacar formaliz\u00f3 una alianza estrat\u00e9gica de alcance nacional con la Federaci\u00f3n Nacional de Transporte de Carga Liviana, Mixto y Mediano del Ecuador (Fenacotrali), organizaci\u00f3n que agrupa a miles de transportistas que impulsan el desarrollo productivo del pa\u00eds. El convenio fue suscrito hoy entre el gerente de Armacar, Santiago Guevara, y el presidente de Fenacotrali, Napole\u00f3n [&hellip;]\" \/>\n<meta property=\"og:url\" content=\"https:\/\/garageblogec.com\/?p=2845\" \/>\n<meta property=\"og:site_name\" content=\"Garage Blog Ecuador\" \/>\n<meta property=\"article:published_time\" content=\"2025-11-28T21:07:48+00:00\" \/>\n<meta property=\"article:modified_time\" content=\"2025-11-28T21:07:55+00:00\" \/>\n<meta property=\"og:image\" content=\"https:\/\/garageblogec.com\/wp-content\/uploads\/2025\/11\/JOR_9221-scaled.jpg\" \/>\n\t<meta property=\"og:image:width\" content=\"2560\" \/>\n\t<meta property=\"og:image:height\" content=\"1703\" \/>\n\t<meta property=\"og:image:type\" content=\"image\/jpeg\" \/>\n<meta name=\"author\" content=\"gabi1212\" \/>\n<meta name=\"twitter:card\" content=\"summary_large_image\" \/>\n<meta name=\"twitter:label1\" content=\"Escrito por\" \/>\n\t<meta name=\"twitter:data1\" content=\"gabi1212\" \/>\n\t<meta name=\"twitter:label2\" content=\"Tiempo de lectura\" \/>\n\t<meta name=\"twitter:data2\" content=\"4 minutos\" \/>\n<script type=\"application\/ld+json\" class=\"yoast-schema-graph\">{\"@context\":\"https:\\\/\\\/schema.org\",\"@graph\":[{\"@type\":\"Article\",\"@id\":\"https:\\\/\\\/garageblogec.com\\\/?p=2845#article\",\"isPartOf\":{\"@id\":\"https:\\\/\\\/garageblogec.com\\\/?p=2845\"},\"author\":{\"name\":\"gabi1212\",\"@id\":\"https:\\\/\\\/garageblogec.com\\\/#\\\/schema\\\/person\\\/635f4b76c0cb3e43b82fe6f7d8bcceea\"},\"headline\":\"ARMACAR y FENACOTRALI consolidan alianza estrat\u00e9gica en beneficio del transporte liviano del Ecuador\",\"datePublished\":\"2025-11-28T21:07:48+00:00\",\"dateModified\":\"2025-11-28T21:07:55+00:00\",\"mainEntityOfPage\":{\"@id\":\"https:\\\/\\\/garageblogec.com\\\/?p=2845\"},\"wordCount\":683,\"commentCount\":0,\"publisher\":{\"@id\":\"https:\\\/\\\/garageblogec.com\\\/#organization\"},\"image\":{\"@id\":\"https:\\\/\\\/garageblogec.com\\\/?p=2845#primaryimage\"},\"thumbnailUrl\":\"https:\\\/\\\/garageblogec.com\\\/wp-content\\\/uploads\\\/2025\\\/11\\\/JOR_9221-scaled.jpg\",\"articleSection\":[\"Industria Nacional\"],\"inLanguage\":\"es\",\"potentialAction\":[{\"@type\":\"CommentAction\",\"name\":\"Comment\",\"target\":[\"https:\\\/\\\/garageblogec.com\\\/?p=2845#respond\"]}]},{\"@type\":\"WebPage\",\"@id\":\"https:\\\/\\\/garageblogec.com\\\/?p=2845\",\"url\":\"https:\\\/\\\/garageblogec.com\\\/?p=2845\",\"name\":\"ARMACAR y FENACOTRALI consolidan alianza estrat\u00e9gica en beneficio del transporte liviano del Ecuador - Garage Blog Ecuador\",\"isPartOf\":{\"@id\":\"https:\\\/\\\/garageblogec.com\\\/#website\"},\"primaryImageOfPage\":{\"@id\":\"https:\\\/\\\/garageblogec.com\\\/?p=2845#primaryimage\"},\"image\":{\"@id\":\"https:\\\/\\\/garageblogec.com\\\/?p=2845#primaryimage\"},\"thumbnailUrl\":\"https:\\\/\\\/garageblogec.com\\\/wp-content\\\/uploads\\\/2025\\\/11\\\/JOR_9221-scaled.jpg\",\"datePublished\":\"2025-11-28T21:07:48+00:00\",\"dateModified\":\"2025-11-28T21:07:55+00:00\",\"breadcrumb\":{\"@id\":\"https:\\\/\\\/garageblogec.com\\\/?p=2845#breadcrumb\"},\"inLanguage\":\"es\",\"potentialAction\":[{\"@type\":\"ReadAction\",\"target\":[\"https:\\\/\\\/garageblogec.com\\\/?p=2845\"]}]},{\"@type\":\"ImageObject\",\"inLanguage\":\"es\",\"@id\":\"https:\\\/\\\/garageblogec.com\\\/?p=2845#primaryimage\",\"url\":\"https:\\\/\\\/garageblogec.com\\\/wp-content\\\/uploads\\\/2025\\\/11\\\/JOR_9221-scaled.jpg\",\"contentUrl\":\"https:\\\/\\\/garageblogec.com\\\/wp-content\\\/uploads\\\/2025\\\/11\\\/JOR_9221-scaled.jpg\",\"width\":2560,\"height\":1703},{\"@type\":\"BreadcrumbList\",\"@id\":\"https:\\\/\\\/garageblogec.com\\\/?p=2845#breadcrumb\",\"itemListElement\":[{\"@type\":\"ListItem\",\"position\":1,\"name\":\"Portada\",\"item\":\"https:\\\/\\\/garageblogec.com\\\/\"},{\"@type\":\"ListItem\",\"position\":2,\"name\":\"ARMACAR y FENACOTRALI consolidan alianza estrat\u00e9gica en beneficio del transporte liviano del Ecuador\"}]},{\"@type\":\"WebSite\",\"@id\":\"https:\\\/\\\/garageblogec.com\\\/#website\",\"url\":\"https:\\\/\\\/garageblogec.com\\\/\",\"name\":\"Garage Blog Ecuador\",\"description\":\"Alucinamos por los autos \",\"publisher\":{\"@id\":\"https:\\\/\\\/garageblogec.com\\\/#organization\"},\"potentialAction\":[{\"@type\":\"SearchAction\",\"target\":{\"@type\":\"EntryPoint\",\"urlTemplate\":\"https:\\\/\\\/garageblogec.com\\\/?s={search_term_string}\"},\"query-input\":{\"@type\":\"PropertyValueSpecification\",\"valueRequired\":true,\"valueName\":\"search_term_string\"}}],\"inLanguage\":\"es\"},{\"@type\":\"Organization\",\"@id\":\"https:\\\/\\\/garageblogec.com\\\/#organization\",\"name\":\"Garage Blog Ecuador\",\"url\":\"https:\\\/\\\/garageblogec.com\\\/\",\"logo\":{\"@type\":\"ImageObject\",\"inLanguage\":\"es\",\"@id\":\"https:\\\/\\\/garageblogec.com\\\/#\\\/schema\\\/logo\\\/image\\\/\",\"url\":\"https:\\\/\\\/garageblogec.com\\\/wp-content\\\/uploads\\\/2024\\\/02\\\/cropped-logo-png-para-blog.webp\",\"contentUrl\":\"https:\\\/\\\/garageblogec.com\\\/wp-content\\\/uploads\\\/2024\\\/02\\\/cropped-logo-png-para-blog.webp\",\"width\":840,\"height\":556,\"caption\":\"Garage Blog Ecuador \"},\"image\":{\"@id\":\"https:\\\/\\\/garageblogec.com\\\/#\\\/schema\\\/logo\\\/image\\\/\"}},{\"@type\":\"Person\",\"@id\":\"https:\\\/\\\/garageblogec.com\\\/#\\\/schema\\\/person\\\/635f4b76c0cb3e43b82fe6f7d8bcceea\",\"name\":\"gabi1212\",\"image\":{\"@type\":\"ImageObject\",\"inLanguage\":\"es\",\"@id\":\"https:\\\/\\\/secure.gravatar.com\\\/avatar\\\/6aa491f45cb359d4d6dd8c430e83f78899c80569c27d21156e19bbdcd31d1811?s=96&d=mm&r=g\",\"url\":\"https:\\\/\\\/secure.gravatar.com\\\/avatar\\\/6aa491f45cb359d4d6dd8c430e83f78899c80569c27d21156e19bbdcd31d1811?s=96&d=mm&r=g\",\"contentUrl\":\"https:\\\/\\\/secure.gravatar.com\\\/avatar\\\/6aa491f45cb359d4d6dd8c430e83f78899c80569c27d21156e19bbdcd31d1811?s=96&d=mm&r=g\",\"caption\":\"gabi1212\"},\"url\":\"https:\\\/\\\/garageblogec.com\\\/?author=6\"}]}<\/script>\n<!-- \/ Yoast SEO plugin. -->","yoast_head_json":{"title":"ARMACAR y FENACOTRALI consolidan alianza estrat\u00e9gica en beneficio del transporte liviano del Ecuador - Garage Blog Ecuador","robots":{"index":"index","follow":"follow","max-snippet":"max-snippet:-1","max-image-preview":"max-image-preview:large","max-video-preview":"max-video-preview:-1"},"canonical":"https:\/\/garageblogec.com\/?p=2845","og_locale":"es_ES","og_type":"article","og_title":"ARMACAR y FENACOTRALI consolidan alianza estrat\u00e9gica en beneficio del transporte liviano del Ecuador - Garage Blog Ecuador","og_description":"Armacar formaliz\u00f3 una alianza estrat\u00e9gica de alcance nacional con la Federaci\u00f3n Nacional de Transporte de Carga Liviana, Mixto y Mediano del Ecuador (Fenacotrali), organizaci\u00f3n que agrupa a miles de transportistas que impulsan el desarrollo productivo del pa\u00eds. El convenio fue suscrito hoy entre el gerente de Armacar, Santiago Guevara, y el presidente de Fenacotrali, Napole\u00f3n [&hellip;]","og_url":"https:\/\/garageblogec.com\/?p=2845","og_site_name":"Garage Blog Ecuador","article_published_time":"2025-11-28T21:07:48+00:00","article_modified_time":"2025-11-28T21:07:55+00:00","og_image":[{"width":2560,"height":1703,"url":"https:\/\/garageblogec.com\/wp-content\/uploads\/2025\/11\/JOR_9221-scaled.jpg","type":"image\/jpeg"}],"author":"gabi1212","twitter_card":"summary_large_image","twitter_misc":{"Escrito por":"gabi1212","Tiempo de lectura":"4 minutos"},"schema":{"@context":"https:\/\/schema.org","@graph":[{"@type":"Article","@id":"https:\/\/garageblogec.com\/?p=2845#article","isPartOf":{"@id":"https:\/\/garageblogec.com\/?p=2845"},"author":{"name":"gabi1212","@id":"https:\/\/garageblogec.com\/#\/schema\/person\/635f4b76c0cb3e43b82fe6f7d8bcceea"},"headline":"ARMACAR y FENACOTRALI consolidan alianza estrat\u00e9gica en beneficio del transporte liviano del Ecuador","datePublished":"2025-11-28T21:07:48+00:00","dateModified":"2025-11-28T21:07:55+00:00","mainEntityOfPage":{"@id":"https:\/\/garageblogec.com\/?p=2845"},"wordCount":683,"commentCount":0,"publisher":{"@id":"https:\/\/garageblogec.com\/#organization"},"image":{"@id":"https:\/\/garageblogec.com\/?p=2845#primaryimage"},"thumbnailUrl":"https:\/\/garageblogec.com\/wp-content\/uploads\/2025\/11\/JOR_9221-scaled.jpg","articleSection":["Industria Nacional"],"inLanguage":"es","potentialAction":[{"@type":"CommentAction","name":"Comment","target":["https:\/\/garageblogec.com\/?p=2845#respond"]}]},{"@type":"WebPage","@id":"https:\/\/garageblogec.com\/?p=2845","url":"https:\/\/garageblogec.com\/?p=2845","name":"ARMACAR y FENACOTRALI consolidan alianza estrat\u00e9gica en beneficio del transporte liviano del Ecuador - Garage Blog Ecuador","isPartOf":{"@id":"https:\/\/garageblogec.com\/#website"},"primaryImageOfPage":{"@id":"https:\/\/garageblogec.com\/?p=2845#primaryimage"},"image":{"@id":"https:\/\/garageblogec.com\/?p=2845#primaryimage"},"thumbnailUrl":"https:\/\/garageblogec.com\/wp-content\/uploads\/2025\/11\/JOR_9221-scaled.jpg","datePublished":"2025-11-28T21:07:48+00:00","dateModified":"2025-11-28T21:07:55+00:00","breadcrumb":{"@id":"https:\/\/garageblogec.com\/?p=2845#breadcrumb"},"inLanguage":"es","potentialAction":[{"@type":"ReadAction","target":["https:\/\/garageblogec.com\/?p=2845"]}]},{"@type":"ImageObject","inLanguage":"es","@id":"https:\/\/garageblogec.com\/?p=2845#primaryimage","url":"https:\/\/garageblogec.com\/wp-content\/uploads\/2025\/11\/JOR_9221-scaled.jpg","contentUrl":"https:\/\/garageblogec.com\/wp-content\/uploads\/2025\/11\/JOR_9221-scaled.jpg","width":2560,"height":1703},{"@type":"BreadcrumbList","@id":"https:\/\/garageblogec.com\/?p=2845#breadcrumb","itemListElement":[{"@type":"ListItem","position":1,"name":"Portada","item":"https:\/\/garageblogec.com\/"},{"@type":"ListItem","position":2,"name":"ARMACAR y FENACOTRALI consolidan alianza estrat\u00e9gica en beneficio del transporte liviano del Ecuador"}]},{"@type":"WebSite","@id":"https:\/\/garageblogec.com\/#website","url":"https:\/\/garageblogec.com\/","name":"Garage Blog Ecuador","description":"Alucinamos por los autos ","publisher":{"@id":"https:\/\/garageblogec.com\/#organization"},"potentialAction":[{"@type":"SearchAction","target":{"@type":"EntryPoint","urlTemplate":"https:\/\/garageblogec.com\/?s={search_term_string}"},"query-input":{"@type":"PropertyValueSpecification","valueRequired":true,"valueName":"search_term_string"}}],"inLanguage":"es"},{"@type":"Organization","@id":"https:\/\/garageblogec.com\/#organization","name":"Garage Blog Ecuador","url":"https:\/\/garageblogec.com\/","logo":{"@type":"ImageObject","inLanguage":"es","@id":"https:\/\/garageblogec.com\/#\/schema\/logo\/image\/","url":"https:\/\/garageblogec.com\/wp-content\/uploads\/2024\/02\/cropped-logo-png-para-blog.webp","contentUrl":"https:\/\/garageblogec.com\/wp-content\/uploads\/2024\/02\/cropped-logo-png-para-blog.webp","width":840,"height":556,"caption":"Garage Blog Ecuador "},"image":{"@id":"https:\/\/garageblogec.com\/#\/schema\/logo\/image\/"}},{"@type":"Person","@id":"https:\/\/garageblogec.com\/#\/schema\/person\/635f4b76c0cb3e43b82fe6f7d8bcceea","name":"gabi1212","image":{"@type":"ImageObject","inLanguage":"es","@id":"https:\/\/secure.gravatar.com\/avatar\/6aa491f45cb359d4d6dd8c430e83f78899c80569c27d21156e19bbdcd31d1811?s=96&d=mm&r=g","url":"https:\/\/secure.gravatar.com\/avatar\/6aa491f45cb359d4d6dd8c430e83f78899c80569c27d21156e19bbdcd31d1811?s=96&d=mm&r=g","contentUrl":"https:\/\/secure.gravatar.com\/avatar\/6aa491f45cb359d4d6dd8c430e83f78899c80569c27d21156e19bbdcd31d1811?s=96&d=mm&r=g","caption":"gabi1212"},"url":"https:\/\/garageblogec.com\/?author=6"}]}},"jetpack_featured_media_url":"https:\/\/garageblogec.com\/wp-content\/uploads\/2025\/11\/JOR_9221-scaled.jpg","jetpack_sharing_enabled":true,"_links":{"self":[{"href":"https:\/\/garageblogec.com\/index.php?rest_route=\/wp\/v2\/posts\/2845","targetHints":{"allow":["GET"]}}],"collection":[{"href":"https:\/\/garageblogec.com\/index.php?rest_route=\/wp\/v2\/posts"}],"about":[{"href":"https:\/\/garageblogec.com\/index.php?rest_route=\/wp\/v2\/types\/post"}],"author":[{"embeddable":true,"href":"https:\/\/garageblogec.com\/index.php?rest_route=\/wp\/v2\/users\/6"}],"replies":[{"embeddable":true,"href":"https:\/\/garageblogec.com\/index.php?rest_route=%2Fwp%2Fv2%2Fcomments&post=2845"}],"version-history":[{"count":1,"href":"https:\/\/garageblogec.com\/index.php?rest_route=\/wp\/v2\/posts\/2845\/revisions"}],"predecessor-version":[{"id":2850,"href":"https:\/\/garageblogec.com\/index.php?rest_route=\/wp\/v2\/posts\/2845\/revisions\/2850"}],"wp:featuredmedia":[{"embeddable":true,"href":"https:\/\/garageblogec.com\/index.php?rest_route=\/wp\/v2\/media\/2849"}],"wp:attachment":[{"href":"https:\/\/garageblogec.com\/index.php?rest_route=%2Fwp%2Fv2%2Fmedia&parent=2845"}],"wp:term":[{"taxonomy":"category","embeddable":true,"href":"https:\/\/garageblogec.com\/index.php?rest_route=%2Fwp%2Fv2%2Fcategories&post=2845"},{"taxonomy":"post_tag","embeddable":true,"href":"https:\/\/garageblogec.com\/index.php?rest_route=%2Fwp%2Fv2%2Ftags&post=2845"}],"curies":[{"name":"wp","href":"https:\/\/api.w.org\/{rel}","templated":true}]}}