{"id":2839,"date":"2025-11-28T20:20:24","date_gmt":"2025-11-28T20:20:24","guid":{"rendered":"https:\/\/garageblogec.com\/?p=2839"},"modified":"2025-11-28T20:20:29","modified_gmt":"2025-11-28T20:20:29","slug":"teojama-comercial-consolida-su-presencia-en-la-zona-costa-con-la-representacion-oficial-de-mercedes-benz-subaru-y-smart","status":"publish","type":"post","link":"https:\/\/garageblogec.com\/?p=2839","title":{"rendered":"Teojama Comercial consolida su presencia en la zona costa con la representaci\u00f3n oficial de Mercedes-Benz, Subaru y Smart"},"content":{"rendered":"\n<p><strong>Teojama Comercial,<\/strong> empresa ecuatoriana con m\u00e1s de seis d\u00e9cadas de trayectoria en el sector automotriz, anuncia una nueva etapa de crecimiento y diversificaci\u00f3n en su portafolio de marcas. A trav\u00e9s de una alianza estrat\u00e9gica con INCHCAPE, grupo automotriz global con presencia en m\u00e1s de 35 pa\u00edses, Teojama Comercial se convierte en el concesionario autorizado de Mercedes-Benz Livianos y pesados, Subaru y Smart para distintas provincias de la costa ecuatoriana<\/p>\n\n\n\n<figure class=\"wp-block-image size-large\"><img fetchpriority=\"high\" decoding=\"async\" width=\"1024\" height=\"681\" src=\"https:\/\/garageblogec.com\/wp-content\/uploads\/2025\/11\/WhatsApp-Image-2025-11-28-at-2.51.19-PM-1024x681.jpeg\" alt=\"\" class=\"wp-image-2842\" srcset=\"https:\/\/garageblogec.com\/wp-content\/uploads\/2025\/11\/WhatsApp-Image-2025-11-28-at-2.51.19-PM-1024x681.jpeg 1024w, https:\/\/garageblogec.com\/wp-content\/uploads\/2025\/11\/WhatsApp-Image-2025-11-28-at-2.51.19-PM-300x200.jpeg 300w, https:\/\/garageblogec.com\/wp-content\/uploads\/2025\/11\/WhatsApp-Image-2025-11-28-at-2.51.19-PM-768x511.jpeg 768w, https:\/\/garageblogec.com\/wp-content\/uploads\/2025\/11\/WhatsApp-Image-2025-11-28-at-2.51.19-PM-1536x1021.jpeg 1536w, https:\/\/garageblogec.com\/wp-content\/uploads\/2025\/11\/WhatsApp-Image-2025-11-28-at-2.51.19-PM-1320x878.jpeg 1320w, https:\/\/garageblogec.com\/wp-content\/uploads\/2025\/11\/WhatsApp-Image-2025-11-28-at-2.51.19-PM.jpeg 1600w\" sizes=\"(max-width: 1024px) 100vw, 1024px\" \/><\/figure>\n\n\n\n<p>Esta alianza marca un hito en la historia de la compa\u00f1\u00eda, que ampl\u00eda su operaci\u00f3n desde el segmento de veh\u00edculos de trabajo y transporte, liderado por su hist\u00f3rica representaci\u00f3n de la marca de camiones Hino, hacia el segmento premium y semi-premium, fortaleciendo su presencia en el mercado nacional con una propuesta integral que combina experiencia, infraestructura y respaldo internacional.<\/p>\n\n\n\n<p><em>\u201cPara nosotros, esta alianza representa mucho m\u00e1s que sumar tres marcas ic\u00f3nicas. Es la oportunidad de ofrecer una nueva experiencia de movilidad en la costa ecuatoriana, con el respaldo de la solidez t\u00e9cnica, la \u00e9tica comercial y la red de servicio que caracterizan a Teojama Comercial\u201d, <strong>Iv\u00e1n Ampuero, Gerente Nacional de Veh\u00edculos Livianos<\/strong><\/em><\/p>\n\n\n\n<figure class=\"wp-block-image size-large\"><img decoding=\"async\" width=\"1024\" height=\"682\" src=\"https:\/\/garageblogec.com\/wp-content\/uploads\/2025\/11\/WhatsApp-Image-2025-11-28-at-2.51.19-PM-1-1024x682.jpeg\" alt=\"\" class=\"wp-image-2840\" srcset=\"https:\/\/garageblogec.com\/wp-content\/uploads\/2025\/11\/WhatsApp-Image-2025-11-28-at-2.51.19-PM-1-1024x682.jpeg 1024w, https:\/\/garageblogec.com\/wp-content\/uploads\/2025\/11\/WhatsApp-Image-2025-11-28-at-2.51.19-PM-1-300x200.jpeg 300w, https:\/\/garageblogec.com\/wp-content\/uploads\/2025\/11\/WhatsApp-Image-2025-11-28-at-2.51.19-PM-1-768x512.jpeg 768w, https:\/\/garageblogec.com\/wp-content\/uploads\/2025\/11\/WhatsApp-Image-2025-11-28-at-2.51.19-PM-1-1536x1023.jpeg 1536w, https:\/\/garageblogec.com\/wp-content\/uploads\/2025\/11\/WhatsApp-Image-2025-11-28-at-2.51.19-PM-1-1320x879.jpeg 1320w, https:\/\/garageblogec.com\/wp-content\/uploads\/2025\/11\/WhatsApp-Image-2025-11-28-at-2.51.19-PM-1.jpeg 1600w\" sizes=\"(max-width: 1024px) 100vw, 1024px\" \/><\/figure>\n\n\n\n<p>La empresa integrar\u00e1 progresivamente showrooms especializados, con est\u00e1ndares internacionales de atenci\u00f3n y mantenimiento, garantizando que los clientes de Mercedes-Benz, Subaru y Smart reciban una experiencia de posventa alineada con la promesa de calidad y confianza que distingue a ambas organizaciones.<\/p>\n\n\n\n<p>Con m\u00e1s de 60 a\u00f1os de trayectoria, 8 sucursales a nivel nacional, 10 talleres t\u00e9cnicos y colisiones y una red de 13 sucursales de repuestos multimarca, Teojama Comercial reafirma su liderazgo como uno de los grupos automotrices m\u00e1s consolidados del pa\u00eds, ahora tambi\u00e9n dentro del ecosistema de veh\u00edculos de lujo, innovaci\u00f3n y tecnolog\u00eda.<\/p>\n\n\n\n<figure class=\"wp-block-image size-large\"><img decoding=\"async\" width=\"1024\" height=\"682\" src=\"https:\/\/garageblogec.com\/wp-content\/uploads\/2025\/11\/WhatsApp-Image-2025-11-28-at-2.51.18-PM-1024x682.jpeg\" alt=\"\" class=\"wp-image-2843\" srcset=\"https:\/\/garageblogec.com\/wp-content\/uploads\/2025\/11\/WhatsApp-Image-2025-11-28-at-2.51.18-PM-1024x682.jpeg 1024w, https:\/\/garageblogec.com\/wp-content\/uploads\/2025\/11\/WhatsApp-Image-2025-11-28-at-2.51.18-PM-300x200.jpeg 300w, https:\/\/garageblogec.com\/wp-content\/uploads\/2025\/11\/WhatsApp-Image-2025-11-28-at-2.51.18-PM-768x512.jpeg 768w, https:\/\/garageblogec.com\/wp-content\/uploads\/2025\/11\/WhatsApp-Image-2025-11-28-at-2.51.18-PM-1536x1023.jpeg 1536w, https:\/\/garageblogec.com\/wp-content\/uploads\/2025\/11\/WhatsApp-Image-2025-11-28-at-2.51.18-PM-1320x879.jpeg 1320w, https:\/\/garageblogec.com\/wp-content\/uploads\/2025\/11\/WhatsApp-Image-2025-11-28-at-2.51.18-PM.jpeg 1600w\" sizes=\"(max-width: 1024px) 100vw, 1024px\" \/><\/figure>\n\n\n\n<p><em>\u201cLa llegada de estas marcas a la zona costa bajo la gesti\u00f3n de Teojama Comercial representa un nuevo est\u00e1ndar de movilidad. Queremos que los ecuatorianos vivan lo que significa conducir excelencia, respaldados por un equipo que entiende la importancia del servicio y la confianza\u201d, <strong>Iv\u00e1n Ampuero, Gerente Nacional de Veh\u00edculos Livianos<\/strong><\/em><\/p>\n\n\n\n<p>Esta expansi\u00f3n reafirma el compromiso de Teojama Comercial con el desarrollo del sector automotor ecuatoriano y su visi\u00f3n de movilidad sostenible, moderna y orientada al cliente.<\/p>\n\n\n<div class='pt-cv-wrapper'> <h3 class='pt-cv-heading-container heading1' data-blockid='e0gwsff4'><span class='pt-cv-heading'> Overlay1 <\/span><\/h3><div class=\"pt-cv-view pt-cv-overlaygrid iscvblock iscvreal overlay1 layout1\" id=\"pt-cv-view-e0gwsff4\"><div data-id=\"pt-cv-page-1\" class=\"pt-cv-page\" data-cvc=\"3\"><div class=\" pt-cv-content-item pt-cv-1-col\" ><div class=\"pt-cv-thumb-wrapper  \"><a href=\"https:\/\/garageblogec.com\/?p=3303\" class=\"_self pt-cv-href-thumbnail pt-cv-thumb-default\" target=\"_self\" ><img loading=\"lazy\" decoding=\"async\" width=\"768\" height=\"432\" src=\"https:\/\/garageblogec.com\/wp-content\/uploads\/2026\/04\/WhatsApp-Image-2026-04-21-at-1.52.53-PM-768x432.jpeg\" class=\"pt-cv-thumbnail\" alt=\"\" \/><\/a><\/div>\n<div class=\"pt-cv-overlay-wrapper\"><div class=\"pt-cv-taxoterm above_title\"><a href='https:\/\/garageblogec.com\/?cat=27' title='Industria Nacional' class='pt-cv-tax-industria-nacional'>Industria Nacional<\/a><\/div><h4 class=\"pt-cv-title\"><a href=\"https:\/\/garageblogec.com\/?p=3303\" class=\"_self\" target=\"_self\" >Grupo Ambacar presenta en Guayaquil KGM, su nueva marca de SUV h\u00edbridos con respaldo global<\/a><\/h4><div class=\"pt-cv-meta-fields\"><span class=\"entry-date\"> <time datetime=\"2026-04-21T21:37:24+00:00\">abril 21, 2026<\/time><\/span><span> \/ <\/span><span class=\"author\"> <a href=\"https:\/\/garageblogec.com\/?author=6\" rel=\"author\">gabi1212<\/a><\/span><\/div><\/div><\/div>\n<div class=\" pt-cv-content-item pt-cv-1-col\" ><div class=\"pt-cv-thumb-wrapper  \"><a href=\"https:\/\/garageblogec.com\/?p=3296\" class=\"_self pt-cv-href-thumbnail pt-cv-thumb-default\" target=\"_self\" ><img loading=\"lazy\" decoding=\"async\" width=\"768\" height=\"432\" src=\"https:\/\/garageblogec.com\/wp-content\/uploads\/2026\/04\/WhatsApp-Image-2026-04-14-at-3.15.09-PM-768x432.jpeg\" class=\"pt-cv-thumbnail\" alt=\"\" \/><\/a><\/div>\n<div class=\"pt-cv-overlay-wrapper\"><div class=\"pt-cv-taxoterm above_title\"><a href='https:\/\/garageblogec.com\/?cat=27' title='Industria Nacional' class='pt-cv-tax-industria-nacional'>Industria Nacional<\/a><\/div><h4 class=\"pt-cv-title\"><a href=\"https:\/\/garageblogec.com\/?p=3296\" class=\"_self\" target=\"_self\" >El tablero desapareci\u00f3, ahora el auto es una pantalla inteligente<\/a><\/h4><div class=\"pt-cv-meta-fields\"><span class=\"entry-date\"> <time datetime=\"2026-04-14T20:21:20+00:00\">abril 14, 2026<\/time><\/span><span> \/ <\/span><span class=\"author\"> <a href=\"https:\/\/garageblogec.com\/?author=6\" rel=\"author\">gabi1212<\/a><\/span><\/div><\/div><\/div>\n<div class=\" pt-cv-content-item pt-cv-1-col\" ><div class=\"pt-cv-thumb-wrapper  \"><a href=\"https:\/\/garageblogec.com\/?p=3291\" class=\"_self pt-cv-href-thumbnail pt-cv-thumb-default\" target=\"_self\" ><img loading=\"lazy\" decoding=\"async\" width=\"768\" height=\"432\" src=\"https:\/\/garageblogec.com\/wp-content\/uploads\/2026\/04\/WhatsApp-Image-2026-04-14-at-2.21.27-PM-768x432.jpeg\" class=\"pt-cv-thumbnail\" alt=\"\" \/><\/a><\/div>\n<div class=\"pt-cv-overlay-wrapper\"><div class=\"pt-cv-taxoterm above_title\"><a href='https:\/\/garageblogec.com\/?cat=27' title='Industria Nacional' class='pt-cv-tax-industria-nacional'>Industria Nacional<\/a><\/div><h4 class=\"pt-cv-title\"><a href=\"https:\/\/garageblogec.com\/?p=3291\" class=\"_self\" target=\"_self\" >Seguridad al volante en Ecuador: los errores m\u00e1s comunes que cometen los conductores<\/a><\/h4><div class=\"pt-cv-meta-fields\"><span class=\"entry-date\"> <time datetime=\"2026-04-14T20:08:54+00:00\">abril 14, 2026<\/time><\/span><span> \/ <\/span><span class=\"author\"> <a href=\"https:\/\/garageblogec.com\/?author=6\" rel=\"author\">gabi1212<\/a><\/span><\/div><\/div><\/div>\n<div class=\" pt-cv-content-item pt-cv-1-col\" ><div class=\"pt-cv-thumb-wrapper  \"><a href=\"https:\/\/garageblogec.com\/?p=3286\" class=\"_self pt-cv-href-thumbnail pt-cv-thumb-default\" target=\"_self\" ><img loading=\"lazy\" decoding=\"async\" width=\"768\" height=\"492\" src=\"https:\/\/garageblogec.com\/wp-content\/uploads\/2026\/04\/Posventa.jpg-768x492.jpeg\" class=\"pt-cv-thumbnail\" alt=\"\" \/><\/a><\/div>\n<div class=\"pt-cv-overlay-wrapper\"><div class=\"pt-cv-taxoterm above_title\"><a href='https:\/\/garageblogec.com\/?cat=27' title='Industria Nacional' class='pt-cv-tax-industria-nacional'>Industria Nacional<\/a><\/div><h4 class=\"pt-cv-title\"><a href=\"https:\/\/garageblogec.com\/?p=3286\" class=\"_self\" target=\"_self\" >Clientes Nissan reciben cambios de aceite infinitos<\/a><\/h4><div class=\"pt-cv-meta-fields\"><span class=\"entry-date\"> <time datetime=\"2026-04-14T20:04:08+00:00\">abril 14, 2026<\/time><\/span><span> \/ <\/span><span class=\"author\"> <a href=\"https:\/\/garageblogec.com\/?author=6\" rel=\"author\">gabi1212<\/a><\/span><\/div><\/div><\/div>\n<div class=\" pt-cv-content-item pt-cv-1-col\" ><div class=\"pt-cv-thumb-wrapper  \"><a href=\"https:\/\/garageblogec.com\/?p=3280\" class=\"_self pt-cv-href-thumbnail pt-cv-thumb-default\" target=\"_self\" ><img loading=\"lazy\" decoding=\"async\" width=\"768\" height=\"512\" src=\"https:\/\/garageblogec.com\/wp-content\/uploads\/2026\/04\/foto1-768x512.jpeg\" class=\"pt-cv-thumbnail\" alt=\"\" \/><\/a><\/div>\n<div class=\"pt-cv-overlay-wrapper\"><div class=\"pt-cv-taxoterm above_title\"><a href='https:\/\/garageblogec.com\/?cat=27' title='Industria Nacional' class='pt-cv-tax-industria-nacional'>Industria Nacional<\/a><\/div><h4 class=\"pt-cv-title\"><a href=\"https:\/\/garageblogec.com\/?p=3280\" class=\"_self\" target=\"_self\" >Movilidad como inversi\u00f3n: el uso de utilidades que crece en Ecuador<\/a><\/h4><div class=\"pt-cv-meta-fields\"><span class=\"entry-date\"> <time datetime=\"2026-04-07T19:55:36+00:00\">abril 7, 2026<\/time><\/span><span> \/ <\/span><span class=\"author\"> <a href=\"https:\/\/garageblogec.com\/?author=6\" rel=\"author\">gabi1212<\/a><\/span><\/div><\/div><\/div>\n<div class=\" pt-cv-content-item pt-cv-1-col\" ><div class=\"pt-cv-thumb-wrapper  \"><a href=\"https:\/\/garageblogec.com\/?p=3276\" class=\"_self pt-cv-href-thumbnail pt-cv-thumb-default\" target=\"_self\" ><img loading=\"lazy\" decoding=\"async\" width=\"745\" height=\"491\" src=\"https:\/\/garageblogec.com\/wp-content\/uploads\/2026\/04\/TT.png\" class=\"pt-cv-thumbnail\" alt=\"\" \/><\/a><\/div>\n<div class=\"pt-cv-overlay-wrapper\"><div class=\"pt-cv-taxoterm above_title\"><a href='https:\/\/garageblogec.com\/?cat=27' title='Industria Nacional' class='pt-cv-tax-industria-nacional'>Industria Nacional<\/a><\/div><h4 class=\"pt-cv-title\"><a href=\"https:\/\/garageblogec.com\/?p=3276\" class=\"_self\" target=\"_self\" >Lluvias en Ecuador: C\u00f3mo reducir riesgos en carretera y prevenir accidentes en calzada mojada<\/a><\/h4><div class=\"pt-cv-meta-fields\"><span class=\"entry-date\"> <time datetime=\"2026-04-07T19:46:52+00:00\">abril 7, 2026<\/time><\/span><span> \/ <\/span><span class=\"author\"> <a href=\"https:\/\/garageblogec.com\/?author=6\" rel=\"author\">gabi1212<\/a><\/span><\/div><\/div><\/div><\/div><\/div> <\/div> <style>\n#pt-cv-view-e0gwsff4 .pt-cv-thumb-wrapper::before {background: rgba(0,0,0,.4); opacity: 0.8;}#pt-cv-view-e0gwsff4 .pt-cv-overlay-wrapper {justify-content: center;}\n#pt-cv-view-e0gwsff4 .pt-cv-meta-fields {  }#pt-cv-view-e0gwsff4 .pt-cv-meta-fields * { font-size: 13px; }#pt-cv-view-e0gwsff4 .pt-cv-title a { display: block; }#pt-cv-view-e0gwsff4 .pt-cv-title:not(.pt-cv-titlesm) a { font-weight: 600;text-decoration: none;font-size: 20px; }#pt-cv-view-e0gwsff4 .pt-cv-titlesm a { font-weight: 600;font-size: 18px; }#pt-cv-view-e0gwsff4 .pt-cv-content { font-size: 15px; }#pt-cv-view-e0gwsff4 .pt-cv-rmwrap {  }#pt-cv-view-e0gwsff4 .pt-cv-readmore { color: #fff;background-color: #0075ff;font-size: 14px; }#pt-cv-view-e0gwsff4 .pt-cv-taxoterm { margin: 0px 0px 20px 0px; }#pt-cv-view-e0gwsff4 .pt-cv-taxoterm * { color: #222;background-color: #fff6f6;font-size: 14px; }#pt-cv-view-e0gwsff4 + .pt-cv-pagination-wrapper {  }#pt-cv-view-e0gwsff4 + .pt-cv-pagination-wrapper a { font-size: 14px; }#pt-cv-view-e0gwsff4 > .pt-cv-page {grid-template-columns: repeat(3, 1fr);grid-auto-rows: 250px;grid-gap: 10px;}\n@media all and (max-width: 1024px) { \n#pt-cv-view-e0gwsff4 > .pt-cv-page {}\n} \n@media all and (max-width: 767px) { \n#pt-cv-view-e0gwsff4 > .pt-cv-page {grid-template-columns: repeat(1, 1fr);}\n} <\/style>","protected":false},"excerpt":{"rendered":"<p>Teojama Comercial, empresa ecuatoriana con m\u00e1s de seis d\u00e9cadas de trayectoria en el sector automotriz, anuncia una nueva etapa de crecimiento y diversificaci\u00f3n en su portafolio de marcas. A trav\u00e9s de una alianza estrat\u00e9gica con INCHCAPE, grupo automotriz global con presencia en m\u00e1s de 35 pa\u00edses, Teojama Comercial se convierte en el concesionario autorizado de [&hellip;]<\/p>\n","protected":false},"author":6,"featured_media":2842,"comment_status":"open","ping_status":"open","sticky":false,"template":"","format":"standard","meta":{"_jetpack_memberships_contains_paid_content":false,"footnotes":""},"categories":[27],"tags":[],"class_list":["post-2839","post","type-post","status-publish","format-standard","has-post-thumbnail","hentry","category-industria-nacional"],"yoast_head":"<!-- This site is optimized with the Yoast SEO plugin v27.5 - https:\/\/yoast.com\/product\/yoast-seo-wordpress\/ -->\n<title>Teojama Comercial consolida su presencia en la zona costa con la representaci\u00f3n oficial de Mercedes-Benz, Subaru y Smart - Garage Blog Ecuador<\/title>\n<meta name=\"robots\" content=\"index, follow, max-snippet:-1, max-image-preview:large, max-video-preview:-1\" \/>\n<link rel=\"canonical\" href=\"https:\/\/garageblogec.com\/?p=2839\" \/>\n<meta property=\"og:locale\" content=\"es_ES\" \/>\n<meta property=\"og:type\" content=\"article\" \/>\n<meta property=\"og:title\" content=\"Teojama Comercial consolida su presencia en la zona costa con la representaci\u00f3n oficial de Mercedes-Benz, Subaru y Smart - Garage Blog Ecuador\" \/>\n<meta property=\"og:description\" content=\"Teojama Comercial, empresa ecuatoriana con m\u00e1s de seis d\u00e9cadas de trayectoria en el sector automotriz, anuncia una nueva etapa de crecimiento y diversificaci\u00f3n en su portafolio de marcas. A trav\u00e9s de una alianza estrat\u00e9gica con INCHCAPE, grupo automotriz global con presencia en m\u00e1s de 35 pa\u00edses, Teojama Comercial se convierte en el concesionario autorizado de [&hellip;]\" \/>\n<meta property=\"og:url\" content=\"https:\/\/garageblogec.com\/?p=2839\" \/>\n<meta property=\"og:site_name\" content=\"Garage Blog Ecuador\" \/>\n<meta property=\"article:published_time\" content=\"2025-11-28T20:20:24+00:00\" \/>\n<meta property=\"article:modified_time\" content=\"2025-11-28T20:20:29+00:00\" \/>\n<meta property=\"og:image\" content=\"https:\/\/garageblogec.com\/wp-content\/uploads\/2025\/11\/WhatsApp-Image-2025-11-28-at-2.51.19-PM.jpeg\" \/>\n\t<meta property=\"og:image:width\" content=\"1600\" \/>\n\t<meta property=\"og:image:height\" content=\"1064\" \/>\n\t<meta property=\"og:image:type\" content=\"image\/jpeg\" \/>\n<meta name=\"author\" content=\"gabi1212\" \/>\n<meta name=\"twitter:card\" content=\"summary_large_image\" \/>\n<meta name=\"twitter:label1\" content=\"Escrito por\" \/>\n\t<meta name=\"twitter:data1\" content=\"gabi1212\" \/>\n\t<meta name=\"twitter:label2\" content=\"Tiempo de lectura\" \/>\n\t<meta name=\"twitter:data2\" content=\"3 minutos\" \/>\n<script type=\"application\/ld+json\" class=\"yoast-schema-graph\">{\"@context\":\"https:\\\/\\\/schema.org\",\"@graph\":[{\"@type\":\"Article\",\"@id\":\"https:\\\/\\\/garageblogec.com\\\/?p=2839#article\",\"isPartOf\":{\"@id\":\"https:\\\/\\\/garageblogec.com\\\/?p=2839\"},\"author\":{\"name\":\"gabi1212\",\"@id\":\"https:\\\/\\\/garageblogec.com\\\/#\\\/schema\\\/person\\\/635f4b76c0cb3e43b82fe6f7d8bcceea\"},\"headline\":\"Teojama Comercial consolida su presencia en la zona costa con la representaci\u00f3n oficial de Mercedes-Benz, Subaru y Smart\",\"datePublished\":\"2025-11-28T20:20:24+00:00\",\"dateModified\":\"2025-11-28T20:20:29+00:00\",\"mainEntityOfPage\":{\"@id\":\"https:\\\/\\\/garageblogec.com\\\/?p=2839\"},\"wordCount\":400,\"commentCount\":0,\"publisher\":{\"@id\":\"https:\\\/\\\/garageblogec.com\\\/#organization\"},\"image\":{\"@id\":\"https:\\\/\\\/garageblogec.com\\\/?p=2839#primaryimage\"},\"thumbnailUrl\":\"https:\\\/\\\/garageblogec.com\\\/wp-content\\\/uploads\\\/2025\\\/11\\\/WhatsApp-Image-2025-11-28-at-2.51.19-PM.jpeg\",\"articleSection\":[\"Industria Nacional\"],\"inLanguage\":\"es\",\"potentialAction\":[{\"@type\":\"CommentAction\",\"name\":\"Comment\",\"target\":[\"https:\\\/\\\/garageblogec.com\\\/?p=2839#respond\"]}]},{\"@type\":\"WebPage\",\"@id\":\"https:\\\/\\\/garageblogec.com\\\/?p=2839\",\"url\":\"https:\\\/\\\/garageblogec.com\\\/?p=2839\",\"name\":\"Teojama Comercial consolida su presencia en la zona costa con la representaci\u00f3n oficial de Mercedes-Benz, Subaru y Smart - Garage Blog Ecuador\",\"isPartOf\":{\"@id\":\"https:\\\/\\\/garageblogec.com\\\/#website\"},\"primaryImageOfPage\":{\"@id\":\"https:\\\/\\\/garageblogec.com\\\/?p=2839#primaryimage\"},\"image\":{\"@id\":\"https:\\\/\\\/garageblogec.com\\\/?p=2839#primaryimage\"},\"thumbnailUrl\":\"https:\\\/\\\/garageblogec.com\\\/wp-content\\\/uploads\\\/2025\\\/11\\\/WhatsApp-Image-2025-11-28-at-2.51.19-PM.jpeg\",\"datePublished\":\"2025-11-28T20:20:24+00:00\",\"dateModified\":\"2025-11-28T20:20:29+00:00\",\"breadcrumb\":{\"@id\":\"https:\\\/\\\/garageblogec.com\\\/?p=2839#breadcrumb\"},\"inLanguage\":\"es\",\"potentialAction\":[{\"@type\":\"ReadAction\",\"target\":[\"https:\\\/\\\/garageblogec.com\\\/?p=2839\"]}]},{\"@type\":\"ImageObject\",\"inLanguage\":\"es\",\"@id\":\"https:\\\/\\\/garageblogec.com\\\/?p=2839#primaryimage\",\"url\":\"https:\\\/\\\/garageblogec.com\\\/wp-content\\\/uploads\\\/2025\\\/11\\\/WhatsApp-Image-2025-11-28-at-2.51.19-PM.jpeg\",\"contentUrl\":\"https:\\\/\\\/garageblogec.com\\\/wp-content\\\/uploads\\\/2025\\\/11\\\/WhatsApp-Image-2025-11-28-at-2.51.19-PM.jpeg\",\"width\":1600,\"height\":1064},{\"@type\":\"BreadcrumbList\",\"@id\":\"https:\\\/\\\/garageblogec.com\\\/?p=2839#breadcrumb\",\"itemListElement\":[{\"@type\":\"ListItem\",\"position\":1,\"name\":\"Portada\",\"item\":\"https:\\\/\\\/garageblogec.com\\\/\"},{\"@type\":\"ListItem\",\"position\":2,\"name\":\"Teojama Comercial consolida su presencia en la zona costa con la representaci\u00f3n oficial de Mercedes-Benz, Subaru y Smart\"}]},{\"@type\":\"WebSite\",\"@id\":\"https:\\\/\\\/garageblogec.com\\\/#website\",\"url\":\"https:\\\/\\\/garageblogec.com\\\/\",\"name\":\"Garage Blog Ecuador\",\"description\":\"Alucinamos por los autos \",\"publisher\":{\"@id\":\"https:\\\/\\\/garageblogec.com\\\/#organization\"},\"potentialAction\":[{\"@type\":\"SearchAction\",\"target\":{\"@type\":\"EntryPoint\",\"urlTemplate\":\"https:\\\/\\\/garageblogec.com\\\/?s={search_term_string}\"},\"query-input\":{\"@type\":\"PropertyValueSpecification\",\"valueRequired\":true,\"valueName\":\"search_term_string\"}}],\"inLanguage\":\"es\"},{\"@type\":\"Organization\",\"@id\":\"https:\\\/\\\/garageblogec.com\\\/#organization\",\"name\":\"Garage Blog Ecuador\",\"url\":\"https:\\\/\\\/garageblogec.com\\\/\",\"logo\":{\"@type\":\"ImageObject\",\"inLanguage\":\"es\",\"@id\":\"https:\\\/\\\/garageblogec.com\\\/#\\\/schema\\\/logo\\\/image\\\/\",\"url\":\"https:\\\/\\\/garageblogec.com\\\/wp-content\\\/uploads\\\/2024\\\/02\\\/cropped-logo-png-para-blog.webp\",\"contentUrl\":\"https:\\\/\\\/garageblogec.com\\\/wp-content\\\/uploads\\\/2024\\\/02\\\/cropped-logo-png-para-blog.webp\",\"width\":840,\"height\":556,\"caption\":\"Garage Blog Ecuador \"},\"image\":{\"@id\":\"https:\\\/\\\/garageblogec.com\\\/#\\\/schema\\\/logo\\\/image\\\/\"}},{\"@type\":\"Person\",\"@id\":\"https:\\\/\\\/garageblogec.com\\\/#\\\/schema\\\/person\\\/635f4b76c0cb3e43b82fe6f7d8bcceea\",\"name\":\"gabi1212\",\"image\":{\"@type\":\"ImageObject\",\"inLanguage\":\"es\",\"@id\":\"https:\\\/\\\/secure.gravatar.com\\\/avatar\\\/6aa491f45cb359d4d6dd8c430e83f78899c80569c27d21156e19bbdcd31d1811?s=96&d=mm&r=g\",\"url\":\"https:\\\/\\\/secure.gravatar.com\\\/avatar\\\/6aa491f45cb359d4d6dd8c430e83f78899c80569c27d21156e19bbdcd31d1811?s=96&d=mm&r=g\",\"contentUrl\":\"https:\\\/\\\/secure.gravatar.com\\\/avatar\\\/6aa491f45cb359d4d6dd8c430e83f78899c80569c27d21156e19bbdcd31d1811?s=96&d=mm&r=g\",\"caption\":\"gabi1212\"},\"url\":\"https:\\\/\\\/garageblogec.com\\\/?author=6\"}]}<\/script>\n<!-- \/ Yoast SEO plugin. -->","yoast_head_json":{"title":"Teojama Comercial consolida su presencia en la zona costa con la representaci\u00f3n oficial de Mercedes-Benz, Subaru y Smart - Garage Blog Ecuador","robots":{"index":"index","follow":"follow","max-snippet":"max-snippet:-1","max-image-preview":"max-image-preview:large","max-video-preview":"max-video-preview:-1"},"canonical":"https:\/\/garageblogec.com\/?p=2839","og_locale":"es_ES","og_type":"article","og_title":"Teojama Comercial consolida su presencia en la zona costa con la representaci\u00f3n oficial de Mercedes-Benz, Subaru y Smart - Garage Blog Ecuador","og_description":"Teojama Comercial, empresa ecuatoriana con m\u00e1s de seis d\u00e9cadas de trayectoria en el sector automotriz, anuncia una nueva etapa de crecimiento y diversificaci\u00f3n en su portafolio de marcas. A trav\u00e9s de una alianza estrat\u00e9gica con INCHCAPE, grupo automotriz global con presencia en m\u00e1s de 35 pa\u00edses, Teojama Comercial se convierte en el concesionario autorizado de [&hellip;]","og_url":"https:\/\/garageblogec.com\/?p=2839","og_site_name":"Garage Blog Ecuador","article_published_time":"2025-11-28T20:20:24+00:00","article_modified_time":"2025-11-28T20:20:29+00:00","og_image":[{"width":1600,"height":1064,"url":"https:\/\/garageblogec.com\/wp-content\/uploads\/2025\/11\/WhatsApp-Image-2025-11-28-at-2.51.19-PM.jpeg","type":"image\/jpeg"}],"author":"gabi1212","twitter_card":"summary_large_image","twitter_misc":{"Escrito por":"gabi1212","Tiempo de lectura":"3 minutos"},"schema":{"@context":"https:\/\/schema.org","@graph":[{"@type":"Article","@id":"https:\/\/garageblogec.com\/?p=2839#article","isPartOf":{"@id":"https:\/\/garageblogec.com\/?p=2839"},"author":{"name":"gabi1212","@id":"https:\/\/garageblogec.com\/#\/schema\/person\/635f4b76c0cb3e43b82fe6f7d8bcceea"},"headline":"Teojama Comercial consolida su presencia en la zona costa con la representaci\u00f3n oficial de Mercedes-Benz, Subaru y Smart","datePublished":"2025-11-28T20:20:24+00:00","dateModified":"2025-11-28T20:20:29+00:00","mainEntityOfPage":{"@id":"https:\/\/garageblogec.com\/?p=2839"},"wordCount":400,"commentCount":0,"publisher":{"@id":"https:\/\/garageblogec.com\/#organization"},"image":{"@id":"https:\/\/garageblogec.com\/?p=2839#primaryimage"},"thumbnailUrl":"https:\/\/garageblogec.com\/wp-content\/uploads\/2025\/11\/WhatsApp-Image-2025-11-28-at-2.51.19-PM.jpeg","articleSection":["Industria Nacional"],"inLanguage":"es","potentialAction":[{"@type":"CommentAction","name":"Comment","target":["https:\/\/garageblogec.com\/?p=2839#respond"]}]},{"@type":"WebPage","@id":"https:\/\/garageblogec.com\/?p=2839","url":"https:\/\/garageblogec.com\/?p=2839","name":"Teojama Comercial consolida su presencia en la zona costa con la representaci\u00f3n oficial de Mercedes-Benz, Subaru y Smart - Garage Blog Ecuador","isPartOf":{"@id":"https:\/\/garageblogec.com\/#website"},"primaryImageOfPage":{"@id":"https:\/\/garageblogec.com\/?p=2839#primaryimage"},"image":{"@id":"https:\/\/garageblogec.com\/?p=2839#primaryimage"},"thumbnailUrl":"https:\/\/garageblogec.com\/wp-content\/uploads\/2025\/11\/WhatsApp-Image-2025-11-28-at-2.51.19-PM.jpeg","datePublished":"2025-11-28T20:20:24+00:00","dateModified":"2025-11-28T20:20:29+00:00","breadcrumb":{"@id":"https:\/\/garageblogec.com\/?p=2839#breadcrumb"},"inLanguage":"es","potentialAction":[{"@type":"ReadAction","target":["https:\/\/garageblogec.com\/?p=2839"]}]},{"@type":"ImageObject","inLanguage":"es","@id":"https:\/\/garageblogec.com\/?p=2839#primaryimage","url":"https:\/\/garageblogec.com\/wp-content\/uploads\/2025\/11\/WhatsApp-Image-2025-11-28-at-2.51.19-PM.jpeg","contentUrl":"https:\/\/garageblogec.com\/wp-content\/uploads\/2025\/11\/WhatsApp-Image-2025-11-28-at-2.51.19-PM.jpeg","width":1600,"height":1064},{"@type":"BreadcrumbList","@id":"https:\/\/garageblogec.com\/?p=2839#breadcrumb","itemListElement":[{"@type":"ListItem","position":1,"name":"Portada","item":"https:\/\/garageblogec.com\/"},{"@type":"ListItem","position":2,"name":"Teojama Comercial consolida su presencia en la zona costa con la representaci\u00f3n oficial de Mercedes-Benz, Subaru y Smart"}]},{"@type":"WebSite","@id":"https:\/\/garageblogec.com\/#website","url":"https:\/\/garageblogec.com\/","name":"Garage Blog Ecuador","description":"Alucinamos por los autos ","publisher":{"@id":"https:\/\/garageblogec.com\/#organization"},"potentialAction":[{"@type":"SearchAction","target":{"@type":"EntryPoint","urlTemplate":"https:\/\/garageblogec.com\/?s={search_term_string}"},"query-input":{"@type":"PropertyValueSpecification","valueRequired":true,"valueName":"search_term_string"}}],"inLanguage":"es"},{"@type":"Organization","@id":"https:\/\/garageblogec.com\/#organization","name":"Garage Blog Ecuador","url":"https:\/\/garageblogec.com\/","logo":{"@type":"ImageObject","inLanguage":"es","@id":"https:\/\/garageblogec.com\/#\/schema\/logo\/image\/","url":"https:\/\/garageblogec.com\/wp-content\/uploads\/2024\/02\/cropped-logo-png-para-blog.webp","contentUrl":"https:\/\/garageblogec.com\/wp-content\/uploads\/2024\/02\/cropped-logo-png-para-blog.webp","width":840,"height":556,"caption":"Garage Blog Ecuador "},"image":{"@id":"https:\/\/garageblogec.com\/#\/schema\/logo\/image\/"}},{"@type":"Person","@id":"https:\/\/garageblogec.com\/#\/schema\/person\/635f4b76c0cb3e43b82fe6f7d8bcceea","name":"gabi1212","image":{"@type":"ImageObject","inLanguage":"es","@id":"https:\/\/secure.gravatar.com\/avatar\/6aa491f45cb359d4d6dd8c430e83f78899c80569c27d21156e19bbdcd31d1811?s=96&d=mm&r=g","url":"https:\/\/secure.gravatar.com\/avatar\/6aa491f45cb359d4d6dd8c430e83f78899c80569c27d21156e19bbdcd31d1811?s=96&d=mm&r=g","contentUrl":"https:\/\/secure.gravatar.com\/avatar\/6aa491f45cb359d4d6dd8c430e83f78899c80569c27d21156e19bbdcd31d1811?s=96&d=mm&r=g","caption":"gabi1212"},"url":"https:\/\/garageblogec.com\/?author=6"}]}},"jetpack_featured_media_url":"https:\/\/garageblogec.com\/wp-content\/uploads\/2025\/11\/WhatsApp-Image-2025-11-28-at-2.51.19-PM.jpeg","jetpack_sharing_enabled":true,"_links":{"self":[{"href":"https:\/\/garageblogec.com\/index.php?rest_route=\/wp\/v2\/posts\/2839","targetHints":{"allow":["GET"]}}],"collection":[{"href":"https:\/\/garageblogec.com\/index.php?rest_route=\/wp\/v2\/posts"}],"about":[{"href":"https:\/\/garageblogec.com\/index.php?rest_route=\/wp\/v2\/types\/post"}],"author":[{"embeddable":true,"href":"https:\/\/garageblogec.com\/index.php?rest_route=\/wp\/v2\/users\/6"}],"replies":[{"embeddable":true,"href":"https:\/\/garageblogec.com\/index.php?rest_route=%2Fwp%2Fv2%2Fcomments&post=2839"}],"version-history":[{"count":1,"href":"https:\/\/garageblogec.com\/index.php?rest_route=\/wp\/v2\/posts\/2839\/revisions"}],"predecessor-version":[{"id":2844,"href":"https:\/\/garageblogec.com\/index.php?rest_route=\/wp\/v2\/posts\/2839\/revisions\/2844"}],"wp:featuredmedia":[{"embeddable":true,"href":"https:\/\/garageblogec.com\/index.php?rest_route=\/wp\/v2\/media\/2842"}],"wp:attachment":[{"href":"https:\/\/garageblogec.com\/index.php?rest_route=%2Fwp%2Fv2%2Fmedia&parent=2839"}],"wp:term":[{"taxonomy":"category","embeddable":true,"href":"https:\/\/garageblogec.com\/index.php?rest_route=%2Fwp%2Fv2%2Fcategories&post=2839"},{"taxonomy":"post_tag","embeddable":true,"href":"https:\/\/garageblogec.com\/index.php?rest_route=%2Fwp%2Fv2%2Ftags&post=2839"}],"curies":[{"name":"wp","href":"https:\/\/api.w.org\/{rel}","templated":true}]}}