{"id":2808,"date":"2025-11-20T21:36:29","date_gmt":"2025-11-20T21:36:29","guid":{"rendered":"https:\/\/garageblogec.com\/?p=2808"},"modified":"2025-11-20T21:36:35","modified_gmt":"2025-11-20T21:36:35","slug":"planificar-ahorrar-y-cumplir-asi-estan-comprando-su-primer-auto-los-ecuatorianos","status":"publish","type":"post","link":"https:\/\/garageblogec.com\/?p=2808","title":{"rendered":"PLANIFICAR, AHORRAR Y CUMPLIR: AS\u00cd EST\u00c1N COMPRANDO SU PRIMER AUTO LOS ECUATORIANOS"},"content":{"rendered":"\n<p>Adquirir el primer veh\u00edculo propio sigue siendo uno de los hitos m\u00e1s importantes para miles de ecuatorianos. Sin embargo, el acceso al cr\u00e9dito tradicional, los altos intereses y los requisitos bancarios se han convertido en barreras que postergan ese sue\u00f1o. Frente a ello, la compra programada se consolida como una opci\u00f3n segura, planificada y libre de intereses, especialmente atractiva para quienes buscan comprar su primer auto con orden y respaldo.<\/p>\n\n\n\n<figure class=\"wp-block-image size-large\"><img fetchpriority=\"high\" decoding=\"async\" width=\"1024\" height=\"683\" src=\"https:\/\/garageblogec.com\/wp-content\/uploads\/2025\/11\/1-1-1-1024x683.jpg\" alt=\"\" class=\"wp-image-2809\" srcset=\"https:\/\/garageblogec.com\/wp-content\/uploads\/2025\/11\/1-1-1-1024x683.jpg 1024w, https:\/\/garageblogec.com\/wp-content\/uploads\/2025\/11\/1-1-1-300x200.jpg 300w, https:\/\/garageblogec.com\/wp-content\/uploads\/2025\/11\/1-1-1-768x512.jpg 768w, https:\/\/garageblogec.com\/wp-content\/uploads\/2025\/11\/1-1-1.jpg 1280w\" sizes=\"(max-width: 1024px) 100vw, 1024px\" \/><\/figure>\n\n\n\n<p>De acuerdo con la C\u00e1mara Ecuatoriana de Empresas de Compra Programada (AECOP), este sistema ha mostrado un crecimiento sostenido: hasta octubre 2025 se firmaron 10.048 contratos, un 12 % m\u00e1s que el mismo periodo del a\u00f1o anterior. En el mismo periodo las empresas de AECOP entregaron 4.693 veh\u00edculos, 5% m\u00e1s que en el mismo periodo del a\u00f1o 2024. Desde 2015, las empresas afiliadas han entregado 64.433 veh\u00edculos, demostrando la confianza creciente de los consumidores en esta modalidad.<\/p>\n\n\n\n<p><strong>\u00bfC\u00f3mo funciona la compra programada?<\/strong><\/p>\n\n\n\n<p>El sistema re\u00fane a grupos de personas con un objetivo com\u00fan \u2014por ejemplo, adquirir un auto nuevo\u2014 que aportan mensualmente a un fondo com\u00fan administrado por una empresa autorizada y regulada por la Superintendencia de Compa\u00f1\u00edas.<\/p>\n\n\n\n<p>Cada mes se adjudican veh\u00edculos mediante diversos mecanismos, lo que permite obtener el bien sin pagar intereses sobre el capital.<\/p>\n\n\n\n<p>Es importante resaltar que el Reglamento publicado en el Registro Oficial N. 586 de junio de 2024, las empresas deben acreditar un capital y un patrimonio m\u00ednimos de USD 300.000, fortaleciendo la protecci\u00f3n al consumidor y garantizando la entrega de los bienes en plazos m\u00e1ximos de 60 d\u00edas tras la adjudicaci\u00f3n.<\/p>\n\n\n\n<figure class=\"wp-block-image size-large\"><img decoding=\"async\" width=\"1024\" height=\"709\" src=\"https:\/\/garageblogec.com\/wp-content\/uploads\/2025\/11\/2-1-1-1024x709.jpg\" alt=\"\" class=\"wp-image-2810\" srcset=\"https:\/\/garageblogec.com\/wp-content\/uploads\/2025\/11\/2-1-1-1024x709.jpg 1024w, https:\/\/garageblogec.com\/wp-content\/uploads\/2025\/11\/2-1-1-300x208.jpg 300w, https:\/\/garageblogec.com\/wp-content\/uploads\/2025\/11\/2-1-1-768x532.jpg 768w, https:\/\/garageblogec.com\/wp-content\/uploads\/2025\/11\/2-1-1.jpg 1280w\" sizes=\"(max-width: 1024px) 100vw, 1024px\" \/><\/figure>\n\n\n\n<p><strong>La oportunidad de comprar el primer auto con planificaci\u00f3n<\/strong><\/p>\n\n\n\n<p>Para muchos j\u00f3venes profesionales o familias en crecimiento, la compra programada se ha convertido en una forma de convertir el ahorro en patrimonio.<\/p>\n\n\n\n<p><em>\u201cEste sistema fomenta disciplina financiera, permite planificar a mediano plazo y acceder a un veh\u00edculo nuevo sin endeudarse con intereses bancarios. Es ideal para quienes desean comprar su primer auto de manera ordenada y segura\u201d<\/em>, explica Mauricio Pe\u00f1a, Director Ejecutivo de AECOP.<\/p>\n\n\n\n<p>Seg\u00fan estimaciones del sector automotor, en Ecuador se comercializan anualmente m\u00e1s de 130.000 veh\u00edculos nuevos, y cerca de un 5 % de esas ventas ya se realiza a trav\u00e9s de la compra programada. Este porcentaje, aunque a\u00fan peque\u00f1o, refleja una tendencia al alza entre consumidores que priorizan el ahorro y la estabilidad financiera.<\/p>\n\n\n\n<figure class=\"wp-block-image size-large\"><img decoding=\"async\" width=\"1280\" height=\"854\" src=\"https:\/\/garageblogec.com\/wp-content\/uploads\/2025\/11\/3-1024x683.jpg\" alt=\"\" class=\"wp-image-2811\" srcset=\"https:\/\/garageblogec.com\/wp-content\/uploads\/2025\/11\/3-1024x683.jpg 1024w, https:\/\/garageblogec.com\/wp-content\/uploads\/2025\/11\/3-300x200.jpg 300w, https:\/\/garageblogec.com\/wp-content\/uploads\/2025\/11\/3-768x512.jpg 768w, https:\/\/garageblogec.com\/wp-content\/uploads\/2025\/11\/3.jpg 1280w\" sizes=\"(max-width: 1280px) 100vw, 1280px\" \/><\/figure>\n\n\n\n<p>Aunque no existen a\u00fan datos p\u00fablicos del INEC o la AEADE que detallen la intenci\u00f3n de compra por edad, las empresas del sector identifican un creciente inter\u00e9s entre los 25 y 40 a\u00f1os, rango donde se concentran los compradores de primer veh\u00edculo. Este grupo busca independencia, movilidad y soluciones financieras menos restrictivas que el cr\u00e9dito bancario.<\/p>\n\n\n\n<p>En 2024, el parque automotor del pa\u00eds alcanz\u00f3 los 3,13 millones de veh\u00edculos matriculados, con un incremento del 2 % anual, lo que evidencia el dinamismo del mercado y la relevancia de ofrecer opciones que impulsen el acceso responsable al autom\u00f3vil nuevo.<\/p>\n\n\n\n<p>En este sentido, la compra programada no solo dinamiza el sector automotriz, sino que tambi\u00e9n impulsa la educaci\u00f3n financiera. Al no depender de tasas de inter\u00e9s variables, permite a los usuarios planificar con certeza, estableciendo cuotas fijas y transparentes.<\/p>\n\n\n\n<p>Para muchos ecuatorianos, esta modalidad representa m\u00e1s que una forma de financiamiento: es una herramienta para cumplir metas personales y acceder a su primer veh\u00edculo con respaldo, seguridad y visi\u00f3n de futuro.<\/p>\n\n\n<div class='pt-cv-wrapper'> <h3 class='pt-cv-heading-container heading1' data-blockid='kpnlp4tt'><span class='pt-cv-heading'> Overlay1 <\/span><\/h3><div class=\"pt-cv-view pt-cv-overlaygrid iscvblock iscvreal overlay1 layout1\" id=\"pt-cv-view-kpnlp4tt\"><div data-id=\"pt-cv-page-1\" class=\"pt-cv-page\" data-cvc=\"3\"><div class=\" pt-cv-content-item pt-cv-1-col\" ><div class=\"pt-cv-thumb-wrapper  \"><a href=\"https:\/\/garageblogec.com\/?p=3303\" class=\"_self pt-cv-href-thumbnail pt-cv-thumb-default\" target=\"_self\" ><img loading=\"lazy\" decoding=\"async\" width=\"768\" height=\"432\" src=\"https:\/\/garageblogec.com\/wp-content\/uploads\/2026\/04\/WhatsApp-Image-2026-04-21-at-1.52.53-PM-768x432.jpeg\" class=\"pt-cv-thumbnail\" alt=\"\" \/><\/a><\/div>\n<div class=\"pt-cv-overlay-wrapper\"><div class=\"pt-cv-taxoterm above_title\"><a href='https:\/\/garageblogec.com\/?cat=27' title='Industria Nacional' class='pt-cv-tax-industria-nacional'>Industria Nacional<\/a><\/div><h4 class=\"pt-cv-title\"><a href=\"https:\/\/garageblogec.com\/?p=3303\" class=\"_self\" target=\"_self\" >Grupo Ambacar presenta en Guayaquil KGM, su nueva marca de SUV h\u00edbridos con respaldo global<\/a><\/h4><div class=\"pt-cv-meta-fields\"><span class=\"entry-date\"> <time datetime=\"2026-04-21T21:37:24+00:00\">abril 21, 2026<\/time><\/span><span> \/ <\/span><span class=\"author\"> <a href=\"https:\/\/garageblogec.com\/?author=6\" rel=\"author\">gabi1212<\/a><\/span><\/div><\/div><\/div>\n<div class=\" pt-cv-content-item pt-cv-1-col\" ><div class=\"pt-cv-thumb-wrapper  \"><a href=\"https:\/\/garageblogec.com\/?p=3296\" class=\"_self pt-cv-href-thumbnail pt-cv-thumb-default\" target=\"_self\" ><img loading=\"lazy\" decoding=\"async\" width=\"768\" height=\"432\" src=\"https:\/\/garageblogec.com\/wp-content\/uploads\/2026\/04\/WhatsApp-Image-2026-04-14-at-3.15.09-PM-768x432.jpeg\" class=\"pt-cv-thumbnail\" alt=\"\" \/><\/a><\/div>\n<div class=\"pt-cv-overlay-wrapper\"><div class=\"pt-cv-taxoterm above_title\"><a href='https:\/\/garageblogec.com\/?cat=27' title='Industria Nacional' class='pt-cv-tax-industria-nacional'>Industria Nacional<\/a><\/div><h4 class=\"pt-cv-title\"><a href=\"https:\/\/garageblogec.com\/?p=3296\" class=\"_self\" target=\"_self\" >El tablero desapareci\u00f3, ahora el auto es una pantalla inteligente<\/a><\/h4><div class=\"pt-cv-meta-fields\"><span class=\"entry-date\"> <time datetime=\"2026-04-14T20:21:20+00:00\">abril 14, 2026<\/time><\/span><span> \/ <\/span><span class=\"author\"> <a href=\"https:\/\/garageblogec.com\/?author=6\" rel=\"author\">gabi1212<\/a><\/span><\/div><\/div><\/div>\n<div class=\" pt-cv-content-item pt-cv-1-col\" ><div class=\"pt-cv-thumb-wrapper  \"><a href=\"https:\/\/garageblogec.com\/?p=3291\" class=\"_self pt-cv-href-thumbnail pt-cv-thumb-default\" target=\"_self\" ><img loading=\"lazy\" decoding=\"async\" width=\"768\" height=\"432\" src=\"https:\/\/garageblogec.com\/wp-content\/uploads\/2026\/04\/WhatsApp-Image-2026-04-14-at-2.21.27-PM-768x432.jpeg\" class=\"pt-cv-thumbnail\" alt=\"\" \/><\/a><\/div>\n<div class=\"pt-cv-overlay-wrapper\"><div class=\"pt-cv-taxoterm above_title\"><a href='https:\/\/garageblogec.com\/?cat=27' title='Industria Nacional' class='pt-cv-tax-industria-nacional'>Industria Nacional<\/a><\/div><h4 class=\"pt-cv-title\"><a href=\"https:\/\/garageblogec.com\/?p=3291\" class=\"_self\" target=\"_self\" >Seguridad al volante en Ecuador: los errores m\u00e1s comunes que cometen los conductores<\/a><\/h4><div class=\"pt-cv-meta-fields\"><span class=\"entry-date\"> <time datetime=\"2026-04-14T20:08:54+00:00\">abril 14, 2026<\/time><\/span><span> \/ <\/span><span class=\"author\"> <a href=\"https:\/\/garageblogec.com\/?author=6\" rel=\"author\">gabi1212<\/a><\/span><\/div><\/div><\/div>\n<div class=\" pt-cv-content-item pt-cv-1-col\" ><div class=\"pt-cv-thumb-wrapper  \"><a href=\"https:\/\/garageblogec.com\/?p=3286\" class=\"_self pt-cv-href-thumbnail pt-cv-thumb-default\" target=\"_self\" ><img loading=\"lazy\" decoding=\"async\" width=\"768\" height=\"492\" src=\"https:\/\/garageblogec.com\/wp-content\/uploads\/2026\/04\/Posventa.jpg-768x492.jpeg\" class=\"pt-cv-thumbnail\" alt=\"\" \/><\/a><\/div>\n<div class=\"pt-cv-overlay-wrapper\"><div class=\"pt-cv-taxoterm above_title\"><a href='https:\/\/garageblogec.com\/?cat=27' title='Industria Nacional' class='pt-cv-tax-industria-nacional'>Industria Nacional<\/a><\/div><h4 class=\"pt-cv-title\"><a href=\"https:\/\/garageblogec.com\/?p=3286\" class=\"_self\" target=\"_self\" >Clientes Nissan reciben cambios de aceite infinitos<\/a><\/h4><div class=\"pt-cv-meta-fields\"><span class=\"entry-date\"> <time datetime=\"2026-04-14T20:04:08+00:00\">abril 14, 2026<\/time><\/span><span> \/ <\/span><span class=\"author\"> <a href=\"https:\/\/garageblogec.com\/?author=6\" rel=\"author\">gabi1212<\/a><\/span><\/div><\/div><\/div>\n<div class=\" pt-cv-content-item pt-cv-1-col\" ><div class=\"pt-cv-thumb-wrapper  \"><a href=\"https:\/\/garageblogec.com\/?p=3280\" class=\"_self pt-cv-href-thumbnail pt-cv-thumb-default\" target=\"_self\" ><img loading=\"lazy\" decoding=\"async\" width=\"768\" height=\"512\" src=\"https:\/\/garageblogec.com\/wp-content\/uploads\/2026\/04\/foto1-768x512.jpeg\" class=\"pt-cv-thumbnail\" alt=\"\" \/><\/a><\/div>\n<div class=\"pt-cv-overlay-wrapper\"><div class=\"pt-cv-taxoterm above_title\"><a href='https:\/\/garageblogec.com\/?cat=27' title='Industria Nacional' class='pt-cv-tax-industria-nacional'>Industria Nacional<\/a><\/div><h4 class=\"pt-cv-title\"><a href=\"https:\/\/garageblogec.com\/?p=3280\" class=\"_self\" target=\"_self\" >Movilidad como inversi\u00f3n: el uso de utilidades que crece en Ecuador<\/a><\/h4><div class=\"pt-cv-meta-fields\"><span class=\"entry-date\"> <time datetime=\"2026-04-07T19:55:36+00:00\">abril 7, 2026<\/time><\/span><span> \/ <\/span><span class=\"author\"> <a href=\"https:\/\/garageblogec.com\/?author=6\" rel=\"author\">gabi1212<\/a><\/span><\/div><\/div><\/div>\n<div class=\" pt-cv-content-item pt-cv-1-col\" ><div class=\"pt-cv-thumb-wrapper  \"><a href=\"https:\/\/garageblogec.com\/?p=3276\" class=\"_self pt-cv-href-thumbnail pt-cv-thumb-default\" target=\"_self\" ><img loading=\"lazy\" decoding=\"async\" width=\"745\" height=\"491\" src=\"https:\/\/garageblogec.com\/wp-content\/uploads\/2026\/04\/TT.png\" class=\"pt-cv-thumbnail\" alt=\"\" \/><\/a><\/div>\n<div class=\"pt-cv-overlay-wrapper\"><div class=\"pt-cv-taxoterm above_title\"><a href='https:\/\/garageblogec.com\/?cat=27' title='Industria Nacional' class='pt-cv-tax-industria-nacional'>Industria Nacional<\/a><\/div><h4 class=\"pt-cv-title\"><a href=\"https:\/\/garageblogec.com\/?p=3276\" class=\"_self\" target=\"_self\" >Lluvias en Ecuador: C\u00f3mo reducir riesgos en carretera y prevenir accidentes en calzada mojada<\/a><\/h4><div class=\"pt-cv-meta-fields\"><span class=\"entry-date\"> <time datetime=\"2026-04-07T19:46:52+00:00\">abril 7, 2026<\/time><\/span><span> \/ <\/span><span class=\"author\"> <a href=\"https:\/\/garageblogec.com\/?author=6\" rel=\"author\">gabi1212<\/a><\/span><\/div><\/div><\/div><\/div><\/div> <\/div> <style>\n#pt-cv-view-kpnlp4tt .pt-cv-thumb-wrapper::before {background: rgba(0,0,0,.4); opacity: 0.8;}#pt-cv-view-kpnlp4tt .pt-cv-overlay-wrapper {justify-content: center;}\n#pt-cv-view-kpnlp4tt .pt-cv-meta-fields {  }#pt-cv-view-kpnlp4tt .pt-cv-meta-fields * { font-size: 13px; }#pt-cv-view-kpnlp4tt .pt-cv-title a { display: block; }#pt-cv-view-kpnlp4tt .pt-cv-title:not(.pt-cv-titlesm) a { font-weight: 600;text-decoration: none;font-size: 20px; }#pt-cv-view-kpnlp4tt .pt-cv-titlesm a { font-weight: 600;font-size: 18px; }#pt-cv-view-kpnlp4tt .pt-cv-content { font-size: 15px; }#pt-cv-view-kpnlp4tt .pt-cv-rmwrap {  }#pt-cv-view-kpnlp4tt .pt-cv-readmore { color: #fff;background-color: #0075ff;font-size: 14px; }#pt-cv-view-kpnlp4tt .pt-cv-taxoterm { margin: 0px 0px 20px 0px; }#pt-cv-view-kpnlp4tt .pt-cv-taxoterm * { color: #222;background-color: #fff6f6;font-size: 14px; }#pt-cv-view-kpnlp4tt + .pt-cv-pagination-wrapper {  }#pt-cv-view-kpnlp4tt + .pt-cv-pagination-wrapper a { font-size: 14px; }#pt-cv-view-kpnlp4tt > .pt-cv-page {grid-template-columns: repeat(3, 1fr);grid-auto-rows: 250px;grid-gap: 10px;}\n@media all and (max-width: 1024px) { \n#pt-cv-view-kpnlp4tt > .pt-cv-page {}\n} \n@media all and (max-width: 767px) { \n#pt-cv-view-kpnlp4tt > .pt-cv-page {grid-template-columns: repeat(1, 1fr);}\n} <\/style>","protected":false},"excerpt":{"rendered":"<p>Adquirir el primer veh\u00edculo propio sigue siendo uno de los hitos m\u00e1s importantes para miles de ecuatorianos. Sin embargo, el acceso al cr\u00e9dito tradicional, los altos intereses y los requisitos bancarios se han convertido en barreras que postergan ese sue\u00f1o. Frente a ello, la compra programada se consolida como una opci\u00f3n segura, planificada y libre [&hellip;]<\/p>\n","protected":false},"author":6,"featured_media":2810,"comment_status":"open","ping_status":"open","sticky":false,"template":"","format":"standard","meta":{"_jetpack_memberships_contains_paid_content":false,"footnotes":""},"categories":[27],"tags":[],"class_list":["post-2808","post","type-post","status-publish","format-standard","has-post-thumbnail","hentry","category-industria-nacional"],"yoast_head":"<!-- This site is optimized with the Yoast SEO plugin v27.5 - https:\/\/yoast.com\/product\/yoast-seo-wordpress\/ -->\n<title>PLANIFICAR, AHORRAR Y CUMPLIR: AS\u00cd EST\u00c1N COMPRANDO SU PRIMER AUTO LOS ECUATORIANOS - Garage Blog Ecuador<\/title>\n<meta name=\"robots\" content=\"index, follow, max-snippet:-1, max-image-preview:large, max-video-preview:-1\" \/>\n<link rel=\"canonical\" href=\"https:\/\/garageblogec.com\/?p=2808\" \/>\n<meta property=\"og:locale\" content=\"es_ES\" \/>\n<meta property=\"og:type\" content=\"article\" \/>\n<meta property=\"og:title\" content=\"PLANIFICAR, AHORRAR Y CUMPLIR: AS\u00cd EST\u00c1N COMPRANDO SU PRIMER AUTO LOS ECUATORIANOS - Garage Blog Ecuador\" \/>\n<meta property=\"og:description\" content=\"Adquirir el primer veh\u00edculo propio sigue siendo uno de los hitos m\u00e1s importantes para miles de ecuatorianos. Sin embargo, el acceso al cr\u00e9dito tradicional, los altos intereses y los requisitos bancarios se han convertido en barreras que postergan ese sue\u00f1o. Frente a ello, la compra programada se consolida como una opci\u00f3n segura, planificada y libre [&hellip;]\" \/>\n<meta property=\"og:url\" content=\"https:\/\/garageblogec.com\/?p=2808\" \/>\n<meta property=\"og:site_name\" content=\"Garage Blog Ecuador\" \/>\n<meta property=\"article:published_time\" content=\"2025-11-20T21:36:29+00:00\" \/>\n<meta property=\"article:modified_time\" content=\"2025-11-20T21:36:35+00:00\" \/>\n<meta property=\"og:image\" content=\"https:\/\/garageblogec.com\/wp-content\/uploads\/2025\/11\/2-1-1.jpg\" \/>\n\t<meta property=\"og:image:width\" content=\"1280\" \/>\n\t<meta property=\"og:image:height\" content=\"886\" \/>\n\t<meta property=\"og:image:type\" content=\"image\/jpeg\" \/>\n<meta name=\"author\" content=\"gabi1212\" \/>\n<meta name=\"twitter:card\" content=\"summary_large_image\" \/>\n<meta name=\"twitter:label1\" content=\"Escrito por\" \/>\n\t<meta name=\"twitter:data1\" content=\"gabi1212\" \/>\n\t<meta name=\"twitter:label2\" content=\"Tiempo de lectura\" \/>\n\t<meta name=\"twitter:data2\" content=\"4 minutos\" \/>\n<script type=\"application\/ld+json\" class=\"yoast-schema-graph\">{\"@context\":\"https:\\\/\\\/schema.org\",\"@graph\":[{\"@type\":\"Article\",\"@id\":\"https:\\\/\\\/garageblogec.com\\\/?p=2808#article\",\"isPartOf\":{\"@id\":\"https:\\\/\\\/garageblogec.com\\\/?p=2808\"},\"author\":{\"name\":\"gabi1212\",\"@id\":\"https:\\\/\\\/garageblogec.com\\\/#\\\/schema\\\/person\\\/635f4b76c0cb3e43b82fe6f7d8bcceea\"},\"headline\":\"PLANIFICAR, AHORRAR Y CUMPLIR: AS\u00cd EST\u00c1N COMPRANDO SU PRIMER AUTO LOS ECUATORIANOS\",\"datePublished\":\"2025-11-20T21:36:29+00:00\",\"dateModified\":\"2025-11-20T21:36:35+00:00\",\"mainEntityOfPage\":{\"@id\":\"https:\\\/\\\/garageblogec.com\\\/?p=2808\"},\"wordCount\":595,\"commentCount\":0,\"publisher\":{\"@id\":\"https:\\\/\\\/garageblogec.com\\\/#organization\"},\"image\":{\"@id\":\"https:\\\/\\\/garageblogec.com\\\/?p=2808#primaryimage\"},\"thumbnailUrl\":\"https:\\\/\\\/garageblogec.com\\\/wp-content\\\/uploads\\\/2025\\\/11\\\/2-1-1.jpg\",\"articleSection\":[\"Industria Nacional\"],\"inLanguage\":\"es\",\"potentialAction\":[{\"@type\":\"CommentAction\",\"name\":\"Comment\",\"target\":[\"https:\\\/\\\/garageblogec.com\\\/?p=2808#respond\"]}]},{\"@type\":\"WebPage\",\"@id\":\"https:\\\/\\\/garageblogec.com\\\/?p=2808\",\"url\":\"https:\\\/\\\/garageblogec.com\\\/?p=2808\",\"name\":\"PLANIFICAR, AHORRAR Y CUMPLIR: AS\u00cd EST\u00c1N COMPRANDO SU PRIMER AUTO LOS ECUATORIANOS - Garage Blog Ecuador\",\"isPartOf\":{\"@id\":\"https:\\\/\\\/garageblogec.com\\\/#website\"},\"primaryImageOfPage\":{\"@id\":\"https:\\\/\\\/garageblogec.com\\\/?p=2808#primaryimage\"},\"image\":{\"@id\":\"https:\\\/\\\/garageblogec.com\\\/?p=2808#primaryimage\"},\"thumbnailUrl\":\"https:\\\/\\\/garageblogec.com\\\/wp-content\\\/uploads\\\/2025\\\/11\\\/2-1-1.jpg\",\"datePublished\":\"2025-11-20T21:36:29+00:00\",\"dateModified\":\"2025-11-20T21:36:35+00:00\",\"breadcrumb\":{\"@id\":\"https:\\\/\\\/garageblogec.com\\\/?p=2808#breadcrumb\"},\"inLanguage\":\"es\",\"potentialAction\":[{\"@type\":\"ReadAction\",\"target\":[\"https:\\\/\\\/garageblogec.com\\\/?p=2808\"]}]},{\"@type\":\"ImageObject\",\"inLanguage\":\"es\",\"@id\":\"https:\\\/\\\/garageblogec.com\\\/?p=2808#primaryimage\",\"url\":\"https:\\\/\\\/garageblogec.com\\\/wp-content\\\/uploads\\\/2025\\\/11\\\/2-1-1.jpg\",\"contentUrl\":\"https:\\\/\\\/garageblogec.com\\\/wp-content\\\/uploads\\\/2025\\\/11\\\/2-1-1.jpg\",\"width\":1280,\"height\":886},{\"@type\":\"BreadcrumbList\",\"@id\":\"https:\\\/\\\/garageblogec.com\\\/?p=2808#breadcrumb\",\"itemListElement\":[{\"@type\":\"ListItem\",\"position\":1,\"name\":\"Portada\",\"item\":\"https:\\\/\\\/garageblogec.com\\\/\"},{\"@type\":\"ListItem\",\"position\":2,\"name\":\"PLANIFICAR, AHORRAR Y CUMPLIR: AS\u00cd EST\u00c1N COMPRANDO SU PRIMER AUTO LOS ECUATORIANOS\"}]},{\"@type\":\"WebSite\",\"@id\":\"https:\\\/\\\/garageblogec.com\\\/#website\",\"url\":\"https:\\\/\\\/garageblogec.com\\\/\",\"name\":\"Garage Blog Ecuador\",\"description\":\"Alucinamos por los autos \",\"publisher\":{\"@id\":\"https:\\\/\\\/garageblogec.com\\\/#organization\"},\"potentialAction\":[{\"@type\":\"SearchAction\",\"target\":{\"@type\":\"EntryPoint\",\"urlTemplate\":\"https:\\\/\\\/garageblogec.com\\\/?s={search_term_string}\"},\"query-input\":{\"@type\":\"PropertyValueSpecification\",\"valueRequired\":true,\"valueName\":\"search_term_string\"}}],\"inLanguage\":\"es\"},{\"@type\":\"Organization\",\"@id\":\"https:\\\/\\\/garageblogec.com\\\/#organization\",\"name\":\"Garage Blog Ecuador\",\"url\":\"https:\\\/\\\/garageblogec.com\\\/\",\"logo\":{\"@type\":\"ImageObject\",\"inLanguage\":\"es\",\"@id\":\"https:\\\/\\\/garageblogec.com\\\/#\\\/schema\\\/logo\\\/image\\\/\",\"url\":\"https:\\\/\\\/garageblogec.com\\\/wp-content\\\/uploads\\\/2024\\\/02\\\/cropped-logo-png-para-blog.webp\",\"contentUrl\":\"https:\\\/\\\/garageblogec.com\\\/wp-content\\\/uploads\\\/2024\\\/02\\\/cropped-logo-png-para-blog.webp\",\"width\":840,\"height\":556,\"caption\":\"Garage Blog Ecuador \"},\"image\":{\"@id\":\"https:\\\/\\\/garageblogec.com\\\/#\\\/schema\\\/logo\\\/image\\\/\"}},{\"@type\":\"Person\",\"@id\":\"https:\\\/\\\/garageblogec.com\\\/#\\\/schema\\\/person\\\/635f4b76c0cb3e43b82fe6f7d8bcceea\",\"name\":\"gabi1212\",\"image\":{\"@type\":\"ImageObject\",\"inLanguage\":\"es\",\"@id\":\"https:\\\/\\\/secure.gravatar.com\\\/avatar\\\/6aa491f45cb359d4d6dd8c430e83f78899c80569c27d21156e19bbdcd31d1811?s=96&d=mm&r=g\",\"url\":\"https:\\\/\\\/secure.gravatar.com\\\/avatar\\\/6aa491f45cb359d4d6dd8c430e83f78899c80569c27d21156e19bbdcd31d1811?s=96&d=mm&r=g\",\"contentUrl\":\"https:\\\/\\\/secure.gravatar.com\\\/avatar\\\/6aa491f45cb359d4d6dd8c430e83f78899c80569c27d21156e19bbdcd31d1811?s=96&d=mm&r=g\",\"caption\":\"gabi1212\"},\"url\":\"https:\\\/\\\/garageblogec.com\\\/?author=6\"}]}<\/script>\n<!-- \/ Yoast SEO plugin. -->","yoast_head_json":{"title":"PLANIFICAR, AHORRAR Y CUMPLIR: AS\u00cd EST\u00c1N COMPRANDO SU PRIMER AUTO LOS ECUATORIANOS - Garage Blog Ecuador","robots":{"index":"index","follow":"follow","max-snippet":"max-snippet:-1","max-image-preview":"max-image-preview:large","max-video-preview":"max-video-preview:-1"},"canonical":"https:\/\/garageblogec.com\/?p=2808","og_locale":"es_ES","og_type":"article","og_title":"PLANIFICAR, AHORRAR Y CUMPLIR: AS\u00cd EST\u00c1N COMPRANDO SU PRIMER AUTO LOS ECUATORIANOS - Garage Blog Ecuador","og_description":"Adquirir el primer veh\u00edculo propio sigue siendo uno de los hitos m\u00e1s importantes para miles de ecuatorianos. Sin embargo, el acceso al cr\u00e9dito tradicional, los altos intereses y los requisitos bancarios se han convertido en barreras que postergan ese sue\u00f1o. Frente a ello, la compra programada se consolida como una opci\u00f3n segura, planificada y libre [&hellip;]","og_url":"https:\/\/garageblogec.com\/?p=2808","og_site_name":"Garage Blog Ecuador","article_published_time":"2025-11-20T21:36:29+00:00","article_modified_time":"2025-11-20T21:36:35+00:00","og_image":[{"width":1280,"height":886,"url":"https:\/\/garageblogec.com\/wp-content\/uploads\/2025\/11\/2-1-1.jpg","type":"image\/jpeg"}],"author":"gabi1212","twitter_card":"summary_large_image","twitter_misc":{"Escrito por":"gabi1212","Tiempo de lectura":"4 minutos"},"schema":{"@context":"https:\/\/schema.org","@graph":[{"@type":"Article","@id":"https:\/\/garageblogec.com\/?p=2808#article","isPartOf":{"@id":"https:\/\/garageblogec.com\/?p=2808"},"author":{"name":"gabi1212","@id":"https:\/\/garageblogec.com\/#\/schema\/person\/635f4b76c0cb3e43b82fe6f7d8bcceea"},"headline":"PLANIFICAR, AHORRAR Y CUMPLIR: AS\u00cd EST\u00c1N COMPRANDO SU PRIMER AUTO LOS ECUATORIANOS","datePublished":"2025-11-20T21:36:29+00:00","dateModified":"2025-11-20T21:36:35+00:00","mainEntityOfPage":{"@id":"https:\/\/garageblogec.com\/?p=2808"},"wordCount":595,"commentCount":0,"publisher":{"@id":"https:\/\/garageblogec.com\/#organization"},"image":{"@id":"https:\/\/garageblogec.com\/?p=2808#primaryimage"},"thumbnailUrl":"https:\/\/garageblogec.com\/wp-content\/uploads\/2025\/11\/2-1-1.jpg","articleSection":["Industria Nacional"],"inLanguage":"es","potentialAction":[{"@type":"CommentAction","name":"Comment","target":["https:\/\/garageblogec.com\/?p=2808#respond"]}]},{"@type":"WebPage","@id":"https:\/\/garageblogec.com\/?p=2808","url":"https:\/\/garageblogec.com\/?p=2808","name":"PLANIFICAR, AHORRAR Y CUMPLIR: AS\u00cd EST\u00c1N COMPRANDO SU PRIMER AUTO LOS ECUATORIANOS - Garage Blog Ecuador","isPartOf":{"@id":"https:\/\/garageblogec.com\/#website"},"primaryImageOfPage":{"@id":"https:\/\/garageblogec.com\/?p=2808#primaryimage"},"image":{"@id":"https:\/\/garageblogec.com\/?p=2808#primaryimage"},"thumbnailUrl":"https:\/\/garageblogec.com\/wp-content\/uploads\/2025\/11\/2-1-1.jpg","datePublished":"2025-11-20T21:36:29+00:00","dateModified":"2025-11-20T21:36:35+00:00","breadcrumb":{"@id":"https:\/\/garageblogec.com\/?p=2808#breadcrumb"},"inLanguage":"es","potentialAction":[{"@type":"ReadAction","target":["https:\/\/garageblogec.com\/?p=2808"]}]},{"@type":"ImageObject","inLanguage":"es","@id":"https:\/\/garageblogec.com\/?p=2808#primaryimage","url":"https:\/\/garageblogec.com\/wp-content\/uploads\/2025\/11\/2-1-1.jpg","contentUrl":"https:\/\/garageblogec.com\/wp-content\/uploads\/2025\/11\/2-1-1.jpg","width":1280,"height":886},{"@type":"BreadcrumbList","@id":"https:\/\/garageblogec.com\/?p=2808#breadcrumb","itemListElement":[{"@type":"ListItem","position":1,"name":"Portada","item":"https:\/\/garageblogec.com\/"},{"@type":"ListItem","position":2,"name":"PLANIFICAR, AHORRAR Y CUMPLIR: AS\u00cd EST\u00c1N COMPRANDO SU PRIMER AUTO LOS ECUATORIANOS"}]},{"@type":"WebSite","@id":"https:\/\/garageblogec.com\/#website","url":"https:\/\/garageblogec.com\/","name":"Garage Blog Ecuador","description":"Alucinamos por los autos ","publisher":{"@id":"https:\/\/garageblogec.com\/#organization"},"potentialAction":[{"@type":"SearchAction","target":{"@type":"EntryPoint","urlTemplate":"https:\/\/garageblogec.com\/?s={search_term_string}"},"query-input":{"@type":"PropertyValueSpecification","valueRequired":true,"valueName":"search_term_string"}}],"inLanguage":"es"},{"@type":"Organization","@id":"https:\/\/garageblogec.com\/#organization","name":"Garage Blog Ecuador","url":"https:\/\/garageblogec.com\/","logo":{"@type":"ImageObject","inLanguage":"es","@id":"https:\/\/garageblogec.com\/#\/schema\/logo\/image\/","url":"https:\/\/garageblogec.com\/wp-content\/uploads\/2024\/02\/cropped-logo-png-para-blog.webp","contentUrl":"https:\/\/garageblogec.com\/wp-content\/uploads\/2024\/02\/cropped-logo-png-para-blog.webp","width":840,"height":556,"caption":"Garage Blog Ecuador "},"image":{"@id":"https:\/\/garageblogec.com\/#\/schema\/logo\/image\/"}},{"@type":"Person","@id":"https:\/\/garageblogec.com\/#\/schema\/person\/635f4b76c0cb3e43b82fe6f7d8bcceea","name":"gabi1212","image":{"@type":"ImageObject","inLanguage":"es","@id":"https:\/\/secure.gravatar.com\/avatar\/6aa491f45cb359d4d6dd8c430e83f78899c80569c27d21156e19bbdcd31d1811?s=96&d=mm&r=g","url":"https:\/\/secure.gravatar.com\/avatar\/6aa491f45cb359d4d6dd8c430e83f78899c80569c27d21156e19bbdcd31d1811?s=96&d=mm&r=g","contentUrl":"https:\/\/secure.gravatar.com\/avatar\/6aa491f45cb359d4d6dd8c430e83f78899c80569c27d21156e19bbdcd31d1811?s=96&d=mm&r=g","caption":"gabi1212"},"url":"https:\/\/garageblogec.com\/?author=6"}]}},"jetpack_featured_media_url":"https:\/\/garageblogec.com\/wp-content\/uploads\/2025\/11\/2-1-1.jpg","jetpack_sharing_enabled":true,"_links":{"self":[{"href":"https:\/\/garageblogec.com\/index.php?rest_route=\/wp\/v2\/posts\/2808","targetHints":{"allow":["GET"]}}],"collection":[{"href":"https:\/\/garageblogec.com\/index.php?rest_route=\/wp\/v2\/posts"}],"about":[{"href":"https:\/\/garageblogec.com\/index.php?rest_route=\/wp\/v2\/types\/post"}],"author":[{"embeddable":true,"href":"https:\/\/garageblogec.com\/index.php?rest_route=\/wp\/v2\/users\/6"}],"replies":[{"embeddable":true,"href":"https:\/\/garageblogec.com\/index.php?rest_route=%2Fwp%2Fv2%2Fcomments&post=2808"}],"version-history":[{"count":1,"href":"https:\/\/garageblogec.com\/index.php?rest_route=\/wp\/v2\/posts\/2808\/revisions"}],"predecessor-version":[{"id":2812,"href":"https:\/\/garageblogec.com\/index.php?rest_route=\/wp\/v2\/posts\/2808\/revisions\/2812"}],"wp:featuredmedia":[{"embeddable":true,"href":"https:\/\/garageblogec.com\/index.php?rest_route=\/wp\/v2\/media\/2810"}],"wp:attachment":[{"href":"https:\/\/garageblogec.com\/index.php?rest_route=%2Fwp%2Fv2%2Fmedia&parent=2808"}],"wp:term":[{"taxonomy":"category","embeddable":true,"href":"https:\/\/garageblogec.com\/index.php?rest_route=%2Fwp%2Fv2%2Fcategories&post=2808"},{"taxonomy":"post_tag","embeddable":true,"href":"https:\/\/garageblogec.com\/index.php?rest_route=%2Fwp%2Fv2%2Ftags&post=2808"}],"curies":[{"name":"wp","href":"https:\/\/api.w.org\/{rel}","templated":true}]}}