{"id":2790,"date":"2025-11-19T17:16:02","date_gmt":"2025-11-19T17:16:02","guid":{"rendered":"https:\/\/garageblogec.com\/?p=2790"},"modified":"2025-11-19T17:16:08","modified_gmt":"2025-11-19T17:16:08","slug":"cuando-el-motor-calla-el-ahorro-habla-el-crecimiento-de-la-movilidad-electrica-en-el-ecuador","status":"publish","type":"post","link":"https:\/\/garageblogec.com\/?p=2790","title":{"rendered":"Cuando el motor calla el ahorro habla: El crecimiento de la movilidad el\u00e9ctrica en el Ecuador"},"content":{"rendered":"\n<p>En medio de una realidad local marcada por la eliminaci\u00f3n de subsidios, el alza de los precios de los combustibles y la necesidad urgente de reducir las emisiones para mitigar el cambio clim\u00e1tico, cada vez m\u00e1s ecuatorianos est\u00e1n optando por la movilidad el\u00e9ctrica. Esta transici\u00f3n no solo representa una acci\u00f3n ambiental consciente, sino tambi\u00e9n una oportunidad concreta de ahorro familiar.<\/p>\n\n\n\n<figure class=\"wp-block-image size-large\"><img fetchpriority=\"high\" decoding=\"async\" width=\"1024\" height=\"683\" src=\"https:\/\/garageblogec.com\/wp-content\/uploads\/2025\/11\/251113_Ahorro_BYD-1024x683.png\" alt=\"\" class=\"wp-image-2791\" srcset=\"https:\/\/garageblogec.com\/wp-content\/uploads\/2025\/11\/251113_Ahorro_BYD-1024x683.png 1024w, https:\/\/garageblogec.com\/wp-content\/uploads\/2025\/11\/251113_Ahorro_BYD-300x200.png 300w, https:\/\/garageblogec.com\/wp-content\/uploads\/2025\/11\/251113_Ahorro_BYD-768x512.png 768w, https:\/\/garageblogec.com\/wp-content\/uploads\/2025\/11\/251113_Ahorro_BYD-1536x1024.png 1536w, https:\/\/garageblogec.com\/wp-content\/uploads\/2025\/11\/251113_Ahorro_BYD.png 1800w\" sizes=\"(max-width: 1024px) 100vw, 1024px\" \/><\/figure>\n\n\n\n<p>De acuerdo con el \u00faltimo <em>Global EV Outlook<\/em> de la Agencia Internacional de Energ\u00eda, m\u00e1s del 60% de los autos vendidos en Am\u00e9rica Latina ser\u00e1n el\u00e9ctricos o h\u00edbridos hacia 2030. En Ecuador, el cambio ya es evidente: solo entre enero y septiembre de 2025, la categor\u00eda de autos el\u00e9ctricos ha crecido un 180% en comparaci\u00f3n con el mismo per\u00edodo del a\u00f1o anterior, seg\u00fan datos de la Asociaci\u00f3n de Empresas Automotrices del Ecuador (AEADE).<\/p>\n\n\n\n<p><strong>Un alivio tangible para el bolsillo de los ciudadanos<\/strong><\/p>\n\n\n\n<figure class=\"wp-block-image size-large\"><img decoding=\"async\" width=\"1024\" height=\"576\" src=\"https:\/\/garageblogec.com\/wp-content\/uploads\/2025\/11\/hombre-cargando-su-coche-electrico-en-la-estacion-de-carga-y-usando-smartphone-1-1-1024x576.jpg\" alt=\"\" class=\"wp-image-2794\" srcset=\"https:\/\/garageblogec.com\/wp-content\/uploads\/2025\/11\/hombre-cargando-su-coche-electrico-en-la-estacion-de-carga-y-usando-smartphone-1-1-1024x576.jpg 1024w, https:\/\/garageblogec.com\/wp-content\/uploads\/2025\/11\/hombre-cargando-su-coche-electrico-en-la-estacion-de-carga-y-usando-smartphone-1-1-300x169.jpg 300w, https:\/\/garageblogec.com\/wp-content\/uploads\/2025\/11\/hombre-cargando-su-coche-electrico-en-la-estacion-de-carga-y-usando-smartphone-1-1-768x432.jpg 768w, https:\/\/garageblogec.com\/wp-content\/uploads\/2025\/11\/hombre-cargando-su-coche-electrico-en-la-estacion-de-carga-y-usando-smartphone-1-1-1536x864.jpg 1536w, https:\/\/garageblogec.com\/wp-content\/uploads\/2025\/11\/hombre-cargando-su-coche-electrico-en-la-estacion-de-carga-y-usando-smartphone-1-1-2048x1152.jpg 2048w, https:\/\/garageblogec.com\/wp-content\/uploads\/2025\/11\/hombre-cargando-su-coche-electrico-en-la-estacion-de-carga-y-usando-smartphone-1-1-1320x742.jpg 1320w\" sizes=\"(max-width: 1024px) 100vw, 1024px\" \/><figcaption class=\"wp-element-caption\">Man charging his electric car at charge station and using smartphone<\/figcaption><\/figure>\n\n\n\n<ul class=\"wp-block-list\">\n<li>Seg\u00fan Sim\u00f3n P\u00e9rez, Gerente General de Andor Corp, que maneja la marca BYD en Ecuador, una de las formas m\u00e1s claras de percibir el alivio econ\u00f3mico que representa optar por un auto el\u00e9ctrico radica en el costo diario de moverse.Cargar un veh\u00edculo de este tipo cuesta entre 4 y 10 d\u00f3lares por la carga completa, frente a los m\u00e1s de 30 d\u00f3lares que puede implicar llenar un tanque de gasolina, con lo cual el ahorro es claro.<\/li>\n\n\n\n<li>A esto se suma el menor costo de mantenimiento: los autos el\u00e9ctricos no requieren la misma cantidad de cambios de aceite, y tienen menos piezas m\u00f3viles, lo que reduce el desgaste. Esto puede traducirse entre un 40% a un 60% de ahorro econ\u00f3mico en servicios t\u00e9cnicos. En un auto el\u00e9ctrico, como el caso de un BYD, el mantenimiento se realiza cada 20,000 km ofreciendo una ventaja de ahorro importante.<\/li>\n\n\n\n<li>Mientras el precio de los combustibles fluct\u00faa por factores externos, el valor de la electricidad en Ecuador se mantiene estable. Adem\u00e1s, quienes ya tienen un veh\u00edculo el\u00e9ctrico acceden a tarifas reducidas entre las 22:00 y las 06:00.<\/li>\n\n\n\n<li>Pero, m\u00e1s all\u00e1 del costo por carga, existen otros incentivos que fortalecen a\u00fan m\u00e1s la decisi\u00f3n de pasarse a un auto el\u00e9ctrico. Algunos de ellos generan ahorros desde el primer d\u00eda y otros se sienten mes a mes.<\/li>\n<\/ul>\n\n\n\n<h3 class=\"wp-block-heading\"><a><\/a><strong>Beneficios adicionales que hacen la diferencia<\/strong><\/h3>\n\n\n\n<ul class=\"wp-block-list\">\n<li><strong>Precio m\u00e1s accesible desde la compra<\/strong>: exenci\u00f3n de IVA, ICE y aranceles de importaci\u00f3n.<\/li>\n\n\n\n<li><strong>Ahorro acumulado cada a\u00f1o<\/strong>: no pagan el Impuesto Anual a la Propiedad Vehicular.<br><br><\/li>\n\n\n\n<li><strong>Matriculaci\u00f3n preferencial<\/strong>: propuesta de USD 10 anuales, frente a los valores tradicionales entre USD 30 y USD 100.<br><br><\/li>\n\n\n\n<li><strong>Exoneraci\u00f3n del pago en zonas tarifadas<\/strong>: como la zona azul en Quito.<br><br><\/li>\n\n\n\n<li><strong>Libre circulaci\u00f3n todos los d\u00edas<\/strong>: exenci\u00f3n del \u201cPico y Placa\u201d en ciudades como Quito, lo que reduce la necesidad de tener un segundo veh\u00edculo.<\/li>\n<\/ul>\n\n\n\n<p>Estos beneficios se complementan con una tecnolog\u00eda como la que ofrece BYD, dise\u00f1ada no solo para durar, sino tambi\u00e9n para brindar una experiencia de conducci\u00f3n m\u00e1s c\u00f3moda, segura y silenciosa.<\/p>\n\n\n\n<h3 class=\"wp-block-heading\"><a><\/a><strong>Tecnolog\u00eda confiable y duradera<\/strong><\/h3>\n\n\n\n<figure class=\"wp-block-image size-large\"><img decoding=\"async\" width=\"1024\" height=\"576\" src=\"https:\/\/garageblogec.com\/wp-content\/uploads\/2025\/11\/hombre-cargando-su-coche-electrico-en-la-estacion-de-carga-y-usando-smartphone-1024x576.jpg\" alt=\"\" class=\"wp-image-2792\" srcset=\"https:\/\/garageblogec.com\/wp-content\/uploads\/2025\/11\/hombre-cargando-su-coche-electrico-en-la-estacion-de-carga-y-usando-smartphone-1024x576.jpg 1024w, https:\/\/garageblogec.com\/wp-content\/uploads\/2025\/11\/hombre-cargando-su-coche-electrico-en-la-estacion-de-carga-y-usando-smartphone-300x169.jpg 300w, https:\/\/garageblogec.com\/wp-content\/uploads\/2025\/11\/hombre-cargando-su-coche-electrico-en-la-estacion-de-carga-y-usando-smartphone-768x432.jpg 768w, https:\/\/garageblogec.com\/wp-content\/uploads\/2025\/11\/hombre-cargando-su-coche-electrico-en-la-estacion-de-carga-y-usando-smartphone-1536x864.jpg 1536w, https:\/\/garageblogec.com\/wp-content\/uploads\/2025\/11\/hombre-cargando-su-coche-electrico-en-la-estacion-de-carga-y-usando-smartphone-2048x1152.jpg 2048w, https:\/\/garageblogec.com\/wp-content\/uploads\/2025\/11\/hombre-cargando-su-coche-electrico-en-la-estacion-de-carga-y-usando-smartphone-1320x742.jpg 1320w\" sizes=\"(max-width: 1024px) 100vw, 1024px\" \/><figcaption class=\"wp-element-caption\">Man charging his electric car at charge station and using smartphone<\/figcaption><\/figure>\n\n\n\n<ul class=\"wp-block-list\">\n<li>Las bater\u00edas de \u00faltima generaci\u00f3n, como la Blade Battery de BYD, ofrecen hasta 5.000 ciclos de carga, equivalentes a varios a\u00f1os de uso continuo. Adem\u00e1s, cuentan con sistemas inteligentes que gestionan la temperatura y el rendimiento para alargar su vida \u00fatil, lo que se traduce tambi\u00e9n en una optimizaci\u00f3n de recursos.<\/li>\n<\/ul>\n\n\n\n<ul class=\"wp-block-list\">\n<li>A esto se suman beneficios de comodidad: cabinas aisladas del ruido, conducci\u00f3n suave y asistencias tecnol\u00f3gicas como sensores de carril, que aportan a una experiencia segura y relajada.<\/li>\n<\/ul>\n\n\n\n<p>La movilidad el\u00e9ctrica ya forma parte del presente de muchas familias en Ecuador, porque representa menos gastos, menos restricciones y m\u00e1s libertad para planificar. Sin embargo, seguir impulsando esta transformaci\u00f3n requiere tecnolog\u00eda accesible, incentivos claros e informaci\u00f3n transparente.<\/p>\n\n\n\n<p>Marcas comprometidas con la sostenibilidad, como BYD, juegan un rol clave al ofrecer soluciones integrales que combinan veh\u00edculos eficientes, redes de carga, alianzas estrat\u00e9gicas y programas educativos. Porque quienes ya dejaron la gasolina saben que el cambio es silencioso, pero el impacto es profundo.<\/p>\n\n\n<div class='pt-cv-wrapper'> <h3 class='pt-cv-heading-container heading1' data-blockid='ph9mav1p'><span class='pt-cv-heading'> Overlay1 <\/span><\/h3><div class=\"pt-cv-view pt-cv-overlaygrid iscvblock iscvreal overlay1 layout1\" id=\"pt-cv-view-ph9mav1p\"><div data-id=\"pt-cv-page-1\" class=\"pt-cv-page\" data-cvc=\"3\"><div class=\" pt-cv-content-item pt-cv-1-col\" ><div class=\"pt-cv-thumb-wrapper  \"><a href=\"https:\/\/garageblogec.com\/?p=3303\" class=\"_self pt-cv-href-thumbnail pt-cv-thumb-default\" target=\"_self\" ><img loading=\"lazy\" decoding=\"async\" width=\"768\" height=\"432\" src=\"https:\/\/garageblogec.com\/wp-content\/uploads\/2026\/04\/WhatsApp-Image-2026-04-21-at-1.52.53-PM-768x432.jpeg\" class=\"pt-cv-thumbnail\" alt=\"\" \/><\/a><\/div>\n<div class=\"pt-cv-overlay-wrapper\"><div class=\"pt-cv-taxoterm above_title\"><a href='https:\/\/garageblogec.com\/?cat=27' title='Industria Nacional' class='pt-cv-tax-industria-nacional'>Industria Nacional<\/a><\/div><h4 class=\"pt-cv-title\"><a href=\"https:\/\/garageblogec.com\/?p=3303\" class=\"_self\" target=\"_self\" >Grupo Ambacar presenta en Guayaquil KGM, su nueva marca de SUV h\u00edbridos con respaldo global<\/a><\/h4><div class=\"pt-cv-meta-fields\"><span class=\"entry-date\"> <time datetime=\"2026-04-21T21:37:24+00:00\">abril 21, 2026<\/time><\/span><span> \/ <\/span><span class=\"author\"> <a href=\"https:\/\/garageblogec.com\/?author=6\" rel=\"author\">gabi1212<\/a><\/span><\/div><\/div><\/div>\n<div class=\" pt-cv-content-item pt-cv-1-col\" ><div class=\"pt-cv-thumb-wrapper  \"><a href=\"https:\/\/garageblogec.com\/?p=3296\" class=\"_self pt-cv-href-thumbnail pt-cv-thumb-default\" target=\"_self\" ><img loading=\"lazy\" decoding=\"async\" width=\"768\" height=\"432\" src=\"https:\/\/garageblogec.com\/wp-content\/uploads\/2026\/04\/WhatsApp-Image-2026-04-14-at-3.15.09-PM-768x432.jpeg\" class=\"pt-cv-thumbnail\" alt=\"\" \/><\/a><\/div>\n<div class=\"pt-cv-overlay-wrapper\"><div class=\"pt-cv-taxoterm above_title\"><a href='https:\/\/garageblogec.com\/?cat=27' title='Industria Nacional' class='pt-cv-tax-industria-nacional'>Industria Nacional<\/a><\/div><h4 class=\"pt-cv-title\"><a href=\"https:\/\/garageblogec.com\/?p=3296\" class=\"_self\" target=\"_self\" >El tablero desapareci\u00f3, ahora el auto es una pantalla inteligente<\/a><\/h4><div class=\"pt-cv-meta-fields\"><span class=\"entry-date\"> <time datetime=\"2026-04-14T20:21:20+00:00\">abril 14, 2026<\/time><\/span><span> \/ <\/span><span class=\"author\"> <a href=\"https:\/\/garageblogec.com\/?author=6\" rel=\"author\">gabi1212<\/a><\/span><\/div><\/div><\/div>\n<div class=\" pt-cv-content-item pt-cv-1-col\" ><div class=\"pt-cv-thumb-wrapper  \"><a href=\"https:\/\/garageblogec.com\/?p=3291\" class=\"_self pt-cv-href-thumbnail pt-cv-thumb-default\" target=\"_self\" ><img loading=\"lazy\" decoding=\"async\" width=\"768\" height=\"432\" src=\"https:\/\/garageblogec.com\/wp-content\/uploads\/2026\/04\/WhatsApp-Image-2026-04-14-at-2.21.27-PM-768x432.jpeg\" class=\"pt-cv-thumbnail\" alt=\"\" \/><\/a><\/div>\n<div class=\"pt-cv-overlay-wrapper\"><div class=\"pt-cv-taxoterm above_title\"><a href='https:\/\/garageblogec.com\/?cat=27' title='Industria Nacional' class='pt-cv-tax-industria-nacional'>Industria Nacional<\/a><\/div><h4 class=\"pt-cv-title\"><a href=\"https:\/\/garageblogec.com\/?p=3291\" class=\"_self\" target=\"_self\" >Seguridad al volante en Ecuador: los errores m\u00e1s comunes que cometen los conductores<\/a><\/h4><div class=\"pt-cv-meta-fields\"><span class=\"entry-date\"> <time datetime=\"2026-04-14T20:08:54+00:00\">abril 14, 2026<\/time><\/span><span> \/ <\/span><span class=\"author\"> <a href=\"https:\/\/garageblogec.com\/?author=6\" rel=\"author\">gabi1212<\/a><\/span><\/div><\/div><\/div>\n<div class=\" pt-cv-content-item pt-cv-1-col\" ><div class=\"pt-cv-thumb-wrapper  \"><a href=\"https:\/\/garageblogec.com\/?p=3286\" class=\"_self pt-cv-href-thumbnail pt-cv-thumb-default\" target=\"_self\" ><img loading=\"lazy\" decoding=\"async\" width=\"768\" height=\"492\" src=\"https:\/\/garageblogec.com\/wp-content\/uploads\/2026\/04\/Posventa.jpg-768x492.jpeg\" class=\"pt-cv-thumbnail\" alt=\"\" \/><\/a><\/div>\n<div class=\"pt-cv-overlay-wrapper\"><div class=\"pt-cv-taxoterm above_title\"><a href='https:\/\/garageblogec.com\/?cat=27' title='Industria Nacional' class='pt-cv-tax-industria-nacional'>Industria Nacional<\/a><\/div><h4 class=\"pt-cv-title\"><a href=\"https:\/\/garageblogec.com\/?p=3286\" class=\"_self\" target=\"_self\" >Clientes Nissan reciben cambios de aceite infinitos<\/a><\/h4><div class=\"pt-cv-meta-fields\"><span class=\"entry-date\"> <time datetime=\"2026-04-14T20:04:08+00:00\">abril 14, 2026<\/time><\/span><span> \/ <\/span><span class=\"author\"> <a href=\"https:\/\/garageblogec.com\/?author=6\" rel=\"author\">gabi1212<\/a><\/span><\/div><\/div><\/div>\n<div class=\" pt-cv-content-item pt-cv-1-col\" ><div class=\"pt-cv-thumb-wrapper  \"><a href=\"https:\/\/garageblogec.com\/?p=3280\" class=\"_self pt-cv-href-thumbnail pt-cv-thumb-default\" target=\"_self\" ><img loading=\"lazy\" decoding=\"async\" width=\"768\" height=\"512\" src=\"https:\/\/garageblogec.com\/wp-content\/uploads\/2026\/04\/foto1-768x512.jpeg\" class=\"pt-cv-thumbnail\" alt=\"\" \/><\/a><\/div>\n<div class=\"pt-cv-overlay-wrapper\"><div class=\"pt-cv-taxoterm above_title\"><a href='https:\/\/garageblogec.com\/?cat=27' title='Industria Nacional' class='pt-cv-tax-industria-nacional'>Industria Nacional<\/a><\/div><h4 class=\"pt-cv-title\"><a href=\"https:\/\/garageblogec.com\/?p=3280\" class=\"_self\" target=\"_self\" >Movilidad como inversi\u00f3n: el uso de utilidades que crece en Ecuador<\/a><\/h4><div class=\"pt-cv-meta-fields\"><span class=\"entry-date\"> <time datetime=\"2026-04-07T19:55:36+00:00\">abril 7, 2026<\/time><\/span><span> \/ <\/span><span class=\"author\"> <a href=\"https:\/\/garageblogec.com\/?author=6\" rel=\"author\">gabi1212<\/a><\/span><\/div><\/div><\/div>\n<div class=\" pt-cv-content-item pt-cv-1-col\" ><div class=\"pt-cv-thumb-wrapper  \"><a href=\"https:\/\/garageblogec.com\/?p=3276\" class=\"_self pt-cv-href-thumbnail pt-cv-thumb-default\" target=\"_self\" ><img loading=\"lazy\" decoding=\"async\" width=\"745\" height=\"491\" src=\"https:\/\/garageblogec.com\/wp-content\/uploads\/2026\/04\/TT.png\" class=\"pt-cv-thumbnail\" alt=\"\" \/><\/a><\/div>\n<div class=\"pt-cv-overlay-wrapper\"><div class=\"pt-cv-taxoterm above_title\"><a href='https:\/\/garageblogec.com\/?cat=27' title='Industria Nacional' class='pt-cv-tax-industria-nacional'>Industria Nacional<\/a><\/div><h4 class=\"pt-cv-title\"><a href=\"https:\/\/garageblogec.com\/?p=3276\" class=\"_self\" target=\"_self\" >Lluvias en Ecuador: C\u00f3mo reducir riesgos en carretera y prevenir accidentes en calzada mojada<\/a><\/h4><div class=\"pt-cv-meta-fields\"><span class=\"entry-date\"> <time datetime=\"2026-04-07T19:46:52+00:00\">abril 7, 2026<\/time><\/span><span> \/ <\/span><span class=\"author\"> <a href=\"https:\/\/garageblogec.com\/?author=6\" rel=\"author\">gabi1212<\/a><\/span><\/div><\/div><\/div><\/div><\/div> <\/div> <style>\n#pt-cv-view-ph9mav1p .pt-cv-thumb-wrapper::before {background: rgba(0,0,0,.4); opacity: 0.8;}#pt-cv-view-ph9mav1p .pt-cv-overlay-wrapper {justify-content: center;}\n#pt-cv-view-ph9mav1p .pt-cv-meta-fields {  }#pt-cv-view-ph9mav1p .pt-cv-meta-fields * { font-size: 13px; }#pt-cv-view-ph9mav1p .pt-cv-title a { display: block; }#pt-cv-view-ph9mav1p .pt-cv-title:not(.pt-cv-titlesm) a { font-weight: 600;text-decoration: none;font-size: 20px; }#pt-cv-view-ph9mav1p .pt-cv-titlesm a { font-weight: 600;font-size: 18px; }#pt-cv-view-ph9mav1p .pt-cv-content { font-size: 15px; }#pt-cv-view-ph9mav1p .pt-cv-rmwrap {  }#pt-cv-view-ph9mav1p .pt-cv-readmore { color: #fff;background-color: #0075ff;font-size: 14px; }#pt-cv-view-ph9mav1p .pt-cv-taxoterm { margin: 0px 0px 20px 0px; }#pt-cv-view-ph9mav1p .pt-cv-taxoterm * { color: #222;background-color: #fff6f6;font-size: 14px; }#pt-cv-view-ph9mav1p + .pt-cv-pagination-wrapper {  }#pt-cv-view-ph9mav1p + .pt-cv-pagination-wrapper a { font-size: 14px; }#pt-cv-view-ph9mav1p > .pt-cv-page {grid-template-columns: repeat(3, 1fr);grid-auto-rows: 250px;grid-gap: 10px;}\n@media all and (max-width: 1024px) { \n#pt-cv-view-ph9mav1p > .pt-cv-page {}\n} \n@media all and (max-width: 767px) { \n#pt-cv-view-ph9mav1p > .pt-cv-page {grid-template-columns: repeat(1, 1fr);}\n} <\/style>\n\n\n<p><\/p>\n","protected":false},"excerpt":{"rendered":"<p>En medio de una realidad local marcada por la eliminaci\u00f3n de subsidios, el alza de los precios de los combustibles y la necesidad urgente de reducir las emisiones para mitigar el cambio clim\u00e1tico, cada vez m\u00e1s ecuatorianos est\u00e1n optando por la movilidad el\u00e9ctrica. Esta transici\u00f3n no solo representa una acci\u00f3n ambiental consciente, sino tambi\u00e9n una [&hellip;]<\/p>\n","protected":false},"author":6,"featured_media":2793,"comment_status":"open","ping_status":"open","sticky":false,"template":"","format":"standard","meta":{"_jetpack_memberships_contains_paid_content":false,"footnotes":""},"categories":[27],"tags":[],"class_list":["post-2790","post","type-post","status-publish","format-standard","has-post-thumbnail","hentry","category-industria-nacional"],"yoast_head":"<!-- This site is optimized with the Yoast SEO plugin v27.5 - https:\/\/yoast.com\/product\/yoast-seo-wordpress\/ -->\n<title>Cuando el motor calla el ahorro habla: El crecimiento de la movilidad el\u00e9ctrica en el Ecuador - Garage Blog Ecuador<\/title>\n<meta name=\"robots\" content=\"index, follow, max-snippet:-1, max-image-preview:large, max-video-preview:-1\" \/>\n<link rel=\"canonical\" href=\"https:\/\/garageblogec.com\/?p=2790\" \/>\n<meta property=\"og:locale\" content=\"es_ES\" \/>\n<meta property=\"og:type\" content=\"article\" \/>\n<meta property=\"og:title\" content=\"Cuando el motor calla el ahorro habla: El crecimiento de la movilidad el\u00e9ctrica en el Ecuador - Garage Blog Ecuador\" \/>\n<meta property=\"og:description\" content=\"En medio de una realidad local marcada por la eliminaci\u00f3n de subsidios, el alza de los precios de los combustibles y la necesidad urgente de reducir las emisiones para mitigar el cambio clim\u00e1tico, cada vez m\u00e1s ecuatorianos est\u00e1n optando por la movilidad el\u00e9ctrica. Esta transici\u00f3n no solo representa una acci\u00f3n ambiental consciente, sino tambi\u00e9n una [&hellip;]\" \/>\n<meta property=\"og:url\" content=\"https:\/\/garageblogec.com\/?p=2790\" \/>\n<meta property=\"og:site_name\" content=\"Garage Blog Ecuador\" \/>\n<meta property=\"article:published_time\" content=\"2025-11-19T17:16:02+00:00\" \/>\n<meta property=\"article:modified_time\" content=\"2025-11-19T17:16:08+00:00\" \/>\n<meta property=\"og:image\" content=\"https:\/\/garageblogec.com\/wp-content\/uploads\/2025\/11\/hombre-cargando-su-coche-electrico-en-la-estacion-de-carga-y-usando-smartphone-1-scaled.jpg\" \/>\n\t<meta property=\"og:image:width\" content=\"2560\" \/>\n\t<meta property=\"og:image:height\" content=\"1440\" \/>\n\t<meta property=\"og:image:type\" content=\"image\/jpeg\" \/>\n<meta name=\"author\" content=\"gabi1212\" \/>\n<meta name=\"twitter:card\" content=\"summary_large_image\" \/>\n<meta name=\"twitter:label1\" content=\"Escrito por\" \/>\n\t<meta name=\"twitter:data1\" content=\"gabi1212\" \/>\n\t<meta name=\"twitter:label2\" content=\"Tiempo de lectura\" \/>\n\t<meta name=\"twitter:data2\" content=\"4 minutos\" \/>\n<script type=\"application\/ld+json\" class=\"yoast-schema-graph\">{\"@context\":\"https:\\\/\\\/schema.org\",\"@graph\":[{\"@type\":\"Article\",\"@id\":\"https:\\\/\\\/garageblogec.com\\\/?p=2790#article\",\"isPartOf\":{\"@id\":\"https:\\\/\\\/garageblogec.com\\\/?p=2790\"},\"author\":{\"name\":\"gabi1212\",\"@id\":\"https:\\\/\\\/garageblogec.com\\\/#\\\/schema\\\/person\\\/635f4b76c0cb3e43b82fe6f7d8bcceea\"},\"headline\":\"Cuando el motor calla el ahorro habla: El crecimiento de la movilidad el\u00e9ctrica en el Ecuador\",\"datePublished\":\"2025-11-19T17:16:02+00:00\",\"dateModified\":\"2025-11-19T17:16:08+00:00\",\"mainEntityOfPage\":{\"@id\":\"https:\\\/\\\/garageblogec.com\\\/?p=2790\"},\"wordCount\":747,\"commentCount\":0,\"publisher\":{\"@id\":\"https:\\\/\\\/garageblogec.com\\\/#organization\"},\"image\":{\"@id\":\"https:\\\/\\\/garageblogec.com\\\/?p=2790#primaryimage\"},\"thumbnailUrl\":\"https:\\\/\\\/garageblogec.com\\\/wp-content\\\/uploads\\\/2025\\\/11\\\/hombre-cargando-su-coche-electrico-en-la-estacion-de-carga-y-usando-smartphone-1-scaled.jpg\",\"articleSection\":[\"Industria Nacional\"],\"inLanguage\":\"es\",\"potentialAction\":[{\"@type\":\"CommentAction\",\"name\":\"Comment\",\"target\":[\"https:\\\/\\\/garageblogec.com\\\/?p=2790#respond\"]}]},{\"@type\":\"WebPage\",\"@id\":\"https:\\\/\\\/garageblogec.com\\\/?p=2790\",\"url\":\"https:\\\/\\\/garageblogec.com\\\/?p=2790\",\"name\":\"Cuando el motor calla el ahorro habla: El crecimiento de la movilidad el\u00e9ctrica en el Ecuador - Garage Blog Ecuador\",\"isPartOf\":{\"@id\":\"https:\\\/\\\/garageblogec.com\\\/#website\"},\"primaryImageOfPage\":{\"@id\":\"https:\\\/\\\/garageblogec.com\\\/?p=2790#primaryimage\"},\"image\":{\"@id\":\"https:\\\/\\\/garageblogec.com\\\/?p=2790#primaryimage\"},\"thumbnailUrl\":\"https:\\\/\\\/garageblogec.com\\\/wp-content\\\/uploads\\\/2025\\\/11\\\/hombre-cargando-su-coche-electrico-en-la-estacion-de-carga-y-usando-smartphone-1-scaled.jpg\",\"datePublished\":\"2025-11-19T17:16:02+00:00\",\"dateModified\":\"2025-11-19T17:16:08+00:00\",\"breadcrumb\":{\"@id\":\"https:\\\/\\\/garageblogec.com\\\/?p=2790#breadcrumb\"},\"inLanguage\":\"es\",\"potentialAction\":[{\"@type\":\"ReadAction\",\"target\":[\"https:\\\/\\\/garageblogec.com\\\/?p=2790\"]}]},{\"@type\":\"ImageObject\",\"inLanguage\":\"es\",\"@id\":\"https:\\\/\\\/garageblogec.com\\\/?p=2790#primaryimage\",\"url\":\"https:\\\/\\\/garageblogec.com\\\/wp-content\\\/uploads\\\/2025\\\/11\\\/hombre-cargando-su-coche-electrico-en-la-estacion-de-carga-y-usando-smartphone-1-scaled.jpg\",\"contentUrl\":\"https:\\\/\\\/garageblogec.com\\\/wp-content\\\/uploads\\\/2025\\\/11\\\/hombre-cargando-su-coche-electrico-en-la-estacion-de-carga-y-usando-smartphone-1-scaled.jpg\",\"width\":2560,\"height\":1440,\"caption\":\"Man charging his electric car at charge station and using smartphone\"},{\"@type\":\"BreadcrumbList\",\"@id\":\"https:\\\/\\\/garageblogec.com\\\/?p=2790#breadcrumb\",\"itemListElement\":[{\"@type\":\"ListItem\",\"position\":1,\"name\":\"Portada\",\"item\":\"https:\\\/\\\/garageblogec.com\\\/\"},{\"@type\":\"ListItem\",\"position\":2,\"name\":\"Cuando el motor calla el ahorro habla: El crecimiento de la movilidad el\u00e9ctrica en el Ecuador\"}]},{\"@type\":\"WebSite\",\"@id\":\"https:\\\/\\\/garageblogec.com\\\/#website\",\"url\":\"https:\\\/\\\/garageblogec.com\\\/\",\"name\":\"Garage Blog Ecuador\",\"description\":\"Alucinamos por los autos \",\"publisher\":{\"@id\":\"https:\\\/\\\/garageblogec.com\\\/#organization\"},\"potentialAction\":[{\"@type\":\"SearchAction\",\"target\":{\"@type\":\"EntryPoint\",\"urlTemplate\":\"https:\\\/\\\/garageblogec.com\\\/?s={search_term_string}\"},\"query-input\":{\"@type\":\"PropertyValueSpecification\",\"valueRequired\":true,\"valueName\":\"search_term_string\"}}],\"inLanguage\":\"es\"},{\"@type\":\"Organization\",\"@id\":\"https:\\\/\\\/garageblogec.com\\\/#organization\",\"name\":\"Garage Blog Ecuador\",\"url\":\"https:\\\/\\\/garageblogec.com\\\/\",\"logo\":{\"@type\":\"ImageObject\",\"inLanguage\":\"es\",\"@id\":\"https:\\\/\\\/garageblogec.com\\\/#\\\/schema\\\/logo\\\/image\\\/\",\"url\":\"https:\\\/\\\/garageblogec.com\\\/wp-content\\\/uploads\\\/2024\\\/02\\\/cropped-logo-png-para-blog.webp\",\"contentUrl\":\"https:\\\/\\\/garageblogec.com\\\/wp-content\\\/uploads\\\/2024\\\/02\\\/cropped-logo-png-para-blog.webp\",\"width\":840,\"height\":556,\"caption\":\"Garage Blog Ecuador \"},\"image\":{\"@id\":\"https:\\\/\\\/garageblogec.com\\\/#\\\/schema\\\/logo\\\/image\\\/\"}},{\"@type\":\"Person\",\"@id\":\"https:\\\/\\\/garageblogec.com\\\/#\\\/schema\\\/person\\\/635f4b76c0cb3e43b82fe6f7d8bcceea\",\"name\":\"gabi1212\",\"image\":{\"@type\":\"ImageObject\",\"inLanguage\":\"es\",\"@id\":\"https:\\\/\\\/secure.gravatar.com\\\/avatar\\\/6aa491f45cb359d4d6dd8c430e83f78899c80569c27d21156e19bbdcd31d1811?s=96&d=mm&r=g\",\"url\":\"https:\\\/\\\/secure.gravatar.com\\\/avatar\\\/6aa491f45cb359d4d6dd8c430e83f78899c80569c27d21156e19bbdcd31d1811?s=96&d=mm&r=g\",\"contentUrl\":\"https:\\\/\\\/secure.gravatar.com\\\/avatar\\\/6aa491f45cb359d4d6dd8c430e83f78899c80569c27d21156e19bbdcd31d1811?s=96&d=mm&r=g\",\"caption\":\"gabi1212\"},\"url\":\"https:\\\/\\\/garageblogec.com\\\/?author=6\"}]}<\/script>\n<!-- \/ Yoast SEO plugin. -->","yoast_head_json":{"title":"Cuando el motor calla el ahorro habla: El crecimiento de la movilidad el\u00e9ctrica en el Ecuador - Garage Blog Ecuador","robots":{"index":"index","follow":"follow","max-snippet":"max-snippet:-1","max-image-preview":"max-image-preview:large","max-video-preview":"max-video-preview:-1"},"canonical":"https:\/\/garageblogec.com\/?p=2790","og_locale":"es_ES","og_type":"article","og_title":"Cuando el motor calla el ahorro habla: El crecimiento de la movilidad el\u00e9ctrica en el Ecuador - Garage Blog Ecuador","og_description":"En medio de una realidad local marcada por la eliminaci\u00f3n de subsidios, el alza de los precios de los combustibles y la necesidad urgente de reducir las emisiones para mitigar el cambio clim\u00e1tico, cada vez m\u00e1s ecuatorianos est\u00e1n optando por la movilidad el\u00e9ctrica. Esta transici\u00f3n no solo representa una acci\u00f3n ambiental consciente, sino tambi\u00e9n una [&hellip;]","og_url":"https:\/\/garageblogec.com\/?p=2790","og_site_name":"Garage Blog Ecuador","article_published_time":"2025-11-19T17:16:02+00:00","article_modified_time":"2025-11-19T17:16:08+00:00","og_image":[{"width":2560,"height":1440,"url":"https:\/\/garageblogec.com\/wp-content\/uploads\/2025\/11\/hombre-cargando-su-coche-electrico-en-la-estacion-de-carga-y-usando-smartphone-1-scaled.jpg","type":"image\/jpeg"}],"author":"gabi1212","twitter_card":"summary_large_image","twitter_misc":{"Escrito por":"gabi1212","Tiempo de lectura":"4 minutos"},"schema":{"@context":"https:\/\/schema.org","@graph":[{"@type":"Article","@id":"https:\/\/garageblogec.com\/?p=2790#article","isPartOf":{"@id":"https:\/\/garageblogec.com\/?p=2790"},"author":{"name":"gabi1212","@id":"https:\/\/garageblogec.com\/#\/schema\/person\/635f4b76c0cb3e43b82fe6f7d8bcceea"},"headline":"Cuando el motor calla el ahorro habla: El crecimiento de la movilidad el\u00e9ctrica en el Ecuador","datePublished":"2025-11-19T17:16:02+00:00","dateModified":"2025-11-19T17:16:08+00:00","mainEntityOfPage":{"@id":"https:\/\/garageblogec.com\/?p=2790"},"wordCount":747,"commentCount":0,"publisher":{"@id":"https:\/\/garageblogec.com\/#organization"},"image":{"@id":"https:\/\/garageblogec.com\/?p=2790#primaryimage"},"thumbnailUrl":"https:\/\/garageblogec.com\/wp-content\/uploads\/2025\/11\/hombre-cargando-su-coche-electrico-en-la-estacion-de-carga-y-usando-smartphone-1-scaled.jpg","articleSection":["Industria Nacional"],"inLanguage":"es","potentialAction":[{"@type":"CommentAction","name":"Comment","target":["https:\/\/garageblogec.com\/?p=2790#respond"]}]},{"@type":"WebPage","@id":"https:\/\/garageblogec.com\/?p=2790","url":"https:\/\/garageblogec.com\/?p=2790","name":"Cuando el motor calla el ahorro habla: El crecimiento de la movilidad el\u00e9ctrica en el Ecuador - Garage Blog Ecuador","isPartOf":{"@id":"https:\/\/garageblogec.com\/#website"},"primaryImageOfPage":{"@id":"https:\/\/garageblogec.com\/?p=2790#primaryimage"},"image":{"@id":"https:\/\/garageblogec.com\/?p=2790#primaryimage"},"thumbnailUrl":"https:\/\/garageblogec.com\/wp-content\/uploads\/2025\/11\/hombre-cargando-su-coche-electrico-en-la-estacion-de-carga-y-usando-smartphone-1-scaled.jpg","datePublished":"2025-11-19T17:16:02+00:00","dateModified":"2025-11-19T17:16:08+00:00","breadcrumb":{"@id":"https:\/\/garageblogec.com\/?p=2790#breadcrumb"},"inLanguage":"es","potentialAction":[{"@type":"ReadAction","target":["https:\/\/garageblogec.com\/?p=2790"]}]},{"@type":"ImageObject","inLanguage":"es","@id":"https:\/\/garageblogec.com\/?p=2790#primaryimage","url":"https:\/\/garageblogec.com\/wp-content\/uploads\/2025\/11\/hombre-cargando-su-coche-electrico-en-la-estacion-de-carga-y-usando-smartphone-1-scaled.jpg","contentUrl":"https:\/\/garageblogec.com\/wp-content\/uploads\/2025\/11\/hombre-cargando-su-coche-electrico-en-la-estacion-de-carga-y-usando-smartphone-1-scaled.jpg","width":2560,"height":1440,"caption":"Man charging his electric car at charge station and using smartphone"},{"@type":"BreadcrumbList","@id":"https:\/\/garageblogec.com\/?p=2790#breadcrumb","itemListElement":[{"@type":"ListItem","position":1,"name":"Portada","item":"https:\/\/garageblogec.com\/"},{"@type":"ListItem","position":2,"name":"Cuando el motor calla el ahorro habla: El crecimiento de la movilidad el\u00e9ctrica en el Ecuador"}]},{"@type":"WebSite","@id":"https:\/\/garageblogec.com\/#website","url":"https:\/\/garageblogec.com\/","name":"Garage Blog Ecuador","description":"Alucinamos por los autos ","publisher":{"@id":"https:\/\/garageblogec.com\/#organization"},"potentialAction":[{"@type":"SearchAction","target":{"@type":"EntryPoint","urlTemplate":"https:\/\/garageblogec.com\/?s={search_term_string}"},"query-input":{"@type":"PropertyValueSpecification","valueRequired":true,"valueName":"search_term_string"}}],"inLanguage":"es"},{"@type":"Organization","@id":"https:\/\/garageblogec.com\/#organization","name":"Garage Blog Ecuador","url":"https:\/\/garageblogec.com\/","logo":{"@type":"ImageObject","inLanguage":"es","@id":"https:\/\/garageblogec.com\/#\/schema\/logo\/image\/","url":"https:\/\/garageblogec.com\/wp-content\/uploads\/2024\/02\/cropped-logo-png-para-blog.webp","contentUrl":"https:\/\/garageblogec.com\/wp-content\/uploads\/2024\/02\/cropped-logo-png-para-blog.webp","width":840,"height":556,"caption":"Garage Blog Ecuador "},"image":{"@id":"https:\/\/garageblogec.com\/#\/schema\/logo\/image\/"}},{"@type":"Person","@id":"https:\/\/garageblogec.com\/#\/schema\/person\/635f4b76c0cb3e43b82fe6f7d8bcceea","name":"gabi1212","image":{"@type":"ImageObject","inLanguage":"es","@id":"https:\/\/secure.gravatar.com\/avatar\/6aa491f45cb359d4d6dd8c430e83f78899c80569c27d21156e19bbdcd31d1811?s=96&d=mm&r=g","url":"https:\/\/secure.gravatar.com\/avatar\/6aa491f45cb359d4d6dd8c430e83f78899c80569c27d21156e19bbdcd31d1811?s=96&d=mm&r=g","contentUrl":"https:\/\/secure.gravatar.com\/avatar\/6aa491f45cb359d4d6dd8c430e83f78899c80569c27d21156e19bbdcd31d1811?s=96&d=mm&r=g","caption":"gabi1212"},"url":"https:\/\/garageblogec.com\/?author=6"}]}},"jetpack_featured_media_url":"https:\/\/garageblogec.com\/wp-content\/uploads\/2025\/11\/hombre-cargando-su-coche-electrico-en-la-estacion-de-carga-y-usando-smartphone-1-scaled.jpg","jetpack_sharing_enabled":true,"_links":{"self":[{"href":"https:\/\/garageblogec.com\/index.php?rest_route=\/wp\/v2\/posts\/2790","targetHints":{"allow":["GET"]}}],"collection":[{"href":"https:\/\/garageblogec.com\/index.php?rest_route=\/wp\/v2\/posts"}],"about":[{"href":"https:\/\/garageblogec.com\/index.php?rest_route=\/wp\/v2\/types\/post"}],"author":[{"embeddable":true,"href":"https:\/\/garageblogec.com\/index.php?rest_route=\/wp\/v2\/users\/6"}],"replies":[{"embeddable":true,"href":"https:\/\/garageblogec.com\/index.php?rest_route=%2Fwp%2Fv2%2Fcomments&post=2790"}],"version-history":[{"count":1,"href":"https:\/\/garageblogec.com\/index.php?rest_route=\/wp\/v2\/posts\/2790\/revisions"}],"predecessor-version":[{"id":2796,"href":"https:\/\/garageblogec.com\/index.php?rest_route=\/wp\/v2\/posts\/2790\/revisions\/2796"}],"wp:featuredmedia":[{"embeddable":true,"href":"https:\/\/garageblogec.com\/index.php?rest_route=\/wp\/v2\/media\/2793"}],"wp:attachment":[{"href":"https:\/\/garageblogec.com\/index.php?rest_route=%2Fwp%2Fv2%2Fmedia&parent=2790"}],"wp:term":[{"taxonomy":"category","embeddable":true,"href":"https:\/\/garageblogec.com\/index.php?rest_route=%2Fwp%2Fv2%2Fcategories&post=2790"},{"taxonomy":"post_tag","embeddable":true,"href":"https:\/\/garageblogec.com\/index.php?rest_route=%2Fwp%2Fv2%2Ftags&post=2790"}],"curies":[{"name":"wp","href":"https:\/\/api.w.org\/{rel}","templated":true}]}}