{"id":2755,"date":"2025-11-13T18:50:29","date_gmt":"2025-11-13T18:50:29","guid":{"rendered":"https:\/\/garageblogec.com\/?p=2755"},"modified":"2025-11-13T18:50:35","modified_gmt":"2025-11-13T18:50:35","slug":"lider-global-en-movilidad-como-gac-supero-fronteras-mediante-alianzas-estrategicas","status":"publish","type":"post","link":"https:\/\/garageblogec.com\/?p=2755","title":{"rendered":"L\u00cdDER GLOBAL EN MOVILIDAD: C\u00d3MO GAC SUPER\u00d3 FRONTERAS MEDIANTE ALIANZAS ESTRAT\u00c9GICAS"},"content":{"rendered":"\n<p>En la industria automotriz global, donde la innovaci\u00f3n y la colaboraci\u00f3n definen el rumbo de la movilidad, GAC se ha consolidado como un actor estrat\u00e9gico y visionario. Desde su origen en Guangzhou, China, la marca ha construido, durante m\u00e1s de 25 a\u00f1os, una red de alianzas que trasciende fronteras y redefine los est\u00e1ndares tecnol\u00f3gicos del sector. Su prop\u00f3sito: liderar la transici\u00f3n hacia una movilidad inteligente, sostenible y globalmente integrada.<\/p>\n\n\n\n<figure class=\"wp-block-image size-large\"><img fetchpriority=\"high\" decoding=\"async\" width=\"1024\" height=\"687\" src=\"https:\/\/garageblogec.com\/wp-content\/uploads\/2025\/11\/WhatsApp-Image-2025-11-12-at-9.54.22-AM-1024x687.jpeg\" alt=\"\" class=\"wp-image-2756\" srcset=\"https:\/\/garageblogec.com\/wp-content\/uploads\/2025\/11\/WhatsApp-Image-2025-11-12-at-9.54.22-AM-1024x687.jpeg 1024w, https:\/\/garageblogec.com\/wp-content\/uploads\/2025\/11\/WhatsApp-Image-2025-11-12-at-9.54.22-AM-300x201.jpeg 300w, https:\/\/garageblogec.com\/wp-content\/uploads\/2025\/11\/WhatsApp-Image-2025-11-12-at-9.54.22-AM-768x515.jpeg 768w, https:\/\/garageblogec.com\/wp-content\/uploads\/2025\/11\/WhatsApp-Image-2025-11-12-at-9.54.22-AM.jpeg 1200w\" sizes=\"(max-width: 1024px) 100vw, 1024px\" \/><\/figure>\n\n\n\n<p>A diferencia de muchas compa\u00f1\u00edas que operan de manera aislada, GAC ha comprendido que la cooperaci\u00f3n es el camino m\u00e1s corto hacia la excelencia. Por ello, ha forjado acuerdos con las principales automotrices japonesas: Toyota, Honda, Mitsubishi e Hino, consolid\u00e1ndose como un socio tecnol\u00f3gico de referencia que aporta valor real a la cadena automotriz mundial. Estas colaboraciones no solo fortalecen su posici\u00f3n industrial, sino que demuestran el nivel de madurez y confiabilidad de sus desarrollos.<\/p>\n\n\n\n<p><strong>GAC TOYOTA MOTOR CO.: UNA ALIANZA QUE CONSTRUYE EL FUTURO EL\u00c9CTRICO<\/strong><\/p>\n\n\n\n<p>La colaboraci\u00f3n entre GAC y Toyota se estableci\u00f3 en 2004<sup>1<\/sup>, con la creaci\u00f3n de GAC Toyota Motor Co. (GTMC), un joint venture de 30 a\u00f1os que ha producido modelos emblem\u00e1ticos como el Camry, Highlander y Yaris. En 2011, la producci\u00f3n super\u00f3 el mill\u00f3n de unidades. La inversi\u00f3n inicial fue de unos USD 450 millones. En 2019, ambas compa\u00f1\u00edas firmaron una ampliaci\u00f3n estrat\u00e9gica orientada al desarrollo de veh\u00edculos el\u00e9ctricos, conectividad inteligente y manufactura avanzada\u00b9.<\/p>\n\n\n\n<figure class=\"wp-block-image size-full\"><img decoding=\"async\" width=\"700\" height=\"381\" src=\"https:\/\/garageblogec.com\/wp-content\/uploads\/2025\/11\/WhatsApp-Image-2025-11-12-at-9.54.22-AM-1.jpeg\" alt=\"\" class=\"wp-image-2757\" srcset=\"https:\/\/garageblogec.com\/wp-content\/uploads\/2025\/11\/WhatsApp-Image-2025-11-12-at-9.54.22-AM-1.jpeg 700w, https:\/\/garageblogec.com\/wp-content\/uploads\/2025\/11\/WhatsApp-Image-2025-11-12-at-9.54.22-AM-1-300x163.jpeg 300w\" sizes=\"(max-width: 700px) 100vw, 700px\" \/><\/figure>\n\n\n\n<p>Hoy, esa alianza ha alcanzado un nuevo nivel con el desarrollo conjunto del Toyota bZ3X, un SUV el\u00e9ctrico basado en la plataforma de AION, la marca 100% el\u00e9ctrica de GAC. Este veh\u00edculo, presentado oficialmente en China y Hong Kong en octubre de 2025, est\u00e1 construido sobre la arquitectura el\u00e9ctrica del AION Y, incorporando su sistema de propulsi\u00f3n y componentes estructurales de GAC<sup>2,3,4<\/sup>.<\/p>\n\n\n\n<p>El bZ3X marca un hito en la colaboraci\u00f3n transindustrial, al integrar la plataforma GAC AION con la ingenier\u00eda de Toyota, demostrando que la arquitectura el\u00e9ctrica y los sistemas de inteligencia de GAC cumplen con los m\u00e1s altos est\u00e1ndares globales. Este modelo, desarrollado dentro del joint venture GAC-Toyota, se exportar\u00e1 en volumen a mercados internacionales, lo que inaugura una nueva era en la que veh\u00edculos basados en innovaci\u00f3n de GAC se comercializan bajo marcas globales<sup>5,6<\/sup>.<\/p>\n\n\n\n<p>\u201cLa fortaleza tecnol\u00f3gica y la calidad de producto de GAC AION han sido reconocidas por l\u00edderes automotrices globales como Toyota. Este proyecto conjunto simboliza una movilidad m\u00e1s abierta, inteligente y colaborativa\u201d, destac\u00f3 <strong>Santiago Chucker, Gerente de GAC Ecuador.<\/strong> \u201cEl \u00e9xito de estas sinergias demuestra que la innovaci\u00f3n no es un concepto cerrado, sino una oportunidad para compartir conocimiento y redefinir los l\u00edmites de lo posible\u201d, destaca.<\/p>\n\n\n\n<p><strong>GAC HONDA: INNOVACI\u00d3N COMPARTIDA Y VISI\u00d3N EL\u00c9CTRICA<\/strong><\/p>\n\n\n\n<figure class=\"wp-block-image size-full\"><img decoding=\"async\" width=\"980\" height=\"551\" src=\"https:\/\/garageblogec.com\/wp-content\/uploads\/2025\/11\/WhatsApp-Image-2025-11-12-at-9.54.22-AM-2.jpeg\" alt=\"\" class=\"wp-image-2758\" srcset=\"https:\/\/garageblogec.com\/wp-content\/uploads\/2025\/11\/WhatsApp-Image-2025-11-12-at-9.54.22-AM-2.jpeg 980w, https:\/\/garageblogec.com\/wp-content\/uploads\/2025\/11\/WhatsApp-Image-2025-11-12-at-9.54.22-AM-2-300x169.jpeg 300w, https:\/\/garageblogec.com\/wp-content\/uploads\/2025\/11\/WhatsApp-Image-2025-11-12-at-9.54.22-AM-2-768x432.jpeg 768w\" sizes=\"(max-width: 980px) 100vw, 980px\" \/><\/figure>\n\n\n\n<p>La alianza entre GAC y Honda se remonta a 1998, con una inversi\u00f3n inicial de USD 200 millones. El primer modelo producido fue el Accord, seguido por el Civic, CR-V y Odyssey. En diciembre de 2024, GAC Honda inaugur\u00f3 una planta exclusiva de veh\u00edculos de nueva energ\u00eda (NEV) en Guangzhou<sup>7<\/sup>, destinada a la producci\u00f3n de modelos 100% el\u00e9ctricos y a la investigaci\u00f3n en bater\u00edas avanzadas.<\/p>\n\n\n\n<p>La colaboraci\u00f3n trasciende la manufactura: combina la ingenier\u00eda japonesa con el liderazgo de GAC en desarrollo de plataformas el\u00e9ctricas (GEP 2.0) y bater\u00edas de grafeno, que reducen el tiempo de carga y mejoran la seguridad t\u00e9rmica. Esta alianza representa un ecosistema compartido de innovaci\u00f3n aplicada al consumidor global.<\/p>\n\n\n\n<p><strong>GAC HINO: MOVILIDAD COMERCIAL DE NUEVA ENERG\u00cdA<\/strong><\/p>\n\n\n\n<p>Desde 2007, GAC Hino Motors ha liderado el desarrollo de veh\u00edculos comerciales y soluciones log\u00edsticas. En abril de 2025, ambas empresas firmaron un memorando de entendimiento para crear una red de carga el\u00e9ctrica para veh\u00edculos pesados y camiones NEV<sup>8<\/sup> en el mercado asi\u00e1tico. Este acuerdo ampl\u00eda el alcance de GAC en el sector de transporte de carga e impulsa la adopci\u00f3n de tecnolog\u00edas limpias en el \u00e1mbito industrial.<\/p>\n\n\n\n<p>Por otra parte, en el Sal\u00f3n Internacional del Autom\u00f3vil de Shangh\u00e1i de 2025, GAC Hino Motors Co., Ltd. cambi\u00f3 oficialmente su nombre a GAC Lingcheng y present\u00f3 su primer prototipo de camioneta pickup: la GAC \u200b\u200bPICKUP 01. Adem\u00e1s, tambi\u00e9n dio a conocer su cami\u00f3n de remolque: el GAC T9. La PICKUP 01 se convirti\u00f3 en uno de los debuts m\u00e1s comentados del sal\u00f3n de Shangh\u00e1i, tras el anuncio de que la versi\u00f3n de producci\u00f3n en serie se lanzar\u00e1 en 2027 y se comercializar\u00e1 principalmente en mercados internacionales como Australia, Arabia Saud\u00ed, Chile y M\u00e9xico, como parte de la estrategia de globalizaci\u00f3n \u00abOne GAC 2.0\u00bb de GAC<sup>9,10<\/sup>.<\/p>\n\n\n\n<p><strong>GAC MITSUBISHI: EFICIENCIA Y HERENCIA TECNOL\u00d3GICA<\/strong><\/p>\n\n\n\n<p>La colaboraci\u00f3n con Mitsubishi se fortaleci\u00f3 entre 2012 y 2023, alcanzando un m\u00e1ximo de producci\u00f3n de 150.000 unidades en 2018, con modelos como el Outlander<sup>11<\/sup>. Aunque actualmente GAC Mitsubishi avanza hacia una nueva etapa enfocada en electrificaci\u00f3n, el legado de esa alianza permanece: plataformas h\u00edbridas compartidas y procesos de manufactura con precisi\u00f3n japonesa y visi\u00f3n sostenible.<\/p>\n\n\n\n<p><strong>UNA VISI\u00d3N QUE TRASCIENDE LAS MARCAS<\/strong><\/p>\n\n\n\n<p>Cada una de estas colaboraciones refuerza el papel de GAC como catalizador tecnol\u00f3gico. Su fortaleza no radica solo en fabricar autos, sino en dise\u00f1ar conocimiento, compartir innovaci\u00f3n y escalar soluciones reales. Las plataformas el\u00e9ctricas de GAC \u2014como la GEP 2.0 y las bater\u00edas de grafeno\u2014 son hoy referentes industriales adoptados por sus aliados, mientras que AION contin\u00faa siendo uno de los nombres m\u00e1s influyentes en el ecosistema de nueva energ\u00eda.<\/p>\n\n\n\n<p>Estas alianzas tambi\u00e9n tienen impacto local. En Ecuador, GAC consolida su operaci\u00f3n bajo el respaldo de Impoventura C.A., empresa con amplia experiencia en el sector automotor, que garantiza un modelo de operaci\u00f3n sostenible, red nacional de servicio y soporte posventa estructurado. Este respaldo permite que los veh\u00edculos de GAC \u2014ya validados por sus alianzas internacionales\u2014 lleguen al consumidor ecuatoriano con la misma calidad y tecnolog\u00eda que se produce para los mercados m\u00e1s exigentes del mundo.<\/p>\n\n\n\n<p>La historia de GAC demuestra que la colaboraci\u00f3n es m\u00e1s que un acuerdo corporativo: es una filosof\u00eda industrial. Con presencia en 84 pa\u00edses y un portafolio que abarca veh\u00edculos el\u00e9ctricos, h\u00edbridos y de combusti\u00f3n eficiente, la compa\u00f1\u00eda est\u00e1 modelando el futuro de la movilidad global, una alianza a la vez.<\/p>\n\n\n<div class='pt-cv-wrapper'> <h3 class='pt-cv-heading-container heading1' data-blockid='vogdui52'><span class='pt-cv-heading'> Overlay1 <\/span><\/h3><div class=\"pt-cv-view pt-cv-overlaygrid iscvblock iscvreal overlay1 layout1\" id=\"pt-cv-view-vogdui52\"><div data-id=\"pt-cv-page-1\" class=\"pt-cv-page\" data-cvc=\"3\"><div class=\" pt-cv-content-item pt-cv-1-col\" ><div class=\"pt-cv-thumb-wrapper  \"><a href=\"https:\/\/garageblogec.com\/?p=3303\" class=\"_self pt-cv-href-thumbnail pt-cv-thumb-default\" target=\"_self\" ><img loading=\"lazy\" decoding=\"async\" width=\"768\" height=\"432\" src=\"https:\/\/garageblogec.com\/wp-content\/uploads\/2026\/04\/WhatsApp-Image-2026-04-21-at-1.52.53-PM-768x432.jpeg\" class=\"pt-cv-thumbnail\" alt=\"\" \/><\/a><\/div>\n<div class=\"pt-cv-overlay-wrapper\"><div class=\"pt-cv-taxoterm above_title\"><a href='https:\/\/garageblogec.com\/?cat=27' title='Industria Nacional' class='pt-cv-tax-industria-nacional'>Industria Nacional<\/a><\/div><h4 class=\"pt-cv-title\"><a href=\"https:\/\/garageblogec.com\/?p=3303\" class=\"_self\" target=\"_self\" >Grupo Ambacar presenta en Guayaquil KGM, su nueva marca de SUV h\u00edbridos con respaldo global<\/a><\/h4><div class=\"pt-cv-meta-fields\"><span class=\"entry-date\"> <time datetime=\"2026-04-21T21:37:24+00:00\">abril 21, 2026<\/time><\/span><span> \/ <\/span><span class=\"author\"> <a href=\"https:\/\/garageblogec.com\/?author=6\" rel=\"author\">gabi1212<\/a><\/span><\/div><\/div><\/div>\n<div class=\" pt-cv-content-item pt-cv-1-col\" ><div class=\"pt-cv-thumb-wrapper  \"><a href=\"https:\/\/garageblogec.com\/?p=3296\" class=\"_self pt-cv-href-thumbnail pt-cv-thumb-default\" target=\"_self\" ><img loading=\"lazy\" decoding=\"async\" width=\"768\" height=\"432\" src=\"https:\/\/garageblogec.com\/wp-content\/uploads\/2026\/04\/WhatsApp-Image-2026-04-14-at-3.15.09-PM-768x432.jpeg\" class=\"pt-cv-thumbnail\" alt=\"\" \/><\/a><\/div>\n<div class=\"pt-cv-overlay-wrapper\"><div class=\"pt-cv-taxoterm above_title\"><a href='https:\/\/garageblogec.com\/?cat=27' title='Industria Nacional' class='pt-cv-tax-industria-nacional'>Industria Nacional<\/a><\/div><h4 class=\"pt-cv-title\"><a href=\"https:\/\/garageblogec.com\/?p=3296\" class=\"_self\" target=\"_self\" >El tablero desapareci\u00f3, ahora el auto es una pantalla inteligente<\/a><\/h4><div class=\"pt-cv-meta-fields\"><span class=\"entry-date\"> <time datetime=\"2026-04-14T20:21:20+00:00\">abril 14, 2026<\/time><\/span><span> \/ <\/span><span class=\"author\"> <a href=\"https:\/\/garageblogec.com\/?author=6\" rel=\"author\">gabi1212<\/a><\/span><\/div><\/div><\/div>\n<div class=\" pt-cv-content-item pt-cv-1-col\" ><div class=\"pt-cv-thumb-wrapper  \"><a href=\"https:\/\/garageblogec.com\/?p=3291\" class=\"_self pt-cv-href-thumbnail pt-cv-thumb-default\" target=\"_self\" ><img loading=\"lazy\" decoding=\"async\" width=\"768\" height=\"432\" src=\"https:\/\/garageblogec.com\/wp-content\/uploads\/2026\/04\/WhatsApp-Image-2026-04-14-at-2.21.27-PM-768x432.jpeg\" class=\"pt-cv-thumbnail\" alt=\"\" \/><\/a><\/div>\n<div class=\"pt-cv-overlay-wrapper\"><div class=\"pt-cv-taxoterm above_title\"><a href='https:\/\/garageblogec.com\/?cat=27' title='Industria Nacional' class='pt-cv-tax-industria-nacional'>Industria Nacional<\/a><\/div><h4 class=\"pt-cv-title\"><a href=\"https:\/\/garageblogec.com\/?p=3291\" class=\"_self\" target=\"_self\" >Seguridad al volante en Ecuador: los errores m\u00e1s comunes que cometen los conductores<\/a><\/h4><div class=\"pt-cv-meta-fields\"><span class=\"entry-date\"> <time datetime=\"2026-04-14T20:08:54+00:00\">abril 14, 2026<\/time><\/span><span> \/ <\/span><span class=\"author\"> <a href=\"https:\/\/garageblogec.com\/?author=6\" rel=\"author\">gabi1212<\/a><\/span><\/div><\/div><\/div>\n<div class=\" pt-cv-content-item pt-cv-1-col\" ><div class=\"pt-cv-thumb-wrapper  \"><a href=\"https:\/\/garageblogec.com\/?p=3286\" class=\"_self pt-cv-href-thumbnail pt-cv-thumb-default\" target=\"_self\" ><img loading=\"lazy\" decoding=\"async\" width=\"768\" height=\"492\" src=\"https:\/\/garageblogec.com\/wp-content\/uploads\/2026\/04\/Posventa.jpg-768x492.jpeg\" class=\"pt-cv-thumbnail\" alt=\"\" \/><\/a><\/div>\n<div class=\"pt-cv-overlay-wrapper\"><div class=\"pt-cv-taxoterm above_title\"><a href='https:\/\/garageblogec.com\/?cat=27' title='Industria Nacional' class='pt-cv-tax-industria-nacional'>Industria Nacional<\/a><\/div><h4 class=\"pt-cv-title\"><a href=\"https:\/\/garageblogec.com\/?p=3286\" class=\"_self\" target=\"_self\" >Clientes Nissan reciben cambios de aceite infinitos<\/a><\/h4><div class=\"pt-cv-meta-fields\"><span class=\"entry-date\"> <time datetime=\"2026-04-14T20:04:08+00:00\">abril 14, 2026<\/time><\/span><span> \/ <\/span><span class=\"author\"> <a href=\"https:\/\/garageblogec.com\/?author=6\" rel=\"author\">gabi1212<\/a><\/span><\/div><\/div><\/div>\n<div class=\" pt-cv-content-item pt-cv-1-col\" ><div class=\"pt-cv-thumb-wrapper  \"><a href=\"https:\/\/garageblogec.com\/?p=3280\" class=\"_self pt-cv-href-thumbnail pt-cv-thumb-default\" target=\"_self\" ><img loading=\"lazy\" decoding=\"async\" width=\"768\" height=\"512\" src=\"https:\/\/garageblogec.com\/wp-content\/uploads\/2026\/04\/foto1-768x512.jpeg\" class=\"pt-cv-thumbnail\" alt=\"\" \/><\/a><\/div>\n<div class=\"pt-cv-overlay-wrapper\"><div class=\"pt-cv-taxoterm above_title\"><a href='https:\/\/garageblogec.com\/?cat=27' title='Industria Nacional' class='pt-cv-tax-industria-nacional'>Industria Nacional<\/a><\/div><h4 class=\"pt-cv-title\"><a href=\"https:\/\/garageblogec.com\/?p=3280\" class=\"_self\" target=\"_self\" >Movilidad como inversi\u00f3n: el uso de utilidades que crece en Ecuador<\/a><\/h4><div class=\"pt-cv-meta-fields\"><span class=\"entry-date\"> <time datetime=\"2026-04-07T19:55:36+00:00\">abril 7, 2026<\/time><\/span><span> \/ <\/span><span class=\"author\"> <a href=\"https:\/\/garageblogec.com\/?author=6\" rel=\"author\">gabi1212<\/a><\/span><\/div><\/div><\/div>\n<div class=\" pt-cv-content-item pt-cv-1-col\" ><div class=\"pt-cv-thumb-wrapper  \"><a href=\"https:\/\/garageblogec.com\/?p=3276\" class=\"_self pt-cv-href-thumbnail pt-cv-thumb-default\" target=\"_self\" ><img loading=\"lazy\" decoding=\"async\" width=\"745\" height=\"491\" src=\"https:\/\/garageblogec.com\/wp-content\/uploads\/2026\/04\/TT.png\" class=\"pt-cv-thumbnail\" alt=\"\" \/><\/a><\/div>\n<div class=\"pt-cv-overlay-wrapper\"><div class=\"pt-cv-taxoterm above_title\"><a href='https:\/\/garageblogec.com\/?cat=27' title='Industria Nacional' class='pt-cv-tax-industria-nacional'>Industria Nacional<\/a><\/div><h4 class=\"pt-cv-title\"><a href=\"https:\/\/garageblogec.com\/?p=3276\" class=\"_self\" target=\"_self\" >Lluvias en Ecuador: C\u00f3mo reducir riesgos en carretera y prevenir accidentes en calzada mojada<\/a><\/h4><div class=\"pt-cv-meta-fields\"><span class=\"entry-date\"> <time datetime=\"2026-04-07T19:46:52+00:00\">abril 7, 2026<\/time><\/span><span> \/ <\/span><span class=\"author\"> <a href=\"https:\/\/garageblogec.com\/?author=6\" rel=\"author\">gabi1212<\/a><\/span><\/div><\/div><\/div><\/div><\/div> <\/div> <style>\n#pt-cv-view-vogdui52 .pt-cv-thumb-wrapper::before {background: rgba(0,0,0,.4); opacity: 0.8;}#pt-cv-view-vogdui52 .pt-cv-overlay-wrapper {justify-content: center;}\n#pt-cv-view-vogdui52 .pt-cv-meta-fields {  }#pt-cv-view-vogdui52 .pt-cv-meta-fields * { font-size: 13px; }#pt-cv-view-vogdui52 .pt-cv-title a { display: block; }#pt-cv-view-vogdui52 .pt-cv-title:not(.pt-cv-titlesm) a { font-weight: 600;text-decoration: none;font-size: 20px; }#pt-cv-view-vogdui52 .pt-cv-titlesm a { font-weight: 600;font-size: 18px; }#pt-cv-view-vogdui52 .pt-cv-content { font-size: 15px; }#pt-cv-view-vogdui52 .pt-cv-rmwrap {  }#pt-cv-view-vogdui52 .pt-cv-readmore { color: #fff;background-color: #0075ff;font-size: 14px; }#pt-cv-view-vogdui52 .pt-cv-taxoterm { margin: 0px 0px 20px 0px; }#pt-cv-view-vogdui52 .pt-cv-taxoterm * { color: #222;background-color: #fff6f6;font-size: 14px; }#pt-cv-view-vogdui52 + .pt-cv-pagination-wrapper {  }#pt-cv-view-vogdui52 + .pt-cv-pagination-wrapper a { font-size: 14px; }#pt-cv-view-vogdui52 > .pt-cv-page {grid-template-columns: repeat(3, 1fr);grid-auto-rows: 250px;grid-gap: 10px;}\n@media all and (max-width: 1024px) { \n#pt-cv-view-vogdui52 > .pt-cv-page {}\n} \n@media all and (max-width: 767px) { \n#pt-cv-view-vogdui52 > .pt-cv-page {grid-template-columns: repeat(1, 1fr);}\n} <\/style>","protected":false},"excerpt":{"rendered":"<p>En la industria automotriz global, donde la innovaci\u00f3n y la colaboraci\u00f3n definen el rumbo de la movilidad, GAC se ha consolidado como un actor estrat\u00e9gico y visionario. Desde su origen en Guangzhou, China, la marca ha construido, durante m\u00e1s de 25 a\u00f1os, una red de alianzas que trasciende fronteras y redefine los est\u00e1ndares tecnol\u00f3gicos del [&hellip;]<\/p>\n","protected":false},"author":6,"featured_media":2758,"comment_status":"open","ping_status":"open","sticky":false,"template":"","format":"standard","meta":{"_jetpack_memberships_contains_paid_content":false,"footnotes":""},"categories":[27],"tags":[],"class_list":["post-2755","post","type-post","status-publish","format-standard","has-post-thumbnail","hentry","category-industria-nacional"],"yoast_head":"<!-- This site is optimized with the Yoast SEO plugin v27.5 - https:\/\/yoast.com\/product\/yoast-seo-wordpress\/ -->\n<title>L\u00cdDER GLOBAL EN MOVILIDAD: C\u00d3MO GAC SUPER\u00d3 FRONTERAS MEDIANTE ALIANZAS ESTRAT\u00c9GICAS - Garage Blog Ecuador<\/title>\n<meta name=\"robots\" content=\"index, follow, max-snippet:-1, max-image-preview:large, max-video-preview:-1\" \/>\n<link rel=\"canonical\" href=\"https:\/\/garageblogec.com\/?p=2755\" \/>\n<meta property=\"og:locale\" content=\"es_ES\" \/>\n<meta property=\"og:type\" content=\"article\" \/>\n<meta property=\"og:title\" content=\"L\u00cdDER GLOBAL EN MOVILIDAD: C\u00d3MO GAC SUPER\u00d3 FRONTERAS MEDIANTE ALIANZAS ESTRAT\u00c9GICAS - Garage Blog Ecuador\" \/>\n<meta property=\"og:description\" content=\"En la industria automotriz global, donde la innovaci\u00f3n y la colaboraci\u00f3n definen el rumbo de la movilidad, GAC se ha consolidado como un actor estrat\u00e9gico y visionario. Desde su origen en Guangzhou, China, la marca ha construido, durante m\u00e1s de 25 a\u00f1os, una red de alianzas que trasciende fronteras y redefine los est\u00e1ndares tecnol\u00f3gicos del [&hellip;]\" \/>\n<meta property=\"og:url\" content=\"https:\/\/garageblogec.com\/?p=2755\" \/>\n<meta property=\"og:site_name\" content=\"Garage Blog Ecuador\" \/>\n<meta property=\"article:published_time\" content=\"2025-11-13T18:50:29+00:00\" \/>\n<meta property=\"article:modified_time\" content=\"2025-11-13T18:50:35+00:00\" \/>\n<meta property=\"og:image\" content=\"https:\/\/garageblogec.com\/wp-content\/uploads\/2025\/11\/WhatsApp-Image-2025-11-12-at-9.54.22-AM-2.jpeg\" \/>\n\t<meta property=\"og:image:width\" content=\"980\" \/>\n\t<meta property=\"og:image:height\" content=\"551\" \/>\n\t<meta property=\"og:image:type\" content=\"image\/jpeg\" \/>\n<meta name=\"author\" content=\"gabi1212\" \/>\n<meta name=\"twitter:card\" content=\"summary_large_image\" \/>\n<meta name=\"twitter:label1\" content=\"Escrito por\" \/>\n\t<meta name=\"twitter:data1\" content=\"gabi1212\" \/>\n\t<meta name=\"twitter:label2\" content=\"Tiempo de lectura\" \/>\n\t<meta name=\"twitter:data2\" content=\"6 minutos\" \/>\n<script type=\"application\/ld+json\" class=\"yoast-schema-graph\">{\"@context\":\"https:\\\/\\\/schema.org\",\"@graph\":[{\"@type\":\"Article\",\"@id\":\"https:\\\/\\\/garageblogec.com\\\/?p=2755#article\",\"isPartOf\":{\"@id\":\"https:\\\/\\\/garageblogec.com\\\/?p=2755\"},\"author\":{\"name\":\"gabi1212\",\"@id\":\"https:\\\/\\\/garageblogec.com\\\/#\\\/schema\\\/person\\\/635f4b76c0cb3e43b82fe6f7d8bcceea\"},\"headline\":\"L\u00cdDER GLOBAL EN MOVILIDAD: C\u00d3MO GAC SUPER\u00d3 FRONTERAS MEDIANTE ALIANZAS ESTRAT\u00c9GICAS\",\"datePublished\":\"2025-11-13T18:50:29+00:00\",\"dateModified\":\"2025-11-13T18:50:35+00:00\",\"mainEntityOfPage\":{\"@id\":\"https:\\\/\\\/garageblogec.com\\\/?p=2755\"},\"wordCount\":1100,\"commentCount\":0,\"publisher\":{\"@id\":\"https:\\\/\\\/garageblogec.com\\\/#organization\"},\"image\":{\"@id\":\"https:\\\/\\\/garageblogec.com\\\/?p=2755#primaryimage\"},\"thumbnailUrl\":\"https:\\\/\\\/garageblogec.com\\\/wp-content\\\/uploads\\\/2025\\\/11\\\/WhatsApp-Image-2025-11-12-at-9.54.22-AM-2.jpeg\",\"articleSection\":[\"Industria Nacional\"],\"inLanguage\":\"es\",\"potentialAction\":[{\"@type\":\"CommentAction\",\"name\":\"Comment\",\"target\":[\"https:\\\/\\\/garageblogec.com\\\/?p=2755#respond\"]}]},{\"@type\":\"WebPage\",\"@id\":\"https:\\\/\\\/garageblogec.com\\\/?p=2755\",\"url\":\"https:\\\/\\\/garageblogec.com\\\/?p=2755\",\"name\":\"L\u00cdDER GLOBAL EN MOVILIDAD: C\u00d3MO GAC SUPER\u00d3 FRONTERAS MEDIANTE ALIANZAS ESTRAT\u00c9GICAS - Garage Blog Ecuador\",\"isPartOf\":{\"@id\":\"https:\\\/\\\/garageblogec.com\\\/#website\"},\"primaryImageOfPage\":{\"@id\":\"https:\\\/\\\/garageblogec.com\\\/?p=2755#primaryimage\"},\"image\":{\"@id\":\"https:\\\/\\\/garageblogec.com\\\/?p=2755#primaryimage\"},\"thumbnailUrl\":\"https:\\\/\\\/garageblogec.com\\\/wp-content\\\/uploads\\\/2025\\\/11\\\/WhatsApp-Image-2025-11-12-at-9.54.22-AM-2.jpeg\",\"datePublished\":\"2025-11-13T18:50:29+00:00\",\"dateModified\":\"2025-11-13T18:50:35+00:00\",\"breadcrumb\":{\"@id\":\"https:\\\/\\\/garageblogec.com\\\/?p=2755#breadcrumb\"},\"inLanguage\":\"es\",\"potentialAction\":[{\"@type\":\"ReadAction\",\"target\":[\"https:\\\/\\\/garageblogec.com\\\/?p=2755\"]}]},{\"@type\":\"ImageObject\",\"inLanguage\":\"es\",\"@id\":\"https:\\\/\\\/garageblogec.com\\\/?p=2755#primaryimage\",\"url\":\"https:\\\/\\\/garageblogec.com\\\/wp-content\\\/uploads\\\/2025\\\/11\\\/WhatsApp-Image-2025-11-12-at-9.54.22-AM-2.jpeg\",\"contentUrl\":\"https:\\\/\\\/garageblogec.com\\\/wp-content\\\/uploads\\\/2025\\\/11\\\/WhatsApp-Image-2025-11-12-at-9.54.22-AM-2.jpeg\",\"width\":980,\"height\":551},{\"@type\":\"BreadcrumbList\",\"@id\":\"https:\\\/\\\/garageblogec.com\\\/?p=2755#breadcrumb\",\"itemListElement\":[{\"@type\":\"ListItem\",\"position\":1,\"name\":\"Portada\",\"item\":\"https:\\\/\\\/garageblogec.com\\\/\"},{\"@type\":\"ListItem\",\"position\":2,\"name\":\"L\u00cdDER GLOBAL EN MOVILIDAD: C\u00d3MO GAC SUPER\u00d3 FRONTERAS MEDIANTE ALIANZAS ESTRAT\u00c9GICAS\"}]},{\"@type\":\"WebSite\",\"@id\":\"https:\\\/\\\/garageblogec.com\\\/#website\",\"url\":\"https:\\\/\\\/garageblogec.com\\\/\",\"name\":\"Garage Blog Ecuador\",\"description\":\"Alucinamos por los autos \",\"publisher\":{\"@id\":\"https:\\\/\\\/garageblogec.com\\\/#organization\"},\"potentialAction\":[{\"@type\":\"SearchAction\",\"target\":{\"@type\":\"EntryPoint\",\"urlTemplate\":\"https:\\\/\\\/garageblogec.com\\\/?s={search_term_string}\"},\"query-input\":{\"@type\":\"PropertyValueSpecification\",\"valueRequired\":true,\"valueName\":\"search_term_string\"}}],\"inLanguage\":\"es\"},{\"@type\":\"Organization\",\"@id\":\"https:\\\/\\\/garageblogec.com\\\/#organization\",\"name\":\"Garage Blog Ecuador\",\"url\":\"https:\\\/\\\/garageblogec.com\\\/\",\"logo\":{\"@type\":\"ImageObject\",\"inLanguage\":\"es\",\"@id\":\"https:\\\/\\\/garageblogec.com\\\/#\\\/schema\\\/logo\\\/image\\\/\",\"url\":\"https:\\\/\\\/garageblogec.com\\\/wp-content\\\/uploads\\\/2024\\\/02\\\/cropped-logo-png-para-blog.webp\",\"contentUrl\":\"https:\\\/\\\/garageblogec.com\\\/wp-content\\\/uploads\\\/2024\\\/02\\\/cropped-logo-png-para-blog.webp\",\"width\":840,\"height\":556,\"caption\":\"Garage Blog Ecuador \"},\"image\":{\"@id\":\"https:\\\/\\\/garageblogec.com\\\/#\\\/schema\\\/logo\\\/image\\\/\"}},{\"@type\":\"Person\",\"@id\":\"https:\\\/\\\/garageblogec.com\\\/#\\\/schema\\\/person\\\/635f4b76c0cb3e43b82fe6f7d8bcceea\",\"name\":\"gabi1212\",\"image\":{\"@type\":\"ImageObject\",\"inLanguage\":\"es\",\"@id\":\"https:\\\/\\\/secure.gravatar.com\\\/avatar\\\/6aa491f45cb359d4d6dd8c430e83f78899c80569c27d21156e19bbdcd31d1811?s=96&d=mm&r=g\",\"url\":\"https:\\\/\\\/secure.gravatar.com\\\/avatar\\\/6aa491f45cb359d4d6dd8c430e83f78899c80569c27d21156e19bbdcd31d1811?s=96&d=mm&r=g\",\"contentUrl\":\"https:\\\/\\\/secure.gravatar.com\\\/avatar\\\/6aa491f45cb359d4d6dd8c430e83f78899c80569c27d21156e19bbdcd31d1811?s=96&d=mm&r=g\",\"caption\":\"gabi1212\"},\"url\":\"https:\\\/\\\/garageblogec.com\\\/?author=6\"}]}<\/script>\n<!-- \/ Yoast SEO plugin. -->","yoast_head_json":{"title":"L\u00cdDER GLOBAL EN MOVILIDAD: C\u00d3MO GAC SUPER\u00d3 FRONTERAS MEDIANTE ALIANZAS ESTRAT\u00c9GICAS - Garage Blog Ecuador","robots":{"index":"index","follow":"follow","max-snippet":"max-snippet:-1","max-image-preview":"max-image-preview:large","max-video-preview":"max-video-preview:-1"},"canonical":"https:\/\/garageblogec.com\/?p=2755","og_locale":"es_ES","og_type":"article","og_title":"L\u00cdDER GLOBAL EN MOVILIDAD: C\u00d3MO GAC SUPER\u00d3 FRONTERAS MEDIANTE ALIANZAS ESTRAT\u00c9GICAS - Garage Blog Ecuador","og_description":"En la industria automotriz global, donde la innovaci\u00f3n y la colaboraci\u00f3n definen el rumbo de la movilidad, GAC se ha consolidado como un actor estrat\u00e9gico y visionario. Desde su origen en Guangzhou, China, la marca ha construido, durante m\u00e1s de 25 a\u00f1os, una red de alianzas que trasciende fronteras y redefine los est\u00e1ndares tecnol\u00f3gicos del [&hellip;]","og_url":"https:\/\/garageblogec.com\/?p=2755","og_site_name":"Garage Blog Ecuador","article_published_time":"2025-11-13T18:50:29+00:00","article_modified_time":"2025-11-13T18:50:35+00:00","og_image":[{"width":980,"height":551,"url":"https:\/\/garageblogec.com\/wp-content\/uploads\/2025\/11\/WhatsApp-Image-2025-11-12-at-9.54.22-AM-2.jpeg","type":"image\/jpeg"}],"author":"gabi1212","twitter_card":"summary_large_image","twitter_misc":{"Escrito por":"gabi1212","Tiempo de lectura":"6 minutos"},"schema":{"@context":"https:\/\/schema.org","@graph":[{"@type":"Article","@id":"https:\/\/garageblogec.com\/?p=2755#article","isPartOf":{"@id":"https:\/\/garageblogec.com\/?p=2755"},"author":{"name":"gabi1212","@id":"https:\/\/garageblogec.com\/#\/schema\/person\/635f4b76c0cb3e43b82fe6f7d8bcceea"},"headline":"L\u00cdDER GLOBAL EN MOVILIDAD: C\u00d3MO GAC SUPER\u00d3 FRONTERAS MEDIANTE ALIANZAS ESTRAT\u00c9GICAS","datePublished":"2025-11-13T18:50:29+00:00","dateModified":"2025-11-13T18:50:35+00:00","mainEntityOfPage":{"@id":"https:\/\/garageblogec.com\/?p=2755"},"wordCount":1100,"commentCount":0,"publisher":{"@id":"https:\/\/garageblogec.com\/#organization"},"image":{"@id":"https:\/\/garageblogec.com\/?p=2755#primaryimage"},"thumbnailUrl":"https:\/\/garageblogec.com\/wp-content\/uploads\/2025\/11\/WhatsApp-Image-2025-11-12-at-9.54.22-AM-2.jpeg","articleSection":["Industria Nacional"],"inLanguage":"es","potentialAction":[{"@type":"CommentAction","name":"Comment","target":["https:\/\/garageblogec.com\/?p=2755#respond"]}]},{"@type":"WebPage","@id":"https:\/\/garageblogec.com\/?p=2755","url":"https:\/\/garageblogec.com\/?p=2755","name":"L\u00cdDER GLOBAL EN MOVILIDAD: C\u00d3MO GAC SUPER\u00d3 FRONTERAS MEDIANTE ALIANZAS ESTRAT\u00c9GICAS - Garage Blog Ecuador","isPartOf":{"@id":"https:\/\/garageblogec.com\/#website"},"primaryImageOfPage":{"@id":"https:\/\/garageblogec.com\/?p=2755#primaryimage"},"image":{"@id":"https:\/\/garageblogec.com\/?p=2755#primaryimage"},"thumbnailUrl":"https:\/\/garageblogec.com\/wp-content\/uploads\/2025\/11\/WhatsApp-Image-2025-11-12-at-9.54.22-AM-2.jpeg","datePublished":"2025-11-13T18:50:29+00:00","dateModified":"2025-11-13T18:50:35+00:00","breadcrumb":{"@id":"https:\/\/garageblogec.com\/?p=2755#breadcrumb"},"inLanguage":"es","potentialAction":[{"@type":"ReadAction","target":["https:\/\/garageblogec.com\/?p=2755"]}]},{"@type":"ImageObject","inLanguage":"es","@id":"https:\/\/garageblogec.com\/?p=2755#primaryimage","url":"https:\/\/garageblogec.com\/wp-content\/uploads\/2025\/11\/WhatsApp-Image-2025-11-12-at-9.54.22-AM-2.jpeg","contentUrl":"https:\/\/garageblogec.com\/wp-content\/uploads\/2025\/11\/WhatsApp-Image-2025-11-12-at-9.54.22-AM-2.jpeg","width":980,"height":551},{"@type":"BreadcrumbList","@id":"https:\/\/garageblogec.com\/?p=2755#breadcrumb","itemListElement":[{"@type":"ListItem","position":1,"name":"Portada","item":"https:\/\/garageblogec.com\/"},{"@type":"ListItem","position":2,"name":"L\u00cdDER GLOBAL EN MOVILIDAD: C\u00d3MO GAC SUPER\u00d3 FRONTERAS MEDIANTE ALIANZAS ESTRAT\u00c9GICAS"}]},{"@type":"WebSite","@id":"https:\/\/garageblogec.com\/#website","url":"https:\/\/garageblogec.com\/","name":"Garage Blog Ecuador","description":"Alucinamos por los autos ","publisher":{"@id":"https:\/\/garageblogec.com\/#organization"},"potentialAction":[{"@type":"SearchAction","target":{"@type":"EntryPoint","urlTemplate":"https:\/\/garageblogec.com\/?s={search_term_string}"},"query-input":{"@type":"PropertyValueSpecification","valueRequired":true,"valueName":"search_term_string"}}],"inLanguage":"es"},{"@type":"Organization","@id":"https:\/\/garageblogec.com\/#organization","name":"Garage Blog Ecuador","url":"https:\/\/garageblogec.com\/","logo":{"@type":"ImageObject","inLanguage":"es","@id":"https:\/\/garageblogec.com\/#\/schema\/logo\/image\/","url":"https:\/\/garageblogec.com\/wp-content\/uploads\/2024\/02\/cropped-logo-png-para-blog.webp","contentUrl":"https:\/\/garageblogec.com\/wp-content\/uploads\/2024\/02\/cropped-logo-png-para-blog.webp","width":840,"height":556,"caption":"Garage Blog Ecuador "},"image":{"@id":"https:\/\/garageblogec.com\/#\/schema\/logo\/image\/"}},{"@type":"Person","@id":"https:\/\/garageblogec.com\/#\/schema\/person\/635f4b76c0cb3e43b82fe6f7d8bcceea","name":"gabi1212","image":{"@type":"ImageObject","inLanguage":"es","@id":"https:\/\/secure.gravatar.com\/avatar\/6aa491f45cb359d4d6dd8c430e83f78899c80569c27d21156e19bbdcd31d1811?s=96&d=mm&r=g","url":"https:\/\/secure.gravatar.com\/avatar\/6aa491f45cb359d4d6dd8c430e83f78899c80569c27d21156e19bbdcd31d1811?s=96&d=mm&r=g","contentUrl":"https:\/\/secure.gravatar.com\/avatar\/6aa491f45cb359d4d6dd8c430e83f78899c80569c27d21156e19bbdcd31d1811?s=96&d=mm&r=g","caption":"gabi1212"},"url":"https:\/\/garageblogec.com\/?author=6"}]}},"jetpack_featured_media_url":"https:\/\/garageblogec.com\/wp-content\/uploads\/2025\/11\/WhatsApp-Image-2025-11-12-at-9.54.22-AM-2.jpeg","jetpack_sharing_enabled":true,"_links":{"self":[{"href":"https:\/\/garageblogec.com\/index.php?rest_route=\/wp\/v2\/posts\/2755","targetHints":{"allow":["GET"]}}],"collection":[{"href":"https:\/\/garageblogec.com\/index.php?rest_route=\/wp\/v2\/posts"}],"about":[{"href":"https:\/\/garageblogec.com\/index.php?rest_route=\/wp\/v2\/types\/post"}],"author":[{"embeddable":true,"href":"https:\/\/garageblogec.com\/index.php?rest_route=\/wp\/v2\/users\/6"}],"replies":[{"embeddable":true,"href":"https:\/\/garageblogec.com\/index.php?rest_route=%2Fwp%2Fv2%2Fcomments&post=2755"}],"version-history":[{"count":1,"href":"https:\/\/garageblogec.com\/index.php?rest_route=\/wp\/v2\/posts\/2755\/revisions"}],"predecessor-version":[{"id":2759,"href":"https:\/\/garageblogec.com\/index.php?rest_route=\/wp\/v2\/posts\/2755\/revisions\/2759"}],"wp:featuredmedia":[{"embeddable":true,"href":"https:\/\/garageblogec.com\/index.php?rest_route=\/wp\/v2\/media\/2758"}],"wp:attachment":[{"href":"https:\/\/garageblogec.com\/index.php?rest_route=%2Fwp%2Fv2%2Fmedia&parent=2755"}],"wp:term":[{"taxonomy":"category","embeddable":true,"href":"https:\/\/garageblogec.com\/index.php?rest_route=%2Fwp%2Fv2%2Fcategories&post=2755"},{"taxonomy":"post_tag","embeddable":true,"href":"https:\/\/garageblogec.com\/index.php?rest_route=%2Fwp%2Fv2%2Ftags&post=2755"}],"curies":[{"name":"wp","href":"https:\/\/api.w.org\/{rel}","templated":true}]}}