{"id":2734,"date":"2025-11-06T19:48:27","date_gmt":"2025-11-06T19:48:27","guid":{"rendered":"https:\/\/garageblogec.com\/?p=2734"},"modified":"2025-11-06T19:48:33","modified_gmt":"2025-11-06T19:48:33","slug":"reconocimientos-internacionales-de-jd-power-a-los-world-car-awards-gac-conquista-los-principales-premios-del-sector-automotriz","status":"publish","type":"post","link":"https:\/\/garageblogec.com\/?p=2734","title":{"rendered":"RECONOCIMIENTOS INTERNACIONALES: DE JD POWER A LOS WORLD CAR AWARDS, GAC CONQUISTA LOS PRINCIPALES PREMIOS DEL SECTOR AUTOMOTRIZ"},"content":{"rendered":"\n<p>En un entorno automotriz cada vez m\u00e1s competitivo, donde la innovaci\u00f3n tecnol\u00f3gica ya no es un diferencial sino una exigencia, pocas marcas logran posicionarse con consistencia en los rankings m\u00e1s rigurosos del mundo. GAC lo ha conseguido. En apenas una d\u00e9cada, la compa\u00f1\u00eda china ha pasado de ser un actor emergente para convertirse en referente global, validado por organismos independientes y medios especializados de alto prestigio.<\/p>\n\n\n\n<p>Desde reconocimientos a la calidad percibida hasta distinciones por dise\u00f1o, experiencia de usuario y desempe\u00f1o, GAC ha sido galardonada de manera consecutiva por m\u00faltiples entidades internacionales. Entre ellas, destacan los premios de J.D. Power, donde ha sido reconocida como la marca n\u00famero uno en calidad en China durante ocho a\u00f1os consecutivos. Esta distinci\u00f3n se basa en estudios que miden la confiabilidad y satisfacci\u00f3n del cliente en los primeros meses de uso de sus veh\u00edculos, un est\u00e1ndar clave en la industria automotriz.<\/p>\n\n\n\n<figure class=\"wp-block-image size-full\"><img fetchpriority=\"high\" decoding=\"async\" width=\"700\" height=\"394\" src=\"https:\/\/garageblogec.com\/wp-content\/uploads\/2025\/11\/WhatsApp-Image-2025-11-06-at-9.37.49-AM.jpeg\" alt=\"\" class=\"wp-image-2735\" srcset=\"https:\/\/garageblogec.com\/wp-content\/uploads\/2025\/11\/WhatsApp-Image-2025-11-06-at-9.37.49-AM.jpeg 700w, https:\/\/garageblogec.com\/wp-content\/uploads\/2025\/11\/WhatsApp-Image-2025-11-06-at-9.37.49-AM-300x169.jpeg 300w\" sizes=\"(max-width: 700px) 100vw, 700px\" \/><\/figure>\n\n\n\n<p>Uno de los reconocimientos m\u00e1s recientes lleg\u00f3 a trav\u00e9s de los World Car Awards 2025, donde dos modelos de GAC \u2014incluido el EMZOOM\u2014 fueron nominados entre los 50 mejores autos del mundo. Esta premiaci\u00f3n, considerada una de las m\u00e1s influyentes del sector, eval\u00faa criterios como dise\u00f1o, innovaci\u00f3n, seguridad, eficiencia y experiencia al volante. La inclusi\u00f3n de GAC en esta lista reafirma su capacidad para competir con las grandes marcas europeas, japonesas y estadounidenses en los mercados m\u00e1s exigentes.<\/p>\n\n\n\n<p>M\u00e1s all\u00e1 de los galardones por producto, GAC tambi\u00e9n ha recibido elogios por sus avances en movilidad sostenible y plataformas de nueva energ\u00eda \u2014que incluye tanto veh\u00edculos el\u00e9ctricos como h\u00edbridos\u2014 gracias a desarrollos como sus bater\u00edas de grafeno, sus sistemas de conducci\u00f3n asistida ADIGO y su arquitectura GEP 2.0. Estos avances han sido destacados no solo por instituciones de evaluaci\u00f3n, sino tambi\u00e9n por medios internacionales como <em>CarNewsChina<\/em> y <em>AutoWeek<\/em>, que han se\u00f1alado a GAC como una de las marcas que lidera la nueva ola de electrificaci\u00f3n global.<\/p>\n\n\n\n<p>A nivel regional, los logros tambi\u00e9n se acumulan. En M\u00e9xico, el GAC EMZOOM fue nombrado \u201cSUV compacto del a\u00f1o\u201d, mientras que el modelo EMPOW fue reconocido como \u201cAuto del a\u00f1o\u201d. En Chile, el EMZOOM tambi\u00e9n recibi\u00f3 un galard\u00f3n en su categor\u00eda. Por su parte, en Brasil, el AION V obtuvo el premio a la \u201cMejor compra del a\u00f1o\u201d por una de las revistas especializadas m\u00e1s importantes del pa\u00eds. Estos premios reflejan no solo el desempe\u00f1o t\u00e9cnico de los modelos, sino tambi\u00e9n la confianza del consumidor en distintos mercados latinoamericanos.<\/p>\n\n\n\n<p>La seriedad de sus procesos industriales tambi\u00e9n ha contribuido a sus premios. Modelos como el GS4 MAX, el AION V y el AION UT han obtenido calificaciones de 5 estrellas en pruebas de seguridad como C-NCAP y Euro NCAP, lo que demuestra un enfoque transversal que va m\u00e1s all\u00e1 del marketing o la est\u00e9tica. En GAC, la calidad no es una meta aspiracional: es un logro.<\/p>\n\n\n\n<p>\u201cLos reconocimientos no son nuestro destino, pero s\u00ed una se\u00f1al clara de que estamos en el camino correcto. GAC naci\u00f3 para desafiar paradigmas y construir tecnolog\u00eda con prop\u00f3sito real. Hoy, m\u00e1s que premios, lo que nos enorgullece es la validaci\u00f3n del usuario en cada pa\u00eds al que llegamos\u201d, se\u00f1al\u00f3 <strong>Santiago Chucker, Gerente de GAC Ecuador.<\/strong><\/p>\n\n\n\n<p>Estos reconocimientos no son aislados, sino el resultado de una visi\u00f3n consistente. Desde hace m\u00e1s de una d\u00e9cada, GAC ha apostado por la investigaci\u00f3n y el desarrollo como columna vertebral de su crecimiento. Con alianzas con gigantes tecnol\u00f3gicos como Huawei y presencia en 84 pa\u00edses de los cinco continentes, la marca contin\u00faa consolidando una reputaci\u00f3n global basada en hechos, no promesas.<\/p>\n\n\n\n<p>En Ecuador, GAC desembarca con el mismo est\u00e1ndar con el que ha conquistado mercados internacionales. Su portafolio el\u00e9ctrico, h\u00edbrido y a combusti\u00f3n no solo cumple con normativas internacionales: aspira a elevar el est\u00e1ndar local, invitando a consumidores y expertos a redescubrir lo que puede \u2014y debe\u2014 ofrecer un auto.<\/p>\n\n\n<div class='pt-cv-wrapper'> <h3 class='pt-cv-heading-container heading1' data-blockid='7gnon6r4'><span class='pt-cv-heading'> Overlay1 <\/span><\/h3><div class=\"pt-cv-view pt-cv-overlaygrid iscvblock iscvreal overlay1 layout1\" id=\"pt-cv-view-7gnon6r4\"><div data-id=\"pt-cv-page-1\" class=\"pt-cv-page\" data-cvc=\"3\"><div class=\" pt-cv-content-item pt-cv-1-col\" ><div class=\"pt-cv-thumb-wrapper  \"><a href=\"https:\/\/garageblogec.com\/?p=3303\" class=\"_self pt-cv-href-thumbnail pt-cv-thumb-default\" target=\"_self\" ><img decoding=\"async\" width=\"768\" height=\"432\" src=\"https:\/\/garageblogec.com\/wp-content\/uploads\/2026\/04\/WhatsApp-Image-2026-04-21-at-1.52.53-PM-768x432.jpeg\" class=\"pt-cv-thumbnail\" alt=\"\" \/><\/a><\/div>\n<div class=\"pt-cv-overlay-wrapper\"><div class=\"pt-cv-taxoterm above_title\"><a href='https:\/\/garageblogec.com\/?cat=27' title='Industria Nacional' class='pt-cv-tax-industria-nacional'>Industria Nacional<\/a><\/div><h4 class=\"pt-cv-title\"><a href=\"https:\/\/garageblogec.com\/?p=3303\" class=\"_self\" target=\"_self\" >Grupo Ambacar presenta en Guayaquil KGM, su nueva marca de SUV h\u00edbridos con respaldo global<\/a><\/h4><div class=\"pt-cv-meta-fields\"><span class=\"entry-date\"> <time datetime=\"2026-04-21T21:37:24+00:00\">abril 21, 2026<\/time><\/span><span> \/ <\/span><span class=\"author\"> <a href=\"https:\/\/garageblogec.com\/?author=6\" rel=\"author\">gabi1212<\/a><\/span><\/div><\/div><\/div>\n<div class=\" pt-cv-content-item pt-cv-1-col\" ><div class=\"pt-cv-thumb-wrapper  \"><a href=\"https:\/\/garageblogec.com\/?p=3296\" class=\"_self pt-cv-href-thumbnail pt-cv-thumb-default\" target=\"_self\" ><img decoding=\"async\" width=\"768\" height=\"432\" src=\"https:\/\/garageblogec.com\/wp-content\/uploads\/2026\/04\/WhatsApp-Image-2026-04-14-at-3.15.09-PM-768x432.jpeg\" class=\"pt-cv-thumbnail\" alt=\"\" \/><\/a><\/div>\n<div class=\"pt-cv-overlay-wrapper\"><div class=\"pt-cv-taxoterm above_title\"><a href='https:\/\/garageblogec.com\/?cat=27' title='Industria Nacional' class='pt-cv-tax-industria-nacional'>Industria Nacional<\/a><\/div><h4 class=\"pt-cv-title\"><a href=\"https:\/\/garageblogec.com\/?p=3296\" class=\"_self\" target=\"_self\" >El tablero desapareci\u00f3, ahora el auto es una pantalla inteligente<\/a><\/h4><div class=\"pt-cv-meta-fields\"><span class=\"entry-date\"> <time datetime=\"2026-04-14T20:21:20+00:00\">abril 14, 2026<\/time><\/span><span> \/ <\/span><span class=\"author\"> <a href=\"https:\/\/garageblogec.com\/?author=6\" rel=\"author\">gabi1212<\/a><\/span><\/div><\/div><\/div>\n<div class=\" pt-cv-content-item pt-cv-1-col\" ><div class=\"pt-cv-thumb-wrapper  \"><a href=\"https:\/\/garageblogec.com\/?p=3291\" class=\"_self pt-cv-href-thumbnail pt-cv-thumb-default\" target=\"_self\" ><img loading=\"lazy\" decoding=\"async\" width=\"768\" height=\"432\" src=\"https:\/\/garageblogec.com\/wp-content\/uploads\/2026\/04\/WhatsApp-Image-2026-04-14-at-2.21.27-PM-768x432.jpeg\" class=\"pt-cv-thumbnail\" alt=\"\" \/><\/a><\/div>\n<div class=\"pt-cv-overlay-wrapper\"><div class=\"pt-cv-taxoterm above_title\"><a href='https:\/\/garageblogec.com\/?cat=27' title='Industria Nacional' class='pt-cv-tax-industria-nacional'>Industria Nacional<\/a><\/div><h4 class=\"pt-cv-title\"><a href=\"https:\/\/garageblogec.com\/?p=3291\" class=\"_self\" target=\"_self\" >Seguridad al volante en Ecuador: los errores m\u00e1s comunes que cometen los conductores<\/a><\/h4><div class=\"pt-cv-meta-fields\"><span class=\"entry-date\"> <time datetime=\"2026-04-14T20:08:54+00:00\">abril 14, 2026<\/time><\/span><span> \/ <\/span><span class=\"author\"> <a href=\"https:\/\/garageblogec.com\/?author=6\" rel=\"author\">gabi1212<\/a><\/span><\/div><\/div><\/div>\n<div class=\" pt-cv-content-item pt-cv-1-col\" ><div class=\"pt-cv-thumb-wrapper  \"><a href=\"https:\/\/garageblogec.com\/?p=3286\" class=\"_self pt-cv-href-thumbnail pt-cv-thumb-default\" target=\"_self\" ><img loading=\"lazy\" decoding=\"async\" width=\"768\" height=\"492\" src=\"https:\/\/garageblogec.com\/wp-content\/uploads\/2026\/04\/Posventa.jpg-768x492.jpeg\" class=\"pt-cv-thumbnail\" alt=\"\" \/><\/a><\/div>\n<div class=\"pt-cv-overlay-wrapper\"><div class=\"pt-cv-taxoterm above_title\"><a href='https:\/\/garageblogec.com\/?cat=27' title='Industria Nacional' class='pt-cv-tax-industria-nacional'>Industria Nacional<\/a><\/div><h4 class=\"pt-cv-title\"><a href=\"https:\/\/garageblogec.com\/?p=3286\" class=\"_self\" target=\"_self\" >Clientes Nissan reciben cambios de aceite infinitos<\/a><\/h4><div class=\"pt-cv-meta-fields\"><span class=\"entry-date\"> <time datetime=\"2026-04-14T20:04:08+00:00\">abril 14, 2026<\/time><\/span><span> \/ <\/span><span class=\"author\"> <a href=\"https:\/\/garageblogec.com\/?author=6\" rel=\"author\">gabi1212<\/a><\/span><\/div><\/div><\/div>\n<div class=\" pt-cv-content-item pt-cv-1-col\" ><div class=\"pt-cv-thumb-wrapper  \"><a href=\"https:\/\/garageblogec.com\/?p=3280\" class=\"_self pt-cv-href-thumbnail pt-cv-thumb-default\" target=\"_self\" ><img loading=\"lazy\" decoding=\"async\" width=\"768\" height=\"512\" src=\"https:\/\/garageblogec.com\/wp-content\/uploads\/2026\/04\/foto1-768x512.jpeg\" class=\"pt-cv-thumbnail\" alt=\"\" \/><\/a><\/div>\n<div class=\"pt-cv-overlay-wrapper\"><div class=\"pt-cv-taxoterm above_title\"><a href='https:\/\/garageblogec.com\/?cat=27' title='Industria Nacional' class='pt-cv-tax-industria-nacional'>Industria Nacional<\/a><\/div><h4 class=\"pt-cv-title\"><a href=\"https:\/\/garageblogec.com\/?p=3280\" class=\"_self\" target=\"_self\" >Movilidad como inversi\u00f3n: el uso de utilidades que crece en Ecuador<\/a><\/h4><div class=\"pt-cv-meta-fields\"><span class=\"entry-date\"> <time datetime=\"2026-04-07T19:55:36+00:00\">abril 7, 2026<\/time><\/span><span> \/ <\/span><span class=\"author\"> <a href=\"https:\/\/garageblogec.com\/?author=6\" rel=\"author\">gabi1212<\/a><\/span><\/div><\/div><\/div>\n<div class=\" pt-cv-content-item pt-cv-1-col\" ><div class=\"pt-cv-thumb-wrapper  \"><a href=\"https:\/\/garageblogec.com\/?p=3276\" class=\"_self pt-cv-href-thumbnail pt-cv-thumb-default\" target=\"_self\" ><img loading=\"lazy\" decoding=\"async\" width=\"745\" height=\"491\" src=\"https:\/\/garageblogec.com\/wp-content\/uploads\/2026\/04\/TT.png\" class=\"pt-cv-thumbnail\" alt=\"\" \/><\/a><\/div>\n<div class=\"pt-cv-overlay-wrapper\"><div class=\"pt-cv-taxoterm above_title\"><a href='https:\/\/garageblogec.com\/?cat=27' title='Industria Nacional' class='pt-cv-tax-industria-nacional'>Industria Nacional<\/a><\/div><h4 class=\"pt-cv-title\"><a href=\"https:\/\/garageblogec.com\/?p=3276\" class=\"_self\" target=\"_self\" >Lluvias en Ecuador: C\u00f3mo reducir riesgos en carretera y prevenir accidentes en calzada mojada<\/a><\/h4><div class=\"pt-cv-meta-fields\"><span class=\"entry-date\"> <time datetime=\"2026-04-07T19:46:52+00:00\">abril 7, 2026<\/time><\/span><span> \/ <\/span><span class=\"author\"> <a href=\"https:\/\/garageblogec.com\/?author=6\" rel=\"author\">gabi1212<\/a><\/span><\/div><\/div><\/div><\/div><\/div> <\/div> <style>\n#pt-cv-view-7gnon6r4 .pt-cv-thumb-wrapper::before {background: rgba(0,0,0,.4); opacity: 0.8;}#pt-cv-view-7gnon6r4 .pt-cv-overlay-wrapper {justify-content: center;}\n#pt-cv-view-7gnon6r4 .pt-cv-meta-fields {  }#pt-cv-view-7gnon6r4 .pt-cv-meta-fields * { font-size: 13px; }#pt-cv-view-7gnon6r4 .pt-cv-title a { display: block; }#pt-cv-view-7gnon6r4 .pt-cv-title:not(.pt-cv-titlesm) a { font-weight: 600;text-decoration: none;font-size: 20px; }#pt-cv-view-7gnon6r4 .pt-cv-titlesm a { font-weight: 600;font-size: 18px; }#pt-cv-view-7gnon6r4 .pt-cv-content { font-size: 15px; }#pt-cv-view-7gnon6r4 .pt-cv-rmwrap {  }#pt-cv-view-7gnon6r4 .pt-cv-readmore { color: #fff;background-color: #0075ff;font-size: 14px; }#pt-cv-view-7gnon6r4 .pt-cv-taxoterm { margin: 0px 0px 20px 0px; }#pt-cv-view-7gnon6r4 .pt-cv-taxoterm * { color: #222;background-color: #fff6f6;font-size: 14px; }#pt-cv-view-7gnon6r4 + .pt-cv-pagination-wrapper {  }#pt-cv-view-7gnon6r4 + .pt-cv-pagination-wrapper a { font-size: 14px; }#pt-cv-view-7gnon6r4 > .pt-cv-page {grid-template-columns: repeat(3, 1fr);grid-auto-rows: 250px;grid-gap: 10px;}\n@media all and (max-width: 1024px) { \n#pt-cv-view-7gnon6r4 > .pt-cv-page {}\n} \n@media all and (max-width: 767px) { \n#pt-cv-view-7gnon6r4 > .pt-cv-page {grid-template-columns: repeat(1, 1fr);}\n} <\/style>","protected":false},"excerpt":{"rendered":"<p>En un entorno automotriz cada vez m\u00e1s competitivo, donde la innovaci\u00f3n tecnol\u00f3gica ya no es un diferencial sino una exigencia, pocas marcas logran posicionarse con consistencia en los rankings m\u00e1s rigurosos del mundo. GAC lo ha conseguido. En apenas una d\u00e9cada, la compa\u00f1\u00eda china ha pasado de ser un actor emergente para convertirse en referente [&hellip;]<\/p>\n","protected":false},"author":6,"featured_media":2735,"comment_status":"open","ping_status":"open","sticky":false,"template":"","format":"standard","meta":{"_jetpack_memberships_contains_paid_content":false,"footnotes":""},"categories":[27],"tags":[],"class_list":["post-2734","post","type-post","status-publish","format-standard","has-post-thumbnail","hentry","category-industria-nacional"],"yoast_head":"<!-- This site is optimized with the Yoast SEO plugin v27.5 - https:\/\/yoast.com\/product\/yoast-seo-wordpress\/ -->\n<title>RECONOCIMIENTOS INTERNACIONALES: DE JD POWER A LOS WORLD CAR AWARDS, GAC CONQUISTA LOS PRINCIPALES PREMIOS DEL SECTOR AUTOMOTRIZ - Garage Blog Ecuador<\/title>\n<meta name=\"robots\" content=\"index, follow, max-snippet:-1, max-image-preview:large, max-video-preview:-1\" \/>\n<link rel=\"canonical\" href=\"https:\/\/garageblogec.com\/?p=2734\" \/>\n<meta property=\"og:locale\" content=\"es_ES\" \/>\n<meta property=\"og:type\" content=\"article\" \/>\n<meta property=\"og:title\" content=\"RECONOCIMIENTOS INTERNACIONALES: DE JD POWER A LOS WORLD CAR AWARDS, GAC CONQUISTA LOS PRINCIPALES PREMIOS DEL SECTOR AUTOMOTRIZ - Garage Blog Ecuador\" \/>\n<meta property=\"og:description\" content=\"En un entorno automotriz cada vez m\u00e1s competitivo, donde la innovaci\u00f3n tecnol\u00f3gica ya no es un diferencial sino una exigencia, pocas marcas logran posicionarse con consistencia en los rankings m\u00e1s rigurosos del mundo. GAC lo ha conseguido. En apenas una d\u00e9cada, la compa\u00f1\u00eda china ha pasado de ser un actor emergente para convertirse en referente [&hellip;]\" \/>\n<meta property=\"og:url\" content=\"https:\/\/garageblogec.com\/?p=2734\" \/>\n<meta property=\"og:site_name\" content=\"Garage Blog Ecuador\" \/>\n<meta property=\"article:published_time\" content=\"2025-11-06T19:48:27+00:00\" \/>\n<meta property=\"article:modified_time\" content=\"2025-11-06T19:48:33+00:00\" \/>\n<meta property=\"og:image\" content=\"https:\/\/garageblogec.com\/wp-content\/uploads\/2025\/11\/WhatsApp-Image-2025-11-06-at-9.37.49-AM.jpeg\" \/>\n\t<meta property=\"og:image:width\" content=\"700\" \/>\n\t<meta property=\"og:image:height\" content=\"394\" \/>\n\t<meta property=\"og:image:type\" content=\"image\/jpeg\" \/>\n<meta name=\"author\" content=\"gabi1212\" \/>\n<meta name=\"twitter:card\" content=\"summary_large_image\" \/>\n<meta name=\"twitter:label1\" content=\"Escrito por\" \/>\n\t<meta name=\"twitter:data1\" content=\"gabi1212\" \/>\n\t<meta name=\"twitter:label2\" content=\"Tiempo de lectura\" \/>\n\t<meta name=\"twitter:data2\" content=\"4 minutos\" \/>\n<script type=\"application\/ld+json\" class=\"yoast-schema-graph\">{\"@context\":\"https:\\\/\\\/schema.org\",\"@graph\":[{\"@type\":\"Article\",\"@id\":\"https:\\\/\\\/garageblogec.com\\\/?p=2734#article\",\"isPartOf\":{\"@id\":\"https:\\\/\\\/garageblogec.com\\\/?p=2734\"},\"author\":{\"name\":\"gabi1212\",\"@id\":\"https:\\\/\\\/garageblogec.com\\\/#\\\/schema\\\/person\\\/635f4b76c0cb3e43b82fe6f7d8bcceea\"},\"headline\":\"RECONOCIMIENTOS INTERNACIONALES: DE JD POWER A LOS WORLD CAR AWARDS, GAC CONQUISTA LOS PRINCIPALES PREMIOS DEL SECTOR AUTOMOTRIZ\",\"datePublished\":\"2025-11-06T19:48:27+00:00\",\"dateModified\":\"2025-11-06T19:48:33+00:00\",\"mainEntityOfPage\":{\"@id\":\"https:\\\/\\\/garageblogec.com\\\/?p=2734\"},\"wordCount\":718,\"commentCount\":0,\"publisher\":{\"@id\":\"https:\\\/\\\/garageblogec.com\\\/#organization\"},\"image\":{\"@id\":\"https:\\\/\\\/garageblogec.com\\\/?p=2734#primaryimage\"},\"thumbnailUrl\":\"https:\\\/\\\/garageblogec.com\\\/wp-content\\\/uploads\\\/2025\\\/11\\\/WhatsApp-Image-2025-11-06-at-9.37.49-AM.jpeg\",\"articleSection\":[\"Industria Nacional\"],\"inLanguage\":\"es\",\"potentialAction\":[{\"@type\":\"CommentAction\",\"name\":\"Comment\",\"target\":[\"https:\\\/\\\/garageblogec.com\\\/?p=2734#respond\"]}]},{\"@type\":\"WebPage\",\"@id\":\"https:\\\/\\\/garageblogec.com\\\/?p=2734\",\"url\":\"https:\\\/\\\/garageblogec.com\\\/?p=2734\",\"name\":\"RECONOCIMIENTOS INTERNACIONALES: DE JD POWER A LOS WORLD CAR AWARDS, GAC CONQUISTA LOS PRINCIPALES PREMIOS DEL SECTOR AUTOMOTRIZ - Garage Blog Ecuador\",\"isPartOf\":{\"@id\":\"https:\\\/\\\/garageblogec.com\\\/#website\"},\"primaryImageOfPage\":{\"@id\":\"https:\\\/\\\/garageblogec.com\\\/?p=2734#primaryimage\"},\"image\":{\"@id\":\"https:\\\/\\\/garageblogec.com\\\/?p=2734#primaryimage\"},\"thumbnailUrl\":\"https:\\\/\\\/garageblogec.com\\\/wp-content\\\/uploads\\\/2025\\\/11\\\/WhatsApp-Image-2025-11-06-at-9.37.49-AM.jpeg\",\"datePublished\":\"2025-11-06T19:48:27+00:00\",\"dateModified\":\"2025-11-06T19:48:33+00:00\",\"breadcrumb\":{\"@id\":\"https:\\\/\\\/garageblogec.com\\\/?p=2734#breadcrumb\"},\"inLanguage\":\"es\",\"potentialAction\":[{\"@type\":\"ReadAction\",\"target\":[\"https:\\\/\\\/garageblogec.com\\\/?p=2734\"]}]},{\"@type\":\"ImageObject\",\"inLanguage\":\"es\",\"@id\":\"https:\\\/\\\/garageblogec.com\\\/?p=2734#primaryimage\",\"url\":\"https:\\\/\\\/garageblogec.com\\\/wp-content\\\/uploads\\\/2025\\\/11\\\/WhatsApp-Image-2025-11-06-at-9.37.49-AM.jpeg\",\"contentUrl\":\"https:\\\/\\\/garageblogec.com\\\/wp-content\\\/uploads\\\/2025\\\/11\\\/WhatsApp-Image-2025-11-06-at-9.37.49-AM.jpeg\",\"width\":700,\"height\":394},{\"@type\":\"BreadcrumbList\",\"@id\":\"https:\\\/\\\/garageblogec.com\\\/?p=2734#breadcrumb\",\"itemListElement\":[{\"@type\":\"ListItem\",\"position\":1,\"name\":\"Portada\",\"item\":\"https:\\\/\\\/garageblogec.com\\\/\"},{\"@type\":\"ListItem\",\"position\":2,\"name\":\"RECONOCIMIENTOS INTERNACIONALES: DE JD POWER A LOS WORLD CAR AWARDS, GAC CONQUISTA LOS PRINCIPALES PREMIOS DEL SECTOR AUTOMOTRIZ\"}]},{\"@type\":\"WebSite\",\"@id\":\"https:\\\/\\\/garageblogec.com\\\/#website\",\"url\":\"https:\\\/\\\/garageblogec.com\\\/\",\"name\":\"Garage Blog Ecuador\",\"description\":\"Alucinamos por los autos \",\"publisher\":{\"@id\":\"https:\\\/\\\/garageblogec.com\\\/#organization\"},\"potentialAction\":[{\"@type\":\"SearchAction\",\"target\":{\"@type\":\"EntryPoint\",\"urlTemplate\":\"https:\\\/\\\/garageblogec.com\\\/?s={search_term_string}\"},\"query-input\":{\"@type\":\"PropertyValueSpecification\",\"valueRequired\":true,\"valueName\":\"search_term_string\"}}],\"inLanguage\":\"es\"},{\"@type\":\"Organization\",\"@id\":\"https:\\\/\\\/garageblogec.com\\\/#organization\",\"name\":\"Garage Blog Ecuador\",\"url\":\"https:\\\/\\\/garageblogec.com\\\/\",\"logo\":{\"@type\":\"ImageObject\",\"inLanguage\":\"es\",\"@id\":\"https:\\\/\\\/garageblogec.com\\\/#\\\/schema\\\/logo\\\/image\\\/\",\"url\":\"https:\\\/\\\/garageblogec.com\\\/wp-content\\\/uploads\\\/2024\\\/02\\\/cropped-logo-png-para-blog.webp\",\"contentUrl\":\"https:\\\/\\\/garageblogec.com\\\/wp-content\\\/uploads\\\/2024\\\/02\\\/cropped-logo-png-para-blog.webp\",\"width\":840,\"height\":556,\"caption\":\"Garage Blog Ecuador \"},\"image\":{\"@id\":\"https:\\\/\\\/garageblogec.com\\\/#\\\/schema\\\/logo\\\/image\\\/\"}},{\"@type\":\"Person\",\"@id\":\"https:\\\/\\\/garageblogec.com\\\/#\\\/schema\\\/person\\\/635f4b76c0cb3e43b82fe6f7d8bcceea\",\"name\":\"gabi1212\",\"image\":{\"@type\":\"ImageObject\",\"inLanguage\":\"es\",\"@id\":\"https:\\\/\\\/secure.gravatar.com\\\/avatar\\\/6aa491f45cb359d4d6dd8c430e83f78899c80569c27d21156e19bbdcd31d1811?s=96&d=mm&r=g\",\"url\":\"https:\\\/\\\/secure.gravatar.com\\\/avatar\\\/6aa491f45cb359d4d6dd8c430e83f78899c80569c27d21156e19bbdcd31d1811?s=96&d=mm&r=g\",\"contentUrl\":\"https:\\\/\\\/secure.gravatar.com\\\/avatar\\\/6aa491f45cb359d4d6dd8c430e83f78899c80569c27d21156e19bbdcd31d1811?s=96&d=mm&r=g\",\"caption\":\"gabi1212\"},\"url\":\"https:\\\/\\\/garageblogec.com\\\/?author=6\"}]}<\/script>\n<!-- \/ Yoast SEO plugin. -->","yoast_head_json":{"title":"RECONOCIMIENTOS INTERNACIONALES: DE JD POWER A LOS WORLD CAR AWARDS, GAC CONQUISTA LOS PRINCIPALES PREMIOS DEL SECTOR AUTOMOTRIZ - Garage Blog Ecuador","robots":{"index":"index","follow":"follow","max-snippet":"max-snippet:-1","max-image-preview":"max-image-preview:large","max-video-preview":"max-video-preview:-1"},"canonical":"https:\/\/garageblogec.com\/?p=2734","og_locale":"es_ES","og_type":"article","og_title":"RECONOCIMIENTOS INTERNACIONALES: DE JD POWER A LOS WORLD CAR AWARDS, GAC CONQUISTA LOS PRINCIPALES PREMIOS DEL SECTOR AUTOMOTRIZ - Garage Blog Ecuador","og_description":"En un entorno automotriz cada vez m\u00e1s competitivo, donde la innovaci\u00f3n tecnol\u00f3gica ya no es un diferencial sino una exigencia, pocas marcas logran posicionarse con consistencia en los rankings m\u00e1s rigurosos del mundo. GAC lo ha conseguido. En apenas una d\u00e9cada, la compa\u00f1\u00eda china ha pasado de ser un actor emergente para convertirse en referente [&hellip;]","og_url":"https:\/\/garageblogec.com\/?p=2734","og_site_name":"Garage Blog Ecuador","article_published_time":"2025-11-06T19:48:27+00:00","article_modified_time":"2025-11-06T19:48:33+00:00","og_image":[{"width":700,"height":394,"url":"https:\/\/garageblogec.com\/wp-content\/uploads\/2025\/11\/WhatsApp-Image-2025-11-06-at-9.37.49-AM.jpeg","type":"image\/jpeg"}],"author":"gabi1212","twitter_card":"summary_large_image","twitter_misc":{"Escrito por":"gabi1212","Tiempo de lectura":"4 minutos"},"schema":{"@context":"https:\/\/schema.org","@graph":[{"@type":"Article","@id":"https:\/\/garageblogec.com\/?p=2734#article","isPartOf":{"@id":"https:\/\/garageblogec.com\/?p=2734"},"author":{"name":"gabi1212","@id":"https:\/\/garageblogec.com\/#\/schema\/person\/635f4b76c0cb3e43b82fe6f7d8bcceea"},"headline":"RECONOCIMIENTOS INTERNACIONALES: DE JD POWER A LOS WORLD CAR AWARDS, GAC CONQUISTA LOS PRINCIPALES PREMIOS DEL SECTOR AUTOMOTRIZ","datePublished":"2025-11-06T19:48:27+00:00","dateModified":"2025-11-06T19:48:33+00:00","mainEntityOfPage":{"@id":"https:\/\/garageblogec.com\/?p=2734"},"wordCount":718,"commentCount":0,"publisher":{"@id":"https:\/\/garageblogec.com\/#organization"},"image":{"@id":"https:\/\/garageblogec.com\/?p=2734#primaryimage"},"thumbnailUrl":"https:\/\/garageblogec.com\/wp-content\/uploads\/2025\/11\/WhatsApp-Image-2025-11-06-at-9.37.49-AM.jpeg","articleSection":["Industria Nacional"],"inLanguage":"es","potentialAction":[{"@type":"CommentAction","name":"Comment","target":["https:\/\/garageblogec.com\/?p=2734#respond"]}]},{"@type":"WebPage","@id":"https:\/\/garageblogec.com\/?p=2734","url":"https:\/\/garageblogec.com\/?p=2734","name":"RECONOCIMIENTOS INTERNACIONALES: DE JD POWER A LOS WORLD CAR AWARDS, GAC CONQUISTA LOS PRINCIPALES PREMIOS DEL SECTOR AUTOMOTRIZ - Garage Blog Ecuador","isPartOf":{"@id":"https:\/\/garageblogec.com\/#website"},"primaryImageOfPage":{"@id":"https:\/\/garageblogec.com\/?p=2734#primaryimage"},"image":{"@id":"https:\/\/garageblogec.com\/?p=2734#primaryimage"},"thumbnailUrl":"https:\/\/garageblogec.com\/wp-content\/uploads\/2025\/11\/WhatsApp-Image-2025-11-06-at-9.37.49-AM.jpeg","datePublished":"2025-11-06T19:48:27+00:00","dateModified":"2025-11-06T19:48:33+00:00","breadcrumb":{"@id":"https:\/\/garageblogec.com\/?p=2734#breadcrumb"},"inLanguage":"es","potentialAction":[{"@type":"ReadAction","target":["https:\/\/garageblogec.com\/?p=2734"]}]},{"@type":"ImageObject","inLanguage":"es","@id":"https:\/\/garageblogec.com\/?p=2734#primaryimage","url":"https:\/\/garageblogec.com\/wp-content\/uploads\/2025\/11\/WhatsApp-Image-2025-11-06-at-9.37.49-AM.jpeg","contentUrl":"https:\/\/garageblogec.com\/wp-content\/uploads\/2025\/11\/WhatsApp-Image-2025-11-06-at-9.37.49-AM.jpeg","width":700,"height":394},{"@type":"BreadcrumbList","@id":"https:\/\/garageblogec.com\/?p=2734#breadcrumb","itemListElement":[{"@type":"ListItem","position":1,"name":"Portada","item":"https:\/\/garageblogec.com\/"},{"@type":"ListItem","position":2,"name":"RECONOCIMIENTOS INTERNACIONALES: DE JD POWER A LOS WORLD CAR AWARDS, GAC CONQUISTA LOS PRINCIPALES PREMIOS DEL SECTOR AUTOMOTRIZ"}]},{"@type":"WebSite","@id":"https:\/\/garageblogec.com\/#website","url":"https:\/\/garageblogec.com\/","name":"Garage Blog Ecuador","description":"Alucinamos por los autos ","publisher":{"@id":"https:\/\/garageblogec.com\/#organization"},"potentialAction":[{"@type":"SearchAction","target":{"@type":"EntryPoint","urlTemplate":"https:\/\/garageblogec.com\/?s={search_term_string}"},"query-input":{"@type":"PropertyValueSpecification","valueRequired":true,"valueName":"search_term_string"}}],"inLanguage":"es"},{"@type":"Organization","@id":"https:\/\/garageblogec.com\/#organization","name":"Garage Blog Ecuador","url":"https:\/\/garageblogec.com\/","logo":{"@type":"ImageObject","inLanguage":"es","@id":"https:\/\/garageblogec.com\/#\/schema\/logo\/image\/","url":"https:\/\/garageblogec.com\/wp-content\/uploads\/2024\/02\/cropped-logo-png-para-blog.webp","contentUrl":"https:\/\/garageblogec.com\/wp-content\/uploads\/2024\/02\/cropped-logo-png-para-blog.webp","width":840,"height":556,"caption":"Garage Blog Ecuador "},"image":{"@id":"https:\/\/garageblogec.com\/#\/schema\/logo\/image\/"}},{"@type":"Person","@id":"https:\/\/garageblogec.com\/#\/schema\/person\/635f4b76c0cb3e43b82fe6f7d8bcceea","name":"gabi1212","image":{"@type":"ImageObject","inLanguage":"es","@id":"https:\/\/secure.gravatar.com\/avatar\/6aa491f45cb359d4d6dd8c430e83f78899c80569c27d21156e19bbdcd31d1811?s=96&d=mm&r=g","url":"https:\/\/secure.gravatar.com\/avatar\/6aa491f45cb359d4d6dd8c430e83f78899c80569c27d21156e19bbdcd31d1811?s=96&d=mm&r=g","contentUrl":"https:\/\/secure.gravatar.com\/avatar\/6aa491f45cb359d4d6dd8c430e83f78899c80569c27d21156e19bbdcd31d1811?s=96&d=mm&r=g","caption":"gabi1212"},"url":"https:\/\/garageblogec.com\/?author=6"}]}},"jetpack_featured_media_url":"https:\/\/garageblogec.com\/wp-content\/uploads\/2025\/11\/WhatsApp-Image-2025-11-06-at-9.37.49-AM.jpeg","jetpack_sharing_enabled":true,"_links":{"self":[{"href":"https:\/\/garageblogec.com\/index.php?rest_route=\/wp\/v2\/posts\/2734","targetHints":{"allow":["GET"]}}],"collection":[{"href":"https:\/\/garageblogec.com\/index.php?rest_route=\/wp\/v2\/posts"}],"about":[{"href":"https:\/\/garageblogec.com\/index.php?rest_route=\/wp\/v2\/types\/post"}],"author":[{"embeddable":true,"href":"https:\/\/garageblogec.com\/index.php?rest_route=\/wp\/v2\/users\/6"}],"replies":[{"embeddable":true,"href":"https:\/\/garageblogec.com\/index.php?rest_route=%2Fwp%2Fv2%2Fcomments&post=2734"}],"version-history":[{"count":1,"href":"https:\/\/garageblogec.com\/index.php?rest_route=\/wp\/v2\/posts\/2734\/revisions"}],"predecessor-version":[{"id":2736,"href":"https:\/\/garageblogec.com\/index.php?rest_route=\/wp\/v2\/posts\/2734\/revisions\/2736"}],"wp:featuredmedia":[{"embeddable":true,"href":"https:\/\/garageblogec.com\/index.php?rest_route=\/wp\/v2\/media\/2735"}],"wp:attachment":[{"href":"https:\/\/garageblogec.com\/index.php?rest_route=%2Fwp%2Fv2%2Fmedia&parent=2734"}],"wp:term":[{"taxonomy":"category","embeddable":true,"href":"https:\/\/garageblogec.com\/index.php?rest_route=%2Fwp%2Fv2%2Fcategories&post=2734"},{"taxonomy":"post_tag","embeddable":true,"href":"https:\/\/garageblogec.com\/index.php?rest_route=%2Fwp%2Fv2%2Ftags&post=2734"}],"curies":[{"name":"wp","href":"https:\/\/api.w.org\/{rel}","templated":true}]}}