{"id":2731,"date":"2025-11-06T19:45:56","date_gmt":"2025-11-06T19:45:56","guid":{"rendered":"https:\/\/garageblogec.com\/?p=2731"},"modified":"2025-11-06T19:46:03","modified_gmt":"2025-11-06T19:46:03","slug":"haval-h6-el-suv-lider-mundial-evoluciona-en-ecuador-con-su-nueva-generacion-hibrida-y-tecnologia-de-vanguardia","status":"publish","type":"post","link":"https:\/\/garageblogec.com\/?p=2731","title":{"rendered":"Haval H6, el SUV l\u00edder mundial, evoluciona en Ecuador con su nueva generaci\u00f3n h\u00edbrida y tecnolog\u00eda de vanguardia"},"content":{"rendered":"\n<p>La revoluci\u00f3n h\u00edbrida acelera en Ecuador con la llegada del nuevo Haval H6 Full H\u00edbrido, un SUV que redefine la experiencia de manejo al fusionar tecnolog\u00eda de \u00faltima generaci\u00f3n, eficiencia energ\u00e9tica y un dise\u00f1o totalmente renovado.<\/p>\n\n\n\n<p>La marca presenta dos versiones para el mercado nacional: H6 Supreme y H6 Supreme Plus, ambas dise\u00f1adas para quienes buscan confort, seguridad y un desempe\u00f1o superior en cada trayecto.<\/p>\n\n\n\n<figure class=\"wp-block-image size-large\"><img fetchpriority=\"high\" decoding=\"async\" width=\"1024\" height=\"603\" src=\"https:\/\/garageblogec.com\/wp-content\/uploads\/2025\/11\/WhatsApp-Image-2025-10-30-at-12.59.55-PM-1024x603.jpeg\" alt=\"\" class=\"wp-image-2732\" srcset=\"https:\/\/garageblogec.com\/wp-content\/uploads\/2025\/11\/WhatsApp-Image-2025-10-30-at-12.59.55-PM-1024x603.jpeg 1024w, https:\/\/garageblogec.com\/wp-content\/uploads\/2025\/11\/WhatsApp-Image-2025-10-30-at-12.59.55-PM-300x177.jpeg 300w, https:\/\/garageblogec.com\/wp-content\/uploads\/2025\/11\/WhatsApp-Image-2025-10-30-at-12.59.55-PM-768x453.jpeg 768w, https:\/\/garageblogec.com\/wp-content\/uploads\/2025\/11\/WhatsApp-Image-2025-10-30-at-12.59.55-PM.jpeg 1220w\" sizes=\"(max-width: 1024px) 100vw, 1024px\" \/><\/figure>\n\n\n\n<p><em>\u201cEl nuevo Haval H6 representa la evoluci\u00f3n de nuestra marca: m\u00e1s tecnolog\u00eda, m\u00e1s seguridad y una apuesta firme por la eficiencia. Queremos que los ecuatorianos disfruten de un SUV que les brinde confianza, respaldo y desempe\u00f1o en todo momento\u201d,<\/em> destac\u00f3 Sof\u00eda V\u00e1sconez, directora de Operaciones Internacionales de Grupo Ambacar.<\/p>\n\n\n\n<p>Con m\u00e1s de 9 millones de usuarios en 60 pa\u00edses, Haval se consolida como l\u00edder global en SUVs. El H6 ha sido el SUV m\u00e1s vendido en China durante siete a\u00f1os consecutivos, en uno de los mercados automotrices m\u00e1s competitivos del mundo.<\/p>\n\n\n\n<p><strong><u>Dise\u00f1o exterior renovado que impone car\u00e1cter<\/u><\/strong><\/p>\n\n\n\n<p>El nuevo H6 adopta una identidad visual m\u00e1s moderna y poderosa. Su frontal, basado en el concepto \u201cHOME\u201d (hogar), incorpora una parrilla tridimensional tipo rejilla y luces diurnas verticales en forma de \u201cH\u201d, reflejando la esencia de protecci\u00f3n y uni\u00f3n familiar.<\/p>\n\n\n\n<p>Su silueta con l\u00edneas aerodin\u00e1micas y proporciones robustas proyecta fuerza y elegancia, mientras que el techo panor\u00e1mico en su versi\u00f3n Supreme Plus, la antena tipo tibur\u00f3n y los vidrios oscurecidos privacy realzan su car\u00e1cter sofisticado.<\/p>\n\n\n\n<p>Los aros de 19 pulgadas en ambas versiones y los faros LED Premium Vision, completan una est\u00e9tica que equilibra deportividad y tecnolog\u00eda&nbsp;en&nbsp;cada&nbsp;\u00e1ngulo.<\/p>\n\n\n\n<p><strong><u>Desempe\u00f1o h\u00edbrido inteligente<\/u><\/strong><\/p>\n\n\n\n<p>El H6 combina un motor 1.5 Turbo con una transmisi\u00f3n autom\u00e1tica DHT de doble engranaje, alcanzando 240 caballos de potencia combinada y 530 Nm de torque.<\/p>\n\n\n\n<p>Su sistema h\u00edbrido inteligente optimiza el consumo de energ\u00eda y adapta autom\u00e1ticamente su desempe\u00f1o a cada entorno mediante cuatro modos de conducci\u00f3n, ofreciendo una experiencia suave, silenciosa y eficiente, tanto en ciudad como en carretera.<\/p>\n\n\n\n<p><strong><u>Interior premium y asistencias inteligentes<\/u><\/strong><\/p>\n\n\n\n<p>El interior del nuevo H6 envuelve al conductor en una atm\u00f3sfera moderna y tecnol\u00f3gica.<br>Cuenta con una pantalla t\u00e1ctil de 14,6 pulgadas, tablero digital de 10,25 pulgadas y conectividad inal\u00e1mbrica Apple CarPlay y Android Auto.<\/p>\n\n\n\n<p>Los comandos por voz permiten controlar funciones como abrir ventanas, activar el aire acondicionado, ajustar la calefacci\u00f3n o ventilaci\u00f3n de los asientos y configurar el sistema multimedia sin retirar las manos del volante.<\/p>\n\n\n\n<p>Sus asientos de eco-cuero incluyen ajuste el\u00e9ctrico con memoria, ventilaci\u00f3n y calefacci\u00f3n, y se complementan con detalles que elevan la experiencia de confort: purificador de aire con iones negativos, climatizador bizona, cargador inal\u00e1mbrico de 50 W, pantalla frontal W-HUD (Head-Up Display) y una c\u00e1mara 540\u00b0 (chasis invisible) que facilita el estacionamiento y mejora la seguridad en maniobras.<\/p>\n\n\n\n<p><strong><u>Seguridad avanzada con tecnolog\u00eda ADAS<\/u><\/strong><\/p>\n\n\n\n<p>Con una calificaci\u00f3n de 5 estrellas ANCAP, el nuevo Haval H6 integra una estructura reforzada y un conjunto de asistencias avanzadas a la conducci\u00f3n (ADAS) que elevan la seguridad activa del veh\u00edculo:<\/p>\n\n\n\n<ul class=\"wp-block-list\">\n<li>Control crucero adaptativo (ACC)<\/li>\n\n\n\n<li>Frenado aut\u00f3nomo de emergencia (AEB)<\/li>\n\n\n\n<li>Asistente de mantenimiento de carril (LKA)<\/li>\n\n\n\n<li>Reconocimiento de se\u00f1ales de tr\u00e1nsito (TSR)<\/li>\n\n\n\n<li>Detecci\u00f3n de punto ciego (BSD)<\/li>\n\n\n\n<li>Alerta de tr\u00e1fico cruzado (RCTA)<\/li>\n\n\n\n<li>Parqueo asistido autom\u00e1tico<\/li>\n<\/ul>\n\n\n\n<p>En total, ofrece hasta 12 configuraciones ADAS, complementadas con seis airbags y m\u00faltiples sistemas de control din\u00e1mico que garantizan protecci\u00f3n total.<\/p>\n\n\n\n<p><em>\u201cEl H6 est\u00e1 dise\u00f1ado para quienes buscan m\u00e1s: m\u00e1s tecnolog\u00eda en cada kil\u00f3metro, m\u00e1s comodidad en cada viaje y m\u00e1s seguridad para sus familias. Es un SUV que se disfruta desde el primer contacto\u201d,<\/em> afirm\u00f3 Valeska \u00c1lvarez, gerente de Marca de GWM Ecuador.<\/p>\n\n\n\n<p>El Haval H6 Supreme y el H6 Supreme Plus ya est\u00e1n disponibles en toda la red nacional de concesionarios Ambacar representante de GWM \u2013 Great Wall Motors en Ecuador, con precios desde USD 27.990.<\/p>\n\n\n\n<p>Con este lanzamiento, Haval reafirma su visi\u00f3n de crecimiento en el pa\u00eds, apostando por una movilidad moderna, inteligente y responsable, enfocada en acompa\u00f1ar a cada cliente en su camino hacia el futuro.<\/p>\n\n\n<div class='pt-cv-wrapper'> <h3 class='pt-cv-heading-container heading1' data-blockid='l5xo5trm'><span class='pt-cv-heading'> Overlay1 <\/span><\/h3><div class=\"pt-cv-view pt-cv-overlaygrid iscvblock iscvreal overlay1 layout1\" id=\"pt-cv-view-l5xo5trm\"><div data-id=\"pt-cv-page-1\" class=\"pt-cv-page\" data-cvc=\"3\"><div class=\" pt-cv-content-item pt-cv-1-col\" ><div class=\"pt-cv-thumb-wrapper  \"><a href=\"https:\/\/garageblogec.com\/?p=3303\" class=\"_self pt-cv-href-thumbnail pt-cv-thumb-default\" target=\"_self\" ><img decoding=\"async\" width=\"768\" height=\"432\" src=\"https:\/\/garageblogec.com\/wp-content\/uploads\/2026\/04\/WhatsApp-Image-2026-04-21-at-1.52.53-PM-768x432.jpeg\" class=\"pt-cv-thumbnail\" alt=\"\" \/><\/a><\/div>\n<div class=\"pt-cv-overlay-wrapper\"><div class=\"pt-cv-taxoterm above_title\"><a href='https:\/\/garageblogec.com\/?cat=27' title='Industria Nacional' class='pt-cv-tax-industria-nacional'>Industria Nacional<\/a><\/div><h4 class=\"pt-cv-title\"><a href=\"https:\/\/garageblogec.com\/?p=3303\" class=\"_self\" target=\"_self\" >Grupo Ambacar presenta en Guayaquil KGM, su nueva marca de SUV h\u00edbridos con respaldo global<\/a><\/h4><div class=\"pt-cv-meta-fields\"><span class=\"entry-date\"> <time datetime=\"2026-04-21T21:37:24+00:00\">abril 21, 2026<\/time><\/span><span> \/ <\/span><span class=\"author\"> <a href=\"https:\/\/garageblogec.com\/?author=6\" rel=\"author\">gabi1212<\/a><\/span><\/div><\/div><\/div>\n<div class=\" pt-cv-content-item pt-cv-1-col\" ><div class=\"pt-cv-thumb-wrapper  \"><a href=\"https:\/\/garageblogec.com\/?p=3296\" class=\"_self pt-cv-href-thumbnail pt-cv-thumb-default\" target=\"_self\" ><img decoding=\"async\" width=\"768\" height=\"432\" src=\"https:\/\/garageblogec.com\/wp-content\/uploads\/2026\/04\/WhatsApp-Image-2026-04-14-at-3.15.09-PM-768x432.jpeg\" class=\"pt-cv-thumbnail\" alt=\"\" \/><\/a><\/div>\n<div class=\"pt-cv-overlay-wrapper\"><div class=\"pt-cv-taxoterm above_title\"><a href='https:\/\/garageblogec.com\/?cat=27' title='Industria Nacional' class='pt-cv-tax-industria-nacional'>Industria Nacional<\/a><\/div><h4 class=\"pt-cv-title\"><a href=\"https:\/\/garageblogec.com\/?p=3296\" class=\"_self\" target=\"_self\" >El tablero desapareci\u00f3, ahora el auto es una pantalla inteligente<\/a><\/h4><div class=\"pt-cv-meta-fields\"><span class=\"entry-date\"> <time datetime=\"2026-04-14T20:21:20+00:00\">abril 14, 2026<\/time><\/span><span> \/ <\/span><span class=\"author\"> <a href=\"https:\/\/garageblogec.com\/?author=6\" rel=\"author\">gabi1212<\/a><\/span><\/div><\/div><\/div>\n<div class=\" pt-cv-content-item pt-cv-1-col\" ><div class=\"pt-cv-thumb-wrapper  \"><a href=\"https:\/\/garageblogec.com\/?p=3291\" class=\"_self pt-cv-href-thumbnail pt-cv-thumb-default\" target=\"_self\" ><img loading=\"lazy\" decoding=\"async\" width=\"768\" height=\"432\" src=\"https:\/\/garageblogec.com\/wp-content\/uploads\/2026\/04\/WhatsApp-Image-2026-04-14-at-2.21.27-PM-768x432.jpeg\" class=\"pt-cv-thumbnail\" alt=\"\" \/><\/a><\/div>\n<div class=\"pt-cv-overlay-wrapper\"><div class=\"pt-cv-taxoterm above_title\"><a href='https:\/\/garageblogec.com\/?cat=27' title='Industria Nacional' class='pt-cv-tax-industria-nacional'>Industria Nacional<\/a><\/div><h4 class=\"pt-cv-title\"><a href=\"https:\/\/garageblogec.com\/?p=3291\" class=\"_self\" target=\"_self\" >Seguridad al volante en Ecuador: los errores m\u00e1s comunes que cometen los conductores<\/a><\/h4><div class=\"pt-cv-meta-fields\"><span class=\"entry-date\"> <time datetime=\"2026-04-14T20:08:54+00:00\">abril 14, 2026<\/time><\/span><span> \/ <\/span><span class=\"author\"> <a href=\"https:\/\/garageblogec.com\/?author=6\" rel=\"author\">gabi1212<\/a><\/span><\/div><\/div><\/div>\n<div class=\" pt-cv-content-item pt-cv-1-col\" ><div class=\"pt-cv-thumb-wrapper  \"><a href=\"https:\/\/garageblogec.com\/?p=3286\" class=\"_self pt-cv-href-thumbnail pt-cv-thumb-default\" target=\"_self\" ><img loading=\"lazy\" decoding=\"async\" width=\"768\" height=\"492\" src=\"https:\/\/garageblogec.com\/wp-content\/uploads\/2026\/04\/Posventa.jpg-768x492.jpeg\" class=\"pt-cv-thumbnail\" alt=\"\" \/><\/a><\/div>\n<div class=\"pt-cv-overlay-wrapper\"><div class=\"pt-cv-taxoterm above_title\"><a href='https:\/\/garageblogec.com\/?cat=27' title='Industria Nacional' class='pt-cv-tax-industria-nacional'>Industria Nacional<\/a><\/div><h4 class=\"pt-cv-title\"><a href=\"https:\/\/garageblogec.com\/?p=3286\" class=\"_self\" target=\"_self\" >Clientes Nissan reciben cambios de aceite infinitos<\/a><\/h4><div class=\"pt-cv-meta-fields\"><span class=\"entry-date\"> <time datetime=\"2026-04-14T20:04:08+00:00\">abril 14, 2026<\/time><\/span><span> \/ <\/span><span class=\"author\"> <a href=\"https:\/\/garageblogec.com\/?author=6\" rel=\"author\">gabi1212<\/a><\/span><\/div><\/div><\/div>\n<div class=\" pt-cv-content-item pt-cv-1-col\" ><div class=\"pt-cv-thumb-wrapper  \"><a href=\"https:\/\/garageblogec.com\/?p=3280\" class=\"_self pt-cv-href-thumbnail pt-cv-thumb-default\" target=\"_self\" ><img loading=\"lazy\" decoding=\"async\" width=\"768\" height=\"512\" src=\"https:\/\/garageblogec.com\/wp-content\/uploads\/2026\/04\/foto1-768x512.jpeg\" class=\"pt-cv-thumbnail\" alt=\"\" \/><\/a><\/div>\n<div class=\"pt-cv-overlay-wrapper\"><div class=\"pt-cv-taxoterm above_title\"><a href='https:\/\/garageblogec.com\/?cat=27' title='Industria Nacional' class='pt-cv-tax-industria-nacional'>Industria Nacional<\/a><\/div><h4 class=\"pt-cv-title\"><a href=\"https:\/\/garageblogec.com\/?p=3280\" class=\"_self\" target=\"_self\" >Movilidad como inversi\u00f3n: el uso de utilidades que crece en Ecuador<\/a><\/h4><div class=\"pt-cv-meta-fields\"><span class=\"entry-date\"> <time datetime=\"2026-04-07T19:55:36+00:00\">abril 7, 2026<\/time><\/span><span> \/ <\/span><span class=\"author\"> <a href=\"https:\/\/garageblogec.com\/?author=6\" rel=\"author\">gabi1212<\/a><\/span><\/div><\/div><\/div>\n<div class=\" pt-cv-content-item pt-cv-1-col\" ><div class=\"pt-cv-thumb-wrapper  \"><a href=\"https:\/\/garageblogec.com\/?p=3276\" class=\"_self pt-cv-href-thumbnail pt-cv-thumb-default\" target=\"_self\" ><img loading=\"lazy\" decoding=\"async\" width=\"745\" height=\"491\" src=\"https:\/\/garageblogec.com\/wp-content\/uploads\/2026\/04\/TT.png\" class=\"pt-cv-thumbnail\" alt=\"\" \/><\/a><\/div>\n<div class=\"pt-cv-overlay-wrapper\"><div class=\"pt-cv-taxoterm above_title\"><a href='https:\/\/garageblogec.com\/?cat=27' title='Industria Nacional' class='pt-cv-tax-industria-nacional'>Industria Nacional<\/a><\/div><h4 class=\"pt-cv-title\"><a href=\"https:\/\/garageblogec.com\/?p=3276\" class=\"_self\" target=\"_self\" >Lluvias en Ecuador: C\u00f3mo reducir riesgos en carretera y prevenir accidentes en calzada mojada<\/a><\/h4><div class=\"pt-cv-meta-fields\"><span class=\"entry-date\"> <time datetime=\"2026-04-07T19:46:52+00:00\">abril 7, 2026<\/time><\/span><span> \/ <\/span><span class=\"author\"> <a href=\"https:\/\/garageblogec.com\/?author=6\" rel=\"author\">gabi1212<\/a><\/span><\/div><\/div><\/div><\/div><\/div> <\/div> <style>\n#pt-cv-view-l5xo5trm .pt-cv-thumb-wrapper::before {background: rgba(0,0,0,.4); opacity: 0.8;}#pt-cv-view-l5xo5trm .pt-cv-overlay-wrapper {justify-content: center;}\n#pt-cv-view-l5xo5trm .pt-cv-meta-fields {  }#pt-cv-view-l5xo5trm .pt-cv-meta-fields * { font-size: 13px; }#pt-cv-view-l5xo5trm .pt-cv-title a { display: block; }#pt-cv-view-l5xo5trm .pt-cv-title:not(.pt-cv-titlesm) a { font-weight: 600;text-decoration: none;font-size: 20px; }#pt-cv-view-l5xo5trm .pt-cv-titlesm a { font-weight: 600;font-size: 18px; }#pt-cv-view-l5xo5trm .pt-cv-content { font-size: 15px; }#pt-cv-view-l5xo5trm .pt-cv-rmwrap {  }#pt-cv-view-l5xo5trm .pt-cv-readmore { color: #fff;background-color: #0075ff;font-size: 14px; }#pt-cv-view-l5xo5trm .pt-cv-taxoterm { margin: 0px 0px 20px 0px; }#pt-cv-view-l5xo5trm .pt-cv-taxoterm * { color: #222;background-color: #fff6f6;font-size: 14px; }#pt-cv-view-l5xo5trm + .pt-cv-pagination-wrapper {  }#pt-cv-view-l5xo5trm + .pt-cv-pagination-wrapper a { font-size: 14px; }#pt-cv-view-l5xo5trm > .pt-cv-page {grid-template-columns: repeat(3, 1fr);grid-auto-rows: 250px;grid-gap: 10px;}\n@media all and (max-width: 1024px) { \n#pt-cv-view-l5xo5trm > .pt-cv-page {}\n} \n@media all and (max-width: 767px) { \n#pt-cv-view-l5xo5trm > .pt-cv-page {grid-template-columns: repeat(1, 1fr);}\n} <\/style>","protected":false},"excerpt":{"rendered":"<p>La revoluci\u00f3n h\u00edbrida acelera en Ecuador con la llegada del nuevo Haval H6 Full H\u00edbrido, un SUV que redefine la experiencia de manejo al fusionar tecnolog\u00eda de \u00faltima generaci\u00f3n, eficiencia energ\u00e9tica y un dise\u00f1o totalmente renovado. La marca presenta dos versiones para el mercado nacional: H6 Supreme y H6 Supreme Plus, ambas dise\u00f1adas para quienes [&hellip;]<\/p>\n","protected":false},"author":6,"featured_media":2732,"comment_status":"open","ping_status":"open","sticky":false,"template":"","format":"standard","meta":{"_jetpack_memberships_contains_paid_content":false,"footnotes":""},"categories":[27],"tags":[],"class_list":["post-2731","post","type-post","status-publish","format-standard","has-post-thumbnail","hentry","category-industria-nacional"],"yoast_head":"<!-- This site is optimized with the Yoast SEO plugin v27.5 - https:\/\/yoast.com\/product\/yoast-seo-wordpress\/ -->\n<title>Haval H6, el SUV l\u00edder mundial, evoluciona en Ecuador con su nueva generaci\u00f3n h\u00edbrida y tecnolog\u00eda de vanguardia - Garage Blog Ecuador<\/title>\n<meta name=\"robots\" content=\"index, follow, max-snippet:-1, max-image-preview:large, max-video-preview:-1\" \/>\n<link rel=\"canonical\" href=\"https:\/\/garageblogec.com\/?p=2731\" \/>\n<meta property=\"og:locale\" content=\"es_ES\" \/>\n<meta property=\"og:type\" content=\"article\" \/>\n<meta property=\"og:title\" content=\"Haval H6, el SUV l\u00edder mundial, evoluciona en Ecuador con su nueva generaci\u00f3n h\u00edbrida y tecnolog\u00eda de vanguardia - Garage Blog Ecuador\" \/>\n<meta property=\"og:description\" content=\"La revoluci\u00f3n h\u00edbrida acelera en Ecuador con la llegada del nuevo Haval H6 Full H\u00edbrido, un SUV que redefine la experiencia de manejo al fusionar tecnolog\u00eda de \u00faltima generaci\u00f3n, eficiencia energ\u00e9tica y un dise\u00f1o totalmente renovado. La marca presenta dos versiones para el mercado nacional: H6 Supreme y H6 Supreme Plus, ambas dise\u00f1adas para quienes [&hellip;]\" \/>\n<meta property=\"og:url\" content=\"https:\/\/garageblogec.com\/?p=2731\" \/>\n<meta property=\"og:site_name\" content=\"Garage Blog Ecuador\" \/>\n<meta property=\"article:published_time\" content=\"2025-11-06T19:45:56+00:00\" \/>\n<meta property=\"article:modified_time\" content=\"2025-11-06T19:46:03+00:00\" \/>\n<meta property=\"og:image\" content=\"https:\/\/garageblogec.com\/wp-content\/uploads\/2025\/11\/WhatsApp-Image-2025-10-30-at-12.59.55-PM.jpeg\" \/>\n\t<meta property=\"og:image:width\" content=\"1220\" \/>\n\t<meta property=\"og:image:height\" content=\"719\" \/>\n\t<meta property=\"og:image:type\" content=\"image\/jpeg\" \/>\n<meta name=\"author\" content=\"gabi1212\" \/>\n<meta name=\"twitter:card\" content=\"summary_large_image\" \/>\n<meta name=\"twitter:label1\" content=\"Escrito por\" \/>\n\t<meta name=\"twitter:data1\" content=\"gabi1212\" \/>\n\t<meta name=\"twitter:label2\" content=\"Tiempo de lectura\" \/>\n\t<meta name=\"twitter:data2\" content=\"4 minutos\" \/>\n<script type=\"application\/ld+json\" class=\"yoast-schema-graph\">{\"@context\":\"https:\\\/\\\/schema.org\",\"@graph\":[{\"@type\":\"Article\",\"@id\":\"https:\\\/\\\/garageblogec.com\\\/?p=2731#article\",\"isPartOf\":{\"@id\":\"https:\\\/\\\/garageblogec.com\\\/?p=2731\"},\"author\":{\"name\":\"gabi1212\",\"@id\":\"https:\\\/\\\/garageblogec.com\\\/#\\\/schema\\\/person\\\/635f4b76c0cb3e43b82fe6f7d8bcceea\"},\"headline\":\"Haval H6, el SUV l\u00edder mundial, evoluciona en Ecuador con su nueva generaci\u00f3n h\u00edbrida y tecnolog\u00eda de vanguardia\",\"datePublished\":\"2025-11-06T19:45:56+00:00\",\"dateModified\":\"2025-11-06T19:46:03+00:00\",\"mainEntityOfPage\":{\"@id\":\"https:\\\/\\\/garageblogec.com\\\/?p=2731\"},\"wordCount\":748,\"commentCount\":0,\"publisher\":{\"@id\":\"https:\\\/\\\/garageblogec.com\\\/#organization\"},\"image\":{\"@id\":\"https:\\\/\\\/garageblogec.com\\\/?p=2731#primaryimage\"},\"thumbnailUrl\":\"https:\\\/\\\/garageblogec.com\\\/wp-content\\\/uploads\\\/2025\\\/11\\\/WhatsApp-Image-2025-10-30-at-12.59.55-PM.jpeg\",\"articleSection\":[\"Industria Nacional\"],\"inLanguage\":\"es\",\"potentialAction\":[{\"@type\":\"CommentAction\",\"name\":\"Comment\",\"target\":[\"https:\\\/\\\/garageblogec.com\\\/?p=2731#respond\"]}]},{\"@type\":\"WebPage\",\"@id\":\"https:\\\/\\\/garageblogec.com\\\/?p=2731\",\"url\":\"https:\\\/\\\/garageblogec.com\\\/?p=2731\",\"name\":\"Haval H6, el SUV l\u00edder mundial, evoluciona en Ecuador con su nueva generaci\u00f3n h\u00edbrida y tecnolog\u00eda de vanguardia - Garage Blog Ecuador\",\"isPartOf\":{\"@id\":\"https:\\\/\\\/garageblogec.com\\\/#website\"},\"primaryImageOfPage\":{\"@id\":\"https:\\\/\\\/garageblogec.com\\\/?p=2731#primaryimage\"},\"image\":{\"@id\":\"https:\\\/\\\/garageblogec.com\\\/?p=2731#primaryimage\"},\"thumbnailUrl\":\"https:\\\/\\\/garageblogec.com\\\/wp-content\\\/uploads\\\/2025\\\/11\\\/WhatsApp-Image-2025-10-30-at-12.59.55-PM.jpeg\",\"datePublished\":\"2025-11-06T19:45:56+00:00\",\"dateModified\":\"2025-11-06T19:46:03+00:00\",\"breadcrumb\":{\"@id\":\"https:\\\/\\\/garageblogec.com\\\/?p=2731#breadcrumb\"},\"inLanguage\":\"es\",\"potentialAction\":[{\"@type\":\"ReadAction\",\"target\":[\"https:\\\/\\\/garageblogec.com\\\/?p=2731\"]}]},{\"@type\":\"ImageObject\",\"inLanguage\":\"es\",\"@id\":\"https:\\\/\\\/garageblogec.com\\\/?p=2731#primaryimage\",\"url\":\"https:\\\/\\\/garageblogec.com\\\/wp-content\\\/uploads\\\/2025\\\/11\\\/WhatsApp-Image-2025-10-30-at-12.59.55-PM.jpeg\",\"contentUrl\":\"https:\\\/\\\/garageblogec.com\\\/wp-content\\\/uploads\\\/2025\\\/11\\\/WhatsApp-Image-2025-10-30-at-12.59.55-PM.jpeg\",\"width\":1220,\"height\":719},{\"@type\":\"BreadcrumbList\",\"@id\":\"https:\\\/\\\/garageblogec.com\\\/?p=2731#breadcrumb\",\"itemListElement\":[{\"@type\":\"ListItem\",\"position\":1,\"name\":\"Portada\",\"item\":\"https:\\\/\\\/garageblogec.com\\\/\"},{\"@type\":\"ListItem\",\"position\":2,\"name\":\"Haval H6, el SUV l\u00edder mundial, evoluciona en Ecuador con su nueva generaci\u00f3n h\u00edbrida y tecnolog\u00eda de vanguardia\"}]},{\"@type\":\"WebSite\",\"@id\":\"https:\\\/\\\/garageblogec.com\\\/#website\",\"url\":\"https:\\\/\\\/garageblogec.com\\\/\",\"name\":\"Garage Blog Ecuador\",\"description\":\"Alucinamos por los autos \",\"publisher\":{\"@id\":\"https:\\\/\\\/garageblogec.com\\\/#organization\"},\"potentialAction\":[{\"@type\":\"SearchAction\",\"target\":{\"@type\":\"EntryPoint\",\"urlTemplate\":\"https:\\\/\\\/garageblogec.com\\\/?s={search_term_string}\"},\"query-input\":{\"@type\":\"PropertyValueSpecification\",\"valueRequired\":true,\"valueName\":\"search_term_string\"}}],\"inLanguage\":\"es\"},{\"@type\":\"Organization\",\"@id\":\"https:\\\/\\\/garageblogec.com\\\/#organization\",\"name\":\"Garage Blog Ecuador\",\"url\":\"https:\\\/\\\/garageblogec.com\\\/\",\"logo\":{\"@type\":\"ImageObject\",\"inLanguage\":\"es\",\"@id\":\"https:\\\/\\\/garageblogec.com\\\/#\\\/schema\\\/logo\\\/image\\\/\",\"url\":\"https:\\\/\\\/garageblogec.com\\\/wp-content\\\/uploads\\\/2024\\\/02\\\/cropped-logo-png-para-blog.webp\",\"contentUrl\":\"https:\\\/\\\/garageblogec.com\\\/wp-content\\\/uploads\\\/2024\\\/02\\\/cropped-logo-png-para-blog.webp\",\"width\":840,\"height\":556,\"caption\":\"Garage Blog Ecuador \"},\"image\":{\"@id\":\"https:\\\/\\\/garageblogec.com\\\/#\\\/schema\\\/logo\\\/image\\\/\"}},{\"@type\":\"Person\",\"@id\":\"https:\\\/\\\/garageblogec.com\\\/#\\\/schema\\\/person\\\/635f4b76c0cb3e43b82fe6f7d8bcceea\",\"name\":\"gabi1212\",\"image\":{\"@type\":\"ImageObject\",\"inLanguage\":\"es\",\"@id\":\"https:\\\/\\\/secure.gravatar.com\\\/avatar\\\/6aa491f45cb359d4d6dd8c430e83f78899c80569c27d21156e19bbdcd31d1811?s=96&d=mm&r=g\",\"url\":\"https:\\\/\\\/secure.gravatar.com\\\/avatar\\\/6aa491f45cb359d4d6dd8c430e83f78899c80569c27d21156e19bbdcd31d1811?s=96&d=mm&r=g\",\"contentUrl\":\"https:\\\/\\\/secure.gravatar.com\\\/avatar\\\/6aa491f45cb359d4d6dd8c430e83f78899c80569c27d21156e19bbdcd31d1811?s=96&d=mm&r=g\",\"caption\":\"gabi1212\"},\"url\":\"https:\\\/\\\/garageblogec.com\\\/?author=6\"}]}<\/script>\n<!-- \/ Yoast SEO plugin. -->","yoast_head_json":{"title":"Haval H6, el SUV l\u00edder mundial, evoluciona en Ecuador con su nueva generaci\u00f3n h\u00edbrida y tecnolog\u00eda de vanguardia - Garage Blog Ecuador","robots":{"index":"index","follow":"follow","max-snippet":"max-snippet:-1","max-image-preview":"max-image-preview:large","max-video-preview":"max-video-preview:-1"},"canonical":"https:\/\/garageblogec.com\/?p=2731","og_locale":"es_ES","og_type":"article","og_title":"Haval H6, el SUV l\u00edder mundial, evoluciona en Ecuador con su nueva generaci\u00f3n h\u00edbrida y tecnolog\u00eda de vanguardia - Garage Blog Ecuador","og_description":"La revoluci\u00f3n h\u00edbrida acelera en Ecuador con la llegada del nuevo Haval H6 Full H\u00edbrido, un SUV que redefine la experiencia de manejo al fusionar tecnolog\u00eda de \u00faltima generaci\u00f3n, eficiencia energ\u00e9tica y un dise\u00f1o totalmente renovado. La marca presenta dos versiones para el mercado nacional: H6 Supreme y H6 Supreme Plus, ambas dise\u00f1adas para quienes [&hellip;]","og_url":"https:\/\/garageblogec.com\/?p=2731","og_site_name":"Garage Blog Ecuador","article_published_time":"2025-11-06T19:45:56+00:00","article_modified_time":"2025-11-06T19:46:03+00:00","og_image":[{"width":1220,"height":719,"url":"https:\/\/garageblogec.com\/wp-content\/uploads\/2025\/11\/WhatsApp-Image-2025-10-30-at-12.59.55-PM.jpeg","type":"image\/jpeg"}],"author":"gabi1212","twitter_card":"summary_large_image","twitter_misc":{"Escrito por":"gabi1212","Tiempo de lectura":"4 minutos"},"schema":{"@context":"https:\/\/schema.org","@graph":[{"@type":"Article","@id":"https:\/\/garageblogec.com\/?p=2731#article","isPartOf":{"@id":"https:\/\/garageblogec.com\/?p=2731"},"author":{"name":"gabi1212","@id":"https:\/\/garageblogec.com\/#\/schema\/person\/635f4b76c0cb3e43b82fe6f7d8bcceea"},"headline":"Haval H6, el SUV l\u00edder mundial, evoluciona en Ecuador con su nueva generaci\u00f3n h\u00edbrida y tecnolog\u00eda de vanguardia","datePublished":"2025-11-06T19:45:56+00:00","dateModified":"2025-11-06T19:46:03+00:00","mainEntityOfPage":{"@id":"https:\/\/garageblogec.com\/?p=2731"},"wordCount":748,"commentCount":0,"publisher":{"@id":"https:\/\/garageblogec.com\/#organization"},"image":{"@id":"https:\/\/garageblogec.com\/?p=2731#primaryimage"},"thumbnailUrl":"https:\/\/garageblogec.com\/wp-content\/uploads\/2025\/11\/WhatsApp-Image-2025-10-30-at-12.59.55-PM.jpeg","articleSection":["Industria Nacional"],"inLanguage":"es","potentialAction":[{"@type":"CommentAction","name":"Comment","target":["https:\/\/garageblogec.com\/?p=2731#respond"]}]},{"@type":"WebPage","@id":"https:\/\/garageblogec.com\/?p=2731","url":"https:\/\/garageblogec.com\/?p=2731","name":"Haval H6, el SUV l\u00edder mundial, evoluciona en Ecuador con su nueva generaci\u00f3n h\u00edbrida y tecnolog\u00eda de vanguardia - Garage Blog Ecuador","isPartOf":{"@id":"https:\/\/garageblogec.com\/#website"},"primaryImageOfPage":{"@id":"https:\/\/garageblogec.com\/?p=2731#primaryimage"},"image":{"@id":"https:\/\/garageblogec.com\/?p=2731#primaryimage"},"thumbnailUrl":"https:\/\/garageblogec.com\/wp-content\/uploads\/2025\/11\/WhatsApp-Image-2025-10-30-at-12.59.55-PM.jpeg","datePublished":"2025-11-06T19:45:56+00:00","dateModified":"2025-11-06T19:46:03+00:00","breadcrumb":{"@id":"https:\/\/garageblogec.com\/?p=2731#breadcrumb"},"inLanguage":"es","potentialAction":[{"@type":"ReadAction","target":["https:\/\/garageblogec.com\/?p=2731"]}]},{"@type":"ImageObject","inLanguage":"es","@id":"https:\/\/garageblogec.com\/?p=2731#primaryimage","url":"https:\/\/garageblogec.com\/wp-content\/uploads\/2025\/11\/WhatsApp-Image-2025-10-30-at-12.59.55-PM.jpeg","contentUrl":"https:\/\/garageblogec.com\/wp-content\/uploads\/2025\/11\/WhatsApp-Image-2025-10-30-at-12.59.55-PM.jpeg","width":1220,"height":719},{"@type":"BreadcrumbList","@id":"https:\/\/garageblogec.com\/?p=2731#breadcrumb","itemListElement":[{"@type":"ListItem","position":1,"name":"Portada","item":"https:\/\/garageblogec.com\/"},{"@type":"ListItem","position":2,"name":"Haval H6, el SUV l\u00edder mundial, evoluciona en Ecuador con su nueva generaci\u00f3n h\u00edbrida y tecnolog\u00eda de vanguardia"}]},{"@type":"WebSite","@id":"https:\/\/garageblogec.com\/#website","url":"https:\/\/garageblogec.com\/","name":"Garage Blog Ecuador","description":"Alucinamos por los autos ","publisher":{"@id":"https:\/\/garageblogec.com\/#organization"},"potentialAction":[{"@type":"SearchAction","target":{"@type":"EntryPoint","urlTemplate":"https:\/\/garageblogec.com\/?s={search_term_string}"},"query-input":{"@type":"PropertyValueSpecification","valueRequired":true,"valueName":"search_term_string"}}],"inLanguage":"es"},{"@type":"Organization","@id":"https:\/\/garageblogec.com\/#organization","name":"Garage Blog Ecuador","url":"https:\/\/garageblogec.com\/","logo":{"@type":"ImageObject","inLanguage":"es","@id":"https:\/\/garageblogec.com\/#\/schema\/logo\/image\/","url":"https:\/\/garageblogec.com\/wp-content\/uploads\/2024\/02\/cropped-logo-png-para-blog.webp","contentUrl":"https:\/\/garageblogec.com\/wp-content\/uploads\/2024\/02\/cropped-logo-png-para-blog.webp","width":840,"height":556,"caption":"Garage Blog Ecuador "},"image":{"@id":"https:\/\/garageblogec.com\/#\/schema\/logo\/image\/"}},{"@type":"Person","@id":"https:\/\/garageblogec.com\/#\/schema\/person\/635f4b76c0cb3e43b82fe6f7d8bcceea","name":"gabi1212","image":{"@type":"ImageObject","inLanguage":"es","@id":"https:\/\/secure.gravatar.com\/avatar\/6aa491f45cb359d4d6dd8c430e83f78899c80569c27d21156e19bbdcd31d1811?s=96&d=mm&r=g","url":"https:\/\/secure.gravatar.com\/avatar\/6aa491f45cb359d4d6dd8c430e83f78899c80569c27d21156e19bbdcd31d1811?s=96&d=mm&r=g","contentUrl":"https:\/\/secure.gravatar.com\/avatar\/6aa491f45cb359d4d6dd8c430e83f78899c80569c27d21156e19bbdcd31d1811?s=96&d=mm&r=g","caption":"gabi1212"},"url":"https:\/\/garageblogec.com\/?author=6"}]}},"jetpack_featured_media_url":"https:\/\/garageblogec.com\/wp-content\/uploads\/2025\/11\/WhatsApp-Image-2025-10-30-at-12.59.55-PM.jpeg","jetpack_sharing_enabled":true,"_links":{"self":[{"href":"https:\/\/garageblogec.com\/index.php?rest_route=\/wp\/v2\/posts\/2731","targetHints":{"allow":["GET"]}}],"collection":[{"href":"https:\/\/garageblogec.com\/index.php?rest_route=\/wp\/v2\/posts"}],"about":[{"href":"https:\/\/garageblogec.com\/index.php?rest_route=\/wp\/v2\/types\/post"}],"author":[{"embeddable":true,"href":"https:\/\/garageblogec.com\/index.php?rest_route=\/wp\/v2\/users\/6"}],"replies":[{"embeddable":true,"href":"https:\/\/garageblogec.com\/index.php?rest_route=%2Fwp%2Fv2%2Fcomments&post=2731"}],"version-history":[{"count":1,"href":"https:\/\/garageblogec.com\/index.php?rest_route=\/wp\/v2\/posts\/2731\/revisions"}],"predecessor-version":[{"id":2733,"href":"https:\/\/garageblogec.com\/index.php?rest_route=\/wp\/v2\/posts\/2731\/revisions\/2733"}],"wp:featuredmedia":[{"embeddable":true,"href":"https:\/\/garageblogec.com\/index.php?rest_route=\/wp\/v2\/media\/2732"}],"wp:attachment":[{"href":"https:\/\/garageblogec.com\/index.php?rest_route=%2Fwp%2Fv2%2Fmedia&parent=2731"}],"wp:term":[{"taxonomy":"category","embeddable":true,"href":"https:\/\/garageblogec.com\/index.php?rest_route=%2Fwp%2Fv2%2Fcategories&post=2731"},{"taxonomy":"post_tag","embeddable":true,"href":"https:\/\/garageblogec.com\/index.php?rest_route=%2Fwp%2Fv2%2Ftags&post=2731"}],"curies":[{"name":"wp","href":"https:\/\/api.w.org\/{rel}","templated":true}]}}