{"id":2728,"date":"2025-10-30T16:19:06","date_gmt":"2025-10-30T16:19:06","guid":{"rendered":"https:\/\/garageblogec.com\/?p=2728"},"modified":"2025-10-30T16:19:11","modified_gmt":"2025-10-30T16:19:11","slug":"el-nuevo-kia-es-para-muchos-el-mas-deportivo-y-bonito-de-la-marca","status":"publish","type":"post","link":"https:\/\/garageblogec.com\/?p=2728","title":{"rendered":"El nuevo Kia es, para muchos, el m\u00e1s deportivo y bonito de la marca"},"content":{"rendered":"\n<p>Antes de hablar de prestaciones, hay que mencionar su&nbsp;<strong>precio sorprendentemente competitivo<\/strong>. Seg\u00fan la web oficial de Kia, el EV4 parte desde&nbsp;<strong>25.330 euros<\/strong>, una cifra dif\u00edcil de igualar entre los el\u00e9ctricos de su tama\u00f1o. Una propuesta que pone en aprietos a rivales como el&nbsp;<strong>Peugeot e-308<\/strong>, el&nbsp;<strong>Nissan Leaf<\/strong>&nbsp;o el&nbsp;<strong>Volkswagen ID.3<\/strong>, ofreciendo m\u00e1s dise\u00f1o por menos dinero.<\/p>\n\n\n\n<figure class=\"wp-block-image\"><img decoding=\"async\" src=\"https:\/\/piks.eldesmarque.com\/thumbs\/660\/bin\/2025\/02\/18\/kia_ev42jpg.jpg\" alt=\"Kia EV4\"\/><figcaption class=\"wp-element-caption\">Kia EV4<\/figcaption><\/figure>\n\n\n\n<h3 class=\"wp-block-heading\"><strong>As\u00ed es el nuevo Kia EV4<\/strong><\/h3>\n\n\n\n<p>Sus&nbsp;<strong>medidas compactas<\/strong>&nbsp;lo hacen ideal para la ciudad, pero tambi\u00e9n perfecto para viajar. Mide&nbsp;<strong>4,43 metros de largo<\/strong>,&nbsp;<strong>1,86 de ancho<\/strong>&nbsp;y solo&nbsp;<strong>1,48 de alto<\/strong>, con una&nbsp;<strong>batalla de 2,82 metros<\/strong>&nbsp;que garantiza estabilidad y un interior muy espacioso. Adem\u00e1s, su&nbsp;<strong>maletero de 435 litros<\/strong>&nbsp;ofrece una buena capacidad para el d\u00eda a d\u00eda y las escapadas de fin de semana.<\/p>\n\n\n\n<p>En su versi\u00f3n de acceso, el Kia EV4 monta un&nbsp;<strong>motor el\u00e9ctrico de 204 CV<\/strong>, tracci\u00f3n delantera y una&nbsp;<strong>aceleraci\u00f3n de 0 a 100 km\/h en solo 7,4 segundos<\/strong>. Su&nbsp;<strong>velocidad m\u00e1xima<\/strong>&nbsp;alcanza los&nbsp;<strong>170 km\/h<\/strong>, y la&nbsp;<strong>bater\u00eda de 58 kWh<\/strong>&nbsp;le permite recorrer&nbsp;<strong>hasta 440 km de autonom\u00eda<\/strong>&nbsp;bajo el ciclo WLTP. Prestaciones que combinan deportividad y eficiencia.<\/p>\n\n\n\n<figure class=\"wp-block-image\"><img decoding=\"async\" src=\"https:\/\/piks.eldesmarque.com\/thumbs\/660\/bin\/2025\/07\/07\/kia_ev41jpg.jpg\" alt=\"KIA EV4\"\/><figcaption class=\"wp-element-caption\">KIA EV4<\/figcaption><\/figure>\n\n\n\n<h3 class=\"wp-block-heading\"><strong>Un equipamiento muy tecnol\u00f3gico a la altura de los mejores<\/strong><\/h3>\n\n\n\n<p>El interior refleja el nuevo lenguaje de Kia:&nbsp;<strong>minimalista, digital y tecnol\u00f3gico<\/strong>. Destacan las&nbsp;<strong>dos pantallas curvas de 12,3 pulgadas<\/strong>, el&nbsp;<strong>navegador Kia Connect<\/strong>, el&nbsp;<strong>climatizador bizona<\/strong>&nbsp;y el sistema&nbsp;<strong>Android Auto y Apple CarPlay<\/strong>. Todo orientado al confort, la conectividad y una experiencia de conducci\u00f3n premium.<\/p>\n\n\n\n<figure class=\"wp-block-image\"><img decoding=\"async\" src=\"https:\/\/piks.eldesmarque.com\/thumbs\/660\/bin\/2025\/07\/07\/kia_ev4jpg.jpg\" alt=\"KIA EV4\"\/><figcaption class=\"wp-element-caption\">KIA EV4<\/figcaption><\/figure>\n\n\n\n<p>En seguridad y ayudas a la conducci\u00f3n, no se queda atr\u00e1s. Incluye&nbsp;<strong>control de crucero adaptativo con funci\u00f3n Stop&amp;Go<\/strong>,&nbsp;<strong>asistente de frenada de emergencia<\/strong>,&nbsp;<strong>reconocimiento de peatones<\/strong>,&nbsp;<strong>sensores de aparcamiento delanteros y traseros<\/strong>,&nbsp;<strong>c\u00e1mara trasera<\/strong>&nbsp;y&nbsp;<strong>llave inteligente<\/strong>. Todo de serie desde el acabado&nbsp;<strong>Air<\/strong>.<\/p>\n\n\n<div class='pt-cv-wrapper'> <h3 class='pt-cv-heading-container heading1' data-blockid='qs81psrc'><span class='pt-cv-heading'> Overlay1 <\/span><\/h3><div class=\"pt-cv-view pt-cv-overlaygrid iscvblock iscvreal overlay1 layout1\" id=\"pt-cv-view-qs81psrc\"><div data-id=\"pt-cv-page-1\" class=\"pt-cv-page\" data-cvc=\"3\"><div class=\" pt-cv-content-item pt-cv-1-col\" ><div class=\"pt-cv-thumb-wrapper  \"><a href=\"https:\/\/garageblogec.com\/?p=3303\" class=\"_self pt-cv-href-thumbnail pt-cv-thumb-default\" target=\"_self\" ><img fetchpriority=\"high\" decoding=\"async\" width=\"768\" height=\"432\" src=\"https:\/\/garageblogec.com\/wp-content\/uploads\/2026\/04\/WhatsApp-Image-2026-04-21-at-1.52.53-PM-768x432.jpeg\" class=\"pt-cv-thumbnail\" alt=\"\" \/><\/a><\/div>\n<div class=\"pt-cv-overlay-wrapper\"><div class=\"pt-cv-taxoterm above_title\"><a href='https:\/\/garageblogec.com\/?cat=27' title='Industria Nacional' class='pt-cv-tax-industria-nacional'>Industria Nacional<\/a><\/div><h4 class=\"pt-cv-title\"><a href=\"https:\/\/garageblogec.com\/?p=3303\" class=\"_self\" target=\"_self\" >Grupo Ambacar presenta en Guayaquil KGM, su nueva marca de SUV h\u00edbridos con respaldo global<\/a><\/h4><div class=\"pt-cv-meta-fields\"><span class=\"entry-date\"> <time datetime=\"2026-04-21T21:37:24+00:00\">abril 21, 2026<\/time><\/span><span> \/ <\/span><span class=\"author\"> <a href=\"https:\/\/garageblogec.com\/?author=6\" rel=\"author\">gabi1212<\/a><\/span><\/div><\/div><\/div>\n<div class=\" pt-cv-content-item pt-cv-1-col\" ><div class=\"pt-cv-thumb-wrapper  \"><a href=\"https:\/\/garageblogec.com\/?p=3296\" class=\"_self pt-cv-href-thumbnail pt-cv-thumb-default\" target=\"_self\" ><img decoding=\"async\" width=\"768\" height=\"432\" src=\"https:\/\/garageblogec.com\/wp-content\/uploads\/2026\/04\/WhatsApp-Image-2026-04-14-at-3.15.09-PM-768x432.jpeg\" class=\"pt-cv-thumbnail\" alt=\"\" \/><\/a><\/div>\n<div class=\"pt-cv-overlay-wrapper\"><div class=\"pt-cv-taxoterm above_title\"><a href='https:\/\/garageblogec.com\/?cat=27' title='Industria Nacional' class='pt-cv-tax-industria-nacional'>Industria Nacional<\/a><\/div><h4 class=\"pt-cv-title\"><a href=\"https:\/\/garageblogec.com\/?p=3296\" class=\"_self\" target=\"_self\" >El tablero desapareci\u00f3, ahora el auto es una pantalla inteligente<\/a><\/h4><div class=\"pt-cv-meta-fields\"><span class=\"entry-date\"> <time datetime=\"2026-04-14T20:21:20+00:00\">abril 14, 2026<\/time><\/span><span> \/ <\/span><span class=\"author\"> <a href=\"https:\/\/garageblogec.com\/?author=6\" rel=\"author\">gabi1212<\/a><\/span><\/div><\/div><\/div>\n<div class=\" pt-cv-content-item pt-cv-1-col\" ><div class=\"pt-cv-thumb-wrapper  \"><a href=\"https:\/\/garageblogec.com\/?p=3291\" class=\"_self pt-cv-href-thumbnail pt-cv-thumb-default\" target=\"_self\" ><img decoding=\"async\" width=\"768\" height=\"432\" src=\"https:\/\/garageblogec.com\/wp-content\/uploads\/2026\/04\/WhatsApp-Image-2026-04-14-at-2.21.27-PM-768x432.jpeg\" class=\"pt-cv-thumbnail\" alt=\"\" \/><\/a><\/div>\n<div class=\"pt-cv-overlay-wrapper\"><div class=\"pt-cv-taxoterm above_title\"><a href='https:\/\/garageblogec.com\/?cat=27' title='Industria Nacional' class='pt-cv-tax-industria-nacional'>Industria Nacional<\/a><\/div><h4 class=\"pt-cv-title\"><a href=\"https:\/\/garageblogec.com\/?p=3291\" class=\"_self\" target=\"_self\" >Seguridad al volante en Ecuador: los errores m\u00e1s comunes que cometen los conductores<\/a><\/h4><div class=\"pt-cv-meta-fields\"><span class=\"entry-date\"> <time datetime=\"2026-04-14T20:08:54+00:00\">abril 14, 2026<\/time><\/span><span> \/ <\/span><span class=\"author\"> <a href=\"https:\/\/garageblogec.com\/?author=6\" rel=\"author\">gabi1212<\/a><\/span><\/div><\/div><\/div>\n<div class=\" pt-cv-content-item pt-cv-1-col\" ><div class=\"pt-cv-thumb-wrapper  \"><a href=\"https:\/\/garageblogec.com\/?p=3286\" class=\"_self pt-cv-href-thumbnail pt-cv-thumb-default\" target=\"_self\" ><img loading=\"lazy\" decoding=\"async\" width=\"768\" height=\"492\" src=\"https:\/\/garageblogec.com\/wp-content\/uploads\/2026\/04\/Posventa.jpg-768x492.jpeg\" class=\"pt-cv-thumbnail\" alt=\"\" \/><\/a><\/div>\n<div class=\"pt-cv-overlay-wrapper\"><div class=\"pt-cv-taxoterm above_title\"><a href='https:\/\/garageblogec.com\/?cat=27' title='Industria Nacional' class='pt-cv-tax-industria-nacional'>Industria Nacional<\/a><\/div><h4 class=\"pt-cv-title\"><a href=\"https:\/\/garageblogec.com\/?p=3286\" class=\"_self\" target=\"_self\" >Clientes Nissan reciben cambios de aceite infinitos<\/a><\/h4><div class=\"pt-cv-meta-fields\"><span class=\"entry-date\"> <time datetime=\"2026-04-14T20:04:08+00:00\">abril 14, 2026<\/time><\/span><span> \/ <\/span><span class=\"author\"> <a href=\"https:\/\/garageblogec.com\/?author=6\" rel=\"author\">gabi1212<\/a><\/span><\/div><\/div><\/div>\n<div class=\" pt-cv-content-item pt-cv-1-col\" ><div class=\"pt-cv-thumb-wrapper  \"><a href=\"https:\/\/garageblogec.com\/?p=3280\" class=\"_self pt-cv-href-thumbnail pt-cv-thumb-default\" target=\"_self\" ><img loading=\"lazy\" decoding=\"async\" width=\"768\" height=\"512\" src=\"https:\/\/garageblogec.com\/wp-content\/uploads\/2026\/04\/foto1-768x512.jpeg\" class=\"pt-cv-thumbnail\" alt=\"\" \/><\/a><\/div>\n<div class=\"pt-cv-overlay-wrapper\"><div class=\"pt-cv-taxoterm above_title\"><a href='https:\/\/garageblogec.com\/?cat=27' title='Industria Nacional' class='pt-cv-tax-industria-nacional'>Industria Nacional<\/a><\/div><h4 class=\"pt-cv-title\"><a href=\"https:\/\/garageblogec.com\/?p=3280\" class=\"_self\" target=\"_self\" >Movilidad como inversi\u00f3n: el uso de utilidades que crece en Ecuador<\/a><\/h4><div class=\"pt-cv-meta-fields\"><span class=\"entry-date\"> <time datetime=\"2026-04-07T19:55:36+00:00\">abril 7, 2026<\/time><\/span><span> \/ <\/span><span class=\"author\"> <a href=\"https:\/\/garageblogec.com\/?author=6\" rel=\"author\">gabi1212<\/a><\/span><\/div><\/div><\/div>\n<div class=\" pt-cv-content-item pt-cv-1-col\" ><div class=\"pt-cv-thumb-wrapper  \"><a href=\"https:\/\/garageblogec.com\/?p=3276\" class=\"_self pt-cv-href-thumbnail pt-cv-thumb-default\" target=\"_self\" ><img loading=\"lazy\" decoding=\"async\" width=\"745\" height=\"491\" src=\"https:\/\/garageblogec.com\/wp-content\/uploads\/2026\/04\/TT.png\" class=\"pt-cv-thumbnail\" alt=\"\" \/><\/a><\/div>\n<div class=\"pt-cv-overlay-wrapper\"><div class=\"pt-cv-taxoterm above_title\"><a href='https:\/\/garageblogec.com\/?cat=27' title='Industria Nacional' class='pt-cv-tax-industria-nacional'>Industria Nacional<\/a><\/div><h4 class=\"pt-cv-title\"><a href=\"https:\/\/garageblogec.com\/?p=3276\" class=\"_self\" target=\"_self\" >Lluvias en Ecuador: C\u00f3mo reducir riesgos en carretera y prevenir accidentes en calzada mojada<\/a><\/h4><div class=\"pt-cv-meta-fields\"><span class=\"entry-date\"> <time datetime=\"2026-04-07T19:46:52+00:00\">abril 7, 2026<\/time><\/span><span> \/ <\/span><span class=\"author\"> <a href=\"https:\/\/garageblogec.com\/?author=6\" rel=\"author\">gabi1212<\/a><\/span><\/div><\/div><\/div><\/div><\/div> <\/div> <style>\n#pt-cv-view-qs81psrc .pt-cv-thumb-wrapper::before {background: rgba(0,0,0,.4); opacity: 0.8;}#pt-cv-view-qs81psrc .pt-cv-overlay-wrapper {justify-content: center;}\n#pt-cv-view-qs81psrc .pt-cv-meta-fields {  }#pt-cv-view-qs81psrc .pt-cv-meta-fields * { font-size: 13px; }#pt-cv-view-qs81psrc .pt-cv-title a { display: block; }#pt-cv-view-qs81psrc .pt-cv-title:not(.pt-cv-titlesm) a { font-weight: 600;text-decoration: none;font-size: 20px; }#pt-cv-view-qs81psrc .pt-cv-titlesm a { font-weight: 600;font-size: 18px; }#pt-cv-view-qs81psrc .pt-cv-content { font-size: 15px; }#pt-cv-view-qs81psrc .pt-cv-rmwrap {  }#pt-cv-view-qs81psrc .pt-cv-readmore { color: #fff;background-color: #0075ff;font-size: 14px; }#pt-cv-view-qs81psrc .pt-cv-taxoterm { margin: 0px 0px 20px 0px; }#pt-cv-view-qs81psrc .pt-cv-taxoterm * { color: #222;background-color: #fff6f6;font-size: 14px; }#pt-cv-view-qs81psrc + .pt-cv-pagination-wrapper {  }#pt-cv-view-qs81psrc + .pt-cv-pagination-wrapper a { font-size: 14px; }#pt-cv-view-qs81psrc > .pt-cv-page {grid-template-columns: repeat(3, 1fr);grid-auto-rows: 250px;grid-gap: 10px;}\n@media all and (max-width: 1024px) { \n#pt-cv-view-qs81psrc > .pt-cv-page {}\n} \n@media all and (max-width: 767px) { \n#pt-cv-view-qs81psrc > .pt-cv-page {grid-template-columns: repeat(1, 1fr);}\n} <\/style>","protected":false},"excerpt":{"rendered":"<p>Antes de hablar de prestaciones, hay que mencionar su&nbsp;precio sorprendentemente competitivo. Seg\u00fan la web oficial de Kia, el EV4 parte desde&nbsp;25.330 euros, una cifra dif\u00edcil de igualar entre los el\u00e9ctricos de su tama\u00f1o. Una propuesta que pone en aprietos a rivales como el&nbsp;Peugeot e-308, el&nbsp;Nissan Leaf&nbsp;o el&nbsp;Volkswagen ID.3, ofreciendo m\u00e1s dise\u00f1o por menos dinero. As\u00ed [&hellip;]<\/p>\n","protected":false},"author":6,"featured_media":2729,"comment_status":"open","ping_status":"open","sticky":false,"template":"","format":"standard","meta":{"_jetpack_memberships_contains_paid_content":false,"footnotes":""},"categories":[27],"tags":[],"class_list":["post-2728","post","type-post","status-publish","format-standard","has-post-thumbnail","hentry","category-industria-nacional"],"yoast_head":"<!-- This site is optimized with the Yoast SEO plugin v27.5 - https:\/\/yoast.com\/product\/yoast-seo-wordpress\/ -->\n<title>El nuevo Kia es, para muchos, el m\u00e1s deportivo y bonito de la marca - Garage Blog Ecuador<\/title>\n<meta name=\"robots\" content=\"index, follow, max-snippet:-1, max-image-preview:large, max-video-preview:-1\" \/>\n<link rel=\"canonical\" href=\"https:\/\/garageblogec.com\/?p=2728\" \/>\n<meta property=\"og:locale\" content=\"es_ES\" \/>\n<meta property=\"og:type\" content=\"article\" \/>\n<meta property=\"og:title\" content=\"El nuevo Kia es, para muchos, el m\u00e1s deportivo y bonito de la marca - Garage Blog Ecuador\" \/>\n<meta property=\"og:description\" content=\"Antes de hablar de prestaciones, hay que mencionar su&nbsp;precio sorprendentemente competitivo. Seg\u00fan la web oficial de Kia, el EV4 parte desde&nbsp;25.330 euros, una cifra dif\u00edcil de igualar entre los el\u00e9ctricos de su tama\u00f1o. Una propuesta que pone en aprietos a rivales como el&nbsp;Peugeot e-308, el&nbsp;Nissan Leaf&nbsp;o el&nbsp;Volkswagen ID.3, ofreciendo m\u00e1s dise\u00f1o por menos dinero. As\u00ed [&hellip;]\" \/>\n<meta property=\"og:url\" content=\"https:\/\/garageblogec.com\/?p=2728\" \/>\n<meta property=\"og:site_name\" content=\"Garage Blog Ecuador\" \/>\n<meta property=\"article:published_time\" content=\"2025-10-30T16:19:06+00:00\" \/>\n<meta property=\"article:modified_time\" content=\"2025-10-30T16:19:11+00:00\" \/>\n<meta property=\"og:image\" content=\"https:\/\/garageblogec.com\/wp-content\/uploads\/2025\/10\/kia_ev41jpg.jpg\" \/>\n\t<meta property=\"og:image:width\" content=\"1400\" \/>\n\t<meta property=\"og:image:height\" content=\"788\" \/>\n\t<meta property=\"og:image:type\" content=\"image\/jpeg\" \/>\n<meta name=\"author\" content=\"gabi1212\" \/>\n<meta name=\"twitter:card\" content=\"summary_large_image\" \/>\n<meta name=\"twitter:label1\" content=\"Escrito por\" \/>\n\t<meta name=\"twitter:data1\" content=\"gabi1212\" \/>\n\t<meta name=\"twitter:label2\" content=\"Tiempo de lectura\" \/>\n\t<meta name=\"twitter:data2\" content=\"3 minutos\" \/>\n<script type=\"application\/ld+json\" class=\"yoast-schema-graph\">{\"@context\":\"https:\\\/\\\/schema.org\",\"@graph\":[{\"@type\":\"Article\",\"@id\":\"https:\\\/\\\/garageblogec.com\\\/?p=2728#article\",\"isPartOf\":{\"@id\":\"https:\\\/\\\/garageblogec.com\\\/?p=2728\"},\"author\":{\"name\":\"gabi1212\",\"@id\":\"https:\\\/\\\/garageblogec.com\\\/#\\\/schema\\\/person\\\/635f4b76c0cb3e43b82fe6f7d8bcceea\"},\"headline\":\"El nuevo Kia es, para muchos, el m\u00e1s deportivo y bonito de la marca\",\"datePublished\":\"2025-10-30T16:19:06+00:00\",\"dateModified\":\"2025-10-30T16:19:11+00:00\",\"mainEntityOfPage\":{\"@id\":\"https:\\\/\\\/garageblogec.com\\\/?p=2728\"},\"wordCount\":365,\"commentCount\":0,\"publisher\":{\"@id\":\"https:\\\/\\\/garageblogec.com\\\/#organization\"},\"image\":{\"@id\":\"https:\\\/\\\/garageblogec.com\\\/?p=2728#primaryimage\"},\"thumbnailUrl\":\"https:\\\/\\\/garageblogec.com\\\/wp-content\\\/uploads\\\/2025\\\/10\\\/kia_ev41jpg.jpg\",\"articleSection\":[\"Industria Nacional\"],\"inLanguage\":\"es\",\"potentialAction\":[{\"@type\":\"CommentAction\",\"name\":\"Comment\",\"target\":[\"https:\\\/\\\/garageblogec.com\\\/?p=2728#respond\"]}]},{\"@type\":\"WebPage\",\"@id\":\"https:\\\/\\\/garageblogec.com\\\/?p=2728\",\"url\":\"https:\\\/\\\/garageblogec.com\\\/?p=2728\",\"name\":\"El nuevo Kia es, para muchos, el m\u00e1s deportivo y bonito de la marca - Garage Blog Ecuador\",\"isPartOf\":{\"@id\":\"https:\\\/\\\/garageblogec.com\\\/#website\"},\"primaryImageOfPage\":{\"@id\":\"https:\\\/\\\/garageblogec.com\\\/?p=2728#primaryimage\"},\"image\":{\"@id\":\"https:\\\/\\\/garageblogec.com\\\/?p=2728#primaryimage\"},\"thumbnailUrl\":\"https:\\\/\\\/garageblogec.com\\\/wp-content\\\/uploads\\\/2025\\\/10\\\/kia_ev41jpg.jpg\",\"datePublished\":\"2025-10-30T16:19:06+00:00\",\"dateModified\":\"2025-10-30T16:19:11+00:00\",\"breadcrumb\":{\"@id\":\"https:\\\/\\\/garageblogec.com\\\/?p=2728#breadcrumb\"},\"inLanguage\":\"es\",\"potentialAction\":[{\"@type\":\"ReadAction\",\"target\":[\"https:\\\/\\\/garageblogec.com\\\/?p=2728\"]}]},{\"@type\":\"ImageObject\",\"inLanguage\":\"es\",\"@id\":\"https:\\\/\\\/garageblogec.com\\\/?p=2728#primaryimage\",\"url\":\"https:\\\/\\\/garageblogec.com\\\/wp-content\\\/uploads\\\/2025\\\/10\\\/kia_ev41jpg.jpg\",\"contentUrl\":\"https:\\\/\\\/garageblogec.com\\\/wp-content\\\/uploads\\\/2025\\\/10\\\/kia_ev41jpg.jpg\",\"width\":1400,\"height\":788},{\"@type\":\"BreadcrumbList\",\"@id\":\"https:\\\/\\\/garageblogec.com\\\/?p=2728#breadcrumb\",\"itemListElement\":[{\"@type\":\"ListItem\",\"position\":1,\"name\":\"Portada\",\"item\":\"https:\\\/\\\/garageblogec.com\\\/\"},{\"@type\":\"ListItem\",\"position\":2,\"name\":\"El nuevo Kia es, para muchos, el m\u00e1s deportivo y bonito de la marca\"}]},{\"@type\":\"WebSite\",\"@id\":\"https:\\\/\\\/garageblogec.com\\\/#website\",\"url\":\"https:\\\/\\\/garageblogec.com\\\/\",\"name\":\"Garage Blog Ecuador\",\"description\":\"Alucinamos por los autos \",\"publisher\":{\"@id\":\"https:\\\/\\\/garageblogec.com\\\/#organization\"},\"potentialAction\":[{\"@type\":\"SearchAction\",\"target\":{\"@type\":\"EntryPoint\",\"urlTemplate\":\"https:\\\/\\\/garageblogec.com\\\/?s={search_term_string}\"},\"query-input\":{\"@type\":\"PropertyValueSpecification\",\"valueRequired\":true,\"valueName\":\"search_term_string\"}}],\"inLanguage\":\"es\"},{\"@type\":\"Organization\",\"@id\":\"https:\\\/\\\/garageblogec.com\\\/#organization\",\"name\":\"Garage Blog Ecuador\",\"url\":\"https:\\\/\\\/garageblogec.com\\\/\",\"logo\":{\"@type\":\"ImageObject\",\"inLanguage\":\"es\",\"@id\":\"https:\\\/\\\/garageblogec.com\\\/#\\\/schema\\\/logo\\\/image\\\/\",\"url\":\"https:\\\/\\\/garageblogec.com\\\/wp-content\\\/uploads\\\/2024\\\/02\\\/cropped-logo-png-para-blog.webp\",\"contentUrl\":\"https:\\\/\\\/garageblogec.com\\\/wp-content\\\/uploads\\\/2024\\\/02\\\/cropped-logo-png-para-blog.webp\",\"width\":840,\"height\":556,\"caption\":\"Garage Blog Ecuador \"},\"image\":{\"@id\":\"https:\\\/\\\/garageblogec.com\\\/#\\\/schema\\\/logo\\\/image\\\/\"}},{\"@type\":\"Person\",\"@id\":\"https:\\\/\\\/garageblogec.com\\\/#\\\/schema\\\/person\\\/635f4b76c0cb3e43b82fe6f7d8bcceea\",\"name\":\"gabi1212\",\"image\":{\"@type\":\"ImageObject\",\"inLanguage\":\"es\",\"@id\":\"https:\\\/\\\/secure.gravatar.com\\\/avatar\\\/6aa491f45cb359d4d6dd8c430e83f78899c80569c27d21156e19bbdcd31d1811?s=96&d=mm&r=g\",\"url\":\"https:\\\/\\\/secure.gravatar.com\\\/avatar\\\/6aa491f45cb359d4d6dd8c430e83f78899c80569c27d21156e19bbdcd31d1811?s=96&d=mm&r=g\",\"contentUrl\":\"https:\\\/\\\/secure.gravatar.com\\\/avatar\\\/6aa491f45cb359d4d6dd8c430e83f78899c80569c27d21156e19bbdcd31d1811?s=96&d=mm&r=g\",\"caption\":\"gabi1212\"},\"url\":\"https:\\\/\\\/garageblogec.com\\\/?author=6\"}]}<\/script>\n<!-- \/ Yoast SEO plugin. -->","yoast_head_json":{"title":"El nuevo Kia es, para muchos, el m\u00e1s deportivo y bonito de la marca - Garage Blog Ecuador","robots":{"index":"index","follow":"follow","max-snippet":"max-snippet:-1","max-image-preview":"max-image-preview:large","max-video-preview":"max-video-preview:-1"},"canonical":"https:\/\/garageblogec.com\/?p=2728","og_locale":"es_ES","og_type":"article","og_title":"El nuevo Kia es, para muchos, el m\u00e1s deportivo y bonito de la marca - Garage Blog Ecuador","og_description":"Antes de hablar de prestaciones, hay que mencionar su&nbsp;precio sorprendentemente competitivo. Seg\u00fan la web oficial de Kia, el EV4 parte desde&nbsp;25.330 euros, una cifra dif\u00edcil de igualar entre los el\u00e9ctricos de su tama\u00f1o. Una propuesta que pone en aprietos a rivales como el&nbsp;Peugeot e-308, el&nbsp;Nissan Leaf&nbsp;o el&nbsp;Volkswagen ID.3, ofreciendo m\u00e1s dise\u00f1o por menos dinero. As\u00ed [&hellip;]","og_url":"https:\/\/garageblogec.com\/?p=2728","og_site_name":"Garage Blog Ecuador","article_published_time":"2025-10-30T16:19:06+00:00","article_modified_time":"2025-10-30T16:19:11+00:00","og_image":[{"width":1400,"height":788,"url":"https:\/\/garageblogec.com\/wp-content\/uploads\/2025\/10\/kia_ev41jpg.jpg","type":"image\/jpeg"}],"author":"gabi1212","twitter_card":"summary_large_image","twitter_misc":{"Escrito por":"gabi1212","Tiempo de lectura":"3 minutos"},"schema":{"@context":"https:\/\/schema.org","@graph":[{"@type":"Article","@id":"https:\/\/garageblogec.com\/?p=2728#article","isPartOf":{"@id":"https:\/\/garageblogec.com\/?p=2728"},"author":{"name":"gabi1212","@id":"https:\/\/garageblogec.com\/#\/schema\/person\/635f4b76c0cb3e43b82fe6f7d8bcceea"},"headline":"El nuevo Kia es, para muchos, el m\u00e1s deportivo y bonito de la marca","datePublished":"2025-10-30T16:19:06+00:00","dateModified":"2025-10-30T16:19:11+00:00","mainEntityOfPage":{"@id":"https:\/\/garageblogec.com\/?p=2728"},"wordCount":365,"commentCount":0,"publisher":{"@id":"https:\/\/garageblogec.com\/#organization"},"image":{"@id":"https:\/\/garageblogec.com\/?p=2728#primaryimage"},"thumbnailUrl":"https:\/\/garageblogec.com\/wp-content\/uploads\/2025\/10\/kia_ev41jpg.jpg","articleSection":["Industria Nacional"],"inLanguage":"es","potentialAction":[{"@type":"CommentAction","name":"Comment","target":["https:\/\/garageblogec.com\/?p=2728#respond"]}]},{"@type":"WebPage","@id":"https:\/\/garageblogec.com\/?p=2728","url":"https:\/\/garageblogec.com\/?p=2728","name":"El nuevo Kia es, para muchos, el m\u00e1s deportivo y bonito de la marca - Garage Blog Ecuador","isPartOf":{"@id":"https:\/\/garageblogec.com\/#website"},"primaryImageOfPage":{"@id":"https:\/\/garageblogec.com\/?p=2728#primaryimage"},"image":{"@id":"https:\/\/garageblogec.com\/?p=2728#primaryimage"},"thumbnailUrl":"https:\/\/garageblogec.com\/wp-content\/uploads\/2025\/10\/kia_ev41jpg.jpg","datePublished":"2025-10-30T16:19:06+00:00","dateModified":"2025-10-30T16:19:11+00:00","breadcrumb":{"@id":"https:\/\/garageblogec.com\/?p=2728#breadcrumb"},"inLanguage":"es","potentialAction":[{"@type":"ReadAction","target":["https:\/\/garageblogec.com\/?p=2728"]}]},{"@type":"ImageObject","inLanguage":"es","@id":"https:\/\/garageblogec.com\/?p=2728#primaryimage","url":"https:\/\/garageblogec.com\/wp-content\/uploads\/2025\/10\/kia_ev41jpg.jpg","contentUrl":"https:\/\/garageblogec.com\/wp-content\/uploads\/2025\/10\/kia_ev41jpg.jpg","width":1400,"height":788},{"@type":"BreadcrumbList","@id":"https:\/\/garageblogec.com\/?p=2728#breadcrumb","itemListElement":[{"@type":"ListItem","position":1,"name":"Portada","item":"https:\/\/garageblogec.com\/"},{"@type":"ListItem","position":2,"name":"El nuevo Kia es, para muchos, el m\u00e1s deportivo y bonito de la marca"}]},{"@type":"WebSite","@id":"https:\/\/garageblogec.com\/#website","url":"https:\/\/garageblogec.com\/","name":"Garage Blog Ecuador","description":"Alucinamos por los autos ","publisher":{"@id":"https:\/\/garageblogec.com\/#organization"},"potentialAction":[{"@type":"SearchAction","target":{"@type":"EntryPoint","urlTemplate":"https:\/\/garageblogec.com\/?s={search_term_string}"},"query-input":{"@type":"PropertyValueSpecification","valueRequired":true,"valueName":"search_term_string"}}],"inLanguage":"es"},{"@type":"Organization","@id":"https:\/\/garageblogec.com\/#organization","name":"Garage Blog Ecuador","url":"https:\/\/garageblogec.com\/","logo":{"@type":"ImageObject","inLanguage":"es","@id":"https:\/\/garageblogec.com\/#\/schema\/logo\/image\/","url":"https:\/\/garageblogec.com\/wp-content\/uploads\/2024\/02\/cropped-logo-png-para-blog.webp","contentUrl":"https:\/\/garageblogec.com\/wp-content\/uploads\/2024\/02\/cropped-logo-png-para-blog.webp","width":840,"height":556,"caption":"Garage Blog Ecuador "},"image":{"@id":"https:\/\/garageblogec.com\/#\/schema\/logo\/image\/"}},{"@type":"Person","@id":"https:\/\/garageblogec.com\/#\/schema\/person\/635f4b76c0cb3e43b82fe6f7d8bcceea","name":"gabi1212","image":{"@type":"ImageObject","inLanguage":"es","@id":"https:\/\/secure.gravatar.com\/avatar\/6aa491f45cb359d4d6dd8c430e83f78899c80569c27d21156e19bbdcd31d1811?s=96&d=mm&r=g","url":"https:\/\/secure.gravatar.com\/avatar\/6aa491f45cb359d4d6dd8c430e83f78899c80569c27d21156e19bbdcd31d1811?s=96&d=mm&r=g","contentUrl":"https:\/\/secure.gravatar.com\/avatar\/6aa491f45cb359d4d6dd8c430e83f78899c80569c27d21156e19bbdcd31d1811?s=96&d=mm&r=g","caption":"gabi1212"},"url":"https:\/\/garageblogec.com\/?author=6"}]}},"jetpack_featured_media_url":"https:\/\/garageblogec.com\/wp-content\/uploads\/2025\/10\/kia_ev41jpg.jpg","jetpack_sharing_enabled":true,"_links":{"self":[{"href":"https:\/\/garageblogec.com\/index.php?rest_route=\/wp\/v2\/posts\/2728","targetHints":{"allow":["GET"]}}],"collection":[{"href":"https:\/\/garageblogec.com\/index.php?rest_route=\/wp\/v2\/posts"}],"about":[{"href":"https:\/\/garageblogec.com\/index.php?rest_route=\/wp\/v2\/types\/post"}],"author":[{"embeddable":true,"href":"https:\/\/garageblogec.com\/index.php?rest_route=\/wp\/v2\/users\/6"}],"replies":[{"embeddable":true,"href":"https:\/\/garageblogec.com\/index.php?rest_route=%2Fwp%2Fv2%2Fcomments&post=2728"}],"version-history":[{"count":1,"href":"https:\/\/garageblogec.com\/index.php?rest_route=\/wp\/v2\/posts\/2728\/revisions"}],"predecessor-version":[{"id":2730,"href":"https:\/\/garageblogec.com\/index.php?rest_route=\/wp\/v2\/posts\/2728\/revisions\/2730"}],"wp:featuredmedia":[{"embeddable":true,"href":"https:\/\/garageblogec.com\/index.php?rest_route=\/wp\/v2\/media\/2729"}],"wp:attachment":[{"href":"https:\/\/garageblogec.com\/index.php?rest_route=%2Fwp%2Fv2%2Fmedia&parent=2728"}],"wp:term":[{"taxonomy":"category","embeddable":true,"href":"https:\/\/garageblogec.com\/index.php?rest_route=%2Fwp%2Fv2%2Fcategories&post=2728"},{"taxonomy":"post_tag","embeddable":true,"href":"https:\/\/garageblogec.com\/index.php?rest_route=%2Fwp%2Fv2%2Ftags&post=2728"}],"curies":[{"name":"wp","href":"https:\/\/api.w.org\/{rel}","templated":true}]}}