{"id":2720,"date":"2025-10-30T15:58:30","date_gmt":"2025-10-30T15:58:30","guid":{"rendered":"https:\/\/garageblogec.com\/?p=2720"},"modified":"2025-10-30T15:58:36","modified_gmt":"2025-10-30T15:58:36","slug":"continental-tire-andina-cumplio-una-decada-de-apoyo-a-la-carrera-yo-cuido-los-bosques","status":"publish","type":"post","link":"https:\/\/garageblogec.com\/?p=2720","title":{"rendered":"Continental Tire Andina cumpli\u00f3 una d\u00e9cada de apoyo a la carrera \u201cYo Cuido los Bosques\u201d"},"content":{"rendered":"\n<p>Por d\u00e9cimo a\u00f1o consecutivo. Continental Tire se sum\u00f3 a la carrera \u201cYo Cuido los Bosques\u201d, una iniciativa impulsada por el Cuerpo de Bomberos de Cuenca y que reuni\u00f3 a m\u00e1s de 6.000 participantes en esta edici\u00f3n. Adem\u00e1s de participar nuevamente como patrocinador principal, la empresa tambi\u00e9n realiz\u00f3 donaciones adicionales en premios y varios de sus colaboradores los representaron en la competencia.<\/p>\n\n\n\n<figure class=\"wp-block-image size-full\"><img fetchpriority=\"high\" decoding=\"async\" width=\"478\" height=\"319\" src=\"https:\/\/garageblogec.com\/wp-content\/uploads\/2025\/10\/Imagen1.jpg\" alt=\"\" class=\"wp-image-2721\" srcset=\"https:\/\/garageblogec.com\/wp-content\/uploads\/2025\/10\/Imagen1.jpg 478w, https:\/\/garageblogec.com\/wp-content\/uploads\/2025\/10\/Imagen1-300x200.jpg 300w\" sizes=\"(max-width: 478px) 100vw, 478px\" \/><\/figure>\n\n\n\n<p>Cabe destacar que \u201cYo Cuido Los Bosques\u201d busca prevenir y controlar incendios forestales, a trav\u00e9s de la concienciaci\u00f3n y la participaci\u00f3n ciudadana, adem\u00e1s de promover la protecci\u00f3n del medio ambiente en general. En esta d\u00e9cima edici\u00f3n, reuni\u00f3n tanto a deportistas, como a familias y a colaboradores de distintas empresas de la ciudad.<\/p>\n\n\n\n<p>En esta ocasi\u00f3n, la carrera coincidi\u00f3 con la celebraci\u00f3n de los 80 a\u00f1os del Cuerpo de Bomberos de Cuenca, instituci\u00f3n que reconoci\u00f3 en su Sesi\u00f3n Solemne Aniversaria, a Continental Tire Andina por su apoyo permanente en proyectos comunitarios, a trav\u00e9s de sus ejes de RSE.<\/p>\n\n\n\n<figure class=\"wp-block-image size-large\"><img decoding=\"async\" width=\"1024\" height=\"576\" src=\"https:\/\/garageblogec.com\/wp-content\/uploads\/2025\/10\/Img2-1024x576.jpeg\" alt=\"\" class=\"wp-image-2722\" srcset=\"https:\/\/garageblogec.com\/wp-content\/uploads\/2025\/10\/Img2-1024x576.jpeg 1024w, https:\/\/garageblogec.com\/wp-content\/uploads\/2025\/10\/Img2-300x169.jpeg 300w, https:\/\/garageblogec.com\/wp-content\/uploads\/2025\/10\/Img2-768x432.jpeg 768w, https:\/\/garageblogec.com\/wp-content\/uploads\/2025\/10\/Img2-1536x864.jpeg 1536w, https:\/\/garageblogec.com\/wp-content\/uploads\/2025\/10\/Img2-2048x1152.jpeg 2048w, https:\/\/garageblogec.com\/wp-content\/uploads\/2025\/10\/Img2-1320x743.jpeg 1320w\" sizes=\"(max-width: 1024px) 100vw, 1024px\" \/><\/figure>\n\n\n\n<p>\u201c<em>Para Continental Tire, la sostenibilidad no solo se trata de producir con responsabilidad, sino tambi\u00e9n de apoyar iniciativas que fortalecen a la comunidad y promueven el respeto por nuestro entorno. Este tipo de proyectos nos permiten crear conciencia ambiental a trav\u00e9s del deporte y las alianzas solidarias<\/em>\u201d, se\u00f1al\u00f3 Gustavo Malo, Viceprersidente de RH de Continental Tire Andina.<\/p>\n\n\n\n<p>Desde hace m\u00e1s de 20 a\u00f1os, Continental mantiene una estrecha relaci\u00f3n con los Bomberos de Cuenca, brindando capacitaciones continuas a sus brigadas internas de emergencia y colaborando activamente en causas de prevenci\u00f3n y protecci\u00f3n ambiental. La empresa fue una de las primeras en sumarse a la carrera \u201cYo Cuido los Bosques\u201d, y ha sido un aliado constante en la promoci\u00f3n de valores de solidaridad, voluntariado y sostenibilidad.<\/p>\n\n\n\n<figure class=\"wp-block-image size-large\"><img decoding=\"async\" width=\"1024\" height=\"576\" src=\"https:\/\/garageblogec.com\/wp-content\/uploads\/2025\/10\/Img3-1024x576.jpeg\" alt=\"\" class=\"wp-image-2723\" srcset=\"https:\/\/garageblogec.com\/wp-content\/uploads\/2025\/10\/Img3-1024x576.jpeg 1024w, https:\/\/garageblogec.com\/wp-content\/uploads\/2025\/10\/Img3-300x169.jpeg 300w, https:\/\/garageblogec.com\/wp-content\/uploads\/2025\/10\/Img3-768x432.jpeg 768w, https:\/\/garageblogec.com\/wp-content\/uploads\/2025\/10\/Img3-1536x864.jpeg 1536w, https:\/\/garageblogec.com\/wp-content\/uploads\/2025\/10\/Img3-2048x1152.jpeg 2048w, https:\/\/garageblogec.com\/wp-content\/uploads\/2025\/10\/Img3-1320x743.jpeg 1320w\" sizes=\"(max-width: 1024px) 100vw, 1024px\" \/><\/figure>\n\n\n\n<p>Continental entreg\u00f3 bicicletas para competencia como premios para los asistentes, e incentiv\u00f3 la participaci\u00f3n de sus colaboradores, quienes se unieron al evento como parte de su programa interno de voluntariado corporativo. La carrera, de car\u00e1cter gratuito, se consolid\u00f3 una vez m\u00e1s como un espacio de integraci\u00f3n ciudadana y sensibilizaci\u00f3n ambiental que promueve el mensaje de que \u201ccuidar los bosques es cuidar la vida\u201d.<\/p>\n\n\n\n<p>Con este tipo de acciones, Continental Tire Andina refuerza su prop\u00f3sito de impulsar el desarrollo sostenible, fortaleciendo la relaci\u00f3n entre empresa privada, comunidad e instituciones locales, y contribuyendo al bienestar ambiental y social de Cuenca. <\/p>\n\n\n<div class='pt-cv-wrapper'> <h3 class='pt-cv-heading-container heading1' data-blockid='zcpwwmby'><span class='pt-cv-heading'> Overlay1 <\/span><\/h3><div class=\"pt-cv-view pt-cv-overlaygrid iscvblock iscvreal overlay1 layout1\" id=\"pt-cv-view-zcpwwmby\"><div data-id=\"pt-cv-page-1\" class=\"pt-cv-page\" data-cvc=\"3\"><div class=\" pt-cv-content-item pt-cv-1-col\" ><div class=\"pt-cv-thumb-wrapper  \"><a href=\"https:\/\/garageblogec.com\/?p=3303\" class=\"_self pt-cv-href-thumbnail pt-cv-thumb-default\" target=\"_self\" ><img loading=\"lazy\" decoding=\"async\" width=\"768\" height=\"432\" src=\"https:\/\/garageblogec.com\/wp-content\/uploads\/2026\/04\/WhatsApp-Image-2026-04-21-at-1.52.53-PM-768x432.jpeg\" class=\"pt-cv-thumbnail\" alt=\"\" \/><\/a><\/div>\n<div class=\"pt-cv-overlay-wrapper\"><div class=\"pt-cv-taxoterm above_title\"><a href='https:\/\/garageblogec.com\/?cat=27' title='Industria Nacional' class='pt-cv-tax-industria-nacional'>Industria Nacional<\/a><\/div><h4 class=\"pt-cv-title\"><a href=\"https:\/\/garageblogec.com\/?p=3303\" class=\"_self\" target=\"_self\" >Grupo Ambacar presenta en Guayaquil KGM, su nueva marca de SUV h\u00edbridos con respaldo global<\/a><\/h4><div class=\"pt-cv-meta-fields\"><span class=\"entry-date\"> <time datetime=\"2026-04-21T21:37:24+00:00\">abril 21, 2026<\/time><\/span><span> \/ <\/span><span class=\"author\"> <a href=\"https:\/\/garageblogec.com\/?author=6\" rel=\"author\">gabi1212<\/a><\/span><\/div><\/div><\/div>\n<div class=\" pt-cv-content-item pt-cv-1-col\" ><div class=\"pt-cv-thumb-wrapper  \"><a href=\"https:\/\/garageblogec.com\/?p=3296\" class=\"_self pt-cv-href-thumbnail pt-cv-thumb-default\" target=\"_self\" ><img loading=\"lazy\" decoding=\"async\" width=\"768\" height=\"432\" src=\"https:\/\/garageblogec.com\/wp-content\/uploads\/2026\/04\/WhatsApp-Image-2026-04-14-at-3.15.09-PM-768x432.jpeg\" class=\"pt-cv-thumbnail\" alt=\"\" \/><\/a><\/div>\n<div class=\"pt-cv-overlay-wrapper\"><div class=\"pt-cv-taxoterm above_title\"><a href='https:\/\/garageblogec.com\/?cat=27' title='Industria Nacional' class='pt-cv-tax-industria-nacional'>Industria Nacional<\/a><\/div><h4 class=\"pt-cv-title\"><a href=\"https:\/\/garageblogec.com\/?p=3296\" class=\"_self\" target=\"_self\" >El tablero desapareci\u00f3, ahora el auto es una pantalla inteligente<\/a><\/h4><div class=\"pt-cv-meta-fields\"><span class=\"entry-date\"> <time datetime=\"2026-04-14T20:21:20+00:00\">abril 14, 2026<\/time><\/span><span> \/ <\/span><span class=\"author\"> <a href=\"https:\/\/garageblogec.com\/?author=6\" rel=\"author\">gabi1212<\/a><\/span><\/div><\/div><\/div>\n<div class=\" pt-cv-content-item pt-cv-1-col\" ><div class=\"pt-cv-thumb-wrapper  \"><a href=\"https:\/\/garageblogec.com\/?p=3291\" class=\"_self pt-cv-href-thumbnail pt-cv-thumb-default\" target=\"_self\" ><img loading=\"lazy\" decoding=\"async\" width=\"768\" height=\"432\" src=\"https:\/\/garageblogec.com\/wp-content\/uploads\/2026\/04\/WhatsApp-Image-2026-04-14-at-2.21.27-PM-768x432.jpeg\" class=\"pt-cv-thumbnail\" alt=\"\" \/><\/a><\/div>\n<div class=\"pt-cv-overlay-wrapper\"><div class=\"pt-cv-taxoterm above_title\"><a href='https:\/\/garageblogec.com\/?cat=27' title='Industria Nacional' class='pt-cv-tax-industria-nacional'>Industria Nacional<\/a><\/div><h4 class=\"pt-cv-title\"><a href=\"https:\/\/garageblogec.com\/?p=3291\" class=\"_self\" target=\"_self\" >Seguridad al volante en Ecuador: los errores m\u00e1s comunes que cometen los conductores<\/a><\/h4><div class=\"pt-cv-meta-fields\"><span class=\"entry-date\"> <time datetime=\"2026-04-14T20:08:54+00:00\">abril 14, 2026<\/time><\/span><span> \/ <\/span><span class=\"author\"> <a href=\"https:\/\/garageblogec.com\/?author=6\" rel=\"author\">gabi1212<\/a><\/span><\/div><\/div><\/div>\n<div class=\" pt-cv-content-item pt-cv-1-col\" ><div class=\"pt-cv-thumb-wrapper  \"><a href=\"https:\/\/garageblogec.com\/?p=3286\" class=\"_self pt-cv-href-thumbnail pt-cv-thumb-default\" target=\"_self\" ><img loading=\"lazy\" decoding=\"async\" width=\"768\" height=\"492\" src=\"https:\/\/garageblogec.com\/wp-content\/uploads\/2026\/04\/Posventa.jpg-768x492.jpeg\" class=\"pt-cv-thumbnail\" alt=\"\" \/><\/a><\/div>\n<div class=\"pt-cv-overlay-wrapper\"><div class=\"pt-cv-taxoterm above_title\"><a href='https:\/\/garageblogec.com\/?cat=27' title='Industria Nacional' class='pt-cv-tax-industria-nacional'>Industria Nacional<\/a><\/div><h4 class=\"pt-cv-title\"><a href=\"https:\/\/garageblogec.com\/?p=3286\" class=\"_self\" target=\"_self\" >Clientes Nissan reciben cambios de aceite infinitos<\/a><\/h4><div class=\"pt-cv-meta-fields\"><span class=\"entry-date\"> <time datetime=\"2026-04-14T20:04:08+00:00\">abril 14, 2026<\/time><\/span><span> \/ <\/span><span class=\"author\"> <a href=\"https:\/\/garageblogec.com\/?author=6\" rel=\"author\">gabi1212<\/a><\/span><\/div><\/div><\/div>\n<div class=\" pt-cv-content-item pt-cv-1-col\" ><div class=\"pt-cv-thumb-wrapper  \"><a href=\"https:\/\/garageblogec.com\/?p=3280\" class=\"_self pt-cv-href-thumbnail pt-cv-thumb-default\" target=\"_self\" ><img loading=\"lazy\" decoding=\"async\" width=\"768\" height=\"512\" src=\"https:\/\/garageblogec.com\/wp-content\/uploads\/2026\/04\/foto1-768x512.jpeg\" class=\"pt-cv-thumbnail\" alt=\"\" \/><\/a><\/div>\n<div class=\"pt-cv-overlay-wrapper\"><div class=\"pt-cv-taxoterm above_title\"><a href='https:\/\/garageblogec.com\/?cat=27' title='Industria Nacional' class='pt-cv-tax-industria-nacional'>Industria Nacional<\/a><\/div><h4 class=\"pt-cv-title\"><a href=\"https:\/\/garageblogec.com\/?p=3280\" class=\"_self\" target=\"_self\" >Movilidad como inversi\u00f3n: el uso de utilidades que crece en Ecuador<\/a><\/h4><div class=\"pt-cv-meta-fields\"><span class=\"entry-date\"> <time datetime=\"2026-04-07T19:55:36+00:00\">abril 7, 2026<\/time><\/span><span> \/ <\/span><span class=\"author\"> <a href=\"https:\/\/garageblogec.com\/?author=6\" rel=\"author\">gabi1212<\/a><\/span><\/div><\/div><\/div>\n<div class=\" pt-cv-content-item pt-cv-1-col\" ><div class=\"pt-cv-thumb-wrapper  \"><a href=\"https:\/\/garageblogec.com\/?p=3276\" class=\"_self pt-cv-href-thumbnail pt-cv-thumb-default\" target=\"_self\" ><img loading=\"lazy\" decoding=\"async\" width=\"745\" height=\"491\" src=\"https:\/\/garageblogec.com\/wp-content\/uploads\/2026\/04\/TT.png\" class=\"pt-cv-thumbnail\" alt=\"\" \/><\/a><\/div>\n<div class=\"pt-cv-overlay-wrapper\"><div class=\"pt-cv-taxoterm above_title\"><a href='https:\/\/garageblogec.com\/?cat=27' title='Industria Nacional' class='pt-cv-tax-industria-nacional'>Industria Nacional<\/a><\/div><h4 class=\"pt-cv-title\"><a href=\"https:\/\/garageblogec.com\/?p=3276\" class=\"_self\" target=\"_self\" >Lluvias en Ecuador: C\u00f3mo reducir riesgos en carretera y prevenir accidentes en calzada mojada<\/a><\/h4><div class=\"pt-cv-meta-fields\"><span class=\"entry-date\"> <time datetime=\"2026-04-07T19:46:52+00:00\">abril 7, 2026<\/time><\/span><span> \/ <\/span><span class=\"author\"> <a href=\"https:\/\/garageblogec.com\/?author=6\" rel=\"author\">gabi1212<\/a><\/span><\/div><\/div><\/div><\/div><\/div> <\/div> <style>\n#pt-cv-view-zcpwwmby .pt-cv-thumb-wrapper::before {background: rgba(0,0,0,.4); opacity: 0.8;}#pt-cv-view-zcpwwmby .pt-cv-overlay-wrapper {justify-content: center;}\n#pt-cv-view-zcpwwmby .pt-cv-meta-fields {  }#pt-cv-view-zcpwwmby .pt-cv-meta-fields * { font-size: 13px; }#pt-cv-view-zcpwwmby .pt-cv-title a { display: block; }#pt-cv-view-zcpwwmby .pt-cv-title:not(.pt-cv-titlesm) a { font-weight: 600;text-decoration: none;font-size: 20px; }#pt-cv-view-zcpwwmby .pt-cv-titlesm a { font-weight: 600;font-size: 18px; }#pt-cv-view-zcpwwmby .pt-cv-content { font-size: 15px; }#pt-cv-view-zcpwwmby .pt-cv-rmwrap {  }#pt-cv-view-zcpwwmby .pt-cv-readmore { color: #fff;background-color: #0075ff;font-size: 14px; }#pt-cv-view-zcpwwmby .pt-cv-taxoterm { margin: 0px 0px 20px 0px; }#pt-cv-view-zcpwwmby .pt-cv-taxoterm * { color: #222;background-color: #fff6f6;font-size: 14px; }#pt-cv-view-zcpwwmby + .pt-cv-pagination-wrapper {  }#pt-cv-view-zcpwwmby + .pt-cv-pagination-wrapper a { font-size: 14px; }#pt-cv-view-zcpwwmby > .pt-cv-page {grid-template-columns: repeat(3, 1fr);grid-auto-rows: 250px;grid-gap: 10px;}\n@media all and (max-width: 1024px) { \n#pt-cv-view-zcpwwmby > .pt-cv-page {}\n} \n@media all and (max-width: 767px) { \n#pt-cv-view-zcpwwmby > .pt-cv-page {grid-template-columns: repeat(1, 1fr);}\n} <\/style>","protected":false},"excerpt":{"rendered":"<p>Por d\u00e9cimo a\u00f1o consecutivo. Continental Tire se sum\u00f3 a la carrera \u201cYo Cuido los Bosques\u201d, una iniciativa impulsada por el Cuerpo de Bomberos de Cuenca y que reuni\u00f3 a m\u00e1s de 6.000 participantes en esta edici\u00f3n. Adem\u00e1s de participar nuevamente como patrocinador principal, la empresa tambi\u00e9n realiz\u00f3 donaciones adicionales en premios y varios de sus [&hellip;]<\/p>\n","protected":false},"author":6,"featured_media":2722,"comment_status":"open","ping_status":"open","sticky":false,"template":"","format":"standard","meta":{"_jetpack_memberships_contains_paid_content":false,"footnotes":""},"categories":[27],"tags":[],"class_list":["post-2720","post","type-post","status-publish","format-standard","has-post-thumbnail","hentry","category-industria-nacional"],"yoast_head":"<!-- This site is optimized with the Yoast SEO plugin v27.5 - https:\/\/yoast.com\/product\/yoast-seo-wordpress\/ -->\n<title>Continental Tire Andina cumpli\u00f3 una d\u00e9cada de apoyo a la carrera \u201cYo Cuido los Bosques\u201d - Garage Blog Ecuador<\/title>\n<meta name=\"robots\" content=\"index, follow, max-snippet:-1, max-image-preview:large, max-video-preview:-1\" \/>\n<link rel=\"canonical\" href=\"https:\/\/garageblogec.com\/?p=2720\" \/>\n<meta property=\"og:locale\" content=\"es_ES\" \/>\n<meta property=\"og:type\" content=\"article\" \/>\n<meta property=\"og:title\" content=\"Continental Tire Andina cumpli\u00f3 una d\u00e9cada de apoyo a la carrera \u201cYo Cuido los Bosques\u201d - Garage Blog Ecuador\" \/>\n<meta property=\"og:description\" content=\"Por d\u00e9cimo a\u00f1o consecutivo. Continental Tire se sum\u00f3 a la carrera \u201cYo Cuido los Bosques\u201d, una iniciativa impulsada por el Cuerpo de Bomberos de Cuenca y que reuni\u00f3 a m\u00e1s de 6.000 participantes en esta edici\u00f3n. Adem\u00e1s de participar nuevamente como patrocinador principal, la empresa tambi\u00e9n realiz\u00f3 donaciones adicionales en premios y varios de sus [&hellip;]\" \/>\n<meta property=\"og:url\" content=\"https:\/\/garageblogec.com\/?p=2720\" \/>\n<meta property=\"og:site_name\" content=\"Garage Blog Ecuador\" \/>\n<meta property=\"article:published_time\" content=\"2025-10-30T15:58:30+00:00\" \/>\n<meta property=\"article:modified_time\" content=\"2025-10-30T15:58:36+00:00\" \/>\n<meta property=\"og:image\" content=\"https:\/\/garageblogec.com\/wp-content\/uploads\/2025\/10\/Img2-scaled.jpeg\" \/>\n\t<meta property=\"og:image:width\" content=\"2560\" \/>\n\t<meta property=\"og:image:height\" content=\"1440\" \/>\n\t<meta property=\"og:image:type\" content=\"image\/jpeg\" \/>\n<meta name=\"author\" content=\"gabi1212\" \/>\n<meta name=\"twitter:card\" content=\"summary_large_image\" \/>\n<meta name=\"twitter:label1\" content=\"Escrito por\" \/>\n\t<meta name=\"twitter:data1\" content=\"gabi1212\" \/>\n\t<meta name=\"twitter:label2\" content=\"Tiempo de lectura\" \/>\n\t<meta name=\"twitter:data2\" content=\"3 minutos\" \/>\n<script type=\"application\/ld+json\" class=\"yoast-schema-graph\">{\"@context\":\"https:\\\/\\\/schema.org\",\"@graph\":[{\"@type\":\"Article\",\"@id\":\"https:\\\/\\\/garageblogec.com\\\/?p=2720#article\",\"isPartOf\":{\"@id\":\"https:\\\/\\\/garageblogec.com\\\/?p=2720\"},\"author\":{\"name\":\"gabi1212\",\"@id\":\"https:\\\/\\\/garageblogec.com\\\/#\\\/schema\\\/person\\\/635f4b76c0cb3e43b82fe6f7d8bcceea\"},\"headline\":\"Continental Tire Andina cumpli\u00f3 una d\u00e9cada de apoyo a la carrera \u201cYo Cuido los Bosques\u201d\",\"datePublished\":\"2025-10-30T15:58:30+00:00\",\"dateModified\":\"2025-10-30T15:58:36+00:00\",\"mainEntityOfPage\":{\"@id\":\"https:\\\/\\\/garageblogec.com\\\/?p=2720\"},\"wordCount\":429,\"commentCount\":0,\"publisher\":{\"@id\":\"https:\\\/\\\/garageblogec.com\\\/#organization\"},\"image\":{\"@id\":\"https:\\\/\\\/garageblogec.com\\\/?p=2720#primaryimage\"},\"thumbnailUrl\":\"https:\\\/\\\/garageblogec.com\\\/wp-content\\\/uploads\\\/2025\\\/10\\\/Img2-scaled.jpeg\",\"articleSection\":[\"Industria Nacional\"],\"inLanguage\":\"es\",\"potentialAction\":[{\"@type\":\"CommentAction\",\"name\":\"Comment\",\"target\":[\"https:\\\/\\\/garageblogec.com\\\/?p=2720#respond\"]}]},{\"@type\":\"WebPage\",\"@id\":\"https:\\\/\\\/garageblogec.com\\\/?p=2720\",\"url\":\"https:\\\/\\\/garageblogec.com\\\/?p=2720\",\"name\":\"Continental Tire Andina cumpli\u00f3 una d\u00e9cada de apoyo a la carrera \u201cYo Cuido los Bosques\u201d - Garage Blog Ecuador\",\"isPartOf\":{\"@id\":\"https:\\\/\\\/garageblogec.com\\\/#website\"},\"primaryImageOfPage\":{\"@id\":\"https:\\\/\\\/garageblogec.com\\\/?p=2720#primaryimage\"},\"image\":{\"@id\":\"https:\\\/\\\/garageblogec.com\\\/?p=2720#primaryimage\"},\"thumbnailUrl\":\"https:\\\/\\\/garageblogec.com\\\/wp-content\\\/uploads\\\/2025\\\/10\\\/Img2-scaled.jpeg\",\"datePublished\":\"2025-10-30T15:58:30+00:00\",\"dateModified\":\"2025-10-30T15:58:36+00:00\",\"breadcrumb\":{\"@id\":\"https:\\\/\\\/garageblogec.com\\\/?p=2720#breadcrumb\"},\"inLanguage\":\"es\",\"potentialAction\":[{\"@type\":\"ReadAction\",\"target\":[\"https:\\\/\\\/garageblogec.com\\\/?p=2720\"]}]},{\"@type\":\"ImageObject\",\"inLanguage\":\"es\",\"@id\":\"https:\\\/\\\/garageblogec.com\\\/?p=2720#primaryimage\",\"url\":\"https:\\\/\\\/garageblogec.com\\\/wp-content\\\/uploads\\\/2025\\\/10\\\/Img2-scaled.jpeg\",\"contentUrl\":\"https:\\\/\\\/garageblogec.com\\\/wp-content\\\/uploads\\\/2025\\\/10\\\/Img2-scaled.jpeg\",\"width\":2560,\"height\":1440},{\"@type\":\"BreadcrumbList\",\"@id\":\"https:\\\/\\\/garageblogec.com\\\/?p=2720#breadcrumb\",\"itemListElement\":[{\"@type\":\"ListItem\",\"position\":1,\"name\":\"Portada\",\"item\":\"https:\\\/\\\/garageblogec.com\\\/\"},{\"@type\":\"ListItem\",\"position\":2,\"name\":\"Continental Tire Andina cumpli\u00f3 una d\u00e9cada de apoyo a la carrera \u201cYo Cuido los Bosques\u201d\"}]},{\"@type\":\"WebSite\",\"@id\":\"https:\\\/\\\/garageblogec.com\\\/#website\",\"url\":\"https:\\\/\\\/garageblogec.com\\\/\",\"name\":\"Garage Blog Ecuador\",\"description\":\"Alucinamos por los autos \",\"publisher\":{\"@id\":\"https:\\\/\\\/garageblogec.com\\\/#organization\"},\"potentialAction\":[{\"@type\":\"SearchAction\",\"target\":{\"@type\":\"EntryPoint\",\"urlTemplate\":\"https:\\\/\\\/garageblogec.com\\\/?s={search_term_string}\"},\"query-input\":{\"@type\":\"PropertyValueSpecification\",\"valueRequired\":true,\"valueName\":\"search_term_string\"}}],\"inLanguage\":\"es\"},{\"@type\":\"Organization\",\"@id\":\"https:\\\/\\\/garageblogec.com\\\/#organization\",\"name\":\"Garage Blog Ecuador\",\"url\":\"https:\\\/\\\/garageblogec.com\\\/\",\"logo\":{\"@type\":\"ImageObject\",\"inLanguage\":\"es\",\"@id\":\"https:\\\/\\\/garageblogec.com\\\/#\\\/schema\\\/logo\\\/image\\\/\",\"url\":\"https:\\\/\\\/garageblogec.com\\\/wp-content\\\/uploads\\\/2024\\\/02\\\/cropped-logo-png-para-blog.webp\",\"contentUrl\":\"https:\\\/\\\/garageblogec.com\\\/wp-content\\\/uploads\\\/2024\\\/02\\\/cropped-logo-png-para-blog.webp\",\"width\":840,\"height\":556,\"caption\":\"Garage Blog Ecuador \"},\"image\":{\"@id\":\"https:\\\/\\\/garageblogec.com\\\/#\\\/schema\\\/logo\\\/image\\\/\"}},{\"@type\":\"Person\",\"@id\":\"https:\\\/\\\/garageblogec.com\\\/#\\\/schema\\\/person\\\/635f4b76c0cb3e43b82fe6f7d8bcceea\",\"name\":\"gabi1212\",\"image\":{\"@type\":\"ImageObject\",\"inLanguage\":\"es\",\"@id\":\"https:\\\/\\\/secure.gravatar.com\\\/avatar\\\/6aa491f45cb359d4d6dd8c430e83f78899c80569c27d21156e19bbdcd31d1811?s=96&d=mm&r=g\",\"url\":\"https:\\\/\\\/secure.gravatar.com\\\/avatar\\\/6aa491f45cb359d4d6dd8c430e83f78899c80569c27d21156e19bbdcd31d1811?s=96&d=mm&r=g\",\"contentUrl\":\"https:\\\/\\\/secure.gravatar.com\\\/avatar\\\/6aa491f45cb359d4d6dd8c430e83f78899c80569c27d21156e19bbdcd31d1811?s=96&d=mm&r=g\",\"caption\":\"gabi1212\"},\"url\":\"https:\\\/\\\/garageblogec.com\\\/?author=6\"}]}<\/script>\n<!-- \/ Yoast SEO plugin. -->","yoast_head_json":{"title":"Continental Tire Andina cumpli\u00f3 una d\u00e9cada de apoyo a la carrera \u201cYo Cuido los Bosques\u201d - Garage Blog Ecuador","robots":{"index":"index","follow":"follow","max-snippet":"max-snippet:-1","max-image-preview":"max-image-preview:large","max-video-preview":"max-video-preview:-1"},"canonical":"https:\/\/garageblogec.com\/?p=2720","og_locale":"es_ES","og_type":"article","og_title":"Continental Tire Andina cumpli\u00f3 una d\u00e9cada de apoyo a la carrera \u201cYo Cuido los Bosques\u201d - Garage Blog Ecuador","og_description":"Por d\u00e9cimo a\u00f1o consecutivo. Continental Tire se sum\u00f3 a la carrera \u201cYo Cuido los Bosques\u201d, una iniciativa impulsada por el Cuerpo de Bomberos de Cuenca y que reuni\u00f3 a m\u00e1s de 6.000 participantes en esta edici\u00f3n. Adem\u00e1s de participar nuevamente como patrocinador principal, la empresa tambi\u00e9n realiz\u00f3 donaciones adicionales en premios y varios de sus [&hellip;]","og_url":"https:\/\/garageblogec.com\/?p=2720","og_site_name":"Garage Blog Ecuador","article_published_time":"2025-10-30T15:58:30+00:00","article_modified_time":"2025-10-30T15:58:36+00:00","og_image":[{"width":2560,"height":1440,"url":"https:\/\/garageblogec.com\/wp-content\/uploads\/2025\/10\/Img2-scaled.jpeg","type":"image\/jpeg"}],"author":"gabi1212","twitter_card":"summary_large_image","twitter_misc":{"Escrito por":"gabi1212","Tiempo de lectura":"3 minutos"},"schema":{"@context":"https:\/\/schema.org","@graph":[{"@type":"Article","@id":"https:\/\/garageblogec.com\/?p=2720#article","isPartOf":{"@id":"https:\/\/garageblogec.com\/?p=2720"},"author":{"name":"gabi1212","@id":"https:\/\/garageblogec.com\/#\/schema\/person\/635f4b76c0cb3e43b82fe6f7d8bcceea"},"headline":"Continental Tire Andina cumpli\u00f3 una d\u00e9cada de apoyo a la carrera \u201cYo Cuido los Bosques\u201d","datePublished":"2025-10-30T15:58:30+00:00","dateModified":"2025-10-30T15:58:36+00:00","mainEntityOfPage":{"@id":"https:\/\/garageblogec.com\/?p=2720"},"wordCount":429,"commentCount":0,"publisher":{"@id":"https:\/\/garageblogec.com\/#organization"},"image":{"@id":"https:\/\/garageblogec.com\/?p=2720#primaryimage"},"thumbnailUrl":"https:\/\/garageblogec.com\/wp-content\/uploads\/2025\/10\/Img2-scaled.jpeg","articleSection":["Industria Nacional"],"inLanguage":"es","potentialAction":[{"@type":"CommentAction","name":"Comment","target":["https:\/\/garageblogec.com\/?p=2720#respond"]}]},{"@type":"WebPage","@id":"https:\/\/garageblogec.com\/?p=2720","url":"https:\/\/garageblogec.com\/?p=2720","name":"Continental Tire Andina cumpli\u00f3 una d\u00e9cada de apoyo a la carrera \u201cYo Cuido los Bosques\u201d - Garage Blog Ecuador","isPartOf":{"@id":"https:\/\/garageblogec.com\/#website"},"primaryImageOfPage":{"@id":"https:\/\/garageblogec.com\/?p=2720#primaryimage"},"image":{"@id":"https:\/\/garageblogec.com\/?p=2720#primaryimage"},"thumbnailUrl":"https:\/\/garageblogec.com\/wp-content\/uploads\/2025\/10\/Img2-scaled.jpeg","datePublished":"2025-10-30T15:58:30+00:00","dateModified":"2025-10-30T15:58:36+00:00","breadcrumb":{"@id":"https:\/\/garageblogec.com\/?p=2720#breadcrumb"},"inLanguage":"es","potentialAction":[{"@type":"ReadAction","target":["https:\/\/garageblogec.com\/?p=2720"]}]},{"@type":"ImageObject","inLanguage":"es","@id":"https:\/\/garageblogec.com\/?p=2720#primaryimage","url":"https:\/\/garageblogec.com\/wp-content\/uploads\/2025\/10\/Img2-scaled.jpeg","contentUrl":"https:\/\/garageblogec.com\/wp-content\/uploads\/2025\/10\/Img2-scaled.jpeg","width":2560,"height":1440},{"@type":"BreadcrumbList","@id":"https:\/\/garageblogec.com\/?p=2720#breadcrumb","itemListElement":[{"@type":"ListItem","position":1,"name":"Portada","item":"https:\/\/garageblogec.com\/"},{"@type":"ListItem","position":2,"name":"Continental Tire Andina cumpli\u00f3 una d\u00e9cada de apoyo a la carrera \u201cYo Cuido los Bosques\u201d"}]},{"@type":"WebSite","@id":"https:\/\/garageblogec.com\/#website","url":"https:\/\/garageblogec.com\/","name":"Garage Blog Ecuador","description":"Alucinamos por los autos ","publisher":{"@id":"https:\/\/garageblogec.com\/#organization"},"potentialAction":[{"@type":"SearchAction","target":{"@type":"EntryPoint","urlTemplate":"https:\/\/garageblogec.com\/?s={search_term_string}"},"query-input":{"@type":"PropertyValueSpecification","valueRequired":true,"valueName":"search_term_string"}}],"inLanguage":"es"},{"@type":"Organization","@id":"https:\/\/garageblogec.com\/#organization","name":"Garage Blog Ecuador","url":"https:\/\/garageblogec.com\/","logo":{"@type":"ImageObject","inLanguage":"es","@id":"https:\/\/garageblogec.com\/#\/schema\/logo\/image\/","url":"https:\/\/garageblogec.com\/wp-content\/uploads\/2024\/02\/cropped-logo-png-para-blog.webp","contentUrl":"https:\/\/garageblogec.com\/wp-content\/uploads\/2024\/02\/cropped-logo-png-para-blog.webp","width":840,"height":556,"caption":"Garage Blog Ecuador "},"image":{"@id":"https:\/\/garageblogec.com\/#\/schema\/logo\/image\/"}},{"@type":"Person","@id":"https:\/\/garageblogec.com\/#\/schema\/person\/635f4b76c0cb3e43b82fe6f7d8bcceea","name":"gabi1212","image":{"@type":"ImageObject","inLanguage":"es","@id":"https:\/\/secure.gravatar.com\/avatar\/6aa491f45cb359d4d6dd8c430e83f78899c80569c27d21156e19bbdcd31d1811?s=96&d=mm&r=g","url":"https:\/\/secure.gravatar.com\/avatar\/6aa491f45cb359d4d6dd8c430e83f78899c80569c27d21156e19bbdcd31d1811?s=96&d=mm&r=g","contentUrl":"https:\/\/secure.gravatar.com\/avatar\/6aa491f45cb359d4d6dd8c430e83f78899c80569c27d21156e19bbdcd31d1811?s=96&d=mm&r=g","caption":"gabi1212"},"url":"https:\/\/garageblogec.com\/?author=6"}]}},"jetpack_featured_media_url":"https:\/\/garageblogec.com\/wp-content\/uploads\/2025\/10\/Img2-scaled.jpeg","jetpack_sharing_enabled":true,"_links":{"self":[{"href":"https:\/\/garageblogec.com\/index.php?rest_route=\/wp\/v2\/posts\/2720","targetHints":{"allow":["GET"]}}],"collection":[{"href":"https:\/\/garageblogec.com\/index.php?rest_route=\/wp\/v2\/posts"}],"about":[{"href":"https:\/\/garageblogec.com\/index.php?rest_route=\/wp\/v2\/types\/post"}],"author":[{"embeddable":true,"href":"https:\/\/garageblogec.com\/index.php?rest_route=\/wp\/v2\/users\/6"}],"replies":[{"embeddable":true,"href":"https:\/\/garageblogec.com\/index.php?rest_route=%2Fwp%2Fv2%2Fcomments&post=2720"}],"version-history":[{"count":1,"href":"https:\/\/garageblogec.com\/index.php?rest_route=\/wp\/v2\/posts\/2720\/revisions"}],"predecessor-version":[{"id":2724,"href":"https:\/\/garageblogec.com\/index.php?rest_route=\/wp\/v2\/posts\/2720\/revisions\/2724"}],"wp:featuredmedia":[{"embeddable":true,"href":"https:\/\/garageblogec.com\/index.php?rest_route=\/wp\/v2\/media\/2722"}],"wp:attachment":[{"href":"https:\/\/garageblogec.com\/index.php?rest_route=%2Fwp%2Fv2%2Fmedia&parent=2720"}],"wp:term":[{"taxonomy":"category","embeddable":true,"href":"https:\/\/garageblogec.com\/index.php?rest_route=%2Fwp%2Fv2%2Fcategories&post=2720"},{"taxonomy":"post_tag","embeddable":true,"href":"https:\/\/garageblogec.com\/index.php?rest_route=%2Fwp%2Fv2%2Ftags&post=2720"}],"curies":[{"name":"wp","href":"https:\/\/api.w.org\/{rel}","templated":true}]}}