{"id":2709,"date":"2025-10-29T14:40:54","date_gmt":"2025-10-29T14:40:54","guid":{"rendered":"https:\/\/garageblogec.com\/?p=2709"},"modified":"2025-10-29T14:40:59","modified_gmt":"2025-10-29T14:40:59","slug":"el-arte-cuencano-y-legado-japones-se-encuentran-en-una-experiencia-unica","status":"publish","type":"post","link":"https:\/\/garageblogec.com\/?p=2709","title":{"rendered":"El arte cuencano y legado japon\u00e9s se encuentran en una experiencia \u00fanica"},"content":{"rendered":"\n<p>En un evento que fusion\u00f3 innovaci\u00f3n, cultura y dise\u00f1o, Nissan present\u00f3 en Cuenca el nuevo Nissan Qashqai 2026, un modelo que redefine la sofisticaci\u00f3n y tecnolog\u00eda en el segmento SUV, integrando el legado japon\u00e9s de la marca con la maestr\u00eda artesanal ecuatoriana.<\/p>\n\n\n\n<figure class=\"wp-block-image size-large\"><img fetchpriority=\"high\" decoding=\"async\" width=\"1024\" height=\"682\" src=\"https:\/\/garageblogec.com\/wp-content\/uploads\/2025\/10\/DSC7891-1024x682.jpg\" alt=\"\" class=\"wp-image-2711\" srcset=\"https:\/\/garageblogec.com\/wp-content\/uploads\/2025\/10\/DSC7891-1024x682.jpg 1024w, https:\/\/garageblogec.com\/wp-content\/uploads\/2025\/10\/DSC7891-300x200.jpg 300w, https:\/\/garageblogec.com\/wp-content\/uploads\/2025\/10\/DSC7891-768x512.jpg 768w, https:\/\/garageblogec.com\/wp-content\/uploads\/2025\/10\/DSC7891-1536x1024.jpg 1536w, https:\/\/garageblogec.com\/wp-content\/uploads\/2025\/10\/DSC7891-2048x1365.jpg 2048w, https:\/\/garageblogec.com\/wp-content\/uploads\/2025\/10\/DSC7891-1320x880.jpg 1320w\" sizes=\"(max-width: 1024px) 100vw, 1024px\" \/><\/figure>\n\n\n\n<p>La jornada se desarroll\u00f3 en un entorno que celebr\u00f3 la creatividad y la precisi\u00f3n, destacando la presencia de Homero Ortega, reconocida firma cuencana dedicada a la elaboraci\u00f3n de sombreros de paja toquilla. Esta alianza simboliz\u00f3 la uni\u00f3n entre dos mundos que comparten valores comunes: la atenci\u00f3n al detalle, la calidad en cada proceso y el respeto por la tradici\u00f3n, aplicados tanto en la artesan\u00eda como en la ingenier\u00eda automotriz.<\/p>\n\n\n\n<p>Durante la presentaci\u00f3n, los asistentes disfrutaron de una experiencia sensorial y din\u00e1mica, que les permiti\u00f3 conocer de cerca el dise\u00f1o, la tecnolog\u00eda y el desempe\u00f1o del Nissan Qashqai 2026, as\u00ed como probarlo en un test drive exclusivo que puso a prueba su potencia, confort y sistemas de asistencia avanzados.<\/p>\n\n\n\n<figure class=\"wp-block-image size-large\"><img decoding=\"async\" width=\"1024\" height=\"682\" src=\"https:\/\/garageblogec.com\/wp-content\/uploads\/2025\/10\/DSC7954-1024x682.jpg\" alt=\"\" class=\"wp-image-2714\" srcset=\"https:\/\/garageblogec.com\/wp-content\/uploads\/2025\/10\/DSC7954-1024x682.jpg 1024w, https:\/\/garageblogec.com\/wp-content\/uploads\/2025\/10\/DSC7954-300x200.jpg 300w, https:\/\/garageblogec.com\/wp-content\/uploads\/2025\/10\/DSC7954-768x512.jpg 768w, https:\/\/garageblogec.com\/wp-content\/uploads\/2025\/10\/DSC7954-1536x1024.jpg 1536w, https:\/\/garageblogec.com\/wp-content\/uploads\/2025\/10\/DSC7954-2048x1365.jpg 2048w, https:\/\/garageblogec.com\/wp-content\/uploads\/2025\/10\/DSC7954-1320x880.jpg 1320w\" sizes=\"(max-width: 1024px) 100vw, 1024px\" \/><\/figure>\n\n\n\n<p>El nuevo Qashqai combina elegancia, innovaci\u00f3n y precisi\u00f3n, reflejando la filosof\u00eda japonesa en cada l\u00ednea de su dise\u00f1o. Su est\u00e9tica, inspirada en las geometr\u00edas Kumiko, transmite equilibrio y modernidad, mientras que su parrilla frontal, inspirada en las antiguas armaduras niponas, refuerza su car\u00e1cter distintivo y robusto. En el interior, se destacan los asientos Zero Gravity, con tecnolog\u00eda desarrollada por Nissan bajo patentes de la NASA, que brindan 14 puntos de apoyo para reducir la fatiga, la iluminaci\u00f3n ambiental personalizable y un sistema de conectividad de \u00faltima generaci\u00f3n con pantallas de alta definici\u00f3n y compatibilidad inal\u00e1mbrica con Apple CarPlay\u00ae y Android Auto\u2122, que elevan la experiencia de conducci\u00f3n diaria.<\/p>\n\n\n\n<p>El modelo ofrece una motorizaci\u00f3n eficiente y duradera, dise\u00f1ada para responder con agilidad y suavidad en cualquier entorno. A ello se suma su completo conjunto de tecnolog\u00edas Nissan Intelligent Mobility, con m\u00e1s de nueve asistencias avanzadas a la conducci\u00f3n que act\u00faan como un verdadero escudo protector. Entre ellas destacan el frenado inteligente de emergencia, la alerta de colisi\u00f3n frontal, el control crucero inteligente, la asistencia y correcci\u00f3n de carril y la alerta de punto ciego, que garantizan una conducci\u00f3n m\u00e1s segura y confiable.<\/p>\n\n\n\n<figure class=\"wp-block-image size-large\"><img decoding=\"async\" width=\"1024\" height=\"682\" src=\"https:\/\/garageblogec.com\/wp-content\/uploads\/2025\/10\/DSC7864-1024x682.jpg\" alt=\"\" class=\"wp-image-2710\" srcset=\"https:\/\/garageblogec.com\/wp-content\/uploads\/2025\/10\/DSC7864-1024x682.jpg 1024w, https:\/\/garageblogec.com\/wp-content\/uploads\/2025\/10\/DSC7864-300x200.jpg 300w, https:\/\/garageblogec.com\/wp-content\/uploads\/2025\/10\/DSC7864-768x512.jpg 768w, https:\/\/garageblogec.com\/wp-content\/uploads\/2025\/10\/DSC7864-1536x1024.jpg 1536w, https:\/\/garageblogec.com\/wp-content\/uploads\/2025\/10\/DSC7864-2048x1365.jpg 2048w, https:\/\/garageblogec.com\/wp-content\/uploads\/2025\/10\/DSC7864-1320x880.jpg 1320w\" sizes=\"(max-width: 1024px) 100vw, 1024px\" \/><\/figure>\n\n\n\n<p>\u201cNissan Qashqai representa el equilibrio perfecto entre estilo, innovaci\u00f3n y seguridad. Es un veh\u00edculo que refleja la precisi\u00f3n japonesa, pero tambi\u00e9n la calidez y detalle artesanal que valoramos en Ecuador. Con esta presentaci\u00f3n en Cuenca quisimos conectar la esencia de nuestra marca con el arte local y con la gente que busca vivir nuevas experiencias\u201d, se\u00f1al\u00f3 Ver\u00f3nica Lasso, gerente de Marketing de Nissan Ecuador.<\/p>\n\n\n\n<p>Fabricado en el Reino Unido, el Nissan Qashqai 2026 combina elegancia brit\u00e1nica, tecnolog\u00eda japonesa y un esp\u00edritu contempor\u00e1neo que lo posiciona como un SUV que marca tendencia. Su relaci\u00f3n entre lujo, equipamiento y precio competitivo lo consolida como una de las opciones m\u00e1s completas de su categor\u00eda.<\/p>\n\n\n\n<p>Con esta presentaci\u00f3n en Cuenca, Nissan reafirma su compromiso con la innovaci\u00f3n, la cultura y el dise\u00f1o, acercando al p\u00fablico ecuatoriano una propuesta que une la tradici\u00f3n artesanal con la tecnolog\u00eda de vanguardia.<\/p>\n\n\n<div class='pt-cv-wrapper'> <h3 class='pt-cv-heading-container heading1' data-blockid='ueuwqc95'><span class='pt-cv-heading'> Overlay1 <\/span><\/h3><div class=\"pt-cv-view pt-cv-overlaygrid iscvblock iscvreal overlay1 layout1\" id=\"pt-cv-view-ueuwqc95\"><div data-id=\"pt-cv-page-1\" class=\"pt-cv-page\" data-cvc=\"3\"><div class=\" pt-cv-content-item pt-cv-1-col\" ><div class=\"pt-cv-thumb-wrapper  \"><a href=\"https:\/\/garageblogec.com\/?p=3303\" class=\"_self pt-cv-href-thumbnail pt-cv-thumb-default\" target=\"_self\" ><img loading=\"lazy\" decoding=\"async\" width=\"768\" height=\"432\" src=\"https:\/\/garageblogec.com\/wp-content\/uploads\/2026\/04\/WhatsApp-Image-2026-04-21-at-1.52.53-PM-768x432.jpeg\" class=\"pt-cv-thumbnail\" alt=\"\" \/><\/a><\/div>\n<div class=\"pt-cv-overlay-wrapper\"><div class=\"pt-cv-taxoterm above_title\"><a href='https:\/\/garageblogec.com\/?cat=27' title='Industria Nacional' class='pt-cv-tax-industria-nacional'>Industria Nacional<\/a><\/div><h4 class=\"pt-cv-title\"><a href=\"https:\/\/garageblogec.com\/?p=3303\" class=\"_self\" target=\"_self\" >Grupo Ambacar presenta en Guayaquil KGM, su nueva marca de SUV h\u00edbridos con respaldo global<\/a><\/h4><div class=\"pt-cv-meta-fields\"><span class=\"entry-date\"> <time datetime=\"2026-04-21T21:37:24+00:00\">abril 21, 2026<\/time><\/span><span> \/ <\/span><span class=\"author\"> <a href=\"https:\/\/garageblogec.com\/?author=6\" rel=\"author\">gabi1212<\/a><\/span><\/div><\/div><\/div>\n<div class=\" pt-cv-content-item pt-cv-1-col\" ><div class=\"pt-cv-thumb-wrapper  \"><a href=\"https:\/\/garageblogec.com\/?p=3296\" class=\"_self pt-cv-href-thumbnail pt-cv-thumb-default\" target=\"_self\" ><img loading=\"lazy\" decoding=\"async\" width=\"768\" height=\"432\" src=\"https:\/\/garageblogec.com\/wp-content\/uploads\/2026\/04\/WhatsApp-Image-2026-04-14-at-3.15.09-PM-768x432.jpeg\" class=\"pt-cv-thumbnail\" alt=\"\" \/><\/a><\/div>\n<div class=\"pt-cv-overlay-wrapper\"><div class=\"pt-cv-taxoterm above_title\"><a href='https:\/\/garageblogec.com\/?cat=27' title='Industria Nacional' class='pt-cv-tax-industria-nacional'>Industria Nacional<\/a><\/div><h4 class=\"pt-cv-title\"><a href=\"https:\/\/garageblogec.com\/?p=3296\" class=\"_self\" target=\"_self\" >El tablero desapareci\u00f3, ahora el auto es una pantalla inteligente<\/a><\/h4><div class=\"pt-cv-meta-fields\"><span class=\"entry-date\"> <time datetime=\"2026-04-14T20:21:20+00:00\">abril 14, 2026<\/time><\/span><span> \/ <\/span><span class=\"author\"> <a href=\"https:\/\/garageblogec.com\/?author=6\" rel=\"author\">gabi1212<\/a><\/span><\/div><\/div><\/div>\n<div class=\" pt-cv-content-item pt-cv-1-col\" ><div class=\"pt-cv-thumb-wrapper  \"><a href=\"https:\/\/garageblogec.com\/?p=3291\" class=\"_self pt-cv-href-thumbnail pt-cv-thumb-default\" target=\"_self\" ><img loading=\"lazy\" decoding=\"async\" width=\"768\" height=\"432\" src=\"https:\/\/garageblogec.com\/wp-content\/uploads\/2026\/04\/WhatsApp-Image-2026-04-14-at-2.21.27-PM-768x432.jpeg\" class=\"pt-cv-thumbnail\" alt=\"\" \/><\/a><\/div>\n<div class=\"pt-cv-overlay-wrapper\"><div class=\"pt-cv-taxoterm above_title\"><a href='https:\/\/garageblogec.com\/?cat=27' title='Industria Nacional' class='pt-cv-tax-industria-nacional'>Industria Nacional<\/a><\/div><h4 class=\"pt-cv-title\"><a href=\"https:\/\/garageblogec.com\/?p=3291\" class=\"_self\" target=\"_self\" >Seguridad al volante en Ecuador: los errores m\u00e1s comunes que cometen los conductores<\/a><\/h4><div class=\"pt-cv-meta-fields\"><span class=\"entry-date\"> <time datetime=\"2026-04-14T20:08:54+00:00\">abril 14, 2026<\/time><\/span><span> \/ <\/span><span class=\"author\"> <a href=\"https:\/\/garageblogec.com\/?author=6\" rel=\"author\">gabi1212<\/a><\/span><\/div><\/div><\/div>\n<div class=\" pt-cv-content-item pt-cv-1-col\" ><div class=\"pt-cv-thumb-wrapper  \"><a href=\"https:\/\/garageblogec.com\/?p=3286\" class=\"_self pt-cv-href-thumbnail pt-cv-thumb-default\" target=\"_self\" ><img loading=\"lazy\" decoding=\"async\" width=\"768\" height=\"492\" src=\"https:\/\/garageblogec.com\/wp-content\/uploads\/2026\/04\/Posventa.jpg-768x492.jpeg\" class=\"pt-cv-thumbnail\" alt=\"\" \/><\/a><\/div>\n<div class=\"pt-cv-overlay-wrapper\"><div class=\"pt-cv-taxoterm above_title\"><a href='https:\/\/garageblogec.com\/?cat=27' title='Industria Nacional' class='pt-cv-tax-industria-nacional'>Industria Nacional<\/a><\/div><h4 class=\"pt-cv-title\"><a href=\"https:\/\/garageblogec.com\/?p=3286\" class=\"_self\" target=\"_self\" >Clientes Nissan reciben cambios de aceite infinitos<\/a><\/h4><div class=\"pt-cv-meta-fields\"><span class=\"entry-date\"> <time datetime=\"2026-04-14T20:04:08+00:00\">abril 14, 2026<\/time><\/span><span> \/ <\/span><span class=\"author\"> <a href=\"https:\/\/garageblogec.com\/?author=6\" rel=\"author\">gabi1212<\/a><\/span><\/div><\/div><\/div>\n<div class=\" pt-cv-content-item pt-cv-1-col\" ><div class=\"pt-cv-thumb-wrapper  \"><a href=\"https:\/\/garageblogec.com\/?p=3280\" class=\"_self pt-cv-href-thumbnail pt-cv-thumb-default\" target=\"_self\" ><img loading=\"lazy\" decoding=\"async\" width=\"768\" height=\"512\" src=\"https:\/\/garageblogec.com\/wp-content\/uploads\/2026\/04\/foto1-768x512.jpeg\" class=\"pt-cv-thumbnail\" alt=\"\" \/><\/a><\/div>\n<div class=\"pt-cv-overlay-wrapper\"><div class=\"pt-cv-taxoterm above_title\"><a href='https:\/\/garageblogec.com\/?cat=27' title='Industria Nacional' class='pt-cv-tax-industria-nacional'>Industria Nacional<\/a><\/div><h4 class=\"pt-cv-title\"><a href=\"https:\/\/garageblogec.com\/?p=3280\" class=\"_self\" target=\"_self\" >Movilidad como inversi\u00f3n: el uso de utilidades que crece en Ecuador<\/a><\/h4><div class=\"pt-cv-meta-fields\"><span class=\"entry-date\"> <time datetime=\"2026-04-07T19:55:36+00:00\">abril 7, 2026<\/time><\/span><span> \/ <\/span><span class=\"author\"> <a href=\"https:\/\/garageblogec.com\/?author=6\" rel=\"author\">gabi1212<\/a><\/span><\/div><\/div><\/div>\n<div class=\" pt-cv-content-item pt-cv-1-col\" ><div class=\"pt-cv-thumb-wrapper  \"><a href=\"https:\/\/garageblogec.com\/?p=3276\" class=\"_self pt-cv-href-thumbnail pt-cv-thumb-default\" target=\"_self\" ><img loading=\"lazy\" decoding=\"async\" width=\"745\" height=\"491\" src=\"https:\/\/garageblogec.com\/wp-content\/uploads\/2026\/04\/TT.png\" class=\"pt-cv-thumbnail\" alt=\"\" \/><\/a><\/div>\n<div class=\"pt-cv-overlay-wrapper\"><div class=\"pt-cv-taxoterm above_title\"><a href='https:\/\/garageblogec.com\/?cat=27' title='Industria Nacional' class='pt-cv-tax-industria-nacional'>Industria Nacional<\/a><\/div><h4 class=\"pt-cv-title\"><a href=\"https:\/\/garageblogec.com\/?p=3276\" class=\"_self\" target=\"_self\" >Lluvias en Ecuador: C\u00f3mo reducir riesgos en carretera y prevenir accidentes en calzada mojada<\/a><\/h4><div class=\"pt-cv-meta-fields\"><span class=\"entry-date\"> <time datetime=\"2026-04-07T19:46:52+00:00\">abril 7, 2026<\/time><\/span><span> \/ <\/span><span class=\"author\"> <a href=\"https:\/\/garageblogec.com\/?author=6\" rel=\"author\">gabi1212<\/a><\/span><\/div><\/div><\/div><\/div><\/div> <\/div> <style>\n#pt-cv-view-ueuwqc95 .pt-cv-thumb-wrapper::before {background: rgba(0,0,0,.4); opacity: 0.8;}#pt-cv-view-ueuwqc95 .pt-cv-overlay-wrapper {justify-content: center;}\n#pt-cv-view-ueuwqc95 .pt-cv-meta-fields {  }#pt-cv-view-ueuwqc95 .pt-cv-meta-fields * { font-size: 13px; }#pt-cv-view-ueuwqc95 .pt-cv-title a { display: block; }#pt-cv-view-ueuwqc95 .pt-cv-title:not(.pt-cv-titlesm) a { font-weight: 600;text-decoration: none;font-size: 20px; }#pt-cv-view-ueuwqc95 .pt-cv-titlesm a { font-weight: 600;font-size: 18px; }#pt-cv-view-ueuwqc95 .pt-cv-content { font-size: 15px; }#pt-cv-view-ueuwqc95 .pt-cv-rmwrap {  }#pt-cv-view-ueuwqc95 .pt-cv-readmore { color: #fff;background-color: #0075ff;font-size: 14px; }#pt-cv-view-ueuwqc95 .pt-cv-taxoterm { margin: 0px 0px 20px 0px; }#pt-cv-view-ueuwqc95 .pt-cv-taxoterm * { color: #222;background-color: #fff6f6;font-size: 14px; }#pt-cv-view-ueuwqc95 + .pt-cv-pagination-wrapper {  }#pt-cv-view-ueuwqc95 + .pt-cv-pagination-wrapper a { font-size: 14px; }#pt-cv-view-ueuwqc95 > .pt-cv-page {grid-template-columns: repeat(3, 1fr);grid-auto-rows: 250px;grid-gap: 10px;}\n@media all and (max-width: 1024px) { \n#pt-cv-view-ueuwqc95 > .pt-cv-page {}\n} \n@media all and (max-width: 767px) { \n#pt-cv-view-ueuwqc95 > .pt-cv-page {grid-template-columns: repeat(1, 1fr);}\n} <\/style>","protected":false},"excerpt":{"rendered":"<p>En un evento que fusion\u00f3 innovaci\u00f3n, cultura y dise\u00f1o, Nissan present\u00f3 en Cuenca el nuevo Nissan Qashqai 2026, un modelo que redefine la sofisticaci\u00f3n y tecnolog\u00eda en el segmento SUV, integrando el legado japon\u00e9s de la marca con la maestr\u00eda artesanal ecuatoriana. La jornada se desarroll\u00f3 en un entorno que celebr\u00f3 la creatividad y la [&hellip;]<\/p>\n","protected":false},"author":6,"featured_media":2714,"comment_status":"open","ping_status":"open","sticky":false,"template":"","format":"standard","meta":{"_jetpack_memberships_contains_paid_content":false,"footnotes":""},"categories":[27],"tags":[],"class_list":["post-2709","post","type-post","status-publish","format-standard","has-post-thumbnail","hentry","category-industria-nacional"],"yoast_head":"<!-- This site is optimized with the Yoast SEO plugin v27.5 - https:\/\/yoast.com\/product\/yoast-seo-wordpress\/ -->\n<title>El arte cuencano y legado japon\u00e9s se encuentran en una experiencia \u00fanica - Garage Blog Ecuador<\/title>\n<meta name=\"robots\" content=\"index, follow, max-snippet:-1, max-image-preview:large, max-video-preview:-1\" \/>\n<link rel=\"canonical\" href=\"https:\/\/garageblogec.com\/?p=2709\" \/>\n<meta property=\"og:locale\" content=\"es_ES\" \/>\n<meta property=\"og:type\" content=\"article\" \/>\n<meta property=\"og:title\" content=\"El arte cuencano y legado japon\u00e9s se encuentran en una experiencia \u00fanica - Garage Blog Ecuador\" \/>\n<meta property=\"og:description\" content=\"En un evento que fusion\u00f3 innovaci\u00f3n, cultura y dise\u00f1o, Nissan present\u00f3 en Cuenca el nuevo Nissan Qashqai 2026, un modelo que redefine la sofisticaci\u00f3n y tecnolog\u00eda en el segmento SUV, integrando el legado japon\u00e9s de la marca con la maestr\u00eda artesanal ecuatoriana. La jornada se desarroll\u00f3 en un entorno que celebr\u00f3 la creatividad y la [&hellip;]\" \/>\n<meta property=\"og:url\" content=\"https:\/\/garageblogec.com\/?p=2709\" \/>\n<meta property=\"og:site_name\" content=\"Garage Blog Ecuador\" \/>\n<meta property=\"article:published_time\" content=\"2025-10-29T14:40:54+00:00\" \/>\n<meta property=\"article:modified_time\" content=\"2025-10-29T14:40:59+00:00\" \/>\n<meta property=\"og:image\" content=\"https:\/\/garageblogec.com\/wp-content\/uploads\/2025\/10\/DSC7954.jpg\" \/>\n\t<meta property=\"og:image:width\" content=\"2500\" \/>\n\t<meta property=\"og:image:height\" content=\"1666\" \/>\n\t<meta property=\"og:image:type\" content=\"image\/jpeg\" \/>\n<meta name=\"author\" content=\"gabi1212\" \/>\n<meta name=\"twitter:card\" content=\"summary_large_image\" \/>\n<meta name=\"twitter:label1\" content=\"Escrito por\" \/>\n\t<meta name=\"twitter:data1\" content=\"gabi1212\" \/>\n\t<meta name=\"twitter:label2\" content=\"Tiempo de lectura\" \/>\n\t<meta name=\"twitter:data2\" content=\"4 minutos\" \/>\n<script type=\"application\/ld+json\" class=\"yoast-schema-graph\">{\"@context\":\"https:\\\/\\\/schema.org\",\"@graph\":[{\"@type\":\"Article\",\"@id\":\"https:\\\/\\\/garageblogec.com\\\/?p=2709#article\",\"isPartOf\":{\"@id\":\"https:\\\/\\\/garageblogec.com\\\/?p=2709\"},\"author\":{\"name\":\"gabi1212\",\"@id\":\"https:\\\/\\\/garageblogec.com\\\/#\\\/schema\\\/person\\\/635f4b76c0cb3e43b82fe6f7d8bcceea\"},\"headline\":\"El arte cuencano y legado japon\u00e9s se encuentran en una experiencia \u00fanica\",\"datePublished\":\"2025-10-29T14:40:54+00:00\",\"dateModified\":\"2025-10-29T14:40:59+00:00\",\"mainEntityOfPage\":{\"@id\":\"https:\\\/\\\/garageblogec.com\\\/?p=2709\"},\"wordCount\":566,\"commentCount\":0,\"publisher\":{\"@id\":\"https:\\\/\\\/garageblogec.com\\\/#organization\"},\"image\":{\"@id\":\"https:\\\/\\\/garageblogec.com\\\/?p=2709#primaryimage\"},\"thumbnailUrl\":\"https:\\\/\\\/garageblogec.com\\\/wp-content\\\/uploads\\\/2025\\\/10\\\/DSC7954.jpg\",\"articleSection\":[\"Industria Nacional\"],\"inLanguage\":\"es\",\"potentialAction\":[{\"@type\":\"CommentAction\",\"name\":\"Comment\",\"target\":[\"https:\\\/\\\/garageblogec.com\\\/?p=2709#respond\"]}]},{\"@type\":\"WebPage\",\"@id\":\"https:\\\/\\\/garageblogec.com\\\/?p=2709\",\"url\":\"https:\\\/\\\/garageblogec.com\\\/?p=2709\",\"name\":\"El arte cuencano y legado japon\u00e9s se encuentran en una experiencia \u00fanica - Garage Blog Ecuador\",\"isPartOf\":{\"@id\":\"https:\\\/\\\/garageblogec.com\\\/#website\"},\"primaryImageOfPage\":{\"@id\":\"https:\\\/\\\/garageblogec.com\\\/?p=2709#primaryimage\"},\"image\":{\"@id\":\"https:\\\/\\\/garageblogec.com\\\/?p=2709#primaryimage\"},\"thumbnailUrl\":\"https:\\\/\\\/garageblogec.com\\\/wp-content\\\/uploads\\\/2025\\\/10\\\/DSC7954.jpg\",\"datePublished\":\"2025-10-29T14:40:54+00:00\",\"dateModified\":\"2025-10-29T14:40:59+00:00\",\"breadcrumb\":{\"@id\":\"https:\\\/\\\/garageblogec.com\\\/?p=2709#breadcrumb\"},\"inLanguage\":\"es\",\"potentialAction\":[{\"@type\":\"ReadAction\",\"target\":[\"https:\\\/\\\/garageblogec.com\\\/?p=2709\"]}]},{\"@type\":\"ImageObject\",\"inLanguage\":\"es\",\"@id\":\"https:\\\/\\\/garageblogec.com\\\/?p=2709#primaryimage\",\"url\":\"https:\\\/\\\/garageblogec.com\\\/wp-content\\\/uploads\\\/2025\\\/10\\\/DSC7954.jpg\",\"contentUrl\":\"https:\\\/\\\/garageblogec.com\\\/wp-content\\\/uploads\\\/2025\\\/10\\\/DSC7954.jpg\",\"width\":2500,\"height\":1666},{\"@type\":\"BreadcrumbList\",\"@id\":\"https:\\\/\\\/garageblogec.com\\\/?p=2709#breadcrumb\",\"itemListElement\":[{\"@type\":\"ListItem\",\"position\":1,\"name\":\"Portada\",\"item\":\"https:\\\/\\\/garageblogec.com\\\/\"},{\"@type\":\"ListItem\",\"position\":2,\"name\":\"El arte cuencano y legado japon\u00e9s se encuentran en una experiencia \u00fanica\"}]},{\"@type\":\"WebSite\",\"@id\":\"https:\\\/\\\/garageblogec.com\\\/#website\",\"url\":\"https:\\\/\\\/garageblogec.com\\\/\",\"name\":\"Garage Blog Ecuador\",\"description\":\"Alucinamos por los autos \",\"publisher\":{\"@id\":\"https:\\\/\\\/garageblogec.com\\\/#organization\"},\"potentialAction\":[{\"@type\":\"SearchAction\",\"target\":{\"@type\":\"EntryPoint\",\"urlTemplate\":\"https:\\\/\\\/garageblogec.com\\\/?s={search_term_string}\"},\"query-input\":{\"@type\":\"PropertyValueSpecification\",\"valueRequired\":true,\"valueName\":\"search_term_string\"}}],\"inLanguage\":\"es\"},{\"@type\":\"Organization\",\"@id\":\"https:\\\/\\\/garageblogec.com\\\/#organization\",\"name\":\"Garage Blog Ecuador\",\"url\":\"https:\\\/\\\/garageblogec.com\\\/\",\"logo\":{\"@type\":\"ImageObject\",\"inLanguage\":\"es\",\"@id\":\"https:\\\/\\\/garageblogec.com\\\/#\\\/schema\\\/logo\\\/image\\\/\",\"url\":\"https:\\\/\\\/garageblogec.com\\\/wp-content\\\/uploads\\\/2024\\\/02\\\/cropped-logo-png-para-blog.webp\",\"contentUrl\":\"https:\\\/\\\/garageblogec.com\\\/wp-content\\\/uploads\\\/2024\\\/02\\\/cropped-logo-png-para-blog.webp\",\"width\":840,\"height\":556,\"caption\":\"Garage Blog Ecuador \"},\"image\":{\"@id\":\"https:\\\/\\\/garageblogec.com\\\/#\\\/schema\\\/logo\\\/image\\\/\"}},{\"@type\":\"Person\",\"@id\":\"https:\\\/\\\/garageblogec.com\\\/#\\\/schema\\\/person\\\/635f4b76c0cb3e43b82fe6f7d8bcceea\",\"name\":\"gabi1212\",\"image\":{\"@type\":\"ImageObject\",\"inLanguage\":\"es\",\"@id\":\"https:\\\/\\\/secure.gravatar.com\\\/avatar\\\/6aa491f45cb359d4d6dd8c430e83f78899c80569c27d21156e19bbdcd31d1811?s=96&d=mm&r=g\",\"url\":\"https:\\\/\\\/secure.gravatar.com\\\/avatar\\\/6aa491f45cb359d4d6dd8c430e83f78899c80569c27d21156e19bbdcd31d1811?s=96&d=mm&r=g\",\"contentUrl\":\"https:\\\/\\\/secure.gravatar.com\\\/avatar\\\/6aa491f45cb359d4d6dd8c430e83f78899c80569c27d21156e19bbdcd31d1811?s=96&d=mm&r=g\",\"caption\":\"gabi1212\"},\"url\":\"https:\\\/\\\/garageblogec.com\\\/?author=6\"}]}<\/script>\n<!-- \/ Yoast SEO plugin. -->","yoast_head_json":{"title":"El arte cuencano y legado japon\u00e9s se encuentran en una experiencia \u00fanica - Garage Blog Ecuador","robots":{"index":"index","follow":"follow","max-snippet":"max-snippet:-1","max-image-preview":"max-image-preview:large","max-video-preview":"max-video-preview:-1"},"canonical":"https:\/\/garageblogec.com\/?p=2709","og_locale":"es_ES","og_type":"article","og_title":"El arte cuencano y legado japon\u00e9s se encuentran en una experiencia \u00fanica - Garage Blog Ecuador","og_description":"En un evento que fusion\u00f3 innovaci\u00f3n, cultura y dise\u00f1o, Nissan present\u00f3 en Cuenca el nuevo Nissan Qashqai 2026, un modelo que redefine la sofisticaci\u00f3n y tecnolog\u00eda en el segmento SUV, integrando el legado japon\u00e9s de la marca con la maestr\u00eda artesanal ecuatoriana. La jornada se desarroll\u00f3 en un entorno que celebr\u00f3 la creatividad y la [&hellip;]","og_url":"https:\/\/garageblogec.com\/?p=2709","og_site_name":"Garage Blog Ecuador","article_published_time":"2025-10-29T14:40:54+00:00","article_modified_time":"2025-10-29T14:40:59+00:00","og_image":[{"width":2500,"height":1666,"url":"https:\/\/garageblogec.com\/wp-content\/uploads\/2025\/10\/DSC7954.jpg","type":"image\/jpeg"}],"author":"gabi1212","twitter_card":"summary_large_image","twitter_misc":{"Escrito por":"gabi1212","Tiempo de lectura":"4 minutos"},"schema":{"@context":"https:\/\/schema.org","@graph":[{"@type":"Article","@id":"https:\/\/garageblogec.com\/?p=2709#article","isPartOf":{"@id":"https:\/\/garageblogec.com\/?p=2709"},"author":{"name":"gabi1212","@id":"https:\/\/garageblogec.com\/#\/schema\/person\/635f4b76c0cb3e43b82fe6f7d8bcceea"},"headline":"El arte cuencano y legado japon\u00e9s se encuentran en una experiencia \u00fanica","datePublished":"2025-10-29T14:40:54+00:00","dateModified":"2025-10-29T14:40:59+00:00","mainEntityOfPage":{"@id":"https:\/\/garageblogec.com\/?p=2709"},"wordCount":566,"commentCount":0,"publisher":{"@id":"https:\/\/garageblogec.com\/#organization"},"image":{"@id":"https:\/\/garageblogec.com\/?p=2709#primaryimage"},"thumbnailUrl":"https:\/\/garageblogec.com\/wp-content\/uploads\/2025\/10\/DSC7954.jpg","articleSection":["Industria Nacional"],"inLanguage":"es","potentialAction":[{"@type":"CommentAction","name":"Comment","target":["https:\/\/garageblogec.com\/?p=2709#respond"]}]},{"@type":"WebPage","@id":"https:\/\/garageblogec.com\/?p=2709","url":"https:\/\/garageblogec.com\/?p=2709","name":"El arte cuencano y legado japon\u00e9s se encuentran en una experiencia \u00fanica - Garage Blog Ecuador","isPartOf":{"@id":"https:\/\/garageblogec.com\/#website"},"primaryImageOfPage":{"@id":"https:\/\/garageblogec.com\/?p=2709#primaryimage"},"image":{"@id":"https:\/\/garageblogec.com\/?p=2709#primaryimage"},"thumbnailUrl":"https:\/\/garageblogec.com\/wp-content\/uploads\/2025\/10\/DSC7954.jpg","datePublished":"2025-10-29T14:40:54+00:00","dateModified":"2025-10-29T14:40:59+00:00","breadcrumb":{"@id":"https:\/\/garageblogec.com\/?p=2709#breadcrumb"},"inLanguage":"es","potentialAction":[{"@type":"ReadAction","target":["https:\/\/garageblogec.com\/?p=2709"]}]},{"@type":"ImageObject","inLanguage":"es","@id":"https:\/\/garageblogec.com\/?p=2709#primaryimage","url":"https:\/\/garageblogec.com\/wp-content\/uploads\/2025\/10\/DSC7954.jpg","contentUrl":"https:\/\/garageblogec.com\/wp-content\/uploads\/2025\/10\/DSC7954.jpg","width":2500,"height":1666},{"@type":"BreadcrumbList","@id":"https:\/\/garageblogec.com\/?p=2709#breadcrumb","itemListElement":[{"@type":"ListItem","position":1,"name":"Portada","item":"https:\/\/garageblogec.com\/"},{"@type":"ListItem","position":2,"name":"El arte cuencano y legado japon\u00e9s se encuentran en una experiencia \u00fanica"}]},{"@type":"WebSite","@id":"https:\/\/garageblogec.com\/#website","url":"https:\/\/garageblogec.com\/","name":"Garage Blog Ecuador","description":"Alucinamos por los autos ","publisher":{"@id":"https:\/\/garageblogec.com\/#organization"},"potentialAction":[{"@type":"SearchAction","target":{"@type":"EntryPoint","urlTemplate":"https:\/\/garageblogec.com\/?s={search_term_string}"},"query-input":{"@type":"PropertyValueSpecification","valueRequired":true,"valueName":"search_term_string"}}],"inLanguage":"es"},{"@type":"Organization","@id":"https:\/\/garageblogec.com\/#organization","name":"Garage Blog Ecuador","url":"https:\/\/garageblogec.com\/","logo":{"@type":"ImageObject","inLanguage":"es","@id":"https:\/\/garageblogec.com\/#\/schema\/logo\/image\/","url":"https:\/\/garageblogec.com\/wp-content\/uploads\/2024\/02\/cropped-logo-png-para-blog.webp","contentUrl":"https:\/\/garageblogec.com\/wp-content\/uploads\/2024\/02\/cropped-logo-png-para-blog.webp","width":840,"height":556,"caption":"Garage Blog Ecuador "},"image":{"@id":"https:\/\/garageblogec.com\/#\/schema\/logo\/image\/"}},{"@type":"Person","@id":"https:\/\/garageblogec.com\/#\/schema\/person\/635f4b76c0cb3e43b82fe6f7d8bcceea","name":"gabi1212","image":{"@type":"ImageObject","inLanguage":"es","@id":"https:\/\/secure.gravatar.com\/avatar\/6aa491f45cb359d4d6dd8c430e83f78899c80569c27d21156e19bbdcd31d1811?s=96&d=mm&r=g","url":"https:\/\/secure.gravatar.com\/avatar\/6aa491f45cb359d4d6dd8c430e83f78899c80569c27d21156e19bbdcd31d1811?s=96&d=mm&r=g","contentUrl":"https:\/\/secure.gravatar.com\/avatar\/6aa491f45cb359d4d6dd8c430e83f78899c80569c27d21156e19bbdcd31d1811?s=96&d=mm&r=g","caption":"gabi1212"},"url":"https:\/\/garageblogec.com\/?author=6"}]}},"jetpack_featured_media_url":"https:\/\/garageblogec.com\/wp-content\/uploads\/2025\/10\/DSC7954.jpg","jetpack_sharing_enabled":true,"_links":{"self":[{"href":"https:\/\/garageblogec.com\/index.php?rest_route=\/wp\/v2\/posts\/2709","targetHints":{"allow":["GET"]}}],"collection":[{"href":"https:\/\/garageblogec.com\/index.php?rest_route=\/wp\/v2\/posts"}],"about":[{"href":"https:\/\/garageblogec.com\/index.php?rest_route=\/wp\/v2\/types\/post"}],"author":[{"embeddable":true,"href":"https:\/\/garageblogec.com\/index.php?rest_route=\/wp\/v2\/users\/6"}],"replies":[{"embeddable":true,"href":"https:\/\/garageblogec.com\/index.php?rest_route=%2Fwp%2Fv2%2Fcomments&post=2709"}],"version-history":[{"count":1,"href":"https:\/\/garageblogec.com\/index.php?rest_route=\/wp\/v2\/posts\/2709\/revisions"}],"predecessor-version":[{"id":2715,"href":"https:\/\/garageblogec.com\/index.php?rest_route=\/wp\/v2\/posts\/2709\/revisions\/2715"}],"wp:featuredmedia":[{"embeddable":true,"href":"https:\/\/garageblogec.com\/index.php?rest_route=\/wp\/v2\/media\/2714"}],"wp:attachment":[{"href":"https:\/\/garageblogec.com\/index.php?rest_route=%2Fwp%2Fv2%2Fmedia&parent=2709"}],"wp:term":[{"taxonomy":"category","embeddable":true,"href":"https:\/\/garageblogec.com\/index.php?rest_route=%2Fwp%2Fv2%2Fcategories&post=2709"},{"taxonomy":"post_tag","embeddable":true,"href":"https:\/\/garageblogec.com\/index.php?rest_route=%2Fwp%2Fv2%2Ftags&post=2709"}],"curies":[{"name":"wp","href":"https:\/\/api.w.org\/{rel}","templated":true}]}}