{"id":2697,"date":"2025-10-27T17:06:41","date_gmt":"2025-10-27T17:06:41","guid":{"rendered":"https:\/\/garageblogec.com\/?p=2697"},"modified":"2025-10-27T17:06:50","modified_gmt":"2025-10-27T17:06:50","slug":"nueva-chevrolet-colorado-work-truck-potencia-y-robustez-para-el-trabajo-duro","status":"publish","type":"post","link":"https:\/\/garageblogec.com\/?p=2697","title":{"rendered":"Nueva Chevrolet Colorado Work Truck: potencia y robustez para el trabajo duro"},"content":{"rendered":"\n<p>Chevrolet ampl\u00eda su portafolio de camionetas en Ecuador con la llegada de la nueva Colorado Work Truck, una versi\u00f3n adicional del poderoso modelo que combina potencia, desempe\u00f1o y tecnolog\u00eda de \u00faltima generaci\u00f3n para responder a las exigencias de trabajo, aventura y confort en todo tipo de terreno.<\/p>\n\n\n\n<figure class=\"wp-block-image size-large\"><img fetchpriority=\"high\" decoding=\"async\" width=\"1024\" height=\"683\" src=\"https:\/\/garageblogec.com\/wp-content\/uploads\/2025\/10\/BG-1024x683.png\" alt=\"\" class=\"wp-image-2698\" srcset=\"https:\/\/garageblogec.com\/wp-content\/uploads\/2025\/10\/BG-1024x683.png 1024w, https:\/\/garageblogec.com\/wp-content\/uploads\/2025\/10\/BG-300x200.png 300w, https:\/\/garageblogec.com\/wp-content\/uploads\/2025\/10\/BG-768x512.png 768w, https:\/\/garageblogec.com\/wp-content\/uploads\/2025\/10\/BG-1320x880.png 1320w, https:\/\/garageblogec.com\/wp-content\/uploads\/2025\/10\/BG.png 1536w\" sizes=\"(max-width: 1024px) 100vw, 1024px\" \/><\/figure>\n\n\n\n<p><em>\u201cPara los clientes que buscan un modelo de trabajo robusto presentamos la nueva Chevrolet Colorado Work Truck, una versi\u00f3n dise\u00f1ada para el trabajo en condiciones exigentes. Colorado es la camioneta m\u00e1s potente de su segmento, y su versi\u00f3n Work Truck est\u00e1 pensada para quienes buscan un aliado confiable en el trabajo, sin sacrificar la comodidad y facilidad de conducci\u00f3n\u201d,<\/em> coment\u00f3 Oswaldo Le\u00f3n, Country Manager de General Motors Ecuador.<\/p>\n\n\n\n<p><strong>Potencia que impresiona, desempe\u00f1o que sorprende<\/strong><\/p>\n\n\n\n<p>La nueva Colorado Work Truck est\u00e1 equipada con el reconocido motor Turbo Di\u00e9sel Duramax 2.8L, que entrega una potencia de 204 HP y un torque de 510 Nm en su versi\u00f3n autom\u00e1tica de 8 velocidades. Con tracci\u00f3n 4&#215;4, suspensi\u00f3n reforzada y direcci\u00f3n el\u00e9ctrica, garantiza un desempe\u00f1o s\u00f3lido y controlado en cualquier condici\u00f3n de manejo.<\/p>\n\n\n\n<p>Adem\u00e1s, ofrece una capacidad de carga superior a 1 tonelada y 3 toneladas de arrastre, convirti\u00e9ndola en la compa\u00f1era ideal tanto para actividades productivas de alta exigencia, as\u00ed como tambi\u00e9n para actividades recreativas.<\/p>\n\n\n\n<p><strong>Dise\u00f1o robusto y funcional<\/strong><\/p>\n\n\n\n\n\n<p>El exterior de la Colorado WT refleja fuerza y modernidad con su parrilla frontal negra en la que resalta el corbat\u00edn Chevrolet; equipa faros hal\u00f3genos con encendido autom\u00e1tico, neblineros LED, molduras protectoras y rines de aluminio de 18\u201d en edici\u00f3n especial Black Finish. Su interior combina amplitud y funcionalidad, con capacidad para 5 pasajeros, asientos tapizados en tela, consola central con apoyabrazos, aire acondicionado manual, y un cluster digital de 8 pulgadas configurable que brinda informaci\u00f3n detallada del veh\u00edculo.<\/p>\n\n\n\n<p><strong>Tecnolog\u00eda y conectividad avanzada<\/strong><\/p>\n\n\n\n<p>La nueva Colorado WT incorpora el sistema Chevrolet MyLink con pantalla t\u00e1ctil de 11\u201d compatible con Android Auto\u2122 y Apple CarPlay\u2122 inal\u00e1mbricos, adem\u00e1s cuenta con la exclusiva tecnolog\u00eda OnStar con servicios de conectividad y seguridad, Wifi para hasta 7 dispositivos. Incluye tambi\u00e9n c\u00e1mara de reversa HD, m\u00faltiples puertos USB, volante multifunci\u00f3n con control de audio, llamadas, y arranque por bot\u00f3n Easy Start, asegurando una experiencia conectada y c\u00f3moda en cada viaje.<\/p>\n\n\n\n<figure class=\"wp-block-image size-large\"><img decoding=\"async\" width=\"1024\" height=\"683\" src=\"https:\/\/garageblogec.com\/wp-content\/uploads\/2025\/10\/WhatsApp-Image-2025-10-27-at-11.50.00-AM-1024x683.jpeg\" alt=\"\" class=\"wp-image-2700\" srcset=\"https:\/\/garageblogec.com\/wp-content\/uploads\/2025\/10\/WhatsApp-Image-2025-10-27-at-11.50.00-AM-1024x683.jpeg 1024w, https:\/\/garageblogec.com\/wp-content\/uploads\/2025\/10\/WhatsApp-Image-2025-10-27-at-11.50.00-AM-300x200.jpeg 300w, https:\/\/garageblogec.com\/wp-content\/uploads\/2025\/10\/WhatsApp-Image-2025-10-27-at-11.50.00-AM-768x512.jpeg 768w, https:\/\/garageblogec.com\/wp-content\/uploads\/2025\/10\/WhatsApp-Image-2025-10-27-at-11.50.00-AM-1320x880.jpeg 1320w, https:\/\/garageblogec.com\/wp-content\/uploads\/2025\/10\/WhatsApp-Image-2025-10-27-at-11.50.00-AM.jpeg 1536w\" sizes=\"(max-width: 1024px) 100vw, 1024px\" \/><\/figure>\n\n\n\n<p><strong>Seguridad integral<\/strong><\/p>\n\n\n\n<p>En materia de seguridad, la Colorado WT incorpora 6 airbags (frontales, laterales y de cortina) y el sistema Chevrolet Intelligent Driving, un robusto paquete de asistencias y sistemas de seguridad activa que incluyen:<\/p>\n\n\n\n<ul class=\"wp-block-list\">\n<li>Sensor de punto ciego<\/li>\n\n\n\n<li>Freno aut\u00f3nomo de emergencia<\/li>\n\n\n\n<li>Sensor de colisi\u00f3n frontal<\/li>\n\n\n\n<li>Detecci\u00f3n de peatones, objetos y veh\u00edculos frontal<\/li>\n\n\n\n<li>Sensor de presi\u00f3n de neum\u00e1ticos<\/li>\n\n\n\n<li>Alerta de tr\u00e1fico cruzado posterior<\/li>\n<\/ul>\n\n\n\n<p>As\u00ed tambi\u00e9n esta nueva pick up incluye sistemas de seguridad adicionales que permiten que los ocupantes est\u00e9n totalmente seguros siempre:<\/p>\n\n\n\n<ul class=\"wp-block-list\">\n<li>Asistente de arranque y descenso en pendiente<\/li>\n\n\n\n<li>Control antivuelco<\/li>\n\n\n\n<li>Frenos ABS con EBD<\/li>\n\n\n\n<li>Control electr\u00f3nico de estabilidad y tracci\u00f3n<\/li>\n\n\n\n<li>Carrocer\u00eda reforzada con barras de protecci\u00f3n<\/li>\n\n\n\n<li>Columna de direcci\u00f3n colapsable<\/li>\n\n\n\n<li>Control de crucero<\/li>\n\n\n\n<li>Alerta de velocidad m\u00e1xima<\/li>\n<\/ul>\n\n\n\n<p>Adem\u00e1s, cuenta con la exclusiva plataforma OnStar, el avanzado sistema de asistencia y seguridad de Chevrolet que ofrece protecci\u00f3n 24\/7 y servicios de conectividad para mayor confort de los ocupantes.<\/p>\n\n\n\n<p>Esta nueva versi\u00f3n de Chevrolet Colorado ya est\u00e1 disponible desde $ 49.999 en la red de concesionarios Chevrolet a nivel nacional, en colores negro, verde, plomo, plateado, y blanco respaldada por una garant\u00eda de hasta 7 a\u00f1os o 150.000 km con mantenimientos cada 10.000 km.<\/p>\n\n\n<div class='pt-cv-wrapper'> <h3 class='pt-cv-heading-container heading1' data-blockid='3rdoijco'><span class='pt-cv-heading'> Overlay1 <\/span><\/h3><div class=\"pt-cv-view pt-cv-overlaygrid iscvblock iscvreal overlay1 layout1\" id=\"pt-cv-view-3rdoijco\"><div data-id=\"pt-cv-page-1\" class=\"pt-cv-page\" data-cvc=\"3\"><div class=\" pt-cv-content-item pt-cv-1-col\" ><div class=\"pt-cv-thumb-wrapper  \"><a href=\"https:\/\/garageblogec.com\/?p=3303\" class=\"_self pt-cv-href-thumbnail pt-cv-thumb-default\" target=\"_self\" ><img decoding=\"async\" width=\"768\" height=\"432\" src=\"https:\/\/garageblogec.com\/wp-content\/uploads\/2026\/04\/WhatsApp-Image-2026-04-21-at-1.52.53-PM-768x432.jpeg\" class=\"pt-cv-thumbnail\" alt=\"\" \/><\/a><\/div>\n<div class=\"pt-cv-overlay-wrapper\"><div class=\"pt-cv-taxoterm above_title\"><a href='https:\/\/garageblogec.com\/?cat=27' title='Industria Nacional' class='pt-cv-tax-industria-nacional'>Industria Nacional<\/a><\/div><h4 class=\"pt-cv-title\"><a href=\"https:\/\/garageblogec.com\/?p=3303\" class=\"_self\" target=\"_self\" >Grupo Ambacar presenta en Guayaquil KGM, su nueva marca de SUV h\u00edbridos con respaldo global<\/a><\/h4><div class=\"pt-cv-meta-fields\"><span class=\"entry-date\"> <time datetime=\"2026-04-21T21:37:24+00:00\">abril 21, 2026<\/time><\/span><span> \/ <\/span><span class=\"author\"> <a href=\"https:\/\/garageblogec.com\/?author=6\" rel=\"author\">gabi1212<\/a><\/span><\/div><\/div><\/div>\n<div class=\" pt-cv-content-item pt-cv-1-col\" ><div class=\"pt-cv-thumb-wrapper  \"><a href=\"https:\/\/garageblogec.com\/?p=3296\" class=\"_self pt-cv-href-thumbnail pt-cv-thumb-default\" target=\"_self\" ><img loading=\"lazy\" decoding=\"async\" width=\"768\" height=\"432\" src=\"https:\/\/garageblogec.com\/wp-content\/uploads\/2026\/04\/WhatsApp-Image-2026-04-14-at-3.15.09-PM-768x432.jpeg\" class=\"pt-cv-thumbnail\" alt=\"\" \/><\/a><\/div>\n<div class=\"pt-cv-overlay-wrapper\"><div class=\"pt-cv-taxoterm above_title\"><a href='https:\/\/garageblogec.com\/?cat=27' title='Industria Nacional' class='pt-cv-tax-industria-nacional'>Industria Nacional<\/a><\/div><h4 class=\"pt-cv-title\"><a href=\"https:\/\/garageblogec.com\/?p=3296\" class=\"_self\" target=\"_self\" >El tablero desapareci\u00f3, ahora el auto es una pantalla inteligente<\/a><\/h4><div class=\"pt-cv-meta-fields\"><span class=\"entry-date\"> <time datetime=\"2026-04-14T20:21:20+00:00\">abril 14, 2026<\/time><\/span><span> \/ <\/span><span class=\"author\"> <a href=\"https:\/\/garageblogec.com\/?author=6\" rel=\"author\">gabi1212<\/a><\/span><\/div><\/div><\/div>\n<div class=\" pt-cv-content-item pt-cv-1-col\" ><div class=\"pt-cv-thumb-wrapper  \"><a href=\"https:\/\/garageblogec.com\/?p=3291\" class=\"_self pt-cv-href-thumbnail pt-cv-thumb-default\" target=\"_self\" ><img loading=\"lazy\" decoding=\"async\" width=\"768\" height=\"432\" src=\"https:\/\/garageblogec.com\/wp-content\/uploads\/2026\/04\/WhatsApp-Image-2026-04-14-at-2.21.27-PM-768x432.jpeg\" class=\"pt-cv-thumbnail\" alt=\"\" \/><\/a><\/div>\n<div class=\"pt-cv-overlay-wrapper\"><div class=\"pt-cv-taxoterm above_title\"><a href='https:\/\/garageblogec.com\/?cat=27' title='Industria Nacional' class='pt-cv-tax-industria-nacional'>Industria Nacional<\/a><\/div><h4 class=\"pt-cv-title\"><a href=\"https:\/\/garageblogec.com\/?p=3291\" class=\"_self\" target=\"_self\" >Seguridad al volante en Ecuador: los errores m\u00e1s comunes que cometen los conductores<\/a><\/h4><div class=\"pt-cv-meta-fields\"><span class=\"entry-date\"> <time datetime=\"2026-04-14T20:08:54+00:00\">abril 14, 2026<\/time><\/span><span> \/ <\/span><span class=\"author\"> <a href=\"https:\/\/garageblogec.com\/?author=6\" rel=\"author\">gabi1212<\/a><\/span><\/div><\/div><\/div>\n<div class=\" pt-cv-content-item pt-cv-1-col\" ><div class=\"pt-cv-thumb-wrapper  \"><a href=\"https:\/\/garageblogec.com\/?p=3286\" class=\"_self pt-cv-href-thumbnail pt-cv-thumb-default\" target=\"_self\" ><img loading=\"lazy\" decoding=\"async\" width=\"768\" height=\"492\" src=\"https:\/\/garageblogec.com\/wp-content\/uploads\/2026\/04\/Posventa.jpg-768x492.jpeg\" class=\"pt-cv-thumbnail\" alt=\"\" \/><\/a><\/div>\n<div class=\"pt-cv-overlay-wrapper\"><div class=\"pt-cv-taxoterm above_title\"><a href='https:\/\/garageblogec.com\/?cat=27' title='Industria Nacional' class='pt-cv-tax-industria-nacional'>Industria Nacional<\/a><\/div><h4 class=\"pt-cv-title\"><a href=\"https:\/\/garageblogec.com\/?p=3286\" class=\"_self\" target=\"_self\" >Clientes Nissan reciben cambios de aceite infinitos<\/a><\/h4><div class=\"pt-cv-meta-fields\"><span class=\"entry-date\"> <time datetime=\"2026-04-14T20:04:08+00:00\">abril 14, 2026<\/time><\/span><span> \/ <\/span><span class=\"author\"> <a href=\"https:\/\/garageblogec.com\/?author=6\" rel=\"author\">gabi1212<\/a><\/span><\/div><\/div><\/div>\n<div class=\" pt-cv-content-item pt-cv-1-col\" ><div class=\"pt-cv-thumb-wrapper  \"><a href=\"https:\/\/garageblogec.com\/?p=3280\" class=\"_self pt-cv-href-thumbnail pt-cv-thumb-default\" target=\"_self\" ><img loading=\"lazy\" decoding=\"async\" width=\"768\" height=\"512\" src=\"https:\/\/garageblogec.com\/wp-content\/uploads\/2026\/04\/foto1-768x512.jpeg\" class=\"pt-cv-thumbnail\" alt=\"\" \/><\/a><\/div>\n<div class=\"pt-cv-overlay-wrapper\"><div class=\"pt-cv-taxoterm above_title\"><a href='https:\/\/garageblogec.com\/?cat=27' title='Industria Nacional' class='pt-cv-tax-industria-nacional'>Industria Nacional<\/a><\/div><h4 class=\"pt-cv-title\"><a href=\"https:\/\/garageblogec.com\/?p=3280\" class=\"_self\" target=\"_self\" >Movilidad como inversi\u00f3n: el uso de utilidades que crece en Ecuador<\/a><\/h4><div class=\"pt-cv-meta-fields\"><span class=\"entry-date\"> <time datetime=\"2026-04-07T19:55:36+00:00\">abril 7, 2026<\/time><\/span><span> \/ <\/span><span class=\"author\"> <a href=\"https:\/\/garageblogec.com\/?author=6\" rel=\"author\">gabi1212<\/a><\/span><\/div><\/div><\/div>\n<div class=\" pt-cv-content-item pt-cv-1-col\" ><div class=\"pt-cv-thumb-wrapper  \"><a href=\"https:\/\/garageblogec.com\/?p=3276\" class=\"_self pt-cv-href-thumbnail pt-cv-thumb-default\" target=\"_self\" ><img loading=\"lazy\" decoding=\"async\" width=\"745\" height=\"491\" src=\"https:\/\/garageblogec.com\/wp-content\/uploads\/2026\/04\/TT.png\" class=\"pt-cv-thumbnail\" alt=\"\" \/><\/a><\/div>\n<div class=\"pt-cv-overlay-wrapper\"><div class=\"pt-cv-taxoterm above_title\"><a href='https:\/\/garageblogec.com\/?cat=27' title='Industria Nacional' class='pt-cv-tax-industria-nacional'>Industria Nacional<\/a><\/div><h4 class=\"pt-cv-title\"><a href=\"https:\/\/garageblogec.com\/?p=3276\" class=\"_self\" target=\"_self\" >Lluvias en Ecuador: C\u00f3mo reducir riesgos en carretera y prevenir accidentes en calzada mojada<\/a><\/h4><div class=\"pt-cv-meta-fields\"><span class=\"entry-date\"> <time datetime=\"2026-04-07T19:46:52+00:00\">abril 7, 2026<\/time><\/span><span> \/ <\/span><span class=\"author\"> <a href=\"https:\/\/garageblogec.com\/?author=6\" rel=\"author\">gabi1212<\/a><\/span><\/div><\/div><\/div><\/div><\/div> <\/div> <style>\n#pt-cv-view-3rdoijco .pt-cv-thumb-wrapper::before {background: rgba(0,0,0,.4); opacity: 0.8;}#pt-cv-view-3rdoijco .pt-cv-overlay-wrapper {justify-content: center;}\n#pt-cv-view-3rdoijco .pt-cv-meta-fields {  }#pt-cv-view-3rdoijco .pt-cv-meta-fields * { font-size: 13px; }#pt-cv-view-3rdoijco .pt-cv-title a { display: block; }#pt-cv-view-3rdoijco .pt-cv-title:not(.pt-cv-titlesm) a { font-weight: 600;text-decoration: none;font-size: 20px; }#pt-cv-view-3rdoijco .pt-cv-titlesm a { font-weight: 600;font-size: 18px; }#pt-cv-view-3rdoijco .pt-cv-content { font-size: 15px; }#pt-cv-view-3rdoijco .pt-cv-rmwrap {  }#pt-cv-view-3rdoijco .pt-cv-readmore { color: #fff;background-color: #0075ff;font-size: 14px; }#pt-cv-view-3rdoijco .pt-cv-taxoterm { margin: 0px 0px 20px 0px; }#pt-cv-view-3rdoijco .pt-cv-taxoterm * { color: #222;background-color: #fff6f6;font-size: 14px; }#pt-cv-view-3rdoijco + .pt-cv-pagination-wrapper {  }#pt-cv-view-3rdoijco + .pt-cv-pagination-wrapper a { font-size: 14px; }#pt-cv-view-3rdoijco > .pt-cv-page {grid-template-columns: repeat(3, 1fr);grid-auto-rows: 250px;grid-gap: 10px;}\n@media all and (max-width: 1024px) { \n#pt-cv-view-3rdoijco > .pt-cv-page {}\n} \n@media all and (max-width: 767px) { \n#pt-cv-view-3rdoijco > .pt-cv-page {grid-template-columns: repeat(1, 1fr);}\n} <\/style>","protected":false},"excerpt":{"rendered":"<p>Chevrolet ampl\u00eda su portafolio de camionetas en Ecuador con la llegada de la nueva Colorado Work Truck, una versi\u00f3n adicional del poderoso modelo que combina potencia, desempe\u00f1o y tecnolog\u00eda de \u00faltima generaci\u00f3n para responder a las exigencias de trabajo, aventura y confort en todo tipo de terreno. \u201cPara los clientes que buscan un modelo de [&hellip;]<\/p>\n","protected":false},"author":6,"featured_media":2700,"comment_status":"open","ping_status":"open","sticky":false,"template":"","format":"standard","meta":{"_jetpack_memberships_contains_paid_content":false,"footnotes":""},"categories":[1],"tags":[],"class_list":["post-2697","post","type-post","status-publish","format-standard","has-post-thumbnail","hentry","category-uncategorized"],"yoast_head":"<!-- This site is optimized with the Yoast SEO plugin v27.5 - https:\/\/yoast.com\/product\/yoast-seo-wordpress\/ -->\n<title>Nueva Chevrolet Colorado Work Truck: potencia y robustez para el trabajo duro - Garage Blog Ecuador<\/title>\n<meta name=\"robots\" content=\"index, follow, max-snippet:-1, max-image-preview:large, max-video-preview:-1\" \/>\n<link rel=\"canonical\" href=\"https:\/\/garageblogec.com\/?p=2697\" \/>\n<meta property=\"og:locale\" content=\"es_ES\" \/>\n<meta property=\"og:type\" content=\"article\" \/>\n<meta property=\"og:title\" content=\"Nueva Chevrolet Colorado Work Truck: potencia y robustez para el trabajo duro - Garage Blog Ecuador\" \/>\n<meta property=\"og:description\" content=\"Chevrolet ampl\u00eda su portafolio de camionetas en Ecuador con la llegada de la nueva Colorado Work Truck, una versi\u00f3n adicional del poderoso modelo que combina potencia, desempe\u00f1o y tecnolog\u00eda de \u00faltima generaci\u00f3n para responder a las exigencias de trabajo, aventura y confort en todo tipo de terreno. \u201cPara los clientes que buscan un modelo de [&hellip;]\" \/>\n<meta property=\"og:url\" content=\"https:\/\/garageblogec.com\/?p=2697\" \/>\n<meta property=\"og:site_name\" content=\"Garage Blog Ecuador\" \/>\n<meta property=\"article:published_time\" content=\"2025-10-27T17:06:41+00:00\" \/>\n<meta property=\"article:modified_time\" content=\"2025-10-27T17:06:50+00:00\" \/>\n<meta property=\"og:image\" content=\"https:\/\/garageblogec.com\/wp-content\/uploads\/2025\/10\/WhatsApp-Image-2025-10-27-at-11.50.00-AM.jpeg\" \/>\n\t<meta property=\"og:image:width\" content=\"1536\" \/>\n\t<meta property=\"og:image:height\" content=\"1024\" \/>\n\t<meta property=\"og:image:type\" content=\"image\/jpeg\" \/>\n<meta name=\"author\" content=\"gabi1212\" \/>\n<meta name=\"twitter:card\" content=\"summary_large_image\" \/>\n<meta name=\"twitter:label1\" content=\"Escrito por\" \/>\n\t<meta name=\"twitter:data1\" content=\"gabi1212\" \/>\n\t<meta name=\"twitter:label2\" content=\"Tiempo de lectura\" \/>\n\t<meta name=\"twitter:data2\" content=\"4 minutos\" \/>\n<script type=\"application\/ld+json\" class=\"yoast-schema-graph\">{\"@context\":\"https:\\\/\\\/schema.org\",\"@graph\":[{\"@type\":\"Article\",\"@id\":\"https:\\\/\\\/garageblogec.com\\\/?p=2697#article\",\"isPartOf\":{\"@id\":\"https:\\\/\\\/garageblogec.com\\\/?p=2697\"},\"author\":{\"name\":\"gabi1212\",\"@id\":\"https:\\\/\\\/garageblogec.com\\\/#\\\/schema\\\/person\\\/635f4b76c0cb3e43b82fe6f7d8bcceea\"},\"headline\":\"Nueva Chevrolet Colorado Work Truck: potencia y robustez para el trabajo duro\",\"datePublished\":\"2025-10-27T17:06:41+00:00\",\"dateModified\":\"2025-10-27T17:06:50+00:00\",\"mainEntityOfPage\":{\"@id\":\"https:\\\/\\\/garageblogec.com\\\/?p=2697\"},\"wordCount\":620,\"commentCount\":0,\"publisher\":{\"@id\":\"https:\\\/\\\/garageblogec.com\\\/#organization\"},\"image\":{\"@id\":\"https:\\\/\\\/garageblogec.com\\\/?p=2697#primaryimage\"},\"thumbnailUrl\":\"https:\\\/\\\/garageblogec.com\\\/wp-content\\\/uploads\\\/2025\\\/10\\\/WhatsApp-Image-2025-10-27-at-11.50.00-AM.jpeg\",\"articleSection\":[\"Uncategorized\"],\"inLanguage\":\"es\",\"potentialAction\":[{\"@type\":\"CommentAction\",\"name\":\"Comment\",\"target\":[\"https:\\\/\\\/garageblogec.com\\\/?p=2697#respond\"]}]},{\"@type\":\"WebPage\",\"@id\":\"https:\\\/\\\/garageblogec.com\\\/?p=2697\",\"url\":\"https:\\\/\\\/garageblogec.com\\\/?p=2697\",\"name\":\"Nueva Chevrolet Colorado Work Truck: potencia y robustez para el trabajo duro - Garage Blog Ecuador\",\"isPartOf\":{\"@id\":\"https:\\\/\\\/garageblogec.com\\\/#website\"},\"primaryImageOfPage\":{\"@id\":\"https:\\\/\\\/garageblogec.com\\\/?p=2697#primaryimage\"},\"image\":{\"@id\":\"https:\\\/\\\/garageblogec.com\\\/?p=2697#primaryimage\"},\"thumbnailUrl\":\"https:\\\/\\\/garageblogec.com\\\/wp-content\\\/uploads\\\/2025\\\/10\\\/WhatsApp-Image-2025-10-27-at-11.50.00-AM.jpeg\",\"datePublished\":\"2025-10-27T17:06:41+00:00\",\"dateModified\":\"2025-10-27T17:06:50+00:00\",\"breadcrumb\":{\"@id\":\"https:\\\/\\\/garageblogec.com\\\/?p=2697#breadcrumb\"},\"inLanguage\":\"es\",\"potentialAction\":[{\"@type\":\"ReadAction\",\"target\":[\"https:\\\/\\\/garageblogec.com\\\/?p=2697\"]}]},{\"@type\":\"ImageObject\",\"inLanguage\":\"es\",\"@id\":\"https:\\\/\\\/garageblogec.com\\\/?p=2697#primaryimage\",\"url\":\"https:\\\/\\\/garageblogec.com\\\/wp-content\\\/uploads\\\/2025\\\/10\\\/WhatsApp-Image-2025-10-27-at-11.50.00-AM.jpeg\",\"contentUrl\":\"https:\\\/\\\/garageblogec.com\\\/wp-content\\\/uploads\\\/2025\\\/10\\\/WhatsApp-Image-2025-10-27-at-11.50.00-AM.jpeg\",\"width\":1536,\"height\":1024},{\"@type\":\"BreadcrumbList\",\"@id\":\"https:\\\/\\\/garageblogec.com\\\/?p=2697#breadcrumb\",\"itemListElement\":[{\"@type\":\"ListItem\",\"position\":1,\"name\":\"Portada\",\"item\":\"https:\\\/\\\/garageblogec.com\\\/\"},{\"@type\":\"ListItem\",\"position\":2,\"name\":\"Nueva Chevrolet Colorado Work Truck: potencia y robustez para el trabajo duro\"}]},{\"@type\":\"WebSite\",\"@id\":\"https:\\\/\\\/garageblogec.com\\\/#website\",\"url\":\"https:\\\/\\\/garageblogec.com\\\/\",\"name\":\"Garage Blog Ecuador\",\"description\":\"Alucinamos por los autos \",\"publisher\":{\"@id\":\"https:\\\/\\\/garageblogec.com\\\/#organization\"},\"potentialAction\":[{\"@type\":\"SearchAction\",\"target\":{\"@type\":\"EntryPoint\",\"urlTemplate\":\"https:\\\/\\\/garageblogec.com\\\/?s={search_term_string}\"},\"query-input\":{\"@type\":\"PropertyValueSpecification\",\"valueRequired\":true,\"valueName\":\"search_term_string\"}}],\"inLanguage\":\"es\"},{\"@type\":\"Organization\",\"@id\":\"https:\\\/\\\/garageblogec.com\\\/#organization\",\"name\":\"Garage Blog Ecuador\",\"url\":\"https:\\\/\\\/garageblogec.com\\\/\",\"logo\":{\"@type\":\"ImageObject\",\"inLanguage\":\"es\",\"@id\":\"https:\\\/\\\/garageblogec.com\\\/#\\\/schema\\\/logo\\\/image\\\/\",\"url\":\"https:\\\/\\\/garageblogec.com\\\/wp-content\\\/uploads\\\/2024\\\/02\\\/cropped-logo-png-para-blog.webp\",\"contentUrl\":\"https:\\\/\\\/garageblogec.com\\\/wp-content\\\/uploads\\\/2024\\\/02\\\/cropped-logo-png-para-blog.webp\",\"width\":840,\"height\":556,\"caption\":\"Garage Blog Ecuador \"},\"image\":{\"@id\":\"https:\\\/\\\/garageblogec.com\\\/#\\\/schema\\\/logo\\\/image\\\/\"}},{\"@type\":\"Person\",\"@id\":\"https:\\\/\\\/garageblogec.com\\\/#\\\/schema\\\/person\\\/635f4b76c0cb3e43b82fe6f7d8bcceea\",\"name\":\"gabi1212\",\"image\":{\"@type\":\"ImageObject\",\"inLanguage\":\"es\",\"@id\":\"https:\\\/\\\/secure.gravatar.com\\\/avatar\\\/6aa491f45cb359d4d6dd8c430e83f78899c80569c27d21156e19bbdcd31d1811?s=96&d=mm&r=g\",\"url\":\"https:\\\/\\\/secure.gravatar.com\\\/avatar\\\/6aa491f45cb359d4d6dd8c430e83f78899c80569c27d21156e19bbdcd31d1811?s=96&d=mm&r=g\",\"contentUrl\":\"https:\\\/\\\/secure.gravatar.com\\\/avatar\\\/6aa491f45cb359d4d6dd8c430e83f78899c80569c27d21156e19bbdcd31d1811?s=96&d=mm&r=g\",\"caption\":\"gabi1212\"},\"url\":\"https:\\\/\\\/garageblogec.com\\\/?author=6\"}]}<\/script>\n<!-- \/ Yoast SEO plugin. -->","yoast_head_json":{"title":"Nueva Chevrolet Colorado Work Truck: potencia y robustez para el trabajo duro - Garage Blog Ecuador","robots":{"index":"index","follow":"follow","max-snippet":"max-snippet:-1","max-image-preview":"max-image-preview:large","max-video-preview":"max-video-preview:-1"},"canonical":"https:\/\/garageblogec.com\/?p=2697","og_locale":"es_ES","og_type":"article","og_title":"Nueva Chevrolet Colorado Work Truck: potencia y robustez para el trabajo duro - Garage Blog Ecuador","og_description":"Chevrolet ampl\u00eda su portafolio de camionetas en Ecuador con la llegada de la nueva Colorado Work Truck, una versi\u00f3n adicional del poderoso modelo que combina potencia, desempe\u00f1o y tecnolog\u00eda de \u00faltima generaci\u00f3n para responder a las exigencias de trabajo, aventura y confort en todo tipo de terreno. \u201cPara los clientes que buscan un modelo de [&hellip;]","og_url":"https:\/\/garageblogec.com\/?p=2697","og_site_name":"Garage Blog Ecuador","article_published_time":"2025-10-27T17:06:41+00:00","article_modified_time":"2025-10-27T17:06:50+00:00","og_image":[{"width":1536,"height":1024,"url":"https:\/\/garageblogec.com\/wp-content\/uploads\/2025\/10\/WhatsApp-Image-2025-10-27-at-11.50.00-AM.jpeg","type":"image\/jpeg"}],"author":"gabi1212","twitter_card":"summary_large_image","twitter_misc":{"Escrito por":"gabi1212","Tiempo de lectura":"4 minutos"},"schema":{"@context":"https:\/\/schema.org","@graph":[{"@type":"Article","@id":"https:\/\/garageblogec.com\/?p=2697#article","isPartOf":{"@id":"https:\/\/garageblogec.com\/?p=2697"},"author":{"name":"gabi1212","@id":"https:\/\/garageblogec.com\/#\/schema\/person\/635f4b76c0cb3e43b82fe6f7d8bcceea"},"headline":"Nueva Chevrolet Colorado Work Truck: potencia y robustez para el trabajo duro","datePublished":"2025-10-27T17:06:41+00:00","dateModified":"2025-10-27T17:06:50+00:00","mainEntityOfPage":{"@id":"https:\/\/garageblogec.com\/?p=2697"},"wordCount":620,"commentCount":0,"publisher":{"@id":"https:\/\/garageblogec.com\/#organization"},"image":{"@id":"https:\/\/garageblogec.com\/?p=2697#primaryimage"},"thumbnailUrl":"https:\/\/garageblogec.com\/wp-content\/uploads\/2025\/10\/WhatsApp-Image-2025-10-27-at-11.50.00-AM.jpeg","articleSection":["Uncategorized"],"inLanguage":"es","potentialAction":[{"@type":"CommentAction","name":"Comment","target":["https:\/\/garageblogec.com\/?p=2697#respond"]}]},{"@type":"WebPage","@id":"https:\/\/garageblogec.com\/?p=2697","url":"https:\/\/garageblogec.com\/?p=2697","name":"Nueva Chevrolet Colorado Work Truck: potencia y robustez para el trabajo duro - Garage Blog Ecuador","isPartOf":{"@id":"https:\/\/garageblogec.com\/#website"},"primaryImageOfPage":{"@id":"https:\/\/garageblogec.com\/?p=2697#primaryimage"},"image":{"@id":"https:\/\/garageblogec.com\/?p=2697#primaryimage"},"thumbnailUrl":"https:\/\/garageblogec.com\/wp-content\/uploads\/2025\/10\/WhatsApp-Image-2025-10-27-at-11.50.00-AM.jpeg","datePublished":"2025-10-27T17:06:41+00:00","dateModified":"2025-10-27T17:06:50+00:00","breadcrumb":{"@id":"https:\/\/garageblogec.com\/?p=2697#breadcrumb"},"inLanguage":"es","potentialAction":[{"@type":"ReadAction","target":["https:\/\/garageblogec.com\/?p=2697"]}]},{"@type":"ImageObject","inLanguage":"es","@id":"https:\/\/garageblogec.com\/?p=2697#primaryimage","url":"https:\/\/garageblogec.com\/wp-content\/uploads\/2025\/10\/WhatsApp-Image-2025-10-27-at-11.50.00-AM.jpeg","contentUrl":"https:\/\/garageblogec.com\/wp-content\/uploads\/2025\/10\/WhatsApp-Image-2025-10-27-at-11.50.00-AM.jpeg","width":1536,"height":1024},{"@type":"BreadcrumbList","@id":"https:\/\/garageblogec.com\/?p=2697#breadcrumb","itemListElement":[{"@type":"ListItem","position":1,"name":"Portada","item":"https:\/\/garageblogec.com\/"},{"@type":"ListItem","position":2,"name":"Nueva Chevrolet Colorado Work Truck: potencia y robustez para el trabajo duro"}]},{"@type":"WebSite","@id":"https:\/\/garageblogec.com\/#website","url":"https:\/\/garageblogec.com\/","name":"Garage Blog Ecuador","description":"Alucinamos por los autos ","publisher":{"@id":"https:\/\/garageblogec.com\/#organization"},"potentialAction":[{"@type":"SearchAction","target":{"@type":"EntryPoint","urlTemplate":"https:\/\/garageblogec.com\/?s={search_term_string}"},"query-input":{"@type":"PropertyValueSpecification","valueRequired":true,"valueName":"search_term_string"}}],"inLanguage":"es"},{"@type":"Organization","@id":"https:\/\/garageblogec.com\/#organization","name":"Garage Blog Ecuador","url":"https:\/\/garageblogec.com\/","logo":{"@type":"ImageObject","inLanguage":"es","@id":"https:\/\/garageblogec.com\/#\/schema\/logo\/image\/","url":"https:\/\/garageblogec.com\/wp-content\/uploads\/2024\/02\/cropped-logo-png-para-blog.webp","contentUrl":"https:\/\/garageblogec.com\/wp-content\/uploads\/2024\/02\/cropped-logo-png-para-blog.webp","width":840,"height":556,"caption":"Garage Blog Ecuador "},"image":{"@id":"https:\/\/garageblogec.com\/#\/schema\/logo\/image\/"}},{"@type":"Person","@id":"https:\/\/garageblogec.com\/#\/schema\/person\/635f4b76c0cb3e43b82fe6f7d8bcceea","name":"gabi1212","image":{"@type":"ImageObject","inLanguage":"es","@id":"https:\/\/secure.gravatar.com\/avatar\/6aa491f45cb359d4d6dd8c430e83f78899c80569c27d21156e19bbdcd31d1811?s=96&d=mm&r=g","url":"https:\/\/secure.gravatar.com\/avatar\/6aa491f45cb359d4d6dd8c430e83f78899c80569c27d21156e19bbdcd31d1811?s=96&d=mm&r=g","contentUrl":"https:\/\/secure.gravatar.com\/avatar\/6aa491f45cb359d4d6dd8c430e83f78899c80569c27d21156e19bbdcd31d1811?s=96&d=mm&r=g","caption":"gabi1212"},"url":"https:\/\/garageblogec.com\/?author=6"}]}},"jetpack_featured_media_url":"https:\/\/garageblogec.com\/wp-content\/uploads\/2025\/10\/WhatsApp-Image-2025-10-27-at-11.50.00-AM.jpeg","jetpack_sharing_enabled":true,"_links":{"self":[{"href":"https:\/\/garageblogec.com\/index.php?rest_route=\/wp\/v2\/posts\/2697","targetHints":{"allow":["GET"]}}],"collection":[{"href":"https:\/\/garageblogec.com\/index.php?rest_route=\/wp\/v2\/posts"}],"about":[{"href":"https:\/\/garageblogec.com\/index.php?rest_route=\/wp\/v2\/types\/post"}],"author":[{"embeddable":true,"href":"https:\/\/garageblogec.com\/index.php?rest_route=\/wp\/v2\/users\/6"}],"replies":[{"embeddable":true,"href":"https:\/\/garageblogec.com\/index.php?rest_route=%2Fwp%2Fv2%2Fcomments&post=2697"}],"version-history":[{"count":1,"href":"https:\/\/garageblogec.com\/index.php?rest_route=\/wp\/v2\/posts\/2697\/revisions"}],"predecessor-version":[{"id":2701,"href":"https:\/\/garageblogec.com\/index.php?rest_route=\/wp\/v2\/posts\/2697\/revisions\/2701"}],"wp:featuredmedia":[{"embeddable":true,"href":"https:\/\/garageblogec.com\/index.php?rest_route=\/wp\/v2\/media\/2700"}],"wp:attachment":[{"href":"https:\/\/garageblogec.com\/index.php?rest_route=%2Fwp%2Fv2%2Fmedia&parent=2697"}],"wp:term":[{"taxonomy":"category","embeddable":true,"href":"https:\/\/garageblogec.com\/index.php?rest_route=%2Fwp%2Fv2%2Fcategories&post=2697"},{"taxonomy":"post_tag","embeddable":true,"href":"https:\/\/garageblogec.com\/index.php?rest_route=%2Fwp%2Fv2%2Ftags&post=2697"}],"curies":[{"name":"wp","href":"https:\/\/api.w.org\/{rel}","templated":true}]}}