{"id":2620,"date":"2025-09-30T16:39:36","date_gmt":"2025-09-30T16:39:36","guid":{"rendered":"https:\/\/garageblogec.com\/?p=2620"},"modified":"2025-09-30T16:39:41","modified_gmt":"2025-09-30T16:39:41","slug":"los-rumores-sobre-el-toyota-century-se-intensifican-ante-la-posibilidad-de-una-division-de-la-marca-y-una-posible-internacionalizacion","status":"publish","type":"post","link":"https:\/\/garageblogec.com\/?p=2620","title":{"rendered":"Los rumores sobre el Toyota Century se intensifican ante la posibilidad de una divisi\u00f3n de la marca y una posible internacionalizaci\u00f3n."},"content":{"rendered":"\n<p>Toyota lanz\u00f3 recientemente\u00a0una campa\u00f1a teaser para un nuevo proyecto misterioso\u00a0, prometiendo una revelaci\u00f3n completa el 13 de octubre antes del Japan Mobility Show 2024. El anuncio ha alimentado la especulaci\u00f3n de que la submarca insignia Century podr\u00eda estar a punto de desempe\u00f1ar un papel m\u00e1s importante dentro de la l\u00ednea de Toyota, posiblemente haciendo crecer su cartera m\u00e1s all\u00e1 de los modelos sed\u00e1n y SUV actuales.<\/p>\n\n\n\n<figure class=\"wp-block-image size-large\"><img decoding=\"async\" src=\"https:\/\/www.carscoops.com\/wp-content\/uploads\/webp\/2025\/09\/fgdvec--1536x865.webp\" alt=\"\"\/><\/figure>\n\n\n\n<p>El sitio web dedicado\u00a0al avance\u00a0destaca el emblema de Century con la misma prominencia que Toyota, Lexus, Gazoo Racing y Daihatsu. Esto no fue casualidad. Seg\u00fan el presidente Akio Toyoda, la decisi\u00f3n reflej\u00f3 su convicci\u00f3n de que \u00abel Century debe estar en el centro\u00bb.<\/p>\n\n\n\n<p><strong>\u00bfUna marca a punto de despuntar?<\/strong><\/p>\n\n\n\n<p>Las primeras teor\u00edas suger\u00edan que la campa\u00f1a podr\u00eda girar en torno a la plataforma TNGA\u00a0de Toyota\u00a0, un elemento com\u00fan entre las cinco marcas. Otra posibilidad ser\u00eda una estrategia renovada y objetivos de ventas para cada marca. Pero con Century apareciendo diariamente en actualizaciones de adelanto, ha surgido otra posibilidad.<\/p>\n\n\n\n<figure class=\"wp-block-image size-large\"><a href=\"https:\/\/www.kia.com\/ec\/main.html\"><img fetchpriority=\"high\" decoding=\"async\" width=\"1024\" height=\"285\" src=\"https:\/\/garageblogec.com\/wp-content\/uploads\/2025\/08\/Garage-Blog-banner-1080x300-1-1024x285.jpg\" alt=\"\" class=\"wp-image-2401\" srcset=\"https:\/\/garageblogec.com\/wp-content\/uploads\/2025\/08\/Garage-Blog-banner-1080x300-1-1024x285.jpg 1024w, https:\/\/garageblogec.com\/wp-content\/uploads\/2025\/08\/Garage-Blog-banner-1080x300-1-300x84.jpg 300w, https:\/\/garageblogec.com\/wp-content\/uploads\/2025\/08\/Garage-Blog-banner-1080x300-1-768x214.jpg 768w, https:\/\/garageblogec.com\/wp-content\/uploads\/2025\/08\/Garage-Blog-banner-1080x300-1.jpg 1081w\" sizes=\"(max-width: 1024px) 100vw, 1024px\" \/><\/a><\/figure>\n\n\n\n<p><\/p>\n\n\n\n<p>En las redes sociales japonesas, se especula que Century se alejar\u00e1 de Toyota y se convertir\u00e1 en una marca independiente, siguiendo el ejemplo de Lexus. La compa\u00f1\u00eda ya ha confirmado sus planes de ofrecer productos Century fuera de Jap\u00f3n.<\/p>\n\n\n\n<figure class=\"wp-block-image\"><img decoding=\"async\" src=\"https:\/\/www.carscoops.com\/wp-content\/uploads\/2024\/01\/Toyota-Century-56-1024x576.jpg\" alt=\"Los rumores sobre el Toyota Century se intensifican ante la posibilidad de una divisi\u00f3n de la marca y una posible internacionalizaci\u00f3n.\"\/><figcaption class=\"wp-element-caption\">La l\u00ednea actual de Toyota Century.<\/figcaption><\/figure>\n\n\n\n<p>Sin embargo, el rumor m\u00e1s prometedor apunta a nuevas formas que se unir\u00e1n a la familia Century, desde un cup\u00e9 de dos puertas de perfil bajo hasta una minivan ultra lujosa. De concretarse esta \u00faltima, se situar\u00eda por encima del\u00a0Lexus LM\u00a0, que ya es una versi\u00f3n de alta gama del Alphard y el Vellfire. Para justificar su inclusi\u00f3n, tendr\u00eda que ofrecer los niveles de lujo y exclusividad de Rolls-Royce, dirigidos directamente al segmento de gama alta del mercado.<\/p>\n\n\n\n<p><\/p>\n\n\n\n<p>El sed\u00e1n Century original, lanzado por primera vez en 1967, ha sido durante mucho tiempo el buque insignia nacional de Toyota, recibiendo solo dos actualizaciones generacionales, en 1997 y 2017. Por otro lado, el SUV Century lleg\u00f3 en 2023 como el equivalente japon\u00e9s del\u00a0Rolls-Royce Cullinan\u00a0, incluso extendi\u00e9ndose a una variante de rendimiento GRMN.<\/p>\n\n\n\n<p>Si bien la espaciosa cabina de cuatro plazas y las puertas traseras corredizas del SUV actual podr\u00edan dejar obsoleta una minivan, ser\u00eda interesante ver a Century expandirse a diferentes segmentos. Despu\u00e9s de todo, la compa\u00f1\u00eda ha mostrado su disposici\u00f3n a experimentar con encargos a medida, incluyendo el\u00a0singular Century SUV Convertible,\u00a0dise\u00f1ado para desfiles. Si la marca se expandir\u00e1 a este territorio o dejar\u00e1 la idea en un mero rumor es algo que solo la pr\u00f3xima presentaci\u00f3n podr\u00e1 responder.<\/p>\n\n\n\n<figure class=\"wp-block-image\"><img decoding=\"async\" src=\"https:\/\/www.carscoops.com\/wp-content\/uploads\/2025\/09\/toyota_century_minivan_CS_rendering-1-1024x576.jpg\" alt=\"Los rumores sobre el Toyota Century se intensifican ante la posibilidad de una divisi\u00f3n de la marca y una posible internacionalizaci\u00f3n.\"\/><figcaption class=\"wp-element-caption\">Una representaci\u00f3n especulativa de una minivan Century basada en el Lexus LM \/ Toyota Alphard.<\/figcaption><\/figure>\n\n\n<div class='pt-cv-wrapper'> <h3 class='pt-cv-heading-container heading1' data-blockid='xf3ot050'><span class='pt-cv-heading'> Overlay1 <\/span><\/h3><div class=\"pt-cv-view pt-cv-overlaygrid iscvblock iscvreal overlay1 layout1\" id=\"pt-cv-view-xf3ot050\"><div data-id=\"pt-cv-page-1\" class=\"pt-cv-page\" data-cvc=\"3\"><div class=\" pt-cv-content-item pt-cv-1-col\" ><div class=\"pt-cv-thumb-wrapper  \"><a href=\"https:\/\/garageblogec.com\/?p=3303\" class=\"_self pt-cv-href-thumbnail pt-cv-thumb-default\" target=\"_self\" ><img decoding=\"async\" width=\"768\" height=\"432\" src=\"https:\/\/garageblogec.com\/wp-content\/uploads\/2026\/04\/WhatsApp-Image-2026-04-21-at-1.52.53-PM-768x432.jpeg\" class=\"pt-cv-thumbnail\" alt=\"\" \/><\/a><\/div>\n<div class=\"pt-cv-overlay-wrapper\"><div class=\"pt-cv-taxoterm above_title\"><a href='https:\/\/garageblogec.com\/?cat=27' title='Industria Nacional' class='pt-cv-tax-industria-nacional'>Industria Nacional<\/a><\/div><h4 class=\"pt-cv-title\"><a href=\"https:\/\/garageblogec.com\/?p=3303\" class=\"_self\" target=\"_self\" >Grupo Ambacar presenta en Guayaquil KGM, su nueva marca de SUV h\u00edbridos con respaldo global<\/a><\/h4><div class=\"pt-cv-meta-fields\"><span class=\"entry-date\"> <time datetime=\"2026-04-21T21:37:24+00:00\">abril 21, 2026<\/time><\/span><span> \/ <\/span><span class=\"author\"> <a href=\"https:\/\/garageblogec.com\/?author=6\" rel=\"author\">gabi1212<\/a><\/span><\/div><\/div><\/div>\n<div class=\" pt-cv-content-item pt-cv-1-col\" ><div class=\"pt-cv-thumb-wrapper  \"><a href=\"https:\/\/garageblogec.com\/?p=3296\" class=\"_self pt-cv-href-thumbnail pt-cv-thumb-default\" target=\"_self\" ><img decoding=\"async\" width=\"768\" height=\"432\" src=\"https:\/\/garageblogec.com\/wp-content\/uploads\/2026\/04\/WhatsApp-Image-2026-04-14-at-3.15.09-PM-768x432.jpeg\" class=\"pt-cv-thumbnail\" alt=\"\" \/><\/a><\/div>\n<div class=\"pt-cv-overlay-wrapper\"><div class=\"pt-cv-taxoterm above_title\"><a href='https:\/\/garageblogec.com\/?cat=27' title='Industria Nacional' class='pt-cv-tax-industria-nacional'>Industria Nacional<\/a><\/div><h4 class=\"pt-cv-title\"><a href=\"https:\/\/garageblogec.com\/?p=3296\" class=\"_self\" target=\"_self\" >El tablero desapareci\u00f3, ahora el auto es una pantalla inteligente<\/a><\/h4><div class=\"pt-cv-meta-fields\"><span class=\"entry-date\"> <time datetime=\"2026-04-14T20:21:20+00:00\">abril 14, 2026<\/time><\/span><span> \/ <\/span><span class=\"author\"> <a href=\"https:\/\/garageblogec.com\/?author=6\" rel=\"author\">gabi1212<\/a><\/span><\/div><\/div><\/div>\n<div class=\" pt-cv-content-item pt-cv-1-col\" ><div class=\"pt-cv-thumb-wrapper  \"><a href=\"https:\/\/garageblogec.com\/?p=3291\" class=\"_self pt-cv-href-thumbnail pt-cv-thumb-default\" target=\"_self\" ><img loading=\"lazy\" decoding=\"async\" width=\"768\" height=\"432\" src=\"https:\/\/garageblogec.com\/wp-content\/uploads\/2026\/04\/WhatsApp-Image-2026-04-14-at-2.21.27-PM-768x432.jpeg\" class=\"pt-cv-thumbnail\" alt=\"\" \/><\/a><\/div>\n<div class=\"pt-cv-overlay-wrapper\"><div class=\"pt-cv-taxoterm above_title\"><a href='https:\/\/garageblogec.com\/?cat=27' title='Industria Nacional' class='pt-cv-tax-industria-nacional'>Industria Nacional<\/a><\/div><h4 class=\"pt-cv-title\"><a href=\"https:\/\/garageblogec.com\/?p=3291\" class=\"_self\" target=\"_self\" >Seguridad al volante en Ecuador: los errores m\u00e1s comunes que cometen los conductores<\/a><\/h4><div class=\"pt-cv-meta-fields\"><span class=\"entry-date\"> <time datetime=\"2026-04-14T20:08:54+00:00\">abril 14, 2026<\/time><\/span><span> \/ <\/span><span class=\"author\"> <a href=\"https:\/\/garageblogec.com\/?author=6\" rel=\"author\">gabi1212<\/a><\/span><\/div><\/div><\/div>\n<div class=\" pt-cv-content-item pt-cv-1-col\" ><div class=\"pt-cv-thumb-wrapper  \"><a href=\"https:\/\/garageblogec.com\/?p=3286\" class=\"_self pt-cv-href-thumbnail pt-cv-thumb-default\" target=\"_self\" ><img loading=\"lazy\" decoding=\"async\" width=\"768\" height=\"492\" src=\"https:\/\/garageblogec.com\/wp-content\/uploads\/2026\/04\/Posventa.jpg-768x492.jpeg\" class=\"pt-cv-thumbnail\" alt=\"\" \/><\/a><\/div>\n<div class=\"pt-cv-overlay-wrapper\"><div class=\"pt-cv-taxoterm above_title\"><a href='https:\/\/garageblogec.com\/?cat=27' title='Industria Nacional' class='pt-cv-tax-industria-nacional'>Industria Nacional<\/a><\/div><h4 class=\"pt-cv-title\"><a href=\"https:\/\/garageblogec.com\/?p=3286\" class=\"_self\" target=\"_self\" >Clientes Nissan reciben cambios de aceite infinitos<\/a><\/h4><div class=\"pt-cv-meta-fields\"><span class=\"entry-date\"> <time datetime=\"2026-04-14T20:04:08+00:00\">abril 14, 2026<\/time><\/span><span> \/ <\/span><span class=\"author\"> <a href=\"https:\/\/garageblogec.com\/?author=6\" rel=\"author\">gabi1212<\/a><\/span><\/div><\/div><\/div>\n<div class=\" pt-cv-content-item pt-cv-1-col\" ><div class=\"pt-cv-thumb-wrapper  \"><a href=\"https:\/\/garageblogec.com\/?p=3280\" class=\"_self pt-cv-href-thumbnail pt-cv-thumb-default\" target=\"_self\" ><img loading=\"lazy\" decoding=\"async\" width=\"768\" height=\"512\" src=\"https:\/\/garageblogec.com\/wp-content\/uploads\/2026\/04\/foto1-768x512.jpeg\" class=\"pt-cv-thumbnail\" alt=\"\" \/><\/a><\/div>\n<div class=\"pt-cv-overlay-wrapper\"><div class=\"pt-cv-taxoterm above_title\"><a href='https:\/\/garageblogec.com\/?cat=27' title='Industria Nacional' class='pt-cv-tax-industria-nacional'>Industria Nacional<\/a><\/div><h4 class=\"pt-cv-title\"><a href=\"https:\/\/garageblogec.com\/?p=3280\" class=\"_self\" target=\"_self\" >Movilidad como inversi\u00f3n: el uso de utilidades que crece en Ecuador<\/a><\/h4><div class=\"pt-cv-meta-fields\"><span class=\"entry-date\"> <time datetime=\"2026-04-07T19:55:36+00:00\">abril 7, 2026<\/time><\/span><span> \/ <\/span><span class=\"author\"> <a href=\"https:\/\/garageblogec.com\/?author=6\" rel=\"author\">gabi1212<\/a><\/span><\/div><\/div><\/div>\n<div class=\" pt-cv-content-item pt-cv-1-col\" ><div class=\"pt-cv-thumb-wrapper  \"><a href=\"https:\/\/garageblogec.com\/?p=3276\" class=\"_self pt-cv-href-thumbnail pt-cv-thumb-default\" target=\"_self\" ><img loading=\"lazy\" decoding=\"async\" width=\"745\" height=\"491\" src=\"https:\/\/garageblogec.com\/wp-content\/uploads\/2026\/04\/TT.png\" class=\"pt-cv-thumbnail\" alt=\"\" \/><\/a><\/div>\n<div class=\"pt-cv-overlay-wrapper\"><div class=\"pt-cv-taxoterm above_title\"><a href='https:\/\/garageblogec.com\/?cat=27' title='Industria Nacional' class='pt-cv-tax-industria-nacional'>Industria Nacional<\/a><\/div><h4 class=\"pt-cv-title\"><a href=\"https:\/\/garageblogec.com\/?p=3276\" class=\"_self\" target=\"_self\" >Lluvias en Ecuador: C\u00f3mo reducir riesgos en carretera y prevenir accidentes en calzada mojada<\/a><\/h4><div class=\"pt-cv-meta-fields\"><span class=\"entry-date\"> <time datetime=\"2026-04-07T19:46:52+00:00\">abril 7, 2026<\/time><\/span><span> \/ <\/span><span class=\"author\"> <a href=\"https:\/\/garageblogec.com\/?author=6\" rel=\"author\">gabi1212<\/a><\/span><\/div><\/div><\/div><\/div><\/div> <\/div> <style>\n#pt-cv-view-xf3ot050 .pt-cv-thumb-wrapper::before {background: rgba(0,0,0,.4); opacity: 0.8;}#pt-cv-view-xf3ot050 .pt-cv-overlay-wrapper {justify-content: center;}\n#pt-cv-view-xf3ot050 .pt-cv-meta-fields {  }#pt-cv-view-xf3ot050 .pt-cv-meta-fields * { font-size: 13px; }#pt-cv-view-xf3ot050 .pt-cv-title a { display: block; }#pt-cv-view-xf3ot050 .pt-cv-title:not(.pt-cv-titlesm) a { font-weight: 600;text-decoration: none;font-size: 20px; }#pt-cv-view-xf3ot050 .pt-cv-titlesm a { font-weight: 600;font-size: 18px; }#pt-cv-view-xf3ot050 .pt-cv-content { font-size: 15px; }#pt-cv-view-xf3ot050 .pt-cv-rmwrap {  }#pt-cv-view-xf3ot050 .pt-cv-readmore { color: #fff;background-color: #0075ff;font-size: 14px; }#pt-cv-view-xf3ot050 .pt-cv-taxoterm { margin: 0px 0px 20px 0px; }#pt-cv-view-xf3ot050 .pt-cv-taxoterm * { color: #222;background-color: #fff6f6;font-size: 14px; }#pt-cv-view-xf3ot050 + .pt-cv-pagination-wrapper {  }#pt-cv-view-xf3ot050 + .pt-cv-pagination-wrapper a { font-size: 14px; }#pt-cv-view-xf3ot050 > .pt-cv-page {grid-template-columns: repeat(3, 1fr);grid-auto-rows: 250px;grid-gap: 10px;}\n@media all and (max-width: 1024px) { \n#pt-cv-view-xf3ot050 > .pt-cv-page {}\n} \n@media all and (max-width: 767px) { \n#pt-cv-view-xf3ot050 > .pt-cv-page {grid-template-columns: repeat(1, 1fr);}\n} <\/style>","protected":false},"excerpt":{"rendered":"<p>Toyota lanz\u00f3 recientemente\u00a0una campa\u00f1a teaser para un nuevo proyecto misterioso\u00a0, prometiendo una revelaci\u00f3n completa el 13 de octubre antes del Japan Mobility Show 2024. El anuncio ha alimentado la especulaci\u00f3n de que la submarca insignia Century podr\u00eda estar a punto de desempe\u00f1ar un papel m\u00e1s importante dentro de la l\u00ednea de Toyota, posiblemente haciendo crecer [&hellip;]<\/p>\n","protected":false},"author":6,"featured_media":0,"comment_status":"open","ping_status":"open","sticky":false,"template":"","format":"standard","meta":{"_jetpack_memberships_contains_paid_content":false,"footnotes":""},"categories":[27],"tags":[],"class_list":["post-2620","post","type-post","status-publish","format-standard","hentry","category-industria-nacional"],"yoast_head":"<!-- This site is optimized with the Yoast SEO plugin v27.5 - https:\/\/yoast.com\/product\/yoast-seo-wordpress\/ -->\n<title>Los rumores sobre el Toyota Century se intensifican ante la posibilidad de una divisi\u00f3n de la marca y una posible internacionalizaci\u00f3n. - Garage Blog Ecuador<\/title>\n<meta name=\"robots\" content=\"index, follow, max-snippet:-1, max-image-preview:large, max-video-preview:-1\" \/>\n<link rel=\"canonical\" href=\"https:\/\/garageblogec.com\/?p=2620\" \/>\n<meta property=\"og:locale\" content=\"es_ES\" \/>\n<meta property=\"og:type\" content=\"article\" \/>\n<meta property=\"og:title\" content=\"Los rumores sobre el Toyota Century se intensifican ante la posibilidad de una divisi\u00f3n de la marca y una posible internacionalizaci\u00f3n. - Garage Blog Ecuador\" \/>\n<meta property=\"og:description\" content=\"Toyota lanz\u00f3 recientemente\u00a0una campa\u00f1a teaser para un nuevo proyecto misterioso\u00a0, prometiendo una revelaci\u00f3n completa el 13 de octubre antes del Japan Mobility Show 2024. El anuncio ha alimentado la especulaci\u00f3n de que la submarca insignia Century podr\u00eda estar a punto de desempe\u00f1ar un papel m\u00e1s importante dentro de la l\u00ednea de Toyota, posiblemente haciendo crecer [&hellip;]\" \/>\n<meta property=\"og:url\" content=\"https:\/\/garageblogec.com\/?p=2620\" \/>\n<meta property=\"og:site_name\" content=\"Garage Blog Ecuador\" \/>\n<meta property=\"article:published_time\" content=\"2025-09-30T16:39:36+00:00\" \/>\n<meta property=\"article:modified_time\" content=\"2025-09-30T16:39:41+00:00\" \/>\n<meta property=\"og:image\" content=\"https:\/\/www.carscoops.com\/wp-content\/uploads\/webp\/2025\/09\/fgdvec--1536x865.webp\" \/>\n<meta name=\"author\" content=\"gabi1212\" \/>\n<meta name=\"twitter:card\" content=\"summary_large_image\" \/>\n<meta name=\"twitter:label1\" content=\"Escrito por\" \/>\n\t<meta name=\"twitter:data1\" content=\"gabi1212\" \/>\n\t<meta name=\"twitter:label2\" content=\"Tiempo de lectura\" \/>\n\t<meta name=\"twitter:data2\" content=\"3 minutos\" \/>\n<script type=\"application\/ld+json\" class=\"yoast-schema-graph\">{\"@context\":\"https:\\\/\\\/schema.org\",\"@graph\":[{\"@type\":\"Article\",\"@id\":\"https:\\\/\\\/garageblogec.com\\\/?p=2620#article\",\"isPartOf\":{\"@id\":\"https:\\\/\\\/garageblogec.com\\\/?p=2620\"},\"author\":{\"name\":\"gabi1212\",\"@id\":\"https:\\\/\\\/garageblogec.com\\\/#\\\/schema\\\/person\\\/635f4b76c0cb3e43b82fe6f7d8bcceea\"},\"headline\":\"Los rumores sobre el Toyota Century se intensifican ante la posibilidad de una divisi\u00f3n de la marca y una posible internacionalizaci\u00f3n.\",\"datePublished\":\"2025-09-30T16:39:36+00:00\",\"dateModified\":\"2025-09-30T16:39:41+00:00\",\"mainEntityOfPage\":{\"@id\":\"https:\\\/\\\/garageblogec.com\\\/?p=2620\"},\"wordCount\":495,\"commentCount\":0,\"publisher\":{\"@id\":\"https:\\\/\\\/garageblogec.com\\\/#organization\"},\"image\":{\"@id\":\"https:\\\/\\\/garageblogec.com\\\/?p=2620#primaryimage\"},\"thumbnailUrl\":\"https:\\\/\\\/www.carscoops.com\\\/wp-content\\\/uploads\\\/webp\\\/2025\\\/09\\\/fgdvec--1536x865.webp\",\"articleSection\":[\"Industria Nacional\"],\"inLanguage\":\"es\",\"potentialAction\":[{\"@type\":\"CommentAction\",\"name\":\"Comment\",\"target\":[\"https:\\\/\\\/garageblogec.com\\\/?p=2620#respond\"]}]},{\"@type\":\"WebPage\",\"@id\":\"https:\\\/\\\/garageblogec.com\\\/?p=2620\",\"url\":\"https:\\\/\\\/garageblogec.com\\\/?p=2620\",\"name\":\"Los rumores sobre el Toyota Century se intensifican ante la posibilidad de una divisi\u00f3n de la marca y una posible internacionalizaci\u00f3n. - Garage Blog Ecuador\",\"isPartOf\":{\"@id\":\"https:\\\/\\\/garageblogec.com\\\/#website\"},\"primaryImageOfPage\":{\"@id\":\"https:\\\/\\\/garageblogec.com\\\/?p=2620#primaryimage\"},\"image\":{\"@id\":\"https:\\\/\\\/garageblogec.com\\\/?p=2620#primaryimage\"},\"thumbnailUrl\":\"https:\\\/\\\/www.carscoops.com\\\/wp-content\\\/uploads\\\/webp\\\/2025\\\/09\\\/fgdvec--1536x865.webp\",\"datePublished\":\"2025-09-30T16:39:36+00:00\",\"dateModified\":\"2025-09-30T16:39:41+00:00\",\"breadcrumb\":{\"@id\":\"https:\\\/\\\/garageblogec.com\\\/?p=2620#breadcrumb\"},\"inLanguage\":\"es\",\"potentialAction\":[{\"@type\":\"ReadAction\",\"target\":[\"https:\\\/\\\/garageblogec.com\\\/?p=2620\"]}]},{\"@type\":\"ImageObject\",\"inLanguage\":\"es\",\"@id\":\"https:\\\/\\\/garageblogec.com\\\/?p=2620#primaryimage\",\"url\":\"https:\\\/\\\/www.carscoops.com\\\/wp-content\\\/uploads\\\/webp\\\/2025\\\/09\\\/fgdvec--1536x865.webp\",\"contentUrl\":\"https:\\\/\\\/www.carscoops.com\\\/wp-content\\\/uploads\\\/webp\\\/2025\\\/09\\\/fgdvec--1536x865.webp\"},{\"@type\":\"BreadcrumbList\",\"@id\":\"https:\\\/\\\/garageblogec.com\\\/?p=2620#breadcrumb\",\"itemListElement\":[{\"@type\":\"ListItem\",\"position\":1,\"name\":\"Portada\",\"item\":\"https:\\\/\\\/garageblogec.com\\\/\"},{\"@type\":\"ListItem\",\"position\":2,\"name\":\"Los rumores sobre el Toyota Century se intensifican ante la posibilidad de una divisi\u00f3n de la marca y una posible internacionalizaci\u00f3n.\"}]},{\"@type\":\"WebSite\",\"@id\":\"https:\\\/\\\/garageblogec.com\\\/#website\",\"url\":\"https:\\\/\\\/garageblogec.com\\\/\",\"name\":\"Garage Blog Ecuador\",\"description\":\"Alucinamos por los autos \",\"publisher\":{\"@id\":\"https:\\\/\\\/garageblogec.com\\\/#organization\"},\"potentialAction\":[{\"@type\":\"SearchAction\",\"target\":{\"@type\":\"EntryPoint\",\"urlTemplate\":\"https:\\\/\\\/garageblogec.com\\\/?s={search_term_string}\"},\"query-input\":{\"@type\":\"PropertyValueSpecification\",\"valueRequired\":true,\"valueName\":\"search_term_string\"}}],\"inLanguage\":\"es\"},{\"@type\":\"Organization\",\"@id\":\"https:\\\/\\\/garageblogec.com\\\/#organization\",\"name\":\"Garage Blog Ecuador\",\"url\":\"https:\\\/\\\/garageblogec.com\\\/\",\"logo\":{\"@type\":\"ImageObject\",\"inLanguage\":\"es\",\"@id\":\"https:\\\/\\\/garageblogec.com\\\/#\\\/schema\\\/logo\\\/image\\\/\",\"url\":\"https:\\\/\\\/garageblogec.com\\\/wp-content\\\/uploads\\\/2024\\\/02\\\/cropped-logo-png-para-blog.webp\",\"contentUrl\":\"https:\\\/\\\/garageblogec.com\\\/wp-content\\\/uploads\\\/2024\\\/02\\\/cropped-logo-png-para-blog.webp\",\"width\":840,\"height\":556,\"caption\":\"Garage Blog Ecuador \"},\"image\":{\"@id\":\"https:\\\/\\\/garageblogec.com\\\/#\\\/schema\\\/logo\\\/image\\\/\"}},{\"@type\":\"Person\",\"@id\":\"https:\\\/\\\/garageblogec.com\\\/#\\\/schema\\\/person\\\/635f4b76c0cb3e43b82fe6f7d8bcceea\",\"name\":\"gabi1212\",\"image\":{\"@type\":\"ImageObject\",\"inLanguage\":\"es\",\"@id\":\"https:\\\/\\\/secure.gravatar.com\\\/avatar\\\/6aa491f45cb359d4d6dd8c430e83f78899c80569c27d21156e19bbdcd31d1811?s=96&d=mm&r=g\",\"url\":\"https:\\\/\\\/secure.gravatar.com\\\/avatar\\\/6aa491f45cb359d4d6dd8c430e83f78899c80569c27d21156e19bbdcd31d1811?s=96&d=mm&r=g\",\"contentUrl\":\"https:\\\/\\\/secure.gravatar.com\\\/avatar\\\/6aa491f45cb359d4d6dd8c430e83f78899c80569c27d21156e19bbdcd31d1811?s=96&d=mm&r=g\",\"caption\":\"gabi1212\"},\"url\":\"https:\\\/\\\/garageblogec.com\\\/?author=6\"}]}<\/script>\n<!-- \/ Yoast SEO plugin. -->","yoast_head_json":{"title":"Los rumores sobre el Toyota Century se intensifican ante la posibilidad de una divisi\u00f3n de la marca y una posible internacionalizaci\u00f3n. - Garage Blog Ecuador","robots":{"index":"index","follow":"follow","max-snippet":"max-snippet:-1","max-image-preview":"max-image-preview:large","max-video-preview":"max-video-preview:-1"},"canonical":"https:\/\/garageblogec.com\/?p=2620","og_locale":"es_ES","og_type":"article","og_title":"Los rumores sobre el Toyota Century se intensifican ante la posibilidad de una divisi\u00f3n de la marca y una posible internacionalizaci\u00f3n. - Garage Blog Ecuador","og_description":"Toyota lanz\u00f3 recientemente\u00a0una campa\u00f1a teaser para un nuevo proyecto misterioso\u00a0, prometiendo una revelaci\u00f3n completa el 13 de octubre antes del Japan Mobility Show 2024. El anuncio ha alimentado la especulaci\u00f3n de que la submarca insignia Century podr\u00eda estar a punto de desempe\u00f1ar un papel m\u00e1s importante dentro de la l\u00ednea de Toyota, posiblemente haciendo crecer [&hellip;]","og_url":"https:\/\/garageblogec.com\/?p=2620","og_site_name":"Garage Blog Ecuador","article_published_time":"2025-09-30T16:39:36+00:00","article_modified_time":"2025-09-30T16:39:41+00:00","og_image":[{"url":"https:\/\/www.carscoops.com\/wp-content\/uploads\/webp\/2025\/09\/fgdvec--1536x865.webp","type":"","width":"","height":""}],"author":"gabi1212","twitter_card":"summary_large_image","twitter_misc":{"Escrito por":"gabi1212","Tiempo de lectura":"3 minutos"},"schema":{"@context":"https:\/\/schema.org","@graph":[{"@type":"Article","@id":"https:\/\/garageblogec.com\/?p=2620#article","isPartOf":{"@id":"https:\/\/garageblogec.com\/?p=2620"},"author":{"name":"gabi1212","@id":"https:\/\/garageblogec.com\/#\/schema\/person\/635f4b76c0cb3e43b82fe6f7d8bcceea"},"headline":"Los rumores sobre el Toyota Century se intensifican ante la posibilidad de una divisi\u00f3n de la marca y una posible internacionalizaci\u00f3n.","datePublished":"2025-09-30T16:39:36+00:00","dateModified":"2025-09-30T16:39:41+00:00","mainEntityOfPage":{"@id":"https:\/\/garageblogec.com\/?p=2620"},"wordCount":495,"commentCount":0,"publisher":{"@id":"https:\/\/garageblogec.com\/#organization"},"image":{"@id":"https:\/\/garageblogec.com\/?p=2620#primaryimage"},"thumbnailUrl":"https:\/\/www.carscoops.com\/wp-content\/uploads\/webp\/2025\/09\/fgdvec--1536x865.webp","articleSection":["Industria Nacional"],"inLanguage":"es","potentialAction":[{"@type":"CommentAction","name":"Comment","target":["https:\/\/garageblogec.com\/?p=2620#respond"]}]},{"@type":"WebPage","@id":"https:\/\/garageblogec.com\/?p=2620","url":"https:\/\/garageblogec.com\/?p=2620","name":"Los rumores sobre el Toyota Century se intensifican ante la posibilidad de una divisi\u00f3n de la marca y una posible internacionalizaci\u00f3n. - Garage Blog Ecuador","isPartOf":{"@id":"https:\/\/garageblogec.com\/#website"},"primaryImageOfPage":{"@id":"https:\/\/garageblogec.com\/?p=2620#primaryimage"},"image":{"@id":"https:\/\/garageblogec.com\/?p=2620#primaryimage"},"thumbnailUrl":"https:\/\/www.carscoops.com\/wp-content\/uploads\/webp\/2025\/09\/fgdvec--1536x865.webp","datePublished":"2025-09-30T16:39:36+00:00","dateModified":"2025-09-30T16:39:41+00:00","breadcrumb":{"@id":"https:\/\/garageblogec.com\/?p=2620#breadcrumb"},"inLanguage":"es","potentialAction":[{"@type":"ReadAction","target":["https:\/\/garageblogec.com\/?p=2620"]}]},{"@type":"ImageObject","inLanguage":"es","@id":"https:\/\/garageblogec.com\/?p=2620#primaryimage","url":"https:\/\/www.carscoops.com\/wp-content\/uploads\/webp\/2025\/09\/fgdvec--1536x865.webp","contentUrl":"https:\/\/www.carscoops.com\/wp-content\/uploads\/webp\/2025\/09\/fgdvec--1536x865.webp"},{"@type":"BreadcrumbList","@id":"https:\/\/garageblogec.com\/?p=2620#breadcrumb","itemListElement":[{"@type":"ListItem","position":1,"name":"Portada","item":"https:\/\/garageblogec.com\/"},{"@type":"ListItem","position":2,"name":"Los rumores sobre el Toyota Century se intensifican ante la posibilidad de una divisi\u00f3n de la marca y una posible internacionalizaci\u00f3n."}]},{"@type":"WebSite","@id":"https:\/\/garageblogec.com\/#website","url":"https:\/\/garageblogec.com\/","name":"Garage Blog Ecuador","description":"Alucinamos por los autos ","publisher":{"@id":"https:\/\/garageblogec.com\/#organization"},"potentialAction":[{"@type":"SearchAction","target":{"@type":"EntryPoint","urlTemplate":"https:\/\/garageblogec.com\/?s={search_term_string}"},"query-input":{"@type":"PropertyValueSpecification","valueRequired":true,"valueName":"search_term_string"}}],"inLanguage":"es"},{"@type":"Organization","@id":"https:\/\/garageblogec.com\/#organization","name":"Garage Blog Ecuador","url":"https:\/\/garageblogec.com\/","logo":{"@type":"ImageObject","inLanguage":"es","@id":"https:\/\/garageblogec.com\/#\/schema\/logo\/image\/","url":"https:\/\/garageblogec.com\/wp-content\/uploads\/2024\/02\/cropped-logo-png-para-blog.webp","contentUrl":"https:\/\/garageblogec.com\/wp-content\/uploads\/2024\/02\/cropped-logo-png-para-blog.webp","width":840,"height":556,"caption":"Garage Blog Ecuador "},"image":{"@id":"https:\/\/garageblogec.com\/#\/schema\/logo\/image\/"}},{"@type":"Person","@id":"https:\/\/garageblogec.com\/#\/schema\/person\/635f4b76c0cb3e43b82fe6f7d8bcceea","name":"gabi1212","image":{"@type":"ImageObject","inLanguage":"es","@id":"https:\/\/secure.gravatar.com\/avatar\/6aa491f45cb359d4d6dd8c430e83f78899c80569c27d21156e19bbdcd31d1811?s=96&d=mm&r=g","url":"https:\/\/secure.gravatar.com\/avatar\/6aa491f45cb359d4d6dd8c430e83f78899c80569c27d21156e19bbdcd31d1811?s=96&d=mm&r=g","contentUrl":"https:\/\/secure.gravatar.com\/avatar\/6aa491f45cb359d4d6dd8c430e83f78899c80569c27d21156e19bbdcd31d1811?s=96&d=mm&r=g","caption":"gabi1212"},"url":"https:\/\/garageblogec.com\/?author=6"}]}},"jetpack_featured_media_url":"","jetpack_sharing_enabled":true,"_links":{"self":[{"href":"https:\/\/garageblogec.com\/index.php?rest_route=\/wp\/v2\/posts\/2620","targetHints":{"allow":["GET"]}}],"collection":[{"href":"https:\/\/garageblogec.com\/index.php?rest_route=\/wp\/v2\/posts"}],"about":[{"href":"https:\/\/garageblogec.com\/index.php?rest_route=\/wp\/v2\/types\/post"}],"author":[{"embeddable":true,"href":"https:\/\/garageblogec.com\/index.php?rest_route=\/wp\/v2\/users\/6"}],"replies":[{"embeddable":true,"href":"https:\/\/garageblogec.com\/index.php?rest_route=%2Fwp%2Fv2%2Fcomments&post=2620"}],"version-history":[{"count":1,"href":"https:\/\/garageblogec.com\/index.php?rest_route=\/wp\/v2\/posts\/2620\/revisions"}],"predecessor-version":[{"id":2621,"href":"https:\/\/garageblogec.com\/index.php?rest_route=\/wp\/v2\/posts\/2620\/revisions\/2621"}],"wp:attachment":[{"href":"https:\/\/garageblogec.com\/index.php?rest_route=%2Fwp%2Fv2%2Fmedia&parent=2620"}],"wp:term":[{"taxonomy":"category","embeddable":true,"href":"https:\/\/garageblogec.com\/index.php?rest_route=%2Fwp%2Fv2%2Fcategories&post=2620"},{"taxonomy":"post_tag","embeddable":true,"href":"https:\/\/garageblogec.com\/index.php?rest_route=%2Fwp%2Fv2%2Ftags&post=2620"}],"curies":[{"name":"wp","href":"https:\/\/api.w.org\/{rel}","templated":true}]}}