{"id":2596,"date":"2025-09-24T16:42:29","date_gmt":"2025-09-24T16:42:29","guid":{"rendered":"https:\/\/garageblogec.com\/?p=2596"},"modified":"2025-09-24T16:42:34","modified_gmt":"2025-09-24T16:42:34","slug":"la-innovacion-protagonizo-automundo-de-la-mano-de-byd","status":"publish","type":"post","link":"https:\/\/garageblogec.com\/?p=2596","title":{"rendered":"La innovaci\u00f3n protagoniz\u00f3 Automundo de la mano de BYD"},"content":{"rendered":"\n<p><strong>.&nbsp; <\/strong>BYD consolida su misi\u00f3n de liderar la transici\u00f3n hacia una movilidad cero emisiones en Ecuador, ampliando su oferta de veh\u00edculos el\u00e9ctricos de \u00faltima generaci\u00f3n con respaldo, financiamiento y cargadores domiciliarios incluidos. En la m\u00e1s reciente edici\u00f3n del Automundo, la marca realiz\u00f3 dos develaciones oficiales que marcaron un hito en el evento: el SUV 100% el\u00e9ctrico <strong>Sealion 7<\/strong> y, como gran novedad, el <strong>BYD Seal<\/strong>, un sed\u00e1n deportivo que hizo su debut en el pa\u00eds durante esta feria.<\/p>\n\n\n\n\n\n<p>Seg\u00fan cifras de la Asociaci\u00f3n de Empresas Automotrices del Ecuador (AEADE) la movilidad sostenible est\u00e1 tomando fuerza en Ecuador, con un notable crecimiento en el n\u00famero de veh\u00edculos el\u00e9ctricos, que ha aumentado un <strong>159,2%<\/strong> en comparaci\u00f3n con el a\u00f1o anterior. Al momento, los autos el\u00e9ctricos e h\u00edbridos representan <strong>el 18% del parque automotor<\/strong> en el pa\u00eds.<\/p>\n\n\n\n<p>En ese sentido y en el marco del Automundo, la marca present\u00f3 el Sealion 7, un SUV 100% el\u00e9ctrico, cautiv\u00f3 al p\u00fablico por su potencia de 522 HP, tracci\u00f3n a las 4 ruedas, aceleraci\u00f3n de 0 a 100 km\/h en apenas 4.5 segundos, autonom\u00eda de hasta 456 km (WLTP), la reconocida Blade Battery y una cabina de lujo equipada con pantalla de 15.6\u201d, entre otras caracter\u00edsticas. Esta propuesta innovadora lleg\u00f3 para complementar su portafolio, reafirmando el compromiso de BYD con la tecnolog\u00eda de punta, seguridad y sostenibilidad en Ecuador.<\/p>\n\n\n\n<figure class=\"wp-block-image size-large\"><a href=\"https:\/\/www.kia.com\/ec\/main.html\"><img fetchpriority=\"high\" decoding=\"async\" width=\"1024\" height=\"285\" src=\"https:\/\/garageblogec.com\/wp-content\/uploads\/2025\/08\/Garage-Blog-banner-1080x300-1-1024x285.jpg\" alt=\"\" class=\"wp-image-2401\" srcset=\"https:\/\/garageblogec.com\/wp-content\/uploads\/2025\/08\/Garage-Blog-banner-1080x300-1-1024x285.jpg 1024w, https:\/\/garageblogec.com\/wp-content\/uploads\/2025\/08\/Garage-Blog-banner-1080x300-1-300x84.jpg 300w, https:\/\/garageblogec.com\/wp-content\/uploads\/2025\/08\/Garage-Blog-banner-1080x300-1-768x214.jpg 768w, https:\/\/garageblogec.com\/wp-content\/uploads\/2025\/08\/Garage-Blog-banner-1080x300-1.jpg 1081w\" sizes=\"(max-width: 1024px) 100vw, 1024px\" \/><\/a><\/figure>\n\n\n\n<p>Por su parte, el BYD Seal fue presentado como la gran estrella del evento. Este sed\u00e1n 100% el\u00e9ctrico con dise\u00f1o aerodin\u00e1mico y enfoque deportivo, cuenta con 523 HP, tracci\u00f3n total (AWD) y una aceleraci\u00f3n de 0 a 100 km\/h en solo 3,8 segundos. Incorpora una bater\u00eda Blade de 82,56 kWh, que permite alcanzar una autonom\u00eda de hasta 520 km, y destaca por su tecnolog\u00eda interior: pantalla central giratoria de 15.6\u201d, sistema de sonido DynAudio de 12 altavoces, asientos el\u00e9ctricos con memoria, techo panor\u00e1mico y m\u00e1s de 30 asistencias inteligentes a la conducci\u00f3n como control crucero adaptativo, visi\u00f3n 360\u00b0 y frenado aut\u00f3nomo de emergencia.<\/p>\n\n\n\n<p>Adem\u00e1s del Sealion 7 y del BYD Seal, la marca exhibi\u00f3 en el Automundo su gama completa de veh\u00edculos el\u00e9ctricos y s\u00faper h\u00edbridos, incluyendo el Seagull, Yuan Pro, Yuan Plus, Song y Shark. Cada uno de estos modelos ofrece un ahorro de hasta el <strong>80% en combustible y alrededor del 30% en mantenimiento frente a los veh\u00edculos convencionales<\/strong>, que se suman a beneficios exclusivos que la marca ofrece.<\/p>\n\n\n\n<p><em>\u201cQuer\u00edamos que cada visitante del stand viviera una aut\u00e9ntica experiencia BYD,&nbsp; aquello que nos ha convertido en <strong>la marca n\u00famero uno a nivel mundial en movilidad sostenible\u201d<\/strong>, <\/em>explic\u00f3 Sim\u00f3n P\u00e9rez,Gerente General de BYD Ecuador.Entre las principales atracciones del evento estuvieron asesores virtuales en pantallas inteligentes para atenci\u00f3n personalizada, realidad aumentada para conocer los modelos a detalle, pruebas de manejo y simuladores para experimentar de primera mano la tecnolog\u00eda BYD. Adem\u00e1s la marca instal\u00f3 zonas de recarga para dispositivos m\u00f3viles en el lugar. <em>\u201cEn Automundo 2025, quienes eligieron BYD eligieron tecnolog\u00eda, vanguardismo y contribuyeron a nuestro prop\u00f3sito de enfriar el planeta en 1\u00b0C\u201d<\/em>, destac\u00f3 el ejecutivo.<\/p>\n\n\n\n<p>Es as\u00ed como BYD reafirma su compromiso con un futuro sostenible y su liderazgo en movilidad el\u00e9ctrica, presentando sus m\u00e1s recientes innovaciones y promoviendo la confianza con sus usuarios a trav\u00e9s de experiencias de conducci\u00f3n \u00fanicas de manejo, que beneficia su econom\u00eda y el medio ambiente.<\/p>\n\n\n<div class='pt-cv-wrapper'> <h3 class='pt-cv-heading-container heading1' data-blockid='rjlrtoer'><span class='pt-cv-heading'> Overlay1 <\/span><\/h3><div class=\"pt-cv-view pt-cv-overlaygrid iscvblock iscvreal overlay1 layout1\" id=\"pt-cv-view-rjlrtoer\"><div data-id=\"pt-cv-page-1\" class=\"pt-cv-page\" data-cvc=\"3\"><div class=\" pt-cv-content-item pt-cv-1-col\" ><div class=\"pt-cv-thumb-wrapper  \"><a href=\"https:\/\/garageblogec.com\/?p=3303\" class=\"_self pt-cv-href-thumbnail pt-cv-thumb-default\" target=\"_self\" ><img decoding=\"async\" width=\"768\" height=\"432\" src=\"https:\/\/garageblogec.com\/wp-content\/uploads\/2026\/04\/WhatsApp-Image-2026-04-21-at-1.52.53-PM-768x432.jpeg\" class=\"pt-cv-thumbnail\" alt=\"\" \/><\/a><\/div>\n<div class=\"pt-cv-overlay-wrapper\"><div class=\"pt-cv-taxoterm above_title\"><a href='https:\/\/garageblogec.com\/?cat=27' title='Industria Nacional' class='pt-cv-tax-industria-nacional'>Industria Nacional<\/a><\/div><h4 class=\"pt-cv-title\"><a href=\"https:\/\/garageblogec.com\/?p=3303\" class=\"_self\" target=\"_self\" >Grupo Ambacar presenta en Guayaquil KGM, su nueva marca de SUV h\u00edbridos con respaldo global<\/a><\/h4><div class=\"pt-cv-meta-fields\"><span class=\"entry-date\"> <time datetime=\"2026-04-21T21:37:24+00:00\">abril 21, 2026<\/time><\/span><span> \/ <\/span><span class=\"author\"> <a href=\"https:\/\/garageblogec.com\/?author=6\" rel=\"author\">gabi1212<\/a><\/span><\/div><\/div><\/div>\n<div class=\" pt-cv-content-item pt-cv-1-col\" ><div class=\"pt-cv-thumb-wrapper  \"><a href=\"https:\/\/garageblogec.com\/?p=3296\" class=\"_self pt-cv-href-thumbnail pt-cv-thumb-default\" target=\"_self\" ><img decoding=\"async\" width=\"768\" height=\"432\" src=\"https:\/\/garageblogec.com\/wp-content\/uploads\/2026\/04\/WhatsApp-Image-2026-04-14-at-3.15.09-PM-768x432.jpeg\" class=\"pt-cv-thumbnail\" alt=\"\" \/><\/a><\/div>\n<div class=\"pt-cv-overlay-wrapper\"><div class=\"pt-cv-taxoterm above_title\"><a href='https:\/\/garageblogec.com\/?cat=27' title='Industria Nacional' class='pt-cv-tax-industria-nacional'>Industria Nacional<\/a><\/div><h4 class=\"pt-cv-title\"><a href=\"https:\/\/garageblogec.com\/?p=3296\" class=\"_self\" target=\"_self\" >El tablero desapareci\u00f3, ahora el auto es una pantalla inteligente<\/a><\/h4><div class=\"pt-cv-meta-fields\"><span class=\"entry-date\"> <time datetime=\"2026-04-14T20:21:20+00:00\">abril 14, 2026<\/time><\/span><span> \/ <\/span><span class=\"author\"> <a href=\"https:\/\/garageblogec.com\/?author=6\" rel=\"author\">gabi1212<\/a><\/span><\/div><\/div><\/div>\n<div class=\" pt-cv-content-item pt-cv-1-col\" ><div class=\"pt-cv-thumb-wrapper  \"><a href=\"https:\/\/garageblogec.com\/?p=3291\" class=\"_self pt-cv-href-thumbnail pt-cv-thumb-default\" target=\"_self\" ><img loading=\"lazy\" decoding=\"async\" width=\"768\" height=\"432\" src=\"https:\/\/garageblogec.com\/wp-content\/uploads\/2026\/04\/WhatsApp-Image-2026-04-14-at-2.21.27-PM-768x432.jpeg\" class=\"pt-cv-thumbnail\" alt=\"\" \/><\/a><\/div>\n<div class=\"pt-cv-overlay-wrapper\"><div class=\"pt-cv-taxoterm above_title\"><a href='https:\/\/garageblogec.com\/?cat=27' title='Industria Nacional' class='pt-cv-tax-industria-nacional'>Industria Nacional<\/a><\/div><h4 class=\"pt-cv-title\"><a href=\"https:\/\/garageblogec.com\/?p=3291\" class=\"_self\" target=\"_self\" >Seguridad al volante en Ecuador: los errores m\u00e1s comunes que cometen los conductores<\/a><\/h4><div class=\"pt-cv-meta-fields\"><span class=\"entry-date\"> <time datetime=\"2026-04-14T20:08:54+00:00\">abril 14, 2026<\/time><\/span><span> \/ <\/span><span class=\"author\"> <a href=\"https:\/\/garageblogec.com\/?author=6\" rel=\"author\">gabi1212<\/a><\/span><\/div><\/div><\/div>\n<div class=\" pt-cv-content-item pt-cv-1-col\" ><div class=\"pt-cv-thumb-wrapper  \"><a href=\"https:\/\/garageblogec.com\/?p=3286\" class=\"_self pt-cv-href-thumbnail pt-cv-thumb-default\" target=\"_self\" ><img loading=\"lazy\" decoding=\"async\" width=\"768\" height=\"492\" src=\"https:\/\/garageblogec.com\/wp-content\/uploads\/2026\/04\/Posventa.jpg-768x492.jpeg\" class=\"pt-cv-thumbnail\" alt=\"\" \/><\/a><\/div>\n<div class=\"pt-cv-overlay-wrapper\"><div class=\"pt-cv-taxoterm above_title\"><a href='https:\/\/garageblogec.com\/?cat=27' title='Industria Nacional' class='pt-cv-tax-industria-nacional'>Industria Nacional<\/a><\/div><h4 class=\"pt-cv-title\"><a href=\"https:\/\/garageblogec.com\/?p=3286\" class=\"_self\" target=\"_self\" >Clientes Nissan reciben cambios de aceite infinitos<\/a><\/h4><div class=\"pt-cv-meta-fields\"><span class=\"entry-date\"> <time datetime=\"2026-04-14T20:04:08+00:00\">abril 14, 2026<\/time><\/span><span> \/ <\/span><span class=\"author\"> <a href=\"https:\/\/garageblogec.com\/?author=6\" rel=\"author\">gabi1212<\/a><\/span><\/div><\/div><\/div>\n<div class=\" pt-cv-content-item pt-cv-1-col\" ><div class=\"pt-cv-thumb-wrapper  \"><a href=\"https:\/\/garageblogec.com\/?p=3280\" class=\"_self pt-cv-href-thumbnail pt-cv-thumb-default\" target=\"_self\" ><img loading=\"lazy\" decoding=\"async\" width=\"768\" height=\"512\" src=\"https:\/\/garageblogec.com\/wp-content\/uploads\/2026\/04\/foto1-768x512.jpeg\" class=\"pt-cv-thumbnail\" alt=\"\" \/><\/a><\/div>\n<div class=\"pt-cv-overlay-wrapper\"><div class=\"pt-cv-taxoterm above_title\"><a href='https:\/\/garageblogec.com\/?cat=27' title='Industria Nacional' class='pt-cv-tax-industria-nacional'>Industria Nacional<\/a><\/div><h4 class=\"pt-cv-title\"><a href=\"https:\/\/garageblogec.com\/?p=3280\" class=\"_self\" target=\"_self\" >Movilidad como inversi\u00f3n: el uso de utilidades que crece en Ecuador<\/a><\/h4><div class=\"pt-cv-meta-fields\"><span class=\"entry-date\"> <time datetime=\"2026-04-07T19:55:36+00:00\">abril 7, 2026<\/time><\/span><span> \/ <\/span><span class=\"author\"> <a href=\"https:\/\/garageblogec.com\/?author=6\" rel=\"author\">gabi1212<\/a><\/span><\/div><\/div><\/div>\n<div class=\" pt-cv-content-item pt-cv-1-col\" ><div class=\"pt-cv-thumb-wrapper  \"><a href=\"https:\/\/garageblogec.com\/?p=3276\" class=\"_self pt-cv-href-thumbnail pt-cv-thumb-default\" target=\"_self\" ><img loading=\"lazy\" decoding=\"async\" width=\"745\" height=\"491\" src=\"https:\/\/garageblogec.com\/wp-content\/uploads\/2026\/04\/TT.png\" class=\"pt-cv-thumbnail\" alt=\"\" \/><\/a><\/div>\n<div class=\"pt-cv-overlay-wrapper\"><div class=\"pt-cv-taxoterm above_title\"><a href='https:\/\/garageblogec.com\/?cat=27' title='Industria Nacional' class='pt-cv-tax-industria-nacional'>Industria Nacional<\/a><\/div><h4 class=\"pt-cv-title\"><a href=\"https:\/\/garageblogec.com\/?p=3276\" class=\"_self\" target=\"_self\" >Lluvias en Ecuador: C\u00f3mo reducir riesgos en carretera y prevenir accidentes en calzada mojada<\/a><\/h4><div class=\"pt-cv-meta-fields\"><span class=\"entry-date\"> <time datetime=\"2026-04-07T19:46:52+00:00\">abril 7, 2026<\/time><\/span><span> \/ <\/span><span class=\"author\"> <a href=\"https:\/\/garageblogec.com\/?author=6\" rel=\"author\">gabi1212<\/a><\/span><\/div><\/div><\/div><\/div><\/div> <\/div> <style>\n#pt-cv-view-rjlrtoer .pt-cv-thumb-wrapper::before {background: rgba(0,0,0,.4); opacity: 0.8;}#pt-cv-view-rjlrtoer .pt-cv-overlay-wrapper {justify-content: center;}\n#pt-cv-view-rjlrtoer .pt-cv-meta-fields {  }#pt-cv-view-rjlrtoer .pt-cv-meta-fields * { font-size: 13px; }#pt-cv-view-rjlrtoer .pt-cv-title a { display: block; }#pt-cv-view-rjlrtoer .pt-cv-title:not(.pt-cv-titlesm) a { font-weight: 600;text-decoration: none;font-size: 20px; }#pt-cv-view-rjlrtoer .pt-cv-titlesm a { font-weight: 600;font-size: 18px; }#pt-cv-view-rjlrtoer .pt-cv-content { font-size: 15px; }#pt-cv-view-rjlrtoer .pt-cv-rmwrap {  }#pt-cv-view-rjlrtoer .pt-cv-readmore { color: #fff;background-color: #0075ff;font-size: 14px; }#pt-cv-view-rjlrtoer .pt-cv-taxoterm { margin: 0px 0px 20px 0px; }#pt-cv-view-rjlrtoer .pt-cv-taxoterm * { color: #222;background-color: #fff6f6;font-size: 14px; }#pt-cv-view-rjlrtoer + .pt-cv-pagination-wrapper {  }#pt-cv-view-rjlrtoer + .pt-cv-pagination-wrapper a { font-size: 14px; }#pt-cv-view-rjlrtoer > .pt-cv-page {grid-template-columns: repeat(3, 1fr);grid-auto-rows: 250px;grid-gap: 10px;}\n@media all and (max-width: 1024px) { \n#pt-cv-view-rjlrtoer > .pt-cv-page {}\n} \n@media all and (max-width: 767px) { \n#pt-cv-view-rjlrtoer > .pt-cv-page {grid-template-columns: repeat(1, 1fr);}\n} <\/style>","protected":false},"excerpt":{"rendered":"<p>.&nbsp; BYD consolida su misi\u00f3n de liderar la transici\u00f3n hacia una movilidad cero emisiones en Ecuador, ampliando su oferta de veh\u00edculos el\u00e9ctricos de \u00faltima generaci\u00f3n con respaldo, financiamiento y cargadores domiciliarios incluidos. En la m\u00e1s reciente edici\u00f3n del Automundo, la marca realiz\u00f3 dos develaciones oficiales que marcaron un hito en el evento: el SUV 100% [&hellip;]<\/p>\n","protected":false},"author":6,"featured_media":2597,"comment_status":"open","ping_status":"open","sticky":false,"template":"","format":"standard","meta":{"_jetpack_memberships_contains_paid_content":false,"footnotes":""},"categories":[27],"tags":[],"class_list":["post-2596","post","type-post","status-publish","format-standard","has-post-thumbnail","hentry","category-industria-nacional"],"yoast_head":"<!-- This site is optimized with the Yoast SEO plugin v27.5 - https:\/\/yoast.com\/product\/yoast-seo-wordpress\/ -->\n<title>La innovaci\u00f3n protagoniz\u00f3 Automundo de la mano de BYD - Garage Blog Ecuador<\/title>\n<meta name=\"robots\" content=\"index, follow, max-snippet:-1, max-image-preview:large, max-video-preview:-1\" \/>\n<link rel=\"canonical\" href=\"https:\/\/garageblogec.com\/?p=2596\" \/>\n<meta property=\"og:locale\" content=\"es_ES\" \/>\n<meta property=\"og:type\" content=\"article\" \/>\n<meta property=\"og:title\" content=\"La innovaci\u00f3n protagoniz\u00f3 Automundo de la mano de BYD - Garage Blog Ecuador\" \/>\n<meta property=\"og:description\" content=\".&nbsp; BYD consolida su misi\u00f3n de liderar la transici\u00f3n hacia una movilidad cero emisiones en Ecuador, ampliando su oferta de veh\u00edculos el\u00e9ctricos de \u00faltima generaci\u00f3n con respaldo, financiamiento y cargadores domiciliarios incluidos. En la m\u00e1s reciente edici\u00f3n del Automundo, la marca realiz\u00f3 dos develaciones oficiales que marcaron un hito en el evento: el SUV 100% [&hellip;]\" \/>\n<meta property=\"og:url\" content=\"https:\/\/garageblogec.com\/?p=2596\" \/>\n<meta property=\"og:site_name\" content=\"Garage Blog Ecuador\" \/>\n<meta property=\"article:published_time\" content=\"2025-09-24T16:42:29+00:00\" \/>\n<meta property=\"article:modified_time\" content=\"2025-09-24T16:42:34+00:00\" \/>\n<meta property=\"og:image\" content=\"https:\/\/garageblogec.com\/wp-content\/uploads\/2025\/09\/250922_Automundo_BYD-scaled.jpg\" \/>\n\t<meta property=\"og:image:width\" content=\"2560\" \/>\n\t<meta property=\"og:image:height\" content=\"1707\" \/>\n\t<meta property=\"og:image:type\" content=\"image\/jpeg\" \/>\n<meta name=\"author\" content=\"gabi1212\" \/>\n<meta name=\"twitter:card\" content=\"summary_large_image\" \/>\n<meta name=\"twitter:label1\" content=\"Escrito por\" \/>\n\t<meta name=\"twitter:data1\" content=\"gabi1212\" \/>\n\t<meta name=\"twitter:label2\" content=\"Tiempo de lectura\" \/>\n\t<meta name=\"twitter:data2\" content=\"4 minutos\" \/>\n<script type=\"application\/ld+json\" class=\"yoast-schema-graph\">{\"@context\":\"https:\\\/\\\/schema.org\",\"@graph\":[{\"@type\":\"Article\",\"@id\":\"https:\\\/\\\/garageblogec.com\\\/?p=2596#article\",\"isPartOf\":{\"@id\":\"https:\\\/\\\/garageblogec.com\\\/?p=2596\"},\"author\":{\"name\":\"gabi1212\",\"@id\":\"https:\\\/\\\/garageblogec.com\\\/#\\\/schema\\\/person\\\/635f4b76c0cb3e43b82fe6f7d8bcceea\"},\"headline\":\"La innovaci\u00f3n protagoniz\u00f3 Automundo de la mano de BYD\",\"datePublished\":\"2025-09-24T16:42:29+00:00\",\"dateModified\":\"2025-09-24T16:42:34+00:00\",\"mainEntityOfPage\":{\"@id\":\"https:\\\/\\\/garageblogec.com\\\/?p=2596\"},\"wordCount\":596,\"commentCount\":0,\"publisher\":{\"@id\":\"https:\\\/\\\/garageblogec.com\\\/#organization\"},\"image\":{\"@id\":\"https:\\\/\\\/garageblogec.com\\\/?p=2596#primaryimage\"},\"thumbnailUrl\":\"https:\\\/\\\/garageblogec.com\\\/wp-content\\\/uploads\\\/2025\\\/09\\\/250922_Automundo_BYD-scaled.jpg\",\"articleSection\":[\"Industria Nacional\"],\"inLanguage\":\"es\",\"potentialAction\":[{\"@type\":\"CommentAction\",\"name\":\"Comment\",\"target\":[\"https:\\\/\\\/garageblogec.com\\\/?p=2596#respond\"]}]},{\"@type\":\"WebPage\",\"@id\":\"https:\\\/\\\/garageblogec.com\\\/?p=2596\",\"url\":\"https:\\\/\\\/garageblogec.com\\\/?p=2596\",\"name\":\"La innovaci\u00f3n protagoniz\u00f3 Automundo de la mano de BYD - Garage Blog Ecuador\",\"isPartOf\":{\"@id\":\"https:\\\/\\\/garageblogec.com\\\/#website\"},\"primaryImageOfPage\":{\"@id\":\"https:\\\/\\\/garageblogec.com\\\/?p=2596#primaryimage\"},\"image\":{\"@id\":\"https:\\\/\\\/garageblogec.com\\\/?p=2596#primaryimage\"},\"thumbnailUrl\":\"https:\\\/\\\/garageblogec.com\\\/wp-content\\\/uploads\\\/2025\\\/09\\\/250922_Automundo_BYD-scaled.jpg\",\"datePublished\":\"2025-09-24T16:42:29+00:00\",\"dateModified\":\"2025-09-24T16:42:34+00:00\",\"breadcrumb\":{\"@id\":\"https:\\\/\\\/garageblogec.com\\\/?p=2596#breadcrumb\"},\"inLanguage\":\"es\",\"potentialAction\":[{\"@type\":\"ReadAction\",\"target\":[\"https:\\\/\\\/garageblogec.com\\\/?p=2596\"]}]},{\"@type\":\"ImageObject\",\"inLanguage\":\"es\",\"@id\":\"https:\\\/\\\/garageblogec.com\\\/?p=2596#primaryimage\",\"url\":\"https:\\\/\\\/garageblogec.com\\\/wp-content\\\/uploads\\\/2025\\\/09\\\/250922_Automundo_BYD-scaled.jpg\",\"contentUrl\":\"https:\\\/\\\/garageblogec.com\\\/wp-content\\\/uploads\\\/2025\\\/09\\\/250922_Automundo_BYD-scaled.jpg\",\"width\":2560,\"height\":1707},{\"@type\":\"BreadcrumbList\",\"@id\":\"https:\\\/\\\/garageblogec.com\\\/?p=2596#breadcrumb\",\"itemListElement\":[{\"@type\":\"ListItem\",\"position\":1,\"name\":\"Portada\",\"item\":\"https:\\\/\\\/garageblogec.com\\\/\"},{\"@type\":\"ListItem\",\"position\":2,\"name\":\"La innovaci\u00f3n protagoniz\u00f3 Automundo de la mano de BYD\"}]},{\"@type\":\"WebSite\",\"@id\":\"https:\\\/\\\/garageblogec.com\\\/#website\",\"url\":\"https:\\\/\\\/garageblogec.com\\\/\",\"name\":\"Garage Blog Ecuador\",\"description\":\"Alucinamos por los autos \",\"publisher\":{\"@id\":\"https:\\\/\\\/garageblogec.com\\\/#organization\"},\"potentialAction\":[{\"@type\":\"SearchAction\",\"target\":{\"@type\":\"EntryPoint\",\"urlTemplate\":\"https:\\\/\\\/garageblogec.com\\\/?s={search_term_string}\"},\"query-input\":{\"@type\":\"PropertyValueSpecification\",\"valueRequired\":true,\"valueName\":\"search_term_string\"}}],\"inLanguage\":\"es\"},{\"@type\":\"Organization\",\"@id\":\"https:\\\/\\\/garageblogec.com\\\/#organization\",\"name\":\"Garage Blog Ecuador\",\"url\":\"https:\\\/\\\/garageblogec.com\\\/\",\"logo\":{\"@type\":\"ImageObject\",\"inLanguage\":\"es\",\"@id\":\"https:\\\/\\\/garageblogec.com\\\/#\\\/schema\\\/logo\\\/image\\\/\",\"url\":\"https:\\\/\\\/garageblogec.com\\\/wp-content\\\/uploads\\\/2024\\\/02\\\/cropped-logo-png-para-blog.webp\",\"contentUrl\":\"https:\\\/\\\/garageblogec.com\\\/wp-content\\\/uploads\\\/2024\\\/02\\\/cropped-logo-png-para-blog.webp\",\"width\":840,\"height\":556,\"caption\":\"Garage Blog Ecuador \"},\"image\":{\"@id\":\"https:\\\/\\\/garageblogec.com\\\/#\\\/schema\\\/logo\\\/image\\\/\"}},{\"@type\":\"Person\",\"@id\":\"https:\\\/\\\/garageblogec.com\\\/#\\\/schema\\\/person\\\/635f4b76c0cb3e43b82fe6f7d8bcceea\",\"name\":\"gabi1212\",\"image\":{\"@type\":\"ImageObject\",\"inLanguage\":\"es\",\"@id\":\"https:\\\/\\\/secure.gravatar.com\\\/avatar\\\/6aa491f45cb359d4d6dd8c430e83f78899c80569c27d21156e19bbdcd31d1811?s=96&d=mm&r=g\",\"url\":\"https:\\\/\\\/secure.gravatar.com\\\/avatar\\\/6aa491f45cb359d4d6dd8c430e83f78899c80569c27d21156e19bbdcd31d1811?s=96&d=mm&r=g\",\"contentUrl\":\"https:\\\/\\\/secure.gravatar.com\\\/avatar\\\/6aa491f45cb359d4d6dd8c430e83f78899c80569c27d21156e19bbdcd31d1811?s=96&d=mm&r=g\",\"caption\":\"gabi1212\"},\"url\":\"https:\\\/\\\/garageblogec.com\\\/?author=6\"}]}<\/script>\n<!-- \/ Yoast SEO plugin. -->","yoast_head_json":{"title":"La innovaci\u00f3n protagoniz\u00f3 Automundo de la mano de BYD - Garage Blog Ecuador","robots":{"index":"index","follow":"follow","max-snippet":"max-snippet:-1","max-image-preview":"max-image-preview:large","max-video-preview":"max-video-preview:-1"},"canonical":"https:\/\/garageblogec.com\/?p=2596","og_locale":"es_ES","og_type":"article","og_title":"La innovaci\u00f3n protagoniz\u00f3 Automundo de la mano de BYD - Garage Blog Ecuador","og_description":".&nbsp; BYD consolida su misi\u00f3n de liderar la transici\u00f3n hacia una movilidad cero emisiones en Ecuador, ampliando su oferta de veh\u00edculos el\u00e9ctricos de \u00faltima generaci\u00f3n con respaldo, financiamiento y cargadores domiciliarios incluidos. En la m\u00e1s reciente edici\u00f3n del Automundo, la marca realiz\u00f3 dos develaciones oficiales que marcaron un hito en el evento: el SUV 100% [&hellip;]","og_url":"https:\/\/garageblogec.com\/?p=2596","og_site_name":"Garage Blog Ecuador","article_published_time":"2025-09-24T16:42:29+00:00","article_modified_time":"2025-09-24T16:42:34+00:00","og_image":[{"width":2560,"height":1707,"url":"https:\/\/garageblogec.com\/wp-content\/uploads\/2025\/09\/250922_Automundo_BYD-scaled.jpg","type":"image\/jpeg"}],"author":"gabi1212","twitter_card":"summary_large_image","twitter_misc":{"Escrito por":"gabi1212","Tiempo de lectura":"4 minutos"},"schema":{"@context":"https:\/\/schema.org","@graph":[{"@type":"Article","@id":"https:\/\/garageblogec.com\/?p=2596#article","isPartOf":{"@id":"https:\/\/garageblogec.com\/?p=2596"},"author":{"name":"gabi1212","@id":"https:\/\/garageblogec.com\/#\/schema\/person\/635f4b76c0cb3e43b82fe6f7d8bcceea"},"headline":"La innovaci\u00f3n protagoniz\u00f3 Automundo de la mano de BYD","datePublished":"2025-09-24T16:42:29+00:00","dateModified":"2025-09-24T16:42:34+00:00","mainEntityOfPage":{"@id":"https:\/\/garageblogec.com\/?p=2596"},"wordCount":596,"commentCount":0,"publisher":{"@id":"https:\/\/garageblogec.com\/#organization"},"image":{"@id":"https:\/\/garageblogec.com\/?p=2596#primaryimage"},"thumbnailUrl":"https:\/\/garageblogec.com\/wp-content\/uploads\/2025\/09\/250922_Automundo_BYD-scaled.jpg","articleSection":["Industria Nacional"],"inLanguage":"es","potentialAction":[{"@type":"CommentAction","name":"Comment","target":["https:\/\/garageblogec.com\/?p=2596#respond"]}]},{"@type":"WebPage","@id":"https:\/\/garageblogec.com\/?p=2596","url":"https:\/\/garageblogec.com\/?p=2596","name":"La innovaci\u00f3n protagoniz\u00f3 Automundo de la mano de BYD - Garage Blog Ecuador","isPartOf":{"@id":"https:\/\/garageblogec.com\/#website"},"primaryImageOfPage":{"@id":"https:\/\/garageblogec.com\/?p=2596#primaryimage"},"image":{"@id":"https:\/\/garageblogec.com\/?p=2596#primaryimage"},"thumbnailUrl":"https:\/\/garageblogec.com\/wp-content\/uploads\/2025\/09\/250922_Automundo_BYD-scaled.jpg","datePublished":"2025-09-24T16:42:29+00:00","dateModified":"2025-09-24T16:42:34+00:00","breadcrumb":{"@id":"https:\/\/garageblogec.com\/?p=2596#breadcrumb"},"inLanguage":"es","potentialAction":[{"@type":"ReadAction","target":["https:\/\/garageblogec.com\/?p=2596"]}]},{"@type":"ImageObject","inLanguage":"es","@id":"https:\/\/garageblogec.com\/?p=2596#primaryimage","url":"https:\/\/garageblogec.com\/wp-content\/uploads\/2025\/09\/250922_Automundo_BYD-scaled.jpg","contentUrl":"https:\/\/garageblogec.com\/wp-content\/uploads\/2025\/09\/250922_Automundo_BYD-scaled.jpg","width":2560,"height":1707},{"@type":"BreadcrumbList","@id":"https:\/\/garageblogec.com\/?p=2596#breadcrumb","itemListElement":[{"@type":"ListItem","position":1,"name":"Portada","item":"https:\/\/garageblogec.com\/"},{"@type":"ListItem","position":2,"name":"La innovaci\u00f3n protagoniz\u00f3 Automundo de la mano de BYD"}]},{"@type":"WebSite","@id":"https:\/\/garageblogec.com\/#website","url":"https:\/\/garageblogec.com\/","name":"Garage Blog Ecuador","description":"Alucinamos por los autos ","publisher":{"@id":"https:\/\/garageblogec.com\/#organization"},"potentialAction":[{"@type":"SearchAction","target":{"@type":"EntryPoint","urlTemplate":"https:\/\/garageblogec.com\/?s={search_term_string}"},"query-input":{"@type":"PropertyValueSpecification","valueRequired":true,"valueName":"search_term_string"}}],"inLanguage":"es"},{"@type":"Organization","@id":"https:\/\/garageblogec.com\/#organization","name":"Garage Blog Ecuador","url":"https:\/\/garageblogec.com\/","logo":{"@type":"ImageObject","inLanguage":"es","@id":"https:\/\/garageblogec.com\/#\/schema\/logo\/image\/","url":"https:\/\/garageblogec.com\/wp-content\/uploads\/2024\/02\/cropped-logo-png-para-blog.webp","contentUrl":"https:\/\/garageblogec.com\/wp-content\/uploads\/2024\/02\/cropped-logo-png-para-blog.webp","width":840,"height":556,"caption":"Garage Blog Ecuador "},"image":{"@id":"https:\/\/garageblogec.com\/#\/schema\/logo\/image\/"}},{"@type":"Person","@id":"https:\/\/garageblogec.com\/#\/schema\/person\/635f4b76c0cb3e43b82fe6f7d8bcceea","name":"gabi1212","image":{"@type":"ImageObject","inLanguage":"es","@id":"https:\/\/secure.gravatar.com\/avatar\/6aa491f45cb359d4d6dd8c430e83f78899c80569c27d21156e19bbdcd31d1811?s=96&d=mm&r=g","url":"https:\/\/secure.gravatar.com\/avatar\/6aa491f45cb359d4d6dd8c430e83f78899c80569c27d21156e19bbdcd31d1811?s=96&d=mm&r=g","contentUrl":"https:\/\/secure.gravatar.com\/avatar\/6aa491f45cb359d4d6dd8c430e83f78899c80569c27d21156e19bbdcd31d1811?s=96&d=mm&r=g","caption":"gabi1212"},"url":"https:\/\/garageblogec.com\/?author=6"}]}},"jetpack_featured_media_url":"https:\/\/garageblogec.com\/wp-content\/uploads\/2025\/09\/250922_Automundo_BYD-scaled.jpg","jetpack_sharing_enabled":true,"_links":{"self":[{"href":"https:\/\/garageblogec.com\/index.php?rest_route=\/wp\/v2\/posts\/2596","targetHints":{"allow":["GET"]}}],"collection":[{"href":"https:\/\/garageblogec.com\/index.php?rest_route=\/wp\/v2\/posts"}],"about":[{"href":"https:\/\/garageblogec.com\/index.php?rest_route=\/wp\/v2\/types\/post"}],"author":[{"embeddable":true,"href":"https:\/\/garageblogec.com\/index.php?rest_route=\/wp\/v2\/users\/6"}],"replies":[{"embeddable":true,"href":"https:\/\/garageblogec.com\/index.php?rest_route=%2Fwp%2Fv2%2Fcomments&post=2596"}],"version-history":[{"count":1,"href":"https:\/\/garageblogec.com\/index.php?rest_route=\/wp\/v2\/posts\/2596\/revisions"}],"predecessor-version":[{"id":2598,"href":"https:\/\/garageblogec.com\/index.php?rest_route=\/wp\/v2\/posts\/2596\/revisions\/2598"}],"wp:featuredmedia":[{"embeddable":true,"href":"https:\/\/garageblogec.com\/index.php?rest_route=\/wp\/v2\/media\/2597"}],"wp:attachment":[{"href":"https:\/\/garageblogec.com\/index.php?rest_route=%2Fwp%2Fv2%2Fmedia&parent=2596"}],"wp:term":[{"taxonomy":"category","embeddable":true,"href":"https:\/\/garageblogec.com\/index.php?rest_route=%2Fwp%2Fv2%2Fcategories&post=2596"},{"taxonomy":"post_tag","embeddable":true,"href":"https:\/\/garageblogec.com\/index.php?rest_route=%2Fwp%2Fv2%2Ftags&post=2596"}],"curies":[{"name":"wp","href":"https:\/\/api.w.org\/{rel}","templated":true}]}}