{"id":2580,"date":"2025-09-19T22:39:30","date_gmt":"2025-09-19T22:39:30","guid":{"rendered":"https:\/\/garageblogec.com\/?p=2580"},"modified":"2025-09-19T22:39:35","modified_gmt":"2025-09-19T22:39:35","slug":"isuzu-inicia-operaciones-en-ecuador-con-una-apuesta-por-la-innovacion-la-robustez-y-el-desarrollo-del-sector-automotriz","status":"publish","type":"post","link":"https:\/\/garageblogec.com\/?p=2580","title":{"rendered":"Isuzu inicia operaciones en Ecuador con una apuesta por la innovaci\u00f3n, la robustez y el desarrollo del sector automotriz"},"content":{"rendered":"\n<p>Con una velada cargada de innovaci\u00f3n, historia y emotividad, Isuzu hizo su ingreso oficial al mercado ecuatoriano, respaldada por Impoventura, empresa con m\u00e1s de 66 a\u00f1os de experiencia liderando la movilidad en el pa\u00eds.&nbsp; El evento, realizado en Villa Pietra, reuni\u00f3 a clientes, aliados estrat\u00e9gicos y representantes de la industria automotriz para celebrar la llegada de una de las marcas japonesas m\u00e1s reconocidas del mundo, con m\u00e1s de 100 a\u00f1os de trayectoria.&nbsp;<\/p>\n\n\n\n<figure class=\"wp-block-image size-large\"><img fetchpriority=\"high\" decoding=\"async\" width=\"1024\" height=\"684\" src=\"https:\/\/garageblogec.com\/wp-content\/uploads\/2025\/09\/WhatsApp-Image-2025-09-19-at-5.22.06-PM-1024x684.jpeg\" alt=\"\" class=\"wp-image-2581\" srcset=\"https:\/\/garageblogec.com\/wp-content\/uploads\/2025\/09\/WhatsApp-Image-2025-09-19-at-5.22.06-PM-1024x684.jpeg 1024w, https:\/\/garageblogec.com\/wp-content\/uploads\/2025\/09\/WhatsApp-Image-2025-09-19-at-5.22.06-PM-300x200.jpeg 300w, https:\/\/garageblogec.com\/wp-content\/uploads\/2025\/09\/WhatsApp-Image-2025-09-19-at-5.22.06-PM-768x513.jpeg 768w, https:\/\/garageblogec.com\/wp-content\/uploads\/2025\/09\/WhatsApp-Image-2025-09-19-at-5.22.06-PM.jpeg 1280w\" sizes=\"(max-width: 1024px) 100vw, 1024px\" \/><\/figure>\n\n\n\n<p><strong>Apuesta por el Ecuador<\/strong><strong>&nbsp;<\/strong><\/p>\n\n\n\n<p>Durante el evento se resalt\u00f3 la inversi\u00f3n de m\u00e1s de 10 millones de d\u00f3lares, la creaci\u00f3n de m\u00e1s de 100 empleos directos y el compromiso de Isuzu por ofrecer un ecosistema de movilidad integral, que incluye:&nbsp;<\/p>\n\n\n\n<ul class=\"wp-block-list\">\n<li>Posventa de primer nivel.\u00a0<\/li>\n\n\n\n<li>Con garant\u00eda de 7 a\u00f1os \/150.000 KM<\/li>\n\n\n\n<li>Disponibilidad de repuestos originales con est\u00e1ndares de seguridad mundial y m\u00e1s de 1000 n\u00fameros de partes.<\/li>\n\n\n\n<li>Una red que cubrir\u00e1, a diciembre de 2025, el 90 % del territorio nacional con m\u00e1s de 10 puntos de venta.<\/li>\n<\/ul>\n\n\n\n<figure class=\"wp-block-image size-large\"><a href=\"https:\/\/www.kia.com\/ec\/main.html\"><img decoding=\"async\" width=\"1024\" height=\"285\" src=\"https:\/\/garageblogec.com\/wp-content\/uploads\/2025\/08\/Garage-Blog-banner-1080x300-1-1024x285.jpg\" alt=\"\" class=\"wp-image-2401\" srcset=\"https:\/\/garageblogec.com\/wp-content\/uploads\/2025\/08\/Garage-Blog-banner-1080x300-1-1024x285.jpg 1024w, https:\/\/garageblogec.com\/wp-content\/uploads\/2025\/08\/Garage-Blog-banner-1080x300-1-300x84.jpg 300w, https:\/\/garageblogec.com\/wp-content\/uploads\/2025\/08\/Garage-Blog-banner-1080x300-1-768x214.jpg 768w, https:\/\/garageblogec.com\/wp-content\/uploads\/2025\/08\/Garage-Blog-banner-1080x300-1.jpg 1081w\" sizes=\"(max-width: 1024px) 100vw, 1024px\" \/><\/a><\/figure>\n\n\n\n<p><strong>Una celebraci\u00f3n a la altura<\/strong><strong>&nbsp;<\/strong><\/p>\n\n\n\n<p>La velada cont\u00f3 con un espect\u00e1culo de luces y un show musical que acompa\u00f1aron la presentaci\u00f3n del portafolio de Isuzu en Ecuador, representado por sus 6 versiones de la nueva Isuzu Pickup Truck 3.0 Turbo Di\u00e9sel, dise\u00f1ada para resistir los retos del pa\u00eds y responder a las necesidades de los ecuatorianos. &nbsp;<\/p>\n\n\n\n<p><strong>Una noche de innovaci\u00f3n y legado<\/strong><strong>&nbsp;<\/strong><\/p>\n\n\n\n<p>La velada estuvo marcada por momentos memorables. La presencia del representante de la Embajada de Jap\u00f3n y de ejecutivos internacionales de Isuzu reafirm\u00f3 la magnitud de este acontecimiento para el pa\u00eds. Entre los aplausos y la emoci\u00f3n de los invitados, se rindi\u00f3 un sentido homenaje a Patricio Sevilla, visionario y pionero de la industria automotriz en el Ecuador, cuyo legado ha sido la base para que hoy se escriba este nuevo cap\u00edtulo.&nbsp;<\/p>\n\n\n\n<figure class=\"wp-block-image size-large\"><a href=\"https:\/\/aeade.net\/automundo-2025\/\"><img decoding=\"async\" width=\"1024\" height=\"284\" src=\"https:\/\/garageblogec.com\/wp-content\/uploads\/2025\/09\/KV-WEB-1080X300-SIN-DINERS-1024x284.png\" alt=\"\" class=\"wp-image-2488\" srcset=\"https:\/\/garageblogec.com\/wp-content\/uploads\/2025\/09\/KV-WEB-1080X300-SIN-DINERS-1024x284.png 1024w, https:\/\/garageblogec.com\/wp-content\/uploads\/2025\/09\/KV-WEB-1080X300-SIN-DINERS-300x83.png 300w, https:\/\/garageblogec.com\/wp-content\/uploads\/2025\/09\/KV-WEB-1080X300-SIN-DINERS-768x213.png 768w, https:\/\/garageblogec.com\/wp-content\/uploads\/2025\/09\/KV-WEB-1080X300-SIN-DINERS.png 1080w\" sizes=\"(max-width: 1024px) 100vw, 1024px\" \/><\/a><\/figure>\n\n\n\n<p>\u201cHoy no celebramos solo la llegada de una marca, sino el inicio de una nueva etapa para la movilidad en Ecuador. Isuzu no llega a improvisar: llega a quedarse, a crecer con el pa\u00eds y a transformar el futuro de nuestras carreteras\u201d, se\u00f1al\u00f3 Jos\u00e9 Luis Sevilla durante su intervenci\u00f3n.&nbsp;<\/p>\n\n\n\n<p>&nbsp;La jornada concluy\u00f3 con la develaci\u00f3n oficial del modelo en un momento emocionante que reafirm\u00f3 el compromiso de la marca con Ecuador. Desde octubre, los interesados podr\u00e1n solicitar test drives y conocer m\u00e1s de cerca una camioneta construida para durar, pensada para trabajo, aventura o ciudad.&nbsp;<\/p>\n\n\n<div class='pt-cv-wrapper'> <h3 class='pt-cv-heading-container heading1' data-blockid='vv8zrb1j'><span class='pt-cv-heading'> Overlay1 <\/span><\/h3><div class=\"pt-cv-view pt-cv-overlaygrid iscvblock iscvreal overlay1 layout1\" id=\"pt-cv-view-vv8zrb1j\"><div data-id=\"pt-cv-page-1\" class=\"pt-cv-page\" data-cvc=\"3\"><div class=\" pt-cv-content-item pt-cv-1-col\" ><div class=\"pt-cv-thumb-wrapper  \"><a href=\"https:\/\/garageblogec.com\/?p=3303\" class=\"_self pt-cv-href-thumbnail pt-cv-thumb-default\" target=\"_self\" ><img loading=\"lazy\" decoding=\"async\" width=\"768\" height=\"432\" src=\"https:\/\/garageblogec.com\/wp-content\/uploads\/2026\/04\/WhatsApp-Image-2026-04-21-at-1.52.53-PM-768x432.jpeg\" class=\"pt-cv-thumbnail\" alt=\"\" \/><\/a><\/div>\n<div class=\"pt-cv-overlay-wrapper\"><div class=\"pt-cv-taxoterm above_title\"><a href='https:\/\/garageblogec.com\/?cat=27' title='Industria Nacional' class='pt-cv-tax-industria-nacional'>Industria Nacional<\/a><\/div><h4 class=\"pt-cv-title\"><a href=\"https:\/\/garageblogec.com\/?p=3303\" class=\"_self\" target=\"_self\" >Grupo Ambacar presenta en Guayaquil KGM, su nueva marca de SUV h\u00edbridos con respaldo global<\/a><\/h4><div class=\"pt-cv-meta-fields\"><span class=\"entry-date\"> <time datetime=\"2026-04-21T21:37:24+00:00\">abril 21, 2026<\/time><\/span><span> \/ <\/span><span class=\"author\"> <a href=\"https:\/\/garageblogec.com\/?author=6\" rel=\"author\">gabi1212<\/a><\/span><\/div><\/div><\/div>\n<div class=\" pt-cv-content-item pt-cv-1-col\" ><div class=\"pt-cv-thumb-wrapper  \"><a href=\"https:\/\/garageblogec.com\/?p=3296\" class=\"_self pt-cv-href-thumbnail pt-cv-thumb-default\" target=\"_self\" ><img loading=\"lazy\" decoding=\"async\" width=\"768\" height=\"432\" src=\"https:\/\/garageblogec.com\/wp-content\/uploads\/2026\/04\/WhatsApp-Image-2026-04-14-at-3.15.09-PM-768x432.jpeg\" class=\"pt-cv-thumbnail\" alt=\"\" \/><\/a><\/div>\n<div class=\"pt-cv-overlay-wrapper\"><div class=\"pt-cv-taxoterm above_title\"><a href='https:\/\/garageblogec.com\/?cat=27' title='Industria Nacional' class='pt-cv-tax-industria-nacional'>Industria Nacional<\/a><\/div><h4 class=\"pt-cv-title\"><a href=\"https:\/\/garageblogec.com\/?p=3296\" class=\"_self\" target=\"_self\" >El tablero desapareci\u00f3, ahora el auto es una pantalla inteligente<\/a><\/h4><div class=\"pt-cv-meta-fields\"><span class=\"entry-date\"> <time datetime=\"2026-04-14T20:21:20+00:00\">abril 14, 2026<\/time><\/span><span> \/ <\/span><span class=\"author\"> <a href=\"https:\/\/garageblogec.com\/?author=6\" rel=\"author\">gabi1212<\/a><\/span><\/div><\/div><\/div>\n<div class=\" pt-cv-content-item pt-cv-1-col\" ><div class=\"pt-cv-thumb-wrapper  \"><a href=\"https:\/\/garageblogec.com\/?p=3291\" class=\"_self pt-cv-href-thumbnail pt-cv-thumb-default\" target=\"_self\" ><img loading=\"lazy\" decoding=\"async\" width=\"768\" height=\"432\" src=\"https:\/\/garageblogec.com\/wp-content\/uploads\/2026\/04\/WhatsApp-Image-2026-04-14-at-2.21.27-PM-768x432.jpeg\" class=\"pt-cv-thumbnail\" alt=\"\" \/><\/a><\/div>\n<div class=\"pt-cv-overlay-wrapper\"><div class=\"pt-cv-taxoterm above_title\"><a href='https:\/\/garageblogec.com\/?cat=27' title='Industria Nacional' class='pt-cv-tax-industria-nacional'>Industria Nacional<\/a><\/div><h4 class=\"pt-cv-title\"><a href=\"https:\/\/garageblogec.com\/?p=3291\" class=\"_self\" target=\"_self\" >Seguridad al volante en Ecuador: los errores m\u00e1s comunes que cometen los conductores<\/a><\/h4><div class=\"pt-cv-meta-fields\"><span class=\"entry-date\"> <time datetime=\"2026-04-14T20:08:54+00:00\">abril 14, 2026<\/time><\/span><span> \/ <\/span><span class=\"author\"> <a href=\"https:\/\/garageblogec.com\/?author=6\" rel=\"author\">gabi1212<\/a><\/span><\/div><\/div><\/div>\n<div class=\" pt-cv-content-item pt-cv-1-col\" ><div class=\"pt-cv-thumb-wrapper  \"><a href=\"https:\/\/garageblogec.com\/?p=3286\" class=\"_self pt-cv-href-thumbnail pt-cv-thumb-default\" target=\"_self\" ><img loading=\"lazy\" decoding=\"async\" width=\"768\" height=\"492\" src=\"https:\/\/garageblogec.com\/wp-content\/uploads\/2026\/04\/Posventa.jpg-768x492.jpeg\" class=\"pt-cv-thumbnail\" alt=\"\" \/><\/a><\/div>\n<div class=\"pt-cv-overlay-wrapper\"><div class=\"pt-cv-taxoterm above_title\"><a href='https:\/\/garageblogec.com\/?cat=27' title='Industria Nacional' class='pt-cv-tax-industria-nacional'>Industria Nacional<\/a><\/div><h4 class=\"pt-cv-title\"><a href=\"https:\/\/garageblogec.com\/?p=3286\" class=\"_self\" target=\"_self\" >Clientes Nissan reciben cambios de aceite infinitos<\/a><\/h4><div class=\"pt-cv-meta-fields\"><span class=\"entry-date\"> <time datetime=\"2026-04-14T20:04:08+00:00\">abril 14, 2026<\/time><\/span><span> \/ <\/span><span class=\"author\"> <a href=\"https:\/\/garageblogec.com\/?author=6\" rel=\"author\">gabi1212<\/a><\/span><\/div><\/div><\/div>\n<div class=\" pt-cv-content-item pt-cv-1-col\" ><div class=\"pt-cv-thumb-wrapper  \"><a href=\"https:\/\/garageblogec.com\/?p=3280\" class=\"_self pt-cv-href-thumbnail pt-cv-thumb-default\" target=\"_self\" ><img loading=\"lazy\" decoding=\"async\" width=\"768\" height=\"512\" src=\"https:\/\/garageblogec.com\/wp-content\/uploads\/2026\/04\/foto1-768x512.jpeg\" class=\"pt-cv-thumbnail\" alt=\"\" \/><\/a><\/div>\n<div class=\"pt-cv-overlay-wrapper\"><div class=\"pt-cv-taxoterm above_title\"><a href='https:\/\/garageblogec.com\/?cat=27' title='Industria Nacional' class='pt-cv-tax-industria-nacional'>Industria Nacional<\/a><\/div><h4 class=\"pt-cv-title\"><a href=\"https:\/\/garageblogec.com\/?p=3280\" class=\"_self\" target=\"_self\" >Movilidad como inversi\u00f3n: el uso de utilidades que crece en Ecuador<\/a><\/h4><div class=\"pt-cv-meta-fields\"><span class=\"entry-date\"> <time datetime=\"2026-04-07T19:55:36+00:00\">abril 7, 2026<\/time><\/span><span> \/ <\/span><span class=\"author\"> <a href=\"https:\/\/garageblogec.com\/?author=6\" rel=\"author\">gabi1212<\/a><\/span><\/div><\/div><\/div>\n<div class=\" pt-cv-content-item pt-cv-1-col\" ><div class=\"pt-cv-thumb-wrapper  \"><a href=\"https:\/\/garageblogec.com\/?p=3276\" class=\"_self pt-cv-href-thumbnail pt-cv-thumb-default\" target=\"_self\" ><img loading=\"lazy\" decoding=\"async\" width=\"745\" height=\"491\" src=\"https:\/\/garageblogec.com\/wp-content\/uploads\/2026\/04\/TT.png\" class=\"pt-cv-thumbnail\" alt=\"\" \/><\/a><\/div>\n<div class=\"pt-cv-overlay-wrapper\"><div class=\"pt-cv-taxoterm above_title\"><a href='https:\/\/garageblogec.com\/?cat=27' title='Industria Nacional' class='pt-cv-tax-industria-nacional'>Industria Nacional<\/a><\/div><h4 class=\"pt-cv-title\"><a href=\"https:\/\/garageblogec.com\/?p=3276\" class=\"_self\" target=\"_self\" >Lluvias en Ecuador: C\u00f3mo reducir riesgos en carretera y prevenir accidentes en calzada mojada<\/a><\/h4><div class=\"pt-cv-meta-fields\"><span class=\"entry-date\"> <time datetime=\"2026-04-07T19:46:52+00:00\">abril 7, 2026<\/time><\/span><span> \/ <\/span><span class=\"author\"> <a href=\"https:\/\/garageblogec.com\/?author=6\" rel=\"author\">gabi1212<\/a><\/span><\/div><\/div><\/div><\/div><\/div> <\/div> <style>\n#pt-cv-view-vv8zrb1j .pt-cv-thumb-wrapper::before {background: rgba(0,0,0,.4); opacity: 0.8;}#pt-cv-view-vv8zrb1j .pt-cv-overlay-wrapper {justify-content: center;}\n#pt-cv-view-vv8zrb1j .pt-cv-meta-fields {  }#pt-cv-view-vv8zrb1j .pt-cv-meta-fields * { font-size: 13px; }#pt-cv-view-vv8zrb1j .pt-cv-title a { display: block; }#pt-cv-view-vv8zrb1j .pt-cv-title:not(.pt-cv-titlesm) a { font-weight: 600;text-decoration: none;font-size: 20px; }#pt-cv-view-vv8zrb1j .pt-cv-titlesm a { font-weight: 600;font-size: 18px; }#pt-cv-view-vv8zrb1j .pt-cv-content { font-size: 15px; }#pt-cv-view-vv8zrb1j .pt-cv-rmwrap {  }#pt-cv-view-vv8zrb1j .pt-cv-readmore { color: #fff;background-color: #0075ff;font-size: 14px; }#pt-cv-view-vv8zrb1j .pt-cv-taxoterm { margin: 0px 0px 20px 0px; }#pt-cv-view-vv8zrb1j .pt-cv-taxoterm * { color: #222;background-color: #fff6f6;font-size: 14px; }#pt-cv-view-vv8zrb1j + .pt-cv-pagination-wrapper {  }#pt-cv-view-vv8zrb1j + .pt-cv-pagination-wrapper a { font-size: 14px; }#pt-cv-view-vv8zrb1j > .pt-cv-page {grid-template-columns: repeat(3, 1fr);grid-auto-rows: 250px;grid-gap: 10px;}\n@media all and (max-width: 1024px) { \n#pt-cv-view-vv8zrb1j > .pt-cv-page {}\n} \n@media all and (max-width: 767px) { \n#pt-cv-view-vv8zrb1j > .pt-cv-page {grid-template-columns: repeat(1, 1fr);}\n} <\/style>","protected":false},"excerpt":{"rendered":"<p>Con una velada cargada de innovaci\u00f3n, historia y emotividad, Isuzu hizo su ingreso oficial al mercado ecuatoriano, respaldada por Impoventura, empresa con m\u00e1s de 66 a\u00f1os de experiencia liderando la movilidad en el pa\u00eds.&nbsp; El evento, realizado en Villa Pietra, reuni\u00f3 a clientes, aliados estrat\u00e9gicos y representantes de la industria automotriz para celebrar la llegada [&hellip;]<\/p>\n","protected":false},"author":6,"featured_media":2581,"comment_status":"open","ping_status":"open","sticky":false,"template":"","format":"standard","meta":{"_jetpack_memberships_contains_paid_content":false,"footnotes":""},"categories":[27],"tags":[],"class_list":["post-2580","post","type-post","status-publish","format-standard","has-post-thumbnail","hentry","category-industria-nacional"],"yoast_head":"<!-- This site is optimized with the Yoast SEO plugin v27.5 - https:\/\/yoast.com\/product\/yoast-seo-wordpress\/ -->\n<title>Isuzu inicia operaciones en Ecuador con una apuesta por la innovaci\u00f3n, la robustez y el desarrollo del sector automotriz - Garage Blog Ecuador<\/title>\n<meta name=\"robots\" content=\"index, follow, max-snippet:-1, max-image-preview:large, max-video-preview:-1\" \/>\n<link rel=\"canonical\" href=\"https:\/\/garageblogec.com\/?p=2580\" \/>\n<meta property=\"og:locale\" content=\"es_ES\" \/>\n<meta property=\"og:type\" content=\"article\" \/>\n<meta property=\"og:title\" content=\"Isuzu inicia operaciones en Ecuador con una apuesta por la innovaci\u00f3n, la robustez y el desarrollo del sector automotriz - Garage Blog Ecuador\" \/>\n<meta property=\"og:description\" content=\"Con una velada cargada de innovaci\u00f3n, historia y emotividad, Isuzu hizo su ingreso oficial al mercado ecuatoriano, respaldada por Impoventura, empresa con m\u00e1s de 66 a\u00f1os de experiencia liderando la movilidad en el pa\u00eds.&nbsp; El evento, realizado en Villa Pietra, reuni\u00f3 a clientes, aliados estrat\u00e9gicos y representantes de la industria automotriz para celebrar la llegada [&hellip;]\" \/>\n<meta property=\"og:url\" content=\"https:\/\/garageblogec.com\/?p=2580\" \/>\n<meta property=\"og:site_name\" content=\"Garage Blog Ecuador\" \/>\n<meta property=\"article:published_time\" content=\"2025-09-19T22:39:30+00:00\" \/>\n<meta property=\"article:modified_time\" content=\"2025-09-19T22:39:35+00:00\" \/>\n<meta property=\"og:image\" content=\"https:\/\/garageblogec.com\/wp-content\/uploads\/2025\/09\/WhatsApp-Image-2025-09-19-at-5.22.06-PM.jpeg\" \/>\n\t<meta property=\"og:image:width\" content=\"1280\" \/>\n\t<meta property=\"og:image:height\" content=\"855\" \/>\n\t<meta property=\"og:image:type\" content=\"image\/jpeg\" \/>\n<meta name=\"author\" content=\"gabi1212\" \/>\n<meta name=\"twitter:card\" content=\"summary_large_image\" \/>\n<meta name=\"twitter:label1\" content=\"Escrito por\" \/>\n\t<meta name=\"twitter:data1\" content=\"gabi1212\" \/>\n\t<meta name=\"twitter:label2\" content=\"Tiempo de lectura\" \/>\n\t<meta name=\"twitter:data2\" content=\"3 minutos\" \/>\n<script type=\"application\/ld+json\" class=\"yoast-schema-graph\">{\"@context\":\"https:\\\/\\\/schema.org\",\"@graph\":[{\"@type\":\"Article\",\"@id\":\"https:\\\/\\\/garageblogec.com\\\/?p=2580#article\",\"isPartOf\":{\"@id\":\"https:\\\/\\\/garageblogec.com\\\/?p=2580\"},\"author\":{\"name\":\"gabi1212\",\"@id\":\"https:\\\/\\\/garageblogec.com\\\/#\\\/schema\\\/person\\\/635f4b76c0cb3e43b82fe6f7d8bcceea\"},\"headline\":\"Isuzu inicia operaciones en Ecuador con una apuesta por la innovaci\u00f3n, la robustez y el desarrollo del sector automotriz\",\"datePublished\":\"2025-09-19T22:39:30+00:00\",\"dateModified\":\"2025-09-19T22:39:35+00:00\",\"mainEntityOfPage\":{\"@id\":\"https:\\\/\\\/garageblogec.com\\\/?p=2580\"},\"wordCount\":444,\"commentCount\":0,\"publisher\":{\"@id\":\"https:\\\/\\\/garageblogec.com\\\/#organization\"},\"image\":{\"@id\":\"https:\\\/\\\/garageblogec.com\\\/?p=2580#primaryimage\"},\"thumbnailUrl\":\"https:\\\/\\\/garageblogec.com\\\/wp-content\\\/uploads\\\/2025\\\/09\\\/WhatsApp-Image-2025-09-19-at-5.22.06-PM.jpeg\",\"articleSection\":[\"Industria Nacional\"],\"inLanguage\":\"es\",\"potentialAction\":[{\"@type\":\"CommentAction\",\"name\":\"Comment\",\"target\":[\"https:\\\/\\\/garageblogec.com\\\/?p=2580#respond\"]}]},{\"@type\":\"WebPage\",\"@id\":\"https:\\\/\\\/garageblogec.com\\\/?p=2580\",\"url\":\"https:\\\/\\\/garageblogec.com\\\/?p=2580\",\"name\":\"Isuzu inicia operaciones en Ecuador con una apuesta por la innovaci\u00f3n, la robustez y el desarrollo del sector automotriz - Garage Blog Ecuador\",\"isPartOf\":{\"@id\":\"https:\\\/\\\/garageblogec.com\\\/#website\"},\"primaryImageOfPage\":{\"@id\":\"https:\\\/\\\/garageblogec.com\\\/?p=2580#primaryimage\"},\"image\":{\"@id\":\"https:\\\/\\\/garageblogec.com\\\/?p=2580#primaryimage\"},\"thumbnailUrl\":\"https:\\\/\\\/garageblogec.com\\\/wp-content\\\/uploads\\\/2025\\\/09\\\/WhatsApp-Image-2025-09-19-at-5.22.06-PM.jpeg\",\"datePublished\":\"2025-09-19T22:39:30+00:00\",\"dateModified\":\"2025-09-19T22:39:35+00:00\",\"breadcrumb\":{\"@id\":\"https:\\\/\\\/garageblogec.com\\\/?p=2580#breadcrumb\"},\"inLanguage\":\"es\",\"potentialAction\":[{\"@type\":\"ReadAction\",\"target\":[\"https:\\\/\\\/garageblogec.com\\\/?p=2580\"]}]},{\"@type\":\"ImageObject\",\"inLanguage\":\"es\",\"@id\":\"https:\\\/\\\/garageblogec.com\\\/?p=2580#primaryimage\",\"url\":\"https:\\\/\\\/garageblogec.com\\\/wp-content\\\/uploads\\\/2025\\\/09\\\/WhatsApp-Image-2025-09-19-at-5.22.06-PM.jpeg\",\"contentUrl\":\"https:\\\/\\\/garageblogec.com\\\/wp-content\\\/uploads\\\/2025\\\/09\\\/WhatsApp-Image-2025-09-19-at-5.22.06-PM.jpeg\",\"width\":1280,\"height\":855},{\"@type\":\"BreadcrumbList\",\"@id\":\"https:\\\/\\\/garageblogec.com\\\/?p=2580#breadcrumb\",\"itemListElement\":[{\"@type\":\"ListItem\",\"position\":1,\"name\":\"Portada\",\"item\":\"https:\\\/\\\/garageblogec.com\\\/\"},{\"@type\":\"ListItem\",\"position\":2,\"name\":\"Isuzu inicia operaciones en Ecuador con una apuesta por la innovaci\u00f3n, la robustez y el desarrollo del sector automotriz\"}]},{\"@type\":\"WebSite\",\"@id\":\"https:\\\/\\\/garageblogec.com\\\/#website\",\"url\":\"https:\\\/\\\/garageblogec.com\\\/\",\"name\":\"Garage Blog Ecuador\",\"description\":\"Alucinamos por los autos \",\"publisher\":{\"@id\":\"https:\\\/\\\/garageblogec.com\\\/#organization\"},\"potentialAction\":[{\"@type\":\"SearchAction\",\"target\":{\"@type\":\"EntryPoint\",\"urlTemplate\":\"https:\\\/\\\/garageblogec.com\\\/?s={search_term_string}\"},\"query-input\":{\"@type\":\"PropertyValueSpecification\",\"valueRequired\":true,\"valueName\":\"search_term_string\"}}],\"inLanguage\":\"es\"},{\"@type\":\"Organization\",\"@id\":\"https:\\\/\\\/garageblogec.com\\\/#organization\",\"name\":\"Garage Blog Ecuador\",\"url\":\"https:\\\/\\\/garageblogec.com\\\/\",\"logo\":{\"@type\":\"ImageObject\",\"inLanguage\":\"es\",\"@id\":\"https:\\\/\\\/garageblogec.com\\\/#\\\/schema\\\/logo\\\/image\\\/\",\"url\":\"https:\\\/\\\/garageblogec.com\\\/wp-content\\\/uploads\\\/2024\\\/02\\\/cropped-logo-png-para-blog.webp\",\"contentUrl\":\"https:\\\/\\\/garageblogec.com\\\/wp-content\\\/uploads\\\/2024\\\/02\\\/cropped-logo-png-para-blog.webp\",\"width\":840,\"height\":556,\"caption\":\"Garage Blog Ecuador \"},\"image\":{\"@id\":\"https:\\\/\\\/garageblogec.com\\\/#\\\/schema\\\/logo\\\/image\\\/\"}},{\"@type\":\"Person\",\"@id\":\"https:\\\/\\\/garageblogec.com\\\/#\\\/schema\\\/person\\\/635f4b76c0cb3e43b82fe6f7d8bcceea\",\"name\":\"gabi1212\",\"image\":{\"@type\":\"ImageObject\",\"inLanguage\":\"es\",\"@id\":\"https:\\\/\\\/secure.gravatar.com\\\/avatar\\\/6aa491f45cb359d4d6dd8c430e83f78899c80569c27d21156e19bbdcd31d1811?s=96&d=mm&r=g\",\"url\":\"https:\\\/\\\/secure.gravatar.com\\\/avatar\\\/6aa491f45cb359d4d6dd8c430e83f78899c80569c27d21156e19bbdcd31d1811?s=96&d=mm&r=g\",\"contentUrl\":\"https:\\\/\\\/secure.gravatar.com\\\/avatar\\\/6aa491f45cb359d4d6dd8c430e83f78899c80569c27d21156e19bbdcd31d1811?s=96&d=mm&r=g\",\"caption\":\"gabi1212\"},\"url\":\"https:\\\/\\\/garageblogec.com\\\/?author=6\"}]}<\/script>\n<!-- \/ Yoast SEO plugin. -->","yoast_head_json":{"title":"Isuzu inicia operaciones en Ecuador con una apuesta por la innovaci\u00f3n, la robustez y el desarrollo del sector automotriz - Garage Blog Ecuador","robots":{"index":"index","follow":"follow","max-snippet":"max-snippet:-1","max-image-preview":"max-image-preview:large","max-video-preview":"max-video-preview:-1"},"canonical":"https:\/\/garageblogec.com\/?p=2580","og_locale":"es_ES","og_type":"article","og_title":"Isuzu inicia operaciones en Ecuador con una apuesta por la innovaci\u00f3n, la robustez y el desarrollo del sector automotriz - Garage Blog Ecuador","og_description":"Con una velada cargada de innovaci\u00f3n, historia y emotividad, Isuzu hizo su ingreso oficial al mercado ecuatoriano, respaldada por Impoventura, empresa con m\u00e1s de 66 a\u00f1os de experiencia liderando la movilidad en el pa\u00eds.&nbsp; El evento, realizado en Villa Pietra, reuni\u00f3 a clientes, aliados estrat\u00e9gicos y representantes de la industria automotriz para celebrar la llegada [&hellip;]","og_url":"https:\/\/garageblogec.com\/?p=2580","og_site_name":"Garage Blog Ecuador","article_published_time":"2025-09-19T22:39:30+00:00","article_modified_time":"2025-09-19T22:39:35+00:00","og_image":[{"width":1280,"height":855,"url":"https:\/\/garageblogec.com\/wp-content\/uploads\/2025\/09\/WhatsApp-Image-2025-09-19-at-5.22.06-PM.jpeg","type":"image\/jpeg"}],"author":"gabi1212","twitter_card":"summary_large_image","twitter_misc":{"Escrito por":"gabi1212","Tiempo de lectura":"3 minutos"},"schema":{"@context":"https:\/\/schema.org","@graph":[{"@type":"Article","@id":"https:\/\/garageblogec.com\/?p=2580#article","isPartOf":{"@id":"https:\/\/garageblogec.com\/?p=2580"},"author":{"name":"gabi1212","@id":"https:\/\/garageblogec.com\/#\/schema\/person\/635f4b76c0cb3e43b82fe6f7d8bcceea"},"headline":"Isuzu inicia operaciones en Ecuador con una apuesta por la innovaci\u00f3n, la robustez y el desarrollo del sector automotriz","datePublished":"2025-09-19T22:39:30+00:00","dateModified":"2025-09-19T22:39:35+00:00","mainEntityOfPage":{"@id":"https:\/\/garageblogec.com\/?p=2580"},"wordCount":444,"commentCount":0,"publisher":{"@id":"https:\/\/garageblogec.com\/#organization"},"image":{"@id":"https:\/\/garageblogec.com\/?p=2580#primaryimage"},"thumbnailUrl":"https:\/\/garageblogec.com\/wp-content\/uploads\/2025\/09\/WhatsApp-Image-2025-09-19-at-5.22.06-PM.jpeg","articleSection":["Industria Nacional"],"inLanguage":"es","potentialAction":[{"@type":"CommentAction","name":"Comment","target":["https:\/\/garageblogec.com\/?p=2580#respond"]}]},{"@type":"WebPage","@id":"https:\/\/garageblogec.com\/?p=2580","url":"https:\/\/garageblogec.com\/?p=2580","name":"Isuzu inicia operaciones en Ecuador con una apuesta por la innovaci\u00f3n, la robustez y el desarrollo del sector automotriz - Garage Blog Ecuador","isPartOf":{"@id":"https:\/\/garageblogec.com\/#website"},"primaryImageOfPage":{"@id":"https:\/\/garageblogec.com\/?p=2580#primaryimage"},"image":{"@id":"https:\/\/garageblogec.com\/?p=2580#primaryimage"},"thumbnailUrl":"https:\/\/garageblogec.com\/wp-content\/uploads\/2025\/09\/WhatsApp-Image-2025-09-19-at-5.22.06-PM.jpeg","datePublished":"2025-09-19T22:39:30+00:00","dateModified":"2025-09-19T22:39:35+00:00","breadcrumb":{"@id":"https:\/\/garageblogec.com\/?p=2580#breadcrumb"},"inLanguage":"es","potentialAction":[{"@type":"ReadAction","target":["https:\/\/garageblogec.com\/?p=2580"]}]},{"@type":"ImageObject","inLanguage":"es","@id":"https:\/\/garageblogec.com\/?p=2580#primaryimage","url":"https:\/\/garageblogec.com\/wp-content\/uploads\/2025\/09\/WhatsApp-Image-2025-09-19-at-5.22.06-PM.jpeg","contentUrl":"https:\/\/garageblogec.com\/wp-content\/uploads\/2025\/09\/WhatsApp-Image-2025-09-19-at-5.22.06-PM.jpeg","width":1280,"height":855},{"@type":"BreadcrumbList","@id":"https:\/\/garageblogec.com\/?p=2580#breadcrumb","itemListElement":[{"@type":"ListItem","position":1,"name":"Portada","item":"https:\/\/garageblogec.com\/"},{"@type":"ListItem","position":2,"name":"Isuzu inicia operaciones en Ecuador con una apuesta por la innovaci\u00f3n, la robustez y el desarrollo del sector automotriz"}]},{"@type":"WebSite","@id":"https:\/\/garageblogec.com\/#website","url":"https:\/\/garageblogec.com\/","name":"Garage Blog Ecuador","description":"Alucinamos por los autos ","publisher":{"@id":"https:\/\/garageblogec.com\/#organization"},"potentialAction":[{"@type":"SearchAction","target":{"@type":"EntryPoint","urlTemplate":"https:\/\/garageblogec.com\/?s={search_term_string}"},"query-input":{"@type":"PropertyValueSpecification","valueRequired":true,"valueName":"search_term_string"}}],"inLanguage":"es"},{"@type":"Organization","@id":"https:\/\/garageblogec.com\/#organization","name":"Garage Blog Ecuador","url":"https:\/\/garageblogec.com\/","logo":{"@type":"ImageObject","inLanguage":"es","@id":"https:\/\/garageblogec.com\/#\/schema\/logo\/image\/","url":"https:\/\/garageblogec.com\/wp-content\/uploads\/2024\/02\/cropped-logo-png-para-blog.webp","contentUrl":"https:\/\/garageblogec.com\/wp-content\/uploads\/2024\/02\/cropped-logo-png-para-blog.webp","width":840,"height":556,"caption":"Garage Blog Ecuador "},"image":{"@id":"https:\/\/garageblogec.com\/#\/schema\/logo\/image\/"}},{"@type":"Person","@id":"https:\/\/garageblogec.com\/#\/schema\/person\/635f4b76c0cb3e43b82fe6f7d8bcceea","name":"gabi1212","image":{"@type":"ImageObject","inLanguage":"es","@id":"https:\/\/secure.gravatar.com\/avatar\/6aa491f45cb359d4d6dd8c430e83f78899c80569c27d21156e19bbdcd31d1811?s=96&d=mm&r=g","url":"https:\/\/secure.gravatar.com\/avatar\/6aa491f45cb359d4d6dd8c430e83f78899c80569c27d21156e19bbdcd31d1811?s=96&d=mm&r=g","contentUrl":"https:\/\/secure.gravatar.com\/avatar\/6aa491f45cb359d4d6dd8c430e83f78899c80569c27d21156e19bbdcd31d1811?s=96&d=mm&r=g","caption":"gabi1212"},"url":"https:\/\/garageblogec.com\/?author=6"}]}},"jetpack_featured_media_url":"https:\/\/garageblogec.com\/wp-content\/uploads\/2025\/09\/WhatsApp-Image-2025-09-19-at-5.22.06-PM.jpeg","jetpack_sharing_enabled":true,"_links":{"self":[{"href":"https:\/\/garageblogec.com\/index.php?rest_route=\/wp\/v2\/posts\/2580","targetHints":{"allow":["GET"]}}],"collection":[{"href":"https:\/\/garageblogec.com\/index.php?rest_route=\/wp\/v2\/posts"}],"about":[{"href":"https:\/\/garageblogec.com\/index.php?rest_route=\/wp\/v2\/types\/post"}],"author":[{"embeddable":true,"href":"https:\/\/garageblogec.com\/index.php?rest_route=\/wp\/v2\/users\/6"}],"replies":[{"embeddable":true,"href":"https:\/\/garageblogec.com\/index.php?rest_route=%2Fwp%2Fv2%2Fcomments&post=2580"}],"version-history":[{"count":1,"href":"https:\/\/garageblogec.com\/index.php?rest_route=\/wp\/v2\/posts\/2580\/revisions"}],"predecessor-version":[{"id":2582,"href":"https:\/\/garageblogec.com\/index.php?rest_route=\/wp\/v2\/posts\/2580\/revisions\/2582"}],"wp:featuredmedia":[{"embeddable":true,"href":"https:\/\/garageblogec.com\/index.php?rest_route=\/wp\/v2\/media\/2581"}],"wp:attachment":[{"href":"https:\/\/garageblogec.com\/index.php?rest_route=%2Fwp%2Fv2%2Fmedia&parent=2580"}],"wp:term":[{"taxonomy":"category","embeddable":true,"href":"https:\/\/garageblogec.com\/index.php?rest_route=%2Fwp%2Fv2%2Fcategories&post=2580"},{"taxonomy":"post_tag","embeddable":true,"href":"https:\/\/garageblogec.com\/index.php?rest_route=%2Fwp%2Fv2%2Ftags&post=2580"}],"curies":[{"name":"wp","href":"https:\/\/api.w.org\/{rel}","templated":true}]}}