{"id":2403,"date":"2025-08-13T16:22:28","date_gmt":"2025-08-13T16:22:28","guid":{"rendered":"https:\/\/garageblogec.com\/?p=2403"},"modified":"2025-08-13T16:58:10","modified_gmt":"2025-08-13T16:58:10","slug":"renting-crece-30-en-ecuador-y-dinamiza-el-acceso-a-activos-estrategicos-para-empresas","status":"publish","type":"post","link":"https:\/\/garageblogec.com\/?p=2403","title":{"rendered":"Renting crece 30% en Ecuador y dinamiza el acceso a activos estrat\u00e9gicos para empresas"},"content":{"rendered":"\n<p>El <strong>renting de veh\u00edculos y activos productivos<\/strong> en Ecuador atraviesa un momento de consolidaci\u00f3n. Seg\u00fan datos de CorpoRent, el gremio que agrupa a las principales empresas del sector, entre enero de 2023 y junio de 2025 el mercado creci\u00f3 <strong>29,65% en facturaci\u00f3n mensual<\/strong> y <strong>24,23% en tama\u00f1o de flota<\/strong>, consolidando su papel como un modelo de eficiencia financiera y operativa para el sector productivo ecuatoriano.<\/p>\n\n\n\n<figure class=\"wp-block-image size-large\"><img fetchpriority=\"high\" decoding=\"async\" width=\"1024\" height=\"579\" src=\"https:\/\/garageblogec.com\/wp-content\/uploads\/2025\/08\/WhatsApp-Image-2025-08-13-at-11.05.59-AM-1-1024x579.jpeg\" alt=\"\" class=\"wp-image-2404\" srcset=\"https:\/\/garageblogec.com\/wp-content\/uploads\/2025\/08\/WhatsApp-Image-2025-08-13-at-11.05.59-AM-1-1024x579.jpeg 1024w, https:\/\/garageblogec.com\/wp-content\/uploads\/2025\/08\/WhatsApp-Image-2025-08-13-at-11.05.59-AM-1-300x170.jpeg 300w, https:\/\/garageblogec.com\/wp-content\/uploads\/2025\/08\/WhatsApp-Image-2025-08-13-at-11.05.59-AM-1-768x434.jpeg 768w, https:\/\/garageblogec.com\/wp-content\/uploads\/2025\/08\/WhatsApp-Image-2025-08-13-at-11.05.59-AM-1.jpeg 1280w\" sizes=\"(max-width: 1024px) 100vw, 1024px\" \/><\/figure>\n\n\n\n<p>Actualmente, <strong>la flota de renting en Ecuador supera las 12.000 unidades<\/strong>, con una facturaci\u00f3n acumulada que supera los <strong>USD 242 millones anuales<\/strong>, y una participaci\u00f3n creciente de <strong>veh\u00edculos el\u00e9ctricos e h\u00edbridos<\/strong>, alineados con los objetivos de sostenibilidad y modernizaci\u00f3n del parque automotor.<\/p>\n\n\n\n<p>A diferencia de la compra tradicional, el renting permite el uso de un activo (como un veh\u00edculo, maquinaria o equipo) mediante el pago de una cuota mensual. Este contrato incluye servicios de mantenimiento, seguros, matriculaci\u00f3n y tr\u00e1mites legales, lo que <strong>reduce costos operativos y libera capital de trabajo<\/strong> para las empresas.<\/p>\n\n\n\n<figure class=\"wp-block-image size-large\"><a href=\"https:\/\/www.kia.com\/ec\/main.html\"><img decoding=\"async\" width=\"1024\" height=\"285\" src=\"https:\/\/garageblogec.com\/wp-content\/uploads\/2025\/08\/Garage-Blog-banner-1080x300-1-1024x285.jpg\" alt=\"\" class=\"wp-image-2401\" srcset=\"https:\/\/garageblogec.com\/wp-content\/uploads\/2025\/08\/Garage-Blog-banner-1080x300-1-1024x285.jpg 1024w, https:\/\/garageblogec.com\/wp-content\/uploads\/2025\/08\/Garage-Blog-banner-1080x300-1-300x84.jpg 300w, https:\/\/garageblogec.com\/wp-content\/uploads\/2025\/08\/Garage-Blog-banner-1080x300-1-768x214.jpg 768w, https:\/\/garageblogec.com\/wp-content\/uploads\/2025\/08\/Garage-Blog-banner-1080x300-1.jpg 1081w\" sizes=\"(max-width: 1024px) 100vw, 1024px\" \/><\/a><\/figure>\n\n\n\n<p><em>\u201cHoy el renting no solo es una tendencia global, sino una soluci\u00f3n estrat\u00e9gica local. Permite a empresas y emprendedores crecer con agilidad, accediendo a tecnolog\u00eda actualizada sin descapitalizarse\u201d<\/em>, explica <strong>Mauricio Pe\u00f1a<\/strong>, secretario general de CorpoRent.<\/p>\n\n\n\n<p><strong><u>Ecuador sigue la tendencia global<\/u><\/strong><\/p>\n\n\n\n<p>El crecimiento del renting en Ecuador es parte de una <strong>tendencia regional y mundial<\/strong>. En <strong>Colombia<\/strong>, el sector crece cerca del 30% anual, con ingresos superiores a USD 120 millones. En <strong>Per\u00fa<\/strong>, ya existen 20.000 unidades operativas, lo que representa el 10% de la flota corporativa. En <strong>Espa\u00f1a<\/strong><strong>,<\/strong> la flota supera los <strong>496.000 veh\u00edculos<\/strong>, impulsada por grandes empresas (57%), pymes (33%) y entidades p\u00fablicas (5%).<\/p>\n\n\n\n<p>En Ecuador, el modelo comienza a expandirse m\u00e1s all\u00e1 de los veh\u00edculos, incorporando tambi\u00e9n el renting de <strong>equipos de impresi\u00f3n, maquinaria industrial y otros activos clave<\/strong>, lo que permite a m\u00e1s sectores beneficiarse de su flexibilidad.<\/p>\n\n\n\n<p><strong><u>\u00bfRentar o comprar? Una decisi\u00f3n estrat\u00e9gica<\/u><\/strong><\/p>\n\n\n\n<p>Mientras que la compra de un activo implica una alta inversi\u00f3n inicial, responsabilidades operativas y una depreciaci\u00f3n acelerada, el renting permite a las empresas acceder a tecnolog\u00eda actualizada sin comprometer su capital de trabajo. <strong>El renting es ideal cuando se busca flexibilidad, renovaci\u00f3n constante, ahorro en mantenimiento y una mejor planificaci\u00f3n financiera<\/strong><\/p>\n\n\n\n<figure class=\"wp-block-image size-large\"><img decoding=\"async\" width=\"1024\" height=\"579\" src=\"https:\/\/garageblogec.com\/wp-content\/uploads\/2025\/08\/WhatsApp-Image-2025-08-13-at-11.05.59-AM-2-1024x579.jpeg\" alt=\"\" class=\"wp-image-2407\" srcset=\"https:\/\/garageblogec.com\/wp-content\/uploads\/2025\/08\/WhatsApp-Image-2025-08-13-at-11.05.59-AM-2-1024x579.jpeg 1024w, https:\/\/garageblogec.com\/wp-content\/uploads\/2025\/08\/WhatsApp-Image-2025-08-13-at-11.05.59-AM-2-300x170.jpeg 300w, https:\/\/garageblogec.com\/wp-content\/uploads\/2025\/08\/WhatsApp-Image-2025-08-13-at-11.05.59-AM-2-768x434.jpeg 768w, https:\/\/garageblogec.com\/wp-content\/uploads\/2025\/08\/WhatsApp-Image-2025-08-13-at-11.05.59-AM-2.jpeg 1280w\" sizes=\"(max-width: 1024px) 100vw, 1024px\" \/><\/figure>\n\n\n\n<p>Se advierte que para que este modelo funcione correctamente y genere confianza, debe <strong>operar dentro de un marco legal formal y transparente<\/strong>, evitando pr\u00e1cticas informales o ilegales que pueden estar vinculadas a actividades de lavado de activos; por ello recomienda trabajar con empresas legalmente constituidas como son las que conforman CorpoRent<\/p>\n\n\n\n<p><em>\u201cEl renting debe gestionarse exclusivamente con empresas legalmente constituidas, que garanticen respaldo, cumplimiento normativo y servicios integrales\u201d,<\/em> subraya Pe\u00f1a.<\/p>\n\n\n\n<p>El gremio trabaja activamente en la promoci\u00f3n de buenas pr\u00e1cticas y educaci\u00f3n sobre este modelo, tanto en medios de comunicaci\u00f3n como en gremios productivos, universidades y organismos p\u00fablicos.<\/p>\n\n\n<div class='pt-cv-wrapper'> <h3 class='pt-cv-heading-container heading1' data-blockid='6p5v9u1i'><span class='pt-cv-heading'> Overlay1 <\/span><\/h3><div class=\"pt-cv-view pt-cv-overlaygrid iscvblock iscvreal overlay1 layout1\" id=\"pt-cv-view-6p5v9u1i\"><div data-id=\"pt-cv-page-1\" class=\"pt-cv-page\" data-cvc=\"3\"><div class=\" pt-cv-content-item pt-cv-1-col\" ><div class=\"pt-cv-thumb-wrapper  \"><a href=\"https:\/\/garageblogec.com\/?p=3303\" class=\"_self pt-cv-href-thumbnail pt-cv-thumb-default\" target=\"_self\" ><img loading=\"lazy\" decoding=\"async\" width=\"768\" height=\"432\" src=\"https:\/\/garageblogec.com\/wp-content\/uploads\/2026\/04\/WhatsApp-Image-2026-04-21-at-1.52.53-PM-768x432.jpeg\" class=\"pt-cv-thumbnail\" alt=\"\" \/><\/a><\/div>\n<div class=\"pt-cv-overlay-wrapper\"><div class=\"pt-cv-taxoterm above_title\"><a href='https:\/\/garageblogec.com\/?cat=27' title='Industria Nacional' class='pt-cv-tax-industria-nacional'>Industria Nacional<\/a><\/div><h4 class=\"pt-cv-title\"><a href=\"https:\/\/garageblogec.com\/?p=3303\" class=\"_self\" target=\"_self\" >Grupo Ambacar presenta en Guayaquil KGM, su nueva marca de SUV h\u00edbridos con respaldo global<\/a><\/h4><div class=\"pt-cv-meta-fields\"><span class=\"entry-date\"> <time datetime=\"2026-04-21T21:37:24+00:00\">abril 21, 2026<\/time><\/span><span> \/ <\/span><span class=\"author\"> <a href=\"https:\/\/garageblogec.com\/?author=6\" rel=\"author\">gabi1212<\/a><\/span><\/div><\/div><\/div>\n<div class=\" pt-cv-content-item pt-cv-1-col\" ><div class=\"pt-cv-thumb-wrapper  \"><a href=\"https:\/\/garageblogec.com\/?p=3296\" class=\"_self pt-cv-href-thumbnail pt-cv-thumb-default\" target=\"_self\" ><img loading=\"lazy\" decoding=\"async\" width=\"768\" height=\"432\" src=\"https:\/\/garageblogec.com\/wp-content\/uploads\/2026\/04\/WhatsApp-Image-2026-04-14-at-3.15.09-PM-768x432.jpeg\" class=\"pt-cv-thumbnail\" alt=\"\" \/><\/a><\/div>\n<div class=\"pt-cv-overlay-wrapper\"><div class=\"pt-cv-taxoterm above_title\"><a href='https:\/\/garageblogec.com\/?cat=27' title='Industria Nacional' class='pt-cv-tax-industria-nacional'>Industria Nacional<\/a><\/div><h4 class=\"pt-cv-title\"><a href=\"https:\/\/garageblogec.com\/?p=3296\" class=\"_self\" target=\"_self\" >El tablero desapareci\u00f3, ahora el auto es una pantalla inteligente<\/a><\/h4><div class=\"pt-cv-meta-fields\"><span class=\"entry-date\"> <time datetime=\"2026-04-14T20:21:20+00:00\">abril 14, 2026<\/time><\/span><span> \/ <\/span><span class=\"author\"> <a href=\"https:\/\/garageblogec.com\/?author=6\" rel=\"author\">gabi1212<\/a><\/span><\/div><\/div><\/div>\n<div class=\" pt-cv-content-item pt-cv-1-col\" ><div class=\"pt-cv-thumb-wrapper  \"><a href=\"https:\/\/garageblogec.com\/?p=3291\" class=\"_self pt-cv-href-thumbnail pt-cv-thumb-default\" target=\"_self\" ><img loading=\"lazy\" decoding=\"async\" width=\"768\" height=\"432\" src=\"https:\/\/garageblogec.com\/wp-content\/uploads\/2026\/04\/WhatsApp-Image-2026-04-14-at-2.21.27-PM-768x432.jpeg\" class=\"pt-cv-thumbnail\" alt=\"\" \/><\/a><\/div>\n<div class=\"pt-cv-overlay-wrapper\"><div class=\"pt-cv-taxoterm above_title\"><a href='https:\/\/garageblogec.com\/?cat=27' title='Industria Nacional' class='pt-cv-tax-industria-nacional'>Industria Nacional<\/a><\/div><h4 class=\"pt-cv-title\"><a href=\"https:\/\/garageblogec.com\/?p=3291\" class=\"_self\" target=\"_self\" >Seguridad al volante en Ecuador: los errores m\u00e1s comunes que cometen los conductores<\/a><\/h4><div class=\"pt-cv-meta-fields\"><span class=\"entry-date\"> <time datetime=\"2026-04-14T20:08:54+00:00\">abril 14, 2026<\/time><\/span><span> \/ <\/span><span class=\"author\"> <a href=\"https:\/\/garageblogec.com\/?author=6\" rel=\"author\">gabi1212<\/a><\/span><\/div><\/div><\/div>\n<div class=\" pt-cv-content-item pt-cv-1-col\" ><div class=\"pt-cv-thumb-wrapper  \"><a href=\"https:\/\/garageblogec.com\/?p=3286\" class=\"_self pt-cv-href-thumbnail pt-cv-thumb-default\" target=\"_self\" ><img loading=\"lazy\" decoding=\"async\" width=\"768\" height=\"492\" src=\"https:\/\/garageblogec.com\/wp-content\/uploads\/2026\/04\/Posventa.jpg-768x492.jpeg\" class=\"pt-cv-thumbnail\" alt=\"\" \/><\/a><\/div>\n<div class=\"pt-cv-overlay-wrapper\"><div class=\"pt-cv-taxoterm above_title\"><a href='https:\/\/garageblogec.com\/?cat=27' title='Industria Nacional' class='pt-cv-tax-industria-nacional'>Industria Nacional<\/a><\/div><h4 class=\"pt-cv-title\"><a href=\"https:\/\/garageblogec.com\/?p=3286\" class=\"_self\" target=\"_self\" >Clientes Nissan reciben cambios de aceite infinitos<\/a><\/h4><div class=\"pt-cv-meta-fields\"><span class=\"entry-date\"> <time datetime=\"2026-04-14T20:04:08+00:00\">abril 14, 2026<\/time><\/span><span> \/ <\/span><span class=\"author\"> <a href=\"https:\/\/garageblogec.com\/?author=6\" rel=\"author\">gabi1212<\/a><\/span><\/div><\/div><\/div>\n<div class=\" pt-cv-content-item pt-cv-1-col\" ><div class=\"pt-cv-thumb-wrapper  \"><a href=\"https:\/\/garageblogec.com\/?p=3280\" class=\"_self pt-cv-href-thumbnail pt-cv-thumb-default\" target=\"_self\" ><img loading=\"lazy\" decoding=\"async\" width=\"768\" height=\"512\" src=\"https:\/\/garageblogec.com\/wp-content\/uploads\/2026\/04\/foto1-768x512.jpeg\" class=\"pt-cv-thumbnail\" alt=\"\" \/><\/a><\/div>\n<div class=\"pt-cv-overlay-wrapper\"><div class=\"pt-cv-taxoterm above_title\"><a href='https:\/\/garageblogec.com\/?cat=27' title='Industria Nacional' class='pt-cv-tax-industria-nacional'>Industria Nacional<\/a><\/div><h4 class=\"pt-cv-title\"><a href=\"https:\/\/garageblogec.com\/?p=3280\" class=\"_self\" target=\"_self\" >Movilidad como inversi\u00f3n: el uso de utilidades que crece en Ecuador<\/a><\/h4><div class=\"pt-cv-meta-fields\"><span class=\"entry-date\"> <time datetime=\"2026-04-07T19:55:36+00:00\">abril 7, 2026<\/time><\/span><span> \/ <\/span><span class=\"author\"> <a href=\"https:\/\/garageblogec.com\/?author=6\" rel=\"author\">gabi1212<\/a><\/span><\/div><\/div><\/div>\n<div class=\" pt-cv-content-item pt-cv-1-col\" ><div class=\"pt-cv-thumb-wrapper  \"><a href=\"https:\/\/garageblogec.com\/?p=3276\" class=\"_self pt-cv-href-thumbnail pt-cv-thumb-default\" target=\"_self\" ><img loading=\"lazy\" decoding=\"async\" width=\"745\" height=\"491\" src=\"https:\/\/garageblogec.com\/wp-content\/uploads\/2026\/04\/TT.png\" class=\"pt-cv-thumbnail\" alt=\"\" \/><\/a><\/div>\n<div class=\"pt-cv-overlay-wrapper\"><div class=\"pt-cv-taxoterm above_title\"><a href='https:\/\/garageblogec.com\/?cat=27' title='Industria Nacional' class='pt-cv-tax-industria-nacional'>Industria Nacional<\/a><\/div><h4 class=\"pt-cv-title\"><a href=\"https:\/\/garageblogec.com\/?p=3276\" class=\"_self\" target=\"_self\" >Lluvias en Ecuador: C\u00f3mo reducir riesgos en carretera y prevenir accidentes en calzada mojada<\/a><\/h4><div class=\"pt-cv-meta-fields\"><span class=\"entry-date\"> <time datetime=\"2026-04-07T19:46:52+00:00\">abril 7, 2026<\/time><\/span><span> \/ <\/span><span class=\"author\"> <a href=\"https:\/\/garageblogec.com\/?author=6\" rel=\"author\">gabi1212<\/a><\/span><\/div><\/div><\/div><\/div><\/div> <\/div> <style>\n#pt-cv-view-6p5v9u1i .pt-cv-thumb-wrapper::before {background: rgba(0,0,0,.4); opacity: 0.8;}#pt-cv-view-6p5v9u1i .pt-cv-overlay-wrapper {justify-content: center;}\n#pt-cv-view-6p5v9u1i .pt-cv-meta-fields {  }#pt-cv-view-6p5v9u1i .pt-cv-meta-fields * { font-size: 13px; }#pt-cv-view-6p5v9u1i .pt-cv-title a { display: block; }#pt-cv-view-6p5v9u1i .pt-cv-title:not(.pt-cv-titlesm) a { font-weight: 600;text-decoration: none;font-size: 20px; }#pt-cv-view-6p5v9u1i .pt-cv-titlesm a { font-weight: 600;font-size: 18px; }#pt-cv-view-6p5v9u1i .pt-cv-content { font-size: 15px; }#pt-cv-view-6p5v9u1i .pt-cv-rmwrap {  }#pt-cv-view-6p5v9u1i .pt-cv-readmore { color: #fff;background-color: #0075ff;font-size: 14px; }#pt-cv-view-6p5v9u1i .pt-cv-taxoterm { margin: 0px 0px 20px 0px; }#pt-cv-view-6p5v9u1i .pt-cv-taxoterm * { color: #222;background-color: #fff6f6;font-size: 14px; }#pt-cv-view-6p5v9u1i + .pt-cv-pagination-wrapper {  }#pt-cv-view-6p5v9u1i + .pt-cv-pagination-wrapper a { font-size: 14px; }#pt-cv-view-6p5v9u1i > .pt-cv-page {grid-template-columns: repeat(3, 1fr);grid-auto-rows: 250px;grid-gap: 10px;}\n@media all and (max-width: 1024px) { \n#pt-cv-view-6p5v9u1i > .pt-cv-page {}\n} \n@media all and (max-width: 767px) { \n#pt-cv-view-6p5v9u1i > .pt-cv-page {grid-template-columns: repeat(1, 1fr);}\n} <\/style>","protected":false},"excerpt":{"rendered":"<p>29,65% de crecimiento en facturaci\u00f3n mensual entre enero de 2023 y junio de 2025<\/p>\n","protected":false},"author":6,"featured_media":2407,"comment_status":"open","ping_status":"open","sticky":false,"template":"","format":"standard","meta":{"_jetpack_memberships_contains_paid_content":false,"footnotes":""},"categories":[27],"tags":[],"class_list":["post-2403","post","type-post","status-publish","format-standard","has-post-thumbnail","hentry","category-industria-nacional"],"yoast_head":"<!-- This site is optimized with the Yoast SEO plugin v27.5 - https:\/\/yoast.com\/product\/yoast-seo-wordpress\/ -->\n<title>Renting crece 30% en Ecuador y dinamiza el acceso a activos estrat\u00e9gicos para empresas - Garage Blog Ecuador<\/title>\n<meta name=\"robots\" content=\"index, follow, max-snippet:-1, max-image-preview:large, max-video-preview:-1\" \/>\n<link rel=\"canonical\" href=\"https:\/\/garageblogec.com\/?p=2403\" \/>\n<meta property=\"og:locale\" content=\"es_ES\" \/>\n<meta property=\"og:type\" content=\"article\" \/>\n<meta property=\"og:title\" content=\"Renting crece 30% en Ecuador y dinamiza el acceso a activos estrat\u00e9gicos para empresas - Garage Blog Ecuador\" \/>\n<meta property=\"og:description\" content=\"29,65% de crecimiento en facturaci\u00f3n mensual entre enero de 2023 y junio de 2025\" \/>\n<meta property=\"og:url\" content=\"https:\/\/garageblogec.com\/?p=2403\" \/>\n<meta property=\"og:site_name\" content=\"Garage Blog Ecuador\" \/>\n<meta property=\"article:published_time\" content=\"2025-08-13T16:22:28+00:00\" \/>\n<meta property=\"article:modified_time\" content=\"2025-08-13T16:58:10+00:00\" \/>\n<meta property=\"og:image\" content=\"https:\/\/garageblogec.com\/wp-content\/uploads\/2025\/08\/WhatsApp-Image-2025-08-13-at-11.05.59-AM-2.jpeg\" \/>\n\t<meta property=\"og:image:width\" content=\"1280\" \/>\n\t<meta property=\"og:image:height\" content=\"724\" \/>\n\t<meta property=\"og:image:type\" content=\"image\/jpeg\" \/>\n<meta name=\"author\" content=\"gabi1212\" \/>\n<meta name=\"twitter:card\" content=\"summary_large_image\" \/>\n<meta name=\"twitter:label1\" content=\"Escrito por\" \/>\n\t<meta name=\"twitter:data1\" content=\"gabi1212\" \/>\n\t<meta name=\"twitter:label2\" content=\"Tiempo de lectura\" \/>\n\t<meta name=\"twitter:data2\" content=\"3 minutos\" \/>\n<script type=\"application\/ld+json\" class=\"yoast-schema-graph\">{\"@context\":\"https:\\\/\\\/schema.org\",\"@graph\":[{\"@type\":\"Article\",\"@id\":\"https:\\\/\\\/garageblogec.com\\\/?p=2403#article\",\"isPartOf\":{\"@id\":\"https:\\\/\\\/garageblogec.com\\\/?p=2403\"},\"author\":{\"name\":\"gabi1212\",\"@id\":\"https:\\\/\\\/garageblogec.com\\\/#\\\/schema\\\/person\\\/635f4b76c0cb3e43b82fe6f7d8bcceea\"},\"headline\":\"Renting crece 30% en Ecuador y dinamiza el acceso a activos estrat\u00e9gicos para empresas\",\"datePublished\":\"2025-08-13T16:22:28+00:00\",\"dateModified\":\"2025-08-13T16:58:10+00:00\",\"mainEntityOfPage\":{\"@id\":\"https:\\\/\\\/garageblogec.com\\\/?p=2403\"},\"wordCount\":495,\"commentCount\":0,\"publisher\":{\"@id\":\"https:\\\/\\\/garageblogec.com\\\/#organization\"},\"image\":{\"@id\":\"https:\\\/\\\/garageblogec.com\\\/?p=2403#primaryimage\"},\"thumbnailUrl\":\"https:\\\/\\\/garageblogec.com\\\/wp-content\\\/uploads\\\/2025\\\/08\\\/WhatsApp-Image-2025-08-13-at-11.05.59-AM-2.jpeg\",\"articleSection\":[\"Industria Nacional\"],\"inLanguage\":\"es\",\"potentialAction\":[{\"@type\":\"CommentAction\",\"name\":\"Comment\",\"target\":[\"https:\\\/\\\/garageblogec.com\\\/?p=2403#respond\"]}]},{\"@type\":\"WebPage\",\"@id\":\"https:\\\/\\\/garageblogec.com\\\/?p=2403\",\"url\":\"https:\\\/\\\/garageblogec.com\\\/?p=2403\",\"name\":\"Renting crece 30% en Ecuador y dinamiza el acceso a activos estrat\u00e9gicos para empresas - Garage Blog Ecuador\",\"isPartOf\":{\"@id\":\"https:\\\/\\\/garageblogec.com\\\/#website\"},\"primaryImageOfPage\":{\"@id\":\"https:\\\/\\\/garageblogec.com\\\/?p=2403#primaryimage\"},\"image\":{\"@id\":\"https:\\\/\\\/garageblogec.com\\\/?p=2403#primaryimage\"},\"thumbnailUrl\":\"https:\\\/\\\/garageblogec.com\\\/wp-content\\\/uploads\\\/2025\\\/08\\\/WhatsApp-Image-2025-08-13-at-11.05.59-AM-2.jpeg\",\"datePublished\":\"2025-08-13T16:22:28+00:00\",\"dateModified\":\"2025-08-13T16:58:10+00:00\",\"breadcrumb\":{\"@id\":\"https:\\\/\\\/garageblogec.com\\\/?p=2403#breadcrumb\"},\"inLanguage\":\"es\",\"potentialAction\":[{\"@type\":\"ReadAction\",\"target\":[\"https:\\\/\\\/garageblogec.com\\\/?p=2403\"]}]},{\"@type\":\"ImageObject\",\"inLanguage\":\"es\",\"@id\":\"https:\\\/\\\/garageblogec.com\\\/?p=2403#primaryimage\",\"url\":\"https:\\\/\\\/garageblogec.com\\\/wp-content\\\/uploads\\\/2025\\\/08\\\/WhatsApp-Image-2025-08-13-at-11.05.59-AM-2.jpeg\",\"contentUrl\":\"https:\\\/\\\/garageblogec.com\\\/wp-content\\\/uploads\\\/2025\\\/08\\\/WhatsApp-Image-2025-08-13-at-11.05.59-AM-2.jpeg\",\"width\":1280,\"height\":724},{\"@type\":\"BreadcrumbList\",\"@id\":\"https:\\\/\\\/garageblogec.com\\\/?p=2403#breadcrumb\",\"itemListElement\":[{\"@type\":\"ListItem\",\"position\":1,\"name\":\"Portada\",\"item\":\"https:\\\/\\\/garageblogec.com\\\/\"},{\"@type\":\"ListItem\",\"position\":2,\"name\":\"Renting crece 30% en Ecuador y dinamiza el acceso a activos estrat\u00e9gicos para empresas\"}]},{\"@type\":\"WebSite\",\"@id\":\"https:\\\/\\\/garageblogec.com\\\/#website\",\"url\":\"https:\\\/\\\/garageblogec.com\\\/\",\"name\":\"Garage Blog Ecuador\",\"description\":\"Alucinamos por los autos \",\"publisher\":{\"@id\":\"https:\\\/\\\/garageblogec.com\\\/#organization\"},\"potentialAction\":[{\"@type\":\"SearchAction\",\"target\":{\"@type\":\"EntryPoint\",\"urlTemplate\":\"https:\\\/\\\/garageblogec.com\\\/?s={search_term_string}\"},\"query-input\":{\"@type\":\"PropertyValueSpecification\",\"valueRequired\":true,\"valueName\":\"search_term_string\"}}],\"inLanguage\":\"es\"},{\"@type\":\"Organization\",\"@id\":\"https:\\\/\\\/garageblogec.com\\\/#organization\",\"name\":\"Garage Blog Ecuador\",\"url\":\"https:\\\/\\\/garageblogec.com\\\/\",\"logo\":{\"@type\":\"ImageObject\",\"inLanguage\":\"es\",\"@id\":\"https:\\\/\\\/garageblogec.com\\\/#\\\/schema\\\/logo\\\/image\\\/\",\"url\":\"https:\\\/\\\/garageblogec.com\\\/wp-content\\\/uploads\\\/2024\\\/02\\\/cropped-logo-png-para-blog.webp\",\"contentUrl\":\"https:\\\/\\\/garageblogec.com\\\/wp-content\\\/uploads\\\/2024\\\/02\\\/cropped-logo-png-para-blog.webp\",\"width\":840,\"height\":556,\"caption\":\"Garage Blog Ecuador \"},\"image\":{\"@id\":\"https:\\\/\\\/garageblogec.com\\\/#\\\/schema\\\/logo\\\/image\\\/\"}},{\"@type\":\"Person\",\"@id\":\"https:\\\/\\\/garageblogec.com\\\/#\\\/schema\\\/person\\\/635f4b76c0cb3e43b82fe6f7d8bcceea\",\"name\":\"gabi1212\",\"image\":{\"@type\":\"ImageObject\",\"inLanguage\":\"es\",\"@id\":\"https:\\\/\\\/secure.gravatar.com\\\/avatar\\\/6aa491f45cb359d4d6dd8c430e83f78899c80569c27d21156e19bbdcd31d1811?s=96&d=mm&r=g\",\"url\":\"https:\\\/\\\/secure.gravatar.com\\\/avatar\\\/6aa491f45cb359d4d6dd8c430e83f78899c80569c27d21156e19bbdcd31d1811?s=96&d=mm&r=g\",\"contentUrl\":\"https:\\\/\\\/secure.gravatar.com\\\/avatar\\\/6aa491f45cb359d4d6dd8c430e83f78899c80569c27d21156e19bbdcd31d1811?s=96&d=mm&r=g\",\"caption\":\"gabi1212\"},\"url\":\"https:\\\/\\\/garageblogec.com\\\/?author=6\"}]}<\/script>\n<!-- \/ Yoast SEO plugin. -->","yoast_head_json":{"title":"Renting crece 30% en Ecuador y dinamiza el acceso a activos estrat\u00e9gicos para empresas - Garage Blog Ecuador","robots":{"index":"index","follow":"follow","max-snippet":"max-snippet:-1","max-image-preview":"max-image-preview:large","max-video-preview":"max-video-preview:-1"},"canonical":"https:\/\/garageblogec.com\/?p=2403","og_locale":"es_ES","og_type":"article","og_title":"Renting crece 30% en Ecuador y dinamiza el acceso a activos estrat\u00e9gicos para empresas - Garage Blog Ecuador","og_description":"29,65% de crecimiento en facturaci\u00f3n mensual entre enero de 2023 y junio de 2025","og_url":"https:\/\/garageblogec.com\/?p=2403","og_site_name":"Garage Blog Ecuador","article_published_time":"2025-08-13T16:22:28+00:00","article_modified_time":"2025-08-13T16:58:10+00:00","og_image":[{"width":1280,"height":724,"url":"https:\/\/garageblogec.com\/wp-content\/uploads\/2025\/08\/WhatsApp-Image-2025-08-13-at-11.05.59-AM-2.jpeg","type":"image\/jpeg"}],"author":"gabi1212","twitter_card":"summary_large_image","twitter_misc":{"Escrito por":"gabi1212","Tiempo de lectura":"3 minutos"},"schema":{"@context":"https:\/\/schema.org","@graph":[{"@type":"Article","@id":"https:\/\/garageblogec.com\/?p=2403#article","isPartOf":{"@id":"https:\/\/garageblogec.com\/?p=2403"},"author":{"name":"gabi1212","@id":"https:\/\/garageblogec.com\/#\/schema\/person\/635f4b76c0cb3e43b82fe6f7d8bcceea"},"headline":"Renting crece 30% en Ecuador y dinamiza el acceso a activos estrat\u00e9gicos para empresas","datePublished":"2025-08-13T16:22:28+00:00","dateModified":"2025-08-13T16:58:10+00:00","mainEntityOfPage":{"@id":"https:\/\/garageblogec.com\/?p=2403"},"wordCount":495,"commentCount":0,"publisher":{"@id":"https:\/\/garageblogec.com\/#organization"},"image":{"@id":"https:\/\/garageblogec.com\/?p=2403#primaryimage"},"thumbnailUrl":"https:\/\/garageblogec.com\/wp-content\/uploads\/2025\/08\/WhatsApp-Image-2025-08-13-at-11.05.59-AM-2.jpeg","articleSection":["Industria Nacional"],"inLanguage":"es","potentialAction":[{"@type":"CommentAction","name":"Comment","target":["https:\/\/garageblogec.com\/?p=2403#respond"]}]},{"@type":"WebPage","@id":"https:\/\/garageblogec.com\/?p=2403","url":"https:\/\/garageblogec.com\/?p=2403","name":"Renting crece 30% en Ecuador y dinamiza el acceso a activos estrat\u00e9gicos para empresas - Garage Blog Ecuador","isPartOf":{"@id":"https:\/\/garageblogec.com\/#website"},"primaryImageOfPage":{"@id":"https:\/\/garageblogec.com\/?p=2403#primaryimage"},"image":{"@id":"https:\/\/garageblogec.com\/?p=2403#primaryimage"},"thumbnailUrl":"https:\/\/garageblogec.com\/wp-content\/uploads\/2025\/08\/WhatsApp-Image-2025-08-13-at-11.05.59-AM-2.jpeg","datePublished":"2025-08-13T16:22:28+00:00","dateModified":"2025-08-13T16:58:10+00:00","breadcrumb":{"@id":"https:\/\/garageblogec.com\/?p=2403#breadcrumb"},"inLanguage":"es","potentialAction":[{"@type":"ReadAction","target":["https:\/\/garageblogec.com\/?p=2403"]}]},{"@type":"ImageObject","inLanguage":"es","@id":"https:\/\/garageblogec.com\/?p=2403#primaryimage","url":"https:\/\/garageblogec.com\/wp-content\/uploads\/2025\/08\/WhatsApp-Image-2025-08-13-at-11.05.59-AM-2.jpeg","contentUrl":"https:\/\/garageblogec.com\/wp-content\/uploads\/2025\/08\/WhatsApp-Image-2025-08-13-at-11.05.59-AM-2.jpeg","width":1280,"height":724},{"@type":"BreadcrumbList","@id":"https:\/\/garageblogec.com\/?p=2403#breadcrumb","itemListElement":[{"@type":"ListItem","position":1,"name":"Portada","item":"https:\/\/garageblogec.com\/"},{"@type":"ListItem","position":2,"name":"Renting crece 30% en Ecuador y dinamiza el acceso a activos estrat\u00e9gicos para empresas"}]},{"@type":"WebSite","@id":"https:\/\/garageblogec.com\/#website","url":"https:\/\/garageblogec.com\/","name":"Garage Blog Ecuador","description":"Alucinamos por los autos ","publisher":{"@id":"https:\/\/garageblogec.com\/#organization"},"potentialAction":[{"@type":"SearchAction","target":{"@type":"EntryPoint","urlTemplate":"https:\/\/garageblogec.com\/?s={search_term_string}"},"query-input":{"@type":"PropertyValueSpecification","valueRequired":true,"valueName":"search_term_string"}}],"inLanguage":"es"},{"@type":"Organization","@id":"https:\/\/garageblogec.com\/#organization","name":"Garage Blog Ecuador","url":"https:\/\/garageblogec.com\/","logo":{"@type":"ImageObject","inLanguage":"es","@id":"https:\/\/garageblogec.com\/#\/schema\/logo\/image\/","url":"https:\/\/garageblogec.com\/wp-content\/uploads\/2024\/02\/cropped-logo-png-para-blog.webp","contentUrl":"https:\/\/garageblogec.com\/wp-content\/uploads\/2024\/02\/cropped-logo-png-para-blog.webp","width":840,"height":556,"caption":"Garage Blog Ecuador "},"image":{"@id":"https:\/\/garageblogec.com\/#\/schema\/logo\/image\/"}},{"@type":"Person","@id":"https:\/\/garageblogec.com\/#\/schema\/person\/635f4b76c0cb3e43b82fe6f7d8bcceea","name":"gabi1212","image":{"@type":"ImageObject","inLanguage":"es","@id":"https:\/\/secure.gravatar.com\/avatar\/6aa491f45cb359d4d6dd8c430e83f78899c80569c27d21156e19bbdcd31d1811?s=96&d=mm&r=g","url":"https:\/\/secure.gravatar.com\/avatar\/6aa491f45cb359d4d6dd8c430e83f78899c80569c27d21156e19bbdcd31d1811?s=96&d=mm&r=g","contentUrl":"https:\/\/secure.gravatar.com\/avatar\/6aa491f45cb359d4d6dd8c430e83f78899c80569c27d21156e19bbdcd31d1811?s=96&d=mm&r=g","caption":"gabi1212"},"url":"https:\/\/garageblogec.com\/?author=6"}]}},"jetpack_featured_media_url":"https:\/\/garageblogec.com\/wp-content\/uploads\/2025\/08\/WhatsApp-Image-2025-08-13-at-11.05.59-AM-2.jpeg","jetpack_sharing_enabled":true,"_links":{"self":[{"href":"https:\/\/garageblogec.com\/index.php?rest_route=\/wp\/v2\/posts\/2403","targetHints":{"allow":["GET"]}}],"collection":[{"href":"https:\/\/garageblogec.com\/index.php?rest_route=\/wp\/v2\/posts"}],"about":[{"href":"https:\/\/garageblogec.com\/index.php?rest_route=\/wp\/v2\/types\/post"}],"author":[{"embeddable":true,"href":"https:\/\/garageblogec.com\/index.php?rest_route=\/wp\/v2\/users\/6"}],"replies":[{"embeddable":true,"href":"https:\/\/garageblogec.com\/index.php?rest_route=%2Fwp%2Fv2%2Fcomments&post=2403"}],"version-history":[{"count":2,"href":"https:\/\/garageblogec.com\/index.php?rest_route=\/wp\/v2\/posts\/2403\/revisions"}],"predecessor-version":[{"id":2410,"href":"https:\/\/garageblogec.com\/index.php?rest_route=\/wp\/v2\/posts\/2403\/revisions\/2410"}],"wp:featuredmedia":[{"embeddable":true,"href":"https:\/\/garageblogec.com\/index.php?rest_route=\/wp\/v2\/media\/2407"}],"wp:attachment":[{"href":"https:\/\/garageblogec.com\/index.php?rest_route=%2Fwp%2Fv2%2Fmedia&parent=2403"}],"wp:term":[{"taxonomy":"category","embeddable":true,"href":"https:\/\/garageblogec.com\/index.php?rest_route=%2Fwp%2Fv2%2Fcategories&post=2403"},{"taxonomy":"post_tag","embeddable":true,"href":"https:\/\/garageblogec.com\/index.php?rest_route=%2Fwp%2Fv2%2Ftags&post=2403"}],"curies":[{"name":"wp","href":"https:\/\/api.w.org\/{rel}","templated":true}]}}