{"id":2399,"date":"2025-08-12T17:11:55","date_gmt":"2025-08-12T17:11:55","guid":{"rendered":"https:\/\/garageblogec.com\/?p=2399"},"modified":"2025-08-12T17:12:02","modified_gmt":"2025-08-12T17:12:02","slug":"gac-impulsa-la-movilidad-sostenible","status":"publish","type":"post","link":"https:\/\/garageblogec.com\/?p=2399","title":{"rendered":"GAC IMPULSA LA MOVILIDAD SOSTENIBLE"},"content":{"rendered":"\n<p>En un momento clave para la transformaci\u00f3n del transporte a nivel global, la marca GAC reafirma su posici\u00f3n como uno de los actores m\u00e1s visionarios de la industria automotriz, apostando por la movilidad sostenible como eje central de su estrategia de innovaci\u00f3n y expansi\u00f3n. Con una ruta clara hacia la electrificaci\u00f3n y el desarrollo tecnol\u00f3gico, la marca avanza con soluciones que combinan eficiencia, seguridad y dise\u00f1o inteligente.<\/p>\n\n\n\n<figure class=\"wp-block-image size-large\"><img fetchpriority=\"high\" decoding=\"async\" width=\"1024\" height=\"683\" src=\"https:\/\/garageblogec.com\/wp-content\/uploads\/2025\/08\/WhatsApp-Image-2025-08-12-at-10.19.04-AM-1024x683.jpeg\" alt=\"\" class=\"wp-image-2400\" srcset=\"https:\/\/garageblogec.com\/wp-content\/uploads\/2025\/08\/WhatsApp-Image-2025-08-12-at-10.19.04-AM-1024x683.jpeg 1024w, https:\/\/garageblogec.com\/wp-content\/uploads\/2025\/08\/WhatsApp-Image-2025-08-12-at-10.19.04-AM-300x200.jpeg 300w, https:\/\/garageblogec.com\/wp-content\/uploads\/2025\/08\/WhatsApp-Image-2025-08-12-at-10.19.04-AM-768x512.jpeg 768w, https:\/\/garageblogec.com\/wp-content\/uploads\/2025\/08\/WhatsApp-Image-2025-08-12-at-10.19.04-AM-1536x1024.jpeg 1536w, https:\/\/garageblogec.com\/wp-content\/uploads\/2025\/08\/WhatsApp-Image-2025-08-12-at-10.19.04-AM-1320x880.jpeg 1320w, https:\/\/garageblogec.com\/wp-content\/uploads\/2025\/08\/WhatsApp-Image-2025-08-12-at-10.19.04-AM.jpeg 1600w\" sizes=\"(max-width: 1024px) 100vw, 1024px\" \/><\/figure>\n\n\n\n<p>Desde su sede en Guangzhou China, GAC ha impulsado el desarrollo de su plataforma GEP 2.0, base tecnol\u00f3gica que ha dado lugar a la l\u00ednea de veh\u00edculos AION una de las marcas l\u00edderes en ventas a nivel global, compuesta por veh\u00edculos 100% el\u00e9ctricos con una gran autonom\u00eda de hasta 650 km y capacidad de recarga del 20% al 80% en tan solo 30 minutos en Carga R\u00e1pida. A esto se suma su sistema de asistencia a la conducci\u00f3n ADAS bajo la plataforma ADIGO, que en algunos modelos incorpora hasta 16 m\u00f3dulos inteligentes, integrando inteligencia artificial y big data para ofrecer una experiencia segura, personalizada y eficiente.<\/p>\n\n\n\n<figure class=\"wp-block-image size-large\"><a href=\"https:\/\/www.kia.com\/ec\/main.html\"><img decoding=\"async\" width=\"1024\" height=\"285\" src=\"https:\/\/garageblogec.com\/wp-content\/uploads\/2025\/08\/Garage-Blog-banner-1080x300-1-1024x285.jpg\" alt=\"\" class=\"wp-image-2401\" srcset=\"https:\/\/garageblogec.com\/wp-content\/uploads\/2025\/08\/Garage-Blog-banner-1080x300-1-1024x285.jpg 1024w, https:\/\/garageblogec.com\/wp-content\/uploads\/2025\/08\/Garage-Blog-banner-1080x300-1-300x84.jpg 300w, https:\/\/garageblogec.com\/wp-content\/uploads\/2025\/08\/Garage-Blog-banner-1080x300-1-768x214.jpg 768w, https:\/\/garageblogec.com\/wp-content\/uploads\/2025\/08\/Garage-Blog-banner-1080x300-1.jpg 1081w\" sizes=\"(max-width: 1024px) 100vw, 1024px\" \/><\/a><\/figure>\n\n\n\n<p>En paralelo, la compa\u00f1\u00eda avanza en tecnolog\u00edas emergentes como bater\u00edas de grafeno (estado s\u00f3lido), supercondensadores, y sistemas de propulsi\u00f3n de hidr\u00f3geno, manteni\u00e9ndose a la vanguardia de las soluciones limpias. Modelos conceptuales como Enlight y Everge reflejan su visi\u00f3n hacia la conducci\u00f3n aut\u00f3noma y la adaptaci\u00f3n a las necesidades de cada mercado.<\/p>\n\n\n\n<p>\u201cEn GAC vivimos la tecnolog\u00eda automotriz, por lo que vamos m\u00e1s all\u00e1 en la fabricaci\u00f3n veh\u00edculos: estamos construyendo un ecosistema de movilidad inteligente y sostenible que responda a los desaf\u00edos ambientales, energ\u00e9ticos y urbanos del mundo actual\u201d, se\u00f1al\u00f3 Santiago Chucker, Gerente de GAC Ecuador.<\/p>\n\n\n\n<p>En el contexto ecuatoriano, GAC tiene disponibles modelos a combusti\u00f3n e h\u00edbridos, y se prepara para la llegada de su portafolio renovado con veh\u00edculos el\u00e9ctricos desde septiembre 2025. Ecuador es un mercado emergente en movilidad sostenible, con una creciente conciencia ambiental y avances regulatorios que promueven el uso de tecnolog\u00edas limpias.<\/p>\n\n\n\n<p><em>\u201cLa sostenibilidad es parte de la estrategia del negocio. La expansi\u00f3n de la marca acompa\u00f1ar\u00e1 el proceso de transici\u00f3n energ\u00e9tica que vive Am\u00e9rica Latina y aportar\u00e1 a la modernizaci\u00f3n del parque automotor nacional. En GAC creemos en un futuro donde la movilidad sea inteligente, accesible y limpia, y queremos que Ecuador forme parte de ese cambio\u201d,<\/em> afirm\u00f3 Santiago Chucker, Gerente de GAC Ecuador.<\/p>\n\n\n\n<p>Con tecnolog\u00eda de punta, una visi\u00f3n de largo plazo y un enfoque centrado en las personas y el planeta, GAC avanza con paso firme hacia el futuro. Su compromiso con la movilidad sostenible, la innovaci\u00f3n y la adaptaci\u00f3n a las necesidades de cada mercado la posicionan como una marca clave en la transformaci\u00f3n de la industria automotriz global.<\/p>\n\n\n\n<p>En Ecuador, su apuesta por introducir soluciones limpias y eficientes refuerza su prop\u00f3sito de convertirse en un referente de la nueva movilidad, tanto a nivel local como internacional.<\/p>\n\n\n<div class='pt-cv-wrapper'> <h3 class='pt-cv-heading-container heading1' data-blockid='8ufxib0r'><span class='pt-cv-heading'> Overlay1 <\/span><\/h3><div class=\"pt-cv-view pt-cv-overlaygrid iscvblock iscvreal overlay1 layout1\" id=\"pt-cv-view-8ufxib0r\"><div data-id=\"pt-cv-page-1\" class=\"pt-cv-page\" data-cvc=\"3\"><div class=\" pt-cv-content-item pt-cv-1-col\" ><div class=\"pt-cv-thumb-wrapper  \"><a href=\"https:\/\/garageblogec.com\/?p=3303\" class=\"_self pt-cv-href-thumbnail pt-cv-thumb-default\" target=\"_self\" ><img decoding=\"async\" width=\"768\" height=\"432\" src=\"https:\/\/garageblogec.com\/wp-content\/uploads\/2026\/04\/WhatsApp-Image-2026-04-21-at-1.52.53-PM-768x432.jpeg\" class=\"pt-cv-thumbnail\" alt=\"\" \/><\/a><\/div>\n<div class=\"pt-cv-overlay-wrapper\"><div class=\"pt-cv-taxoterm above_title\"><a href='https:\/\/garageblogec.com\/?cat=27' title='Industria Nacional' class='pt-cv-tax-industria-nacional'>Industria Nacional<\/a><\/div><h4 class=\"pt-cv-title\"><a href=\"https:\/\/garageblogec.com\/?p=3303\" class=\"_self\" target=\"_self\" >Grupo Ambacar presenta en Guayaquil KGM, su nueva marca de SUV h\u00edbridos con respaldo global<\/a><\/h4><div class=\"pt-cv-meta-fields\"><span class=\"entry-date\"> <time datetime=\"2026-04-21T21:37:24+00:00\">abril 21, 2026<\/time><\/span><span> \/ <\/span><span class=\"author\"> <a href=\"https:\/\/garageblogec.com\/?author=6\" rel=\"author\">gabi1212<\/a><\/span><\/div><\/div><\/div>\n<div class=\" pt-cv-content-item pt-cv-1-col\" ><div class=\"pt-cv-thumb-wrapper  \"><a href=\"https:\/\/garageblogec.com\/?p=3296\" class=\"_self pt-cv-href-thumbnail pt-cv-thumb-default\" target=\"_self\" ><img loading=\"lazy\" decoding=\"async\" width=\"768\" height=\"432\" src=\"https:\/\/garageblogec.com\/wp-content\/uploads\/2026\/04\/WhatsApp-Image-2026-04-14-at-3.15.09-PM-768x432.jpeg\" class=\"pt-cv-thumbnail\" alt=\"\" \/><\/a><\/div>\n<div class=\"pt-cv-overlay-wrapper\"><div class=\"pt-cv-taxoterm above_title\"><a href='https:\/\/garageblogec.com\/?cat=27' title='Industria Nacional' class='pt-cv-tax-industria-nacional'>Industria Nacional<\/a><\/div><h4 class=\"pt-cv-title\"><a href=\"https:\/\/garageblogec.com\/?p=3296\" class=\"_self\" target=\"_self\" >El tablero desapareci\u00f3, ahora el auto es una pantalla inteligente<\/a><\/h4><div class=\"pt-cv-meta-fields\"><span class=\"entry-date\"> <time datetime=\"2026-04-14T20:21:20+00:00\">abril 14, 2026<\/time><\/span><span> \/ <\/span><span class=\"author\"> <a href=\"https:\/\/garageblogec.com\/?author=6\" rel=\"author\">gabi1212<\/a><\/span><\/div><\/div><\/div>\n<div class=\" pt-cv-content-item pt-cv-1-col\" ><div class=\"pt-cv-thumb-wrapper  \"><a href=\"https:\/\/garageblogec.com\/?p=3291\" class=\"_self pt-cv-href-thumbnail pt-cv-thumb-default\" target=\"_self\" ><img loading=\"lazy\" decoding=\"async\" width=\"768\" height=\"432\" src=\"https:\/\/garageblogec.com\/wp-content\/uploads\/2026\/04\/WhatsApp-Image-2026-04-14-at-2.21.27-PM-768x432.jpeg\" class=\"pt-cv-thumbnail\" alt=\"\" \/><\/a><\/div>\n<div class=\"pt-cv-overlay-wrapper\"><div class=\"pt-cv-taxoterm above_title\"><a href='https:\/\/garageblogec.com\/?cat=27' title='Industria Nacional' class='pt-cv-tax-industria-nacional'>Industria Nacional<\/a><\/div><h4 class=\"pt-cv-title\"><a href=\"https:\/\/garageblogec.com\/?p=3291\" class=\"_self\" target=\"_self\" >Seguridad al volante en Ecuador: los errores m\u00e1s comunes que cometen los conductores<\/a><\/h4><div class=\"pt-cv-meta-fields\"><span class=\"entry-date\"> <time datetime=\"2026-04-14T20:08:54+00:00\">abril 14, 2026<\/time><\/span><span> \/ <\/span><span class=\"author\"> <a href=\"https:\/\/garageblogec.com\/?author=6\" rel=\"author\">gabi1212<\/a><\/span><\/div><\/div><\/div>\n<div class=\" pt-cv-content-item pt-cv-1-col\" ><div class=\"pt-cv-thumb-wrapper  \"><a href=\"https:\/\/garageblogec.com\/?p=3286\" class=\"_self pt-cv-href-thumbnail pt-cv-thumb-default\" target=\"_self\" ><img loading=\"lazy\" decoding=\"async\" width=\"768\" height=\"492\" src=\"https:\/\/garageblogec.com\/wp-content\/uploads\/2026\/04\/Posventa.jpg-768x492.jpeg\" class=\"pt-cv-thumbnail\" alt=\"\" \/><\/a><\/div>\n<div class=\"pt-cv-overlay-wrapper\"><div class=\"pt-cv-taxoterm above_title\"><a href='https:\/\/garageblogec.com\/?cat=27' title='Industria Nacional' class='pt-cv-tax-industria-nacional'>Industria Nacional<\/a><\/div><h4 class=\"pt-cv-title\"><a href=\"https:\/\/garageblogec.com\/?p=3286\" class=\"_self\" target=\"_self\" >Clientes Nissan reciben cambios de aceite infinitos<\/a><\/h4><div class=\"pt-cv-meta-fields\"><span class=\"entry-date\"> <time datetime=\"2026-04-14T20:04:08+00:00\">abril 14, 2026<\/time><\/span><span> \/ <\/span><span class=\"author\"> <a href=\"https:\/\/garageblogec.com\/?author=6\" rel=\"author\">gabi1212<\/a><\/span><\/div><\/div><\/div>\n<div class=\" pt-cv-content-item pt-cv-1-col\" ><div class=\"pt-cv-thumb-wrapper  \"><a href=\"https:\/\/garageblogec.com\/?p=3280\" class=\"_self pt-cv-href-thumbnail pt-cv-thumb-default\" target=\"_self\" ><img loading=\"lazy\" decoding=\"async\" width=\"768\" height=\"512\" src=\"https:\/\/garageblogec.com\/wp-content\/uploads\/2026\/04\/foto1-768x512.jpeg\" class=\"pt-cv-thumbnail\" alt=\"\" \/><\/a><\/div>\n<div class=\"pt-cv-overlay-wrapper\"><div class=\"pt-cv-taxoterm above_title\"><a href='https:\/\/garageblogec.com\/?cat=27' title='Industria Nacional' class='pt-cv-tax-industria-nacional'>Industria Nacional<\/a><\/div><h4 class=\"pt-cv-title\"><a href=\"https:\/\/garageblogec.com\/?p=3280\" class=\"_self\" target=\"_self\" >Movilidad como inversi\u00f3n: el uso de utilidades que crece en Ecuador<\/a><\/h4><div class=\"pt-cv-meta-fields\"><span class=\"entry-date\"> <time datetime=\"2026-04-07T19:55:36+00:00\">abril 7, 2026<\/time><\/span><span> \/ <\/span><span class=\"author\"> <a href=\"https:\/\/garageblogec.com\/?author=6\" rel=\"author\">gabi1212<\/a><\/span><\/div><\/div><\/div>\n<div class=\" pt-cv-content-item pt-cv-1-col\" ><div class=\"pt-cv-thumb-wrapper  \"><a href=\"https:\/\/garageblogec.com\/?p=3276\" class=\"_self pt-cv-href-thumbnail pt-cv-thumb-default\" target=\"_self\" ><img loading=\"lazy\" decoding=\"async\" width=\"745\" height=\"491\" src=\"https:\/\/garageblogec.com\/wp-content\/uploads\/2026\/04\/TT.png\" class=\"pt-cv-thumbnail\" alt=\"\" \/><\/a><\/div>\n<div class=\"pt-cv-overlay-wrapper\"><div class=\"pt-cv-taxoterm above_title\"><a href='https:\/\/garageblogec.com\/?cat=27' title='Industria Nacional' class='pt-cv-tax-industria-nacional'>Industria Nacional<\/a><\/div><h4 class=\"pt-cv-title\"><a href=\"https:\/\/garageblogec.com\/?p=3276\" class=\"_self\" target=\"_self\" >Lluvias en Ecuador: C\u00f3mo reducir riesgos en carretera y prevenir accidentes en calzada mojada<\/a><\/h4><div class=\"pt-cv-meta-fields\"><span class=\"entry-date\"> <time datetime=\"2026-04-07T19:46:52+00:00\">abril 7, 2026<\/time><\/span><span> \/ <\/span><span class=\"author\"> <a href=\"https:\/\/garageblogec.com\/?author=6\" rel=\"author\">gabi1212<\/a><\/span><\/div><\/div><\/div><\/div><\/div> <\/div> <style>\n#pt-cv-view-8ufxib0r .pt-cv-thumb-wrapper::before {background: rgba(0,0,0,.4); opacity: 0.8;}#pt-cv-view-8ufxib0r .pt-cv-overlay-wrapper {justify-content: center;}\n#pt-cv-view-8ufxib0r .pt-cv-meta-fields {  }#pt-cv-view-8ufxib0r .pt-cv-meta-fields * { font-size: 13px; }#pt-cv-view-8ufxib0r .pt-cv-title a { display: block; }#pt-cv-view-8ufxib0r .pt-cv-title:not(.pt-cv-titlesm) a { font-weight: 600;text-decoration: none;font-size: 20px; }#pt-cv-view-8ufxib0r .pt-cv-titlesm a { font-weight: 600;font-size: 18px; }#pt-cv-view-8ufxib0r .pt-cv-content { font-size: 15px; }#pt-cv-view-8ufxib0r .pt-cv-rmwrap {  }#pt-cv-view-8ufxib0r .pt-cv-readmore { color: #fff;background-color: #0075ff;font-size: 14px; }#pt-cv-view-8ufxib0r .pt-cv-taxoterm { margin: 0px 0px 20px 0px; }#pt-cv-view-8ufxib0r .pt-cv-taxoterm * { color: #222;background-color: #fff6f6;font-size: 14px; }#pt-cv-view-8ufxib0r + .pt-cv-pagination-wrapper {  }#pt-cv-view-8ufxib0r + .pt-cv-pagination-wrapper a { font-size: 14px; }#pt-cv-view-8ufxib0r > .pt-cv-page {grid-template-columns: repeat(3, 1fr);grid-auto-rows: 250px;grid-gap: 10px;}\n@media all and (max-width: 1024px) { \n#pt-cv-view-8ufxib0r > .pt-cv-page {}\n} \n@media all and (max-width: 767px) { \n#pt-cv-view-8ufxib0r > .pt-cv-page {grid-template-columns: repeat(1, 1fr);}\n} <\/style>","protected":false},"excerpt":{"rendered":"<p>En un momento clave para la transformaci\u00f3n del transporte a nivel global, la marca GAC reafirma su posici\u00f3n como uno de los actores m\u00e1s visionarios de la industria automotriz, apostando por la movilidad sostenible como eje central de su estrategia de innovaci\u00f3n y expansi\u00f3n. Con una ruta clara hacia la electrificaci\u00f3n y el desarrollo tecnol\u00f3gico, [&hellip;]<\/p>\n","protected":false},"author":6,"featured_media":2400,"comment_status":"open","ping_status":"open","sticky":false,"template":"","format":"standard","meta":{"_jetpack_memberships_contains_paid_content":false,"footnotes":""},"categories":[27],"tags":[],"class_list":["post-2399","post","type-post","status-publish","format-standard","has-post-thumbnail","hentry","category-industria-nacional"],"yoast_head":"<!-- This site is optimized with the Yoast SEO plugin v27.5 - https:\/\/yoast.com\/product\/yoast-seo-wordpress\/ -->\n<title>GAC IMPULSA LA MOVILIDAD SOSTENIBLE - Garage Blog Ecuador<\/title>\n<meta name=\"robots\" content=\"index, follow, max-snippet:-1, max-image-preview:large, max-video-preview:-1\" \/>\n<link rel=\"canonical\" href=\"https:\/\/garageblogec.com\/?p=2399\" \/>\n<meta property=\"og:locale\" content=\"es_ES\" \/>\n<meta property=\"og:type\" content=\"article\" \/>\n<meta property=\"og:title\" content=\"GAC IMPULSA LA MOVILIDAD SOSTENIBLE - Garage Blog Ecuador\" \/>\n<meta property=\"og:description\" content=\"En un momento clave para la transformaci\u00f3n del transporte a nivel global, la marca GAC reafirma su posici\u00f3n como uno de los actores m\u00e1s visionarios de la industria automotriz, apostando por la movilidad sostenible como eje central de su estrategia de innovaci\u00f3n y expansi\u00f3n. Con una ruta clara hacia la electrificaci\u00f3n y el desarrollo tecnol\u00f3gico, [&hellip;]\" \/>\n<meta property=\"og:url\" content=\"https:\/\/garageblogec.com\/?p=2399\" \/>\n<meta property=\"og:site_name\" content=\"Garage Blog Ecuador\" \/>\n<meta property=\"article:published_time\" content=\"2025-08-12T17:11:55+00:00\" \/>\n<meta property=\"article:modified_time\" content=\"2025-08-12T17:12:02+00:00\" \/>\n<meta property=\"og:image\" content=\"https:\/\/garageblogec.com\/wp-content\/uploads\/2025\/08\/WhatsApp-Image-2025-08-12-at-10.19.04-AM.jpeg\" \/>\n\t<meta property=\"og:image:width\" content=\"1600\" \/>\n\t<meta property=\"og:image:height\" content=\"1067\" \/>\n\t<meta property=\"og:image:type\" content=\"image\/jpeg\" \/>\n<meta name=\"author\" content=\"gabi1212\" \/>\n<meta name=\"twitter:card\" content=\"summary_large_image\" \/>\n<meta name=\"twitter:label1\" content=\"Escrito por\" \/>\n\t<meta name=\"twitter:data1\" content=\"gabi1212\" \/>\n\t<meta name=\"twitter:label2\" content=\"Tiempo de lectura\" \/>\n\t<meta name=\"twitter:data2\" content=\"3 minutos\" \/>\n<script type=\"application\/ld+json\" class=\"yoast-schema-graph\">{\"@context\":\"https:\\\/\\\/schema.org\",\"@graph\":[{\"@type\":\"Article\",\"@id\":\"https:\\\/\\\/garageblogec.com\\\/?p=2399#article\",\"isPartOf\":{\"@id\":\"https:\\\/\\\/garageblogec.com\\\/?p=2399\"},\"author\":{\"name\":\"gabi1212\",\"@id\":\"https:\\\/\\\/garageblogec.com\\\/#\\\/schema\\\/person\\\/635f4b76c0cb3e43b82fe6f7d8bcceea\"},\"headline\":\"GAC IMPULSA LA MOVILIDAD SOSTENIBLE\",\"datePublished\":\"2025-08-12T17:11:55+00:00\",\"dateModified\":\"2025-08-12T17:12:02+00:00\",\"mainEntityOfPage\":{\"@id\":\"https:\\\/\\\/garageblogec.com\\\/?p=2399\"},\"wordCount\":518,\"commentCount\":0,\"publisher\":{\"@id\":\"https:\\\/\\\/garageblogec.com\\\/#organization\"},\"image\":{\"@id\":\"https:\\\/\\\/garageblogec.com\\\/?p=2399#primaryimage\"},\"thumbnailUrl\":\"https:\\\/\\\/garageblogec.com\\\/wp-content\\\/uploads\\\/2025\\\/08\\\/WhatsApp-Image-2025-08-12-at-10.19.04-AM.jpeg\",\"articleSection\":[\"Industria Nacional\"],\"inLanguage\":\"es\",\"potentialAction\":[{\"@type\":\"CommentAction\",\"name\":\"Comment\",\"target\":[\"https:\\\/\\\/garageblogec.com\\\/?p=2399#respond\"]}]},{\"@type\":\"WebPage\",\"@id\":\"https:\\\/\\\/garageblogec.com\\\/?p=2399\",\"url\":\"https:\\\/\\\/garageblogec.com\\\/?p=2399\",\"name\":\"GAC IMPULSA LA MOVILIDAD SOSTENIBLE - Garage Blog Ecuador\",\"isPartOf\":{\"@id\":\"https:\\\/\\\/garageblogec.com\\\/#website\"},\"primaryImageOfPage\":{\"@id\":\"https:\\\/\\\/garageblogec.com\\\/?p=2399#primaryimage\"},\"image\":{\"@id\":\"https:\\\/\\\/garageblogec.com\\\/?p=2399#primaryimage\"},\"thumbnailUrl\":\"https:\\\/\\\/garageblogec.com\\\/wp-content\\\/uploads\\\/2025\\\/08\\\/WhatsApp-Image-2025-08-12-at-10.19.04-AM.jpeg\",\"datePublished\":\"2025-08-12T17:11:55+00:00\",\"dateModified\":\"2025-08-12T17:12:02+00:00\",\"breadcrumb\":{\"@id\":\"https:\\\/\\\/garageblogec.com\\\/?p=2399#breadcrumb\"},\"inLanguage\":\"es\",\"potentialAction\":[{\"@type\":\"ReadAction\",\"target\":[\"https:\\\/\\\/garageblogec.com\\\/?p=2399\"]}]},{\"@type\":\"ImageObject\",\"inLanguage\":\"es\",\"@id\":\"https:\\\/\\\/garageblogec.com\\\/?p=2399#primaryimage\",\"url\":\"https:\\\/\\\/garageblogec.com\\\/wp-content\\\/uploads\\\/2025\\\/08\\\/WhatsApp-Image-2025-08-12-at-10.19.04-AM.jpeg\",\"contentUrl\":\"https:\\\/\\\/garageblogec.com\\\/wp-content\\\/uploads\\\/2025\\\/08\\\/WhatsApp-Image-2025-08-12-at-10.19.04-AM.jpeg\",\"width\":1600,\"height\":1067},{\"@type\":\"BreadcrumbList\",\"@id\":\"https:\\\/\\\/garageblogec.com\\\/?p=2399#breadcrumb\",\"itemListElement\":[{\"@type\":\"ListItem\",\"position\":1,\"name\":\"Portada\",\"item\":\"https:\\\/\\\/garageblogec.com\\\/\"},{\"@type\":\"ListItem\",\"position\":2,\"name\":\"GAC IMPULSA LA MOVILIDAD SOSTENIBLE\"}]},{\"@type\":\"WebSite\",\"@id\":\"https:\\\/\\\/garageblogec.com\\\/#website\",\"url\":\"https:\\\/\\\/garageblogec.com\\\/\",\"name\":\"Garage Blog Ecuador\",\"description\":\"Alucinamos por los autos \",\"publisher\":{\"@id\":\"https:\\\/\\\/garageblogec.com\\\/#organization\"},\"potentialAction\":[{\"@type\":\"SearchAction\",\"target\":{\"@type\":\"EntryPoint\",\"urlTemplate\":\"https:\\\/\\\/garageblogec.com\\\/?s={search_term_string}\"},\"query-input\":{\"@type\":\"PropertyValueSpecification\",\"valueRequired\":true,\"valueName\":\"search_term_string\"}}],\"inLanguage\":\"es\"},{\"@type\":\"Organization\",\"@id\":\"https:\\\/\\\/garageblogec.com\\\/#organization\",\"name\":\"Garage Blog Ecuador\",\"url\":\"https:\\\/\\\/garageblogec.com\\\/\",\"logo\":{\"@type\":\"ImageObject\",\"inLanguage\":\"es\",\"@id\":\"https:\\\/\\\/garageblogec.com\\\/#\\\/schema\\\/logo\\\/image\\\/\",\"url\":\"https:\\\/\\\/garageblogec.com\\\/wp-content\\\/uploads\\\/2024\\\/02\\\/cropped-logo-png-para-blog.webp\",\"contentUrl\":\"https:\\\/\\\/garageblogec.com\\\/wp-content\\\/uploads\\\/2024\\\/02\\\/cropped-logo-png-para-blog.webp\",\"width\":840,\"height\":556,\"caption\":\"Garage Blog Ecuador \"},\"image\":{\"@id\":\"https:\\\/\\\/garageblogec.com\\\/#\\\/schema\\\/logo\\\/image\\\/\"}},{\"@type\":\"Person\",\"@id\":\"https:\\\/\\\/garageblogec.com\\\/#\\\/schema\\\/person\\\/635f4b76c0cb3e43b82fe6f7d8bcceea\",\"name\":\"gabi1212\",\"image\":{\"@type\":\"ImageObject\",\"inLanguage\":\"es\",\"@id\":\"https:\\\/\\\/secure.gravatar.com\\\/avatar\\\/6aa491f45cb359d4d6dd8c430e83f78899c80569c27d21156e19bbdcd31d1811?s=96&d=mm&r=g\",\"url\":\"https:\\\/\\\/secure.gravatar.com\\\/avatar\\\/6aa491f45cb359d4d6dd8c430e83f78899c80569c27d21156e19bbdcd31d1811?s=96&d=mm&r=g\",\"contentUrl\":\"https:\\\/\\\/secure.gravatar.com\\\/avatar\\\/6aa491f45cb359d4d6dd8c430e83f78899c80569c27d21156e19bbdcd31d1811?s=96&d=mm&r=g\",\"caption\":\"gabi1212\"},\"url\":\"https:\\\/\\\/garageblogec.com\\\/?author=6\"}]}<\/script>\n<!-- \/ Yoast SEO plugin. -->","yoast_head_json":{"title":"GAC IMPULSA LA MOVILIDAD SOSTENIBLE - Garage Blog Ecuador","robots":{"index":"index","follow":"follow","max-snippet":"max-snippet:-1","max-image-preview":"max-image-preview:large","max-video-preview":"max-video-preview:-1"},"canonical":"https:\/\/garageblogec.com\/?p=2399","og_locale":"es_ES","og_type":"article","og_title":"GAC IMPULSA LA MOVILIDAD SOSTENIBLE - Garage Blog Ecuador","og_description":"En un momento clave para la transformaci\u00f3n del transporte a nivel global, la marca GAC reafirma su posici\u00f3n como uno de los actores m\u00e1s visionarios de la industria automotriz, apostando por la movilidad sostenible como eje central de su estrategia de innovaci\u00f3n y expansi\u00f3n. Con una ruta clara hacia la electrificaci\u00f3n y el desarrollo tecnol\u00f3gico, [&hellip;]","og_url":"https:\/\/garageblogec.com\/?p=2399","og_site_name":"Garage Blog Ecuador","article_published_time":"2025-08-12T17:11:55+00:00","article_modified_time":"2025-08-12T17:12:02+00:00","og_image":[{"width":1600,"height":1067,"url":"https:\/\/garageblogec.com\/wp-content\/uploads\/2025\/08\/WhatsApp-Image-2025-08-12-at-10.19.04-AM.jpeg","type":"image\/jpeg"}],"author":"gabi1212","twitter_card":"summary_large_image","twitter_misc":{"Escrito por":"gabi1212","Tiempo de lectura":"3 minutos"},"schema":{"@context":"https:\/\/schema.org","@graph":[{"@type":"Article","@id":"https:\/\/garageblogec.com\/?p=2399#article","isPartOf":{"@id":"https:\/\/garageblogec.com\/?p=2399"},"author":{"name":"gabi1212","@id":"https:\/\/garageblogec.com\/#\/schema\/person\/635f4b76c0cb3e43b82fe6f7d8bcceea"},"headline":"GAC IMPULSA LA MOVILIDAD SOSTENIBLE","datePublished":"2025-08-12T17:11:55+00:00","dateModified":"2025-08-12T17:12:02+00:00","mainEntityOfPage":{"@id":"https:\/\/garageblogec.com\/?p=2399"},"wordCount":518,"commentCount":0,"publisher":{"@id":"https:\/\/garageblogec.com\/#organization"},"image":{"@id":"https:\/\/garageblogec.com\/?p=2399#primaryimage"},"thumbnailUrl":"https:\/\/garageblogec.com\/wp-content\/uploads\/2025\/08\/WhatsApp-Image-2025-08-12-at-10.19.04-AM.jpeg","articleSection":["Industria Nacional"],"inLanguage":"es","potentialAction":[{"@type":"CommentAction","name":"Comment","target":["https:\/\/garageblogec.com\/?p=2399#respond"]}]},{"@type":"WebPage","@id":"https:\/\/garageblogec.com\/?p=2399","url":"https:\/\/garageblogec.com\/?p=2399","name":"GAC IMPULSA LA MOVILIDAD SOSTENIBLE - Garage Blog Ecuador","isPartOf":{"@id":"https:\/\/garageblogec.com\/#website"},"primaryImageOfPage":{"@id":"https:\/\/garageblogec.com\/?p=2399#primaryimage"},"image":{"@id":"https:\/\/garageblogec.com\/?p=2399#primaryimage"},"thumbnailUrl":"https:\/\/garageblogec.com\/wp-content\/uploads\/2025\/08\/WhatsApp-Image-2025-08-12-at-10.19.04-AM.jpeg","datePublished":"2025-08-12T17:11:55+00:00","dateModified":"2025-08-12T17:12:02+00:00","breadcrumb":{"@id":"https:\/\/garageblogec.com\/?p=2399#breadcrumb"},"inLanguage":"es","potentialAction":[{"@type":"ReadAction","target":["https:\/\/garageblogec.com\/?p=2399"]}]},{"@type":"ImageObject","inLanguage":"es","@id":"https:\/\/garageblogec.com\/?p=2399#primaryimage","url":"https:\/\/garageblogec.com\/wp-content\/uploads\/2025\/08\/WhatsApp-Image-2025-08-12-at-10.19.04-AM.jpeg","contentUrl":"https:\/\/garageblogec.com\/wp-content\/uploads\/2025\/08\/WhatsApp-Image-2025-08-12-at-10.19.04-AM.jpeg","width":1600,"height":1067},{"@type":"BreadcrumbList","@id":"https:\/\/garageblogec.com\/?p=2399#breadcrumb","itemListElement":[{"@type":"ListItem","position":1,"name":"Portada","item":"https:\/\/garageblogec.com\/"},{"@type":"ListItem","position":2,"name":"GAC IMPULSA LA MOVILIDAD SOSTENIBLE"}]},{"@type":"WebSite","@id":"https:\/\/garageblogec.com\/#website","url":"https:\/\/garageblogec.com\/","name":"Garage Blog Ecuador","description":"Alucinamos por los autos ","publisher":{"@id":"https:\/\/garageblogec.com\/#organization"},"potentialAction":[{"@type":"SearchAction","target":{"@type":"EntryPoint","urlTemplate":"https:\/\/garageblogec.com\/?s={search_term_string}"},"query-input":{"@type":"PropertyValueSpecification","valueRequired":true,"valueName":"search_term_string"}}],"inLanguage":"es"},{"@type":"Organization","@id":"https:\/\/garageblogec.com\/#organization","name":"Garage Blog Ecuador","url":"https:\/\/garageblogec.com\/","logo":{"@type":"ImageObject","inLanguage":"es","@id":"https:\/\/garageblogec.com\/#\/schema\/logo\/image\/","url":"https:\/\/garageblogec.com\/wp-content\/uploads\/2024\/02\/cropped-logo-png-para-blog.webp","contentUrl":"https:\/\/garageblogec.com\/wp-content\/uploads\/2024\/02\/cropped-logo-png-para-blog.webp","width":840,"height":556,"caption":"Garage Blog Ecuador "},"image":{"@id":"https:\/\/garageblogec.com\/#\/schema\/logo\/image\/"}},{"@type":"Person","@id":"https:\/\/garageblogec.com\/#\/schema\/person\/635f4b76c0cb3e43b82fe6f7d8bcceea","name":"gabi1212","image":{"@type":"ImageObject","inLanguage":"es","@id":"https:\/\/secure.gravatar.com\/avatar\/6aa491f45cb359d4d6dd8c430e83f78899c80569c27d21156e19bbdcd31d1811?s=96&d=mm&r=g","url":"https:\/\/secure.gravatar.com\/avatar\/6aa491f45cb359d4d6dd8c430e83f78899c80569c27d21156e19bbdcd31d1811?s=96&d=mm&r=g","contentUrl":"https:\/\/secure.gravatar.com\/avatar\/6aa491f45cb359d4d6dd8c430e83f78899c80569c27d21156e19bbdcd31d1811?s=96&d=mm&r=g","caption":"gabi1212"},"url":"https:\/\/garageblogec.com\/?author=6"}]}},"jetpack_featured_media_url":"https:\/\/garageblogec.com\/wp-content\/uploads\/2025\/08\/WhatsApp-Image-2025-08-12-at-10.19.04-AM.jpeg","jetpack_sharing_enabled":true,"_links":{"self":[{"href":"https:\/\/garageblogec.com\/index.php?rest_route=\/wp\/v2\/posts\/2399","targetHints":{"allow":["GET"]}}],"collection":[{"href":"https:\/\/garageblogec.com\/index.php?rest_route=\/wp\/v2\/posts"}],"about":[{"href":"https:\/\/garageblogec.com\/index.php?rest_route=\/wp\/v2\/types\/post"}],"author":[{"embeddable":true,"href":"https:\/\/garageblogec.com\/index.php?rest_route=\/wp\/v2\/users\/6"}],"replies":[{"embeddable":true,"href":"https:\/\/garageblogec.com\/index.php?rest_route=%2Fwp%2Fv2%2Fcomments&post=2399"}],"version-history":[{"count":1,"href":"https:\/\/garageblogec.com\/index.php?rest_route=\/wp\/v2\/posts\/2399\/revisions"}],"predecessor-version":[{"id":2402,"href":"https:\/\/garageblogec.com\/index.php?rest_route=\/wp\/v2\/posts\/2399\/revisions\/2402"}],"wp:featuredmedia":[{"embeddable":true,"href":"https:\/\/garageblogec.com\/index.php?rest_route=\/wp\/v2\/media\/2400"}],"wp:attachment":[{"href":"https:\/\/garageblogec.com\/index.php?rest_route=%2Fwp%2Fv2%2Fmedia&parent=2399"}],"wp:term":[{"taxonomy":"category","embeddable":true,"href":"https:\/\/garageblogec.com\/index.php?rest_route=%2Fwp%2Fv2%2Fcategories&post=2399"},{"taxonomy":"post_tag","embeddable":true,"href":"https:\/\/garageblogec.com\/index.php?rest_route=%2Fwp%2Fv2%2Ftags&post=2399"}],"curies":[{"name":"wp","href":"https:\/\/api.w.org\/{rel}","templated":true}]}}