{"id":2391,"date":"2025-08-06T20:05:16","date_gmt":"2025-08-06T20:05:16","guid":{"rendered":"https:\/\/garageblogec.com\/?p=2391"},"modified":"2025-08-06T20:05:31","modified_gmt":"2025-08-06T20:05:31","slug":"kia-aumenta-el-volumen-de-ventas-en-ecuador","status":"publish","type":"post","link":"https:\/\/garageblogec.com\/?p=2391","title":{"rendered":"KIA aumenta el volumen de ventas en Ecuador"},"content":{"rendered":"\n<p>Kia reafirma su posici\u00f3n como una de las marcas automotrices m\u00e1s s\u00f3lidas y visionarias de Sudam\u00e9rica, consolidando una presencia cada vez m\u00e1s fuerte en Ecuador y Colombia, dos mercados estrat\u00e9gicos donde ha logrado posicionarse como un verdadero s\u00edmbolo de innovaci\u00f3n, confianza y sostenibilidad.<\/p>\n\n\n\n<figure class=\"wp-block-image size-large\"><img fetchpriority=\"high\" decoding=\"async\" width=\"1010\" height=\"1024\" src=\"https:\/\/garageblogec.com\/wp-content\/uploads\/2025\/08\/Portafolio-KIA-Sudame\u0301rica-1010x1024.jpeg\" alt=\"\" class=\"wp-image-2392\" srcset=\"https:\/\/garageblogec.com\/wp-content\/uploads\/2025\/08\/Portafolio-KIA-Sudame\u0301rica-1010x1024.jpeg 1010w, https:\/\/garageblogec.com\/wp-content\/uploads\/2025\/08\/Portafolio-KIA-Sudame\u0301rica-296x300.jpeg 296w, https:\/\/garageblogec.com\/wp-content\/uploads\/2025\/08\/Portafolio-KIA-Sudame\u0301rica-768x778.jpeg 768w, https:\/\/garageblogec.com\/wp-content\/uploads\/2025\/08\/Portafolio-KIA-Sudame\u0301rica.jpeg 1263w\" sizes=\"(max-width: 1010px) 100vw, 1010px\" \/><\/figure>\n\n\n\n<p><br>En la regi\u00f3n, Kia no solo comercializa veh\u00edculos, sino que lidera una transformaci\u00f3n profunda de la movilidad, con una visi\u00f3n centrada en la tecnolog\u00eda, el medio ambiente y las personas. Este liderazgo regional es el resultado de una estrategia integral, coherente y a largo plazo, que pone al cliente en el centro de cada decisi\u00f3n.<\/p>\n\n\n\n<figure class=\"wp-block-image size-large\"><a href=\"https:\/\/www.kia.com\/ec\/main.html\"><img decoding=\"async\" width=\"1024\" height=\"284\" src=\"https:\/\/garageblogec.com\/wp-content\/uploads\/2025\/07\/1080X300_GARAGE-BLOG-1-1024x284.jpg\" alt=\"\" class=\"wp-image-2278\" srcset=\"https:\/\/garageblogec.com\/wp-content\/uploads\/2025\/07\/1080X300_GARAGE-BLOG-1-1024x284.jpg 1024w, https:\/\/garageblogec.com\/wp-content\/uploads\/2025\/07\/1080X300_GARAGE-BLOG-1-300x83.jpg 300w, https:\/\/garageblogec.com\/wp-content\/uploads\/2025\/07\/1080X300_GARAGE-BLOG-1-768x213.jpg 768w, https:\/\/garageblogec.com\/wp-content\/uploads\/2025\/07\/1080X300_GARAGE-BLOG-1.jpg 1080w\" sizes=\"(max-width: 1024px) 100vw, 1024px\" \/><\/a><\/figure>\n\n\n\n<p><br>En Ecuador, Kia se ha consolidado como la marca l\u00edder en movilidad el\u00e9ctrica, gracias a una apuesta temprana y decidida por la electromovilidad. La instalaci\u00f3n de m\u00e1s de 15 electrolineras de carga r\u00e1pida a lo largo del pa\u00eds \u2014\u00fanica en su tipo\u2014 ha permitido que los usuarios disfruten de una experiencia de conducci\u00f3n limpia, segura y sin restricciones, sentando las bases para un futuro m\u00e1s sostenible.<\/p>\n\n\n\n<p><br>Adem\u00e1s, este compromiso con la innovaci\u00f3n y el servicio al cliente ha sido reconocido por el mercado: durante los \u00faltimos cinco meses consecutivos, Kia ha liderado el ranking de ventas a nivel nacional, posicion\u00e1ndose como la marca automotriz m\u00e1s elegida por los ecuatorianos. Un logro que reafirma la confianza del consumidor y el impacto tangible de una estrategia bien ejecutada.<\/p>\n\n\n\n<p><br>En Colombia, Kia ha desplegado una estrategia robusta de expansi\u00f3n, innovaci\u00f3n y cercan\u00eda al cliente, logrando un crecimiento sostenido y una presencia destacada en el mercado automotor. Con un portafolio diverso, que responde a las necesidades de un consumidor cada vez m\u00e1s exigente, y con una red de concesionarios en constante evoluci\u00f3n, la marca se ha convertido en referente de calidad, servicio y tecnolog\u00eda de vanguardia.<br>El liderazgo de Kia no se limita a sus veh\u00edculos. La marca ha construido una propuesta de valor diferenciada, que abarca cada etapa del viaje del cliente: desde la decisi\u00f3n de compra, hasta la experiencia postventa. Kia es la \u00fanica marca en Ecuador con una red propia de electrolineras para sus clientes, adem\u00e1s de una red nacional de concesionarios y soporte t\u00e9cnico, mantenimiento y asistencia que brindan una<br>atenci\u00f3n personalizada, generando relaciones duraderas y de confianza.<br>A nivel regional, Kia impulsa programas de formaci\u00f3n, pruebas de manejo abiertas, asesor\u00eda t\u00e9cnica constante y experiencias digitales que redefinen el est\u00e1ndar de servicio en la industria automotriz. Esta apuesta por la educaci\u00f3n, la tecnolog\u00eda y la mejora continua fortalece su compromiso con el desarrollo econ\u00f3mico y social de los pa\u00edses donde opera.<br>En el \u00faltimo mes, Kia logr\u00f3 un destacado desempe\u00f1o comercial en Sudam\u00e9rica, posicion\u00e1ndose como l\u00edder en dos de los mercados m\u00e1s importantes de la regi\u00f3n. En Ecuador, se vendieron 1.775 unidades, lo que permiti\u00f3 a la marca mantener el primer lugar del mercado nacional. En Colombia, se alcanzaron 3.412 unidades comercializadas, consolid\u00e1ndose tambi\u00e9n como la marca n\u00famero uno del pa\u00eds.<br>Adem\u00e1s, entre enero y julio de 2025, Kia ha registrado un total acumulado de 10.893 veh\u00edculos vendidos en Ecuador y 17.253 en Colombia, cifras que reflejan su crecimiento sostenido y su s\u00f3lida posici\u00f3n como una de las marcas automotrices l\u00edderes en la regi\u00f3n.<br>Con visi\u00f3n, coherencia y compromiso, Kia lidera la transici\u00f3n hacia una movilidad m\u00e1s limpia, m\u00e1s inteligente y, sobre todo, m\u00e1s centrada en las personas. Porque para Kia ser l\u00edderes no es un t\u00edtulo, es una responsabilidad que se honra con innovaci\u00f3n, con cada cliente satisfecho y con cada paso hacia un futuro m\u00e1s verde y sostenible en la regi\u00f3n y en toda Sudam\u00e9rica.<\/p>\n\n\n<div class='pt-cv-wrapper'> <h3 class='pt-cv-heading-container heading1' data-blockid='sdi4fopj'><span class='pt-cv-heading'> Overlay1 <\/span><\/h3><div class=\"pt-cv-view pt-cv-overlaygrid iscvblock iscvreal overlay1 layout1\" id=\"pt-cv-view-sdi4fopj\"><div data-id=\"pt-cv-page-1\" class=\"pt-cv-page\" data-cvc=\"3\"><div class=\" pt-cv-content-item pt-cv-1-col\" ><div class=\"pt-cv-thumb-wrapper  \"><a href=\"https:\/\/garageblogec.com\/?p=3303\" class=\"_self pt-cv-href-thumbnail pt-cv-thumb-default\" target=\"_self\" ><img decoding=\"async\" width=\"768\" height=\"432\" src=\"https:\/\/garageblogec.com\/wp-content\/uploads\/2026\/04\/WhatsApp-Image-2026-04-21-at-1.52.53-PM-768x432.jpeg\" class=\"pt-cv-thumbnail\" alt=\"\" \/><\/a><\/div>\n<div class=\"pt-cv-overlay-wrapper\"><div class=\"pt-cv-taxoterm above_title\"><a href='https:\/\/garageblogec.com\/?cat=27' title='Industria Nacional' class='pt-cv-tax-industria-nacional'>Industria Nacional<\/a><\/div><h4 class=\"pt-cv-title\"><a href=\"https:\/\/garageblogec.com\/?p=3303\" class=\"_self\" target=\"_self\" >Grupo Ambacar presenta en Guayaquil KGM, su nueva marca de SUV h\u00edbridos con respaldo global<\/a><\/h4><div class=\"pt-cv-meta-fields\"><span class=\"entry-date\"> <time datetime=\"2026-04-21T21:37:24+00:00\">abril 21, 2026<\/time><\/span><span> \/ <\/span><span class=\"author\"> <a href=\"https:\/\/garageblogec.com\/?author=6\" rel=\"author\">gabi1212<\/a><\/span><\/div><\/div><\/div>\n<div class=\" pt-cv-content-item pt-cv-1-col\" ><div class=\"pt-cv-thumb-wrapper  \"><a href=\"https:\/\/garageblogec.com\/?p=3296\" class=\"_self pt-cv-href-thumbnail pt-cv-thumb-default\" target=\"_self\" ><img loading=\"lazy\" decoding=\"async\" width=\"768\" height=\"432\" src=\"https:\/\/garageblogec.com\/wp-content\/uploads\/2026\/04\/WhatsApp-Image-2026-04-14-at-3.15.09-PM-768x432.jpeg\" class=\"pt-cv-thumbnail\" alt=\"\" \/><\/a><\/div>\n<div class=\"pt-cv-overlay-wrapper\"><div class=\"pt-cv-taxoterm above_title\"><a href='https:\/\/garageblogec.com\/?cat=27' title='Industria Nacional' class='pt-cv-tax-industria-nacional'>Industria Nacional<\/a><\/div><h4 class=\"pt-cv-title\"><a href=\"https:\/\/garageblogec.com\/?p=3296\" class=\"_self\" target=\"_self\" >El tablero desapareci\u00f3, ahora el auto es una pantalla inteligente<\/a><\/h4><div class=\"pt-cv-meta-fields\"><span class=\"entry-date\"> <time datetime=\"2026-04-14T20:21:20+00:00\">abril 14, 2026<\/time><\/span><span> \/ <\/span><span class=\"author\"> <a href=\"https:\/\/garageblogec.com\/?author=6\" rel=\"author\">gabi1212<\/a><\/span><\/div><\/div><\/div>\n<div class=\" pt-cv-content-item pt-cv-1-col\" ><div class=\"pt-cv-thumb-wrapper  \"><a href=\"https:\/\/garageblogec.com\/?p=3291\" class=\"_self pt-cv-href-thumbnail pt-cv-thumb-default\" target=\"_self\" ><img loading=\"lazy\" decoding=\"async\" width=\"768\" height=\"432\" src=\"https:\/\/garageblogec.com\/wp-content\/uploads\/2026\/04\/WhatsApp-Image-2026-04-14-at-2.21.27-PM-768x432.jpeg\" class=\"pt-cv-thumbnail\" alt=\"\" \/><\/a><\/div>\n<div class=\"pt-cv-overlay-wrapper\"><div class=\"pt-cv-taxoterm above_title\"><a href='https:\/\/garageblogec.com\/?cat=27' title='Industria Nacional' class='pt-cv-tax-industria-nacional'>Industria Nacional<\/a><\/div><h4 class=\"pt-cv-title\"><a href=\"https:\/\/garageblogec.com\/?p=3291\" class=\"_self\" target=\"_self\" >Seguridad al volante en Ecuador: los errores m\u00e1s comunes que cometen los conductores<\/a><\/h4><div class=\"pt-cv-meta-fields\"><span class=\"entry-date\"> <time datetime=\"2026-04-14T20:08:54+00:00\">abril 14, 2026<\/time><\/span><span> \/ <\/span><span class=\"author\"> <a href=\"https:\/\/garageblogec.com\/?author=6\" rel=\"author\">gabi1212<\/a><\/span><\/div><\/div><\/div>\n<div class=\" pt-cv-content-item pt-cv-1-col\" ><div class=\"pt-cv-thumb-wrapper  \"><a href=\"https:\/\/garageblogec.com\/?p=3286\" class=\"_self pt-cv-href-thumbnail pt-cv-thumb-default\" target=\"_self\" ><img loading=\"lazy\" decoding=\"async\" width=\"768\" height=\"492\" src=\"https:\/\/garageblogec.com\/wp-content\/uploads\/2026\/04\/Posventa.jpg-768x492.jpeg\" class=\"pt-cv-thumbnail\" alt=\"\" \/><\/a><\/div>\n<div class=\"pt-cv-overlay-wrapper\"><div class=\"pt-cv-taxoterm above_title\"><a href='https:\/\/garageblogec.com\/?cat=27' title='Industria Nacional' class='pt-cv-tax-industria-nacional'>Industria Nacional<\/a><\/div><h4 class=\"pt-cv-title\"><a href=\"https:\/\/garageblogec.com\/?p=3286\" class=\"_self\" target=\"_self\" >Clientes Nissan reciben cambios de aceite infinitos<\/a><\/h4><div class=\"pt-cv-meta-fields\"><span class=\"entry-date\"> <time datetime=\"2026-04-14T20:04:08+00:00\">abril 14, 2026<\/time><\/span><span> \/ <\/span><span class=\"author\"> <a href=\"https:\/\/garageblogec.com\/?author=6\" rel=\"author\">gabi1212<\/a><\/span><\/div><\/div><\/div>\n<div class=\" pt-cv-content-item pt-cv-1-col\" ><div class=\"pt-cv-thumb-wrapper  \"><a href=\"https:\/\/garageblogec.com\/?p=3280\" class=\"_self pt-cv-href-thumbnail pt-cv-thumb-default\" target=\"_self\" ><img loading=\"lazy\" decoding=\"async\" width=\"768\" height=\"512\" src=\"https:\/\/garageblogec.com\/wp-content\/uploads\/2026\/04\/foto1-768x512.jpeg\" class=\"pt-cv-thumbnail\" alt=\"\" \/><\/a><\/div>\n<div class=\"pt-cv-overlay-wrapper\"><div class=\"pt-cv-taxoterm above_title\"><a href='https:\/\/garageblogec.com\/?cat=27' title='Industria Nacional' class='pt-cv-tax-industria-nacional'>Industria Nacional<\/a><\/div><h4 class=\"pt-cv-title\"><a href=\"https:\/\/garageblogec.com\/?p=3280\" class=\"_self\" target=\"_self\" >Movilidad como inversi\u00f3n: el uso de utilidades que crece en Ecuador<\/a><\/h4><div class=\"pt-cv-meta-fields\"><span class=\"entry-date\"> <time datetime=\"2026-04-07T19:55:36+00:00\">abril 7, 2026<\/time><\/span><span> \/ <\/span><span class=\"author\"> <a href=\"https:\/\/garageblogec.com\/?author=6\" rel=\"author\">gabi1212<\/a><\/span><\/div><\/div><\/div>\n<div class=\" pt-cv-content-item pt-cv-1-col\" ><div class=\"pt-cv-thumb-wrapper  \"><a href=\"https:\/\/garageblogec.com\/?p=3276\" class=\"_self pt-cv-href-thumbnail pt-cv-thumb-default\" target=\"_self\" ><img loading=\"lazy\" decoding=\"async\" width=\"745\" height=\"491\" src=\"https:\/\/garageblogec.com\/wp-content\/uploads\/2026\/04\/TT.png\" class=\"pt-cv-thumbnail\" alt=\"\" \/><\/a><\/div>\n<div class=\"pt-cv-overlay-wrapper\"><div class=\"pt-cv-taxoterm above_title\"><a href='https:\/\/garageblogec.com\/?cat=27' title='Industria Nacional' class='pt-cv-tax-industria-nacional'>Industria Nacional<\/a><\/div><h4 class=\"pt-cv-title\"><a href=\"https:\/\/garageblogec.com\/?p=3276\" class=\"_self\" target=\"_self\" >Lluvias en Ecuador: C\u00f3mo reducir riesgos en carretera y prevenir accidentes en calzada mojada<\/a><\/h4><div class=\"pt-cv-meta-fields\"><span class=\"entry-date\"> <time datetime=\"2026-04-07T19:46:52+00:00\">abril 7, 2026<\/time><\/span><span> \/ <\/span><span class=\"author\"> <a href=\"https:\/\/garageblogec.com\/?author=6\" rel=\"author\">gabi1212<\/a><\/span><\/div><\/div><\/div><\/div><\/div> <\/div> <style>\n#pt-cv-view-sdi4fopj .pt-cv-thumb-wrapper::before {background: rgba(0,0,0,.4); opacity: 0.8;}#pt-cv-view-sdi4fopj .pt-cv-overlay-wrapper {justify-content: center;}\n#pt-cv-view-sdi4fopj .pt-cv-meta-fields {  }#pt-cv-view-sdi4fopj .pt-cv-meta-fields * { font-size: 13px; }#pt-cv-view-sdi4fopj .pt-cv-title a { display: block; }#pt-cv-view-sdi4fopj .pt-cv-title:not(.pt-cv-titlesm) a { font-weight: 600;text-decoration: none;font-size: 20px; }#pt-cv-view-sdi4fopj .pt-cv-titlesm a { font-weight: 600;font-size: 18px; }#pt-cv-view-sdi4fopj .pt-cv-content { font-size: 15px; }#pt-cv-view-sdi4fopj .pt-cv-rmwrap {  }#pt-cv-view-sdi4fopj .pt-cv-readmore { color: #fff;background-color: #0075ff;font-size: 14px; }#pt-cv-view-sdi4fopj .pt-cv-taxoterm { margin: 0px 0px 20px 0px; }#pt-cv-view-sdi4fopj .pt-cv-taxoterm * { color: #222;background-color: #fff6f6;font-size: 14px; }#pt-cv-view-sdi4fopj + .pt-cv-pagination-wrapper {  }#pt-cv-view-sdi4fopj + .pt-cv-pagination-wrapper a { font-size: 14px; }#pt-cv-view-sdi4fopj > .pt-cv-page {grid-template-columns: repeat(3, 1fr);grid-auto-rows: 250px;grid-gap: 10px;}\n@media all and (max-width: 1024px) { \n#pt-cv-view-sdi4fopj > .pt-cv-page {}\n} \n@media all and (max-width: 767px) { \n#pt-cv-view-sdi4fopj > .pt-cv-page {grid-template-columns: repeat(1, 1fr);}\n} <\/style>","protected":false},"excerpt":{"rendered":"<p>Kia reafirma su posici\u00f3n como una de las marcas automotrices m\u00e1s s\u00f3lidas y visionarias de Sudam\u00e9rica, consolidando una presencia cada vez m\u00e1s fuerte en Ecuador y Colombia, dos mercados estrat\u00e9gicos donde ha logrado posicionarse como un verdadero s\u00edmbolo de innovaci\u00f3n, confianza y sostenibilidad. En la regi\u00f3n, Kia no solo comercializa veh\u00edculos, sino que lidera una [&hellip;]<\/p>\n","protected":false},"author":6,"featured_media":2392,"comment_status":"open","ping_status":"open","sticky":false,"template":"","format":"standard","meta":{"_jetpack_memberships_contains_paid_content":false,"footnotes":""},"categories":[27],"tags":[],"class_list":["post-2391","post","type-post","status-publish","format-standard","has-post-thumbnail","hentry","category-industria-nacional"],"yoast_head":"<!-- This site is optimized with the Yoast SEO plugin v27.5 - https:\/\/yoast.com\/product\/yoast-seo-wordpress\/ -->\n<title>KIA aumenta el volumen de ventas en Ecuador - Garage Blog Ecuador<\/title>\n<meta name=\"robots\" content=\"index, follow, max-snippet:-1, max-image-preview:large, max-video-preview:-1\" \/>\n<link rel=\"canonical\" href=\"https:\/\/garageblogec.com\/?p=2391\" \/>\n<meta property=\"og:locale\" content=\"es_ES\" \/>\n<meta property=\"og:type\" content=\"article\" \/>\n<meta property=\"og:title\" content=\"KIA aumenta el volumen de ventas en Ecuador - Garage Blog Ecuador\" \/>\n<meta property=\"og:description\" content=\"Kia reafirma su posici\u00f3n como una de las marcas automotrices m\u00e1s s\u00f3lidas y visionarias de Sudam\u00e9rica, consolidando una presencia cada vez m\u00e1s fuerte en Ecuador y Colombia, dos mercados estrat\u00e9gicos donde ha logrado posicionarse como un verdadero s\u00edmbolo de innovaci\u00f3n, confianza y sostenibilidad. En la regi\u00f3n, Kia no solo comercializa veh\u00edculos, sino que lidera una [&hellip;]\" \/>\n<meta property=\"og:url\" content=\"https:\/\/garageblogec.com\/?p=2391\" \/>\n<meta property=\"og:site_name\" content=\"Garage Blog Ecuador\" \/>\n<meta property=\"article:published_time\" content=\"2025-08-06T20:05:16+00:00\" \/>\n<meta property=\"article:modified_time\" content=\"2025-08-06T20:05:31+00:00\" \/>\n<meta property=\"og:image\" content=\"https:\/\/garageblogec.com\/wp-content\/uploads\/2025\/08\/Portafolio-KIA-Sudame\u0301rica.jpeg\" \/>\n\t<meta property=\"og:image:width\" content=\"1263\" \/>\n\t<meta property=\"og:image:height\" content=\"1280\" \/>\n\t<meta property=\"og:image:type\" content=\"image\/jpeg\" \/>\n<meta name=\"author\" content=\"gabi1212\" \/>\n<meta name=\"twitter:card\" content=\"summary_large_image\" \/>\n<meta name=\"twitter:label1\" content=\"Escrito por\" \/>\n\t<meta name=\"twitter:data1\" content=\"gabi1212\" \/>\n\t<meta name=\"twitter:label2\" content=\"Tiempo de lectura\" \/>\n\t<meta name=\"twitter:data2\" content=\"4 minutos\" \/>\n<script type=\"application\/ld+json\" class=\"yoast-schema-graph\">{\"@context\":\"https:\\\/\\\/schema.org\",\"@graph\":[{\"@type\":\"Article\",\"@id\":\"https:\\\/\\\/garageblogec.com\\\/?p=2391#article\",\"isPartOf\":{\"@id\":\"https:\\\/\\\/garageblogec.com\\\/?p=2391\"},\"author\":{\"name\":\"gabi1212\",\"@id\":\"https:\\\/\\\/garageblogec.com\\\/#\\\/schema\\\/person\\\/635f4b76c0cb3e43b82fe6f7d8bcceea\"},\"headline\":\"KIA aumenta el volumen de ventas en Ecuador\",\"datePublished\":\"2025-08-06T20:05:16+00:00\",\"dateModified\":\"2025-08-06T20:05:31+00:00\",\"mainEntityOfPage\":{\"@id\":\"https:\\\/\\\/garageblogec.com\\\/?p=2391\"},\"wordCount\":658,\"commentCount\":0,\"publisher\":{\"@id\":\"https:\\\/\\\/garageblogec.com\\\/#organization\"},\"image\":{\"@id\":\"https:\\\/\\\/garageblogec.com\\\/?p=2391#primaryimage\"},\"thumbnailUrl\":\"https:\\\/\\\/garageblogec.com\\\/wp-content\\\/uploads\\\/2025\\\/08\\\/Portafolio-KIA-Sudame\u0301rica.jpeg\",\"articleSection\":[\"Industria Nacional\"],\"inLanguage\":\"es\",\"potentialAction\":[{\"@type\":\"CommentAction\",\"name\":\"Comment\",\"target\":[\"https:\\\/\\\/garageblogec.com\\\/?p=2391#respond\"]}]},{\"@type\":\"WebPage\",\"@id\":\"https:\\\/\\\/garageblogec.com\\\/?p=2391\",\"url\":\"https:\\\/\\\/garageblogec.com\\\/?p=2391\",\"name\":\"KIA aumenta el volumen de ventas en Ecuador - Garage Blog Ecuador\",\"isPartOf\":{\"@id\":\"https:\\\/\\\/garageblogec.com\\\/#website\"},\"primaryImageOfPage\":{\"@id\":\"https:\\\/\\\/garageblogec.com\\\/?p=2391#primaryimage\"},\"image\":{\"@id\":\"https:\\\/\\\/garageblogec.com\\\/?p=2391#primaryimage\"},\"thumbnailUrl\":\"https:\\\/\\\/garageblogec.com\\\/wp-content\\\/uploads\\\/2025\\\/08\\\/Portafolio-KIA-Sudame\u0301rica.jpeg\",\"datePublished\":\"2025-08-06T20:05:16+00:00\",\"dateModified\":\"2025-08-06T20:05:31+00:00\",\"breadcrumb\":{\"@id\":\"https:\\\/\\\/garageblogec.com\\\/?p=2391#breadcrumb\"},\"inLanguage\":\"es\",\"potentialAction\":[{\"@type\":\"ReadAction\",\"target\":[\"https:\\\/\\\/garageblogec.com\\\/?p=2391\"]}]},{\"@type\":\"ImageObject\",\"inLanguage\":\"es\",\"@id\":\"https:\\\/\\\/garageblogec.com\\\/?p=2391#primaryimage\",\"url\":\"https:\\\/\\\/garageblogec.com\\\/wp-content\\\/uploads\\\/2025\\\/08\\\/Portafolio-KIA-Sudame\u0301rica.jpeg\",\"contentUrl\":\"https:\\\/\\\/garageblogec.com\\\/wp-content\\\/uploads\\\/2025\\\/08\\\/Portafolio-KIA-Sudame\u0301rica.jpeg\",\"width\":1263,\"height\":1280},{\"@type\":\"BreadcrumbList\",\"@id\":\"https:\\\/\\\/garageblogec.com\\\/?p=2391#breadcrumb\",\"itemListElement\":[{\"@type\":\"ListItem\",\"position\":1,\"name\":\"Portada\",\"item\":\"https:\\\/\\\/garageblogec.com\\\/\"},{\"@type\":\"ListItem\",\"position\":2,\"name\":\"KIA aumenta el volumen de ventas en Ecuador\"}]},{\"@type\":\"WebSite\",\"@id\":\"https:\\\/\\\/garageblogec.com\\\/#website\",\"url\":\"https:\\\/\\\/garageblogec.com\\\/\",\"name\":\"Garage Blog Ecuador\",\"description\":\"Alucinamos por los autos \",\"publisher\":{\"@id\":\"https:\\\/\\\/garageblogec.com\\\/#organization\"},\"potentialAction\":[{\"@type\":\"SearchAction\",\"target\":{\"@type\":\"EntryPoint\",\"urlTemplate\":\"https:\\\/\\\/garageblogec.com\\\/?s={search_term_string}\"},\"query-input\":{\"@type\":\"PropertyValueSpecification\",\"valueRequired\":true,\"valueName\":\"search_term_string\"}}],\"inLanguage\":\"es\"},{\"@type\":\"Organization\",\"@id\":\"https:\\\/\\\/garageblogec.com\\\/#organization\",\"name\":\"Garage Blog Ecuador\",\"url\":\"https:\\\/\\\/garageblogec.com\\\/\",\"logo\":{\"@type\":\"ImageObject\",\"inLanguage\":\"es\",\"@id\":\"https:\\\/\\\/garageblogec.com\\\/#\\\/schema\\\/logo\\\/image\\\/\",\"url\":\"https:\\\/\\\/garageblogec.com\\\/wp-content\\\/uploads\\\/2024\\\/02\\\/cropped-logo-png-para-blog.webp\",\"contentUrl\":\"https:\\\/\\\/garageblogec.com\\\/wp-content\\\/uploads\\\/2024\\\/02\\\/cropped-logo-png-para-blog.webp\",\"width\":840,\"height\":556,\"caption\":\"Garage Blog Ecuador \"},\"image\":{\"@id\":\"https:\\\/\\\/garageblogec.com\\\/#\\\/schema\\\/logo\\\/image\\\/\"}},{\"@type\":\"Person\",\"@id\":\"https:\\\/\\\/garageblogec.com\\\/#\\\/schema\\\/person\\\/635f4b76c0cb3e43b82fe6f7d8bcceea\",\"name\":\"gabi1212\",\"image\":{\"@type\":\"ImageObject\",\"inLanguage\":\"es\",\"@id\":\"https:\\\/\\\/secure.gravatar.com\\\/avatar\\\/6aa491f45cb359d4d6dd8c430e83f78899c80569c27d21156e19bbdcd31d1811?s=96&d=mm&r=g\",\"url\":\"https:\\\/\\\/secure.gravatar.com\\\/avatar\\\/6aa491f45cb359d4d6dd8c430e83f78899c80569c27d21156e19bbdcd31d1811?s=96&d=mm&r=g\",\"contentUrl\":\"https:\\\/\\\/secure.gravatar.com\\\/avatar\\\/6aa491f45cb359d4d6dd8c430e83f78899c80569c27d21156e19bbdcd31d1811?s=96&d=mm&r=g\",\"caption\":\"gabi1212\"},\"url\":\"https:\\\/\\\/garageblogec.com\\\/?author=6\"}]}<\/script>\n<!-- \/ Yoast SEO plugin. -->","yoast_head_json":{"title":"KIA aumenta el volumen de ventas en Ecuador - Garage Blog Ecuador","robots":{"index":"index","follow":"follow","max-snippet":"max-snippet:-1","max-image-preview":"max-image-preview:large","max-video-preview":"max-video-preview:-1"},"canonical":"https:\/\/garageblogec.com\/?p=2391","og_locale":"es_ES","og_type":"article","og_title":"KIA aumenta el volumen de ventas en Ecuador - Garage Blog Ecuador","og_description":"Kia reafirma su posici\u00f3n como una de las marcas automotrices m\u00e1s s\u00f3lidas y visionarias de Sudam\u00e9rica, consolidando una presencia cada vez m\u00e1s fuerte en Ecuador y Colombia, dos mercados estrat\u00e9gicos donde ha logrado posicionarse como un verdadero s\u00edmbolo de innovaci\u00f3n, confianza y sostenibilidad. En la regi\u00f3n, Kia no solo comercializa veh\u00edculos, sino que lidera una [&hellip;]","og_url":"https:\/\/garageblogec.com\/?p=2391","og_site_name":"Garage Blog Ecuador","article_published_time":"2025-08-06T20:05:16+00:00","article_modified_time":"2025-08-06T20:05:31+00:00","og_image":[{"width":1263,"height":1280,"url":"https:\/\/garageblogec.com\/wp-content\/uploads\/2025\/08\/Portafolio-KIA-Sudame\u0301rica.jpeg","type":"image\/jpeg"}],"author":"gabi1212","twitter_card":"summary_large_image","twitter_misc":{"Escrito por":"gabi1212","Tiempo de lectura":"4 minutos"},"schema":{"@context":"https:\/\/schema.org","@graph":[{"@type":"Article","@id":"https:\/\/garageblogec.com\/?p=2391#article","isPartOf":{"@id":"https:\/\/garageblogec.com\/?p=2391"},"author":{"name":"gabi1212","@id":"https:\/\/garageblogec.com\/#\/schema\/person\/635f4b76c0cb3e43b82fe6f7d8bcceea"},"headline":"KIA aumenta el volumen de ventas en Ecuador","datePublished":"2025-08-06T20:05:16+00:00","dateModified":"2025-08-06T20:05:31+00:00","mainEntityOfPage":{"@id":"https:\/\/garageblogec.com\/?p=2391"},"wordCount":658,"commentCount":0,"publisher":{"@id":"https:\/\/garageblogec.com\/#organization"},"image":{"@id":"https:\/\/garageblogec.com\/?p=2391#primaryimage"},"thumbnailUrl":"https:\/\/garageblogec.com\/wp-content\/uploads\/2025\/08\/Portafolio-KIA-Sudame\u0301rica.jpeg","articleSection":["Industria Nacional"],"inLanguage":"es","potentialAction":[{"@type":"CommentAction","name":"Comment","target":["https:\/\/garageblogec.com\/?p=2391#respond"]}]},{"@type":"WebPage","@id":"https:\/\/garageblogec.com\/?p=2391","url":"https:\/\/garageblogec.com\/?p=2391","name":"KIA aumenta el volumen de ventas en Ecuador - Garage Blog Ecuador","isPartOf":{"@id":"https:\/\/garageblogec.com\/#website"},"primaryImageOfPage":{"@id":"https:\/\/garageblogec.com\/?p=2391#primaryimage"},"image":{"@id":"https:\/\/garageblogec.com\/?p=2391#primaryimage"},"thumbnailUrl":"https:\/\/garageblogec.com\/wp-content\/uploads\/2025\/08\/Portafolio-KIA-Sudame\u0301rica.jpeg","datePublished":"2025-08-06T20:05:16+00:00","dateModified":"2025-08-06T20:05:31+00:00","breadcrumb":{"@id":"https:\/\/garageblogec.com\/?p=2391#breadcrumb"},"inLanguage":"es","potentialAction":[{"@type":"ReadAction","target":["https:\/\/garageblogec.com\/?p=2391"]}]},{"@type":"ImageObject","inLanguage":"es","@id":"https:\/\/garageblogec.com\/?p=2391#primaryimage","url":"https:\/\/garageblogec.com\/wp-content\/uploads\/2025\/08\/Portafolio-KIA-Sudame\u0301rica.jpeg","contentUrl":"https:\/\/garageblogec.com\/wp-content\/uploads\/2025\/08\/Portafolio-KIA-Sudame\u0301rica.jpeg","width":1263,"height":1280},{"@type":"BreadcrumbList","@id":"https:\/\/garageblogec.com\/?p=2391#breadcrumb","itemListElement":[{"@type":"ListItem","position":1,"name":"Portada","item":"https:\/\/garageblogec.com\/"},{"@type":"ListItem","position":2,"name":"KIA aumenta el volumen de ventas en Ecuador"}]},{"@type":"WebSite","@id":"https:\/\/garageblogec.com\/#website","url":"https:\/\/garageblogec.com\/","name":"Garage Blog Ecuador","description":"Alucinamos por los autos ","publisher":{"@id":"https:\/\/garageblogec.com\/#organization"},"potentialAction":[{"@type":"SearchAction","target":{"@type":"EntryPoint","urlTemplate":"https:\/\/garageblogec.com\/?s={search_term_string}"},"query-input":{"@type":"PropertyValueSpecification","valueRequired":true,"valueName":"search_term_string"}}],"inLanguage":"es"},{"@type":"Organization","@id":"https:\/\/garageblogec.com\/#organization","name":"Garage Blog Ecuador","url":"https:\/\/garageblogec.com\/","logo":{"@type":"ImageObject","inLanguage":"es","@id":"https:\/\/garageblogec.com\/#\/schema\/logo\/image\/","url":"https:\/\/garageblogec.com\/wp-content\/uploads\/2024\/02\/cropped-logo-png-para-blog.webp","contentUrl":"https:\/\/garageblogec.com\/wp-content\/uploads\/2024\/02\/cropped-logo-png-para-blog.webp","width":840,"height":556,"caption":"Garage Blog Ecuador "},"image":{"@id":"https:\/\/garageblogec.com\/#\/schema\/logo\/image\/"}},{"@type":"Person","@id":"https:\/\/garageblogec.com\/#\/schema\/person\/635f4b76c0cb3e43b82fe6f7d8bcceea","name":"gabi1212","image":{"@type":"ImageObject","inLanguage":"es","@id":"https:\/\/secure.gravatar.com\/avatar\/6aa491f45cb359d4d6dd8c430e83f78899c80569c27d21156e19bbdcd31d1811?s=96&d=mm&r=g","url":"https:\/\/secure.gravatar.com\/avatar\/6aa491f45cb359d4d6dd8c430e83f78899c80569c27d21156e19bbdcd31d1811?s=96&d=mm&r=g","contentUrl":"https:\/\/secure.gravatar.com\/avatar\/6aa491f45cb359d4d6dd8c430e83f78899c80569c27d21156e19bbdcd31d1811?s=96&d=mm&r=g","caption":"gabi1212"},"url":"https:\/\/garageblogec.com\/?author=6"}]}},"jetpack_featured_media_url":"https:\/\/garageblogec.com\/wp-content\/uploads\/2025\/08\/Portafolio-KIA-Sudame\u0301rica.jpeg","jetpack_sharing_enabled":true,"_links":{"self":[{"href":"https:\/\/garageblogec.com\/index.php?rest_route=\/wp\/v2\/posts\/2391","targetHints":{"allow":["GET"]}}],"collection":[{"href":"https:\/\/garageblogec.com\/index.php?rest_route=\/wp\/v2\/posts"}],"about":[{"href":"https:\/\/garageblogec.com\/index.php?rest_route=\/wp\/v2\/types\/post"}],"author":[{"embeddable":true,"href":"https:\/\/garageblogec.com\/index.php?rest_route=\/wp\/v2\/users\/6"}],"replies":[{"embeddable":true,"href":"https:\/\/garageblogec.com\/index.php?rest_route=%2Fwp%2Fv2%2Fcomments&post=2391"}],"version-history":[{"count":1,"href":"https:\/\/garageblogec.com\/index.php?rest_route=\/wp\/v2\/posts\/2391\/revisions"}],"predecessor-version":[{"id":2393,"href":"https:\/\/garageblogec.com\/index.php?rest_route=\/wp\/v2\/posts\/2391\/revisions\/2393"}],"wp:featuredmedia":[{"embeddable":true,"href":"https:\/\/garageblogec.com\/index.php?rest_route=\/wp\/v2\/media\/2392"}],"wp:attachment":[{"href":"https:\/\/garageblogec.com\/index.php?rest_route=%2Fwp%2Fv2%2Fmedia&parent=2391"}],"wp:term":[{"taxonomy":"category","embeddable":true,"href":"https:\/\/garageblogec.com\/index.php?rest_route=%2Fwp%2Fv2%2Fcategories&post=2391"},{"taxonomy":"post_tag","embeddable":true,"href":"https:\/\/garageblogec.com\/index.php?rest_route=%2Fwp%2Fv2%2Ftags&post=2391"}],"curies":[{"name":"wp","href":"https:\/\/api.w.org\/{rel}","templated":true}]}}