{"id":2357,"date":"2025-07-29T19:30:36","date_gmt":"2025-07-29T19:30:36","guid":{"rendered":"https:\/\/garageblogec.com\/?p=2357"},"modified":"2025-07-29T19:30:47","modified_gmt":"2025-07-29T19:30:47","slug":"alex-espinosa-impone-su-poderio-en-chaltura-y-lidera-la-categoria-4-cilindros-del-regional-sierra-4x4","status":"publish","type":"post","link":"https:\/\/garageblogec.com\/?p=2357","title":{"rendered":"Alex Espinosa impone su poder\u00edo en Chaltura y lidera la categor\u00eda 4 cilindros del Regional Sierra 4&#215;4"},"content":{"rendered":"\n<p>El rugido de los motores marcaron el ambiente del pasado domingo en Chaltura, donde se disput\u00f3 la cuarta v\u00e1lida del campeonato Regional Sierra de 4&#215;4. Bajo condiciones extremas, con una pista altamente t\u00e9cnica, cargada de polvo y piedras sueltas, el piloto otavale\u00f1o Alex Espinosa, al mando de la m\u00e1quina 544, se convirti\u00f3 en el gran protagonista de la jornada al llevarse la victoria en la categor\u00eda 4 cilindros, una de las dos divisiones oficiales de la competencia.<\/p>\n\n\n\n<figure class=\"wp-block-image size-large\"><img fetchpriority=\"high\" decoding=\"async\" width=\"768\" height=\"1024\" src=\"https:\/\/garageblogec.com\/wp-content\/uploads\/2025\/07\/WhatsApp-Image-2025-07-29-at-11.41.11-AM-768x1024.jpeg\" alt=\"\" class=\"wp-image-2358\" srcset=\"https:\/\/garageblogec.com\/wp-content\/uploads\/2025\/07\/WhatsApp-Image-2025-07-29-at-11.41.11-AM-768x1023.jpeg 768w, https:\/\/garageblogec.com\/wp-content\/uploads\/2025\/07\/WhatsApp-Image-2025-07-29-at-11.41.11-AM-225x300.jpeg 225w, https:\/\/garageblogec.com\/wp-content\/uploads\/2025\/07\/WhatsApp-Image-2025-07-29-at-11.41.11-AM-1153x1536.jpeg 1153w, https:\/\/garageblogec.com\/wp-content\/uploads\/2025\/07\/WhatsApp-Image-2025-07-29-at-11.41.11-AM.jpeg 1200w\" sizes=\"(max-width: 768px) 100vw, 768px\" \/><\/figure>\n\n\n\n<p>La dupla conformada por Alex Espinosa y su copiloto e hijo, Alex Espinosa Jr., demostr\u00f3 un dominio absoluto desde los primeros momentos. Ya en la manga clasificatoria marcaron el mejor tiempo, dejando claro que no estaban all\u00ed solo para competir, sino para ganar. En la manga final, con una pista m\u00e1s desgastada y a\u00fan m\u00e1s traicionera, reafirmaron su superioridad y cerraron una jornada perfecta que les otorga puntos fundamentales en esta fase crucial del campeonato.<\/p>\n\n\n\n<figure class=\"wp-block-image size-large\"><a href=\"https:\/\/www.kia.com\/ec\/main.html\"><img decoding=\"async\" width=\"1024\" height=\"284\" src=\"https:\/\/garageblogec.com\/wp-content\/uploads\/2025\/07\/1080X300_GARAGE-BLOG-1-1024x284.jpg\" alt=\"\" class=\"wp-image-2278\" srcset=\"https:\/\/garageblogec.com\/wp-content\/uploads\/2025\/07\/1080X300_GARAGE-BLOG-1-1024x284.jpg 1024w, https:\/\/garageblogec.com\/wp-content\/uploads\/2025\/07\/1080X300_GARAGE-BLOG-1-300x83.jpg 300w, https:\/\/garageblogec.com\/wp-content\/uploads\/2025\/07\/1080X300_GARAGE-BLOG-1-768x213.jpg 768w, https:\/\/garageblogec.com\/wp-content\/uploads\/2025\/07\/1080X300_GARAGE-BLOG-1.jpg 1080w\" sizes=\"(max-width: 1024px) 100vw, 1024px\" \/><\/a><\/figure>\n\n\n\n<p>La pista de Chaltura no dio tregua a ning\u00fan piloto. El polvo, que se levantaba como una cortina espesa, dificult\u00f3 la visibilidad vuelta tras vuelta. A eso se sumaron las piedras sueltas y zonas con terreno quebrado que exigieron al m\u00e1ximo la suspensi\u00f3n y el control de cada veh\u00edculo. En ese contexto, el rendimiento de la m\u00e1quina 544 fue impecable. Su preparaci\u00f3n t\u00e9cnica y la compenetraci\u00f3n entre piloto y copiloto fueron claves para completar una carrera sin errores, mientras otros equipos sufr\u00edan con abandonos, retrasos o problemas mec\u00e1nicos.<\/p>\n\n\n\n<p>Esta victoria no solo confirma el excelente momento del equipo Espinosa, sino que tambi\u00e9n resalta la trayectoria y experiencia de Alex Espinosa padre, quien no es ajeno a los grandes triunfos. En 2023, el piloto de Otavalo se consagr\u00f3 campe\u00f3n nacional de la modalidad 4&#215;4, coron\u00e1ndose en la gran final disputada en el COCA, provincia de Francisco de Orellana. Ese t\u00edtulo marc\u00f3 un punto de inflexi\u00f3n en su carrera, consolid\u00e1ndolo como uno de los referentes del 4&#215;4 en Ecuador.<\/p>\n\n\n\n<figure class=\"wp-block-image size-full\"><img decoding=\"async\" width=\"996\" height=\"695\" src=\"https:\/\/garageblogec.com\/wp-content\/uploads\/2025\/07\/WhatsApp-Image-2025-07-29-at-11.42.42-AM.jpeg\" alt=\"\" class=\"wp-image-2359\" srcset=\"https:\/\/garageblogec.com\/wp-content\/uploads\/2025\/07\/WhatsApp-Image-2025-07-29-at-11.42.42-AM.jpeg 996w, https:\/\/garageblogec.com\/wp-content\/uploads\/2025\/07\/WhatsApp-Image-2025-07-29-at-11.42.42-AM-300x209.jpeg 300w, https:\/\/garageblogec.com\/wp-content\/uploads\/2025\/07\/WhatsApp-Image-2025-07-29-at-11.42.42-AM-768x536.jpeg 768w\" sizes=\"(max-width: 996px) 100vw, 996px\" \/><\/figure>\n\n\n\n<p>Ahora, en la temporada 2025, vuelve a mostrar su vigencia con una actuaci\u00f3n dominante que lo posiciona como firme candidato al t\u00edtulo regional. Su experiencia al volante, sumada al trabajo en equipo con su hijo, no solo les est\u00e1 dando resultados en pista, sino que adem\u00e1s transmite un fuerte mensaje de legado familiar y pasi\u00f3n por el deporte motor.<\/p>\n\n\n\n<p>Con esta victoria en Chaltura, Espinosa suma puntos de oro en el ranking general, en un momento clave del campeonato que entra ya en su recta final. La pr\u00f3xima v\u00e1lida se correr\u00e1 el 10 de agosto en Cotacachi, tambi\u00e9n en la provincia de Imbabura, donde se espera otro cap\u00edtulo emocionante en la lucha por el campeonato Regional Sierra 4&#215;4.<\/p>\n\n\n\n<p>La afici\u00f3n y el ambiente vivido en Chaltura confirmaron, una vez m\u00e1s, que el 4&#215;4 no es solo una competencia de m\u00e1quinas, sino tambi\u00e9n de estrategia, t\u00e9cnica, experiencia y coraz\u00f3n. Y en todos esos aspectos, el equipo Espinosa volvi\u00f3 a estar un paso adelante.<\/p>\n\n\n<div class='pt-cv-wrapper'> <h3 class='pt-cv-heading-container heading1' data-blockid='9dy2t41n'><span class='pt-cv-heading'> Overlay1 <\/span><\/h3><div class=\"pt-cv-view pt-cv-overlaygrid iscvblock iscvreal overlay1 layout1\" id=\"pt-cv-view-9dy2t41n\"><div data-id=\"pt-cv-page-1\" class=\"pt-cv-page\" data-cvc=\"3\"><div class=\" pt-cv-content-item pt-cv-1-col\" ><div class=\"pt-cv-thumb-wrapper  \"><a href=\"https:\/\/garageblogec.com\/?p=3303\" class=\"_self pt-cv-href-thumbnail pt-cv-thumb-default\" target=\"_self\" ><img loading=\"lazy\" decoding=\"async\" width=\"768\" height=\"432\" src=\"https:\/\/garageblogec.com\/wp-content\/uploads\/2026\/04\/WhatsApp-Image-2026-04-21-at-1.52.53-PM-768x432.jpeg\" class=\"pt-cv-thumbnail\" alt=\"\" \/><\/a><\/div>\n<div class=\"pt-cv-overlay-wrapper\"><div class=\"pt-cv-taxoterm above_title\"><a href='https:\/\/garageblogec.com\/?cat=27' title='Industria Nacional' class='pt-cv-tax-industria-nacional'>Industria Nacional<\/a><\/div><h4 class=\"pt-cv-title\"><a href=\"https:\/\/garageblogec.com\/?p=3303\" class=\"_self\" target=\"_self\" >Grupo Ambacar presenta en Guayaquil KGM, su nueva marca de SUV h\u00edbridos con respaldo global<\/a><\/h4><div class=\"pt-cv-meta-fields\"><span class=\"entry-date\"> <time datetime=\"2026-04-21T21:37:24+00:00\">abril 21, 2026<\/time><\/span><span> \/ <\/span><span class=\"author\"> <a href=\"https:\/\/garageblogec.com\/?author=6\" rel=\"author\">gabi1212<\/a><\/span><\/div><\/div><\/div>\n<div class=\" pt-cv-content-item pt-cv-1-col\" ><div class=\"pt-cv-thumb-wrapper  \"><a href=\"https:\/\/garageblogec.com\/?p=3296\" class=\"_self pt-cv-href-thumbnail pt-cv-thumb-default\" target=\"_self\" ><img loading=\"lazy\" decoding=\"async\" width=\"768\" height=\"432\" src=\"https:\/\/garageblogec.com\/wp-content\/uploads\/2026\/04\/WhatsApp-Image-2026-04-14-at-3.15.09-PM-768x432.jpeg\" class=\"pt-cv-thumbnail\" alt=\"\" \/><\/a><\/div>\n<div class=\"pt-cv-overlay-wrapper\"><div class=\"pt-cv-taxoterm above_title\"><a href='https:\/\/garageblogec.com\/?cat=27' title='Industria Nacional' class='pt-cv-tax-industria-nacional'>Industria Nacional<\/a><\/div><h4 class=\"pt-cv-title\"><a href=\"https:\/\/garageblogec.com\/?p=3296\" class=\"_self\" target=\"_self\" >El tablero desapareci\u00f3, ahora el auto es una pantalla inteligente<\/a><\/h4><div class=\"pt-cv-meta-fields\"><span class=\"entry-date\"> <time datetime=\"2026-04-14T20:21:20+00:00\">abril 14, 2026<\/time><\/span><span> \/ <\/span><span class=\"author\"> <a href=\"https:\/\/garageblogec.com\/?author=6\" rel=\"author\">gabi1212<\/a><\/span><\/div><\/div><\/div>\n<div class=\" pt-cv-content-item pt-cv-1-col\" ><div class=\"pt-cv-thumb-wrapper  \"><a href=\"https:\/\/garageblogec.com\/?p=3291\" class=\"_self pt-cv-href-thumbnail pt-cv-thumb-default\" target=\"_self\" ><img loading=\"lazy\" decoding=\"async\" width=\"768\" height=\"432\" src=\"https:\/\/garageblogec.com\/wp-content\/uploads\/2026\/04\/WhatsApp-Image-2026-04-14-at-2.21.27-PM-768x432.jpeg\" class=\"pt-cv-thumbnail\" alt=\"\" \/><\/a><\/div>\n<div class=\"pt-cv-overlay-wrapper\"><div class=\"pt-cv-taxoterm above_title\"><a href='https:\/\/garageblogec.com\/?cat=27' title='Industria Nacional' class='pt-cv-tax-industria-nacional'>Industria Nacional<\/a><\/div><h4 class=\"pt-cv-title\"><a href=\"https:\/\/garageblogec.com\/?p=3291\" class=\"_self\" target=\"_self\" >Seguridad al volante en Ecuador: los errores m\u00e1s comunes que cometen los conductores<\/a><\/h4><div class=\"pt-cv-meta-fields\"><span class=\"entry-date\"> <time datetime=\"2026-04-14T20:08:54+00:00\">abril 14, 2026<\/time><\/span><span> \/ <\/span><span class=\"author\"> <a href=\"https:\/\/garageblogec.com\/?author=6\" rel=\"author\">gabi1212<\/a><\/span><\/div><\/div><\/div>\n<div class=\" pt-cv-content-item pt-cv-1-col\" ><div class=\"pt-cv-thumb-wrapper  \"><a href=\"https:\/\/garageblogec.com\/?p=3286\" class=\"_self pt-cv-href-thumbnail pt-cv-thumb-default\" target=\"_self\" ><img loading=\"lazy\" decoding=\"async\" width=\"768\" height=\"492\" src=\"https:\/\/garageblogec.com\/wp-content\/uploads\/2026\/04\/Posventa.jpg-768x492.jpeg\" class=\"pt-cv-thumbnail\" alt=\"\" \/><\/a><\/div>\n<div class=\"pt-cv-overlay-wrapper\"><div class=\"pt-cv-taxoterm above_title\"><a href='https:\/\/garageblogec.com\/?cat=27' title='Industria Nacional' class='pt-cv-tax-industria-nacional'>Industria Nacional<\/a><\/div><h4 class=\"pt-cv-title\"><a href=\"https:\/\/garageblogec.com\/?p=3286\" class=\"_self\" target=\"_self\" >Clientes Nissan reciben cambios de aceite infinitos<\/a><\/h4><div class=\"pt-cv-meta-fields\"><span class=\"entry-date\"> <time datetime=\"2026-04-14T20:04:08+00:00\">abril 14, 2026<\/time><\/span><span> \/ <\/span><span class=\"author\"> <a href=\"https:\/\/garageblogec.com\/?author=6\" rel=\"author\">gabi1212<\/a><\/span><\/div><\/div><\/div>\n<div class=\" pt-cv-content-item pt-cv-1-col\" ><div class=\"pt-cv-thumb-wrapper  \"><a href=\"https:\/\/garageblogec.com\/?p=3280\" class=\"_self pt-cv-href-thumbnail pt-cv-thumb-default\" target=\"_self\" ><img loading=\"lazy\" decoding=\"async\" width=\"768\" height=\"512\" src=\"https:\/\/garageblogec.com\/wp-content\/uploads\/2026\/04\/foto1-768x512.jpeg\" class=\"pt-cv-thumbnail\" alt=\"\" \/><\/a><\/div>\n<div class=\"pt-cv-overlay-wrapper\"><div class=\"pt-cv-taxoterm above_title\"><a href='https:\/\/garageblogec.com\/?cat=27' title='Industria Nacional' class='pt-cv-tax-industria-nacional'>Industria Nacional<\/a><\/div><h4 class=\"pt-cv-title\"><a href=\"https:\/\/garageblogec.com\/?p=3280\" class=\"_self\" target=\"_self\" >Movilidad como inversi\u00f3n: el uso de utilidades que crece en Ecuador<\/a><\/h4><div class=\"pt-cv-meta-fields\"><span class=\"entry-date\"> <time datetime=\"2026-04-07T19:55:36+00:00\">abril 7, 2026<\/time><\/span><span> \/ <\/span><span class=\"author\"> <a href=\"https:\/\/garageblogec.com\/?author=6\" rel=\"author\">gabi1212<\/a><\/span><\/div><\/div><\/div>\n<div class=\" pt-cv-content-item pt-cv-1-col\" ><div class=\"pt-cv-thumb-wrapper  \"><a href=\"https:\/\/garageblogec.com\/?p=3276\" class=\"_self pt-cv-href-thumbnail pt-cv-thumb-default\" target=\"_self\" ><img loading=\"lazy\" decoding=\"async\" width=\"745\" height=\"491\" src=\"https:\/\/garageblogec.com\/wp-content\/uploads\/2026\/04\/TT.png\" class=\"pt-cv-thumbnail\" alt=\"\" \/><\/a><\/div>\n<div class=\"pt-cv-overlay-wrapper\"><div class=\"pt-cv-taxoterm above_title\"><a href='https:\/\/garageblogec.com\/?cat=27' title='Industria Nacional' class='pt-cv-tax-industria-nacional'>Industria Nacional<\/a><\/div><h4 class=\"pt-cv-title\"><a href=\"https:\/\/garageblogec.com\/?p=3276\" class=\"_self\" target=\"_self\" >Lluvias en Ecuador: C\u00f3mo reducir riesgos en carretera y prevenir accidentes en calzada mojada<\/a><\/h4><div class=\"pt-cv-meta-fields\"><span class=\"entry-date\"> <time datetime=\"2026-04-07T19:46:52+00:00\">abril 7, 2026<\/time><\/span><span> \/ <\/span><span class=\"author\"> <a href=\"https:\/\/garageblogec.com\/?author=6\" rel=\"author\">gabi1212<\/a><\/span><\/div><\/div><\/div><\/div><\/div> <\/div> <style>\n#pt-cv-view-9dy2t41n .pt-cv-thumb-wrapper::before {background: rgba(0,0,0,.4); opacity: 0.8;}#pt-cv-view-9dy2t41n .pt-cv-overlay-wrapper {justify-content: center;}\n#pt-cv-view-9dy2t41n .pt-cv-meta-fields {  }#pt-cv-view-9dy2t41n .pt-cv-meta-fields * { font-size: 13px; }#pt-cv-view-9dy2t41n .pt-cv-title a { display: block; }#pt-cv-view-9dy2t41n .pt-cv-title:not(.pt-cv-titlesm) a { font-weight: 600;text-decoration: none;font-size: 20px; }#pt-cv-view-9dy2t41n .pt-cv-titlesm a { font-weight: 600;font-size: 18px; }#pt-cv-view-9dy2t41n .pt-cv-content { font-size: 15px; }#pt-cv-view-9dy2t41n .pt-cv-rmwrap {  }#pt-cv-view-9dy2t41n .pt-cv-readmore { color: #fff;background-color: #0075ff;font-size: 14px; }#pt-cv-view-9dy2t41n .pt-cv-taxoterm { margin: 0px 0px 20px 0px; }#pt-cv-view-9dy2t41n .pt-cv-taxoterm * { color: #222;background-color: #fff6f6;font-size: 14px; }#pt-cv-view-9dy2t41n + .pt-cv-pagination-wrapper {  }#pt-cv-view-9dy2t41n + .pt-cv-pagination-wrapper a { font-size: 14px; }#pt-cv-view-9dy2t41n > .pt-cv-page {grid-template-columns: repeat(3, 1fr);grid-auto-rows: 250px;grid-gap: 10px;}\n@media all and (max-width: 1024px) { \n#pt-cv-view-9dy2t41n > .pt-cv-page {}\n} \n@media all and (max-width: 767px) { \n#pt-cv-view-9dy2t41n > .pt-cv-page {grid-template-columns: repeat(1, 1fr);}\n} <\/style>","protected":false},"excerpt":{"rendered":"<p>El rugido de los motores marcaron el ambiente del pasado domingo en Chaltura, donde se disput\u00f3 la cuarta v\u00e1lida del campeonato Regional Sierra de 4&#215;4. Bajo condiciones extremas, con una pista altamente t\u00e9cnica, cargada de polvo y piedras sueltas, el piloto otavale\u00f1o Alex Espinosa, al mando de la m\u00e1quina 544, se convirti\u00f3 en el gran [&hellip;]<\/p>\n","protected":false},"author":6,"featured_media":2360,"comment_status":"open","ping_status":"open","sticky":false,"template":"","format":"standard","meta":{"_jetpack_memberships_contains_paid_content":false,"footnotes":""},"categories":[27],"tags":[],"class_list":["post-2357","post","type-post","status-publish","format-standard","has-post-thumbnail","hentry","category-industria-nacional"],"yoast_head":"<!-- This site is optimized with the Yoast SEO plugin v27.5 - https:\/\/yoast.com\/product\/yoast-seo-wordpress\/ -->\n<title>Alex Espinosa impone su poder\u00edo en Chaltura y lidera la categor\u00eda 4 cilindros del Regional Sierra 4x4 - Garage Blog Ecuador<\/title>\n<meta name=\"robots\" content=\"index, follow, max-snippet:-1, max-image-preview:large, max-video-preview:-1\" \/>\n<link rel=\"canonical\" href=\"https:\/\/garageblogec.com\/?p=2357\" \/>\n<meta property=\"og:locale\" content=\"es_ES\" \/>\n<meta property=\"og:type\" content=\"article\" \/>\n<meta property=\"og:title\" content=\"Alex Espinosa impone su poder\u00edo en Chaltura y lidera la categor\u00eda 4 cilindros del Regional Sierra 4x4 - Garage Blog Ecuador\" \/>\n<meta property=\"og:description\" content=\"El rugido de los motores marcaron el ambiente del pasado domingo en Chaltura, donde se disput\u00f3 la cuarta v\u00e1lida del campeonato Regional Sierra de 4&#215;4. Bajo condiciones extremas, con una pista altamente t\u00e9cnica, cargada de polvo y piedras sueltas, el piloto otavale\u00f1o Alex Espinosa, al mando de la m\u00e1quina 544, se convirti\u00f3 en el gran [&hellip;]\" \/>\n<meta property=\"og:url\" content=\"https:\/\/garageblogec.com\/?p=2357\" \/>\n<meta property=\"og:site_name\" content=\"Garage Blog Ecuador\" \/>\n<meta property=\"article:published_time\" content=\"2025-07-29T19:30:36+00:00\" \/>\n<meta property=\"article:modified_time\" content=\"2025-07-29T19:30:47+00:00\" \/>\n<meta property=\"og:image\" content=\"https:\/\/garageblogec.com\/wp-content\/uploads\/2025\/07\/WhatsApp-Image-2025-07-29-at-11.41.04-AM.jpeg\" \/>\n\t<meta property=\"og:image:width\" content=\"1440\" \/>\n\t<meta property=\"og:image:height\" content=\"997\" \/>\n\t<meta property=\"og:image:type\" content=\"image\/jpeg\" \/>\n<meta name=\"author\" content=\"gabi1212\" \/>\n<meta name=\"twitter:card\" content=\"summary_large_image\" \/>\n<meta name=\"twitter:label1\" content=\"Escrito por\" \/>\n\t<meta name=\"twitter:data1\" content=\"gabi1212\" \/>\n\t<meta name=\"twitter:label2\" content=\"Tiempo de lectura\" \/>\n\t<meta name=\"twitter:data2\" content=\"4 minutos\" \/>\n<script type=\"application\/ld+json\" class=\"yoast-schema-graph\">{\"@context\":\"https:\\\/\\\/schema.org\",\"@graph\":[{\"@type\":\"Article\",\"@id\":\"https:\\\/\\\/garageblogec.com\\\/?p=2357#article\",\"isPartOf\":{\"@id\":\"https:\\\/\\\/garageblogec.com\\\/?p=2357\"},\"author\":{\"name\":\"gabi1212\",\"@id\":\"https:\\\/\\\/garageblogec.com\\\/#\\\/schema\\\/person\\\/635f4b76c0cb3e43b82fe6f7d8bcceea\"},\"headline\":\"Alex Espinosa impone su poder\u00edo en Chaltura y lidera la categor\u00eda 4 cilindros del Regional Sierra 4&#215;4\",\"datePublished\":\"2025-07-29T19:30:36+00:00\",\"dateModified\":\"2025-07-29T19:30:47+00:00\",\"mainEntityOfPage\":{\"@id\":\"https:\\\/\\\/garageblogec.com\\\/?p=2357\"},\"wordCount\":531,\"commentCount\":0,\"publisher\":{\"@id\":\"https:\\\/\\\/garageblogec.com\\\/#organization\"},\"image\":{\"@id\":\"https:\\\/\\\/garageblogec.com\\\/?p=2357#primaryimage\"},\"thumbnailUrl\":\"https:\\\/\\\/garageblogec.com\\\/wp-content\\\/uploads\\\/2025\\\/07\\\/WhatsApp-Image-2025-07-29-at-11.41.04-AM.jpeg\",\"articleSection\":[\"Industria Nacional\"],\"inLanguage\":\"es\",\"potentialAction\":[{\"@type\":\"CommentAction\",\"name\":\"Comment\",\"target\":[\"https:\\\/\\\/garageblogec.com\\\/?p=2357#respond\"]}]},{\"@type\":\"WebPage\",\"@id\":\"https:\\\/\\\/garageblogec.com\\\/?p=2357\",\"url\":\"https:\\\/\\\/garageblogec.com\\\/?p=2357\",\"name\":\"Alex Espinosa impone su poder\u00edo en Chaltura y lidera la categor\u00eda 4 cilindros del Regional Sierra 4x4 - Garage Blog Ecuador\",\"isPartOf\":{\"@id\":\"https:\\\/\\\/garageblogec.com\\\/#website\"},\"primaryImageOfPage\":{\"@id\":\"https:\\\/\\\/garageblogec.com\\\/?p=2357#primaryimage\"},\"image\":{\"@id\":\"https:\\\/\\\/garageblogec.com\\\/?p=2357#primaryimage\"},\"thumbnailUrl\":\"https:\\\/\\\/garageblogec.com\\\/wp-content\\\/uploads\\\/2025\\\/07\\\/WhatsApp-Image-2025-07-29-at-11.41.04-AM.jpeg\",\"datePublished\":\"2025-07-29T19:30:36+00:00\",\"dateModified\":\"2025-07-29T19:30:47+00:00\",\"breadcrumb\":{\"@id\":\"https:\\\/\\\/garageblogec.com\\\/?p=2357#breadcrumb\"},\"inLanguage\":\"es\",\"potentialAction\":[{\"@type\":\"ReadAction\",\"target\":[\"https:\\\/\\\/garageblogec.com\\\/?p=2357\"]}]},{\"@type\":\"ImageObject\",\"inLanguage\":\"es\",\"@id\":\"https:\\\/\\\/garageblogec.com\\\/?p=2357#primaryimage\",\"url\":\"https:\\\/\\\/garageblogec.com\\\/wp-content\\\/uploads\\\/2025\\\/07\\\/WhatsApp-Image-2025-07-29-at-11.41.04-AM.jpeg\",\"contentUrl\":\"https:\\\/\\\/garageblogec.com\\\/wp-content\\\/uploads\\\/2025\\\/07\\\/WhatsApp-Image-2025-07-29-at-11.41.04-AM.jpeg\",\"width\":1440,\"height\":997},{\"@type\":\"BreadcrumbList\",\"@id\":\"https:\\\/\\\/garageblogec.com\\\/?p=2357#breadcrumb\",\"itemListElement\":[{\"@type\":\"ListItem\",\"position\":1,\"name\":\"Portada\",\"item\":\"https:\\\/\\\/garageblogec.com\\\/\"},{\"@type\":\"ListItem\",\"position\":2,\"name\":\"Alex Espinosa impone su poder\u00edo en Chaltura y lidera la categor\u00eda 4 cilindros del Regional Sierra 4&#215;4\"}]},{\"@type\":\"WebSite\",\"@id\":\"https:\\\/\\\/garageblogec.com\\\/#website\",\"url\":\"https:\\\/\\\/garageblogec.com\\\/\",\"name\":\"Garage Blog Ecuador\",\"description\":\"Alucinamos por los autos \",\"publisher\":{\"@id\":\"https:\\\/\\\/garageblogec.com\\\/#organization\"},\"potentialAction\":[{\"@type\":\"SearchAction\",\"target\":{\"@type\":\"EntryPoint\",\"urlTemplate\":\"https:\\\/\\\/garageblogec.com\\\/?s={search_term_string}\"},\"query-input\":{\"@type\":\"PropertyValueSpecification\",\"valueRequired\":true,\"valueName\":\"search_term_string\"}}],\"inLanguage\":\"es\"},{\"@type\":\"Organization\",\"@id\":\"https:\\\/\\\/garageblogec.com\\\/#organization\",\"name\":\"Garage Blog Ecuador\",\"url\":\"https:\\\/\\\/garageblogec.com\\\/\",\"logo\":{\"@type\":\"ImageObject\",\"inLanguage\":\"es\",\"@id\":\"https:\\\/\\\/garageblogec.com\\\/#\\\/schema\\\/logo\\\/image\\\/\",\"url\":\"https:\\\/\\\/garageblogec.com\\\/wp-content\\\/uploads\\\/2024\\\/02\\\/cropped-logo-png-para-blog.webp\",\"contentUrl\":\"https:\\\/\\\/garageblogec.com\\\/wp-content\\\/uploads\\\/2024\\\/02\\\/cropped-logo-png-para-blog.webp\",\"width\":840,\"height\":556,\"caption\":\"Garage Blog Ecuador \"},\"image\":{\"@id\":\"https:\\\/\\\/garageblogec.com\\\/#\\\/schema\\\/logo\\\/image\\\/\"}},{\"@type\":\"Person\",\"@id\":\"https:\\\/\\\/garageblogec.com\\\/#\\\/schema\\\/person\\\/635f4b76c0cb3e43b82fe6f7d8bcceea\",\"name\":\"gabi1212\",\"image\":{\"@type\":\"ImageObject\",\"inLanguage\":\"es\",\"@id\":\"https:\\\/\\\/secure.gravatar.com\\\/avatar\\\/6aa491f45cb359d4d6dd8c430e83f78899c80569c27d21156e19bbdcd31d1811?s=96&d=mm&r=g\",\"url\":\"https:\\\/\\\/secure.gravatar.com\\\/avatar\\\/6aa491f45cb359d4d6dd8c430e83f78899c80569c27d21156e19bbdcd31d1811?s=96&d=mm&r=g\",\"contentUrl\":\"https:\\\/\\\/secure.gravatar.com\\\/avatar\\\/6aa491f45cb359d4d6dd8c430e83f78899c80569c27d21156e19bbdcd31d1811?s=96&d=mm&r=g\",\"caption\":\"gabi1212\"},\"url\":\"https:\\\/\\\/garageblogec.com\\\/?author=6\"}]}<\/script>\n<!-- \/ Yoast SEO plugin. -->","yoast_head_json":{"title":"Alex Espinosa impone su poder\u00edo en Chaltura y lidera la categor\u00eda 4 cilindros del Regional Sierra 4x4 - Garage Blog Ecuador","robots":{"index":"index","follow":"follow","max-snippet":"max-snippet:-1","max-image-preview":"max-image-preview:large","max-video-preview":"max-video-preview:-1"},"canonical":"https:\/\/garageblogec.com\/?p=2357","og_locale":"es_ES","og_type":"article","og_title":"Alex Espinosa impone su poder\u00edo en Chaltura y lidera la categor\u00eda 4 cilindros del Regional Sierra 4x4 - Garage Blog Ecuador","og_description":"El rugido de los motores marcaron el ambiente del pasado domingo en Chaltura, donde se disput\u00f3 la cuarta v\u00e1lida del campeonato Regional Sierra de 4&#215;4. Bajo condiciones extremas, con una pista altamente t\u00e9cnica, cargada de polvo y piedras sueltas, el piloto otavale\u00f1o Alex Espinosa, al mando de la m\u00e1quina 544, se convirti\u00f3 en el gran [&hellip;]","og_url":"https:\/\/garageblogec.com\/?p=2357","og_site_name":"Garage Blog Ecuador","article_published_time":"2025-07-29T19:30:36+00:00","article_modified_time":"2025-07-29T19:30:47+00:00","og_image":[{"width":1440,"height":997,"url":"https:\/\/garageblogec.com\/wp-content\/uploads\/2025\/07\/WhatsApp-Image-2025-07-29-at-11.41.04-AM.jpeg","type":"image\/jpeg"}],"author":"gabi1212","twitter_card":"summary_large_image","twitter_misc":{"Escrito por":"gabi1212","Tiempo de lectura":"4 minutos"},"schema":{"@context":"https:\/\/schema.org","@graph":[{"@type":"Article","@id":"https:\/\/garageblogec.com\/?p=2357#article","isPartOf":{"@id":"https:\/\/garageblogec.com\/?p=2357"},"author":{"name":"gabi1212","@id":"https:\/\/garageblogec.com\/#\/schema\/person\/635f4b76c0cb3e43b82fe6f7d8bcceea"},"headline":"Alex Espinosa impone su poder\u00edo en Chaltura y lidera la categor\u00eda 4 cilindros del Regional Sierra 4&#215;4","datePublished":"2025-07-29T19:30:36+00:00","dateModified":"2025-07-29T19:30:47+00:00","mainEntityOfPage":{"@id":"https:\/\/garageblogec.com\/?p=2357"},"wordCount":531,"commentCount":0,"publisher":{"@id":"https:\/\/garageblogec.com\/#organization"},"image":{"@id":"https:\/\/garageblogec.com\/?p=2357#primaryimage"},"thumbnailUrl":"https:\/\/garageblogec.com\/wp-content\/uploads\/2025\/07\/WhatsApp-Image-2025-07-29-at-11.41.04-AM.jpeg","articleSection":["Industria Nacional"],"inLanguage":"es","potentialAction":[{"@type":"CommentAction","name":"Comment","target":["https:\/\/garageblogec.com\/?p=2357#respond"]}]},{"@type":"WebPage","@id":"https:\/\/garageblogec.com\/?p=2357","url":"https:\/\/garageblogec.com\/?p=2357","name":"Alex Espinosa impone su poder\u00edo en Chaltura y lidera la categor\u00eda 4 cilindros del Regional Sierra 4x4 - Garage Blog Ecuador","isPartOf":{"@id":"https:\/\/garageblogec.com\/#website"},"primaryImageOfPage":{"@id":"https:\/\/garageblogec.com\/?p=2357#primaryimage"},"image":{"@id":"https:\/\/garageblogec.com\/?p=2357#primaryimage"},"thumbnailUrl":"https:\/\/garageblogec.com\/wp-content\/uploads\/2025\/07\/WhatsApp-Image-2025-07-29-at-11.41.04-AM.jpeg","datePublished":"2025-07-29T19:30:36+00:00","dateModified":"2025-07-29T19:30:47+00:00","breadcrumb":{"@id":"https:\/\/garageblogec.com\/?p=2357#breadcrumb"},"inLanguage":"es","potentialAction":[{"@type":"ReadAction","target":["https:\/\/garageblogec.com\/?p=2357"]}]},{"@type":"ImageObject","inLanguage":"es","@id":"https:\/\/garageblogec.com\/?p=2357#primaryimage","url":"https:\/\/garageblogec.com\/wp-content\/uploads\/2025\/07\/WhatsApp-Image-2025-07-29-at-11.41.04-AM.jpeg","contentUrl":"https:\/\/garageblogec.com\/wp-content\/uploads\/2025\/07\/WhatsApp-Image-2025-07-29-at-11.41.04-AM.jpeg","width":1440,"height":997},{"@type":"BreadcrumbList","@id":"https:\/\/garageblogec.com\/?p=2357#breadcrumb","itemListElement":[{"@type":"ListItem","position":1,"name":"Portada","item":"https:\/\/garageblogec.com\/"},{"@type":"ListItem","position":2,"name":"Alex Espinosa impone su poder\u00edo en Chaltura y lidera la categor\u00eda 4 cilindros del Regional Sierra 4&#215;4"}]},{"@type":"WebSite","@id":"https:\/\/garageblogec.com\/#website","url":"https:\/\/garageblogec.com\/","name":"Garage Blog Ecuador","description":"Alucinamos por los autos ","publisher":{"@id":"https:\/\/garageblogec.com\/#organization"},"potentialAction":[{"@type":"SearchAction","target":{"@type":"EntryPoint","urlTemplate":"https:\/\/garageblogec.com\/?s={search_term_string}"},"query-input":{"@type":"PropertyValueSpecification","valueRequired":true,"valueName":"search_term_string"}}],"inLanguage":"es"},{"@type":"Organization","@id":"https:\/\/garageblogec.com\/#organization","name":"Garage Blog Ecuador","url":"https:\/\/garageblogec.com\/","logo":{"@type":"ImageObject","inLanguage":"es","@id":"https:\/\/garageblogec.com\/#\/schema\/logo\/image\/","url":"https:\/\/garageblogec.com\/wp-content\/uploads\/2024\/02\/cropped-logo-png-para-blog.webp","contentUrl":"https:\/\/garageblogec.com\/wp-content\/uploads\/2024\/02\/cropped-logo-png-para-blog.webp","width":840,"height":556,"caption":"Garage Blog Ecuador "},"image":{"@id":"https:\/\/garageblogec.com\/#\/schema\/logo\/image\/"}},{"@type":"Person","@id":"https:\/\/garageblogec.com\/#\/schema\/person\/635f4b76c0cb3e43b82fe6f7d8bcceea","name":"gabi1212","image":{"@type":"ImageObject","inLanguage":"es","@id":"https:\/\/secure.gravatar.com\/avatar\/6aa491f45cb359d4d6dd8c430e83f78899c80569c27d21156e19bbdcd31d1811?s=96&d=mm&r=g","url":"https:\/\/secure.gravatar.com\/avatar\/6aa491f45cb359d4d6dd8c430e83f78899c80569c27d21156e19bbdcd31d1811?s=96&d=mm&r=g","contentUrl":"https:\/\/secure.gravatar.com\/avatar\/6aa491f45cb359d4d6dd8c430e83f78899c80569c27d21156e19bbdcd31d1811?s=96&d=mm&r=g","caption":"gabi1212"},"url":"https:\/\/garageblogec.com\/?author=6"}]}},"jetpack_featured_media_url":"https:\/\/garageblogec.com\/wp-content\/uploads\/2025\/07\/WhatsApp-Image-2025-07-29-at-11.41.04-AM.jpeg","jetpack_sharing_enabled":true,"_links":{"self":[{"href":"https:\/\/garageblogec.com\/index.php?rest_route=\/wp\/v2\/posts\/2357","targetHints":{"allow":["GET"]}}],"collection":[{"href":"https:\/\/garageblogec.com\/index.php?rest_route=\/wp\/v2\/posts"}],"about":[{"href":"https:\/\/garageblogec.com\/index.php?rest_route=\/wp\/v2\/types\/post"}],"author":[{"embeddable":true,"href":"https:\/\/garageblogec.com\/index.php?rest_route=\/wp\/v2\/users\/6"}],"replies":[{"embeddable":true,"href":"https:\/\/garageblogec.com\/index.php?rest_route=%2Fwp%2Fv2%2Fcomments&post=2357"}],"version-history":[{"count":1,"href":"https:\/\/garageblogec.com\/index.php?rest_route=\/wp\/v2\/posts\/2357\/revisions"}],"predecessor-version":[{"id":2361,"href":"https:\/\/garageblogec.com\/index.php?rest_route=\/wp\/v2\/posts\/2357\/revisions\/2361"}],"wp:featuredmedia":[{"embeddable":true,"href":"https:\/\/garageblogec.com\/index.php?rest_route=\/wp\/v2\/media\/2360"}],"wp:attachment":[{"href":"https:\/\/garageblogec.com\/index.php?rest_route=%2Fwp%2Fv2%2Fmedia&parent=2357"}],"wp:term":[{"taxonomy":"category","embeddable":true,"href":"https:\/\/garageblogec.com\/index.php?rest_route=%2Fwp%2Fv2%2Fcategories&post=2357"},{"taxonomy":"post_tag","embeddable":true,"href":"https:\/\/garageblogec.com\/index.php?rest_route=%2Fwp%2Fv2%2Ftags&post=2357"}],"curies":[{"name":"wp","href":"https:\/\/api.w.org\/{rel}","templated":true}]}}