{"id":2354,"date":"2025-07-25T20:58:13","date_gmt":"2025-07-25T20:58:13","guid":{"rendered":"https:\/\/garageblogec.com\/?p=2354"},"modified":"2025-07-25T20:58:26","modified_gmt":"2025-07-25T20:58:26","slug":"la-minivan-mas-pequena-de-renault-tiene-siete-plazas-y-cuesta-menos-que-un-rolex-basico","status":"publish","type":"post","link":"https:\/\/garageblogec.com\/?p=2354","title":{"rendered":"La minivan m\u00e1s peque\u00f1a de Renault tiene siete plazas y cuesta menos que un Rolex b\u00e1sico"},"content":{"rendered":"\n<p>Si bien\u00a0Renault\u00a0ha expandido constantemente su gama de h\u00edbridos y el\u00e9ctricos en Europa, su estrategia en India sigue firmemente centrada en la combusti\u00f3n interna. Uno de sus modelos clave all\u00ed es el Renault Triber, un monovolumen compacto con rasgos de crossover, que acaba de recibir una actualizaci\u00f3n de mitad de ciclo.<\/p>\n\n\n\n<figure class=\"wp-block-image size-large\"><img decoding=\"async\" src=\"https:\/\/www.carscoops.com\/wp-content\/uploads\/webp\/2025\/07\/Renault-Triber-India-main-1536x864.webp\" alt=\"\"\/><\/figure>\n\n\n\n<p>La actualizaci\u00f3n aporta un exterior m\u00e1s refinado y algunas mejoras bien pensadas en el interior, destinadas a mantener el modelo competitivo en el creciente segmento de veh\u00edculos econ\u00f3micos.<\/p>\n\n\n\n<p><\/p>\n\n\n\n<p>El redise\u00f1o llega seis a\u00f1os\u00a0despu\u00e9s del lanzamiento del\u00a0modelo original. El familiar y atractivo frontal, con una parrilla inspirada en el M\u00e9gane, ha sido reemplazado por un frontal m\u00e1s definido y definido. Si bien los faros delanteros conservan su forma exterior, ahora presentan gr\u00e1ficos internos actualizados y se integran de forma m\u00e1s n\u00edtida en una parrilla m\u00e1s delgada que enmarca el nuevo emblema de Renault. El parachoques delantero se ha redise\u00f1ado con elementos de dise\u00f1o robustos, como detalles plateados alrededor de la toma de aire central, y el cap\u00f3 ahora luce pliegues m\u00e1s marcados.<\/p>\n\n\n\n<figure class=\"wp-block-image size-large\"><a href=\"https:\/\/www.kia.com\/ec\/main.html\"><img fetchpriority=\"high\" decoding=\"async\" width=\"1024\" height=\"284\" src=\"https:\/\/garageblogec.com\/wp-content\/uploads\/2025\/07\/1080X300_GARAGE-BLOG-1-1024x284.jpg\" alt=\"\" class=\"wp-image-2278\" srcset=\"https:\/\/garageblogec.com\/wp-content\/uploads\/2025\/07\/1080X300_GARAGE-BLOG-1-1024x284.jpg 1024w, https:\/\/garageblogec.com\/wp-content\/uploads\/2025\/07\/1080X300_GARAGE-BLOG-1-300x83.jpg 300w, https:\/\/garageblogec.com\/wp-content\/uploads\/2025\/07\/1080X300_GARAGE-BLOG-1-768x213.jpg 768w, https:\/\/garageblogec.com\/wp-content\/uploads\/2025\/07\/1080X300_GARAGE-BLOG-1.jpg 1080w\" sizes=\"(max-width: 1024px) 100vw, 1024px\" \/><\/a><\/figure>\n\n\n\n<p>En el lateral, los cambios son sutiles. El perfil se mantiene pr\u00e1cticamente intacto, salvo por un nuevo dise\u00f1o de las\u00a0llantas\u00a0de 15 pulgadas , un techo negro en contraste opcional y elementos adhesivos que simulan un revestimiento protector. En la parte trasera, las modificaciones son igualmente modestas. Las luces traseras tienen un acabado ahumado con nuevos gr\u00e1ficos LED, junto con una moldura negra en el port\u00f3n trasero y un parachoques ligeramente redise\u00f1ado.<\/p>\n\n\n\n<figure class=\"wp-block-image size-large\"><img decoding=\"async\" src=\"https:\/\/www.carscoops.com\/wp-content\/uploads\/webp\/2025\/07\/Renault-Triber-India-1-1536x864.webp\" alt=\"\"\/><\/figure>\n\n\n\n<p><strong>M\u00e1s funciones, la misma practicidad<\/strong><\/p>\n\n\n\n<p>En el interior, el Triber actualizado hereda el tablero del SUV Kiger, similar en mec\u00e1nica. Esto implica una pantalla t\u00e1ctil de infoentretenimiento de 8 pulgadas ubicada en una posici\u00f3n m\u00e1s alta, junto con un panel de instrumentos digital de 7 pulgadas. Otras actualizaciones incluyen tapicer\u00eda beige, un panel de control de climatizaci\u00f3n redise\u00f1ado y algunas novedades bienvenidas, como la carga inal\u00e1mbrica de tel\u00e9fonos.<\/p>\n\n\n\n<p>La pr\u00e1ctica disposici\u00f3n de los asientos en tres filas se mantiene sin cambios, ofreciendo espacio para siete ocupantes. Sin embargo, dadas las dimensiones subcompactas del veh\u00edculo, el espacio en la tercera fila es ideal para ni\u00f1os o viajes cortos. Quienes prioricen el espacio de carga pueden abatir las filas traseras para ampliar el maletero a 625 litros.<\/p>\n\n\n\n<figure class=\"wp-block-image size-large\"><img decoding=\"async\" src=\"https:\/\/www.carscoops.com\/wp-content\/uploads\/webp\/2025\/07\/Renault-Triber-India-14-1536x864.webp\" alt=\"\"\/><\/figure>\n\n\n\n<p>A pesar de estar clasificado como un monovolumen de tres filas, el Triber mide 3985 mm (156,9 pulgadas) de largo, lo que lo hace m\u00e1s corto que un\u00a0Renault Clio\u00a0hatchback. El modelo indio comparte la certificaci\u00f3n CMF-A+ con los Renault Kwid y Kiger, as\u00ed como con el Nissan Magnite. Lamentablemente, la actualizaci\u00f3n de mitad de ciclo de vida no aporta ning\u00fan cambio interno.<\/p>\n\n\n\n<p><\/p>\n\n\n\n<p>Bajo el cap\u00f3, el Triber sigue equipado con un motor atmosf\u00e9rico de tres cilindros y 1.0 litros. La potencia se mantiene en 71 CV (53 kW \/ 72 CV) y 96 Nm (71 lb-ft) de par, ya que Renault a\u00fan no ofrece la opci\u00f3n turboalimentada disponible en el\u00a0Kiger\u00a0. Los clientes pueden elegir entre una transmisi\u00f3n manual de cinco velocidades o una transmisi\u00f3n autom\u00e1tica de cinco velocidades, ambas con transmisi\u00f3n a las ruedas delanteras.<\/p>\n\n\n\n<p><strong>La asequibilidad sigue siendo clave<\/strong><\/p>\n\n\n\n<p>El Triber renovado ya est\u00e1 disponible en\u00a0India\u00a0, con precios desde $7,300 para la versi\u00f3n b\u00e1sica Authentic. El acabado Emotion, el m\u00e1s alto de la gama, tiene un precio de $10,614. Como se muestra en el video a continuaci\u00f3n, el modelo b\u00e1sico incluye llantas de acero y prescinde por completo de la pantalla t\u00e1ctil, centr\u00e1ndose en lo esencial para compradores con presupuesto ajustado.<\/p>\n\n\n<div class='pt-cv-wrapper'> <h3 class='pt-cv-heading-container heading1' data-blockid='ehmjlyvk'><span class='pt-cv-heading'> Overlay1 <\/span><\/h3><div class=\"pt-cv-view pt-cv-overlaygrid iscvblock iscvreal overlay1 layout1\" id=\"pt-cv-view-ehmjlyvk\"><div data-id=\"pt-cv-page-1\" class=\"pt-cv-page\" data-cvc=\"3\"><div class=\" pt-cv-content-item pt-cv-1-col\" ><div class=\"pt-cv-thumb-wrapper  \"><a href=\"https:\/\/garageblogec.com\/?p=3303\" class=\"_self pt-cv-href-thumbnail pt-cv-thumb-default\" target=\"_self\" ><img decoding=\"async\" width=\"768\" height=\"432\" src=\"https:\/\/garageblogec.com\/wp-content\/uploads\/2026\/04\/WhatsApp-Image-2026-04-21-at-1.52.53-PM-768x432.jpeg\" class=\"pt-cv-thumbnail\" alt=\"\" \/><\/a><\/div>\n<div class=\"pt-cv-overlay-wrapper\"><div class=\"pt-cv-taxoterm above_title\"><a href='https:\/\/garageblogec.com\/?cat=27' title='Industria Nacional' class='pt-cv-tax-industria-nacional'>Industria Nacional<\/a><\/div><h4 class=\"pt-cv-title\"><a href=\"https:\/\/garageblogec.com\/?p=3303\" class=\"_self\" target=\"_self\" >Grupo Ambacar presenta en Guayaquil KGM, su nueva marca de SUV h\u00edbridos con respaldo global<\/a><\/h4><div class=\"pt-cv-meta-fields\"><span class=\"entry-date\"> <time datetime=\"2026-04-21T21:37:24+00:00\">abril 21, 2026<\/time><\/span><span> \/ <\/span><span class=\"author\"> <a href=\"https:\/\/garageblogec.com\/?author=6\" rel=\"author\">gabi1212<\/a><\/span><\/div><\/div><\/div>\n<div class=\" pt-cv-content-item pt-cv-1-col\" ><div class=\"pt-cv-thumb-wrapper  \"><a href=\"https:\/\/garageblogec.com\/?p=3296\" class=\"_self pt-cv-href-thumbnail pt-cv-thumb-default\" target=\"_self\" ><img decoding=\"async\" width=\"768\" height=\"432\" src=\"https:\/\/garageblogec.com\/wp-content\/uploads\/2026\/04\/WhatsApp-Image-2026-04-14-at-3.15.09-PM-768x432.jpeg\" class=\"pt-cv-thumbnail\" alt=\"\" \/><\/a><\/div>\n<div class=\"pt-cv-overlay-wrapper\"><div class=\"pt-cv-taxoterm above_title\"><a href='https:\/\/garageblogec.com\/?cat=27' title='Industria Nacional' class='pt-cv-tax-industria-nacional'>Industria Nacional<\/a><\/div><h4 class=\"pt-cv-title\"><a href=\"https:\/\/garageblogec.com\/?p=3296\" class=\"_self\" target=\"_self\" >El tablero desapareci\u00f3, ahora el auto es una pantalla inteligente<\/a><\/h4><div class=\"pt-cv-meta-fields\"><span class=\"entry-date\"> <time datetime=\"2026-04-14T20:21:20+00:00\">abril 14, 2026<\/time><\/span><span> \/ <\/span><span class=\"author\"> <a href=\"https:\/\/garageblogec.com\/?author=6\" rel=\"author\">gabi1212<\/a><\/span><\/div><\/div><\/div>\n<div class=\" pt-cv-content-item pt-cv-1-col\" ><div class=\"pt-cv-thumb-wrapper  \"><a href=\"https:\/\/garageblogec.com\/?p=3291\" class=\"_self pt-cv-href-thumbnail pt-cv-thumb-default\" target=\"_self\" ><img loading=\"lazy\" decoding=\"async\" width=\"768\" height=\"432\" src=\"https:\/\/garageblogec.com\/wp-content\/uploads\/2026\/04\/WhatsApp-Image-2026-04-14-at-2.21.27-PM-768x432.jpeg\" class=\"pt-cv-thumbnail\" alt=\"\" \/><\/a><\/div>\n<div class=\"pt-cv-overlay-wrapper\"><div class=\"pt-cv-taxoterm above_title\"><a href='https:\/\/garageblogec.com\/?cat=27' title='Industria Nacional' class='pt-cv-tax-industria-nacional'>Industria Nacional<\/a><\/div><h4 class=\"pt-cv-title\"><a href=\"https:\/\/garageblogec.com\/?p=3291\" class=\"_self\" target=\"_self\" >Seguridad al volante en Ecuador: los errores m\u00e1s comunes que cometen los conductores<\/a><\/h4><div class=\"pt-cv-meta-fields\"><span class=\"entry-date\"> <time datetime=\"2026-04-14T20:08:54+00:00\">abril 14, 2026<\/time><\/span><span> \/ <\/span><span class=\"author\"> <a href=\"https:\/\/garageblogec.com\/?author=6\" rel=\"author\">gabi1212<\/a><\/span><\/div><\/div><\/div>\n<div class=\" pt-cv-content-item pt-cv-1-col\" ><div class=\"pt-cv-thumb-wrapper  \"><a href=\"https:\/\/garageblogec.com\/?p=3286\" class=\"_self pt-cv-href-thumbnail pt-cv-thumb-default\" target=\"_self\" ><img loading=\"lazy\" decoding=\"async\" width=\"768\" height=\"492\" src=\"https:\/\/garageblogec.com\/wp-content\/uploads\/2026\/04\/Posventa.jpg-768x492.jpeg\" class=\"pt-cv-thumbnail\" alt=\"\" \/><\/a><\/div>\n<div class=\"pt-cv-overlay-wrapper\"><div class=\"pt-cv-taxoterm above_title\"><a href='https:\/\/garageblogec.com\/?cat=27' title='Industria Nacional' class='pt-cv-tax-industria-nacional'>Industria Nacional<\/a><\/div><h4 class=\"pt-cv-title\"><a href=\"https:\/\/garageblogec.com\/?p=3286\" class=\"_self\" target=\"_self\" >Clientes Nissan reciben cambios de aceite infinitos<\/a><\/h4><div class=\"pt-cv-meta-fields\"><span class=\"entry-date\"> <time datetime=\"2026-04-14T20:04:08+00:00\">abril 14, 2026<\/time><\/span><span> \/ <\/span><span class=\"author\"> <a href=\"https:\/\/garageblogec.com\/?author=6\" rel=\"author\">gabi1212<\/a><\/span><\/div><\/div><\/div>\n<div class=\" pt-cv-content-item pt-cv-1-col\" ><div class=\"pt-cv-thumb-wrapper  \"><a href=\"https:\/\/garageblogec.com\/?p=3280\" class=\"_self pt-cv-href-thumbnail pt-cv-thumb-default\" target=\"_self\" ><img loading=\"lazy\" decoding=\"async\" width=\"768\" height=\"512\" src=\"https:\/\/garageblogec.com\/wp-content\/uploads\/2026\/04\/foto1-768x512.jpeg\" class=\"pt-cv-thumbnail\" alt=\"\" \/><\/a><\/div>\n<div class=\"pt-cv-overlay-wrapper\"><div class=\"pt-cv-taxoterm above_title\"><a href='https:\/\/garageblogec.com\/?cat=27' title='Industria Nacional' class='pt-cv-tax-industria-nacional'>Industria Nacional<\/a><\/div><h4 class=\"pt-cv-title\"><a href=\"https:\/\/garageblogec.com\/?p=3280\" class=\"_self\" target=\"_self\" >Movilidad como inversi\u00f3n: el uso de utilidades que crece en Ecuador<\/a><\/h4><div class=\"pt-cv-meta-fields\"><span class=\"entry-date\"> <time datetime=\"2026-04-07T19:55:36+00:00\">abril 7, 2026<\/time><\/span><span> \/ <\/span><span class=\"author\"> <a href=\"https:\/\/garageblogec.com\/?author=6\" rel=\"author\">gabi1212<\/a><\/span><\/div><\/div><\/div>\n<div class=\" pt-cv-content-item pt-cv-1-col\" ><div class=\"pt-cv-thumb-wrapper  \"><a href=\"https:\/\/garageblogec.com\/?p=3276\" class=\"_self pt-cv-href-thumbnail pt-cv-thumb-default\" target=\"_self\" ><img loading=\"lazy\" decoding=\"async\" width=\"745\" height=\"491\" src=\"https:\/\/garageblogec.com\/wp-content\/uploads\/2026\/04\/TT.png\" class=\"pt-cv-thumbnail\" alt=\"\" \/><\/a><\/div>\n<div class=\"pt-cv-overlay-wrapper\"><div class=\"pt-cv-taxoterm above_title\"><a href='https:\/\/garageblogec.com\/?cat=27' title='Industria Nacional' class='pt-cv-tax-industria-nacional'>Industria Nacional<\/a><\/div><h4 class=\"pt-cv-title\"><a href=\"https:\/\/garageblogec.com\/?p=3276\" class=\"_self\" target=\"_self\" >Lluvias en Ecuador: C\u00f3mo reducir riesgos en carretera y prevenir accidentes en calzada mojada<\/a><\/h4><div class=\"pt-cv-meta-fields\"><span class=\"entry-date\"> <time datetime=\"2026-04-07T19:46:52+00:00\">abril 7, 2026<\/time><\/span><span> \/ <\/span><span class=\"author\"> <a href=\"https:\/\/garageblogec.com\/?author=6\" rel=\"author\">gabi1212<\/a><\/span><\/div><\/div><\/div><\/div><\/div> <\/div> <style>\n#pt-cv-view-ehmjlyvk .pt-cv-thumb-wrapper::before {background: rgba(0,0,0,.4); opacity: 0.8;}#pt-cv-view-ehmjlyvk .pt-cv-overlay-wrapper {justify-content: center;}\n#pt-cv-view-ehmjlyvk .pt-cv-meta-fields {  }#pt-cv-view-ehmjlyvk .pt-cv-meta-fields * { font-size: 13px; }#pt-cv-view-ehmjlyvk .pt-cv-title a { display: block; }#pt-cv-view-ehmjlyvk .pt-cv-title:not(.pt-cv-titlesm) a { font-weight: 600;text-decoration: none;font-size: 20px; }#pt-cv-view-ehmjlyvk .pt-cv-titlesm a { font-weight: 600;font-size: 18px; }#pt-cv-view-ehmjlyvk .pt-cv-content { font-size: 15px; }#pt-cv-view-ehmjlyvk .pt-cv-rmwrap {  }#pt-cv-view-ehmjlyvk .pt-cv-readmore { color: #fff;background-color: #0075ff;font-size: 14px; }#pt-cv-view-ehmjlyvk .pt-cv-taxoterm { margin: 0px 0px 20px 0px; }#pt-cv-view-ehmjlyvk .pt-cv-taxoterm * { color: #222;background-color: #fff6f6;font-size: 14px; }#pt-cv-view-ehmjlyvk + .pt-cv-pagination-wrapper {  }#pt-cv-view-ehmjlyvk + .pt-cv-pagination-wrapper a { font-size: 14px; }#pt-cv-view-ehmjlyvk > .pt-cv-page {grid-template-columns: repeat(3, 1fr);grid-auto-rows: 250px;grid-gap: 10px;}\n@media all and (max-width: 1024px) { \n#pt-cv-view-ehmjlyvk > .pt-cv-page {}\n} \n@media all and (max-width: 767px) { \n#pt-cv-view-ehmjlyvk > .pt-cv-page {grid-template-columns: repeat(1, 1fr);}\n} <\/style>","protected":false},"excerpt":{"rendered":"<p>A pesar de tener tres filas de asientos, el Renault Triber es m\u00e1s corto que un Clio<\/p>\n","protected":false},"author":6,"featured_media":2355,"comment_status":"open","ping_status":"open","sticky":false,"template":"","format":"standard","meta":{"_jetpack_memberships_contains_paid_content":false,"footnotes":""},"categories":[27],"tags":[],"class_list":["post-2354","post","type-post","status-publish","format-standard","has-post-thumbnail","hentry","category-industria-nacional"],"yoast_head":"<!-- This site is optimized with the Yoast SEO plugin v27.5 - https:\/\/yoast.com\/product\/yoast-seo-wordpress\/ -->\n<title>La minivan m\u00e1s peque\u00f1a de Renault tiene siete plazas y cuesta menos que un Rolex b\u00e1sico - Garage Blog Ecuador<\/title>\n<meta name=\"robots\" content=\"index, follow, max-snippet:-1, max-image-preview:large, max-video-preview:-1\" \/>\n<link rel=\"canonical\" href=\"https:\/\/garageblogec.com\/?p=2354\" \/>\n<meta property=\"og:locale\" content=\"es_ES\" \/>\n<meta property=\"og:type\" content=\"article\" \/>\n<meta property=\"og:title\" content=\"La minivan m\u00e1s peque\u00f1a de Renault tiene siete plazas y cuesta menos que un Rolex b\u00e1sico - Garage Blog Ecuador\" \/>\n<meta property=\"og:description\" content=\"A pesar de tener tres filas de asientos, el Renault Triber es m\u00e1s corto que un Clio\" \/>\n<meta property=\"og:url\" content=\"https:\/\/garageblogec.com\/?p=2354\" \/>\n<meta property=\"og:site_name\" content=\"Garage Blog Ecuador\" \/>\n<meta property=\"article:published_time\" content=\"2025-07-25T20:58:13+00:00\" \/>\n<meta property=\"article:modified_time\" content=\"2025-07-25T20:58:26+00:00\" \/>\n<meta property=\"og:image\" content=\"https:\/\/garageblogec.com\/wp-content\/uploads\/2025\/07\/Captura-7.png\" \/>\n\t<meta property=\"og:image:width\" content=\"978\" \/>\n\t<meta property=\"og:image:height\" content=\"522\" \/>\n\t<meta property=\"og:image:type\" content=\"image\/png\" \/>\n<meta name=\"author\" content=\"gabi1212\" \/>\n<meta name=\"twitter:card\" content=\"summary_large_image\" \/>\n<meta name=\"twitter:label1\" content=\"Escrito por\" \/>\n\t<meta name=\"twitter:data1\" content=\"gabi1212\" \/>\n\t<meta name=\"twitter:label2\" content=\"Tiempo de lectura\" \/>\n\t<meta name=\"twitter:data2\" content=\"4 minutos\" \/>\n<script type=\"application\/ld+json\" class=\"yoast-schema-graph\">{\"@context\":\"https:\\\/\\\/schema.org\",\"@graph\":[{\"@type\":\"Article\",\"@id\":\"https:\\\/\\\/garageblogec.com\\\/?p=2354#article\",\"isPartOf\":{\"@id\":\"https:\\\/\\\/garageblogec.com\\\/?p=2354\"},\"author\":{\"name\":\"gabi1212\",\"@id\":\"https:\\\/\\\/garageblogec.com\\\/#\\\/schema\\\/person\\\/635f4b76c0cb3e43b82fe6f7d8bcceea\"},\"headline\":\"La minivan m\u00e1s peque\u00f1a de Renault tiene siete plazas y cuesta menos que un Rolex b\u00e1sico\",\"datePublished\":\"2025-07-25T20:58:13+00:00\",\"dateModified\":\"2025-07-25T20:58:26+00:00\",\"mainEntityOfPage\":{\"@id\":\"https:\\\/\\\/garageblogec.com\\\/?p=2354\"},\"wordCount\":639,\"commentCount\":0,\"publisher\":{\"@id\":\"https:\\\/\\\/garageblogec.com\\\/#organization\"},\"image\":{\"@id\":\"https:\\\/\\\/garageblogec.com\\\/?p=2354#primaryimage\"},\"thumbnailUrl\":\"https:\\\/\\\/garageblogec.com\\\/wp-content\\\/uploads\\\/2025\\\/07\\\/Captura-7.png\",\"articleSection\":[\"Industria Nacional\"],\"inLanguage\":\"es\",\"potentialAction\":[{\"@type\":\"CommentAction\",\"name\":\"Comment\",\"target\":[\"https:\\\/\\\/garageblogec.com\\\/?p=2354#respond\"]}]},{\"@type\":\"WebPage\",\"@id\":\"https:\\\/\\\/garageblogec.com\\\/?p=2354\",\"url\":\"https:\\\/\\\/garageblogec.com\\\/?p=2354\",\"name\":\"La minivan m\u00e1s peque\u00f1a de Renault tiene siete plazas y cuesta menos que un Rolex b\u00e1sico - Garage Blog Ecuador\",\"isPartOf\":{\"@id\":\"https:\\\/\\\/garageblogec.com\\\/#website\"},\"primaryImageOfPage\":{\"@id\":\"https:\\\/\\\/garageblogec.com\\\/?p=2354#primaryimage\"},\"image\":{\"@id\":\"https:\\\/\\\/garageblogec.com\\\/?p=2354#primaryimage\"},\"thumbnailUrl\":\"https:\\\/\\\/garageblogec.com\\\/wp-content\\\/uploads\\\/2025\\\/07\\\/Captura-7.png\",\"datePublished\":\"2025-07-25T20:58:13+00:00\",\"dateModified\":\"2025-07-25T20:58:26+00:00\",\"breadcrumb\":{\"@id\":\"https:\\\/\\\/garageblogec.com\\\/?p=2354#breadcrumb\"},\"inLanguage\":\"es\",\"potentialAction\":[{\"@type\":\"ReadAction\",\"target\":[\"https:\\\/\\\/garageblogec.com\\\/?p=2354\"]}]},{\"@type\":\"ImageObject\",\"inLanguage\":\"es\",\"@id\":\"https:\\\/\\\/garageblogec.com\\\/?p=2354#primaryimage\",\"url\":\"https:\\\/\\\/garageblogec.com\\\/wp-content\\\/uploads\\\/2025\\\/07\\\/Captura-7.png\",\"contentUrl\":\"https:\\\/\\\/garageblogec.com\\\/wp-content\\\/uploads\\\/2025\\\/07\\\/Captura-7.png\",\"width\":978,\"height\":522},{\"@type\":\"BreadcrumbList\",\"@id\":\"https:\\\/\\\/garageblogec.com\\\/?p=2354#breadcrumb\",\"itemListElement\":[{\"@type\":\"ListItem\",\"position\":1,\"name\":\"Portada\",\"item\":\"https:\\\/\\\/garageblogec.com\\\/\"},{\"@type\":\"ListItem\",\"position\":2,\"name\":\"La minivan m\u00e1s peque\u00f1a de Renault tiene siete plazas y cuesta menos que un Rolex b\u00e1sico\"}]},{\"@type\":\"WebSite\",\"@id\":\"https:\\\/\\\/garageblogec.com\\\/#website\",\"url\":\"https:\\\/\\\/garageblogec.com\\\/\",\"name\":\"Garage Blog Ecuador\",\"description\":\"Alucinamos por los autos \",\"publisher\":{\"@id\":\"https:\\\/\\\/garageblogec.com\\\/#organization\"},\"potentialAction\":[{\"@type\":\"SearchAction\",\"target\":{\"@type\":\"EntryPoint\",\"urlTemplate\":\"https:\\\/\\\/garageblogec.com\\\/?s={search_term_string}\"},\"query-input\":{\"@type\":\"PropertyValueSpecification\",\"valueRequired\":true,\"valueName\":\"search_term_string\"}}],\"inLanguage\":\"es\"},{\"@type\":\"Organization\",\"@id\":\"https:\\\/\\\/garageblogec.com\\\/#organization\",\"name\":\"Garage Blog Ecuador\",\"url\":\"https:\\\/\\\/garageblogec.com\\\/\",\"logo\":{\"@type\":\"ImageObject\",\"inLanguage\":\"es\",\"@id\":\"https:\\\/\\\/garageblogec.com\\\/#\\\/schema\\\/logo\\\/image\\\/\",\"url\":\"https:\\\/\\\/garageblogec.com\\\/wp-content\\\/uploads\\\/2024\\\/02\\\/cropped-logo-png-para-blog.webp\",\"contentUrl\":\"https:\\\/\\\/garageblogec.com\\\/wp-content\\\/uploads\\\/2024\\\/02\\\/cropped-logo-png-para-blog.webp\",\"width\":840,\"height\":556,\"caption\":\"Garage Blog Ecuador \"},\"image\":{\"@id\":\"https:\\\/\\\/garageblogec.com\\\/#\\\/schema\\\/logo\\\/image\\\/\"}},{\"@type\":\"Person\",\"@id\":\"https:\\\/\\\/garageblogec.com\\\/#\\\/schema\\\/person\\\/635f4b76c0cb3e43b82fe6f7d8bcceea\",\"name\":\"gabi1212\",\"image\":{\"@type\":\"ImageObject\",\"inLanguage\":\"es\",\"@id\":\"https:\\\/\\\/secure.gravatar.com\\\/avatar\\\/6aa491f45cb359d4d6dd8c430e83f78899c80569c27d21156e19bbdcd31d1811?s=96&d=mm&r=g\",\"url\":\"https:\\\/\\\/secure.gravatar.com\\\/avatar\\\/6aa491f45cb359d4d6dd8c430e83f78899c80569c27d21156e19bbdcd31d1811?s=96&d=mm&r=g\",\"contentUrl\":\"https:\\\/\\\/secure.gravatar.com\\\/avatar\\\/6aa491f45cb359d4d6dd8c430e83f78899c80569c27d21156e19bbdcd31d1811?s=96&d=mm&r=g\",\"caption\":\"gabi1212\"},\"url\":\"https:\\\/\\\/garageblogec.com\\\/?author=6\"}]}<\/script>\n<!-- \/ Yoast SEO plugin. -->","yoast_head_json":{"title":"La minivan m\u00e1s peque\u00f1a de Renault tiene siete plazas y cuesta menos que un Rolex b\u00e1sico - Garage Blog Ecuador","robots":{"index":"index","follow":"follow","max-snippet":"max-snippet:-1","max-image-preview":"max-image-preview:large","max-video-preview":"max-video-preview:-1"},"canonical":"https:\/\/garageblogec.com\/?p=2354","og_locale":"es_ES","og_type":"article","og_title":"La minivan m\u00e1s peque\u00f1a de Renault tiene siete plazas y cuesta menos que un Rolex b\u00e1sico - Garage Blog Ecuador","og_description":"A pesar de tener tres filas de asientos, el Renault Triber es m\u00e1s corto que un Clio","og_url":"https:\/\/garageblogec.com\/?p=2354","og_site_name":"Garage Blog Ecuador","article_published_time":"2025-07-25T20:58:13+00:00","article_modified_time":"2025-07-25T20:58:26+00:00","og_image":[{"width":978,"height":522,"url":"https:\/\/garageblogec.com\/wp-content\/uploads\/2025\/07\/Captura-7.png","type":"image\/png"}],"author":"gabi1212","twitter_card":"summary_large_image","twitter_misc":{"Escrito por":"gabi1212","Tiempo de lectura":"4 minutos"},"schema":{"@context":"https:\/\/schema.org","@graph":[{"@type":"Article","@id":"https:\/\/garageblogec.com\/?p=2354#article","isPartOf":{"@id":"https:\/\/garageblogec.com\/?p=2354"},"author":{"name":"gabi1212","@id":"https:\/\/garageblogec.com\/#\/schema\/person\/635f4b76c0cb3e43b82fe6f7d8bcceea"},"headline":"La minivan m\u00e1s peque\u00f1a de Renault tiene siete plazas y cuesta menos que un Rolex b\u00e1sico","datePublished":"2025-07-25T20:58:13+00:00","dateModified":"2025-07-25T20:58:26+00:00","mainEntityOfPage":{"@id":"https:\/\/garageblogec.com\/?p=2354"},"wordCount":639,"commentCount":0,"publisher":{"@id":"https:\/\/garageblogec.com\/#organization"},"image":{"@id":"https:\/\/garageblogec.com\/?p=2354#primaryimage"},"thumbnailUrl":"https:\/\/garageblogec.com\/wp-content\/uploads\/2025\/07\/Captura-7.png","articleSection":["Industria Nacional"],"inLanguage":"es","potentialAction":[{"@type":"CommentAction","name":"Comment","target":["https:\/\/garageblogec.com\/?p=2354#respond"]}]},{"@type":"WebPage","@id":"https:\/\/garageblogec.com\/?p=2354","url":"https:\/\/garageblogec.com\/?p=2354","name":"La minivan m\u00e1s peque\u00f1a de Renault tiene siete plazas y cuesta menos que un Rolex b\u00e1sico - Garage Blog Ecuador","isPartOf":{"@id":"https:\/\/garageblogec.com\/#website"},"primaryImageOfPage":{"@id":"https:\/\/garageblogec.com\/?p=2354#primaryimage"},"image":{"@id":"https:\/\/garageblogec.com\/?p=2354#primaryimage"},"thumbnailUrl":"https:\/\/garageblogec.com\/wp-content\/uploads\/2025\/07\/Captura-7.png","datePublished":"2025-07-25T20:58:13+00:00","dateModified":"2025-07-25T20:58:26+00:00","breadcrumb":{"@id":"https:\/\/garageblogec.com\/?p=2354#breadcrumb"},"inLanguage":"es","potentialAction":[{"@type":"ReadAction","target":["https:\/\/garageblogec.com\/?p=2354"]}]},{"@type":"ImageObject","inLanguage":"es","@id":"https:\/\/garageblogec.com\/?p=2354#primaryimage","url":"https:\/\/garageblogec.com\/wp-content\/uploads\/2025\/07\/Captura-7.png","contentUrl":"https:\/\/garageblogec.com\/wp-content\/uploads\/2025\/07\/Captura-7.png","width":978,"height":522},{"@type":"BreadcrumbList","@id":"https:\/\/garageblogec.com\/?p=2354#breadcrumb","itemListElement":[{"@type":"ListItem","position":1,"name":"Portada","item":"https:\/\/garageblogec.com\/"},{"@type":"ListItem","position":2,"name":"La minivan m\u00e1s peque\u00f1a de Renault tiene siete plazas y cuesta menos que un Rolex b\u00e1sico"}]},{"@type":"WebSite","@id":"https:\/\/garageblogec.com\/#website","url":"https:\/\/garageblogec.com\/","name":"Garage Blog Ecuador","description":"Alucinamos por los autos ","publisher":{"@id":"https:\/\/garageblogec.com\/#organization"},"potentialAction":[{"@type":"SearchAction","target":{"@type":"EntryPoint","urlTemplate":"https:\/\/garageblogec.com\/?s={search_term_string}"},"query-input":{"@type":"PropertyValueSpecification","valueRequired":true,"valueName":"search_term_string"}}],"inLanguage":"es"},{"@type":"Organization","@id":"https:\/\/garageblogec.com\/#organization","name":"Garage Blog Ecuador","url":"https:\/\/garageblogec.com\/","logo":{"@type":"ImageObject","inLanguage":"es","@id":"https:\/\/garageblogec.com\/#\/schema\/logo\/image\/","url":"https:\/\/garageblogec.com\/wp-content\/uploads\/2024\/02\/cropped-logo-png-para-blog.webp","contentUrl":"https:\/\/garageblogec.com\/wp-content\/uploads\/2024\/02\/cropped-logo-png-para-blog.webp","width":840,"height":556,"caption":"Garage Blog Ecuador "},"image":{"@id":"https:\/\/garageblogec.com\/#\/schema\/logo\/image\/"}},{"@type":"Person","@id":"https:\/\/garageblogec.com\/#\/schema\/person\/635f4b76c0cb3e43b82fe6f7d8bcceea","name":"gabi1212","image":{"@type":"ImageObject","inLanguage":"es","@id":"https:\/\/secure.gravatar.com\/avatar\/6aa491f45cb359d4d6dd8c430e83f78899c80569c27d21156e19bbdcd31d1811?s=96&d=mm&r=g","url":"https:\/\/secure.gravatar.com\/avatar\/6aa491f45cb359d4d6dd8c430e83f78899c80569c27d21156e19bbdcd31d1811?s=96&d=mm&r=g","contentUrl":"https:\/\/secure.gravatar.com\/avatar\/6aa491f45cb359d4d6dd8c430e83f78899c80569c27d21156e19bbdcd31d1811?s=96&d=mm&r=g","caption":"gabi1212"},"url":"https:\/\/garageblogec.com\/?author=6"}]}},"jetpack_featured_media_url":"https:\/\/garageblogec.com\/wp-content\/uploads\/2025\/07\/Captura-7.png","jetpack_sharing_enabled":true,"_links":{"self":[{"href":"https:\/\/garageblogec.com\/index.php?rest_route=\/wp\/v2\/posts\/2354","targetHints":{"allow":["GET"]}}],"collection":[{"href":"https:\/\/garageblogec.com\/index.php?rest_route=\/wp\/v2\/posts"}],"about":[{"href":"https:\/\/garageblogec.com\/index.php?rest_route=\/wp\/v2\/types\/post"}],"author":[{"embeddable":true,"href":"https:\/\/garageblogec.com\/index.php?rest_route=\/wp\/v2\/users\/6"}],"replies":[{"embeddable":true,"href":"https:\/\/garageblogec.com\/index.php?rest_route=%2Fwp%2Fv2%2Fcomments&post=2354"}],"version-history":[{"count":1,"href":"https:\/\/garageblogec.com\/index.php?rest_route=\/wp\/v2\/posts\/2354\/revisions"}],"predecessor-version":[{"id":2356,"href":"https:\/\/garageblogec.com\/index.php?rest_route=\/wp\/v2\/posts\/2354\/revisions\/2356"}],"wp:featuredmedia":[{"embeddable":true,"href":"https:\/\/garageblogec.com\/index.php?rest_route=\/wp\/v2\/media\/2355"}],"wp:attachment":[{"href":"https:\/\/garageblogec.com\/index.php?rest_route=%2Fwp%2Fv2%2Fmedia&parent=2354"}],"wp:term":[{"taxonomy":"category","embeddable":true,"href":"https:\/\/garageblogec.com\/index.php?rest_route=%2Fwp%2Fv2%2Fcategories&post=2354"},{"taxonomy":"post_tag","embeddable":true,"href":"https:\/\/garageblogec.com\/index.php?rest_route=%2Fwp%2Fv2%2Ftags&post=2354"}],"curies":[{"name":"wp","href":"https:\/\/api.w.org\/{rel}","templated":true}]}}