{"id":2333,"date":"2025-07-23T22:13:19","date_gmt":"2025-07-23T22:13:19","guid":{"rendered":"https:\/\/garageblogec.com\/?p=2333"},"modified":"2025-07-23T22:13:34","modified_gmt":"2025-07-23T22:13:34","slug":"chevy-tiene-un-nuevo-suv-para-compradores-con-presupuesto-limitado-pero-no-todos-lo-entienden","status":"publish","type":"post","link":"https:\/\/garageblogec.com\/?p=2333","title":{"rendered":"Chevy tiene un nuevo SUV para compradores con presupuesto limitado, pero no todos lo entienden"},"content":{"rendered":"\n<p>Un nuevo SUV peque\u00f1o se avecina en Sudam\u00e9rica, ofreciendo una opci\u00f3n innovadora para compradores con presupuesto ajustado. Chevrolet ha presentado un avance del modelo, cuyo debut est\u00e1 previsto para 2026. Aunque no se ha revelado su nombre, el SUV llevar\u00e1 la insignia de Chevrolet y se fabricar\u00e1 en la planta de Gravata\u00ed, Brasil, que celebra su 25.\u00ba aniversario.<\/p>\n\n\n\n<figure class=\"wp-block-image size-large\"><img decoding=\"async\" src=\"https:\/\/www.carscoops.com\/wp-content\/uploads\/webp\/2025\/07\/Chevrolet-New-SUV-Brazil-Teaser-2-1536x864.webp\" alt=\"\"\/><\/figure>\n\n\n\n<p>Este lanzamiento est\u00e1 vinculado a un plan de inversi\u00f3n m\u00e1s amplio por un valor de R$ 1.200 millones (alrededor de US$ 215,5 millones) destinado a modernizar las instalaciones de Gravata\u00ed, una medida anunciada en 2024. Se cree que el nuevo SUV se basar\u00e1 en la misma plataforma que\u00a0el hatchback Onix renovado y el sed\u00e1n Onix Plus\u00a0, ambos ya producidos en la planta.<\/p>\n\n\n\n<figure class=\"wp-block-image size-large\"><a href=\"https:\/\/www.kia.com\/ec\/main.html\"><img fetchpriority=\"high\" decoding=\"async\" width=\"1024\" height=\"284\" src=\"https:\/\/garageblogec.com\/wp-content\/uploads\/2025\/07\/1080X300_GARAGE-BLOG-1-1024x284.jpg\" alt=\"\" class=\"wp-image-2278\" srcset=\"https:\/\/garageblogec.com\/wp-content\/uploads\/2025\/07\/1080X300_GARAGE-BLOG-1-1024x284.jpg 1024w, https:\/\/garageblogec.com\/wp-content\/uploads\/2025\/07\/1080X300_GARAGE-BLOG-1-300x83.jpg 300w, https:\/\/garageblogec.com\/wp-content\/uploads\/2025\/07\/1080X300_GARAGE-BLOG-1-768x213.jpg 768w, https:\/\/garageblogec.com\/wp-content\/uploads\/2025\/07\/1080X300_GARAGE-BLOG-1.jpg 1080w\" sizes=\"(max-width: 1024px) 100vw, 1024px\" \/><\/a><\/figure>\n\n\n\n<p><strong>Plataforma familiar, formato nuevo<\/strong><\/p>\n\n\n\n<p>En la imagen\u00a0teaser\u00a0, el pr\u00f3ximo SUV luce faros LED divididos y una amplia parrilla delantera. En la parte trasera, luce estilizadas luces traseras LED y un sutil aler\u00f3n de techo. Vista lateralmente, las proporciones se acercan a las de un crossover, con una carrocer\u00eda ligeramente m\u00e1s grande y una mayor distancia al suelo en comparaci\u00f3n con el Onix hatchback.<\/p>\n\n\n\n<p>Aunque\u00a0Chevrolet\u00a0no ha publicado especificaciones t\u00e9cnicas, se espera un motor turboalimentado de 1.0 litros y combustible flexible que genere hasta 121 caballos de fuerza. Al igual que sus hermanos Onix, el SUV probablemente ofrecer\u00e1 una transmisi\u00f3n manual o autom\u00e1tica de seis velocidades, ambas con tracci\u00f3n delantera.<\/p>\n\n\n\n<figure class=\"wp-block-image size-large\"><img decoding=\"async\" src=\"https:\/\/www.carscoops.com\/wp-content\/uploads\/webp\/2025\/07\/2025-Chevrolet-Tracker-LATAM-1-1536x1025.webp\" alt=\"\"\/><\/figure>\n\n\n\n<p><strong>Situado debajo del rastreador<\/strong><\/p>\n\n\n\n<p>Este nuevo modelo se ubicar\u00e1 debajo del recientemente renovado\u00a0Chevrolet Tracker\u00a0, que mide 4270 mm (168,1 pulgadas) de largo. A modo de comparaci\u00f3n, el Onix hatchback mide 4163 mm (163,9 pulgadas). El Tracker, producido en la planta de S\u00e3o Caetano do Sul, tambi\u00e9n recibir\u00e1 actualizaciones para 2026, incluyendo mejoras exteriores, una nueva cabina digital y mejoras en el chasis.<\/p>\n\n\n\n<figure class=\"wp-block-image size-full\"><img decoding=\"async\" width=\"901\" height=\"562\" src=\"https:\/\/garageblogec.com\/wp-content\/uploads\/2025\/07\/Captura-5.png\" alt=\"\" class=\"wp-image-2335\" srcset=\"https:\/\/garageblogec.com\/wp-content\/uploads\/2025\/07\/Captura-5.png 901w, https:\/\/garageblogec.com\/wp-content\/uploads\/2025\/07\/Captura-5-300x187.png 300w, https:\/\/garageblogec.com\/wp-content\/uploads\/2025\/07\/Captura-5-768x479.png 768w\" sizes=\"(max-width: 901px) 100vw, 901px\" \/><\/figure>\n\n\n\n<p>Cuando llegue el a\u00f1o que viene, el nuevo SUV b\u00e1sico de Chevrolet competir\u00e1 con modelos como el VW Tera, el Renault Kardian,\u00a0el Fiat Pulse\u00a0y el Citro\u00ebn Basalt. Todos los modelos mencionados se basan en los hatchbacks peque\u00f1os equivalentes, ofreciendo mayor practicidad y una presencia m\u00e1s aventurera.<\/p>\n\n\n\n<p>Seg\u00fan Santiago Chamorro, presidente de GM Sudam\u00e9rica, el nuevo SUV de Chevrolet fue desarrollado 100% para el consumidor\u00a0sudamericano\u00a0. Esta afirmaci\u00f3n sugiere que no se espera que el modelo se ofrezca fuera de la regi\u00f3n.<\/p>\n\n\n<div class='pt-cv-wrapper'> <h3 class='pt-cv-heading-container heading1' data-blockid='2wf5kaad'><span class='pt-cv-heading'> Overlay1 <\/span><\/h3><div class=\"pt-cv-view pt-cv-overlaygrid iscvblock iscvreal overlay1 layout1\" id=\"pt-cv-view-2wf5kaad\"><div data-id=\"pt-cv-page-1\" class=\"pt-cv-page\" data-cvc=\"3\"><div class=\" pt-cv-content-item pt-cv-1-col\" ><div class=\"pt-cv-thumb-wrapper  \"><a href=\"https:\/\/garageblogec.com\/?p=3303\" class=\"_self pt-cv-href-thumbnail pt-cv-thumb-default\" target=\"_self\" ><img decoding=\"async\" width=\"768\" height=\"432\" src=\"https:\/\/garageblogec.com\/wp-content\/uploads\/2026\/04\/WhatsApp-Image-2026-04-21-at-1.52.53-PM-768x432.jpeg\" class=\"pt-cv-thumbnail\" alt=\"\" \/><\/a><\/div>\n<div class=\"pt-cv-overlay-wrapper\"><div class=\"pt-cv-taxoterm above_title\"><a href='https:\/\/garageblogec.com\/?cat=27' title='Industria Nacional' class='pt-cv-tax-industria-nacional'>Industria Nacional<\/a><\/div><h4 class=\"pt-cv-title\"><a href=\"https:\/\/garageblogec.com\/?p=3303\" class=\"_self\" target=\"_self\" >Grupo Ambacar presenta en Guayaquil KGM, su nueva marca de SUV h\u00edbridos con respaldo global<\/a><\/h4><div class=\"pt-cv-meta-fields\"><span class=\"entry-date\"> <time datetime=\"2026-04-21T21:37:24+00:00\">abril 21, 2026<\/time><\/span><span> \/ <\/span><span class=\"author\"> <a href=\"https:\/\/garageblogec.com\/?author=6\" rel=\"author\">gabi1212<\/a><\/span><\/div><\/div><\/div>\n<div class=\" pt-cv-content-item pt-cv-1-col\" ><div class=\"pt-cv-thumb-wrapper  \"><a href=\"https:\/\/garageblogec.com\/?p=3296\" class=\"_self pt-cv-href-thumbnail pt-cv-thumb-default\" target=\"_self\" ><img loading=\"lazy\" decoding=\"async\" width=\"768\" height=\"432\" src=\"https:\/\/garageblogec.com\/wp-content\/uploads\/2026\/04\/WhatsApp-Image-2026-04-14-at-3.15.09-PM-768x432.jpeg\" class=\"pt-cv-thumbnail\" alt=\"\" \/><\/a><\/div>\n<div class=\"pt-cv-overlay-wrapper\"><div class=\"pt-cv-taxoterm above_title\"><a href='https:\/\/garageblogec.com\/?cat=27' title='Industria Nacional' class='pt-cv-tax-industria-nacional'>Industria Nacional<\/a><\/div><h4 class=\"pt-cv-title\"><a href=\"https:\/\/garageblogec.com\/?p=3296\" class=\"_self\" target=\"_self\" >El tablero desapareci\u00f3, ahora el auto es una pantalla inteligente<\/a><\/h4><div class=\"pt-cv-meta-fields\"><span class=\"entry-date\"> <time datetime=\"2026-04-14T20:21:20+00:00\">abril 14, 2026<\/time><\/span><span> \/ <\/span><span class=\"author\"> <a href=\"https:\/\/garageblogec.com\/?author=6\" rel=\"author\">gabi1212<\/a><\/span><\/div><\/div><\/div>\n<div class=\" pt-cv-content-item pt-cv-1-col\" ><div class=\"pt-cv-thumb-wrapper  \"><a href=\"https:\/\/garageblogec.com\/?p=3291\" class=\"_self pt-cv-href-thumbnail pt-cv-thumb-default\" target=\"_self\" ><img loading=\"lazy\" decoding=\"async\" width=\"768\" height=\"432\" src=\"https:\/\/garageblogec.com\/wp-content\/uploads\/2026\/04\/WhatsApp-Image-2026-04-14-at-2.21.27-PM-768x432.jpeg\" class=\"pt-cv-thumbnail\" alt=\"\" \/><\/a><\/div>\n<div class=\"pt-cv-overlay-wrapper\"><div class=\"pt-cv-taxoterm above_title\"><a href='https:\/\/garageblogec.com\/?cat=27' title='Industria Nacional' class='pt-cv-tax-industria-nacional'>Industria Nacional<\/a><\/div><h4 class=\"pt-cv-title\"><a href=\"https:\/\/garageblogec.com\/?p=3291\" class=\"_self\" target=\"_self\" >Seguridad al volante en Ecuador: los errores m\u00e1s comunes que cometen los conductores<\/a><\/h4><div class=\"pt-cv-meta-fields\"><span class=\"entry-date\"> <time datetime=\"2026-04-14T20:08:54+00:00\">abril 14, 2026<\/time><\/span><span> \/ <\/span><span class=\"author\"> <a href=\"https:\/\/garageblogec.com\/?author=6\" rel=\"author\">gabi1212<\/a><\/span><\/div><\/div><\/div>\n<div class=\" pt-cv-content-item pt-cv-1-col\" ><div class=\"pt-cv-thumb-wrapper  \"><a href=\"https:\/\/garageblogec.com\/?p=3286\" class=\"_self pt-cv-href-thumbnail pt-cv-thumb-default\" target=\"_self\" ><img loading=\"lazy\" decoding=\"async\" width=\"768\" height=\"492\" src=\"https:\/\/garageblogec.com\/wp-content\/uploads\/2026\/04\/Posventa.jpg-768x492.jpeg\" class=\"pt-cv-thumbnail\" alt=\"\" \/><\/a><\/div>\n<div class=\"pt-cv-overlay-wrapper\"><div class=\"pt-cv-taxoterm above_title\"><a href='https:\/\/garageblogec.com\/?cat=27' title='Industria Nacional' class='pt-cv-tax-industria-nacional'>Industria Nacional<\/a><\/div><h4 class=\"pt-cv-title\"><a href=\"https:\/\/garageblogec.com\/?p=3286\" class=\"_self\" target=\"_self\" >Clientes Nissan reciben cambios de aceite infinitos<\/a><\/h4><div class=\"pt-cv-meta-fields\"><span class=\"entry-date\"> <time datetime=\"2026-04-14T20:04:08+00:00\">abril 14, 2026<\/time><\/span><span> \/ <\/span><span class=\"author\"> <a href=\"https:\/\/garageblogec.com\/?author=6\" rel=\"author\">gabi1212<\/a><\/span><\/div><\/div><\/div>\n<div class=\" pt-cv-content-item pt-cv-1-col\" ><div class=\"pt-cv-thumb-wrapper  \"><a href=\"https:\/\/garageblogec.com\/?p=3280\" class=\"_self pt-cv-href-thumbnail pt-cv-thumb-default\" target=\"_self\" ><img loading=\"lazy\" decoding=\"async\" width=\"768\" height=\"512\" src=\"https:\/\/garageblogec.com\/wp-content\/uploads\/2026\/04\/foto1-768x512.jpeg\" class=\"pt-cv-thumbnail\" alt=\"\" \/><\/a><\/div>\n<div class=\"pt-cv-overlay-wrapper\"><div class=\"pt-cv-taxoterm above_title\"><a href='https:\/\/garageblogec.com\/?cat=27' title='Industria Nacional' class='pt-cv-tax-industria-nacional'>Industria Nacional<\/a><\/div><h4 class=\"pt-cv-title\"><a href=\"https:\/\/garageblogec.com\/?p=3280\" class=\"_self\" target=\"_self\" >Movilidad como inversi\u00f3n: el uso de utilidades que crece en Ecuador<\/a><\/h4><div class=\"pt-cv-meta-fields\"><span class=\"entry-date\"> <time datetime=\"2026-04-07T19:55:36+00:00\">abril 7, 2026<\/time><\/span><span> \/ <\/span><span class=\"author\"> <a href=\"https:\/\/garageblogec.com\/?author=6\" rel=\"author\">gabi1212<\/a><\/span><\/div><\/div><\/div>\n<div class=\" pt-cv-content-item pt-cv-1-col\" ><div class=\"pt-cv-thumb-wrapper  \"><a href=\"https:\/\/garageblogec.com\/?p=3276\" class=\"_self pt-cv-href-thumbnail pt-cv-thumb-default\" target=\"_self\" ><img loading=\"lazy\" decoding=\"async\" width=\"745\" height=\"491\" src=\"https:\/\/garageblogec.com\/wp-content\/uploads\/2026\/04\/TT.png\" class=\"pt-cv-thumbnail\" alt=\"\" \/><\/a><\/div>\n<div class=\"pt-cv-overlay-wrapper\"><div class=\"pt-cv-taxoterm above_title\"><a href='https:\/\/garageblogec.com\/?cat=27' title='Industria Nacional' class='pt-cv-tax-industria-nacional'>Industria Nacional<\/a><\/div><h4 class=\"pt-cv-title\"><a href=\"https:\/\/garageblogec.com\/?p=3276\" class=\"_self\" target=\"_self\" >Lluvias en Ecuador: C\u00f3mo reducir riesgos en carretera y prevenir accidentes en calzada mojada<\/a><\/h4><div class=\"pt-cv-meta-fields\"><span class=\"entry-date\"> <time datetime=\"2026-04-07T19:46:52+00:00\">abril 7, 2026<\/time><\/span><span> \/ <\/span><span class=\"author\"> <a href=\"https:\/\/garageblogec.com\/?author=6\" rel=\"author\">gabi1212<\/a><\/span><\/div><\/div><\/div><\/div><\/div> <\/div> <style>\n#pt-cv-view-2wf5kaad .pt-cv-thumb-wrapper::before {background: rgba(0,0,0,.4); opacity: 0.8;}#pt-cv-view-2wf5kaad .pt-cv-overlay-wrapper {justify-content: center;}\n#pt-cv-view-2wf5kaad .pt-cv-meta-fields {  }#pt-cv-view-2wf5kaad .pt-cv-meta-fields * { font-size: 13px; }#pt-cv-view-2wf5kaad .pt-cv-title a { display: block; }#pt-cv-view-2wf5kaad .pt-cv-title:not(.pt-cv-titlesm) a { font-weight: 600;text-decoration: none;font-size: 20px; }#pt-cv-view-2wf5kaad .pt-cv-titlesm a { font-weight: 600;font-size: 18px; }#pt-cv-view-2wf5kaad .pt-cv-content { font-size: 15px; }#pt-cv-view-2wf5kaad .pt-cv-rmwrap {  }#pt-cv-view-2wf5kaad .pt-cv-readmore { color: #fff;background-color: #0075ff;font-size: 14px; }#pt-cv-view-2wf5kaad .pt-cv-taxoterm { margin: 0px 0px 20px 0px; }#pt-cv-view-2wf5kaad .pt-cv-taxoterm * { color: #222;background-color: #fff6f6;font-size: 14px; }#pt-cv-view-2wf5kaad + .pt-cv-pagination-wrapper {  }#pt-cv-view-2wf5kaad + .pt-cv-pagination-wrapper a { font-size: 14px; }#pt-cv-view-2wf5kaad > .pt-cv-page {grid-template-columns: repeat(3, 1fr);grid-auto-rows: 250px;grid-gap: 10px;}\n@media all and (max-width: 1024px) { \n#pt-cv-view-2wf5kaad > .pt-cv-page {}\n} \n@media all and (max-width: 767px) { \n#pt-cv-view-2wf5kaad > .pt-cv-page {grid-template-columns: repeat(1, 1fr);}\n} <\/style>","protected":false},"excerpt":{"rendered":"<p>Un nuevo SUV peque\u00f1o se avecina en Sudam\u00e9rica, ofreciendo una opci\u00f3n innovadora para compradores con presupuesto ajustado. Chevrolet ha presentado un avance del modelo, cuyo debut est\u00e1 previsto para 2026. Aunque no se ha revelado su nombre, el SUV llevar\u00e1 la insignia de Chevrolet y se fabricar\u00e1 en la planta de Gravata\u00ed, Brasil, que celebra [&hellip;]<\/p>\n","protected":false},"author":6,"featured_media":2334,"comment_status":"open","ping_status":"open","sticky":false,"template":"","format":"standard","meta":{"_jetpack_memberships_contains_paid_content":false,"footnotes":""},"categories":[27],"tags":[],"class_list":["post-2333","post","type-post","status-publish","format-standard","has-post-thumbnail","hentry","category-industria-nacional"],"yoast_head":"<!-- This site is optimized with the Yoast SEO plugin v27.5 - https:\/\/yoast.com\/product\/yoast-seo-wordpress\/ -->\n<title>Chevy tiene un nuevo SUV para compradores con presupuesto limitado, pero no todos lo entienden - Garage Blog Ecuador<\/title>\n<meta name=\"robots\" content=\"index, follow, max-snippet:-1, max-image-preview:large, max-video-preview:-1\" \/>\n<link rel=\"canonical\" href=\"https:\/\/garageblogec.com\/?p=2333\" \/>\n<meta property=\"og:locale\" content=\"es_ES\" \/>\n<meta property=\"og:type\" content=\"article\" \/>\n<meta property=\"og:title\" content=\"Chevy tiene un nuevo SUV para compradores con presupuesto limitado, pero no todos lo entienden - Garage Blog Ecuador\" \/>\n<meta property=\"og:description\" content=\"Un nuevo SUV peque\u00f1o se avecina en Sudam\u00e9rica, ofreciendo una opci\u00f3n innovadora para compradores con presupuesto ajustado. Chevrolet ha presentado un avance del modelo, cuyo debut est\u00e1 previsto para 2026. Aunque no se ha revelado su nombre, el SUV llevar\u00e1 la insignia de Chevrolet y se fabricar\u00e1 en la planta de Gravata\u00ed, Brasil, que celebra [&hellip;]\" \/>\n<meta property=\"og:url\" content=\"https:\/\/garageblogec.com\/?p=2333\" \/>\n<meta property=\"og:site_name\" content=\"Garage Blog Ecuador\" \/>\n<meta property=\"article:published_time\" content=\"2025-07-23T22:13:19+00:00\" \/>\n<meta property=\"article:modified_time\" content=\"2025-07-23T22:13:34+00:00\" \/>\n<meta property=\"og:image\" content=\"https:\/\/garageblogec.com\/wp-content\/uploads\/2025\/07\/Captura-4.png\" \/>\n\t<meta property=\"og:image:width\" content=\"901\" \/>\n\t<meta property=\"og:image:height\" content=\"562\" \/>\n\t<meta property=\"og:image:type\" content=\"image\/png\" \/>\n<meta name=\"author\" content=\"gabi1212\" \/>\n<meta name=\"twitter:card\" content=\"summary_large_image\" \/>\n<meta name=\"twitter:label1\" content=\"Escrito por\" \/>\n\t<meta name=\"twitter:data1\" content=\"gabi1212\" \/>\n\t<meta name=\"twitter:label2\" content=\"Tiempo de lectura\" \/>\n\t<meta name=\"twitter:data2\" content=\"3 minutos\" \/>\n<script type=\"application\/ld+json\" class=\"yoast-schema-graph\">{\"@context\":\"https:\\\/\\\/schema.org\",\"@graph\":[{\"@type\":\"Article\",\"@id\":\"https:\\\/\\\/garageblogec.com\\\/?p=2333#article\",\"isPartOf\":{\"@id\":\"https:\\\/\\\/garageblogec.com\\\/?p=2333\"},\"author\":{\"name\":\"gabi1212\",\"@id\":\"https:\\\/\\\/garageblogec.com\\\/#\\\/schema\\\/person\\\/635f4b76c0cb3e43b82fe6f7d8bcceea\"},\"headline\":\"Chevy tiene un nuevo SUV para compradores con presupuesto limitado, pero no todos lo entienden\",\"datePublished\":\"2025-07-23T22:13:19+00:00\",\"dateModified\":\"2025-07-23T22:13:34+00:00\",\"mainEntityOfPage\":{\"@id\":\"https:\\\/\\\/garageblogec.com\\\/?p=2333\"},\"wordCount\":407,\"commentCount\":0,\"publisher\":{\"@id\":\"https:\\\/\\\/garageblogec.com\\\/#organization\"},\"image\":{\"@id\":\"https:\\\/\\\/garageblogec.com\\\/?p=2333#primaryimage\"},\"thumbnailUrl\":\"https:\\\/\\\/garageblogec.com\\\/wp-content\\\/uploads\\\/2025\\\/07\\\/Captura-4.png\",\"articleSection\":[\"Industria Nacional\"],\"inLanguage\":\"es\",\"potentialAction\":[{\"@type\":\"CommentAction\",\"name\":\"Comment\",\"target\":[\"https:\\\/\\\/garageblogec.com\\\/?p=2333#respond\"]}]},{\"@type\":\"WebPage\",\"@id\":\"https:\\\/\\\/garageblogec.com\\\/?p=2333\",\"url\":\"https:\\\/\\\/garageblogec.com\\\/?p=2333\",\"name\":\"Chevy tiene un nuevo SUV para compradores con presupuesto limitado, pero no todos lo entienden - Garage Blog Ecuador\",\"isPartOf\":{\"@id\":\"https:\\\/\\\/garageblogec.com\\\/#website\"},\"primaryImageOfPage\":{\"@id\":\"https:\\\/\\\/garageblogec.com\\\/?p=2333#primaryimage\"},\"image\":{\"@id\":\"https:\\\/\\\/garageblogec.com\\\/?p=2333#primaryimage\"},\"thumbnailUrl\":\"https:\\\/\\\/garageblogec.com\\\/wp-content\\\/uploads\\\/2025\\\/07\\\/Captura-4.png\",\"datePublished\":\"2025-07-23T22:13:19+00:00\",\"dateModified\":\"2025-07-23T22:13:34+00:00\",\"breadcrumb\":{\"@id\":\"https:\\\/\\\/garageblogec.com\\\/?p=2333#breadcrumb\"},\"inLanguage\":\"es\",\"potentialAction\":[{\"@type\":\"ReadAction\",\"target\":[\"https:\\\/\\\/garageblogec.com\\\/?p=2333\"]}]},{\"@type\":\"ImageObject\",\"inLanguage\":\"es\",\"@id\":\"https:\\\/\\\/garageblogec.com\\\/?p=2333#primaryimage\",\"url\":\"https:\\\/\\\/garageblogec.com\\\/wp-content\\\/uploads\\\/2025\\\/07\\\/Captura-4.png\",\"contentUrl\":\"https:\\\/\\\/garageblogec.com\\\/wp-content\\\/uploads\\\/2025\\\/07\\\/Captura-4.png\",\"width\":901,\"height\":562},{\"@type\":\"BreadcrumbList\",\"@id\":\"https:\\\/\\\/garageblogec.com\\\/?p=2333#breadcrumb\",\"itemListElement\":[{\"@type\":\"ListItem\",\"position\":1,\"name\":\"Portada\",\"item\":\"https:\\\/\\\/garageblogec.com\\\/\"},{\"@type\":\"ListItem\",\"position\":2,\"name\":\"Chevy tiene un nuevo SUV para compradores con presupuesto limitado, pero no todos lo entienden\"}]},{\"@type\":\"WebSite\",\"@id\":\"https:\\\/\\\/garageblogec.com\\\/#website\",\"url\":\"https:\\\/\\\/garageblogec.com\\\/\",\"name\":\"Garage Blog Ecuador\",\"description\":\"Alucinamos por los autos \",\"publisher\":{\"@id\":\"https:\\\/\\\/garageblogec.com\\\/#organization\"},\"potentialAction\":[{\"@type\":\"SearchAction\",\"target\":{\"@type\":\"EntryPoint\",\"urlTemplate\":\"https:\\\/\\\/garageblogec.com\\\/?s={search_term_string}\"},\"query-input\":{\"@type\":\"PropertyValueSpecification\",\"valueRequired\":true,\"valueName\":\"search_term_string\"}}],\"inLanguage\":\"es\"},{\"@type\":\"Organization\",\"@id\":\"https:\\\/\\\/garageblogec.com\\\/#organization\",\"name\":\"Garage Blog Ecuador\",\"url\":\"https:\\\/\\\/garageblogec.com\\\/\",\"logo\":{\"@type\":\"ImageObject\",\"inLanguage\":\"es\",\"@id\":\"https:\\\/\\\/garageblogec.com\\\/#\\\/schema\\\/logo\\\/image\\\/\",\"url\":\"https:\\\/\\\/garageblogec.com\\\/wp-content\\\/uploads\\\/2024\\\/02\\\/cropped-logo-png-para-blog.webp\",\"contentUrl\":\"https:\\\/\\\/garageblogec.com\\\/wp-content\\\/uploads\\\/2024\\\/02\\\/cropped-logo-png-para-blog.webp\",\"width\":840,\"height\":556,\"caption\":\"Garage Blog Ecuador \"},\"image\":{\"@id\":\"https:\\\/\\\/garageblogec.com\\\/#\\\/schema\\\/logo\\\/image\\\/\"}},{\"@type\":\"Person\",\"@id\":\"https:\\\/\\\/garageblogec.com\\\/#\\\/schema\\\/person\\\/635f4b76c0cb3e43b82fe6f7d8bcceea\",\"name\":\"gabi1212\",\"image\":{\"@type\":\"ImageObject\",\"inLanguage\":\"es\",\"@id\":\"https:\\\/\\\/secure.gravatar.com\\\/avatar\\\/6aa491f45cb359d4d6dd8c430e83f78899c80569c27d21156e19bbdcd31d1811?s=96&d=mm&r=g\",\"url\":\"https:\\\/\\\/secure.gravatar.com\\\/avatar\\\/6aa491f45cb359d4d6dd8c430e83f78899c80569c27d21156e19bbdcd31d1811?s=96&d=mm&r=g\",\"contentUrl\":\"https:\\\/\\\/secure.gravatar.com\\\/avatar\\\/6aa491f45cb359d4d6dd8c430e83f78899c80569c27d21156e19bbdcd31d1811?s=96&d=mm&r=g\",\"caption\":\"gabi1212\"},\"url\":\"https:\\\/\\\/garageblogec.com\\\/?author=6\"}]}<\/script>\n<!-- \/ Yoast SEO plugin. -->","yoast_head_json":{"title":"Chevy tiene un nuevo SUV para compradores con presupuesto limitado, pero no todos lo entienden - Garage Blog Ecuador","robots":{"index":"index","follow":"follow","max-snippet":"max-snippet:-1","max-image-preview":"max-image-preview:large","max-video-preview":"max-video-preview:-1"},"canonical":"https:\/\/garageblogec.com\/?p=2333","og_locale":"es_ES","og_type":"article","og_title":"Chevy tiene un nuevo SUV para compradores con presupuesto limitado, pero no todos lo entienden - Garage Blog Ecuador","og_description":"Un nuevo SUV peque\u00f1o se avecina en Sudam\u00e9rica, ofreciendo una opci\u00f3n innovadora para compradores con presupuesto ajustado. Chevrolet ha presentado un avance del modelo, cuyo debut est\u00e1 previsto para 2026. Aunque no se ha revelado su nombre, el SUV llevar\u00e1 la insignia de Chevrolet y se fabricar\u00e1 en la planta de Gravata\u00ed, Brasil, que celebra [&hellip;]","og_url":"https:\/\/garageblogec.com\/?p=2333","og_site_name":"Garage Blog Ecuador","article_published_time":"2025-07-23T22:13:19+00:00","article_modified_time":"2025-07-23T22:13:34+00:00","og_image":[{"width":901,"height":562,"url":"https:\/\/garageblogec.com\/wp-content\/uploads\/2025\/07\/Captura-4.png","type":"image\/png"}],"author":"gabi1212","twitter_card":"summary_large_image","twitter_misc":{"Escrito por":"gabi1212","Tiempo de lectura":"3 minutos"},"schema":{"@context":"https:\/\/schema.org","@graph":[{"@type":"Article","@id":"https:\/\/garageblogec.com\/?p=2333#article","isPartOf":{"@id":"https:\/\/garageblogec.com\/?p=2333"},"author":{"name":"gabi1212","@id":"https:\/\/garageblogec.com\/#\/schema\/person\/635f4b76c0cb3e43b82fe6f7d8bcceea"},"headline":"Chevy tiene un nuevo SUV para compradores con presupuesto limitado, pero no todos lo entienden","datePublished":"2025-07-23T22:13:19+00:00","dateModified":"2025-07-23T22:13:34+00:00","mainEntityOfPage":{"@id":"https:\/\/garageblogec.com\/?p=2333"},"wordCount":407,"commentCount":0,"publisher":{"@id":"https:\/\/garageblogec.com\/#organization"},"image":{"@id":"https:\/\/garageblogec.com\/?p=2333#primaryimage"},"thumbnailUrl":"https:\/\/garageblogec.com\/wp-content\/uploads\/2025\/07\/Captura-4.png","articleSection":["Industria Nacional"],"inLanguage":"es","potentialAction":[{"@type":"CommentAction","name":"Comment","target":["https:\/\/garageblogec.com\/?p=2333#respond"]}]},{"@type":"WebPage","@id":"https:\/\/garageblogec.com\/?p=2333","url":"https:\/\/garageblogec.com\/?p=2333","name":"Chevy tiene un nuevo SUV para compradores con presupuesto limitado, pero no todos lo entienden - Garage Blog Ecuador","isPartOf":{"@id":"https:\/\/garageblogec.com\/#website"},"primaryImageOfPage":{"@id":"https:\/\/garageblogec.com\/?p=2333#primaryimage"},"image":{"@id":"https:\/\/garageblogec.com\/?p=2333#primaryimage"},"thumbnailUrl":"https:\/\/garageblogec.com\/wp-content\/uploads\/2025\/07\/Captura-4.png","datePublished":"2025-07-23T22:13:19+00:00","dateModified":"2025-07-23T22:13:34+00:00","breadcrumb":{"@id":"https:\/\/garageblogec.com\/?p=2333#breadcrumb"},"inLanguage":"es","potentialAction":[{"@type":"ReadAction","target":["https:\/\/garageblogec.com\/?p=2333"]}]},{"@type":"ImageObject","inLanguage":"es","@id":"https:\/\/garageblogec.com\/?p=2333#primaryimage","url":"https:\/\/garageblogec.com\/wp-content\/uploads\/2025\/07\/Captura-4.png","contentUrl":"https:\/\/garageblogec.com\/wp-content\/uploads\/2025\/07\/Captura-4.png","width":901,"height":562},{"@type":"BreadcrumbList","@id":"https:\/\/garageblogec.com\/?p=2333#breadcrumb","itemListElement":[{"@type":"ListItem","position":1,"name":"Portada","item":"https:\/\/garageblogec.com\/"},{"@type":"ListItem","position":2,"name":"Chevy tiene un nuevo SUV para compradores con presupuesto limitado, pero no todos lo entienden"}]},{"@type":"WebSite","@id":"https:\/\/garageblogec.com\/#website","url":"https:\/\/garageblogec.com\/","name":"Garage Blog Ecuador","description":"Alucinamos por los autos ","publisher":{"@id":"https:\/\/garageblogec.com\/#organization"},"potentialAction":[{"@type":"SearchAction","target":{"@type":"EntryPoint","urlTemplate":"https:\/\/garageblogec.com\/?s={search_term_string}"},"query-input":{"@type":"PropertyValueSpecification","valueRequired":true,"valueName":"search_term_string"}}],"inLanguage":"es"},{"@type":"Organization","@id":"https:\/\/garageblogec.com\/#organization","name":"Garage Blog Ecuador","url":"https:\/\/garageblogec.com\/","logo":{"@type":"ImageObject","inLanguage":"es","@id":"https:\/\/garageblogec.com\/#\/schema\/logo\/image\/","url":"https:\/\/garageblogec.com\/wp-content\/uploads\/2024\/02\/cropped-logo-png-para-blog.webp","contentUrl":"https:\/\/garageblogec.com\/wp-content\/uploads\/2024\/02\/cropped-logo-png-para-blog.webp","width":840,"height":556,"caption":"Garage Blog Ecuador "},"image":{"@id":"https:\/\/garageblogec.com\/#\/schema\/logo\/image\/"}},{"@type":"Person","@id":"https:\/\/garageblogec.com\/#\/schema\/person\/635f4b76c0cb3e43b82fe6f7d8bcceea","name":"gabi1212","image":{"@type":"ImageObject","inLanguage":"es","@id":"https:\/\/secure.gravatar.com\/avatar\/6aa491f45cb359d4d6dd8c430e83f78899c80569c27d21156e19bbdcd31d1811?s=96&d=mm&r=g","url":"https:\/\/secure.gravatar.com\/avatar\/6aa491f45cb359d4d6dd8c430e83f78899c80569c27d21156e19bbdcd31d1811?s=96&d=mm&r=g","contentUrl":"https:\/\/secure.gravatar.com\/avatar\/6aa491f45cb359d4d6dd8c430e83f78899c80569c27d21156e19bbdcd31d1811?s=96&d=mm&r=g","caption":"gabi1212"},"url":"https:\/\/garageblogec.com\/?author=6"}]}},"jetpack_featured_media_url":"https:\/\/garageblogec.com\/wp-content\/uploads\/2025\/07\/Captura-4.png","jetpack_sharing_enabled":true,"_links":{"self":[{"href":"https:\/\/garageblogec.com\/index.php?rest_route=\/wp\/v2\/posts\/2333","targetHints":{"allow":["GET"]}}],"collection":[{"href":"https:\/\/garageblogec.com\/index.php?rest_route=\/wp\/v2\/posts"}],"about":[{"href":"https:\/\/garageblogec.com\/index.php?rest_route=\/wp\/v2\/types\/post"}],"author":[{"embeddable":true,"href":"https:\/\/garageblogec.com\/index.php?rest_route=\/wp\/v2\/users\/6"}],"replies":[{"embeddable":true,"href":"https:\/\/garageblogec.com\/index.php?rest_route=%2Fwp%2Fv2%2Fcomments&post=2333"}],"version-history":[{"count":1,"href":"https:\/\/garageblogec.com\/index.php?rest_route=\/wp\/v2\/posts\/2333\/revisions"}],"predecessor-version":[{"id":2336,"href":"https:\/\/garageblogec.com\/index.php?rest_route=\/wp\/v2\/posts\/2333\/revisions\/2336"}],"wp:featuredmedia":[{"embeddable":true,"href":"https:\/\/garageblogec.com\/index.php?rest_route=\/wp\/v2\/media\/2334"}],"wp:attachment":[{"href":"https:\/\/garageblogec.com\/index.php?rest_route=%2Fwp%2Fv2%2Fmedia&parent=2333"}],"wp:term":[{"taxonomy":"category","embeddable":true,"href":"https:\/\/garageblogec.com\/index.php?rest_route=%2Fwp%2Fv2%2Fcategories&post=2333"},{"taxonomy":"post_tag","embeddable":true,"href":"https:\/\/garageblogec.com\/index.php?rest_route=%2Fwp%2Fv2%2Ftags&post=2333"}],"curies":[{"name":"wp","href":"https:\/\/api.w.org\/{rel}","templated":true}]}}