{"id":2329,"date":"2025-07-22T17:41:39","date_gmt":"2025-07-22T17:41:39","guid":{"rendered":"https:\/\/garageblogec.com\/?p=2329"},"modified":"2025-07-22T17:41:52","modified_gmt":"2025-07-22T17:41:52","slug":"por-que-asegurar-un-vehiculo-en-ecuador-ya-no-es-opcional-5-razones-clave-para-protegerlo","status":"publish","type":"post","link":"https:\/\/garageblogec.com\/?p=2329","title":{"rendered":"\u00bfPor qu\u00e9 asegurar un veh\u00edculo en Ecuador ya no es opcional? 5 razones clave para protegerlo"},"content":{"rendered":"\n<p>En Ecuador, la cultura de seguros a\u00fan enfrenta desaf\u00edos importantes. Aunque el mercado asegurador ha mostrado se\u00f1ales de crecimiento en los \u00faltimos a\u00f1os, muchas personas siguen percibiendo los seguros como un gasto innecesario, m\u00e1s que como una inversi\u00f3n en protecci\u00f3n. Esta percepci\u00f3n se refleja especialmente en el \u00e1mbito vehicular, donde una gran parte del parque automotor circula sin ning\u00fan tipo de respaldo ante accidentes, robos o da\u00f1os a terceros.<\/p>\n\n\n\n<figure class=\"wp-block-image size-large\"><img fetchpriority=\"high\" decoding=\"async\" width=\"1024\" height=\"682\" src=\"https:\/\/garageblogec.com\/wp-content\/uploads\/2025\/07\/WhatsApp-Image-2025-07-22-at-9.20.15-AM-1024x682.jpeg\" alt=\"\" class=\"wp-image-2330\" srcset=\"https:\/\/garageblogec.com\/wp-content\/uploads\/2025\/07\/WhatsApp-Image-2025-07-22-at-9.20.15-AM-1024x682.jpeg 1024w, https:\/\/garageblogec.com\/wp-content\/uploads\/2025\/07\/WhatsApp-Image-2025-07-22-at-9.20.15-AM-300x200.jpeg 300w, https:\/\/garageblogec.com\/wp-content\/uploads\/2025\/07\/WhatsApp-Image-2025-07-22-at-9.20.15-AM-768x512.jpeg 768w, https:\/\/garageblogec.com\/wp-content\/uploads\/2025\/07\/WhatsApp-Image-2025-07-22-at-9.20.15-AM-1536x1023.jpeg 1536w, https:\/\/garageblogec.com\/wp-content\/uploads\/2025\/07\/WhatsApp-Image-2025-07-22-at-9.20.15-AM-1320x879.jpeg 1320w, https:\/\/garageblogec.com\/wp-content\/uploads\/2025\/07\/WhatsApp-Image-2025-07-22-at-9.20.15-AM.jpeg 1600w\" sizes=\"(max-width: 1024px) 100vw, 1024px\" \/><\/figure>\n\n\n\n<p>Mientras productos como los seguros de salud y vida han ganado mayor penetraci\u00f3n, la cobertura vehicular contin\u00faa siendo una de las m\u00e1s subestimadas. Esto ocurre a pesar de que los riesgos en las v\u00edas, como la siniestralidad, el robo de autos o los da\u00f1os colaterales, son cada vez m\u00e1s frecuentes y costosos. La falta de conciencia, combinada con barreras econ\u00f3micas y desinformaci\u00f3n, ha frenado una adopci\u00f3n m\u00e1s amplia de este tipo de protecci\u00f3n.<\/p>\n\n\n\n<p>Frente a este escenario, el mercado ha empezado a diversificar sus productos, buscando ofrecer coberturas m\u00e1s flexibles, asequibles y acordes al perfil de los conductores ecuatorianos. Empresas especializadas en seguridad vehicular, como <strong>Ituran Ecuador<\/strong>, han fortalecido su rol dentro del ecosistema, ofreciendo soluciones integradas que combinan tecnolog\u00eda, rastreo y coberturas clave, incluso para veh\u00edculos con m\u00e1s de 10 a\u00f1os de antig\u00fcedad.<\/p>\n\n\n\n<figure class=\"wp-block-image size-large\"><a href=\"https:\/\/www.kia.com\/ec\/main.html\"><img decoding=\"async\" width=\"1024\" height=\"284\" src=\"https:\/\/garageblogec.com\/wp-content\/uploads\/2025\/07\/1080X300_GARAGE-BLOG-1-1024x284.jpg\" alt=\"\" class=\"wp-image-2278\" srcset=\"https:\/\/garageblogec.com\/wp-content\/uploads\/2025\/07\/1080X300_GARAGE-BLOG-1-1024x284.jpg 1024w, https:\/\/garageblogec.com\/wp-content\/uploads\/2025\/07\/1080X300_GARAGE-BLOG-1-300x83.jpg 300w, https:\/\/garageblogec.com\/wp-content\/uploads\/2025\/07\/1080X300_GARAGE-BLOG-1-768x213.jpg 768w, https:\/\/garageblogec.com\/wp-content\/uploads\/2025\/07\/1080X300_GARAGE-BLOG-1.jpg 1080w\" sizes=\"(max-width: 1024px) 100vw, 1024px\" \/><\/a><\/figure>\n\n\n\n<p><em>\u201cAsegurar un veh\u00edculo no es solo una decisi\u00f3n financiera, es un acto de responsabilidad. En un entorno lleno de imprevistos, contar con protecci\u00f3n adecuada marca la diferencia entre una p\u00e9rdida y una soluci\u00f3n<\/em>\u201d, explica Cristina Cevallos, Gerente de Aseguradoras de Ituran Ecuador.<\/p>\n\n\n\n<p>En este contexto, Ituran Ecuador comparte cinco beneficios clave de contar con un seguro vehicular:<\/p>\n\n\n\n<ol class=\"wp-block-list\">\n<li>Protecci\u00f3n financiera inmediata: Permite evitar gastos imprevistos que podr\u00edan afectar la estabilidad econ\u00f3mica tras un accidente o robo.<\/li>\n\n\n\n<li>Asistencia en momentos cr\u00edticos: Servicios como gr\u00faa, auxilio mec\u00e1nico y atenci\u00f3n en carretera ofrecen respaldo cuando m\u00e1s se lo necesita.<\/li>\n\n\n\n<li>Cobertura contra robo y da\u00f1os totales: En ciudades como Guayaquil y Quito, el robo de veh\u00edculos sigue siendo una realidad. Un seguro protege ante estas p\u00e9rdidas y, si se combina con tecnolog\u00eda de rastreo, aumenta significativamente las probabilidades de recuperaci\u00f3n.<\/li>\n\n\n\n<li>Respaldo ante da\u00f1os a terceros: Una p\u00f3liza adecuada cubre los costos legales o m\u00e9dicos que puedan derivarse de un accidente.<\/li>\n\n\n\n<li>Tranquilidad para el conductor y su entorno: Contar con respaldo ante cualquier eventualidad brinda confianza y reduce el estr\u00e9s diario al conducir.<\/li>\n<\/ol>\n\n\n\n<p>Aunque el mercado de seguros es amplio, pocos productos atienden realmente las necesidades de quienes poseen veh\u00edculos con m\u00e1s de 10 o 15 a\u00f1os de antig\u00fcedad. Frente a esta realidad, Ituran Ecuador presenta una propuesta \u00fanica en el pa\u00eds: un producto innovador que combina tecnolog\u00eda y protecci\u00f3n, dise\u00f1ado especialmente para autos livianos de hasta 25 a\u00f1os.<\/p>\n\n\n\n<p>Esta soluci\u00f3n ofrece tres tipos de cobertura adaptadas a distintos perfiles de conductor: protecci\u00f3n contra robo total, responsabilidad civil frente a terceros y cobertura por p\u00e9rdida total por da\u00f1os. Todo esto integrado con un sistema de rastreo GPS en tiempo real, que proporciona mayor seguridad y control.<\/p>\n\n\n\n<p>Una alternativa inteligente, accesible y confiable, enfocada en lo esencial: proteger lo que tanto cost\u00f3 conseguir y brindar la tranquilidad que cada viaje merece.<\/p>\n\n\n<div class='pt-cv-wrapper'> <h3 class='pt-cv-heading-container heading1' data-blockid='5yquc5ga'><span class='pt-cv-heading'> Overlay1 <\/span><\/h3><div class=\"pt-cv-view pt-cv-overlaygrid iscvblock iscvreal overlay1 layout1\" id=\"pt-cv-view-5yquc5ga\"><div data-id=\"pt-cv-page-1\" class=\"pt-cv-page\" data-cvc=\"3\"><div class=\" pt-cv-content-item pt-cv-1-col\" ><div class=\"pt-cv-thumb-wrapper  \"><a href=\"https:\/\/garageblogec.com\/?p=3303\" class=\"_self pt-cv-href-thumbnail pt-cv-thumb-default\" target=\"_self\" ><img decoding=\"async\" width=\"768\" height=\"432\" src=\"https:\/\/garageblogec.com\/wp-content\/uploads\/2026\/04\/WhatsApp-Image-2026-04-21-at-1.52.53-PM-768x432.jpeg\" class=\"pt-cv-thumbnail\" alt=\"\" \/><\/a><\/div>\n<div class=\"pt-cv-overlay-wrapper\"><div class=\"pt-cv-taxoterm above_title\"><a href='https:\/\/garageblogec.com\/?cat=27' title='Industria Nacional' class='pt-cv-tax-industria-nacional'>Industria Nacional<\/a><\/div><h4 class=\"pt-cv-title\"><a href=\"https:\/\/garageblogec.com\/?p=3303\" class=\"_self\" target=\"_self\" >Grupo Ambacar presenta en Guayaquil KGM, su nueva marca de SUV h\u00edbridos con respaldo global<\/a><\/h4><div class=\"pt-cv-meta-fields\"><span class=\"entry-date\"> <time datetime=\"2026-04-21T21:37:24+00:00\">abril 21, 2026<\/time><\/span><span> \/ <\/span><span class=\"author\"> <a href=\"https:\/\/garageblogec.com\/?author=6\" rel=\"author\">gabi1212<\/a><\/span><\/div><\/div><\/div>\n<div class=\" pt-cv-content-item pt-cv-1-col\" ><div class=\"pt-cv-thumb-wrapper  \"><a href=\"https:\/\/garageblogec.com\/?p=3296\" class=\"_self pt-cv-href-thumbnail pt-cv-thumb-default\" target=\"_self\" ><img loading=\"lazy\" decoding=\"async\" width=\"768\" height=\"432\" src=\"https:\/\/garageblogec.com\/wp-content\/uploads\/2026\/04\/WhatsApp-Image-2026-04-14-at-3.15.09-PM-768x432.jpeg\" class=\"pt-cv-thumbnail\" alt=\"\" \/><\/a><\/div>\n<div class=\"pt-cv-overlay-wrapper\"><div class=\"pt-cv-taxoterm above_title\"><a href='https:\/\/garageblogec.com\/?cat=27' title='Industria Nacional' class='pt-cv-tax-industria-nacional'>Industria Nacional<\/a><\/div><h4 class=\"pt-cv-title\"><a href=\"https:\/\/garageblogec.com\/?p=3296\" class=\"_self\" target=\"_self\" >El tablero desapareci\u00f3, ahora el auto es una pantalla inteligente<\/a><\/h4><div class=\"pt-cv-meta-fields\"><span class=\"entry-date\"> <time datetime=\"2026-04-14T20:21:20+00:00\">abril 14, 2026<\/time><\/span><span> \/ <\/span><span class=\"author\"> <a href=\"https:\/\/garageblogec.com\/?author=6\" rel=\"author\">gabi1212<\/a><\/span><\/div><\/div><\/div>\n<div class=\" pt-cv-content-item pt-cv-1-col\" ><div class=\"pt-cv-thumb-wrapper  \"><a href=\"https:\/\/garageblogec.com\/?p=3291\" class=\"_self pt-cv-href-thumbnail pt-cv-thumb-default\" target=\"_self\" ><img loading=\"lazy\" decoding=\"async\" width=\"768\" height=\"432\" src=\"https:\/\/garageblogec.com\/wp-content\/uploads\/2026\/04\/WhatsApp-Image-2026-04-14-at-2.21.27-PM-768x432.jpeg\" class=\"pt-cv-thumbnail\" alt=\"\" \/><\/a><\/div>\n<div class=\"pt-cv-overlay-wrapper\"><div class=\"pt-cv-taxoterm above_title\"><a href='https:\/\/garageblogec.com\/?cat=27' title='Industria Nacional' class='pt-cv-tax-industria-nacional'>Industria Nacional<\/a><\/div><h4 class=\"pt-cv-title\"><a href=\"https:\/\/garageblogec.com\/?p=3291\" class=\"_self\" target=\"_self\" >Seguridad al volante en Ecuador: los errores m\u00e1s comunes que cometen los conductores<\/a><\/h4><div class=\"pt-cv-meta-fields\"><span class=\"entry-date\"> <time datetime=\"2026-04-14T20:08:54+00:00\">abril 14, 2026<\/time><\/span><span> \/ <\/span><span class=\"author\"> <a href=\"https:\/\/garageblogec.com\/?author=6\" rel=\"author\">gabi1212<\/a><\/span><\/div><\/div><\/div>\n<div class=\" pt-cv-content-item pt-cv-1-col\" ><div class=\"pt-cv-thumb-wrapper  \"><a href=\"https:\/\/garageblogec.com\/?p=3286\" class=\"_self pt-cv-href-thumbnail pt-cv-thumb-default\" target=\"_self\" ><img loading=\"lazy\" decoding=\"async\" width=\"768\" height=\"492\" src=\"https:\/\/garageblogec.com\/wp-content\/uploads\/2026\/04\/Posventa.jpg-768x492.jpeg\" class=\"pt-cv-thumbnail\" alt=\"\" \/><\/a><\/div>\n<div class=\"pt-cv-overlay-wrapper\"><div class=\"pt-cv-taxoterm above_title\"><a href='https:\/\/garageblogec.com\/?cat=27' title='Industria Nacional' class='pt-cv-tax-industria-nacional'>Industria Nacional<\/a><\/div><h4 class=\"pt-cv-title\"><a href=\"https:\/\/garageblogec.com\/?p=3286\" class=\"_self\" target=\"_self\" >Clientes Nissan reciben cambios de aceite infinitos<\/a><\/h4><div class=\"pt-cv-meta-fields\"><span class=\"entry-date\"> <time datetime=\"2026-04-14T20:04:08+00:00\">abril 14, 2026<\/time><\/span><span> \/ <\/span><span class=\"author\"> <a href=\"https:\/\/garageblogec.com\/?author=6\" rel=\"author\">gabi1212<\/a><\/span><\/div><\/div><\/div>\n<div class=\" pt-cv-content-item pt-cv-1-col\" ><div class=\"pt-cv-thumb-wrapper  \"><a href=\"https:\/\/garageblogec.com\/?p=3280\" class=\"_self pt-cv-href-thumbnail pt-cv-thumb-default\" target=\"_self\" ><img loading=\"lazy\" decoding=\"async\" width=\"768\" height=\"512\" src=\"https:\/\/garageblogec.com\/wp-content\/uploads\/2026\/04\/foto1-768x512.jpeg\" class=\"pt-cv-thumbnail\" alt=\"\" \/><\/a><\/div>\n<div class=\"pt-cv-overlay-wrapper\"><div class=\"pt-cv-taxoterm above_title\"><a href='https:\/\/garageblogec.com\/?cat=27' title='Industria Nacional' class='pt-cv-tax-industria-nacional'>Industria Nacional<\/a><\/div><h4 class=\"pt-cv-title\"><a href=\"https:\/\/garageblogec.com\/?p=3280\" class=\"_self\" target=\"_self\" >Movilidad como inversi\u00f3n: el uso de utilidades que crece en Ecuador<\/a><\/h4><div class=\"pt-cv-meta-fields\"><span class=\"entry-date\"> <time datetime=\"2026-04-07T19:55:36+00:00\">abril 7, 2026<\/time><\/span><span> \/ <\/span><span class=\"author\"> <a href=\"https:\/\/garageblogec.com\/?author=6\" rel=\"author\">gabi1212<\/a><\/span><\/div><\/div><\/div>\n<div class=\" pt-cv-content-item pt-cv-1-col\" ><div class=\"pt-cv-thumb-wrapper  \"><a href=\"https:\/\/garageblogec.com\/?p=3276\" class=\"_self pt-cv-href-thumbnail pt-cv-thumb-default\" target=\"_self\" ><img loading=\"lazy\" decoding=\"async\" width=\"745\" height=\"491\" src=\"https:\/\/garageblogec.com\/wp-content\/uploads\/2026\/04\/TT.png\" class=\"pt-cv-thumbnail\" alt=\"\" \/><\/a><\/div>\n<div class=\"pt-cv-overlay-wrapper\"><div class=\"pt-cv-taxoterm above_title\"><a href='https:\/\/garageblogec.com\/?cat=27' title='Industria Nacional' class='pt-cv-tax-industria-nacional'>Industria Nacional<\/a><\/div><h4 class=\"pt-cv-title\"><a href=\"https:\/\/garageblogec.com\/?p=3276\" class=\"_self\" target=\"_self\" >Lluvias en Ecuador: C\u00f3mo reducir riesgos en carretera y prevenir accidentes en calzada mojada<\/a><\/h4><div class=\"pt-cv-meta-fields\"><span class=\"entry-date\"> <time datetime=\"2026-04-07T19:46:52+00:00\">abril 7, 2026<\/time><\/span><span> \/ <\/span><span class=\"author\"> <a href=\"https:\/\/garageblogec.com\/?author=6\" rel=\"author\">gabi1212<\/a><\/span><\/div><\/div><\/div><\/div><\/div> <\/div> <style>\n#pt-cv-view-5yquc5ga .pt-cv-thumb-wrapper::before {background: rgba(0,0,0,.4); opacity: 0.8;}#pt-cv-view-5yquc5ga .pt-cv-overlay-wrapper {justify-content: center;}\n#pt-cv-view-5yquc5ga .pt-cv-meta-fields {  }#pt-cv-view-5yquc5ga .pt-cv-meta-fields * { font-size: 13px; }#pt-cv-view-5yquc5ga .pt-cv-title a { display: block; }#pt-cv-view-5yquc5ga .pt-cv-title:not(.pt-cv-titlesm) a { font-weight: 600;text-decoration: none;font-size: 20px; }#pt-cv-view-5yquc5ga .pt-cv-titlesm a { font-weight: 600;font-size: 18px; }#pt-cv-view-5yquc5ga .pt-cv-content { font-size: 15px; }#pt-cv-view-5yquc5ga .pt-cv-rmwrap {  }#pt-cv-view-5yquc5ga .pt-cv-readmore { color: #fff;background-color: #0075ff;font-size: 14px; }#pt-cv-view-5yquc5ga .pt-cv-taxoterm { margin: 0px 0px 20px 0px; }#pt-cv-view-5yquc5ga .pt-cv-taxoterm * { color: #222;background-color: #fff6f6;font-size: 14px; }#pt-cv-view-5yquc5ga + .pt-cv-pagination-wrapper {  }#pt-cv-view-5yquc5ga + .pt-cv-pagination-wrapper a { font-size: 14px; }#pt-cv-view-5yquc5ga > .pt-cv-page {grid-template-columns: repeat(3, 1fr);grid-auto-rows: 250px;grid-gap: 10px;}\n@media all and (max-width: 1024px) { \n#pt-cv-view-5yquc5ga > .pt-cv-page {}\n} \n@media all and (max-width: 767px) { \n#pt-cv-view-5yquc5ga > .pt-cv-page {grid-template-columns: repeat(1, 1fr);}\n} <\/style>","protected":false},"excerpt":{"rendered":"<p>En Ecuador, la cultura de seguros a\u00fan enfrenta desaf\u00edos importantes. Aunque el mercado asegurador ha mostrado se\u00f1ales de crecimiento en los \u00faltimos a\u00f1os, muchas personas siguen percibiendo los seguros como un gasto innecesario, m\u00e1s que como una inversi\u00f3n en protecci\u00f3n. Esta percepci\u00f3n se refleja especialmente en el \u00e1mbito vehicular, donde una gran parte del parque [&hellip;]<\/p>\n","protected":false},"author":6,"featured_media":2330,"comment_status":"open","ping_status":"open","sticky":false,"template":"","format":"standard","meta":{"_jetpack_memberships_contains_paid_content":false,"footnotes":""},"categories":[27],"tags":[],"class_list":["post-2329","post","type-post","status-publish","format-standard","has-post-thumbnail","hentry","category-industria-nacional"],"yoast_head":"<!-- This site is optimized with the Yoast SEO plugin v27.5 - https:\/\/yoast.com\/product\/yoast-seo-wordpress\/ -->\n<title>\u00bfPor qu\u00e9 asegurar un veh\u00edculo en Ecuador ya no es opcional? 5 razones clave para protegerlo - Garage Blog Ecuador<\/title>\n<meta name=\"robots\" content=\"index, follow, max-snippet:-1, max-image-preview:large, max-video-preview:-1\" \/>\n<link rel=\"canonical\" href=\"https:\/\/garageblogec.com\/?p=2329\" \/>\n<meta property=\"og:locale\" content=\"es_ES\" \/>\n<meta property=\"og:type\" content=\"article\" \/>\n<meta property=\"og:title\" content=\"\u00bfPor qu\u00e9 asegurar un veh\u00edculo en Ecuador ya no es opcional? 5 razones clave para protegerlo - Garage Blog Ecuador\" \/>\n<meta property=\"og:description\" content=\"En Ecuador, la cultura de seguros a\u00fan enfrenta desaf\u00edos importantes. Aunque el mercado asegurador ha mostrado se\u00f1ales de crecimiento en los \u00faltimos a\u00f1os, muchas personas siguen percibiendo los seguros como un gasto innecesario, m\u00e1s que como una inversi\u00f3n en protecci\u00f3n. Esta percepci\u00f3n se refleja especialmente en el \u00e1mbito vehicular, donde una gran parte del parque [&hellip;]\" \/>\n<meta property=\"og:url\" content=\"https:\/\/garageblogec.com\/?p=2329\" \/>\n<meta property=\"og:site_name\" content=\"Garage Blog Ecuador\" \/>\n<meta property=\"article:published_time\" content=\"2025-07-22T17:41:39+00:00\" \/>\n<meta property=\"article:modified_time\" content=\"2025-07-22T17:41:52+00:00\" \/>\n<meta property=\"og:image\" content=\"https:\/\/garageblogec.com\/wp-content\/uploads\/2025\/07\/WhatsApp-Image-2025-07-22-at-9.20.15-AM.jpeg\" \/>\n\t<meta property=\"og:image:width\" content=\"1600\" \/>\n\t<meta property=\"og:image:height\" content=\"1066\" \/>\n\t<meta property=\"og:image:type\" content=\"image\/jpeg\" \/>\n<meta name=\"author\" content=\"gabi1212\" \/>\n<meta name=\"twitter:card\" content=\"summary_large_image\" \/>\n<meta name=\"twitter:label1\" content=\"Escrito por\" \/>\n\t<meta name=\"twitter:data1\" content=\"gabi1212\" \/>\n\t<meta name=\"twitter:label2\" content=\"Tiempo de lectura\" \/>\n\t<meta name=\"twitter:data2\" content=\"3 minutos\" \/>\n<script type=\"application\/ld+json\" class=\"yoast-schema-graph\">{\"@context\":\"https:\\\/\\\/schema.org\",\"@graph\":[{\"@type\":\"Article\",\"@id\":\"https:\\\/\\\/garageblogec.com\\\/?p=2329#article\",\"isPartOf\":{\"@id\":\"https:\\\/\\\/garageblogec.com\\\/?p=2329\"},\"author\":{\"name\":\"gabi1212\",\"@id\":\"https:\\\/\\\/garageblogec.com\\\/#\\\/schema\\\/person\\\/635f4b76c0cb3e43b82fe6f7d8bcceea\"},\"headline\":\"\u00bfPor qu\u00e9 asegurar un veh\u00edculo en Ecuador ya no es opcional? 5 razones clave para protegerlo\",\"datePublished\":\"2025-07-22T17:41:39+00:00\",\"dateModified\":\"2025-07-22T17:41:52+00:00\",\"mainEntityOfPage\":{\"@id\":\"https:\\\/\\\/garageblogec.com\\\/?p=2329\"},\"wordCount\":581,\"commentCount\":0,\"publisher\":{\"@id\":\"https:\\\/\\\/garageblogec.com\\\/#organization\"},\"image\":{\"@id\":\"https:\\\/\\\/garageblogec.com\\\/?p=2329#primaryimage\"},\"thumbnailUrl\":\"https:\\\/\\\/garageblogec.com\\\/wp-content\\\/uploads\\\/2025\\\/07\\\/WhatsApp-Image-2025-07-22-at-9.20.15-AM.jpeg\",\"articleSection\":[\"Industria Nacional\"],\"inLanguage\":\"es\",\"potentialAction\":[{\"@type\":\"CommentAction\",\"name\":\"Comment\",\"target\":[\"https:\\\/\\\/garageblogec.com\\\/?p=2329#respond\"]}]},{\"@type\":\"WebPage\",\"@id\":\"https:\\\/\\\/garageblogec.com\\\/?p=2329\",\"url\":\"https:\\\/\\\/garageblogec.com\\\/?p=2329\",\"name\":\"\u00bfPor qu\u00e9 asegurar un veh\u00edculo en Ecuador ya no es opcional? 5 razones clave para protegerlo - Garage Blog Ecuador\",\"isPartOf\":{\"@id\":\"https:\\\/\\\/garageblogec.com\\\/#website\"},\"primaryImageOfPage\":{\"@id\":\"https:\\\/\\\/garageblogec.com\\\/?p=2329#primaryimage\"},\"image\":{\"@id\":\"https:\\\/\\\/garageblogec.com\\\/?p=2329#primaryimage\"},\"thumbnailUrl\":\"https:\\\/\\\/garageblogec.com\\\/wp-content\\\/uploads\\\/2025\\\/07\\\/WhatsApp-Image-2025-07-22-at-9.20.15-AM.jpeg\",\"datePublished\":\"2025-07-22T17:41:39+00:00\",\"dateModified\":\"2025-07-22T17:41:52+00:00\",\"breadcrumb\":{\"@id\":\"https:\\\/\\\/garageblogec.com\\\/?p=2329#breadcrumb\"},\"inLanguage\":\"es\",\"potentialAction\":[{\"@type\":\"ReadAction\",\"target\":[\"https:\\\/\\\/garageblogec.com\\\/?p=2329\"]}]},{\"@type\":\"ImageObject\",\"inLanguage\":\"es\",\"@id\":\"https:\\\/\\\/garageblogec.com\\\/?p=2329#primaryimage\",\"url\":\"https:\\\/\\\/garageblogec.com\\\/wp-content\\\/uploads\\\/2025\\\/07\\\/WhatsApp-Image-2025-07-22-at-9.20.15-AM.jpeg\",\"contentUrl\":\"https:\\\/\\\/garageblogec.com\\\/wp-content\\\/uploads\\\/2025\\\/07\\\/WhatsApp-Image-2025-07-22-at-9.20.15-AM.jpeg\",\"width\":1600,\"height\":1066},{\"@type\":\"BreadcrumbList\",\"@id\":\"https:\\\/\\\/garageblogec.com\\\/?p=2329#breadcrumb\",\"itemListElement\":[{\"@type\":\"ListItem\",\"position\":1,\"name\":\"Portada\",\"item\":\"https:\\\/\\\/garageblogec.com\\\/\"},{\"@type\":\"ListItem\",\"position\":2,\"name\":\"\u00bfPor qu\u00e9 asegurar un veh\u00edculo en Ecuador ya no es opcional? 5 razones clave para protegerlo\"}]},{\"@type\":\"WebSite\",\"@id\":\"https:\\\/\\\/garageblogec.com\\\/#website\",\"url\":\"https:\\\/\\\/garageblogec.com\\\/\",\"name\":\"Garage Blog Ecuador\",\"description\":\"Alucinamos por los autos \",\"publisher\":{\"@id\":\"https:\\\/\\\/garageblogec.com\\\/#organization\"},\"potentialAction\":[{\"@type\":\"SearchAction\",\"target\":{\"@type\":\"EntryPoint\",\"urlTemplate\":\"https:\\\/\\\/garageblogec.com\\\/?s={search_term_string}\"},\"query-input\":{\"@type\":\"PropertyValueSpecification\",\"valueRequired\":true,\"valueName\":\"search_term_string\"}}],\"inLanguage\":\"es\"},{\"@type\":\"Organization\",\"@id\":\"https:\\\/\\\/garageblogec.com\\\/#organization\",\"name\":\"Garage Blog Ecuador\",\"url\":\"https:\\\/\\\/garageblogec.com\\\/\",\"logo\":{\"@type\":\"ImageObject\",\"inLanguage\":\"es\",\"@id\":\"https:\\\/\\\/garageblogec.com\\\/#\\\/schema\\\/logo\\\/image\\\/\",\"url\":\"https:\\\/\\\/garageblogec.com\\\/wp-content\\\/uploads\\\/2024\\\/02\\\/cropped-logo-png-para-blog.webp\",\"contentUrl\":\"https:\\\/\\\/garageblogec.com\\\/wp-content\\\/uploads\\\/2024\\\/02\\\/cropped-logo-png-para-blog.webp\",\"width\":840,\"height\":556,\"caption\":\"Garage Blog Ecuador \"},\"image\":{\"@id\":\"https:\\\/\\\/garageblogec.com\\\/#\\\/schema\\\/logo\\\/image\\\/\"}},{\"@type\":\"Person\",\"@id\":\"https:\\\/\\\/garageblogec.com\\\/#\\\/schema\\\/person\\\/635f4b76c0cb3e43b82fe6f7d8bcceea\",\"name\":\"gabi1212\",\"image\":{\"@type\":\"ImageObject\",\"inLanguage\":\"es\",\"@id\":\"https:\\\/\\\/secure.gravatar.com\\\/avatar\\\/6aa491f45cb359d4d6dd8c430e83f78899c80569c27d21156e19bbdcd31d1811?s=96&d=mm&r=g\",\"url\":\"https:\\\/\\\/secure.gravatar.com\\\/avatar\\\/6aa491f45cb359d4d6dd8c430e83f78899c80569c27d21156e19bbdcd31d1811?s=96&d=mm&r=g\",\"contentUrl\":\"https:\\\/\\\/secure.gravatar.com\\\/avatar\\\/6aa491f45cb359d4d6dd8c430e83f78899c80569c27d21156e19bbdcd31d1811?s=96&d=mm&r=g\",\"caption\":\"gabi1212\"},\"url\":\"https:\\\/\\\/garageblogec.com\\\/?author=6\"}]}<\/script>\n<!-- \/ Yoast SEO plugin. -->","yoast_head_json":{"title":"\u00bfPor qu\u00e9 asegurar un veh\u00edculo en Ecuador ya no es opcional? 5 razones clave para protegerlo - Garage Blog Ecuador","robots":{"index":"index","follow":"follow","max-snippet":"max-snippet:-1","max-image-preview":"max-image-preview:large","max-video-preview":"max-video-preview:-1"},"canonical":"https:\/\/garageblogec.com\/?p=2329","og_locale":"es_ES","og_type":"article","og_title":"\u00bfPor qu\u00e9 asegurar un veh\u00edculo en Ecuador ya no es opcional? 5 razones clave para protegerlo - Garage Blog Ecuador","og_description":"En Ecuador, la cultura de seguros a\u00fan enfrenta desaf\u00edos importantes. Aunque el mercado asegurador ha mostrado se\u00f1ales de crecimiento en los \u00faltimos a\u00f1os, muchas personas siguen percibiendo los seguros como un gasto innecesario, m\u00e1s que como una inversi\u00f3n en protecci\u00f3n. Esta percepci\u00f3n se refleja especialmente en el \u00e1mbito vehicular, donde una gran parte del parque [&hellip;]","og_url":"https:\/\/garageblogec.com\/?p=2329","og_site_name":"Garage Blog Ecuador","article_published_time":"2025-07-22T17:41:39+00:00","article_modified_time":"2025-07-22T17:41:52+00:00","og_image":[{"width":1600,"height":1066,"url":"https:\/\/garageblogec.com\/wp-content\/uploads\/2025\/07\/WhatsApp-Image-2025-07-22-at-9.20.15-AM.jpeg","type":"image\/jpeg"}],"author":"gabi1212","twitter_card":"summary_large_image","twitter_misc":{"Escrito por":"gabi1212","Tiempo de lectura":"3 minutos"},"schema":{"@context":"https:\/\/schema.org","@graph":[{"@type":"Article","@id":"https:\/\/garageblogec.com\/?p=2329#article","isPartOf":{"@id":"https:\/\/garageblogec.com\/?p=2329"},"author":{"name":"gabi1212","@id":"https:\/\/garageblogec.com\/#\/schema\/person\/635f4b76c0cb3e43b82fe6f7d8bcceea"},"headline":"\u00bfPor qu\u00e9 asegurar un veh\u00edculo en Ecuador ya no es opcional? 5 razones clave para protegerlo","datePublished":"2025-07-22T17:41:39+00:00","dateModified":"2025-07-22T17:41:52+00:00","mainEntityOfPage":{"@id":"https:\/\/garageblogec.com\/?p=2329"},"wordCount":581,"commentCount":0,"publisher":{"@id":"https:\/\/garageblogec.com\/#organization"},"image":{"@id":"https:\/\/garageblogec.com\/?p=2329#primaryimage"},"thumbnailUrl":"https:\/\/garageblogec.com\/wp-content\/uploads\/2025\/07\/WhatsApp-Image-2025-07-22-at-9.20.15-AM.jpeg","articleSection":["Industria Nacional"],"inLanguage":"es","potentialAction":[{"@type":"CommentAction","name":"Comment","target":["https:\/\/garageblogec.com\/?p=2329#respond"]}]},{"@type":"WebPage","@id":"https:\/\/garageblogec.com\/?p=2329","url":"https:\/\/garageblogec.com\/?p=2329","name":"\u00bfPor qu\u00e9 asegurar un veh\u00edculo en Ecuador ya no es opcional? 5 razones clave para protegerlo - Garage Blog Ecuador","isPartOf":{"@id":"https:\/\/garageblogec.com\/#website"},"primaryImageOfPage":{"@id":"https:\/\/garageblogec.com\/?p=2329#primaryimage"},"image":{"@id":"https:\/\/garageblogec.com\/?p=2329#primaryimage"},"thumbnailUrl":"https:\/\/garageblogec.com\/wp-content\/uploads\/2025\/07\/WhatsApp-Image-2025-07-22-at-9.20.15-AM.jpeg","datePublished":"2025-07-22T17:41:39+00:00","dateModified":"2025-07-22T17:41:52+00:00","breadcrumb":{"@id":"https:\/\/garageblogec.com\/?p=2329#breadcrumb"},"inLanguage":"es","potentialAction":[{"@type":"ReadAction","target":["https:\/\/garageblogec.com\/?p=2329"]}]},{"@type":"ImageObject","inLanguage":"es","@id":"https:\/\/garageblogec.com\/?p=2329#primaryimage","url":"https:\/\/garageblogec.com\/wp-content\/uploads\/2025\/07\/WhatsApp-Image-2025-07-22-at-9.20.15-AM.jpeg","contentUrl":"https:\/\/garageblogec.com\/wp-content\/uploads\/2025\/07\/WhatsApp-Image-2025-07-22-at-9.20.15-AM.jpeg","width":1600,"height":1066},{"@type":"BreadcrumbList","@id":"https:\/\/garageblogec.com\/?p=2329#breadcrumb","itemListElement":[{"@type":"ListItem","position":1,"name":"Portada","item":"https:\/\/garageblogec.com\/"},{"@type":"ListItem","position":2,"name":"\u00bfPor qu\u00e9 asegurar un veh\u00edculo en Ecuador ya no es opcional? 5 razones clave para protegerlo"}]},{"@type":"WebSite","@id":"https:\/\/garageblogec.com\/#website","url":"https:\/\/garageblogec.com\/","name":"Garage Blog Ecuador","description":"Alucinamos por los autos ","publisher":{"@id":"https:\/\/garageblogec.com\/#organization"},"potentialAction":[{"@type":"SearchAction","target":{"@type":"EntryPoint","urlTemplate":"https:\/\/garageblogec.com\/?s={search_term_string}"},"query-input":{"@type":"PropertyValueSpecification","valueRequired":true,"valueName":"search_term_string"}}],"inLanguage":"es"},{"@type":"Organization","@id":"https:\/\/garageblogec.com\/#organization","name":"Garage Blog Ecuador","url":"https:\/\/garageblogec.com\/","logo":{"@type":"ImageObject","inLanguage":"es","@id":"https:\/\/garageblogec.com\/#\/schema\/logo\/image\/","url":"https:\/\/garageblogec.com\/wp-content\/uploads\/2024\/02\/cropped-logo-png-para-blog.webp","contentUrl":"https:\/\/garageblogec.com\/wp-content\/uploads\/2024\/02\/cropped-logo-png-para-blog.webp","width":840,"height":556,"caption":"Garage Blog Ecuador "},"image":{"@id":"https:\/\/garageblogec.com\/#\/schema\/logo\/image\/"}},{"@type":"Person","@id":"https:\/\/garageblogec.com\/#\/schema\/person\/635f4b76c0cb3e43b82fe6f7d8bcceea","name":"gabi1212","image":{"@type":"ImageObject","inLanguage":"es","@id":"https:\/\/secure.gravatar.com\/avatar\/6aa491f45cb359d4d6dd8c430e83f78899c80569c27d21156e19bbdcd31d1811?s=96&d=mm&r=g","url":"https:\/\/secure.gravatar.com\/avatar\/6aa491f45cb359d4d6dd8c430e83f78899c80569c27d21156e19bbdcd31d1811?s=96&d=mm&r=g","contentUrl":"https:\/\/secure.gravatar.com\/avatar\/6aa491f45cb359d4d6dd8c430e83f78899c80569c27d21156e19bbdcd31d1811?s=96&d=mm&r=g","caption":"gabi1212"},"url":"https:\/\/garageblogec.com\/?author=6"}]}},"jetpack_featured_media_url":"https:\/\/garageblogec.com\/wp-content\/uploads\/2025\/07\/WhatsApp-Image-2025-07-22-at-9.20.15-AM.jpeg","jetpack_sharing_enabled":true,"_links":{"self":[{"href":"https:\/\/garageblogec.com\/index.php?rest_route=\/wp\/v2\/posts\/2329","targetHints":{"allow":["GET"]}}],"collection":[{"href":"https:\/\/garageblogec.com\/index.php?rest_route=\/wp\/v2\/posts"}],"about":[{"href":"https:\/\/garageblogec.com\/index.php?rest_route=\/wp\/v2\/types\/post"}],"author":[{"embeddable":true,"href":"https:\/\/garageblogec.com\/index.php?rest_route=\/wp\/v2\/users\/6"}],"replies":[{"embeddable":true,"href":"https:\/\/garageblogec.com\/index.php?rest_route=%2Fwp%2Fv2%2Fcomments&post=2329"}],"version-history":[{"count":1,"href":"https:\/\/garageblogec.com\/index.php?rest_route=\/wp\/v2\/posts\/2329\/revisions"}],"predecessor-version":[{"id":2332,"href":"https:\/\/garageblogec.com\/index.php?rest_route=\/wp\/v2\/posts\/2329\/revisions\/2332"}],"wp:featuredmedia":[{"embeddable":true,"href":"https:\/\/garageblogec.com\/index.php?rest_route=\/wp\/v2\/media\/2330"}],"wp:attachment":[{"href":"https:\/\/garageblogec.com\/index.php?rest_route=%2Fwp%2Fv2%2Fmedia&parent=2329"}],"wp:term":[{"taxonomy":"category","embeddable":true,"href":"https:\/\/garageblogec.com\/index.php?rest_route=%2Fwp%2Fv2%2Fcategories&post=2329"},{"taxonomy":"post_tag","embeddable":true,"href":"https:\/\/garageblogec.com\/index.php?rest_route=%2Fwp%2Fv2%2Ftags&post=2329"}],"curies":[{"name":"wp","href":"https:\/\/api.w.org\/{rel}","templated":true}]}}