{"id":2199,"date":"2025-06-16T16:29:34","date_gmt":"2025-06-16T16:29:34","guid":{"rendered":"https:\/\/garageblogec.com\/?p=2199"},"modified":"2025-06-16T16:54:36","modified_gmt":"2025-06-16T16:54:36","slug":"recuerdas-cuando-chevy-vendio-silenciosamente-un-colorado-v8-por-tiempo-limitado","status":"publish","type":"post","link":"https:\/\/garageblogec.com\/?p=2199","title":{"rendered":"\u00bfRecuerdas cuando Chevy vendi\u00f3 silenciosamente un Colorado V8 por tiempo limitado?"},"content":{"rendered":"\n<p>La Colorado actual&nbsp;de Chevy&nbsp;es una de las mejores camionetas medianas del mercado, ofreciendo todo lo necesario, pero sin algo que probablemente no necesites, pero que definitivamente deseas: un motor V8. Sin embargo, retrocedamos al 2009 y la Colorado s\u00ed ofrec\u00eda un potente motor de ocho cilindros.<\/p>\n\n\n\n<figure class=\"wp-block-image size-large\"><img decoding=\"async\" src=\"https:\/\/www.carscoops.com\/wp-content\/uploads\/webp\/2025\/06\/gregwregerwgwre.webp\" alt=\"\"\/><\/figure>\n\n\n\n<p>Aunque esa versi\u00f3n dur\u00f3 poco, solo unos a\u00f1os, a\u00fan se pueden encontrar algunas en el mercado de segunda mano. De hecho, dos Colorado V8 se vendieron por m\u00e1s de $17,000 en los \u00faltimos meses, lo que demuestra que a\u00fan se aprecian estas camionetas cl\u00e1sicas.<\/p>\n\n\n\n<p><strong>El V8 que casi no existi\u00f3<\/strong><\/p>\n\n\n\n<figure class=\"wp-block-image size-large\"><a href=\"https:\/\/www.kia.com\/ec\/showroom\/sportage-nq5\/features.html\"><img fetchpriority=\"high\" decoding=\"async\" width=\"1024\" height=\"285\" src=\"https:\/\/garageblogec.com\/wp-content\/uploads\/2025\/06\/GARAGEBLOG-1080X300-1024x285.png\" alt=\"\" class=\"wp-image-2177\" srcset=\"https:\/\/garageblogec.com\/wp-content\/uploads\/2025\/06\/GARAGEBLOG-1080X300-1024x285.png 1024w, https:\/\/garageblogec.com\/wp-content\/uploads\/2025\/06\/GARAGEBLOG-1080X300-300x84.png 300w, https:\/\/garageblogec.com\/wp-content\/uploads\/2025\/06\/GARAGEBLOG-1080X300-768x214.png 768w, https:\/\/garageblogec.com\/wp-content\/uploads\/2025\/06\/GARAGEBLOG-1080X300.png 1081w\" sizes=\"(max-width: 1024px) 100vw, 1024px\" \/><\/a><\/figure>\n\n\n\n<p>Al principio, la Colorado no ven\u00eda con opci\u00f3n de motor V8.&nbsp;Chevrolet&nbsp;la ofrec\u00eda originalmente con un motor de cuatro cilindros en l\u00ednea de 2.9 litros o uno de cinco cilindros en l\u00ednea de 3.7 litros. Pero despu\u00e9s de que GM decidiera retirar la Hummer, se qued\u00f3 con una reserva de motores V8 de 5.3 litros sin salida. Como ambas camionetas compart\u00edan chasis, la compatibilidad era perfecta. As\u00ed que, en un raro momento de exceso de motores, GM decidi\u00f3 incorporar estos V8 en ediciones especiales de la&nbsp;Colorado y la GMC Canyon&nbsp;.<\/p>\n\n\n\n<figure class=\"wp-block-image\"><img decoding=\"async\" src=\"https:\/\/www.carscoops.com\/wp-content\/uploads\/2025\/06\/2012_chevrolet_colorado_1000039413-13475-1024x768.webp\" alt=\"\u00bfRecuerdas cuando Chevy vendi\u00f3 silenciosamente un Colorado V8 por tiempo limitado?\"\/><figcaption class=\"wp-element-caption\">Murci\u00e9lago<\/figcaption><\/figure>\n\n\n\n<p>Chevy ofreci\u00f3 el V8 como parte de un paquete 3LT de edici\u00f3n limitada con un precio de $3,995. Estaba disponible en configuraciones de cabina extendida y doble. El V8 de 5.3 litros generaba 300 caballos de fuerza y \u200b\u200b320 lb-pie de torque, lo que proporcionaba un considerable aumento de 60 y 115 caballos de fuerza sobre los modelos de 5 y 4 cilindros, respectivamente.<\/p>\n\n\n\n<p>El V8 se combinaba con la transmisi\u00f3n autom\u00e1tica Hydra-Matic 4L60 de cuatro velocidades de GM. La revista&nbsp;<em>MotorTrend<\/em>&nbsp;registr\u00f3 una aceleraci\u00f3n de 0 a 97 km\/h (60 mph) en unos r\u00e1pidos 6,9 segundos y el cuarto de milla en 15,2 segundos. En comparaci\u00f3n, el modelo de 5 cilindros y 240 caballos de fuerza tardaba 9,6 segundos en alcanzar los 96 km\/h y 16,7 segundos en el cuarto de milla.<\/p>\n\n\n\n<p>Adem\u00e1s del potente motor V8, Chevy tambi\u00e9n equip\u00f3 la Colorado de producci\u00f3n limitada con la suspensi\u00f3n ZQ8, que reduc\u00eda la altura de la camioneta una pulgada. Todo esto formaba parte del paquete 3LT, que tambi\u00e9n inclu\u00eda rines de seis radios con neum\u00e1ticos 235\/50, parachoques y parrilla del color de la carrocer\u00eda, y asientos especiales.<\/p>\n\n\n\n<figure class=\"wp-block-image size-large\"><img decoding=\"async\" src=\"https:\/\/www.carscoops.com\/wp-content\/uploads\/webp\/2025\/06\/Chevrolet-Colorado-V8-Auction-1-1536x1024.webp\" alt=\"\"\/><\/figure>\n\n\n\n<p>El mes pasado, se vendi\u00f3 un modelo 2011 en&nbsp;Bring a Trailer&nbsp;por $17,500, lo que demuestra que a\u00fan existe una gran demanda de estas camionetas especiales. Esto no sorprende, ya que se sabe que GM solo ha producido unos pocos miles.<\/p>\n\n\n\n<p>Este 3LT en particular fue modificado con un nuevo \u00e1rbol de levas, componentes mejorados en la culata y colectores de escape de tubo largo. Tambi\u00e9n cuenta con una suspensi\u00f3n rebajada, amortiguadores Monroe, barras de tracci\u00f3n Calvert Racing e incluye un nuevo diferencial de deslizamiento limitado. La transmisi\u00f3n autom\u00e1tica de cuatro velocidades tambi\u00e9n se equip\u00f3 con un embrague y ejes nuevos. Se vendi\u00f3 con 96,000 millas.<\/p>\n\n\n\n<figure class=\"wp-block-image size-large\"><img decoding=\"async\" src=\"https:\/\/www.carscoops.com\/wp-content\/uploads\/webp\/2025\/06\/Chevrolet-Colorado-V8-Auction-17-1536x1179.webp\" alt=\"\"\/><\/figure>\n\n\n\n<p>A principios de este a\u00f1o , una&nbsp;Colorado&nbsp;3LT m\u00e1s original y con menos kilometraje&nbsp;se vendi\u00f3 por $17,100. Esta camioneta estaba pintada de negro con franjas rojas y era un modelo poco com\u00fan de cabina extendida, lo que la convirti\u00f3 en una de las 312 unidades fabricadas entre 2009 y 2012. El motor V8 de este modelo era pr\u00e1cticamente est\u00e1ndar, pero inclu\u00eda una toma de aire fr\u00edo y un escape catback de repuesto.<\/p>\n\n\n<div class='pt-cv-wrapper'> <h3 class='pt-cv-heading-container heading1' data-blockid='so5ikhad'><span class='pt-cv-heading'> Overlay1 <\/span><\/h3><div class=\"pt-cv-view pt-cv-overlaygrid iscvblock iscvreal overlay1 layout1\" id=\"pt-cv-view-so5ikhad\"><div data-id=\"pt-cv-page-1\" class=\"pt-cv-page\" data-cvc=\"3\"><div class=\" pt-cv-content-item pt-cv-1-col\" ><div class=\"pt-cv-thumb-wrapper  \"><a href=\"https:\/\/garageblogec.com\/?p=3303\" class=\"_self pt-cv-href-thumbnail pt-cv-thumb-default\" target=\"_self\" ><img decoding=\"async\" width=\"768\" height=\"432\" src=\"https:\/\/garageblogec.com\/wp-content\/uploads\/2026\/04\/WhatsApp-Image-2026-04-21-at-1.52.53-PM-768x432.jpeg\" class=\"pt-cv-thumbnail\" alt=\"\" \/><\/a><\/div>\n<div class=\"pt-cv-overlay-wrapper\"><div class=\"pt-cv-taxoterm above_title\"><a href='https:\/\/garageblogec.com\/?cat=27' title='Industria Nacional' class='pt-cv-tax-industria-nacional'>Industria Nacional<\/a><\/div><h4 class=\"pt-cv-title\"><a href=\"https:\/\/garageblogec.com\/?p=3303\" class=\"_self\" target=\"_self\" >Grupo Ambacar presenta en Guayaquil KGM, su nueva marca de SUV h\u00edbridos con respaldo global<\/a><\/h4><div class=\"pt-cv-meta-fields\"><span class=\"entry-date\"> <time datetime=\"2026-04-21T21:37:24+00:00\">abril 21, 2026<\/time><\/span><span> \/ <\/span><span class=\"author\"> <a href=\"https:\/\/garageblogec.com\/?author=6\" rel=\"author\">gabi1212<\/a><\/span><\/div><\/div><\/div>\n<div class=\" pt-cv-content-item pt-cv-1-col\" ><div class=\"pt-cv-thumb-wrapper  \"><a href=\"https:\/\/garageblogec.com\/?p=3296\" class=\"_self pt-cv-href-thumbnail pt-cv-thumb-default\" target=\"_self\" ><img decoding=\"async\" width=\"768\" height=\"432\" src=\"https:\/\/garageblogec.com\/wp-content\/uploads\/2026\/04\/WhatsApp-Image-2026-04-14-at-3.15.09-PM-768x432.jpeg\" class=\"pt-cv-thumbnail\" alt=\"\" \/><\/a><\/div>\n<div class=\"pt-cv-overlay-wrapper\"><div class=\"pt-cv-taxoterm above_title\"><a href='https:\/\/garageblogec.com\/?cat=27' title='Industria Nacional' class='pt-cv-tax-industria-nacional'>Industria Nacional<\/a><\/div><h4 class=\"pt-cv-title\"><a href=\"https:\/\/garageblogec.com\/?p=3296\" class=\"_self\" target=\"_self\" >El tablero desapareci\u00f3, ahora el auto es una pantalla inteligente<\/a><\/h4><div class=\"pt-cv-meta-fields\"><span class=\"entry-date\"> <time datetime=\"2026-04-14T20:21:20+00:00\">abril 14, 2026<\/time><\/span><span> \/ <\/span><span class=\"author\"> <a href=\"https:\/\/garageblogec.com\/?author=6\" rel=\"author\">gabi1212<\/a><\/span><\/div><\/div><\/div>\n<div class=\" pt-cv-content-item pt-cv-1-col\" ><div class=\"pt-cv-thumb-wrapper  \"><a href=\"https:\/\/garageblogec.com\/?p=3291\" class=\"_self pt-cv-href-thumbnail pt-cv-thumb-default\" target=\"_self\" ><img loading=\"lazy\" decoding=\"async\" width=\"768\" height=\"432\" src=\"https:\/\/garageblogec.com\/wp-content\/uploads\/2026\/04\/WhatsApp-Image-2026-04-14-at-2.21.27-PM-768x432.jpeg\" class=\"pt-cv-thumbnail\" alt=\"\" \/><\/a><\/div>\n<div class=\"pt-cv-overlay-wrapper\"><div class=\"pt-cv-taxoterm above_title\"><a href='https:\/\/garageblogec.com\/?cat=27' title='Industria Nacional' class='pt-cv-tax-industria-nacional'>Industria Nacional<\/a><\/div><h4 class=\"pt-cv-title\"><a href=\"https:\/\/garageblogec.com\/?p=3291\" class=\"_self\" target=\"_self\" >Seguridad al volante en Ecuador: los errores m\u00e1s comunes que cometen los conductores<\/a><\/h4><div class=\"pt-cv-meta-fields\"><span class=\"entry-date\"> <time datetime=\"2026-04-14T20:08:54+00:00\">abril 14, 2026<\/time><\/span><span> \/ <\/span><span class=\"author\"> <a href=\"https:\/\/garageblogec.com\/?author=6\" rel=\"author\">gabi1212<\/a><\/span><\/div><\/div><\/div>\n<div class=\" pt-cv-content-item pt-cv-1-col\" ><div class=\"pt-cv-thumb-wrapper  \"><a href=\"https:\/\/garageblogec.com\/?p=3286\" class=\"_self pt-cv-href-thumbnail pt-cv-thumb-default\" target=\"_self\" ><img loading=\"lazy\" decoding=\"async\" width=\"768\" height=\"492\" src=\"https:\/\/garageblogec.com\/wp-content\/uploads\/2026\/04\/Posventa.jpg-768x492.jpeg\" class=\"pt-cv-thumbnail\" alt=\"\" \/><\/a><\/div>\n<div class=\"pt-cv-overlay-wrapper\"><div class=\"pt-cv-taxoterm above_title\"><a href='https:\/\/garageblogec.com\/?cat=27' title='Industria Nacional' class='pt-cv-tax-industria-nacional'>Industria Nacional<\/a><\/div><h4 class=\"pt-cv-title\"><a href=\"https:\/\/garageblogec.com\/?p=3286\" class=\"_self\" target=\"_self\" >Clientes Nissan reciben cambios de aceite infinitos<\/a><\/h4><div class=\"pt-cv-meta-fields\"><span class=\"entry-date\"> <time datetime=\"2026-04-14T20:04:08+00:00\">abril 14, 2026<\/time><\/span><span> \/ <\/span><span class=\"author\"> <a href=\"https:\/\/garageblogec.com\/?author=6\" rel=\"author\">gabi1212<\/a><\/span><\/div><\/div><\/div>\n<div class=\" pt-cv-content-item pt-cv-1-col\" ><div class=\"pt-cv-thumb-wrapper  \"><a href=\"https:\/\/garageblogec.com\/?p=3280\" class=\"_self pt-cv-href-thumbnail pt-cv-thumb-default\" target=\"_self\" ><img loading=\"lazy\" decoding=\"async\" width=\"768\" height=\"512\" src=\"https:\/\/garageblogec.com\/wp-content\/uploads\/2026\/04\/foto1-768x512.jpeg\" class=\"pt-cv-thumbnail\" alt=\"\" \/><\/a><\/div>\n<div class=\"pt-cv-overlay-wrapper\"><div class=\"pt-cv-taxoterm above_title\"><a href='https:\/\/garageblogec.com\/?cat=27' title='Industria Nacional' class='pt-cv-tax-industria-nacional'>Industria Nacional<\/a><\/div><h4 class=\"pt-cv-title\"><a href=\"https:\/\/garageblogec.com\/?p=3280\" class=\"_self\" target=\"_self\" >Movilidad como inversi\u00f3n: el uso de utilidades que crece en Ecuador<\/a><\/h4><div class=\"pt-cv-meta-fields\"><span class=\"entry-date\"> <time datetime=\"2026-04-07T19:55:36+00:00\">abril 7, 2026<\/time><\/span><span> \/ <\/span><span class=\"author\"> <a href=\"https:\/\/garageblogec.com\/?author=6\" rel=\"author\">gabi1212<\/a><\/span><\/div><\/div><\/div>\n<div class=\" pt-cv-content-item pt-cv-1-col\" ><div class=\"pt-cv-thumb-wrapper  \"><a href=\"https:\/\/garageblogec.com\/?p=3276\" class=\"_self pt-cv-href-thumbnail pt-cv-thumb-default\" target=\"_self\" ><img loading=\"lazy\" decoding=\"async\" width=\"745\" height=\"491\" src=\"https:\/\/garageblogec.com\/wp-content\/uploads\/2026\/04\/TT.png\" class=\"pt-cv-thumbnail\" alt=\"\" \/><\/a><\/div>\n<div class=\"pt-cv-overlay-wrapper\"><div class=\"pt-cv-taxoterm above_title\"><a href='https:\/\/garageblogec.com\/?cat=27' title='Industria Nacional' class='pt-cv-tax-industria-nacional'>Industria Nacional<\/a><\/div><h4 class=\"pt-cv-title\"><a href=\"https:\/\/garageblogec.com\/?p=3276\" class=\"_self\" target=\"_self\" >Lluvias en Ecuador: C\u00f3mo reducir riesgos en carretera y prevenir accidentes en calzada mojada<\/a><\/h4><div class=\"pt-cv-meta-fields\"><span class=\"entry-date\"> <time datetime=\"2026-04-07T19:46:52+00:00\">abril 7, 2026<\/time><\/span><span> \/ <\/span><span class=\"author\"> <a href=\"https:\/\/garageblogec.com\/?author=6\" rel=\"author\">gabi1212<\/a><\/span><\/div><\/div><\/div><\/div><\/div> <\/div> <style>\n#pt-cv-view-so5ikhad .pt-cv-thumb-wrapper::before {background: rgba(0,0,0,.4); opacity: 0.8;}#pt-cv-view-so5ikhad .pt-cv-overlay-wrapper {justify-content: center;}\n#pt-cv-view-so5ikhad .pt-cv-meta-fields {  }#pt-cv-view-so5ikhad .pt-cv-meta-fields * { font-size: 13px; }#pt-cv-view-so5ikhad .pt-cv-title a { display: block; }#pt-cv-view-so5ikhad .pt-cv-title:not(.pt-cv-titlesm) a { font-weight: 600;text-decoration: none;font-size: 20px; }#pt-cv-view-so5ikhad .pt-cv-titlesm a { font-weight: 600;font-size: 18px; }#pt-cv-view-so5ikhad .pt-cv-content { font-size: 15px; }#pt-cv-view-so5ikhad .pt-cv-rmwrap {  }#pt-cv-view-so5ikhad .pt-cv-readmore { color: #fff;background-color: #0075ff;font-size: 14px; }#pt-cv-view-so5ikhad .pt-cv-taxoterm { margin: 0px 0px 20px 0px; }#pt-cv-view-so5ikhad .pt-cv-taxoterm * { color: #222;background-color: #fff6f6;font-size: 14px; }#pt-cv-view-so5ikhad + .pt-cv-pagination-wrapper {  }#pt-cv-view-so5ikhad + .pt-cv-pagination-wrapper a { font-size: 14px; }#pt-cv-view-so5ikhad > .pt-cv-page {grid-template-columns: repeat(3, 1fr);grid-auto-rows: 250px;grid-gap: 10px;}\n@media all and (max-width: 1024px) { \n#pt-cv-view-so5ikhad > .pt-cv-page {}\n} \n@media all and (max-width: 767px) { \n#pt-cv-view-so5ikhad > .pt-cv-page {grid-template-columns: repeat(1, 1fr);}\n} <\/style>","protected":false},"excerpt":{"rendered":"<p>Procedente de Hummer, el V8 de 5.3 litros del Colorado 3LT entregaba 300 hp y 320 lb-ft de torque.<\/p>\n","protected":false},"author":6,"featured_media":2200,"comment_status":"open","ping_status":"open","sticky":false,"template":"","format":"standard","meta":{"_jetpack_memberships_contains_paid_content":false,"footnotes":""},"categories":[27],"tags":[],"class_list":["post-2199","post","type-post","status-publish","format-standard","has-post-thumbnail","hentry","category-industria-nacional"],"yoast_head":"<!-- This site is optimized with the Yoast SEO plugin v27.5 - https:\/\/yoast.com\/product\/yoast-seo-wordpress\/ -->\n<title>\u00bfRecuerdas cuando Chevy vendi\u00f3 silenciosamente un Colorado V8 por tiempo limitado? - Garage Blog Ecuador<\/title>\n<meta name=\"robots\" content=\"index, follow, max-snippet:-1, max-image-preview:large, max-video-preview:-1\" \/>\n<link rel=\"canonical\" href=\"https:\/\/garageblogec.com\/?p=2199\" \/>\n<meta property=\"og:locale\" content=\"es_ES\" \/>\n<meta property=\"og:type\" content=\"article\" \/>\n<meta property=\"og:title\" content=\"\u00bfRecuerdas cuando Chevy vendi\u00f3 silenciosamente un Colorado V8 por tiempo limitado? - Garage Blog Ecuador\" \/>\n<meta property=\"og:description\" content=\"Procedente de Hummer, el V8 de 5.3 litros del Colorado 3LT entregaba 300 hp y 320 lb-ft de torque.\" \/>\n<meta property=\"og:url\" content=\"https:\/\/garageblogec.com\/?p=2199\" \/>\n<meta property=\"og:site_name\" content=\"Garage Blog Ecuador\" \/>\n<meta property=\"article:published_time\" content=\"2025-06-16T16:29:34+00:00\" \/>\n<meta property=\"article:modified_time\" content=\"2025-06-16T16:54:36+00:00\" \/>\n<meta property=\"og:image\" content=\"https:\/\/garageblogec.com\/wp-content\/uploads\/2025\/06\/Captura-7.png\" \/>\n\t<meta property=\"og:image:width\" content=\"902\" \/>\n\t<meta property=\"og:image:height\" content=\"570\" \/>\n\t<meta property=\"og:image:type\" content=\"image\/png\" \/>\n<meta name=\"author\" content=\"gabi1212\" \/>\n<meta name=\"twitter:card\" content=\"summary_large_image\" \/>\n<meta name=\"twitter:label1\" content=\"Escrito por\" \/>\n\t<meta name=\"twitter:data1\" content=\"gabi1212\" \/>\n\t<meta name=\"twitter:label2\" content=\"Tiempo de lectura\" \/>\n\t<meta name=\"twitter:data2\" content=\"4 minutos\" \/>\n<script type=\"application\/ld+json\" class=\"yoast-schema-graph\">{\"@context\":\"https:\\\/\\\/schema.org\",\"@graph\":[{\"@type\":\"Article\",\"@id\":\"https:\\\/\\\/garageblogec.com\\\/?p=2199#article\",\"isPartOf\":{\"@id\":\"https:\\\/\\\/garageblogec.com\\\/?p=2199\"},\"author\":{\"name\":\"gabi1212\",\"@id\":\"https:\\\/\\\/garageblogec.com\\\/#\\\/schema\\\/person\\\/635f4b76c0cb3e43b82fe6f7d8bcceea\"},\"headline\":\"\u00bfRecuerdas cuando Chevy vendi\u00f3 silenciosamente un Colorado V8 por tiempo limitado?\",\"datePublished\":\"2025-06-16T16:29:34+00:00\",\"dateModified\":\"2025-06-16T16:54:36+00:00\",\"mainEntityOfPage\":{\"@id\":\"https:\\\/\\\/garageblogec.com\\\/?p=2199\"},\"wordCount\":597,\"commentCount\":0,\"publisher\":{\"@id\":\"https:\\\/\\\/garageblogec.com\\\/#organization\"},\"image\":{\"@id\":\"https:\\\/\\\/garageblogec.com\\\/?p=2199#primaryimage\"},\"thumbnailUrl\":\"https:\\\/\\\/garageblogec.com\\\/wp-content\\\/uploads\\\/2025\\\/06\\\/Captura-7.png\",\"articleSection\":[\"Industria Nacional\"],\"inLanguage\":\"es\",\"potentialAction\":[{\"@type\":\"CommentAction\",\"name\":\"Comment\",\"target\":[\"https:\\\/\\\/garageblogec.com\\\/?p=2199#respond\"]}]},{\"@type\":\"WebPage\",\"@id\":\"https:\\\/\\\/garageblogec.com\\\/?p=2199\",\"url\":\"https:\\\/\\\/garageblogec.com\\\/?p=2199\",\"name\":\"\u00bfRecuerdas cuando Chevy vendi\u00f3 silenciosamente un Colorado V8 por tiempo limitado? - Garage Blog Ecuador\",\"isPartOf\":{\"@id\":\"https:\\\/\\\/garageblogec.com\\\/#website\"},\"primaryImageOfPage\":{\"@id\":\"https:\\\/\\\/garageblogec.com\\\/?p=2199#primaryimage\"},\"image\":{\"@id\":\"https:\\\/\\\/garageblogec.com\\\/?p=2199#primaryimage\"},\"thumbnailUrl\":\"https:\\\/\\\/garageblogec.com\\\/wp-content\\\/uploads\\\/2025\\\/06\\\/Captura-7.png\",\"datePublished\":\"2025-06-16T16:29:34+00:00\",\"dateModified\":\"2025-06-16T16:54:36+00:00\",\"breadcrumb\":{\"@id\":\"https:\\\/\\\/garageblogec.com\\\/?p=2199#breadcrumb\"},\"inLanguage\":\"es\",\"potentialAction\":[{\"@type\":\"ReadAction\",\"target\":[\"https:\\\/\\\/garageblogec.com\\\/?p=2199\"]}]},{\"@type\":\"ImageObject\",\"inLanguage\":\"es\",\"@id\":\"https:\\\/\\\/garageblogec.com\\\/?p=2199#primaryimage\",\"url\":\"https:\\\/\\\/garageblogec.com\\\/wp-content\\\/uploads\\\/2025\\\/06\\\/Captura-7.png\",\"contentUrl\":\"https:\\\/\\\/garageblogec.com\\\/wp-content\\\/uploads\\\/2025\\\/06\\\/Captura-7.png\",\"width\":902,\"height\":570},{\"@type\":\"BreadcrumbList\",\"@id\":\"https:\\\/\\\/garageblogec.com\\\/?p=2199#breadcrumb\",\"itemListElement\":[{\"@type\":\"ListItem\",\"position\":1,\"name\":\"Portada\",\"item\":\"https:\\\/\\\/garageblogec.com\\\/\"},{\"@type\":\"ListItem\",\"position\":2,\"name\":\"\u00bfRecuerdas cuando Chevy vendi\u00f3 silenciosamente un Colorado V8 por tiempo limitado?\"}]},{\"@type\":\"WebSite\",\"@id\":\"https:\\\/\\\/garageblogec.com\\\/#website\",\"url\":\"https:\\\/\\\/garageblogec.com\\\/\",\"name\":\"Garage Blog Ecuador\",\"description\":\"Alucinamos por los autos \",\"publisher\":{\"@id\":\"https:\\\/\\\/garageblogec.com\\\/#organization\"},\"potentialAction\":[{\"@type\":\"SearchAction\",\"target\":{\"@type\":\"EntryPoint\",\"urlTemplate\":\"https:\\\/\\\/garageblogec.com\\\/?s={search_term_string}\"},\"query-input\":{\"@type\":\"PropertyValueSpecification\",\"valueRequired\":true,\"valueName\":\"search_term_string\"}}],\"inLanguage\":\"es\"},{\"@type\":\"Organization\",\"@id\":\"https:\\\/\\\/garageblogec.com\\\/#organization\",\"name\":\"Garage Blog Ecuador\",\"url\":\"https:\\\/\\\/garageblogec.com\\\/\",\"logo\":{\"@type\":\"ImageObject\",\"inLanguage\":\"es\",\"@id\":\"https:\\\/\\\/garageblogec.com\\\/#\\\/schema\\\/logo\\\/image\\\/\",\"url\":\"https:\\\/\\\/garageblogec.com\\\/wp-content\\\/uploads\\\/2024\\\/02\\\/cropped-logo-png-para-blog.webp\",\"contentUrl\":\"https:\\\/\\\/garageblogec.com\\\/wp-content\\\/uploads\\\/2024\\\/02\\\/cropped-logo-png-para-blog.webp\",\"width\":840,\"height\":556,\"caption\":\"Garage Blog Ecuador \"},\"image\":{\"@id\":\"https:\\\/\\\/garageblogec.com\\\/#\\\/schema\\\/logo\\\/image\\\/\"}},{\"@type\":\"Person\",\"@id\":\"https:\\\/\\\/garageblogec.com\\\/#\\\/schema\\\/person\\\/635f4b76c0cb3e43b82fe6f7d8bcceea\",\"name\":\"gabi1212\",\"image\":{\"@type\":\"ImageObject\",\"inLanguage\":\"es\",\"@id\":\"https:\\\/\\\/secure.gravatar.com\\\/avatar\\\/6aa491f45cb359d4d6dd8c430e83f78899c80569c27d21156e19bbdcd31d1811?s=96&d=mm&r=g\",\"url\":\"https:\\\/\\\/secure.gravatar.com\\\/avatar\\\/6aa491f45cb359d4d6dd8c430e83f78899c80569c27d21156e19bbdcd31d1811?s=96&d=mm&r=g\",\"contentUrl\":\"https:\\\/\\\/secure.gravatar.com\\\/avatar\\\/6aa491f45cb359d4d6dd8c430e83f78899c80569c27d21156e19bbdcd31d1811?s=96&d=mm&r=g\",\"caption\":\"gabi1212\"},\"url\":\"https:\\\/\\\/garageblogec.com\\\/?author=6\"}]}<\/script>\n<!-- \/ Yoast SEO plugin. -->","yoast_head_json":{"title":"\u00bfRecuerdas cuando Chevy vendi\u00f3 silenciosamente un Colorado V8 por tiempo limitado? - Garage Blog Ecuador","robots":{"index":"index","follow":"follow","max-snippet":"max-snippet:-1","max-image-preview":"max-image-preview:large","max-video-preview":"max-video-preview:-1"},"canonical":"https:\/\/garageblogec.com\/?p=2199","og_locale":"es_ES","og_type":"article","og_title":"\u00bfRecuerdas cuando Chevy vendi\u00f3 silenciosamente un Colorado V8 por tiempo limitado? - Garage Blog Ecuador","og_description":"Procedente de Hummer, el V8 de 5.3 litros del Colorado 3LT entregaba 300 hp y 320 lb-ft de torque.","og_url":"https:\/\/garageblogec.com\/?p=2199","og_site_name":"Garage Blog Ecuador","article_published_time":"2025-06-16T16:29:34+00:00","article_modified_time":"2025-06-16T16:54:36+00:00","og_image":[{"width":902,"height":570,"url":"https:\/\/garageblogec.com\/wp-content\/uploads\/2025\/06\/Captura-7.png","type":"image\/png"}],"author":"gabi1212","twitter_card":"summary_large_image","twitter_misc":{"Escrito por":"gabi1212","Tiempo de lectura":"4 minutos"},"schema":{"@context":"https:\/\/schema.org","@graph":[{"@type":"Article","@id":"https:\/\/garageblogec.com\/?p=2199#article","isPartOf":{"@id":"https:\/\/garageblogec.com\/?p=2199"},"author":{"name":"gabi1212","@id":"https:\/\/garageblogec.com\/#\/schema\/person\/635f4b76c0cb3e43b82fe6f7d8bcceea"},"headline":"\u00bfRecuerdas cuando Chevy vendi\u00f3 silenciosamente un Colorado V8 por tiempo limitado?","datePublished":"2025-06-16T16:29:34+00:00","dateModified":"2025-06-16T16:54:36+00:00","mainEntityOfPage":{"@id":"https:\/\/garageblogec.com\/?p=2199"},"wordCount":597,"commentCount":0,"publisher":{"@id":"https:\/\/garageblogec.com\/#organization"},"image":{"@id":"https:\/\/garageblogec.com\/?p=2199#primaryimage"},"thumbnailUrl":"https:\/\/garageblogec.com\/wp-content\/uploads\/2025\/06\/Captura-7.png","articleSection":["Industria Nacional"],"inLanguage":"es","potentialAction":[{"@type":"CommentAction","name":"Comment","target":["https:\/\/garageblogec.com\/?p=2199#respond"]}]},{"@type":"WebPage","@id":"https:\/\/garageblogec.com\/?p=2199","url":"https:\/\/garageblogec.com\/?p=2199","name":"\u00bfRecuerdas cuando Chevy vendi\u00f3 silenciosamente un Colorado V8 por tiempo limitado? - Garage Blog Ecuador","isPartOf":{"@id":"https:\/\/garageblogec.com\/#website"},"primaryImageOfPage":{"@id":"https:\/\/garageblogec.com\/?p=2199#primaryimage"},"image":{"@id":"https:\/\/garageblogec.com\/?p=2199#primaryimage"},"thumbnailUrl":"https:\/\/garageblogec.com\/wp-content\/uploads\/2025\/06\/Captura-7.png","datePublished":"2025-06-16T16:29:34+00:00","dateModified":"2025-06-16T16:54:36+00:00","breadcrumb":{"@id":"https:\/\/garageblogec.com\/?p=2199#breadcrumb"},"inLanguage":"es","potentialAction":[{"@type":"ReadAction","target":["https:\/\/garageblogec.com\/?p=2199"]}]},{"@type":"ImageObject","inLanguage":"es","@id":"https:\/\/garageblogec.com\/?p=2199#primaryimage","url":"https:\/\/garageblogec.com\/wp-content\/uploads\/2025\/06\/Captura-7.png","contentUrl":"https:\/\/garageblogec.com\/wp-content\/uploads\/2025\/06\/Captura-7.png","width":902,"height":570},{"@type":"BreadcrumbList","@id":"https:\/\/garageblogec.com\/?p=2199#breadcrumb","itemListElement":[{"@type":"ListItem","position":1,"name":"Portada","item":"https:\/\/garageblogec.com\/"},{"@type":"ListItem","position":2,"name":"\u00bfRecuerdas cuando Chevy vendi\u00f3 silenciosamente un Colorado V8 por tiempo limitado?"}]},{"@type":"WebSite","@id":"https:\/\/garageblogec.com\/#website","url":"https:\/\/garageblogec.com\/","name":"Garage Blog Ecuador","description":"Alucinamos por los autos ","publisher":{"@id":"https:\/\/garageblogec.com\/#organization"},"potentialAction":[{"@type":"SearchAction","target":{"@type":"EntryPoint","urlTemplate":"https:\/\/garageblogec.com\/?s={search_term_string}"},"query-input":{"@type":"PropertyValueSpecification","valueRequired":true,"valueName":"search_term_string"}}],"inLanguage":"es"},{"@type":"Organization","@id":"https:\/\/garageblogec.com\/#organization","name":"Garage Blog Ecuador","url":"https:\/\/garageblogec.com\/","logo":{"@type":"ImageObject","inLanguage":"es","@id":"https:\/\/garageblogec.com\/#\/schema\/logo\/image\/","url":"https:\/\/garageblogec.com\/wp-content\/uploads\/2024\/02\/cropped-logo-png-para-blog.webp","contentUrl":"https:\/\/garageblogec.com\/wp-content\/uploads\/2024\/02\/cropped-logo-png-para-blog.webp","width":840,"height":556,"caption":"Garage Blog Ecuador "},"image":{"@id":"https:\/\/garageblogec.com\/#\/schema\/logo\/image\/"}},{"@type":"Person","@id":"https:\/\/garageblogec.com\/#\/schema\/person\/635f4b76c0cb3e43b82fe6f7d8bcceea","name":"gabi1212","image":{"@type":"ImageObject","inLanguage":"es","@id":"https:\/\/secure.gravatar.com\/avatar\/6aa491f45cb359d4d6dd8c430e83f78899c80569c27d21156e19bbdcd31d1811?s=96&d=mm&r=g","url":"https:\/\/secure.gravatar.com\/avatar\/6aa491f45cb359d4d6dd8c430e83f78899c80569c27d21156e19bbdcd31d1811?s=96&d=mm&r=g","contentUrl":"https:\/\/secure.gravatar.com\/avatar\/6aa491f45cb359d4d6dd8c430e83f78899c80569c27d21156e19bbdcd31d1811?s=96&d=mm&r=g","caption":"gabi1212"},"url":"https:\/\/garageblogec.com\/?author=6"}]}},"jetpack_featured_media_url":"https:\/\/garageblogec.com\/wp-content\/uploads\/2025\/06\/Captura-7.png","jetpack_sharing_enabled":true,"_links":{"self":[{"href":"https:\/\/garageblogec.com\/index.php?rest_route=\/wp\/v2\/posts\/2199","targetHints":{"allow":["GET"]}}],"collection":[{"href":"https:\/\/garageblogec.com\/index.php?rest_route=\/wp\/v2\/posts"}],"about":[{"href":"https:\/\/garageblogec.com\/index.php?rest_route=\/wp\/v2\/types\/post"}],"author":[{"embeddable":true,"href":"https:\/\/garageblogec.com\/index.php?rest_route=\/wp\/v2\/users\/6"}],"replies":[{"embeddable":true,"href":"https:\/\/garageblogec.com\/index.php?rest_route=%2Fwp%2Fv2%2Fcomments&post=2199"}],"version-history":[{"count":2,"href":"https:\/\/garageblogec.com\/index.php?rest_route=\/wp\/v2\/posts\/2199\/revisions"}],"predecessor-version":[{"id":2206,"href":"https:\/\/garageblogec.com\/index.php?rest_route=\/wp\/v2\/posts\/2199\/revisions\/2206"}],"wp:featuredmedia":[{"embeddable":true,"href":"https:\/\/garageblogec.com\/index.php?rest_route=\/wp\/v2\/media\/2200"}],"wp:attachment":[{"href":"https:\/\/garageblogec.com\/index.php?rest_route=%2Fwp%2Fv2%2Fmedia&parent=2199"}],"wp:term":[{"taxonomy":"category","embeddable":true,"href":"https:\/\/garageblogec.com\/index.php?rest_route=%2Fwp%2Fv2%2Fcategories&post=2199"},{"taxonomy":"post_tag","embeddable":true,"href":"https:\/\/garageblogec.com\/index.php?rest_route=%2Fwp%2Fv2%2Ftags&post=2199"}],"curies":[{"name":"wp","href":"https:\/\/api.w.org\/{rel}","templated":true}]}}