{"id":2196,"date":"2025-06-13T17:09:39","date_gmt":"2025-06-13T17:09:39","guid":{"rendered":"https:\/\/garageblogec.com\/?p=2196"},"modified":"2025-06-13T17:09:46","modified_gmt":"2025-06-13T17:09:46","slug":"gac-motor-apuesta-por-ecuador-con-una-propuesta-que-combina-tecnologia-emocion-y-confianza","status":"publish","type":"post","link":"https:\/\/garageblogec.com\/?p=2196","title":{"rendered":"GAC Motor apuesta por Ecuador con una propuesta que combina tecnolog\u00eda, emoci\u00f3n y confianza"},"content":{"rendered":"\n<p>La industria automotriz de origen chino vive un momento clave en Ecuador. Solo en el primer trimestre de 2025, estos veh\u00edculos representaron el 43% de las ventas totales del pa\u00eds, seg\u00fan la Asociaci\u00f3n de Empresas Automotrices del Ecuador (AEADE). Este liderazgo refleja una transformaci\u00f3n en la percepci\u00f3n del consumidor: hoy, la decisi\u00f3n de compra combina raz\u00f3n y emoci\u00f3n.<\/p>\n\n\n\n<p>En este panorama, GAC Motor se consolida como una marca que va m\u00e1s all\u00e1 de lo funcional. Con una visi\u00f3n que une dise\u00f1o, innovaci\u00f3n y cercan\u00eda, la marca apuesta por crear v\u00ednculos reales con quienes buscan m\u00e1s que un auto: buscan una experiencia segura, confiable y alineada a su estilo de vida.<\/p>\n\n\n\n<figure class=\"wp-block-image size-full\"><img fetchpriority=\"high\" decoding=\"async\" width=\"1000\" height=\"486\" src=\"https:\/\/garageblogec.com\/wp-content\/uploads\/2025\/06\/WhatsApp-Image-2025-06-13-at-11.28.48-AM.jpeg\" alt=\"\" class=\"wp-image-2197\" srcset=\"https:\/\/garageblogec.com\/wp-content\/uploads\/2025\/06\/WhatsApp-Image-2025-06-13-at-11.28.48-AM.jpeg 1000w, https:\/\/garageblogec.com\/wp-content\/uploads\/2025\/06\/WhatsApp-Image-2025-06-13-at-11.28.48-AM-300x146.jpeg 300w, https:\/\/garageblogec.com\/wp-content\/uploads\/2025\/06\/WhatsApp-Image-2025-06-13-at-11.28.48-AM-768x373.jpeg 768w\" sizes=\"(max-width: 1000px) 100vw, 1000px\" \/><\/figure>\n\n\n\n<p>El All New GS8, SUV insignia de GAC, sintetiza esa propuesta. Dise\u00f1ado para familias modernas y conductores exigentes, combina potencia, equipamiento premium y un dise\u00f1o emocionalmente atractivo<\/p>\n\n\n\n<p><strong>Un SUV que fusiona poder, dise\u00f1o y tecnolog\u00eda<\/strong><\/p>\n\n\n\n<p>El All New GS8 cuenta con un motor 2.0 litros turbo, que entrega 248 caballos de fuerza y 400 Nm de torque entre 1.750 y 4.000 rpm, junto a una transmisi\u00f3n autom\u00e1tica de 8 velocidades AISIN y direcci\u00f3n asistida el\u00e9ctrica (EPS). Est\u00e1 disponible con tracci\u00f3n 2WD o 4WD, e integra modos de conducci\u00f3n como Eco, Comfort, Dynamic, Arena, Lodo y Nieve.<\/p>\n\n\n\n<p>Sus dimensiones \u20144.980 mm de largo, 1.950 mm de ancho y 1.780 mm de alto\u2014 lo convierten en un SUV de gran presencia, con espacio para siete pasajeros, un tanque de 65 litros y una arquitectura que prioriza la estabilidad y el confort.<\/p>\n\n\n\n<figure class=\"wp-block-image size-large\"><a href=\"https:\/\/www.kia.com\/ec\/showroom\/sportage-nq5\/features.html\"><img decoding=\"async\" width=\"1024\" height=\"285\" src=\"https:\/\/garageblogec.com\/wp-content\/uploads\/2025\/06\/GARAGEBLOG-1080X300-1024x285.png\" alt=\"\" class=\"wp-image-2177\" srcset=\"https:\/\/garageblogec.com\/wp-content\/uploads\/2025\/06\/GARAGEBLOG-1080X300-1024x285.png 1024w, https:\/\/garageblogec.com\/wp-content\/uploads\/2025\/06\/GARAGEBLOG-1080X300-300x84.png 300w, https:\/\/garageblogec.com\/wp-content\/uploads\/2025\/06\/GARAGEBLOG-1080X300-768x214.png 768w, https:\/\/garageblogec.com\/wp-content\/uploads\/2025\/06\/GARAGEBLOG-1080X300.png 1081w\" sizes=\"(max-width: 1024px) 100vw, 1024px\" \/><\/a><\/figure>\n\n\n\n<p><strong>Dise\u00f1o exterior: car\u00e1cter y modernidad<\/strong><\/p>\n\n\n\n<p>El GS8 presenta un estilo robusto, con faros LED de cuatro bulbos, una distintiva parrilla frontal en forma de ala, y una luz trasera en forma de diamante de color rub\u00ed. Las versiones GT incorporan llantas 225\/50 R20\u201d, mientras que otras versiones cuentan con neum\u00e1ticos de 19 pulgadas.<\/p>\n\n\n\n<p><strong>Interior: pensado para quienes m\u00e1s importan<\/strong><\/p>\n\n\n\n<p>Desde los asientos de tela en versiones base hasta el refinamiento del cuero natural y las molduras de madera en las versiones GT, el GS8 crea un ambiente acogedor, sofisticado y funcional. Su pantalla panor\u00e1mica doble y sistema de sonido Alpine (8 o 10 parlantes, seg\u00fan versi\u00f3n) refuerzan la experiencia a bordo. Este SUV no solo se adapta a las familias: est\u00e1 dise\u00f1ado para ellas.<\/p>\n\n\n\n<p><strong>Seguridad: protecci\u00f3n sin concesiones<\/strong><\/p>\n\n\n\n<p>La seguridad es uno de los pilares de GAC. El GS8 incorpora una estructura de carrocer\u00eda de alta resistencia y hasta 28 asistencias ADAS, como frenado aut\u00f3nomo de emergencia, alerta de cambio de carril, control de estabilidad y asistencia en pendientes. Gracias a esta configuraci\u00f3n, el GS8 ha logrado resultados sobresalientes en pruebas internacionales, consolid\u00e1ndose como una opci\u00f3n confiable tanto para uso familiar como profesional.<\/p>\n\n\n\n<p><strong>Una experiencia que comienza mucho antes de conducir<\/strong><\/p>\n\n\n\n<p>GAC Motor entiende que elegir un veh\u00edculo no es solo una decisi\u00f3n t\u00e9cnica, sino tambi\u00e9n personal. El GS8 est\u00e1 dise\u00f1ado para acompa\u00f1ar a quienes m\u00e1s importan: familias que buscan un espacio seguro, c\u00f3modo y duradero, sin renunciar al dise\u00f1o y a la tecnolog\u00eda. Con un enfoque que prioriza la conexi\u00f3n emocional y la funcionalidad real, este SUV se convierte en una extensi\u00f3n de los valores del hogar, pensado para durar y adaptarse a cada etapa de la vida familiar.<\/p>\n\n\n\n<p>Adem\u00e1s, la marca ofrece una experiencia de compra cercana, confiable y orientada al largo plazo, alineada con las expectativas del consumidor actual que valora tanto el respaldo como la emoci\u00f3n al momento de decidir.<\/p>\n\n\n<div class='pt-cv-wrapper'> <h3 class='pt-cv-heading-container heading1' data-blockid='jbba8ltr'><span class='pt-cv-heading'> Overlay1 <\/span><\/h3><div class=\"pt-cv-view pt-cv-overlaygrid iscvblock iscvreal overlay1 layout1\" id=\"pt-cv-view-jbba8ltr\"><div data-id=\"pt-cv-page-1\" class=\"pt-cv-page\" data-cvc=\"3\"><div class=\" pt-cv-content-item pt-cv-1-col\" ><div class=\"pt-cv-thumb-wrapper  \"><a href=\"https:\/\/garageblogec.com\/?p=3303\" class=\"_self pt-cv-href-thumbnail pt-cv-thumb-default\" target=\"_self\" ><img decoding=\"async\" width=\"768\" height=\"432\" src=\"https:\/\/garageblogec.com\/wp-content\/uploads\/2026\/04\/WhatsApp-Image-2026-04-21-at-1.52.53-PM-768x432.jpeg\" class=\"pt-cv-thumbnail\" alt=\"\" \/><\/a><\/div>\n<div class=\"pt-cv-overlay-wrapper\"><div class=\"pt-cv-taxoterm above_title\"><a href='https:\/\/garageblogec.com\/?cat=27' title='Industria Nacional' class='pt-cv-tax-industria-nacional'>Industria Nacional<\/a><\/div><h4 class=\"pt-cv-title\"><a href=\"https:\/\/garageblogec.com\/?p=3303\" class=\"_self\" target=\"_self\" >Grupo Ambacar presenta en Guayaquil KGM, su nueva marca de SUV h\u00edbridos con respaldo global<\/a><\/h4><div class=\"pt-cv-meta-fields\"><span class=\"entry-date\"> <time datetime=\"2026-04-21T21:37:24+00:00\">abril 21, 2026<\/time><\/span><span> \/ <\/span><span class=\"author\"> <a href=\"https:\/\/garageblogec.com\/?author=6\" rel=\"author\">gabi1212<\/a><\/span><\/div><\/div><\/div>\n<div class=\" pt-cv-content-item pt-cv-1-col\" ><div class=\"pt-cv-thumb-wrapper  \"><a href=\"https:\/\/garageblogec.com\/?p=3296\" class=\"_self pt-cv-href-thumbnail pt-cv-thumb-default\" target=\"_self\" ><img loading=\"lazy\" decoding=\"async\" width=\"768\" height=\"432\" src=\"https:\/\/garageblogec.com\/wp-content\/uploads\/2026\/04\/WhatsApp-Image-2026-04-14-at-3.15.09-PM-768x432.jpeg\" class=\"pt-cv-thumbnail\" alt=\"\" \/><\/a><\/div>\n<div class=\"pt-cv-overlay-wrapper\"><div class=\"pt-cv-taxoterm above_title\"><a href='https:\/\/garageblogec.com\/?cat=27' title='Industria Nacional' class='pt-cv-tax-industria-nacional'>Industria Nacional<\/a><\/div><h4 class=\"pt-cv-title\"><a href=\"https:\/\/garageblogec.com\/?p=3296\" class=\"_self\" target=\"_self\" >El tablero desapareci\u00f3, ahora el auto es una pantalla inteligente<\/a><\/h4><div class=\"pt-cv-meta-fields\"><span class=\"entry-date\"> <time datetime=\"2026-04-14T20:21:20+00:00\">abril 14, 2026<\/time><\/span><span> \/ <\/span><span class=\"author\"> <a href=\"https:\/\/garageblogec.com\/?author=6\" rel=\"author\">gabi1212<\/a><\/span><\/div><\/div><\/div>\n<div class=\" pt-cv-content-item pt-cv-1-col\" ><div class=\"pt-cv-thumb-wrapper  \"><a href=\"https:\/\/garageblogec.com\/?p=3291\" class=\"_self pt-cv-href-thumbnail pt-cv-thumb-default\" target=\"_self\" ><img loading=\"lazy\" decoding=\"async\" width=\"768\" height=\"432\" src=\"https:\/\/garageblogec.com\/wp-content\/uploads\/2026\/04\/WhatsApp-Image-2026-04-14-at-2.21.27-PM-768x432.jpeg\" class=\"pt-cv-thumbnail\" alt=\"\" \/><\/a><\/div>\n<div class=\"pt-cv-overlay-wrapper\"><div class=\"pt-cv-taxoterm above_title\"><a href='https:\/\/garageblogec.com\/?cat=27' title='Industria Nacional' class='pt-cv-tax-industria-nacional'>Industria Nacional<\/a><\/div><h4 class=\"pt-cv-title\"><a href=\"https:\/\/garageblogec.com\/?p=3291\" class=\"_self\" target=\"_self\" >Seguridad al volante en Ecuador: los errores m\u00e1s comunes que cometen los conductores<\/a><\/h4><div class=\"pt-cv-meta-fields\"><span class=\"entry-date\"> <time datetime=\"2026-04-14T20:08:54+00:00\">abril 14, 2026<\/time><\/span><span> \/ <\/span><span class=\"author\"> <a href=\"https:\/\/garageblogec.com\/?author=6\" rel=\"author\">gabi1212<\/a><\/span><\/div><\/div><\/div>\n<div class=\" pt-cv-content-item pt-cv-1-col\" ><div class=\"pt-cv-thumb-wrapper  \"><a href=\"https:\/\/garageblogec.com\/?p=3286\" class=\"_self pt-cv-href-thumbnail pt-cv-thumb-default\" target=\"_self\" ><img loading=\"lazy\" decoding=\"async\" width=\"768\" height=\"492\" src=\"https:\/\/garageblogec.com\/wp-content\/uploads\/2026\/04\/Posventa.jpg-768x492.jpeg\" class=\"pt-cv-thumbnail\" alt=\"\" \/><\/a><\/div>\n<div class=\"pt-cv-overlay-wrapper\"><div class=\"pt-cv-taxoterm above_title\"><a href='https:\/\/garageblogec.com\/?cat=27' title='Industria Nacional' class='pt-cv-tax-industria-nacional'>Industria Nacional<\/a><\/div><h4 class=\"pt-cv-title\"><a href=\"https:\/\/garageblogec.com\/?p=3286\" class=\"_self\" target=\"_self\" >Clientes Nissan reciben cambios de aceite infinitos<\/a><\/h4><div class=\"pt-cv-meta-fields\"><span class=\"entry-date\"> <time datetime=\"2026-04-14T20:04:08+00:00\">abril 14, 2026<\/time><\/span><span> \/ <\/span><span class=\"author\"> <a href=\"https:\/\/garageblogec.com\/?author=6\" rel=\"author\">gabi1212<\/a><\/span><\/div><\/div><\/div>\n<div class=\" pt-cv-content-item pt-cv-1-col\" ><div class=\"pt-cv-thumb-wrapper  \"><a href=\"https:\/\/garageblogec.com\/?p=3280\" class=\"_self pt-cv-href-thumbnail pt-cv-thumb-default\" target=\"_self\" ><img loading=\"lazy\" decoding=\"async\" width=\"768\" height=\"512\" src=\"https:\/\/garageblogec.com\/wp-content\/uploads\/2026\/04\/foto1-768x512.jpeg\" class=\"pt-cv-thumbnail\" alt=\"\" \/><\/a><\/div>\n<div class=\"pt-cv-overlay-wrapper\"><div class=\"pt-cv-taxoterm above_title\"><a href='https:\/\/garageblogec.com\/?cat=27' title='Industria Nacional' class='pt-cv-tax-industria-nacional'>Industria Nacional<\/a><\/div><h4 class=\"pt-cv-title\"><a href=\"https:\/\/garageblogec.com\/?p=3280\" class=\"_self\" target=\"_self\" >Movilidad como inversi\u00f3n: el uso de utilidades que crece en Ecuador<\/a><\/h4><div class=\"pt-cv-meta-fields\"><span class=\"entry-date\"> <time datetime=\"2026-04-07T19:55:36+00:00\">abril 7, 2026<\/time><\/span><span> \/ <\/span><span class=\"author\"> <a href=\"https:\/\/garageblogec.com\/?author=6\" rel=\"author\">gabi1212<\/a><\/span><\/div><\/div><\/div>\n<div class=\" pt-cv-content-item pt-cv-1-col\" ><div class=\"pt-cv-thumb-wrapper  \"><a href=\"https:\/\/garageblogec.com\/?p=3276\" class=\"_self pt-cv-href-thumbnail pt-cv-thumb-default\" target=\"_self\" ><img loading=\"lazy\" decoding=\"async\" width=\"745\" height=\"491\" src=\"https:\/\/garageblogec.com\/wp-content\/uploads\/2026\/04\/TT.png\" class=\"pt-cv-thumbnail\" alt=\"\" \/><\/a><\/div>\n<div class=\"pt-cv-overlay-wrapper\"><div class=\"pt-cv-taxoterm above_title\"><a href='https:\/\/garageblogec.com\/?cat=27' title='Industria Nacional' class='pt-cv-tax-industria-nacional'>Industria Nacional<\/a><\/div><h4 class=\"pt-cv-title\"><a href=\"https:\/\/garageblogec.com\/?p=3276\" class=\"_self\" target=\"_self\" >Lluvias en Ecuador: C\u00f3mo reducir riesgos en carretera y prevenir accidentes en calzada mojada<\/a><\/h4><div class=\"pt-cv-meta-fields\"><span class=\"entry-date\"> <time datetime=\"2026-04-07T19:46:52+00:00\">abril 7, 2026<\/time><\/span><span> \/ <\/span><span class=\"author\"> <a href=\"https:\/\/garageblogec.com\/?author=6\" rel=\"author\">gabi1212<\/a><\/span><\/div><\/div><\/div><\/div><\/div> <\/div> <style>\n#pt-cv-view-jbba8ltr .pt-cv-thumb-wrapper::before {background: rgba(0,0,0,.4); opacity: 0.8;}#pt-cv-view-jbba8ltr .pt-cv-overlay-wrapper {justify-content: center;}\n#pt-cv-view-jbba8ltr .pt-cv-meta-fields {  }#pt-cv-view-jbba8ltr .pt-cv-meta-fields * { font-size: 13px; }#pt-cv-view-jbba8ltr .pt-cv-title a { display: block; }#pt-cv-view-jbba8ltr .pt-cv-title:not(.pt-cv-titlesm) a { font-weight: 600;text-decoration: none;font-size: 20px; }#pt-cv-view-jbba8ltr .pt-cv-titlesm a { font-weight: 600;font-size: 18px; }#pt-cv-view-jbba8ltr .pt-cv-content { font-size: 15px; }#pt-cv-view-jbba8ltr .pt-cv-rmwrap {  }#pt-cv-view-jbba8ltr .pt-cv-readmore { color: #fff;background-color: #0075ff;font-size: 14px; }#pt-cv-view-jbba8ltr .pt-cv-taxoterm { margin: 0px 0px 20px 0px; }#pt-cv-view-jbba8ltr .pt-cv-taxoterm * { color: #222;background-color: #fff6f6;font-size: 14px; }#pt-cv-view-jbba8ltr + .pt-cv-pagination-wrapper {  }#pt-cv-view-jbba8ltr + .pt-cv-pagination-wrapper a { font-size: 14px; }#pt-cv-view-jbba8ltr > .pt-cv-page {grid-template-columns: repeat(3, 1fr);grid-auto-rows: 250px;grid-gap: 10px;}\n@media all and (max-width: 1024px) { \n#pt-cv-view-jbba8ltr > .pt-cv-page {}\n} \n@media all and (max-width: 767px) { \n#pt-cv-view-jbba8ltr > .pt-cv-page {grid-template-columns: repeat(1, 1fr);}\n} <\/style>","protected":false},"excerpt":{"rendered":"<p>La industria automotriz de origen chino vive un momento clave en Ecuador. Solo en el primer trimestre de 2025, estos veh\u00edculos representaron el 43% de las ventas totales del pa\u00eds, seg\u00fan la Asociaci\u00f3n de Empresas Automotrices del Ecuador (AEADE). Este liderazgo refleja una transformaci\u00f3n en la percepci\u00f3n del consumidor: hoy, la decisi\u00f3n de compra combina raz\u00f3n y emoci\u00f3n.<\/p>\n","protected":false},"author":6,"featured_media":2197,"comment_status":"open","ping_status":"open","sticky":false,"template":"","format":"standard","meta":{"_jetpack_memberships_contains_paid_content":false,"footnotes":""},"categories":[27],"tags":[],"class_list":["post-2196","post","type-post","status-publish","format-standard","has-post-thumbnail","hentry","category-industria-nacional"],"yoast_head":"<!-- This site is optimized with the Yoast SEO plugin v27.5 - https:\/\/yoast.com\/product\/yoast-seo-wordpress\/ -->\n<title>GAC Motor apuesta por Ecuador con una propuesta que combina tecnolog\u00eda, emoci\u00f3n y confianza - Garage Blog Ecuador<\/title>\n<meta name=\"robots\" content=\"index, follow, max-snippet:-1, max-image-preview:large, max-video-preview:-1\" \/>\n<link rel=\"canonical\" href=\"https:\/\/garageblogec.com\/?p=2196\" \/>\n<meta property=\"og:locale\" content=\"es_ES\" \/>\n<meta property=\"og:type\" content=\"article\" \/>\n<meta property=\"og:title\" content=\"GAC Motor apuesta por Ecuador con una propuesta que combina tecnolog\u00eda, emoci\u00f3n y confianza - Garage Blog Ecuador\" \/>\n<meta property=\"og:description\" content=\"La industria automotriz de origen chino vive un momento clave en Ecuador. Solo en el primer trimestre de 2025, estos veh\u00edculos representaron el 43% de las ventas totales del pa\u00eds, seg\u00fan la Asociaci\u00f3n de Empresas Automotrices del Ecuador (AEADE). Este liderazgo refleja una transformaci\u00f3n en la percepci\u00f3n del consumidor: hoy, la decisi\u00f3n de compra combina raz\u00f3n y emoci\u00f3n.\" \/>\n<meta property=\"og:url\" content=\"https:\/\/garageblogec.com\/?p=2196\" \/>\n<meta property=\"og:site_name\" content=\"Garage Blog Ecuador\" \/>\n<meta property=\"article:published_time\" content=\"2025-06-13T17:09:39+00:00\" \/>\n<meta property=\"article:modified_time\" content=\"2025-06-13T17:09:46+00:00\" \/>\n<meta property=\"og:image\" content=\"https:\/\/garageblogec.com\/wp-content\/uploads\/2025\/06\/WhatsApp-Image-2025-06-13-at-11.28.48-AM.jpeg\" \/>\n\t<meta property=\"og:image:width\" content=\"1000\" \/>\n\t<meta property=\"og:image:height\" content=\"486\" \/>\n\t<meta property=\"og:image:type\" content=\"image\/jpeg\" \/>\n<meta name=\"author\" content=\"gabi1212\" \/>\n<meta name=\"twitter:card\" content=\"summary_large_image\" \/>\n<meta name=\"twitter:label1\" content=\"Escrito por\" \/>\n\t<meta name=\"twitter:data1\" content=\"gabi1212\" \/>\n\t<meta name=\"twitter:label2\" content=\"Tiempo de lectura\" \/>\n\t<meta name=\"twitter:data2\" content=\"4 minutos\" \/>\n<script type=\"application\/ld+json\" class=\"yoast-schema-graph\">{\"@context\":\"https:\\\/\\\/schema.org\",\"@graph\":[{\"@type\":\"Article\",\"@id\":\"https:\\\/\\\/garageblogec.com\\\/?p=2196#article\",\"isPartOf\":{\"@id\":\"https:\\\/\\\/garageblogec.com\\\/?p=2196\"},\"author\":{\"name\":\"gabi1212\",\"@id\":\"https:\\\/\\\/garageblogec.com\\\/#\\\/schema\\\/person\\\/635f4b76c0cb3e43b82fe6f7d8bcceea\"},\"headline\":\"GAC Motor apuesta por Ecuador con una propuesta que combina tecnolog\u00eda, emoci\u00f3n y confianza\",\"datePublished\":\"2025-06-13T17:09:39+00:00\",\"dateModified\":\"2025-06-13T17:09:46+00:00\",\"mainEntityOfPage\":{\"@id\":\"https:\\\/\\\/garageblogec.com\\\/?p=2196\"},\"wordCount\":616,\"commentCount\":0,\"publisher\":{\"@id\":\"https:\\\/\\\/garageblogec.com\\\/#organization\"},\"image\":{\"@id\":\"https:\\\/\\\/garageblogec.com\\\/?p=2196#primaryimage\"},\"thumbnailUrl\":\"https:\\\/\\\/garageblogec.com\\\/wp-content\\\/uploads\\\/2025\\\/06\\\/WhatsApp-Image-2025-06-13-at-11.28.48-AM.jpeg\",\"articleSection\":[\"Industria Nacional\"],\"inLanguage\":\"es\",\"potentialAction\":[{\"@type\":\"CommentAction\",\"name\":\"Comment\",\"target\":[\"https:\\\/\\\/garageblogec.com\\\/?p=2196#respond\"]}]},{\"@type\":\"WebPage\",\"@id\":\"https:\\\/\\\/garageblogec.com\\\/?p=2196\",\"url\":\"https:\\\/\\\/garageblogec.com\\\/?p=2196\",\"name\":\"GAC Motor apuesta por Ecuador con una propuesta que combina tecnolog\u00eda, emoci\u00f3n y confianza - Garage Blog Ecuador\",\"isPartOf\":{\"@id\":\"https:\\\/\\\/garageblogec.com\\\/#website\"},\"primaryImageOfPage\":{\"@id\":\"https:\\\/\\\/garageblogec.com\\\/?p=2196#primaryimage\"},\"image\":{\"@id\":\"https:\\\/\\\/garageblogec.com\\\/?p=2196#primaryimage\"},\"thumbnailUrl\":\"https:\\\/\\\/garageblogec.com\\\/wp-content\\\/uploads\\\/2025\\\/06\\\/WhatsApp-Image-2025-06-13-at-11.28.48-AM.jpeg\",\"datePublished\":\"2025-06-13T17:09:39+00:00\",\"dateModified\":\"2025-06-13T17:09:46+00:00\",\"breadcrumb\":{\"@id\":\"https:\\\/\\\/garageblogec.com\\\/?p=2196#breadcrumb\"},\"inLanguage\":\"es\",\"potentialAction\":[{\"@type\":\"ReadAction\",\"target\":[\"https:\\\/\\\/garageblogec.com\\\/?p=2196\"]}]},{\"@type\":\"ImageObject\",\"inLanguage\":\"es\",\"@id\":\"https:\\\/\\\/garageblogec.com\\\/?p=2196#primaryimage\",\"url\":\"https:\\\/\\\/garageblogec.com\\\/wp-content\\\/uploads\\\/2025\\\/06\\\/WhatsApp-Image-2025-06-13-at-11.28.48-AM.jpeg\",\"contentUrl\":\"https:\\\/\\\/garageblogec.com\\\/wp-content\\\/uploads\\\/2025\\\/06\\\/WhatsApp-Image-2025-06-13-at-11.28.48-AM.jpeg\",\"width\":1000,\"height\":486},{\"@type\":\"BreadcrumbList\",\"@id\":\"https:\\\/\\\/garageblogec.com\\\/?p=2196#breadcrumb\",\"itemListElement\":[{\"@type\":\"ListItem\",\"position\":1,\"name\":\"Portada\",\"item\":\"https:\\\/\\\/garageblogec.com\\\/\"},{\"@type\":\"ListItem\",\"position\":2,\"name\":\"GAC Motor apuesta por Ecuador con una propuesta que combina tecnolog\u00eda, emoci\u00f3n y confianza\"}]},{\"@type\":\"WebSite\",\"@id\":\"https:\\\/\\\/garageblogec.com\\\/#website\",\"url\":\"https:\\\/\\\/garageblogec.com\\\/\",\"name\":\"Garage Blog Ecuador\",\"description\":\"Alucinamos por los autos \",\"publisher\":{\"@id\":\"https:\\\/\\\/garageblogec.com\\\/#organization\"},\"potentialAction\":[{\"@type\":\"SearchAction\",\"target\":{\"@type\":\"EntryPoint\",\"urlTemplate\":\"https:\\\/\\\/garageblogec.com\\\/?s={search_term_string}\"},\"query-input\":{\"@type\":\"PropertyValueSpecification\",\"valueRequired\":true,\"valueName\":\"search_term_string\"}}],\"inLanguage\":\"es\"},{\"@type\":\"Organization\",\"@id\":\"https:\\\/\\\/garageblogec.com\\\/#organization\",\"name\":\"Garage Blog Ecuador\",\"url\":\"https:\\\/\\\/garageblogec.com\\\/\",\"logo\":{\"@type\":\"ImageObject\",\"inLanguage\":\"es\",\"@id\":\"https:\\\/\\\/garageblogec.com\\\/#\\\/schema\\\/logo\\\/image\\\/\",\"url\":\"https:\\\/\\\/garageblogec.com\\\/wp-content\\\/uploads\\\/2024\\\/02\\\/cropped-logo-png-para-blog.webp\",\"contentUrl\":\"https:\\\/\\\/garageblogec.com\\\/wp-content\\\/uploads\\\/2024\\\/02\\\/cropped-logo-png-para-blog.webp\",\"width\":840,\"height\":556,\"caption\":\"Garage Blog Ecuador \"},\"image\":{\"@id\":\"https:\\\/\\\/garageblogec.com\\\/#\\\/schema\\\/logo\\\/image\\\/\"}},{\"@type\":\"Person\",\"@id\":\"https:\\\/\\\/garageblogec.com\\\/#\\\/schema\\\/person\\\/635f4b76c0cb3e43b82fe6f7d8bcceea\",\"name\":\"gabi1212\",\"image\":{\"@type\":\"ImageObject\",\"inLanguage\":\"es\",\"@id\":\"https:\\\/\\\/secure.gravatar.com\\\/avatar\\\/6aa491f45cb359d4d6dd8c430e83f78899c80569c27d21156e19bbdcd31d1811?s=96&d=mm&r=g\",\"url\":\"https:\\\/\\\/secure.gravatar.com\\\/avatar\\\/6aa491f45cb359d4d6dd8c430e83f78899c80569c27d21156e19bbdcd31d1811?s=96&d=mm&r=g\",\"contentUrl\":\"https:\\\/\\\/secure.gravatar.com\\\/avatar\\\/6aa491f45cb359d4d6dd8c430e83f78899c80569c27d21156e19bbdcd31d1811?s=96&d=mm&r=g\",\"caption\":\"gabi1212\"},\"url\":\"https:\\\/\\\/garageblogec.com\\\/?author=6\"}]}<\/script>\n<!-- \/ Yoast SEO plugin. -->","yoast_head_json":{"title":"GAC Motor apuesta por Ecuador con una propuesta que combina tecnolog\u00eda, emoci\u00f3n y confianza - Garage Blog Ecuador","robots":{"index":"index","follow":"follow","max-snippet":"max-snippet:-1","max-image-preview":"max-image-preview:large","max-video-preview":"max-video-preview:-1"},"canonical":"https:\/\/garageblogec.com\/?p=2196","og_locale":"es_ES","og_type":"article","og_title":"GAC Motor apuesta por Ecuador con una propuesta que combina tecnolog\u00eda, emoci\u00f3n y confianza - Garage Blog Ecuador","og_description":"La industria automotriz de origen chino vive un momento clave en Ecuador. Solo en el primer trimestre de 2025, estos veh\u00edculos representaron el 43% de las ventas totales del pa\u00eds, seg\u00fan la Asociaci\u00f3n de Empresas Automotrices del Ecuador (AEADE). Este liderazgo refleja una transformaci\u00f3n en la percepci\u00f3n del consumidor: hoy, la decisi\u00f3n de compra combina raz\u00f3n y emoci\u00f3n.","og_url":"https:\/\/garageblogec.com\/?p=2196","og_site_name":"Garage Blog Ecuador","article_published_time":"2025-06-13T17:09:39+00:00","article_modified_time":"2025-06-13T17:09:46+00:00","og_image":[{"width":1000,"height":486,"url":"https:\/\/garageblogec.com\/wp-content\/uploads\/2025\/06\/WhatsApp-Image-2025-06-13-at-11.28.48-AM.jpeg","type":"image\/jpeg"}],"author":"gabi1212","twitter_card":"summary_large_image","twitter_misc":{"Escrito por":"gabi1212","Tiempo de lectura":"4 minutos"},"schema":{"@context":"https:\/\/schema.org","@graph":[{"@type":"Article","@id":"https:\/\/garageblogec.com\/?p=2196#article","isPartOf":{"@id":"https:\/\/garageblogec.com\/?p=2196"},"author":{"name":"gabi1212","@id":"https:\/\/garageblogec.com\/#\/schema\/person\/635f4b76c0cb3e43b82fe6f7d8bcceea"},"headline":"GAC Motor apuesta por Ecuador con una propuesta que combina tecnolog\u00eda, emoci\u00f3n y confianza","datePublished":"2025-06-13T17:09:39+00:00","dateModified":"2025-06-13T17:09:46+00:00","mainEntityOfPage":{"@id":"https:\/\/garageblogec.com\/?p=2196"},"wordCount":616,"commentCount":0,"publisher":{"@id":"https:\/\/garageblogec.com\/#organization"},"image":{"@id":"https:\/\/garageblogec.com\/?p=2196#primaryimage"},"thumbnailUrl":"https:\/\/garageblogec.com\/wp-content\/uploads\/2025\/06\/WhatsApp-Image-2025-06-13-at-11.28.48-AM.jpeg","articleSection":["Industria Nacional"],"inLanguage":"es","potentialAction":[{"@type":"CommentAction","name":"Comment","target":["https:\/\/garageblogec.com\/?p=2196#respond"]}]},{"@type":"WebPage","@id":"https:\/\/garageblogec.com\/?p=2196","url":"https:\/\/garageblogec.com\/?p=2196","name":"GAC Motor apuesta por Ecuador con una propuesta que combina tecnolog\u00eda, emoci\u00f3n y confianza - Garage Blog Ecuador","isPartOf":{"@id":"https:\/\/garageblogec.com\/#website"},"primaryImageOfPage":{"@id":"https:\/\/garageblogec.com\/?p=2196#primaryimage"},"image":{"@id":"https:\/\/garageblogec.com\/?p=2196#primaryimage"},"thumbnailUrl":"https:\/\/garageblogec.com\/wp-content\/uploads\/2025\/06\/WhatsApp-Image-2025-06-13-at-11.28.48-AM.jpeg","datePublished":"2025-06-13T17:09:39+00:00","dateModified":"2025-06-13T17:09:46+00:00","breadcrumb":{"@id":"https:\/\/garageblogec.com\/?p=2196#breadcrumb"},"inLanguage":"es","potentialAction":[{"@type":"ReadAction","target":["https:\/\/garageblogec.com\/?p=2196"]}]},{"@type":"ImageObject","inLanguage":"es","@id":"https:\/\/garageblogec.com\/?p=2196#primaryimage","url":"https:\/\/garageblogec.com\/wp-content\/uploads\/2025\/06\/WhatsApp-Image-2025-06-13-at-11.28.48-AM.jpeg","contentUrl":"https:\/\/garageblogec.com\/wp-content\/uploads\/2025\/06\/WhatsApp-Image-2025-06-13-at-11.28.48-AM.jpeg","width":1000,"height":486},{"@type":"BreadcrumbList","@id":"https:\/\/garageblogec.com\/?p=2196#breadcrumb","itemListElement":[{"@type":"ListItem","position":1,"name":"Portada","item":"https:\/\/garageblogec.com\/"},{"@type":"ListItem","position":2,"name":"GAC Motor apuesta por Ecuador con una propuesta que combina tecnolog\u00eda, emoci\u00f3n y confianza"}]},{"@type":"WebSite","@id":"https:\/\/garageblogec.com\/#website","url":"https:\/\/garageblogec.com\/","name":"Garage Blog Ecuador","description":"Alucinamos por los autos ","publisher":{"@id":"https:\/\/garageblogec.com\/#organization"},"potentialAction":[{"@type":"SearchAction","target":{"@type":"EntryPoint","urlTemplate":"https:\/\/garageblogec.com\/?s={search_term_string}"},"query-input":{"@type":"PropertyValueSpecification","valueRequired":true,"valueName":"search_term_string"}}],"inLanguage":"es"},{"@type":"Organization","@id":"https:\/\/garageblogec.com\/#organization","name":"Garage Blog Ecuador","url":"https:\/\/garageblogec.com\/","logo":{"@type":"ImageObject","inLanguage":"es","@id":"https:\/\/garageblogec.com\/#\/schema\/logo\/image\/","url":"https:\/\/garageblogec.com\/wp-content\/uploads\/2024\/02\/cropped-logo-png-para-blog.webp","contentUrl":"https:\/\/garageblogec.com\/wp-content\/uploads\/2024\/02\/cropped-logo-png-para-blog.webp","width":840,"height":556,"caption":"Garage Blog Ecuador "},"image":{"@id":"https:\/\/garageblogec.com\/#\/schema\/logo\/image\/"}},{"@type":"Person","@id":"https:\/\/garageblogec.com\/#\/schema\/person\/635f4b76c0cb3e43b82fe6f7d8bcceea","name":"gabi1212","image":{"@type":"ImageObject","inLanguage":"es","@id":"https:\/\/secure.gravatar.com\/avatar\/6aa491f45cb359d4d6dd8c430e83f78899c80569c27d21156e19bbdcd31d1811?s=96&d=mm&r=g","url":"https:\/\/secure.gravatar.com\/avatar\/6aa491f45cb359d4d6dd8c430e83f78899c80569c27d21156e19bbdcd31d1811?s=96&d=mm&r=g","contentUrl":"https:\/\/secure.gravatar.com\/avatar\/6aa491f45cb359d4d6dd8c430e83f78899c80569c27d21156e19bbdcd31d1811?s=96&d=mm&r=g","caption":"gabi1212"},"url":"https:\/\/garageblogec.com\/?author=6"}]}},"jetpack_featured_media_url":"https:\/\/garageblogec.com\/wp-content\/uploads\/2025\/06\/WhatsApp-Image-2025-06-13-at-11.28.48-AM.jpeg","jetpack_sharing_enabled":true,"_links":{"self":[{"href":"https:\/\/garageblogec.com\/index.php?rest_route=\/wp\/v2\/posts\/2196","targetHints":{"allow":["GET"]}}],"collection":[{"href":"https:\/\/garageblogec.com\/index.php?rest_route=\/wp\/v2\/posts"}],"about":[{"href":"https:\/\/garageblogec.com\/index.php?rest_route=\/wp\/v2\/types\/post"}],"author":[{"embeddable":true,"href":"https:\/\/garageblogec.com\/index.php?rest_route=\/wp\/v2\/users\/6"}],"replies":[{"embeddable":true,"href":"https:\/\/garageblogec.com\/index.php?rest_route=%2Fwp%2Fv2%2Fcomments&post=2196"}],"version-history":[{"count":1,"href":"https:\/\/garageblogec.com\/index.php?rest_route=\/wp\/v2\/posts\/2196\/revisions"}],"predecessor-version":[{"id":2198,"href":"https:\/\/garageblogec.com\/index.php?rest_route=\/wp\/v2\/posts\/2196\/revisions\/2198"}],"wp:featuredmedia":[{"embeddable":true,"href":"https:\/\/garageblogec.com\/index.php?rest_route=\/wp\/v2\/media\/2197"}],"wp:attachment":[{"href":"https:\/\/garageblogec.com\/index.php?rest_route=%2Fwp%2Fv2%2Fmedia&parent=2196"}],"wp:term":[{"taxonomy":"category","embeddable":true,"href":"https:\/\/garageblogec.com\/index.php?rest_route=%2Fwp%2Fv2%2Fcategories&post=2196"},{"taxonomy":"post_tag","embeddable":true,"href":"https:\/\/garageblogec.com\/index.php?rest_route=%2Fwp%2Fv2%2Ftags&post=2196"}],"curies":[{"name":"wp","href":"https:\/\/api.w.org\/{rel}","templated":true}]}}