{"id":2188,"date":"2025-06-12T22:31:58","date_gmt":"2025-06-12T22:31:58","guid":{"rendered":"https:\/\/garageblogec.com\/?p=2188"},"modified":"2025-06-12T22:32:08","modified_gmt":"2025-06-12T22:32:08","slug":"mitos-y-verdades-sobre-los-autos-electricos-lo-que-debes-saber-en-medio-del-cambio-que-vive-la-movilidad-en-ecuador","status":"publish","type":"post","link":"https:\/\/garageblogec.com\/?p=2188","title":{"rendered":"Mitos y verdades sobre los autos el\u00e9ctricos: lo que debes saber en medio del cambio que vive la movilidad en Ecuador"},"content":{"rendered":"\n<p>Ver un auto el\u00e9ctrico en las calles del pa\u00eds todav\u00eda es poco habitual. En 2020, el n\u00famero de autos el\u00e9ctricos en Ecuador se contaba por centenas. Para 2023, las ventas superaron las 3.600 unidades. Si esta tendencia contin\u00faa \u2014o incluso se acelera\u2014, el pa\u00eds podr\u00eda superar las 180.000 unidades en apenas una d\u00e9cada, seg\u00fan estimaciones de la Organizaci\u00f3n Latinoamericana de Energ\u00eda (OLADE),<\/p>\n\n\n\n<figure class=\"wp-block-image size-large\"><img fetchpriority=\"high\" decoding=\"async\" width=\"1024\" height=\"341\" src=\"https:\/\/garageblogec.com\/wp-content\/uploads\/2025\/06\/WhatsApp-Image-2025-06-12-at-5.10.34-PM-1024x341.jpeg\" alt=\"\" class=\"wp-image-2189\" srcset=\"https:\/\/garageblogec.com\/wp-content\/uploads\/2025\/06\/WhatsApp-Image-2025-06-12-at-5.10.34-PM-1024x341.jpeg 1024w, https:\/\/garageblogec.com\/wp-content\/uploads\/2025\/06\/WhatsApp-Image-2025-06-12-at-5.10.34-PM-300x100.jpeg 300w, https:\/\/garageblogec.com\/wp-content\/uploads\/2025\/06\/WhatsApp-Image-2025-06-12-at-5.10.34-PM-768x256.jpeg 768w, https:\/\/garageblogec.com\/wp-content\/uploads\/2025\/06\/WhatsApp-Image-2025-06-12-at-5.10.34-PM-1536x512.jpeg 1536w, https:\/\/garageblogec.com\/wp-content\/uploads\/2025\/06\/WhatsApp-Image-2025-06-12-at-5.10.34-PM-1320x440.jpeg 1320w, https:\/\/garageblogec.com\/wp-content\/uploads\/2025\/06\/WhatsApp-Image-2025-06-12-at-5.10.34-PM.jpeg 1600w\" sizes=\"(max-width: 1024px) 100vw, 1024px\" \/><\/figure>\n\n\n\n<p>Esto quiere decir que, para 2035, podr\u00edan estar rodando 50 veces m\u00e1s veh\u00edculos el\u00e9ctricos en el territorio nacional, marcando un giro en el sistema de transporte, el consumo energ\u00e9tico y el modelo comercial del sector automotor.<\/p>\n\n\n\n<p>A pesar de este avance, muchos potenciales usuarios siguen teniendo dudas. \u00bfLa bater\u00eda se da\u00f1a si llueve? \u00bfLa autonom\u00eda alcanza para el d\u00eda a d\u00eda? \u00bfRealmente son una opci\u00f3n m\u00e1s ecol\u00f3gica? Frente a estas inquietudes, expertos de Corporaci\u00f3n Proauto, como parte de la red de concesionarios Chevrolet, aclaran algunos de los mitos m\u00e1s frecuentes:<\/p>\n\n\n\n<figure class=\"wp-block-image size-large\"><a href=\"https:\/\/www.kia.com\/ec\/showroom\/sportage-nq5\/features.html\"><img decoding=\"async\" width=\"1024\" height=\"285\" src=\"https:\/\/garageblogec.com\/wp-content\/uploads\/2025\/06\/GARAGEBLOG-1080X300-1024x285.png\" alt=\"\" class=\"wp-image-2177\" srcset=\"https:\/\/garageblogec.com\/wp-content\/uploads\/2025\/06\/GARAGEBLOG-1080X300-1024x285.png 1024w, https:\/\/garageblogec.com\/wp-content\/uploads\/2025\/06\/GARAGEBLOG-1080X300-300x84.png 300w, https:\/\/garageblogec.com\/wp-content\/uploads\/2025\/06\/GARAGEBLOG-1080X300-768x214.png 768w, https:\/\/garageblogec.com\/wp-content\/uploads\/2025\/06\/GARAGEBLOG-1080X300.png 1081w\" sizes=\"(max-width: 1024px) 100vw, 1024px\" \/><\/a><\/figure>\n\n\n\n<p><strong>1. Mito: La bater\u00eda no dura lo suficiente<\/strong><\/p>\n\n\n\n<p><strong>Verdad<\/strong>: Los autos el\u00e9ctricos actuales ofrecen autonom\u00edas superiores a los 300 kil\u00f3metros por carga, m\u00e1s que suficientes para cubrir trayectos diarios urbanos y desplazamientos interprovinciales cortos. Adem\u00e1s, el desarrollo de infraestructura de carga r\u00e1pida permite recargar en tiempos cada vez m\u00e1s reducidos.<\/p>\n\n\n\n<p><strong>2. Mito: No son realmente ecol\u00f3gicos<\/strong><\/p>\n\n\n\n<p><strong>Verdad<\/strong>: Aunque la fabricaci\u00f3n de estos veh\u00edculos implica emisiones, durante su uso no generan CO\u2082. Esto reduce de forma significativa su impacto ambiental frente a los modelos a combusti\u00f3n. Adem\u00e1s, cada vez m\u00e1s fabricantes incorporan materiales reciclables y energ\u00edas renovables en sus procesos.<\/p>\n\n\n\n<p><strong>3. Mito: Si llueve y se moja la bater\u00eda, puede haber un accidente<\/strong><\/p>\n\n\n\n<p><strong>Verdad<\/strong>: Los autos el\u00e9ctricos est\u00e1n dise\u00f1ados bajo estrictos est\u00e1ndares de seguridad. Las bater\u00edas est\u00e1n completamente selladas y protegidas contra el ingreso de agua, lo que permite su funcionamiento seguro incluso en condiciones clim\u00e1ticas adversas.<\/p>\n\n\n\n<p>\u201cEstamos en un punto de inflexi\u00f3n. La movilidad el\u00e9ctrica ya no es una tendencia del futuro, es una realidad que crece en Ecuador y en el mundo. Nuestro rol como concesionarios es informar con claridad, disipar dudas y facilitar el acceso a tecnolog\u00edas que aportan a un entorno m\u00e1s limpio y eficiente\u201d, se\u00f1ala Juanita Vel\u00e1squez, Directora Comercial de Proauto.<\/p>\n\n\n\n<p>Con una adopci\u00f3n cada vez m\u00e1s acelerada y un inter\u00e9s creciente por alternativas sostenibles, el pa\u00eds se prepara para una transformaci\u00f3n profunda en la forma de moverse. Desmitificar los autos el\u00e9ctricos es el primer paso para avanzar hacia una movilidad m\u00e1s responsable.<\/p>\n\n\n<div class='pt-cv-wrapper'> <h3 class='pt-cv-heading-container heading1' data-blockid='kszd8kr5'><span class='pt-cv-heading'> Overlay1 <\/span><\/h3><div class=\"pt-cv-view pt-cv-overlaygrid iscvblock iscvreal overlay1 layout1\" id=\"pt-cv-view-kszd8kr5\"><div data-id=\"pt-cv-page-1\" class=\"pt-cv-page\" data-cvc=\"3\"><div class=\" pt-cv-content-item pt-cv-1-col\" ><div class=\"pt-cv-thumb-wrapper  \"><a href=\"https:\/\/garageblogec.com\/?p=3303\" class=\"_self pt-cv-href-thumbnail pt-cv-thumb-default\" target=\"_self\" ><img decoding=\"async\" width=\"768\" height=\"432\" src=\"https:\/\/garageblogec.com\/wp-content\/uploads\/2026\/04\/WhatsApp-Image-2026-04-21-at-1.52.53-PM-768x432.jpeg\" class=\"pt-cv-thumbnail\" alt=\"\" \/><\/a><\/div>\n<div class=\"pt-cv-overlay-wrapper\"><div class=\"pt-cv-taxoterm above_title\"><a href='https:\/\/garageblogec.com\/?cat=27' title='Industria Nacional' class='pt-cv-tax-industria-nacional'>Industria Nacional<\/a><\/div><h4 class=\"pt-cv-title\"><a href=\"https:\/\/garageblogec.com\/?p=3303\" class=\"_self\" target=\"_self\" >Grupo Ambacar presenta en Guayaquil KGM, su nueva marca de SUV h\u00edbridos con respaldo global<\/a><\/h4><div class=\"pt-cv-meta-fields\"><span class=\"entry-date\"> <time datetime=\"2026-04-21T21:37:24+00:00\">abril 21, 2026<\/time><\/span><span> \/ <\/span><span class=\"author\"> <a href=\"https:\/\/garageblogec.com\/?author=6\" rel=\"author\">gabi1212<\/a><\/span><\/div><\/div><\/div>\n<div class=\" pt-cv-content-item pt-cv-1-col\" ><div class=\"pt-cv-thumb-wrapper  \"><a href=\"https:\/\/garageblogec.com\/?p=3296\" class=\"_self pt-cv-href-thumbnail pt-cv-thumb-default\" target=\"_self\" ><img loading=\"lazy\" decoding=\"async\" width=\"768\" height=\"432\" src=\"https:\/\/garageblogec.com\/wp-content\/uploads\/2026\/04\/WhatsApp-Image-2026-04-14-at-3.15.09-PM-768x432.jpeg\" class=\"pt-cv-thumbnail\" alt=\"\" \/><\/a><\/div>\n<div class=\"pt-cv-overlay-wrapper\"><div class=\"pt-cv-taxoterm above_title\"><a href='https:\/\/garageblogec.com\/?cat=27' title='Industria Nacional' class='pt-cv-tax-industria-nacional'>Industria Nacional<\/a><\/div><h4 class=\"pt-cv-title\"><a href=\"https:\/\/garageblogec.com\/?p=3296\" class=\"_self\" target=\"_self\" >El tablero desapareci\u00f3, ahora el auto es una pantalla inteligente<\/a><\/h4><div class=\"pt-cv-meta-fields\"><span class=\"entry-date\"> <time datetime=\"2026-04-14T20:21:20+00:00\">abril 14, 2026<\/time><\/span><span> \/ <\/span><span class=\"author\"> <a href=\"https:\/\/garageblogec.com\/?author=6\" rel=\"author\">gabi1212<\/a><\/span><\/div><\/div><\/div>\n<div class=\" pt-cv-content-item pt-cv-1-col\" ><div class=\"pt-cv-thumb-wrapper  \"><a href=\"https:\/\/garageblogec.com\/?p=3291\" class=\"_self pt-cv-href-thumbnail pt-cv-thumb-default\" target=\"_self\" ><img loading=\"lazy\" decoding=\"async\" width=\"768\" height=\"432\" src=\"https:\/\/garageblogec.com\/wp-content\/uploads\/2026\/04\/WhatsApp-Image-2026-04-14-at-2.21.27-PM-768x432.jpeg\" class=\"pt-cv-thumbnail\" alt=\"\" \/><\/a><\/div>\n<div class=\"pt-cv-overlay-wrapper\"><div class=\"pt-cv-taxoterm above_title\"><a href='https:\/\/garageblogec.com\/?cat=27' title='Industria Nacional' class='pt-cv-tax-industria-nacional'>Industria Nacional<\/a><\/div><h4 class=\"pt-cv-title\"><a href=\"https:\/\/garageblogec.com\/?p=3291\" class=\"_self\" target=\"_self\" >Seguridad al volante en Ecuador: los errores m\u00e1s comunes que cometen los conductores<\/a><\/h4><div class=\"pt-cv-meta-fields\"><span class=\"entry-date\"> <time datetime=\"2026-04-14T20:08:54+00:00\">abril 14, 2026<\/time><\/span><span> \/ <\/span><span class=\"author\"> <a href=\"https:\/\/garageblogec.com\/?author=6\" rel=\"author\">gabi1212<\/a><\/span><\/div><\/div><\/div>\n<div class=\" pt-cv-content-item pt-cv-1-col\" ><div class=\"pt-cv-thumb-wrapper  \"><a href=\"https:\/\/garageblogec.com\/?p=3286\" class=\"_self pt-cv-href-thumbnail pt-cv-thumb-default\" target=\"_self\" ><img loading=\"lazy\" decoding=\"async\" width=\"768\" height=\"492\" src=\"https:\/\/garageblogec.com\/wp-content\/uploads\/2026\/04\/Posventa.jpg-768x492.jpeg\" class=\"pt-cv-thumbnail\" alt=\"\" \/><\/a><\/div>\n<div class=\"pt-cv-overlay-wrapper\"><div class=\"pt-cv-taxoterm above_title\"><a href='https:\/\/garageblogec.com\/?cat=27' title='Industria Nacional' class='pt-cv-tax-industria-nacional'>Industria Nacional<\/a><\/div><h4 class=\"pt-cv-title\"><a href=\"https:\/\/garageblogec.com\/?p=3286\" class=\"_self\" target=\"_self\" >Clientes Nissan reciben cambios de aceite infinitos<\/a><\/h4><div class=\"pt-cv-meta-fields\"><span class=\"entry-date\"> <time datetime=\"2026-04-14T20:04:08+00:00\">abril 14, 2026<\/time><\/span><span> \/ <\/span><span class=\"author\"> <a href=\"https:\/\/garageblogec.com\/?author=6\" rel=\"author\">gabi1212<\/a><\/span><\/div><\/div><\/div>\n<div class=\" pt-cv-content-item pt-cv-1-col\" ><div class=\"pt-cv-thumb-wrapper  \"><a href=\"https:\/\/garageblogec.com\/?p=3280\" class=\"_self pt-cv-href-thumbnail pt-cv-thumb-default\" target=\"_self\" ><img loading=\"lazy\" decoding=\"async\" width=\"768\" height=\"512\" src=\"https:\/\/garageblogec.com\/wp-content\/uploads\/2026\/04\/foto1-768x512.jpeg\" class=\"pt-cv-thumbnail\" alt=\"\" \/><\/a><\/div>\n<div class=\"pt-cv-overlay-wrapper\"><div class=\"pt-cv-taxoterm above_title\"><a href='https:\/\/garageblogec.com\/?cat=27' title='Industria Nacional' class='pt-cv-tax-industria-nacional'>Industria Nacional<\/a><\/div><h4 class=\"pt-cv-title\"><a href=\"https:\/\/garageblogec.com\/?p=3280\" class=\"_self\" target=\"_self\" >Movilidad como inversi\u00f3n: el uso de utilidades que crece en Ecuador<\/a><\/h4><div class=\"pt-cv-meta-fields\"><span class=\"entry-date\"> <time datetime=\"2026-04-07T19:55:36+00:00\">abril 7, 2026<\/time><\/span><span> \/ <\/span><span class=\"author\"> <a href=\"https:\/\/garageblogec.com\/?author=6\" rel=\"author\">gabi1212<\/a><\/span><\/div><\/div><\/div>\n<div class=\" pt-cv-content-item pt-cv-1-col\" ><div class=\"pt-cv-thumb-wrapper  \"><a href=\"https:\/\/garageblogec.com\/?p=3276\" class=\"_self pt-cv-href-thumbnail pt-cv-thumb-default\" target=\"_self\" ><img loading=\"lazy\" decoding=\"async\" width=\"745\" height=\"491\" src=\"https:\/\/garageblogec.com\/wp-content\/uploads\/2026\/04\/TT.png\" class=\"pt-cv-thumbnail\" alt=\"\" \/><\/a><\/div>\n<div class=\"pt-cv-overlay-wrapper\"><div class=\"pt-cv-taxoterm above_title\"><a href='https:\/\/garageblogec.com\/?cat=27' title='Industria Nacional' class='pt-cv-tax-industria-nacional'>Industria Nacional<\/a><\/div><h4 class=\"pt-cv-title\"><a href=\"https:\/\/garageblogec.com\/?p=3276\" class=\"_self\" target=\"_self\" >Lluvias en Ecuador: C\u00f3mo reducir riesgos en carretera y prevenir accidentes en calzada mojada<\/a><\/h4><div class=\"pt-cv-meta-fields\"><span class=\"entry-date\"> <time datetime=\"2026-04-07T19:46:52+00:00\">abril 7, 2026<\/time><\/span><span> \/ <\/span><span class=\"author\"> <a href=\"https:\/\/garageblogec.com\/?author=6\" rel=\"author\">gabi1212<\/a><\/span><\/div><\/div><\/div><\/div><\/div> <\/div> <style>\n#pt-cv-view-kszd8kr5 .pt-cv-thumb-wrapper::before {background: rgba(0,0,0,.4); opacity: 0.8;}#pt-cv-view-kszd8kr5 .pt-cv-overlay-wrapper {justify-content: center;}\n#pt-cv-view-kszd8kr5 .pt-cv-meta-fields {  }#pt-cv-view-kszd8kr5 .pt-cv-meta-fields * { font-size: 13px; }#pt-cv-view-kszd8kr5 .pt-cv-title a { display: block; }#pt-cv-view-kszd8kr5 .pt-cv-title:not(.pt-cv-titlesm) a { font-weight: 600;text-decoration: none;font-size: 20px; }#pt-cv-view-kszd8kr5 .pt-cv-titlesm a { font-weight: 600;font-size: 18px; }#pt-cv-view-kszd8kr5 .pt-cv-content { font-size: 15px; }#pt-cv-view-kszd8kr5 .pt-cv-rmwrap {  }#pt-cv-view-kszd8kr5 .pt-cv-readmore { color: #fff;background-color: #0075ff;font-size: 14px; }#pt-cv-view-kszd8kr5 .pt-cv-taxoterm { margin: 0px 0px 20px 0px; }#pt-cv-view-kszd8kr5 .pt-cv-taxoterm * { color: #222;background-color: #fff6f6;font-size: 14px; }#pt-cv-view-kszd8kr5 + .pt-cv-pagination-wrapper {  }#pt-cv-view-kszd8kr5 + .pt-cv-pagination-wrapper a { font-size: 14px; }#pt-cv-view-kszd8kr5 > .pt-cv-page {grid-template-columns: repeat(3, 1fr);grid-auto-rows: 250px;grid-gap: 10px;}\n@media all and (max-width: 1024px) { \n#pt-cv-view-kszd8kr5 > .pt-cv-page {}\n} \n@media all and (max-width: 767px) { \n#pt-cv-view-kszd8kr5 > .pt-cv-page {grid-template-columns: repeat(1, 1fr);}\n} <\/style>","protected":false},"excerpt":{"rendered":"<p>El pa\u00eds proyecta un crecimiento de 50 veces en veh\u00edculos el\u00e9ctricos hacia 2035; Proauto responde a las dudas m\u00e1s comunes sobre su uso.<\/p>\n","protected":false},"author":6,"featured_media":2190,"comment_status":"open","ping_status":"open","sticky":false,"template":"","format":"standard","meta":{"_jetpack_memberships_contains_paid_content":false,"footnotes":""},"categories":[27],"tags":[],"class_list":["post-2188","post","type-post","status-publish","format-standard","has-post-thumbnail","hentry","category-industria-nacional"],"yoast_head":"<!-- This site is optimized with the Yoast SEO plugin v27.5 - https:\/\/yoast.com\/product\/yoast-seo-wordpress\/ -->\n<title>Mitos y verdades sobre los autos el\u00e9ctricos: lo que debes saber en medio del cambio que vive la movilidad en Ecuador - Garage Blog Ecuador<\/title>\n<meta name=\"robots\" content=\"index, follow, max-snippet:-1, max-image-preview:large, max-video-preview:-1\" \/>\n<link rel=\"canonical\" href=\"https:\/\/garageblogec.com\/?p=2188\" \/>\n<meta property=\"og:locale\" content=\"es_ES\" \/>\n<meta property=\"og:type\" content=\"article\" \/>\n<meta property=\"og:title\" content=\"Mitos y verdades sobre los autos el\u00e9ctricos: lo que debes saber en medio del cambio que vive la movilidad en Ecuador - Garage Blog Ecuador\" \/>\n<meta property=\"og:description\" content=\"El pa\u00eds proyecta un crecimiento de 50 veces en veh\u00edculos el\u00e9ctricos hacia 2035; Proauto responde a las dudas m\u00e1s comunes sobre su uso.\" \/>\n<meta property=\"og:url\" content=\"https:\/\/garageblogec.com\/?p=2188\" \/>\n<meta property=\"og:site_name\" content=\"Garage Blog Ecuador\" \/>\n<meta property=\"article:published_time\" content=\"2025-06-12T22:31:58+00:00\" \/>\n<meta property=\"article:modified_time\" content=\"2025-06-12T22:32:08+00:00\" \/>\n<meta property=\"og:image\" content=\"https:\/\/garageblogec.com\/wp-content\/uploads\/2025\/06\/WhatsApp-Image-2025-06-12-at-5.10.34-PM-1.jpeg\" \/>\n\t<meta property=\"og:image:width\" content=\"1600\" \/>\n\t<meta property=\"og:image:height\" content=\"533\" \/>\n\t<meta property=\"og:image:type\" content=\"image\/jpeg\" \/>\n<meta name=\"author\" content=\"gabi1212\" \/>\n<meta name=\"twitter:card\" content=\"summary_large_image\" \/>\n<meta name=\"twitter:label1\" content=\"Escrito por\" \/>\n\t<meta name=\"twitter:data1\" content=\"gabi1212\" \/>\n\t<meta name=\"twitter:label2\" content=\"Tiempo de lectura\" \/>\n\t<meta name=\"twitter:data2\" content=\"3 minutos\" \/>\n<script type=\"application\/ld+json\" class=\"yoast-schema-graph\">{\"@context\":\"https:\\\/\\\/schema.org\",\"@graph\":[{\"@type\":\"Article\",\"@id\":\"https:\\\/\\\/garageblogec.com\\\/?p=2188#article\",\"isPartOf\":{\"@id\":\"https:\\\/\\\/garageblogec.com\\\/?p=2188\"},\"author\":{\"name\":\"gabi1212\",\"@id\":\"https:\\\/\\\/garageblogec.com\\\/#\\\/schema\\\/person\\\/635f4b76c0cb3e43b82fe6f7d8bcceea\"},\"headline\":\"Mitos y verdades sobre los autos el\u00e9ctricos: lo que debes saber en medio del cambio que vive la movilidad en Ecuador\",\"datePublished\":\"2025-06-12T22:31:58+00:00\",\"dateModified\":\"2025-06-12T22:32:08+00:00\",\"mainEntityOfPage\":{\"@id\":\"https:\\\/\\\/garageblogec.com\\\/?p=2188\"},\"wordCount\":474,\"commentCount\":0,\"publisher\":{\"@id\":\"https:\\\/\\\/garageblogec.com\\\/#organization\"},\"image\":{\"@id\":\"https:\\\/\\\/garageblogec.com\\\/?p=2188#primaryimage\"},\"thumbnailUrl\":\"https:\\\/\\\/garageblogec.com\\\/wp-content\\\/uploads\\\/2025\\\/06\\\/WhatsApp-Image-2025-06-12-at-5.10.34-PM-1.jpeg\",\"articleSection\":[\"Industria Nacional\"],\"inLanguage\":\"es\",\"potentialAction\":[{\"@type\":\"CommentAction\",\"name\":\"Comment\",\"target\":[\"https:\\\/\\\/garageblogec.com\\\/?p=2188#respond\"]}]},{\"@type\":\"WebPage\",\"@id\":\"https:\\\/\\\/garageblogec.com\\\/?p=2188\",\"url\":\"https:\\\/\\\/garageblogec.com\\\/?p=2188\",\"name\":\"Mitos y verdades sobre los autos el\u00e9ctricos: lo que debes saber en medio del cambio que vive la movilidad en Ecuador - Garage Blog Ecuador\",\"isPartOf\":{\"@id\":\"https:\\\/\\\/garageblogec.com\\\/#website\"},\"primaryImageOfPage\":{\"@id\":\"https:\\\/\\\/garageblogec.com\\\/?p=2188#primaryimage\"},\"image\":{\"@id\":\"https:\\\/\\\/garageblogec.com\\\/?p=2188#primaryimage\"},\"thumbnailUrl\":\"https:\\\/\\\/garageblogec.com\\\/wp-content\\\/uploads\\\/2025\\\/06\\\/WhatsApp-Image-2025-06-12-at-5.10.34-PM-1.jpeg\",\"datePublished\":\"2025-06-12T22:31:58+00:00\",\"dateModified\":\"2025-06-12T22:32:08+00:00\",\"breadcrumb\":{\"@id\":\"https:\\\/\\\/garageblogec.com\\\/?p=2188#breadcrumb\"},\"inLanguage\":\"es\",\"potentialAction\":[{\"@type\":\"ReadAction\",\"target\":[\"https:\\\/\\\/garageblogec.com\\\/?p=2188\"]}]},{\"@type\":\"ImageObject\",\"inLanguage\":\"es\",\"@id\":\"https:\\\/\\\/garageblogec.com\\\/?p=2188#primaryimage\",\"url\":\"https:\\\/\\\/garageblogec.com\\\/wp-content\\\/uploads\\\/2025\\\/06\\\/WhatsApp-Image-2025-06-12-at-5.10.34-PM-1.jpeg\",\"contentUrl\":\"https:\\\/\\\/garageblogec.com\\\/wp-content\\\/uploads\\\/2025\\\/06\\\/WhatsApp-Image-2025-06-12-at-5.10.34-PM-1.jpeg\",\"width\":1600,\"height\":533},{\"@type\":\"BreadcrumbList\",\"@id\":\"https:\\\/\\\/garageblogec.com\\\/?p=2188#breadcrumb\",\"itemListElement\":[{\"@type\":\"ListItem\",\"position\":1,\"name\":\"Portada\",\"item\":\"https:\\\/\\\/garageblogec.com\\\/\"},{\"@type\":\"ListItem\",\"position\":2,\"name\":\"Mitos y verdades sobre los autos el\u00e9ctricos: lo que debes saber en medio del cambio que vive la movilidad en Ecuador\"}]},{\"@type\":\"WebSite\",\"@id\":\"https:\\\/\\\/garageblogec.com\\\/#website\",\"url\":\"https:\\\/\\\/garageblogec.com\\\/\",\"name\":\"Garage Blog Ecuador\",\"description\":\"Alucinamos por los autos \",\"publisher\":{\"@id\":\"https:\\\/\\\/garageblogec.com\\\/#organization\"},\"potentialAction\":[{\"@type\":\"SearchAction\",\"target\":{\"@type\":\"EntryPoint\",\"urlTemplate\":\"https:\\\/\\\/garageblogec.com\\\/?s={search_term_string}\"},\"query-input\":{\"@type\":\"PropertyValueSpecification\",\"valueRequired\":true,\"valueName\":\"search_term_string\"}}],\"inLanguage\":\"es\"},{\"@type\":\"Organization\",\"@id\":\"https:\\\/\\\/garageblogec.com\\\/#organization\",\"name\":\"Garage Blog Ecuador\",\"url\":\"https:\\\/\\\/garageblogec.com\\\/\",\"logo\":{\"@type\":\"ImageObject\",\"inLanguage\":\"es\",\"@id\":\"https:\\\/\\\/garageblogec.com\\\/#\\\/schema\\\/logo\\\/image\\\/\",\"url\":\"https:\\\/\\\/garageblogec.com\\\/wp-content\\\/uploads\\\/2024\\\/02\\\/cropped-logo-png-para-blog.webp\",\"contentUrl\":\"https:\\\/\\\/garageblogec.com\\\/wp-content\\\/uploads\\\/2024\\\/02\\\/cropped-logo-png-para-blog.webp\",\"width\":840,\"height\":556,\"caption\":\"Garage Blog Ecuador \"},\"image\":{\"@id\":\"https:\\\/\\\/garageblogec.com\\\/#\\\/schema\\\/logo\\\/image\\\/\"}},{\"@type\":\"Person\",\"@id\":\"https:\\\/\\\/garageblogec.com\\\/#\\\/schema\\\/person\\\/635f4b76c0cb3e43b82fe6f7d8bcceea\",\"name\":\"gabi1212\",\"image\":{\"@type\":\"ImageObject\",\"inLanguage\":\"es\",\"@id\":\"https:\\\/\\\/secure.gravatar.com\\\/avatar\\\/6aa491f45cb359d4d6dd8c430e83f78899c80569c27d21156e19bbdcd31d1811?s=96&d=mm&r=g\",\"url\":\"https:\\\/\\\/secure.gravatar.com\\\/avatar\\\/6aa491f45cb359d4d6dd8c430e83f78899c80569c27d21156e19bbdcd31d1811?s=96&d=mm&r=g\",\"contentUrl\":\"https:\\\/\\\/secure.gravatar.com\\\/avatar\\\/6aa491f45cb359d4d6dd8c430e83f78899c80569c27d21156e19bbdcd31d1811?s=96&d=mm&r=g\",\"caption\":\"gabi1212\"},\"url\":\"https:\\\/\\\/garageblogec.com\\\/?author=6\"}]}<\/script>\n<!-- \/ Yoast SEO plugin. -->","yoast_head_json":{"title":"Mitos y verdades sobre los autos el\u00e9ctricos: lo que debes saber en medio del cambio que vive la movilidad en Ecuador - Garage Blog Ecuador","robots":{"index":"index","follow":"follow","max-snippet":"max-snippet:-1","max-image-preview":"max-image-preview:large","max-video-preview":"max-video-preview:-1"},"canonical":"https:\/\/garageblogec.com\/?p=2188","og_locale":"es_ES","og_type":"article","og_title":"Mitos y verdades sobre los autos el\u00e9ctricos: lo que debes saber en medio del cambio que vive la movilidad en Ecuador - Garage Blog Ecuador","og_description":"El pa\u00eds proyecta un crecimiento de 50 veces en veh\u00edculos el\u00e9ctricos hacia 2035; Proauto responde a las dudas m\u00e1s comunes sobre su uso.","og_url":"https:\/\/garageblogec.com\/?p=2188","og_site_name":"Garage Blog Ecuador","article_published_time":"2025-06-12T22:31:58+00:00","article_modified_time":"2025-06-12T22:32:08+00:00","og_image":[{"width":1600,"height":533,"url":"https:\/\/garageblogec.com\/wp-content\/uploads\/2025\/06\/WhatsApp-Image-2025-06-12-at-5.10.34-PM-1.jpeg","type":"image\/jpeg"}],"author":"gabi1212","twitter_card":"summary_large_image","twitter_misc":{"Escrito por":"gabi1212","Tiempo de lectura":"3 minutos"},"schema":{"@context":"https:\/\/schema.org","@graph":[{"@type":"Article","@id":"https:\/\/garageblogec.com\/?p=2188#article","isPartOf":{"@id":"https:\/\/garageblogec.com\/?p=2188"},"author":{"name":"gabi1212","@id":"https:\/\/garageblogec.com\/#\/schema\/person\/635f4b76c0cb3e43b82fe6f7d8bcceea"},"headline":"Mitos y verdades sobre los autos el\u00e9ctricos: lo que debes saber en medio del cambio que vive la movilidad en Ecuador","datePublished":"2025-06-12T22:31:58+00:00","dateModified":"2025-06-12T22:32:08+00:00","mainEntityOfPage":{"@id":"https:\/\/garageblogec.com\/?p=2188"},"wordCount":474,"commentCount":0,"publisher":{"@id":"https:\/\/garageblogec.com\/#organization"},"image":{"@id":"https:\/\/garageblogec.com\/?p=2188#primaryimage"},"thumbnailUrl":"https:\/\/garageblogec.com\/wp-content\/uploads\/2025\/06\/WhatsApp-Image-2025-06-12-at-5.10.34-PM-1.jpeg","articleSection":["Industria Nacional"],"inLanguage":"es","potentialAction":[{"@type":"CommentAction","name":"Comment","target":["https:\/\/garageblogec.com\/?p=2188#respond"]}]},{"@type":"WebPage","@id":"https:\/\/garageblogec.com\/?p=2188","url":"https:\/\/garageblogec.com\/?p=2188","name":"Mitos y verdades sobre los autos el\u00e9ctricos: lo que debes saber en medio del cambio que vive la movilidad en Ecuador - Garage Blog Ecuador","isPartOf":{"@id":"https:\/\/garageblogec.com\/#website"},"primaryImageOfPage":{"@id":"https:\/\/garageblogec.com\/?p=2188#primaryimage"},"image":{"@id":"https:\/\/garageblogec.com\/?p=2188#primaryimage"},"thumbnailUrl":"https:\/\/garageblogec.com\/wp-content\/uploads\/2025\/06\/WhatsApp-Image-2025-06-12-at-5.10.34-PM-1.jpeg","datePublished":"2025-06-12T22:31:58+00:00","dateModified":"2025-06-12T22:32:08+00:00","breadcrumb":{"@id":"https:\/\/garageblogec.com\/?p=2188#breadcrumb"},"inLanguage":"es","potentialAction":[{"@type":"ReadAction","target":["https:\/\/garageblogec.com\/?p=2188"]}]},{"@type":"ImageObject","inLanguage":"es","@id":"https:\/\/garageblogec.com\/?p=2188#primaryimage","url":"https:\/\/garageblogec.com\/wp-content\/uploads\/2025\/06\/WhatsApp-Image-2025-06-12-at-5.10.34-PM-1.jpeg","contentUrl":"https:\/\/garageblogec.com\/wp-content\/uploads\/2025\/06\/WhatsApp-Image-2025-06-12-at-5.10.34-PM-1.jpeg","width":1600,"height":533},{"@type":"BreadcrumbList","@id":"https:\/\/garageblogec.com\/?p=2188#breadcrumb","itemListElement":[{"@type":"ListItem","position":1,"name":"Portada","item":"https:\/\/garageblogec.com\/"},{"@type":"ListItem","position":2,"name":"Mitos y verdades sobre los autos el\u00e9ctricos: lo que debes saber en medio del cambio que vive la movilidad en Ecuador"}]},{"@type":"WebSite","@id":"https:\/\/garageblogec.com\/#website","url":"https:\/\/garageblogec.com\/","name":"Garage Blog Ecuador","description":"Alucinamos por los autos ","publisher":{"@id":"https:\/\/garageblogec.com\/#organization"},"potentialAction":[{"@type":"SearchAction","target":{"@type":"EntryPoint","urlTemplate":"https:\/\/garageblogec.com\/?s={search_term_string}"},"query-input":{"@type":"PropertyValueSpecification","valueRequired":true,"valueName":"search_term_string"}}],"inLanguage":"es"},{"@type":"Organization","@id":"https:\/\/garageblogec.com\/#organization","name":"Garage Blog Ecuador","url":"https:\/\/garageblogec.com\/","logo":{"@type":"ImageObject","inLanguage":"es","@id":"https:\/\/garageblogec.com\/#\/schema\/logo\/image\/","url":"https:\/\/garageblogec.com\/wp-content\/uploads\/2024\/02\/cropped-logo-png-para-blog.webp","contentUrl":"https:\/\/garageblogec.com\/wp-content\/uploads\/2024\/02\/cropped-logo-png-para-blog.webp","width":840,"height":556,"caption":"Garage Blog Ecuador "},"image":{"@id":"https:\/\/garageblogec.com\/#\/schema\/logo\/image\/"}},{"@type":"Person","@id":"https:\/\/garageblogec.com\/#\/schema\/person\/635f4b76c0cb3e43b82fe6f7d8bcceea","name":"gabi1212","image":{"@type":"ImageObject","inLanguage":"es","@id":"https:\/\/secure.gravatar.com\/avatar\/6aa491f45cb359d4d6dd8c430e83f78899c80569c27d21156e19bbdcd31d1811?s=96&d=mm&r=g","url":"https:\/\/secure.gravatar.com\/avatar\/6aa491f45cb359d4d6dd8c430e83f78899c80569c27d21156e19bbdcd31d1811?s=96&d=mm&r=g","contentUrl":"https:\/\/secure.gravatar.com\/avatar\/6aa491f45cb359d4d6dd8c430e83f78899c80569c27d21156e19bbdcd31d1811?s=96&d=mm&r=g","caption":"gabi1212"},"url":"https:\/\/garageblogec.com\/?author=6"}]}},"jetpack_featured_media_url":"https:\/\/garageblogec.com\/wp-content\/uploads\/2025\/06\/WhatsApp-Image-2025-06-12-at-5.10.34-PM-1.jpeg","jetpack_sharing_enabled":true,"_links":{"self":[{"href":"https:\/\/garageblogec.com\/index.php?rest_route=\/wp\/v2\/posts\/2188","targetHints":{"allow":["GET"]}}],"collection":[{"href":"https:\/\/garageblogec.com\/index.php?rest_route=\/wp\/v2\/posts"}],"about":[{"href":"https:\/\/garageblogec.com\/index.php?rest_route=\/wp\/v2\/types\/post"}],"author":[{"embeddable":true,"href":"https:\/\/garageblogec.com\/index.php?rest_route=\/wp\/v2\/users\/6"}],"replies":[{"embeddable":true,"href":"https:\/\/garageblogec.com\/index.php?rest_route=%2Fwp%2Fv2%2Fcomments&post=2188"}],"version-history":[{"count":1,"href":"https:\/\/garageblogec.com\/index.php?rest_route=\/wp\/v2\/posts\/2188\/revisions"}],"predecessor-version":[{"id":2191,"href":"https:\/\/garageblogec.com\/index.php?rest_route=\/wp\/v2\/posts\/2188\/revisions\/2191"}],"wp:featuredmedia":[{"embeddable":true,"href":"https:\/\/garageblogec.com\/index.php?rest_route=\/wp\/v2\/media\/2190"}],"wp:attachment":[{"href":"https:\/\/garageblogec.com\/index.php?rest_route=%2Fwp%2Fv2%2Fmedia&parent=2188"}],"wp:term":[{"taxonomy":"category","embeddable":true,"href":"https:\/\/garageblogec.com\/index.php?rest_route=%2Fwp%2Fv2%2Fcategories&post=2188"},{"taxonomy":"post_tag","embeddable":true,"href":"https:\/\/garageblogec.com\/index.php?rest_route=%2Fwp%2Fv2%2Ftags&post=2188"}],"curies":[{"name":"wp","href":"https:\/\/api.w.org\/{rel}","templated":true}]}}