{"id":2184,"date":"2025-06-12T15:40:11","date_gmt":"2025-06-12T15:40:11","guid":{"rendered":"https:\/\/garageblogec.com\/?p=2184"},"modified":"2025-06-12T15:40:21","modified_gmt":"2025-06-12T15:40:21","slug":"asegurar-un-vehiculo-en-ecuador-una-decision-inteligente-en-un-contexto-regional-desafiante","status":"publish","type":"post","link":"https:\/\/garageblogec.com\/?p=2184","title":{"rendered":"ASEGURAR UN VEH\u00cdCULO EN ECUADOR: UNA DECISI\u00d3N INTELIGENTE EN UN CONTEXTO REGIONAL DESAFIANTE"},"content":{"rendered":"\n<p>La seguridad vial y la protecci\u00f3n vehicular se han convertido en temas prioritarios no solo en Ecuador, sino en buena parte de Am\u00e9rica Latina. En muchas ciudades de la regi\u00f3n, la movilidad cotidiana enfrenta nuevos desaf\u00edos: desde el aumento de robos y accidentes hasta la falta de infraestructura suficiente para garantizar traslados seguros. Frente a este panorama, asegurar un veh\u00edculo ya no es una medida opcional, sino una herramienta clave para enfrentar la incertidumbre de las calles con mayor tranquilidad y respaldo.<\/p>\n\n\n\n<figure class=\"wp-block-image size-full\"><img fetchpriority=\"high\" decoding=\"async\" width=\"887\" height=\"592\" src=\"https:\/\/garageblogec.com\/wp-content\/uploads\/2025\/06\/Imagen1.jpg\" alt=\"\" class=\"wp-image-2185\" srcset=\"https:\/\/garageblogec.com\/wp-content\/uploads\/2025\/06\/Imagen1.jpg 887w, https:\/\/garageblogec.com\/wp-content\/uploads\/2025\/06\/Imagen1-300x200.jpg 300w, https:\/\/garageblogec.com\/wp-content\/uploads\/2025\/06\/Imagen1-768x513.jpg 768w\" sizes=\"(max-width: 887px) 100vw, 887px\" \/><\/figure>\n\n\n\n<p>En Ecuador, esta tendencia se ha hecho cada vez m\u00e1s evidente. Durante 2024, la Federaci\u00f3n Ecuatoriana de Empresas de Seguros (Fedeseg) registr\u00f3 una prima neta emitida de USD 2.231,1 millones, lo que representa un crecimiento del 1,30 % respecto al a\u00f1o anterior. Esta cifra refleja no solo un mayor inter\u00e9s por parte de los conductores, sino tambi\u00e9n una respuesta del mercado asegurador y de empresas especializadas en soluciones de seguridad vehicular, como Ituran, que han fortalecido su presencia con servicios que complementan la protecci\u00f3n tradicional.<\/p>\n\n\n\n<figure class=\"wp-block-image size-large\"><a href=\"https:\/\/www.kia.com\/ec\/showroom\/sportage-nq5\/features.html\"><img decoding=\"async\" width=\"1024\" height=\"285\" src=\"https:\/\/garageblogec.com\/wp-content\/uploads\/2025\/06\/GARAGEBLOG-1080X300-1024x285.png\" alt=\"\" class=\"wp-image-2177\" srcset=\"https:\/\/garageblogec.com\/wp-content\/uploads\/2025\/06\/GARAGEBLOG-1080X300-1024x285.png 1024w, https:\/\/garageblogec.com\/wp-content\/uploads\/2025\/06\/GARAGEBLOG-1080X300-300x84.png 300w, https:\/\/garageblogec.com\/wp-content\/uploads\/2025\/06\/GARAGEBLOG-1080X300-768x214.png 768w, https:\/\/garageblogec.com\/wp-content\/uploads\/2025\/06\/GARAGEBLOG-1080X300.png 1081w\" sizes=\"(max-width: 1024px) 100vw, 1024px\" \/><\/a><\/figure>\n\n\n\n<p>A pesar de este avance, el camino hacia una cobertura vehicular completa todav\u00eda est\u00e1 lejos de alcanzarse. Seg\u00fan datos de la C\u00e1mara de la Industria Automotriz Ecuatoriana (Cinae), hasta diciembre de 2024 circulaban aproximadamente 3 millones de veh\u00edculos en el pa\u00eds, de los cuales el 70% no contaba con ning\u00fan tipo de seguro. Esto significa que m\u00e1s de dos millones de conductores se enfrentan a situaciones como robos, accidentes o desperfectos sin ning\u00fan respaldo financiero ni acceso inmediato a asistencia.<\/p>\n\n\n\n<p>Este fen\u00f3meno no es exclusivo de Ecuador. En pa\u00edses como Per\u00fa, Colombia o M\u00e9xico, tambi\u00e9n persisten brechas significativas en el acceso a seguros y en la incorporaci\u00f3n de tecnolog\u00edas que fortalezcan la seguridad de los automovilistas. Factores como la inflaci\u00f3n, la informalidad del parque automotor y la percepci\u00f3n de que un seguro es un gasto y no una inversi\u00f3n siguen siendo barreras comunes en la regi\u00f3n.<\/p>\n\n\n\n<p>Frente a este contexto, empresas como Ituran han apostado por soluciones que combinan la tecnolog\u00eda con un enfoque preventivo. Su propuesta incluye servicios de rastreo, localizaci\u00f3n en tiempo real y recuperaci\u00f3n vehicular en menos de 60 minutos, telemetr\u00eda que previene riesgos, integraci\u00f3n con p\u00f3lizas sin deducible que integra asistencia legal y vial en caso de accidente.<\/p>\n\n\n<div class='pt-cv-wrapper'> <h3 class='pt-cv-heading-container heading1' data-blockid='vpu9pwav'><span class='pt-cv-heading'> Overlay1 <\/span><\/h3><div class=\"pt-cv-view pt-cv-overlaygrid iscvblock iscvreal overlay1 layout1\" id=\"pt-cv-view-vpu9pwav\"><div data-id=\"pt-cv-page-1\" class=\"pt-cv-page\" data-cvc=\"3\"><div class=\" pt-cv-content-item pt-cv-1-col\" ><div class=\"pt-cv-thumb-wrapper  \"><a href=\"https:\/\/garageblogec.com\/?p=3303\" class=\"_self pt-cv-href-thumbnail pt-cv-thumb-default\" target=\"_self\" ><img decoding=\"async\" width=\"768\" height=\"432\" src=\"https:\/\/garageblogec.com\/wp-content\/uploads\/2026\/04\/WhatsApp-Image-2026-04-21-at-1.52.53-PM-768x432.jpeg\" class=\"pt-cv-thumbnail\" alt=\"\" \/><\/a><\/div>\n<div class=\"pt-cv-overlay-wrapper\"><div class=\"pt-cv-taxoterm above_title\"><a href='https:\/\/garageblogec.com\/?cat=27' title='Industria Nacional' class='pt-cv-tax-industria-nacional'>Industria Nacional<\/a><\/div><h4 class=\"pt-cv-title\"><a href=\"https:\/\/garageblogec.com\/?p=3303\" class=\"_self\" target=\"_self\" >Grupo Ambacar presenta en Guayaquil KGM, su nueva marca de SUV h\u00edbridos con respaldo global<\/a><\/h4><div class=\"pt-cv-meta-fields\"><span class=\"entry-date\"> <time datetime=\"2026-04-21T21:37:24+00:00\">abril 21, 2026<\/time><\/span><span> \/ <\/span><span class=\"author\"> <a href=\"https:\/\/garageblogec.com\/?author=6\" rel=\"author\">gabi1212<\/a><\/span><\/div><\/div><\/div>\n<div class=\" pt-cv-content-item pt-cv-1-col\" ><div class=\"pt-cv-thumb-wrapper  \"><a href=\"https:\/\/garageblogec.com\/?p=3296\" class=\"_self pt-cv-href-thumbnail pt-cv-thumb-default\" target=\"_self\" ><img loading=\"lazy\" decoding=\"async\" width=\"768\" height=\"432\" src=\"https:\/\/garageblogec.com\/wp-content\/uploads\/2026\/04\/WhatsApp-Image-2026-04-14-at-3.15.09-PM-768x432.jpeg\" class=\"pt-cv-thumbnail\" alt=\"\" \/><\/a><\/div>\n<div class=\"pt-cv-overlay-wrapper\"><div class=\"pt-cv-taxoterm above_title\"><a href='https:\/\/garageblogec.com\/?cat=27' title='Industria Nacional' class='pt-cv-tax-industria-nacional'>Industria Nacional<\/a><\/div><h4 class=\"pt-cv-title\"><a href=\"https:\/\/garageblogec.com\/?p=3296\" class=\"_self\" target=\"_self\" >El tablero desapareci\u00f3, ahora el auto es una pantalla inteligente<\/a><\/h4><div class=\"pt-cv-meta-fields\"><span class=\"entry-date\"> <time datetime=\"2026-04-14T20:21:20+00:00\">abril 14, 2026<\/time><\/span><span> \/ <\/span><span class=\"author\"> <a href=\"https:\/\/garageblogec.com\/?author=6\" rel=\"author\">gabi1212<\/a><\/span><\/div><\/div><\/div>\n<div class=\" pt-cv-content-item pt-cv-1-col\" ><div class=\"pt-cv-thumb-wrapper  \"><a href=\"https:\/\/garageblogec.com\/?p=3291\" class=\"_self pt-cv-href-thumbnail pt-cv-thumb-default\" target=\"_self\" ><img loading=\"lazy\" decoding=\"async\" width=\"768\" height=\"432\" src=\"https:\/\/garageblogec.com\/wp-content\/uploads\/2026\/04\/WhatsApp-Image-2026-04-14-at-2.21.27-PM-768x432.jpeg\" class=\"pt-cv-thumbnail\" alt=\"\" \/><\/a><\/div>\n<div class=\"pt-cv-overlay-wrapper\"><div class=\"pt-cv-taxoterm above_title\"><a href='https:\/\/garageblogec.com\/?cat=27' title='Industria Nacional' class='pt-cv-tax-industria-nacional'>Industria Nacional<\/a><\/div><h4 class=\"pt-cv-title\"><a href=\"https:\/\/garageblogec.com\/?p=3291\" class=\"_self\" target=\"_self\" >Seguridad al volante en Ecuador: los errores m\u00e1s comunes que cometen los conductores<\/a><\/h4><div class=\"pt-cv-meta-fields\"><span class=\"entry-date\"> <time datetime=\"2026-04-14T20:08:54+00:00\">abril 14, 2026<\/time><\/span><span> \/ <\/span><span class=\"author\"> <a href=\"https:\/\/garageblogec.com\/?author=6\" rel=\"author\">gabi1212<\/a><\/span><\/div><\/div><\/div>\n<div class=\" pt-cv-content-item pt-cv-1-col\" ><div class=\"pt-cv-thumb-wrapper  \"><a href=\"https:\/\/garageblogec.com\/?p=3286\" class=\"_self pt-cv-href-thumbnail pt-cv-thumb-default\" target=\"_self\" ><img loading=\"lazy\" decoding=\"async\" width=\"768\" height=\"492\" src=\"https:\/\/garageblogec.com\/wp-content\/uploads\/2026\/04\/Posventa.jpg-768x492.jpeg\" class=\"pt-cv-thumbnail\" alt=\"\" \/><\/a><\/div>\n<div class=\"pt-cv-overlay-wrapper\"><div class=\"pt-cv-taxoterm above_title\"><a href='https:\/\/garageblogec.com\/?cat=27' title='Industria Nacional' class='pt-cv-tax-industria-nacional'>Industria Nacional<\/a><\/div><h4 class=\"pt-cv-title\"><a href=\"https:\/\/garageblogec.com\/?p=3286\" class=\"_self\" target=\"_self\" >Clientes Nissan reciben cambios de aceite infinitos<\/a><\/h4><div class=\"pt-cv-meta-fields\"><span class=\"entry-date\"> <time datetime=\"2026-04-14T20:04:08+00:00\">abril 14, 2026<\/time><\/span><span> \/ <\/span><span class=\"author\"> <a href=\"https:\/\/garageblogec.com\/?author=6\" rel=\"author\">gabi1212<\/a><\/span><\/div><\/div><\/div>\n<div class=\" pt-cv-content-item pt-cv-1-col\" ><div class=\"pt-cv-thumb-wrapper  \"><a href=\"https:\/\/garageblogec.com\/?p=3280\" class=\"_self pt-cv-href-thumbnail pt-cv-thumb-default\" target=\"_self\" ><img loading=\"lazy\" decoding=\"async\" width=\"768\" height=\"512\" src=\"https:\/\/garageblogec.com\/wp-content\/uploads\/2026\/04\/foto1-768x512.jpeg\" class=\"pt-cv-thumbnail\" alt=\"\" \/><\/a><\/div>\n<div class=\"pt-cv-overlay-wrapper\"><div class=\"pt-cv-taxoterm above_title\"><a href='https:\/\/garageblogec.com\/?cat=27' title='Industria Nacional' class='pt-cv-tax-industria-nacional'>Industria Nacional<\/a><\/div><h4 class=\"pt-cv-title\"><a href=\"https:\/\/garageblogec.com\/?p=3280\" class=\"_self\" target=\"_self\" >Movilidad como inversi\u00f3n: el uso de utilidades que crece en Ecuador<\/a><\/h4><div class=\"pt-cv-meta-fields\"><span class=\"entry-date\"> <time datetime=\"2026-04-07T19:55:36+00:00\">abril 7, 2026<\/time><\/span><span> \/ <\/span><span class=\"author\"> <a href=\"https:\/\/garageblogec.com\/?author=6\" rel=\"author\">gabi1212<\/a><\/span><\/div><\/div><\/div>\n<div class=\" pt-cv-content-item pt-cv-1-col\" ><div class=\"pt-cv-thumb-wrapper  \"><a href=\"https:\/\/garageblogec.com\/?p=3276\" class=\"_self pt-cv-href-thumbnail pt-cv-thumb-default\" target=\"_self\" ><img loading=\"lazy\" decoding=\"async\" width=\"745\" height=\"491\" src=\"https:\/\/garageblogec.com\/wp-content\/uploads\/2026\/04\/TT.png\" class=\"pt-cv-thumbnail\" alt=\"\" \/><\/a><\/div>\n<div class=\"pt-cv-overlay-wrapper\"><div class=\"pt-cv-taxoterm above_title\"><a href='https:\/\/garageblogec.com\/?cat=27' title='Industria Nacional' class='pt-cv-tax-industria-nacional'>Industria Nacional<\/a><\/div><h4 class=\"pt-cv-title\"><a href=\"https:\/\/garageblogec.com\/?p=3276\" class=\"_self\" target=\"_self\" >Lluvias en Ecuador: C\u00f3mo reducir riesgos en carretera y prevenir accidentes en calzada mojada<\/a><\/h4><div class=\"pt-cv-meta-fields\"><span class=\"entry-date\"> <time datetime=\"2026-04-07T19:46:52+00:00\">abril 7, 2026<\/time><\/span><span> \/ <\/span><span class=\"author\"> <a href=\"https:\/\/garageblogec.com\/?author=6\" rel=\"author\">gabi1212<\/a><\/span><\/div><\/div><\/div><\/div><\/div> <\/div> <style>\n#pt-cv-view-vpu9pwav .pt-cv-thumb-wrapper::before {background: rgba(0,0,0,.4); opacity: 0.8;}#pt-cv-view-vpu9pwav .pt-cv-overlay-wrapper {justify-content: center;}\n#pt-cv-view-vpu9pwav .pt-cv-meta-fields {  }#pt-cv-view-vpu9pwav .pt-cv-meta-fields * { font-size: 13px; }#pt-cv-view-vpu9pwav .pt-cv-title a { display: block; }#pt-cv-view-vpu9pwav .pt-cv-title:not(.pt-cv-titlesm) a { font-weight: 600;text-decoration: none;font-size: 20px; }#pt-cv-view-vpu9pwav .pt-cv-titlesm a { font-weight: 600;font-size: 18px; }#pt-cv-view-vpu9pwav .pt-cv-content { font-size: 15px; }#pt-cv-view-vpu9pwav .pt-cv-rmwrap {  }#pt-cv-view-vpu9pwav .pt-cv-readmore { color: #fff;background-color: #0075ff;font-size: 14px; }#pt-cv-view-vpu9pwav .pt-cv-taxoterm { margin: 0px 0px 20px 0px; }#pt-cv-view-vpu9pwav .pt-cv-taxoterm * { color: #222;background-color: #fff6f6;font-size: 14px; }#pt-cv-view-vpu9pwav + .pt-cv-pagination-wrapper {  }#pt-cv-view-vpu9pwav + .pt-cv-pagination-wrapper a { font-size: 14px; }#pt-cv-view-vpu9pwav > .pt-cv-page {grid-template-columns: repeat(3, 1fr);grid-auto-rows: 250px;grid-gap: 10px;}\n@media all and (max-width: 1024px) { \n#pt-cv-view-vpu9pwav > .pt-cv-page {}\n} \n@media all and (max-width: 767px) { \n#pt-cv-view-vpu9pwav > .pt-cv-page {grid-template-columns: repeat(1, 1fr);}\n} <\/style>","protected":false},"excerpt":{"rendered":"<p>La seguridad vial y la protecci\u00f3n vehicular se han convertido en temas prioritarios no solo en Ecuador, sino en buena parte de Am\u00e9rica Latina. En muchas ciudades de la regi\u00f3n, la movilidad cotidiana enfrenta nuevos desaf\u00edos: desde el aumento de robos y accidentes hasta la falta de infraestructura suficiente para garantizar traslados seguros. <\/p>\n","protected":false},"author":6,"featured_media":2185,"comment_status":"open","ping_status":"open","sticky":false,"template":"","format":"standard","meta":{"_jetpack_memberships_contains_paid_content":false,"footnotes":""},"categories":[27],"tags":[],"class_list":["post-2184","post","type-post","status-publish","format-standard","has-post-thumbnail","hentry","category-industria-nacional"],"yoast_head":"<!-- This site is optimized with the Yoast SEO plugin v27.5 - https:\/\/yoast.com\/product\/yoast-seo-wordpress\/ -->\n<title>ASEGURAR UN VEH\u00cdCULO EN ECUADOR: UNA DECISI\u00d3N INTELIGENTE EN UN CONTEXTO REGIONAL DESAFIANTE - Garage Blog Ecuador<\/title>\n<meta name=\"robots\" content=\"index, follow, max-snippet:-1, max-image-preview:large, max-video-preview:-1\" \/>\n<link rel=\"canonical\" href=\"https:\/\/garageblogec.com\/?p=2184\" \/>\n<meta property=\"og:locale\" content=\"es_ES\" \/>\n<meta property=\"og:type\" content=\"article\" \/>\n<meta property=\"og:title\" content=\"ASEGURAR UN VEH\u00cdCULO EN ECUADOR: UNA DECISI\u00d3N INTELIGENTE EN UN CONTEXTO REGIONAL DESAFIANTE - Garage Blog Ecuador\" \/>\n<meta property=\"og:description\" content=\"La seguridad vial y la protecci\u00f3n vehicular se han convertido en temas prioritarios no solo en Ecuador, sino en buena parte de Am\u00e9rica Latina. En muchas ciudades de la regi\u00f3n, la movilidad cotidiana enfrenta nuevos desaf\u00edos: desde el aumento de robos y accidentes hasta la falta de infraestructura suficiente para garantizar traslados seguros.\" \/>\n<meta property=\"og:url\" content=\"https:\/\/garageblogec.com\/?p=2184\" \/>\n<meta property=\"og:site_name\" content=\"Garage Blog Ecuador\" \/>\n<meta property=\"article:published_time\" content=\"2025-06-12T15:40:11+00:00\" \/>\n<meta property=\"article:modified_time\" content=\"2025-06-12T15:40:21+00:00\" \/>\n<meta property=\"og:image\" content=\"https:\/\/garageblogec.com\/wp-content\/uploads\/2025\/06\/Imagen1.jpg\" \/>\n\t<meta property=\"og:image:width\" content=\"887\" \/>\n\t<meta property=\"og:image:height\" content=\"592\" \/>\n\t<meta property=\"og:image:type\" content=\"image\/jpeg\" \/>\n<meta name=\"author\" content=\"gabi1212\" \/>\n<meta name=\"twitter:card\" content=\"summary_large_image\" \/>\n<meta name=\"twitter:label1\" content=\"Escrito por\" \/>\n\t<meta name=\"twitter:data1\" content=\"gabi1212\" \/>\n\t<meta name=\"twitter:label2\" content=\"Tiempo de lectura\" \/>\n\t<meta name=\"twitter:data2\" content=\"3 minutos\" \/>\n<script type=\"application\/ld+json\" class=\"yoast-schema-graph\">{\"@context\":\"https:\\\/\\\/schema.org\",\"@graph\":[{\"@type\":\"Article\",\"@id\":\"https:\\\/\\\/garageblogec.com\\\/?p=2184#article\",\"isPartOf\":{\"@id\":\"https:\\\/\\\/garageblogec.com\\\/?p=2184\"},\"author\":{\"name\":\"gabi1212\",\"@id\":\"https:\\\/\\\/garageblogec.com\\\/#\\\/schema\\\/person\\\/635f4b76c0cb3e43b82fe6f7d8bcceea\"},\"headline\":\"ASEGURAR UN VEH\u00cdCULO EN ECUADOR: UNA DECISI\u00d3N INTELIGENTE EN UN CONTEXTO REGIONAL DESAFIANTE\",\"datePublished\":\"2025-06-12T15:40:11+00:00\",\"dateModified\":\"2025-06-12T15:40:21+00:00\",\"mainEntityOfPage\":{\"@id\":\"https:\\\/\\\/garageblogec.com\\\/?p=2184\"},\"wordCount\":411,\"commentCount\":0,\"publisher\":{\"@id\":\"https:\\\/\\\/garageblogec.com\\\/#organization\"},\"image\":{\"@id\":\"https:\\\/\\\/garageblogec.com\\\/?p=2184#primaryimage\"},\"thumbnailUrl\":\"https:\\\/\\\/garageblogec.com\\\/wp-content\\\/uploads\\\/2025\\\/06\\\/Imagen1.jpg\",\"articleSection\":[\"Industria Nacional\"],\"inLanguage\":\"es\",\"potentialAction\":[{\"@type\":\"CommentAction\",\"name\":\"Comment\",\"target\":[\"https:\\\/\\\/garageblogec.com\\\/?p=2184#respond\"]}]},{\"@type\":\"WebPage\",\"@id\":\"https:\\\/\\\/garageblogec.com\\\/?p=2184\",\"url\":\"https:\\\/\\\/garageblogec.com\\\/?p=2184\",\"name\":\"ASEGURAR UN VEH\u00cdCULO EN ECUADOR: UNA DECISI\u00d3N INTELIGENTE EN UN CONTEXTO REGIONAL DESAFIANTE - Garage Blog Ecuador\",\"isPartOf\":{\"@id\":\"https:\\\/\\\/garageblogec.com\\\/#website\"},\"primaryImageOfPage\":{\"@id\":\"https:\\\/\\\/garageblogec.com\\\/?p=2184#primaryimage\"},\"image\":{\"@id\":\"https:\\\/\\\/garageblogec.com\\\/?p=2184#primaryimage\"},\"thumbnailUrl\":\"https:\\\/\\\/garageblogec.com\\\/wp-content\\\/uploads\\\/2025\\\/06\\\/Imagen1.jpg\",\"datePublished\":\"2025-06-12T15:40:11+00:00\",\"dateModified\":\"2025-06-12T15:40:21+00:00\",\"breadcrumb\":{\"@id\":\"https:\\\/\\\/garageblogec.com\\\/?p=2184#breadcrumb\"},\"inLanguage\":\"es\",\"potentialAction\":[{\"@type\":\"ReadAction\",\"target\":[\"https:\\\/\\\/garageblogec.com\\\/?p=2184\"]}]},{\"@type\":\"ImageObject\",\"inLanguage\":\"es\",\"@id\":\"https:\\\/\\\/garageblogec.com\\\/?p=2184#primaryimage\",\"url\":\"https:\\\/\\\/garageblogec.com\\\/wp-content\\\/uploads\\\/2025\\\/06\\\/Imagen1.jpg\",\"contentUrl\":\"https:\\\/\\\/garageblogec.com\\\/wp-content\\\/uploads\\\/2025\\\/06\\\/Imagen1.jpg\",\"width\":887,\"height\":592},{\"@type\":\"BreadcrumbList\",\"@id\":\"https:\\\/\\\/garageblogec.com\\\/?p=2184#breadcrumb\",\"itemListElement\":[{\"@type\":\"ListItem\",\"position\":1,\"name\":\"Portada\",\"item\":\"https:\\\/\\\/garageblogec.com\\\/\"},{\"@type\":\"ListItem\",\"position\":2,\"name\":\"ASEGURAR UN VEH\u00cdCULO EN ECUADOR: UNA DECISI\u00d3N INTELIGENTE EN UN CONTEXTO REGIONAL DESAFIANTE\"}]},{\"@type\":\"WebSite\",\"@id\":\"https:\\\/\\\/garageblogec.com\\\/#website\",\"url\":\"https:\\\/\\\/garageblogec.com\\\/\",\"name\":\"Garage Blog Ecuador\",\"description\":\"Alucinamos por los autos \",\"publisher\":{\"@id\":\"https:\\\/\\\/garageblogec.com\\\/#organization\"},\"potentialAction\":[{\"@type\":\"SearchAction\",\"target\":{\"@type\":\"EntryPoint\",\"urlTemplate\":\"https:\\\/\\\/garageblogec.com\\\/?s={search_term_string}\"},\"query-input\":{\"@type\":\"PropertyValueSpecification\",\"valueRequired\":true,\"valueName\":\"search_term_string\"}}],\"inLanguage\":\"es\"},{\"@type\":\"Organization\",\"@id\":\"https:\\\/\\\/garageblogec.com\\\/#organization\",\"name\":\"Garage Blog Ecuador\",\"url\":\"https:\\\/\\\/garageblogec.com\\\/\",\"logo\":{\"@type\":\"ImageObject\",\"inLanguage\":\"es\",\"@id\":\"https:\\\/\\\/garageblogec.com\\\/#\\\/schema\\\/logo\\\/image\\\/\",\"url\":\"https:\\\/\\\/garageblogec.com\\\/wp-content\\\/uploads\\\/2024\\\/02\\\/cropped-logo-png-para-blog.webp\",\"contentUrl\":\"https:\\\/\\\/garageblogec.com\\\/wp-content\\\/uploads\\\/2024\\\/02\\\/cropped-logo-png-para-blog.webp\",\"width\":840,\"height\":556,\"caption\":\"Garage Blog Ecuador \"},\"image\":{\"@id\":\"https:\\\/\\\/garageblogec.com\\\/#\\\/schema\\\/logo\\\/image\\\/\"}},{\"@type\":\"Person\",\"@id\":\"https:\\\/\\\/garageblogec.com\\\/#\\\/schema\\\/person\\\/635f4b76c0cb3e43b82fe6f7d8bcceea\",\"name\":\"gabi1212\",\"image\":{\"@type\":\"ImageObject\",\"inLanguage\":\"es\",\"@id\":\"https:\\\/\\\/secure.gravatar.com\\\/avatar\\\/6aa491f45cb359d4d6dd8c430e83f78899c80569c27d21156e19bbdcd31d1811?s=96&d=mm&r=g\",\"url\":\"https:\\\/\\\/secure.gravatar.com\\\/avatar\\\/6aa491f45cb359d4d6dd8c430e83f78899c80569c27d21156e19bbdcd31d1811?s=96&d=mm&r=g\",\"contentUrl\":\"https:\\\/\\\/secure.gravatar.com\\\/avatar\\\/6aa491f45cb359d4d6dd8c430e83f78899c80569c27d21156e19bbdcd31d1811?s=96&d=mm&r=g\",\"caption\":\"gabi1212\"},\"url\":\"https:\\\/\\\/garageblogec.com\\\/?author=6\"}]}<\/script>\n<!-- \/ Yoast SEO plugin. -->","yoast_head_json":{"title":"ASEGURAR UN VEH\u00cdCULO EN ECUADOR: UNA DECISI\u00d3N INTELIGENTE EN UN CONTEXTO REGIONAL DESAFIANTE - Garage Blog Ecuador","robots":{"index":"index","follow":"follow","max-snippet":"max-snippet:-1","max-image-preview":"max-image-preview:large","max-video-preview":"max-video-preview:-1"},"canonical":"https:\/\/garageblogec.com\/?p=2184","og_locale":"es_ES","og_type":"article","og_title":"ASEGURAR UN VEH\u00cdCULO EN ECUADOR: UNA DECISI\u00d3N INTELIGENTE EN UN CONTEXTO REGIONAL DESAFIANTE - Garage Blog Ecuador","og_description":"La seguridad vial y la protecci\u00f3n vehicular se han convertido en temas prioritarios no solo en Ecuador, sino en buena parte de Am\u00e9rica Latina. En muchas ciudades de la regi\u00f3n, la movilidad cotidiana enfrenta nuevos desaf\u00edos: desde el aumento de robos y accidentes hasta la falta de infraestructura suficiente para garantizar traslados seguros.","og_url":"https:\/\/garageblogec.com\/?p=2184","og_site_name":"Garage Blog Ecuador","article_published_time":"2025-06-12T15:40:11+00:00","article_modified_time":"2025-06-12T15:40:21+00:00","og_image":[{"width":887,"height":592,"url":"https:\/\/garageblogec.com\/wp-content\/uploads\/2025\/06\/Imagen1.jpg","type":"image\/jpeg"}],"author":"gabi1212","twitter_card":"summary_large_image","twitter_misc":{"Escrito por":"gabi1212","Tiempo de lectura":"3 minutos"},"schema":{"@context":"https:\/\/schema.org","@graph":[{"@type":"Article","@id":"https:\/\/garageblogec.com\/?p=2184#article","isPartOf":{"@id":"https:\/\/garageblogec.com\/?p=2184"},"author":{"name":"gabi1212","@id":"https:\/\/garageblogec.com\/#\/schema\/person\/635f4b76c0cb3e43b82fe6f7d8bcceea"},"headline":"ASEGURAR UN VEH\u00cdCULO EN ECUADOR: UNA DECISI\u00d3N INTELIGENTE EN UN CONTEXTO REGIONAL DESAFIANTE","datePublished":"2025-06-12T15:40:11+00:00","dateModified":"2025-06-12T15:40:21+00:00","mainEntityOfPage":{"@id":"https:\/\/garageblogec.com\/?p=2184"},"wordCount":411,"commentCount":0,"publisher":{"@id":"https:\/\/garageblogec.com\/#organization"},"image":{"@id":"https:\/\/garageblogec.com\/?p=2184#primaryimage"},"thumbnailUrl":"https:\/\/garageblogec.com\/wp-content\/uploads\/2025\/06\/Imagen1.jpg","articleSection":["Industria Nacional"],"inLanguage":"es","potentialAction":[{"@type":"CommentAction","name":"Comment","target":["https:\/\/garageblogec.com\/?p=2184#respond"]}]},{"@type":"WebPage","@id":"https:\/\/garageblogec.com\/?p=2184","url":"https:\/\/garageblogec.com\/?p=2184","name":"ASEGURAR UN VEH\u00cdCULO EN ECUADOR: UNA DECISI\u00d3N INTELIGENTE EN UN CONTEXTO REGIONAL DESAFIANTE - Garage Blog Ecuador","isPartOf":{"@id":"https:\/\/garageblogec.com\/#website"},"primaryImageOfPage":{"@id":"https:\/\/garageblogec.com\/?p=2184#primaryimage"},"image":{"@id":"https:\/\/garageblogec.com\/?p=2184#primaryimage"},"thumbnailUrl":"https:\/\/garageblogec.com\/wp-content\/uploads\/2025\/06\/Imagen1.jpg","datePublished":"2025-06-12T15:40:11+00:00","dateModified":"2025-06-12T15:40:21+00:00","breadcrumb":{"@id":"https:\/\/garageblogec.com\/?p=2184#breadcrumb"},"inLanguage":"es","potentialAction":[{"@type":"ReadAction","target":["https:\/\/garageblogec.com\/?p=2184"]}]},{"@type":"ImageObject","inLanguage":"es","@id":"https:\/\/garageblogec.com\/?p=2184#primaryimage","url":"https:\/\/garageblogec.com\/wp-content\/uploads\/2025\/06\/Imagen1.jpg","contentUrl":"https:\/\/garageblogec.com\/wp-content\/uploads\/2025\/06\/Imagen1.jpg","width":887,"height":592},{"@type":"BreadcrumbList","@id":"https:\/\/garageblogec.com\/?p=2184#breadcrumb","itemListElement":[{"@type":"ListItem","position":1,"name":"Portada","item":"https:\/\/garageblogec.com\/"},{"@type":"ListItem","position":2,"name":"ASEGURAR UN VEH\u00cdCULO EN ECUADOR: UNA DECISI\u00d3N INTELIGENTE EN UN CONTEXTO REGIONAL DESAFIANTE"}]},{"@type":"WebSite","@id":"https:\/\/garageblogec.com\/#website","url":"https:\/\/garageblogec.com\/","name":"Garage Blog Ecuador","description":"Alucinamos por los autos ","publisher":{"@id":"https:\/\/garageblogec.com\/#organization"},"potentialAction":[{"@type":"SearchAction","target":{"@type":"EntryPoint","urlTemplate":"https:\/\/garageblogec.com\/?s={search_term_string}"},"query-input":{"@type":"PropertyValueSpecification","valueRequired":true,"valueName":"search_term_string"}}],"inLanguage":"es"},{"@type":"Organization","@id":"https:\/\/garageblogec.com\/#organization","name":"Garage Blog Ecuador","url":"https:\/\/garageblogec.com\/","logo":{"@type":"ImageObject","inLanguage":"es","@id":"https:\/\/garageblogec.com\/#\/schema\/logo\/image\/","url":"https:\/\/garageblogec.com\/wp-content\/uploads\/2024\/02\/cropped-logo-png-para-blog.webp","contentUrl":"https:\/\/garageblogec.com\/wp-content\/uploads\/2024\/02\/cropped-logo-png-para-blog.webp","width":840,"height":556,"caption":"Garage Blog Ecuador "},"image":{"@id":"https:\/\/garageblogec.com\/#\/schema\/logo\/image\/"}},{"@type":"Person","@id":"https:\/\/garageblogec.com\/#\/schema\/person\/635f4b76c0cb3e43b82fe6f7d8bcceea","name":"gabi1212","image":{"@type":"ImageObject","inLanguage":"es","@id":"https:\/\/secure.gravatar.com\/avatar\/6aa491f45cb359d4d6dd8c430e83f78899c80569c27d21156e19bbdcd31d1811?s=96&d=mm&r=g","url":"https:\/\/secure.gravatar.com\/avatar\/6aa491f45cb359d4d6dd8c430e83f78899c80569c27d21156e19bbdcd31d1811?s=96&d=mm&r=g","contentUrl":"https:\/\/secure.gravatar.com\/avatar\/6aa491f45cb359d4d6dd8c430e83f78899c80569c27d21156e19bbdcd31d1811?s=96&d=mm&r=g","caption":"gabi1212"},"url":"https:\/\/garageblogec.com\/?author=6"}]}},"jetpack_featured_media_url":"https:\/\/garageblogec.com\/wp-content\/uploads\/2025\/06\/Imagen1.jpg","jetpack_sharing_enabled":true,"_links":{"self":[{"href":"https:\/\/garageblogec.com\/index.php?rest_route=\/wp\/v2\/posts\/2184","targetHints":{"allow":["GET"]}}],"collection":[{"href":"https:\/\/garageblogec.com\/index.php?rest_route=\/wp\/v2\/posts"}],"about":[{"href":"https:\/\/garageblogec.com\/index.php?rest_route=\/wp\/v2\/types\/post"}],"author":[{"embeddable":true,"href":"https:\/\/garageblogec.com\/index.php?rest_route=\/wp\/v2\/users\/6"}],"replies":[{"embeddable":true,"href":"https:\/\/garageblogec.com\/index.php?rest_route=%2Fwp%2Fv2%2Fcomments&post=2184"}],"version-history":[{"count":1,"href":"https:\/\/garageblogec.com\/index.php?rest_route=\/wp\/v2\/posts\/2184\/revisions"}],"predecessor-version":[{"id":2186,"href":"https:\/\/garageblogec.com\/index.php?rest_route=\/wp\/v2\/posts\/2184\/revisions\/2186"}],"wp:featuredmedia":[{"embeddable":true,"href":"https:\/\/garageblogec.com\/index.php?rest_route=\/wp\/v2\/media\/2185"}],"wp:attachment":[{"href":"https:\/\/garageblogec.com\/index.php?rest_route=%2Fwp%2Fv2%2Fmedia&parent=2184"}],"wp:term":[{"taxonomy":"category","embeddable":true,"href":"https:\/\/garageblogec.com\/index.php?rest_route=%2Fwp%2Fv2%2Fcategories&post=2184"},{"taxonomy":"post_tag","embeddable":true,"href":"https:\/\/garageblogec.com\/index.php?rest_route=%2Fwp%2Fv2%2Ftags&post=2184"}],"curies":[{"name":"wp","href":"https:\/\/api.w.org\/{rel}","templated":true}]}}