{"id":2181,"date":"2025-06-11T21:14:58","date_gmt":"2025-06-11T21:14:58","guid":{"rendered":"https:\/\/garageblogec.com\/?p=2181"},"modified":"2025-06-11T21:15:07","modified_gmt":"2025-06-11T21:15:07","slug":"lance-stroll-regresara-a-la-actividad-en-el-gran-premio-de-canada","status":"publish","type":"post","link":"https:\/\/garageblogec.com\/?p=2181","title":{"rendered":"Lance Stroll regresar\u00e1 a la actividad en el Gran Premio de Canad\u00e1"},"content":{"rendered":"\n<p><strong>Aston Martin<\/strong>\u00a0podr\u00e1 recurrir a su &#8216;Plan A&#8217; en el\u00a0Gran Premio de Canad\u00e1\u00a0y mantener su habitual alineaci\u00f3, luego de confirmar que\u00a0Lance Stroll\u00a0est\u00e1 en condiciones de regresar a la pista. As\u00ed lo confirm\u00f3 el propio equipo con base en Silverstone, de cara a la d\u00e9cima carrera de la Temporada 2025 de la\u00a0<strong>F\u00f3rmula 1<\/strong>.<\/p>\n\n\n\n<figure class=\"wp-block-image size-large\"><img decoding=\"async\" src=\"https:\/\/www.record.com.mx\/sites\/default\/files\/articulos\/2025\/06\/11\/formula-1-lance-stroll-regresara-la-actividad-en-el-gran-premio-de-canada.webp\" alt=\"\"\/><\/figure>\n\n\n\n<p>Despu\u00e9s de la clasificaci\u00f3n en el&nbsp;<strong>Gran Premio de Espa\u00f1a<\/strong>&nbsp;hace un par de semanas, el equipo brit\u00e1nico confirm\u00f3 que el canadiense no podr\u00eda competir en Barcelona. En ese momento, se dijo que el piloto present\u00f3 molestias en la mu\u00f1eca, al parecer secuelas de la lesi\u00f3n que sufri\u00f3 en 2023 por un accidente de ciclismo.&nbsp;&nbsp;<\/p>\n\n\n\n<figure class=\"wp-block-image size-large\"><a href=\"https:\/\/www.kia.com\/ec\/showroom\/sportage-nq5\/features.html\"><img fetchpriority=\"high\" decoding=\"async\" width=\"1024\" height=\"285\" src=\"https:\/\/garageblogec.com\/wp-content\/uploads\/2025\/06\/GARAGEBLOG-1080X300-1024x285.png\" alt=\"\" class=\"wp-image-2177\" srcset=\"https:\/\/garageblogec.com\/wp-content\/uploads\/2025\/06\/GARAGEBLOG-1080X300-1024x285.png 1024w, https:\/\/garageblogec.com\/wp-content\/uploads\/2025\/06\/GARAGEBLOG-1080X300-300x84.png 300w, https:\/\/garageblogec.com\/wp-content\/uploads\/2025\/06\/GARAGEBLOG-1080X300-768x214.png 768w, https:\/\/garageblogec.com\/wp-content\/uploads\/2025\/06\/GARAGEBLOG-1080X300.png 1081w\" sizes=\"(max-width: 1024px) 100vw, 1024px\" \/><\/a><\/figure>\n\n\n\n<figure class=\"wp-block-image\"><img decoding=\"async\" src=\"https:\/\/www.record.com.mx\/sites\/default\/files\/inline-images\/AP25151383212556.jpg\" alt=\"Stroll est\u00e1 listo para regresar a las pistas\"\/><\/figure>\n\n\n\n<p>Stroll est\u00e1 listo para regresar a las pistas | AP<\/p>\n\n\n\n<p>Tras ello, la participaci\u00f3n del canadiense para las siguientes carreras estaba en duda. Sin embargo, este mi\u00e9rcoles se confirm\u00f3 que est\u00e1 listo para subirse nuevamente al&nbsp;<strong>AMR25<\/strong>.<\/p>\n\n\n\n<h2 class=\"wp-block-heading\">Stroll, listo para correr en casa&nbsp;<\/h2>\n\n\n\n<p>La actividad en Montreal comenzar\u00e1 este viernes 13 de junio, a las 11:30 horas (tiempo del centro de M\u00e9xico) con las Pr\u00e1cticas Libres y, de acuerdo con Aston Martin, todo est\u00e1 listo para que Stroll dispute todo el fin de semana. \u00abEstoy emocionado de regresar detr\u00e1s del volante con el equipo en el&nbsp;<strong>Gran Premio de casa<\/strong>&nbsp;este fin de semana\u00bb.&nbsp;<\/p>\n\n\n\n<figure class=\"wp-block-image size-large\"><img decoding=\"async\" src=\"https:\/\/www.record.com.mx\/sites\/default\/files\/inline-images\/AP25151399808987.jpg\" alt=\"\"\/><\/figure>\n\n\n\n<p>\u00abSiempre voy a pelear fuerte para estar en una carrera frente a la multitud en&nbsp;<strong>Montreal<\/strong>. Me siento bien despu\u00e9s de mi procedimiento y corr\u00ed algunas vueltas en&nbsp;<strong>Paul Ricard<\/strong>&nbsp;esta semana para prepararme\u00bb, declar\u00f3 el piloto de 26 a\u00f1os, que tras sumar en Australia (6\u00ba) y China (9\u00ba) no ha regresado al Top 10 esta temporada.&nbsp;<\/p>\n\n\n\n<h2 class=\"wp-block-heading\">Aston Martin sin piloto de reserva&nbsp;<\/h2>\n\n\n\n<p>La recuperaci\u00f3n de Stroll es una gran noticia para la escuder\u00eda verde, pues de lo contrario se hubiera complicado su participaci\u00f3n en Canad\u00e1. Lo anterior porque sus dos pilotos de reserva,&nbsp;<strong>Felipe Drugovich<\/strong>&nbsp;y&nbsp;<strong>Stoffel Vandoorne<\/strong>&nbsp;tienen previsto participar en&nbsp;<strong>24 Horas de Le Mans<\/strong>; por lo que, al menos de momento, parece que no ser\u00e1 necesario recurrir a ellos.&nbsp;<\/p>\n\n\n<div class='pt-cv-wrapper'> <h3 class='pt-cv-heading-container heading1' data-blockid='qymt04zd'><span class='pt-cv-heading'> Overlay1 <\/span><\/h3><div class=\"pt-cv-view pt-cv-overlaygrid iscvblock iscvreal overlay1 layout1\" id=\"pt-cv-view-qymt04zd\"><div data-id=\"pt-cv-page-1\" class=\"pt-cv-page\" data-cvc=\"3\"><div class=\" pt-cv-content-item pt-cv-1-col\" ><div class=\"pt-cv-thumb-wrapper  \"><a href=\"https:\/\/garageblogec.com\/?p=3303\" class=\"_self pt-cv-href-thumbnail pt-cv-thumb-default\" target=\"_self\" ><img decoding=\"async\" width=\"768\" height=\"432\" src=\"https:\/\/garageblogec.com\/wp-content\/uploads\/2026\/04\/WhatsApp-Image-2026-04-21-at-1.52.53-PM-768x432.jpeg\" class=\"pt-cv-thumbnail\" alt=\"\" \/><\/a><\/div>\n<div class=\"pt-cv-overlay-wrapper\"><div class=\"pt-cv-taxoterm above_title\"><a href='https:\/\/garageblogec.com\/?cat=27' title='Industria Nacional' class='pt-cv-tax-industria-nacional'>Industria Nacional<\/a><\/div><h4 class=\"pt-cv-title\"><a href=\"https:\/\/garageblogec.com\/?p=3303\" class=\"_self\" target=\"_self\" >Grupo Ambacar presenta en Guayaquil KGM, su nueva marca de SUV h\u00edbridos con respaldo global<\/a><\/h4><div class=\"pt-cv-meta-fields\"><span class=\"entry-date\"> <time datetime=\"2026-04-21T21:37:24+00:00\">abril 21, 2026<\/time><\/span><span> \/ <\/span><span class=\"author\"> <a href=\"https:\/\/garageblogec.com\/?author=6\" rel=\"author\">gabi1212<\/a><\/span><\/div><\/div><\/div>\n<div class=\" pt-cv-content-item pt-cv-1-col\" ><div class=\"pt-cv-thumb-wrapper  \"><a href=\"https:\/\/garageblogec.com\/?p=3296\" class=\"_self pt-cv-href-thumbnail pt-cv-thumb-default\" target=\"_self\" ><img decoding=\"async\" width=\"768\" height=\"432\" src=\"https:\/\/garageblogec.com\/wp-content\/uploads\/2026\/04\/WhatsApp-Image-2026-04-14-at-3.15.09-PM-768x432.jpeg\" class=\"pt-cv-thumbnail\" alt=\"\" \/><\/a><\/div>\n<div class=\"pt-cv-overlay-wrapper\"><div class=\"pt-cv-taxoterm above_title\"><a href='https:\/\/garageblogec.com\/?cat=27' title='Industria Nacional' class='pt-cv-tax-industria-nacional'>Industria Nacional<\/a><\/div><h4 class=\"pt-cv-title\"><a href=\"https:\/\/garageblogec.com\/?p=3296\" class=\"_self\" target=\"_self\" >El tablero desapareci\u00f3, ahora el auto es una pantalla inteligente<\/a><\/h4><div class=\"pt-cv-meta-fields\"><span class=\"entry-date\"> <time datetime=\"2026-04-14T20:21:20+00:00\">abril 14, 2026<\/time><\/span><span> \/ <\/span><span class=\"author\"> <a href=\"https:\/\/garageblogec.com\/?author=6\" rel=\"author\">gabi1212<\/a><\/span><\/div><\/div><\/div>\n<div class=\" pt-cv-content-item pt-cv-1-col\" ><div class=\"pt-cv-thumb-wrapper  \"><a href=\"https:\/\/garageblogec.com\/?p=3291\" class=\"_self pt-cv-href-thumbnail pt-cv-thumb-default\" target=\"_self\" ><img loading=\"lazy\" decoding=\"async\" width=\"768\" height=\"432\" src=\"https:\/\/garageblogec.com\/wp-content\/uploads\/2026\/04\/WhatsApp-Image-2026-04-14-at-2.21.27-PM-768x432.jpeg\" class=\"pt-cv-thumbnail\" alt=\"\" \/><\/a><\/div>\n<div class=\"pt-cv-overlay-wrapper\"><div class=\"pt-cv-taxoterm above_title\"><a href='https:\/\/garageblogec.com\/?cat=27' title='Industria Nacional' class='pt-cv-tax-industria-nacional'>Industria Nacional<\/a><\/div><h4 class=\"pt-cv-title\"><a href=\"https:\/\/garageblogec.com\/?p=3291\" class=\"_self\" target=\"_self\" >Seguridad al volante en Ecuador: los errores m\u00e1s comunes que cometen los conductores<\/a><\/h4><div class=\"pt-cv-meta-fields\"><span class=\"entry-date\"> <time datetime=\"2026-04-14T20:08:54+00:00\">abril 14, 2026<\/time><\/span><span> \/ <\/span><span class=\"author\"> <a href=\"https:\/\/garageblogec.com\/?author=6\" rel=\"author\">gabi1212<\/a><\/span><\/div><\/div><\/div>\n<div class=\" pt-cv-content-item pt-cv-1-col\" ><div class=\"pt-cv-thumb-wrapper  \"><a href=\"https:\/\/garageblogec.com\/?p=3286\" class=\"_self pt-cv-href-thumbnail pt-cv-thumb-default\" target=\"_self\" ><img loading=\"lazy\" decoding=\"async\" width=\"768\" height=\"492\" src=\"https:\/\/garageblogec.com\/wp-content\/uploads\/2026\/04\/Posventa.jpg-768x492.jpeg\" class=\"pt-cv-thumbnail\" alt=\"\" \/><\/a><\/div>\n<div class=\"pt-cv-overlay-wrapper\"><div class=\"pt-cv-taxoterm above_title\"><a href='https:\/\/garageblogec.com\/?cat=27' title='Industria Nacional' class='pt-cv-tax-industria-nacional'>Industria Nacional<\/a><\/div><h4 class=\"pt-cv-title\"><a href=\"https:\/\/garageblogec.com\/?p=3286\" class=\"_self\" target=\"_self\" >Clientes Nissan reciben cambios de aceite infinitos<\/a><\/h4><div class=\"pt-cv-meta-fields\"><span class=\"entry-date\"> <time datetime=\"2026-04-14T20:04:08+00:00\">abril 14, 2026<\/time><\/span><span> \/ <\/span><span class=\"author\"> <a href=\"https:\/\/garageblogec.com\/?author=6\" rel=\"author\">gabi1212<\/a><\/span><\/div><\/div><\/div>\n<div class=\" pt-cv-content-item pt-cv-1-col\" ><div class=\"pt-cv-thumb-wrapper  \"><a href=\"https:\/\/garageblogec.com\/?p=3280\" class=\"_self pt-cv-href-thumbnail pt-cv-thumb-default\" target=\"_self\" ><img loading=\"lazy\" decoding=\"async\" width=\"768\" height=\"512\" src=\"https:\/\/garageblogec.com\/wp-content\/uploads\/2026\/04\/foto1-768x512.jpeg\" class=\"pt-cv-thumbnail\" alt=\"\" \/><\/a><\/div>\n<div class=\"pt-cv-overlay-wrapper\"><div class=\"pt-cv-taxoterm above_title\"><a href='https:\/\/garageblogec.com\/?cat=27' title='Industria Nacional' class='pt-cv-tax-industria-nacional'>Industria Nacional<\/a><\/div><h4 class=\"pt-cv-title\"><a href=\"https:\/\/garageblogec.com\/?p=3280\" class=\"_self\" target=\"_self\" >Movilidad como inversi\u00f3n: el uso de utilidades que crece en Ecuador<\/a><\/h4><div class=\"pt-cv-meta-fields\"><span class=\"entry-date\"> <time datetime=\"2026-04-07T19:55:36+00:00\">abril 7, 2026<\/time><\/span><span> \/ <\/span><span class=\"author\"> <a href=\"https:\/\/garageblogec.com\/?author=6\" rel=\"author\">gabi1212<\/a><\/span><\/div><\/div><\/div>\n<div class=\" pt-cv-content-item pt-cv-1-col\" ><div class=\"pt-cv-thumb-wrapper  \"><a href=\"https:\/\/garageblogec.com\/?p=3276\" class=\"_self pt-cv-href-thumbnail pt-cv-thumb-default\" target=\"_self\" ><img loading=\"lazy\" decoding=\"async\" width=\"745\" height=\"491\" src=\"https:\/\/garageblogec.com\/wp-content\/uploads\/2026\/04\/TT.png\" class=\"pt-cv-thumbnail\" alt=\"\" \/><\/a><\/div>\n<div class=\"pt-cv-overlay-wrapper\"><div class=\"pt-cv-taxoterm above_title\"><a href='https:\/\/garageblogec.com\/?cat=27' title='Industria Nacional' class='pt-cv-tax-industria-nacional'>Industria Nacional<\/a><\/div><h4 class=\"pt-cv-title\"><a href=\"https:\/\/garageblogec.com\/?p=3276\" class=\"_self\" target=\"_self\" >Lluvias en Ecuador: C\u00f3mo reducir riesgos en carretera y prevenir accidentes en calzada mojada<\/a><\/h4><div class=\"pt-cv-meta-fields\"><span class=\"entry-date\"> <time datetime=\"2026-04-07T19:46:52+00:00\">abril 7, 2026<\/time><\/span><span> \/ <\/span><span class=\"author\"> <a href=\"https:\/\/garageblogec.com\/?author=6\" rel=\"author\">gabi1212<\/a><\/span><\/div><\/div><\/div><\/div><\/div> <\/div> <style>\n#pt-cv-view-qymt04zd .pt-cv-thumb-wrapper::before {background: rgba(0,0,0,.4); opacity: 0.8;}#pt-cv-view-qymt04zd .pt-cv-overlay-wrapper {justify-content: center;}\n#pt-cv-view-qymt04zd .pt-cv-meta-fields {  }#pt-cv-view-qymt04zd .pt-cv-meta-fields * { font-size: 13px; }#pt-cv-view-qymt04zd .pt-cv-title a { display: block; }#pt-cv-view-qymt04zd .pt-cv-title:not(.pt-cv-titlesm) a { font-weight: 600;text-decoration: none;font-size: 20px; }#pt-cv-view-qymt04zd .pt-cv-titlesm a { font-weight: 600;font-size: 18px; }#pt-cv-view-qymt04zd .pt-cv-content { font-size: 15px; }#pt-cv-view-qymt04zd .pt-cv-rmwrap {  }#pt-cv-view-qymt04zd .pt-cv-readmore { color: #fff;background-color: #0075ff;font-size: 14px; }#pt-cv-view-qymt04zd .pt-cv-taxoterm { margin: 0px 0px 20px 0px; }#pt-cv-view-qymt04zd .pt-cv-taxoterm * { color: #222;background-color: #fff6f6;font-size: 14px; }#pt-cv-view-qymt04zd + .pt-cv-pagination-wrapper {  }#pt-cv-view-qymt04zd + .pt-cv-pagination-wrapper a { font-size: 14px; }#pt-cv-view-qymt04zd > .pt-cv-page {grid-template-columns: repeat(3, 1fr);grid-auto-rows: 250px;grid-gap: 10px;}\n@media all and (max-width: 1024px) { \n#pt-cv-view-qymt04zd > .pt-cv-page {}\n} \n@media all and (max-width: 767px) { \n#pt-cv-view-qymt04zd > .pt-cv-page {grid-template-columns: repeat(1, 1fr);}\n} <\/style>","protected":false},"excerpt":{"rendered":"<p>Aston Martin podr\u00e1 recurrir a su &#8216;Plan A&#8217; en el Gran Premio de Canad\u00e1 y mantener su habitual alineaci\u00f3, luego de confirmar que Lance Stroll est\u00e1 en condiciones de regresar a la pista. As\u00ed lo confirm\u00f3 el propio equipo con base en Silverstone, de cara a la d\u00e9cima carrera de la Temporada 2025 de la F\u00f3rmula 1.<\/p>\n","protected":false},"author":6,"featured_media":2182,"comment_status":"open","ping_status":"open","sticky":false,"template":"","format":"standard","meta":{"_jetpack_memberships_contains_paid_content":false,"footnotes":""},"categories":[27],"tags":[],"class_list":["post-2181","post","type-post","status-publish","format-standard","has-post-thumbnail","hentry","category-industria-nacional"],"yoast_head":"<!-- This site is optimized with the Yoast SEO plugin v27.5 - https:\/\/yoast.com\/product\/yoast-seo-wordpress\/ -->\n<title>Lance Stroll regresar\u00e1 a la actividad en el Gran Premio de Canad\u00e1 - Garage Blog Ecuador<\/title>\n<meta name=\"robots\" content=\"index, follow, max-snippet:-1, max-image-preview:large, max-video-preview:-1\" \/>\n<link rel=\"canonical\" href=\"https:\/\/garageblogec.com\/?p=2181\" \/>\n<meta property=\"og:locale\" content=\"es_ES\" \/>\n<meta property=\"og:type\" content=\"article\" \/>\n<meta property=\"og:title\" content=\"Lance Stroll regresar\u00e1 a la actividad en el Gran Premio de Canad\u00e1 - Garage Blog Ecuador\" \/>\n<meta property=\"og:description\" content=\"Aston Martin podr\u00e1 recurrir a su &#039;Plan A&#039; en el Gran Premio de Canad\u00e1 y mantener su habitual alineaci\u00f3, luego de confirmar que Lance Stroll est\u00e1 en condiciones de regresar a la pista. As\u00ed lo confirm\u00f3 el propio equipo con base en Silverstone, de cara a la d\u00e9cima carrera de la Temporada 2025 de la F\u00f3rmula 1.\" \/>\n<meta property=\"og:url\" content=\"https:\/\/garageblogec.com\/?p=2181\" \/>\n<meta property=\"og:site_name\" content=\"Garage Blog Ecuador\" \/>\n<meta property=\"article:published_time\" content=\"2025-06-11T21:14:58+00:00\" \/>\n<meta property=\"article:modified_time\" content=\"2025-06-11T21:15:07+00:00\" \/>\n<meta property=\"og:image\" content=\"https:\/\/garageblogec.com\/wp-content\/uploads\/2025\/06\/555-3.png\" \/>\n\t<meta property=\"og:image:width\" content=\"772\" \/>\n\t<meta property=\"og:image:height\" content=\"512\" \/>\n\t<meta property=\"og:image:type\" content=\"image\/png\" \/>\n<meta name=\"author\" content=\"gabi1212\" \/>\n<meta name=\"twitter:card\" content=\"summary_large_image\" \/>\n<meta name=\"twitter:label1\" content=\"Escrito por\" \/>\n\t<meta name=\"twitter:data1\" content=\"gabi1212\" \/>\n\t<meta name=\"twitter:label2\" content=\"Tiempo de lectura\" \/>\n\t<meta name=\"twitter:data2\" content=\"3 minutos\" \/>\n<script type=\"application\/ld+json\" class=\"yoast-schema-graph\">{\"@context\":\"https:\\\/\\\/schema.org\",\"@graph\":[{\"@type\":\"Article\",\"@id\":\"https:\\\/\\\/garageblogec.com\\\/?p=2181#article\",\"isPartOf\":{\"@id\":\"https:\\\/\\\/garageblogec.com\\\/?p=2181\"},\"author\":{\"name\":\"gabi1212\",\"@id\":\"https:\\\/\\\/garageblogec.com\\\/#\\\/schema\\\/person\\\/635f4b76c0cb3e43b82fe6f7d8bcceea\"},\"headline\":\"Lance Stroll regresar\u00e1 a la actividad en el Gran Premio de Canad\u00e1\",\"datePublished\":\"2025-06-11T21:14:58+00:00\",\"dateModified\":\"2025-06-11T21:15:07+00:00\",\"mainEntityOfPage\":{\"@id\":\"https:\\\/\\\/garageblogec.com\\\/?p=2181\"},\"wordCount\":379,\"commentCount\":0,\"publisher\":{\"@id\":\"https:\\\/\\\/garageblogec.com\\\/#organization\"},\"image\":{\"@id\":\"https:\\\/\\\/garageblogec.com\\\/?p=2181#primaryimage\"},\"thumbnailUrl\":\"https:\\\/\\\/garageblogec.com\\\/wp-content\\\/uploads\\\/2025\\\/06\\\/555-3.png\",\"articleSection\":[\"Industria Nacional\"],\"inLanguage\":\"es\",\"potentialAction\":[{\"@type\":\"CommentAction\",\"name\":\"Comment\",\"target\":[\"https:\\\/\\\/garageblogec.com\\\/?p=2181#respond\"]}]},{\"@type\":\"WebPage\",\"@id\":\"https:\\\/\\\/garageblogec.com\\\/?p=2181\",\"url\":\"https:\\\/\\\/garageblogec.com\\\/?p=2181\",\"name\":\"Lance Stroll regresar\u00e1 a la actividad en el Gran Premio de Canad\u00e1 - Garage Blog Ecuador\",\"isPartOf\":{\"@id\":\"https:\\\/\\\/garageblogec.com\\\/#website\"},\"primaryImageOfPage\":{\"@id\":\"https:\\\/\\\/garageblogec.com\\\/?p=2181#primaryimage\"},\"image\":{\"@id\":\"https:\\\/\\\/garageblogec.com\\\/?p=2181#primaryimage\"},\"thumbnailUrl\":\"https:\\\/\\\/garageblogec.com\\\/wp-content\\\/uploads\\\/2025\\\/06\\\/555-3.png\",\"datePublished\":\"2025-06-11T21:14:58+00:00\",\"dateModified\":\"2025-06-11T21:15:07+00:00\",\"breadcrumb\":{\"@id\":\"https:\\\/\\\/garageblogec.com\\\/?p=2181#breadcrumb\"},\"inLanguage\":\"es\",\"potentialAction\":[{\"@type\":\"ReadAction\",\"target\":[\"https:\\\/\\\/garageblogec.com\\\/?p=2181\"]}]},{\"@type\":\"ImageObject\",\"inLanguage\":\"es\",\"@id\":\"https:\\\/\\\/garageblogec.com\\\/?p=2181#primaryimage\",\"url\":\"https:\\\/\\\/garageblogec.com\\\/wp-content\\\/uploads\\\/2025\\\/06\\\/555-3.png\",\"contentUrl\":\"https:\\\/\\\/garageblogec.com\\\/wp-content\\\/uploads\\\/2025\\\/06\\\/555-3.png\",\"width\":772,\"height\":512},{\"@type\":\"BreadcrumbList\",\"@id\":\"https:\\\/\\\/garageblogec.com\\\/?p=2181#breadcrumb\",\"itemListElement\":[{\"@type\":\"ListItem\",\"position\":1,\"name\":\"Portada\",\"item\":\"https:\\\/\\\/garageblogec.com\\\/\"},{\"@type\":\"ListItem\",\"position\":2,\"name\":\"Lance Stroll regresar\u00e1 a la actividad en el Gran Premio de Canad\u00e1\"}]},{\"@type\":\"WebSite\",\"@id\":\"https:\\\/\\\/garageblogec.com\\\/#website\",\"url\":\"https:\\\/\\\/garageblogec.com\\\/\",\"name\":\"Garage Blog Ecuador\",\"description\":\"Alucinamos por los autos \",\"publisher\":{\"@id\":\"https:\\\/\\\/garageblogec.com\\\/#organization\"},\"potentialAction\":[{\"@type\":\"SearchAction\",\"target\":{\"@type\":\"EntryPoint\",\"urlTemplate\":\"https:\\\/\\\/garageblogec.com\\\/?s={search_term_string}\"},\"query-input\":{\"@type\":\"PropertyValueSpecification\",\"valueRequired\":true,\"valueName\":\"search_term_string\"}}],\"inLanguage\":\"es\"},{\"@type\":\"Organization\",\"@id\":\"https:\\\/\\\/garageblogec.com\\\/#organization\",\"name\":\"Garage Blog Ecuador\",\"url\":\"https:\\\/\\\/garageblogec.com\\\/\",\"logo\":{\"@type\":\"ImageObject\",\"inLanguage\":\"es\",\"@id\":\"https:\\\/\\\/garageblogec.com\\\/#\\\/schema\\\/logo\\\/image\\\/\",\"url\":\"https:\\\/\\\/garageblogec.com\\\/wp-content\\\/uploads\\\/2024\\\/02\\\/cropped-logo-png-para-blog.webp\",\"contentUrl\":\"https:\\\/\\\/garageblogec.com\\\/wp-content\\\/uploads\\\/2024\\\/02\\\/cropped-logo-png-para-blog.webp\",\"width\":840,\"height\":556,\"caption\":\"Garage Blog Ecuador \"},\"image\":{\"@id\":\"https:\\\/\\\/garageblogec.com\\\/#\\\/schema\\\/logo\\\/image\\\/\"}},{\"@type\":\"Person\",\"@id\":\"https:\\\/\\\/garageblogec.com\\\/#\\\/schema\\\/person\\\/635f4b76c0cb3e43b82fe6f7d8bcceea\",\"name\":\"gabi1212\",\"image\":{\"@type\":\"ImageObject\",\"inLanguage\":\"es\",\"@id\":\"https:\\\/\\\/secure.gravatar.com\\\/avatar\\\/6aa491f45cb359d4d6dd8c430e83f78899c80569c27d21156e19bbdcd31d1811?s=96&d=mm&r=g\",\"url\":\"https:\\\/\\\/secure.gravatar.com\\\/avatar\\\/6aa491f45cb359d4d6dd8c430e83f78899c80569c27d21156e19bbdcd31d1811?s=96&d=mm&r=g\",\"contentUrl\":\"https:\\\/\\\/secure.gravatar.com\\\/avatar\\\/6aa491f45cb359d4d6dd8c430e83f78899c80569c27d21156e19bbdcd31d1811?s=96&d=mm&r=g\",\"caption\":\"gabi1212\"},\"url\":\"https:\\\/\\\/garageblogec.com\\\/?author=6\"}]}<\/script>\n<!-- \/ Yoast SEO plugin. -->","yoast_head_json":{"title":"Lance Stroll regresar\u00e1 a la actividad en el Gran Premio de Canad\u00e1 - Garage Blog Ecuador","robots":{"index":"index","follow":"follow","max-snippet":"max-snippet:-1","max-image-preview":"max-image-preview:large","max-video-preview":"max-video-preview:-1"},"canonical":"https:\/\/garageblogec.com\/?p=2181","og_locale":"es_ES","og_type":"article","og_title":"Lance Stroll regresar\u00e1 a la actividad en el Gran Premio de Canad\u00e1 - Garage Blog Ecuador","og_description":"Aston Martin podr\u00e1 recurrir a su 'Plan A' en el Gran Premio de Canad\u00e1 y mantener su habitual alineaci\u00f3, luego de confirmar que Lance Stroll est\u00e1 en condiciones de regresar a la pista. As\u00ed lo confirm\u00f3 el propio equipo con base en Silverstone, de cara a la d\u00e9cima carrera de la Temporada 2025 de la F\u00f3rmula 1.","og_url":"https:\/\/garageblogec.com\/?p=2181","og_site_name":"Garage Blog Ecuador","article_published_time":"2025-06-11T21:14:58+00:00","article_modified_time":"2025-06-11T21:15:07+00:00","og_image":[{"width":772,"height":512,"url":"https:\/\/garageblogec.com\/wp-content\/uploads\/2025\/06\/555-3.png","type":"image\/png"}],"author":"gabi1212","twitter_card":"summary_large_image","twitter_misc":{"Escrito por":"gabi1212","Tiempo de lectura":"3 minutos"},"schema":{"@context":"https:\/\/schema.org","@graph":[{"@type":"Article","@id":"https:\/\/garageblogec.com\/?p=2181#article","isPartOf":{"@id":"https:\/\/garageblogec.com\/?p=2181"},"author":{"name":"gabi1212","@id":"https:\/\/garageblogec.com\/#\/schema\/person\/635f4b76c0cb3e43b82fe6f7d8bcceea"},"headline":"Lance Stroll regresar\u00e1 a la actividad en el Gran Premio de Canad\u00e1","datePublished":"2025-06-11T21:14:58+00:00","dateModified":"2025-06-11T21:15:07+00:00","mainEntityOfPage":{"@id":"https:\/\/garageblogec.com\/?p=2181"},"wordCount":379,"commentCount":0,"publisher":{"@id":"https:\/\/garageblogec.com\/#organization"},"image":{"@id":"https:\/\/garageblogec.com\/?p=2181#primaryimage"},"thumbnailUrl":"https:\/\/garageblogec.com\/wp-content\/uploads\/2025\/06\/555-3.png","articleSection":["Industria Nacional"],"inLanguage":"es","potentialAction":[{"@type":"CommentAction","name":"Comment","target":["https:\/\/garageblogec.com\/?p=2181#respond"]}]},{"@type":"WebPage","@id":"https:\/\/garageblogec.com\/?p=2181","url":"https:\/\/garageblogec.com\/?p=2181","name":"Lance Stroll regresar\u00e1 a la actividad en el Gran Premio de Canad\u00e1 - Garage Blog Ecuador","isPartOf":{"@id":"https:\/\/garageblogec.com\/#website"},"primaryImageOfPage":{"@id":"https:\/\/garageblogec.com\/?p=2181#primaryimage"},"image":{"@id":"https:\/\/garageblogec.com\/?p=2181#primaryimage"},"thumbnailUrl":"https:\/\/garageblogec.com\/wp-content\/uploads\/2025\/06\/555-3.png","datePublished":"2025-06-11T21:14:58+00:00","dateModified":"2025-06-11T21:15:07+00:00","breadcrumb":{"@id":"https:\/\/garageblogec.com\/?p=2181#breadcrumb"},"inLanguage":"es","potentialAction":[{"@type":"ReadAction","target":["https:\/\/garageblogec.com\/?p=2181"]}]},{"@type":"ImageObject","inLanguage":"es","@id":"https:\/\/garageblogec.com\/?p=2181#primaryimage","url":"https:\/\/garageblogec.com\/wp-content\/uploads\/2025\/06\/555-3.png","contentUrl":"https:\/\/garageblogec.com\/wp-content\/uploads\/2025\/06\/555-3.png","width":772,"height":512},{"@type":"BreadcrumbList","@id":"https:\/\/garageblogec.com\/?p=2181#breadcrumb","itemListElement":[{"@type":"ListItem","position":1,"name":"Portada","item":"https:\/\/garageblogec.com\/"},{"@type":"ListItem","position":2,"name":"Lance Stroll regresar\u00e1 a la actividad en el Gran Premio de Canad\u00e1"}]},{"@type":"WebSite","@id":"https:\/\/garageblogec.com\/#website","url":"https:\/\/garageblogec.com\/","name":"Garage Blog Ecuador","description":"Alucinamos por los autos ","publisher":{"@id":"https:\/\/garageblogec.com\/#organization"},"potentialAction":[{"@type":"SearchAction","target":{"@type":"EntryPoint","urlTemplate":"https:\/\/garageblogec.com\/?s={search_term_string}"},"query-input":{"@type":"PropertyValueSpecification","valueRequired":true,"valueName":"search_term_string"}}],"inLanguage":"es"},{"@type":"Organization","@id":"https:\/\/garageblogec.com\/#organization","name":"Garage Blog Ecuador","url":"https:\/\/garageblogec.com\/","logo":{"@type":"ImageObject","inLanguage":"es","@id":"https:\/\/garageblogec.com\/#\/schema\/logo\/image\/","url":"https:\/\/garageblogec.com\/wp-content\/uploads\/2024\/02\/cropped-logo-png-para-blog.webp","contentUrl":"https:\/\/garageblogec.com\/wp-content\/uploads\/2024\/02\/cropped-logo-png-para-blog.webp","width":840,"height":556,"caption":"Garage Blog Ecuador "},"image":{"@id":"https:\/\/garageblogec.com\/#\/schema\/logo\/image\/"}},{"@type":"Person","@id":"https:\/\/garageblogec.com\/#\/schema\/person\/635f4b76c0cb3e43b82fe6f7d8bcceea","name":"gabi1212","image":{"@type":"ImageObject","inLanguage":"es","@id":"https:\/\/secure.gravatar.com\/avatar\/6aa491f45cb359d4d6dd8c430e83f78899c80569c27d21156e19bbdcd31d1811?s=96&d=mm&r=g","url":"https:\/\/secure.gravatar.com\/avatar\/6aa491f45cb359d4d6dd8c430e83f78899c80569c27d21156e19bbdcd31d1811?s=96&d=mm&r=g","contentUrl":"https:\/\/secure.gravatar.com\/avatar\/6aa491f45cb359d4d6dd8c430e83f78899c80569c27d21156e19bbdcd31d1811?s=96&d=mm&r=g","caption":"gabi1212"},"url":"https:\/\/garageblogec.com\/?author=6"}]}},"jetpack_featured_media_url":"https:\/\/garageblogec.com\/wp-content\/uploads\/2025\/06\/555-3.png","jetpack_sharing_enabled":true,"_links":{"self":[{"href":"https:\/\/garageblogec.com\/index.php?rest_route=\/wp\/v2\/posts\/2181","targetHints":{"allow":["GET"]}}],"collection":[{"href":"https:\/\/garageblogec.com\/index.php?rest_route=\/wp\/v2\/posts"}],"about":[{"href":"https:\/\/garageblogec.com\/index.php?rest_route=\/wp\/v2\/types\/post"}],"author":[{"embeddable":true,"href":"https:\/\/garageblogec.com\/index.php?rest_route=\/wp\/v2\/users\/6"}],"replies":[{"embeddable":true,"href":"https:\/\/garageblogec.com\/index.php?rest_route=%2Fwp%2Fv2%2Fcomments&post=2181"}],"version-history":[{"count":1,"href":"https:\/\/garageblogec.com\/index.php?rest_route=\/wp\/v2\/posts\/2181\/revisions"}],"predecessor-version":[{"id":2183,"href":"https:\/\/garageblogec.com\/index.php?rest_route=\/wp\/v2\/posts\/2181\/revisions\/2183"}],"wp:featuredmedia":[{"embeddable":true,"href":"https:\/\/garageblogec.com\/index.php?rest_route=\/wp\/v2\/media\/2182"}],"wp:attachment":[{"href":"https:\/\/garageblogec.com\/index.php?rest_route=%2Fwp%2Fv2%2Fmedia&parent=2181"}],"wp:term":[{"taxonomy":"category","embeddable":true,"href":"https:\/\/garageblogec.com\/index.php?rest_route=%2Fwp%2Fv2%2Fcategories&post=2181"},{"taxonomy":"post_tag","embeddable":true,"href":"https:\/\/garageblogec.com\/index.php?rest_route=%2Fwp%2Fv2%2Ftags&post=2181"}],"curies":[{"name":"wp","href":"https:\/\/api.w.org\/{rel}","templated":true}]}}