{"id":2176,"date":"2025-06-11T20:42:17","date_gmt":"2025-06-11T20:42:17","guid":{"rendered":"https:\/\/garageblogec.com\/?p=2176"},"modified":"2025-06-11T20:51:29","modified_gmt":"2025-06-11T20:51:29","slug":"el-sedan-6e-mas-deportivo-de-mazda-se-lanza-con-un-precio-que-parece-un-error-tipografico","status":"publish","type":"post","link":"https:\/\/garageblogec.com\/?p=2176","title":{"rendered":"El sed\u00e1n 6e m\u00e1s deportivo de Mazda se lanza con un precio que parece un error tipogr\u00e1fico"},"content":{"rendered":"\n<p>Si bien Mazda a\u00fan no ha confirmado si el nuevo EZ-6 Sport Edition de tama\u00f1o mediano llegar\u00e1 a Europa, el fabricante de autom\u00f3viles japon\u00e9s lanz\u00f3 oficialmente el sed\u00e1n el\u00e9ctrico en China, con precios incluidos.<\/p>\n\n\n\n<figure class=\"wp-block-image size-large\"><img decoding=\"async\" src=\"https:\/\/www.carscoops.com\/wp-content\/uploads\/webp\/2025\/05\/Mazda-EZ-6-Sport-Edition-hgkl-1536x864.webp\" alt=\"\"\/><\/figure>\n\n\n\n<p>Disponible en cuatro versiones, el EZ-6 Sport Edition tiene un precio inicial de \u00a5161,800 (aproximadamente $22,500) para la versi\u00f3n de autonom\u00eda extendida (ER) \u00abSmart Elegant\u00bb. El precio sube a \u00a5171,800 (USD 23,900) para las versiones ER Extreme y Pure Electric Zhiga, y alcanza un m\u00e1ximo de \u00a5181,180 (USD 25,300) para el modelo insignia Pure Electric Supreme.<\/p>\n\n\n\n<figure class=\"wp-block-image size-large\"><a href=\"https:\/\/www.kia.com\/ec\/showroom\/sportage-nq5\/features.html\"><img fetchpriority=\"high\" decoding=\"async\" width=\"1024\" height=\"285\" src=\"https:\/\/garageblogec.com\/wp-content\/uploads\/2025\/06\/GARAGEBLOG-1080X300-1024x285.png\" alt=\"\" class=\"wp-image-2177\" srcset=\"https:\/\/garageblogec.com\/wp-content\/uploads\/2025\/06\/GARAGEBLOG-1080X300-1024x285.png 1024w, https:\/\/garageblogec.com\/wp-content\/uploads\/2025\/06\/GARAGEBLOG-1080X300-300x84.png 300w, https:\/\/garageblogec.com\/wp-content\/uploads\/2025\/06\/GARAGEBLOG-1080X300-768x214.png 768w, https:\/\/garageblogec.com\/wp-content\/uploads\/2025\/06\/GARAGEBLOG-1080X300.png 1081w\" sizes=\"(max-width: 1024px) 100vw, 1024px\" \/><\/a><\/figure>\n\n\n\n<p>A modo de comparaci\u00f3n, el Mazda m\u00e1s asequible que se vende actualmente en Estados Unidos es el Mazda3 Sedan de tama\u00f1o compacto y 191 caballos de fuerza, cuyo precio inicial es de 24.150 d\u00f3lares antes de impuestos y tarifas de destino.<\/p>\n\n\n\n<figure class=\"wp-block-image size-large\"><img decoding=\"async\" src=\"https:\/\/www.carscoops.com\/wp-content\/uploads\/webp\/2025\/05\/rvewfvr32erfv.webp\" alt=\"\"\/><\/figure>\n\n\n\n<p>La \u00faltima creaci\u00f3n de Mazda ya est\u00e1 aqu\u00ed, y luce a\u00fan m\u00e1s elegante que antes. El sed\u00e1n 6e ya contaba con un estilo elegante y un interior refinado, pero ped\u00eda a gritos un toque m\u00e1s deportivo, como el acabado M Sport de\u00a0BMW\u00a0. Pues bien,\u00a0Mazda\u00a0lo escuch\u00f3 y por fin lo ha cumplido.<\/p>\n\n\n\n<p>El fabricante de autom\u00f3viles japon\u00e9s y Changan han presentado el EZ-6 Sports Edition para el mercado chino, siendo EZ-6 el nombre asi\u00e1tico del autom\u00f3vil que en Occidente conocemos como 6e.<\/p>\n\n\n\n<figure class=\"wp-block-image size-large\"><img decoding=\"async\" src=\"https:\/\/www.carscoops.com\/wp-content\/uploads\/webp\/2025\/05\/Mazda-EZ-60-Sport-Edition-5-1536x1024.webp\" alt=\"\"\/><\/figure>\n\n\n\n<p>Los detalles exteriores negros brillantes, las llantas de aleaci\u00f3n de 19 pulgadas en negro brillante y las pinzas de freno en rojo ayudan a que la Sports Edition se destaque de los modelos EZ-6\u00a0m\u00e1s relajados\u00a0desde el exterior, y el ambiente de alto rendimiento contin\u00faa en el interior mediante el uso de tapicer\u00eda Alcantara y destellos de rojo en las costuras y los asientos.<\/p>\n\n\n\n<figure class=\"wp-block-image size-large\"><img decoding=\"async\" src=\"https:\/\/www.carscoops.com\/wp-content\/uploads\/webp\/2025\/05\/dfmdflkdkjfdjfkdjfkdjfkdjfkjfkdjfkjf-1536x863.webp\" alt=\"\"\/><\/figure>\n\n\n\n<p>Mazda tambi\u00e9n ha a\u00f1adido retroiluminaci\u00f3n roja para las superficies interiores y un aplique con efecto malla para la consola, muy similar al patr\u00f3n de acabado de las versiones m\u00e1s deportivas\u00a0del CX-60\u00a0. La misma pantalla de infoentretenimiento de 14,6 pulgadas que se encuentra en otros EZ-6\/6es, una pantalla de visualizaci\u00f3n frontal de realidad aumentada de 50 pulgadas con chip Qualcomm Snapdragon 8155 y un sistema de audio Sony de 14 altavoces vienen de serie, seg\u00fan Car News China.<\/p>\n\n\n\n<p>La Edici\u00f3n Deportiva se present\u00f3 en el Sal\u00f3n del Autom\u00f3vil de Shangh\u00e1i el mes pasado, pero pas\u00f3 desapercibida. Mazda y Changan no especificaron si ofrece mayor potencia que el sed\u00e1n de serie, pero sospechamos que se trata simplemente de un paquete de equipamiento. Tambi\u00e9n sospechamos firmemente que Mazda lanzar\u00e1 muy pronto una versi\u00f3n similar para el mercado europeo 6e. Car News China\u00a0informa\u00a0que la Edici\u00f3n Deportiva fue desarrollada conjuntamente por Mazda y Changan en China y Mazda Europa.<\/p>\n\n\n\n<figure class=\"wp-block-image size-large\"><img decoding=\"async\" src=\"https:\/\/www.carscoops.com\/wp-content\/uploads\/webp\/2025\/05\/Mazda-EZ-6-Sports-Edition-00003-1536x1024.webp\" alt=\"\"\/><\/figure>\n\n\n\n<p>Le preguntamos a Mazda Europa sobre el sistema de propulsi\u00f3n, si la Sports Edition llegar\u00e1 a Occidente y c\u00f3mo se llamar\u00e1 si lo hace, y le informaremos cuando tengamos m\u00e1s noticias.<\/p>\n\n\n\n<p>Una caracter\u00edstica que sin duda ser\u00e1 diferente entre las versiones china y occidental es la elecci\u00f3n de motores, aunque la producci\u00f3n de ambos modelos se realiza en la misma planta de Changan.\u00a0El EZ-6 chino\u00a0est\u00e1 disponible con un motor de 1.5 litros con autonom\u00eda extendida que genera 215 hp (218 CV \/ 160 kW) o con una alternativa de 255 hp (258 CV \/ 190 kW) con bater\u00eda propia, pero los 6E europeos son exclusivamente el\u00e9ctricos.<\/p>\n\n\n<div class='pt-cv-wrapper'> <h3 class='pt-cv-heading-container heading1' data-blockid='4ekha6xl'><span class='pt-cv-heading'> Overlay1 <\/span><\/h3><div class=\"pt-cv-view pt-cv-overlaygrid iscvblock iscvreal overlay1 layout1\" id=\"pt-cv-view-4ekha6xl\"><div data-id=\"pt-cv-page-1\" class=\"pt-cv-page\" data-cvc=\"3\"><div class=\" pt-cv-content-item pt-cv-1-col\" ><div class=\"pt-cv-thumb-wrapper  \"><a href=\"https:\/\/garageblogec.com\/?p=3303\" class=\"_self pt-cv-href-thumbnail pt-cv-thumb-default\" target=\"_self\" ><img decoding=\"async\" width=\"768\" height=\"432\" src=\"https:\/\/garageblogec.com\/wp-content\/uploads\/2026\/04\/WhatsApp-Image-2026-04-21-at-1.52.53-PM-768x432.jpeg\" class=\"pt-cv-thumbnail\" alt=\"\" \/><\/a><\/div>\n<div class=\"pt-cv-overlay-wrapper\"><div class=\"pt-cv-taxoterm above_title\"><a href='https:\/\/garageblogec.com\/?cat=27' title='Industria Nacional' class='pt-cv-tax-industria-nacional'>Industria Nacional<\/a><\/div><h4 class=\"pt-cv-title\"><a href=\"https:\/\/garageblogec.com\/?p=3303\" class=\"_self\" target=\"_self\" >Grupo Ambacar presenta en Guayaquil KGM, su nueva marca de SUV h\u00edbridos con respaldo global<\/a><\/h4><div class=\"pt-cv-meta-fields\"><span class=\"entry-date\"> <time datetime=\"2026-04-21T21:37:24+00:00\">abril 21, 2026<\/time><\/span><span> \/ <\/span><span class=\"author\"> <a href=\"https:\/\/garageblogec.com\/?author=6\" rel=\"author\">gabi1212<\/a><\/span><\/div><\/div><\/div>\n<div class=\" pt-cv-content-item pt-cv-1-col\" ><div class=\"pt-cv-thumb-wrapper  \"><a href=\"https:\/\/garageblogec.com\/?p=3296\" class=\"_self pt-cv-href-thumbnail pt-cv-thumb-default\" target=\"_self\" ><img decoding=\"async\" width=\"768\" height=\"432\" src=\"https:\/\/garageblogec.com\/wp-content\/uploads\/2026\/04\/WhatsApp-Image-2026-04-14-at-3.15.09-PM-768x432.jpeg\" class=\"pt-cv-thumbnail\" alt=\"\" \/><\/a><\/div>\n<div class=\"pt-cv-overlay-wrapper\"><div class=\"pt-cv-taxoterm above_title\"><a href='https:\/\/garageblogec.com\/?cat=27' title='Industria Nacional' class='pt-cv-tax-industria-nacional'>Industria Nacional<\/a><\/div><h4 class=\"pt-cv-title\"><a href=\"https:\/\/garageblogec.com\/?p=3296\" class=\"_self\" target=\"_self\" >El tablero desapareci\u00f3, ahora el auto es una pantalla inteligente<\/a><\/h4><div class=\"pt-cv-meta-fields\"><span class=\"entry-date\"> <time datetime=\"2026-04-14T20:21:20+00:00\">abril 14, 2026<\/time><\/span><span> \/ <\/span><span class=\"author\"> <a href=\"https:\/\/garageblogec.com\/?author=6\" rel=\"author\">gabi1212<\/a><\/span><\/div><\/div><\/div>\n<div class=\" pt-cv-content-item pt-cv-1-col\" ><div class=\"pt-cv-thumb-wrapper  \"><a href=\"https:\/\/garageblogec.com\/?p=3291\" class=\"_self pt-cv-href-thumbnail pt-cv-thumb-default\" target=\"_self\" ><img loading=\"lazy\" decoding=\"async\" width=\"768\" height=\"432\" src=\"https:\/\/garageblogec.com\/wp-content\/uploads\/2026\/04\/WhatsApp-Image-2026-04-14-at-2.21.27-PM-768x432.jpeg\" class=\"pt-cv-thumbnail\" alt=\"\" \/><\/a><\/div>\n<div class=\"pt-cv-overlay-wrapper\"><div class=\"pt-cv-taxoterm above_title\"><a href='https:\/\/garageblogec.com\/?cat=27' title='Industria Nacional' class='pt-cv-tax-industria-nacional'>Industria Nacional<\/a><\/div><h4 class=\"pt-cv-title\"><a href=\"https:\/\/garageblogec.com\/?p=3291\" class=\"_self\" target=\"_self\" >Seguridad al volante en Ecuador: los errores m\u00e1s comunes que cometen los conductores<\/a><\/h4><div class=\"pt-cv-meta-fields\"><span class=\"entry-date\"> <time datetime=\"2026-04-14T20:08:54+00:00\">abril 14, 2026<\/time><\/span><span> \/ <\/span><span class=\"author\"> <a href=\"https:\/\/garageblogec.com\/?author=6\" rel=\"author\">gabi1212<\/a><\/span><\/div><\/div><\/div>\n<div class=\" pt-cv-content-item pt-cv-1-col\" ><div class=\"pt-cv-thumb-wrapper  \"><a href=\"https:\/\/garageblogec.com\/?p=3286\" class=\"_self pt-cv-href-thumbnail pt-cv-thumb-default\" target=\"_self\" ><img loading=\"lazy\" decoding=\"async\" width=\"768\" height=\"492\" src=\"https:\/\/garageblogec.com\/wp-content\/uploads\/2026\/04\/Posventa.jpg-768x492.jpeg\" class=\"pt-cv-thumbnail\" alt=\"\" \/><\/a><\/div>\n<div class=\"pt-cv-overlay-wrapper\"><div class=\"pt-cv-taxoterm above_title\"><a href='https:\/\/garageblogec.com\/?cat=27' title='Industria Nacional' class='pt-cv-tax-industria-nacional'>Industria Nacional<\/a><\/div><h4 class=\"pt-cv-title\"><a href=\"https:\/\/garageblogec.com\/?p=3286\" class=\"_self\" target=\"_self\" >Clientes Nissan reciben cambios de aceite infinitos<\/a><\/h4><div class=\"pt-cv-meta-fields\"><span class=\"entry-date\"> <time datetime=\"2026-04-14T20:04:08+00:00\">abril 14, 2026<\/time><\/span><span> \/ <\/span><span class=\"author\"> <a href=\"https:\/\/garageblogec.com\/?author=6\" rel=\"author\">gabi1212<\/a><\/span><\/div><\/div><\/div>\n<div class=\" pt-cv-content-item pt-cv-1-col\" ><div class=\"pt-cv-thumb-wrapper  \"><a href=\"https:\/\/garageblogec.com\/?p=3280\" class=\"_self pt-cv-href-thumbnail pt-cv-thumb-default\" target=\"_self\" ><img loading=\"lazy\" decoding=\"async\" width=\"768\" height=\"512\" src=\"https:\/\/garageblogec.com\/wp-content\/uploads\/2026\/04\/foto1-768x512.jpeg\" class=\"pt-cv-thumbnail\" alt=\"\" \/><\/a><\/div>\n<div class=\"pt-cv-overlay-wrapper\"><div class=\"pt-cv-taxoterm above_title\"><a href='https:\/\/garageblogec.com\/?cat=27' title='Industria Nacional' class='pt-cv-tax-industria-nacional'>Industria Nacional<\/a><\/div><h4 class=\"pt-cv-title\"><a href=\"https:\/\/garageblogec.com\/?p=3280\" class=\"_self\" target=\"_self\" >Movilidad como inversi\u00f3n: el uso de utilidades que crece en Ecuador<\/a><\/h4><div class=\"pt-cv-meta-fields\"><span class=\"entry-date\"> <time datetime=\"2026-04-07T19:55:36+00:00\">abril 7, 2026<\/time><\/span><span> \/ <\/span><span class=\"author\"> <a href=\"https:\/\/garageblogec.com\/?author=6\" rel=\"author\">gabi1212<\/a><\/span><\/div><\/div><\/div>\n<div class=\" pt-cv-content-item pt-cv-1-col\" ><div class=\"pt-cv-thumb-wrapper  \"><a href=\"https:\/\/garageblogec.com\/?p=3276\" class=\"_self pt-cv-href-thumbnail pt-cv-thumb-default\" target=\"_self\" ><img loading=\"lazy\" decoding=\"async\" width=\"745\" height=\"491\" src=\"https:\/\/garageblogec.com\/wp-content\/uploads\/2026\/04\/TT.png\" class=\"pt-cv-thumbnail\" alt=\"\" \/><\/a><\/div>\n<div class=\"pt-cv-overlay-wrapper\"><div class=\"pt-cv-taxoterm above_title\"><a href='https:\/\/garageblogec.com\/?cat=27' title='Industria Nacional' class='pt-cv-tax-industria-nacional'>Industria Nacional<\/a><\/div><h4 class=\"pt-cv-title\"><a href=\"https:\/\/garageblogec.com\/?p=3276\" class=\"_self\" target=\"_self\" >Lluvias en Ecuador: C\u00f3mo reducir riesgos en carretera y prevenir accidentes en calzada mojada<\/a><\/h4><div class=\"pt-cv-meta-fields\"><span class=\"entry-date\"> <time datetime=\"2026-04-07T19:46:52+00:00\">abril 7, 2026<\/time><\/span><span> \/ <\/span><span class=\"author\"> <a href=\"https:\/\/garageblogec.com\/?author=6\" rel=\"author\">gabi1212<\/a><\/span><\/div><\/div><\/div><\/div><\/div> <\/div> <style>\n#pt-cv-view-4ekha6xl .pt-cv-thumb-wrapper::before {background: rgba(0,0,0,.4); opacity: 0.8;}#pt-cv-view-4ekha6xl .pt-cv-overlay-wrapper {justify-content: center;}\n#pt-cv-view-4ekha6xl .pt-cv-meta-fields {  }#pt-cv-view-4ekha6xl .pt-cv-meta-fields * { font-size: 13px; }#pt-cv-view-4ekha6xl .pt-cv-title a { display: block; }#pt-cv-view-4ekha6xl .pt-cv-title:not(.pt-cv-titlesm) a { font-weight: 600;text-decoration: none;font-size: 20px; }#pt-cv-view-4ekha6xl .pt-cv-titlesm a { font-weight: 600;font-size: 18px; }#pt-cv-view-4ekha6xl .pt-cv-content { font-size: 15px; }#pt-cv-view-4ekha6xl .pt-cv-rmwrap {  }#pt-cv-view-4ekha6xl .pt-cv-readmore { color: #fff;background-color: #0075ff;font-size: 14px; }#pt-cv-view-4ekha6xl .pt-cv-taxoterm { margin: 0px 0px 20px 0px; }#pt-cv-view-4ekha6xl .pt-cv-taxoterm * { color: #222;background-color: #fff6f6;font-size: 14px; }#pt-cv-view-4ekha6xl + .pt-cv-pagination-wrapper {  }#pt-cv-view-4ekha6xl + .pt-cv-pagination-wrapper a { font-size: 14px; }#pt-cv-view-4ekha6xl > .pt-cv-page {grid-template-columns: repeat(3, 1fr);grid-auto-rows: 250px;grid-gap: 10px;}\n@media all and (max-width: 1024px) { \n#pt-cv-view-4ekha6xl > .pt-cv-page {}\n} \n@media all and (max-width: 767px) { \n#pt-cv-view-4ekha6xl > .pt-cv-page {grid-template-columns: repeat(1, 1fr);}\n} <\/style>","protected":false},"excerpt":{"rendered":"<p>El EZ-6, la contraparte china del pr\u00f3ximo 6e de Mazda, obtiene una edici\u00f3n deportiva con detalles en negro y pinzas de freno rojas.<\/p>\n","protected":false},"author":6,"featured_media":2178,"comment_status":"open","ping_status":"open","sticky":false,"template":"","format":"standard","meta":{"_jetpack_memberships_contains_paid_content":false,"footnotes":""},"categories":[27],"tags":[],"class_list":["post-2176","post","type-post","status-publish","format-standard","has-post-thumbnail","hentry","category-industria-nacional"],"yoast_head":"<!-- This site is optimized with the Yoast SEO plugin v27.5 - https:\/\/yoast.com\/product\/yoast-seo-wordpress\/ -->\n<title>El sed\u00e1n 6e m\u00e1s deportivo de Mazda se lanza con un precio que parece un error tipogr\u00e1fico - Garage Blog Ecuador<\/title>\n<meta name=\"robots\" content=\"index, follow, max-snippet:-1, max-image-preview:large, max-video-preview:-1\" \/>\n<link rel=\"canonical\" href=\"https:\/\/garageblogec.com\/?p=2176\" \/>\n<meta property=\"og:locale\" content=\"es_ES\" \/>\n<meta property=\"og:type\" content=\"article\" \/>\n<meta property=\"og:title\" content=\"El sed\u00e1n 6e m\u00e1s deportivo de Mazda se lanza con un precio que parece un error tipogr\u00e1fico - Garage Blog Ecuador\" \/>\n<meta property=\"og:description\" content=\"El EZ-6, la contraparte china del pr\u00f3ximo 6e de Mazda, obtiene una edici\u00f3n deportiva con detalles en negro y pinzas de freno rojas.\" \/>\n<meta property=\"og:url\" content=\"https:\/\/garageblogec.com\/?p=2176\" \/>\n<meta property=\"og:site_name\" content=\"Garage Blog Ecuador\" \/>\n<meta property=\"article:published_time\" content=\"2025-06-11T20:42:17+00:00\" \/>\n<meta property=\"article:modified_time\" content=\"2025-06-11T20:51:29+00:00\" \/>\n<meta property=\"og:image\" content=\"https:\/\/garageblogec.com\/wp-content\/uploads\/2025\/06\/Captura-6.png\" \/>\n\t<meta property=\"og:image:width\" content=\"901\" \/>\n\t<meta property=\"og:image:height\" content=\"508\" \/>\n\t<meta property=\"og:image:type\" content=\"image\/png\" \/>\n<meta name=\"author\" content=\"gabi1212\" \/>\n<meta name=\"twitter:card\" content=\"summary_large_image\" \/>\n<meta name=\"twitter:label1\" content=\"Escrito por\" \/>\n\t<meta name=\"twitter:data1\" content=\"gabi1212\" \/>\n\t<meta name=\"twitter:label2\" content=\"Tiempo de lectura\" \/>\n\t<meta name=\"twitter:data2\" content=\"4 minutos\" \/>\n<script type=\"application\/ld+json\" class=\"yoast-schema-graph\">{\"@context\":\"https:\\\/\\\/schema.org\",\"@graph\":[{\"@type\":\"Article\",\"@id\":\"https:\\\/\\\/garageblogec.com\\\/?p=2176#article\",\"isPartOf\":{\"@id\":\"https:\\\/\\\/garageblogec.com\\\/?p=2176\"},\"author\":{\"name\":\"gabi1212\",\"@id\":\"https:\\\/\\\/garageblogec.com\\\/#\\\/schema\\\/person\\\/635f4b76c0cb3e43b82fe6f7d8bcceea\"},\"headline\":\"El sed\u00e1n 6e m\u00e1s deportivo de Mazda se lanza con un precio que parece un error tipogr\u00e1fico\",\"datePublished\":\"2025-06-11T20:42:17+00:00\",\"dateModified\":\"2025-06-11T20:51:29+00:00\",\"mainEntityOfPage\":{\"@id\":\"https:\\\/\\\/garageblogec.com\\\/?p=2176\"},\"wordCount\":595,\"commentCount\":0,\"publisher\":{\"@id\":\"https:\\\/\\\/garageblogec.com\\\/#organization\"},\"image\":{\"@id\":\"https:\\\/\\\/garageblogec.com\\\/?p=2176#primaryimage\"},\"thumbnailUrl\":\"https:\\\/\\\/garageblogec.com\\\/wp-content\\\/uploads\\\/2025\\\/06\\\/Captura-6.png\",\"articleSection\":[\"Industria Nacional\"],\"inLanguage\":\"es\",\"potentialAction\":[{\"@type\":\"CommentAction\",\"name\":\"Comment\",\"target\":[\"https:\\\/\\\/garageblogec.com\\\/?p=2176#respond\"]}]},{\"@type\":\"WebPage\",\"@id\":\"https:\\\/\\\/garageblogec.com\\\/?p=2176\",\"url\":\"https:\\\/\\\/garageblogec.com\\\/?p=2176\",\"name\":\"El sed\u00e1n 6e m\u00e1s deportivo de Mazda se lanza con un precio que parece un error tipogr\u00e1fico - Garage Blog Ecuador\",\"isPartOf\":{\"@id\":\"https:\\\/\\\/garageblogec.com\\\/#website\"},\"primaryImageOfPage\":{\"@id\":\"https:\\\/\\\/garageblogec.com\\\/?p=2176#primaryimage\"},\"image\":{\"@id\":\"https:\\\/\\\/garageblogec.com\\\/?p=2176#primaryimage\"},\"thumbnailUrl\":\"https:\\\/\\\/garageblogec.com\\\/wp-content\\\/uploads\\\/2025\\\/06\\\/Captura-6.png\",\"datePublished\":\"2025-06-11T20:42:17+00:00\",\"dateModified\":\"2025-06-11T20:51:29+00:00\",\"breadcrumb\":{\"@id\":\"https:\\\/\\\/garageblogec.com\\\/?p=2176#breadcrumb\"},\"inLanguage\":\"es\",\"potentialAction\":[{\"@type\":\"ReadAction\",\"target\":[\"https:\\\/\\\/garageblogec.com\\\/?p=2176\"]}]},{\"@type\":\"ImageObject\",\"inLanguage\":\"es\",\"@id\":\"https:\\\/\\\/garageblogec.com\\\/?p=2176#primaryimage\",\"url\":\"https:\\\/\\\/garageblogec.com\\\/wp-content\\\/uploads\\\/2025\\\/06\\\/Captura-6.png\",\"contentUrl\":\"https:\\\/\\\/garageblogec.com\\\/wp-content\\\/uploads\\\/2025\\\/06\\\/Captura-6.png\",\"width\":901,\"height\":508},{\"@type\":\"BreadcrumbList\",\"@id\":\"https:\\\/\\\/garageblogec.com\\\/?p=2176#breadcrumb\",\"itemListElement\":[{\"@type\":\"ListItem\",\"position\":1,\"name\":\"Portada\",\"item\":\"https:\\\/\\\/garageblogec.com\\\/\"},{\"@type\":\"ListItem\",\"position\":2,\"name\":\"El sed\u00e1n 6e m\u00e1s deportivo de Mazda se lanza con un precio que parece un error tipogr\u00e1fico\"}]},{\"@type\":\"WebSite\",\"@id\":\"https:\\\/\\\/garageblogec.com\\\/#website\",\"url\":\"https:\\\/\\\/garageblogec.com\\\/\",\"name\":\"Garage Blog Ecuador\",\"description\":\"Alucinamos por los autos \",\"publisher\":{\"@id\":\"https:\\\/\\\/garageblogec.com\\\/#organization\"},\"potentialAction\":[{\"@type\":\"SearchAction\",\"target\":{\"@type\":\"EntryPoint\",\"urlTemplate\":\"https:\\\/\\\/garageblogec.com\\\/?s={search_term_string}\"},\"query-input\":{\"@type\":\"PropertyValueSpecification\",\"valueRequired\":true,\"valueName\":\"search_term_string\"}}],\"inLanguage\":\"es\"},{\"@type\":\"Organization\",\"@id\":\"https:\\\/\\\/garageblogec.com\\\/#organization\",\"name\":\"Garage Blog Ecuador\",\"url\":\"https:\\\/\\\/garageblogec.com\\\/\",\"logo\":{\"@type\":\"ImageObject\",\"inLanguage\":\"es\",\"@id\":\"https:\\\/\\\/garageblogec.com\\\/#\\\/schema\\\/logo\\\/image\\\/\",\"url\":\"https:\\\/\\\/garageblogec.com\\\/wp-content\\\/uploads\\\/2024\\\/02\\\/cropped-logo-png-para-blog.webp\",\"contentUrl\":\"https:\\\/\\\/garageblogec.com\\\/wp-content\\\/uploads\\\/2024\\\/02\\\/cropped-logo-png-para-blog.webp\",\"width\":840,\"height\":556,\"caption\":\"Garage Blog Ecuador \"},\"image\":{\"@id\":\"https:\\\/\\\/garageblogec.com\\\/#\\\/schema\\\/logo\\\/image\\\/\"}},{\"@type\":\"Person\",\"@id\":\"https:\\\/\\\/garageblogec.com\\\/#\\\/schema\\\/person\\\/635f4b76c0cb3e43b82fe6f7d8bcceea\",\"name\":\"gabi1212\",\"image\":{\"@type\":\"ImageObject\",\"inLanguage\":\"es\",\"@id\":\"https:\\\/\\\/secure.gravatar.com\\\/avatar\\\/6aa491f45cb359d4d6dd8c430e83f78899c80569c27d21156e19bbdcd31d1811?s=96&d=mm&r=g\",\"url\":\"https:\\\/\\\/secure.gravatar.com\\\/avatar\\\/6aa491f45cb359d4d6dd8c430e83f78899c80569c27d21156e19bbdcd31d1811?s=96&d=mm&r=g\",\"contentUrl\":\"https:\\\/\\\/secure.gravatar.com\\\/avatar\\\/6aa491f45cb359d4d6dd8c430e83f78899c80569c27d21156e19bbdcd31d1811?s=96&d=mm&r=g\",\"caption\":\"gabi1212\"},\"url\":\"https:\\\/\\\/garageblogec.com\\\/?author=6\"}]}<\/script>\n<!-- \/ Yoast SEO plugin. -->","yoast_head_json":{"title":"El sed\u00e1n 6e m\u00e1s deportivo de Mazda se lanza con un precio que parece un error tipogr\u00e1fico - Garage Blog Ecuador","robots":{"index":"index","follow":"follow","max-snippet":"max-snippet:-1","max-image-preview":"max-image-preview:large","max-video-preview":"max-video-preview:-1"},"canonical":"https:\/\/garageblogec.com\/?p=2176","og_locale":"es_ES","og_type":"article","og_title":"El sed\u00e1n 6e m\u00e1s deportivo de Mazda se lanza con un precio que parece un error tipogr\u00e1fico - Garage Blog Ecuador","og_description":"El EZ-6, la contraparte china del pr\u00f3ximo 6e de Mazda, obtiene una edici\u00f3n deportiva con detalles en negro y pinzas de freno rojas.","og_url":"https:\/\/garageblogec.com\/?p=2176","og_site_name":"Garage Blog Ecuador","article_published_time":"2025-06-11T20:42:17+00:00","article_modified_time":"2025-06-11T20:51:29+00:00","og_image":[{"width":901,"height":508,"url":"https:\/\/garageblogec.com\/wp-content\/uploads\/2025\/06\/Captura-6.png","type":"image\/png"}],"author":"gabi1212","twitter_card":"summary_large_image","twitter_misc":{"Escrito por":"gabi1212","Tiempo de lectura":"4 minutos"},"schema":{"@context":"https:\/\/schema.org","@graph":[{"@type":"Article","@id":"https:\/\/garageblogec.com\/?p=2176#article","isPartOf":{"@id":"https:\/\/garageblogec.com\/?p=2176"},"author":{"name":"gabi1212","@id":"https:\/\/garageblogec.com\/#\/schema\/person\/635f4b76c0cb3e43b82fe6f7d8bcceea"},"headline":"El sed\u00e1n 6e m\u00e1s deportivo de Mazda se lanza con un precio que parece un error tipogr\u00e1fico","datePublished":"2025-06-11T20:42:17+00:00","dateModified":"2025-06-11T20:51:29+00:00","mainEntityOfPage":{"@id":"https:\/\/garageblogec.com\/?p=2176"},"wordCount":595,"commentCount":0,"publisher":{"@id":"https:\/\/garageblogec.com\/#organization"},"image":{"@id":"https:\/\/garageblogec.com\/?p=2176#primaryimage"},"thumbnailUrl":"https:\/\/garageblogec.com\/wp-content\/uploads\/2025\/06\/Captura-6.png","articleSection":["Industria Nacional"],"inLanguage":"es","potentialAction":[{"@type":"CommentAction","name":"Comment","target":["https:\/\/garageblogec.com\/?p=2176#respond"]}]},{"@type":"WebPage","@id":"https:\/\/garageblogec.com\/?p=2176","url":"https:\/\/garageblogec.com\/?p=2176","name":"El sed\u00e1n 6e m\u00e1s deportivo de Mazda se lanza con un precio que parece un error tipogr\u00e1fico - Garage Blog Ecuador","isPartOf":{"@id":"https:\/\/garageblogec.com\/#website"},"primaryImageOfPage":{"@id":"https:\/\/garageblogec.com\/?p=2176#primaryimage"},"image":{"@id":"https:\/\/garageblogec.com\/?p=2176#primaryimage"},"thumbnailUrl":"https:\/\/garageblogec.com\/wp-content\/uploads\/2025\/06\/Captura-6.png","datePublished":"2025-06-11T20:42:17+00:00","dateModified":"2025-06-11T20:51:29+00:00","breadcrumb":{"@id":"https:\/\/garageblogec.com\/?p=2176#breadcrumb"},"inLanguage":"es","potentialAction":[{"@type":"ReadAction","target":["https:\/\/garageblogec.com\/?p=2176"]}]},{"@type":"ImageObject","inLanguage":"es","@id":"https:\/\/garageblogec.com\/?p=2176#primaryimage","url":"https:\/\/garageblogec.com\/wp-content\/uploads\/2025\/06\/Captura-6.png","contentUrl":"https:\/\/garageblogec.com\/wp-content\/uploads\/2025\/06\/Captura-6.png","width":901,"height":508},{"@type":"BreadcrumbList","@id":"https:\/\/garageblogec.com\/?p=2176#breadcrumb","itemListElement":[{"@type":"ListItem","position":1,"name":"Portada","item":"https:\/\/garageblogec.com\/"},{"@type":"ListItem","position":2,"name":"El sed\u00e1n 6e m\u00e1s deportivo de Mazda se lanza con un precio que parece un error tipogr\u00e1fico"}]},{"@type":"WebSite","@id":"https:\/\/garageblogec.com\/#website","url":"https:\/\/garageblogec.com\/","name":"Garage Blog Ecuador","description":"Alucinamos por los autos ","publisher":{"@id":"https:\/\/garageblogec.com\/#organization"},"potentialAction":[{"@type":"SearchAction","target":{"@type":"EntryPoint","urlTemplate":"https:\/\/garageblogec.com\/?s={search_term_string}"},"query-input":{"@type":"PropertyValueSpecification","valueRequired":true,"valueName":"search_term_string"}}],"inLanguage":"es"},{"@type":"Organization","@id":"https:\/\/garageblogec.com\/#organization","name":"Garage Blog Ecuador","url":"https:\/\/garageblogec.com\/","logo":{"@type":"ImageObject","inLanguage":"es","@id":"https:\/\/garageblogec.com\/#\/schema\/logo\/image\/","url":"https:\/\/garageblogec.com\/wp-content\/uploads\/2024\/02\/cropped-logo-png-para-blog.webp","contentUrl":"https:\/\/garageblogec.com\/wp-content\/uploads\/2024\/02\/cropped-logo-png-para-blog.webp","width":840,"height":556,"caption":"Garage Blog Ecuador "},"image":{"@id":"https:\/\/garageblogec.com\/#\/schema\/logo\/image\/"}},{"@type":"Person","@id":"https:\/\/garageblogec.com\/#\/schema\/person\/635f4b76c0cb3e43b82fe6f7d8bcceea","name":"gabi1212","image":{"@type":"ImageObject","inLanguage":"es","@id":"https:\/\/secure.gravatar.com\/avatar\/6aa491f45cb359d4d6dd8c430e83f78899c80569c27d21156e19bbdcd31d1811?s=96&d=mm&r=g","url":"https:\/\/secure.gravatar.com\/avatar\/6aa491f45cb359d4d6dd8c430e83f78899c80569c27d21156e19bbdcd31d1811?s=96&d=mm&r=g","contentUrl":"https:\/\/secure.gravatar.com\/avatar\/6aa491f45cb359d4d6dd8c430e83f78899c80569c27d21156e19bbdcd31d1811?s=96&d=mm&r=g","caption":"gabi1212"},"url":"https:\/\/garageblogec.com\/?author=6"}]}},"jetpack_featured_media_url":"https:\/\/garageblogec.com\/wp-content\/uploads\/2025\/06\/Captura-6.png","jetpack_sharing_enabled":true,"_links":{"self":[{"href":"https:\/\/garageblogec.com\/index.php?rest_route=\/wp\/v2\/posts\/2176","targetHints":{"allow":["GET"]}}],"collection":[{"href":"https:\/\/garageblogec.com\/index.php?rest_route=\/wp\/v2\/posts"}],"about":[{"href":"https:\/\/garageblogec.com\/index.php?rest_route=\/wp\/v2\/types\/post"}],"author":[{"embeddable":true,"href":"https:\/\/garageblogec.com\/index.php?rest_route=\/wp\/v2\/users\/6"}],"replies":[{"embeddable":true,"href":"https:\/\/garageblogec.com\/index.php?rest_route=%2Fwp%2Fv2%2Fcomments&post=2176"}],"version-history":[{"count":2,"href":"https:\/\/garageblogec.com\/index.php?rest_route=\/wp\/v2\/posts\/2176\/revisions"}],"predecessor-version":[{"id":2180,"href":"https:\/\/garageblogec.com\/index.php?rest_route=\/wp\/v2\/posts\/2176\/revisions\/2180"}],"wp:featuredmedia":[{"embeddable":true,"href":"https:\/\/garageblogec.com\/index.php?rest_route=\/wp\/v2\/media\/2178"}],"wp:attachment":[{"href":"https:\/\/garageblogec.com\/index.php?rest_route=%2Fwp%2Fv2%2Fmedia&parent=2176"}],"wp:term":[{"taxonomy":"category","embeddable":true,"href":"https:\/\/garageblogec.com\/index.php?rest_route=%2Fwp%2Fv2%2Fcategories&post=2176"},{"taxonomy":"post_tag","embeddable":true,"href":"https:\/\/garageblogec.com\/index.php?rest_route=%2Fwp%2Fv2%2Ftags&post=2176"}],"curies":[{"name":"wp","href":"https:\/\/api.w.org\/{rel}","templated":true}]}}