{"id":2171,"date":"2025-06-10T16:35:06","date_gmt":"2025-06-10T16:35:06","guid":{"rendered":"https:\/\/garageblogec.com\/?p=2171"},"modified":"2025-06-10T16:35:19","modified_gmt":"2025-06-10T16:35:19","slug":"kia-ecuador-y-proyecto-ana-renuevan-alianza-para-contribuir-al-empoderamiento-de-mujeres-en-situacion-de-vulnerabilidad","status":"publish","type":"post","link":"https:\/\/garageblogec.com\/?p=2171","title":{"rendered":"Kia Ecuador y Proyecto ANA renuevan alianza para contribuir al empoderamiento de mujeres en situaci\u00f3n de vulnerabilidad"},"content":{"rendered":"\n<p>Kia Ecuador y el Proyecto ANA, liderado por su fundadora, Lavinia Valbonesi, renuevan y fortalecen su alianza estrat\u00e9gica con el firme prop\u00f3sito de transformar la vida de mujeres en situaci\u00f3n de vulnerabilidad. Juntos, trabajan para impulsar la capacitaci\u00f3n, la empleabilidad y el desarrollo integral de mujeres que han sufrido violencia, promoviendo un Ecuador m\u00e1s justo y sostenible.<\/p>\n\n\n\n<figure class=\"wp-block-image size-large\"><img fetchpriority=\"high\" decoding=\"async\" width=\"1024\" height=\"640\" src=\"https:\/\/garageblogec.com\/wp-content\/uploads\/2025\/06\/WhatsApp-Image-2025-06-10-at-11.12.36-AM-1024x640.jpeg\" alt=\"\" class=\"wp-image-2172\" srcset=\"https:\/\/garageblogec.com\/wp-content\/uploads\/2025\/06\/WhatsApp-Image-2025-06-10-at-11.12.36-AM-1024x640.jpeg 1024w, https:\/\/garageblogec.com\/wp-content\/uploads\/2025\/06\/WhatsApp-Image-2025-06-10-at-11.12.36-AM-300x188.jpeg 300w, https:\/\/garageblogec.com\/wp-content\/uploads\/2025\/06\/WhatsApp-Image-2025-06-10-at-11.12.36-AM-768x480.jpeg 768w, https:\/\/garageblogec.com\/wp-content\/uploads\/2025\/06\/WhatsApp-Image-2025-06-10-at-11.12.36-AM-1536x960.jpeg 1536w, https:\/\/garageblogec.com\/wp-content\/uploads\/2025\/06\/WhatsApp-Image-2025-06-10-at-11.12.36-AM-2048x1280.jpeg 2048w, https:\/\/garageblogec.com\/wp-content\/uploads\/2025\/06\/WhatsApp-Image-2025-06-10-at-11.12.36-AM-1320x825.jpeg 1320w\" sizes=\"(max-width: 1024px) 100vw, 1024px\" \/><\/figure>\n\n\n\n<p>En 2024, Kia Ecuador y la Primera Dama presentaron la <strong>\u201cEscuela Comercial ANA\u201d, <\/strong>un innovador programa de formaci\u00f3n que brinda a las participantes herramientas t\u00e9cnicas y habilidades blandas esenciales para su inserci\u00f3n laboral en la industria automotriz. Este programa incluye m\u00f3dulos especializados en mec\u00e1nica b\u00e1sica, tecnolog\u00edas h\u00edbridas y el\u00e9ctricas, as\u00ed como en negocios, negociaci\u00f3n y ventas.<\/p>\n\n\n\n<p>Este a\u00f1o, al igual que la edici\u00f3n anterior, el programa inicia con evaluaciones psicot\u00e9cnicas que permiten identificar el perfil y fortalezas de cada participante. Adem\u00e1s, se priorizar\u00e1 la contrataci\u00f3n directa de quienes culminen exitosamente el programa, facilitando su acceso inmediato al mercado laboral. Los conocimientos adquiridos tambi\u00e9n habilitan a las mujeres para postular a empleos en el sector automotriz a nivel nacional, ampliando el alcance y el impacto del proyecto.<\/p>\n\n\n\n<figure class=\"wp-block-image size-full\"><a href=\"https:\/\/www.kia.com\/ec\/main.html\"><img decoding=\"async\" width=\"800\" height=\"222\" src=\"https:\/\/garageblogec.com\/wp-content\/uploads\/2025\/04\/7gif1080X300peso-ezgif.com-video-to-webp-converter.webp\" alt=\"\" class=\"wp-image-1923\"\/><\/a><\/figure>\n\n\n\n<p>Ricardo Rosales, Presidente Ejecutivo de Kia, manifest\u00f3 que: \u201c<em>Este es un momento clave para la reactivaci\u00f3n de la industria automotriz en Ecuador. Estamos aumentando la producci\u00f3n de de veh\u00edculos en nuestro pa\u00eds, y es momento de dar un paso m\u00e1s all\u00e1. <strong>Propongo que fabriquemos el primer veh\u00edculo del Proyecto Ana con las manos de las participantes, un veh\u00edculo que no solo represente un logro industrial, sino el compromiso de Kia con el trabajo, el desarrollo, el progreso, y la movilidad sostenible en el Ecuador. <\/strong>Este primer auto ensamblado por mujeres beneficiaras de este proyecto y que ser\u00e1 donado a la fundaci\u00f3n, ser\u00e1 el veh\u00edculo que movilice el compromiso de todo un pa\u00eds hacia un futuro mejor para ellas y sus familias, abriendo un nuevo campo de empleo para mujeres en la manufactura e industrializaci\u00f2n de nuestro pa\u00eds\u201d, <\/em>a\u00f1adi\u00f3 Rosales.<\/p>\n\n\n\n<p>Por su parte, la Primera Dama y Fundadora del Proyecto ANA, Lavinia Valbonesi resalt\u00f3 que: <em>\u201cCuando muchas puertas no se abr\u00edan y mucha gente no confiaba en este proyecto, Kia fue quien nos brind\u00f3 el primer apoyo. Esto fue trascendental para el Proyecto Ana y es lo que al d\u00eda de hoy ha permitido que esto sea una realidad y lo m\u00e1s importante, que se haya converitdo en un proyecto que est\u00e1 transformando vidas.\u201d<\/em><\/p>\n\n\n\n<p>Adem\u00e1s, reiter\u00f3 su agradecimiento a Kia: <em>\u201cPor impulsar nuevamente este proyecto y por acompa\u00f1arnos, por segundo a\u00f1o consecutivo, en esta misi\u00f3n que compartimos: reducir las desigualdades y apostar por el potencial inmenso que habita en cada mujer, especialmente en aquellas que han atravesado situaciones de violencia o vulnerabilidad y que necesitan escribir una nueva historia para ellas y sus familias\u201d <\/em>destac\u00f3 la Primera Dama.<\/p>\n\n\n\n<p>Kia Ecuador se destaca como pionera en la promoci\u00f3n de la inclusi\u00f3n y la equidad de g\u00e9nero dentro de la industria automotriz. Actualmente, mantiene un balance del 60\/40 en roles ejecutivos y se ha comprometido a alcanzar la paridad 50\/50 como parte de su estrategia integral de diversidad.<\/p>\n\n\n\n<p>Estas acciones que forman parte de la estrategica hol\u00edstica de Kia, denominada Plan S (Energ\u00eda Sostemible, Movilidad Sostenible y Planeta Sostenible), no solo transforman la cultura organizacional de la marca, sino que tambi\u00e9n sirven como un modelo inspirador para la sociedad ecuatoriana, demostrando que la inclusi\u00f3n y la diversidad son pilares esenciales para el progreso y la igualdad de oportunidades.<\/p>\n\n\n\n<p>Esta alianza representa un compromiso s\u00f3lido y esperanzador con el futuro de mujeres ecuatorianas que buscan reconstruir sus vidas con dignidad, autonom\u00eda y esperanza, abriendo caminos hacia un Ecuador m\u00e1s justo, inclusivo y pr\u00f3spero para todos.<\/p>\n\n\n<div class='pt-cv-wrapper'> <h3 class='pt-cv-heading-container heading1' data-blockid='bq8xt2m4'><span class='pt-cv-heading'> Overlay1 <\/span><\/h3><div class=\"pt-cv-view pt-cv-overlaygrid iscvblock iscvreal overlay1 layout1\" id=\"pt-cv-view-bq8xt2m4\"><div data-id=\"pt-cv-page-1\" class=\"pt-cv-page\" data-cvc=\"3\"><div class=\" pt-cv-content-item pt-cv-1-col\" ><div class=\"pt-cv-thumb-wrapper  \"><a href=\"https:\/\/garageblogec.com\/?p=3303\" class=\"_self pt-cv-href-thumbnail pt-cv-thumb-default\" target=\"_self\" ><img decoding=\"async\" width=\"768\" height=\"432\" src=\"https:\/\/garageblogec.com\/wp-content\/uploads\/2026\/04\/WhatsApp-Image-2026-04-21-at-1.52.53-PM-768x432.jpeg\" class=\"pt-cv-thumbnail\" alt=\"\" \/><\/a><\/div>\n<div class=\"pt-cv-overlay-wrapper\"><div class=\"pt-cv-taxoterm above_title\"><a href='https:\/\/garageblogec.com\/?cat=27' title='Industria Nacional' class='pt-cv-tax-industria-nacional'>Industria Nacional<\/a><\/div><h4 class=\"pt-cv-title\"><a href=\"https:\/\/garageblogec.com\/?p=3303\" class=\"_self\" target=\"_self\" >Grupo Ambacar presenta en Guayaquil KGM, su nueva marca de SUV h\u00edbridos con respaldo global<\/a><\/h4><div class=\"pt-cv-meta-fields\"><span class=\"entry-date\"> <time datetime=\"2026-04-21T21:37:24+00:00\">abril 21, 2026<\/time><\/span><span> \/ <\/span><span class=\"author\"> <a href=\"https:\/\/garageblogec.com\/?author=6\" rel=\"author\">gabi1212<\/a><\/span><\/div><\/div><\/div>\n<div class=\" pt-cv-content-item pt-cv-1-col\" ><div class=\"pt-cv-thumb-wrapper  \"><a href=\"https:\/\/garageblogec.com\/?p=3296\" class=\"_self pt-cv-href-thumbnail pt-cv-thumb-default\" target=\"_self\" ><img loading=\"lazy\" decoding=\"async\" width=\"768\" height=\"432\" src=\"https:\/\/garageblogec.com\/wp-content\/uploads\/2026\/04\/WhatsApp-Image-2026-04-14-at-3.15.09-PM-768x432.jpeg\" class=\"pt-cv-thumbnail\" alt=\"\" \/><\/a><\/div>\n<div class=\"pt-cv-overlay-wrapper\"><div class=\"pt-cv-taxoterm above_title\"><a href='https:\/\/garageblogec.com\/?cat=27' title='Industria Nacional' class='pt-cv-tax-industria-nacional'>Industria Nacional<\/a><\/div><h4 class=\"pt-cv-title\"><a href=\"https:\/\/garageblogec.com\/?p=3296\" class=\"_self\" target=\"_self\" >El tablero desapareci\u00f3, ahora el auto es una pantalla inteligente<\/a><\/h4><div class=\"pt-cv-meta-fields\"><span class=\"entry-date\"> <time datetime=\"2026-04-14T20:21:20+00:00\">abril 14, 2026<\/time><\/span><span> \/ <\/span><span class=\"author\"> <a href=\"https:\/\/garageblogec.com\/?author=6\" rel=\"author\">gabi1212<\/a><\/span><\/div><\/div><\/div>\n<div class=\" pt-cv-content-item pt-cv-1-col\" ><div class=\"pt-cv-thumb-wrapper  \"><a href=\"https:\/\/garageblogec.com\/?p=3291\" class=\"_self pt-cv-href-thumbnail pt-cv-thumb-default\" target=\"_self\" ><img loading=\"lazy\" decoding=\"async\" width=\"768\" height=\"432\" src=\"https:\/\/garageblogec.com\/wp-content\/uploads\/2026\/04\/WhatsApp-Image-2026-04-14-at-2.21.27-PM-768x432.jpeg\" class=\"pt-cv-thumbnail\" alt=\"\" \/><\/a><\/div>\n<div class=\"pt-cv-overlay-wrapper\"><div class=\"pt-cv-taxoterm above_title\"><a href='https:\/\/garageblogec.com\/?cat=27' title='Industria Nacional' class='pt-cv-tax-industria-nacional'>Industria Nacional<\/a><\/div><h4 class=\"pt-cv-title\"><a href=\"https:\/\/garageblogec.com\/?p=3291\" class=\"_self\" target=\"_self\" >Seguridad al volante en Ecuador: los errores m\u00e1s comunes que cometen los conductores<\/a><\/h4><div class=\"pt-cv-meta-fields\"><span class=\"entry-date\"> <time datetime=\"2026-04-14T20:08:54+00:00\">abril 14, 2026<\/time><\/span><span> \/ <\/span><span class=\"author\"> <a href=\"https:\/\/garageblogec.com\/?author=6\" rel=\"author\">gabi1212<\/a><\/span><\/div><\/div><\/div>\n<div class=\" pt-cv-content-item pt-cv-1-col\" ><div class=\"pt-cv-thumb-wrapper  \"><a href=\"https:\/\/garageblogec.com\/?p=3286\" class=\"_self pt-cv-href-thumbnail pt-cv-thumb-default\" target=\"_self\" ><img loading=\"lazy\" decoding=\"async\" width=\"768\" height=\"492\" src=\"https:\/\/garageblogec.com\/wp-content\/uploads\/2026\/04\/Posventa.jpg-768x492.jpeg\" class=\"pt-cv-thumbnail\" alt=\"\" \/><\/a><\/div>\n<div class=\"pt-cv-overlay-wrapper\"><div class=\"pt-cv-taxoterm above_title\"><a href='https:\/\/garageblogec.com\/?cat=27' title='Industria Nacional' class='pt-cv-tax-industria-nacional'>Industria Nacional<\/a><\/div><h4 class=\"pt-cv-title\"><a href=\"https:\/\/garageblogec.com\/?p=3286\" class=\"_self\" target=\"_self\" >Clientes Nissan reciben cambios de aceite infinitos<\/a><\/h4><div class=\"pt-cv-meta-fields\"><span class=\"entry-date\"> <time datetime=\"2026-04-14T20:04:08+00:00\">abril 14, 2026<\/time><\/span><span> \/ <\/span><span class=\"author\"> <a href=\"https:\/\/garageblogec.com\/?author=6\" rel=\"author\">gabi1212<\/a><\/span><\/div><\/div><\/div>\n<div class=\" pt-cv-content-item pt-cv-1-col\" ><div class=\"pt-cv-thumb-wrapper  \"><a href=\"https:\/\/garageblogec.com\/?p=3280\" class=\"_self pt-cv-href-thumbnail pt-cv-thumb-default\" target=\"_self\" ><img loading=\"lazy\" decoding=\"async\" width=\"768\" height=\"512\" src=\"https:\/\/garageblogec.com\/wp-content\/uploads\/2026\/04\/foto1-768x512.jpeg\" class=\"pt-cv-thumbnail\" alt=\"\" \/><\/a><\/div>\n<div class=\"pt-cv-overlay-wrapper\"><div class=\"pt-cv-taxoterm above_title\"><a href='https:\/\/garageblogec.com\/?cat=27' title='Industria Nacional' class='pt-cv-tax-industria-nacional'>Industria Nacional<\/a><\/div><h4 class=\"pt-cv-title\"><a href=\"https:\/\/garageblogec.com\/?p=3280\" class=\"_self\" target=\"_self\" >Movilidad como inversi\u00f3n: el uso de utilidades que crece en Ecuador<\/a><\/h4><div class=\"pt-cv-meta-fields\"><span class=\"entry-date\"> <time datetime=\"2026-04-07T19:55:36+00:00\">abril 7, 2026<\/time><\/span><span> \/ <\/span><span class=\"author\"> <a href=\"https:\/\/garageblogec.com\/?author=6\" rel=\"author\">gabi1212<\/a><\/span><\/div><\/div><\/div>\n<div class=\" pt-cv-content-item pt-cv-1-col\" ><div class=\"pt-cv-thumb-wrapper  \"><a href=\"https:\/\/garageblogec.com\/?p=3276\" class=\"_self pt-cv-href-thumbnail pt-cv-thumb-default\" target=\"_self\" ><img loading=\"lazy\" decoding=\"async\" width=\"745\" height=\"491\" src=\"https:\/\/garageblogec.com\/wp-content\/uploads\/2026\/04\/TT.png\" class=\"pt-cv-thumbnail\" alt=\"\" \/><\/a><\/div>\n<div class=\"pt-cv-overlay-wrapper\"><div class=\"pt-cv-taxoterm above_title\"><a href='https:\/\/garageblogec.com\/?cat=27' title='Industria Nacional' class='pt-cv-tax-industria-nacional'>Industria Nacional<\/a><\/div><h4 class=\"pt-cv-title\"><a href=\"https:\/\/garageblogec.com\/?p=3276\" class=\"_self\" target=\"_self\" >Lluvias en Ecuador: C\u00f3mo reducir riesgos en carretera y prevenir accidentes en calzada mojada<\/a><\/h4><div class=\"pt-cv-meta-fields\"><span class=\"entry-date\"> <time datetime=\"2026-04-07T19:46:52+00:00\">abril 7, 2026<\/time><\/span><span> \/ <\/span><span class=\"author\"> <a href=\"https:\/\/garageblogec.com\/?author=6\" rel=\"author\">gabi1212<\/a><\/span><\/div><\/div><\/div><\/div><\/div> <\/div> <style>\n#pt-cv-view-bq8xt2m4 .pt-cv-thumb-wrapper::before {background: rgba(0,0,0,.4); opacity: 0.8;}#pt-cv-view-bq8xt2m4 .pt-cv-overlay-wrapper {justify-content: center;}\n#pt-cv-view-bq8xt2m4 .pt-cv-meta-fields {  }#pt-cv-view-bq8xt2m4 .pt-cv-meta-fields * { font-size: 13px; }#pt-cv-view-bq8xt2m4 .pt-cv-title a { display: block; }#pt-cv-view-bq8xt2m4 .pt-cv-title:not(.pt-cv-titlesm) a { font-weight: 600;text-decoration: none;font-size: 20px; }#pt-cv-view-bq8xt2m4 .pt-cv-titlesm a { font-weight: 600;font-size: 18px; }#pt-cv-view-bq8xt2m4 .pt-cv-content { font-size: 15px; }#pt-cv-view-bq8xt2m4 .pt-cv-rmwrap {  }#pt-cv-view-bq8xt2m4 .pt-cv-readmore { color: #fff;background-color: #0075ff;font-size: 14px; }#pt-cv-view-bq8xt2m4 .pt-cv-taxoterm { margin: 0px 0px 20px 0px; }#pt-cv-view-bq8xt2m4 .pt-cv-taxoterm * { color: #222;background-color: #fff6f6;font-size: 14px; }#pt-cv-view-bq8xt2m4 + .pt-cv-pagination-wrapper {  }#pt-cv-view-bq8xt2m4 + .pt-cv-pagination-wrapper a { font-size: 14px; }#pt-cv-view-bq8xt2m4 > .pt-cv-page {grid-template-columns: repeat(3, 1fr);grid-auto-rows: 250px;grid-gap: 10px;}\n@media all and (max-width: 1024px) { \n#pt-cv-view-bq8xt2m4 > .pt-cv-page {}\n} \n@media all and (max-width: 767px) { \n#pt-cv-view-bq8xt2m4 > .pt-cv-page {grid-template-columns: repeat(1, 1fr);}\n} <\/style>","protected":false},"excerpt":{"rendered":"<p>Kia Ecuador y el Proyecto ANA, liderado por su fundadora, Lavinia Valbonesi, renuevan y fortalecen su alianza estrat\u00e9gica con el firme prop\u00f3sito de transformar la vida de mujeres en situaci\u00f3n de vulnerabilidad. <\/p>\n","protected":false},"author":6,"featured_media":2172,"comment_status":"open","ping_status":"open","sticky":false,"template":"","format":"standard","meta":{"_jetpack_memberships_contains_paid_content":false,"footnotes":""},"categories":[27],"tags":[],"class_list":["post-2171","post","type-post","status-publish","format-standard","has-post-thumbnail","hentry","category-industria-nacional"],"yoast_head":"<!-- This site is optimized with the Yoast SEO plugin v27.5 - https:\/\/yoast.com\/product\/yoast-seo-wordpress\/ -->\n<title>Kia Ecuador y Proyecto ANA renuevan alianza para contribuir al empoderamiento de mujeres en situaci\u00f3n de vulnerabilidad - Garage Blog Ecuador<\/title>\n<meta name=\"robots\" content=\"index, follow, max-snippet:-1, max-image-preview:large, max-video-preview:-1\" \/>\n<link rel=\"canonical\" href=\"https:\/\/garageblogec.com\/?p=2171\" \/>\n<meta property=\"og:locale\" content=\"es_ES\" \/>\n<meta property=\"og:type\" content=\"article\" \/>\n<meta property=\"og:title\" content=\"Kia Ecuador y Proyecto ANA renuevan alianza para contribuir al empoderamiento de mujeres en situaci\u00f3n de vulnerabilidad - Garage Blog Ecuador\" \/>\n<meta property=\"og:description\" content=\"Kia Ecuador y el Proyecto ANA, liderado por su fundadora, Lavinia Valbonesi, renuevan y fortalecen su alianza estrat\u00e9gica con el firme prop\u00f3sito de transformar la vida de mujeres en situaci\u00f3n de vulnerabilidad.\" \/>\n<meta property=\"og:url\" content=\"https:\/\/garageblogec.com\/?p=2171\" \/>\n<meta property=\"og:site_name\" content=\"Garage Blog Ecuador\" \/>\n<meta property=\"article:published_time\" content=\"2025-06-10T16:35:06+00:00\" \/>\n<meta property=\"article:modified_time\" content=\"2025-06-10T16:35:19+00:00\" \/>\n<meta property=\"og:image\" content=\"https:\/\/garageblogec.com\/wp-content\/uploads\/2025\/06\/WhatsApp-Image-2025-06-10-at-11.12.36-AM-scaled.jpeg\" \/>\n\t<meta property=\"og:image:width\" content=\"2560\" \/>\n\t<meta property=\"og:image:height\" content=\"1600\" \/>\n\t<meta property=\"og:image:type\" content=\"image\/jpeg\" \/>\n<meta name=\"author\" content=\"gabi1212\" \/>\n<meta name=\"twitter:card\" content=\"summary_large_image\" \/>\n<meta name=\"twitter:label1\" content=\"Escrito por\" \/>\n\t<meta name=\"twitter:data1\" content=\"gabi1212\" \/>\n\t<meta name=\"twitter:label2\" content=\"Tiempo de lectura\" \/>\n\t<meta name=\"twitter:data2\" content=\"4 minutos\" \/>\n<script type=\"application\/ld+json\" class=\"yoast-schema-graph\">{\"@context\":\"https:\\\/\\\/schema.org\",\"@graph\":[{\"@type\":\"Article\",\"@id\":\"https:\\\/\\\/garageblogec.com\\\/?p=2171#article\",\"isPartOf\":{\"@id\":\"https:\\\/\\\/garageblogec.com\\\/?p=2171\"},\"author\":{\"name\":\"gabi1212\",\"@id\":\"https:\\\/\\\/garageblogec.com\\\/#\\\/schema\\\/person\\\/635f4b76c0cb3e43b82fe6f7d8bcceea\"},\"headline\":\"Kia Ecuador y Proyecto ANA renuevan alianza para contribuir al empoderamiento de mujeres en situaci\u00f3n de vulnerabilidad\",\"datePublished\":\"2025-06-10T16:35:06+00:00\",\"dateModified\":\"2025-06-10T16:35:19+00:00\",\"mainEntityOfPage\":{\"@id\":\"https:\\\/\\\/garageblogec.com\\\/?p=2171\"},\"wordCount\":671,\"commentCount\":0,\"publisher\":{\"@id\":\"https:\\\/\\\/garageblogec.com\\\/#organization\"},\"image\":{\"@id\":\"https:\\\/\\\/garageblogec.com\\\/?p=2171#primaryimage\"},\"thumbnailUrl\":\"https:\\\/\\\/garageblogec.com\\\/wp-content\\\/uploads\\\/2025\\\/06\\\/WhatsApp-Image-2025-06-10-at-11.12.36-AM-scaled.jpeg\",\"articleSection\":[\"Industria Nacional\"],\"inLanguage\":\"es\",\"potentialAction\":[{\"@type\":\"CommentAction\",\"name\":\"Comment\",\"target\":[\"https:\\\/\\\/garageblogec.com\\\/?p=2171#respond\"]}]},{\"@type\":\"WebPage\",\"@id\":\"https:\\\/\\\/garageblogec.com\\\/?p=2171\",\"url\":\"https:\\\/\\\/garageblogec.com\\\/?p=2171\",\"name\":\"Kia Ecuador y Proyecto ANA renuevan alianza para contribuir al empoderamiento de mujeres en situaci\u00f3n de vulnerabilidad - Garage Blog Ecuador\",\"isPartOf\":{\"@id\":\"https:\\\/\\\/garageblogec.com\\\/#website\"},\"primaryImageOfPage\":{\"@id\":\"https:\\\/\\\/garageblogec.com\\\/?p=2171#primaryimage\"},\"image\":{\"@id\":\"https:\\\/\\\/garageblogec.com\\\/?p=2171#primaryimage\"},\"thumbnailUrl\":\"https:\\\/\\\/garageblogec.com\\\/wp-content\\\/uploads\\\/2025\\\/06\\\/WhatsApp-Image-2025-06-10-at-11.12.36-AM-scaled.jpeg\",\"datePublished\":\"2025-06-10T16:35:06+00:00\",\"dateModified\":\"2025-06-10T16:35:19+00:00\",\"breadcrumb\":{\"@id\":\"https:\\\/\\\/garageblogec.com\\\/?p=2171#breadcrumb\"},\"inLanguage\":\"es\",\"potentialAction\":[{\"@type\":\"ReadAction\",\"target\":[\"https:\\\/\\\/garageblogec.com\\\/?p=2171\"]}]},{\"@type\":\"ImageObject\",\"inLanguage\":\"es\",\"@id\":\"https:\\\/\\\/garageblogec.com\\\/?p=2171#primaryimage\",\"url\":\"https:\\\/\\\/garageblogec.com\\\/wp-content\\\/uploads\\\/2025\\\/06\\\/WhatsApp-Image-2025-06-10-at-11.12.36-AM-scaled.jpeg\",\"contentUrl\":\"https:\\\/\\\/garageblogec.com\\\/wp-content\\\/uploads\\\/2025\\\/06\\\/WhatsApp-Image-2025-06-10-at-11.12.36-AM-scaled.jpeg\",\"width\":2560,\"height\":1600},{\"@type\":\"BreadcrumbList\",\"@id\":\"https:\\\/\\\/garageblogec.com\\\/?p=2171#breadcrumb\",\"itemListElement\":[{\"@type\":\"ListItem\",\"position\":1,\"name\":\"Portada\",\"item\":\"https:\\\/\\\/garageblogec.com\\\/\"},{\"@type\":\"ListItem\",\"position\":2,\"name\":\"Kia Ecuador y Proyecto ANA renuevan alianza para contribuir al empoderamiento de mujeres en situaci\u00f3n de vulnerabilidad\"}]},{\"@type\":\"WebSite\",\"@id\":\"https:\\\/\\\/garageblogec.com\\\/#website\",\"url\":\"https:\\\/\\\/garageblogec.com\\\/\",\"name\":\"Garage Blog Ecuador\",\"description\":\"Alucinamos por los autos \",\"publisher\":{\"@id\":\"https:\\\/\\\/garageblogec.com\\\/#organization\"},\"potentialAction\":[{\"@type\":\"SearchAction\",\"target\":{\"@type\":\"EntryPoint\",\"urlTemplate\":\"https:\\\/\\\/garageblogec.com\\\/?s={search_term_string}\"},\"query-input\":{\"@type\":\"PropertyValueSpecification\",\"valueRequired\":true,\"valueName\":\"search_term_string\"}}],\"inLanguage\":\"es\"},{\"@type\":\"Organization\",\"@id\":\"https:\\\/\\\/garageblogec.com\\\/#organization\",\"name\":\"Garage Blog Ecuador\",\"url\":\"https:\\\/\\\/garageblogec.com\\\/\",\"logo\":{\"@type\":\"ImageObject\",\"inLanguage\":\"es\",\"@id\":\"https:\\\/\\\/garageblogec.com\\\/#\\\/schema\\\/logo\\\/image\\\/\",\"url\":\"https:\\\/\\\/garageblogec.com\\\/wp-content\\\/uploads\\\/2024\\\/02\\\/cropped-logo-png-para-blog.webp\",\"contentUrl\":\"https:\\\/\\\/garageblogec.com\\\/wp-content\\\/uploads\\\/2024\\\/02\\\/cropped-logo-png-para-blog.webp\",\"width\":840,\"height\":556,\"caption\":\"Garage Blog Ecuador \"},\"image\":{\"@id\":\"https:\\\/\\\/garageblogec.com\\\/#\\\/schema\\\/logo\\\/image\\\/\"}},{\"@type\":\"Person\",\"@id\":\"https:\\\/\\\/garageblogec.com\\\/#\\\/schema\\\/person\\\/635f4b76c0cb3e43b82fe6f7d8bcceea\",\"name\":\"gabi1212\",\"image\":{\"@type\":\"ImageObject\",\"inLanguage\":\"es\",\"@id\":\"https:\\\/\\\/secure.gravatar.com\\\/avatar\\\/6aa491f45cb359d4d6dd8c430e83f78899c80569c27d21156e19bbdcd31d1811?s=96&d=mm&r=g\",\"url\":\"https:\\\/\\\/secure.gravatar.com\\\/avatar\\\/6aa491f45cb359d4d6dd8c430e83f78899c80569c27d21156e19bbdcd31d1811?s=96&d=mm&r=g\",\"contentUrl\":\"https:\\\/\\\/secure.gravatar.com\\\/avatar\\\/6aa491f45cb359d4d6dd8c430e83f78899c80569c27d21156e19bbdcd31d1811?s=96&d=mm&r=g\",\"caption\":\"gabi1212\"},\"url\":\"https:\\\/\\\/garageblogec.com\\\/?author=6\"}]}<\/script>\n<!-- \/ Yoast SEO plugin. -->","yoast_head_json":{"title":"Kia Ecuador y Proyecto ANA renuevan alianza para contribuir al empoderamiento de mujeres en situaci\u00f3n de vulnerabilidad - Garage Blog Ecuador","robots":{"index":"index","follow":"follow","max-snippet":"max-snippet:-1","max-image-preview":"max-image-preview:large","max-video-preview":"max-video-preview:-1"},"canonical":"https:\/\/garageblogec.com\/?p=2171","og_locale":"es_ES","og_type":"article","og_title":"Kia Ecuador y Proyecto ANA renuevan alianza para contribuir al empoderamiento de mujeres en situaci\u00f3n de vulnerabilidad - Garage Blog Ecuador","og_description":"Kia Ecuador y el Proyecto ANA, liderado por su fundadora, Lavinia Valbonesi, renuevan y fortalecen su alianza estrat\u00e9gica con el firme prop\u00f3sito de transformar la vida de mujeres en situaci\u00f3n de vulnerabilidad.","og_url":"https:\/\/garageblogec.com\/?p=2171","og_site_name":"Garage Blog Ecuador","article_published_time":"2025-06-10T16:35:06+00:00","article_modified_time":"2025-06-10T16:35:19+00:00","og_image":[{"width":2560,"height":1600,"url":"https:\/\/garageblogec.com\/wp-content\/uploads\/2025\/06\/WhatsApp-Image-2025-06-10-at-11.12.36-AM-scaled.jpeg","type":"image\/jpeg"}],"author":"gabi1212","twitter_card":"summary_large_image","twitter_misc":{"Escrito por":"gabi1212","Tiempo de lectura":"4 minutos"},"schema":{"@context":"https:\/\/schema.org","@graph":[{"@type":"Article","@id":"https:\/\/garageblogec.com\/?p=2171#article","isPartOf":{"@id":"https:\/\/garageblogec.com\/?p=2171"},"author":{"name":"gabi1212","@id":"https:\/\/garageblogec.com\/#\/schema\/person\/635f4b76c0cb3e43b82fe6f7d8bcceea"},"headline":"Kia Ecuador y Proyecto ANA renuevan alianza para contribuir al empoderamiento de mujeres en situaci\u00f3n de vulnerabilidad","datePublished":"2025-06-10T16:35:06+00:00","dateModified":"2025-06-10T16:35:19+00:00","mainEntityOfPage":{"@id":"https:\/\/garageblogec.com\/?p=2171"},"wordCount":671,"commentCount":0,"publisher":{"@id":"https:\/\/garageblogec.com\/#organization"},"image":{"@id":"https:\/\/garageblogec.com\/?p=2171#primaryimage"},"thumbnailUrl":"https:\/\/garageblogec.com\/wp-content\/uploads\/2025\/06\/WhatsApp-Image-2025-06-10-at-11.12.36-AM-scaled.jpeg","articleSection":["Industria Nacional"],"inLanguage":"es","potentialAction":[{"@type":"CommentAction","name":"Comment","target":["https:\/\/garageblogec.com\/?p=2171#respond"]}]},{"@type":"WebPage","@id":"https:\/\/garageblogec.com\/?p=2171","url":"https:\/\/garageblogec.com\/?p=2171","name":"Kia Ecuador y Proyecto ANA renuevan alianza para contribuir al empoderamiento de mujeres en situaci\u00f3n de vulnerabilidad - Garage Blog Ecuador","isPartOf":{"@id":"https:\/\/garageblogec.com\/#website"},"primaryImageOfPage":{"@id":"https:\/\/garageblogec.com\/?p=2171#primaryimage"},"image":{"@id":"https:\/\/garageblogec.com\/?p=2171#primaryimage"},"thumbnailUrl":"https:\/\/garageblogec.com\/wp-content\/uploads\/2025\/06\/WhatsApp-Image-2025-06-10-at-11.12.36-AM-scaled.jpeg","datePublished":"2025-06-10T16:35:06+00:00","dateModified":"2025-06-10T16:35:19+00:00","breadcrumb":{"@id":"https:\/\/garageblogec.com\/?p=2171#breadcrumb"},"inLanguage":"es","potentialAction":[{"@type":"ReadAction","target":["https:\/\/garageblogec.com\/?p=2171"]}]},{"@type":"ImageObject","inLanguage":"es","@id":"https:\/\/garageblogec.com\/?p=2171#primaryimage","url":"https:\/\/garageblogec.com\/wp-content\/uploads\/2025\/06\/WhatsApp-Image-2025-06-10-at-11.12.36-AM-scaled.jpeg","contentUrl":"https:\/\/garageblogec.com\/wp-content\/uploads\/2025\/06\/WhatsApp-Image-2025-06-10-at-11.12.36-AM-scaled.jpeg","width":2560,"height":1600},{"@type":"BreadcrumbList","@id":"https:\/\/garageblogec.com\/?p=2171#breadcrumb","itemListElement":[{"@type":"ListItem","position":1,"name":"Portada","item":"https:\/\/garageblogec.com\/"},{"@type":"ListItem","position":2,"name":"Kia Ecuador y Proyecto ANA renuevan alianza para contribuir al empoderamiento de mujeres en situaci\u00f3n de vulnerabilidad"}]},{"@type":"WebSite","@id":"https:\/\/garageblogec.com\/#website","url":"https:\/\/garageblogec.com\/","name":"Garage Blog Ecuador","description":"Alucinamos por los autos ","publisher":{"@id":"https:\/\/garageblogec.com\/#organization"},"potentialAction":[{"@type":"SearchAction","target":{"@type":"EntryPoint","urlTemplate":"https:\/\/garageblogec.com\/?s={search_term_string}"},"query-input":{"@type":"PropertyValueSpecification","valueRequired":true,"valueName":"search_term_string"}}],"inLanguage":"es"},{"@type":"Organization","@id":"https:\/\/garageblogec.com\/#organization","name":"Garage Blog Ecuador","url":"https:\/\/garageblogec.com\/","logo":{"@type":"ImageObject","inLanguage":"es","@id":"https:\/\/garageblogec.com\/#\/schema\/logo\/image\/","url":"https:\/\/garageblogec.com\/wp-content\/uploads\/2024\/02\/cropped-logo-png-para-blog.webp","contentUrl":"https:\/\/garageblogec.com\/wp-content\/uploads\/2024\/02\/cropped-logo-png-para-blog.webp","width":840,"height":556,"caption":"Garage Blog Ecuador "},"image":{"@id":"https:\/\/garageblogec.com\/#\/schema\/logo\/image\/"}},{"@type":"Person","@id":"https:\/\/garageblogec.com\/#\/schema\/person\/635f4b76c0cb3e43b82fe6f7d8bcceea","name":"gabi1212","image":{"@type":"ImageObject","inLanguage":"es","@id":"https:\/\/secure.gravatar.com\/avatar\/6aa491f45cb359d4d6dd8c430e83f78899c80569c27d21156e19bbdcd31d1811?s=96&d=mm&r=g","url":"https:\/\/secure.gravatar.com\/avatar\/6aa491f45cb359d4d6dd8c430e83f78899c80569c27d21156e19bbdcd31d1811?s=96&d=mm&r=g","contentUrl":"https:\/\/secure.gravatar.com\/avatar\/6aa491f45cb359d4d6dd8c430e83f78899c80569c27d21156e19bbdcd31d1811?s=96&d=mm&r=g","caption":"gabi1212"},"url":"https:\/\/garageblogec.com\/?author=6"}]}},"jetpack_featured_media_url":"https:\/\/garageblogec.com\/wp-content\/uploads\/2025\/06\/WhatsApp-Image-2025-06-10-at-11.12.36-AM-scaled.jpeg","jetpack_sharing_enabled":true,"_links":{"self":[{"href":"https:\/\/garageblogec.com\/index.php?rest_route=\/wp\/v2\/posts\/2171","targetHints":{"allow":["GET"]}}],"collection":[{"href":"https:\/\/garageblogec.com\/index.php?rest_route=\/wp\/v2\/posts"}],"about":[{"href":"https:\/\/garageblogec.com\/index.php?rest_route=\/wp\/v2\/types\/post"}],"author":[{"embeddable":true,"href":"https:\/\/garageblogec.com\/index.php?rest_route=\/wp\/v2\/users\/6"}],"replies":[{"embeddable":true,"href":"https:\/\/garageblogec.com\/index.php?rest_route=%2Fwp%2Fv2%2Fcomments&post=2171"}],"version-history":[{"count":1,"href":"https:\/\/garageblogec.com\/index.php?rest_route=\/wp\/v2\/posts\/2171\/revisions"}],"predecessor-version":[{"id":2173,"href":"https:\/\/garageblogec.com\/index.php?rest_route=\/wp\/v2\/posts\/2171\/revisions\/2173"}],"wp:featuredmedia":[{"embeddable":true,"href":"https:\/\/garageblogec.com\/index.php?rest_route=\/wp\/v2\/media\/2172"}],"wp:attachment":[{"href":"https:\/\/garageblogec.com\/index.php?rest_route=%2Fwp%2Fv2%2Fmedia&parent=2171"}],"wp:term":[{"taxonomy":"category","embeddable":true,"href":"https:\/\/garageblogec.com\/index.php?rest_route=%2Fwp%2Fv2%2Fcategories&post=2171"},{"taxonomy":"post_tag","embeddable":true,"href":"https:\/\/garageblogec.com\/index.php?rest_route=%2Fwp%2Fv2%2Ftags&post=2171"}],"curies":[{"name":"wp","href":"https:\/\/api.w.org\/{rel}","templated":true}]}}