{"id":2147,"date":"2025-06-06T20:56:30","date_gmt":"2025-06-06T20:56:30","guid":{"rendered":"https:\/\/garageblogec.com\/?p=2147"},"modified":"2025-06-09T17:04:00","modified_gmt":"2025-06-09T17:04:00","slug":"un-hombre-consiguio-un-nuevo-hipercoche-porsche-que-nadie-mas-conseguira-jamas","status":"publish","type":"post","link":"https:\/\/garageblogec.com\/?p=2147","title":{"rendered":"Un hombre consigui\u00f3 un nuevo hipercoche Porsche que nadie m\u00e1s conseguir\u00e1 jam\u00e1s"},"content":{"rendered":"\n<p>La era de los hipercoches h\u00edbridos no ha tra\u00eddo precisamente un sucesor espiritual del Porsche 918 Spyder, al menos no uno lo suficientemente extremo como para competir con el McLaren P1 o&nbsp;el Ferrari F80&nbsp;. Mientras el mundo espera a que se forme esa nueva \u00absanta trinidad\u00bb, ha surgido algo totalmente inesperado: una versi\u00f3n homologada para circular en carretera del Porsche 963 LMDh, el mismo que ha conquistado los campeonatos IMSA y WEC.<\/p>\n\n\n\n<figure class=\"wp-block-image size-large\"><img decoding=\"async\" src=\"https:\/\/www.carscoops.com\/wp-content\/uploads\/webp\/2025\/06\/PORSCHE_963_RSP_PORSCHE_917_010_RP-963-RSP-1-copy-1536x864.webp\" alt=\"\"\/><\/figure>\n\n\n\n<p>Se llama 963 RSP, y antes de que busques tu chequera, debes saber esto: es un ejemplar \u00fanico. No es un modelo&nbsp;especial homologado como el 911 GT1 Strassenversion&nbsp;. Solo uno. La idea surgi\u00f3 de Timo Resch, presidente y director ejecutivo de Porsche Cars North America, quien lo present\u00f3 como un homenaje al Count Rossi 917, el legendario coche de carreras que se convirti\u00f3 en apto para circular hace cinco d\u00e9cadas.<\/p>\n\n\n\n<p><strong>Un homenaje con pedigr\u00ed<\/strong><\/p>\n\n\n\n<p>Si te preguntas qu\u00e9 significa RSP, esas iniciales pertenecen a Roger S. Penske. S\u00ed, ese Roger Penske. El multimillonario de 88 a\u00f1os y expiloto&nbsp;de carreras,&nbsp;quien adem\u00e1s es due\u00f1o del Team Penske, el equipo que pilota los Porsche 963 en IMSA y WEC. Fue \u00abnominado como cliente del coche\u00bb, lo que significa educadamente: cuando ayudas a que Porsche gane campeonatos, recibes juguetes \u00fanicos.<\/p>\n\n\n\n<figure class=\"wp-block-image size-full\"><a href=\"https:\/\/www.kia.com\/ec\/main.html\"><img fetchpriority=\"high\" decoding=\"async\" width=\"800\" height=\"222\" src=\"https:\/\/garageblogec.com\/wp-content\/uploads\/2025\/04\/7gif1080X300peso-ezgif.com-video-to-webp-converter.webp\" alt=\"\" class=\"wp-image-1923\"\/><\/a><\/figure>\n\n\n\n<p><strong>C\u00f3mo hacer que un coche de carreras se comporte en el tr\u00e1fico<\/strong><\/p>\n\n\n\n<p>El&nbsp;dise\u00f1o&nbsp;fue simple: mantenerse lo m\u00e1s fiel posible al coche de carreras, con referencias al Count Rossi 917. La carrocer\u00eda, fabricada en fibra de carbono y kevlar, conserva la silueta intacta, pero ofrece una cobertura adicional en los pasos de rueda. Algunos detalles exteriores lo distinguen, como las nuevas tomas de aire en los guardabarros, un aler\u00f3n trasero redise\u00f1ado sin las placas ciegas y un elegante escudo Porsche esmaltado en el morro.<\/p>\n\n\n\n<p>A diferencia de sus hom\u00f3logos que est\u00e1n envueltos en dise\u00f1os de carreras, el 963 RSP est\u00e1 pintado en un tono especial Martini Silver, combinado con buen gusto con algunos detalles en negro satinado.<\/p>\n\n\n\n<p>Al entrar, queda claro que este no es el t\u00edpico coche de carreras despojado. El habit\u00e1culo est\u00e1 tapizado en cuero color canela y Alc\u00e1ntara, otro gui\u00f1o al coche del Conde Rossi. Los asientos de carbono provienen directamente de la versi\u00f3n de carreras, pero se suavizan con tapicer\u00eda artesanal, reposacabezas fijos y acolchado real. Los espacios para los pies y el techo interior tambi\u00e9n est\u00e1n tapizados en Alc\u00e1ntara, mientras que el volante y los paneles de las puertas est\u00e1n forrados en cuero.<\/p>\n\n\n\n<figure class=\"wp-block-image\"><img decoding=\"async\" src=\"https:\/\/www.carscoops.com\/wp-content\/uploads\/2025\/06\/PORSCHE_963_RSP-00018f-1024x615.jpg\" alt=\"Un hombre consigui\u00f3 un nuevo hipercoche Porsche que nadie m\u00e1s conseguir\u00e1 jam\u00e1s\"\/><\/figure>\n\n\n\n<p>Como era de esperar, las comodidades son escasas. Dispone de un portavasos desmontable impreso en 3D y un peque\u00f1o panel recortado junto al asiento del conductor, que Porsche sugiere usar para un port\u00e1til, un casco o un volante extra\u00edble. Incluso las rejillas de ventilaci\u00f3n tienen un tratamiento especial, ya que tienen la forma de las aspas del ventilador del&nbsp;motor del 917.&nbsp;Por \u00faltimo, hay una placa de aleaci\u00f3n en la puerta con el n\u00famero de chasis del veh\u00edculo, junto con la fecha y el lugar de construcci\u00f3n.<\/p>\n\n\n\n<p>Y como ning\u00fan homenaje a Porsche estar\u00eda completo sin accesorios, el coche incluye un casco pintado a medida y un juego de herramientas Snap-On con asas forradas en cuero. \u00a1Por supuesto!<\/p>\n\n\n\n<p><strong>Una bestia ligeramente domesticada sigue siendo una bestia<\/strong><\/p>\n\n\n\n<figure class=\"wp-block-image size-large\"><img decoding=\"async\" src=\"https:\/\/www.carscoops.com\/wp-content\/uploads\/webp\/2025\/06\/PORSCHE_963_RSP-00009-1536x1024.webp\" alt=\"\"\/><\/figure>\n\n\n\n<p>El exclusivo 963 RSP monta&nbsp;llantas&nbsp;forjadas de 18 pulgadas de OZ, con neum\u00e1ticos Michelin para lluvia que ofrecen mayor agarre que los slicks de competici\u00f3n. Los ingenieros aumentaron la distancia al suelo y optaron por una configuraci\u00f3n m\u00e1s suave para los amortiguadores Multimatic DSSV ajustables. Adem\u00e1s, instalaron una bocina, puntos de anclaje para matr\u00edculas en ambos extremos y ajustaron el software de los faros delanteros y traseros para permitir el uso de intermitentes.<\/p>\n\n\n\n<p>El motor V8&nbsp;h\u00edbrido&nbsp;y la caja de cambios secuencial de siete velocidades de Xtrac se han heredado directamente del coche de carreras, aunque con algunos ajustes esenciales. El motor el\u00e9ctrico y el generador traseros se han reconfigurado para una entrega de potencia m\u00e1s fluida, mientras que el V8 biturbo de 4.6 litros, montado en el centro y con una potencia aproximada de 671 hp (500 kW \/ 680 PS), se ha reconfigurado para funcionar con gasolina est\u00e1ndar.<\/p>\n\n\n\n<p>Cabe destacar que Porsche no ha dicho ni una palabra sobre los cambios en el escape, lo que sugiere que este veh\u00edculo \u00fanico a\u00fan podr\u00eda sonar como si estuviera dando vueltas en Daytona incluso cuando solo est\u00e1 circulando por la ciudad.<\/p>\n\n\n\n<figure class=\"wp-block-image\"><img decoding=\"async\" src=\"https:\/\/www.carscoops.com\/wp-content\/uploads\/2025\/06\/PORSCHE_963_RSP-00013-1024x683.jpg\" alt=\"Un hombre consigui\u00f3 un nuevo hipercoche Porsche que nadie m\u00e1s conseguir\u00e1 jam\u00e1s\"\/><\/figure>\n\n\n\n<p>Todas estas modificaciones le valieron al 963 RSP la autorizaci\u00f3n especial de&nbsp;las autoridades francesas&nbsp;para circular por la v\u00eda p\u00fablica. Sin embargo, no est\u00e1 completamente homologado. Solo se permite circular en la v\u00eda p\u00fablica \u00aben circunstancias especiales y de acuerdo con las normativas locales\u00bb. En otras palabras, no esperen que Roger Penske lo utilice para hacer recados pr\u00f3ximamente.<\/p>\n\n\n\n<p>El tres veces ganador de Le Mans, Timo Bernhard, quien tuvo la oportunidad de conducir este coche \u00fanico en la v\u00eda p\u00fablica junto al Circuito de la Sarthe, coment\u00f3: \u00abFue una experiencia inolvidable. Conducir por la v\u00eda p\u00fablica con un 917 a mi lado fue una experiencia incre\u00edble. El coche se comport\u00f3 a la perfecci\u00f3n; se sinti\u00f3 un poco m\u00e1s amable y tolerante que el 963 normal; fue una experiencia s\u00faper especial y mucho m\u00e1s c\u00f3moda, sobre todo porque no necesit\u00e9 todo mi equipo de seguridad\u00bb.<\/p>\n\n\n\n<p><strong>\u00bfNo pueden hacerme otro?<\/strong><\/p>\n\n\n\n<p>Porsche no ha revelado el costo de fabricaci\u00f3n del 963 RSP, pero es seguro asumir que con ese precio se podr\u00edan comprar varias docenas de Taycans. No es que importe, ya que Porsche no fabricar\u00e1 otro. Aun as\u00ed, seguro que los coleccionistas vaciar\u00edan sus cuentas bancarias y estampar\u00edan con gusto sus iniciales en el maletero si tuvieran la oportunidad.<\/p>\n\n\n\n<p>Por ahora, este ejemplar \u00fanico se exhibe en el Circuito de la Sarthe durante las 24 Horas de&nbsp;Le Mans&nbsp;. Tras la carrera, regresar\u00e1 al Museo Porsche de Stuttgart para una breve estancia antes de dirigirse al Festival de la Velocidad de Goodwood, donde se exhibir\u00e1 junto al 917 original.<\/p>\n\n\n<div class='pt-cv-wrapper'> <h3 class='pt-cv-heading-container heading1' data-blockid='qy34rqvt'><span class='pt-cv-heading'> Overlay1 <\/span><\/h3><div class=\"pt-cv-view pt-cv-overlaygrid iscvblock iscvreal overlay1 layout1\" id=\"pt-cv-view-qy34rqvt\"><div data-id=\"pt-cv-page-1\" class=\"pt-cv-page\" data-cvc=\"3\"><div class=\" pt-cv-content-item pt-cv-1-col\" ><div class=\"pt-cv-thumb-wrapper  \"><a href=\"https:\/\/garageblogec.com\/?p=3303\" class=\"_self pt-cv-href-thumbnail pt-cv-thumb-default\" target=\"_self\" ><img decoding=\"async\" width=\"768\" height=\"432\" src=\"https:\/\/garageblogec.com\/wp-content\/uploads\/2026\/04\/WhatsApp-Image-2026-04-21-at-1.52.53-PM-768x432.jpeg\" class=\"pt-cv-thumbnail\" alt=\"\" \/><\/a><\/div>\n<div class=\"pt-cv-overlay-wrapper\"><div class=\"pt-cv-taxoterm above_title\"><a href='https:\/\/garageblogec.com\/?cat=27' title='Industria Nacional' class='pt-cv-tax-industria-nacional'>Industria Nacional<\/a><\/div><h4 class=\"pt-cv-title\"><a href=\"https:\/\/garageblogec.com\/?p=3303\" class=\"_self\" target=\"_self\" >Grupo Ambacar presenta en Guayaquil KGM, su nueva marca de SUV h\u00edbridos con respaldo global<\/a><\/h4><div class=\"pt-cv-meta-fields\"><span class=\"entry-date\"> <time datetime=\"2026-04-21T21:37:24+00:00\">abril 21, 2026<\/time><\/span><span> \/ <\/span><span class=\"author\"> <a href=\"https:\/\/garageblogec.com\/?author=6\" rel=\"author\">gabi1212<\/a><\/span><\/div><\/div><\/div>\n<div class=\" pt-cv-content-item pt-cv-1-col\" ><div class=\"pt-cv-thumb-wrapper  \"><a href=\"https:\/\/garageblogec.com\/?p=3296\" class=\"_self pt-cv-href-thumbnail pt-cv-thumb-default\" target=\"_self\" ><img decoding=\"async\" width=\"768\" height=\"432\" src=\"https:\/\/garageblogec.com\/wp-content\/uploads\/2026\/04\/WhatsApp-Image-2026-04-14-at-3.15.09-PM-768x432.jpeg\" class=\"pt-cv-thumbnail\" alt=\"\" \/><\/a><\/div>\n<div class=\"pt-cv-overlay-wrapper\"><div class=\"pt-cv-taxoterm above_title\"><a href='https:\/\/garageblogec.com\/?cat=27' title='Industria Nacional' class='pt-cv-tax-industria-nacional'>Industria Nacional<\/a><\/div><h4 class=\"pt-cv-title\"><a href=\"https:\/\/garageblogec.com\/?p=3296\" class=\"_self\" target=\"_self\" >El tablero desapareci\u00f3, ahora el auto es una pantalla inteligente<\/a><\/h4><div class=\"pt-cv-meta-fields\"><span class=\"entry-date\"> <time datetime=\"2026-04-14T20:21:20+00:00\">abril 14, 2026<\/time><\/span><span> \/ <\/span><span class=\"author\"> <a href=\"https:\/\/garageblogec.com\/?author=6\" rel=\"author\">gabi1212<\/a><\/span><\/div><\/div><\/div>\n<div class=\" pt-cv-content-item pt-cv-1-col\" ><div class=\"pt-cv-thumb-wrapper  \"><a href=\"https:\/\/garageblogec.com\/?p=3291\" class=\"_self pt-cv-href-thumbnail pt-cv-thumb-default\" target=\"_self\" ><img loading=\"lazy\" decoding=\"async\" width=\"768\" height=\"432\" src=\"https:\/\/garageblogec.com\/wp-content\/uploads\/2026\/04\/WhatsApp-Image-2026-04-14-at-2.21.27-PM-768x432.jpeg\" class=\"pt-cv-thumbnail\" alt=\"\" \/><\/a><\/div>\n<div class=\"pt-cv-overlay-wrapper\"><div class=\"pt-cv-taxoterm above_title\"><a href='https:\/\/garageblogec.com\/?cat=27' title='Industria Nacional' class='pt-cv-tax-industria-nacional'>Industria Nacional<\/a><\/div><h4 class=\"pt-cv-title\"><a href=\"https:\/\/garageblogec.com\/?p=3291\" class=\"_self\" target=\"_self\" >Seguridad al volante en Ecuador: los errores m\u00e1s comunes que cometen los conductores<\/a><\/h4><div class=\"pt-cv-meta-fields\"><span class=\"entry-date\"> <time datetime=\"2026-04-14T20:08:54+00:00\">abril 14, 2026<\/time><\/span><span> \/ <\/span><span class=\"author\"> <a href=\"https:\/\/garageblogec.com\/?author=6\" rel=\"author\">gabi1212<\/a><\/span><\/div><\/div><\/div>\n<div class=\" pt-cv-content-item pt-cv-1-col\" ><div class=\"pt-cv-thumb-wrapper  \"><a href=\"https:\/\/garageblogec.com\/?p=3286\" class=\"_self pt-cv-href-thumbnail pt-cv-thumb-default\" target=\"_self\" ><img loading=\"lazy\" decoding=\"async\" width=\"768\" height=\"492\" src=\"https:\/\/garageblogec.com\/wp-content\/uploads\/2026\/04\/Posventa.jpg-768x492.jpeg\" class=\"pt-cv-thumbnail\" alt=\"\" \/><\/a><\/div>\n<div class=\"pt-cv-overlay-wrapper\"><div class=\"pt-cv-taxoterm above_title\"><a href='https:\/\/garageblogec.com\/?cat=27' title='Industria Nacional' class='pt-cv-tax-industria-nacional'>Industria Nacional<\/a><\/div><h4 class=\"pt-cv-title\"><a href=\"https:\/\/garageblogec.com\/?p=3286\" class=\"_self\" target=\"_self\" >Clientes Nissan reciben cambios de aceite infinitos<\/a><\/h4><div class=\"pt-cv-meta-fields\"><span class=\"entry-date\"> <time datetime=\"2026-04-14T20:04:08+00:00\">abril 14, 2026<\/time><\/span><span> \/ <\/span><span class=\"author\"> <a href=\"https:\/\/garageblogec.com\/?author=6\" rel=\"author\">gabi1212<\/a><\/span><\/div><\/div><\/div>\n<div class=\" pt-cv-content-item pt-cv-1-col\" ><div class=\"pt-cv-thumb-wrapper  \"><a href=\"https:\/\/garageblogec.com\/?p=3280\" class=\"_self pt-cv-href-thumbnail pt-cv-thumb-default\" target=\"_self\" ><img loading=\"lazy\" decoding=\"async\" width=\"768\" height=\"512\" src=\"https:\/\/garageblogec.com\/wp-content\/uploads\/2026\/04\/foto1-768x512.jpeg\" class=\"pt-cv-thumbnail\" alt=\"\" \/><\/a><\/div>\n<div class=\"pt-cv-overlay-wrapper\"><div class=\"pt-cv-taxoterm above_title\"><a href='https:\/\/garageblogec.com\/?cat=27' title='Industria Nacional' class='pt-cv-tax-industria-nacional'>Industria Nacional<\/a><\/div><h4 class=\"pt-cv-title\"><a href=\"https:\/\/garageblogec.com\/?p=3280\" class=\"_self\" target=\"_self\" >Movilidad como inversi\u00f3n: el uso de utilidades que crece en Ecuador<\/a><\/h4><div class=\"pt-cv-meta-fields\"><span class=\"entry-date\"> <time datetime=\"2026-04-07T19:55:36+00:00\">abril 7, 2026<\/time><\/span><span> \/ <\/span><span class=\"author\"> <a href=\"https:\/\/garageblogec.com\/?author=6\" rel=\"author\">gabi1212<\/a><\/span><\/div><\/div><\/div>\n<div class=\" pt-cv-content-item pt-cv-1-col\" ><div class=\"pt-cv-thumb-wrapper  \"><a href=\"https:\/\/garageblogec.com\/?p=3276\" class=\"_self pt-cv-href-thumbnail pt-cv-thumb-default\" target=\"_self\" ><img loading=\"lazy\" decoding=\"async\" width=\"745\" height=\"491\" src=\"https:\/\/garageblogec.com\/wp-content\/uploads\/2026\/04\/TT.png\" class=\"pt-cv-thumbnail\" alt=\"\" \/><\/a><\/div>\n<div class=\"pt-cv-overlay-wrapper\"><div class=\"pt-cv-taxoterm above_title\"><a href='https:\/\/garageblogec.com\/?cat=27' title='Industria Nacional' class='pt-cv-tax-industria-nacional'>Industria Nacional<\/a><\/div><h4 class=\"pt-cv-title\"><a href=\"https:\/\/garageblogec.com\/?p=3276\" class=\"_self\" target=\"_self\" >Lluvias en Ecuador: C\u00f3mo reducir riesgos en carretera y prevenir accidentes en calzada mojada<\/a><\/h4><div class=\"pt-cv-meta-fields\"><span class=\"entry-date\"> <time datetime=\"2026-04-07T19:46:52+00:00\">abril 7, 2026<\/time><\/span><span> \/ <\/span><span class=\"author\"> <a href=\"https:\/\/garageblogec.com\/?author=6\" rel=\"author\">gabi1212<\/a><\/span><\/div><\/div><\/div><\/div><\/div> <\/div> <style>\n#pt-cv-view-qy34rqvt .pt-cv-thumb-wrapper::before {background: rgba(0,0,0,.4); opacity: 0.8;}#pt-cv-view-qy34rqvt .pt-cv-overlay-wrapper {justify-content: center;}\n#pt-cv-view-qy34rqvt .pt-cv-meta-fields {  }#pt-cv-view-qy34rqvt .pt-cv-meta-fields * { font-size: 13px; }#pt-cv-view-qy34rqvt .pt-cv-title a { display: block; }#pt-cv-view-qy34rqvt .pt-cv-title:not(.pt-cv-titlesm) a { font-weight: 600;text-decoration: none;font-size: 20px; }#pt-cv-view-qy34rqvt .pt-cv-titlesm a { font-weight: 600;font-size: 18px; }#pt-cv-view-qy34rqvt .pt-cv-content { font-size: 15px; }#pt-cv-view-qy34rqvt .pt-cv-rmwrap {  }#pt-cv-view-qy34rqvt .pt-cv-readmore { color: #fff;background-color: #0075ff;font-size: 14px; }#pt-cv-view-qy34rqvt .pt-cv-taxoterm { margin: 0px 0px 20px 0px; }#pt-cv-view-qy34rqvt .pt-cv-taxoterm * { color: #222;background-color: #fff6f6;font-size: 14px; }#pt-cv-view-qy34rqvt + .pt-cv-pagination-wrapper {  }#pt-cv-view-qy34rqvt + .pt-cv-pagination-wrapper a { font-size: 14px; }#pt-cv-view-qy34rqvt > .pt-cv-page {grid-template-columns: repeat(3, 1fr);grid-auto-rows: 250px;grid-gap: 10px;}\n@media all and (max-width: 1024px) { \n#pt-cv-view-qy34rqvt > .pt-cv-page {}\n} \n@media all and (max-width: 767px) { \n#pt-cv-view-qy34rqvt > .pt-cv-page {grid-template-columns: repeat(1, 1fr);}\n} <\/style>","protected":false},"excerpt":{"rendered":"<p>El Porsche 963 RSP, un veh\u00edculo \u00fanico, fue fabricado para el empresario estadounidense, ex piloto de carreras y actual propietario del equipo Roger S. Penske.<\/p>\n","protected":false},"author":6,"featured_media":2148,"comment_status":"open","ping_status":"open","sticky":false,"template":"","format":"standard","meta":{"_jetpack_memberships_contains_paid_content":false,"footnotes":""},"categories":[27],"tags":[],"class_list":["post-2147","post","type-post","status-publish","format-standard","has-post-thumbnail","hentry","category-industria-nacional"],"yoast_head":"<!-- This site is optimized with the Yoast SEO plugin v27.5 - https:\/\/yoast.com\/product\/yoast-seo-wordpress\/ -->\n<title>Un hombre consigui\u00f3 un nuevo hipercoche Porsche que nadie m\u00e1s conseguir\u00e1 jam\u00e1s - Garage Blog Ecuador<\/title>\n<meta name=\"robots\" content=\"index, follow, max-snippet:-1, max-image-preview:large, max-video-preview:-1\" \/>\n<link rel=\"canonical\" href=\"https:\/\/garageblogec.com\/?p=2147\" \/>\n<meta property=\"og:locale\" content=\"es_ES\" \/>\n<meta property=\"og:type\" content=\"article\" \/>\n<meta property=\"og:title\" content=\"Un hombre consigui\u00f3 un nuevo hipercoche Porsche que nadie m\u00e1s conseguir\u00e1 jam\u00e1s - Garage Blog Ecuador\" \/>\n<meta property=\"og:description\" content=\"El Porsche 963 RSP, un veh\u00edculo \u00fanico, fue fabricado para el empresario estadounidense, ex piloto de carreras y actual propietario del equipo Roger S. Penske.\" \/>\n<meta property=\"og:url\" content=\"https:\/\/garageblogec.com\/?p=2147\" \/>\n<meta property=\"og:site_name\" content=\"Garage Blog Ecuador\" \/>\n<meta property=\"article:published_time\" content=\"2025-06-06T20:56:30+00:00\" \/>\n<meta property=\"article:modified_time\" content=\"2025-06-09T17:04:00+00:00\" \/>\n<meta property=\"og:image\" content=\"https:\/\/garageblogec.com\/wp-content\/uploads\/2025\/06\/Captura-4.png\" \/>\n\t<meta property=\"og:image:width\" content=\"900\" \/>\n\t<meta property=\"og:image:height\" content=\"572\" \/>\n\t<meta property=\"og:image:type\" content=\"image\/png\" \/>\n<meta name=\"author\" content=\"gabi1212\" \/>\n<meta name=\"twitter:card\" content=\"summary_large_image\" \/>\n<meta name=\"twitter:label1\" content=\"Escrito por\" \/>\n\t<meta name=\"twitter:data1\" content=\"gabi1212\" \/>\n\t<meta name=\"twitter:label2\" content=\"Tiempo de lectura\" \/>\n\t<meta name=\"twitter:data2\" content=\"6 minutos\" \/>\n<script type=\"application\/ld+json\" class=\"yoast-schema-graph\">{\"@context\":\"https:\\\/\\\/schema.org\",\"@graph\":[{\"@type\":\"Article\",\"@id\":\"https:\\\/\\\/garageblogec.com\\\/?p=2147#article\",\"isPartOf\":{\"@id\":\"https:\\\/\\\/garageblogec.com\\\/?p=2147\"},\"author\":{\"name\":\"gabi1212\",\"@id\":\"https:\\\/\\\/garageblogec.com\\\/#\\\/schema\\\/person\\\/635f4b76c0cb3e43b82fe6f7d8bcceea\"},\"headline\":\"Un hombre consigui\u00f3 un nuevo hipercoche Porsche que nadie m\u00e1s conseguir\u00e1 jam\u00e1s\",\"datePublished\":\"2025-06-06T20:56:30+00:00\",\"dateModified\":\"2025-06-09T17:04:00+00:00\",\"mainEntityOfPage\":{\"@id\":\"https:\\\/\\\/garageblogec.com\\\/?p=2147\"},\"wordCount\":1068,\"commentCount\":0,\"publisher\":{\"@id\":\"https:\\\/\\\/garageblogec.com\\\/#organization\"},\"image\":{\"@id\":\"https:\\\/\\\/garageblogec.com\\\/?p=2147#primaryimage\"},\"thumbnailUrl\":\"https:\\\/\\\/garageblogec.com\\\/wp-content\\\/uploads\\\/2025\\\/06\\\/Captura-4.png\",\"articleSection\":[\"Industria Nacional\"],\"inLanguage\":\"es\",\"potentialAction\":[{\"@type\":\"CommentAction\",\"name\":\"Comment\",\"target\":[\"https:\\\/\\\/garageblogec.com\\\/?p=2147#respond\"]}]},{\"@type\":\"WebPage\",\"@id\":\"https:\\\/\\\/garageblogec.com\\\/?p=2147\",\"url\":\"https:\\\/\\\/garageblogec.com\\\/?p=2147\",\"name\":\"Un hombre consigui\u00f3 un nuevo hipercoche Porsche que nadie m\u00e1s conseguir\u00e1 jam\u00e1s - Garage Blog Ecuador\",\"isPartOf\":{\"@id\":\"https:\\\/\\\/garageblogec.com\\\/#website\"},\"primaryImageOfPage\":{\"@id\":\"https:\\\/\\\/garageblogec.com\\\/?p=2147#primaryimage\"},\"image\":{\"@id\":\"https:\\\/\\\/garageblogec.com\\\/?p=2147#primaryimage\"},\"thumbnailUrl\":\"https:\\\/\\\/garageblogec.com\\\/wp-content\\\/uploads\\\/2025\\\/06\\\/Captura-4.png\",\"datePublished\":\"2025-06-06T20:56:30+00:00\",\"dateModified\":\"2025-06-09T17:04:00+00:00\",\"breadcrumb\":{\"@id\":\"https:\\\/\\\/garageblogec.com\\\/?p=2147#breadcrumb\"},\"inLanguage\":\"es\",\"potentialAction\":[{\"@type\":\"ReadAction\",\"target\":[\"https:\\\/\\\/garageblogec.com\\\/?p=2147\"]}]},{\"@type\":\"ImageObject\",\"inLanguage\":\"es\",\"@id\":\"https:\\\/\\\/garageblogec.com\\\/?p=2147#primaryimage\",\"url\":\"https:\\\/\\\/garageblogec.com\\\/wp-content\\\/uploads\\\/2025\\\/06\\\/Captura-4.png\",\"contentUrl\":\"https:\\\/\\\/garageblogec.com\\\/wp-content\\\/uploads\\\/2025\\\/06\\\/Captura-4.png\",\"width\":900,\"height\":572},{\"@type\":\"BreadcrumbList\",\"@id\":\"https:\\\/\\\/garageblogec.com\\\/?p=2147#breadcrumb\",\"itemListElement\":[{\"@type\":\"ListItem\",\"position\":1,\"name\":\"Portada\",\"item\":\"https:\\\/\\\/garageblogec.com\\\/\"},{\"@type\":\"ListItem\",\"position\":2,\"name\":\"Un hombre consigui\u00f3 un nuevo hipercoche Porsche que nadie m\u00e1s conseguir\u00e1 jam\u00e1s\"}]},{\"@type\":\"WebSite\",\"@id\":\"https:\\\/\\\/garageblogec.com\\\/#website\",\"url\":\"https:\\\/\\\/garageblogec.com\\\/\",\"name\":\"Garage Blog Ecuador\",\"description\":\"Alucinamos por los autos \",\"publisher\":{\"@id\":\"https:\\\/\\\/garageblogec.com\\\/#organization\"},\"potentialAction\":[{\"@type\":\"SearchAction\",\"target\":{\"@type\":\"EntryPoint\",\"urlTemplate\":\"https:\\\/\\\/garageblogec.com\\\/?s={search_term_string}\"},\"query-input\":{\"@type\":\"PropertyValueSpecification\",\"valueRequired\":true,\"valueName\":\"search_term_string\"}}],\"inLanguage\":\"es\"},{\"@type\":\"Organization\",\"@id\":\"https:\\\/\\\/garageblogec.com\\\/#organization\",\"name\":\"Garage Blog Ecuador\",\"url\":\"https:\\\/\\\/garageblogec.com\\\/\",\"logo\":{\"@type\":\"ImageObject\",\"inLanguage\":\"es\",\"@id\":\"https:\\\/\\\/garageblogec.com\\\/#\\\/schema\\\/logo\\\/image\\\/\",\"url\":\"https:\\\/\\\/garageblogec.com\\\/wp-content\\\/uploads\\\/2024\\\/02\\\/cropped-logo-png-para-blog.webp\",\"contentUrl\":\"https:\\\/\\\/garageblogec.com\\\/wp-content\\\/uploads\\\/2024\\\/02\\\/cropped-logo-png-para-blog.webp\",\"width\":840,\"height\":556,\"caption\":\"Garage Blog Ecuador \"},\"image\":{\"@id\":\"https:\\\/\\\/garageblogec.com\\\/#\\\/schema\\\/logo\\\/image\\\/\"}},{\"@type\":\"Person\",\"@id\":\"https:\\\/\\\/garageblogec.com\\\/#\\\/schema\\\/person\\\/635f4b76c0cb3e43b82fe6f7d8bcceea\",\"name\":\"gabi1212\",\"image\":{\"@type\":\"ImageObject\",\"inLanguage\":\"es\",\"@id\":\"https:\\\/\\\/secure.gravatar.com\\\/avatar\\\/6aa491f45cb359d4d6dd8c430e83f78899c80569c27d21156e19bbdcd31d1811?s=96&d=mm&r=g\",\"url\":\"https:\\\/\\\/secure.gravatar.com\\\/avatar\\\/6aa491f45cb359d4d6dd8c430e83f78899c80569c27d21156e19bbdcd31d1811?s=96&d=mm&r=g\",\"contentUrl\":\"https:\\\/\\\/secure.gravatar.com\\\/avatar\\\/6aa491f45cb359d4d6dd8c430e83f78899c80569c27d21156e19bbdcd31d1811?s=96&d=mm&r=g\",\"caption\":\"gabi1212\"},\"url\":\"https:\\\/\\\/garageblogec.com\\\/?author=6\"}]}<\/script>\n<!-- \/ Yoast SEO plugin. -->","yoast_head_json":{"title":"Un hombre consigui\u00f3 un nuevo hipercoche Porsche que nadie m\u00e1s conseguir\u00e1 jam\u00e1s - Garage Blog Ecuador","robots":{"index":"index","follow":"follow","max-snippet":"max-snippet:-1","max-image-preview":"max-image-preview:large","max-video-preview":"max-video-preview:-1"},"canonical":"https:\/\/garageblogec.com\/?p=2147","og_locale":"es_ES","og_type":"article","og_title":"Un hombre consigui\u00f3 un nuevo hipercoche Porsche que nadie m\u00e1s conseguir\u00e1 jam\u00e1s - Garage Blog Ecuador","og_description":"El Porsche 963 RSP, un veh\u00edculo \u00fanico, fue fabricado para el empresario estadounidense, ex piloto de carreras y actual propietario del equipo Roger S. Penske.","og_url":"https:\/\/garageblogec.com\/?p=2147","og_site_name":"Garage Blog Ecuador","article_published_time":"2025-06-06T20:56:30+00:00","article_modified_time":"2025-06-09T17:04:00+00:00","og_image":[{"width":900,"height":572,"url":"https:\/\/garageblogec.com\/wp-content\/uploads\/2025\/06\/Captura-4.png","type":"image\/png"}],"author":"gabi1212","twitter_card":"summary_large_image","twitter_misc":{"Escrito por":"gabi1212","Tiempo de lectura":"6 minutos"},"schema":{"@context":"https:\/\/schema.org","@graph":[{"@type":"Article","@id":"https:\/\/garageblogec.com\/?p=2147#article","isPartOf":{"@id":"https:\/\/garageblogec.com\/?p=2147"},"author":{"name":"gabi1212","@id":"https:\/\/garageblogec.com\/#\/schema\/person\/635f4b76c0cb3e43b82fe6f7d8bcceea"},"headline":"Un hombre consigui\u00f3 un nuevo hipercoche Porsche que nadie m\u00e1s conseguir\u00e1 jam\u00e1s","datePublished":"2025-06-06T20:56:30+00:00","dateModified":"2025-06-09T17:04:00+00:00","mainEntityOfPage":{"@id":"https:\/\/garageblogec.com\/?p=2147"},"wordCount":1068,"commentCount":0,"publisher":{"@id":"https:\/\/garageblogec.com\/#organization"},"image":{"@id":"https:\/\/garageblogec.com\/?p=2147#primaryimage"},"thumbnailUrl":"https:\/\/garageblogec.com\/wp-content\/uploads\/2025\/06\/Captura-4.png","articleSection":["Industria Nacional"],"inLanguage":"es","potentialAction":[{"@type":"CommentAction","name":"Comment","target":["https:\/\/garageblogec.com\/?p=2147#respond"]}]},{"@type":"WebPage","@id":"https:\/\/garageblogec.com\/?p=2147","url":"https:\/\/garageblogec.com\/?p=2147","name":"Un hombre consigui\u00f3 un nuevo hipercoche Porsche que nadie m\u00e1s conseguir\u00e1 jam\u00e1s - Garage Blog Ecuador","isPartOf":{"@id":"https:\/\/garageblogec.com\/#website"},"primaryImageOfPage":{"@id":"https:\/\/garageblogec.com\/?p=2147#primaryimage"},"image":{"@id":"https:\/\/garageblogec.com\/?p=2147#primaryimage"},"thumbnailUrl":"https:\/\/garageblogec.com\/wp-content\/uploads\/2025\/06\/Captura-4.png","datePublished":"2025-06-06T20:56:30+00:00","dateModified":"2025-06-09T17:04:00+00:00","breadcrumb":{"@id":"https:\/\/garageblogec.com\/?p=2147#breadcrumb"},"inLanguage":"es","potentialAction":[{"@type":"ReadAction","target":["https:\/\/garageblogec.com\/?p=2147"]}]},{"@type":"ImageObject","inLanguage":"es","@id":"https:\/\/garageblogec.com\/?p=2147#primaryimage","url":"https:\/\/garageblogec.com\/wp-content\/uploads\/2025\/06\/Captura-4.png","contentUrl":"https:\/\/garageblogec.com\/wp-content\/uploads\/2025\/06\/Captura-4.png","width":900,"height":572},{"@type":"BreadcrumbList","@id":"https:\/\/garageblogec.com\/?p=2147#breadcrumb","itemListElement":[{"@type":"ListItem","position":1,"name":"Portada","item":"https:\/\/garageblogec.com\/"},{"@type":"ListItem","position":2,"name":"Un hombre consigui\u00f3 un nuevo hipercoche Porsche que nadie m\u00e1s conseguir\u00e1 jam\u00e1s"}]},{"@type":"WebSite","@id":"https:\/\/garageblogec.com\/#website","url":"https:\/\/garageblogec.com\/","name":"Garage Blog Ecuador","description":"Alucinamos por los autos ","publisher":{"@id":"https:\/\/garageblogec.com\/#organization"},"potentialAction":[{"@type":"SearchAction","target":{"@type":"EntryPoint","urlTemplate":"https:\/\/garageblogec.com\/?s={search_term_string}"},"query-input":{"@type":"PropertyValueSpecification","valueRequired":true,"valueName":"search_term_string"}}],"inLanguage":"es"},{"@type":"Organization","@id":"https:\/\/garageblogec.com\/#organization","name":"Garage Blog Ecuador","url":"https:\/\/garageblogec.com\/","logo":{"@type":"ImageObject","inLanguage":"es","@id":"https:\/\/garageblogec.com\/#\/schema\/logo\/image\/","url":"https:\/\/garageblogec.com\/wp-content\/uploads\/2024\/02\/cropped-logo-png-para-blog.webp","contentUrl":"https:\/\/garageblogec.com\/wp-content\/uploads\/2024\/02\/cropped-logo-png-para-blog.webp","width":840,"height":556,"caption":"Garage Blog Ecuador "},"image":{"@id":"https:\/\/garageblogec.com\/#\/schema\/logo\/image\/"}},{"@type":"Person","@id":"https:\/\/garageblogec.com\/#\/schema\/person\/635f4b76c0cb3e43b82fe6f7d8bcceea","name":"gabi1212","image":{"@type":"ImageObject","inLanguage":"es","@id":"https:\/\/secure.gravatar.com\/avatar\/6aa491f45cb359d4d6dd8c430e83f78899c80569c27d21156e19bbdcd31d1811?s=96&d=mm&r=g","url":"https:\/\/secure.gravatar.com\/avatar\/6aa491f45cb359d4d6dd8c430e83f78899c80569c27d21156e19bbdcd31d1811?s=96&d=mm&r=g","contentUrl":"https:\/\/secure.gravatar.com\/avatar\/6aa491f45cb359d4d6dd8c430e83f78899c80569c27d21156e19bbdcd31d1811?s=96&d=mm&r=g","caption":"gabi1212"},"url":"https:\/\/garageblogec.com\/?author=6"}]}},"jetpack_featured_media_url":"https:\/\/garageblogec.com\/wp-content\/uploads\/2025\/06\/Captura-4.png","jetpack_sharing_enabled":true,"_links":{"self":[{"href":"https:\/\/garageblogec.com\/index.php?rest_route=\/wp\/v2\/posts\/2147","targetHints":{"allow":["GET"]}}],"collection":[{"href":"https:\/\/garageblogec.com\/index.php?rest_route=\/wp\/v2\/posts"}],"about":[{"href":"https:\/\/garageblogec.com\/index.php?rest_route=\/wp\/v2\/types\/post"}],"author":[{"embeddable":true,"href":"https:\/\/garageblogec.com\/index.php?rest_route=\/wp\/v2\/users\/6"}],"replies":[{"embeddable":true,"href":"https:\/\/garageblogec.com\/index.php?rest_route=%2Fwp%2Fv2%2Fcomments&post=2147"}],"version-history":[{"count":2,"href":"https:\/\/garageblogec.com\/index.php?rest_route=\/wp\/v2\/posts\/2147\/revisions"}],"predecessor-version":[{"id":2152,"href":"https:\/\/garageblogec.com\/index.php?rest_route=\/wp\/v2\/posts\/2147\/revisions\/2152"}],"wp:featuredmedia":[{"embeddable":true,"href":"https:\/\/garageblogec.com\/index.php?rest_route=\/wp\/v2\/media\/2148"}],"wp:attachment":[{"href":"https:\/\/garageblogec.com\/index.php?rest_route=%2Fwp%2Fv2%2Fmedia&parent=2147"}],"wp:term":[{"taxonomy":"category","embeddable":true,"href":"https:\/\/garageblogec.com\/index.php?rest_route=%2Fwp%2Fv2%2Fcategories&post=2147"},{"taxonomy":"post_tag","embeddable":true,"href":"https:\/\/garageblogec.com\/index.php?rest_route=%2Fwp%2Fv2%2Ftags&post=2147"}],"curies":[{"name":"wp","href":"https:\/\/api.w.org\/{rel}","templated":true}]}}