{"id":2139,"date":"2025-06-05T17:31:16","date_gmt":"2025-06-05T17:31:16","guid":{"rendered":"https:\/\/garageblogec.com\/?p=2139"},"modified":"2025-06-05T17:31:24","modified_gmt":"2025-06-05T17:31:24","slug":"el-piloto-que-le-mete-presion-a-franco-colapinto-en-la-formula-1","status":"publish","type":"post","link":"https:\/\/garageblogec.com\/?p=2139","title":{"rendered":"El piloto que le mete presi\u00f3n a Franco Colapinto en la F\u00f3rmula 1"},"content":{"rendered":"\n<p>Tras su reciente llegada a Alpine,\u00a0el futuro del argentino\u00a0Franco Colapinto\u00a0se empieza a poner en duda luego de que el piloto de reserva Paul Aron hiciera un entrenamiento en Monza, tal como lo hizo el pilarense cuando reemplaz\u00f3 al australiano Jack Doohan en la s\u00e9ptima jornada de la\u00a0F\u00f3rmula 1.<\/p>\n\n\n\n<figure class=\"wp-block-image size-large\"><img decoding=\"async\" src=\"https:\/\/statics.eleconomista.com.ar\/2025\/06\/crop\/6841a5f57928a__950x512.webp\" alt=\"\"\/><\/figure>\n\n\n\n<p>Despu\u00e9s de su floja actuaci\u00f3n en el Gran Premio de Espa\u00f1a, donde su equipo buscaba una mejor clasificaci\u00f3n y posterior carrera,\u00a0el futuro de Colapinto empez\u00f3 a depender de un hilo.<\/p>\n\n\n\n<p>A esto, se le sum\u00f3 que en las \u00faltimas horas\u00a0se vio entrenar a Aron en Monza con un monoplaza antiguo de la escuder\u00eda francesa, el A523, tal como lo hab\u00eda realizado el argentino al reemplazar a Doohan. Esto\u00a0es parte del trabajo que tiene asignado el piloto estonio en la escuder\u00eda francesa, ya que es quien se encarga de trabajar en los simuladores durante la mayor\u00eda de los Grandes Premios de esta temporada y a esto se le suma su prueba en el circuito italiano.<\/p>\n\n\n\n<figure class=\"wp-block-image size-full\"><a href=\"https:\/\/www.kia.com\/ec\/main.html\"><img fetchpriority=\"high\" decoding=\"async\" width=\"800\" height=\"222\" src=\"https:\/\/garageblogec.com\/wp-content\/uploads\/2025\/04\/7gif1080X300peso-ezgif.com-video-to-webp-converter.webp\" alt=\"\" class=\"wp-image-1923\"\/><\/a><\/figure>\n\n\n\n<p>Aunque<strong>\u00a0el futuro de Colapinto en Alpine no est\u00e1 asegurado<\/strong>, el argentino ser\u00e1 parte del Gran Premio de Canad\u00e1, el cual se disputar\u00e1 el fin de semana del 15 de junio, tal como aclar\u00f3 la escuder\u00eda francesa, que\u00a0confirm\u00f3 al pilarense por lo menos por cinco carreras. Sin embargo, el joven piloto de 22 a\u00f1os tendr\u00e1 la obligaci\u00f3n de dejar atr\u00e1s su flojo rendimiento y meterse en zona de puntos si desea seguir siendo parte del equipo titular.<\/p>\n\n\n\n<p>Colapinto\u00a0debut\u00f3 como titular en la escuder\u00eda francesa el 18 de mayo pasado en el Gran Premio de Emilia Roma\u00f1a, donde termin\u00f3 decimosexto tras largar en esa posici\u00f3n. En\u00a0M\u00f3naco\u00a0lo hizo desde el decimoctavo lugar y culmin\u00f3 decimotercero. Mientras que en\u00a0Espa\u00f1a\u00a0arranc\u00f3 decimoctavo y pudo avanzar hasta la decimoquinta colocaci\u00f3n final con un auto carente de ritmo.<\/p>\n\n\n\n<p>Su\u00a0objetivo es estar cerca -y ocasionalmente por delante- del franc\u00e9s Pierre Gasly, su compa\u00f1ero de equipo, que es un piloto probado, ganador y con amplia experiencia en la parrilla de la F\u00f3rmula 1. Alpine se ubica\u00a0en la \u00faltima posici\u00f3n del Campeonato de Constructores con solo 11 puntos (conseguidos por Gasly), solo por delante de\u00a0Aston Martin\u00a0(16). El argentino\u00a0tendr\u00e1 dos fechas para demostrar si merece el asiento\u00a0para lo que resta de la temporada.<\/p>\n\n\n\n<figure class=\"wp-block-image size-large\"><img decoding=\"async\" src=\"https:\/\/media.diariouno.com.ar\/p\/da01323dd9b90bcdc6ffbed9fcd5b6bd\/adjuntos\/298\/imagenes\/009\/554\/0009554121\/1200x0\/smart\/automovilismo-formula-1-imola-gasly-colapinto-1jpg.jpg\" alt=\"\"\/><\/figure>\n\n\n\n<h2 class=\"wp-block-heading\"><strong>Qui\u00e9n es Paul Aron, el piloto suplente de Alpine que le mete presi\u00f3n a Franco Colapinto<\/strong><\/h2>\n\n\n\n<p>Nacido el 4 de febrero de 2004 en Tallin, Aron inici\u00f3 su carrera en el karting a los 8 a\u00f1os, compitiendo en Estonia y posteriormente en diversos pa\u00edses europeos, especialmente en Italia.&nbsp;<\/p>\n\n\n\n<p>Luego de muchos a\u00f1os en karting y campeonatos europeos, el estonio lleg\u00f3 a la&nbsp;<strong>F\u00f3rmula 3<\/strong>&nbsp;en 2023 con&nbsp;<strong>Prema Racing<\/strong>, con quien consigui\u00f3 una victoria y finaliz\u00f3 en el tercer puesto del campeonato. Posteriormente se uni\u00f3 a&nbsp;<strong>Trident&nbsp;<\/strong>y en 2024 a&nbsp;<strong>Hitech Pulse-Eight<\/strong>, con quien lleg\u00f3 a terminar tercero en el campeonato sumando 163 puntos.<\/p>\n\n\n\n<p>En la actualidad, Aron forma parte de los pilotos de reserva que tiene la escuder\u00eda Alpine para la temporada 2025 -en el cual tambi\u00e9n se suma\u00a0Kush Maini, tras el ascenso de Colapinto y la salida a\u00a0<strong>Haas\u00a0<\/strong>de\u00a0<strong>Ry\u014d Hirakawa<\/strong>-.<\/p>\n\n\n\n<figure class=\"wp-block-image size-large\"><img decoding=\"async\" src=\"https:\/\/pbs.twimg.com\/media\/Ghnm3-OXIAAP7Oe?format=jpg&amp;name=medium\" alt=\"\"\/><\/figure>\n\n\n\n<p>La escuder\u00eda francesa lo formaliz\u00f3 como piloto de reserva el 30 de noviembre del 2024.\u00a0\u00abHay una nueva generaci\u00f3n en la F\u00f3rmula 1, como estamos viendo con muchos j\u00f3venes pilotos que causan impacto tan pronto como entran en el deporte. Creemos que Paul es uno de los mejores talentos\u00bb, dijo ese d\u00eda el experimentado empresario italiano\u00a0Flavio Briatore, asesor ejecutivo y l\u00edder del equipo.<\/p>\n\n\n\n<p>Mientras tanto,\u00a0<strong>Aron se prepara en caso de que llegue su oportunidad en la F\u00f3rmula 1 para ocupar el lugar de Colapinto<\/strong>, con quien\u00a0asegur\u00f3 que \u00abno hay amistad\u00bb\u00a0en abril pasado, cuando peleaban por el asiento de Doohan.<\/p>\n\n\n<div class='pt-cv-wrapper'> <h3 class='pt-cv-heading-container heading1' data-blockid='vtqw1ujy'><span class='pt-cv-heading'> Overlay1 <\/span><\/h3><div class=\"pt-cv-view pt-cv-overlaygrid iscvblock iscvreal overlay1 layout1\" id=\"pt-cv-view-vtqw1ujy\"><div data-id=\"pt-cv-page-1\" class=\"pt-cv-page\" data-cvc=\"3\"><div class=\" pt-cv-content-item pt-cv-1-col\" ><div class=\"pt-cv-thumb-wrapper  \"><a href=\"https:\/\/garageblogec.com\/?p=3303\" class=\"_self pt-cv-href-thumbnail pt-cv-thumb-default\" target=\"_self\" ><img decoding=\"async\" width=\"768\" height=\"432\" src=\"https:\/\/garageblogec.com\/wp-content\/uploads\/2026\/04\/WhatsApp-Image-2026-04-21-at-1.52.53-PM-768x432.jpeg\" class=\"pt-cv-thumbnail\" alt=\"\" \/><\/a><\/div>\n<div class=\"pt-cv-overlay-wrapper\"><div class=\"pt-cv-taxoterm above_title\"><a href='https:\/\/garageblogec.com\/?cat=27' title='Industria Nacional' class='pt-cv-tax-industria-nacional'>Industria Nacional<\/a><\/div><h4 class=\"pt-cv-title\"><a href=\"https:\/\/garageblogec.com\/?p=3303\" class=\"_self\" target=\"_self\" >Grupo Ambacar presenta en Guayaquil KGM, su nueva marca de SUV h\u00edbridos con respaldo global<\/a><\/h4><div class=\"pt-cv-meta-fields\"><span class=\"entry-date\"> <time datetime=\"2026-04-21T21:37:24+00:00\">abril 21, 2026<\/time><\/span><span> \/ <\/span><span class=\"author\"> <a href=\"https:\/\/garageblogec.com\/?author=6\" rel=\"author\">gabi1212<\/a><\/span><\/div><\/div><\/div>\n<div class=\" pt-cv-content-item pt-cv-1-col\" ><div class=\"pt-cv-thumb-wrapper  \"><a href=\"https:\/\/garageblogec.com\/?p=3296\" class=\"_self pt-cv-href-thumbnail pt-cv-thumb-default\" target=\"_self\" ><img decoding=\"async\" width=\"768\" height=\"432\" src=\"https:\/\/garageblogec.com\/wp-content\/uploads\/2026\/04\/WhatsApp-Image-2026-04-14-at-3.15.09-PM-768x432.jpeg\" class=\"pt-cv-thumbnail\" alt=\"\" \/><\/a><\/div>\n<div class=\"pt-cv-overlay-wrapper\"><div class=\"pt-cv-taxoterm above_title\"><a href='https:\/\/garageblogec.com\/?cat=27' title='Industria Nacional' class='pt-cv-tax-industria-nacional'>Industria Nacional<\/a><\/div><h4 class=\"pt-cv-title\"><a href=\"https:\/\/garageblogec.com\/?p=3296\" class=\"_self\" target=\"_self\" >El tablero desapareci\u00f3, ahora el auto es una pantalla inteligente<\/a><\/h4><div class=\"pt-cv-meta-fields\"><span class=\"entry-date\"> <time datetime=\"2026-04-14T20:21:20+00:00\">abril 14, 2026<\/time><\/span><span> \/ <\/span><span class=\"author\"> <a href=\"https:\/\/garageblogec.com\/?author=6\" rel=\"author\">gabi1212<\/a><\/span><\/div><\/div><\/div>\n<div class=\" pt-cv-content-item pt-cv-1-col\" ><div class=\"pt-cv-thumb-wrapper  \"><a href=\"https:\/\/garageblogec.com\/?p=3291\" class=\"_self pt-cv-href-thumbnail pt-cv-thumb-default\" target=\"_self\" ><img loading=\"lazy\" decoding=\"async\" width=\"768\" height=\"432\" src=\"https:\/\/garageblogec.com\/wp-content\/uploads\/2026\/04\/WhatsApp-Image-2026-04-14-at-2.21.27-PM-768x432.jpeg\" class=\"pt-cv-thumbnail\" alt=\"\" \/><\/a><\/div>\n<div class=\"pt-cv-overlay-wrapper\"><div class=\"pt-cv-taxoterm above_title\"><a href='https:\/\/garageblogec.com\/?cat=27' title='Industria Nacional' class='pt-cv-tax-industria-nacional'>Industria Nacional<\/a><\/div><h4 class=\"pt-cv-title\"><a href=\"https:\/\/garageblogec.com\/?p=3291\" class=\"_self\" target=\"_self\" >Seguridad al volante en Ecuador: los errores m\u00e1s comunes que cometen los conductores<\/a><\/h4><div class=\"pt-cv-meta-fields\"><span class=\"entry-date\"> <time datetime=\"2026-04-14T20:08:54+00:00\">abril 14, 2026<\/time><\/span><span> \/ <\/span><span class=\"author\"> <a href=\"https:\/\/garageblogec.com\/?author=6\" rel=\"author\">gabi1212<\/a><\/span><\/div><\/div><\/div>\n<div class=\" pt-cv-content-item pt-cv-1-col\" ><div class=\"pt-cv-thumb-wrapper  \"><a href=\"https:\/\/garageblogec.com\/?p=3286\" class=\"_self pt-cv-href-thumbnail pt-cv-thumb-default\" target=\"_self\" ><img loading=\"lazy\" decoding=\"async\" width=\"768\" height=\"492\" src=\"https:\/\/garageblogec.com\/wp-content\/uploads\/2026\/04\/Posventa.jpg-768x492.jpeg\" class=\"pt-cv-thumbnail\" alt=\"\" \/><\/a><\/div>\n<div class=\"pt-cv-overlay-wrapper\"><div class=\"pt-cv-taxoterm above_title\"><a href='https:\/\/garageblogec.com\/?cat=27' title='Industria Nacional' class='pt-cv-tax-industria-nacional'>Industria Nacional<\/a><\/div><h4 class=\"pt-cv-title\"><a href=\"https:\/\/garageblogec.com\/?p=3286\" class=\"_self\" target=\"_self\" >Clientes Nissan reciben cambios de aceite infinitos<\/a><\/h4><div class=\"pt-cv-meta-fields\"><span class=\"entry-date\"> <time datetime=\"2026-04-14T20:04:08+00:00\">abril 14, 2026<\/time><\/span><span> \/ <\/span><span class=\"author\"> <a href=\"https:\/\/garageblogec.com\/?author=6\" rel=\"author\">gabi1212<\/a><\/span><\/div><\/div><\/div>\n<div class=\" pt-cv-content-item pt-cv-1-col\" ><div class=\"pt-cv-thumb-wrapper  \"><a href=\"https:\/\/garageblogec.com\/?p=3280\" class=\"_self pt-cv-href-thumbnail pt-cv-thumb-default\" target=\"_self\" ><img loading=\"lazy\" decoding=\"async\" width=\"768\" height=\"512\" src=\"https:\/\/garageblogec.com\/wp-content\/uploads\/2026\/04\/foto1-768x512.jpeg\" class=\"pt-cv-thumbnail\" alt=\"\" \/><\/a><\/div>\n<div class=\"pt-cv-overlay-wrapper\"><div class=\"pt-cv-taxoterm above_title\"><a href='https:\/\/garageblogec.com\/?cat=27' title='Industria Nacional' class='pt-cv-tax-industria-nacional'>Industria Nacional<\/a><\/div><h4 class=\"pt-cv-title\"><a href=\"https:\/\/garageblogec.com\/?p=3280\" class=\"_self\" target=\"_self\" >Movilidad como inversi\u00f3n: el uso de utilidades que crece en Ecuador<\/a><\/h4><div class=\"pt-cv-meta-fields\"><span class=\"entry-date\"> <time datetime=\"2026-04-07T19:55:36+00:00\">abril 7, 2026<\/time><\/span><span> \/ <\/span><span class=\"author\"> <a href=\"https:\/\/garageblogec.com\/?author=6\" rel=\"author\">gabi1212<\/a><\/span><\/div><\/div><\/div>\n<div class=\" pt-cv-content-item pt-cv-1-col\" ><div class=\"pt-cv-thumb-wrapper  \"><a href=\"https:\/\/garageblogec.com\/?p=3276\" class=\"_self pt-cv-href-thumbnail pt-cv-thumb-default\" target=\"_self\" ><img loading=\"lazy\" decoding=\"async\" width=\"745\" height=\"491\" src=\"https:\/\/garageblogec.com\/wp-content\/uploads\/2026\/04\/TT.png\" class=\"pt-cv-thumbnail\" alt=\"\" \/><\/a><\/div>\n<div class=\"pt-cv-overlay-wrapper\"><div class=\"pt-cv-taxoterm above_title\"><a href='https:\/\/garageblogec.com\/?cat=27' title='Industria Nacional' class='pt-cv-tax-industria-nacional'>Industria Nacional<\/a><\/div><h4 class=\"pt-cv-title\"><a href=\"https:\/\/garageblogec.com\/?p=3276\" class=\"_self\" target=\"_self\" >Lluvias en Ecuador: C\u00f3mo reducir riesgos en carretera y prevenir accidentes en calzada mojada<\/a><\/h4><div class=\"pt-cv-meta-fields\"><span class=\"entry-date\"> <time datetime=\"2026-04-07T19:46:52+00:00\">abril 7, 2026<\/time><\/span><span> \/ <\/span><span class=\"author\"> <a href=\"https:\/\/garageblogec.com\/?author=6\" rel=\"author\">gabi1212<\/a><\/span><\/div><\/div><\/div><\/div><\/div> <\/div> <style>\n#pt-cv-view-vtqw1ujy .pt-cv-thumb-wrapper::before {background: rgba(0,0,0,.4); opacity: 0.8;}#pt-cv-view-vtqw1ujy .pt-cv-overlay-wrapper {justify-content: center;}\n#pt-cv-view-vtqw1ujy .pt-cv-meta-fields {  }#pt-cv-view-vtqw1ujy .pt-cv-meta-fields * { font-size: 13px; }#pt-cv-view-vtqw1ujy .pt-cv-title a { display: block; }#pt-cv-view-vtqw1ujy .pt-cv-title:not(.pt-cv-titlesm) a { font-weight: 600;text-decoration: none;font-size: 20px; }#pt-cv-view-vtqw1ujy .pt-cv-titlesm a { font-weight: 600;font-size: 18px; }#pt-cv-view-vtqw1ujy .pt-cv-content { font-size: 15px; }#pt-cv-view-vtqw1ujy .pt-cv-rmwrap {  }#pt-cv-view-vtqw1ujy .pt-cv-readmore { color: #fff;background-color: #0075ff;font-size: 14px; }#pt-cv-view-vtqw1ujy .pt-cv-taxoterm { margin: 0px 0px 20px 0px; }#pt-cv-view-vtqw1ujy .pt-cv-taxoterm * { color: #222;background-color: #fff6f6;font-size: 14px; }#pt-cv-view-vtqw1ujy + .pt-cv-pagination-wrapper {  }#pt-cv-view-vtqw1ujy + .pt-cv-pagination-wrapper a { font-size: 14px; }#pt-cv-view-vtqw1ujy > .pt-cv-page {grid-template-columns: repeat(3, 1fr);grid-auto-rows: 250px;grid-gap: 10px;}\n@media all and (max-width: 1024px) { \n#pt-cv-view-vtqw1ujy > .pt-cv-page {}\n} \n@media all and (max-width: 767px) { \n#pt-cv-view-vtqw1ujy > .pt-cv-page {grid-template-columns: repeat(1, 1fr);}\n} <\/style>","protected":false},"excerpt":{"rendered":"<p>El argentino no sum\u00f3 puntos en Espa\u00f1a y la aparici\u00f3n de un piloto reserva de Alpine en Monza encendi\u00f3 las alarmas<\/p>\n","protected":false},"author":6,"featured_media":2140,"comment_status":"open","ping_status":"open","sticky":false,"template":"","format":"standard","meta":{"_jetpack_memberships_contains_paid_content":false,"footnotes":""},"categories":[1],"tags":[],"class_list":["post-2139","post","type-post","status-publish","format-standard","has-post-thumbnail","hentry","category-uncategorized"],"yoast_head":"<!-- This site is optimized with the Yoast SEO plugin v27.5 - https:\/\/yoast.com\/product\/yoast-seo-wordpress\/ -->\n<title>El piloto que le mete presi\u00f3n a Franco Colapinto en la F\u00f3rmula 1 - Garage Blog Ecuador<\/title>\n<meta name=\"robots\" content=\"index, follow, max-snippet:-1, max-image-preview:large, max-video-preview:-1\" \/>\n<link rel=\"canonical\" href=\"https:\/\/garageblogec.com\/?p=2139\" \/>\n<meta property=\"og:locale\" content=\"es_ES\" \/>\n<meta property=\"og:type\" content=\"article\" \/>\n<meta property=\"og:title\" content=\"El piloto que le mete presi\u00f3n a Franco Colapinto en la F\u00f3rmula 1 - Garage Blog Ecuador\" \/>\n<meta property=\"og:description\" content=\"El argentino no sum\u00f3 puntos en Espa\u00f1a y la aparici\u00f3n de un piloto reserva de Alpine en Monza encendi\u00f3 las alarmas\" \/>\n<meta property=\"og:url\" content=\"https:\/\/garageblogec.com\/?p=2139\" \/>\n<meta property=\"og:site_name\" content=\"Garage Blog Ecuador\" \/>\n<meta property=\"article:published_time\" content=\"2025-06-05T17:31:16+00:00\" \/>\n<meta property=\"article:modified_time\" content=\"2025-06-05T17:31:24+00:00\" \/>\n<meta property=\"og:image\" content=\"https:\/\/garageblogec.com\/wp-content\/uploads\/2025\/06\/Captura-3.png\" \/>\n\t<meta property=\"og:image:width\" content=\"929\" \/>\n\t<meta property=\"og:image:height\" content=\"457\" \/>\n\t<meta property=\"og:image:type\" content=\"image\/png\" \/>\n<meta name=\"author\" content=\"gabi1212\" \/>\n<meta name=\"twitter:card\" content=\"summary_large_image\" \/>\n<meta name=\"twitter:label1\" content=\"Escrito por\" \/>\n\t<meta name=\"twitter:data1\" content=\"gabi1212\" \/>\n\t<meta name=\"twitter:label2\" content=\"Tiempo de lectura\" \/>\n\t<meta name=\"twitter:data2\" content=\"4 minutos\" \/>\n<script type=\"application\/ld+json\" class=\"yoast-schema-graph\">{\"@context\":\"https:\\\/\\\/schema.org\",\"@graph\":[{\"@type\":\"Article\",\"@id\":\"https:\\\/\\\/garageblogec.com\\\/?p=2139#article\",\"isPartOf\":{\"@id\":\"https:\\\/\\\/garageblogec.com\\\/?p=2139\"},\"author\":{\"name\":\"gabi1212\",\"@id\":\"https:\\\/\\\/garageblogec.com\\\/#\\\/schema\\\/person\\\/635f4b76c0cb3e43b82fe6f7d8bcceea\"},\"headline\":\"El piloto que le mete presi\u00f3n a Franco Colapinto en la F\u00f3rmula 1\",\"datePublished\":\"2025-06-05T17:31:16+00:00\",\"dateModified\":\"2025-06-05T17:31:24+00:00\",\"mainEntityOfPage\":{\"@id\":\"https:\\\/\\\/garageblogec.com\\\/?p=2139\"},\"wordCount\":673,\"commentCount\":0,\"publisher\":{\"@id\":\"https:\\\/\\\/garageblogec.com\\\/#organization\"},\"image\":{\"@id\":\"https:\\\/\\\/garageblogec.com\\\/?p=2139#primaryimage\"},\"thumbnailUrl\":\"https:\\\/\\\/garageblogec.com\\\/wp-content\\\/uploads\\\/2025\\\/06\\\/Captura-3.png\",\"articleSection\":[\"Uncategorized\"],\"inLanguage\":\"es\",\"potentialAction\":[{\"@type\":\"CommentAction\",\"name\":\"Comment\",\"target\":[\"https:\\\/\\\/garageblogec.com\\\/?p=2139#respond\"]}]},{\"@type\":\"WebPage\",\"@id\":\"https:\\\/\\\/garageblogec.com\\\/?p=2139\",\"url\":\"https:\\\/\\\/garageblogec.com\\\/?p=2139\",\"name\":\"El piloto que le mete presi\u00f3n a Franco Colapinto en la F\u00f3rmula 1 - Garage Blog Ecuador\",\"isPartOf\":{\"@id\":\"https:\\\/\\\/garageblogec.com\\\/#website\"},\"primaryImageOfPage\":{\"@id\":\"https:\\\/\\\/garageblogec.com\\\/?p=2139#primaryimage\"},\"image\":{\"@id\":\"https:\\\/\\\/garageblogec.com\\\/?p=2139#primaryimage\"},\"thumbnailUrl\":\"https:\\\/\\\/garageblogec.com\\\/wp-content\\\/uploads\\\/2025\\\/06\\\/Captura-3.png\",\"datePublished\":\"2025-06-05T17:31:16+00:00\",\"dateModified\":\"2025-06-05T17:31:24+00:00\",\"breadcrumb\":{\"@id\":\"https:\\\/\\\/garageblogec.com\\\/?p=2139#breadcrumb\"},\"inLanguage\":\"es\",\"potentialAction\":[{\"@type\":\"ReadAction\",\"target\":[\"https:\\\/\\\/garageblogec.com\\\/?p=2139\"]}]},{\"@type\":\"ImageObject\",\"inLanguage\":\"es\",\"@id\":\"https:\\\/\\\/garageblogec.com\\\/?p=2139#primaryimage\",\"url\":\"https:\\\/\\\/garageblogec.com\\\/wp-content\\\/uploads\\\/2025\\\/06\\\/Captura-3.png\",\"contentUrl\":\"https:\\\/\\\/garageblogec.com\\\/wp-content\\\/uploads\\\/2025\\\/06\\\/Captura-3.png\",\"width\":929,\"height\":457},{\"@type\":\"BreadcrumbList\",\"@id\":\"https:\\\/\\\/garageblogec.com\\\/?p=2139#breadcrumb\",\"itemListElement\":[{\"@type\":\"ListItem\",\"position\":1,\"name\":\"Portada\",\"item\":\"https:\\\/\\\/garageblogec.com\\\/\"},{\"@type\":\"ListItem\",\"position\":2,\"name\":\"El piloto que le mete presi\u00f3n a Franco Colapinto en la F\u00f3rmula 1\"}]},{\"@type\":\"WebSite\",\"@id\":\"https:\\\/\\\/garageblogec.com\\\/#website\",\"url\":\"https:\\\/\\\/garageblogec.com\\\/\",\"name\":\"Garage Blog Ecuador\",\"description\":\"Alucinamos por los autos \",\"publisher\":{\"@id\":\"https:\\\/\\\/garageblogec.com\\\/#organization\"},\"potentialAction\":[{\"@type\":\"SearchAction\",\"target\":{\"@type\":\"EntryPoint\",\"urlTemplate\":\"https:\\\/\\\/garageblogec.com\\\/?s={search_term_string}\"},\"query-input\":{\"@type\":\"PropertyValueSpecification\",\"valueRequired\":true,\"valueName\":\"search_term_string\"}}],\"inLanguage\":\"es\"},{\"@type\":\"Organization\",\"@id\":\"https:\\\/\\\/garageblogec.com\\\/#organization\",\"name\":\"Garage Blog Ecuador\",\"url\":\"https:\\\/\\\/garageblogec.com\\\/\",\"logo\":{\"@type\":\"ImageObject\",\"inLanguage\":\"es\",\"@id\":\"https:\\\/\\\/garageblogec.com\\\/#\\\/schema\\\/logo\\\/image\\\/\",\"url\":\"https:\\\/\\\/garageblogec.com\\\/wp-content\\\/uploads\\\/2024\\\/02\\\/cropped-logo-png-para-blog.webp\",\"contentUrl\":\"https:\\\/\\\/garageblogec.com\\\/wp-content\\\/uploads\\\/2024\\\/02\\\/cropped-logo-png-para-blog.webp\",\"width\":840,\"height\":556,\"caption\":\"Garage Blog Ecuador \"},\"image\":{\"@id\":\"https:\\\/\\\/garageblogec.com\\\/#\\\/schema\\\/logo\\\/image\\\/\"}},{\"@type\":\"Person\",\"@id\":\"https:\\\/\\\/garageblogec.com\\\/#\\\/schema\\\/person\\\/635f4b76c0cb3e43b82fe6f7d8bcceea\",\"name\":\"gabi1212\",\"image\":{\"@type\":\"ImageObject\",\"inLanguage\":\"es\",\"@id\":\"https:\\\/\\\/secure.gravatar.com\\\/avatar\\\/6aa491f45cb359d4d6dd8c430e83f78899c80569c27d21156e19bbdcd31d1811?s=96&d=mm&r=g\",\"url\":\"https:\\\/\\\/secure.gravatar.com\\\/avatar\\\/6aa491f45cb359d4d6dd8c430e83f78899c80569c27d21156e19bbdcd31d1811?s=96&d=mm&r=g\",\"contentUrl\":\"https:\\\/\\\/secure.gravatar.com\\\/avatar\\\/6aa491f45cb359d4d6dd8c430e83f78899c80569c27d21156e19bbdcd31d1811?s=96&d=mm&r=g\",\"caption\":\"gabi1212\"},\"url\":\"https:\\\/\\\/garageblogec.com\\\/?author=6\"}]}<\/script>\n<!-- \/ Yoast SEO plugin. -->","yoast_head_json":{"title":"El piloto que le mete presi\u00f3n a Franco Colapinto en la F\u00f3rmula 1 - Garage Blog Ecuador","robots":{"index":"index","follow":"follow","max-snippet":"max-snippet:-1","max-image-preview":"max-image-preview:large","max-video-preview":"max-video-preview:-1"},"canonical":"https:\/\/garageblogec.com\/?p=2139","og_locale":"es_ES","og_type":"article","og_title":"El piloto que le mete presi\u00f3n a Franco Colapinto en la F\u00f3rmula 1 - Garage Blog Ecuador","og_description":"El argentino no sum\u00f3 puntos en Espa\u00f1a y la aparici\u00f3n de un piloto reserva de Alpine en Monza encendi\u00f3 las alarmas","og_url":"https:\/\/garageblogec.com\/?p=2139","og_site_name":"Garage Blog Ecuador","article_published_time":"2025-06-05T17:31:16+00:00","article_modified_time":"2025-06-05T17:31:24+00:00","og_image":[{"width":929,"height":457,"url":"https:\/\/garageblogec.com\/wp-content\/uploads\/2025\/06\/Captura-3.png","type":"image\/png"}],"author":"gabi1212","twitter_card":"summary_large_image","twitter_misc":{"Escrito por":"gabi1212","Tiempo de lectura":"4 minutos"},"schema":{"@context":"https:\/\/schema.org","@graph":[{"@type":"Article","@id":"https:\/\/garageblogec.com\/?p=2139#article","isPartOf":{"@id":"https:\/\/garageblogec.com\/?p=2139"},"author":{"name":"gabi1212","@id":"https:\/\/garageblogec.com\/#\/schema\/person\/635f4b76c0cb3e43b82fe6f7d8bcceea"},"headline":"El piloto que le mete presi\u00f3n a Franco Colapinto en la F\u00f3rmula 1","datePublished":"2025-06-05T17:31:16+00:00","dateModified":"2025-06-05T17:31:24+00:00","mainEntityOfPage":{"@id":"https:\/\/garageblogec.com\/?p=2139"},"wordCount":673,"commentCount":0,"publisher":{"@id":"https:\/\/garageblogec.com\/#organization"},"image":{"@id":"https:\/\/garageblogec.com\/?p=2139#primaryimage"},"thumbnailUrl":"https:\/\/garageblogec.com\/wp-content\/uploads\/2025\/06\/Captura-3.png","articleSection":["Uncategorized"],"inLanguage":"es","potentialAction":[{"@type":"CommentAction","name":"Comment","target":["https:\/\/garageblogec.com\/?p=2139#respond"]}]},{"@type":"WebPage","@id":"https:\/\/garageblogec.com\/?p=2139","url":"https:\/\/garageblogec.com\/?p=2139","name":"El piloto que le mete presi\u00f3n a Franco Colapinto en la F\u00f3rmula 1 - Garage Blog Ecuador","isPartOf":{"@id":"https:\/\/garageblogec.com\/#website"},"primaryImageOfPage":{"@id":"https:\/\/garageblogec.com\/?p=2139#primaryimage"},"image":{"@id":"https:\/\/garageblogec.com\/?p=2139#primaryimage"},"thumbnailUrl":"https:\/\/garageblogec.com\/wp-content\/uploads\/2025\/06\/Captura-3.png","datePublished":"2025-06-05T17:31:16+00:00","dateModified":"2025-06-05T17:31:24+00:00","breadcrumb":{"@id":"https:\/\/garageblogec.com\/?p=2139#breadcrumb"},"inLanguage":"es","potentialAction":[{"@type":"ReadAction","target":["https:\/\/garageblogec.com\/?p=2139"]}]},{"@type":"ImageObject","inLanguage":"es","@id":"https:\/\/garageblogec.com\/?p=2139#primaryimage","url":"https:\/\/garageblogec.com\/wp-content\/uploads\/2025\/06\/Captura-3.png","contentUrl":"https:\/\/garageblogec.com\/wp-content\/uploads\/2025\/06\/Captura-3.png","width":929,"height":457},{"@type":"BreadcrumbList","@id":"https:\/\/garageblogec.com\/?p=2139#breadcrumb","itemListElement":[{"@type":"ListItem","position":1,"name":"Portada","item":"https:\/\/garageblogec.com\/"},{"@type":"ListItem","position":2,"name":"El piloto que le mete presi\u00f3n a Franco Colapinto en la F\u00f3rmula 1"}]},{"@type":"WebSite","@id":"https:\/\/garageblogec.com\/#website","url":"https:\/\/garageblogec.com\/","name":"Garage Blog Ecuador","description":"Alucinamos por los autos ","publisher":{"@id":"https:\/\/garageblogec.com\/#organization"},"potentialAction":[{"@type":"SearchAction","target":{"@type":"EntryPoint","urlTemplate":"https:\/\/garageblogec.com\/?s={search_term_string}"},"query-input":{"@type":"PropertyValueSpecification","valueRequired":true,"valueName":"search_term_string"}}],"inLanguage":"es"},{"@type":"Organization","@id":"https:\/\/garageblogec.com\/#organization","name":"Garage Blog Ecuador","url":"https:\/\/garageblogec.com\/","logo":{"@type":"ImageObject","inLanguage":"es","@id":"https:\/\/garageblogec.com\/#\/schema\/logo\/image\/","url":"https:\/\/garageblogec.com\/wp-content\/uploads\/2024\/02\/cropped-logo-png-para-blog.webp","contentUrl":"https:\/\/garageblogec.com\/wp-content\/uploads\/2024\/02\/cropped-logo-png-para-blog.webp","width":840,"height":556,"caption":"Garage Blog Ecuador "},"image":{"@id":"https:\/\/garageblogec.com\/#\/schema\/logo\/image\/"}},{"@type":"Person","@id":"https:\/\/garageblogec.com\/#\/schema\/person\/635f4b76c0cb3e43b82fe6f7d8bcceea","name":"gabi1212","image":{"@type":"ImageObject","inLanguage":"es","@id":"https:\/\/secure.gravatar.com\/avatar\/6aa491f45cb359d4d6dd8c430e83f78899c80569c27d21156e19bbdcd31d1811?s=96&d=mm&r=g","url":"https:\/\/secure.gravatar.com\/avatar\/6aa491f45cb359d4d6dd8c430e83f78899c80569c27d21156e19bbdcd31d1811?s=96&d=mm&r=g","contentUrl":"https:\/\/secure.gravatar.com\/avatar\/6aa491f45cb359d4d6dd8c430e83f78899c80569c27d21156e19bbdcd31d1811?s=96&d=mm&r=g","caption":"gabi1212"},"url":"https:\/\/garageblogec.com\/?author=6"}]}},"jetpack_featured_media_url":"https:\/\/garageblogec.com\/wp-content\/uploads\/2025\/06\/Captura-3.png","jetpack_sharing_enabled":true,"_links":{"self":[{"href":"https:\/\/garageblogec.com\/index.php?rest_route=\/wp\/v2\/posts\/2139","targetHints":{"allow":["GET"]}}],"collection":[{"href":"https:\/\/garageblogec.com\/index.php?rest_route=\/wp\/v2\/posts"}],"about":[{"href":"https:\/\/garageblogec.com\/index.php?rest_route=\/wp\/v2\/types\/post"}],"author":[{"embeddable":true,"href":"https:\/\/garageblogec.com\/index.php?rest_route=\/wp\/v2\/users\/6"}],"replies":[{"embeddable":true,"href":"https:\/\/garageblogec.com\/index.php?rest_route=%2Fwp%2Fv2%2Fcomments&post=2139"}],"version-history":[{"count":1,"href":"https:\/\/garageblogec.com\/index.php?rest_route=\/wp\/v2\/posts\/2139\/revisions"}],"predecessor-version":[{"id":2141,"href":"https:\/\/garageblogec.com\/index.php?rest_route=\/wp\/v2\/posts\/2139\/revisions\/2141"}],"wp:featuredmedia":[{"embeddable":true,"href":"https:\/\/garageblogec.com\/index.php?rest_route=\/wp\/v2\/media\/2140"}],"wp:attachment":[{"href":"https:\/\/garageblogec.com\/index.php?rest_route=%2Fwp%2Fv2%2Fmedia&parent=2139"}],"wp:term":[{"taxonomy":"category","embeddable":true,"href":"https:\/\/garageblogec.com\/index.php?rest_route=%2Fwp%2Fv2%2Fcategories&post=2139"},{"taxonomy":"post_tag","embeddable":true,"href":"https:\/\/garageblogec.com\/index.php?rest_route=%2Fwp%2Fv2%2Ftags&post=2139"}],"curies":[{"name":"wp","href":"https:\/\/api.w.org\/{rel}","templated":true}]}}